{"id":957778,"date":"2017-10-26T22:16:52","date_gmt":"2017-10-26T22:16:52","guid":{"rendered":"http:\/\/www.eldigitaldeasturias.com\/noticias\/?p=957778"},"modified":"2017-10-26T22:16:52","modified_gmt":"2017-10-26T22:16:52","slug":"calre-reclamara-a-la-ue-mas-peso-de-las-regiones-para-hacer-frente-a-la-despoblacion-y-el-envejecimiento","status":"publish","type":"post","link":"https:\/\/www.eldigitaldeasturias.com\/noticias\/calre-reclamara-a-la-ue-mas-peso-de-las-regiones-para-hacer-frente-a-la-despoblacion-y-el-envejecimiento\/","title":{"rendered":"CALRE reclamar\u00e1 a la UE m\u00e1s peso de las regiones para hacer frente a la despoblaci\u00f3n y el envejecimiento"},"content":{"rendered":"<p><img loading=\"lazy\" decoding=\"async\" class=\"alignleft size-medium wp-image-956537\" src=\"https:\/\/www.eldigitaldeasturias.com\/noticias\/wp-content\/uploads\/2017\/10\/alzheimer-1703005_960_720-360x240.jpg\" alt=\"\" width=\"360\" height=\"240\" \/>La Conferencia de Asambleas Legislativas Regionales Europeas (CALRE) reclamar\u00e1 \u00abun peso m\u00e1s destacado\u00bb de las autoridades regionales y locales en las pol\u00edticas contra despoblaci\u00f3n de la UE. As\u00ed lo anunci\u00f3 la presidenta de las Cortes de Castilla y Le\u00f3n, Silvia Clemente, coordinadora del Grupo de Trabajo de CALRE sobre Despoblaci\u00f3n y Envejecimiento durante la reuni\u00f3n que se celebra este jueves en Valladolid y en la que tambi\u00e9n pidi\u00f3 que la Uni\u00f3n destine fondos para luchar contra este problema, una vez que en el s\u00e9ptimo informe de la Comisi\u00f3n sobre los avances de las pol\u00edticas de cohesi\u00f3n, publicado este mismo mes de octubre, se considera prioritaria la atenci\u00f3n a las pol\u00edticas demogr\u00e1ficas.<\/p>\n<p>El presidente de la Junta General del Principado, Pedro Sanjurjo, miembro de este Grupo de Trabajo, resalt\u00f3 que la despoblaci\u00f3n y el envejecimiento son problemas comunes en Asturias, Galicia y Castilla y Le\u00f3n, compartidos con buena parte de las regiones europeas, y que no tienen soluciones f\u00e1ciles. \u00abVa a requerir acciones integrales desde los territorios y desde todas las administraciones y, por supuesto, desde el \u00e1mbito europeo\u00bb, dijo.<\/p>\n<p>Pedro Sanjurjo aprovech\u00f3 este marco para referirse al Plan Demogr\u00e1fico presentado ayer por el Gobierno del Principado de Asturias, que, con 260 iniciativas concretas, incluye una dotaci\u00f3n econ\u00f3mica de m\u00e1s de 2.000 millones de euros en los pr\u00f3ximos diez a\u00f1os para, entre otras cuestiones, apoyar a las familias j\u00f3venes, porque \u00abla baja natalidad es una de las claves\u00bb. Seg\u00fan dijo, ante \u00abun problema con una profunda ra\u00edz, que tender\u00e1 a cronificarse si no somos capaces de darle una respuesta contundente\u00bb, son precisas \u00abestrategias compartidas e iniciativas muy plurales\u00bb.<\/p>\n<p>Tanto el presidente del Parlamento de Asturias, como la presidenta de las Cortes de Castilla y Le\u00f3n coincidieron en que se vive un momento clave, ya que Europa se enfrenta al periodo de negociaci\u00f3n de las futuras pol\u00edticas y de su financiaci\u00f3n a partir de 2020, todo ello en un contexto de crisis de identidad europea bajo el tel\u00f3n de fondo del Brexit.<\/p>\n<p>La Comisi\u00f3n Europea abrir\u00e1 a principios de 2018 un periodo de consulta sobre el informe de la Comisi\u00f3n y sobre el futuro de la pol\u00edtica de cohesi\u00f3n, para presentar en mayo una propuesta. Por este motivo, el Grupo de Trabajo de CALRE participar\u00e1 en este periodo de consulta, momento que aprovechar\u00e1 para reclamar una dotaci\u00f3n econ\u00f3mica para las pol\u00edticas demogr\u00e1ficas.<\/p>\n<p>En la Jornada, celebrada en la sede de las Cortes de Castilla y Le\u00f3n, se han analizado medidas relacionadas con la promoci\u00f3n de la actividad productiva y el empleo que contribuyan a fijar poblaci\u00f3n en el medio rural a trav\u00e9s de sectores como la agricultura, ganader\u00eda y agroalimentaci\u00f3n, el sector forestal, el patrimonio cultural y fomento del turismo. En este encuentro han participado tambi\u00e9n representantes de instituciones europeas, como Alison Hunter, directora de la consultora econ\u00f3mica y de pol\u00edtica p\u00fablica (EPPC) y asesora a la UE, que ha abordado el futuro de la pol\u00edtica regional europea posterior a 2020 con especial hincapi\u00e9 en la innovaci\u00f3n regional como elemento fundamental.<\/p>\n","protected":false},"excerpt":{"rendered":"<p>La Conferencia de Asambleas Legislativas Regionales Europeas (CALRE) reclamar\u00e1 \u00abun peso m\u00e1s destacado\u00bb de las autoridades regionales y locales en las pol\u00edticas contra despoblaci\u00f3n de la UE. As\u00ed lo anunci\u00f3 la presidenta de las Cortes de Castilla y Le\u00f3n, Silvia Clemente, coordinadora del Grupo de Trabajo de CALRE sobre Despoblaci\u00f3n y Envejecimiento durante la reuni\u00f3n [&hellip;]<\/p>\n","protected":false},"author":1,"featured_media":956537,"comment_status":"closed","ping_status":"closed","sticky":false,"template":"","format":"standard","meta":{"footnotes":""},"categories":[1],"tags":[],"class_list":["post-957778","post","type-post","status-publish","format-standard","has-post-thumbnail","hentry","category-actualidad"],"aioseo_notices":[],"aioseo_head":"\n\t\t<!-- All in One SEO Pro 5.0.1 - aioseo.com -->\n\t<meta name=\"description\" content=\"La Conferencia de Asambleas Legislativas Regionales Europeas (CALRE) reclamar\u00e1 &quot;un peso m\u00e1s destacado&quot; de las autoridades regionales y locales en las pol\u00edticas contra despoblaci\u00f3n de la UE. As\u00ed lo anunci\u00f3 la presidenta de las Cortes de Castilla y Le\u00f3n, Silvia Clemente, coordinadora del Grupo de Trabajo de CALRE sobre Despoblaci\u00f3n y Envejecimiento durante la reuni\u00f3n\" \/>\n\t<meta name=\"robots\" content=\"max-image-preview:large\" \/>\n\t<meta name=\"author\" content=\"El Digital de Asturias\"\/>\n\t<meta name=\"google-site-verification\" content=\"UA-38556648-1\" \/>\n\t<meta name=\"msvalidate.01\" content=\"7dfe9f3f1b24437ab69f4f2559babe99\" \/>\n\t<meta name=\"keywords\" content=\"actualidad\" \/>\n\t<link rel=\"canonical\" href=\"https:\/\/www.eldigitaldeasturias.com\/noticias\/calre-reclamara-a-la-ue-mas-peso-de-las-regiones-para-hacer-frente-a-la-despoblacion-y-el-envejecimiento\/\" \/>\n\t<meta name=\"generator\" content=\"All in One SEO Pro (AIOSEO) 5.0.1\" \/>\n\t\t<meta property=\"og:locale\" content=\"es_ES\" \/>\n\t\t<meta property=\"og:site_name\" content=\"El Digital de Asturias\" \/>\n\t\t<meta property=\"og:type\" content=\"article\" \/>\n\t\t<meta property=\"og:title\" content=\"CALRE reclamar\u00e1 a la UE m\u00e1s peso de las regiones para hacer frente a la despoblaci\u00f3n y el envejecimiento - El Digital de Asturias\" \/>\n\t\t<meta property=\"og:description\" content=\"La Conferencia de Asambleas Legislativas Regionales Europeas (CALRE) reclamar\u00e1 &quot;un peso m\u00e1s destacado&quot; de las autoridades regionales y locales en las pol\u00edticas contra despoblaci\u00f3n de la UE. As\u00ed lo anunci\u00f3 la presidenta de las Cortes de Castilla y Le\u00f3n, Silvia Clemente, coordinadora del Grupo de Trabajo de CALRE sobre Despoblaci\u00f3n y Envejecimiento durante la reuni\u00f3n\" \/>\n\t\t<meta property=\"og:url\" content=\"https:\/\/www.eldigitaldeasturias.com\/noticias\/calre-reclamara-a-la-ue-mas-peso-de-las-regiones-para-hacer-frente-a-la-despoblacion-y-el-envejecimiento\/\" \/>\n\t\t<meta property=\"article:tag\" content=\"actualidad\" \/>\n\t\t<meta property=\"article:published_time\" content=\"2017-10-26T22:16:52+00:00\" \/>\n\t\t<meta property=\"article:modified_time\" content=\"2017-10-26T22:16:52+00:00\" \/>\n\t\t<meta property=\"article:publisher\" content=\"https:\/\/facebook.com\/eldigitaldeasturias\" \/>\n\t\t<meta name=\"twitter:card\" content=\"summary_large_image\" \/>\n\t\t<meta name=\"twitter:title\" content=\"CALRE reclamar\u00e1 a la UE m\u00e1s peso de las regiones para hacer frente a la despoblaci\u00f3n y el envejecimiento - El Digital de Asturias\" \/>\n\t\t<meta name=\"twitter:description\" content=\"La Conferencia de Asambleas Legislativas Regionales Europeas (CALRE) reclamar\u00e1 &quot;un peso m\u00e1s destacado&quot; de las autoridades regionales y locales en las pol\u00edticas contra despoblaci\u00f3n de la UE. As\u00ed lo anunci\u00f3 la presidenta de las Cortes de Castilla y Le\u00f3n, Silvia Clemente, coordinadora del Grupo de Trabajo de CALRE sobre Despoblaci\u00f3n y Envejecimiento durante la reuni\u00f3n\" \/>\n\t\t<meta name=\"twitter:image\" content=\"https:\/\/www.eldigitaldeasturias.com\/noticias\/wp-content\/uploads\/2020\/12\/EDA-1.jpg\" \/>\n\t\t<meta name=\"twitter:label1\" content=\"Escrito por\" \/>\n\t\t<meta name=\"twitter:data1\" content=\"El Digital de Asturias\" \/>\n\t\t<meta name=\"twitter:label2\" content=\"Tiempo de lectura estimado\" \/>\n\t\t<meta name=\"twitter:data2\" content=\"3 minutos\" \/>\n\t\t<script type=\"application\/ld+json\" class=\"aioseo-schema\">\n\t\t\t{\"@context\":\"https:\\\/\\\/schema.org\",\"@graph\":[{\"@type\":\"BlogPosting\",\"@id\":\"https:\\\/\\\/www.eldigitaldeasturias.com\\\/noticias\\\/calre-reclamara-a-la-ue-mas-peso-de-las-regiones-para-hacer-frente-a-la-despoblacion-y-el-envejecimiento\\\/#blogposting\",\"name\":\"CALRE reclamar\\u00e1 a la UE m\\u00e1s peso de las regiones para hacer frente a la despoblaci\\u00f3n y el envejecimiento - El Digital de Asturias\",\"headline\":\"CALRE reclamar\\u00e1 a la UE m\\u00e1s peso de las regiones para hacer frente a la despoblaci\\u00f3n y el envejecimiento\",\"author\":{\"@id\":\"https:\\\/\\\/www.eldigitaldeasturias.com\\\/noticias\\\/author\\\/admin\\\/#author\"},\"publisher\":{\"@id\":\"https:\\\/\\\/www.eldigitaldeasturias.com\\\/noticias\\\/#organization\"},\"image\":{\"@type\":\"ImageObject\",\"url\":956537},\"datePublished\":\"2017-10-26T22:16:52+02:00\",\"dateModified\":\"2017-10-26T22:16:52+02:00\",\"inLanguage\":\"es-ES\",\"mainEntityOfPage\":{\"@id\":\"https:\\\/\\\/www.eldigitaldeasturias.com\\\/noticias\\\/calre-reclamara-a-la-ue-mas-peso-de-las-regiones-para-hacer-frente-a-la-despoblacion-y-el-envejecimiento\\\/#webpage\"},\"isPartOf\":{\"@id\":\"https:\\\/\\\/www.eldigitaldeasturias.com\\\/noticias\\\/calre-reclamara-a-la-ue-mas-peso-de-las-regiones-para-hacer-frente-a-la-despoblacion-y-el-envejecimiento\\\/#webpage\"},\"articleSection\":\"Actualidad\"},{\"@type\":\"BreadcrumbList\",\"@id\":\"https:\\\/\\\/www.eldigitaldeasturias.com\\\/noticias\\\/calre-reclamara-a-la-ue-mas-peso-de-las-regiones-para-hacer-frente-a-la-despoblacion-y-el-envejecimiento\\\/#breadcrumblist\",\"itemListElement\":[{\"@type\":\"ListItem\",\"@id\":\"https:\\\/\\\/www.eldigitaldeasturias.com\\\/noticias#listItem\",\"position\":1,\"name\":\"Home\",\"item\":\"https:\\\/\\\/www.eldigitaldeasturias.com\\\/noticias\",\"nextItem\":{\"@type\":\"ListItem\",\"@id\":\"https:\\\/\\\/www.eldigitaldeasturias.com\\\/noticias\\\/category\\\/actualidad\\\/#listItem\",\"name\":\"Actualidad\"}},{\"@type\":\"ListItem\",\"@id\":\"https:\\\/\\\/www.eldigitaldeasturias.com\\\/noticias\\\/category\\\/actualidad\\\/#listItem\",\"position\":2,\"name\":\"Actualidad\",\"item\":\"https:\\\/\\\/www.eldigitaldeasturias.com\\\/noticias\\\/category\\\/actualidad\\\/\",\"nextItem\":{\"@type\":\"ListItem\",\"@id\":\"https:\\\/\\\/www.eldigitaldeasturias.com\\\/noticias\\\/calre-reclamara-a-la-ue-mas-peso-de-las-regiones-para-hacer-frente-a-la-despoblacion-y-el-envejecimiento\\\/#listItem\",\"name\":\"CALRE reclamar\\u00e1 a la UE m\\u00e1s peso de las regiones para hacer frente a la despoblaci\\u00f3n y el envejecimiento\"},\"previousItem\":{\"@type\":\"ListItem\",\"@id\":\"https:\\\/\\\/www.eldigitaldeasturias.com\\\/noticias#listItem\",\"name\":\"Home\"}},{\"@type\":\"ListItem\",\"@id\":\"https:\\\/\\\/www.eldigitaldeasturias.com\\\/noticias\\\/calre-reclamara-a-la-ue-mas-peso-de-las-regiones-para-hacer-frente-a-la-despoblacion-y-el-envejecimiento\\\/#listItem\",\"position\":3,\"name\":\"CALRE reclamar\\u00e1 a la UE m\\u00e1s peso de las regiones para hacer frente a la despoblaci\\u00f3n y el envejecimiento\",\"previousItem\":{\"@type\":\"ListItem\",\"@id\":\"https:\\\/\\\/www.eldigitaldeasturias.com\\\/noticias\\\/category\\\/actualidad\\\/#listItem\",\"name\":\"Actualidad\"}}]},{\"@type\":\"Organization\",\"@id\":\"https:\\\/\\\/www.eldigitaldeasturias.com\\\/noticias\\\/#organization\",\"name\":\"El Digital de Asturias\",\"description\":\"Hemeroteca\",\"url\":\"https:\\\/\\\/www.eldigitaldeasturias.com\\\/noticias\\\/\",\"email\":\"info@eldigitaldeasturias.com\",\"telephone\":\"+34652131393\",\"logo\":{\"@type\":\"ImageObject\",\"url\":\"https:\\\/\\\/www.eldigitaldeasturias.com\\\/noticias\\\/wp-content\\\/uploads\\\/2020\\\/12\\\/EDA.jpg\",\"@id\":\"https:\\\/\\\/www.eldigitaldeasturias.com\\\/noticias\\\/calre-reclamara-a-la-ue-mas-peso-de-las-regiones-para-hacer-frente-a-la-despoblacion-y-el-envejecimiento\\\/#organizationLogo\"},\"image\":{\"@id\":\"https:\\\/\\\/www.eldigitaldeasturias.com\\\/noticias\\\/calre-reclamara-a-la-ue-mas-peso-de-las-regiones-para-hacer-frente-a-la-despoblacion-y-el-envejecimiento\\\/#organizationLogo\"},\"sameAs\":[\"https:\\\/\\\/facebook.com\\\/eldigitaldeasturias\",\"https:\\\/\\\/www.youtube.com\\\/channel\\\/UCZP-2wLEB9Rv6erhFmqVnvg\"],\"address\":{\"@id\":\"https:\\\/\\\/www.eldigitaldeasturias.com\\\/noticias\\\/#postaladdress\",\"@type\":\"PostalAddress\",\"streetAddress\":\"san antonio 4\",\"postalCode\":\"33430\",\"addressLocality\":\"Cand\\u00e1s\",\"addressRegion\":\"Asturias\",\"addressCountry\":\"ES\"}},{\"@type\":\"Person\",\"@id\":\"https:\\\/\\\/www.eldigitaldeasturias.com\\\/noticias\\\/author\\\/admin\\\/#author\",\"url\":\"https:\\\/\\\/www.eldigitaldeasturias.com\\\/noticias\\\/author\\\/admin\\\/\",\"name\":\"El Digital de Asturias\",\"image\":{\"@type\":\"ImageObject\",\"@id\":\"https:\\\/\\\/www.eldigitaldeasturias.com\\\/noticias\\\/calre-reclamara-a-la-ue-mas-peso-de-las-regiones-para-hacer-frente-a-la-despoblacion-y-el-envejecimiento\\\/#authorImage\",\"url\":\"https:\\\/\\\/secure.gravatar.com\\\/avatar\\\/df2aeffc32bcd13f8d26072ef8a91b623d677766deac7f97ca815868cd41bf5e?s=96&d=mm&r=g\",\"width\":96,\"height\":96,\"caption\":\"El Digital de Asturias\"}},{\"@type\":\"WebPage\",\"@id\":\"https:\\\/\\\/www.eldigitaldeasturias.com\\\/noticias\\\/calre-reclamara-a-la-ue-mas-peso-de-las-regiones-para-hacer-frente-a-la-despoblacion-y-el-envejecimiento\\\/#webpage\",\"url\":\"https:\\\/\\\/www.eldigitaldeasturias.com\\\/noticias\\\/calre-reclamara-a-la-ue-mas-peso-de-las-regiones-para-hacer-frente-a-la-despoblacion-y-el-envejecimiento\\\/\",\"name\":\"CALRE reclamar\\u00e1 a la UE m\\u00e1s peso de las regiones para hacer frente a la despoblaci\\u00f3n y el envejecimiento - El Digital de Asturias\",\"description\":\"La Conferencia de Asambleas Legislativas Regionales Europeas (CALRE) reclamar\\u00e1 \\\"un peso m\\u00e1s destacado\\\" de las autoridades regionales y locales en las pol\\u00edticas contra despoblaci\\u00f3n de la UE. As\\u00ed lo anunci\\u00f3 la presidenta de las Cortes de Castilla y Le\\u00f3n, Silvia Clemente, coordinadora del Grupo de Trabajo de CALRE sobre Despoblaci\\u00f3n y Envejecimiento durante la reuni\\u00f3n\",\"inLanguage\":\"es-ES\",\"isPartOf\":{\"@id\":\"https:\\\/\\\/www.eldigitaldeasturias.com\\\/noticias\\\/#website\"},\"breadcrumb\":{\"@id\":\"https:\\\/\\\/www.eldigitaldeasturias.com\\\/noticias\\\/calre-reclamara-a-la-ue-mas-peso-de-las-regiones-para-hacer-frente-a-la-despoblacion-y-el-envejecimiento\\\/#breadcrumblist\"},\"author\":{\"@id\":\"https:\\\/\\\/www.eldigitaldeasturias.com\\\/noticias\\\/author\\\/admin\\\/#author\"},\"creator\":{\"@id\":\"https:\\\/\\\/www.eldigitaldeasturias.com\\\/noticias\\\/author\\\/admin\\\/#author\"},\"image\":{\"@type\":\"ImageObject\",\"url\":956537,\"@id\":\"https:\\\/\\\/www.eldigitaldeasturias.com\\\/noticias\\\/calre-reclamara-a-la-ue-mas-peso-de-las-regiones-para-hacer-frente-a-la-despoblacion-y-el-envejecimiento\\\/#mainImage\"},\"primaryImageOfPage\":{\"@id\":\"https:\\\/\\\/www.eldigitaldeasturias.com\\\/noticias\\\/calre-reclamara-a-la-ue-mas-peso-de-las-regiones-para-hacer-frente-a-la-despoblacion-y-el-envejecimiento\\\/#mainImage\"},\"datePublished\":\"2017-10-26T22:16:52+02:00\",\"dateModified\":\"2017-10-26T22:16:52+02:00\"},{\"@type\":\"WebSite\",\"@id\":\"https:\\\/\\\/www.eldigitaldeasturias.com\\\/noticias\\\/#website\",\"url\":\"https:\\\/\\\/www.eldigitaldeasturias.com\\\/noticias\\\/\",\"name\":\"El Digital de Asturias - Diario de actualidad y noticias\",\"alternateName\":\"El Digital de Asturias - Diario de actualidad y noticias\",\"description\":\"Hemeroteca\",\"inLanguage\":\"es-ES\",\"publisher\":{\"@id\":\"https:\\\/\\\/www.eldigitaldeasturias.com\\\/noticias\\\/#organization\"}}]}\n\t\t<\/script>\n\t\t<!-- All in One SEO Pro -->\r\n\t\t<title>CALRE reclamar\u00e1 a la UE m\u00e1s peso de las regiones para hacer frente a la despoblaci\u00f3n y el envejecimiento - El Digital de Asturias<\/title>\n\n","aioseo_head_json":{"title":"CALRE reclamar\u00e1 a la UE m\u00e1s peso de las regiones para hacer frente a la despoblaci\u00f3n y el envejecimiento - El Digital de Asturias","description":"La Conferencia de Asambleas Legislativas Regionales Europeas (CALRE) reclamar\u00e1 \"un peso m\u00e1s destacado\" de las autoridades regionales y locales en las pol\u00edticas contra despoblaci\u00f3n de la UE. As\u00ed lo anunci\u00f3 la presidenta de las Cortes de Castilla y Le\u00f3n, Silvia Clemente, coordinadora del Grupo de Trabajo de CALRE sobre Despoblaci\u00f3n y Envejecimiento durante la reuni\u00f3n","canonical_url":"https:\/\/www.eldigitaldeasturias.com\/noticias\/calre-reclamara-a-la-ue-mas-peso-de-las-regiones-para-hacer-frente-a-la-despoblacion-y-el-envejecimiento\/","robots":"max-image-preview:large","keywords":"actualidad","webmasterTools":{"google-site-verification":"UA-38556648-1","msvalidate.01":"7dfe9f3f1b24437ab69f4f2559babe99","miscellaneous":""},"schema":{"@context":"https:\/\/schema.org","@graph":[{"@type":"BlogPosting","@id":"https:\/\/www.eldigitaldeasturias.com\/noticias\/calre-reclamara-a-la-ue-mas-peso-de-las-regiones-para-hacer-frente-a-la-despoblacion-y-el-envejecimiento\/#blogposting","name":"CALRE reclamar\u00e1 a la UE m\u00e1s peso de las regiones para hacer frente a la despoblaci\u00f3n y el envejecimiento - El Digital de Asturias","headline":"CALRE reclamar\u00e1 a la UE m\u00e1s peso de las regiones para hacer frente a la despoblaci\u00f3n y el envejecimiento","author":{"@id":"https:\/\/www.eldigitaldeasturias.com\/noticias\/author\/admin\/#author"},"publisher":{"@id":"https:\/\/www.eldigitaldeasturias.com\/noticias\/#organization"},"image":{"@type":"ImageObject","url":956537},"datePublished":"2017-10-26T22:16:52+02:00","dateModified":"2017-10-26T22:16:52+02:00","inLanguage":"es-ES","mainEntityOfPage":{"@id":"https:\/\/www.eldigitaldeasturias.com\/noticias\/calre-reclamara-a-la-ue-mas-peso-de-las-regiones-para-hacer-frente-a-la-despoblacion-y-el-envejecimiento\/#webpage"},"isPartOf":{"@id":"https:\/\/www.eldigitaldeasturias.com\/noticias\/calre-reclamara-a-la-ue-mas-peso-de-las-regiones-para-hacer-frente-a-la-despoblacion-y-el-envejecimiento\/#webpage"},"articleSection":"Actualidad"},{"@type":"BreadcrumbList","@id":"https:\/\/www.eldigitaldeasturias.com\/noticias\/calre-reclamara-a-la-ue-mas-peso-de-las-regiones-para-hacer-frente-a-la-despoblacion-y-el-envejecimiento\/#breadcrumblist","itemListElement":[{"@type":"ListItem","@id":"https:\/\/www.eldigitaldeasturias.com\/noticias#listItem","position":1,"name":"Home","item":"https:\/\/www.eldigitaldeasturias.com\/noticias","nextItem":{"@type":"ListItem","@id":"https:\/\/www.eldigitaldeasturias.com\/noticias\/category\/actualidad\/#listItem","name":"Actualidad"}},{"@type":"ListItem","@id":"https:\/\/www.eldigitaldeasturias.com\/noticias\/category\/actualidad\/#listItem","position":2,"name":"Actualidad","item":"https:\/\/www.eldigitaldeasturias.com\/noticias\/category\/actualidad\/","nextItem":{"@type":"ListItem","@id":"https:\/\/www.eldigitaldeasturias.com\/noticias\/calre-reclamara-a-la-ue-mas-peso-de-las-regiones-para-hacer-frente-a-la-despoblacion-y-el-envejecimiento\/#listItem","name":"CALRE reclamar\u00e1 a la UE m\u00e1s peso de las regiones para hacer frente a la despoblaci\u00f3n y el envejecimiento"},"previousItem":{"@type":"ListItem","@id":"https:\/\/www.eldigitaldeasturias.com\/noticias#listItem","name":"Home"}},{"@type":"ListItem","@id":"https:\/\/www.eldigitaldeasturias.com\/noticias\/calre-reclamara-a-la-ue-mas-peso-de-las-regiones-para-hacer-frente-a-la-despoblacion-y-el-envejecimiento\/#listItem","position":3,"name":"CALRE reclamar\u00e1 a la UE m\u00e1s peso de las regiones para hacer frente a la despoblaci\u00f3n y el envejecimiento","previousItem":{"@type":"ListItem","@id":"https:\/\/www.eldigitaldeasturias.com\/noticias\/category\/actualidad\/#listItem","name":"Actualidad"}}]},{"@type":"Organization","@id":"https:\/\/www.eldigitaldeasturias.com\/noticias\/#organization","name":"El Digital de Asturias","description":"Hemeroteca","url":"https:\/\/www.eldigitaldeasturias.com\/noticias\/","email":"info@eldigitaldeasturias.com","telephone":"+34652131393","logo":{"@type":"ImageObject","url":"https:\/\/www.eldigitaldeasturias.com\/noticias\/wp-content\/uploads\/2020\/12\/EDA.jpg","@id":"https:\/\/www.eldigitaldeasturias.com\/noticias\/calre-reclamara-a-la-ue-mas-peso-de-las-regiones-para-hacer-frente-a-la-despoblacion-y-el-envejecimiento\/#organizationLogo"},"image":{"@id":"https:\/\/www.eldigitaldeasturias.com\/noticias\/calre-reclamara-a-la-ue-mas-peso-de-las-regiones-para-hacer-frente-a-la-despoblacion-y-el-envejecimiento\/#organizationLogo"},"sameAs":["https:\/\/facebook.com\/eldigitaldeasturias","https:\/\/www.youtube.com\/channel\/UCZP-2wLEB9Rv6erhFmqVnvg"],"address":{"@id":"https:\/\/www.eldigitaldeasturias.com\/noticias\/#postaladdress","@type":"PostalAddress","streetAddress":"san antonio 4","postalCode":"33430","addressLocality":"Cand\u00e1s","addressRegion":"Asturias","addressCountry":"ES"}},{"@type":"Person","@id":"https:\/\/www.eldigitaldeasturias.com\/noticias\/author\/admin\/#author","url":"https:\/\/www.eldigitaldeasturias.com\/noticias\/author\/admin\/","name":"El Digital de Asturias","image":{"@type":"ImageObject","@id":"https:\/\/www.eldigitaldeasturias.com\/noticias\/calre-reclamara-a-la-ue-mas-peso-de-las-regiones-para-hacer-frente-a-la-despoblacion-y-el-envejecimiento\/#authorImage","url":"https:\/\/secure.gravatar.com\/avatar\/df2aeffc32bcd13f8d26072ef8a91b623d677766deac7f97ca815868cd41bf5e?s=96&d=mm&r=g","width":96,"height":96,"caption":"El Digital de Asturias"}},{"@type":"WebPage","@id":"https:\/\/www.eldigitaldeasturias.com\/noticias\/calre-reclamara-a-la-ue-mas-peso-de-las-regiones-para-hacer-frente-a-la-despoblacion-y-el-envejecimiento\/#webpage","url":"https:\/\/www.eldigitaldeasturias.com\/noticias\/calre-reclamara-a-la-ue-mas-peso-de-las-regiones-para-hacer-frente-a-la-despoblacion-y-el-envejecimiento\/","name":"CALRE reclamar\u00e1 a la UE m\u00e1s peso de las regiones para hacer frente a la despoblaci\u00f3n y el envejecimiento - El Digital de Asturias","description":"La Conferencia de Asambleas Legislativas Regionales Europeas (CALRE) reclamar\u00e1 \"un peso m\u00e1s destacado\" de las autoridades regionales y locales en las pol\u00edticas contra despoblaci\u00f3n de la UE. As\u00ed lo anunci\u00f3 la presidenta de las Cortes de Castilla y Le\u00f3n, Silvia Clemente, coordinadora del Grupo de Trabajo de CALRE sobre Despoblaci\u00f3n y Envejecimiento durante la reuni\u00f3n","inLanguage":"es-ES","isPartOf":{"@id":"https:\/\/www.eldigitaldeasturias.com\/noticias\/#website"},"breadcrumb":{"@id":"https:\/\/www.eldigitaldeasturias.com\/noticias\/calre-reclamara-a-la-ue-mas-peso-de-las-regiones-para-hacer-frente-a-la-despoblacion-y-el-envejecimiento\/#breadcrumblist"},"author":{"@id":"https:\/\/www.eldigitaldeasturias.com\/noticias\/author\/admin\/#author"},"creator":{"@id":"https:\/\/www.eldigitaldeasturias.com\/noticias\/author\/admin\/#author"},"image":{"@type":"ImageObject","url":956537,"@id":"https:\/\/www.eldigitaldeasturias.com\/noticias\/calre-reclamara-a-la-ue-mas-peso-de-las-regiones-para-hacer-frente-a-la-despoblacion-y-el-envejecimiento\/#mainImage"},"primaryImageOfPage":{"@id":"https:\/\/www.eldigitaldeasturias.com\/noticias\/calre-reclamara-a-la-ue-mas-peso-de-las-regiones-para-hacer-frente-a-la-despoblacion-y-el-envejecimiento\/#mainImage"},"datePublished":"2017-10-26T22:16:52+02:00","dateModified":"2017-10-26T22:16:52+02:00"},{"@type":"WebSite","@id":"https:\/\/www.eldigitaldeasturias.com\/noticias\/#website","url":"https:\/\/www.eldigitaldeasturias.com\/noticias\/","name":"El Digital de Asturias - Diario de actualidad y noticias","alternateName":"El Digital de Asturias - Diario de actualidad y noticias","description":"Hemeroteca","inLanguage":"es-ES","publisher":{"@id":"https:\/\/www.eldigitaldeasturias.com\/noticias\/#organization"}}]},"og:locale":"es_ES","og:site_name":"El Digital de Asturias","og:type":"article","og:title":"CALRE reclamar\u00e1 a la UE m\u00e1s peso de las regiones para hacer frente a la despoblaci\u00f3n y el envejecimiento - El Digital de Asturias","og:description":"La Conferencia de Asambleas Legislativas Regionales Europeas (CALRE) reclamar\u00e1 &quot;un peso m\u00e1s destacado&quot; de las autoridades regionales y locales en las pol\u00edticas contra despoblaci\u00f3n de la UE. As\u00ed lo anunci\u00f3 la presidenta de las Cortes de Castilla y Le\u00f3n, Silvia Clemente, coordinadora del Grupo de Trabajo de CALRE sobre Despoblaci\u00f3n y Envejecimiento durante la reuni\u00f3n","og:url":"https:\/\/www.eldigitaldeasturias.com\/noticias\/calre-reclamara-a-la-ue-mas-peso-de-las-regiones-para-hacer-frente-a-la-despoblacion-y-el-envejecimiento\/","article:tag":["actualidad"],"article:published_time":"2017-10-26T22:16:52+00:00","article:modified_time":"2017-10-26T22:16:52+00:00","article:publisher":"https:\/\/facebook.com\/eldigitaldeasturias","twitter:card":"summary_large_image","twitter:title":"CALRE reclamar\u00e1 a la UE m\u00e1s peso de las regiones para hacer frente a la despoblaci\u00f3n y el envejecimiento - El Digital de Asturias","twitter:description":"La Conferencia de Asambleas Legislativas Regionales Europeas (CALRE) reclamar\u00e1 &quot;un peso m\u00e1s destacado&quot; de las autoridades regionales y locales en las pol\u00edticas contra despoblaci\u00f3n de la UE. As\u00ed lo anunci\u00f3 la presidenta de las Cortes de Castilla y Le\u00f3n, Silvia Clemente, coordinadora del Grupo de Trabajo de CALRE sobre Despoblaci\u00f3n y Envejecimiento durante la reuni\u00f3n","twitter:image":"https:\/\/www.eldigitaldeasturias.com\/noticias\/wp-content\/uploads\/2020\/12\/EDA-1.jpg","twitter:label1":"Escrito por","twitter:data1":"El Digital de Asturias","twitter:label2":"Tiempo de lectura estimado","twitter:data2":"3 minutos"},"aioseo_meta_data":{"post_id":"957778","title":null,"description":null,"keywords":null,"keyphrases":null,"primary_term":null,"canonical_url":null,"og_title":null,"og_description":null,"og_object_type":"default","og_image_type":"default","og_image_url":null,"og_image_width":null,"og_image_height":null,"og_image_custom_url":null,"og_image_custom_fields":null,"og_video":null,"og_custom_url":null,"og_article_section":null,"og_article_tags":null,"twitter_use_og":false,"twitter_card":"default","twitter_image_type":"default","twitter_image_url":null,"twitter_image_custom_url":null,"twitter_image_custom_fields":null,"twitter_title":null,"twitter_description":null,"schema":{"blockGraphs":[],"customGraphs":[],"default":{"data":{"Article":[],"Course":[],"Dataset":[],"FAQPage":[],"Movie":[],"Person":[],"Product":[],"ProductReview":[],"Car":[],"Recipe":[],"Service":[],"SoftwareApplication":[],"WebPage":[]},"graphName":"","isEnabled":true},"graphs":[],"defaultGraph":"","defaultPostTypeGraph":""},"schema_type":null,"schema_type_options":null,"pillar_content":false,"robots_default":true,"robots_noindex":false,"robots_noarchive":false,"robots_nosnippet":false,"robots_nofollow":false,"robots_noimageindex":false,"robots_noodp":false,"robots_notranslate":false,"robots_max_snippet":null,"robots_max_videopreview":null,"robots_max_imagepreview":"large","priority":null,"frequency":null,"local_seo":null,"seo_analyzer_scan_date":"2025-12-06 18:44:10","breadcrumb_settings":null,"limit_modified_date":false,"open_ai":null,"ai":null,"created":"2020-12-21 12:54:29","updated":"2025-12-06 18:44:10","focus_keyword":null,"additional_keywords":null,"truseo_locale":null},"aioseo_breadcrumb":"<div class=\"aioseo-breadcrumbs\"><span class=\"aioseo-breadcrumb\">\n\t<a href=\"https:\/\/www.eldigitaldeasturias.com\/noticias\" title=\"Home\">Home<\/a>\n<\/span><span class=\"aioseo-breadcrumb-separator\">\u2013<\/span><span class=\"aioseo-breadcrumb\">\n\t<a href=\"https:\/\/www.eldigitaldeasturias.com\/noticias\/category\/actualidad\/\" title=\"Actualidad\">Actualidad<\/a>\n<\/span><span class=\"aioseo-breadcrumb-separator\">\u2013<\/span><span class=\"aioseo-breadcrumb\">\n\t<a href=\"https:\/\/www.eldigitaldeasturias.com\/noticias\/calre-reclamara-a-la-ue-mas-peso-de-las-regiones-para-hacer-frente-a-la-despoblacion-y-el-envejecimiento\/\" title=\"CALRE reclamar\u00e1 a la UE m\u00e1s peso de las regiones para hacer frente a la despoblaci\u00f3n y el envejecimiento\">CALRE reclamar\u00e1 a la UE m\u00e1s peso de las regiones para hacer frente a la despoblaci\u00f3n y el envejecimiento<\/a>\n<\/span><\/div>","aioseo_breadcrumb_json":[{"label":"Home","link":"https:\/\/www.eldigitaldeasturias.com\/noticias"},{"label":"Actualidad","link":"https:\/\/www.eldigitaldeasturias.com\/noticias\/category\/actualidad\/"},{"label":"CALRE reclamar\u00e1 a la UE m\u00e1s peso de las regiones para hacer frente a la despoblaci\u00f3n y el envejecimiento","link":"https:\/\/www.eldigitaldeasturias.com\/noticias\/calre-reclamara-a-la-ue-mas-peso-de-las-regiones-para-hacer-frente-a-la-despoblacion-y-el-envejecimiento\/"}],"_links":{"self":[{"href":"https:\/\/www.eldigitaldeasturias.com\/noticias\/wp-json\/wp\/v2\/posts\/957778","targetHints":{"allow":["GET"]}}],"collection":[{"href":"https:\/\/www.eldigitaldeasturias.com\/noticias\/wp-json\/wp\/v2\/posts"}],"about":[{"href":"https:\/\/www.eldigitaldeasturias.com\/noticias\/wp-json\/wp\/v2\/types\/post"}],"author":[{"embeddable":true,"href":"https:\/\/www.eldigitaldeasturias.com\/noticias\/wp-json\/wp\/v2\/users\/1"}],"replies":[{"embeddable":true,"href":"https:\/\/www.eldigitaldeasturias.com\/noticias\/wp-json\/wp\/v2\/comments?post=957778"}],"version-history":[{"count":0,"href":"https:\/\/www.eldigitaldeasturias.com\/noticias\/wp-json\/wp\/v2\/posts\/957778\/revisions"}],"wp:attachment":[{"href":"https:\/\/www.eldigitaldeasturias.com\/noticias\/wp-json\/wp\/v2\/media?parent=957778"}],"wp:term":[{"taxonomy":"category","embeddable":true,"href":"https:\/\/www.eldigitaldeasturias.com\/noticias\/wp-json\/wp\/v2\/categories?post=957778"},{"taxonomy":"post_tag","embeddable":true,"href":"https:\/\/www.eldigitaldeasturias.com\/noticias\/wp-json\/wp\/v2\/tags?post=957778"}],"curies":[{"name":"wp","href":"https:\/\/api.w.org\/{rel}","templated":true}]}}