{"id":957769,"date":"2017-10-26T22:10:57","date_gmt":"2017-10-26T22:10:57","guid":{"rendered":"http:\/\/www.eldigitaldeasturias.com\/noticias\/?p=957769"},"modified":"2017-10-26T22:10:57","modified_gmt":"2017-10-26T22:10:57","slug":"el-embajador-de-portugal-agradece-a-espana-su-ayuda-contra-los-incendios","status":"publish","type":"post","link":"https:\/\/www.eldigitaldeasturias.com\/noticias\/el-embajador-de-portugal-agradece-a-espana-su-ayuda-contra-los-incendios\/","title":{"rendered":"El Embajador de Portugal agradece a Espa\u00f1a su ayuda contra los incendios"},"content":{"rendered":"<p><img loading=\"lazy\" decoding=\"async\" class=\"alignleft size-medium wp-image-957770\" src=\"https:\/\/www.eldigitaldeasturias.com\/noticias\/wp-content\/uploads\/2017\/10\/ESPO-360x203.jpg\" alt=\"\" width=\"360\" height=\"203\" \/>El embajador de Portugal en nuestro pa\u00eds, Francisco Ribeiro de Menezes, se ha reunido con el director general de Protecci\u00f3n Civil y Emergencias del Ministerio del Interior, Juan D\u00edaz Cruz, y la directora general de Desarrollo Rural y Pol\u00edtica Forestal del Ministerio de Agricultura y Pesca, Alimentaci\u00f3n y Medio Ambiente (MAPAMA), Esperanza Orellana, para trasladarles el agradecimiento de su pa\u00eds por el apoyo prestado por Espa\u00f1a en la lucha contra los incendios forestales que este a\u00f1o han afectado gravemente al pa\u00eds vecino.<\/p>\n<p>A lo largo de la Campa\u00f1a de verano, han sido numerosas las ocasiones en que los medios espa\u00f1oles, tanto estatales (aviones del MAPAMA y efectivos de la Unidad Militar de Emergencias) como de Comunidades Aut\u00f3nomas, han colaborado en la extinci\u00f3n de los incendios forestales declarados en Portugal.<\/p>\n<p>Ribeiro de Menezes ha destacado la profesionalidad y eficacia de los equipos espa\u00f1oles y ha reiterado su agradecimiento por el esfuerzo realizado ya que las condiciones en Espa\u00f1a tambi\u00e9n han sido muy adversas.<\/p>\n<p>A la reuni\u00f3n, celebrada en la sede de la Direcci\u00f3n General de Protecci\u00f3n Civil y Emergencias, han asistido tambi\u00e9n el oficial de Enlace de la Embajada portuguesa, Maximiano Jorge Henriques, y altos cargos de Protecci\u00f3n Civil<\/p>\n","protected":false},"excerpt":{"rendered":"<p>El embajador de Portugal en nuestro pa\u00eds, Francisco Ribeiro de Menezes, se ha reunido con el director general de Protecci\u00f3n Civil y Emergencias del Ministerio del Interior, Juan D\u00edaz Cruz, y la directora general de Desarrollo Rural y Pol\u00edtica Forestal del Ministerio de Agricultura y Pesca, Alimentaci\u00f3n y Medio Ambiente (MAPAMA), Esperanza Orellana, para trasladarles [&hellip;]<\/p>\n","protected":false},"author":1,"featured_media":957770,"comment_status":"closed","ping_status":"closed","sticky":false,"template":"","format":"standard","meta":{"footnotes":""},"categories":[1],"tags":[],"class_list":["post-957769","post","type-post","status-publish","format-standard","has-post-thumbnail","hentry","category-actualidad"],"aioseo_notices":[],"aioseo_head":"\n\t\t<!-- All in One SEO Pro 5.0.1 - aioseo.com -->\n\t<meta name=\"description\" content=\"El embajador de Portugal en nuestro pa\u00eds, Francisco Ribeiro de Menezes, se ha reunido con el director general de Protecci\u00f3n Civil y Emergencias del Ministerio del Interior, Juan D\u00edaz Cruz, y la directora general de Desarrollo Rural y Pol\u00edtica Forestal del Ministerio de Agricultura y Pesca, Alimentaci\u00f3n y Medio Ambiente (MAPAMA), Esperanza Orellana, para trasladarles\" \/>\n\t<meta name=\"robots\" content=\"max-image-preview:large\" \/>\n\t<meta name=\"author\" content=\"El Digital de Asturias\"\/>\n\t<meta name=\"google-site-verification\" content=\"UA-38556648-1\" \/>\n\t<meta name=\"msvalidate.01\" content=\"7dfe9f3f1b24437ab69f4f2559babe99\" \/>\n\t<meta name=\"keywords\" content=\"actualidad\" \/>\n\t<link rel=\"canonical\" href=\"https:\/\/www.eldigitaldeasturias.com\/noticias\/el-embajador-de-portugal-agradece-a-espana-su-ayuda-contra-los-incendios\/\" \/>\n\t<meta name=\"generator\" content=\"All in One SEO Pro (AIOSEO) 5.0.1\" \/>\n\t\t<meta property=\"og:locale\" content=\"es_ES\" \/>\n\t\t<meta property=\"og:site_name\" content=\"El Digital de Asturias\" \/>\n\t\t<meta property=\"og:type\" content=\"article\" \/>\n\t\t<meta property=\"og:title\" content=\"El Embajador de Portugal agradece a Espa\u00f1a su ayuda contra los incendios - El Digital de Asturias\" \/>\n\t\t<meta property=\"og:description\" content=\"El embajador de Portugal en nuestro pa\u00eds, Francisco Ribeiro de Menezes, se ha reunido con el director general de Protecci\u00f3n Civil y Emergencias del Ministerio del Interior, Juan D\u00edaz Cruz, y la directora general de Desarrollo Rural y Pol\u00edtica Forestal del Ministerio de Agricultura y Pesca, Alimentaci\u00f3n y Medio Ambiente (MAPAMA), Esperanza Orellana, para trasladarles\" \/>\n\t\t<meta property=\"og:url\" content=\"https:\/\/www.eldigitaldeasturias.com\/noticias\/el-embajador-de-portugal-agradece-a-espana-su-ayuda-contra-los-incendios\/\" \/>\n\t\t<meta property=\"article:tag\" content=\"actualidad\" \/>\n\t\t<meta property=\"article:published_time\" content=\"2017-10-26T22:10:57+00:00\" \/>\n\t\t<meta property=\"article:modified_time\" content=\"2017-10-26T22:10:57+00:00\" \/>\n\t\t<meta property=\"article:publisher\" content=\"https:\/\/facebook.com\/eldigitaldeasturias\" \/>\n\t\t<meta name=\"twitter:card\" content=\"summary_large_image\" \/>\n\t\t<meta name=\"twitter:title\" content=\"El Embajador de Portugal agradece a Espa\u00f1a su ayuda contra los incendios - El Digital de Asturias\" \/>\n\t\t<meta name=\"twitter:description\" content=\"El embajador de Portugal en nuestro pa\u00eds, Francisco Ribeiro de Menezes, se ha reunido con el director general de Protecci\u00f3n Civil y Emergencias del Ministerio del Interior, Juan D\u00edaz Cruz, y la directora general de Desarrollo Rural y Pol\u00edtica Forestal del Ministerio de Agricultura y Pesca, Alimentaci\u00f3n y Medio Ambiente (MAPAMA), Esperanza Orellana, para trasladarles\" \/>\n\t\t<meta name=\"twitter:image\" content=\"https:\/\/www.eldigitaldeasturias.com\/noticias\/wp-content\/uploads\/2020\/12\/EDA-1.jpg\" \/>\n\t\t<meta name=\"twitter:label1\" content=\"Escrito por\" \/>\n\t\t<meta name=\"twitter:data1\" content=\"El Digital de Asturias\" \/>\n\t\t<meta name=\"twitter:label2\" content=\"Tiempo de lectura estimado\" \/>\n\t\t<meta name=\"twitter:data2\" content=\"1 minuto\" \/>\n\t\t<script type=\"application\/ld+json\" class=\"aioseo-schema\">\n\t\t\t{\"@context\":\"https:\\\/\\\/schema.org\",\"@graph\":[{\"@type\":\"BlogPosting\",\"@id\":\"https:\\\/\\\/www.eldigitaldeasturias.com\\\/noticias\\\/el-embajador-de-portugal-agradece-a-espana-su-ayuda-contra-los-incendios\\\/#blogposting\",\"name\":\"El Embajador de Portugal agradece a Espa\\u00f1a su ayuda contra los incendios - El Digital de Asturias\",\"headline\":\"El Embajador de Portugal agradece a Espa\\u00f1a su ayuda contra los incendios\",\"author\":{\"@id\":\"https:\\\/\\\/www.eldigitaldeasturias.com\\\/noticias\\\/author\\\/admin\\\/#author\"},\"publisher\":{\"@id\":\"https:\\\/\\\/www.eldigitaldeasturias.com\\\/noticias\\\/#organization\"},\"image\":{\"@type\":\"ImageObject\",\"url\":957770},\"datePublished\":\"2017-10-26T22:10:57+02:00\",\"dateModified\":\"2017-10-26T22:10:57+02:00\",\"inLanguage\":\"es-ES\",\"mainEntityOfPage\":{\"@id\":\"https:\\\/\\\/www.eldigitaldeasturias.com\\\/noticias\\\/el-embajador-de-portugal-agradece-a-espana-su-ayuda-contra-los-incendios\\\/#webpage\"},\"isPartOf\":{\"@id\":\"https:\\\/\\\/www.eldigitaldeasturias.com\\\/noticias\\\/el-embajador-de-portugal-agradece-a-espana-su-ayuda-contra-los-incendios\\\/#webpage\"},\"articleSection\":\"Actualidad\"},{\"@type\":\"BreadcrumbList\",\"@id\":\"https:\\\/\\\/www.eldigitaldeasturias.com\\\/noticias\\\/el-embajador-de-portugal-agradece-a-espana-su-ayuda-contra-los-incendios\\\/#breadcrumblist\",\"itemListElement\":[{\"@type\":\"ListItem\",\"@id\":\"https:\\\/\\\/www.eldigitaldeasturias.com\\\/noticias#listItem\",\"position\":1,\"name\":\"Home\",\"item\":\"https:\\\/\\\/www.eldigitaldeasturias.com\\\/noticias\",\"nextItem\":{\"@type\":\"ListItem\",\"@id\":\"https:\\\/\\\/www.eldigitaldeasturias.com\\\/noticias\\\/category\\\/actualidad\\\/#listItem\",\"name\":\"Actualidad\"}},{\"@type\":\"ListItem\",\"@id\":\"https:\\\/\\\/www.eldigitaldeasturias.com\\\/noticias\\\/category\\\/actualidad\\\/#listItem\",\"position\":2,\"name\":\"Actualidad\",\"item\":\"https:\\\/\\\/www.eldigitaldeasturias.com\\\/noticias\\\/category\\\/actualidad\\\/\",\"nextItem\":{\"@type\":\"ListItem\",\"@id\":\"https:\\\/\\\/www.eldigitaldeasturias.com\\\/noticias\\\/el-embajador-de-portugal-agradece-a-espana-su-ayuda-contra-los-incendios\\\/#listItem\",\"name\":\"El Embajador de Portugal agradece a Espa\\u00f1a su ayuda contra los incendios\"},\"previousItem\":{\"@type\":\"ListItem\",\"@id\":\"https:\\\/\\\/www.eldigitaldeasturias.com\\\/noticias#listItem\",\"name\":\"Home\"}},{\"@type\":\"ListItem\",\"@id\":\"https:\\\/\\\/www.eldigitaldeasturias.com\\\/noticias\\\/el-embajador-de-portugal-agradece-a-espana-su-ayuda-contra-los-incendios\\\/#listItem\",\"position\":3,\"name\":\"El Embajador de Portugal agradece a Espa\\u00f1a su ayuda contra los incendios\",\"previousItem\":{\"@type\":\"ListItem\",\"@id\":\"https:\\\/\\\/www.eldigitaldeasturias.com\\\/noticias\\\/category\\\/actualidad\\\/#listItem\",\"name\":\"Actualidad\"}}]},{\"@type\":\"Organization\",\"@id\":\"https:\\\/\\\/www.eldigitaldeasturias.com\\\/noticias\\\/#organization\",\"name\":\"El Digital de Asturias\",\"description\":\"Hemeroteca\",\"url\":\"https:\\\/\\\/www.eldigitaldeasturias.com\\\/noticias\\\/\",\"email\":\"info@eldigitaldeasturias.com\",\"telephone\":\"+34652131393\",\"logo\":{\"@type\":\"ImageObject\",\"url\":\"https:\\\/\\\/www.eldigitaldeasturias.com\\\/noticias\\\/wp-content\\\/uploads\\\/2020\\\/12\\\/EDA.jpg\",\"@id\":\"https:\\\/\\\/www.eldigitaldeasturias.com\\\/noticias\\\/el-embajador-de-portugal-agradece-a-espana-su-ayuda-contra-los-incendios\\\/#organizationLogo\"},\"image\":{\"@id\":\"https:\\\/\\\/www.eldigitaldeasturias.com\\\/noticias\\\/el-embajador-de-portugal-agradece-a-espana-su-ayuda-contra-los-incendios\\\/#organizationLogo\"},\"sameAs\":[\"https:\\\/\\\/facebook.com\\\/eldigitaldeasturias\",\"https:\\\/\\\/www.youtube.com\\\/channel\\\/UCZP-2wLEB9Rv6erhFmqVnvg\"],\"address\":{\"@id\":\"https:\\\/\\\/www.eldigitaldeasturias.com\\\/noticias\\\/#postaladdress\",\"@type\":\"PostalAddress\",\"streetAddress\":\"san antonio 4\",\"postalCode\":\"33430\",\"addressLocality\":\"Cand\\u00e1s\",\"addressRegion\":\"Asturias\",\"addressCountry\":\"ES\"}},{\"@type\":\"Person\",\"@id\":\"https:\\\/\\\/www.eldigitaldeasturias.com\\\/noticias\\\/author\\\/admin\\\/#author\",\"url\":\"https:\\\/\\\/www.eldigitaldeasturias.com\\\/noticias\\\/author\\\/admin\\\/\",\"name\":\"El Digital de Asturias\",\"image\":{\"@type\":\"ImageObject\",\"@id\":\"https:\\\/\\\/www.eldigitaldeasturias.com\\\/noticias\\\/el-embajador-de-portugal-agradece-a-espana-su-ayuda-contra-los-incendios\\\/#authorImage\",\"url\":\"https:\\\/\\\/secure.gravatar.com\\\/avatar\\\/df2aeffc32bcd13f8d26072ef8a91b623d677766deac7f97ca815868cd41bf5e?s=96&d=mm&r=g\",\"width\":96,\"height\":96,\"caption\":\"El Digital de Asturias\"}},{\"@type\":\"WebPage\",\"@id\":\"https:\\\/\\\/www.eldigitaldeasturias.com\\\/noticias\\\/el-embajador-de-portugal-agradece-a-espana-su-ayuda-contra-los-incendios\\\/#webpage\",\"url\":\"https:\\\/\\\/www.eldigitaldeasturias.com\\\/noticias\\\/el-embajador-de-portugal-agradece-a-espana-su-ayuda-contra-los-incendios\\\/\",\"name\":\"El Embajador de Portugal agradece a Espa\\u00f1a su ayuda contra los incendios - El Digital de Asturias\",\"description\":\"El embajador de Portugal en nuestro pa\\u00eds, Francisco Ribeiro de Menezes, se ha reunido con el director general de Protecci\\u00f3n Civil y Emergencias del Ministerio del Interior, Juan D\\u00edaz Cruz, y la directora general de Desarrollo Rural y Pol\\u00edtica Forestal del Ministerio de Agricultura y Pesca, Alimentaci\\u00f3n y Medio Ambiente (MAPAMA), Esperanza Orellana, para trasladarles\",\"inLanguage\":\"es-ES\",\"isPartOf\":{\"@id\":\"https:\\\/\\\/www.eldigitaldeasturias.com\\\/noticias\\\/#website\"},\"breadcrumb\":{\"@id\":\"https:\\\/\\\/www.eldigitaldeasturias.com\\\/noticias\\\/el-embajador-de-portugal-agradece-a-espana-su-ayuda-contra-los-incendios\\\/#breadcrumblist\"},\"author\":{\"@id\":\"https:\\\/\\\/www.eldigitaldeasturias.com\\\/noticias\\\/author\\\/admin\\\/#author\"},\"creator\":{\"@id\":\"https:\\\/\\\/www.eldigitaldeasturias.com\\\/noticias\\\/author\\\/admin\\\/#author\"},\"image\":{\"@type\":\"ImageObject\",\"url\":957770,\"@id\":\"https:\\\/\\\/www.eldigitaldeasturias.com\\\/noticias\\\/el-embajador-de-portugal-agradece-a-espana-su-ayuda-contra-los-incendios\\\/#mainImage\"},\"primaryImageOfPage\":{\"@id\":\"https:\\\/\\\/www.eldigitaldeasturias.com\\\/noticias\\\/el-embajador-de-portugal-agradece-a-espana-su-ayuda-contra-los-incendios\\\/#mainImage\"},\"datePublished\":\"2017-10-26T22:10:57+02:00\",\"dateModified\":\"2017-10-26T22:10:57+02:00\"},{\"@type\":\"WebSite\",\"@id\":\"https:\\\/\\\/www.eldigitaldeasturias.com\\\/noticias\\\/#website\",\"url\":\"https:\\\/\\\/www.eldigitaldeasturias.com\\\/noticias\\\/\",\"name\":\"El Digital de Asturias - Diario de actualidad y noticias\",\"alternateName\":\"El Digital de Asturias - Diario de actualidad y noticias\",\"description\":\"Hemeroteca\",\"inLanguage\":\"es-ES\",\"publisher\":{\"@id\":\"https:\\\/\\\/www.eldigitaldeasturias.com\\\/noticias\\\/#organization\"}}]}\n\t\t<\/script>\n\t\t<!-- All in One SEO Pro -->\r\n\t\t<title>El Embajador de Portugal agradece a Espa\u00f1a su ayuda contra los incendios - El Digital de Asturias<\/title>\n\n","aioseo_head_json":{"title":"El Embajador de Portugal agradece a Espa\u00f1a su ayuda contra los incendios - El Digital de Asturias","description":"El embajador de Portugal en nuestro pa\u00eds, Francisco Ribeiro de Menezes, se ha reunido con el director general de Protecci\u00f3n Civil y Emergencias del Ministerio del Interior, Juan D\u00edaz Cruz, y la directora general de Desarrollo Rural y Pol\u00edtica Forestal del Ministerio de Agricultura y Pesca, Alimentaci\u00f3n y Medio Ambiente (MAPAMA), Esperanza Orellana, para trasladarles","canonical_url":"https:\/\/www.eldigitaldeasturias.com\/noticias\/el-embajador-de-portugal-agradece-a-espana-su-ayuda-contra-los-incendios\/","robots":"max-image-preview:large","keywords":"actualidad","webmasterTools":{"google-site-verification":"UA-38556648-1","msvalidate.01":"7dfe9f3f1b24437ab69f4f2559babe99","miscellaneous":""},"schema":{"@context":"https:\/\/schema.org","@graph":[{"@type":"BlogPosting","@id":"https:\/\/www.eldigitaldeasturias.com\/noticias\/el-embajador-de-portugal-agradece-a-espana-su-ayuda-contra-los-incendios\/#blogposting","name":"El Embajador de Portugal agradece a Espa\u00f1a su ayuda contra los incendios - El Digital de Asturias","headline":"El Embajador de Portugal agradece a Espa\u00f1a su ayuda contra los incendios","author":{"@id":"https:\/\/www.eldigitaldeasturias.com\/noticias\/author\/admin\/#author"},"publisher":{"@id":"https:\/\/www.eldigitaldeasturias.com\/noticias\/#organization"},"image":{"@type":"ImageObject","url":957770},"datePublished":"2017-10-26T22:10:57+02:00","dateModified":"2017-10-26T22:10:57+02:00","inLanguage":"es-ES","mainEntityOfPage":{"@id":"https:\/\/www.eldigitaldeasturias.com\/noticias\/el-embajador-de-portugal-agradece-a-espana-su-ayuda-contra-los-incendios\/#webpage"},"isPartOf":{"@id":"https:\/\/www.eldigitaldeasturias.com\/noticias\/el-embajador-de-portugal-agradece-a-espana-su-ayuda-contra-los-incendios\/#webpage"},"articleSection":"Actualidad"},{"@type":"BreadcrumbList","@id":"https:\/\/www.eldigitaldeasturias.com\/noticias\/el-embajador-de-portugal-agradece-a-espana-su-ayuda-contra-los-incendios\/#breadcrumblist","itemListElement":[{"@type":"ListItem","@id":"https:\/\/www.eldigitaldeasturias.com\/noticias#listItem","position":1,"name":"Home","item":"https:\/\/www.eldigitaldeasturias.com\/noticias","nextItem":{"@type":"ListItem","@id":"https:\/\/www.eldigitaldeasturias.com\/noticias\/category\/actualidad\/#listItem","name":"Actualidad"}},{"@type":"ListItem","@id":"https:\/\/www.eldigitaldeasturias.com\/noticias\/category\/actualidad\/#listItem","position":2,"name":"Actualidad","item":"https:\/\/www.eldigitaldeasturias.com\/noticias\/category\/actualidad\/","nextItem":{"@type":"ListItem","@id":"https:\/\/www.eldigitaldeasturias.com\/noticias\/el-embajador-de-portugal-agradece-a-espana-su-ayuda-contra-los-incendios\/#listItem","name":"El Embajador de Portugal agradece a Espa\u00f1a su ayuda contra los incendios"},"previousItem":{"@type":"ListItem","@id":"https:\/\/www.eldigitaldeasturias.com\/noticias#listItem","name":"Home"}},{"@type":"ListItem","@id":"https:\/\/www.eldigitaldeasturias.com\/noticias\/el-embajador-de-portugal-agradece-a-espana-su-ayuda-contra-los-incendios\/#listItem","position":3,"name":"El Embajador de Portugal agradece a Espa\u00f1a su ayuda contra los incendios","previousItem":{"@type":"ListItem","@id":"https:\/\/www.eldigitaldeasturias.com\/noticias\/category\/actualidad\/#listItem","name":"Actualidad"}}]},{"@type":"Organization","@id":"https:\/\/www.eldigitaldeasturias.com\/noticias\/#organization","name":"El Digital de Asturias","description":"Hemeroteca","url":"https:\/\/www.eldigitaldeasturias.com\/noticias\/","email":"info@eldigitaldeasturias.com","telephone":"+34652131393","logo":{"@type":"ImageObject","url":"https:\/\/www.eldigitaldeasturias.com\/noticias\/wp-content\/uploads\/2020\/12\/EDA.jpg","@id":"https:\/\/www.eldigitaldeasturias.com\/noticias\/el-embajador-de-portugal-agradece-a-espana-su-ayuda-contra-los-incendios\/#organizationLogo"},"image":{"@id":"https:\/\/www.eldigitaldeasturias.com\/noticias\/el-embajador-de-portugal-agradece-a-espana-su-ayuda-contra-los-incendios\/#organizationLogo"},"sameAs":["https:\/\/facebook.com\/eldigitaldeasturias","https:\/\/www.youtube.com\/channel\/UCZP-2wLEB9Rv6erhFmqVnvg"],"address":{"@id":"https:\/\/www.eldigitaldeasturias.com\/noticias\/#postaladdress","@type":"PostalAddress","streetAddress":"san antonio 4","postalCode":"33430","addressLocality":"Cand\u00e1s","addressRegion":"Asturias","addressCountry":"ES"}},{"@type":"Person","@id":"https:\/\/www.eldigitaldeasturias.com\/noticias\/author\/admin\/#author","url":"https:\/\/www.eldigitaldeasturias.com\/noticias\/author\/admin\/","name":"El Digital de Asturias","image":{"@type":"ImageObject","@id":"https:\/\/www.eldigitaldeasturias.com\/noticias\/el-embajador-de-portugal-agradece-a-espana-su-ayuda-contra-los-incendios\/#authorImage","url":"https:\/\/secure.gravatar.com\/avatar\/df2aeffc32bcd13f8d26072ef8a91b623d677766deac7f97ca815868cd41bf5e?s=96&d=mm&r=g","width":96,"height":96,"caption":"El Digital de Asturias"}},{"@type":"WebPage","@id":"https:\/\/www.eldigitaldeasturias.com\/noticias\/el-embajador-de-portugal-agradece-a-espana-su-ayuda-contra-los-incendios\/#webpage","url":"https:\/\/www.eldigitaldeasturias.com\/noticias\/el-embajador-de-portugal-agradece-a-espana-su-ayuda-contra-los-incendios\/","name":"El Embajador de Portugal agradece a Espa\u00f1a su ayuda contra los incendios - El Digital de Asturias","description":"El embajador de Portugal en nuestro pa\u00eds, Francisco Ribeiro de Menezes, se ha reunido con el director general de Protecci\u00f3n Civil y Emergencias del Ministerio del Interior, Juan D\u00edaz Cruz, y la directora general de Desarrollo Rural y Pol\u00edtica Forestal del Ministerio de Agricultura y Pesca, Alimentaci\u00f3n y Medio Ambiente (MAPAMA), Esperanza Orellana, para trasladarles","inLanguage":"es-ES","isPartOf":{"@id":"https:\/\/www.eldigitaldeasturias.com\/noticias\/#website"},"breadcrumb":{"@id":"https:\/\/www.eldigitaldeasturias.com\/noticias\/el-embajador-de-portugal-agradece-a-espana-su-ayuda-contra-los-incendios\/#breadcrumblist"},"author":{"@id":"https:\/\/www.eldigitaldeasturias.com\/noticias\/author\/admin\/#author"},"creator":{"@id":"https:\/\/www.eldigitaldeasturias.com\/noticias\/author\/admin\/#author"},"image":{"@type":"ImageObject","url":957770,"@id":"https:\/\/www.eldigitaldeasturias.com\/noticias\/el-embajador-de-portugal-agradece-a-espana-su-ayuda-contra-los-incendios\/#mainImage"},"primaryImageOfPage":{"@id":"https:\/\/www.eldigitaldeasturias.com\/noticias\/el-embajador-de-portugal-agradece-a-espana-su-ayuda-contra-los-incendios\/#mainImage"},"datePublished":"2017-10-26T22:10:57+02:00","dateModified":"2017-10-26T22:10:57+02:00"},{"@type":"WebSite","@id":"https:\/\/www.eldigitaldeasturias.com\/noticias\/#website","url":"https:\/\/www.eldigitaldeasturias.com\/noticias\/","name":"El Digital de Asturias - Diario de actualidad y noticias","alternateName":"El Digital de Asturias - Diario de actualidad y noticias","description":"Hemeroteca","inLanguage":"es-ES","publisher":{"@id":"https:\/\/www.eldigitaldeasturias.com\/noticias\/#organization"}}]},"og:locale":"es_ES","og:site_name":"El Digital de Asturias","og:type":"article","og:title":"El Embajador de Portugal agradece a Espa\u00f1a su ayuda contra los incendios - El Digital de Asturias","og:description":"El embajador de Portugal en nuestro pa\u00eds, Francisco Ribeiro de Menezes, se ha reunido con el director general de Protecci\u00f3n Civil y Emergencias del Ministerio del Interior, Juan D\u00edaz Cruz, y la directora general de Desarrollo Rural y Pol\u00edtica Forestal del Ministerio de Agricultura y Pesca, Alimentaci\u00f3n y Medio Ambiente (MAPAMA), Esperanza Orellana, para trasladarles","og:url":"https:\/\/www.eldigitaldeasturias.com\/noticias\/el-embajador-de-portugal-agradece-a-espana-su-ayuda-contra-los-incendios\/","article:tag":["actualidad"],"article:published_time":"2017-10-26T22:10:57+00:00","article:modified_time":"2017-10-26T22:10:57+00:00","article:publisher":"https:\/\/facebook.com\/eldigitaldeasturias","twitter:card":"summary_large_image","twitter:title":"El Embajador de Portugal agradece a Espa\u00f1a su ayuda contra los incendios - El Digital de Asturias","twitter:description":"El embajador de Portugal en nuestro pa\u00eds, Francisco Ribeiro de Menezes, se ha reunido con el director general de Protecci\u00f3n Civil y Emergencias del Ministerio del Interior, Juan D\u00edaz Cruz, y la directora general de Desarrollo Rural y Pol\u00edtica Forestal del Ministerio de Agricultura y Pesca, Alimentaci\u00f3n y Medio Ambiente (MAPAMA), Esperanza Orellana, para trasladarles","twitter:image":"https:\/\/www.eldigitaldeasturias.com\/noticias\/wp-content\/uploads\/2020\/12\/EDA-1.jpg","twitter:label1":"Escrito por","twitter:data1":"El Digital de Asturias","twitter:label2":"Tiempo de lectura estimado","twitter:data2":"1 minuto"},"aioseo_meta_data":{"post_id":"957769","title":null,"description":null,"keywords":null,"keyphrases":null,"primary_term":null,"canonical_url":null,"og_title":null,"og_description":null,"og_object_type":"default","og_image_type":"default","og_image_url":null,"og_image_width":null,"og_image_height":null,"og_image_custom_url":null,"og_image_custom_fields":null,"og_video":null,"og_custom_url":null,"og_article_section":null,"og_article_tags":null,"twitter_use_og":false,"twitter_card":"default","twitter_image_type":"default","twitter_image_url":null,"twitter_image_custom_url":null,"twitter_image_custom_fields":null,"twitter_title":null,"twitter_description":null,"schema":{"blockGraphs":[],"customGraphs":[],"default":{"data":{"Article":[],"Course":[],"Dataset":[],"FAQPage":[],"Movie":[],"Person":[],"Product":[],"ProductReview":[],"Car":[],"Recipe":[],"Service":[],"SoftwareApplication":[],"WebPage":[]},"graphName":"","isEnabled":true},"graphs":[],"defaultGraph":"","defaultPostTypeGraph":""},"schema_type":null,"schema_type_options":null,"pillar_content":false,"robots_default":true,"robots_noindex":false,"robots_noarchive":false,"robots_nosnippet":false,"robots_nofollow":false,"robots_noimageindex":false,"robots_noodp":false,"robots_notranslate":false,"robots_max_snippet":null,"robots_max_videopreview":null,"robots_max_imagepreview":"large","priority":null,"frequency":null,"local_seo":null,"seo_analyzer_scan_date":"2025-12-06 18:42:07","breadcrumb_settings":null,"limit_modified_date":false,"open_ai":null,"ai":null,"created":"2020-12-21 12:54:29","updated":"2025-12-06 18:42:07","focus_keyword":null,"additional_keywords":null,"truseo_locale":null},"aioseo_breadcrumb":"<div class=\"aioseo-breadcrumbs\"><span class=\"aioseo-breadcrumb\">\n\t<a href=\"https:\/\/www.eldigitaldeasturias.com\/noticias\" title=\"Home\">Home<\/a>\n<\/span><span class=\"aioseo-breadcrumb-separator\">\u2013<\/span><span class=\"aioseo-breadcrumb\">\n\t<a href=\"https:\/\/www.eldigitaldeasturias.com\/noticias\/category\/actualidad\/\" title=\"Actualidad\">Actualidad<\/a>\n<\/span><span class=\"aioseo-breadcrumb-separator\">\u2013<\/span><span class=\"aioseo-breadcrumb\">\n\t<a href=\"https:\/\/www.eldigitaldeasturias.com\/noticias\/el-embajador-de-portugal-agradece-a-espana-su-ayuda-contra-los-incendios\/\" title=\"El Embajador de Portugal agradece a Espa\u00f1a su ayuda contra los incendios\">El Embajador de Portugal agradece a Espa\u00f1a su ayuda contra los incendios<\/a>\n<\/span><\/div>","aioseo_breadcrumb_json":[{"label":"Home","link":"https:\/\/www.eldigitaldeasturias.com\/noticias"},{"label":"Actualidad","link":"https:\/\/www.eldigitaldeasturias.com\/noticias\/category\/actualidad\/"},{"label":"El Embajador de Portugal agradece a Espa\u00f1a su ayuda contra los incendios","link":"https:\/\/www.eldigitaldeasturias.com\/noticias\/el-embajador-de-portugal-agradece-a-espana-su-ayuda-contra-los-incendios\/"}],"_links":{"self":[{"href":"https:\/\/www.eldigitaldeasturias.com\/noticias\/wp-json\/wp\/v2\/posts\/957769","targetHints":{"allow":["GET"]}}],"collection":[{"href":"https:\/\/www.eldigitaldeasturias.com\/noticias\/wp-json\/wp\/v2\/posts"}],"about":[{"href":"https:\/\/www.eldigitaldeasturias.com\/noticias\/wp-json\/wp\/v2\/types\/post"}],"author":[{"embeddable":true,"href":"https:\/\/www.eldigitaldeasturias.com\/noticias\/wp-json\/wp\/v2\/users\/1"}],"replies":[{"embeddable":true,"href":"https:\/\/www.eldigitaldeasturias.com\/noticias\/wp-json\/wp\/v2\/comments?post=957769"}],"version-history":[{"count":0,"href":"https:\/\/www.eldigitaldeasturias.com\/noticias\/wp-json\/wp\/v2\/posts\/957769\/revisions"}],"wp:attachment":[{"href":"https:\/\/www.eldigitaldeasturias.com\/noticias\/wp-json\/wp\/v2\/media?parent=957769"}],"wp:term":[{"taxonomy":"category","embeddable":true,"href":"https:\/\/www.eldigitaldeasturias.com\/noticias\/wp-json\/wp\/v2\/categories?post=957769"},{"taxonomy":"post_tag","embeddable":true,"href":"https:\/\/www.eldigitaldeasturias.com\/noticias\/wp-json\/wp\/v2\/tags?post=957769"}],"curies":[{"name":"wp","href":"https:\/\/api.w.org\/{rel}","templated":true}]}}