{"id":957752,"date":"2017-10-26T20:48:05","date_gmt":"2017-10-26T20:48:05","guid":{"rendered":"http:\/\/www.eldigitaldeasturias.com\/noticias\/?p=957752"},"modified":"2017-10-26T20:48:05","modified_gmt":"2017-10-26T20:48:05","slug":"vox-crece-y-su-mensaje-conecta-con-la-sociedad","status":"publish","type":"post","link":"https:\/\/www.eldigitaldeasturias.com\/noticias\/vox-crece-y-su-mensaje-conecta-con-la-sociedad\/","title":{"rendered":"VOX crece y su mensaje conecta con la sociedad"},"content":{"rendered":"<p><img loading=\"lazy\" decoding=\"async\" class=\"alignleft size-medium wp-image-957753\" src=\"https:\/\/www.eldigitaldeasturias.com\/noticias\/wp-content\/uploads\/2017\/10\/VOX2-360x270.jpg\" alt=\"\" width=\"360\" height=\"270\" \/>M\u00e1laga ha acogido esta tarde la conferencia \u201cEl futuro de Espa\u00f1a\u201d, impartida por Jos\u00e9 Antonio Ortega Lara, fundador de VOX, Santiago Abascal, presidente de la formaci\u00f3n, y Jos\u00e9 Enrique Lara, presidente de VOX M\u00e1laga, en el Colegio de M\u00e9dicos de la localidad.<\/p>\n<p>Jos\u00e9 Antonio Ortega Lara ha comenzado su intervenci\u00f3n destacando la labor de estos d\u00edas de la Polic\u00eda y la Guardia Civil en Catalu\u00f1a: \u201cNo est\u00e1n solos, estamos con ellos desde la lejan\u00eda\u201d; y ha alabado su compromiso con Espa\u00f1a: \u201cHacen cumplir la ley y garantizan la democracia\u201d.<\/p>\n<p>Ortega Lara ha explicado que en VOX \u00faltimamente \u201cnos duele Espa\u00f1a\u201d, una Espa\u00f1a de la que \u201cno somos due\u00f1os\u201d y de la que no podemos \u201cni dividirla ni expoliarla como est\u00e1n haciendo algunos\u201d, sino que \u201ctenemos la obligaci\u00f3n de cuidarla y transmitirla intacta a nuestras futuras generaciones\u201d.<\/p>\n<p>Ortega Lara ha analizado la amenaza separatista como un riesgo para \u201cla unidad de Espa\u00f1a\u201d, uno de \u201cnuestros pilares esenciales\u201d, y ha recordado que \u201cen VOX siempre hemos tenido una visi\u00f3n clara de lo que iba a pasar y por eso hemos insistido en nuestras medidas desde hace tiempo\u201d \u2013como la aplicaci\u00f3n del art\u00edculo 155 y la recuperaci\u00f3n de competencias por parte del Estado\u2013. \u201cPor ello nos han llamado fachas, radicales, locos\u2026 tanto pol\u00edticos como algunos medios de comunicaci\u00f3n. El tiempo nos ha dado la raz\u00f3n\u201d.<\/p>\n<p>Ortega Lara ha citado al malague\u00f1o C\u00e1novas del Castillo para analizar la situaci\u00f3n en Catalu\u00f1a. \u201cLa libertad sin una autoridad fuerte e inc\u00f3lume, no es libertad al cabo de poco tiempo, sino anarqu\u00eda\u201d algo que se deslumbra si no se hace nada \u201cen el futuro de Espa\u00f1a y concretamente en Catalu\u00f1a\u201d.<\/p>\n<p>Ortega Lara ha se\u00f1alado que \u201cSer de VOX hasta ahora es como ser cristiano en Siria, requer\u00eda fe, coraje y compromiso con Espa\u00f1a\u201d y ha advertido que la tarea de VOX \u201cva a ser cada vez m\u00e1s dif\u00edcil porque el establishment no va a permitir una competencia\u201d.<\/p>\n<p>Ortega Lara ha concluido afirmando que \u201ceste es un momento hist\u00f3rico que requiere certeza, compromiso con Espa\u00f1a y defensa de los intereses generales por encima de cualquier otro beneficio. Este compromiso lo llevamos en VOX desde el principio, nosotros no hemos cambiado nuestro discurso en ning\u00fan sitio, no pensando en c\u00e1lculos a corto plazos sino en un proyecto com\u00fan a largo plazo que se llama Espa\u00f1a. Espa\u00f1a para nosotros es una gran pasi\u00f3n cuya finalidad \u00faltima es dejar una Espa\u00f1a mejor a nuestros hijos y nuestros nietos\u201d.<\/p>\n<p>Santiago Abascal, por su parte, ha comenzado su intervenci\u00f3n confesando su asombro por el \u00e9xito de la convocatoria, ante una sala con m\u00e1s de 500 asistentes: \u201cHemos venido otras veces a M\u00e1laga y no hab\u00eda ni una cuarta parte de lo que hay ahora. Somos conscientes de que algo est\u00e1 pasando\u201d.<\/p>\n<p>Y ha destacado la perseverancia de VOX en su discurso \u201cLlevamos desde el principio diciendo las mismas cosas, con la misma claridad, nos sentimos como los dem\u00e1s cuando nos dirigimos a nuestros amigos y familias\u201d y ha apelado varias veces al p\u00fablico afirmando que \u201ccontamos con todos vosotros para defender la unidad y su soberan\u00eda que es lo que est\u00e1 en juego ahora mismo\u201d.<\/p>\n<p>Con respecto al refer\u00e9ndum ilegal celebrado el 1 de octubre en Catalu\u00f1a, Santiago Abascal ha afirmado que \u201cni una parte ni todos los espa\u00f1oles tenemos el derecho a decid en pocas horas de un domingo sobre el legado que hemos recibido\u201d y ha se\u00f1alado el principal problema de Espa\u00f1a: \u201cLas autonom\u00edas hay que plantearlas como un problema\u201d. Como consecuencia de haber cedido competencias como las de Educaci\u00f3n \u201chay una parte de la poblaci\u00f3n que odia a Espa\u00f1a y sienten a Espa\u00f1a como algo ajeno\u201d.<\/p>\n<p>Santiago Abascal ha explicado las querellas iniciadas por VOX para frenar a los golpistas y ha sentenciado que \u201clas c\u00e1rceles est\u00e1n llenas de personas m\u00e1s inocentes que los golpistas de Catalu\u00f1a\u201d.<\/p>\n<p>En cuento a la actuaci\u00f3n del Guardia Civil y la Polic\u00eda Nacional en Catalu\u00f1a, Santiago Abascal ha alabado \u201cla labor de los mejores hombres y mujeres de Espa\u00f1a por defender la bandera de la legalidad\u201d y ha se\u00f1alado que \u201cla respuesta del Gobierno esos d\u00edas ha sido injustificada por escasa\u201d.<\/p>\n<p>Con respecto a la aplicaci\u00f3n del art\u00edculo 155 de la Constituci\u00f3n, Santiago Abacal ha afirmado que \u201cEl 155 no debe ser utilizado para convocar elecciones sino para reinstaurar la legalidad\u201d y ha reconocido problema generado por los separatistas catalanes ser\u00e1 una tarea larga y dura porque \u201cNo se puede reinstaurar en tres meses ni un a\u00f1o lo que han estropeado durante 30 a\u00f1os\u201d<\/p>\n<p>El presidente de VOX ha destacado el papel del Rey con respecto a la crisis catalana \u201cSu Majestad Felipe VI se ha ganado hasta el respeto de republicanos patriotas. Ha sido el m\u00e1s contundente y el que m\u00e1s ha exigido a las instituciones que se aplique la Ley y la Constituci\u00f3n\u201d. \u201cA los espa\u00f1oles y al Rey nos dejar\u00e1n solos si se dialoga con los golpistas\u201d<\/p>\n<p>Finalmente, Santiago Abascal ha se\u00f1alado que \u201cPodemos ha pinchado en el nervio del orgullo de ser espa\u00f1oles de los ciudadanos\u201d, algo que se demuestra en los balcones: \u201cNunca hab\u00edamos tantas banderas en los Espa\u00f1a. Se dijo que hasta el 12 de octubre y vemos que nadie quita la bandera porque saben que esto no hay terminado y las quitar\u00e1n o porque nos hemos rendido o porque hemos triunfado\u201d.<\/p>\n<p>Esta conferencia se enmarca en un ciclo de actos que est\u00e1n realizando Jos\u00e9 Antonio Ortega Lara y Santiago Abascal por ciudades de toda Espa\u00f1a para analizar el futuro de Espa\u00f1a y explicar el proyecto de VOX, que tiene como fin que \u201cgrandeza\u201d sea la palabra que defina \u201cel porvenir de nuestra Naci\u00f3n\u201d.<\/p>\n","protected":false},"excerpt":{"rendered":"<p>M\u00e1laga ha acogido esta tarde la conferencia \u201cEl futuro de Espa\u00f1a\u201d, impartida por Jos\u00e9 Antonio Ortega Lara, fundador de VOX, Santiago Abascal, presidente de la formaci\u00f3n, y Jos\u00e9 Enrique Lara, presidente de VOX M\u00e1laga, en el Colegio de M\u00e9dicos de la localidad. Jos\u00e9 Antonio Ortega Lara ha comenzado su intervenci\u00f3n destacando la labor de estos [&hellip;]<\/p>\n","protected":false},"author":1,"featured_media":957753,"comment_status":"closed","ping_status":"closed","sticky":false,"template":"","format":"standard","meta":{"footnotes":""},"categories":[1],"tags":[],"class_list":["post-957752","post","type-post","status-publish","format-standard","has-post-thumbnail","hentry","category-actualidad"],"aioseo_notices":[],"aioseo_head":"\n\t\t<!-- All in One SEO Pro 5.0.1 - aioseo.com -->\n\t<meta name=\"description\" content=\"M\u00e1laga ha acogido esta tarde la conferencia \u201cEl futuro de Espa\u00f1a\u201d, impartida por Jos\u00e9 Antonio Ortega Lara, fundador de VOX, Santiago Abascal, presidente de la formaci\u00f3n, y Jos\u00e9 Enrique Lara, presidente de VOX M\u00e1laga, en el Colegio de M\u00e9dicos de la localidad. Jos\u00e9 Antonio Ortega Lara ha comenzado su intervenci\u00f3n destacando la labor de estos\" \/>\n\t<meta name=\"robots\" content=\"max-image-preview:large\" \/>\n\t<meta name=\"author\" content=\"El Digital de Asturias\"\/>\n\t<meta name=\"google-site-verification\" content=\"UA-38556648-1\" \/>\n\t<meta name=\"msvalidate.01\" content=\"7dfe9f3f1b24437ab69f4f2559babe99\" \/>\n\t<meta name=\"keywords\" content=\"actualidad\" \/>\n\t<link rel=\"canonical\" href=\"https:\/\/www.eldigitaldeasturias.com\/noticias\/vox-crece-y-su-mensaje-conecta-con-la-sociedad\/\" \/>\n\t<meta name=\"generator\" content=\"All in One SEO Pro (AIOSEO) 5.0.1\" \/>\n\t\t<meta property=\"og:locale\" content=\"es_ES\" \/>\n\t\t<meta property=\"og:site_name\" content=\"El Digital de Asturias\" \/>\n\t\t<meta property=\"og:type\" content=\"article\" \/>\n\t\t<meta property=\"og:title\" content=\"VOX crece y su mensaje conecta con la sociedad - El Digital de Asturias\" \/>\n\t\t<meta property=\"og:description\" content=\"M\u00e1laga ha acogido esta tarde la conferencia \u201cEl futuro de Espa\u00f1a\u201d, impartida por Jos\u00e9 Antonio Ortega Lara, fundador de VOX, Santiago Abascal, presidente de la formaci\u00f3n, y Jos\u00e9 Enrique Lara, presidente de VOX M\u00e1laga, en el Colegio de M\u00e9dicos de la localidad. Jos\u00e9 Antonio Ortega Lara ha comenzado su intervenci\u00f3n destacando la labor de estos\" \/>\n\t\t<meta property=\"og:url\" content=\"https:\/\/www.eldigitaldeasturias.com\/noticias\/vox-crece-y-su-mensaje-conecta-con-la-sociedad\/\" \/>\n\t\t<meta property=\"article:tag\" content=\"actualidad\" \/>\n\t\t<meta property=\"article:published_time\" content=\"2017-10-26T20:48:05+00:00\" \/>\n\t\t<meta property=\"article:modified_time\" content=\"2017-10-26T20:48:05+00:00\" \/>\n\t\t<meta property=\"article:publisher\" content=\"https:\/\/facebook.com\/eldigitaldeasturias\" \/>\n\t\t<meta name=\"twitter:card\" content=\"summary_large_image\" \/>\n\t\t<meta name=\"twitter:title\" content=\"VOX crece y su mensaje conecta con la sociedad - El Digital de Asturias\" \/>\n\t\t<meta name=\"twitter:description\" content=\"M\u00e1laga ha acogido esta tarde la conferencia \u201cEl futuro de Espa\u00f1a\u201d, impartida por Jos\u00e9 Antonio Ortega Lara, fundador de VOX, Santiago Abascal, presidente de la formaci\u00f3n, y Jos\u00e9 Enrique Lara, presidente de VOX M\u00e1laga, en el Colegio de M\u00e9dicos de la localidad. Jos\u00e9 Antonio Ortega Lara ha comenzado su intervenci\u00f3n destacando la labor de estos\" \/>\n\t\t<meta name=\"twitter:image\" content=\"https:\/\/www.eldigitaldeasturias.com\/noticias\/wp-content\/uploads\/2020\/12\/EDA-1.jpg\" \/>\n\t\t<meta name=\"twitter:label1\" content=\"Escrito por\" \/>\n\t\t<meta name=\"twitter:data1\" content=\"El Digital de Asturias\" \/>\n\t\t<meta name=\"twitter:label2\" content=\"Tiempo de lectura estimado\" \/>\n\t\t<meta name=\"twitter:data2\" content=\"5 minutos\" \/>\n\t\t<script type=\"application\/ld+json\" class=\"aioseo-schema\">\n\t\t\t{\"@context\":\"https:\\\/\\\/schema.org\",\"@graph\":[{\"@type\":\"BlogPosting\",\"@id\":\"https:\\\/\\\/www.eldigitaldeasturias.com\\\/noticias\\\/vox-crece-y-su-mensaje-conecta-con-la-sociedad\\\/#blogposting\",\"name\":\"VOX crece y su mensaje conecta con la sociedad - El Digital de Asturias\",\"headline\":\"VOX crece y su mensaje conecta con la sociedad\",\"author\":{\"@id\":\"https:\\\/\\\/www.eldigitaldeasturias.com\\\/noticias\\\/author\\\/admin\\\/#author\"},\"publisher\":{\"@id\":\"https:\\\/\\\/www.eldigitaldeasturias.com\\\/noticias\\\/#organization\"},\"image\":{\"@type\":\"ImageObject\",\"url\":957753},\"datePublished\":\"2017-10-26T20:48:05+02:00\",\"dateModified\":\"2017-10-26T20:48:05+02:00\",\"inLanguage\":\"es-ES\",\"mainEntityOfPage\":{\"@id\":\"https:\\\/\\\/www.eldigitaldeasturias.com\\\/noticias\\\/vox-crece-y-su-mensaje-conecta-con-la-sociedad\\\/#webpage\"},\"isPartOf\":{\"@id\":\"https:\\\/\\\/www.eldigitaldeasturias.com\\\/noticias\\\/vox-crece-y-su-mensaje-conecta-con-la-sociedad\\\/#webpage\"},\"articleSection\":\"Actualidad\"},{\"@type\":\"BreadcrumbList\",\"@id\":\"https:\\\/\\\/www.eldigitaldeasturias.com\\\/noticias\\\/vox-crece-y-su-mensaje-conecta-con-la-sociedad\\\/#breadcrumblist\",\"itemListElement\":[{\"@type\":\"ListItem\",\"@id\":\"https:\\\/\\\/www.eldigitaldeasturias.com\\\/noticias#listItem\",\"position\":1,\"name\":\"Home\",\"item\":\"https:\\\/\\\/www.eldigitaldeasturias.com\\\/noticias\",\"nextItem\":{\"@type\":\"ListItem\",\"@id\":\"https:\\\/\\\/www.eldigitaldeasturias.com\\\/noticias\\\/category\\\/actualidad\\\/#listItem\",\"name\":\"Actualidad\"}},{\"@type\":\"ListItem\",\"@id\":\"https:\\\/\\\/www.eldigitaldeasturias.com\\\/noticias\\\/category\\\/actualidad\\\/#listItem\",\"position\":2,\"name\":\"Actualidad\",\"item\":\"https:\\\/\\\/www.eldigitaldeasturias.com\\\/noticias\\\/category\\\/actualidad\\\/\",\"nextItem\":{\"@type\":\"ListItem\",\"@id\":\"https:\\\/\\\/www.eldigitaldeasturias.com\\\/noticias\\\/vox-crece-y-su-mensaje-conecta-con-la-sociedad\\\/#listItem\",\"name\":\"VOX crece y su mensaje conecta con la sociedad\"},\"previousItem\":{\"@type\":\"ListItem\",\"@id\":\"https:\\\/\\\/www.eldigitaldeasturias.com\\\/noticias#listItem\",\"name\":\"Home\"}},{\"@type\":\"ListItem\",\"@id\":\"https:\\\/\\\/www.eldigitaldeasturias.com\\\/noticias\\\/vox-crece-y-su-mensaje-conecta-con-la-sociedad\\\/#listItem\",\"position\":3,\"name\":\"VOX crece y su mensaje conecta con la sociedad\",\"previousItem\":{\"@type\":\"ListItem\",\"@id\":\"https:\\\/\\\/www.eldigitaldeasturias.com\\\/noticias\\\/category\\\/actualidad\\\/#listItem\",\"name\":\"Actualidad\"}}]},{\"@type\":\"Organization\",\"@id\":\"https:\\\/\\\/www.eldigitaldeasturias.com\\\/noticias\\\/#organization\",\"name\":\"El Digital de Asturias\",\"description\":\"Hemeroteca\",\"url\":\"https:\\\/\\\/www.eldigitaldeasturias.com\\\/noticias\\\/\",\"email\":\"info@eldigitaldeasturias.com\",\"telephone\":\"+34652131393\",\"logo\":{\"@type\":\"ImageObject\",\"url\":\"https:\\\/\\\/www.eldigitaldeasturias.com\\\/noticias\\\/wp-content\\\/uploads\\\/2020\\\/12\\\/EDA.jpg\",\"@id\":\"https:\\\/\\\/www.eldigitaldeasturias.com\\\/noticias\\\/vox-crece-y-su-mensaje-conecta-con-la-sociedad\\\/#organizationLogo\"},\"image\":{\"@id\":\"https:\\\/\\\/www.eldigitaldeasturias.com\\\/noticias\\\/vox-crece-y-su-mensaje-conecta-con-la-sociedad\\\/#organizationLogo\"},\"sameAs\":[\"https:\\\/\\\/facebook.com\\\/eldigitaldeasturias\",\"https:\\\/\\\/www.youtube.com\\\/channel\\\/UCZP-2wLEB9Rv6erhFmqVnvg\"],\"address\":{\"@id\":\"https:\\\/\\\/www.eldigitaldeasturias.com\\\/noticias\\\/#postaladdress\",\"@type\":\"PostalAddress\",\"streetAddress\":\"san antonio 4\",\"postalCode\":\"33430\",\"addressLocality\":\"Cand\\u00e1s\",\"addressRegion\":\"Asturias\",\"addressCountry\":\"ES\"}},{\"@type\":\"Person\",\"@id\":\"https:\\\/\\\/www.eldigitaldeasturias.com\\\/noticias\\\/author\\\/admin\\\/#author\",\"url\":\"https:\\\/\\\/www.eldigitaldeasturias.com\\\/noticias\\\/author\\\/admin\\\/\",\"name\":\"El Digital de Asturias\",\"image\":{\"@type\":\"ImageObject\",\"@id\":\"https:\\\/\\\/www.eldigitaldeasturias.com\\\/noticias\\\/vox-crece-y-su-mensaje-conecta-con-la-sociedad\\\/#authorImage\",\"url\":\"https:\\\/\\\/secure.gravatar.com\\\/avatar\\\/df2aeffc32bcd13f8d26072ef8a91b623d677766deac7f97ca815868cd41bf5e?s=96&d=mm&r=g\",\"width\":96,\"height\":96,\"caption\":\"El Digital de Asturias\"}},{\"@type\":\"WebPage\",\"@id\":\"https:\\\/\\\/www.eldigitaldeasturias.com\\\/noticias\\\/vox-crece-y-su-mensaje-conecta-con-la-sociedad\\\/#webpage\",\"url\":\"https:\\\/\\\/www.eldigitaldeasturias.com\\\/noticias\\\/vox-crece-y-su-mensaje-conecta-con-la-sociedad\\\/\",\"name\":\"VOX crece y su mensaje conecta con la sociedad - El Digital de Asturias\",\"description\":\"M\\u00e1laga ha acogido esta tarde la conferencia \\u201cEl futuro de Espa\\u00f1a\\u201d, impartida por Jos\\u00e9 Antonio Ortega Lara, fundador de VOX, Santiago Abascal, presidente de la formaci\\u00f3n, y Jos\\u00e9 Enrique Lara, presidente de VOX M\\u00e1laga, en el Colegio de M\\u00e9dicos de la localidad. Jos\\u00e9 Antonio Ortega Lara ha comenzado su intervenci\\u00f3n destacando la labor de estos\",\"inLanguage\":\"es-ES\",\"isPartOf\":{\"@id\":\"https:\\\/\\\/www.eldigitaldeasturias.com\\\/noticias\\\/#website\"},\"breadcrumb\":{\"@id\":\"https:\\\/\\\/www.eldigitaldeasturias.com\\\/noticias\\\/vox-crece-y-su-mensaje-conecta-con-la-sociedad\\\/#breadcrumblist\"},\"author\":{\"@id\":\"https:\\\/\\\/www.eldigitaldeasturias.com\\\/noticias\\\/author\\\/admin\\\/#author\"},\"creator\":{\"@id\":\"https:\\\/\\\/www.eldigitaldeasturias.com\\\/noticias\\\/author\\\/admin\\\/#author\"},\"image\":{\"@type\":\"ImageObject\",\"url\":957753,\"@id\":\"https:\\\/\\\/www.eldigitaldeasturias.com\\\/noticias\\\/vox-crece-y-su-mensaje-conecta-con-la-sociedad\\\/#mainImage\"},\"primaryImageOfPage\":{\"@id\":\"https:\\\/\\\/www.eldigitaldeasturias.com\\\/noticias\\\/vox-crece-y-su-mensaje-conecta-con-la-sociedad\\\/#mainImage\"},\"datePublished\":\"2017-10-26T20:48:05+02:00\",\"dateModified\":\"2017-10-26T20:48:05+02:00\"},{\"@type\":\"WebSite\",\"@id\":\"https:\\\/\\\/www.eldigitaldeasturias.com\\\/noticias\\\/#website\",\"url\":\"https:\\\/\\\/www.eldigitaldeasturias.com\\\/noticias\\\/\",\"name\":\"El Digital de Asturias - Diario de actualidad y noticias\",\"alternateName\":\"El Digital de Asturias - Diario de actualidad y noticias\",\"description\":\"Hemeroteca\",\"inLanguage\":\"es-ES\",\"publisher\":{\"@id\":\"https:\\\/\\\/www.eldigitaldeasturias.com\\\/noticias\\\/#organization\"}}]}\n\t\t<\/script>\n\t\t<!-- All in One SEO Pro -->\r\n\t\t<title>VOX crece y su mensaje conecta con la sociedad - El Digital de Asturias<\/title>\n\n","aioseo_head_json":{"title":"VOX crece y su mensaje conecta con la sociedad - El Digital de Asturias","description":"M\u00e1laga ha acogido esta tarde la conferencia \u201cEl futuro de Espa\u00f1a\u201d, impartida por Jos\u00e9 Antonio Ortega Lara, fundador de VOX, Santiago Abascal, presidente de la formaci\u00f3n, y Jos\u00e9 Enrique Lara, presidente de VOX M\u00e1laga, en el Colegio de M\u00e9dicos de la localidad. Jos\u00e9 Antonio Ortega Lara ha comenzado su intervenci\u00f3n destacando la labor de estos","canonical_url":"https:\/\/www.eldigitaldeasturias.com\/noticias\/vox-crece-y-su-mensaje-conecta-con-la-sociedad\/","robots":"max-image-preview:large","keywords":"actualidad","webmasterTools":{"google-site-verification":"UA-38556648-1","msvalidate.01":"7dfe9f3f1b24437ab69f4f2559babe99","miscellaneous":""},"schema":{"@context":"https:\/\/schema.org","@graph":[{"@type":"BlogPosting","@id":"https:\/\/www.eldigitaldeasturias.com\/noticias\/vox-crece-y-su-mensaje-conecta-con-la-sociedad\/#blogposting","name":"VOX crece y su mensaje conecta con la sociedad - El Digital de Asturias","headline":"VOX crece y su mensaje conecta con la sociedad","author":{"@id":"https:\/\/www.eldigitaldeasturias.com\/noticias\/author\/admin\/#author"},"publisher":{"@id":"https:\/\/www.eldigitaldeasturias.com\/noticias\/#organization"},"image":{"@type":"ImageObject","url":957753},"datePublished":"2017-10-26T20:48:05+02:00","dateModified":"2017-10-26T20:48:05+02:00","inLanguage":"es-ES","mainEntityOfPage":{"@id":"https:\/\/www.eldigitaldeasturias.com\/noticias\/vox-crece-y-su-mensaje-conecta-con-la-sociedad\/#webpage"},"isPartOf":{"@id":"https:\/\/www.eldigitaldeasturias.com\/noticias\/vox-crece-y-su-mensaje-conecta-con-la-sociedad\/#webpage"},"articleSection":"Actualidad"},{"@type":"BreadcrumbList","@id":"https:\/\/www.eldigitaldeasturias.com\/noticias\/vox-crece-y-su-mensaje-conecta-con-la-sociedad\/#breadcrumblist","itemListElement":[{"@type":"ListItem","@id":"https:\/\/www.eldigitaldeasturias.com\/noticias#listItem","position":1,"name":"Home","item":"https:\/\/www.eldigitaldeasturias.com\/noticias","nextItem":{"@type":"ListItem","@id":"https:\/\/www.eldigitaldeasturias.com\/noticias\/category\/actualidad\/#listItem","name":"Actualidad"}},{"@type":"ListItem","@id":"https:\/\/www.eldigitaldeasturias.com\/noticias\/category\/actualidad\/#listItem","position":2,"name":"Actualidad","item":"https:\/\/www.eldigitaldeasturias.com\/noticias\/category\/actualidad\/","nextItem":{"@type":"ListItem","@id":"https:\/\/www.eldigitaldeasturias.com\/noticias\/vox-crece-y-su-mensaje-conecta-con-la-sociedad\/#listItem","name":"VOX crece y su mensaje conecta con la sociedad"},"previousItem":{"@type":"ListItem","@id":"https:\/\/www.eldigitaldeasturias.com\/noticias#listItem","name":"Home"}},{"@type":"ListItem","@id":"https:\/\/www.eldigitaldeasturias.com\/noticias\/vox-crece-y-su-mensaje-conecta-con-la-sociedad\/#listItem","position":3,"name":"VOX crece y su mensaje conecta con la sociedad","previousItem":{"@type":"ListItem","@id":"https:\/\/www.eldigitaldeasturias.com\/noticias\/category\/actualidad\/#listItem","name":"Actualidad"}}]},{"@type":"Organization","@id":"https:\/\/www.eldigitaldeasturias.com\/noticias\/#organization","name":"El Digital de Asturias","description":"Hemeroteca","url":"https:\/\/www.eldigitaldeasturias.com\/noticias\/","email":"info@eldigitaldeasturias.com","telephone":"+34652131393","logo":{"@type":"ImageObject","url":"https:\/\/www.eldigitaldeasturias.com\/noticias\/wp-content\/uploads\/2020\/12\/EDA.jpg","@id":"https:\/\/www.eldigitaldeasturias.com\/noticias\/vox-crece-y-su-mensaje-conecta-con-la-sociedad\/#organizationLogo"},"image":{"@id":"https:\/\/www.eldigitaldeasturias.com\/noticias\/vox-crece-y-su-mensaje-conecta-con-la-sociedad\/#organizationLogo"},"sameAs":["https:\/\/facebook.com\/eldigitaldeasturias","https:\/\/www.youtube.com\/channel\/UCZP-2wLEB9Rv6erhFmqVnvg"],"address":{"@id":"https:\/\/www.eldigitaldeasturias.com\/noticias\/#postaladdress","@type":"PostalAddress","streetAddress":"san antonio 4","postalCode":"33430","addressLocality":"Cand\u00e1s","addressRegion":"Asturias","addressCountry":"ES"}},{"@type":"Person","@id":"https:\/\/www.eldigitaldeasturias.com\/noticias\/author\/admin\/#author","url":"https:\/\/www.eldigitaldeasturias.com\/noticias\/author\/admin\/","name":"El Digital de Asturias","image":{"@type":"ImageObject","@id":"https:\/\/www.eldigitaldeasturias.com\/noticias\/vox-crece-y-su-mensaje-conecta-con-la-sociedad\/#authorImage","url":"https:\/\/secure.gravatar.com\/avatar\/df2aeffc32bcd13f8d26072ef8a91b623d677766deac7f97ca815868cd41bf5e?s=96&d=mm&r=g","width":96,"height":96,"caption":"El Digital de Asturias"}},{"@type":"WebPage","@id":"https:\/\/www.eldigitaldeasturias.com\/noticias\/vox-crece-y-su-mensaje-conecta-con-la-sociedad\/#webpage","url":"https:\/\/www.eldigitaldeasturias.com\/noticias\/vox-crece-y-su-mensaje-conecta-con-la-sociedad\/","name":"VOX crece y su mensaje conecta con la sociedad - El Digital de Asturias","description":"M\u00e1laga ha acogido esta tarde la conferencia \u201cEl futuro de Espa\u00f1a\u201d, impartida por Jos\u00e9 Antonio Ortega Lara, fundador de VOX, Santiago Abascal, presidente de la formaci\u00f3n, y Jos\u00e9 Enrique Lara, presidente de VOX M\u00e1laga, en el Colegio de M\u00e9dicos de la localidad. Jos\u00e9 Antonio Ortega Lara ha comenzado su intervenci\u00f3n destacando la labor de estos","inLanguage":"es-ES","isPartOf":{"@id":"https:\/\/www.eldigitaldeasturias.com\/noticias\/#website"},"breadcrumb":{"@id":"https:\/\/www.eldigitaldeasturias.com\/noticias\/vox-crece-y-su-mensaje-conecta-con-la-sociedad\/#breadcrumblist"},"author":{"@id":"https:\/\/www.eldigitaldeasturias.com\/noticias\/author\/admin\/#author"},"creator":{"@id":"https:\/\/www.eldigitaldeasturias.com\/noticias\/author\/admin\/#author"},"image":{"@type":"ImageObject","url":957753,"@id":"https:\/\/www.eldigitaldeasturias.com\/noticias\/vox-crece-y-su-mensaje-conecta-con-la-sociedad\/#mainImage"},"primaryImageOfPage":{"@id":"https:\/\/www.eldigitaldeasturias.com\/noticias\/vox-crece-y-su-mensaje-conecta-con-la-sociedad\/#mainImage"},"datePublished":"2017-10-26T20:48:05+02:00","dateModified":"2017-10-26T20:48:05+02:00"},{"@type":"WebSite","@id":"https:\/\/www.eldigitaldeasturias.com\/noticias\/#website","url":"https:\/\/www.eldigitaldeasturias.com\/noticias\/","name":"El Digital de Asturias - Diario de actualidad y noticias","alternateName":"El Digital de Asturias - Diario de actualidad y noticias","description":"Hemeroteca","inLanguage":"es-ES","publisher":{"@id":"https:\/\/www.eldigitaldeasturias.com\/noticias\/#organization"}}]},"og:locale":"es_ES","og:site_name":"El Digital de Asturias","og:type":"article","og:title":"VOX crece y su mensaje conecta con la sociedad - El Digital de Asturias","og:description":"M\u00e1laga ha acogido esta tarde la conferencia \u201cEl futuro de Espa\u00f1a\u201d, impartida por Jos\u00e9 Antonio Ortega Lara, fundador de VOX, Santiago Abascal, presidente de la formaci\u00f3n, y Jos\u00e9 Enrique Lara, presidente de VOX M\u00e1laga, en el Colegio de M\u00e9dicos de la localidad. Jos\u00e9 Antonio Ortega Lara ha comenzado su intervenci\u00f3n destacando la labor de estos","og:url":"https:\/\/www.eldigitaldeasturias.com\/noticias\/vox-crece-y-su-mensaje-conecta-con-la-sociedad\/","article:tag":["actualidad"],"article:published_time":"2017-10-26T20:48:05+00:00","article:modified_time":"2017-10-26T20:48:05+00:00","article:publisher":"https:\/\/facebook.com\/eldigitaldeasturias","twitter:card":"summary_large_image","twitter:title":"VOX crece y su mensaje conecta con la sociedad - El Digital de Asturias","twitter:description":"M\u00e1laga ha acogido esta tarde la conferencia \u201cEl futuro de Espa\u00f1a\u201d, impartida por Jos\u00e9 Antonio Ortega Lara, fundador de VOX, Santiago Abascal, presidente de la formaci\u00f3n, y Jos\u00e9 Enrique Lara, presidente de VOX M\u00e1laga, en el Colegio de M\u00e9dicos de la localidad. Jos\u00e9 Antonio Ortega Lara ha comenzado su intervenci\u00f3n destacando la labor de estos","twitter:image":"https:\/\/www.eldigitaldeasturias.com\/noticias\/wp-content\/uploads\/2020\/12\/EDA-1.jpg","twitter:label1":"Escrito por","twitter:data1":"El Digital de Asturias","twitter:label2":"Tiempo de lectura estimado","twitter:data2":"5 minutos"},"aioseo_meta_data":{"post_id":"957752","title":null,"description":null,"keywords":null,"keyphrases":null,"primary_term":null,"canonical_url":null,"og_title":null,"og_description":null,"og_object_type":"default","og_image_type":"default","og_image_url":null,"og_image_width":null,"og_image_height":null,"og_image_custom_url":null,"og_image_custom_fields":null,"og_video":null,"og_custom_url":null,"og_article_section":null,"og_article_tags":null,"twitter_use_og":false,"twitter_card":"default","twitter_image_type":"default","twitter_image_url":null,"twitter_image_custom_url":null,"twitter_image_custom_fields":null,"twitter_title":null,"twitter_description":null,"schema":{"blockGraphs":[],"customGraphs":[],"default":{"data":{"Article":[],"Course":[],"Dataset":[],"FAQPage":[],"Movie":[],"Person":[],"Product":[],"ProductReview":[],"Car":[],"Recipe":[],"Service":[],"SoftwareApplication":[],"WebPage":[]},"graphName":"","isEnabled":true},"graphs":[],"defaultGraph":"","defaultPostTypeGraph":""},"schema_type":null,"schema_type_options":null,"pillar_content":false,"robots_default":true,"robots_noindex":false,"robots_noarchive":false,"robots_nosnippet":false,"robots_nofollow":false,"robots_noimageindex":false,"robots_noodp":false,"robots_notranslate":false,"robots_max_snippet":null,"robots_max_videopreview":null,"robots_max_imagepreview":"large","priority":null,"frequency":null,"local_seo":null,"seo_analyzer_scan_date":"2025-12-06 18:38:13","breadcrumb_settings":null,"limit_modified_date":false,"open_ai":null,"ai":null,"created":"2020-12-21 12:54:29","updated":"2025-12-06 18:38:13","focus_keyword":null,"additional_keywords":null,"truseo_locale":null},"aioseo_breadcrumb":"<div class=\"aioseo-breadcrumbs\"><span class=\"aioseo-breadcrumb\">\n\t<a href=\"https:\/\/www.eldigitaldeasturias.com\/noticias\" title=\"Home\">Home<\/a>\n<\/span><span class=\"aioseo-breadcrumb-separator\">\u2013<\/span><span class=\"aioseo-breadcrumb\">\n\t<a href=\"https:\/\/www.eldigitaldeasturias.com\/noticias\/category\/actualidad\/\" title=\"Actualidad\">Actualidad<\/a>\n<\/span><span class=\"aioseo-breadcrumb-separator\">\u2013<\/span><span class=\"aioseo-breadcrumb\">\n\t<a href=\"https:\/\/www.eldigitaldeasturias.com\/noticias\/vox-crece-y-su-mensaje-conecta-con-la-sociedad\/\" title=\"VOX crece y su mensaje conecta con la sociedad\">VOX crece y su mensaje conecta con la sociedad<\/a>\n<\/span><\/div>","aioseo_breadcrumb_json":[{"label":"Home","link":"https:\/\/www.eldigitaldeasturias.com\/noticias"},{"label":"Actualidad","link":"https:\/\/www.eldigitaldeasturias.com\/noticias\/category\/actualidad\/"},{"label":"VOX crece y su mensaje conecta con la sociedad","link":"https:\/\/www.eldigitaldeasturias.com\/noticias\/vox-crece-y-su-mensaje-conecta-con-la-sociedad\/"}],"_links":{"self":[{"href":"https:\/\/www.eldigitaldeasturias.com\/noticias\/wp-json\/wp\/v2\/posts\/957752","targetHints":{"allow":["GET"]}}],"collection":[{"href":"https:\/\/www.eldigitaldeasturias.com\/noticias\/wp-json\/wp\/v2\/posts"}],"about":[{"href":"https:\/\/www.eldigitaldeasturias.com\/noticias\/wp-json\/wp\/v2\/types\/post"}],"author":[{"embeddable":true,"href":"https:\/\/www.eldigitaldeasturias.com\/noticias\/wp-json\/wp\/v2\/users\/1"}],"replies":[{"embeddable":true,"href":"https:\/\/www.eldigitaldeasturias.com\/noticias\/wp-json\/wp\/v2\/comments?post=957752"}],"version-history":[{"count":0,"href":"https:\/\/www.eldigitaldeasturias.com\/noticias\/wp-json\/wp\/v2\/posts\/957752\/revisions"}],"wp:attachment":[{"href":"https:\/\/www.eldigitaldeasturias.com\/noticias\/wp-json\/wp\/v2\/media?parent=957752"}],"wp:term":[{"taxonomy":"category","embeddable":true,"href":"https:\/\/www.eldigitaldeasturias.com\/noticias\/wp-json\/wp\/v2\/categories?post=957752"},{"taxonomy":"post_tag","embeddable":true,"href":"https:\/\/www.eldigitaldeasturias.com\/noticias\/wp-json\/wp\/v2\/tags?post=957752"}],"curies":[{"name":"wp","href":"https:\/\/api.w.org\/{rel}","templated":true}]}}