{"id":957699,"date":"2017-10-26T17:26:40","date_gmt":"2017-10-26T17:26:40","guid":{"rendered":"http:\/\/www.eldigitaldeasturias.com\/noticias\/?p=957699"},"modified":"2017-10-26T17:26:40","modified_gmt":"2017-10-26T17:26:40","slug":"susana-diaz-andalucia-siempre-estara-al-lado-del-estado-de-derecho-y-de-la-constitucion","status":"publish","type":"post","link":"https:\/\/www.eldigitaldeasturias.com\/noticias\/susana-diaz-andalucia-siempre-estara-al-lado-del-estado-de-derecho-y-de-la-constitucion\/","title":{"rendered":"Susana D\u00edaz: \u00abAndaluc\u00eda siempre estar\u00e1 al lado del Estado de Derecho y de la Constituci\u00f3n\u00bb"},"content":{"rendered":"<p><img loading=\"lazy\" decoding=\"async\" class=\"alignleft size-medium wp-image-952192\" src=\"https:\/\/www.eldigitaldeasturias.com\/noticias\/wp-content\/uploads\/2017\/09\/Susana-360x221.jpg\" alt=\"\" width=\"360\" height=\"221\" \/>La presidenta de la Junta, Susana D\u00edaz, ha hecho un llamamiento al presidente de la Generalitat de Catalu\u00f1a, Carles Puigdemont, para que convoque elecciones y \u00abrestituya la legalidad\u00bb lo antes posible. \u00abEspero que antes de esa convocatoria restituya la legalidad, el respeto a la Constituci\u00f3n y al propio Estatut de Catalu\u00f1a, y desde esa legalidad y ese respeto a la democracia libremente los catalanes puedan acudir a las urnas\u00bb, ha explicado en sede parlamentaria.<\/p>\n<p>La presidenta de la Junta ha hecho \u00abuna defensa firme y clara de la Constituci\u00f3n, la democracia y las normas de las que nos dotamos\u00bb, y ha instistido en que el Gobierno de Andaluc\u00eda, como parte del Estado, contribuir\u00e1 al equilibrio y la armon\u00eda en un momento de gravedad. \u00abHay quien se ha llevado por delante la convivencia entre vecinos y entre hermanos, hay quien no sabe que a\u00fan est\u00e1n en el precipicio y hay quien en las pr\u00f3ximas horas pretender\u00e1 que se sigan dando pasos a ninguna parte, llev\u00e1ndose por delante la herencia y el legado de democracia del que nosotros hemos gozado\u00bb, ha advertido.<\/p>\n<p>Frente a ello, Andaluc\u00eda estar\u00e1 siempre, ha dicho, \u00aben la defensa de la legalidad\u00bb y porque se restituya el marco de respeto a las normas. \u00abSomos herederos del 4 de diciembre y del 28 de febrero, una herencia en el marco de la Constituci\u00f3n\u00bb, donde los andaluces manifestaron de manera constitucional en refer\u00e9ndum \u00abque quer\u00edamos formar parte de Espa\u00f1a, desde la igualdad, que quer\u00edamos estar en un proyecto com\u00fan y colectivo, con presente y con mucho futuro\u00bb, ha recordado. D\u00edaz ha pedido \u00abtranquilidad, responsabilidad, coherencia y respeto a las normas\u00bb, que no \u00abse produzcan actos que quiebren la convivencia\u00bb.<\/p>\n<p>\u00abSon momentos dif\u00edciles y complicados, ahora estamos en el conflicto pero llegar\u00e1 la etapa del consenso y del acuerdo, y en esta etapa de reforma de la Constituci\u00f3n que el pa\u00eds necesita y merece, Andaluc\u00eda defender\u00e1 la igualdad de todos los ciudadanos, de todos los territorios, una Espa\u00f1a unida, cohesionada y en igualdad que sea garant\u00eda de futuro para las pr\u00f3ximas generaciones\u00bb, ha sostenido.<\/p>\n","protected":false},"excerpt":{"rendered":"<p>La presidenta de la Junta, Susana D\u00edaz, ha hecho un llamamiento al presidente de la Generalitat de Catalu\u00f1a, Carles Puigdemont, para que convoque elecciones y \u00abrestituya la legalidad\u00bb lo antes posible. \u00abEspero que antes de esa convocatoria restituya la legalidad, el respeto a la Constituci\u00f3n y al propio Estatut de Catalu\u00f1a, y desde esa legalidad [&hellip;]<\/p>\n","protected":false},"author":1,"featured_media":952192,"comment_status":"closed","ping_status":"closed","sticky":false,"template":"","format":"standard","meta":{"footnotes":""},"categories":[1],"tags":[],"class_list":["post-957699","post","type-post","status-publish","format-standard","has-post-thumbnail","hentry","category-actualidad"],"aioseo_notices":[],"aioseo_head":"\n\t\t<!-- All in One SEO Pro 5.0.1 - aioseo.com -->\n\t<meta name=\"description\" content=\"La presidenta de la Junta, Susana D\u00edaz, ha hecho un llamamiento al presidente de la Generalitat de Catalu\u00f1a, Carles Puigdemont, para que convoque elecciones y &quot;restituya la legalidad&quot; lo antes posible. &quot;Espero que antes de esa convocatoria restituya la legalidad, el respeto a la Constituci\u00f3n y al propio Estatut de Catalu\u00f1a, y desde esa legalidad\" \/>\n\t<meta name=\"robots\" content=\"max-image-preview:large\" \/>\n\t<meta name=\"author\" content=\"El Digital de Asturias\"\/>\n\t<meta name=\"google-site-verification\" content=\"UA-38556648-1\" \/>\n\t<meta name=\"msvalidate.01\" content=\"7dfe9f3f1b24437ab69f4f2559babe99\" \/>\n\t<meta name=\"keywords\" content=\"actualidad\" \/>\n\t<link rel=\"canonical\" href=\"https:\/\/www.eldigitaldeasturias.com\/noticias\/susana-diaz-andalucia-siempre-estara-al-lado-del-estado-de-derecho-y-de-la-constitucion\/\" \/>\n\t<meta name=\"generator\" content=\"All in One SEO Pro (AIOSEO) 5.0.1\" \/>\n\t\t<meta property=\"og:locale\" content=\"es_ES\" \/>\n\t\t<meta property=\"og:site_name\" content=\"El Digital de Asturias\" \/>\n\t\t<meta property=\"og:type\" content=\"article\" \/>\n\t\t<meta property=\"og:title\" content=\"Susana D\u00edaz: \u00abAndaluc\u00eda siempre estar\u00e1 al lado del Estado de Derecho y de la Constituci\u00f3n\u00bb - El Digital de Asturias\" \/>\n\t\t<meta property=\"og:description\" content=\"La presidenta de la Junta, Susana D\u00edaz, ha hecho un llamamiento al presidente de la Generalitat de Catalu\u00f1a, Carles Puigdemont, para que convoque elecciones y &quot;restituya la legalidad&quot; lo antes posible. &quot;Espero que antes de esa convocatoria restituya la legalidad, el respeto a la Constituci\u00f3n y al propio Estatut de Catalu\u00f1a, y desde esa legalidad\" \/>\n\t\t<meta property=\"og:url\" content=\"https:\/\/www.eldigitaldeasturias.com\/noticias\/susana-diaz-andalucia-siempre-estara-al-lado-del-estado-de-derecho-y-de-la-constitucion\/\" \/>\n\t\t<meta property=\"article:tag\" content=\"actualidad\" \/>\n\t\t<meta property=\"article:published_time\" content=\"2017-10-26T17:26:40+00:00\" \/>\n\t\t<meta property=\"article:modified_time\" content=\"2017-10-26T17:26:40+00:00\" \/>\n\t\t<meta property=\"article:publisher\" content=\"https:\/\/facebook.com\/eldigitaldeasturias\" \/>\n\t\t<meta name=\"twitter:card\" content=\"summary_large_image\" \/>\n\t\t<meta name=\"twitter:title\" content=\"Susana D\u00edaz: \u00abAndaluc\u00eda siempre estar\u00e1 al lado del Estado de Derecho y de la Constituci\u00f3n\u00bb - El Digital de Asturias\" \/>\n\t\t<meta name=\"twitter:description\" content=\"La presidenta de la Junta, Susana D\u00edaz, ha hecho un llamamiento al presidente de la Generalitat de Catalu\u00f1a, Carles Puigdemont, para que convoque elecciones y &quot;restituya la legalidad&quot; lo antes posible. &quot;Espero que antes de esa convocatoria restituya la legalidad, el respeto a la Constituci\u00f3n y al propio Estatut de Catalu\u00f1a, y desde esa legalidad\" \/>\n\t\t<meta name=\"twitter:image\" content=\"https:\/\/www.eldigitaldeasturias.com\/noticias\/wp-content\/uploads\/2020\/12\/EDA-1.jpg\" \/>\n\t\t<meta name=\"twitter:label1\" content=\"Escrito por\" \/>\n\t\t<meta name=\"twitter:data1\" content=\"El Digital de Asturias\" \/>\n\t\t<meta name=\"twitter:label2\" content=\"Tiempo de lectura estimado\" \/>\n\t\t<meta name=\"twitter:data2\" content=\"2 minutos\" \/>\n\t\t<script type=\"application\/ld+json\" class=\"aioseo-schema\">\n\t\t\t{\"@context\":\"https:\\\/\\\/schema.org\",\"@graph\":[{\"@type\":\"BlogPosting\",\"@id\":\"https:\\\/\\\/www.eldigitaldeasturias.com\\\/noticias\\\/susana-diaz-andalucia-siempre-estara-al-lado-del-estado-de-derecho-y-de-la-constitucion\\\/#blogposting\",\"name\":\"Susana D\\u00edaz: \\u00abAndaluc\\u00eda siempre estar\\u00e1 al lado del Estado de Derecho y de la Constituci\\u00f3n\\u00bb - El Digital de Asturias\",\"headline\":\"Susana D\\u00edaz: \\u00abAndaluc\\u00eda siempre estar\\u00e1 al lado del Estado de Derecho y de la Constituci\\u00f3n\\u00bb\",\"author\":{\"@id\":\"https:\\\/\\\/www.eldigitaldeasturias.com\\\/noticias\\\/author\\\/admin\\\/#author\"},\"publisher\":{\"@id\":\"https:\\\/\\\/www.eldigitaldeasturias.com\\\/noticias\\\/#organization\"},\"image\":{\"@type\":\"ImageObject\",\"url\":952192},\"datePublished\":\"2017-10-26T17:26:40+02:00\",\"dateModified\":\"2017-10-26T17:26:40+02:00\",\"inLanguage\":\"es-ES\",\"mainEntityOfPage\":{\"@id\":\"https:\\\/\\\/www.eldigitaldeasturias.com\\\/noticias\\\/susana-diaz-andalucia-siempre-estara-al-lado-del-estado-de-derecho-y-de-la-constitucion\\\/#webpage\"},\"isPartOf\":{\"@id\":\"https:\\\/\\\/www.eldigitaldeasturias.com\\\/noticias\\\/susana-diaz-andalucia-siempre-estara-al-lado-del-estado-de-derecho-y-de-la-constitucion\\\/#webpage\"},\"articleSection\":\"Actualidad\"},{\"@type\":\"BreadcrumbList\",\"@id\":\"https:\\\/\\\/www.eldigitaldeasturias.com\\\/noticias\\\/susana-diaz-andalucia-siempre-estara-al-lado-del-estado-de-derecho-y-de-la-constitucion\\\/#breadcrumblist\",\"itemListElement\":[{\"@type\":\"ListItem\",\"@id\":\"https:\\\/\\\/www.eldigitaldeasturias.com\\\/noticias#listItem\",\"position\":1,\"name\":\"Home\",\"item\":\"https:\\\/\\\/www.eldigitaldeasturias.com\\\/noticias\",\"nextItem\":{\"@type\":\"ListItem\",\"@id\":\"https:\\\/\\\/www.eldigitaldeasturias.com\\\/noticias\\\/category\\\/actualidad\\\/#listItem\",\"name\":\"Actualidad\"}},{\"@type\":\"ListItem\",\"@id\":\"https:\\\/\\\/www.eldigitaldeasturias.com\\\/noticias\\\/category\\\/actualidad\\\/#listItem\",\"position\":2,\"name\":\"Actualidad\",\"item\":\"https:\\\/\\\/www.eldigitaldeasturias.com\\\/noticias\\\/category\\\/actualidad\\\/\",\"nextItem\":{\"@type\":\"ListItem\",\"@id\":\"https:\\\/\\\/www.eldigitaldeasturias.com\\\/noticias\\\/susana-diaz-andalucia-siempre-estara-al-lado-del-estado-de-derecho-y-de-la-constitucion\\\/#listItem\",\"name\":\"Susana D\\u00edaz: \\u00abAndaluc\\u00eda siempre estar\\u00e1 al lado del Estado de Derecho y de la Constituci\\u00f3n\\u00bb\"},\"previousItem\":{\"@type\":\"ListItem\",\"@id\":\"https:\\\/\\\/www.eldigitaldeasturias.com\\\/noticias#listItem\",\"name\":\"Home\"}},{\"@type\":\"ListItem\",\"@id\":\"https:\\\/\\\/www.eldigitaldeasturias.com\\\/noticias\\\/susana-diaz-andalucia-siempre-estara-al-lado-del-estado-de-derecho-y-de-la-constitucion\\\/#listItem\",\"position\":3,\"name\":\"Susana D\\u00edaz: \\u00abAndaluc\\u00eda siempre estar\\u00e1 al lado del Estado de Derecho y de la Constituci\\u00f3n\\u00bb\",\"previousItem\":{\"@type\":\"ListItem\",\"@id\":\"https:\\\/\\\/www.eldigitaldeasturias.com\\\/noticias\\\/category\\\/actualidad\\\/#listItem\",\"name\":\"Actualidad\"}}]},{\"@type\":\"Organization\",\"@id\":\"https:\\\/\\\/www.eldigitaldeasturias.com\\\/noticias\\\/#organization\",\"name\":\"El Digital de Asturias\",\"description\":\"Hemeroteca\",\"url\":\"https:\\\/\\\/www.eldigitaldeasturias.com\\\/noticias\\\/\",\"email\":\"info@eldigitaldeasturias.com\",\"telephone\":\"+34652131393\",\"logo\":{\"@type\":\"ImageObject\",\"url\":\"https:\\\/\\\/www.eldigitaldeasturias.com\\\/noticias\\\/wp-content\\\/uploads\\\/2020\\\/12\\\/EDA.jpg\",\"@id\":\"https:\\\/\\\/www.eldigitaldeasturias.com\\\/noticias\\\/susana-diaz-andalucia-siempre-estara-al-lado-del-estado-de-derecho-y-de-la-constitucion\\\/#organizationLogo\"},\"image\":{\"@id\":\"https:\\\/\\\/www.eldigitaldeasturias.com\\\/noticias\\\/susana-diaz-andalucia-siempre-estara-al-lado-del-estado-de-derecho-y-de-la-constitucion\\\/#organizationLogo\"},\"sameAs\":[\"https:\\\/\\\/facebook.com\\\/eldigitaldeasturias\",\"https:\\\/\\\/www.youtube.com\\\/channel\\\/UCZP-2wLEB9Rv6erhFmqVnvg\"],\"address\":{\"@id\":\"https:\\\/\\\/www.eldigitaldeasturias.com\\\/noticias\\\/#postaladdress\",\"@type\":\"PostalAddress\",\"streetAddress\":\"san antonio 4\",\"postalCode\":\"33430\",\"addressLocality\":\"Cand\\u00e1s\",\"addressRegion\":\"Asturias\",\"addressCountry\":\"ES\"}},{\"@type\":\"Person\",\"@id\":\"https:\\\/\\\/www.eldigitaldeasturias.com\\\/noticias\\\/author\\\/admin\\\/#author\",\"url\":\"https:\\\/\\\/www.eldigitaldeasturias.com\\\/noticias\\\/author\\\/admin\\\/\",\"name\":\"El Digital de Asturias\",\"image\":{\"@type\":\"ImageObject\",\"@id\":\"https:\\\/\\\/www.eldigitaldeasturias.com\\\/noticias\\\/susana-diaz-andalucia-siempre-estara-al-lado-del-estado-de-derecho-y-de-la-constitucion\\\/#authorImage\",\"url\":\"https:\\\/\\\/secure.gravatar.com\\\/avatar\\\/df2aeffc32bcd13f8d26072ef8a91b623d677766deac7f97ca815868cd41bf5e?s=96&d=mm&r=g\",\"width\":96,\"height\":96,\"caption\":\"El Digital de Asturias\"}},{\"@type\":\"WebPage\",\"@id\":\"https:\\\/\\\/www.eldigitaldeasturias.com\\\/noticias\\\/susana-diaz-andalucia-siempre-estara-al-lado-del-estado-de-derecho-y-de-la-constitucion\\\/#webpage\",\"url\":\"https:\\\/\\\/www.eldigitaldeasturias.com\\\/noticias\\\/susana-diaz-andalucia-siempre-estara-al-lado-del-estado-de-derecho-y-de-la-constitucion\\\/\",\"name\":\"Susana D\\u00edaz: \\u00abAndaluc\\u00eda siempre estar\\u00e1 al lado del Estado de Derecho y de la Constituci\\u00f3n\\u00bb - El Digital de Asturias\",\"description\":\"La presidenta de la Junta, Susana D\\u00edaz, ha hecho un llamamiento al presidente de la Generalitat de Catalu\\u00f1a, Carles Puigdemont, para que convoque elecciones y \\\"restituya la legalidad\\\" lo antes posible. \\\"Espero que antes de esa convocatoria restituya la legalidad, el respeto a la Constituci\\u00f3n y al propio Estatut de Catalu\\u00f1a, y desde esa legalidad\",\"inLanguage\":\"es-ES\",\"isPartOf\":{\"@id\":\"https:\\\/\\\/www.eldigitaldeasturias.com\\\/noticias\\\/#website\"},\"breadcrumb\":{\"@id\":\"https:\\\/\\\/www.eldigitaldeasturias.com\\\/noticias\\\/susana-diaz-andalucia-siempre-estara-al-lado-del-estado-de-derecho-y-de-la-constitucion\\\/#breadcrumblist\"},\"author\":{\"@id\":\"https:\\\/\\\/www.eldigitaldeasturias.com\\\/noticias\\\/author\\\/admin\\\/#author\"},\"creator\":{\"@id\":\"https:\\\/\\\/www.eldigitaldeasturias.com\\\/noticias\\\/author\\\/admin\\\/#author\"},\"image\":{\"@type\":\"ImageObject\",\"url\":952192,\"@id\":\"https:\\\/\\\/www.eldigitaldeasturias.com\\\/noticias\\\/susana-diaz-andalucia-siempre-estara-al-lado-del-estado-de-derecho-y-de-la-constitucion\\\/#mainImage\"},\"primaryImageOfPage\":{\"@id\":\"https:\\\/\\\/www.eldigitaldeasturias.com\\\/noticias\\\/susana-diaz-andalucia-siempre-estara-al-lado-del-estado-de-derecho-y-de-la-constitucion\\\/#mainImage\"},\"datePublished\":\"2017-10-26T17:26:40+02:00\",\"dateModified\":\"2017-10-26T17:26:40+02:00\"},{\"@type\":\"WebSite\",\"@id\":\"https:\\\/\\\/www.eldigitaldeasturias.com\\\/noticias\\\/#website\",\"url\":\"https:\\\/\\\/www.eldigitaldeasturias.com\\\/noticias\\\/\",\"name\":\"El Digital de Asturias - Diario de actualidad y noticias\",\"alternateName\":\"El Digital de Asturias - Diario de actualidad y noticias\",\"description\":\"Hemeroteca\",\"inLanguage\":\"es-ES\",\"publisher\":{\"@id\":\"https:\\\/\\\/www.eldigitaldeasturias.com\\\/noticias\\\/#organization\"}}]}\n\t\t<\/script>\n\t\t<!-- All in One SEO Pro -->\r\n\t\t<title>Susana D\u00edaz: \u00abAndaluc\u00eda siempre estar\u00e1 al lado del Estado de Derecho y de la Constituci\u00f3n\u00bb - El Digital de Asturias<\/title>\n\n","aioseo_head_json":{"title":"Susana D\u00edaz: \u00abAndaluc\u00eda siempre estar\u00e1 al lado del Estado de Derecho y de la Constituci\u00f3n\u00bb - El Digital de Asturias","description":"La presidenta de la Junta, Susana D\u00edaz, ha hecho un llamamiento al presidente de la Generalitat de Catalu\u00f1a, Carles Puigdemont, para que convoque elecciones y \"restituya la legalidad\" lo antes posible. \"Espero que antes de esa convocatoria restituya la legalidad, el respeto a la Constituci\u00f3n y al propio Estatut de Catalu\u00f1a, y desde esa legalidad","canonical_url":"https:\/\/www.eldigitaldeasturias.com\/noticias\/susana-diaz-andalucia-siempre-estara-al-lado-del-estado-de-derecho-y-de-la-constitucion\/","robots":"max-image-preview:large","keywords":"actualidad","webmasterTools":{"google-site-verification":"UA-38556648-1","msvalidate.01":"7dfe9f3f1b24437ab69f4f2559babe99","miscellaneous":""},"schema":{"@context":"https:\/\/schema.org","@graph":[{"@type":"BlogPosting","@id":"https:\/\/www.eldigitaldeasturias.com\/noticias\/susana-diaz-andalucia-siempre-estara-al-lado-del-estado-de-derecho-y-de-la-constitucion\/#blogposting","name":"Susana D\u00edaz: \u00abAndaluc\u00eda siempre estar\u00e1 al lado del Estado de Derecho y de la Constituci\u00f3n\u00bb - El Digital de Asturias","headline":"Susana D\u00edaz: \u00abAndaluc\u00eda siempre estar\u00e1 al lado del Estado de Derecho y de la Constituci\u00f3n\u00bb","author":{"@id":"https:\/\/www.eldigitaldeasturias.com\/noticias\/author\/admin\/#author"},"publisher":{"@id":"https:\/\/www.eldigitaldeasturias.com\/noticias\/#organization"},"image":{"@type":"ImageObject","url":952192},"datePublished":"2017-10-26T17:26:40+02:00","dateModified":"2017-10-26T17:26:40+02:00","inLanguage":"es-ES","mainEntityOfPage":{"@id":"https:\/\/www.eldigitaldeasturias.com\/noticias\/susana-diaz-andalucia-siempre-estara-al-lado-del-estado-de-derecho-y-de-la-constitucion\/#webpage"},"isPartOf":{"@id":"https:\/\/www.eldigitaldeasturias.com\/noticias\/susana-diaz-andalucia-siempre-estara-al-lado-del-estado-de-derecho-y-de-la-constitucion\/#webpage"},"articleSection":"Actualidad"},{"@type":"BreadcrumbList","@id":"https:\/\/www.eldigitaldeasturias.com\/noticias\/susana-diaz-andalucia-siempre-estara-al-lado-del-estado-de-derecho-y-de-la-constitucion\/#breadcrumblist","itemListElement":[{"@type":"ListItem","@id":"https:\/\/www.eldigitaldeasturias.com\/noticias#listItem","position":1,"name":"Home","item":"https:\/\/www.eldigitaldeasturias.com\/noticias","nextItem":{"@type":"ListItem","@id":"https:\/\/www.eldigitaldeasturias.com\/noticias\/category\/actualidad\/#listItem","name":"Actualidad"}},{"@type":"ListItem","@id":"https:\/\/www.eldigitaldeasturias.com\/noticias\/category\/actualidad\/#listItem","position":2,"name":"Actualidad","item":"https:\/\/www.eldigitaldeasturias.com\/noticias\/category\/actualidad\/","nextItem":{"@type":"ListItem","@id":"https:\/\/www.eldigitaldeasturias.com\/noticias\/susana-diaz-andalucia-siempre-estara-al-lado-del-estado-de-derecho-y-de-la-constitucion\/#listItem","name":"Susana D\u00edaz: \u00abAndaluc\u00eda siempre estar\u00e1 al lado del Estado de Derecho y de la Constituci\u00f3n\u00bb"},"previousItem":{"@type":"ListItem","@id":"https:\/\/www.eldigitaldeasturias.com\/noticias#listItem","name":"Home"}},{"@type":"ListItem","@id":"https:\/\/www.eldigitaldeasturias.com\/noticias\/susana-diaz-andalucia-siempre-estara-al-lado-del-estado-de-derecho-y-de-la-constitucion\/#listItem","position":3,"name":"Susana D\u00edaz: \u00abAndaluc\u00eda siempre estar\u00e1 al lado del Estado de Derecho y de la Constituci\u00f3n\u00bb","previousItem":{"@type":"ListItem","@id":"https:\/\/www.eldigitaldeasturias.com\/noticias\/category\/actualidad\/#listItem","name":"Actualidad"}}]},{"@type":"Organization","@id":"https:\/\/www.eldigitaldeasturias.com\/noticias\/#organization","name":"El Digital de Asturias","description":"Hemeroteca","url":"https:\/\/www.eldigitaldeasturias.com\/noticias\/","email":"info@eldigitaldeasturias.com","telephone":"+34652131393","logo":{"@type":"ImageObject","url":"https:\/\/www.eldigitaldeasturias.com\/noticias\/wp-content\/uploads\/2020\/12\/EDA.jpg","@id":"https:\/\/www.eldigitaldeasturias.com\/noticias\/susana-diaz-andalucia-siempre-estara-al-lado-del-estado-de-derecho-y-de-la-constitucion\/#organizationLogo"},"image":{"@id":"https:\/\/www.eldigitaldeasturias.com\/noticias\/susana-diaz-andalucia-siempre-estara-al-lado-del-estado-de-derecho-y-de-la-constitucion\/#organizationLogo"},"sameAs":["https:\/\/facebook.com\/eldigitaldeasturias","https:\/\/www.youtube.com\/channel\/UCZP-2wLEB9Rv6erhFmqVnvg"],"address":{"@id":"https:\/\/www.eldigitaldeasturias.com\/noticias\/#postaladdress","@type":"PostalAddress","streetAddress":"san antonio 4","postalCode":"33430","addressLocality":"Cand\u00e1s","addressRegion":"Asturias","addressCountry":"ES"}},{"@type":"Person","@id":"https:\/\/www.eldigitaldeasturias.com\/noticias\/author\/admin\/#author","url":"https:\/\/www.eldigitaldeasturias.com\/noticias\/author\/admin\/","name":"El Digital de Asturias","image":{"@type":"ImageObject","@id":"https:\/\/www.eldigitaldeasturias.com\/noticias\/susana-diaz-andalucia-siempre-estara-al-lado-del-estado-de-derecho-y-de-la-constitucion\/#authorImage","url":"https:\/\/secure.gravatar.com\/avatar\/df2aeffc32bcd13f8d26072ef8a91b623d677766deac7f97ca815868cd41bf5e?s=96&d=mm&r=g","width":96,"height":96,"caption":"El Digital de Asturias"}},{"@type":"WebPage","@id":"https:\/\/www.eldigitaldeasturias.com\/noticias\/susana-diaz-andalucia-siempre-estara-al-lado-del-estado-de-derecho-y-de-la-constitucion\/#webpage","url":"https:\/\/www.eldigitaldeasturias.com\/noticias\/susana-diaz-andalucia-siempre-estara-al-lado-del-estado-de-derecho-y-de-la-constitucion\/","name":"Susana D\u00edaz: \u00abAndaluc\u00eda siempre estar\u00e1 al lado del Estado de Derecho y de la Constituci\u00f3n\u00bb - El Digital de Asturias","description":"La presidenta de la Junta, Susana D\u00edaz, ha hecho un llamamiento al presidente de la Generalitat de Catalu\u00f1a, Carles Puigdemont, para que convoque elecciones y \"restituya la legalidad\" lo antes posible. \"Espero que antes de esa convocatoria restituya la legalidad, el respeto a la Constituci\u00f3n y al propio Estatut de Catalu\u00f1a, y desde esa legalidad","inLanguage":"es-ES","isPartOf":{"@id":"https:\/\/www.eldigitaldeasturias.com\/noticias\/#website"},"breadcrumb":{"@id":"https:\/\/www.eldigitaldeasturias.com\/noticias\/susana-diaz-andalucia-siempre-estara-al-lado-del-estado-de-derecho-y-de-la-constitucion\/#breadcrumblist"},"author":{"@id":"https:\/\/www.eldigitaldeasturias.com\/noticias\/author\/admin\/#author"},"creator":{"@id":"https:\/\/www.eldigitaldeasturias.com\/noticias\/author\/admin\/#author"},"image":{"@type":"ImageObject","url":952192,"@id":"https:\/\/www.eldigitaldeasturias.com\/noticias\/susana-diaz-andalucia-siempre-estara-al-lado-del-estado-de-derecho-y-de-la-constitucion\/#mainImage"},"primaryImageOfPage":{"@id":"https:\/\/www.eldigitaldeasturias.com\/noticias\/susana-diaz-andalucia-siempre-estara-al-lado-del-estado-de-derecho-y-de-la-constitucion\/#mainImage"},"datePublished":"2017-10-26T17:26:40+02:00","dateModified":"2017-10-26T17:26:40+02:00"},{"@type":"WebSite","@id":"https:\/\/www.eldigitaldeasturias.com\/noticias\/#website","url":"https:\/\/www.eldigitaldeasturias.com\/noticias\/","name":"El Digital de Asturias - Diario de actualidad y noticias","alternateName":"El Digital de Asturias - Diario de actualidad y noticias","description":"Hemeroteca","inLanguage":"es-ES","publisher":{"@id":"https:\/\/www.eldigitaldeasturias.com\/noticias\/#organization"}}]},"og:locale":"es_ES","og:site_name":"El Digital de Asturias","og:type":"article","og:title":"Susana D\u00edaz: \u00abAndaluc\u00eda siempre estar\u00e1 al lado del Estado de Derecho y de la Constituci\u00f3n\u00bb - El Digital de Asturias","og:description":"La presidenta de la Junta, Susana D\u00edaz, ha hecho un llamamiento al presidente de la Generalitat de Catalu\u00f1a, Carles Puigdemont, para que convoque elecciones y &quot;restituya la legalidad&quot; lo antes posible. &quot;Espero que antes de esa convocatoria restituya la legalidad, el respeto a la Constituci\u00f3n y al propio Estatut de Catalu\u00f1a, y desde esa legalidad","og:url":"https:\/\/www.eldigitaldeasturias.com\/noticias\/susana-diaz-andalucia-siempre-estara-al-lado-del-estado-de-derecho-y-de-la-constitucion\/","article:tag":["actualidad"],"article:published_time":"2017-10-26T17:26:40+00:00","article:modified_time":"2017-10-26T17:26:40+00:00","article:publisher":"https:\/\/facebook.com\/eldigitaldeasturias","twitter:card":"summary_large_image","twitter:title":"Susana D\u00edaz: \u00abAndaluc\u00eda siempre estar\u00e1 al lado del Estado de Derecho y de la Constituci\u00f3n\u00bb - El Digital de Asturias","twitter:description":"La presidenta de la Junta, Susana D\u00edaz, ha hecho un llamamiento al presidente de la Generalitat de Catalu\u00f1a, Carles Puigdemont, para que convoque elecciones y &quot;restituya la legalidad&quot; lo antes posible. &quot;Espero que antes de esa convocatoria restituya la legalidad, el respeto a la Constituci\u00f3n y al propio Estatut de Catalu\u00f1a, y desde esa legalidad","twitter:image":"https:\/\/www.eldigitaldeasturias.com\/noticias\/wp-content\/uploads\/2020\/12\/EDA-1.jpg","twitter:label1":"Escrito por","twitter:data1":"El Digital de Asturias","twitter:label2":"Tiempo de lectura estimado","twitter:data2":"2 minutos"},"aioseo_meta_data":{"post_id":"957699","title":null,"description":null,"keywords":null,"keyphrases":null,"primary_term":null,"canonical_url":null,"og_title":null,"og_description":null,"og_object_type":"default","og_image_type":"default","og_image_url":null,"og_image_width":null,"og_image_height":null,"og_image_custom_url":null,"og_image_custom_fields":null,"og_video":null,"og_custom_url":null,"og_article_section":null,"og_article_tags":null,"twitter_use_og":false,"twitter_card":"default","twitter_image_type":"default","twitter_image_url":null,"twitter_image_custom_url":null,"twitter_image_custom_fields":null,"twitter_title":null,"twitter_description":null,"schema":{"blockGraphs":[],"customGraphs":[],"default":{"data":{"Article":[],"Course":[],"Dataset":[],"FAQPage":[],"Movie":[],"Person":[],"Product":[],"ProductReview":[],"Car":[],"Recipe":[],"Service":[],"SoftwareApplication":[],"WebPage":[]},"graphName":"","isEnabled":true},"graphs":[],"defaultGraph":"","defaultPostTypeGraph":""},"schema_type":null,"schema_type_options":null,"pillar_content":false,"robots_default":true,"robots_noindex":false,"robots_noarchive":false,"robots_nosnippet":false,"robots_nofollow":false,"robots_noimageindex":false,"robots_noodp":false,"robots_notranslate":false,"robots_max_snippet":null,"robots_max_videopreview":null,"robots_max_imagepreview":"large","priority":null,"frequency":null,"local_seo":null,"seo_analyzer_scan_date":"2025-12-06 18:28:07","breadcrumb_settings":null,"limit_modified_date":false,"open_ai":null,"ai":null,"created":"2020-12-21 12:54:31","updated":"2025-12-06 18:28:07","focus_keyword":null,"additional_keywords":null,"truseo_locale":null},"aioseo_breadcrumb":"<div class=\"aioseo-breadcrumbs\"><span class=\"aioseo-breadcrumb\">\n\t<a href=\"https:\/\/www.eldigitaldeasturias.com\/noticias\" title=\"Home\">Home<\/a>\n<\/span><span class=\"aioseo-breadcrumb-separator\">\u2013<\/span><span class=\"aioseo-breadcrumb\">\n\t<a href=\"https:\/\/www.eldigitaldeasturias.com\/noticias\/category\/actualidad\/\" title=\"Actualidad\">Actualidad<\/a>\n<\/span><span class=\"aioseo-breadcrumb-separator\">\u2013<\/span><span class=\"aioseo-breadcrumb\">\n\t<a href=\"https:\/\/www.eldigitaldeasturias.com\/noticias\/susana-diaz-andalucia-siempre-estara-al-lado-del-estado-de-derecho-y-de-la-constitucion\/\" title=\"Susana D\u00edaz: \u00abAndaluc\u00eda siempre estar\u00e1 al lado del Estado de Derecho y de la Constituci\u00f3n\u00bb\">Susana D\u00edaz: \u00abAndaluc\u00eda siempre estar\u00e1 al lado del Estado de Derecho y de la Constituci\u00f3n\u00bb<\/a>\n<\/span><\/div>","aioseo_breadcrumb_json":[{"label":"Home","link":"https:\/\/www.eldigitaldeasturias.com\/noticias"},{"label":"Actualidad","link":"https:\/\/www.eldigitaldeasturias.com\/noticias\/category\/actualidad\/"},{"label":"Susana D\u00edaz: \u00abAndaluc\u00eda siempre estar\u00e1 al lado del Estado de Derecho y de la Constituci\u00f3n\u00bb","link":"https:\/\/www.eldigitaldeasturias.com\/noticias\/susana-diaz-andalucia-siempre-estara-al-lado-del-estado-de-derecho-y-de-la-constitucion\/"}],"_links":{"self":[{"href":"https:\/\/www.eldigitaldeasturias.com\/noticias\/wp-json\/wp\/v2\/posts\/957699","targetHints":{"allow":["GET"]}}],"collection":[{"href":"https:\/\/www.eldigitaldeasturias.com\/noticias\/wp-json\/wp\/v2\/posts"}],"about":[{"href":"https:\/\/www.eldigitaldeasturias.com\/noticias\/wp-json\/wp\/v2\/types\/post"}],"author":[{"embeddable":true,"href":"https:\/\/www.eldigitaldeasturias.com\/noticias\/wp-json\/wp\/v2\/users\/1"}],"replies":[{"embeddable":true,"href":"https:\/\/www.eldigitaldeasturias.com\/noticias\/wp-json\/wp\/v2\/comments?post=957699"}],"version-history":[{"count":0,"href":"https:\/\/www.eldigitaldeasturias.com\/noticias\/wp-json\/wp\/v2\/posts\/957699\/revisions"}],"wp:attachment":[{"href":"https:\/\/www.eldigitaldeasturias.com\/noticias\/wp-json\/wp\/v2\/media?parent=957699"}],"wp:term":[{"taxonomy":"category","embeddable":true,"href":"https:\/\/www.eldigitaldeasturias.com\/noticias\/wp-json\/wp\/v2\/categories?post=957699"},{"taxonomy":"post_tag","embeddable":true,"href":"https:\/\/www.eldigitaldeasturias.com\/noticias\/wp-json\/wp\/v2\/tags?post=957699"}],"curies":[{"name":"wp","href":"https:\/\/api.w.org\/{rel}","templated":true}]}}