{"id":957693,"date":"2017-10-26T17:02:51","date_gmt":"2017-10-26T17:02:51","guid":{"rendered":"http:\/\/www.eldigitaldeasturias.com\/noticias\/?p=957693"},"modified":"2017-10-26T17:02:51","modified_gmt":"2017-10-26T17:02:51","slug":"rafael-hernando-en-cataluna-no-puede-haber-un-gobierno-sedicioso","status":"publish","type":"post","link":"https:\/\/www.eldigitaldeasturias.com\/noticias\/rafael-hernando-en-cataluna-no-puede-haber-un-gobierno-sedicioso\/","title":{"rendered":"Rafael Hernando: \u201cEn Catalu\u00f1a no puede haber un gobierno sedicioso\u201d"},"content":{"rendered":"<p><img loading=\"lazy\" decoding=\"async\" class=\"alignleft size-medium wp-image-957694\" src=\"https:\/\/www.eldigitaldeasturias.com\/noticias\/wp-content\/uploads\/2017\/10\/hernando_1-360x163.jpg\" alt=\"\" width=\"360\" height=\"163\" \/>El portavoz del Grupo Popular en el Congreso de los Diputados, Rafael Hernando, ha explicado ante los micr\u00f3fonos de la emisora RNE, que nos encontramos ante una situaci\u00f3n novedosa \u201cpero con una direcci\u00f3n clara\u201d. Asegura que se han presentado unas medidas al Senado que tienen que ser discutidas y que Puigdemont ten\u00eda una oportunidad para dialogar con la democracia pero ha decidido no ir. En este sentido, recuerda que \u201csin ley no hay democracia\u201d.<\/p>\n<p>El portavoz popular subraya que cuando algunos deciden situarse por encima de la ley \u201cdejan de ser dem\u00f3cratas para convertirse en tiranos, que es sencillamente lo que existe ahora en Catalu\u00f1a. Una tiran\u00eda de independentistas que tienen cerrado el Parlament y que provocan una confrontaci\u00f3n social clar\u00edsima y una brecha entre los habitantes de Catalu\u00f1a\u201d.<\/p>\n<p><strong>DATOS EPA<\/strong><\/p>\n<p>Reci\u00e9n publicados los datos de la Encuesta de Poblaci\u00f3n Activa del INE correspondientes al tercer trimestre de este a\u00f1o, Hernando ha querido valorarlos como positivos, afirmando que \u201cpor primera vez en mucho tiempo hoy trabajan en Espa\u00f1a 19 millones de espa\u00f1oles\u201d. Considera que esta tendencia, por lo menos hasta ahora, ha sido positiva incluso en Catalu\u00f1a. No obstante dice que los gobernantes de la Comunidad Aut\u00f3noma \u201chan decidido destruir los cimientos de la econ\u00f3mica catalana porque prometieron una arcadia feliz basada en romper Espa\u00f1a\u201d.<\/p>\n<p><strong>POSIBLES ESCENARIOS<\/strong><\/p>\n<p>Ante los posibles escenarios que puedan producirse esta tarde, Rafael Hernando confirma que el hecho de que Puigdemont pueda disolver ahora el Parlament de Catalu\u00f1a tiene relevancia, pero no es determinante, ya que a\u00f1ade, \u201clo \u00fanico que cabe aqu\u00ed es que sencillamente este se\u00f1or dimita de todos sus cargos porque es un Govern que ha destruido la convivencia en Catalu\u00f1a y que solo vive del fanatismo intentando enfrentar a los Catalanes\u201d.<\/p>\n<p>As\u00ed, y m\u00e1s all\u00e1 de una posible convocatoria electoral en Catalu\u00f1a, el portavoz y diputado popular insiste en que este s\u00e1bado \u201cel se\u00f1or Puigdemont tiene que dejar de ser presidente de la Generalitat, ya que su Govern no puede seguir al mando de los mecanismos leg\u00edtimos de Gobierno en Catalu\u00f1a. Espa\u00f1a no puede aguantar m\u00e1s tiempo con un gobierno de este cariz y este tenor\u201d.<\/p>\n<p>Finalmente, Hernando ha hecho hincapi\u00e9 en que aunque se convocaran elecciones ahora, \u201clo esencial es recuperar el orden constitucional en su totalidad en Catalu\u00f1a\u201d. No obstante, afirma que una elecciones auton\u00f3micas no legitimar\u00e1n el que pueda restablecerse un gobierno como este\u201d. \u201cEn Catalu\u00f1a no puede haber un gobierno sedicioso\u201d, ha sentenciado.<\/p>\n<p>&nbsp;<\/p>\n","protected":false},"excerpt":{"rendered":"<p>El portavoz del Grupo Popular en el Congreso de los Diputados, Rafael Hernando, ha explicado ante los micr\u00f3fonos de la emisora RNE, que nos encontramos ante una situaci\u00f3n novedosa \u201cpero con una direcci\u00f3n clara\u201d. Asegura que se han presentado unas medidas al Senado que tienen que ser discutidas y que Puigdemont ten\u00eda una oportunidad para [&hellip;]<\/p>\n","protected":false},"author":1,"featured_media":957694,"comment_status":"closed","ping_status":"closed","sticky":false,"template":"","format":"standard","meta":{"footnotes":""},"categories":[1],"tags":[],"class_list":["post-957693","post","type-post","status-publish","format-standard","has-post-thumbnail","hentry","category-actualidad"],"aioseo_notices":[],"aioseo_head":"\n\t\t<!-- All in One SEO Pro 5.0.1 - aioseo.com -->\n\t<meta name=\"description\" content=\"El portavoz del Grupo Popular en el Congreso de los Diputados, Rafael Hernando, ha explicado ante los micr\u00f3fonos de la emisora RNE, que nos encontramos ante una situaci\u00f3n novedosa \u201cpero con una direcci\u00f3n clara\u201d. Asegura que se han presentado unas medidas al Senado que tienen que ser discutidas y que Puigdemont ten\u00eda una oportunidad para\" \/>\n\t<meta name=\"robots\" content=\"max-image-preview:large\" \/>\n\t<meta name=\"author\" content=\"El Digital de Asturias\"\/>\n\t<meta name=\"google-site-verification\" content=\"UA-38556648-1\" \/>\n\t<meta name=\"msvalidate.01\" content=\"7dfe9f3f1b24437ab69f4f2559babe99\" \/>\n\t<meta name=\"keywords\" content=\"actualidad\" \/>\n\t<link rel=\"canonical\" href=\"https:\/\/www.eldigitaldeasturias.com\/noticias\/rafael-hernando-en-cataluna-no-puede-haber-un-gobierno-sedicioso\/\" \/>\n\t<meta name=\"generator\" content=\"All in One SEO Pro (AIOSEO) 5.0.1\" \/>\n\t\t<meta property=\"og:locale\" content=\"es_ES\" \/>\n\t\t<meta property=\"og:site_name\" content=\"El Digital de Asturias\" \/>\n\t\t<meta property=\"og:type\" content=\"article\" \/>\n\t\t<meta property=\"og:title\" content=\"Rafael Hernando: \u201cEn Catalu\u00f1a no puede haber un gobierno sedicioso\u201d - El Digital de Asturias\" \/>\n\t\t<meta property=\"og:description\" content=\"El portavoz del Grupo Popular en el Congreso de los Diputados, Rafael Hernando, ha explicado ante los micr\u00f3fonos de la emisora RNE, que nos encontramos ante una situaci\u00f3n novedosa \u201cpero con una direcci\u00f3n clara\u201d. Asegura que se han presentado unas medidas al Senado que tienen que ser discutidas y que Puigdemont ten\u00eda una oportunidad para\" \/>\n\t\t<meta property=\"og:url\" content=\"https:\/\/www.eldigitaldeasturias.com\/noticias\/rafael-hernando-en-cataluna-no-puede-haber-un-gobierno-sedicioso\/\" \/>\n\t\t<meta property=\"article:tag\" content=\"actualidad\" \/>\n\t\t<meta property=\"article:published_time\" content=\"2017-10-26T17:02:51+00:00\" \/>\n\t\t<meta property=\"article:modified_time\" content=\"2017-10-26T17:02:51+00:00\" \/>\n\t\t<meta property=\"article:publisher\" content=\"https:\/\/facebook.com\/eldigitaldeasturias\" \/>\n\t\t<meta name=\"twitter:card\" content=\"summary_large_image\" \/>\n\t\t<meta name=\"twitter:title\" content=\"Rafael Hernando: \u201cEn Catalu\u00f1a no puede haber un gobierno sedicioso\u201d - El Digital de Asturias\" \/>\n\t\t<meta name=\"twitter:description\" content=\"El portavoz del Grupo Popular en el Congreso de los Diputados, Rafael Hernando, ha explicado ante los micr\u00f3fonos de la emisora RNE, que nos encontramos ante una situaci\u00f3n novedosa \u201cpero con una direcci\u00f3n clara\u201d. Asegura que se han presentado unas medidas al Senado que tienen que ser discutidas y que Puigdemont ten\u00eda una oportunidad para\" \/>\n\t\t<meta name=\"twitter:image\" content=\"https:\/\/www.eldigitaldeasturias.com\/noticias\/wp-content\/uploads\/2020\/12\/EDA-1.jpg\" \/>\n\t\t<meta name=\"twitter:label1\" content=\"Escrito por\" \/>\n\t\t<meta name=\"twitter:data1\" content=\"El Digital de Asturias\" \/>\n\t\t<meta name=\"twitter:label2\" content=\"Tiempo de lectura estimado\" \/>\n\t\t<meta name=\"twitter:data2\" content=\"2 minutos\" \/>\n\t\t<script type=\"application\/ld+json\" class=\"aioseo-schema\">\n\t\t\t{\"@context\":\"https:\\\/\\\/schema.org\",\"@graph\":[{\"@type\":\"BlogPosting\",\"@id\":\"https:\\\/\\\/www.eldigitaldeasturias.com\\\/noticias\\\/rafael-hernando-en-cataluna-no-puede-haber-un-gobierno-sedicioso\\\/#blogposting\",\"name\":\"Rafael Hernando: \\u201cEn Catalu\\u00f1a no puede haber un gobierno sedicioso\\u201d - El Digital de Asturias\",\"headline\":\"Rafael Hernando: \\u201cEn Catalu\\u00f1a no puede haber un gobierno sedicioso\\u201d\",\"author\":{\"@id\":\"https:\\\/\\\/www.eldigitaldeasturias.com\\\/noticias\\\/author\\\/admin\\\/#author\"},\"publisher\":{\"@id\":\"https:\\\/\\\/www.eldigitaldeasturias.com\\\/noticias\\\/#organization\"},\"image\":{\"@type\":\"ImageObject\",\"url\":957694},\"datePublished\":\"2017-10-26T17:02:51+02:00\",\"dateModified\":\"2017-10-26T17:02:51+02:00\",\"inLanguage\":\"es-ES\",\"mainEntityOfPage\":{\"@id\":\"https:\\\/\\\/www.eldigitaldeasturias.com\\\/noticias\\\/rafael-hernando-en-cataluna-no-puede-haber-un-gobierno-sedicioso\\\/#webpage\"},\"isPartOf\":{\"@id\":\"https:\\\/\\\/www.eldigitaldeasturias.com\\\/noticias\\\/rafael-hernando-en-cataluna-no-puede-haber-un-gobierno-sedicioso\\\/#webpage\"},\"articleSection\":\"Actualidad\"},{\"@type\":\"BreadcrumbList\",\"@id\":\"https:\\\/\\\/www.eldigitaldeasturias.com\\\/noticias\\\/rafael-hernando-en-cataluna-no-puede-haber-un-gobierno-sedicioso\\\/#breadcrumblist\",\"itemListElement\":[{\"@type\":\"ListItem\",\"@id\":\"https:\\\/\\\/www.eldigitaldeasturias.com\\\/noticias#listItem\",\"position\":1,\"name\":\"Home\",\"item\":\"https:\\\/\\\/www.eldigitaldeasturias.com\\\/noticias\",\"nextItem\":{\"@type\":\"ListItem\",\"@id\":\"https:\\\/\\\/www.eldigitaldeasturias.com\\\/noticias\\\/category\\\/actualidad\\\/#listItem\",\"name\":\"Actualidad\"}},{\"@type\":\"ListItem\",\"@id\":\"https:\\\/\\\/www.eldigitaldeasturias.com\\\/noticias\\\/category\\\/actualidad\\\/#listItem\",\"position\":2,\"name\":\"Actualidad\",\"item\":\"https:\\\/\\\/www.eldigitaldeasturias.com\\\/noticias\\\/category\\\/actualidad\\\/\",\"nextItem\":{\"@type\":\"ListItem\",\"@id\":\"https:\\\/\\\/www.eldigitaldeasturias.com\\\/noticias\\\/rafael-hernando-en-cataluna-no-puede-haber-un-gobierno-sedicioso\\\/#listItem\",\"name\":\"Rafael Hernando: \\u201cEn Catalu\\u00f1a no puede haber un gobierno sedicioso\\u201d\"},\"previousItem\":{\"@type\":\"ListItem\",\"@id\":\"https:\\\/\\\/www.eldigitaldeasturias.com\\\/noticias#listItem\",\"name\":\"Home\"}},{\"@type\":\"ListItem\",\"@id\":\"https:\\\/\\\/www.eldigitaldeasturias.com\\\/noticias\\\/rafael-hernando-en-cataluna-no-puede-haber-un-gobierno-sedicioso\\\/#listItem\",\"position\":3,\"name\":\"Rafael Hernando: \\u201cEn Catalu\\u00f1a no puede haber un gobierno sedicioso\\u201d\",\"previousItem\":{\"@type\":\"ListItem\",\"@id\":\"https:\\\/\\\/www.eldigitaldeasturias.com\\\/noticias\\\/category\\\/actualidad\\\/#listItem\",\"name\":\"Actualidad\"}}]},{\"@type\":\"Organization\",\"@id\":\"https:\\\/\\\/www.eldigitaldeasturias.com\\\/noticias\\\/#organization\",\"name\":\"El Digital de Asturias\",\"description\":\"Hemeroteca\",\"url\":\"https:\\\/\\\/www.eldigitaldeasturias.com\\\/noticias\\\/\",\"email\":\"info@eldigitaldeasturias.com\",\"telephone\":\"+34652131393\",\"logo\":{\"@type\":\"ImageObject\",\"url\":\"https:\\\/\\\/www.eldigitaldeasturias.com\\\/noticias\\\/wp-content\\\/uploads\\\/2020\\\/12\\\/EDA.jpg\",\"@id\":\"https:\\\/\\\/www.eldigitaldeasturias.com\\\/noticias\\\/rafael-hernando-en-cataluna-no-puede-haber-un-gobierno-sedicioso\\\/#organizationLogo\"},\"image\":{\"@id\":\"https:\\\/\\\/www.eldigitaldeasturias.com\\\/noticias\\\/rafael-hernando-en-cataluna-no-puede-haber-un-gobierno-sedicioso\\\/#organizationLogo\"},\"sameAs\":[\"https:\\\/\\\/facebook.com\\\/eldigitaldeasturias\",\"https:\\\/\\\/www.youtube.com\\\/channel\\\/UCZP-2wLEB9Rv6erhFmqVnvg\"],\"address\":{\"@id\":\"https:\\\/\\\/www.eldigitaldeasturias.com\\\/noticias\\\/#postaladdress\",\"@type\":\"PostalAddress\",\"streetAddress\":\"san antonio 4\",\"postalCode\":\"33430\",\"addressLocality\":\"Cand\\u00e1s\",\"addressRegion\":\"Asturias\",\"addressCountry\":\"ES\"}},{\"@type\":\"Person\",\"@id\":\"https:\\\/\\\/www.eldigitaldeasturias.com\\\/noticias\\\/author\\\/admin\\\/#author\",\"url\":\"https:\\\/\\\/www.eldigitaldeasturias.com\\\/noticias\\\/author\\\/admin\\\/\",\"name\":\"El Digital de Asturias\",\"image\":{\"@type\":\"ImageObject\",\"@id\":\"https:\\\/\\\/www.eldigitaldeasturias.com\\\/noticias\\\/rafael-hernando-en-cataluna-no-puede-haber-un-gobierno-sedicioso\\\/#authorImage\",\"url\":\"https:\\\/\\\/secure.gravatar.com\\\/avatar\\\/df2aeffc32bcd13f8d26072ef8a91b623d677766deac7f97ca815868cd41bf5e?s=96&d=mm&r=g\",\"width\":96,\"height\":96,\"caption\":\"El Digital de Asturias\"}},{\"@type\":\"WebPage\",\"@id\":\"https:\\\/\\\/www.eldigitaldeasturias.com\\\/noticias\\\/rafael-hernando-en-cataluna-no-puede-haber-un-gobierno-sedicioso\\\/#webpage\",\"url\":\"https:\\\/\\\/www.eldigitaldeasturias.com\\\/noticias\\\/rafael-hernando-en-cataluna-no-puede-haber-un-gobierno-sedicioso\\\/\",\"name\":\"Rafael Hernando: \\u201cEn Catalu\\u00f1a no puede haber un gobierno sedicioso\\u201d - El Digital de Asturias\",\"description\":\"El portavoz del Grupo Popular en el Congreso de los Diputados, Rafael Hernando, ha explicado ante los micr\\u00f3fonos de la emisora RNE, que nos encontramos ante una situaci\\u00f3n novedosa \\u201cpero con una direcci\\u00f3n clara\\u201d. Asegura que se han presentado unas medidas al Senado que tienen que ser discutidas y que Puigdemont ten\\u00eda una oportunidad para\",\"inLanguage\":\"es-ES\",\"isPartOf\":{\"@id\":\"https:\\\/\\\/www.eldigitaldeasturias.com\\\/noticias\\\/#website\"},\"breadcrumb\":{\"@id\":\"https:\\\/\\\/www.eldigitaldeasturias.com\\\/noticias\\\/rafael-hernando-en-cataluna-no-puede-haber-un-gobierno-sedicioso\\\/#breadcrumblist\"},\"author\":{\"@id\":\"https:\\\/\\\/www.eldigitaldeasturias.com\\\/noticias\\\/author\\\/admin\\\/#author\"},\"creator\":{\"@id\":\"https:\\\/\\\/www.eldigitaldeasturias.com\\\/noticias\\\/author\\\/admin\\\/#author\"},\"image\":{\"@type\":\"ImageObject\",\"url\":957694,\"@id\":\"https:\\\/\\\/www.eldigitaldeasturias.com\\\/noticias\\\/rafael-hernando-en-cataluna-no-puede-haber-un-gobierno-sedicioso\\\/#mainImage\"},\"primaryImageOfPage\":{\"@id\":\"https:\\\/\\\/www.eldigitaldeasturias.com\\\/noticias\\\/rafael-hernando-en-cataluna-no-puede-haber-un-gobierno-sedicioso\\\/#mainImage\"},\"datePublished\":\"2017-10-26T17:02:51+02:00\",\"dateModified\":\"2017-10-26T17:02:51+02:00\"},{\"@type\":\"WebSite\",\"@id\":\"https:\\\/\\\/www.eldigitaldeasturias.com\\\/noticias\\\/#website\",\"url\":\"https:\\\/\\\/www.eldigitaldeasturias.com\\\/noticias\\\/\",\"name\":\"El Digital de Asturias - Diario de actualidad y noticias\",\"alternateName\":\"El Digital de Asturias - Diario de actualidad y noticias\",\"description\":\"Hemeroteca\",\"inLanguage\":\"es-ES\",\"publisher\":{\"@id\":\"https:\\\/\\\/www.eldigitaldeasturias.com\\\/noticias\\\/#organization\"}}]}\n\t\t<\/script>\n\t\t<!-- All in One SEO Pro -->\r\n\t\t<title>Rafael Hernando: \u201cEn Catalu\u00f1a no puede haber un gobierno sedicioso\u201d - El Digital de Asturias<\/title>\n\n","aioseo_head_json":{"title":"Rafael Hernando: \u201cEn Catalu\u00f1a no puede haber un gobierno sedicioso\u201d - El Digital de Asturias","description":"El portavoz del Grupo Popular en el Congreso de los Diputados, Rafael Hernando, ha explicado ante los micr\u00f3fonos de la emisora RNE, que nos encontramos ante una situaci\u00f3n novedosa \u201cpero con una direcci\u00f3n clara\u201d. Asegura que se han presentado unas medidas al Senado que tienen que ser discutidas y que Puigdemont ten\u00eda una oportunidad para","canonical_url":"https:\/\/www.eldigitaldeasturias.com\/noticias\/rafael-hernando-en-cataluna-no-puede-haber-un-gobierno-sedicioso\/","robots":"max-image-preview:large","keywords":"actualidad","webmasterTools":{"google-site-verification":"UA-38556648-1","msvalidate.01":"7dfe9f3f1b24437ab69f4f2559babe99","miscellaneous":""},"schema":{"@context":"https:\/\/schema.org","@graph":[{"@type":"BlogPosting","@id":"https:\/\/www.eldigitaldeasturias.com\/noticias\/rafael-hernando-en-cataluna-no-puede-haber-un-gobierno-sedicioso\/#blogposting","name":"Rafael Hernando: \u201cEn Catalu\u00f1a no puede haber un gobierno sedicioso\u201d - El Digital de Asturias","headline":"Rafael Hernando: \u201cEn Catalu\u00f1a no puede haber un gobierno sedicioso\u201d","author":{"@id":"https:\/\/www.eldigitaldeasturias.com\/noticias\/author\/admin\/#author"},"publisher":{"@id":"https:\/\/www.eldigitaldeasturias.com\/noticias\/#organization"},"image":{"@type":"ImageObject","url":957694},"datePublished":"2017-10-26T17:02:51+02:00","dateModified":"2017-10-26T17:02:51+02:00","inLanguage":"es-ES","mainEntityOfPage":{"@id":"https:\/\/www.eldigitaldeasturias.com\/noticias\/rafael-hernando-en-cataluna-no-puede-haber-un-gobierno-sedicioso\/#webpage"},"isPartOf":{"@id":"https:\/\/www.eldigitaldeasturias.com\/noticias\/rafael-hernando-en-cataluna-no-puede-haber-un-gobierno-sedicioso\/#webpage"},"articleSection":"Actualidad"},{"@type":"BreadcrumbList","@id":"https:\/\/www.eldigitaldeasturias.com\/noticias\/rafael-hernando-en-cataluna-no-puede-haber-un-gobierno-sedicioso\/#breadcrumblist","itemListElement":[{"@type":"ListItem","@id":"https:\/\/www.eldigitaldeasturias.com\/noticias#listItem","position":1,"name":"Home","item":"https:\/\/www.eldigitaldeasturias.com\/noticias","nextItem":{"@type":"ListItem","@id":"https:\/\/www.eldigitaldeasturias.com\/noticias\/category\/actualidad\/#listItem","name":"Actualidad"}},{"@type":"ListItem","@id":"https:\/\/www.eldigitaldeasturias.com\/noticias\/category\/actualidad\/#listItem","position":2,"name":"Actualidad","item":"https:\/\/www.eldigitaldeasturias.com\/noticias\/category\/actualidad\/","nextItem":{"@type":"ListItem","@id":"https:\/\/www.eldigitaldeasturias.com\/noticias\/rafael-hernando-en-cataluna-no-puede-haber-un-gobierno-sedicioso\/#listItem","name":"Rafael Hernando: \u201cEn Catalu\u00f1a no puede haber un gobierno sedicioso\u201d"},"previousItem":{"@type":"ListItem","@id":"https:\/\/www.eldigitaldeasturias.com\/noticias#listItem","name":"Home"}},{"@type":"ListItem","@id":"https:\/\/www.eldigitaldeasturias.com\/noticias\/rafael-hernando-en-cataluna-no-puede-haber-un-gobierno-sedicioso\/#listItem","position":3,"name":"Rafael Hernando: \u201cEn Catalu\u00f1a no puede haber un gobierno sedicioso\u201d","previousItem":{"@type":"ListItem","@id":"https:\/\/www.eldigitaldeasturias.com\/noticias\/category\/actualidad\/#listItem","name":"Actualidad"}}]},{"@type":"Organization","@id":"https:\/\/www.eldigitaldeasturias.com\/noticias\/#organization","name":"El Digital de Asturias","description":"Hemeroteca","url":"https:\/\/www.eldigitaldeasturias.com\/noticias\/","email":"info@eldigitaldeasturias.com","telephone":"+34652131393","logo":{"@type":"ImageObject","url":"https:\/\/www.eldigitaldeasturias.com\/noticias\/wp-content\/uploads\/2020\/12\/EDA.jpg","@id":"https:\/\/www.eldigitaldeasturias.com\/noticias\/rafael-hernando-en-cataluna-no-puede-haber-un-gobierno-sedicioso\/#organizationLogo"},"image":{"@id":"https:\/\/www.eldigitaldeasturias.com\/noticias\/rafael-hernando-en-cataluna-no-puede-haber-un-gobierno-sedicioso\/#organizationLogo"},"sameAs":["https:\/\/facebook.com\/eldigitaldeasturias","https:\/\/www.youtube.com\/channel\/UCZP-2wLEB9Rv6erhFmqVnvg"],"address":{"@id":"https:\/\/www.eldigitaldeasturias.com\/noticias\/#postaladdress","@type":"PostalAddress","streetAddress":"san antonio 4","postalCode":"33430","addressLocality":"Cand\u00e1s","addressRegion":"Asturias","addressCountry":"ES"}},{"@type":"Person","@id":"https:\/\/www.eldigitaldeasturias.com\/noticias\/author\/admin\/#author","url":"https:\/\/www.eldigitaldeasturias.com\/noticias\/author\/admin\/","name":"El Digital de Asturias","image":{"@type":"ImageObject","@id":"https:\/\/www.eldigitaldeasturias.com\/noticias\/rafael-hernando-en-cataluna-no-puede-haber-un-gobierno-sedicioso\/#authorImage","url":"https:\/\/secure.gravatar.com\/avatar\/df2aeffc32bcd13f8d26072ef8a91b623d677766deac7f97ca815868cd41bf5e?s=96&d=mm&r=g","width":96,"height":96,"caption":"El Digital de Asturias"}},{"@type":"WebPage","@id":"https:\/\/www.eldigitaldeasturias.com\/noticias\/rafael-hernando-en-cataluna-no-puede-haber-un-gobierno-sedicioso\/#webpage","url":"https:\/\/www.eldigitaldeasturias.com\/noticias\/rafael-hernando-en-cataluna-no-puede-haber-un-gobierno-sedicioso\/","name":"Rafael Hernando: \u201cEn Catalu\u00f1a no puede haber un gobierno sedicioso\u201d - El Digital de Asturias","description":"El portavoz del Grupo Popular en el Congreso de los Diputados, Rafael Hernando, ha explicado ante los micr\u00f3fonos de la emisora RNE, que nos encontramos ante una situaci\u00f3n novedosa \u201cpero con una direcci\u00f3n clara\u201d. Asegura que se han presentado unas medidas al Senado que tienen que ser discutidas y que Puigdemont ten\u00eda una oportunidad para","inLanguage":"es-ES","isPartOf":{"@id":"https:\/\/www.eldigitaldeasturias.com\/noticias\/#website"},"breadcrumb":{"@id":"https:\/\/www.eldigitaldeasturias.com\/noticias\/rafael-hernando-en-cataluna-no-puede-haber-un-gobierno-sedicioso\/#breadcrumblist"},"author":{"@id":"https:\/\/www.eldigitaldeasturias.com\/noticias\/author\/admin\/#author"},"creator":{"@id":"https:\/\/www.eldigitaldeasturias.com\/noticias\/author\/admin\/#author"},"image":{"@type":"ImageObject","url":957694,"@id":"https:\/\/www.eldigitaldeasturias.com\/noticias\/rafael-hernando-en-cataluna-no-puede-haber-un-gobierno-sedicioso\/#mainImage"},"primaryImageOfPage":{"@id":"https:\/\/www.eldigitaldeasturias.com\/noticias\/rafael-hernando-en-cataluna-no-puede-haber-un-gobierno-sedicioso\/#mainImage"},"datePublished":"2017-10-26T17:02:51+02:00","dateModified":"2017-10-26T17:02:51+02:00"},{"@type":"WebSite","@id":"https:\/\/www.eldigitaldeasturias.com\/noticias\/#website","url":"https:\/\/www.eldigitaldeasturias.com\/noticias\/","name":"El Digital de Asturias - Diario de actualidad y noticias","alternateName":"El Digital de Asturias - Diario de actualidad y noticias","description":"Hemeroteca","inLanguage":"es-ES","publisher":{"@id":"https:\/\/www.eldigitaldeasturias.com\/noticias\/#organization"}}]},"og:locale":"es_ES","og:site_name":"El Digital de Asturias","og:type":"article","og:title":"Rafael Hernando: \u201cEn Catalu\u00f1a no puede haber un gobierno sedicioso\u201d - El Digital de Asturias","og:description":"El portavoz del Grupo Popular en el Congreso de los Diputados, Rafael Hernando, ha explicado ante los micr\u00f3fonos de la emisora RNE, que nos encontramos ante una situaci\u00f3n novedosa \u201cpero con una direcci\u00f3n clara\u201d. Asegura que se han presentado unas medidas al Senado que tienen que ser discutidas y que Puigdemont ten\u00eda una oportunidad para","og:url":"https:\/\/www.eldigitaldeasturias.com\/noticias\/rafael-hernando-en-cataluna-no-puede-haber-un-gobierno-sedicioso\/","article:tag":["actualidad"],"article:published_time":"2017-10-26T17:02:51+00:00","article:modified_time":"2017-10-26T17:02:51+00:00","article:publisher":"https:\/\/facebook.com\/eldigitaldeasturias","twitter:card":"summary_large_image","twitter:title":"Rafael Hernando: \u201cEn Catalu\u00f1a no puede haber un gobierno sedicioso\u201d - El Digital de Asturias","twitter:description":"El portavoz del Grupo Popular en el Congreso de los Diputados, Rafael Hernando, ha explicado ante los micr\u00f3fonos de la emisora RNE, que nos encontramos ante una situaci\u00f3n novedosa \u201cpero con una direcci\u00f3n clara\u201d. Asegura que se han presentado unas medidas al Senado que tienen que ser discutidas y que Puigdemont ten\u00eda una oportunidad para","twitter:image":"https:\/\/www.eldigitaldeasturias.com\/noticias\/wp-content\/uploads\/2020\/12\/EDA-1.jpg","twitter:label1":"Escrito por","twitter:data1":"El Digital de Asturias","twitter:label2":"Tiempo de lectura estimado","twitter:data2":"2 minutos"},"aioseo_meta_data":{"post_id":"957693","title":null,"description":null,"keywords":null,"keyphrases":null,"primary_term":null,"canonical_url":null,"og_title":null,"og_description":null,"og_object_type":"default","og_image_type":"default","og_image_url":null,"og_image_width":null,"og_image_height":null,"og_image_custom_url":null,"og_image_custom_fields":null,"og_video":null,"og_custom_url":null,"og_article_section":null,"og_article_tags":null,"twitter_use_og":false,"twitter_card":"default","twitter_image_type":"default","twitter_image_url":null,"twitter_image_custom_url":null,"twitter_image_custom_fields":null,"twitter_title":null,"twitter_description":null,"schema":{"blockGraphs":[],"customGraphs":[],"default":{"data":{"Article":[],"Course":[],"Dataset":[],"FAQPage":[],"Movie":[],"Person":[],"Product":[],"ProductReview":[],"Car":[],"Recipe":[],"Service":[],"SoftwareApplication":[],"WebPage":[]},"graphName":"","isEnabled":true},"graphs":[],"defaultGraph":"","defaultPostTypeGraph":""},"schema_type":null,"schema_type_options":null,"pillar_content":false,"robots_default":true,"robots_noindex":false,"robots_noarchive":false,"robots_nosnippet":false,"robots_nofollow":false,"robots_noimageindex":false,"robots_noodp":false,"robots_notranslate":false,"robots_max_snippet":null,"robots_max_videopreview":null,"robots_max_imagepreview":"large","priority":null,"frequency":null,"local_seo":null,"seo_analyzer_scan_date":"2025-12-06 18:25:09","breadcrumb_settings":null,"limit_modified_date":false,"open_ai":null,"ai":null,"created":"2020-12-21 12:54:31","updated":"2025-12-06 18:25:09","focus_keyword":null,"additional_keywords":null,"truseo_locale":null},"aioseo_breadcrumb":"<div class=\"aioseo-breadcrumbs\"><span class=\"aioseo-breadcrumb\">\n\t<a href=\"https:\/\/www.eldigitaldeasturias.com\/noticias\" title=\"Home\">Home<\/a>\n<\/span><span class=\"aioseo-breadcrumb-separator\">\u2013<\/span><span class=\"aioseo-breadcrumb\">\n\t<a href=\"https:\/\/www.eldigitaldeasturias.com\/noticias\/category\/actualidad\/\" title=\"Actualidad\">Actualidad<\/a>\n<\/span><span class=\"aioseo-breadcrumb-separator\">\u2013<\/span><span class=\"aioseo-breadcrumb\">\n\t<a href=\"https:\/\/www.eldigitaldeasturias.com\/noticias\/rafael-hernando-en-cataluna-no-puede-haber-un-gobierno-sedicioso\/\" title=\"Rafael Hernando: \u201cEn Catalu\u00f1a no puede haber un gobierno sedicioso\u201d\">Rafael Hernando: \u201cEn Catalu\u00f1a no puede haber un gobierno sedicioso\u201d<\/a>\n<\/span><\/div>","aioseo_breadcrumb_json":[{"label":"Home","link":"https:\/\/www.eldigitaldeasturias.com\/noticias"},{"label":"Actualidad","link":"https:\/\/www.eldigitaldeasturias.com\/noticias\/category\/actualidad\/"},{"label":"Rafael Hernando: \u201cEn Catalu\u00f1a no puede haber un gobierno sedicioso\u201d","link":"https:\/\/www.eldigitaldeasturias.com\/noticias\/rafael-hernando-en-cataluna-no-puede-haber-un-gobierno-sedicioso\/"}],"_links":{"self":[{"href":"https:\/\/www.eldigitaldeasturias.com\/noticias\/wp-json\/wp\/v2\/posts\/957693","targetHints":{"allow":["GET"]}}],"collection":[{"href":"https:\/\/www.eldigitaldeasturias.com\/noticias\/wp-json\/wp\/v2\/posts"}],"about":[{"href":"https:\/\/www.eldigitaldeasturias.com\/noticias\/wp-json\/wp\/v2\/types\/post"}],"author":[{"embeddable":true,"href":"https:\/\/www.eldigitaldeasturias.com\/noticias\/wp-json\/wp\/v2\/users\/1"}],"replies":[{"embeddable":true,"href":"https:\/\/www.eldigitaldeasturias.com\/noticias\/wp-json\/wp\/v2\/comments?post=957693"}],"version-history":[{"count":0,"href":"https:\/\/www.eldigitaldeasturias.com\/noticias\/wp-json\/wp\/v2\/posts\/957693\/revisions"}],"wp:attachment":[{"href":"https:\/\/www.eldigitaldeasturias.com\/noticias\/wp-json\/wp\/v2\/media?parent=957693"}],"wp:term":[{"taxonomy":"category","embeddable":true,"href":"https:\/\/www.eldigitaldeasturias.com\/noticias\/wp-json\/wp\/v2\/categories?post=957693"},{"taxonomy":"post_tag","embeddable":true,"href":"https:\/\/www.eldigitaldeasturias.com\/noticias\/wp-json\/wp\/v2\/tags?post=957693"}],"curies":[{"name":"wp","href":"https:\/\/api.w.org\/{rel}","templated":true}]}}