{"id":957555,"date":"2017-10-25T21:54:39","date_gmt":"2017-10-25T21:54:39","guid":{"rendered":"http:\/\/www.eldigitaldeasturias.com\/noticias\/?p=957555"},"modified":"2017-10-25T21:54:39","modified_gmt":"2017-10-25T21:54:39","slug":"garcia-tejerina-el-gobierno-ha-definido-una-estrategia-nacional-frente-al-reto-demografico","status":"publish","type":"post","link":"https:\/\/www.eldigitaldeasturias.com\/noticias\/garcia-tejerina-el-gobierno-ha-definido-una-estrategia-nacional-frente-al-reto-demografico\/","title":{"rendered":"Garc\u00eda Tejerina: \u00abEl Gobierno ha definido una Estrategia Nacional frente al reto demogr\u00e1fico\u00bb"},"content":{"rendered":"<p><img loading=\"lazy\" decoding=\"async\" class=\"alignleft size-medium wp-image-957556\" src=\"https:\/\/www.eldigitaldeasturias.com\/noticias\/wp-content\/uploads\/2017\/10\/251017Tejerina-360x239.jpg\" alt=\"\" width=\"360\" height=\"239\" \/>La ministra de Agricultura y Pesca, Alimentaci\u00f3n y Medio Ambiente, Isabel Garc\u00eda Tejerina, ha destacado la preocupaci\u00f3n del Gobierno de Espa\u00f1a por la p\u00e9rdida de poblaci\u00f3n en el medio rural, un desaf\u00edo al que se est\u00e1 dando un enfoque multisectorial, como una de las prioridades de la agenda pol\u00edtica.<\/p>\n<p>\u200bPor ello, ha a\u00f1adido la ministra, la Conferencia de Presidentes, celebrada el pasado mes de enero, acord\u00f3 la constituci\u00f3n del Comisionado del Gobierno frente al reto Demogr\u00e1fico, que coordina los trabajos. Para trasladar esa prioridad del Gobierno a las pol\u00edticas p\u00fablicas, Garc\u00eda Tejerina ha explicado que se ha definido una Estrategia Nacional frente al reto demogr\u00e1fico y se ha constituido un Grupo de Trabajo, para abordar el apoyo a la renovaci\u00f3n demogr\u00e1fica y dar un tratamiento espec\u00edfico a la despoblaci\u00f3n.<\/p>\n<p>La ministra, que ha intervenido en el Pleno del Congreso de los Diputados, ha detallado algunas de esas medidas que se est\u00e1n llevando a cabo y que, en materia de empleo, se plasman en la convocatoria de ayudas por valor de 100 millones de euros, dirigidas a entidades locales, para programas de formaci\u00f3n y empleabilidad de j\u00f3venes que no estudian ni trabajan. Unas ayudas de las que se est\u00e1n beneficiando casi 12.000 j\u00f3venes, y que se ampliar\u00e1 con una nueva convocatoria.<\/p>\n<p>Tambi\u00e9n en el \u00e1mbito de las comunicaciones se han puesto en marcha actuaciones para luchar contra la brecha digital en el medio rural. Para ello, ha explicado Garc\u00eda Tejerina, se han aprobado ayudas para la contrataci\u00f3n de banda ancha que beneficiar\u00e1 a casi dos millones de hogares en el medio rural, y se han incrementado en un 58% las ayudas para la extensi\u00f3n de redes de alta velocidad.<\/p>\n<p>En relaci\u00f3n con la sostenibilidad, la ministra ha recordado que en junio se convocaron subvenciones por valor de 336 millones de euros, para la financiaci\u00f3n de proyectos de eficiencia energ\u00e9tica y movilidad sostenible para ayuntamientos con menos de 20.000 habitantes.<\/p>\n<p>Por otra parte, Garc\u00eda Tejerina ha se\u00f1alado que se est\u00e1 prestando atenci\u00f3n a los colectivos prioritarios como j\u00f3venes y mujeres, en unas zonas de censos envejecidos y muchas veces masculinizados, mientras que para la mujer rural, adem\u00e1s del Plan de promoci\u00f3n, se est\u00e1 acordando con las comunidades aut\u00f3nomas un amplio paquete de medidas para, entre otras cuestiones, favorecer el relevo generacional y la titularidad compartida.<\/p>\n<p>Junto a estas iniciativas, la ministra ha explicado que se est\u00e1 desarrollando una pol\u00edtica forestal que no exist\u00eda, necesaria para la preservaci\u00f3n de los montes y fuente de riqueza en el medio rural, y se est\u00e1 trabajando para que la futura Pol\u00edtica Agraria Com\u00fan tenga en cuenta la realidad de la despoblaci\u00f3n.<\/p>\n","protected":false},"excerpt":{"rendered":"<p>La ministra de Agricultura y Pesca, Alimentaci\u00f3n y Medio Ambiente, Isabel Garc\u00eda Tejerina, ha destacado la preocupaci\u00f3n del Gobierno de Espa\u00f1a por la p\u00e9rdida de poblaci\u00f3n en el medio rural, un desaf\u00edo al que se est\u00e1 dando un enfoque multisectorial, como una de las prioridades de la agenda pol\u00edtica. \u200bPor ello, ha a\u00f1adido la ministra, [&hellip;]<\/p>\n","protected":false},"author":1,"featured_media":957556,"comment_status":"closed","ping_status":"closed","sticky":false,"template":"","format":"standard","meta":{"footnotes":""},"categories":[1],"tags":[],"class_list":["post-957555","post","type-post","status-publish","format-standard","has-post-thumbnail","hentry","category-actualidad"],"aioseo_notices":[],"aioseo_head":"\n\t\t<!-- All in One SEO Pro 5.0.1 - aioseo.com -->\n\t<meta name=\"description\" content=\"La ministra de Agricultura y Pesca, Alimentaci\u00f3n y Medio Ambiente, Isabel Garc\u00eda Tejerina, ha destacado la preocupaci\u00f3n del Gobierno de Espa\u00f1a por la p\u00e9rdida de poblaci\u00f3n en el medio rural, un desaf\u00edo al que se est\u00e1 dando un enfoque multisectorial, como una de las prioridades de la agenda pol\u00edtica. \u200bPor ello, ha a\u00f1adido la ministra,\" \/>\n\t<meta name=\"robots\" content=\"max-image-preview:large\" \/>\n\t<meta name=\"author\" content=\"El Digital de Asturias\"\/>\n\t<meta name=\"google-site-verification\" content=\"UA-38556648-1\" \/>\n\t<meta name=\"msvalidate.01\" content=\"7dfe9f3f1b24437ab69f4f2559babe99\" \/>\n\t<meta name=\"keywords\" content=\"actualidad\" \/>\n\t<link rel=\"canonical\" href=\"https:\/\/www.eldigitaldeasturias.com\/noticias\/garcia-tejerina-el-gobierno-ha-definido-una-estrategia-nacional-frente-al-reto-demografico\/\" \/>\n\t<meta name=\"generator\" content=\"All in One SEO Pro (AIOSEO) 5.0.1\" \/>\n\t\t<meta property=\"og:locale\" content=\"es_ES\" \/>\n\t\t<meta property=\"og:site_name\" content=\"El Digital de Asturias\" \/>\n\t\t<meta property=\"og:type\" content=\"article\" \/>\n\t\t<meta property=\"og:title\" content=\"Garc\u00eda Tejerina: \u00abEl Gobierno ha definido una Estrategia Nacional frente al reto demogr\u00e1fico\u00bb - El Digital de Asturias\" \/>\n\t\t<meta property=\"og:description\" content=\"La ministra de Agricultura y Pesca, Alimentaci\u00f3n y Medio Ambiente, Isabel Garc\u00eda Tejerina, ha destacado la preocupaci\u00f3n del Gobierno de Espa\u00f1a por la p\u00e9rdida de poblaci\u00f3n en el medio rural, un desaf\u00edo al que se est\u00e1 dando un enfoque multisectorial, como una de las prioridades de la agenda pol\u00edtica. \u200bPor ello, ha a\u00f1adido la ministra,\" \/>\n\t\t<meta property=\"og:url\" content=\"https:\/\/www.eldigitaldeasturias.com\/noticias\/garcia-tejerina-el-gobierno-ha-definido-una-estrategia-nacional-frente-al-reto-demografico\/\" \/>\n\t\t<meta property=\"article:tag\" content=\"actualidad\" \/>\n\t\t<meta property=\"article:published_time\" content=\"2017-10-25T21:54:39+00:00\" \/>\n\t\t<meta property=\"article:modified_time\" content=\"2017-10-25T21:54:39+00:00\" \/>\n\t\t<meta property=\"article:publisher\" content=\"https:\/\/facebook.com\/eldigitaldeasturias\" \/>\n\t\t<meta name=\"twitter:card\" content=\"summary_large_image\" \/>\n\t\t<meta name=\"twitter:title\" content=\"Garc\u00eda Tejerina: \u00abEl Gobierno ha definido una Estrategia Nacional frente al reto demogr\u00e1fico\u00bb - El Digital de Asturias\" \/>\n\t\t<meta name=\"twitter:description\" content=\"La ministra de Agricultura y Pesca, Alimentaci\u00f3n y Medio Ambiente, Isabel Garc\u00eda Tejerina, ha destacado la preocupaci\u00f3n del Gobierno de Espa\u00f1a por la p\u00e9rdida de poblaci\u00f3n en el medio rural, un desaf\u00edo al que se est\u00e1 dando un enfoque multisectorial, como una de las prioridades de la agenda pol\u00edtica. \u200bPor ello, ha a\u00f1adido la ministra,\" \/>\n\t\t<meta name=\"twitter:image\" content=\"https:\/\/www.eldigitaldeasturias.com\/noticias\/wp-content\/uploads\/2020\/12\/EDA-1.jpg\" \/>\n\t\t<meta name=\"twitter:label1\" content=\"Escrito por\" \/>\n\t\t<meta name=\"twitter:data1\" content=\"El Digital de Asturias\" \/>\n\t\t<meta name=\"twitter:label2\" content=\"Tiempo de lectura estimado\" \/>\n\t\t<meta name=\"twitter:data2\" content=\"2 minutos\" \/>\n\t\t<script type=\"application\/ld+json\" class=\"aioseo-schema\">\n\t\t\t{\"@context\":\"https:\\\/\\\/schema.org\",\"@graph\":[{\"@type\":\"BlogPosting\",\"@id\":\"https:\\\/\\\/www.eldigitaldeasturias.com\\\/noticias\\\/garcia-tejerina-el-gobierno-ha-definido-una-estrategia-nacional-frente-al-reto-demografico\\\/#blogposting\",\"name\":\"Garc\\u00eda Tejerina: \\u00abEl Gobierno ha definido una Estrategia Nacional frente al reto demogr\\u00e1fico\\u00bb - El Digital de Asturias\",\"headline\":\"Garc\\u00eda Tejerina: \\u00abEl Gobierno ha definido una Estrategia Nacional frente al reto demogr\\u00e1fico\\u00bb\",\"author\":{\"@id\":\"https:\\\/\\\/www.eldigitaldeasturias.com\\\/noticias\\\/author\\\/admin\\\/#author\"},\"publisher\":{\"@id\":\"https:\\\/\\\/www.eldigitaldeasturias.com\\\/noticias\\\/#organization\"},\"image\":{\"@type\":\"ImageObject\",\"url\":957556},\"datePublished\":\"2017-10-25T21:54:39+02:00\",\"dateModified\":\"2017-10-25T21:54:39+02:00\",\"inLanguage\":\"es-ES\",\"mainEntityOfPage\":{\"@id\":\"https:\\\/\\\/www.eldigitaldeasturias.com\\\/noticias\\\/garcia-tejerina-el-gobierno-ha-definido-una-estrategia-nacional-frente-al-reto-demografico\\\/#webpage\"},\"isPartOf\":{\"@id\":\"https:\\\/\\\/www.eldigitaldeasturias.com\\\/noticias\\\/garcia-tejerina-el-gobierno-ha-definido-una-estrategia-nacional-frente-al-reto-demografico\\\/#webpage\"},\"articleSection\":\"Actualidad\"},{\"@type\":\"BreadcrumbList\",\"@id\":\"https:\\\/\\\/www.eldigitaldeasturias.com\\\/noticias\\\/garcia-tejerina-el-gobierno-ha-definido-una-estrategia-nacional-frente-al-reto-demografico\\\/#breadcrumblist\",\"itemListElement\":[{\"@type\":\"ListItem\",\"@id\":\"https:\\\/\\\/www.eldigitaldeasturias.com\\\/noticias#listItem\",\"position\":1,\"name\":\"Home\",\"item\":\"https:\\\/\\\/www.eldigitaldeasturias.com\\\/noticias\",\"nextItem\":{\"@type\":\"ListItem\",\"@id\":\"https:\\\/\\\/www.eldigitaldeasturias.com\\\/noticias\\\/category\\\/actualidad\\\/#listItem\",\"name\":\"Actualidad\"}},{\"@type\":\"ListItem\",\"@id\":\"https:\\\/\\\/www.eldigitaldeasturias.com\\\/noticias\\\/category\\\/actualidad\\\/#listItem\",\"position\":2,\"name\":\"Actualidad\",\"item\":\"https:\\\/\\\/www.eldigitaldeasturias.com\\\/noticias\\\/category\\\/actualidad\\\/\",\"nextItem\":{\"@type\":\"ListItem\",\"@id\":\"https:\\\/\\\/www.eldigitaldeasturias.com\\\/noticias\\\/garcia-tejerina-el-gobierno-ha-definido-una-estrategia-nacional-frente-al-reto-demografico\\\/#listItem\",\"name\":\"Garc\\u00eda Tejerina: \\u00abEl Gobierno ha definido una Estrategia Nacional frente al reto demogr\\u00e1fico\\u00bb\"},\"previousItem\":{\"@type\":\"ListItem\",\"@id\":\"https:\\\/\\\/www.eldigitaldeasturias.com\\\/noticias#listItem\",\"name\":\"Home\"}},{\"@type\":\"ListItem\",\"@id\":\"https:\\\/\\\/www.eldigitaldeasturias.com\\\/noticias\\\/garcia-tejerina-el-gobierno-ha-definido-una-estrategia-nacional-frente-al-reto-demografico\\\/#listItem\",\"position\":3,\"name\":\"Garc\\u00eda Tejerina: \\u00abEl Gobierno ha definido una Estrategia Nacional frente al reto demogr\\u00e1fico\\u00bb\",\"previousItem\":{\"@type\":\"ListItem\",\"@id\":\"https:\\\/\\\/www.eldigitaldeasturias.com\\\/noticias\\\/category\\\/actualidad\\\/#listItem\",\"name\":\"Actualidad\"}}]},{\"@type\":\"Organization\",\"@id\":\"https:\\\/\\\/www.eldigitaldeasturias.com\\\/noticias\\\/#organization\",\"name\":\"El Digital de Asturias\",\"description\":\"Hemeroteca\",\"url\":\"https:\\\/\\\/www.eldigitaldeasturias.com\\\/noticias\\\/\",\"email\":\"info@eldigitaldeasturias.com\",\"telephone\":\"+34652131393\",\"logo\":{\"@type\":\"ImageObject\",\"url\":\"https:\\\/\\\/www.eldigitaldeasturias.com\\\/noticias\\\/wp-content\\\/uploads\\\/2020\\\/12\\\/EDA.jpg\",\"@id\":\"https:\\\/\\\/www.eldigitaldeasturias.com\\\/noticias\\\/garcia-tejerina-el-gobierno-ha-definido-una-estrategia-nacional-frente-al-reto-demografico\\\/#organizationLogo\"},\"image\":{\"@id\":\"https:\\\/\\\/www.eldigitaldeasturias.com\\\/noticias\\\/garcia-tejerina-el-gobierno-ha-definido-una-estrategia-nacional-frente-al-reto-demografico\\\/#organizationLogo\"},\"sameAs\":[\"https:\\\/\\\/facebook.com\\\/eldigitaldeasturias\",\"https:\\\/\\\/www.youtube.com\\\/channel\\\/UCZP-2wLEB9Rv6erhFmqVnvg\"],\"address\":{\"@id\":\"https:\\\/\\\/www.eldigitaldeasturias.com\\\/noticias\\\/#postaladdress\",\"@type\":\"PostalAddress\",\"streetAddress\":\"san antonio 4\",\"postalCode\":\"33430\",\"addressLocality\":\"Cand\\u00e1s\",\"addressRegion\":\"Asturias\",\"addressCountry\":\"ES\"}},{\"@type\":\"Person\",\"@id\":\"https:\\\/\\\/www.eldigitaldeasturias.com\\\/noticias\\\/author\\\/admin\\\/#author\",\"url\":\"https:\\\/\\\/www.eldigitaldeasturias.com\\\/noticias\\\/author\\\/admin\\\/\",\"name\":\"El Digital de Asturias\",\"image\":{\"@type\":\"ImageObject\",\"@id\":\"https:\\\/\\\/www.eldigitaldeasturias.com\\\/noticias\\\/garcia-tejerina-el-gobierno-ha-definido-una-estrategia-nacional-frente-al-reto-demografico\\\/#authorImage\",\"url\":\"https:\\\/\\\/secure.gravatar.com\\\/avatar\\\/df2aeffc32bcd13f8d26072ef8a91b623d677766deac7f97ca815868cd41bf5e?s=96&d=mm&r=g\",\"width\":96,\"height\":96,\"caption\":\"El Digital de Asturias\"}},{\"@type\":\"WebPage\",\"@id\":\"https:\\\/\\\/www.eldigitaldeasturias.com\\\/noticias\\\/garcia-tejerina-el-gobierno-ha-definido-una-estrategia-nacional-frente-al-reto-demografico\\\/#webpage\",\"url\":\"https:\\\/\\\/www.eldigitaldeasturias.com\\\/noticias\\\/garcia-tejerina-el-gobierno-ha-definido-una-estrategia-nacional-frente-al-reto-demografico\\\/\",\"name\":\"Garc\\u00eda Tejerina: \\u00abEl Gobierno ha definido una Estrategia Nacional frente al reto demogr\\u00e1fico\\u00bb - El Digital de Asturias\",\"description\":\"La ministra de Agricultura y Pesca, Alimentaci\\u00f3n y Medio Ambiente, Isabel Garc\\u00eda Tejerina, ha destacado la preocupaci\\u00f3n del Gobierno de Espa\\u00f1a por la p\\u00e9rdida de poblaci\\u00f3n en el medio rural, un desaf\\u00edo al que se est\\u00e1 dando un enfoque multisectorial, como una de las prioridades de la agenda pol\\u00edtica. \\u200bPor ello, ha a\\u00f1adido la ministra,\",\"inLanguage\":\"es-ES\",\"isPartOf\":{\"@id\":\"https:\\\/\\\/www.eldigitaldeasturias.com\\\/noticias\\\/#website\"},\"breadcrumb\":{\"@id\":\"https:\\\/\\\/www.eldigitaldeasturias.com\\\/noticias\\\/garcia-tejerina-el-gobierno-ha-definido-una-estrategia-nacional-frente-al-reto-demografico\\\/#breadcrumblist\"},\"author\":{\"@id\":\"https:\\\/\\\/www.eldigitaldeasturias.com\\\/noticias\\\/author\\\/admin\\\/#author\"},\"creator\":{\"@id\":\"https:\\\/\\\/www.eldigitaldeasturias.com\\\/noticias\\\/author\\\/admin\\\/#author\"},\"image\":{\"@type\":\"ImageObject\",\"url\":957556,\"@id\":\"https:\\\/\\\/www.eldigitaldeasturias.com\\\/noticias\\\/garcia-tejerina-el-gobierno-ha-definido-una-estrategia-nacional-frente-al-reto-demografico\\\/#mainImage\"},\"primaryImageOfPage\":{\"@id\":\"https:\\\/\\\/www.eldigitaldeasturias.com\\\/noticias\\\/garcia-tejerina-el-gobierno-ha-definido-una-estrategia-nacional-frente-al-reto-demografico\\\/#mainImage\"},\"datePublished\":\"2017-10-25T21:54:39+02:00\",\"dateModified\":\"2017-10-25T21:54:39+02:00\"},{\"@type\":\"WebSite\",\"@id\":\"https:\\\/\\\/www.eldigitaldeasturias.com\\\/noticias\\\/#website\",\"url\":\"https:\\\/\\\/www.eldigitaldeasturias.com\\\/noticias\\\/\",\"name\":\"El Digital de Asturias - Diario de actualidad y noticias\",\"alternateName\":\"El Digital de Asturias - Diario de actualidad y noticias\",\"description\":\"Hemeroteca\",\"inLanguage\":\"es-ES\",\"publisher\":{\"@id\":\"https:\\\/\\\/www.eldigitaldeasturias.com\\\/noticias\\\/#organization\"}}]}\n\t\t<\/script>\n\t\t<!-- All in One SEO Pro -->\r\n\t\t<title>Garc\u00eda Tejerina: \u00abEl Gobierno ha definido una Estrategia Nacional frente al reto demogr\u00e1fico\u00bb - El Digital de Asturias<\/title>\n\n","aioseo_head_json":{"title":"Garc\u00eda Tejerina: \u00abEl Gobierno ha definido una Estrategia Nacional frente al reto demogr\u00e1fico\u00bb - El Digital de Asturias","description":"La ministra de Agricultura y Pesca, Alimentaci\u00f3n y Medio Ambiente, Isabel Garc\u00eda Tejerina, ha destacado la preocupaci\u00f3n del Gobierno de Espa\u00f1a por la p\u00e9rdida de poblaci\u00f3n en el medio rural, un desaf\u00edo al que se est\u00e1 dando un enfoque multisectorial, como una de las prioridades de la agenda pol\u00edtica. \u200bPor ello, ha a\u00f1adido la ministra,","canonical_url":"https:\/\/www.eldigitaldeasturias.com\/noticias\/garcia-tejerina-el-gobierno-ha-definido-una-estrategia-nacional-frente-al-reto-demografico\/","robots":"max-image-preview:large","keywords":"actualidad","webmasterTools":{"google-site-verification":"UA-38556648-1","msvalidate.01":"7dfe9f3f1b24437ab69f4f2559babe99","miscellaneous":""},"schema":{"@context":"https:\/\/schema.org","@graph":[{"@type":"BlogPosting","@id":"https:\/\/www.eldigitaldeasturias.com\/noticias\/garcia-tejerina-el-gobierno-ha-definido-una-estrategia-nacional-frente-al-reto-demografico\/#blogposting","name":"Garc\u00eda Tejerina: \u00abEl Gobierno ha definido una Estrategia Nacional frente al reto demogr\u00e1fico\u00bb - El Digital de Asturias","headline":"Garc\u00eda Tejerina: \u00abEl Gobierno ha definido una Estrategia Nacional frente al reto demogr\u00e1fico\u00bb","author":{"@id":"https:\/\/www.eldigitaldeasturias.com\/noticias\/author\/admin\/#author"},"publisher":{"@id":"https:\/\/www.eldigitaldeasturias.com\/noticias\/#organization"},"image":{"@type":"ImageObject","url":957556},"datePublished":"2017-10-25T21:54:39+02:00","dateModified":"2017-10-25T21:54:39+02:00","inLanguage":"es-ES","mainEntityOfPage":{"@id":"https:\/\/www.eldigitaldeasturias.com\/noticias\/garcia-tejerina-el-gobierno-ha-definido-una-estrategia-nacional-frente-al-reto-demografico\/#webpage"},"isPartOf":{"@id":"https:\/\/www.eldigitaldeasturias.com\/noticias\/garcia-tejerina-el-gobierno-ha-definido-una-estrategia-nacional-frente-al-reto-demografico\/#webpage"},"articleSection":"Actualidad"},{"@type":"BreadcrumbList","@id":"https:\/\/www.eldigitaldeasturias.com\/noticias\/garcia-tejerina-el-gobierno-ha-definido-una-estrategia-nacional-frente-al-reto-demografico\/#breadcrumblist","itemListElement":[{"@type":"ListItem","@id":"https:\/\/www.eldigitaldeasturias.com\/noticias#listItem","position":1,"name":"Home","item":"https:\/\/www.eldigitaldeasturias.com\/noticias","nextItem":{"@type":"ListItem","@id":"https:\/\/www.eldigitaldeasturias.com\/noticias\/category\/actualidad\/#listItem","name":"Actualidad"}},{"@type":"ListItem","@id":"https:\/\/www.eldigitaldeasturias.com\/noticias\/category\/actualidad\/#listItem","position":2,"name":"Actualidad","item":"https:\/\/www.eldigitaldeasturias.com\/noticias\/category\/actualidad\/","nextItem":{"@type":"ListItem","@id":"https:\/\/www.eldigitaldeasturias.com\/noticias\/garcia-tejerina-el-gobierno-ha-definido-una-estrategia-nacional-frente-al-reto-demografico\/#listItem","name":"Garc\u00eda Tejerina: \u00abEl Gobierno ha definido una Estrategia Nacional frente al reto demogr\u00e1fico\u00bb"},"previousItem":{"@type":"ListItem","@id":"https:\/\/www.eldigitaldeasturias.com\/noticias#listItem","name":"Home"}},{"@type":"ListItem","@id":"https:\/\/www.eldigitaldeasturias.com\/noticias\/garcia-tejerina-el-gobierno-ha-definido-una-estrategia-nacional-frente-al-reto-demografico\/#listItem","position":3,"name":"Garc\u00eda Tejerina: \u00abEl Gobierno ha definido una Estrategia Nacional frente al reto demogr\u00e1fico\u00bb","previousItem":{"@type":"ListItem","@id":"https:\/\/www.eldigitaldeasturias.com\/noticias\/category\/actualidad\/#listItem","name":"Actualidad"}}]},{"@type":"Organization","@id":"https:\/\/www.eldigitaldeasturias.com\/noticias\/#organization","name":"El Digital de Asturias","description":"Hemeroteca","url":"https:\/\/www.eldigitaldeasturias.com\/noticias\/","email":"info@eldigitaldeasturias.com","telephone":"+34652131393","logo":{"@type":"ImageObject","url":"https:\/\/www.eldigitaldeasturias.com\/noticias\/wp-content\/uploads\/2020\/12\/EDA.jpg","@id":"https:\/\/www.eldigitaldeasturias.com\/noticias\/garcia-tejerina-el-gobierno-ha-definido-una-estrategia-nacional-frente-al-reto-demografico\/#organizationLogo"},"image":{"@id":"https:\/\/www.eldigitaldeasturias.com\/noticias\/garcia-tejerina-el-gobierno-ha-definido-una-estrategia-nacional-frente-al-reto-demografico\/#organizationLogo"},"sameAs":["https:\/\/facebook.com\/eldigitaldeasturias","https:\/\/www.youtube.com\/channel\/UCZP-2wLEB9Rv6erhFmqVnvg"],"address":{"@id":"https:\/\/www.eldigitaldeasturias.com\/noticias\/#postaladdress","@type":"PostalAddress","streetAddress":"san antonio 4","postalCode":"33430","addressLocality":"Cand\u00e1s","addressRegion":"Asturias","addressCountry":"ES"}},{"@type":"Person","@id":"https:\/\/www.eldigitaldeasturias.com\/noticias\/author\/admin\/#author","url":"https:\/\/www.eldigitaldeasturias.com\/noticias\/author\/admin\/","name":"El Digital de Asturias","image":{"@type":"ImageObject","@id":"https:\/\/www.eldigitaldeasturias.com\/noticias\/garcia-tejerina-el-gobierno-ha-definido-una-estrategia-nacional-frente-al-reto-demografico\/#authorImage","url":"https:\/\/secure.gravatar.com\/avatar\/df2aeffc32bcd13f8d26072ef8a91b623d677766deac7f97ca815868cd41bf5e?s=96&d=mm&r=g","width":96,"height":96,"caption":"El Digital de Asturias"}},{"@type":"WebPage","@id":"https:\/\/www.eldigitaldeasturias.com\/noticias\/garcia-tejerina-el-gobierno-ha-definido-una-estrategia-nacional-frente-al-reto-demografico\/#webpage","url":"https:\/\/www.eldigitaldeasturias.com\/noticias\/garcia-tejerina-el-gobierno-ha-definido-una-estrategia-nacional-frente-al-reto-demografico\/","name":"Garc\u00eda Tejerina: \u00abEl Gobierno ha definido una Estrategia Nacional frente al reto demogr\u00e1fico\u00bb - El Digital de Asturias","description":"La ministra de Agricultura y Pesca, Alimentaci\u00f3n y Medio Ambiente, Isabel Garc\u00eda Tejerina, ha destacado la preocupaci\u00f3n del Gobierno de Espa\u00f1a por la p\u00e9rdida de poblaci\u00f3n en el medio rural, un desaf\u00edo al que se est\u00e1 dando un enfoque multisectorial, como una de las prioridades de la agenda pol\u00edtica. \u200bPor ello, ha a\u00f1adido la ministra,","inLanguage":"es-ES","isPartOf":{"@id":"https:\/\/www.eldigitaldeasturias.com\/noticias\/#website"},"breadcrumb":{"@id":"https:\/\/www.eldigitaldeasturias.com\/noticias\/garcia-tejerina-el-gobierno-ha-definido-una-estrategia-nacional-frente-al-reto-demografico\/#breadcrumblist"},"author":{"@id":"https:\/\/www.eldigitaldeasturias.com\/noticias\/author\/admin\/#author"},"creator":{"@id":"https:\/\/www.eldigitaldeasturias.com\/noticias\/author\/admin\/#author"},"image":{"@type":"ImageObject","url":957556,"@id":"https:\/\/www.eldigitaldeasturias.com\/noticias\/garcia-tejerina-el-gobierno-ha-definido-una-estrategia-nacional-frente-al-reto-demografico\/#mainImage"},"primaryImageOfPage":{"@id":"https:\/\/www.eldigitaldeasturias.com\/noticias\/garcia-tejerina-el-gobierno-ha-definido-una-estrategia-nacional-frente-al-reto-demografico\/#mainImage"},"datePublished":"2017-10-25T21:54:39+02:00","dateModified":"2017-10-25T21:54:39+02:00"},{"@type":"WebSite","@id":"https:\/\/www.eldigitaldeasturias.com\/noticias\/#website","url":"https:\/\/www.eldigitaldeasturias.com\/noticias\/","name":"El Digital de Asturias - Diario de actualidad y noticias","alternateName":"El Digital de Asturias - Diario de actualidad y noticias","description":"Hemeroteca","inLanguage":"es-ES","publisher":{"@id":"https:\/\/www.eldigitaldeasturias.com\/noticias\/#organization"}}]},"og:locale":"es_ES","og:site_name":"El Digital de Asturias","og:type":"article","og:title":"Garc\u00eda Tejerina: \u00abEl Gobierno ha definido una Estrategia Nacional frente al reto demogr\u00e1fico\u00bb - El Digital de Asturias","og:description":"La ministra de Agricultura y Pesca, Alimentaci\u00f3n y Medio Ambiente, Isabel Garc\u00eda Tejerina, ha destacado la preocupaci\u00f3n del Gobierno de Espa\u00f1a por la p\u00e9rdida de poblaci\u00f3n en el medio rural, un desaf\u00edo al que se est\u00e1 dando un enfoque multisectorial, como una de las prioridades de la agenda pol\u00edtica. \u200bPor ello, ha a\u00f1adido la ministra,","og:url":"https:\/\/www.eldigitaldeasturias.com\/noticias\/garcia-tejerina-el-gobierno-ha-definido-una-estrategia-nacional-frente-al-reto-demografico\/","article:tag":["actualidad"],"article:published_time":"2017-10-25T21:54:39+00:00","article:modified_time":"2017-10-25T21:54:39+00:00","article:publisher":"https:\/\/facebook.com\/eldigitaldeasturias","twitter:card":"summary_large_image","twitter:title":"Garc\u00eda Tejerina: \u00abEl Gobierno ha definido una Estrategia Nacional frente al reto demogr\u00e1fico\u00bb - El Digital de Asturias","twitter:description":"La ministra de Agricultura y Pesca, Alimentaci\u00f3n y Medio Ambiente, Isabel Garc\u00eda Tejerina, ha destacado la preocupaci\u00f3n del Gobierno de Espa\u00f1a por la p\u00e9rdida de poblaci\u00f3n en el medio rural, un desaf\u00edo al que se est\u00e1 dando un enfoque multisectorial, como una de las prioridades de la agenda pol\u00edtica. \u200bPor ello, ha a\u00f1adido la ministra,","twitter:image":"https:\/\/www.eldigitaldeasturias.com\/noticias\/wp-content\/uploads\/2020\/12\/EDA-1.jpg","twitter:label1":"Escrito por","twitter:data1":"El Digital de Asturias","twitter:label2":"Tiempo de lectura estimado","twitter:data2":"2 minutos"},"aioseo_meta_data":{"post_id":"957555","title":null,"description":null,"keywords":null,"keyphrases":null,"primary_term":null,"canonical_url":null,"og_title":null,"og_description":null,"og_object_type":"default","og_image_type":"default","og_image_url":null,"og_image_width":null,"og_image_height":null,"og_image_custom_url":null,"og_image_custom_fields":null,"og_video":null,"og_custom_url":null,"og_article_section":null,"og_article_tags":null,"twitter_use_og":false,"twitter_card":"default","twitter_image_type":"default","twitter_image_url":null,"twitter_image_custom_url":null,"twitter_image_custom_fields":null,"twitter_title":null,"twitter_description":null,"schema":{"blockGraphs":[],"customGraphs":[],"default":{"data":{"Article":[],"Course":[],"Dataset":[],"FAQPage":[],"Movie":[],"Person":[],"Product":[],"ProductReview":[],"Car":[],"Recipe":[],"Service":[],"SoftwareApplication":[],"WebPage":[]},"graphName":"","isEnabled":true},"graphs":[],"defaultGraph":"","defaultPostTypeGraph":""},"schema_type":null,"schema_type_options":null,"pillar_content":false,"robots_default":true,"robots_noindex":false,"robots_noarchive":false,"robots_nosnippet":false,"robots_nofollow":false,"robots_noimageindex":false,"robots_noodp":false,"robots_notranslate":false,"robots_max_snippet":null,"robots_max_videopreview":null,"robots_max_imagepreview":"large","priority":null,"frequency":null,"local_seo":null,"seo_analyzer_scan_date":"2025-12-06 17:50:07","breadcrumb_settings":null,"limit_modified_date":false,"open_ai":null,"ai":null,"created":"2020-12-21 12:54:31","updated":"2025-12-06 17:50:07","focus_keyword":null,"additional_keywords":null,"truseo_locale":null},"aioseo_breadcrumb":"<div class=\"aioseo-breadcrumbs\"><span class=\"aioseo-breadcrumb\">\n\t<a href=\"https:\/\/www.eldigitaldeasturias.com\/noticias\" title=\"Home\">Home<\/a>\n<\/span><span class=\"aioseo-breadcrumb-separator\">\u2013<\/span><span class=\"aioseo-breadcrumb\">\n\t<a href=\"https:\/\/www.eldigitaldeasturias.com\/noticias\/category\/actualidad\/\" title=\"Actualidad\">Actualidad<\/a>\n<\/span><span class=\"aioseo-breadcrumb-separator\">\u2013<\/span><span class=\"aioseo-breadcrumb\">\n\t<a href=\"https:\/\/www.eldigitaldeasturias.com\/noticias\/garcia-tejerina-el-gobierno-ha-definido-una-estrategia-nacional-frente-al-reto-demografico\/\" title=\"Garc\u00eda Tejerina: \u00abEl Gobierno ha definido una Estrategia Nacional frente al reto demogr\u00e1fico\u00bb\">Garc\u00eda Tejerina: \u00abEl Gobierno ha definido una Estrategia Nacional frente al reto demogr\u00e1fico\u00bb<\/a>\n<\/span><\/div>","aioseo_breadcrumb_json":[{"label":"Home","link":"https:\/\/www.eldigitaldeasturias.com\/noticias"},{"label":"Actualidad","link":"https:\/\/www.eldigitaldeasturias.com\/noticias\/category\/actualidad\/"},{"label":"Garc\u00eda Tejerina: \u00abEl Gobierno ha definido una Estrategia Nacional frente al reto demogr\u00e1fico\u00bb","link":"https:\/\/www.eldigitaldeasturias.com\/noticias\/garcia-tejerina-el-gobierno-ha-definido-una-estrategia-nacional-frente-al-reto-demografico\/"}],"_links":{"self":[{"href":"https:\/\/www.eldigitaldeasturias.com\/noticias\/wp-json\/wp\/v2\/posts\/957555","targetHints":{"allow":["GET"]}}],"collection":[{"href":"https:\/\/www.eldigitaldeasturias.com\/noticias\/wp-json\/wp\/v2\/posts"}],"about":[{"href":"https:\/\/www.eldigitaldeasturias.com\/noticias\/wp-json\/wp\/v2\/types\/post"}],"author":[{"embeddable":true,"href":"https:\/\/www.eldigitaldeasturias.com\/noticias\/wp-json\/wp\/v2\/users\/1"}],"replies":[{"embeddable":true,"href":"https:\/\/www.eldigitaldeasturias.com\/noticias\/wp-json\/wp\/v2\/comments?post=957555"}],"version-history":[{"count":0,"href":"https:\/\/www.eldigitaldeasturias.com\/noticias\/wp-json\/wp\/v2\/posts\/957555\/revisions"}],"wp:attachment":[{"href":"https:\/\/www.eldigitaldeasturias.com\/noticias\/wp-json\/wp\/v2\/media?parent=957555"}],"wp:term":[{"taxonomy":"category","embeddable":true,"href":"https:\/\/www.eldigitaldeasturias.com\/noticias\/wp-json\/wp\/v2\/categories?post=957555"},{"taxonomy":"post_tag","embeddable":true,"href":"https:\/\/www.eldigitaldeasturias.com\/noticias\/wp-json\/wp\/v2\/tags?post=957555"}],"curies":[{"name":"wp","href":"https:\/\/api.w.org\/{rel}","templated":true}]}}