{"id":957553,"date":"2017-10-25T21:51:03","date_gmt":"2017-10-25T21:51:03","guid":{"rendered":"http:\/\/www.eldigitaldeasturias.com\/noticias\/?p=957553"},"modified":"2017-10-25T21:51:03","modified_gmt":"2017-10-25T21:51:03","slug":"pedro-sanchez-le-lanza-un-dardo-a-la-otra-izquierda","status":"publish","type":"post","link":"https:\/\/www.eldigitaldeasturias.com\/noticias\/pedro-sanchez-le-lanza-un-dardo-a-la-otra-izquierda\/","title":{"rendered":"Pedro S\u00e1nchez le lanza un dardo a \u201cla otra izquierda\u201d"},"content":{"rendered":"<p><img loading=\"lazy\" decoding=\"async\" class=\"alignleft size-medium wp-image-793321\" src=\"https:\/\/www.eldigitaldeasturias.com\/noticias\/wp-content\/uploads\/2015\/07\/pedro-sanchez-360x240.jpg\" alt=\"\" width=\"360\" height=\"240\" \/>El secretario general del PSOE, Pedro S\u00e1nchez, asegur\u00f3\u00a0que ante la crisis catalana, \u201cel PSOE se enfrenta a la disyuntiva de elegir entre dar la espalda a Espa\u00f1a, prolongar esta agon\u00eda en Catalu\u00f1a, que lo \u00fanico que hace es fracturar la convivencia, inestabilizar la pol\u00edtica y la econom\u00eda, poner en riesgo muchos puestos de trabajo de personas que son vulnerables y por los cuales nosotros existimos como socialdemocracia. Esa es una opci\u00f3n. Y la segunda, saber que la mejor forma de defender la Constituci\u00f3n es poner freno a cualquier quiebra unilateral de nuestra convivencia y de nuestro ordenamiento constitucional. Y en esa disyuntiva el PSOE opta por la segunda, opta por defender la Constituci\u00f3n\u201d.<\/p>\n<p>Durante su intervenci\u00f3n en la apertura del Congreso del PSRM-PSOE, en Cartagena, S\u00e1nchez ha destacado que los socialistas \u201cqueremos dialogar sobre c\u00f3mo unirnos, nunca sobre c\u00f3mo rompernos\u201d y ha criticado que el secesionismo diga que est\u00e1 abierto al di\u00e1logo, cuando tiene \u201ccerrado el Parlament de Catalu\u00f1a y se niegan a acudir al Congreso de los Diputados a hablar sobre la evaluaci\u00f3n de nuestro modelo territorial y sobre la reforma constitucional\u201d.<\/p>\n<p>Pedro S\u00e1nchez se ha dirigido tambi\u00e9n a esa \u201cotra izquierda que dice que somos el PP, esa que vot\u00f3 en contra de mi investidura y dej\u00f3 a Mariano Rajoy al frente del Gobierno\u201d, para decirle que \u201cel PP y PSOE tienen profundas discrepancias sobre lo que representa Espa\u00f1a: para el PP Espa\u00f1a es la naci\u00f3n en la que vivimos y para el PSOE es la naci\u00f3n en la que queremos vivir\u201d. \u201cPor tanto, discrepancias con el PP sobre lo que es Espa\u00f1a y debe ser va a haber muchas, pero discrepancias sobre la integridad territorial de Espa\u00f1a, ninguna. Y eso ser\u00eda bueno que lo comprendiera tambi\u00e9n esa izquierda\u201d.<\/p>\n<p>\u201cPorque, \u00bfqui\u00e9n va a pagar la factura de esta fractura que est\u00e1 liderando el independentismo en Catalu\u00f1a? Desde luego no va a ser la aristocracia secesionista que ahora est\u00e1 rigiendo las instituciones catalanas, van a ser precisamente aquellos colectivos con menos recursos y aquellos trabajadores que van a ver vulnerados sus derechos a consecuencia de la fuga de empresas, producto de esa inestabilidad jur\u00eddica, econ\u00f3mica y social que est\u00e1 provocando el secesionismo\u201d.<\/p>\n<p>\u201cY nosotros, la izquierda de gobierno, si existimos es para defender a aquellos que no tienen recursos, a aquellos trabajadores y trabajadoras que est\u00e1n viendo como sus empresas se fugan de Catalu\u00f1a\u201d. Por eso, \u201cle digo a esos colectivos de izquierdas que lo piensen bien, porque el secesionismo nada tiene que ver con la izquierda\u201d.<\/p>\n<p>\u201c\u00bfQu\u00e9 es de izquierdas, poner urnas sin ninguna garant\u00eda?\u201d, \u201c\u00bfdefender a qui\u00e9n est\u00e1 provocando una fuga de empresas, poniendo en riesgo la p\u00e9rdida de puestos de trabajo?\u201d. \u201cYo no atisbo a ver ninguna bandera de izquierdas en la causa secesionista\u201d, sentenci\u00f3.<\/p>\n<p>Como afirm\u00f3 Pedro S\u00e1nchez, \u201cpara muchos lo m\u00e1s f\u00e1cil ser\u00eda no asumir ning\u00fan tipo de responsabilidades, es lo que est\u00e1n haciendo\u201d sum\u00e1ndose a consignas o t\u00f3picos sobre cuestiones complejas que incumben al Estado, pero \u201cpara nosotros la \u00fanica alternativa en este momento decisivo es la defensa del estado social y democr\u00e1tico de derecho frente a quienes con sus actos y sus palabras van a terminar da\u00f1ando a los m\u00e1s indefensos y a la clase media trabajadora en Catalu\u00f1a\u201d. \u201cNosotros ejercemos una oposici\u00f3n de Estado y somos la izquierda de gobierno, la que los espa\u00f1oles esperan\u201d, por eso \u201cos pido unidad y convicci\u00f3n\u201d, a\u00f1adi\u00f3.<\/p>\n<p>En otro momento de su intervenci\u00f3n el l\u00edder socialista explic\u00f3 que si algo hemos aprendido a lo largo de nuestra historia es que la democracia y la descentralizaci\u00f3n de muchas competencias hacia entes auton\u00f3micos o locales siempre han ido de la mano, y que el gran acierto de la Constituci\u00f3n del 78 fue precisamente ese, saber combinar esa descentralizaci\u00f3n pol\u00edtica con democracia, \u201cporque entendimos que para consolidar esa democracia ten\u00edamos que asimilar en nuestro ordenamiento constitucional la diversidad enorme y enriquecedora de nuestro pa\u00eds\u201d.<\/p>\n<p>\u201cEso ha permitido \u2013continu\u00f3- que en Catalu\u00f1a durante los \u00faltimos 40 a\u00f1os se haya disfrutado de un autogobierno sin parang\u00f3n en Espa\u00f1a y el conjunto de Europa, en \u00e1mbitos tan sensibles para una sociedad tan apegada a su autogobierno como es la pol\u00edtica cultural, ling\u00fc\u00edstica, fiscal o educativa\u201d, y ha lamentado que sea eso \u201clo que el secesionismo quiere quebrar de manera unilateral, rompiendo con el Estatuto de Autonom\u00eda y con la Constituci\u00f3n del 78 que fue votada mayoritariamente por la sociedad catalana\u201d.<\/p>\n","protected":false},"excerpt":{"rendered":"<p>El secretario general del PSOE, Pedro S\u00e1nchez, asegur\u00f3\u00a0que ante la crisis catalana, \u201cel PSOE se enfrenta a la disyuntiva de elegir entre dar la espalda a Espa\u00f1a, prolongar esta agon\u00eda en Catalu\u00f1a, que lo \u00fanico que hace es fracturar la convivencia, inestabilizar la pol\u00edtica y la econom\u00eda, poner en riesgo muchos puestos de trabajo de [&hellip;]<\/p>\n","protected":false},"author":1,"featured_media":793321,"comment_status":"closed","ping_status":"closed","sticky":false,"template":"","format":"standard","meta":{"footnotes":""},"categories":[1],"tags":[],"class_list":["post-957553","post","type-post","status-publish","format-standard","has-post-thumbnail","hentry","category-actualidad"],"aioseo_notices":[],"aioseo_head":"\n\t\t<!-- All in One SEO Pro 5.0.1 - aioseo.com -->\n\t<meta name=\"description\" content=\"El secretario general del PSOE, Pedro S\u00e1nchez, asegur\u00f3 que ante la crisis catalana, \u201cel PSOE se enfrenta a la disyuntiva de elegir entre dar la espalda a Espa\u00f1a, prolongar esta agon\u00eda en Catalu\u00f1a, que lo \u00fanico que hace es fracturar la convivencia, inestabilizar la pol\u00edtica y la econom\u00eda, poner en riesgo muchos puestos de trabajo de\" \/>\n\t<meta name=\"robots\" content=\"max-image-preview:large\" \/>\n\t<meta name=\"author\" content=\"El Digital de Asturias\"\/>\n\t<meta name=\"google-site-verification\" content=\"UA-38556648-1\" \/>\n\t<meta name=\"msvalidate.01\" content=\"7dfe9f3f1b24437ab69f4f2559babe99\" \/>\n\t<meta name=\"keywords\" content=\"actualidad\" \/>\n\t<link rel=\"canonical\" href=\"https:\/\/www.eldigitaldeasturias.com\/noticias\/pedro-sanchez-le-lanza-un-dardo-a-la-otra-izquierda\/\" \/>\n\t<meta name=\"generator\" content=\"All in One SEO Pro (AIOSEO) 5.0.1\" \/>\n\t\t<meta property=\"og:locale\" content=\"es_ES\" \/>\n\t\t<meta property=\"og:site_name\" content=\"El Digital de Asturias\" \/>\n\t\t<meta property=\"og:type\" content=\"article\" \/>\n\t\t<meta property=\"og:title\" content=\"Pedro S\u00e1nchez le lanza un dardo a \u201cla otra izquierda\u201d - El Digital de Asturias\" \/>\n\t\t<meta property=\"og:description\" content=\"El secretario general del PSOE, Pedro S\u00e1nchez, asegur\u00f3 que ante la crisis catalana, \u201cel PSOE se enfrenta a la disyuntiva de elegir entre dar la espalda a Espa\u00f1a, prolongar esta agon\u00eda en Catalu\u00f1a, que lo \u00fanico que hace es fracturar la convivencia, inestabilizar la pol\u00edtica y la econom\u00eda, poner en riesgo muchos puestos de trabajo de\" \/>\n\t\t<meta property=\"og:url\" content=\"https:\/\/www.eldigitaldeasturias.com\/noticias\/pedro-sanchez-le-lanza-un-dardo-a-la-otra-izquierda\/\" \/>\n\t\t<meta property=\"article:tag\" content=\"actualidad\" \/>\n\t\t<meta property=\"article:published_time\" content=\"2017-10-25T21:51:03+00:00\" \/>\n\t\t<meta property=\"article:modified_time\" content=\"2017-10-25T21:51:03+00:00\" \/>\n\t\t<meta property=\"article:publisher\" content=\"https:\/\/facebook.com\/eldigitaldeasturias\" \/>\n\t\t<meta name=\"twitter:card\" content=\"summary_large_image\" \/>\n\t\t<meta name=\"twitter:title\" content=\"Pedro S\u00e1nchez le lanza un dardo a \u201cla otra izquierda\u201d - El Digital de Asturias\" \/>\n\t\t<meta name=\"twitter:description\" content=\"El secretario general del PSOE, Pedro S\u00e1nchez, asegur\u00f3 que ante la crisis catalana, \u201cel PSOE se enfrenta a la disyuntiva de elegir entre dar la espalda a Espa\u00f1a, prolongar esta agon\u00eda en Catalu\u00f1a, que lo \u00fanico que hace es fracturar la convivencia, inestabilizar la pol\u00edtica y la econom\u00eda, poner en riesgo muchos puestos de trabajo de\" \/>\n\t\t<meta name=\"twitter:image\" content=\"https:\/\/www.eldigitaldeasturias.com\/noticias\/wp-content\/uploads\/2020\/12\/EDA-1.jpg\" \/>\n\t\t<meta name=\"twitter:label1\" content=\"Escrito por\" \/>\n\t\t<meta name=\"twitter:data1\" content=\"El Digital de Asturias\" \/>\n\t\t<meta name=\"twitter:label2\" content=\"Tiempo de lectura estimado\" \/>\n\t\t<meta name=\"twitter:data2\" content=\"4 minutos\" \/>\n\t\t<script type=\"application\/ld+json\" class=\"aioseo-schema\">\n\t\t\t{\"@context\":\"https:\\\/\\\/schema.org\",\"@graph\":[{\"@type\":\"BlogPosting\",\"@id\":\"https:\\\/\\\/www.eldigitaldeasturias.com\\\/noticias\\\/pedro-sanchez-le-lanza-un-dardo-a-la-otra-izquierda\\\/#blogposting\",\"name\":\"Pedro S\\u00e1nchez le lanza un dardo a \\u201cla otra izquierda\\u201d - El Digital de Asturias\",\"headline\":\"Pedro S\\u00e1nchez le lanza un dardo a \\u201cla otra izquierda\\u201d\",\"author\":{\"@id\":\"https:\\\/\\\/www.eldigitaldeasturias.com\\\/noticias\\\/author\\\/admin\\\/#author\"},\"publisher\":{\"@id\":\"https:\\\/\\\/www.eldigitaldeasturias.com\\\/noticias\\\/#organization\"},\"image\":{\"@type\":\"ImageObject\",\"url\":793321},\"datePublished\":\"2017-10-25T21:51:03+02:00\",\"dateModified\":\"2017-10-25T21:51:03+02:00\",\"inLanguage\":\"es-ES\",\"mainEntityOfPage\":{\"@id\":\"https:\\\/\\\/www.eldigitaldeasturias.com\\\/noticias\\\/pedro-sanchez-le-lanza-un-dardo-a-la-otra-izquierda\\\/#webpage\"},\"isPartOf\":{\"@id\":\"https:\\\/\\\/www.eldigitaldeasturias.com\\\/noticias\\\/pedro-sanchez-le-lanza-un-dardo-a-la-otra-izquierda\\\/#webpage\"},\"articleSection\":\"Actualidad\"},{\"@type\":\"BreadcrumbList\",\"@id\":\"https:\\\/\\\/www.eldigitaldeasturias.com\\\/noticias\\\/pedro-sanchez-le-lanza-un-dardo-a-la-otra-izquierda\\\/#breadcrumblist\",\"itemListElement\":[{\"@type\":\"ListItem\",\"@id\":\"https:\\\/\\\/www.eldigitaldeasturias.com\\\/noticias#listItem\",\"position\":1,\"name\":\"Home\",\"item\":\"https:\\\/\\\/www.eldigitaldeasturias.com\\\/noticias\",\"nextItem\":{\"@type\":\"ListItem\",\"@id\":\"https:\\\/\\\/www.eldigitaldeasturias.com\\\/noticias\\\/category\\\/actualidad\\\/#listItem\",\"name\":\"Actualidad\"}},{\"@type\":\"ListItem\",\"@id\":\"https:\\\/\\\/www.eldigitaldeasturias.com\\\/noticias\\\/category\\\/actualidad\\\/#listItem\",\"position\":2,\"name\":\"Actualidad\",\"item\":\"https:\\\/\\\/www.eldigitaldeasturias.com\\\/noticias\\\/category\\\/actualidad\\\/\",\"nextItem\":{\"@type\":\"ListItem\",\"@id\":\"https:\\\/\\\/www.eldigitaldeasturias.com\\\/noticias\\\/pedro-sanchez-le-lanza-un-dardo-a-la-otra-izquierda\\\/#listItem\",\"name\":\"Pedro S\\u00e1nchez le lanza un dardo a \\u201cla otra izquierda\\u201d\"},\"previousItem\":{\"@type\":\"ListItem\",\"@id\":\"https:\\\/\\\/www.eldigitaldeasturias.com\\\/noticias#listItem\",\"name\":\"Home\"}},{\"@type\":\"ListItem\",\"@id\":\"https:\\\/\\\/www.eldigitaldeasturias.com\\\/noticias\\\/pedro-sanchez-le-lanza-un-dardo-a-la-otra-izquierda\\\/#listItem\",\"position\":3,\"name\":\"Pedro S\\u00e1nchez le lanza un dardo a \\u201cla otra izquierda\\u201d\",\"previousItem\":{\"@type\":\"ListItem\",\"@id\":\"https:\\\/\\\/www.eldigitaldeasturias.com\\\/noticias\\\/category\\\/actualidad\\\/#listItem\",\"name\":\"Actualidad\"}}]},{\"@type\":\"Organization\",\"@id\":\"https:\\\/\\\/www.eldigitaldeasturias.com\\\/noticias\\\/#organization\",\"name\":\"El Digital de Asturias\",\"description\":\"Hemeroteca\",\"url\":\"https:\\\/\\\/www.eldigitaldeasturias.com\\\/noticias\\\/\",\"email\":\"info@eldigitaldeasturias.com\",\"telephone\":\"+34652131393\",\"logo\":{\"@type\":\"ImageObject\",\"url\":\"https:\\\/\\\/www.eldigitaldeasturias.com\\\/noticias\\\/wp-content\\\/uploads\\\/2020\\\/12\\\/EDA.jpg\",\"@id\":\"https:\\\/\\\/www.eldigitaldeasturias.com\\\/noticias\\\/pedro-sanchez-le-lanza-un-dardo-a-la-otra-izquierda\\\/#organizationLogo\"},\"image\":{\"@id\":\"https:\\\/\\\/www.eldigitaldeasturias.com\\\/noticias\\\/pedro-sanchez-le-lanza-un-dardo-a-la-otra-izquierda\\\/#organizationLogo\"},\"sameAs\":[\"https:\\\/\\\/facebook.com\\\/eldigitaldeasturias\",\"https:\\\/\\\/www.youtube.com\\\/channel\\\/UCZP-2wLEB9Rv6erhFmqVnvg\"],\"address\":{\"@id\":\"https:\\\/\\\/www.eldigitaldeasturias.com\\\/noticias\\\/#postaladdress\",\"@type\":\"PostalAddress\",\"streetAddress\":\"san antonio 4\",\"postalCode\":\"33430\",\"addressLocality\":\"Cand\\u00e1s\",\"addressRegion\":\"Asturias\",\"addressCountry\":\"ES\"}},{\"@type\":\"Person\",\"@id\":\"https:\\\/\\\/www.eldigitaldeasturias.com\\\/noticias\\\/author\\\/admin\\\/#author\",\"url\":\"https:\\\/\\\/www.eldigitaldeasturias.com\\\/noticias\\\/author\\\/admin\\\/\",\"name\":\"El Digital de Asturias\",\"image\":{\"@type\":\"ImageObject\",\"@id\":\"https:\\\/\\\/www.eldigitaldeasturias.com\\\/noticias\\\/pedro-sanchez-le-lanza-un-dardo-a-la-otra-izquierda\\\/#authorImage\",\"url\":\"https:\\\/\\\/secure.gravatar.com\\\/avatar\\\/df2aeffc32bcd13f8d26072ef8a91b623d677766deac7f97ca815868cd41bf5e?s=96&d=mm&r=g\",\"width\":96,\"height\":96,\"caption\":\"El Digital de Asturias\"}},{\"@type\":\"WebPage\",\"@id\":\"https:\\\/\\\/www.eldigitaldeasturias.com\\\/noticias\\\/pedro-sanchez-le-lanza-un-dardo-a-la-otra-izquierda\\\/#webpage\",\"url\":\"https:\\\/\\\/www.eldigitaldeasturias.com\\\/noticias\\\/pedro-sanchez-le-lanza-un-dardo-a-la-otra-izquierda\\\/\",\"name\":\"Pedro S\\u00e1nchez le lanza un dardo a \\u201cla otra izquierda\\u201d - El Digital de Asturias\",\"description\":\"El secretario general del PSOE, Pedro S\\u00e1nchez, asegur\\u00f3 que ante la crisis catalana, \\u201cel PSOE se enfrenta a la disyuntiva de elegir entre dar la espalda a Espa\\u00f1a, prolongar esta agon\\u00eda en Catalu\\u00f1a, que lo \\u00fanico que hace es fracturar la convivencia, inestabilizar la pol\\u00edtica y la econom\\u00eda, poner en riesgo muchos puestos de trabajo de\",\"inLanguage\":\"es-ES\",\"isPartOf\":{\"@id\":\"https:\\\/\\\/www.eldigitaldeasturias.com\\\/noticias\\\/#website\"},\"breadcrumb\":{\"@id\":\"https:\\\/\\\/www.eldigitaldeasturias.com\\\/noticias\\\/pedro-sanchez-le-lanza-un-dardo-a-la-otra-izquierda\\\/#breadcrumblist\"},\"author\":{\"@id\":\"https:\\\/\\\/www.eldigitaldeasturias.com\\\/noticias\\\/author\\\/admin\\\/#author\"},\"creator\":{\"@id\":\"https:\\\/\\\/www.eldigitaldeasturias.com\\\/noticias\\\/author\\\/admin\\\/#author\"},\"image\":{\"@type\":\"ImageObject\",\"url\":793321,\"@id\":\"https:\\\/\\\/www.eldigitaldeasturias.com\\\/noticias\\\/pedro-sanchez-le-lanza-un-dardo-a-la-otra-izquierda\\\/#mainImage\"},\"primaryImageOfPage\":{\"@id\":\"https:\\\/\\\/www.eldigitaldeasturias.com\\\/noticias\\\/pedro-sanchez-le-lanza-un-dardo-a-la-otra-izquierda\\\/#mainImage\"},\"datePublished\":\"2017-10-25T21:51:03+02:00\",\"dateModified\":\"2017-10-25T21:51:03+02:00\"},{\"@type\":\"WebSite\",\"@id\":\"https:\\\/\\\/www.eldigitaldeasturias.com\\\/noticias\\\/#website\",\"url\":\"https:\\\/\\\/www.eldigitaldeasturias.com\\\/noticias\\\/\",\"name\":\"El Digital de Asturias - Diario de actualidad y noticias\",\"alternateName\":\"El Digital de Asturias - Diario de actualidad y noticias\",\"description\":\"Hemeroteca\",\"inLanguage\":\"es-ES\",\"publisher\":{\"@id\":\"https:\\\/\\\/www.eldigitaldeasturias.com\\\/noticias\\\/#organization\"}}]}\n\t\t<\/script>\n\t\t<!-- All in One SEO Pro -->\r\n\t\t<title>Pedro S\u00e1nchez le lanza un dardo a \u201cla otra izquierda\u201d - El Digital de Asturias<\/title>\n\n","aioseo_head_json":{"title":"Pedro S\u00e1nchez le lanza un dardo a \u201cla otra izquierda\u201d - El Digital de Asturias","description":"El secretario general del PSOE, Pedro S\u00e1nchez, asegur\u00f3 que ante la crisis catalana, \u201cel PSOE se enfrenta a la disyuntiva de elegir entre dar la espalda a Espa\u00f1a, prolongar esta agon\u00eda en Catalu\u00f1a, que lo \u00fanico que hace es fracturar la convivencia, inestabilizar la pol\u00edtica y la econom\u00eda, poner en riesgo muchos puestos de trabajo de","canonical_url":"https:\/\/www.eldigitaldeasturias.com\/noticias\/pedro-sanchez-le-lanza-un-dardo-a-la-otra-izquierda\/","robots":"max-image-preview:large","keywords":"actualidad","webmasterTools":{"google-site-verification":"UA-38556648-1","msvalidate.01":"7dfe9f3f1b24437ab69f4f2559babe99","miscellaneous":""},"schema":{"@context":"https:\/\/schema.org","@graph":[{"@type":"BlogPosting","@id":"https:\/\/www.eldigitaldeasturias.com\/noticias\/pedro-sanchez-le-lanza-un-dardo-a-la-otra-izquierda\/#blogposting","name":"Pedro S\u00e1nchez le lanza un dardo a \u201cla otra izquierda\u201d - El Digital de Asturias","headline":"Pedro S\u00e1nchez le lanza un dardo a \u201cla otra izquierda\u201d","author":{"@id":"https:\/\/www.eldigitaldeasturias.com\/noticias\/author\/admin\/#author"},"publisher":{"@id":"https:\/\/www.eldigitaldeasturias.com\/noticias\/#organization"},"image":{"@type":"ImageObject","url":793321},"datePublished":"2017-10-25T21:51:03+02:00","dateModified":"2017-10-25T21:51:03+02:00","inLanguage":"es-ES","mainEntityOfPage":{"@id":"https:\/\/www.eldigitaldeasturias.com\/noticias\/pedro-sanchez-le-lanza-un-dardo-a-la-otra-izquierda\/#webpage"},"isPartOf":{"@id":"https:\/\/www.eldigitaldeasturias.com\/noticias\/pedro-sanchez-le-lanza-un-dardo-a-la-otra-izquierda\/#webpage"},"articleSection":"Actualidad"},{"@type":"BreadcrumbList","@id":"https:\/\/www.eldigitaldeasturias.com\/noticias\/pedro-sanchez-le-lanza-un-dardo-a-la-otra-izquierda\/#breadcrumblist","itemListElement":[{"@type":"ListItem","@id":"https:\/\/www.eldigitaldeasturias.com\/noticias#listItem","position":1,"name":"Home","item":"https:\/\/www.eldigitaldeasturias.com\/noticias","nextItem":{"@type":"ListItem","@id":"https:\/\/www.eldigitaldeasturias.com\/noticias\/category\/actualidad\/#listItem","name":"Actualidad"}},{"@type":"ListItem","@id":"https:\/\/www.eldigitaldeasturias.com\/noticias\/category\/actualidad\/#listItem","position":2,"name":"Actualidad","item":"https:\/\/www.eldigitaldeasturias.com\/noticias\/category\/actualidad\/","nextItem":{"@type":"ListItem","@id":"https:\/\/www.eldigitaldeasturias.com\/noticias\/pedro-sanchez-le-lanza-un-dardo-a-la-otra-izquierda\/#listItem","name":"Pedro S\u00e1nchez le lanza un dardo a \u201cla otra izquierda\u201d"},"previousItem":{"@type":"ListItem","@id":"https:\/\/www.eldigitaldeasturias.com\/noticias#listItem","name":"Home"}},{"@type":"ListItem","@id":"https:\/\/www.eldigitaldeasturias.com\/noticias\/pedro-sanchez-le-lanza-un-dardo-a-la-otra-izquierda\/#listItem","position":3,"name":"Pedro S\u00e1nchez le lanza un dardo a \u201cla otra izquierda\u201d","previousItem":{"@type":"ListItem","@id":"https:\/\/www.eldigitaldeasturias.com\/noticias\/category\/actualidad\/#listItem","name":"Actualidad"}}]},{"@type":"Organization","@id":"https:\/\/www.eldigitaldeasturias.com\/noticias\/#organization","name":"El Digital de Asturias","description":"Hemeroteca","url":"https:\/\/www.eldigitaldeasturias.com\/noticias\/","email":"info@eldigitaldeasturias.com","telephone":"+34652131393","logo":{"@type":"ImageObject","url":"https:\/\/www.eldigitaldeasturias.com\/noticias\/wp-content\/uploads\/2020\/12\/EDA.jpg","@id":"https:\/\/www.eldigitaldeasturias.com\/noticias\/pedro-sanchez-le-lanza-un-dardo-a-la-otra-izquierda\/#organizationLogo"},"image":{"@id":"https:\/\/www.eldigitaldeasturias.com\/noticias\/pedro-sanchez-le-lanza-un-dardo-a-la-otra-izquierda\/#organizationLogo"},"sameAs":["https:\/\/facebook.com\/eldigitaldeasturias","https:\/\/www.youtube.com\/channel\/UCZP-2wLEB9Rv6erhFmqVnvg"],"address":{"@id":"https:\/\/www.eldigitaldeasturias.com\/noticias\/#postaladdress","@type":"PostalAddress","streetAddress":"san antonio 4","postalCode":"33430","addressLocality":"Cand\u00e1s","addressRegion":"Asturias","addressCountry":"ES"}},{"@type":"Person","@id":"https:\/\/www.eldigitaldeasturias.com\/noticias\/author\/admin\/#author","url":"https:\/\/www.eldigitaldeasturias.com\/noticias\/author\/admin\/","name":"El Digital de Asturias","image":{"@type":"ImageObject","@id":"https:\/\/www.eldigitaldeasturias.com\/noticias\/pedro-sanchez-le-lanza-un-dardo-a-la-otra-izquierda\/#authorImage","url":"https:\/\/secure.gravatar.com\/avatar\/df2aeffc32bcd13f8d26072ef8a91b623d677766deac7f97ca815868cd41bf5e?s=96&d=mm&r=g","width":96,"height":96,"caption":"El Digital de Asturias"}},{"@type":"WebPage","@id":"https:\/\/www.eldigitaldeasturias.com\/noticias\/pedro-sanchez-le-lanza-un-dardo-a-la-otra-izquierda\/#webpage","url":"https:\/\/www.eldigitaldeasturias.com\/noticias\/pedro-sanchez-le-lanza-un-dardo-a-la-otra-izquierda\/","name":"Pedro S\u00e1nchez le lanza un dardo a \u201cla otra izquierda\u201d - El Digital de Asturias","description":"El secretario general del PSOE, Pedro S\u00e1nchez, asegur\u00f3 que ante la crisis catalana, \u201cel PSOE se enfrenta a la disyuntiva de elegir entre dar la espalda a Espa\u00f1a, prolongar esta agon\u00eda en Catalu\u00f1a, que lo \u00fanico que hace es fracturar la convivencia, inestabilizar la pol\u00edtica y la econom\u00eda, poner en riesgo muchos puestos de trabajo de","inLanguage":"es-ES","isPartOf":{"@id":"https:\/\/www.eldigitaldeasturias.com\/noticias\/#website"},"breadcrumb":{"@id":"https:\/\/www.eldigitaldeasturias.com\/noticias\/pedro-sanchez-le-lanza-un-dardo-a-la-otra-izquierda\/#breadcrumblist"},"author":{"@id":"https:\/\/www.eldigitaldeasturias.com\/noticias\/author\/admin\/#author"},"creator":{"@id":"https:\/\/www.eldigitaldeasturias.com\/noticias\/author\/admin\/#author"},"image":{"@type":"ImageObject","url":793321,"@id":"https:\/\/www.eldigitaldeasturias.com\/noticias\/pedro-sanchez-le-lanza-un-dardo-a-la-otra-izquierda\/#mainImage"},"primaryImageOfPage":{"@id":"https:\/\/www.eldigitaldeasturias.com\/noticias\/pedro-sanchez-le-lanza-un-dardo-a-la-otra-izquierda\/#mainImage"},"datePublished":"2017-10-25T21:51:03+02:00","dateModified":"2017-10-25T21:51:03+02:00"},{"@type":"WebSite","@id":"https:\/\/www.eldigitaldeasturias.com\/noticias\/#website","url":"https:\/\/www.eldigitaldeasturias.com\/noticias\/","name":"El Digital de Asturias - Diario de actualidad y noticias","alternateName":"El Digital de Asturias - Diario de actualidad y noticias","description":"Hemeroteca","inLanguage":"es-ES","publisher":{"@id":"https:\/\/www.eldigitaldeasturias.com\/noticias\/#organization"}}]},"og:locale":"es_ES","og:site_name":"El Digital de Asturias","og:type":"article","og:title":"Pedro S\u00e1nchez le lanza un dardo a \u201cla otra izquierda\u201d - El Digital de Asturias","og:description":"El secretario general del PSOE, Pedro S\u00e1nchez, asegur\u00f3 que ante la crisis catalana, \u201cel PSOE se enfrenta a la disyuntiva de elegir entre dar la espalda a Espa\u00f1a, prolongar esta agon\u00eda en Catalu\u00f1a, que lo \u00fanico que hace es fracturar la convivencia, inestabilizar la pol\u00edtica y la econom\u00eda, poner en riesgo muchos puestos de trabajo de","og:url":"https:\/\/www.eldigitaldeasturias.com\/noticias\/pedro-sanchez-le-lanza-un-dardo-a-la-otra-izquierda\/","article:tag":["actualidad"],"article:published_time":"2017-10-25T21:51:03+00:00","article:modified_time":"2017-10-25T21:51:03+00:00","article:publisher":"https:\/\/facebook.com\/eldigitaldeasturias","twitter:card":"summary_large_image","twitter:title":"Pedro S\u00e1nchez le lanza un dardo a \u201cla otra izquierda\u201d - El Digital de Asturias","twitter:description":"El secretario general del PSOE, Pedro S\u00e1nchez, asegur\u00f3 que ante la crisis catalana, \u201cel PSOE se enfrenta a la disyuntiva de elegir entre dar la espalda a Espa\u00f1a, prolongar esta agon\u00eda en Catalu\u00f1a, que lo \u00fanico que hace es fracturar la convivencia, inestabilizar la pol\u00edtica y la econom\u00eda, poner en riesgo muchos puestos de trabajo de","twitter:image":"https:\/\/www.eldigitaldeasturias.com\/noticias\/wp-content\/uploads\/2020\/12\/EDA-1.jpg","twitter:label1":"Escrito por","twitter:data1":"El Digital de Asturias","twitter:label2":"Tiempo de lectura estimado","twitter:data2":"4 minutos"},"aioseo_meta_data":{"post_id":"957553","title":null,"description":null,"keywords":null,"keyphrases":null,"primary_term":null,"canonical_url":null,"og_title":null,"og_description":null,"og_object_type":"default","og_image_type":"default","og_image_url":null,"og_image_width":null,"og_image_height":null,"og_image_custom_url":null,"og_image_custom_fields":null,"og_video":null,"og_custom_url":null,"og_article_section":null,"og_article_tags":null,"twitter_use_og":false,"twitter_card":"default","twitter_image_type":"default","twitter_image_url":null,"twitter_image_custom_url":null,"twitter_image_custom_fields":null,"twitter_title":null,"twitter_description":null,"schema":{"blockGraphs":[],"customGraphs":[],"default":{"data":{"Article":[],"Course":[],"Dataset":[],"FAQPage":[],"Movie":[],"Person":[],"Product":[],"ProductReview":[],"Car":[],"Recipe":[],"Service":[],"SoftwareApplication":[],"WebPage":[]},"graphName":"","isEnabled":true},"graphs":[],"defaultGraph":"","defaultPostTypeGraph":""},"schema_type":null,"schema_type_options":null,"pillar_content":false,"robots_default":true,"robots_noindex":false,"robots_noarchive":false,"robots_nosnippet":false,"robots_nofollow":false,"robots_noimageindex":false,"robots_noodp":false,"robots_notranslate":false,"robots_max_snippet":null,"robots_max_videopreview":null,"robots_max_imagepreview":"large","priority":null,"frequency":null,"local_seo":null,"seo_analyzer_scan_date":"2025-12-06 17:50:06","breadcrumb_settings":null,"limit_modified_date":false,"open_ai":null,"ai":null,"created":"2020-12-21 12:54:31","updated":"2025-12-06 17:50:06","focus_keyword":null,"additional_keywords":null,"truseo_locale":null},"aioseo_breadcrumb":"<div class=\"aioseo-breadcrumbs\"><span class=\"aioseo-breadcrumb\">\n\t<a href=\"https:\/\/www.eldigitaldeasturias.com\/noticias\" title=\"Home\">Home<\/a>\n<\/span><span class=\"aioseo-breadcrumb-separator\">\u2013<\/span><span class=\"aioseo-breadcrumb\">\n\t<a href=\"https:\/\/www.eldigitaldeasturias.com\/noticias\/category\/actualidad\/\" title=\"Actualidad\">Actualidad<\/a>\n<\/span><span class=\"aioseo-breadcrumb-separator\">\u2013<\/span><span class=\"aioseo-breadcrumb\">\n\t<a href=\"https:\/\/www.eldigitaldeasturias.com\/noticias\/pedro-sanchez-le-lanza-un-dardo-a-la-otra-izquierda\/\" title=\"Pedro S\u00e1nchez le lanza un dardo a \u201cla otra izquierda\u201d\">Pedro S\u00e1nchez le lanza un dardo a \u201cla otra izquierda\u201d<\/a>\n<\/span><\/div>","aioseo_breadcrumb_json":[{"label":"Home","link":"https:\/\/www.eldigitaldeasturias.com\/noticias"},{"label":"Actualidad","link":"https:\/\/www.eldigitaldeasturias.com\/noticias\/category\/actualidad\/"},{"label":"Pedro S\u00e1nchez le lanza un dardo a \u201cla otra izquierda\u201d","link":"https:\/\/www.eldigitaldeasturias.com\/noticias\/pedro-sanchez-le-lanza-un-dardo-a-la-otra-izquierda\/"}],"_links":{"self":[{"href":"https:\/\/www.eldigitaldeasturias.com\/noticias\/wp-json\/wp\/v2\/posts\/957553","targetHints":{"allow":["GET"]}}],"collection":[{"href":"https:\/\/www.eldigitaldeasturias.com\/noticias\/wp-json\/wp\/v2\/posts"}],"about":[{"href":"https:\/\/www.eldigitaldeasturias.com\/noticias\/wp-json\/wp\/v2\/types\/post"}],"author":[{"embeddable":true,"href":"https:\/\/www.eldigitaldeasturias.com\/noticias\/wp-json\/wp\/v2\/users\/1"}],"replies":[{"embeddable":true,"href":"https:\/\/www.eldigitaldeasturias.com\/noticias\/wp-json\/wp\/v2\/comments?post=957553"}],"version-history":[{"count":0,"href":"https:\/\/www.eldigitaldeasturias.com\/noticias\/wp-json\/wp\/v2\/posts\/957553\/revisions"}],"wp:attachment":[{"href":"https:\/\/www.eldigitaldeasturias.com\/noticias\/wp-json\/wp\/v2\/media?parent=957553"}],"wp:term":[{"taxonomy":"category","embeddable":true,"href":"https:\/\/www.eldigitaldeasturias.com\/noticias\/wp-json\/wp\/v2\/categories?post=957553"},{"taxonomy":"post_tag","embeddable":true,"href":"https:\/\/www.eldigitaldeasturias.com\/noticias\/wp-json\/wp\/v2\/tags?post=957553"}],"curies":[{"name":"wp","href":"https:\/\/api.w.org\/{rel}","templated":true}]}}