{"id":957547,"date":"2017-10-25T21:42:25","date_gmt":"2017-10-25T21:42:25","guid":{"rendered":"http:\/\/www.eldigitaldeasturias.com\/noticias\/?p=957547"},"modified":"2017-10-25T21:42:25","modified_gmt":"2017-10-25T21:42:25","slug":"javier-arenas-la-aplicacion-del-155-sigue-viva","status":"publish","type":"post","link":"https:\/\/www.eldigitaldeasturias.com\/noticias\/javier-arenas-la-aplicacion-del-155-sigue-viva\/","title":{"rendered":"Javier Arenas: \u201cLa aplicaci\u00f3n del 155 sigue viva\u00bb"},"content":{"rendered":"<p><img loading=\"lazy\" decoding=\"async\" class=\"alignleft size-medium wp-image-957548\" src=\"https:\/\/www.eldigitaldeasturias.com\/noticias\/wp-content\/uploads\/2017\/10\/6817018589-360x163.jpg\" alt=\"\" width=\"360\" height=\"163\" \/>El vicesecretario de Pol\u00edtica Auton\u00f3mica y Local del Partido Popular y miembro de la comisi\u00f3n conjunta del Senado que estudiar\u00e1 la aplicaci\u00f3n del art\u00edculo 155 de la Constituci\u00f3n espa\u00f1ola, Javier Arenas, ha asegurado hoy que \u201clos objetivos que han motivado su aplicaci\u00f3n por parte del Gobierno siguen vivos\u201d.<\/p>\n<p>Como ha explicado el dirigente popular, los cuatro objetivos que el presidente del Gobierno, Mariano Rajoy, defendi\u00f3 para emplear este instrumento de la Constituci\u00f3n espa\u00f1ola son volver a la legalidad constitucional y estatutaria, recuperar la normalidad y la convivencia, continuar con la recuperaci\u00f3n econ\u00f3mica y celebrar elecciones en situaci\u00f3n de normalidad.<\/p>\n<p>En una entrevista en Canal Sur, Javier Arenas ha insistido en que la convocatoria de elecciones auton\u00f3micas en Catalu\u00f1a no fue el \u00fanico motivo para la aplicaci\u00f3n del 155, cuyo tr\u00e1mite est\u00e1 siendo ya administrado en estos momentos por el Senado, al que le corresponde tomar una decisi\u00f3n atendiendo a estas finalidades.<\/p>\n<p>\u201cLa aplicaci\u00f3n del 155 sigue viva. Nadie se opone a la celebraci\u00f3n de elecciones, pero hay que ver si la convocatoria garantiza la restauraci\u00f3n de las libertades, las leyes y el Estado de Derecho en Catalu\u00f1a\u201d, ha subrayado Arenas, para quien las garant\u00edas democr\u00e1ticas que ofrece Puigdemont y su gobierno \u201cen estos momentos son limitad\u00edsimas o ninguna\u201d, adem\u00e1s de desconocer si las convocar\u00eda bajo el amparo de la Ley Org\u00e1nica del R\u00e9gimen General Electoral o de la ley de transitoriedad, anulada por el Tribunal Constitucional.<\/p>\n<p>Por \u00faltimo, el vicesecretario del PP ha recordado las actuaciones antidem\u00f3craticas llevadas a cabo por el Govern de Catalu\u00f1a en las \u00faltimas semanas y, muy especialmente, c\u00f3mo los indepedentistas y los radicales de la CUP \u201cse cargaron el Parlamento de Catalu\u00f1a los primeros d\u00edas del mes de septiembre\u201d.<\/p>\n","protected":false},"excerpt":{"rendered":"<p>El vicesecretario de Pol\u00edtica Auton\u00f3mica y Local del Partido Popular y miembro de la comisi\u00f3n conjunta del Senado que estudiar\u00e1 la aplicaci\u00f3n del art\u00edculo 155 de la Constituci\u00f3n espa\u00f1ola, Javier Arenas, ha asegurado hoy que \u201clos objetivos que han motivado su aplicaci\u00f3n por parte del Gobierno siguen vivos\u201d. Como ha explicado el dirigente popular, los [&hellip;]<\/p>\n","protected":false},"author":1,"featured_media":957548,"comment_status":"closed","ping_status":"closed","sticky":false,"template":"","format":"standard","meta":{"footnotes":""},"categories":[1],"tags":[],"class_list":["post-957547","post","type-post","status-publish","format-standard","has-post-thumbnail","hentry","category-actualidad"],"aioseo_notices":[],"aioseo_head":"\n\t\t<!-- All in One SEO Pro 5.0.1 - aioseo.com -->\n\t<meta name=\"description\" content=\"El vicesecretario de Pol\u00edtica Auton\u00f3mica y Local del Partido Popular y miembro de la comisi\u00f3n conjunta del Senado que estudiar\u00e1 la aplicaci\u00f3n del art\u00edculo 155 de la Constituci\u00f3n espa\u00f1ola, Javier Arenas, ha asegurado hoy que \u201clos objetivos que han motivado su aplicaci\u00f3n por parte del Gobierno siguen vivos\u201d. Como ha explicado el dirigente popular, los\" \/>\n\t<meta name=\"robots\" content=\"max-image-preview:large\" \/>\n\t<meta name=\"author\" content=\"El Digital de Asturias\"\/>\n\t<meta name=\"google-site-verification\" content=\"UA-38556648-1\" \/>\n\t<meta name=\"msvalidate.01\" content=\"7dfe9f3f1b24437ab69f4f2559babe99\" \/>\n\t<meta name=\"keywords\" content=\"actualidad\" \/>\n\t<link rel=\"canonical\" href=\"https:\/\/www.eldigitaldeasturias.com\/noticias\/javier-arenas-la-aplicacion-del-155-sigue-viva\/\" \/>\n\t<meta name=\"generator\" content=\"All in One SEO Pro (AIOSEO) 5.0.1\" \/>\n\t\t<meta property=\"og:locale\" content=\"es_ES\" \/>\n\t\t<meta property=\"og:site_name\" content=\"El Digital de Asturias\" \/>\n\t\t<meta property=\"og:type\" content=\"article\" \/>\n\t\t<meta property=\"og:title\" content=\"Javier Arenas: \u201cLa aplicaci\u00f3n del 155 sigue viva\u00bb - El Digital de Asturias\" \/>\n\t\t<meta property=\"og:description\" content=\"El vicesecretario de Pol\u00edtica Auton\u00f3mica y Local del Partido Popular y miembro de la comisi\u00f3n conjunta del Senado que estudiar\u00e1 la aplicaci\u00f3n del art\u00edculo 155 de la Constituci\u00f3n espa\u00f1ola, Javier Arenas, ha asegurado hoy que \u201clos objetivos que han motivado su aplicaci\u00f3n por parte del Gobierno siguen vivos\u201d. Como ha explicado el dirigente popular, los\" \/>\n\t\t<meta property=\"og:url\" content=\"https:\/\/www.eldigitaldeasturias.com\/noticias\/javier-arenas-la-aplicacion-del-155-sigue-viva\/\" \/>\n\t\t<meta property=\"article:tag\" content=\"actualidad\" \/>\n\t\t<meta property=\"article:published_time\" content=\"2017-10-25T21:42:25+00:00\" \/>\n\t\t<meta property=\"article:modified_time\" content=\"2017-10-25T21:42:25+00:00\" \/>\n\t\t<meta property=\"article:publisher\" content=\"https:\/\/facebook.com\/eldigitaldeasturias\" \/>\n\t\t<meta name=\"twitter:card\" content=\"summary_large_image\" \/>\n\t\t<meta name=\"twitter:title\" content=\"Javier Arenas: \u201cLa aplicaci\u00f3n del 155 sigue viva\u00bb - El Digital de Asturias\" \/>\n\t\t<meta name=\"twitter:description\" content=\"El vicesecretario de Pol\u00edtica Auton\u00f3mica y Local del Partido Popular y miembro de la comisi\u00f3n conjunta del Senado que estudiar\u00e1 la aplicaci\u00f3n del art\u00edculo 155 de la Constituci\u00f3n espa\u00f1ola, Javier Arenas, ha asegurado hoy que \u201clos objetivos que han motivado su aplicaci\u00f3n por parte del Gobierno siguen vivos\u201d. Como ha explicado el dirigente popular, los\" \/>\n\t\t<meta name=\"twitter:image\" content=\"https:\/\/www.eldigitaldeasturias.com\/noticias\/wp-content\/uploads\/2020\/12\/EDA-1.jpg\" \/>\n\t\t<meta name=\"twitter:label1\" content=\"Escrito por\" \/>\n\t\t<meta name=\"twitter:data1\" content=\"El Digital de Asturias\" \/>\n\t\t<meta name=\"twitter:label2\" content=\"Tiempo de lectura estimado\" \/>\n\t\t<meta name=\"twitter:data2\" content=\"2 minutos\" \/>\n\t\t<script type=\"application\/ld+json\" class=\"aioseo-schema\">\n\t\t\t{\"@context\":\"https:\\\/\\\/schema.org\",\"@graph\":[{\"@type\":\"BlogPosting\",\"@id\":\"https:\\\/\\\/www.eldigitaldeasturias.com\\\/noticias\\\/javier-arenas-la-aplicacion-del-155-sigue-viva\\\/#blogposting\",\"name\":\"Javier Arenas: \\u201cLa aplicaci\\u00f3n del 155 sigue viva\\u00bb - El Digital de Asturias\",\"headline\":\"Javier Arenas: \\u201cLa aplicaci\\u00f3n del 155 sigue viva\\u00bb\",\"author\":{\"@id\":\"https:\\\/\\\/www.eldigitaldeasturias.com\\\/noticias\\\/author\\\/admin\\\/#author\"},\"publisher\":{\"@id\":\"https:\\\/\\\/www.eldigitaldeasturias.com\\\/noticias\\\/#organization\"},\"image\":{\"@type\":\"ImageObject\",\"url\":957548},\"datePublished\":\"2017-10-25T21:42:25+02:00\",\"dateModified\":\"2017-10-25T21:42:25+02:00\",\"inLanguage\":\"es-ES\",\"mainEntityOfPage\":{\"@id\":\"https:\\\/\\\/www.eldigitaldeasturias.com\\\/noticias\\\/javier-arenas-la-aplicacion-del-155-sigue-viva\\\/#webpage\"},\"isPartOf\":{\"@id\":\"https:\\\/\\\/www.eldigitaldeasturias.com\\\/noticias\\\/javier-arenas-la-aplicacion-del-155-sigue-viva\\\/#webpage\"},\"articleSection\":\"Actualidad\"},{\"@type\":\"BreadcrumbList\",\"@id\":\"https:\\\/\\\/www.eldigitaldeasturias.com\\\/noticias\\\/javier-arenas-la-aplicacion-del-155-sigue-viva\\\/#breadcrumblist\",\"itemListElement\":[{\"@type\":\"ListItem\",\"@id\":\"https:\\\/\\\/www.eldigitaldeasturias.com\\\/noticias#listItem\",\"position\":1,\"name\":\"Home\",\"item\":\"https:\\\/\\\/www.eldigitaldeasturias.com\\\/noticias\",\"nextItem\":{\"@type\":\"ListItem\",\"@id\":\"https:\\\/\\\/www.eldigitaldeasturias.com\\\/noticias\\\/category\\\/actualidad\\\/#listItem\",\"name\":\"Actualidad\"}},{\"@type\":\"ListItem\",\"@id\":\"https:\\\/\\\/www.eldigitaldeasturias.com\\\/noticias\\\/category\\\/actualidad\\\/#listItem\",\"position\":2,\"name\":\"Actualidad\",\"item\":\"https:\\\/\\\/www.eldigitaldeasturias.com\\\/noticias\\\/category\\\/actualidad\\\/\",\"nextItem\":{\"@type\":\"ListItem\",\"@id\":\"https:\\\/\\\/www.eldigitaldeasturias.com\\\/noticias\\\/javier-arenas-la-aplicacion-del-155-sigue-viva\\\/#listItem\",\"name\":\"Javier Arenas: \\u201cLa aplicaci\\u00f3n del 155 sigue viva\\u00bb\"},\"previousItem\":{\"@type\":\"ListItem\",\"@id\":\"https:\\\/\\\/www.eldigitaldeasturias.com\\\/noticias#listItem\",\"name\":\"Home\"}},{\"@type\":\"ListItem\",\"@id\":\"https:\\\/\\\/www.eldigitaldeasturias.com\\\/noticias\\\/javier-arenas-la-aplicacion-del-155-sigue-viva\\\/#listItem\",\"position\":3,\"name\":\"Javier Arenas: \\u201cLa aplicaci\\u00f3n del 155 sigue viva\\u00bb\",\"previousItem\":{\"@type\":\"ListItem\",\"@id\":\"https:\\\/\\\/www.eldigitaldeasturias.com\\\/noticias\\\/category\\\/actualidad\\\/#listItem\",\"name\":\"Actualidad\"}}]},{\"@type\":\"Organization\",\"@id\":\"https:\\\/\\\/www.eldigitaldeasturias.com\\\/noticias\\\/#organization\",\"name\":\"El Digital de Asturias\",\"description\":\"Hemeroteca\",\"url\":\"https:\\\/\\\/www.eldigitaldeasturias.com\\\/noticias\\\/\",\"email\":\"info@eldigitaldeasturias.com\",\"telephone\":\"+34652131393\",\"logo\":{\"@type\":\"ImageObject\",\"url\":\"https:\\\/\\\/www.eldigitaldeasturias.com\\\/noticias\\\/wp-content\\\/uploads\\\/2020\\\/12\\\/EDA.jpg\",\"@id\":\"https:\\\/\\\/www.eldigitaldeasturias.com\\\/noticias\\\/javier-arenas-la-aplicacion-del-155-sigue-viva\\\/#organizationLogo\"},\"image\":{\"@id\":\"https:\\\/\\\/www.eldigitaldeasturias.com\\\/noticias\\\/javier-arenas-la-aplicacion-del-155-sigue-viva\\\/#organizationLogo\"},\"sameAs\":[\"https:\\\/\\\/facebook.com\\\/eldigitaldeasturias\",\"https:\\\/\\\/www.youtube.com\\\/channel\\\/UCZP-2wLEB9Rv6erhFmqVnvg\"],\"address\":{\"@id\":\"https:\\\/\\\/www.eldigitaldeasturias.com\\\/noticias\\\/#postaladdress\",\"@type\":\"PostalAddress\",\"streetAddress\":\"san antonio 4\",\"postalCode\":\"33430\",\"addressLocality\":\"Cand\\u00e1s\",\"addressRegion\":\"Asturias\",\"addressCountry\":\"ES\"}},{\"@type\":\"Person\",\"@id\":\"https:\\\/\\\/www.eldigitaldeasturias.com\\\/noticias\\\/author\\\/admin\\\/#author\",\"url\":\"https:\\\/\\\/www.eldigitaldeasturias.com\\\/noticias\\\/author\\\/admin\\\/\",\"name\":\"El Digital de Asturias\",\"image\":{\"@type\":\"ImageObject\",\"@id\":\"https:\\\/\\\/www.eldigitaldeasturias.com\\\/noticias\\\/javier-arenas-la-aplicacion-del-155-sigue-viva\\\/#authorImage\",\"url\":\"https:\\\/\\\/secure.gravatar.com\\\/avatar\\\/df2aeffc32bcd13f8d26072ef8a91b623d677766deac7f97ca815868cd41bf5e?s=96&d=mm&r=g\",\"width\":96,\"height\":96,\"caption\":\"El Digital de Asturias\"}},{\"@type\":\"WebPage\",\"@id\":\"https:\\\/\\\/www.eldigitaldeasturias.com\\\/noticias\\\/javier-arenas-la-aplicacion-del-155-sigue-viva\\\/#webpage\",\"url\":\"https:\\\/\\\/www.eldigitaldeasturias.com\\\/noticias\\\/javier-arenas-la-aplicacion-del-155-sigue-viva\\\/\",\"name\":\"Javier Arenas: \\u201cLa aplicaci\\u00f3n del 155 sigue viva\\u00bb - El Digital de Asturias\",\"description\":\"El vicesecretario de Pol\\u00edtica Auton\\u00f3mica y Local del Partido Popular y miembro de la comisi\\u00f3n conjunta del Senado que estudiar\\u00e1 la aplicaci\\u00f3n del art\\u00edculo 155 de la Constituci\\u00f3n espa\\u00f1ola, Javier Arenas, ha asegurado hoy que \\u201clos objetivos que han motivado su aplicaci\\u00f3n por parte del Gobierno siguen vivos\\u201d. Como ha explicado el dirigente popular, los\",\"inLanguage\":\"es-ES\",\"isPartOf\":{\"@id\":\"https:\\\/\\\/www.eldigitaldeasturias.com\\\/noticias\\\/#website\"},\"breadcrumb\":{\"@id\":\"https:\\\/\\\/www.eldigitaldeasturias.com\\\/noticias\\\/javier-arenas-la-aplicacion-del-155-sigue-viva\\\/#breadcrumblist\"},\"author\":{\"@id\":\"https:\\\/\\\/www.eldigitaldeasturias.com\\\/noticias\\\/author\\\/admin\\\/#author\"},\"creator\":{\"@id\":\"https:\\\/\\\/www.eldigitaldeasturias.com\\\/noticias\\\/author\\\/admin\\\/#author\"},\"image\":{\"@type\":\"ImageObject\",\"url\":957548,\"@id\":\"https:\\\/\\\/www.eldigitaldeasturias.com\\\/noticias\\\/javier-arenas-la-aplicacion-del-155-sigue-viva\\\/#mainImage\"},\"primaryImageOfPage\":{\"@id\":\"https:\\\/\\\/www.eldigitaldeasturias.com\\\/noticias\\\/javier-arenas-la-aplicacion-del-155-sigue-viva\\\/#mainImage\"},\"datePublished\":\"2017-10-25T21:42:25+02:00\",\"dateModified\":\"2017-10-25T21:42:25+02:00\"},{\"@type\":\"WebSite\",\"@id\":\"https:\\\/\\\/www.eldigitaldeasturias.com\\\/noticias\\\/#website\",\"url\":\"https:\\\/\\\/www.eldigitaldeasturias.com\\\/noticias\\\/\",\"name\":\"El Digital de Asturias - Diario de actualidad y noticias\",\"alternateName\":\"El Digital de Asturias - Diario de actualidad y noticias\",\"description\":\"Hemeroteca\",\"inLanguage\":\"es-ES\",\"publisher\":{\"@id\":\"https:\\\/\\\/www.eldigitaldeasturias.com\\\/noticias\\\/#organization\"}}]}\n\t\t<\/script>\n\t\t<!-- All in One SEO Pro -->\r\n\t\t<title>Javier Arenas: \u201cLa aplicaci\u00f3n del 155 sigue viva\u00bb - El Digital de Asturias<\/title>\n\n","aioseo_head_json":{"title":"Javier Arenas: \u201cLa aplicaci\u00f3n del 155 sigue viva\u00bb - El Digital de Asturias","description":"El vicesecretario de Pol\u00edtica Auton\u00f3mica y Local del Partido Popular y miembro de la comisi\u00f3n conjunta del Senado que estudiar\u00e1 la aplicaci\u00f3n del art\u00edculo 155 de la Constituci\u00f3n espa\u00f1ola, Javier Arenas, ha asegurado hoy que \u201clos objetivos que han motivado su aplicaci\u00f3n por parte del Gobierno siguen vivos\u201d. Como ha explicado el dirigente popular, los","canonical_url":"https:\/\/www.eldigitaldeasturias.com\/noticias\/javier-arenas-la-aplicacion-del-155-sigue-viva\/","robots":"max-image-preview:large","keywords":"actualidad","webmasterTools":{"google-site-verification":"UA-38556648-1","msvalidate.01":"7dfe9f3f1b24437ab69f4f2559babe99","miscellaneous":""},"schema":{"@context":"https:\/\/schema.org","@graph":[{"@type":"BlogPosting","@id":"https:\/\/www.eldigitaldeasturias.com\/noticias\/javier-arenas-la-aplicacion-del-155-sigue-viva\/#blogposting","name":"Javier Arenas: \u201cLa aplicaci\u00f3n del 155 sigue viva\u00bb - El Digital de Asturias","headline":"Javier Arenas: \u201cLa aplicaci\u00f3n del 155 sigue viva\u00bb","author":{"@id":"https:\/\/www.eldigitaldeasturias.com\/noticias\/author\/admin\/#author"},"publisher":{"@id":"https:\/\/www.eldigitaldeasturias.com\/noticias\/#organization"},"image":{"@type":"ImageObject","url":957548},"datePublished":"2017-10-25T21:42:25+02:00","dateModified":"2017-10-25T21:42:25+02:00","inLanguage":"es-ES","mainEntityOfPage":{"@id":"https:\/\/www.eldigitaldeasturias.com\/noticias\/javier-arenas-la-aplicacion-del-155-sigue-viva\/#webpage"},"isPartOf":{"@id":"https:\/\/www.eldigitaldeasturias.com\/noticias\/javier-arenas-la-aplicacion-del-155-sigue-viva\/#webpage"},"articleSection":"Actualidad"},{"@type":"BreadcrumbList","@id":"https:\/\/www.eldigitaldeasturias.com\/noticias\/javier-arenas-la-aplicacion-del-155-sigue-viva\/#breadcrumblist","itemListElement":[{"@type":"ListItem","@id":"https:\/\/www.eldigitaldeasturias.com\/noticias#listItem","position":1,"name":"Home","item":"https:\/\/www.eldigitaldeasturias.com\/noticias","nextItem":{"@type":"ListItem","@id":"https:\/\/www.eldigitaldeasturias.com\/noticias\/category\/actualidad\/#listItem","name":"Actualidad"}},{"@type":"ListItem","@id":"https:\/\/www.eldigitaldeasturias.com\/noticias\/category\/actualidad\/#listItem","position":2,"name":"Actualidad","item":"https:\/\/www.eldigitaldeasturias.com\/noticias\/category\/actualidad\/","nextItem":{"@type":"ListItem","@id":"https:\/\/www.eldigitaldeasturias.com\/noticias\/javier-arenas-la-aplicacion-del-155-sigue-viva\/#listItem","name":"Javier Arenas: \u201cLa aplicaci\u00f3n del 155 sigue viva\u00bb"},"previousItem":{"@type":"ListItem","@id":"https:\/\/www.eldigitaldeasturias.com\/noticias#listItem","name":"Home"}},{"@type":"ListItem","@id":"https:\/\/www.eldigitaldeasturias.com\/noticias\/javier-arenas-la-aplicacion-del-155-sigue-viva\/#listItem","position":3,"name":"Javier Arenas: \u201cLa aplicaci\u00f3n del 155 sigue viva\u00bb","previousItem":{"@type":"ListItem","@id":"https:\/\/www.eldigitaldeasturias.com\/noticias\/category\/actualidad\/#listItem","name":"Actualidad"}}]},{"@type":"Organization","@id":"https:\/\/www.eldigitaldeasturias.com\/noticias\/#organization","name":"El Digital de Asturias","description":"Hemeroteca","url":"https:\/\/www.eldigitaldeasturias.com\/noticias\/","email":"info@eldigitaldeasturias.com","telephone":"+34652131393","logo":{"@type":"ImageObject","url":"https:\/\/www.eldigitaldeasturias.com\/noticias\/wp-content\/uploads\/2020\/12\/EDA.jpg","@id":"https:\/\/www.eldigitaldeasturias.com\/noticias\/javier-arenas-la-aplicacion-del-155-sigue-viva\/#organizationLogo"},"image":{"@id":"https:\/\/www.eldigitaldeasturias.com\/noticias\/javier-arenas-la-aplicacion-del-155-sigue-viva\/#organizationLogo"},"sameAs":["https:\/\/facebook.com\/eldigitaldeasturias","https:\/\/www.youtube.com\/channel\/UCZP-2wLEB9Rv6erhFmqVnvg"],"address":{"@id":"https:\/\/www.eldigitaldeasturias.com\/noticias\/#postaladdress","@type":"PostalAddress","streetAddress":"san antonio 4","postalCode":"33430","addressLocality":"Cand\u00e1s","addressRegion":"Asturias","addressCountry":"ES"}},{"@type":"Person","@id":"https:\/\/www.eldigitaldeasturias.com\/noticias\/author\/admin\/#author","url":"https:\/\/www.eldigitaldeasturias.com\/noticias\/author\/admin\/","name":"El Digital de Asturias","image":{"@type":"ImageObject","@id":"https:\/\/www.eldigitaldeasturias.com\/noticias\/javier-arenas-la-aplicacion-del-155-sigue-viva\/#authorImage","url":"https:\/\/secure.gravatar.com\/avatar\/df2aeffc32bcd13f8d26072ef8a91b623d677766deac7f97ca815868cd41bf5e?s=96&d=mm&r=g","width":96,"height":96,"caption":"El Digital de Asturias"}},{"@type":"WebPage","@id":"https:\/\/www.eldigitaldeasturias.com\/noticias\/javier-arenas-la-aplicacion-del-155-sigue-viva\/#webpage","url":"https:\/\/www.eldigitaldeasturias.com\/noticias\/javier-arenas-la-aplicacion-del-155-sigue-viva\/","name":"Javier Arenas: \u201cLa aplicaci\u00f3n del 155 sigue viva\u00bb - El Digital de Asturias","description":"El vicesecretario de Pol\u00edtica Auton\u00f3mica y Local del Partido Popular y miembro de la comisi\u00f3n conjunta del Senado que estudiar\u00e1 la aplicaci\u00f3n del art\u00edculo 155 de la Constituci\u00f3n espa\u00f1ola, Javier Arenas, ha asegurado hoy que \u201clos objetivos que han motivado su aplicaci\u00f3n por parte del Gobierno siguen vivos\u201d. Como ha explicado el dirigente popular, los","inLanguage":"es-ES","isPartOf":{"@id":"https:\/\/www.eldigitaldeasturias.com\/noticias\/#website"},"breadcrumb":{"@id":"https:\/\/www.eldigitaldeasturias.com\/noticias\/javier-arenas-la-aplicacion-del-155-sigue-viva\/#breadcrumblist"},"author":{"@id":"https:\/\/www.eldigitaldeasturias.com\/noticias\/author\/admin\/#author"},"creator":{"@id":"https:\/\/www.eldigitaldeasturias.com\/noticias\/author\/admin\/#author"},"image":{"@type":"ImageObject","url":957548,"@id":"https:\/\/www.eldigitaldeasturias.com\/noticias\/javier-arenas-la-aplicacion-del-155-sigue-viva\/#mainImage"},"primaryImageOfPage":{"@id":"https:\/\/www.eldigitaldeasturias.com\/noticias\/javier-arenas-la-aplicacion-del-155-sigue-viva\/#mainImage"},"datePublished":"2017-10-25T21:42:25+02:00","dateModified":"2017-10-25T21:42:25+02:00"},{"@type":"WebSite","@id":"https:\/\/www.eldigitaldeasturias.com\/noticias\/#website","url":"https:\/\/www.eldigitaldeasturias.com\/noticias\/","name":"El Digital de Asturias - Diario de actualidad y noticias","alternateName":"El Digital de Asturias - Diario de actualidad y noticias","description":"Hemeroteca","inLanguage":"es-ES","publisher":{"@id":"https:\/\/www.eldigitaldeasturias.com\/noticias\/#organization"}}]},"og:locale":"es_ES","og:site_name":"El Digital de Asturias","og:type":"article","og:title":"Javier Arenas: \u201cLa aplicaci\u00f3n del 155 sigue viva\u00bb - El Digital de Asturias","og:description":"El vicesecretario de Pol\u00edtica Auton\u00f3mica y Local del Partido Popular y miembro de la comisi\u00f3n conjunta del Senado que estudiar\u00e1 la aplicaci\u00f3n del art\u00edculo 155 de la Constituci\u00f3n espa\u00f1ola, Javier Arenas, ha asegurado hoy que \u201clos objetivos que han motivado su aplicaci\u00f3n por parte del Gobierno siguen vivos\u201d. Como ha explicado el dirigente popular, los","og:url":"https:\/\/www.eldigitaldeasturias.com\/noticias\/javier-arenas-la-aplicacion-del-155-sigue-viva\/","article:tag":["actualidad"],"article:published_time":"2017-10-25T21:42:25+00:00","article:modified_time":"2017-10-25T21:42:25+00:00","article:publisher":"https:\/\/facebook.com\/eldigitaldeasturias","twitter:card":"summary_large_image","twitter:title":"Javier Arenas: \u201cLa aplicaci\u00f3n del 155 sigue viva\u00bb - El Digital de Asturias","twitter:description":"El vicesecretario de Pol\u00edtica Auton\u00f3mica y Local del Partido Popular y miembro de la comisi\u00f3n conjunta del Senado que estudiar\u00e1 la aplicaci\u00f3n del art\u00edculo 155 de la Constituci\u00f3n espa\u00f1ola, Javier Arenas, ha asegurado hoy que \u201clos objetivos que han motivado su aplicaci\u00f3n por parte del Gobierno siguen vivos\u201d. Como ha explicado el dirigente popular, los","twitter:image":"https:\/\/www.eldigitaldeasturias.com\/noticias\/wp-content\/uploads\/2020\/12\/EDA-1.jpg","twitter:label1":"Escrito por","twitter:data1":"El Digital de Asturias","twitter:label2":"Tiempo de lectura estimado","twitter:data2":"2 minutos"},"aioseo_meta_data":{"post_id":"957547","title":null,"description":null,"keywords":null,"keyphrases":null,"primary_term":null,"canonical_url":null,"og_title":null,"og_description":null,"og_object_type":"default","og_image_type":"default","og_image_url":null,"og_image_width":null,"og_image_height":null,"og_image_custom_url":null,"og_image_custom_fields":null,"og_video":null,"og_custom_url":null,"og_article_section":null,"og_article_tags":null,"twitter_use_og":false,"twitter_card":"default","twitter_image_type":"default","twitter_image_url":null,"twitter_image_custom_url":null,"twitter_image_custom_fields":null,"twitter_title":null,"twitter_description":null,"schema":{"blockGraphs":[],"customGraphs":[],"default":{"data":{"Article":[],"Course":[],"Dataset":[],"FAQPage":[],"Movie":[],"Person":[],"Product":[],"ProductReview":[],"Car":[],"Recipe":[],"Service":[],"SoftwareApplication":[],"WebPage":[]},"graphName":"","isEnabled":true},"graphs":[],"defaultGraph":"","defaultPostTypeGraph":""},"schema_type":null,"schema_type_options":null,"pillar_content":false,"robots_default":true,"robots_noindex":false,"robots_noarchive":false,"robots_nosnippet":false,"robots_nofollow":false,"robots_noimageindex":false,"robots_noodp":false,"robots_notranslate":false,"robots_max_snippet":null,"robots_max_videopreview":null,"robots_max_imagepreview":"large","priority":null,"frequency":null,"local_seo":null,"seo_analyzer_scan_date":"2025-12-06 17:48:11","breadcrumb_settings":null,"limit_modified_date":false,"open_ai":null,"ai":null,"created":"2020-12-21 12:54:31","updated":"2025-12-06 17:48:11","focus_keyword":null,"additional_keywords":null,"truseo_locale":null},"aioseo_breadcrumb":"<div class=\"aioseo-breadcrumbs\"><span class=\"aioseo-breadcrumb\">\n\t<a href=\"https:\/\/www.eldigitaldeasturias.com\/noticias\" title=\"Home\">Home<\/a>\n<\/span><span class=\"aioseo-breadcrumb-separator\">\u2013<\/span><span class=\"aioseo-breadcrumb\">\n\t<a href=\"https:\/\/www.eldigitaldeasturias.com\/noticias\/category\/actualidad\/\" title=\"Actualidad\">Actualidad<\/a>\n<\/span><span class=\"aioseo-breadcrumb-separator\">\u2013<\/span><span class=\"aioseo-breadcrumb\">\n\t<a href=\"https:\/\/www.eldigitaldeasturias.com\/noticias\/javier-arenas-la-aplicacion-del-155-sigue-viva\/\" title=\"Javier Arenas: \u201cLa aplicaci\u00f3n del 155 sigue viva\u00bb\">Javier Arenas: \u201cLa aplicaci\u00f3n del 155 sigue viva\u00bb<\/a>\n<\/span><\/div>","aioseo_breadcrumb_json":[{"label":"Home","link":"https:\/\/www.eldigitaldeasturias.com\/noticias"},{"label":"Actualidad","link":"https:\/\/www.eldigitaldeasturias.com\/noticias\/category\/actualidad\/"},{"label":"Javier Arenas: \u201cLa aplicaci\u00f3n del 155 sigue viva\u00bb","link":"https:\/\/www.eldigitaldeasturias.com\/noticias\/javier-arenas-la-aplicacion-del-155-sigue-viva\/"}],"_links":{"self":[{"href":"https:\/\/www.eldigitaldeasturias.com\/noticias\/wp-json\/wp\/v2\/posts\/957547","targetHints":{"allow":["GET"]}}],"collection":[{"href":"https:\/\/www.eldigitaldeasturias.com\/noticias\/wp-json\/wp\/v2\/posts"}],"about":[{"href":"https:\/\/www.eldigitaldeasturias.com\/noticias\/wp-json\/wp\/v2\/types\/post"}],"author":[{"embeddable":true,"href":"https:\/\/www.eldigitaldeasturias.com\/noticias\/wp-json\/wp\/v2\/users\/1"}],"replies":[{"embeddable":true,"href":"https:\/\/www.eldigitaldeasturias.com\/noticias\/wp-json\/wp\/v2\/comments?post=957547"}],"version-history":[{"count":0,"href":"https:\/\/www.eldigitaldeasturias.com\/noticias\/wp-json\/wp\/v2\/posts\/957547\/revisions"}],"wp:attachment":[{"href":"https:\/\/www.eldigitaldeasturias.com\/noticias\/wp-json\/wp\/v2\/media?parent=957547"}],"wp:term":[{"taxonomy":"category","embeddable":true,"href":"https:\/\/www.eldigitaldeasturias.com\/noticias\/wp-json\/wp\/v2\/categories?post=957547"},{"taxonomy":"post_tag","embeddable":true,"href":"https:\/\/www.eldigitaldeasturias.com\/noticias\/wp-json\/wp\/v2\/tags?post=957547"}],"curies":[{"name":"wp","href":"https:\/\/api.w.org\/{rel}","templated":true}]}}