{"id":957460,"date":"2017-10-25T15:21:27","date_gmt":"2017-10-25T15:21:27","guid":{"rendered":"http:\/\/www.eldigitaldeasturias.com\/noticias\/?p=957460"},"modified":"2017-10-25T15:21:27","modified_gmt":"2017-10-25T15:21:27","slug":"fallece-la-pintora-isabel-quintanilla","status":"publish","type":"post","link":"https:\/\/www.eldigitaldeasturias.com\/noticias\/fallece-la-pintora-isabel-quintanilla\/","title":{"rendered":"Fallece la pintora Isabel Quintanilla"},"content":{"rendered":"<p><img loading=\"lazy\" decoding=\"async\" class=\"alignleft size-medium wp-image-957461\" src=\"https:\/\/www.eldigitaldeasturias.com\/noticias\/wp-content\/uploads\/2017\/10\/final_9261508933579-360x142.jpg\" alt=\"\" width=\"360\" height=\"142\" \/>Ayer, 24 de octubre, muri\u00f3 en Brunete la pintora Isabel Quintanilla a los 79 a\u00f1os de edad. Isabel fue una de las protagonistas de la exposici\u00f3n Realistas de Madrid, que se pudo ver en el Museo Thyssen-Bornemisza entre febrero y mayo del pasado a\u00f1o, y su obra fue sin duda una de las m\u00e1s admiradas y destacadas por los visitantes de la muestra.<\/p>\n<p>\u00abPara muchos, Maribel fue el gran descubrimiento de nuestra exposici\u00f3n Realistas de Madrid. En su obra de los a\u00f1os sesenta y setenta hay algo radical, un rigor sin concesiones. Un vaso de duralex en un alf\u00e9izar o un trozo de muro dibujados o pintados por ella tienen una serenidad y una verdad que no se puede olvidar. Como persona, Maribel era una mujer llena de energ\u00eda, de luz\u00bb ha dicho Guillermo Solana, director art\u00edstico del Museo y comisario junto a Mar\u00eda L\u00f3pez de la exposici\u00f3n que tuvo lugar en el Thyssen.<\/p>\n<p>En ella pudo verse tambi\u00e9n el trabajo de su marido, el escultor Francisco L\u00f3pez Hern\u00e1ndez, fallecido a principios de este mismo a\u00f1o, junto a la del resto de componentes de este grupo hist\u00f3rico y generacional de artistas que vivieron y trabajaron en Madrid desde la d\u00e9cada de 1950, unidos tanto por el v\u00ednculo de su formaci\u00f3n y de su trabajo como por sus relaciones personales y familiares. Adem\u00e1s de Isabel y Francisco, componen el grupo Antonio L\u00f3pez Garc\u00eda (Tomelloso, Ciudad Real, 1936) y su esposa, Mar\u00eda Moreno (Madrid, 1933); el escultor Julio L\u00f3pez Hern\u00e1ndez (Madrid, 1930), hermano de Francisco (Madrid, 1932-2017), su mujer, la pintora Esperanza Parada (San Lorenzo de El Escorial, Madrid, 1928 \u2013 Madrid, 2011), y Amalia Avia (Santa Cruz de la Zarza, Toledo, 1930 \u2013 Madrid, 2011), casada con el artista Lucio Mu\u00f1oz.<\/p>\n<p>Isabel Quintanilla naci\u00f3 en Madrid en 1938. En 1953 ingresa en la Escuela Superior de Bellas Artes, finalizando con \u00e9xito sus estudios seis a\u00f1os despu\u00e9s. En esos a\u00f1os conoce a Antonio L\u00f3pez y a Francisco L\u00f3pez Hern\u00e1ndez, y surge entre ellos una amistad que supondr\u00e1 un importante apoyo art\u00edstico y personal a lo largo de toda su vida.<\/p>\n<p>En 1960 obtuvo una beca como ayudante de dibujo en el Instituto Beatriz Galindo. Poco despu\u00e9s se cas\u00f3 con Francisco L\u00f3pez y juntos se trasladan a vivir a Roma durante cuatro a\u00f1os. En 1982, Isabel se licencia en Bellas Artes por la Universidad Complutense de Madrid. Su primera exposici\u00f3n individual tuvo lugar en Caltanissetta, en Palermo, Italia, pa\u00eds al que regres\u00f3 con su obra en repetidas ocasiones. Ya en Espa\u00f1a, sus cuadros son expuestos en diversas galer\u00edas de Madrid &#8211; Edurne, Egam, Leandro Navarro -, en el Centro Cultural Conde Duque, tambi\u00e9n en Madrid, o en la Fundaci\u00f3n Rodr\u00edguez Acosta de Granada entre otras. Particularmente destacan diversas exposiciones individuales en Alemania, como las celebradas en Frankfurt (Galer\u00eda Meyer-Ellinger), Hamburgo (Galer\u00eda Brockstedt) y Darmstadt (Darmstadt Kunsthalle) y las muestras colectivas organizadas por la Galer\u00eda Malborough de Londres, el Museo del Prado y el Museo Thyssen-Bornemisza de Madrid, entre otras.<\/p>\n<p>La obra de Isabel Quintanilla forma parte actualmente de las colecciones de museos e instituciones como The Baltimore Museum of Art, la National Galerie de Berl\u00edn, el St\u00e4dtische Kunstsammlungen de Darmstadt, la Hamburger Kunsthalle de Hamburgo, el Museum Athenaeum de Helsinki, el Museo Municipal Conde Duque de Madrid, la Bayerische Saatsgem\u00e4ldesammlung de M\u00fanich, el Neues Museum de Nuremberg, la Staatsgalerie de Stuttgart, el Hirshhorn Museum and Sculpture Garden, Smithsonian Institution, de Washington DC, as\u00ed como de importantes colecciones de arte como la del Banco de Espa\u00f1a, en Madrid.<\/p>\n<p>El viernes 3 de noviembre a las 19.00 horas, se celebrar\u00e1 un funeral en la Parroquia de la Asunci\u00f3n de Nuestra Se\u00f1ora, en Brunete.<\/p>\n","protected":false},"excerpt":{"rendered":"<p>Ayer, 24 de octubre, muri\u00f3 en Brunete la pintora Isabel Quintanilla a los 79 a\u00f1os de edad. Isabel fue una de las protagonistas de la exposici\u00f3n Realistas de Madrid, que se pudo ver en el Museo Thyssen-Bornemisza entre febrero y mayo del pasado a\u00f1o, y su obra fue sin duda una de las m\u00e1s admiradas [&hellip;]<\/p>\n","protected":false},"author":1,"featured_media":957461,"comment_status":"closed","ping_status":"closed","sticky":false,"template":"","format":"standard","meta":{"footnotes":""},"categories":[1],"tags":[],"class_list":["post-957460","post","type-post","status-publish","format-standard","has-post-thumbnail","hentry","category-actualidad"],"aioseo_notices":[],"aioseo_head":"\n\t\t<!-- All in One SEO Pro 5.0.1 - aioseo.com -->\n\t<meta name=\"description\" content=\"Ayer, 24 de octubre, muri\u00f3 en Brunete la pintora Isabel Quintanilla a los 79 a\u00f1os de edad. Isabel fue una de las protagonistas de la exposici\u00f3n Realistas de Madrid, que se pudo ver en el Museo Thyssen-Bornemisza entre febrero y mayo del pasado a\u00f1o, y su obra fue sin duda una de las m\u00e1s admiradas\" \/>\n\t<meta name=\"robots\" content=\"max-image-preview:large\" \/>\n\t<meta name=\"author\" content=\"El Digital de Asturias\"\/>\n\t<meta name=\"google-site-verification\" content=\"UA-38556648-1\" \/>\n\t<meta name=\"msvalidate.01\" content=\"7dfe9f3f1b24437ab69f4f2559babe99\" \/>\n\t<meta name=\"keywords\" content=\"actualidad\" \/>\n\t<link rel=\"canonical\" href=\"https:\/\/www.eldigitaldeasturias.com\/noticias\/fallece-la-pintora-isabel-quintanilla\/\" \/>\n\t<meta name=\"generator\" content=\"All in One SEO Pro (AIOSEO) 5.0.1\" \/>\n\t\t<meta property=\"og:locale\" content=\"es_ES\" \/>\n\t\t<meta property=\"og:site_name\" content=\"El Digital de Asturias\" \/>\n\t\t<meta property=\"og:type\" content=\"article\" \/>\n\t\t<meta property=\"og:title\" content=\"Fallece la pintora Isabel Quintanilla - El Digital de Asturias\" \/>\n\t\t<meta property=\"og:description\" content=\"Ayer, 24 de octubre, muri\u00f3 en Brunete la pintora Isabel Quintanilla a los 79 a\u00f1os de edad. Isabel fue una de las protagonistas de la exposici\u00f3n Realistas de Madrid, que se pudo ver en el Museo Thyssen-Bornemisza entre febrero y mayo del pasado a\u00f1o, y su obra fue sin duda una de las m\u00e1s admiradas\" \/>\n\t\t<meta property=\"og:url\" content=\"https:\/\/www.eldigitaldeasturias.com\/noticias\/fallece-la-pintora-isabel-quintanilla\/\" \/>\n\t\t<meta property=\"article:tag\" content=\"actualidad\" \/>\n\t\t<meta property=\"article:published_time\" content=\"2017-10-25T15:21:27+00:00\" \/>\n\t\t<meta property=\"article:modified_time\" content=\"2017-10-25T15:21:27+00:00\" \/>\n\t\t<meta property=\"article:publisher\" content=\"https:\/\/facebook.com\/eldigitaldeasturias\" \/>\n\t\t<meta name=\"twitter:card\" content=\"summary_large_image\" \/>\n\t\t<meta name=\"twitter:title\" content=\"Fallece la pintora Isabel Quintanilla - El Digital de Asturias\" \/>\n\t\t<meta name=\"twitter:description\" content=\"Ayer, 24 de octubre, muri\u00f3 en Brunete la pintora Isabel Quintanilla a los 79 a\u00f1os de edad. Isabel fue una de las protagonistas de la exposici\u00f3n Realistas de Madrid, que se pudo ver en el Museo Thyssen-Bornemisza entre febrero y mayo del pasado a\u00f1o, y su obra fue sin duda una de las m\u00e1s admiradas\" \/>\n\t\t<meta name=\"twitter:image\" content=\"https:\/\/www.eldigitaldeasturias.com\/noticias\/wp-content\/uploads\/2020\/12\/EDA-1.jpg\" \/>\n\t\t<meta name=\"twitter:label1\" content=\"Escrito por\" \/>\n\t\t<meta name=\"twitter:data1\" content=\"El Digital de Asturias\" \/>\n\t\t<meta name=\"twitter:label2\" content=\"Tiempo de lectura estimado\" \/>\n\t\t<meta name=\"twitter:data2\" content=\"3 minutos\" \/>\n\t\t<script type=\"application\/ld+json\" class=\"aioseo-schema\">\n\t\t\t{\"@context\":\"https:\\\/\\\/schema.org\",\"@graph\":[{\"@type\":\"BlogPosting\",\"@id\":\"https:\\\/\\\/www.eldigitaldeasturias.com\\\/noticias\\\/fallece-la-pintora-isabel-quintanilla\\\/#blogposting\",\"name\":\"Fallece la pintora Isabel Quintanilla - El Digital de Asturias\",\"headline\":\"Fallece la pintora Isabel Quintanilla\",\"author\":{\"@id\":\"https:\\\/\\\/www.eldigitaldeasturias.com\\\/noticias\\\/author\\\/admin\\\/#author\"},\"publisher\":{\"@id\":\"https:\\\/\\\/www.eldigitaldeasturias.com\\\/noticias\\\/#organization\"},\"image\":{\"@type\":\"ImageObject\",\"url\":957461},\"datePublished\":\"2017-10-25T15:21:27+02:00\",\"dateModified\":\"2017-10-25T15:21:27+02:00\",\"inLanguage\":\"es-ES\",\"mainEntityOfPage\":{\"@id\":\"https:\\\/\\\/www.eldigitaldeasturias.com\\\/noticias\\\/fallece-la-pintora-isabel-quintanilla\\\/#webpage\"},\"isPartOf\":{\"@id\":\"https:\\\/\\\/www.eldigitaldeasturias.com\\\/noticias\\\/fallece-la-pintora-isabel-quintanilla\\\/#webpage\"},\"articleSection\":\"Actualidad\"},{\"@type\":\"BreadcrumbList\",\"@id\":\"https:\\\/\\\/www.eldigitaldeasturias.com\\\/noticias\\\/fallece-la-pintora-isabel-quintanilla\\\/#breadcrumblist\",\"itemListElement\":[{\"@type\":\"ListItem\",\"@id\":\"https:\\\/\\\/www.eldigitaldeasturias.com\\\/noticias#listItem\",\"position\":1,\"name\":\"Home\",\"item\":\"https:\\\/\\\/www.eldigitaldeasturias.com\\\/noticias\",\"nextItem\":{\"@type\":\"ListItem\",\"@id\":\"https:\\\/\\\/www.eldigitaldeasturias.com\\\/noticias\\\/category\\\/actualidad\\\/#listItem\",\"name\":\"Actualidad\"}},{\"@type\":\"ListItem\",\"@id\":\"https:\\\/\\\/www.eldigitaldeasturias.com\\\/noticias\\\/category\\\/actualidad\\\/#listItem\",\"position\":2,\"name\":\"Actualidad\",\"item\":\"https:\\\/\\\/www.eldigitaldeasturias.com\\\/noticias\\\/category\\\/actualidad\\\/\",\"nextItem\":{\"@type\":\"ListItem\",\"@id\":\"https:\\\/\\\/www.eldigitaldeasturias.com\\\/noticias\\\/fallece-la-pintora-isabel-quintanilla\\\/#listItem\",\"name\":\"Fallece la pintora Isabel Quintanilla\"},\"previousItem\":{\"@type\":\"ListItem\",\"@id\":\"https:\\\/\\\/www.eldigitaldeasturias.com\\\/noticias#listItem\",\"name\":\"Home\"}},{\"@type\":\"ListItem\",\"@id\":\"https:\\\/\\\/www.eldigitaldeasturias.com\\\/noticias\\\/fallece-la-pintora-isabel-quintanilla\\\/#listItem\",\"position\":3,\"name\":\"Fallece la pintora Isabel Quintanilla\",\"previousItem\":{\"@type\":\"ListItem\",\"@id\":\"https:\\\/\\\/www.eldigitaldeasturias.com\\\/noticias\\\/category\\\/actualidad\\\/#listItem\",\"name\":\"Actualidad\"}}]},{\"@type\":\"Organization\",\"@id\":\"https:\\\/\\\/www.eldigitaldeasturias.com\\\/noticias\\\/#organization\",\"name\":\"El Digital de Asturias\",\"description\":\"Hemeroteca\",\"url\":\"https:\\\/\\\/www.eldigitaldeasturias.com\\\/noticias\\\/\",\"email\":\"info@eldigitaldeasturias.com\",\"telephone\":\"+34652131393\",\"logo\":{\"@type\":\"ImageObject\",\"url\":\"https:\\\/\\\/www.eldigitaldeasturias.com\\\/noticias\\\/wp-content\\\/uploads\\\/2020\\\/12\\\/EDA.jpg\",\"@id\":\"https:\\\/\\\/www.eldigitaldeasturias.com\\\/noticias\\\/fallece-la-pintora-isabel-quintanilla\\\/#organizationLogo\"},\"image\":{\"@id\":\"https:\\\/\\\/www.eldigitaldeasturias.com\\\/noticias\\\/fallece-la-pintora-isabel-quintanilla\\\/#organizationLogo\"},\"sameAs\":[\"https:\\\/\\\/facebook.com\\\/eldigitaldeasturias\",\"https:\\\/\\\/www.youtube.com\\\/channel\\\/UCZP-2wLEB9Rv6erhFmqVnvg\"],\"address\":{\"@id\":\"https:\\\/\\\/www.eldigitaldeasturias.com\\\/noticias\\\/#postaladdress\",\"@type\":\"PostalAddress\",\"streetAddress\":\"san antonio 4\",\"postalCode\":\"33430\",\"addressLocality\":\"Cand\\u00e1s\",\"addressRegion\":\"Asturias\",\"addressCountry\":\"ES\"}},{\"@type\":\"Person\",\"@id\":\"https:\\\/\\\/www.eldigitaldeasturias.com\\\/noticias\\\/author\\\/admin\\\/#author\",\"url\":\"https:\\\/\\\/www.eldigitaldeasturias.com\\\/noticias\\\/author\\\/admin\\\/\",\"name\":\"El Digital de Asturias\",\"image\":{\"@type\":\"ImageObject\",\"@id\":\"https:\\\/\\\/www.eldigitaldeasturias.com\\\/noticias\\\/fallece-la-pintora-isabel-quintanilla\\\/#authorImage\",\"url\":\"https:\\\/\\\/secure.gravatar.com\\\/avatar\\\/df2aeffc32bcd13f8d26072ef8a91b623d677766deac7f97ca815868cd41bf5e?s=96&d=mm&r=g\",\"width\":96,\"height\":96,\"caption\":\"El Digital de Asturias\"}},{\"@type\":\"WebPage\",\"@id\":\"https:\\\/\\\/www.eldigitaldeasturias.com\\\/noticias\\\/fallece-la-pintora-isabel-quintanilla\\\/#webpage\",\"url\":\"https:\\\/\\\/www.eldigitaldeasturias.com\\\/noticias\\\/fallece-la-pintora-isabel-quintanilla\\\/\",\"name\":\"Fallece la pintora Isabel Quintanilla - El Digital de Asturias\",\"description\":\"Ayer, 24 de octubre, muri\\u00f3 en Brunete la pintora Isabel Quintanilla a los 79 a\\u00f1os de edad. Isabel fue una de las protagonistas de la exposici\\u00f3n Realistas de Madrid, que se pudo ver en el Museo Thyssen-Bornemisza entre febrero y mayo del pasado a\\u00f1o, y su obra fue sin duda una de las m\\u00e1s admiradas\",\"inLanguage\":\"es-ES\",\"isPartOf\":{\"@id\":\"https:\\\/\\\/www.eldigitaldeasturias.com\\\/noticias\\\/#website\"},\"breadcrumb\":{\"@id\":\"https:\\\/\\\/www.eldigitaldeasturias.com\\\/noticias\\\/fallece-la-pintora-isabel-quintanilla\\\/#breadcrumblist\"},\"author\":{\"@id\":\"https:\\\/\\\/www.eldigitaldeasturias.com\\\/noticias\\\/author\\\/admin\\\/#author\"},\"creator\":{\"@id\":\"https:\\\/\\\/www.eldigitaldeasturias.com\\\/noticias\\\/author\\\/admin\\\/#author\"},\"image\":{\"@type\":\"ImageObject\",\"url\":957461,\"@id\":\"https:\\\/\\\/www.eldigitaldeasturias.com\\\/noticias\\\/fallece-la-pintora-isabel-quintanilla\\\/#mainImage\"},\"primaryImageOfPage\":{\"@id\":\"https:\\\/\\\/www.eldigitaldeasturias.com\\\/noticias\\\/fallece-la-pintora-isabel-quintanilla\\\/#mainImage\"},\"datePublished\":\"2017-10-25T15:21:27+02:00\",\"dateModified\":\"2017-10-25T15:21:27+02:00\"},{\"@type\":\"WebSite\",\"@id\":\"https:\\\/\\\/www.eldigitaldeasturias.com\\\/noticias\\\/#website\",\"url\":\"https:\\\/\\\/www.eldigitaldeasturias.com\\\/noticias\\\/\",\"name\":\"El Digital de Asturias - Diario de actualidad y noticias\",\"alternateName\":\"El Digital de Asturias - Diario de actualidad y noticias\",\"description\":\"Hemeroteca\",\"inLanguage\":\"es-ES\",\"publisher\":{\"@id\":\"https:\\\/\\\/www.eldigitaldeasturias.com\\\/noticias\\\/#organization\"}}]}\n\t\t<\/script>\n\t\t<!-- All in One SEO Pro -->\r\n\t\t<title>Fallece la pintora Isabel Quintanilla - El Digital de Asturias<\/title>\n\n","aioseo_head_json":{"title":"Fallece la pintora Isabel Quintanilla - El Digital de Asturias","description":"Ayer, 24 de octubre, muri\u00f3 en Brunete la pintora Isabel Quintanilla a los 79 a\u00f1os de edad. Isabel fue una de las protagonistas de la exposici\u00f3n Realistas de Madrid, que se pudo ver en el Museo Thyssen-Bornemisza entre febrero y mayo del pasado a\u00f1o, y su obra fue sin duda una de las m\u00e1s admiradas","canonical_url":"https:\/\/www.eldigitaldeasturias.com\/noticias\/fallece-la-pintora-isabel-quintanilla\/","robots":"max-image-preview:large","keywords":"actualidad","webmasterTools":{"google-site-verification":"UA-38556648-1","msvalidate.01":"7dfe9f3f1b24437ab69f4f2559babe99","miscellaneous":""},"schema":{"@context":"https:\/\/schema.org","@graph":[{"@type":"BlogPosting","@id":"https:\/\/www.eldigitaldeasturias.com\/noticias\/fallece-la-pintora-isabel-quintanilla\/#blogposting","name":"Fallece la pintora Isabel Quintanilla - El Digital de Asturias","headline":"Fallece la pintora Isabel Quintanilla","author":{"@id":"https:\/\/www.eldigitaldeasturias.com\/noticias\/author\/admin\/#author"},"publisher":{"@id":"https:\/\/www.eldigitaldeasturias.com\/noticias\/#organization"},"image":{"@type":"ImageObject","url":957461},"datePublished":"2017-10-25T15:21:27+02:00","dateModified":"2017-10-25T15:21:27+02:00","inLanguage":"es-ES","mainEntityOfPage":{"@id":"https:\/\/www.eldigitaldeasturias.com\/noticias\/fallece-la-pintora-isabel-quintanilla\/#webpage"},"isPartOf":{"@id":"https:\/\/www.eldigitaldeasturias.com\/noticias\/fallece-la-pintora-isabel-quintanilla\/#webpage"},"articleSection":"Actualidad"},{"@type":"BreadcrumbList","@id":"https:\/\/www.eldigitaldeasturias.com\/noticias\/fallece-la-pintora-isabel-quintanilla\/#breadcrumblist","itemListElement":[{"@type":"ListItem","@id":"https:\/\/www.eldigitaldeasturias.com\/noticias#listItem","position":1,"name":"Home","item":"https:\/\/www.eldigitaldeasturias.com\/noticias","nextItem":{"@type":"ListItem","@id":"https:\/\/www.eldigitaldeasturias.com\/noticias\/category\/actualidad\/#listItem","name":"Actualidad"}},{"@type":"ListItem","@id":"https:\/\/www.eldigitaldeasturias.com\/noticias\/category\/actualidad\/#listItem","position":2,"name":"Actualidad","item":"https:\/\/www.eldigitaldeasturias.com\/noticias\/category\/actualidad\/","nextItem":{"@type":"ListItem","@id":"https:\/\/www.eldigitaldeasturias.com\/noticias\/fallece-la-pintora-isabel-quintanilla\/#listItem","name":"Fallece la pintora Isabel Quintanilla"},"previousItem":{"@type":"ListItem","@id":"https:\/\/www.eldigitaldeasturias.com\/noticias#listItem","name":"Home"}},{"@type":"ListItem","@id":"https:\/\/www.eldigitaldeasturias.com\/noticias\/fallece-la-pintora-isabel-quintanilla\/#listItem","position":3,"name":"Fallece la pintora Isabel Quintanilla","previousItem":{"@type":"ListItem","@id":"https:\/\/www.eldigitaldeasturias.com\/noticias\/category\/actualidad\/#listItem","name":"Actualidad"}}]},{"@type":"Organization","@id":"https:\/\/www.eldigitaldeasturias.com\/noticias\/#organization","name":"El Digital de Asturias","description":"Hemeroteca","url":"https:\/\/www.eldigitaldeasturias.com\/noticias\/","email":"info@eldigitaldeasturias.com","telephone":"+34652131393","logo":{"@type":"ImageObject","url":"https:\/\/www.eldigitaldeasturias.com\/noticias\/wp-content\/uploads\/2020\/12\/EDA.jpg","@id":"https:\/\/www.eldigitaldeasturias.com\/noticias\/fallece-la-pintora-isabel-quintanilla\/#organizationLogo"},"image":{"@id":"https:\/\/www.eldigitaldeasturias.com\/noticias\/fallece-la-pintora-isabel-quintanilla\/#organizationLogo"},"sameAs":["https:\/\/facebook.com\/eldigitaldeasturias","https:\/\/www.youtube.com\/channel\/UCZP-2wLEB9Rv6erhFmqVnvg"],"address":{"@id":"https:\/\/www.eldigitaldeasturias.com\/noticias\/#postaladdress","@type":"PostalAddress","streetAddress":"san antonio 4","postalCode":"33430","addressLocality":"Cand\u00e1s","addressRegion":"Asturias","addressCountry":"ES"}},{"@type":"Person","@id":"https:\/\/www.eldigitaldeasturias.com\/noticias\/author\/admin\/#author","url":"https:\/\/www.eldigitaldeasturias.com\/noticias\/author\/admin\/","name":"El Digital de Asturias","image":{"@type":"ImageObject","@id":"https:\/\/www.eldigitaldeasturias.com\/noticias\/fallece-la-pintora-isabel-quintanilla\/#authorImage","url":"https:\/\/secure.gravatar.com\/avatar\/df2aeffc32bcd13f8d26072ef8a91b623d677766deac7f97ca815868cd41bf5e?s=96&d=mm&r=g","width":96,"height":96,"caption":"El Digital de Asturias"}},{"@type":"WebPage","@id":"https:\/\/www.eldigitaldeasturias.com\/noticias\/fallece-la-pintora-isabel-quintanilla\/#webpage","url":"https:\/\/www.eldigitaldeasturias.com\/noticias\/fallece-la-pintora-isabel-quintanilla\/","name":"Fallece la pintora Isabel Quintanilla - El Digital de Asturias","description":"Ayer, 24 de octubre, muri\u00f3 en Brunete la pintora Isabel Quintanilla a los 79 a\u00f1os de edad. Isabel fue una de las protagonistas de la exposici\u00f3n Realistas de Madrid, que se pudo ver en el Museo Thyssen-Bornemisza entre febrero y mayo del pasado a\u00f1o, y su obra fue sin duda una de las m\u00e1s admiradas","inLanguage":"es-ES","isPartOf":{"@id":"https:\/\/www.eldigitaldeasturias.com\/noticias\/#website"},"breadcrumb":{"@id":"https:\/\/www.eldigitaldeasturias.com\/noticias\/fallece-la-pintora-isabel-quintanilla\/#breadcrumblist"},"author":{"@id":"https:\/\/www.eldigitaldeasturias.com\/noticias\/author\/admin\/#author"},"creator":{"@id":"https:\/\/www.eldigitaldeasturias.com\/noticias\/author\/admin\/#author"},"image":{"@type":"ImageObject","url":957461,"@id":"https:\/\/www.eldigitaldeasturias.com\/noticias\/fallece-la-pintora-isabel-quintanilla\/#mainImage"},"primaryImageOfPage":{"@id":"https:\/\/www.eldigitaldeasturias.com\/noticias\/fallece-la-pintora-isabel-quintanilla\/#mainImage"},"datePublished":"2017-10-25T15:21:27+02:00","dateModified":"2017-10-25T15:21:27+02:00"},{"@type":"WebSite","@id":"https:\/\/www.eldigitaldeasturias.com\/noticias\/#website","url":"https:\/\/www.eldigitaldeasturias.com\/noticias\/","name":"El Digital de Asturias - Diario de actualidad y noticias","alternateName":"El Digital de Asturias - Diario de actualidad y noticias","description":"Hemeroteca","inLanguage":"es-ES","publisher":{"@id":"https:\/\/www.eldigitaldeasturias.com\/noticias\/#organization"}}]},"og:locale":"es_ES","og:site_name":"El Digital de Asturias","og:type":"article","og:title":"Fallece la pintora Isabel Quintanilla - El Digital de Asturias","og:description":"Ayer, 24 de octubre, muri\u00f3 en Brunete la pintora Isabel Quintanilla a los 79 a\u00f1os de edad. Isabel fue una de las protagonistas de la exposici\u00f3n Realistas de Madrid, que se pudo ver en el Museo Thyssen-Bornemisza entre febrero y mayo del pasado a\u00f1o, y su obra fue sin duda una de las m\u00e1s admiradas","og:url":"https:\/\/www.eldigitaldeasturias.com\/noticias\/fallece-la-pintora-isabel-quintanilla\/","article:tag":["actualidad"],"article:published_time":"2017-10-25T15:21:27+00:00","article:modified_time":"2017-10-25T15:21:27+00:00","article:publisher":"https:\/\/facebook.com\/eldigitaldeasturias","twitter:card":"summary_large_image","twitter:title":"Fallece la pintora Isabel Quintanilla - El Digital de Asturias","twitter:description":"Ayer, 24 de octubre, muri\u00f3 en Brunete la pintora Isabel Quintanilla a los 79 a\u00f1os de edad. Isabel fue una de las protagonistas de la exposici\u00f3n Realistas de Madrid, que se pudo ver en el Museo Thyssen-Bornemisza entre febrero y mayo del pasado a\u00f1o, y su obra fue sin duda una de las m\u00e1s admiradas","twitter:image":"https:\/\/www.eldigitaldeasturias.com\/noticias\/wp-content\/uploads\/2020\/12\/EDA-1.jpg","twitter:label1":"Escrito por","twitter:data1":"El Digital de Asturias","twitter:label2":"Tiempo de lectura estimado","twitter:data2":"3 minutos"},"aioseo_meta_data":{"post_id":"957460","title":null,"description":null,"keywords":null,"keyphrases":null,"primary_term":null,"canonical_url":null,"og_title":null,"og_description":null,"og_object_type":"default","og_image_type":"default","og_image_url":null,"og_image_width":null,"og_image_height":null,"og_image_custom_url":null,"og_image_custom_fields":null,"og_video":null,"og_custom_url":null,"og_article_section":null,"og_article_tags":null,"twitter_use_og":false,"twitter_card":"default","twitter_image_type":"default","twitter_image_url":null,"twitter_image_custom_url":null,"twitter_image_custom_fields":null,"twitter_title":null,"twitter_description":null,"schema":{"blockGraphs":[],"customGraphs":[],"default":{"data":{"Article":[],"Course":[],"Dataset":[],"FAQPage":[],"Movie":[],"Person":[],"Product":[],"ProductReview":[],"Car":[],"Recipe":[],"Service":[],"SoftwareApplication":[],"WebPage":[]},"graphName":"","isEnabled":true},"graphs":[],"defaultGraph":"","defaultPostTypeGraph":""},"schema_type":null,"schema_type_options":null,"pillar_content":false,"robots_default":true,"robots_noindex":false,"robots_noarchive":false,"robots_nosnippet":false,"robots_nofollow":false,"robots_noimageindex":false,"robots_noodp":false,"robots_notranslate":false,"robots_max_snippet":null,"robots_max_videopreview":null,"robots_max_imagepreview":"large","priority":null,"frequency":null,"local_seo":null,"seo_analyzer_scan_date":"2025-12-06 17:29:09","breadcrumb_settings":null,"limit_modified_date":false,"open_ai":null,"ai":null,"created":"2020-12-21 12:54:38","updated":"2025-12-06 17:29:09","focus_keyword":null,"additional_keywords":null,"truseo_locale":null},"aioseo_breadcrumb":"<div class=\"aioseo-breadcrumbs\"><span class=\"aioseo-breadcrumb\">\n\t<a href=\"https:\/\/www.eldigitaldeasturias.com\/noticias\" title=\"Home\">Home<\/a>\n<\/span><span class=\"aioseo-breadcrumb-separator\">\u2013<\/span><span class=\"aioseo-breadcrumb\">\n\t<a href=\"https:\/\/www.eldigitaldeasturias.com\/noticias\/category\/actualidad\/\" title=\"Actualidad\">Actualidad<\/a>\n<\/span><span class=\"aioseo-breadcrumb-separator\">\u2013<\/span><span class=\"aioseo-breadcrumb\">\n\t<a href=\"https:\/\/www.eldigitaldeasturias.com\/noticias\/fallece-la-pintora-isabel-quintanilla\/\" title=\"Fallece la pintora Isabel Quintanilla\">Fallece la pintora Isabel Quintanilla<\/a>\n<\/span><\/div>","aioseo_breadcrumb_json":[{"label":"Home","link":"https:\/\/www.eldigitaldeasturias.com\/noticias"},{"label":"Actualidad","link":"https:\/\/www.eldigitaldeasturias.com\/noticias\/category\/actualidad\/"},{"label":"Fallece la pintora Isabel Quintanilla","link":"https:\/\/www.eldigitaldeasturias.com\/noticias\/fallece-la-pintora-isabel-quintanilla\/"}],"_links":{"self":[{"href":"https:\/\/www.eldigitaldeasturias.com\/noticias\/wp-json\/wp\/v2\/posts\/957460","targetHints":{"allow":["GET"]}}],"collection":[{"href":"https:\/\/www.eldigitaldeasturias.com\/noticias\/wp-json\/wp\/v2\/posts"}],"about":[{"href":"https:\/\/www.eldigitaldeasturias.com\/noticias\/wp-json\/wp\/v2\/types\/post"}],"author":[{"embeddable":true,"href":"https:\/\/www.eldigitaldeasturias.com\/noticias\/wp-json\/wp\/v2\/users\/1"}],"replies":[{"embeddable":true,"href":"https:\/\/www.eldigitaldeasturias.com\/noticias\/wp-json\/wp\/v2\/comments?post=957460"}],"version-history":[{"count":0,"href":"https:\/\/www.eldigitaldeasturias.com\/noticias\/wp-json\/wp\/v2\/posts\/957460\/revisions"}],"wp:attachment":[{"href":"https:\/\/www.eldigitaldeasturias.com\/noticias\/wp-json\/wp\/v2\/media?parent=957460"}],"wp:term":[{"taxonomy":"category","embeddable":true,"href":"https:\/\/www.eldigitaldeasturias.com\/noticias\/wp-json\/wp\/v2\/categories?post=957460"},{"taxonomy":"post_tag","embeddable":true,"href":"https:\/\/www.eldigitaldeasturias.com\/noticias\/wp-json\/wp\/v2\/tags?post=957460"}],"curies":[{"name":"wp","href":"https:\/\/api.w.org\/{rel}","templated":true}]}}