{"id":957457,"date":"2017-10-25T15:06:08","date_gmt":"2017-10-25T15:06:08","guid":{"rendered":"http:\/\/www.eldigitaldeasturias.com\/noticias\/?p=957457"},"modified":"2017-10-25T15:06:08","modified_gmt":"2017-10-25T15:06:08","slug":"el-escultor-espanol-casto-solano-seleccionado-en-el-extranjero-por-sus-proyectos","status":"publish","type":"post","link":"https:\/\/www.eldigitaldeasturias.com\/noticias\/el-escultor-espanol-casto-solano-seleccionado-en-el-extranjero-por-sus-proyectos\/","title":{"rendered":"El escultor espa\u00f1ol Casto Solano seleccionado en el extranjero por sus proyectos"},"content":{"rendered":"<p><strong><a href=\"http:\/\/www.castosolano.com\/\" target=\"_blank\" rel=\"noopener\"><span style=\"color: #ff0000;\"><img loading=\"lazy\" decoding=\"async\" class=\"alignleft size-medium wp-image-957458\" src=\"https:\/\/www.eldigitaldeasturias.com\/noticias\/wp-content\/uploads\/2017\/10\/Casto-Solano-360x255.jpg\" alt=\"\" width=\"360\" height=\"255\" \/>Casto<\/span> <span style=\"color: #ff0000;\">Solano<\/span><\/a><\/strong>, regresa a Vitoria-Gasteiz cargado del \u00e9xito cosechado en el extranjero tras obtener el reconocimiento en Par\u00eds con su obra <strong>\u201c11450 Enfants\u201d<\/strong><strong>, <\/strong>una escultura p\u00fablica en memoria de los 11450 ni\u00f1os jud\u00edos de Francia deportados a los campos de concentraci\u00f3n durante el Holocausto.<strong>\u00a0<\/strong><\/p>\n<p><em>\u201cUn gran n\u00famero de mis esculturas recuerdan los valores humanos. Esta obra se fundamenta en el no olvido que nos ayude a luchar contra la vileza humana. Una sola raz\u00f3n, un solo ni\u00f1o deportado ya habr\u00eda motivado la presentaci\u00f3n de mi propuesta. Hay 11450 razones\u201d, <\/em>afirma Solano.<\/p>\n<p><strong>El cementerio Per\u00e8 Lachaise, donde se localiza la obra escult\u00f3rica<\/strong> es el m\u00e1s grande de Par\u00eds. Con numerosas tumbas de creadores, fil\u00f3sofos, cient\u00edficos\u2026 es visitado por millones de personas al a\u00f1o. Por su consideraci\u00f3n de patrimonio nacional con estrictas restricciones, no contaba con obras de arte contempor\u00e1neo. Sin embargo, la propuesta de Solano fue recibida con agrado por la comunidad jud\u00eda, el ayuntamiento de Par\u00eds, y tambi\u00e9n por el departamento de Patrimonio Hist\u00f3rico Franc\u00e9s.<\/p>\n<p><strong><em>Otros \u00e9xitos internacionales <\/em><\/strong><\/p>\n<p>La inauguraci\u00f3n de Par\u00eds viene tras su paso por Canad\u00e1 donde ha dejado instalado \u201c<strong><em>The Golden Tree<\/em><\/strong>\u201d en Spruce Grove, Alberta.<\/p>\n<p>\u201cEsta obra representa a un abeto de acero inoxidable de aproximadamente seis metros de altura por cuyo interior de las curvas que lo conforman siguiendo la trayectoria de una espiral \u00e1urea, y a modo de savia portadora de vida, discurre el agua que sale micronizada al exterior\u201d comenta el autor.<\/p>\n<p><strong>Nuevos proyectos y concursos ganados en Espa\u00f1a y Estados Unidos<\/strong><\/p>\n<p><strong>\u201c<em>Equilibrio<\/em><\/strong>\u201d presentada dentro de la UTE Ferrovial-Onaindia, ha logrado alzarse con la victoria en el concurso p\u00fablico organizado por el ayuntamiento de <strong>Vitoria-Gasteiz para la reforma de la Plaza Santa B\u00e1rbara<\/strong> situada en pleno coraz\u00f3n de Vitoria-Gasteiz. <em>Equilibrio<\/em>, ser\u00e1 realizada en bronce y acero inoxidable, y habla de ecologismo y diversidad.<\/p>\n<p><strong>\u201c<em>Ma\u00f1ana es hoy<\/em>\u201d<\/strong> ha sido lograda por Solano tras vencer en el concurso p\u00fablico internacional realizado en Tucson, Arizona. Su mensaje se refiere a la defensa de los derechos humanos que el activista Maclovio Barraza, l\u00edder representante de los mineros del cobre y el acero, mantuvo en Arizona. Representando la uni\u00f3n de dos colectivos de trabajadores, la propuesta ser\u00e1 realizada en acero corten, una aleaci\u00f3n conformada por ambos minerales.<\/p>\n<p>Son numerosas las esculturas de gran formato que Solano tiene repartidas por el mundo. Estas dos obras se unir\u00e1n a las ya instaladas en Corea del Sur y Norte Am\u00e9rica: Jeju, Minnesota, Seattle, Vancouver, Spruce Grove y la que ser\u00e1 instalada pr\u00f3ximamente en Dallas.<\/p>\n<p>Despu\u00e9s de tres intensos a\u00f1os de trabajo fuera, con \u201c<strong><em>Equilibrio<\/em>\u201d<\/strong>, Solano regresa a casa.<\/p>\n","protected":false},"excerpt":{"rendered":"<p>Casto Solano, regresa a Vitoria-Gasteiz cargado del \u00e9xito cosechado en el extranjero tras obtener el reconocimiento en Par\u00eds con su obra \u201c11450 Enfants\u201d, una escultura p\u00fablica en memoria de los 11450 ni\u00f1os jud\u00edos de Francia deportados a los campos de concentraci\u00f3n durante el Holocausto.\u00a0 \u201cUn gran n\u00famero de mis esculturas recuerdan los valores humanos. Esta [&hellip;]<\/p>\n","protected":false},"author":1,"featured_media":957458,"comment_status":"closed","ping_status":"closed","sticky":false,"template":"","format":"standard","meta":{"footnotes":""},"categories":[1],"tags":[],"class_list":["post-957457","post","type-post","status-publish","format-standard","has-post-thumbnail","hentry","category-actualidad"],"aioseo_notices":[],"aioseo_head":"\n\t\t<!-- All in One SEO Pro 5.0.1 - aioseo.com -->\n\t<meta name=\"description\" content=\"Casto Solano, regresa a Vitoria-Gasteiz cargado del \u00e9xito cosechado en el extranjero tras obtener el reconocimiento en Par\u00eds con su obra \u201c11450 Enfants\u201d, una escultura p\u00fablica en memoria de los 11450 ni\u00f1os jud\u00edos de Francia deportados a los campos de concentraci\u00f3n durante el Holocausto. \u201cUn gran n\u00famero de mis esculturas recuerdan los valores humanos. Esta\" \/>\n\t<meta name=\"robots\" content=\"max-image-preview:large\" \/>\n\t<meta name=\"author\" content=\"El Digital de Asturias\"\/>\n\t<meta name=\"google-site-verification\" content=\"UA-38556648-1\" \/>\n\t<meta name=\"msvalidate.01\" content=\"7dfe9f3f1b24437ab69f4f2559babe99\" \/>\n\t<meta name=\"keywords\" content=\"actualidad\" \/>\n\t<link rel=\"canonical\" href=\"https:\/\/www.eldigitaldeasturias.com\/noticias\/el-escultor-espanol-casto-solano-seleccionado-en-el-extranjero-por-sus-proyectos\/\" \/>\n\t<meta name=\"generator\" content=\"All in One SEO Pro (AIOSEO) 5.0.1\" \/>\n\t\t<meta property=\"og:locale\" content=\"es_ES\" \/>\n\t\t<meta property=\"og:site_name\" content=\"El Digital de Asturias\" \/>\n\t\t<meta property=\"og:type\" content=\"article\" \/>\n\t\t<meta property=\"og:title\" content=\"El escultor espa\u00f1ol Casto Solano seleccionado en el extranjero por sus proyectos - El Digital de Asturias\" \/>\n\t\t<meta property=\"og:description\" content=\"Casto Solano, regresa a Vitoria-Gasteiz cargado del \u00e9xito cosechado en el extranjero tras obtener el reconocimiento en Par\u00eds con su obra \u201c11450 Enfants\u201d, una escultura p\u00fablica en memoria de los 11450 ni\u00f1os jud\u00edos de Francia deportados a los campos de concentraci\u00f3n durante el Holocausto. \u201cUn gran n\u00famero de mis esculturas recuerdan los valores humanos. Esta\" \/>\n\t\t<meta property=\"og:url\" content=\"https:\/\/www.eldigitaldeasturias.com\/noticias\/el-escultor-espanol-casto-solano-seleccionado-en-el-extranjero-por-sus-proyectos\/\" \/>\n\t\t<meta property=\"article:tag\" content=\"actualidad\" \/>\n\t\t<meta property=\"article:published_time\" content=\"2017-10-25T15:06:08+00:00\" \/>\n\t\t<meta property=\"article:modified_time\" content=\"2017-10-25T15:06:08+00:00\" \/>\n\t\t<meta property=\"article:publisher\" content=\"https:\/\/facebook.com\/eldigitaldeasturias\" \/>\n\t\t<meta name=\"twitter:card\" content=\"summary_large_image\" \/>\n\t\t<meta name=\"twitter:title\" content=\"El escultor espa\u00f1ol Casto Solano seleccionado en el extranjero por sus proyectos - El Digital de Asturias\" \/>\n\t\t<meta name=\"twitter:description\" content=\"Casto Solano, regresa a Vitoria-Gasteiz cargado del \u00e9xito cosechado en el extranjero tras obtener el reconocimiento en Par\u00eds con su obra \u201c11450 Enfants\u201d, una escultura p\u00fablica en memoria de los 11450 ni\u00f1os jud\u00edos de Francia deportados a los campos de concentraci\u00f3n durante el Holocausto. \u201cUn gran n\u00famero de mis esculturas recuerdan los valores humanos. Esta\" \/>\n\t\t<meta name=\"twitter:image\" content=\"https:\/\/www.eldigitaldeasturias.com\/noticias\/wp-content\/uploads\/2020\/12\/EDA-1.jpg\" \/>\n\t\t<meta name=\"twitter:label1\" content=\"Escrito por\" \/>\n\t\t<meta name=\"twitter:data1\" content=\"El Digital de Asturias\" \/>\n\t\t<meta name=\"twitter:label2\" content=\"Tiempo de lectura estimado\" \/>\n\t\t<meta name=\"twitter:data2\" content=\"2 minutos\" \/>\n\t\t<script type=\"application\/ld+json\" class=\"aioseo-schema\">\n\t\t\t{\"@context\":\"https:\\\/\\\/schema.org\",\"@graph\":[{\"@type\":\"BlogPosting\",\"@id\":\"https:\\\/\\\/www.eldigitaldeasturias.com\\\/noticias\\\/el-escultor-espanol-casto-solano-seleccionado-en-el-extranjero-por-sus-proyectos\\\/#blogposting\",\"name\":\"El escultor espa\\u00f1ol Casto Solano seleccionado en el extranjero por sus proyectos - El Digital de Asturias\",\"headline\":\"El escultor espa\\u00f1ol Casto Solano seleccionado en el extranjero por sus proyectos\",\"author\":{\"@id\":\"https:\\\/\\\/www.eldigitaldeasturias.com\\\/noticias\\\/author\\\/admin\\\/#author\"},\"publisher\":{\"@id\":\"https:\\\/\\\/www.eldigitaldeasturias.com\\\/noticias\\\/#organization\"},\"image\":{\"@type\":\"ImageObject\",\"url\":957458},\"datePublished\":\"2017-10-25T15:06:08+02:00\",\"dateModified\":\"2017-10-25T15:06:08+02:00\",\"inLanguage\":\"es-ES\",\"mainEntityOfPage\":{\"@id\":\"https:\\\/\\\/www.eldigitaldeasturias.com\\\/noticias\\\/el-escultor-espanol-casto-solano-seleccionado-en-el-extranjero-por-sus-proyectos\\\/#webpage\"},\"isPartOf\":{\"@id\":\"https:\\\/\\\/www.eldigitaldeasturias.com\\\/noticias\\\/el-escultor-espanol-casto-solano-seleccionado-en-el-extranjero-por-sus-proyectos\\\/#webpage\"},\"articleSection\":\"Actualidad\"},{\"@type\":\"BreadcrumbList\",\"@id\":\"https:\\\/\\\/www.eldigitaldeasturias.com\\\/noticias\\\/el-escultor-espanol-casto-solano-seleccionado-en-el-extranjero-por-sus-proyectos\\\/#breadcrumblist\",\"itemListElement\":[{\"@type\":\"ListItem\",\"@id\":\"https:\\\/\\\/www.eldigitaldeasturias.com\\\/noticias#listItem\",\"position\":1,\"name\":\"Home\",\"item\":\"https:\\\/\\\/www.eldigitaldeasturias.com\\\/noticias\",\"nextItem\":{\"@type\":\"ListItem\",\"@id\":\"https:\\\/\\\/www.eldigitaldeasturias.com\\\/noticias\\\/category\\\/actualidad\\\/#listItem\",\"name\":\"Actualidad\"}},{\"@type\":\"ListItem\",\"@id\":\"https:\\\/\\\/www.eldigitaldeasturias.com\\\/noticias\\\/category\\\/actualidad\\\/#listItem\",\"position\":2,\"name\":\"Actualidad\",\"item\":\"https:\\\/\\\/www.eldigitaldeasturias.com\\\/noticias\\\/category\\\/actualidad\\\/\",\"nextItem\":{\"@type\":\"ListItem\",\"@id\":\"https:\\\/\\\/www.eldigitaldeasturias.com\\\/noticias\\\/el-escultor-espanol-casto-solano-seleccionado-en-el-extranjero-por-sus-proyectos\\\/#listItem\",\"name\":\"El escultor espa\\u00f1ol Casto Solano seleccionado en el extranjero por sus proyectos\"},\"previousItem\":{\"@type\":\"ListItem\",\"@id\":\"https:\\\/\\\/www.eldigitaldeasturias.com\\\/noticias#listItem\",\"name\":\"Home\"}},{\"@type\":\"ListItem\",\"@id\":\"https:\\\/\\\/www.eldigitaldeasturias.com\\\/noticias\\\/el-escultor-espanol-casto-solano-seleccionado-en-el-extranjero-por-sus-proyectos\\\/#listItem\",\"position\":3,\"name\":\"El escultor espa\\u00f1ol Casto Solano seleccionado en el extranjero por sus proyectos\",\"previousItem\":{\"@type\":\"ListItem\",\"@id\":\"https:\\\/\\\/www.eldigitaldeasturias.com\\\/noticias\\\/category\\\/actualidad\\\/#listItem\",\"name\":\"Actualidad\"}}]},{\"@type\":\"Organization\",\"@id\":\"https:\\\/\\\/www.eldigitaldeasturias.com\\\/noticias\\\/#organization\",\"name\":\"El Digital de Asturias\",\"description\":\"Hemeroteca\",\"url\":\"https:\\\/\\\/www.eldigitaldeasturias.com\\\/noticias\\\/\",\"email\":\"info@eldigitaldeasturias.com\",\"telephone\":\"+34652131393\",\"logo\":{\"@type\":\"ImageObject\",\"url\":\"https:\\\/\\\/www.eldigitaldeasturias.com\\\/noticias\\\/wp-content\\\/uploads\\\/2020\\\/12\\\/EDA.jpg\",\"@id\":\"https:\\\/\\\/www.eldigitaldeasturias.com\\\/noticias\\\/el-escultor-espanol-casto-solano-seleccionado-en-el-extranjero-por-sus-proyectos\\\/#organizationLogo\"},\"image\":{\"@id\":\"https:\\\/\\\/www.eldigitaldeasturias.com\\\/noticias\\\/el-escultor-espanol-casto-solano-seleccionado-en-el-extranjero-por-sus-proyectos\\\/#organizationLogo\"},\"sameAs\":[\"https:\\\/\\\/facebook.com\\\/eldigitaldeasturias\",\"https:\\\/\\\/www.youtube.com\\\/channel\\\/UCZP-2wLEB9Rv6erhFmqVnvg\"],\"address\":{\"@id\":\"https:\\\/\\\/www.eldigitaldeasturias.com\\\/noticias\\\/#postaladdress\",\"@type\":\"PostalAddress\",\"streetAddress\":\"san antonio 4\",\"postalCode\":\"33430\",\"addressLocality\":\"Cand\\u00e1s\",\"addressRegion\":\"Asturias\",\"addressCountry\":\"ES\"}},{\"@type\":\"Person\",\"@id\":\"https:\\\/\\\/www.eldigitaldeasturias.com\\\/noticias\\\/author\\\/admin\\\/#author\",\"url\":\"https:\\\/\\\/www.eldigitaldeasturias.com\\\/noticias\\\/author\\\/admin\\\/\",\"name\":\"El Digital de Asturias\",\"image\":{\"@type\":\"ImageObject\",\"@id\":\"https:\\\/\\\/www.eldigitaldeasturias.com\\\/noticias\\\/el-escultor-espanol-casto-solano-seleccionado-en-el-extranjero-por-sus-proyectos\\\/#authorImage\",\"url\":\"https:\\\/\\\/secure.gravatar.com\\\/avatar\\\/df2aeffc32bcd13f8d26072ef8a91b623d677766deac7f97ca815868cd41bf5e?s=96&d=mm&r=g\",\"width\":96,\"height\":96,\"caption\":\"El Digital de Asturias\"}},{\"@type\":\"WebPage\",\"@id\":\"https:\\\/\\\/www.eldigitaldeasturias.com\\\/noticias\\\/el-escultor-espanol-casto-solano-seleccionado-en-el-extranjero-por-sus-proyectos\\\/#webpage\",\"url\":\"https:\\\/\\\/www.eldigitaldeasturias.com\\\/noticias\\\/el-escultor-espanol-casto-solano-seleccionado-en-el-extranjero-por-sus-proyectos\\\/\",\"name\":\"El escultor espa\\u00f1ol Casto Solano seleccionado en el extranjero por sus proyectos - El Digital de Asturias\",\"description\":\"Casto Solano, regresa a Vitoria-Gasteiz cargado del \\u00e9xito cosechado en el extranjero tras obtener el reconocimiento en Par\\u00eds con su obra \\u201c11450 Enfants\\u201d, una escultura p\\u00fablica en memoria de los 11450 ni\\u00f1os jud\\u00edos de Francia deportados a los campos de concentraci\\u00f3n durante el Holocausto. \\u201cUn gran n\\u00famero de mis esculturas recuerdan los valores humanos. Esta\",\"inLanguage\":\"es-ES\",\"isPartOf\":{\"@id\":\"https:\\\/\\\/www.eldigitaldeasturias.com\\\/noticias\\\/#website\"},\"breadcrumb\":{\"@id\":\"https:\\\/\\\/www.eldigitaldeasturias.com\\\/noticias\\\/el-escultor-espanol-casto-solano-seleccionado-en-el-extranjero-por-sus-proyectos\\\/#breadcrumblist\"},\"author\":{\"@id\":\"https:\\\/\\\/www.eldigitaldeasturias.com\\\/noticias\\\/author\\\/admin\\\/#author\"},\"creator\":{\"@id\":\"https:\\\/\\\/www.eldigitaldeasturias.com\\\/noticias\\\/author\\\/admin\\\/#author\"},\"image\":{\"@type\":\"ImageObject\",\"url\":957458,\"@id\":\"https:\\\/\\\/www.eldigitaldeasturias.com\\\/noticias\\\/el-escultor-espanol-casto-solano-seleccionado-en-el-extranjero-por-sus-proyectos\\\/#mainImage\"},\"primaryImageOfPage\":{\"@id\":\"https:\\\/\\\/www.eldigitaldeasturias.com\\\/noticias\\\/el-escultor-espanol-casto-solano-seleccionado-en-el-extranjero-por-sus-proyectos\\\/#mainImage\"},\"datePublished\":\"2017-10-25T15:06:08+02:00\",\"dateModified\":\"2017-10-25T15:06:08+02:00\"},{\"@type\":\"WebSite\",\"@id\":\"https:\\\/\\\/www.eldigitaldeasturias.com\\\/noticias\\\/#website\",\"url\":\"https:\\\/\\\/www.eldigitaldeasturias.com\\\/noticias\\\/\",\"name\":\"El Digital de Asturias - Diario de actualidad y noticias\",\"alternateName\":\"El Digital de Asturias - Diario de actualidad y noticias\",\"description\":\"Hemeroteca\",\"inLanguage\":\"es-ES\",\"publisher\":{\"@id\":\"https:\\\/\\\/www.eldigitaldeasturias.com\\\/noticias\\\/#organization\"}}]}\n\t\t<\/script>\n\t\t<!-- All in One SEO Pro -->\r\n\t\t<title>El escultor espa\u00f1ol Casto Solano seleccionado en el extranjero por sus proyectos - El Digital de Asturias<\/title>\n\n","aioseo_head_json":{"title":"El escultor espa\u00f1ol Casto Solano seleccionado en el extranjero por sus proyectos - El Digital de Asturias","description":"Casto Solano, regresa a Vitoria-Gasteiz cargado del \u00e9xito cosechado en el extranjero tras obtener el reconocimiento en Par\u00eds con su obra \u201c11450 Enfants\u201d, una escultura p\u00fablica en memoria de los 11450 ni\u00f1os jud\u00edos de Francia deportados a los campos de concentraci\u00f3n durante el Holocausto. \u201cUn gran n\u00famero de mis esculturas recuerdan los valores humanos. Esta","canonical_url":"https:\/\/www.eldigitaldeasturias.com\/noticias\/el-escultor-espanol-casto-solano-seleccionado-en-el-extranjero-por-sus-proyectos\/","robots":"max-image-preview:large","keywords":"actualidad","webmasterTools":{"google-site-verification":"UA-38556648-1","msvalidate.01":"7dfe9f3f1b24437ab69f4f2559babe99","miscellaneous":""},"schema":{"@context":"https:\/\/schema.org","@graph":[{"@type":"BlogPosting","@id":"https:\/\/www.eldigitaldeasturias.com\/noticias\/el-escultor-espanol-casto-solano-seleccionado-en-el-extranjero-por-sus-proyectos\/#blogposting","name":"El escultor espa\u00f1ol Casto Solano seleccionado en el extranjero por sus proyectos - El Digital de Asturias","headline":"El escultor espa\u00f1ol Casto Solano seleccionado en el extranjero por sus proyectos","author":{"@id":"https:\/\/www.eldigitaldeasturias.com\/noticias\/author\/admin\/#author"},"publisher":{"@id":"https:\/\/www.eldigitaldeasturias.com\/noticias\/#organization"},"image":{"@type":"ImageObject","url":957458},"datePublished":"2017-10-25T15:06:08+02:00","dateModified":"2017-10-25T15:06:08+02:00","inLanguage":"es-ES","mainEntityOfPage":{"@id":"https:\/\/www.eldigitaldeasturias.com\/noticias\/el-escultor-espanol-casto-solano-seleccionado-en-el-extranjero-por-sus-proyectos\/#webpage"},"isPartOf":{"@id":"https:\/\/www.eldigitaldeasturias.com\/noticias\/el-escultor-espanol-casto-solano-seleccionado-en-el-extranjero-por-sus-proyectos\/#webpage"},"articleSection":"Actualidad"},{"@type":"BreadcrumbList","@id":"https:\/\/www.eldigitaldeasturias.com\/noticias\/el-escultor-espanol-casto-solano-seleccionado-en-el-extranjero-por-sus-proyectos\/#breadcrumblist","itemListElement":[{"@type":"ListItem","@id":"https:\/\/www.eldigitaldeasturias.com\/noticias#listItem","position":1,"name":"Home","item":"https:\/\/www.eldigitaldeasturias.com\/noticias","nextItem":{"@type":"ListItem","@id":"https:\/\/www.eldigitaldeasturias.com\/noticias\/category\/actualidad\/#listItem","name":"Actualidad"}},{"@type":"ListItem","@id":"https:\/\/www.eldigitaldeasturias.com\/noticias\/category\/actualidad\/#listItem","position":2,"name":"Actualidad","item":"https:\/\/www.eldigitaldeasturias.com\/noticias\/category\/actualidad\/","nextItem":{"@type":"ListItem","@id":"https:\/\/www.eldigitaldeasturias.com\/noticias\/el-escultor-espanol-casto-solano-seleccionado-en-el-extranjero-por-sus-proyectos\/#listItem","name":"El escultor espa\u00f1ol Casto Solano seleccionado en el extranjero por sus proyectos"},"previousItem":{"@type":"ListItem","@id":"https:\/\/www.eldigitaldeasturias.com\/noticias#listItem","name":"Home"}},{"@type":"ListItem","@id":"https:\/\/www.eldigitaldeasturias.com\/noticias\/el-escultor-espanol-casto-solano-seleccionado-en-el-extranjero-por-sus-proyectos\/#listItem","position":3,"name":"El escultor espa\u00f1ol Casto Solano seleccionado en el extranjero por sus proyectos","previousItem":{"@type":"ListItem","@id":"https:\/\/www.eldigitaldeasturias.com\/noticias\/category\/actualidad\/#listItem","name":"Actualidad"}}]},{"@type":"Organization","@id":"https:\/\/www.eldigitaldeasturias.com\/noticias\/#organization","name":"El Digital de Asturias","description":"Hemeroteca","url":"https:\/\/www.eldigitaldeasturias.com\/noticias\/","email":"info@eldigitaldeasturias.com","telephone":"+34652131393","logo":{"@type":"ImageObject","url":"https:\/\/www.eldigitaldeasturias.com\/noticias\/wp-content\/uploads\/2020\/12\/EDA.jpg","@id":"https:\/\/www.eldigitaldeasturias.com\/noticias\/el-escultor-espanol-casto-solano-seleccionado-en-el-extranjero-por-sus-proyectos\/#organizationLogo"},"image":{"@id":"https:\/\/www.eldigitaldeasturias.com\/noticias\/el-escultor-espanol-casto-solano-seleccionado-en-el-extranjero-por-sus-proyectos\/#organizationLogo"},"sameAs":["https:\/\/facebook.com\/eldigitaldeasturias","https:\/\/www.youtube.com\/channel\/UCZP-2wLEB9Rv6erhFmqVnvg"],"address":{"@id":"https:\/\/www.eldigitaldeasturias.com\/noticias\/#postaladdress","@type":"PostalAddress","streetAddress":"san antonio 4","postalCode":"33430","addressLocality":"Cand\u00e1s","addressRegion":"Asturias","addressCountry":"ES"}},{"@type":"Person","@id":"https:\/\/www.eldigitaldeasturias.com\/noticias\/author\/admin\/#author","url":"https:\/\/www.eldigitaldeasturias.com\/noticias\/author\/admin\/","name":"El Digital de Asturias","image":{"@type":"ImageObject","@id":"https:\/\/www.eldigitaldeasturias.com\/noticias\/el-escultor-espanol-casto-solano-seleccionado-en-el-extranjero-por-sus-proyectos\/#authorImage","url":"https:\/\/secure.gravatar.com\/avatar\/df2aeffc32bcd13f8d26072ef8a91b623d677766deac7f97ca815868cd41bf5e?s=96&d=mm&r=g","width":96,"height":96,"caption":"El Digital de Asturias"}},{"@type":"WebPage","@id":"https:\/\/www.eldigitaldeasturias.com\/noticias\/el-escultor-espanol-casto-solano-seleccionado-en-el-extranjero-por-sus-proyectos\/#webpage","url":"https:\/\/www.eldigitaldeasturias.com\/noticias\/el-escultor-espanol-casto-solano-seleccionado-en-el-extranjero-por-sus-proyectos\/","name":"El escultor espa\u00f1ol Casto Solano seleccionado en el extranjero por sus proyectos - El Digital de Asturias","description":"Casto Solano, regresa a Vitoria-Gasteiz cargado del \u00e9xito cosechado en el extranjero tras obtener el reconocimiento en Par\u00eds con su obra \u201c11450 Enfants\u201d, una escultura p\u00fablica en memoria de los 11450 ni\u00f1os jud\u00edos de Francia deportados a los campos de concentraci\u00f3n durante el Holocausto. \u201cUn gran n\u00famero de mis esculturas recuerdan los valores humanos. Esta","inLanguage":"es-ES","isPartOf":{"@id":"https:\/\/www.eldigitaldeasturias.com\/noticias\/#website"},"breadcrumb":{"@id":"https:\/\/www.eldigitaldeasturias.com\/noticias\/el-escultor-espanol-casto-solano-seleccionado-en-el-extranjero-por-sus-proyectos\/#breadcrumblist"},"author":{"@id":"https:\/\/www.eldigitaldeasturias.com\/noticias\/author\/admin\/#author"},"creator":{"@id":"https:\/\/www.eldigitaldeasturias.com\/noticias\/author\/admin\/#author"},"image":{"@type":"ImageObject","url":957458,"@id":"https:\/\/www.eldigitaldeasturias.com\/noticias\/el-escultor-espanol-casto-solano-seleccionado-en-el-extranjero-por-sus-proyectos\/#mainImage"},"primaryImageOfPage":{"@id":"https:\/\/www.eldigitaldeasturias.com\/noticias\/el-escultor-espanol-casto-solano-seleccionado-en-el-extranjero-por-sus-proyectos\/#mainImage"},"datePublished":"2017-10-25T15:06:08+02:00","dateModified":"2017-10-25T15:06:08+02:00"},{"@type":"WebSite","@id":"https:\/\/www.eldigitaldeasturias.com\/noticias\/#website","url":"https:\/\/www.eldigitaldeasturias.com\/noticias\/","name":"El Digital de Asturias - Diario de actualidad y noticias","alternateName":"El Digital de Asturias - Diario de actualidad y noticias","description":"Hemeroteca","inLanguage":"es-ES","publisher":{"@id":"https:\/\/www.eldigitaldeasturias.com\/noticias\/#organization"}}]},"og:locale":"es_ES","og:site_name":"El Digital de Asturias","og:type":"article","og:title":"El escultor espa\u00f1ol Casto Solano seleccionado en el extranjero por sus proyectos - El Digital de Asturias","og:description":"Casto Solano, regresa a Vitoria-Gasteiz cargado del \u00e9xito cosechado en el extranjero tras obtener el reconocimiento en Par\u00eds con su obra \u201c11450 Enfants\u201d, una escultura p\u00fablica en memoria de los 11450 ni\u00f1os jud\u00edos de Francia deportados a los campos de concentraci\u00f3n durante el Holocausto. \u201cUn gran n\u00famero de mis esculturas recuerdan los valores humanos. Esta","og:url":"https:\/\/www.eldigitaldeasturias.com\/noticias\/el-escultor-espanol-casto-solano-seleccionado-en-el-extranjero-por-sus-proyectos\/","article:tag":["actualidad"],"article:published_time":"2017-10-25T15:06:08+00:00","article:modified_time":"2017-10-25T15:06:08+00:00","article:publisher":"https:\/\/facebook.com\/eldigitaldeasturias","twitter:card":"summary_large_image","twitter:title":"El escultor espa\u00f1ol Casto Solano seleccionado en el extranjero por sus proyectos - El Digital de Asturias","twitter:description":"Casto Solano, regresa a Vitoria-Gasteiz cargado del \u00e9xito cosechado en el extranjero tras obtener el reconocimiento en Par\u00eds con su obra \u201c11450 Enfants\u201d, una escultura p\u00fablica en memoria de los 11450 ni\u00f1os jud\u00edos de Francia deportados a los campos de concentraci\u00f3n durante el Holocausto. \u201cUn gran n\u00famero de mis esculturas recuerdan los valores humanos. Esta","twitter:image":"https:\/\/www.eldigitaldeasturias.com\/noticias\/wp-content\/uploads\/2020\/12\/EDA-1.jpg","twitter:label1":"Escrito por","twitter:data1":"El Digital de Asturias","twitter:label2":"Tiempo de lectura estimado","twitter:data2":"2 minutos"},"aioseo_meta_data":{"post_id":"957457","title":null,"description":null,"keywords":null,"keyphrases":null,"primary_term":null,"canonical_url":null,"og_title":null,"og_description":null,"og_object_type":"default","og_image_type":"default","og_image_url":null,"og_image_width":null,"og_image_height":null,"og_image_custom_url":null,"og_image_custom_fields":null,"og_video":null,"og_custom_url":null,"og_article_section":null,"og_article_tags":null,"twitter_use_og":false,"twitter_card":"default","twitter_image_type":"default","twitter_image_url":null,"twitter_image_custom_url":null,"twitter_image_custom_fields":null,"twitter_title":null,"twitter_description":null,"schema":{"blockGraphs":[],"customGraphs":[],"default":{"data":{"Article":[],"Course":[],"Dataset":[],"FAQPage":[],"Movie":[],"Person":[],"Product":[],"ProductReview":[],"Car":[],"Recipe":[],"Service":[],"SoftwareApplication":[],"WebPage":[]},"graphName":"","isEnabled":true},"graphs":[]},"schema_type":null,"schema_type_options":null,"pillar_content":false,"robots_default":true,"robots_noindex":false,"robots_noarchive":false,"robots_nosnippet":false,"robots_nofollow":false,"robots_noimageindex":false,"robots_noodp":false,"robots_notranslate":false,"robots_max_snippet":null,"robots_max_videopreview":null,"robots_max_imagepreview":"large","priority":null,"frequency":null,"local_seo":null,"seo_analyzer_scan_date":"2025-12-06 17:27:18","breadcrumb_settings":null,"limit_modified_date":false,"open_ai":null,"ai":null,"created":"2020-12-21 12:54:38","updated":"2025-12-06 17:27:18","focus_keyword":null,"additional_keywords":null,"truseo_locale":null},"aioseo_breadcrumb":"<div class=\"aioseo-breadcrumbs\"><span class=\"aioseo-breadcrumb\">\n\t<a href=\"https:\/\/www.eldigitaldeasturias.com\/noticias\" title=\"Home\">Home<\/a>\n<\/span><span class=\"aioseo-breadcrumb-separator\">\u2013<\/span><span class=\"aioseo-breadcrumb\">\n\t<a href=\"https:\/\/www.eldigitaldeasturias.com\/noticias\/category\/actualidad\/\" title=\"Actualidad\">Actualidad<\/a>\n<\/span><span class=\"aioseo-breadcrumb-separator\">\u2013<\/span><span class=\"aioseo-breadcrumb\">\n\t<a href=\"https:\/\/www.eldigitaldeasturias.com\/noticias\/el-escultor-espanol-casto-solano-seleccionado-en-el-extranjero-por-sus-proyectos\/\" title=\"El escultor espa\u00f1ol Casto Solano seleccionado en el extranjero por sus proyectos\">El escultor espa\u00f1ol Casto Solano seleccionado en el extranjero por sus proyectos<\/a>\n<\/span><\/div>","aioseo_breadcrumb_json":[{"label":"Home","link":"https:\/\/www.eldigitaldeasturias.com\/noticias"},{"label":"Actualidad","link":"https:\/\/www.eldigitaldeasturias.com\/noticias\/category\/actualidad\/"},{"label":"El escultor espa\u00f1ol Casto Solano seleccionado en el extranjero por sus proyectos","link":"https:\/\/www.eldigitaldeasturias.com\/noticias\/el-escultor-espanol-casto-solano-seleccionado-en-el-extranjero-por-sus-proyectos\/"}],"_links":{"self":[{"href":"https:\/\/www.eldigitaldeasturias.com\/noticias\/wp-json\/wp\/v2\/posts\/957457","targetHints":{"allow":["GET"]}}],"collection":[{"href":"https:\/\/www.eldigitaldeasturias.com\/noticias\/wp-json\/wp\/v2\/posts"}],"about":[{"href":"https:\/\/www.eldigitaldeasturias.com\/noticias\/wp-json\/wp\/v2\/types\/post"}],"author":[{"embeddable":true,"href":"https:\/\/www.eldigitaldeasturias.com\/noticias\/wp-json\/wp\/v2\/users\/1"}],"replies":[{"embeddable":true,"href":"https:\/\/www.eldigitaldeasturias.com\/noticias\/wp-json\/wp\/v2\/comments?post=957457"}],"version-history":[{"count":0,"href":"https:\/\/www.eldigitaldeasturias.com\/noticias\/wp-json\/wp\/v2\/posts\/957457\/revisions"}],"wp:attachment":[{"href":"https:\/\/www.eldigitaldeasturias.com\/noticias\/wp-json\/wp\/v2\/media?parent=957457"}],"wp:term":[{"taxonomy":"category","embeddable":true,"href":"https:\/\/www.eldigitaldeasturias.com\/noticias\/wp-json\/wp\/v2\/categories?post=957457"},{"taxonomy":"post_tag","embeddable":true,"href":"https:\/\/www.eldigitaldeasturias.com\/noticias\/wp-json\/wp\/v2\/tags?post=957457"}],"curies":[{"name":"wp","href":"https:\/\/api.w.org\/{rel}","templated":true}]}}