{"id":957436,"date":"2017-10-24T23:07:24","date_gmt":"2017-10-24T23:07:24","guid":{"rendered":"http:\/\/www.eldigitaldeasturias.com\/noticias\/?p=957436"},"modified":"2017-10-24T23:07:24","modified_gmt":"2017-10-24T23:07:24","slug":"rivera-confia-en-ganar-las-elecciones-en-cataluna","status":"publish","type":"post","link":"https:\/\/www.eldigitaldeasturias.com\/noticias\/rivera-confia-en-ganar-las-elecciones-en-cataluna\/","title":{"rendered":"Rivera conf\u00eda en ganar las elecciones en Catalu\u00f1a"},"content":{"rendered":"<p><img loading=\"lazy\" decoding=\"async\" class=\"alignleft size-medium wp-image-955451\" src=\"https:\/\/www.eldigitaldeasturias.com\/noticias\/wp-content\/uploads\/2017\/10\/Rivera17-360x240.jpg\" alt=\"\" width=\"360\" height=\"240\" \/>El presidente de Cs advierte que &#8216;la \u00fanica manera de no aplicar el 155 es que se vuelva a la democracia, al Estatut y a la Constituci\u00f3n&#8217; y se celebren elecciones &#8216;libres y seguras&#8217;<\/p>\n<p>\u201cConfiamos en ganar las elecciones porque los catalanes est\u00e1n perdiendo el miedo a salir a la calle y a utilizar los s\u00edmbolos del pa\u00eds\u201d, ha afirmado el presidente de Ciudadanos (Cs), Albert Rivera, que ha a\u00f1adido que la formaci\u00f3n liberal puede \u201cdar la batalla ideol\u00f3gica con un proyecto para Catalu\u00f1a\u201d. Rivera ha confesado que conf\u00eda en la victoria \u201cno solo por las encuestas, sino tambi\u00e9n por las sensaciones\u201d.<\/p>\n<p>El l\u00edder de Cs ha advertido que \u201cla \u00fanica manera de no aplicar el art\u00edculo 155 de la Constituci\u00f3n es que se vuelva a la democracia, al Estatut y a la Constituci\u00f3n y que se garanticen unas elecciones libres y seguras\u201d. En su intervenci\u00f3n en abierto a los medios de comunicaci\u00f3n durante la reuni\u00f3n del Grupo Parlamentario Ciudadanos (GPCs), Rivera ha exigido a Puigdemont que \u201cdeje de dar un golpe a la democracia\u201d y ha confiado en \u201cecharle con votos\u201d.<\/p>\n<p>\u201cNos toca recuperar la autonom\u00eda de Catalu\u00f1a, que han liquidado los separatistas, como hace cuarenta a\u00f1os hicieron Adolfo Su\u00e1rez y Josep Tarradellas\u201d, ha dicho el presidente de la formaci\u00f3n naranja, que ha apostado porque \u201cse aplique la Constituci\u00f3n y se protejan los derechos y libertades de todos\u201d. Rivera ha dicho que \u201cCiudadanos va a estar con la Constituci\u00f3n y con los catalanes no separatistas y el pueblo espa\u00f1ol, que est\u00e1 poniendo el camino, junto con el Rey, de c\u00f3mo deben actuar los poderes del Estado\u201d.<\/p>\n<p>El l\u00edder de Cs ha advertido que \u201cse ha acabado la etapa del intercambio de cromos y de chantajes\u201d de los nacionalistas y se abre una nueva con \u201cun proyecto que piense en la mayor\u00eda de espa\u00f1oles\u201d.<\/p>\n","protected":false},"excerpt":{"rendered":"<p>El presidente de Cs advierte que &#8216;la \u00fanica manera de no aplicar el 155 es que se vuelva a la democracia, al Estatut y a la Constituci\u00f3n&#8217; y se celebren elecciones &#8216;libres y seguras&#8217; \u201cConfiamos en ganar las elecciones porque los catalanes est\u00e1n perdiendo el miedo a salir a la calle y a utilizar los [&hellip;]<\/p>\n","protected":false},"author":1,"featured_media":956263,"comment_status":"closed","ping_status":"closed","sticky":false,"template":"","format":"standard","meta":{"footnotes":""},"categories":[1],"tags":[],"class_list":["post-957436","post","type-post","status-publish","format-standard","has-post-thumbnail","hentry","category-actualidad"],"aioseo_notices":[],"aioseo_head":"\n\t\t<!-- All in One SEO Pro 5.0.1 - aioseo.com -->\n\t<meta name=\"description\" content=\"El presidente de Cs advierte que &#039;la \u00fanica manera de no aplicar el 155 es que se vuelva a la democracia, al Estatut y a la Constituci\u00f3n&#039; y se celebren elecciones &#039;libres y seguras&#039; \u201cConfiamos en ganar las elecciones porque los catalanes est\u00e1n perdiendo el miedo a salir a la calle y a utilizar los\" \/>\n\t<meta name=\"robots\" content=\"max-image-preview:large\" \/>\n\t<meta name=\"author\" content=\"El Digital de Asturias\"\/>\n\t<meta name=\"google-site-verification\" content=\"UA-38556648-1\" \/>\n\t<meta name=\"msvalidate.01\" content=\"7dfe9f3f1b24437ab69f4f2559babe99\" \/>\n\t<meta name=\"keywords\" content=\"actualidad\" \/>\n\t<link rel=\"canonical\" href=\"https:\/\/www.eldigitaldeasturias.com\/noticias\/rivera-confia-en-ganar-las-elecciones-en-cataluna\/\" \/>\n\t<meta name=\"generator\" content=\"All in One SEO Pro (AIOSEO) 5.0.1\" \/>\n\t\t<meta property=\"og:locale\" content=\"es_ES\" \/>\n\t\t<meta property=\"og:site_name\" content=\"El Digital de Asturias\" \/>\n\t\t<meta property=\"og:type\" content=\"article\" \/>\n\t\t<meta property=\"og:title\" content=\"Rivera conf\u00eda en ganar las elecciones en Catalu\u00f1a - El Digital de Asturias\" \/>\n\t\t<meta property=\"og:description\" content=\"El presidente de Cs advierte que &#039;la \u00fanica manera de no aplicar el 155 es que se vuelva a la democracia, al Estatut y a la Constituci\u00f3n&#039; y se celebren elecciones &#039;libres y seguras&#039; \u201cConfiamos en ganar las elecciones porque los catalanes est\u00e1n perdiendo el miedo a salir a la calle y a utilizar los\" \/>\n\t\t<meta property=\"og:url\" content=\"https:\/\/www.eldigitaldeasturias.com\/noticias\/rivera-confia-en-ganar-las-elecciones-en-cataluna\/\" \/>\n\t\t<meta property=\"article:tag\" content=\"actualidad\" \/>\n\t\t<meta property=\"article:published_time\" content=\"2017-10-24T23:07:24+00:00\" \/>\n\t\t<meta property=\"article:modified_time\" content=\"2017-10-24T23:07:24+00:00\" \/>\n\t\t<meta property=\"article:publisher\" content=\"https:\/\/facebook.com\/eldigitaldeasturias\" \/>\n\t\t<meta name=\"twitter:card\" content=\"summary_large_image\" \/>\n\t\t<meta name=\"twitter:title\" content=\"Rivera conf\u00eda en ganar las elecciones en Catalu\u00f1a - El Digital de Asturias\" \/>\n\t\t<meta name=\"twitter:description\" content=\"El presidente de Cs advierte que &#039;la \u00fanica manera de no aplicar el 155 es que se vuelva a la democracia, al Estatut y a la Constituci\u00f3n&#039; y se celebren elecciones &#039;libres y seguras&#039; \u201cConfiamos en ganar las elecciones porque los catalanes est\u00e1n perdiendo el miedo a salir a la calle y a utilizar los\" \/>\n\t\t<meta name=\"twitter:image\" content=\"https:\/\/www.eldigitaldeasturias.com\/noticias\/wp-content\/uploads\/2020\/12\/EDA-1.jpg\" \/>\n\t\t<meta name=\"twitter:label1\" content=\"Escrito por\" \/>\n\t\t<meta name=\"twitter:data1\" content=\"El Digital de Asturias\" \/>\n\t\t<meta name=\"twitter:label2\" content=\"Tiempo de lectura estimado\" \/>\n\t\t<meta name=\"twitter:data2\" content=\"2 minutos\" \/>\n\t\t<script type=\"application\/ld+json\" class=\"aioseo-schema\">\n\t\t\t{\"@context\":\"https:\\\/\\\/schema.org\",\"@graph\":[{\"@type\":\"BlogPosting\",\"@id\":\"https:\\\/\\\/www.eldigitaldeasturias.com\\\/noticias\\\/rivera-confia-en-ganar-las-elecciones-en-cataluna\\\/#blogposting\",\"name\":\"Rivera conf\\u00eda en ganar las elecciones en Catalu\\u00f1a - El Digital de Asturias\",\"headline\":\"Rivera conf\\u00eda en ganar las elecciones en Catalu\\u00f1a\",\"author\":{\"@id\":\"https:\\\/\\\/www.eldigitaldeasturias.com\\\/noticias\\\/author\\\/admin\\\/#author\"},\"publisher\":{\"@id\":\"https:\\\/\\\/www.eldigitaldeasturias.com\\\/noticias\\\/#organization\"},\"image\":{\"@type\":\"ImageObject\",\"url\":956263},\"datePublished\":\"2017-10-24T23:07:24+02:00\",\"dateModified\":\"2017-10-24T23:07:24+02:00\",\"inLanguage\":\"es-ES\",\"mainEntityOfPage\":{\"@id\":\"https:\\\/\\\/www.eldigitaldeasturias.com\\\/noticias\\\/rivera-confia-en-ganar-las-elecciones-en-cataluna\\\/#webpage\"},\"isPartOf\":{\"@id\":\"https:\\\/\\\/www.eldigitaldeasturias.com\\\/noticias\\\/rivera-confia-en-ganar-las-elecciones-en-cataluna\\\/#webpage\"},\"articleSection\":\"Actualidad\"},{\"@type\":\"BreadcrumbList\",\"@id\":\"https:\\\/\\\/www.eldigitaldeasturias.com\\\/noticias\\\/rivera-confia-en-ganar-las-elecciones-en-cataluna\\\/#breadcrumblist\",\"itemListElement\":[{\"@type\":\"ListItem\",\"@id\":\"https:\\\/\\\/www.eldigitaldeasturias.com\\\/noticias#listItem\",\"position\":1,\"name\":\"Home\",\"item\":\"https:\\\/\\\/www.eldigitaldeasturias.com\\\/noticias\",\"nextItem\":{\"@type\":\"ListItem\",\"@id\":\"https:\\\/\\\/www.eldigitaldeasturias.com\\\/noticias\\\/category\\\/actualidad\\\/#listItem\",\"name\":\"Actualidad\"}},{\"@type\":\"ListItem\",\"@id\":\"https:\\\/\\\/www.eldigitaldeasturias.com\\\/noticias\\\/category\\\/actualidad\\\/#listItem\",\"position\":2,\"name\":\"Actualidad\",\"item\":\"https:\\\/\\\/www.eldigitaldeasturias.com\\\/noticias\\\/category\\\/actualidad\\\/\",\"nextItem\":{\"@type\":\"ListItem\",\"@id\":\"https:\\\/\\\/www.eldigitaldeasturias.com\\\/noticias\\\/rivera-confia-en-ganar-las-elecciones-en-cataluna\\\/#listItem\",\"name\":\"Rivera conf\\u00eda en ganar las elecciones en Catalu\\u00f1a\"},\"previousItem\":{\"@type\":\"ListItem\",\"@id\":\"https:\\\/\\\/www.eldigitaldeasturias.com\\\/noticias#listItem\",\"name\":\"Home\"}},{\"@type\":\"ListItem\",\"@id\":\"https:\\\/\\\/www.eldigitaldeasturias.com\\\/noticias\\\/rivera-confia-en-ganar-las-elecciones-en-cataluna\\\/#listItem\",\"position\":3,\"name\":\"Rivera conf\\u00eda en ganar las elecciones en Catalu\\u00f1a\",\"previousItem\":{\"@type\":\"ListItem\",\"@id\":\"https:\\\/\\\/www.eldigitaldeasturias.com\\\/noticias\\\/category\\\/actualidad\\\/#listItem\",\"name\":\"Actualidad\"}}]},{\"@type\":\"Organization\",\"@id\":\"https:\\\/\\\/www.eldigitaldeasturias.com\\\/noticias\\\/#organization\",\"name\":\"El Digital de Asturias\",\"description\":\"Hemeroteca\",\"url\":\"https:\\\/\\\/www.eldigitaldeasturias.com\\\/noticias\\\/\",\"email\":\"info@eldigitaldeasturias.com\",\"telephone\":\"+34652131393\",\"logo\":{\"@type\":\"ImageObject\",\"url\":\"https:\\\/\\\/www.eldigitaldeasturias.com\\\/noticias\\\/wp-content\\\/uploads\\\/2020\\\/12\\\/EDA.jpg\",\"@id\":\"https:\\\/\\\/www.eldigitaldeasturias.com\\\/noticias\\\/rivera-confia-en-ganar-las-elecciones-en-cataluna\\\/#organizationLogo\"},\"image\":{\"@id\":\"https:\\\/\\\/www.eldigitaldeasturias.com\\\/noticias\\\/rivera-confia-en-ganar-las-elecciones-en-cataluna\\\/#organizationLogo\"},\"sameAs\":[\"https:\\\/\\\/facebook.com\\\/eldigitaldeasturias\",\"https:\\\/\\\/www.youtube.com\\\/channel\\\/UCZP-2wLEB9Rv6erhFmqVnvg\"],\"address\":{\"@id\":\"https:\\\/\\\/www.eldigitaldeasturias.com\\\/noticias\\\/#postaladdress\",\"@type\":\"PostalAddress\",\"streetAddress\":\"san antonio 4\",\"postalCode\":\"33430\",\"addressLocality\":\"Cand\\u00e1s\",\"addressRegion\":\"Asturias\",\"addressCountry\":\"ES\"}},{\"@type\":\"Person\",\"@id\":\"https:\\\/\\\/www.eldigitaldeasturias.com\\\/noticias\\\/author\\\/admin\\\/#author\",\"url\":\"https:\\\/\\\/www.eldigitaldeasturias.com\\\/noticias\\\/author\\\/admin\\\/\",\"name\":\"El Digital de Asturias\",\"image\":{\"@type\":\"ImageObject\",\"@id\":\"https:\\\/\\\/www.eldigitaldeasturias.com\\\/noticias\\\/rivera-confia-en-ganar-las-elecciones-en-cataluna\\\/#authorImage\",\"url\":\"https:\\\/\\\/secure.gravatar.com\\\/avatar\\\/df2aeffc32bcd13f8d26072ef8a91b623d677766deac7f97ca815868cd41bf5e?s=96&d=mm&r=g\",\"width\":96,\"height\":96,\"caption\":\"El Digital de Asturias\"}},{\"@type\":\"WebPage\",\"@id\":\"https:\\\/\\\/www.eldigitaldeasturias.com\\\/noticias\\\/rivera-confia-en-ganar-las-elecciones-en-cataluna\\\/#webpage\",\"url\":\"https:\\\/\\\/www.eldigitaldeasturias.com\\\/noticias\\\/rivera-confia-en-ganar-las-elecciones-en-cataluna\\\/\",\"name\":\"Rivera conf\\u00eda en ganar las elecciones en Catalu\\u00f1a - El Digital de Asturias\",\"description\":\"El presidente de Cs advierte que 'la \\u00fanica manera de no aplicar el 155 es que se vuelva a la democracia, al Estatut y a la Constituci\\u00f3n' y se celebren elecciones 'libres y seguras' \\u201cConfiamos en ganar las elecciones porque los catalanes est\\u00e1n perdiendo el miedo a salir a la calle y a utilizar los\",\"inLanguage\":\"es-ES\",\"isPartOf\":{\"@id\":\"https:\\\/\\\/www.eldigitaldeasturias.com\\\/noticias\\\/#website\"},\"breadcrumb\":{\"@id\":\"https:\\\/\\\/www.eldigitaldeasturias.com\\\/noticias\\\/rivera-confia-en-ganar-las-elecciones-en-cataluna\\\/#breadcrumblist\"},\"author\":{\"@id\":\"https:\\\/\\\/www.eldigitaldeasturias.com\\\/noticias\\\/author\\\/admin\\\/#author\"},\"creator\":{\"@id\":\"https:\\\/\\\/www.eldigitaldeasturias.com\\\/noticias\\\/author\\\/admin\\\/#author\"},\"image\":{\"@type\":\"ImageObject\",\"url\":956263,\"@id\":\"https:\\\/\\\/www.eldigitaldeasturias.com\\\/noticias\\\/rivera-confia-en-ganar-las-elecciones-en-cataluna\\\/#mainImage\"},\"primaryImageOfPage\":{\"@id\":\"https:\\\/\\\/www.eldigitaldeasturias.com\\\/noticias\\\/rivera-confia-en-ganar-las-elecciones-en-cataluna\\\/#mainImage\"},\"datePublished\":\"2017-10-24T23:07:24+02:00\",\"dateModified\":\"2017-10-24T23:07:24+02:00\"},{\"@type\":\"WebSite\",\"@id\":\"https:\\\/\\\/www.eldigitaldeasturias.com\\\/noticias\\\/#website\",\"url\":\"https:\\\/\\\/www.eldigitaldeasturias.com\\\/noticias\\\/\",\"name\":\"El Digital de Asturias - Diario de actualidad y noticias\",\"alternateName\":\"El Digital de Asturias - Diario de actualidad y noticias\",\"description\":\"Hemeroteca\",\"inLanguage\":\"es-ES\",\"publisher\":{\"@id\":\"https:\\\/\\\/www.eldigitaldeasturias.com\\\/noticias\\\/#organization\"}}]}\n\t\t<\/script>\n\t\t<!-- All in One SEO Pro -->\r\n\t\t<title>Rivera conf\u00eda en ganar las elecciones en Catalu\u00f1a - El Digital de Asturias<\/title>\n\n","aioseo_head_json":{"title":"Rivera conf\u00eda en ganar las elecciones en Catalu\u00f1a - El Digital de Asturias","description":"El presidente de Cs advierte que 'la \u00fanica manera de no aplicar el 155 es que se vuelva a la democracia, al Estatut y a la Constituci\u00f3n' y se celebren elecciones 'libres y seguras' \u201cConfiamos en ganar las elecciones porque los catalanes est\u00e1n perdiendo el miedo a salir a la calle y a utilizar los","canonical_url":"https:\/\/www.eldigitaldeasturias.com\/noticias\/rivera-confia-en-ganar-las-elecciones-en-cataluna\/","robots":"max-image-preview:large","keywords":"actualidad","webmasterTools":{"google-site-verification":"UA-38556648-1","msvalidate.01":"7dfe9f3f1b24437ab69f4f2559babe99","miscellaneous":""},"schema":{"@context":"https:\/\/schema.org","@graph":[{"@type":"BlogPosting","@id":"https:\/\/www.eldigitaldeasturias.com\/noticias\/rivera-confia-en-ganar-las-elecciones-en-cataluna\/#blogposting","name":"Rivera conf\u00eda en ganar las elecciones en Catalu\u00f1a - El Digital de Asturias","headline":"Rivera conf\u00eda en ganar las elecciones en Catalu\u00f1a","author":{"@id":"https:\/\/www.eldigitaldeasturias.com\/noticias\/author\/admin\/#author"},"publisher":{"@id":"https:\/\/www.eldigitaldeasturias.com\/noticias\/#organization"},"image":{"@type":"ImageObject","url":956263},"datePublished":"2017-10-24T23:07:24+02:00","dateModified":"2017-10-24T23:07:24+02:00","inLanguage":"es-ES","mainEntityOfPage":{"@id":"https:\/\/www.eldigitaldeasturias.com\/noticias\/rivera-confia-en-ganar-las-elecciones-en-cataluna\/#webpage"},"isPartOf":{"@id":"https:\/\/www.eldigitaldeasturias.com\/noticias\/rivera-confia-en-ganar-las-elecciones-en-cataluna\/#webpage"},"articleSection":"Actualidad"},{"@type":"BreadcrumbList","@id":"https:\/\/www.eldigitaldeasturias.com\/noticias\/rivera-confia-en-ganar-las-elecciones-en-cataluna\/#breadcrumblist","itemListElement":[{"@type":"ListItem","@id":"https:\/\/www.eldigitaldeasturias.com\/noticias#listItem","position":1,"name":"Home","item":"https:\/\/www.eldigitaldeasturias.com\/noticias","nextItem":{"@type":"ListItem","@id":"https:\/\/www.eldigitaldeasturias.com\/noticias\/category\/actualidad\/#listItem","name":"Actualidad"}},{"@type":"ListItem","@id":"https:\/\/www.eldigitaldeasturias.com\/noticias\/category\/actualidad\/#listItem","position":2,"name":"Actualidad","item":"https:\/\/www.eldigitaldeasturias.com\/noticias\/category\/actualidad\/","nextItem":{"@type":"ListItem","@id":"https:\/\/www.eldigitaldeasturias.com\/noticias\/rivera-confia-en-ganar-las-elecciones-en-cataluna\/#listItem","name":"Rivera conf\u00eda en ganar las elecciones en Catalu\u00f1a"},"previousItem":{"@type":"ListItem","@id":"https:\/\/www.eldigitaldeasturias.com\/noticias#listItem","name":"Home"}},{"@type":"ListItem","@id":"https:\/\/www.eldigitaldeasturias.com\/noticias\/rivera-confia-en-ganar-las-elecciones-en-cataluna\/#listItem","position":3,"name":"Rivera conf\u00eda en ganar las elecciones en Catalu\u00f1a","previousItem":{"@type":"ListItem","@id":"https:\/\/www.eldigitaldeasturias.com\/noticias\/category\/actualidad\/#listItem","name":"Actualidad"}}]},{"@type":"Organization","@id":"https:\/\/www.eldigitaldeasturias.com\/noticias\/#organization","name":"El Digital de Asturias","description":"Hemeroteca","url":"https:\/\/www.eldigitaldeasturias.com\/noticias\/","email":"info@eldigitaldeasturias.com","telephone":"+34652131393","logo":{"@type":"ImageObject","url":"https:\/\/www.eldigitaldeasturias.com\/noticias\/wp-content\/uploads\/2020\/12\/EDA.jpg","@id":"https:\/\/www.eldigitaldeasturias.com\/noticias\/rivera-confia-en-ganar-las-elecciones-en-cataluna\/#organizationLogo"},"image":{"@id":"https:\/\/www.eldigitaldeasturias.com\/noticias\/rivera-confia-en-ganar-las-elecciones-en-cataluna\/#organizationLogo"},"sameAs":["https:\/\/facebook.com\/eldigitaldeasturias","https:\/\/www.youtube.com\/channel\/UCZP-2wLEB9Rv6erhFmqVnvg"],"address":{"@id":"https:\/\/www.eldigitaldeasturias.com\/noticias\/#postaladdress","@type":"PostalAddress","streetAddress":"san antonio 4","postalCode":"33430","addressLocality":"Cand\u00e1s","addressRegion":"Asturias","addressCountry":"ES"}},{"@type":"Person","@id":"https:\/\/www.eldigitaldeasturias.com\/noticias\/author\/admin\/#author","url":"https:\/\/www.eldigitaldeasturias.com\/noticias\/author\/admin\/","name":"El Digital de Asturias","image":{"@type":"ImageObject","@id":"https:\/\/www.eldigitaldeasturias.com\/noticias\/rivera-confia-en-ganar-las-elecciones-en-cataluna\/#authorImage","url":"https:\/\/secure.gravatar.com\/avatar\/df2aeffc32bcd13f8d26072ef8a91b623d677766deac7f97ca815868cd41bf5e?s=96&d=mm&r=g","width":96,"height":96,"caption":"El Digital de Asturias"}},{"@type":"WebPage","@id":"https:\/\/www.eldigitaldeasturias.com\/noticias\/rivera-confia-en-ganar-las-elecciones-en-cataluna\/#webpage","url":"https:\/\/www.eldigitaldeasturias.com\/noticias\/rivera-confia-en-ganar-las-elecciones-en-cataluna\/","name":"Rivera conf\u00eda en ganar las elecciones en Catalu\u00f1a - El Digital de Asturias","description":"El presidente de Cs advierte que 'la \u00fanica manera de no aplicar el 155 es que se vuelva a la democracia, al Estatut y a la Constituci\u00f3n' y se celebren elecciones 'libres y seguras' \u201cConfiamos en ganar las elecciones porque los catalanes est\u00e1n perdiendo el miedo a salir a la calle y a utilizar los","inLanguage":"es-ES","isPartOf":{"@id":"https:\/\/www.eldigitaldeasturias.com\/noticias\/#website"},"breadcrumb":{"@id":"https:\/\/www.eldigitaldeasturias.com\/noticias\/rivera-confia-en-ganar-las-elecciones-en-cataluna\/#breadcrumblist"},"author":{"@id":"https:\/\/www.eldigitaldeasturias.com\/noticias\/author\/admin\/#author"},"creator":{"@id":"https:\/\/www.eldigitaldeasturias.com\/noticias\/author\/admin\/#author"},"image":{"@type":"ImageObject","url":956263,"@id":"https:\/\/www.eldigitaldeasturias.com\/noticias\/rivera-confia-en-ganar-las-elecciones-en-cataluna\/#mainImage"},"primaryImageOfPage":{"@id":"https:\/\/www.eldigitaldeasturias.com\/noticias\/rivera-confia-en-ganar-las-elecciones-en-cataluna\/#mainImage"},"datePublished":"2017-10-24T23:07:24+02:00","dateModified":"2017-10-24T23:07:24+02:00"},{"@type":"WebSite","@id":"https:\/\/www.eldigitaldeasturias.com\/noticias\/#website","url":"https:\/\/www.eldigitaldeasturias.com\/noticias\/","name":"El Digital de Asturias - Diario de actualidad y noticias","alternateName":"El Digital de Asturias - Diario de actualidad y noticias","description":"Hemeroteca","inLanguage":"es-ES","publisher":{"@id":"https:\/\/www.eldigitaldeasturias.com\/noticias\/#organization"}}]},"og:locale":"es_ES","og:site_name":"El Digital de Asturias","og:type":"article","og:title":"Rivera conf\u00eda en ganar las elecciones en Catalu\u00f1a - El Digital de Asturias","og:description":"El presidente de Cs advierte que 'la \u00fanica manera de no aplicar el 155 es que se vuelva a la democracia, al Estatut y a la Constituci\u00f3n' y se celebren elecciones 'libres y seguras' \u201cConfiamos en ganar las elecciones porque los catalanes est\u00e1n perdiendo el miedo a salir a la calle y a utilizar los","og:url":"https:\/\/www.eldigitaldeasturias.com\/noticias\/rivera-confia-en-ganar-las-elecciones-en-cataluna\/","article:tag":["actualidad"],"article:published_time":"2017-10-24T23:07:24+00:00","article:modified_time":"2017-10-24T23:07:24+00:00","article:publisher":"https:\/\/facebook.com\/eldigitaldeasturias","twitter:card":"summary_large_image","twitter:title":"Rivera conf\u00eda en ganar las elecciones en Catalu\u00f1a - El Digital de Asturias","twitter:description":"El presidente de Cs advierte que 'la \u00fanica manera de no aplicar el 155 es que se vuelva a la democracia, al Estatut y a la Constituci\u00f3n' y se celebren elecciones 'libres y seguras' \u201cConfiamos en ganar las elecciones porque los catalanes est\u00e1n perdiendo el miedo a salir a la calle y a utilizar los","twitter:image":"https:\/\/www.eldigitaldeasturias.com\/noticias\/wp-content\/uploads\/2020\/12\/EDA-1.jpg","twitter:label1":"Escrito por","twitter:data1":"El Digital de Asturias","twitter:label2":"Tiempo de lectura estimado","twitter:data2":"2 minutos"},"aioseo_meta_data":{"post_id":"957436","title":null,"description":null,"keywords":null,"keyphrases":null,"primary_term":null,"canonical_url":null,"og_title":null,"og_description":null,"og_object_type":"default","og_image_type":"default","og_image_url":null,"og_image_width":null,"og_image_height":null,"og_image_custom_url":null,"og_image_custom_fields":null,"og_video":null,"og_custom_url":null,"og_article_section":null,"og_article_tags":null,"twitter_use_og":false,"twitter_card":"default","twitter_image_type":"default","twitter_image_url":null,"twitter_image_custom_url":null,"twitter_image_custom_fields":null,"twitter_title":null,"twitter_description":null,"schema":{"blockGraphs":[],"customGraphs":[],"default":{"data":{"Article":[],"Course":[],"Dataset":[],"FAQPage":[],"Movie":[],"Person":[],"Product":[],"ProductReview":[],"Car":[],"Recipe":[],"Service":[],"SoftwareApplication":[],"WebPage":[]},"graphName":"","isEnabled":true},"graphs":[]},"schema_type":null,"schema_type_options":null,"pillar_content":false,"robots_default":true,"robots_noindex":false,"robots_noarchive":false,"robots_nosnippet":false,"robots_nofollow":false,"robots_noimageindex":false,"robots_noodp":false,"robots_notranslate":false,"robots_max_snippet":null,"robots_max_videopreview":null,"robots_max_imagepreview":"large","priority":null,"frequency":null,"local_seo":null,"seo_analyzer_scan_date":"2025-12-06 17:22:08","breadcrumb_settings":null,"limit_modified_date":false,"open_ai":null,"ai":null,"created":"2020-12-21 12:54:38","updated":"2025-12-06 17:22:08","focus_keyword":null,"additional_keywords":null,"truseo_locale":null},"aioseo_breadcrumb":"<div class=\"aioseo-breadcrumbs\"><span class=\"aioseo-breadcrumb\">\n\t<a href=\"https:\/\/www.eldigitaldeasturias.com\/noticias\" title=\"Home\">Home<\/a>\n<\/span><span class=\"aioseo-breadcrumb-separator\">\u2013<\/span><span class=\"aioseo-breadcrumb\">\n\t<a href=\"https:\/\/www.eldigitaldeasturias.com\/noticias\/category\/actualidad\/\" title=\"Actualidad\">Actualidad<\/a>\n<\/span><span class=\"aioseo-breadcrumb-separator\">\u2013<\/span><span class=\"aioseo-breadcrumb\">\n\t<a href=\"https:\/\/www.eldigitaldeasturias.com\/noticias\/rivera-confia-en-ganar-las-elecciones-en-cataluna\/\" title=\"Rivera conf\u00eda en ganar las elecciones en Catalu\u00f1a\">Rivera conf\u00eda en ganar las elecciones en Catalu\u00f1a<\/a>\n<\/span><\/div>","aioseo_breadcrumb_json":[{"label":"Home","link":"https:\/\/www.eldigitaldeasturias.com\/noticias"},{"label":"Actualidad","link":"https:\/\/www.eldigitaldeasturias.com\/noticias\/category\/actualidad\/"},{"label":"Rivera conf\u00eda en ganar las elecciones en Catalu\u00f1a","link":"https:\/\/www.eldigitaldeasturias.com\/noticias\/rivera-confia-en-ganar-las-elecciones-en-cataluna\/"}],"_links":{"self":[{"href":"https:\/\/www.eldigitaldeasturias.com\/noticias\/wp-json\/wp\/v2\/posts\/957436","targetHints":{"allow":["GET"]}}],"collection":[{"href":"https:\/\/www.eldigitaldeasturias.com\/noticias\/wp-json\/wp\/v2\/posts"}],"about":[{"href":"https:\/\/www.eldigitaldeasturias.com\/noticias\/wp-json\/wp\/v2\/types\/post"}],"author":[{"embeddable":true,"href":"https:\/\/www.eldigitaldeasturias.com\/noticias\/wp-json\/wp\/v2\/users\/1"}],"replies":[{"embeddable":true,"href":"https:\/\/www.eldigitaldeasturias.com\/noticias\/wp-json\/wp\/v2\/comments?post=957436"}],"version-history":[{"count":0,"href":"https:\/\/www.eldigitaldeasturias.com\/noticias\/wp-json\/wp\/v2\/posts\/957436\/revisions"}],"wp:attachment":[{"href":"https:\/\/www.eldigitaldeasturias.com\/noticias\/wp-json\/wp\/v2\/media?parent=957436"}],"wp:term":[{"taxonomy":"category","embeddable":true,"href":"https:\/\/www.eldigitaldeasturias.com\/noticias\/wp-json\/wp\/v2\/categories?post=957436"},{"taxonomy":"post_tag","embeddable":true,"href":"https:\/\/www.eldigitaldeasturias.com\/noticias\/wp-json\/wp\/v2\/tags?post=957436"}],"curies":[{"name":"wp","href":"https:\/\/api.w.org\/{rel}","templated":true}]}}