{"id":957433,"date":"2017-10-24T23:01:25","date_gmt":"2017-10-24T23:01:25","guid":{"rendered":"http:\/\/www.eldigitaldeasturias.com\/noticias\/?p=957433"},"modified":"2017-10-24T23:01:25","modified_gmt":"2017-10-24T23:01:25","slug":"andrea-levy-rajoy-cumple-con-la-legalidad-en-cataluna","status":"publish","type":"post","link":"https:\/\/www.eldigitaldeasturias.com\/noticias\/andrea-levy-rajoy-cumple-con-la-legalidad-en-cataluna\/","title":{"rendered":"Andrea Levy: \u201cRajoy cumple con la legalidad en Catalu\u00f1a\u201d"},"content":{"rendered":"<p><img loading=\"lazy\" decoding=\"async\" class=\"alignleft size-medium wp-image-957434\" src=\"https:\/\/www.eldigitaldeasturias.com\/noticias\/wp-content\/uploads\/2017\/10\/whatsapp_image_2017-10-24_at_13_50_05-360x163.jpg\" alt=\"\" width=\"360\" height=\"163\" \/>La vicesecretaria de Estudios y Programas del Partido Popular, Andrea Levy, ha asegurado hoy que \u201clo que debe convocar Puigdemont es la vuelta a la legalidad en Catalu\u00f1a\u201d, en alusi\u00f3n a la posibilidad de que el presidente de la Generalitat opte por convocar elecciones auton\u00f3micas para ver qu\u00e9 efectos tendr\u00eda sobre la aplicaci\u00f3n del art\u00edculo 155. As\u00ed, ha insistido en que el Ejecutivo catal\u00e1n ha obligado al Gobierno de Espa\u00f1a a aplicarlo por sus propias actuaciones, que han dejado a esta Comunidad Aut\u00f3noma inmersa en la ilegalidad: un refer\u00e9ndum ilegal el pasado 1 de octubre y una ambigua declaraci\u00f3n sobre la independencia de Catalu\u00f1a.<\/p>\n<p>Andrea Levy ha explicado que todo este tiempo de confusi\u00f3n y provocaci\u00f3n por parte de los independentistas les ha abocado a la soledad m\u00e1s absoluta y al aislamiento, como consecuencia de \u201csus mentiras\u201d que cada vez son m\u00e1s evidentes.<\/p>\n<p>Durante su intervenci\u00f3n en un acto organizado por el PP de Andaluc\u00eda en Sevilla, la dirigente popular ha subrayado que los independentistas \u201cest\u00e1n poniendo en riesgo la recuperaci\u00f3n econ\u00f3mica\u201d, porque lo \u00fanico que est\u00e1n provocando es una sensaci\u00f3n de inseguridad jur\u00eddica que hace que haya que ser m\u00e1s cauteloso a la hora de hacer previsiones econ\u00f3micas e, incluso, que algunas haya que recalcularlas a la baja. Una situaci\u00f3n parecida a la que viven muchas PYMES, muchas de las cuales han cambiado ya de sede social para garantizar su funcionamiento ante la incertidumbre.<\/p>\n<p><strong>RAJOY CUMPLE CON LA LEGALIDAD<\/strong><\/p>\n<p>Levy ha recordado tambi\u00e9n que todas las decisiones que est\u00e1 llevando a cabo el presidente del Gobierno, Mariano Rajoy, van en la l\u00ednea de cumplir con la legalidad, la Constituci\u00f3n Espa\u00f1ola y el Estado de Derecho. \u201cRajoy act\u00faa sabiendo que el \u00fanico di\u00e1logo posible es el que cristaliza en la legalidad\u201d, ha apuntado.<\/p>\n<p>Por \u00faltimo, ha recordado que la Generalitat es la \u00fanica que ha tirado por la borda el autogobierno en Catalu\u00f1a, porque ha hecho una absoluta dejaci\u00f3n de funciones \u201cy lo ha cambiado por la pol\u00edtica del victimismo\u201d.<\/p>\n","protected":false},"excerpt":{"rendered":"<p>La vicesecretaria de Estudios y Programas del Partido Popular, Andrea Levy, ha asegurado hoy que \u201clo que debe convocar Puigdemont es la vuelta a la legalidad en Catalu\u00f1a\u201d, en alusi\u00f3n a la posibilidad de que el presidente de la Generalitat opte por convocar elecciones auton\u00f3micas para ver qu\u00e9 efectos tendr\u00eda sobre la aplicaci\u00f3n del art\u00edculo [&hellip;]<\/p>\n","protected":false},"author":1,"featured_media":957434,"comment_status":"closed","ping_status":"closed","sticky":false,"template":"","format":"standard","meta":{"footnotes":""},"categories":[1],"tags":[],"class_list":["post-957433","post","type-post","status-publish","format-standard","has-post-thumbnail","hentry","category-actualidad"],"aioseo_notices":[],"aioseo_head":"\n\t\t<!-- All in One SEO Pro 5.0.1 - aioseo.com -->\n\t<meta name=\"description\" content=\"La vicesecretaria de Estudios y Programas del Partido Popular, Andrea Levy, ha asegurado hoy que \u201clo que debe convocar Puigdemont es la vuelta a la legalidad en Catalu\u00f1a\u201d, en alusi\u00f3n a la posibilidad de que el presidente de la Generalitat opte por convocar elecciones auton\u00f3micas para ver qu\u00e9 efectos tendr\u00eda sobre la aplicaci\u00f3n del art\u00edculo\" \/>\n\t<meta name=\"robots\" content=\"max-image-preview:large\" \/>\n\t<meta name=\"author\" content=\"El Digital de Asturias\"\/>\n\t<meta name=\"google-site-verification\" content=\"UA-38556648-1\" \/>\n\t<meta name=\"msvalidate.01\" content=\"7dfe9f3f1b24437ab69f4f2559babe99\" \/>\n\t<meta name=\"keywords\" content=\"actualidad\" \/>\n\t<link rel=\"canonical\" href=\"https:\/\/www.eldigitaldeasturias.com\/noticias\/andrea-levy-rajoy-cumple-con-la-legalidad-en-cataluna\/\" \/>\n\t<meta name=\"generator\" content=\"All in One SEO Pro (AIOSEO) 5.0.1\" \/>\n\t\t<meta property=\"og:locale\" content=\"es_ES\" \/>\n\t\t<meta property=\"og:site_name\" content=\"El Digital de Asturias\" \/>\n\t\t<meta property=\"og:type\" content=\"article\" \/>\n\t\t<meta property=\"og:title\" content=\"Andrea Levy: \u201cRajoy cumple con la legalidad en Catalu\u00f1a\u201d - El Digital de Asturias\" \/>\n\t\t<meta property=\"og:description\" content=\"La vicesecretaria de Estudios y Programas del Partido Popular, Andrea Levy, ha asegurado hoy que \u201clo que debe convocar Puigdemont es la vuelta a la legalidad en Catalu\u00f1a\u201d, en alusi\u00f3n a la posibilidad de que el presidente de la Generalitat opte por convocar elecciones auton\u00f3micas para ver qu\u00e9 efectos tendr\u00eda sobre la aplicaci\u00f3n del art\u00edculo\" \/>\n\t\t<meta property=\"og:url\" content=\"https:\/\/www.eldigitaldeasturias.com\/noticias\/andrea-levy-rajoy-cumple-con-la-legalidad-en-cataluna\/\" \/>\n\t\t<meta property=\"article:tag\" content=\"actualidad\" \/>\n\t\t<meta property=\"article:published_time\" content=\"2017-10-24T23:01:25+00:00\" \/>\n\t\t<meta property=\"article:modified_time\" content=\"2017-10-24T23:01:25+00:00\" \/>\n\t\t<meta property=\"article:publisher\" content=\"https:\/\/facebook.com\/eldigitaldeasturias\" \/>\n\t\t<meta name=\"twitter:card\" content=\"summary_large_image\" \/>\n\t\t<meta name=\"twitter:title\" content=\"Andrea Levy: \u201cRajoy cumple con la legalidad en Catalu\u00f1a\u201d - El Digital de Asturias\" \/>\n\t\t<meta name=\"twitter:description\" content=\"La vicesecretaria de Estudios y Programas del Partido Popular, Andrea Levy, ha asegurado hoy que \u201clo que debe convocar Puigdemont es la vuelta a la legalidad en Catalu\u00f1a\u201d, en alusi\u00f3n a la posibilidad de que el presidente de la Generalitat opte por convocar elecciones auton\u00f3micas para ver qu\u00e9 efectos tendr\u00eda sobre la aplicaci\u00f3n del art\u00edculo\" \/>\n\t\t<meta name=\"twitter:image\" content=\"https:\/\/www.eldigitaldeasturias.com\/noticias\/wp-content\/uploads\/2020\/12\/EDA-1.jpg\" \/>\n\t\t<meta name=\"twitter:label1\" content=\"Escrito por\" \/>\n\t\t<meta name=\"twitter:data1\" content=\"El Digital de Asturias\" \/>\n\t\t<meta name=\"twitter:label2\" content=\"Tiempo de lectura estimado\" \/>\n\t\t<meta name=\"twitter:data2\" content=\"2 minutos\" \/>\n\t\t<script type=\"application\/ld+json\" class=\"aioseo-schema\">\n\t\t\t{\"@context\":\"https:\\\/\\\/schema.org\",\"@graph\":[{\"@type\":\"BlogPosting\",\"@id\":\"https:\\\/\\\/www.eldigitaldeasturias.com\\\/noticias\\\/andrea-levy-rajoy-cumple-con-la-legalidad-en-cataluna\\\/#blogposting\",\"name\":\"Andrea Levy: \\u201cRajoy cumple con la legalidad en Catalu\\u00f1a\\u201d - El Digital de Asturias\",\"headline\":\"Andrea Levy: \\u201cRajoy cumple con la legalidad en Catalu\\u00f1a\\u201d\",\"author\":{\"@id\":\"https:\\\/\\\/www.eldigitaldeasturias.com\\\/noticias\\\/author\\\/admin\\\/#author\"},\"publisher\":{\"@id\":\"https:\\\/\\\/www.eldigitaldeasturias.com\\\/noticias\\\/#organization\"},\"image\":{\"@type\":\"ImageObject\",\"url\":957434},\"datePublished\":\"2017-10-24T23:01:25+02:00\",\"dateModified\":\"2017-10-24T23:01:25+02:00\",\"inLanguage\":\"es-ES\",\"mainEntityOfPage\":{\"@id\":\"https:\\\/\\\/www.eldigitaldeasturias.com\\\/noticias\\\/andrea-levy-rajoy-cumple-con-la-legalidad-en-cataluna\\\/#webpage\"},\"isPartOf\":{\"@id\":\"https:\\\/\\\/www.eldigitaldeasturias.com\\\/noticias\\\/andrea-levy-rajoy-cumple-con-la-legalidad-en-cataluna\\\/#webpage\"},\"articleSection\":\"Actualidad\"},{\"@type\":\"BreadcrumbList\",\"@id\":\"https:\\\/\\\/www.eldigitaldeasturias.com\\\/noticias\\\/andrea-levy-rajoy-cumple-con-la-legalidad-en-cataluna\\\/#breadcrumblist\",\"itemListElement\":[{\"@type\":\"ListItem\",\"@id\":\"https:\\\/\\\/www.eldigitaldeasturias.com\\\/noticias#listItem\",\"position\":1,\"name\":\"Home\",\"item\":\"https:\\\/\\\/www.eldigitaldeasturias.com\\\/noticias\",\"nextItem\":{\"@type\":\"ListItem\",\"@id\":\"https:\\\/\\\/www.eldigitaldeasturias.com\\\/noticias\\\/category\\\/actualidad\\\/#listItem\",\"name\":\"Actualidad\"}},{\"@type\":\"ListItem\",\"@id\":\"https:\\\/\\\/www.eldigitaldeasturias.com\\\/noticias\\\/category\\\/actualidad\\\/#listItem\",\"position\":2,\"name\":\"Actualidad\",\"item\":\"https:\\\/\\\/www.eldigitaldeasturias.com\\\/noticias\\\/category\\\/actualidad\\\/\",\"nextItem\":{\"@type\":\"ListItem\",\"@id\":\"https:\\\/\\\/www.eldigitaldeasturias.com\\\/noticias\\\/andrea-levy-rajoy-cumple-con-la-legalidad-en-cataluna\\\/#listItem\",\"name\":\"Andrea Levy: \\u201cRajoy cumple con la legalidad en Catalu\\u00f1a\\u201d\"},\"previousItem\":{\"@type\":\"ListItem\",\"@id\":\"https:\\\/\\\/www.eldigitaldeasturias.com\\\/noticias#listItem\",\"name\":\"Home\"}},{\"@type\":\"ListItem\",\"@id\":\"https:\\\/\\\/www.eldigitaldeasturias.com\\\/noticias\\\/andrea-levy-rajoy-cumple-con-la-legalidad-en-cataluna\\\/#listItem\",\"position\":3,\"name\":\"Andrea Levy: \\u201cRajoy cumple con la legalidad en Catalu\\u00f1a\\u201d\",\"previousItem\":{\"@type\":\"ListItem\",\"@id\":\"https:\\\/\\\/www.eldigitaldeasturias.com\\\/noticias\\\/category\\\/actualidad\\\/#listItem\",\"name\":\"Actualidad\"}}]},{\"@type\":\"Organization\",\"@id\":\"https:\\\/\\\/www.eldigitaldeasturias.com\\\/noticias\\\/#organization\",\"name\":\"El Digital de Asturias\",\"description\":\"Hemeroteca\",\"url\":\"https:\\\/\\\/www.eldigitaldeasturias.com\\\/noticias\\\/\",\"email\":\"info@eldigitaldeasturias.com\",\"telephone\":\"+34652131393\",\"logo\":{\"@type\":\"ImageObject\",\"url\":\"https:\\\/\\\/www.eldigitaldeasturias.com\\\/noticias\\\/wp-content\\\/uploads\\\/2020\\\/12\\\/EDA.jpg\",\"@id\":\"https:\\\/\\\/www.eldigitaldeasturias.com\\\/noticias\\\/andrea-levy-rajoy-cumple-con-la-legalidad-en-cataluna\\\/#organizationLogo\"},\"image\":{\"@id\":\"https:\\\/\\\/www.eldigitaldeasturias.com\\\/noticias\\\/andrea-levy-rajoy-cumple-con-la-legalidad-en-cataluna\\\/#organizationLogo\"},\"sameAs\":[\"https:\\\/\\\/facebook.com\\\/eldigitaldeasturias\",\"https:\\\/\\\/www.youtube.com\\\/channel\\\/UCZP-2wLEB9Rv6erhFmqVnvg\"],\"address\":{\"@id\":\"https:\\\/\\\/www.eldigitaldeasturias.com\\\/noticias\\\/#postaladdress\",\"@type\":\"PostalAddress\",\"streetAddress\":\"san antonio 4\",\"postalCode\":\"33430\",\"addressLocality\":\"Cand\\u00e1s\",\"addressRegion\":\"Asturias\",\"addressCountry\":\"ES\"}},{\"@type\":\"Person\",\"@id\":\"https:\\\/\\\/www.eldigitaldeasturias.com\\\/noticias\\\/author\\\/admin\\\/#author\",\"url\":\"https:\\\/\\\/www.eldigitaldeasturias.com\\\/noticias\\\/author\\\/admin\\\/\",\"name\":\"El Digital de Asturias\",\"image\":{\"@type\":\"ImageObject\",\"@id\":\"https:\\\/\\\/www.eldigitaldeasturias.com\\\/noticias\\\/andrea-levy-rajoy-cumple-con-la-legalidad-en-cataluna\\\/#authorImage\",\"url\":\"https:\\\/\\\/secure.gravatar.com\\\/avatar\\\/df2aeffc32bcd13f8d26072ef8a91b623d677766deac7f97ca815868cd41bf5e?s=96&d=mm&r=g\",\"width\":96,\"height\":96,\"caption\":\"El Digital de Asturias\"}},{\"@type\":\"WebPage\",\"@id\":\"https:\\\/\\\/www.eldigitaldeasturias.com\\\/noticias\\\/andrea-levy-rajoy-cumple-con-la-legalidad-en-cataluna\\\/#webpage\",\"url\":\"https:\\\/\\\/www.eldigitaldeasturias.com\\\/noticias\\\/andrea-levy-rajoy-cumple-con-la-legalidad-en-cataluna\\\/\",\"name\":\"Andrea Levy: \\u201cRajoy cumple con la legalidad en Catalu\\u00f1a\\u201d - El Digital de Asturias\",\"description\":\"La vicesecretaria de Estudios y Programas del Partido Popular, Andrea Levy, ha asegurado hoy que \\u201clo que debe convocar Puigdemont es la vuelta a la legalidad en Catalu\\u00f1a\\u201d, en alusi\\u00f3n a la posibilidad de que el presidente de la Generalitat opte por convocar elecciones auton\\u00f3micas para ver qu\\u00e9 efectos tendr\\u00eda sobre la aplicaci\\u00f3n del art\\u00edculo\",\"inLanguage\":\"es-ES\",\"isPartOf\":{\"@id\":\"https:\\\/\\\/www.eldigitaldeasturias.com\\\/noticias\\\/#website\"},\"breadcrumb\":{\"@id\":\"https:\\\/\\\/www.eldigitaldeasturias.com\\\/noticias\\\/andrea-levy-rajoy-cumple-con-la-legalidad-en-cataluna\\\/#breadcrumblist\"},\"author\":{\"@id\":\"https:\\\/\\\/www.eldigitaldeasturias.com\\\/noticias\\\/author\\\/admin\\\/#author\"},\"creator\":{\"@id\":\"https:\\\/\\\/www.eldigitaldeasturias.com\\\/noticias\\\/author\\\/admin\\\/#author\"},\"image\":{\"@type\":\"ImageObject\",\"url\":957434,\"@id\":\"https:\\\/\\\/www.eldigitaldeasturias.com\\\/noticias\\\/andrea-levy-rajoy-cumple-con-la-legalidad-en-cataluna\\\/#mainImage\"},\"primaryImageOfPage\":{\"@id\":\"https:\\\/\\\/www.eldigitaldeasturias.com\\\/noticias\\\/andrea-levy-rajoy-cumple-con-la-legalidad-en-cataluna\\\/#mainImage\"},\"datePublished\":\"2017-10-24T23:01:25+02:00\",\"dateModified\":\"2017-10-24T23:01:25+02:00\"},{\"@type\":\"WebSite\",\"@id\":\"https:\\\/\\\/www.eldigitaldeasturias.com\\\/noticias\\\/#website\",\"url\":\"https:\\\/\\\/www.eldigitaldeasturias.com\\\/noticias\\\/\",\"name\":\"El Digital de Asturias - Diario de actualidad y noticias\",\"alternateName\":\"El Digital de Asturias - Diario de actualidad y noticias\",\"description\":\"Hemeroteca\",\"inLanguage\":\"es-ES\",\"publisher\":{\"@id\":\"https:\\\/\\\/www.eldigitaldeasturias.com\\\/noticias\\\/#organization\"}}]}\n\t\t<\/script>\n\t\t<!-- All in One SEO Pro -->\r\n\t\t<title>Andrea Levy: \u201cRajoy cumple con la legalidad en Catalu\u00f1a\u201d - El Digital de Asturias<\/title>\n\n","aioseo_head_json":{"title":"Andrea Levy: \u201cRajoy cumple con la legalidad en Catalu\u00f1a\u201d - El Digital de Asturias","description":"La vicesecretaria de Estudios y Programas del Partido Popular, Andrea Levy, ha asegurado hoy que \u201clo que debe convocar Puigdemont es la vuelta a la legalidad en Catalu\u00f1a\u201d, en alusi\u00f3n a la posibilidad de que el presidente de la Generalitat opte por convocar elecciones auton\u00f3micas para ver qu\u00e9 efectos tendr\u00eda sobre la aplicaci\u00f3n del art\u00edculo","canonical_url":"https:\/\/www.eldigitaldeasturias.com\/noticias\/andrea-levy-rajoy-cumple-con-la-legalidad-en-cataluna\/","robots":"max-image-preview:large","keywords":"actualidad","webmasterTools":{"google-site-verification":"UA-38556648-1","msvalidate.01":"7dfe9f3f1b24437ab69f4f2559babe99","miscellaneous":""},"schema":{"@context":"https:\/\/schema.org","@graph":[{"@type":"BlogPosting","@id":"https:\/\/www.eldigitaldeasturias.com\/noticias\/andrea-levy-rajoy-cumple-con-la-legalidad-en-cataluna\/#blogposting","name":"Andrea Levy: \u201cRajoy cumple con la legalidad en Catalu\u00f1a\u201d - El Digital de Asturias","headline":"Andrea Levy: \u201cRajoy cumple con la legalidad en Catalu\u00f1a\u201d","author":{"@id":"https:\/\/www.eldigitaldeasturias.com\/noticias\/author\/admin\/#author"},"publisher":{"@id":"https:\/\/www.eldigitaldeasturias.com\/noticias\/#organization"},"image":{"@type":"ImageObject","url":957434},"datePublished":"2017-10-24T23:01:25+02:00","dateModified":"2017-10-24T23:01:25+02:00","inLanguage":"es-ES","mainEntityOfPage":{"@id":"https:\/\/www.eldigitaldeasturias.com\/noticias\/andrea-levy-rajoy-cumple-con-la-legalidad-en-cataluna\/#webpage"},"isPartOf":{"@id":"https:\/\/www.eldigitaldeasturias.com\/noticias\/andrea-levy-rajoy-cumple-con-la-legalidad-en-cataluna\/#webpage"},"articleSection":"Actualidad"},{"@type":"BreadcrumbList","@id":"https:\/\/www.eldigitaldeasturias.com\/noticias\/andrea-levy-rajoy-cumple-con-la-legalidad-en-cataluna\/#breadcrumblist","itemListElement":[{"@type":"ListItem","@id":"https:\/\/www.eldigitaldeasturias.com\/noticias#listItem","position":1,"name":"Home","item":"https:\/\/www.eldigitaldeasturias.com\/noticias","nextItem":{"@type":"ListItem","@id":"https:\/\/www.eldigitaldeasturias.com\/noticias\/category\/actualidad\/#listItem","name":"Actualidad"}},{"@type":"ListItem","@id":"https:\/\/www.eldigitaldeasturias.com\/noticias\/category\/actualidad\/#listItem","position":2,"name":"Actualidad","item":"https:\/\/www.eldigitaldeasturias.com\/noticias\/category\/actualidad\/","nextItem":{"@type":"ListItem","@id":"https:\/\/www.eldigitaldeasturias.com\/noticias\/andrea-levy-rajoy-cumple-con-la-legalidad-en-cataluna\/#listItem","name":"Andrea Levy: \u201cRajoy cumple con la legalidad en Catalu\u00f1a\u201d"},"previousItem":{"@type":"ListItem","@id":"https:\/\/www.eldigitaldeasturias.com\/noticias#listItem","name":"Home"}},{"@type":"ListItem","@id":"https:\/\/www.eldigitaldeasturias.com\/noticias\/andrea-levy-rajoy-cumple-con-la-legalidad-en-cataluna\/#listItem","position":3,"name":"Andrea Levy: \u201cRajoy cumple con la legalidad en Catalu\u00f1a\u201d","previousItem":{"@type":"ListItem","@id":"https:\/\/www.eldigitaldeasturias.com\/noticias\/category\/actualidad\/#listItem","name":"Actualidad"}}]},{"@type":"Organization","@id":"https:\/\/www.eldigitaldeasturias.com\/noticias\/#organization","name":"El Digital de Asturias","description":"Hemeroteca","url":"https:\/\/www.eldigitaldeasturias.com\/noticias\/","email":"info@eldigitaldeasturias.com","telephone":"+34652131393","logo":{"@type":"ImageObject","url":"https:\/\/www.eldigitaldeasturias.com\/noticias\/wp-content\/uploads\/2020\/12\/EDA.jpg","@id":"https:\/\/www.eldigitaldeasturias.com\/noticias\/andrea-levy-rajoy-cumple-con-la-legalidad-en-cataluna\/#organizationLogo"},"image":{"@id":"https:\/\/www.eldigitaldeasturias.com\/noticias\/andrea-levy-rajoy-cumple-con-la-legalidad-en-cataluna\/#organizationLogo"},"sameAs":["https:\/\/facebook.com\/eldigitaldeasturias","https:\/\/www.youtube.com\/channel\/UCZP-2wLEB9Rv6erhFmqVnvg"],"address":{"@id":"https:\/\/www.eldigitaldeasturias.com\/noticias\/#postaladdress","@type":"PostalAddress","streetAddress":"san antonio 4","postalCode":"33430","addressLocality":"Cand\u00e1s","addressRegion":"Asturias","addressCountry":"ES"}},{"@type":"Person","@id":"https:\/\/www.eldigitaldeasturias.com\/noticias\/author\/admin\/#author","url":"https:\/\/www.eldigitaldeasturias.com\/noticias\/author\/admin\/","name":"El Digital de Asturias","image":{"@type":"ImageObject","@id":"https:\/\/www.eldigitaldeasturias.com\/noticias\/andrea-levy-rajoy-cumple-con-la-legalidad-en-cataluna\/#authorImage","url":"https:\/\/secure.gravatar.com\/avatar\/df2aeffc32bcd13f8d26072ef8a91b623d677766deac7f97ca815868cd41bf5e?s=96&d=mm&r=g","width":96,"height":96,"caption":"El Digital de Asturias"}},{"@type":"WebPage","@id":"https:\/\/www.eldigitaldeasturias.com\/noticias\/andrea-levy-rajoy-cumple-con-la-legalidad-en-cataluna\/#webpage","url":"https:\/\/www.eldigitaldeasturias.com\/noticias\/andrea-levy-rajoy-cumple-con-la-legalidad-en-cataluna\/","name":"Andrea Levy: \u201cRajoy cumple con la legalidad en Catalu\u00f1a\u201d - El Digital de Asturias","description":"La vicesecretaria de Estudios y Programas del Partido Popular, Andrea Levy, ha asegurado hoy que \u201clo que debe convocar Puigdemont es la vuelta a la legalidad en Catalu\u00f1a\u201d, en alusi\u00f3n a la posibilidad de que el presidente de la Generalitat opte por convocar elecciones auton\u00f3micas para ver qu\u00e9 efectos tendr\u00eda sobre la aplicaci\u00f3n del art\u00edculo","inLanguage":"es-ES","isPartOf":{"@id":"https:\/\/www.eldigitaldeasturias.com\/noticias\/#website"},"breadcrumb":{"@id":"https:\/\/www.eldigitaldeasturias.com\/noticias\/andrea-levy-rajoy-cumple-con-la-legalidad-en-cataluna\/#breadcrumblist"},"author":{"@id":"https:\/\/www.eldigitaldeasturias.com\/noticias\/author\/admin\/#author"},"creator":{"@id":"https:\/\/www.eldigitaldeasturias.com\/noticias\/author\/admin\/#author"},"image":{"@type":"ImageObject","url":957434,"@id":"https:\/\/www.eldigitaldeasturias.com\/noticias\/andrea-levy-rajoy-cumple-con-la-legalidad-en-cataluna\/#mainImage"},"primaryImageOfPage":{"@id":"https:\/\/www.eldigitaldeasturias.com\/noticias\/andrea-levy-rajoy-cumple-con-la-legalidad-en-cataluna\/#mainImage"},"datePublished":"2017-10-24T23:01:25+02:00","dateModified":"2017-10-24T23:01:25+02:00"},{"@type":"WebSite","@id":"https:\/\/www.eldigitaldeasturias.com\/noticias\/#website","url":"https:\/\/www.eldigitaldeasturias.com\/noticias\/","name":"El Digital de Asturias - Diario de actualidad y noticias","alternateName":"El Digital de Asturias - Diario de actualidad y noticias","description":"Hemeroteca","inLanguage":"es-ES","publisher":{"@id":"https:\/\/www.eldigitaldeasturias.com\/noticias\/#organization"}}]},"og:locale":"es_ES","og:site_name":"El Digital de Asturias","og:type":"article","og:title":"Andrea Levy: \u201cRajoy cumple con la legalidad en Catalu\u00f1a\u201d - El Digital de Asturias","og:description":"La vicesecretaria de Estudios y Programas del Partido Popular, Andrea Levy, ha asegurado hoy que \u201clo que debe convocar Puigdemont es la vuelta a la legalidad en Catalu\u00f1a\u201d, en alusi\u00f3n a la posibilidad de que el presidente de la Generalitat opte por convocar elecciones auton\u00f3micas para ver qu\u00e9 efectos tendr\u00eda sobre la aplicaci\u00f3n del art\u00edculo","og:url":"https:\/\/www.eldigitaldeasturias.com\/noticias\/andrea-levy-rajoy-cumple-con-la-legalidad-en-cataluna\/","article:tag":["actualidad"],"article:published_time":"2017-10-24T23:01:25+00:00","article:modified_time":"2017-10-24T23:01:25+00:00","article:publisher":"https:\/\/facebook.com\/eldigitaldeasturias","twitter:card":"summary_large_image","twitter:title":"Andrea Levy: \u201cRajoy cumple con la legalidad en Catalu\u00f1a\u201d - El Digital de Asturias","twitter:description":"La vicesecretaria de Estudios y Programas del Partido Popular, Andrea Levy, ha asegurado hoy que \u201clo que debe convocar Puigdemont es la vuelta a la legalidad en Catalu\u00f1a\u201d, en alusi\u00f3n a la posibilidad de que el presidente de la Generalitat opte por convocar elecciones auton\u00f3micas para ver qu\u00e9 efectos tendr\u00eda sobre la aplicaci\u00f3n del art\u00edculo","twitter:image":"https:\/\/www.eldigitaldeasturias.com\/noticias\/wp-content\/uploads\/2020\/12\/EDA-1.jpg","twitter:label1":"Escrito por","twitter:data1":"El Digital de Asturias","twitter:label2":"Tiempo de lectura estimado","twitter:data2":"2 minutos"},"aioseo_meta_data":{"post_id":"957433","title":null,"description":null,"keywords":null,"keyphrases":null,"primary_term":null,"canonical_url":null,"og_title":null,"og_description":null,"og_object_type":"default","og_image_type":"default","og_image_url":null,"og_image_width":null,"og_image_height":null,"og_image_custom_url":null,"og_image_custom_fields":null,"og_video":null,"og_custom_url":null,"og_article_section":null,"og_article_tags":null,"twitter_use_og":false,"twitter_card":"default","twitter_image_type":"default","twitter_image_url":null,"twitter_image_custom_url":null,"twitter_image_custom_fields":null,"twitter_title":null,"twitter_description":null,"schema":{"blockGraphs":[],"customGraphs":[],"default":{"data":{"Article":[],"Course":[],"Dataset":[],"FAQPage":[],"Movie":[],"Person":[],"Product":[],"ProductReview":[],"Car":[],"Recipe":[],"Service":[],"SoftwareApplication":[],"WebPage":[]},"graphName":"","isEnabled":true},"graphs":[],"defaultGraph":"","defaultPostTypeGraph":""},"schema_type":null,"schema_type_options":null,"pillar_content":false,"robots_default":true,"robots_noindex":false,"robots_noarchive":false,"robots_nosnippet":false,"robots_nofollow":false,"robots_noimageindex":false,"robots_noodp":false,"robots_notranslate":false,"robots_max_snippet":null,"robots_max_videopreview":null,"robots_max_imagepreview":"large","priority":null,"frequency":null,"local_seo":null,"seo_analyzer_scan_date":"2025-12-06 17:22:08","breadcrumb_settings":null,"limit_modified_date":false,"open_ai":null,"ai":null,"created":"2020-12-21 12:54:38","updated":"2025-12-06 17:22:08","focus_keyword":null,"additional_keywords":null,"truseo_locale":null},"aioseo_breadcrumb":"<div class=\"aioseo-breadcrumbs\"><span class=\"aioseo-breadcrumb\">\n\t<a href=\"https:\/\/www.eldigitaldeasturias.com\/noticias\" title=\"Home\">Home<\/a>\n<\/span><span class=\"aioseo-breadcrumb-separator\">\u2013<\/span><span class=\"aioseo-breadcrumb\">\n\t<a href=\"https:\/\/www.eldigitaldeasturias.com\/noticias\/category\/actualidad\/\" title=\"Actualidad\">Actualidad<\/a>\n<\/span><span class=\"aioseo-breadcrumb-separator\">\u2013<\/span><span class=\"aioseo-breadcrumb\">\n\t<a href=\"https:\/\/www.eldigitaldeasturias.com\/noticias\/andrea-levy-rajoy-cumple-con-la-legalidad-en-cataluna\/\" title=\"Andrea Levy: \u201cRajoy cumple con la legalidad en Catalu\u00f1a\u201d\">Andrea Levy: \u201cRajoy cumple con la legalidad en Catalu\u00f1a\u201d<\/a>\n<\/span><\/div>","aioseo_breadcrumb_json":[{"label":"Home","link":"https:\/\/www.eldigitaldeasturias.com\/noticias"},{"label":"Actualidad","link":"https:\/\/www.eldigitaldeasturias.com\/noticias\/category\/actualidad\/"},{"label":"Andrea Levy: \u201cRajoy cumple con la legalidad en Catalu\u00f1a\u201d","link":"https:\/\/www.eldigitaldeasturias.com\/noticias\/andrea-levy-rajoy-cumple-con-la-legalidad-en-cataluna\/"}],"_links":{"self":[{"href":"https:\/\/www.eldigitaldeasturias.com\/noticias\/wp-json\/wp\/v2\/posts\/957433","targetHints":{"allow":["GET"]}}],"collection":[{"href":"https:\/\/www.eldigitaldeasturias.com\/noticias\/wp-json\/wp\/v2\/posts"}],"about":[{"href":"https:\/\/www.eldigitaldeasturias.com\/noticias\/wp-json\/wp\/v2\/types\/post"}],"author":[{"embeddable":true,"href":"https:\/\/www.eldigitaldeasturias.com\/noticias\/wp-json\/wp\/v2\/users\/1"}],"replies":[{"embeddable":true,"href":"https:\/\/www.eldigitaldeasturias.com\/noticias\/wp-json\/wp\/v2\/comments?post=957433"}],"version-history":[{"count":0,"href":"https:\/\/www.eldigitaldeasturias.com\/noticias\/wp-json\/wp\/v2\/posts\/957433\/revisions"}],"wp:attachment":[{"href":"https:\/\/www.eldigitaldeasturias.com\/noticias\/wp-json\/wp\/v2\/media?parent=957433"}],"wp:term":[{"taxonomy":"category","embeddable":true,"href":"https:\/\/www.eldigitaldeasturias.com\/noticias\/wp-json\/wp\/v2\/categories?post=957433"},{"taxonomy":"post_tag","embeddable":true,"href":"https:\/\/www.eldigitaldeasturias.com\/noticias\/wp-json\/wp\/v2\/tags?post=957433"}],"curies":[{"name":"wp","href":"https:\/\/api.w.org\/{rel}","templated":true}]}}