{"id":957431,"date":"2017-10-24T22:57:01","date_gmt":"2017-10-24T22:57:01","guid":{"rendered":"http:\/\/www.eldigitaldeasturias.com\/noticias\/?p=957431"},"modified":"2017-10-24T22:57:01","modified_gmt":"2017-10-24T22:57:01","slug":"comunicado-del-ministerio-de-hacienda-y-funcion-publica-sobre-el-pago-de-proyectos-sociales-a-cataluna","status":"publish","type":"post","link":"https:\/\/www.eldigitaldeasturias.com\/noticias\/comunicado-del-ministerio-de-hacienda-y-funcion-publica-sobre-el-pago-de-proyectos-sociales-a-cataluna\/","title":{"rendered":"Comunicado del Ministerio de Hacienda y Funci\u00f3n P\u00fablica sobre el pago de proyectos sociales a Catalu\u00f1a"},"content":{"rendered":"<p><img loading=\"lazy\" decoding=\"async\" class=\"alignleft size-medium wp-image-822740\" src=\"https:\/\/www.eldigitaldeasturias.com\/noticias\/wp-content\/uploads\/2015\/11\/euros-360x241.jpg\" alt=\"\" width=\"360\" height=\"241\" \/>Ante las acusaciones vertidas recientemente sobre el bloqueo de partidas presupuestarias, el Ministerio de Hacienda y Funci\u00f3n P\u00fablica asegura que no se ha solicitado por parte de la Generalitat ninguna petici\u00f3n sobre pagos destinados a subvenciones para proyectos sociales o destinados al Tercer Sector en Catalu\u00f1a.<\/p>\n<p>\u200bEn ning\u00fan caso el Estado ha recibido petici\u00f3n ni certificaci\u00f3n por parte de la Generalitat para el pago de subvenciones sociales, por tanto no ha podido proceder al pago de los 10 millones de euros que solicita la presidenta de la Mesa del Tercer Sector, partida que se podr\u00e1 abonar una vez se cumplan los requisitos por la Intervenci\u00f3n General de la Generalitat establecidos en el Acuerdo de No Disponibilidad.<\/p>\n<p>El Acuerdo de No Disponibilidad, adoptado por la CDGAE el pasado 15 de septiembre, contempla que, por motivos de extraordinaria y urgente necesidad, previa notificaci\u00f3n y justificaci\u00f3n de la Intervenci\u00f3n de la Generalitat, se puede proceder a los pagos correspondientes<\/p>\n<p>En este sentido, cabe mencionar que ya se han recibido y resuelto solicitudes de la Generalitat para abonar partidas excluidas en el Acuerdo, referidas a Fondos Europeos, a la iniciativa Comunitaria de Empleo Juvenil y a censos enfite\u00faticos.<\/p>\n","protected":false},"excerpt":{"rendered":"<p>Ante las acusaciones vertidas recientemente sobre el bloqueo de partidas presupuestarias, el Ministerio de Hacienda y Funci\u00f3n P\u00fablica asegura que no se ha solicitado por parte de la Generalitat ninguna petici\u00f3n sobre pagos destinados a subvenciones para proyectos sociales o destinados al Tercer Sector en Catalu\u00f1a. \u200bEn ning\u00fan caso el Estado ha recibido petici\u00f3n ni [&hellip;]<\/p>\n","protected":false},"author":1,"featured_media":822740,"comment_status":"closed","ping_status":"closed","sticky":false,"template":"","format":"standard","meta":{"footnotes":""},"categories":[1],"tags":[],"class_list":["post-957431","post","type-post","status-publish","format-standard","has-post-thumbnail","hentry","category-actualidad"],"aioseo_notices":[],"aioseo_head":"\n\t\t<!-- All in One SEO Pro 5.0.1 - aioseo.com -->\n\t<meta name=\"description\" content=\"Ante las acusaciones vertidas recientemente sobre el bloqueo de partidas presupuestarias, el Ministerio de Hacienda y Funci\u00f3n P\u00fablica asegura que no se ha solicitado por parte de la Generalitat ninguna petici\u00f3n sobre pagos destinados a subvenciones para proyectos sociales o destinados al Tercer Sector en Catalu\u00f1a. \u200bEn ning\u00fan caso el Estado ha recibido petici\u00f3n ni\" \/>\n\t<meta name=\"robots\" content=\"max-image-preview:large\" \/>\n\t<meta name=\"author\" content=\"El Digital de Asturias\"\/>\n\t<meta name=\"google-site-verification\" content=\"UA-38556648-1\" \/>\n\t<meta name=\"msvalidate.01\" content=\"7dfe9f3f1b24437ab69f4f2559babe99\" \/>\n\t<meta name=\"keywords\" content=\"actualidad\" \/>\n\t<link rel=\"canonical\" href=\"https:\/\/www.eldigitaldeasturias.com\/noticias\/comunicado-del-ministerio-de-hacienda-y-funcion-publica-sobre-el-pago-de-proyectos-sociales-a-cataluna\/\" \/>\n\t<meta name=\"generator\" content=\"All in One SEO Pro (AIOSEO) 5.0.1\" \/>\n\t\t<meta property=\"og:locale\" content=\"es_ES\" \/>\n\t\t<meta property=\"og:site_name\" content=\"El Digital de Asturias\" \/>\n\t\t<meta property=\"og:type\" content=\"article\" \/>\n\t\t<meta property=\"og:title\" content=\"Comunicado del Ministerio de Hacienda y Funci\u00f3n P\u00fablica sobre el pago de proyectos sociales a Catalu\u00f1a - El Digital de Asturias\" \/>\n\t\t<meta property=\"og:description\" content=\"Ante las acusaciones vertidas recientemente sobre el bloqueo de partidas presupuestarias, el Ministerio de Hacienda y Funci\u00f3n P\u00fablica asegura que no se ha solicitado por parte de la Generalitat ninguna petici\u00f3n sobre pagos destinados a subvenciones para proyectos sociales o destinados al Tercer Sector en Catalu\u00f1a. \u200bEn ning\u00fan caso el Estado ha recibido petici\u00f3n ni\" \/>\n\t\t<meta property=\"og:url\" content=\"https:\/\/www.eldigitaldeasturias.com\/noticias\/comunicado-del-ministerio-de-hacienda-y-funcion-publica-sobre-el-pago-de-proyectos-sociales-a-cataluna\/\" \/>\n\t\t<meta property=\"article:tag\" content=\"actualidad\" \/>\n\t\t<meta property=\"article:published_time\" content=\"2017-10-24T22:57:01+00:00\" \/>\n\t\t<meta property=\"article:modified_time\" content=\"2017-10-24T22:57:01+00:00\" \/>\n\t\t<meta property=\"article:publisher\" content=\"https:\/\/facebook.com\/eldigitaldeasturias\" \/>\n\t\t<meta name=\"twitter:card\" content=\"summary_large_image\" \/>\n\t\t<meta name=\"twitter:title\" content=\"Comunicado del Ministerio de Hacienda y Funci\u00f3n P\u00fablica sobre el pago de proyectos sociales a Catalu\u00f1a - El Digital de Asturias\" \/>\n\t\t<meta name=\"twitter:description\" content=\"Ante las acusaciones vertidas recientemente sobre el bloqueo de partidas presupuestarias, el Ministerio de Hacienda y Funci\u00f3n P\u00fablica asegura que no se ha solicitado por parte de la Generalitat ninguna petici\u00f3n sobre pagos destinados a subvenciones para proyectos sociales o destinados al Tercer Sector en Catalu\u00f1a. \u200bEn ning\u00fan caso el Estado ha recibido petici\u00f3n ni\" \/>\n\t\t<meta name=\"twitter:image\" content=\"https:\/\/www.eldigitaldeasturias.com\/noticias\/wp-content\/uploads\/2020\/12\/EDA-1.jpg\" \/>\n\t\t<meta name=\"twitter:label1\" content=\"Escrito por\" \/>\n\t\t<meta name=\"twitter:data1\" content=\"El Digital de Asturias\" \/>\n\t\t<meta name=\"twitter:label2\" content=\"Tiempo de lectura estimado\" \/>\n\t\t<meta name=\"twitter:data2\" content=\"1 minuto\" \/>\n\t\t<script type=\"application\/ld+json\" class=\"aioseo-schema\">\n\t\t\t{\"@context\":\"https:\\\/\\\/schema.org\",\"@graph\":[{\"@type\":\"BlogPosting\",\"@id\":\"https:\\\/\\\/www.eldigitaldeasturias.com\\\/noticias\\\/comunicado-del-ministerio-de-hacienda-y-funcion-publica-sobre-el-pago-de-proyectos-sociales-a-cataluna\\\/#blogposting\",\"name\":\"Comunicado del Ministerio de Hacienda y Funci\\u00f3n P\\u00fablica sobre el pago de proyectos sociales a Catalu\\u00f1a - El Digital de Asturias\",\"headline\":\"Comunicado del Ministerio de Hacienda y Funci\\u00f3n P\\u00fablica sobre el pago de proyectos sociales a Catalu\\u00f1a\",\"author\":{\"@id\":\"https:\\\/\\\/www.eldigitaldeasturias.com\\\/noticias\\\/author\\\/admin\\\/#author\"},\"publisher\":{\"@id\":\"https:\\\/\\\/www.eldigitaldeasturias.com\\\/noticias\\\/#organization\"},\"image\":{\"@type\":\"ImageObject\",\"url\":822740},\"datePublished\":\"2017-10-24T22:57:01+02:00\",\"dateModified\":\"2017-10-24T22:57:01+02:00\",\"inLanguage\":\"es-ES\",\"mainEntityOfPage\":{\"@id\":\"https:\\\/\\\/www.eldigitaldeasturias.com\\\/noticias\\\/comunicado-del-ministerio-de-hacienda-y-funcion-publica-sobre-el-pago-de-proyectos-sociales-a-cataluna\\\/#webpage\"},\"isPartOf\":{\"@id\":\"https:\\\/\\\/www.eldigitaldeasturias.com\\\/noticias\\\/comunicado-del-ministerio-de-hacienda-y-funcion-publica-sobre-el-pago-de-proyectos-sociales-a-cataluna\\\/#webpage\"},\"articleSection\":\"Actualidad\"},{\"@type\":\"BreadcrumbList\",\"@id\":\"https:\\\/\\\/www.eldigitaldeasturias.com\\\/noticias\\\/comunicado-del-ministerio-de-hacienda-y-funcion-publica-sobre-el-pago-de-proyectos-sociales-a-cataluna\\\/#breadcrumblist\",\"itemListElement\":[{\"@type\":\"ListItem\",\"@id\":\"https:\\\/\\\/www.eldigitaldeasturias.com\\\/noticias#listItem\",\"position\":1,\"name\":\"Home\",\"item\":\"https:\\\/\\\/www.eldigitaldeasturias.com\\\/noticias\",\"nextItem\":{\"@type\":\"ListItem\",\"@id\":\"https:\\\/\\\/www.eldigitaldeasturias.com\\\/noticias\\\/category\\\/actualidad\\\/#listItem\",\"name\":\"Actualidad\"}},{\"@type\":\"ListItem\",\"@id\":\"https:\\\/\\\/www.eldigitaldeasturias.com\\\/noticias\\\/category\\\/actualidad\\\/#listItem\",\"position\":2,\"name\":\"Actualidad\",\"item\":\"https:\\\/\\\/www.eldigitaldeasturias.com\\\/noticias\\\/category\\\/actualidad\\\/\",\"nextItem\":{\"@type\":\"ListItem\",\"@id\":\"https:\\\/\\\/www.eldigitaldeasturias.com\\\/noticias\\\/comunicado-del-ministerio-de-hacienda-y-funcion-publica-sobre-el-pago-de-proyectos-sociales-a-cataluna\\\/#listItem\",\"name\":\"Comunicado del Ministerio de Hacienda y Funci\\u00f3n P\\u00fablica sobre el pago de proyectos sociales a Catalu\\u00f1a\"},\"previousItem\":{\"@type\":\"ListItem\",\"@id\":\"https:\\\/\\\/www.eldigitaldeasturias.com\\\/noticias#listItem\",\"name\":\"Home\"}},{\"@type\":\"ListItem\",\"@id\":\"https:\\\/\\\/www.eldigitaldeasturias.com\\\/noticias\\\/comunicado-del-ministerio-de-hacienda-y-funcion-publica-sobre-el-pago-de-proyectos-sociales-a-cataluna\\\/#listItem\",\"position\":3,\"name\":\"Comunicado del Ministerio de Hacienda y Funci\\u00f3n P\\u00fablica sobre el pago de proyectos sociales a Catalu\\u00f1a\",\"previousItem\":{\"@type\":\"ListItem\",\"@id\":\"https:\\\/\\\/www.eldigitaldeasturias.com\\\/noticias\\\/category\\\/actualidad\\\/#listItem\",\"name\":\"Actualidad\"}}]},{\"@type\":\"Organization\",\"@id\":\"https:\\\/\\\/www.eldigitaldeasturias.com\\\/noticias\\\/#organization\",\"name\":\"El Digital de Asturias\",\"description\":\"Hemeroteca\",\"url\":\"https:\\\/\\\/www.eldigitaldeasturias.com\\\/noticias\\\/\",\"email\":\"info@eldigitaldeasturias.com\",\"telephone\":\"+34652131393\",\"logo\":{\"@type\":\"ImageObject\",\"url\":\"https:\\\/\\\/www.eldigitaldeasturias.com\\\/noticias\\\/wp-content\\\/uploads\\\/2020\\\/12\\\/EDA.jpg\",\"@id\":\"https:\\\/\\\/www.eldigitaldeasturias.com\\\/noticias\\\/comunicado-del-ministerio-de-hacienda-y-funcion-publica-sobre-el-pago-de-proyectos-sociales-a-cataluna\\\/#organizationLogo\"},\"image\":{\"@id\":\"https:\\\/\\\/www.eldigitaldeasturias.com\\\/noticias\\\/comunicado-del-ministerio-de-hacienda-y-funcion-publica-sobre-el-pago-de-proyectos-sociales-a-cataluna\\\/#organizationLogo\"},\"sameAs\":[\"https:\\\/\\\/facebook.com\\\/eldigitaldeasturias\",\"https:\\\/\\\/www.youtube.com\\\/channel\\\/UCZP-2wLEB9Rv6erhFmqVnvg\"],\"address\":{\"@id\":\"https:\\\/\\\/www.eldigitaldeasturias.com\\\/noticias\\\/#postaladdress\",\"@type\":\"PostalAddress\",\"streetAddress\":\"san antonio 4\",\"postalCode\":\"33430\",\"addressLocality\":\"Cand\\u00e1s\",\"addressRegion\":\"Asturias\",\"addressCountry\":\"ES\"}},{\"@type\":\"Person\",\"@id\":\"https:\\\/\\\/www.eldigitaldeasturias.com\\\/noticias\\\/author\\\/admin\\\/#author\",\"url\":\"https:\\\/\\\/www.eldigitaldeasturias.com\\\/noticias\\\/author\\\/admin\\\/\",\"name\":\"El Digital de Asturias\",\"image\":{\"@type\":\"ImageObject\",\"@id\":\"https:\\\/\\\/www.eldigitaldeasturias.com\\\/noticias\\\/comunicado-del-ministerio-de-hacienda-y-funcion-publica-sobre-el-pago-de-proyectos-sociales-a-cataluna\\\/#authorImage\",\"url\":\"https:\\\/\\\/secure.gravatar.com\\\/avatar\\\/df2aeffc32bcd13f8d26072ef8a91b623d677766deac7f97ca815868cd41bf5e?s=96&d=mm&r=g\",\"width\":96,\"height\":96,\"caption\":\"El Digital de Asturias\"}},{\"@type\":\"WebPage\",\"@id\":\"https:\\\/\\\/www.eldigitaldeasturias.com\\\/noticias\\\/comunicado-del-ministerio-de-hacienda-y-funcion-publica-sobre-el-pago-de-proyectos-sociales-a-cataluna\\\/#webpage\",\"url\":\"https:\\\/\\\/www.eldigitaldeasturias.com\\\/noticias\\\/comunicado-del-ministerio-de-hacienda-y-funcion-publica-sobre-el-pago-de-proyectos-sociales-a-cataluna\\\/\",\"name\":\"Comunicado del Ministerio de Hacienda y Funci\\u00f3n P\\u00fablica sobre el pago de proyectos sociales a Catalu\\u00f1a - El Digital de Asturias\",\"description\":\"Ante las acusaciones vertidas recientemente sobre el bloqueo de partidas presupuestarias, el Ministerio de Hacienda y Funci\\u00f3n P\\u00fablica asegura que no se ha solicitado por parte de la Generalitat ninguna petici\\u00f3n sobre pagos destinados a subvenciones para proyectos sociales o destinados al Tercer Sector en Catalu\\u00f1a. \\u200bEn ning\\u00fan caso el Estado ha recibido petici\\u00f3n ni\",\"inLanguage\":\"es-ES\",\"isPartOf\":{\"@id\":\"https:\\\/\\\/www.eldigitaldeasturias.com\\\/noticias\\\/#website\"},\"breadcrumb\":{\"@id\":\"https:\\\/\\\/www.eldigitaldeasturias.com\\\/noticias\\\/comunicado-del-ministerio-de-hacienda-y-funcion-publica-sobre-el-pago-de-proyectos-sociales-a-cataluna\\\/#breadcrumblist\"},\"author\":{\"@id\":\"https:\\\/\\\/www.eldigitaldeasturias.com\\\/noticias\\\/author\\\/admin\\\/#author\"},\"creator\":{\"@id\":\"https:\\\/\\\/www.eldigitaldeasturias.com\\\/noticias\\\/author\\\/admin\\\/#author\"},\"image\":{\"@type\":\"ImageObject\",\"url\":822740,\"@id\":\"https:\\\/\\\/www.eldigitaldeasturias.com\\\/noticias\\\/comunicado-del-ministerio-de-hacienda-y-funcion-publica-sobre-el-pago-de-proyectos-sociales-a-cataluna\\\/#mainImage\"},\"primaryImageOfPage\":{\"@id\":\"https:\\\/\\\/www.eldigitaldeasturias.com\\\/noticias\\\/comunicado-del-ministerio-de-hacienda-y-funcion-publica-sobre-el-pago-de-proyectos-sociales-a-cataluna\\\/#mainImage\"},\"datePublished\":\"2017-10-24T22:57:01+02:00\",\"dateModified\":\"2017-10-24T22:57:01+02:00\"},{\"@type\":\"WebSite\",\"@id\":\"https:\\\/\\\/www.eldigitaldeasturias.com\\\/noticias\\\/#website\",\"url\":\"https:\\\/\\\/www.eldigitaldeasturias.com\\\/noticias\\\/\",\"name\":\"El Digital de Asturias - Diario de actualidad y noticias\",\"alternateName\":\"El Digital de Asturias - Diario de actualidad y noticias\",\"description\":\"Hemeroteca\",\"inLanguage\":\"es-ES\",\"publisher\":{\"@id\":\"https:\\\/\\\/www.eldigitaldeasturias.com\\\/noticias\\\/#organization\"}}]}\n\t\t<\/script>\n\t\t<!-- All in One SEO Pro -->\r\n\t\t<title>Comunicado del Ministerio de Hacienda y Funci\u00f3n P\u00fablica sobre el pago de proyectos sociales a Catalu\u00f1a - El Digital de Asturias<\/title>\n\n","aioseo_head_json":{"title":"Comunicado del Ministerio de Hacienda y Funci\u00f3n P\u00fablica sobre el pago de proyectos sociales a Catalu\u00f1a - El Digital de Asturias","description":"Ante las acusaciones vertidas recientemente sobre el bloqueo de partidas presupuestarias, el Ministerio de Hacienda y Funci\u00f3n P\u00fablica asegura que no se ha solicitado por parte de la Generalitat ninguna petici\u00f3n sobre pagos destinados a subvenciones para proyectos sociales o destinados al Tercer Sector en Catalu\u00f1a. \u200bEn ning\u00fan caso el Estado ha recibido petici\u00f3n ni","canonical_url":"https:\/\/www.eldigitaldeasturias.com\/noticias\/comunicado-del-ministerio-de-hacienda-y-funcion-publica-sobre-el-pago-de-proyectos-sociales-a-cataluna\/","robots":"max-image-preview:large","keywords":"actualidad","webmasterTools":{"google-site-verification":"UA-38556648-1","msvalidate.01":"7dfe9f3f1b24437ab69f4f2559babe99","miscellaneous":""},"schema":{"@context":"https:\/\/schema.org","@graph":[{"@type":"BlogPosting","@id":"https:\/\/www.eldigitaldeasturias.com\/noticias\/comunicado-del-ministerio-de-hacienda-y-funcion-publica-sobre-el-pago-de-proyectos-sociales-a-cataluna\/#blogposting","name":"Comunicado del Ministerio de Hacienda y Funci\u00f3n P\u00fablica sobre el pago de proyectos sociales a Catalu\u00f1a - El Digital de Asturias","headline":"Comunicado del Ministerio de Hacienda y Funci\u00f3n P\u00fablica sobre el pago de proyectos sociales a Catalu\u00f1a","author":{"@id":"https:\/\/www.eldigitaldeasturias.com\/noticias\/author\/admin\/#author"},"publisher":{"@id":"https:\/\/www.eldigitaldeasturias.com\/noticias\/#organization"},"image":{"@type":"ImageObject","url":822740},"datePublished":"2017-10-24T22:57:01+02:00","dateModified":"2017-10-24T22:57:01+02:00","inLanguage":"es-ES","mainEntityOfPage":{"@id":"https:\/\/www.eldigitaldeasturias.com\/noticias\/comunicado-del-ministerio-de-hacienda-y-funcion-publica-sobre-el-pago-de-proyectos-sociales-a-cataluna\/#webpage"},"isPartOf":{"@id":"https:\/\/www.eldigitaldeasturias.com\/noticias\/comunicado-del-ministerio-de-hacienda-y-funcion-publica-sobre-el-pago-de-proyectos-sociales-a-cataluna\/#webpage"},"articleSection":"Actualidad"},{"@type":"BreadcrumbList","@id":"https:\/\/www.eldigitaldeasturias.com\/noticias\/comunicado-del-ministerio-de-hacienda-y-funcion-publica-sobre-el-pago-de-proyectos-sociales-a-cataluna\/#breadcrumblist","itemListElement":[{"@type":"ListItem","@id":"https:\/\/www.eldigitaldeasturias.com\/noticias#listItem","position":1,"name":"Home","item":"https:\/\/www.eldigitaldeasturias.com\/noticias","nextItem":{"@type":"ListItem","@id":"https:\/\/www.eldigitaldeasturias.com\/noticias\/category\/actualidad\/#listItem","name":"Actualidad"}},{"@type":"ListItem","@id":"https:\/\/www.eldigitaldeasturias.com\/noticias\/category\/actualidad\/#listItem","position":2,"name":"Actualidad","item":"https:\/\/www.eldigitaldeasturias.com\/noticias\/category\/actualidad\/","nextItem":{"@type":"ListItem","@id":"https:\/\/www.eldigitaldeasturias.com\/noticias\/comunicado-del-ministerio-de-hacienda-y-funcion-publica-sobre-el-pago-de-proyectos-sociales-a-cataluna\/#listItem","name":"Comunicado del Ministerio de Hacienda y Funci\u00f3n P\u00fablica sobre el pago de proyectos sociales a Catalu\u00f1a"},"previousItem":{"@type":"ListItem","@id":"https:\/\/www.eldigitaldeasturias.com\/noticias#listItem","name":"Home"}},{"@type":"ListItem","@id":"https:\/\/www.eldigitaldeasturias.com\/noticias\/comunicado-del-ministerio-de-hacienda-y-funcion-publica-sobre-el-pago-de-proyectos-sociales-a-cataluna\/#listItem","position":3,"name":"Comunicado del Ministerio de Hacienda y Funci\u00f3n P\u00fablica sobre el pago de proyectos sociales a Catalu\u00f1a","previousItem":{"@type":"ListItem","@id":"https:\/\/www.eldigitaldeasturias.com\/noticias\/category\/actualidad\/#listItem","name":"Actualidad"}}]},{"@type":"Organization","@id":"https:\/\/www.eldigitaldeasturias.com\/noticias\/#organization","name":"El Digital de Asturias","description":"Hemeroteca","url":"https:\/\/www.eldigitaldeasturias.com\/noticias\/","email":"info@eldigitaldeasturias.com","telephone":"+34652131393","logo":{"@type":"ImageObject","url":"https:\/\/www.eldigitaldeasturias.com\/noticias\/wp-content\/uploads\/2020\/12\/EDA.jpg","@id":"https:\/\/www.eldigitaldeasturias.com\/noticias\/comunicado-del-ministerio-de-hacienda-y-funcion-publica-sobre-el-pago-de-proyectos-sociales-a-cataluna\/#organizationLogo"},"image":{"@id":"https:\/\/www.eldigitaldeasturias.com\/noticias\/comunicado-del-ministerio-de-hacienda-y-funcion-publica-sobre-el-pago-de-proyectos-sociales-a-cataluna\/#organizationLogo"},"sameAs":["https:\/\/facebook.com\/eldigitaldeasturias","https:\/\/www.youtube.com\/channel\/UCZP-2wLEB9Rv6erhFmqVnvg"],"address":{"@id":"https:\/\/www.eldigitaldeasturias.com\/noticias\/#postaladdress","@type":"PostalAddress","streetAddress":"san antonio 4","postalCode":"33430","addressLocality":"Cand\u00e1s","addressRegion":"Asturias","addressCountry":"ES"}},{"@type":"Person","@id":"https:\/\/www.eldigitaldeasturias.com\/noticias\/author\/admin\/#author","url":"https:\/\/www.eldigitaldeasturias.com\/noticias\/author\/admin\/","name":"El Digital de Asturias","image":{"@type":"ImageObject","@id":"https:\/\/www.eldigitaldeasturias.com\/noticias\/comunicado-del-ministerio-de-hacienda-y-funcion-publica-sobre-el-pago-de-proyectos-sociales-a-cataluna\/#authorImage","url":"https:\/\/secure.gravatar.com\/avatar\/df2aeffc32bcd13f8d26072ef8a91b623d677766deac7f97ca815868cd41bf5e?s=96&d=mm&r=g","width":96,"height":96,"caption":"El Digital de Asturias"}},{"@type":"WebPage","@id":"https:\/\/www.eldigitaldeasturias.com\/noticias\/comunicado-del-ministerio-de-hacienda-y-funcion-publica-sobre-el-pago-de-proyectos-sociales-a-cataluna\/#webpage","url":"https:\/\/www.eldigitaldeasturias.com\/noticias\/comunicado-del-ministerio-de-hacienda-y-funcion-publica-sobre-el-pago-de-proyectos-sociales-a-cataluna\/","name":"Comunicado del Ministerio de Hacienda y Funci\u00f3n P\u00fablica sobre el pago de proyectos sociales a Catalu\u00f1a - El Digital de Asturias","description":"Ante las acusaciones vertidas recientemente sobre el bloqueo de partidas presupuestarias, el Ministerio de Hacienda y Funci\u00f3n P\u00fablica asegura que no se ha solicitado por parte de la Generalitat ninguna petici\u00f3n sobre pagos destinados a subvenciones para proyectos sociales o destinados al Tercer Sector en Catalu\u00f1a. \u200bEn ning\u00fan caso el Estado ha recibido petici\u00f3n ni","inLanguage":"es-ES","isPartOf":{"@id":"https:\/\/www.eldigitaldeasturias.com\/noticias\/#website"},"breadcrumb":{"@id":"https:\/\/www.eldigitaldeasturias.com\/noticias\/comunicado-del-ministerio-de-hacienda-y-funcion-publica-sobre-el-pago-de-proyectos-sociales-a-cataluna\/#breadcrumblist"},"author":{"@id":"https:\/\/www.eldigitaldeasturias.com\/noticias\/author\/admin\/#author"},"creator":{"@id":"https:\/\/www.eldigitaldeasturias.com\/noticias\/author\/admin\/#author"},"image":{"@type":"ImageObject","url":822740,"@id":"https:\/\/www.eldigitaldeasturias.com\/noticias\/comunicado-del-ministerio-de-hacienda-y-funcion-publica-sobre-el-pago-de-proyectos-sociales-a-cataluna\/#mainImage"},"primaryImageOfPage":{"@id":"https:\/\/www.eldigitaldeasturias.com\/noticias\/comunicado-del-ministerio-de-hacienda-y-funcion-publica-sobre-el-pago-de-proyectos-sociales-a-cataluna\/#mainImage"},"datePublished":"2017-10-24T22:57:01+02:00","dateModified":"2017-10-24T22:57:01+02:00"},{"@type":"WebSite","@id":"https:\/\/www.eldigitaldeasturias.com\/noticias\/#website","url":"https:\/\/www.eldigitaldeasturias.com\/noticias\/","name":"El Digital de Asturias - Diario de actualidad y noticias","alternateName":"El Digital de Asturias - Diario de actualidad y noticias","description":"Hemeroteca","inLanguage":"es-ES","publisher":{"@id":"https:\/\/www.eldigitaldeasturias.com\/noticias\/#organization"}}]},"og:locale":"es_ES","og:site_name":"El Digital de Asturias","og:type":"article","og:title":"Comunicado del Ministerio de Hacienda y Funci\u00f3n P\u00fablica sobre el pago de proyectos sociales a Catalu\u00f1a - El Digital de Asturias","og:description":"Ante las acusaciones vertidas recientemente sobre el bloqueo de partidas presupuestarias, el Ministerio de Hacienda y Funci\u00f3n P\u00fablica asegura que no se ha solicitado por parte de la Generalitat ninguna petici\u00f3n sobre pagos destinados a subvenciones para proyectos sociales o destinados al Tercer Sector en Catalu\u00f1a. \u200bEn ning\u00fan caso el Estado ha recibido petici\u00f3n ni","og:url":"https:\/\/www.eldigitaldeasturias.com\/noticias\/comunicado-del-ministerio-de-hacienda-y-funcion-publica-sobre-el-pago-de-proyectos-sociales-a-cataluna\/","article:tag":["actualidad"],"article:published_time":"2017-10-24T22:57:01+00:00","article:modified_time":"2017-10-24T22:57:01+00:00","article:publisher":"https:\/\/facebook.com\/eldigitaldeasturias","twitter:card":"summary_large_image","twitter:title":"Comunicado del Ministerio de Hacienda y Funci\u00f3n P\u00fablica sobre el pago de proyectos sociales a Catalu\u00f1a - El Digital de Asturias","twitter:description":"Ante las acusaciones vertidas recientemente sobre el bloqueo de partidas presupuestarias, el Ministerio de Hacienda y Funci\u00f3n P\u00fablica asegura que no se ha solicitado por parte de la Generalitat ninguna petici\u00f3n sobre pagos destinados a subvenciones para proyectos sociales o destinados al Tercer Sector en Catalu\u00f1a. \u200bEn ning\u00fan caso el Estado ha recibido petici\u00f3n ni","twitter:image":"https:\/\/www.eldigitaldeasturias.com\/noticias\/wp-content\/uploads\/2020\/12\/EDA-1.jpg","twitter:label1":"Escrito por","twitter:data1":"El Digital de Asturias","twitter:label2":"Tiempo de lectura estimado","twitter:data2":"1 minuto"},"aioseo_meta_data":{"post_id":"957431","title":null,"description":null,"keywords":null,"keyphrases":null,"primary_term":null,"canonical_url":null,"og_title":null,"og_description":null,"og_object_type":"default","og_image_type":"default","og_image_url":null,"og_image_width":null,"og_image_height":null,"og_image_custom_url":null,"og_image_custom_fields":null,"og_video":null,"og_custom_url":null,"og_article_section":null,"og_article_tags":null,"twitter_use_og":false,"twitter_card":"default","twitter_image_type":"default","twitter_image_url":null,"twitter_image_custom_url":null,"twitter_image_custom_fields":null,"twitter_title":null,"twitter_description":null,"schema":{"blockGraphs":[],"customGraphs":[],"default":{"data":{"Article":[],"Course":[],"Dataset":[],"FAQPage":[],"Movie":[],"Person":[],"Product":[],"ProductReview":[],"Car":[],"Recipe":[],"Service":[],"SoftwareApplication":[],"WebPage":[]},"graphName":"","isEnabled":true},"graphs":[],"defaultGraph":"","defaultPostTypeGraph":""},"schema_type":null,"schema_type_options":null,"pillar_content":false,"robots_default":true,"robots_noindex":false,"robots_noarchive":false,"robots_nosnippet":false,"robots_nofollow":false,"robots_noimageindex":false,"robots_noodp":false,"robots_notranslate":false,"robots_max_snippet":null,"robots_max_videopreview":null,"robots_max_imagepreview":"large","priority":null,"frequency":null,"local_seo":null,"seo_analyzer_scan_date":"2025-12-06 17:22:07","breadcrumb_settings":null,"limit_modified_date":false,"open_ai":null,"ai":null,"created":"2020-12-21 12:54:38","updated":"2025-12-06 17:22:07","focus_keyword":null,"additional_keywords":null,"truseo_locale":null},"aioseo_breadcrumb":"<div class=\"aioseo-breadcrumbs\"><span class=\"aioseo-breadcrumb\">\n\t<a href=\"https:\/\/www.eldigitaldeasturias.com\/noticias\" title=\"Home\">Home<\/a>\n<\/span><span class=\"aioseo-breadcrumb-separator\">\u2013<\/span><span class=\"aioseo-breadcrumb\">\n\t<a href=\"https:\/\/www.eldigitaldeasturias.com\/noticias\/category\/actualidad\/\" title=\"Actualidad\">Actualidad<\/a>\n<\/span><span class=\"aioseo-breadcrumb-separator\">\u2013<\/span><span class=\"aioseo-breadcrumb\">\n\t<a href=\"https:\/\/www.eldigitaldeasturias.com\/noticias\/comunicado-del-ministerio-de-hacienda-y-funcion-publica-sobre-el-pago-de-proyectos-sociales-a-cataluna\/\" title=\"Comunicado del Ministerio de Hacienda y Funci\u00f3n P\u00fablica sobre el pago de proyectos sociales a Catalu\u00f1a\">Comunicado del Ministerio de Hacienda y Funci\u00f3n P\u00fablica sobre el pago de proyectos sociales a Catalu\u00f1a<\/a>\n<\/span><\/div>","aioseo_breadcrumb_json":[{"label":"Home","link":"https:\/\/www.eldigitaldeasturias.com\/noticias"},{"label":"Actualidad","link":"https:\/\/www.eldigitaldeasturias.com\/noticias\/category\/actualidad\/"},{"label":"Comunicado del Ministerio de Hacienda y Funci\u00f3n P\u00fablica sobre el pago de proyectos sociales a Catalu\u00f1a","link":"https:\/\/www.eldigitaldeasturias.com\/noticias\/comunicado-del-ministerio-de-hacienda-y-funcion-publica-sobre-el-pago-de-proyectos-sociales-a-cataluna\/"}],"_links":{"self":[{"href":"https:\/\/www.eldigitaldeasturias.com\/noticias\/wp-json\/wp\/v2\/posts\/957431","targetHints":{"allow":["GET"]}}],"collection":[{"href":"https:\/\/www.eldigitaldeasturias.com\/noticias\/wp-json\/wp\/v2\/posts"}],"about":[{"href":"https:\/\/www.eldigitaldeasturias.com\/noticias\/wp-json\/wp\/v2\/types\/post"}],"author":[{"embeddable":true,"href":"https:\/\/www.eldigitaldeasturias.com\/noticias\/wp-json\/wp\/v2\/users\/1"}],"replies":[{"embeddable":true,"href":"https:\/\/www.eldigitaldeasturias.com\/noticias\/wp-json\/wp\/v2\/comments?post=957431"}],"version-history":[{"count":0,"href":"https:\/\/www.eldigitaldeasturias.com\/noticias\/wp-json\/wp\/v2\/posts\/957431\/revisions"}],"wp:attachment":[{"href":"https:\/\/www.eldigitaldeasturias.com\/noticias\/wp-json\/wp\/v2\/media?parent=957431"}],"wp:term":[{"taxonomy":"category","embeddable":true,"href":"https:\/\/www.eldigitaldeasturias.com\/noticias\/wp-json\/wp\/v2\/categories?post=957431"},{"taxonomy":"post_tag","embeddable":true,"href":"https:\/\/www.eldigitaldeasturias.com\/noticias\/wp-json\/wp\/v2\/tags?post=957431"}],"curies":[{"name":"wp","href":"https:\/\/api.w.org\/{rel}","templated":true}]}}