{"id":957400,"date":"2017-10-24T20:52:28","date_gmt":"2017-10-24T20:52:28","guid":{"rendered":"http:\/\/www.eldigitaldeasturias.com\/noticias\/?p=957400"},"modified":"2017-10-24T20:52:28","modified_gmt":"2017-10-24T20:52:28","slug":"vallina-insiste-en-la-necesidad-de-una-investigacion-independiente-que-aclare-el-accidente-de-angrois","status":"publish","type":"post","link":"https:\/\/www.eldigitaldeasturias.com\/noticias\/vallina-insiste-en-la-necesidad-de-una-investigacion-independiente-que-aclare-el-accidente-de-angrois\/","title":{"rendered":"Vallina insiste en la necesidad de una investigaci\u00f3n independiente que aclare el accidente de Angrois"},"content":{"rendered":"<p><img loading=\"lazy\" decoding=\"async\" class=\"alignleft size-medium wp-image-957401\" src=\"https:\/\/www.eldigitaldeasturias.com\/noticias\/wp-content\/uploads\/2017\/10\/2017-10-24-21.03.27-360x270.jpg\" alt=\"\" width=\"360\" height=\"270\" \/>La eurodiputada que se ha reunido con la comisar\u00eda Bulc espera que las v\u00edctimas vean atendidas su denuncias en la Comisi\u00f3n de Peticiones, a la vista de la falta de inter\u00e9s de, Gobierno Espa\u00f1ol en esclarecer el accidente ferroviario<\/p>\n<p>La eurodiputada \u00c1ngela Vallina reproch\u00f3 hoy la falta de sensibilidad del Gobierno y el Estado espa\u00f1ol para con las v\u00edctimas del accidente del tren Alvia, en Angrois, y reclam\u00f3 nuevamente la apertura de una comisi\u00f3n de investigaci\u00f3n que aclare el accidente y, sobre todo, prevenga de nuevos siniestros por causas similares. Lo que est\u00e1 claro, afirm\u00f3 la parlamentaria, es que \u00ab80 muertos y sus familias no merecen una respuesta por parte de nuestro gobierno\u00bb.<\/p>\n<p>\u00c1ngela Vallina y la tambi\u00e9n eurodiputada gallega Lidia Senra se entrevistaron hoy en Estrasburgo con la comisaria de Transporte de la Uni\u00f3n Europea, Violeta Bulc, en un encuentro enfocado a recabar informaci\u00f3n sobre la posici\u00f3n de la Comisi\u00f3n Europea para impulsar las denuncias de la plataforma de v\u00edctimas en la comisi\u00f3n de Peticiones. En ese reuni\u00f3n, explic\u00f3 Vallina, Bulc se ha comprometido a hacer todo lo posible para que las v\u00edctimas vean atendidas sus denuncias en la comisi\u00f3n de Peticiones de la Euroc\u00e1mara.<\/p>\n<p>La Comisi\u00f3n ha encargado ahora un informe, a partir de la cat\u00e1strofe de Angrois, del estado de la seguridad ferroviaria en Espa\u00f1a, algo que, seg\u00fan la eurodiputada a asturiana es necesario valora, aunque, lament\u00f3, \u00abel accidente quedar\u00e1 sin aclarar gracias al Gobierno de Espa\u00f1a\u00bb<\/p>\n<p>La reuni\u00f3n con la comisaria Bulc ha servido para conocer los antecedentes de la investigaci\u00f3n y para conocer la postura de la Comisi\u00f3n Europea. Lo que parece claro, seg\u00fan Vallina, es que la UE \u00abpas\u00f3 la pelota\u00bb al Gobierno espa\u00f1ol cuando pidi\u00f3 que se cambiara la composici\u00f3n de la CIAF para garantizar su independencia y solicit\u00f3 la reapertura de la investigaci\u00f3n por carta. De hecho, se hizo el cambio en la composici\u00f3n, aunque la CIAF se neg\u00f3 a reabrir la investigaci\u00f3n del accidente de tren en Angrois.<\/p>\n<p>Bulc hizo esta solicitud a la CIAF el pasado verano, en una carta en la que tambi\u00e9n anunciaba que hab\u00eda pedido a la Agencia Ferroviaria Europea la elaboraci\u00f3n de un informe sobre la seguridad de los ferrocarriles en la Uni\u00f3n Europea. \u201c<\/p>\n<p>Vallina ha agradecido la predisposici\u00f3n y la enorme implicaci\u00f3n que ha mostrado Bulc para conseguir que se haga una investigaci\u00f3n justa.mSin embargo, ha reclamado m\u00e1s medidas pues, seg\u00fan su criterio, el trabajo de la Comisi\u00f3n Europea no debe limitarse a velar por la independencia de la CIAF.<\/p>\n<p>La eurodiputada de IU, que espera que la comisi\u00f3n de investigaci\u00f3n que se ha organizado en el Congreso de los Diputados gracias a la propuesta de En Marea sirva para hacer justicia a las v\u00edctimas y se\u00f1alar a los responsables, seguir\u00e1 empujando para que desde la comisi\u00f3n de Peticiones de la Euroc\u00e1mara \u201cse atiendan las demandas de la plataforma\u201d de v\u00edctimas del accidente del Alvia.<\/p>\n","protected":false},"excerpt":{"rendered":"<p>La eurodiputada que se ha reunido con la comisar\u00eda Bulc espera que las v\u00edctimas vean atendidas su denuncias en la Comisi\u00f3n de Peticiones, a la vista de la falta de inter\u00e9s de, Gobierno Espa\u00f1ol en esclarecer el accidente ferroviario La eurodiputada \u00c1ngela Vallina reproch\u00f3 hoy la falta de sensibilidad del Gobierno y el Estado espa\u00f1ol [&hellip;]<\/p>\n","protected":false},"author":1,"featured_media":957401,"comment_status":"closed","ping_status":"closed","sticky":false,"template":"","format":"standard","meta":{"footnotes":""},"categories":[1],"tags":[],"class_list":["post-957400","post","type-post","status-publish","format-standard","has-post-thumbnail","hentry","category-actualidad"],"aioseo_notices":[],"aioseo_head":"\n\t\t<!-- All in One SEO Pro 5.0.1 - aioseo.com -->\n\t<meta name=\"description\" content=\"La eurodiputada que se ha reunido con la comisar\u00eda Bulc espera que las v\u00edctimas vean atendidas su denuncias en la Comisi\u00f3n de Peticiones, a la vista de la falta de inter\u00e9s de, Gobierno Espa\u00f1ol en esclarecer el accidente ferroviario La eurodiputada \u00c1ngela Vallina reproch\u00f3 hoy la falta de sensibilidad del Gobierno y el Estado espa\u00f1ol\" \/>\n\t<meta name=\"robots\" content=\"max-image-preview:large\" \/>\n\t<meta name=\"author\" content=\"El Digital de Asturias\"\/>\n\t<meta name=\"google-site-verification\" content=\"UA-38556648-1\" \/>\n\t<meta name=\"msvalidate.01\" content=\"7dfe9f3f1b24437ab69f4f2559babe99\" \/>\n\t<meta name=\"keywords\" content=\"actualidad\" \/>\n\t<link rel=\"canonical\" href=\"https:\/\/www.eldigitaldeasturias.com\/noticias\/vallina-insiste-en-la-necesidad-de-una-investigacion-independiente-que-aclare-el-accidente-de-angrois\/\" \/>\n\t<meta name=\"generator\" content=\"All in One SEO Pro (AIOSEO) 5.0.1\" \/>\n\t\t<meta property=\"og:locale\" content=\"es_ES\" \/>\n\t\t<meta property=\"og:site_name\" content=\"El Digital de Asturias\" \/>\n\t\t<meta property=\"og:type\" content=\"article\" \/>\n\t\t<meta property=\"og:title\" content=\"Vallina insiste en la necesidad de una investigaci\u00f3n independiente que aclare el accidente de Angrois - El Digital de Asturias\" \/>\n\t\t<meta property=\"og:description\" content=\"La eurodiputada que se ha reunido con la comisar\u00eda Bulc espera que las v\u00edctimas vean atendidas su denuncias en la Comisi\u00f3n de Peticiones, a la vista de la falta de inter\u00e9s de, Gobierno Espa\u00f1ol en esclarecer el accidente ferroviario La eurodiputada \u00c1ngela Vallina reproch\u00f3 hoy la falta de sensibilidad del Gobierno y el Estado espa\u00f1ol\" \/>\n\t\t<meta property=\"og:url\" content=\"https:\/\/www.eldigitaldeasturias.com\/noticias\/vallina-insiste-en-la-necesidad-de-una-investigacion-independiente-que-aclare-el-accidente-de-angrois\/\" \/>\n\t\t<meta property=\"article:tag\" content=\"actualidad\" \/>\n\t\t<meta property=\"article:published_time\" content=\"2017-10-24T20:52:28+00:00\" \/>\n\t\t<meta property=\"article:modified_time\" content=\"2017-10-24T20:52:28+00:00\" \/>\n\t\t<meta property=\"article:publisher\" content=\"https:\/\/facebook.com\/eldigitaldeasturias\" \/>\n\t\t<meta name=\"twitter:card\" content=\"summary_large_image\" \/>\n\t\t<meta name=\"twitter:title\" content=\"Vallina insiste en la necesidad de una investigaci\u00f3n independiente que aclare el accidente de Angrois - El Digital de Asturias\" \/>\n\t\t<meta name=\"twitter:description\" content=\"La eurodiputada que se ha reunido con la comisar\u00eda Bulc espera que las v\u00edctimas vean atendidas su denuncias en la Comisi\u00f3n de Peticiones, a la vista de la falta de inter\u00e9s de, Gobierno Espa\u00f1ol en esclarecer el accidente ferroviario La eurodiputada \u00c1ngela Vallina reproch\u00f3 hoy la falta de sensibilidad del Gobierno y el Estado espa\u00f1ol\" \/>\n\t\t<meta name=\"twitter:image\" content=\"https:\/\/www.eldigitaldeasturias.com\/noticias\/wp-content\/uploads\/2020\/12\/EDA-1.jpg\" \/>\n\t\t<meta name=\"twitter:label1\" content=\"Escrito por\" \/>\n\t\t<meta name=\"twitter:data1\" content=\"El Digital de Asturias\" \/>\n\t\t<meta name=\"twitter:label2\" content=\"Tiempo de lectura estimado\" \/>\n\t\t<meta name=\"twitter:data2\" content=\"3 minutos\" \/>\n\t\t<script type=\"application\/ld+json\" class=\"aioseo-schema\">\n\t\t\t{\"@context\":\"https:\\\/\\\/schema.org\",\"@graph\":[{\"@type\":\"BlogPosting\",\"@id\":\"https:\\\/\\\/www.eldigitaldeasturias.com\\\/noticias\\\/vallina-insiste-en-la-necesidad-de-una-investigacion-independiente-que-aclare-el-accidente-de-angrois\\\/#blogposting\",\"name\":\"Vallina insiste en la necesidad de una investigaci\\u00f3n independiente que aclare el accidente de Angrois - El Digital de Asturias\",\"headline\":\"Vallina insiste en la necesidad de una investigaci\\u00f3n independiente que aclare el accidente de Angrois\",\"author\":{\"@id\":\"https:\\\/\\\/www.eldigitaldeasturias.com\\\/noticias\\\/author\\\/admin\\\/#author\"},\"publisher\":{\"@id\":\"https:\\\/\\\/www.eldigitaldeasturias.com\\\/noticias\\\/#organization\"},\"image\":{\"@type\":\"ImageObject\",\"url\":957401},\"datePublished\":\"2017-10-24T20:52:28+02:00\",\"dateModified\":\"2017-10-24T20:52:28+02:00\",\"inLanguage\":\"es-ES\",\"mainEntityOfPage\":{\"@id\":\"https:\\\/\\\/www.eldigitaldeasturias.com\\\/noticias\\\/vallina-insiste-en-la-necesidad-de-una-investigacion-independiente-que-aclare-el-accidente-de-angrois\\\/#webpage\"},\"isPartOf\":{\"@id\":\"https:\\\/\\\/www.eldigitaldeasturias.com\\\/noticias\\\/vallina-insiste-en-la-necesidad-de-una-investigacion-independiente-que-aclare-el-accidente-de-angrois\\\/#webpage\"},\"articleSection\":\"Actualidad\"},{\"@type\":\"BreadcrumbList\",\"@id\":\"https:\\\/\\\/www.eldigitaldeasturias.com\\\/noticias\\\/vallina-insiste-en-la-necesidad-de-una-investigacion-independiente-que-aclare-el-accidente-de-angrois\\\/#breadcrumblist\",\"itemListElement\":[{\"@type\":\"ListItem\",\"@id\":\"https:\\\/\\\/www.eldigitaldeasturias.com\\\/noticias#listItem\",\"position\":1,\"name\":\"Home\",\"item\":\"https:\\\/\\\/www.eldigitaldeasturias.com\\\/noticias\",\"nextItem\":{\"@type\":\"ListItem\",\"@id\":\"https:\\\/\\\/www.eldigitaldeasturias.com\\\/noticias\\\/category\\\/actualidad\\\/#listItem\",\"name\":\"Actualidad\"}},{\"@type\":\"ListItem\",\"@id\":\"https:\\\/\\\/www.eldigitaldeasturias.com\\\/noticias\\\/category\\\/actualidad\\\/#listItem\",\"position\":2,\"name\":\"Actualidad\",\"item\":\"https:\\\/\\\/www.eldigitaldeasturias.com\\\/noticias\\\/category\\\/actualidad\\\/\",\"nextItem\":{\"@type\":\"ListItem\",\"@id\":\"https:\\\/\\\/www.eldigitaldeasturias.com\\\/noticias\\\/vallina-insiste-en-la-necesidad-de-una-investigacion-independiente-que-aclare-el-accidente-de-angrois\\\/#listItem\",\"name\":\"Vallina insiste en la necesidad de una investigaci\\u00f3n independiente que aclare el accidente de Angrois\"},\"previousItem\":{\"@type\":\"ListItem\",\"@id\":\"https:\\\/\\\/www.eldigitaldeasturias.com\\\/noticias#listItem\",\"name\":\"Home\"}},{\"@type\":\"ListItem\",\"@id\":\"https:\\\/\\\/www.eldigitaldeasturias.com\\\/noticias\\\/vallina-insiste-en-la-necesidad-de-una-investigacion-independiente-que-aclare-el-accidente-de-angrois\\\/#listItem\",\"position\":3,\"name\":\"Vallina insiste en la necesidad de una investigaci\\u00f3n independiente que aclare el accidente de Angrois\",\"previousItem\":{\"@type\":\"ListItem\",\"@id\":\"https:\\\/\\\/www.eldigitaldeasturias.com\\\/noticias\\\/category\\\/actualidad\\\/#listItem\",\"name\":\"Actualidad\"}}]},{\"@type\":\"Organization\",\"@id\":\"https:\\\/\\\/www.eldigitaldeasturias.com\\\/noticias\\\/#organization\",\"name\":\"El Digital de Asturias\",\"description\":\"Hemeroteca\",\"url\":\"https:\\\/\\\/www.eldigitaldeasturias.com\\\/noticias\\\/\",\"email\":\"info@eldigitaldeasturias.com\",\"telephone\":\"+34652131393\",\"logo\":{\"@type\":\"ImageObject\",\"url\":\"https:\\\/\\\/www.eldigitaldeasturias.com\\\/noticias\\\/wp-content\\\/uploads\\\/2020\\\/12\\\/EDA.jpg\",\"@id\":\"https:\\\/\\\/www.eldigitaldeasturias.com\\\/noticias\\\/vallina-insiste-en-la-necesidad-de-una-investigacion-independiente-que-aclare-el-accidente-de-angrois\\\/#organizationLogo\"},\"image\":{\"@id\":\"https:\\\/\\\/www.eldigitaldeasturias.com\\\/noticias\\\/vallina-insiste-en-la-necesidad-de-una-investigacion-independiente-que-aclare-el-accidente-de-angrois\\\/#organizationLogo\"},\"sameAs\":[\"https:\\\/\\\/facebook.com\\\/eldigitaldeasturias\",\"https:\\\/\\\/www.youtube.com\\\/channel\\\/UCZP-2wLEB9Rv6erhFmqVnvg\"],\"address\":{\"@id\":\"https:\\\/\\\/www.eldigitaldeasturias.com\\\/noticias\\\/#postaladdress\",\"@type\":\"PostalAddress\",\"streetAddress\":\"san antonio 4\",\"postalCode\":\"33430\",\"addressLocality\":\"Cand\\u00e1s\",\"addressRegion\":\"Asturias\",\"addressCountry\":\"ES\"}},{\"@type\":\"Person\",\"@id\":\"https:\\\/\\\/www.eldigitaldeasturias.com\\\/noticias\\\/author\\\/admin\\\/#author\",\"url\":\"https:\\\/\\\/www.eldigitaldeasturias.com\\\/noticias\\\/author\\\/admin\\\/\",\"name\":\"El Digital de Asturias\",\"image\":{\"@type\":\"ImageObject\",\"@id\":\"https:\\\/\\\/www.eldigitaldeasturias.com\\\/noticias\\\/vallina-insiste-en-la-necesidad-de-una-investigacion-independiente-que-aclare-el-accidente-de-angrois\\\/#authorImage\",\"url\":\"https:\\\/\\\/secure.gravatar.com\\\/avatar\\\/df2aeffc32bcd13f8d26072ef8a91b623d677766deac7f97ca815868cd41bf5e?s=96&d=mm&r=g\",\"width\":96,\"height\":96,\"caption\":\"El Digital de Asturias\"}},{\"@type\":\"WebPage\",\"@id\":\"https:\\\/\\\/www.eldigitaldeasturias.com\\\/noticias\\\/vallina-insiste-en-la-necesidad-de-una-investigacion-independiente-que-aclare-el-accidente-de-angrois\\\/#webpage\",\"url\":\"https:\\\/\\\/www.eldigitaldeasturias.com\\\/noticias\\\/vallina-insiste-en-la-necesidad-de-una-investigacion-independiente-que-aclare-el-accidente-de-angrois\\\/\",\"name\":\"Vallina insiste en la necesidad de una investigaci\\u00f3n independiente que aclare el accidente de Angrois - El Digital de Asturias\",\"description\":\"La eurodiputada que se ha reunido con la comisar\\u00eda Bulc espera que las v\\u00edctimas vean atendidas su denuncias en la Comisi\\u00f3n de Peticiones, a la vista de la falta de inter\\u00e9s de, Gobierno Espa\\u00f1ol en esclarecer el accidente ferroviario La eurodiputada \\u00c1ngela Vallina reproch\\u00f3 hoy la falta de sensibilidad del Gobierno y el Estado espa\\u00f1ol\",\"inLanguage\":\"es-ES\",\"isPartOf\":{\"@id\":\"https:\\\/\\\/www.eldigitaldeasturias.com\\\/noticias\\\/#website\"},\"breadcrumb\":{\"@id\":\"https:\\\/\\\/www.eldigitaldeasturias.com\\\/noticias\\\/vallina-insiste-en-la-necesidad-de-una-investigacion-independiente-que-aclare-el-accidente-de-angrois\\\/#breadcrumblist\"},\"author\":{\"@id\":\"https:\\\/\\\/www.eldigitaldeasturias.com\\\/noticias\\\/author\\\/admin\\\/#author\"},\"creator\":{\"@id\":\"https:\\\/\\\/www.eldigitaldeasturias.com\\\/noticias\\\/author\\\/admin\\\/#author\"},\"image\":{\"@type\":\"ImageObject\",\"url\":957401,\"@id\":\"https:\\\/\\\/www.eldigitaldeasturias.com\\\/noticias\\\/vallina-insiste-en-la-necesidad-de-una-investigacion-independiente-que-aclare-el-accidente-de-angrois\\\/#mainImage\"},\"primaryImageOfPage\":{\"@id\":\"https:\\\/\\\/www.eldigitaldeasturias.com\\\/noticias\\\/vallina-insiste-en-la-necesidad-de-una-investigacion-independiente-que-aclare-el-accidente-de-angrois\\\/#mainImage\"},\"datePublished\":\"2017-10-24T20:52:28+02:00\",\"dateModified\":\"2017-10-24T20:52:28+02:00\"},{\"@type\":\"WebSite\",\"@id\":\"https:\\\/\\\/www.eldigitaldeasturias.com\\\/noticias\\\/#website\",\"url\":\"https:\\\/\\\/www.eldigitaldeasturias.com\\\/noticias\\\/\",\"name\":\"El Digital de Asturias - Diario de actualidad y noticias\",\"alternateName\":\"El Digital de Asturias - Diario de actualidad y noticias\",\"description\":\"Hemeroteca\",\"inLanguage\":\"es-ES\",\"publisher\":{\"@id\":\"https:\\\/\\\/www.eldigitaldeasturias.com\\\/noticias\\\/#organization\"}}]}\n\t\t<\/script>\n\t\t<!-- All in One SEO Pro -->\r\n\t\t<title>Vallina insiste en la necesidad de una investigaci\u00f3n independiente que aclare el accidente de Angrois - El Digital de Asturias<\/title>\n\n","aioseo_head_json":{"title":"Vallina insiste en la necesidad de una investigaci\u00f3n independiente que aclare el accidente de Angrois - El Digital de Asturias","description":"La eurodiputada que se ha reunido con la comisar\u00eda Bulc espera que las v\u00edctimas vean atendidas su denuncias en la Comisi\u00f3n de Peticiones, a la vista de la falta de inter\u00e9s de, Gobierno Espa\u00f1ol en esclarecer el accidente ferroviario La eurodiputada \u00c1ngela Vallina reproch\u00f3 hoy la falta de sensibilidad del Gobierno y el Estado espa\u00f1ol","canonical_url":"https:\/\/www.eldigitaldeasturias.com\/noticias\/vallina-insiste-en-la-necesidad-de-una-investigacion-independiente-que-aclare-el-accidente-de-angrois\/","robots":"max-image-preview:large","keywords":"actualidad","webmasterTools":{"google-site-verification":"UA-38556648-1","msvalidate.01":"7dfe9f3f1b24437ab69f4f2559babe99","miscellaneous":""},"schema":{"@context":"https:\/\/schema.org","@graph":[{"@type":"BlogPosting","@id":"https:\/\/www.eldigitaldeasturias.com\/noticias\/vallina-insiste-en-la-necesidad-de-una-investigacion-independiente-que-aclare-el-accidente-de-angrois\/#blogposting","name":"Vallina insiste en la necesidad de una investigaci\u00f3n independiente que aclare el accidente de Angrois - El Digital de Asturias","headline":"Vallina insiste en la necesidad de una investigaci\u00f3n independiente que aclare el accidente de Angrois","author":{"@id":"https:\/\/www.eldigitaldeasturias.com\/noticias\/author\/admin\/#author"},"publisher":{"@id":"https:\/\/www.eldigitaldeasturias.com\/noticias\/#organization"},"image":{"@type":"ImageObject","url":957401},"datePublished":"2017-10-24T20:52:28+02:00","dateModified":"2017-10-24T20:52:28+02:00","inLanguage":"es-ES","mainEntityOfPage":{"@id":"https:\/\/www.eldigitaldeasturias.com\/noticias\/vallina-insiste-en-la-necesidad-de-una-investigacion-independiente-que-aclare-el-accidente-de-angrois\/#webpage"},"isPartOf":{"@id":"https:\/\/www.eldigitaldeasturias.com\/noticias\/vallina-insiste-en-la-necesidad-de-una-investigacion-independiente-que-aclare-el-accidente-de-angrois\/#webpage"},"articleSection":"Actualidad"},{"@type":"BreadcrumbList","@id":"https:\/\/www.eldigitaldeasturias.com\/noticias\/vallina-insiste-en-la-necesidad-de-una-investigacion-independiente-que-aclare-el-accidente-de-angrois\/#breadcrumblist","itemListElement":[{"@type":"ListItem","@id":"https:\/\/www.eldigitaldeasturias.com\/noticias#listItem","position":1,"name":"Home","item":"https:\/\/www.eldigitaldeasturias.com\/noticias","nextItem":{"@type":"ListItem","@id":"https:\/\/www.eldigitaldeasturias.com\/noticias\/category\/actualidad\/#listItem","name":"Actualidad"}},{"@type":"ListItem","@id":"https:\/\/www.eldigitaldeasturias.com\/noticias\/category\/actualidad\/#listItem","position":2,"name":"Actualidad","item":"https:\/\/www.eldigitaldeasturias.com\/noticias\/category\/actualidad\/","nextItem":{"@type":"ListItem","@id":"https:\/\/www.eldigitaldeasturias.com\/noticias\/vallina-insiste-en-la-necesidad-de-una-investigacion-independiente-que-aclare-el-accidente-de-angrois\/#listItem","name":"Vallina insiste en la necesidad de una investigaci\u00f3n independiente que aclare el accidente de Angrois"},"previousItem":{"@type":"ListItem","@id":"https:\/\/www.eldigitaldeasturias.com\/noticias#listItem","name":"Home"}},{"@type":"ListItem","@id":"https:\/\/www.eldigitaldeasturias.com\/noticias\/vallina-insiste-en-la-necesidad-de-una-investigacion-independiente-que-aclare-el-accidente-de-angrois\/#listItem","position":3,"name":"Vallina insiste en la necesidad de una investigaci\u00f3n independiente que aclare el accidente de Angrois","previousItem":{"@type":"ListItem","@id":"https:\/\/www.eldigitaldeasturias.com\/noticias\/category\/actualidad\/#listItem","name":"Actualidad"}}]},{"@type":"Organization","@id":"https:\/\/www.eldigitaldeasturias.com\/noticias\/#organization","name":"El Digital de Asturias","description":"Hemeroteca","url":"https:\/\/www.eldigitaldeasturias.com\/noticias\/","email":"info@eldigitaldeasturias.com","telephone":"+34652131393","logo":{"@type":"ImageObject","url":"https:\/\/www.eldigitaldeasturias.com\/noticias\/wp-content\/uploads\/2020\/12\/EDA.jpg","@id":"https:\/\/www.eldigitaldeasturias.com\/noticias\/vallina-insiste-en-la-necesidad-de-una-investigacion-independiente-que-aclare-el-accidente-de-angrois\/#organizationLogo"},"image":{"@id":"https:\/\/www.eldigitaldeasturias.com\/noticias\/vallina-insiste-en-la-necesidad-de-una-investigacion-independiente-que-aclare-el-accidente-de-angrois\/#organizationLogo"},"sameAs":["https:\/\/facebook.com\/eldigitaldeasturias","https:\/\/www.youtube.com\/channel\/UCZP-2wLEB9Rv6erhFmqVnvg"],"address":{"@id":"https:\/\/www.eldigitaldeasturias.com\/noticias\/#postaladdress","@type":"PostalAddress","streetAddress":"san antonio 4","postalCode":"33430","addressLocality":"Cand\u00e1s","addressRegion":"Asturias","addressCountry":"ES"}},{"@type":"Person","@id":"https:\/\/www.eldigitaldeasturias.com\/noticias\/author\/admin\/#author","url":"https:\/\/www.eldigitaldeasturias.com\/noticias\/author\/admin\/","name":"El Digital de Asturias","image":{"@type":"ImageObject","@id":"https:\/\/www.eldigitaldeasturias.com\/noticias\/vallina-insiste-en-la-necesidad-de-una-investigacion-independiente-que-aclare-el-accidente-de-angrois\/#authorImage","url":"https:\/\/secure.gravatar.com\/avatar\/df2aeffc32bcd13f8d26072ef8a91b623d677766deac7f97ca815868cd41bf5e?s=96&d=mm&r=g","width":96,"height":96,"caption":"El Digital de Asturias"}},{"@type":"WebPage","@id":"https:\/\/www.eldigitaldeasturias.com\/noticias\/vallina-insiste-en-la-necesidad-de-una-investigacion-independiente-que-aclare-el-accidente-de-angrois\/#webpage","url":"https:\/\/www.eldigitaldeasturias.com\/noticias\/vallina-insiste-en-la-necesidad-de-una-investigacion-independiente-que-aclare-el-accidente-de-angrois\/","name":"Vallina insiste en la necesidad de una investigaci\u00f3n independiente que aclare el accidente de Angrois - El Digital de Asturias","description":"La eurodiputada que se ha reunido con la comisar\u00eda Bulc espera que las v\u00edctimas vean atendidas su denuncias en la Comisi\u00f3n de Peticiones, a la vista de la falta de inter\u00e9s de, Gobierno Espa\u00f1ol en esclarecer el accidente ferroviario La eurodiputada \u00c1ngela Vallina reproch\u00f3 hoy la falta de sensibilidad del Gobierno y el Estado espa\u00f1ol","inLanguage":"es-ES","isPartOf":{"@id":"https:\/\/www.eldigitaldeasturias.com\/noticias\/#website"},"breadcrumb":{"@id":"https:\/\/www.eldigitaldeasturias.com\/noticias\/vallina-insiste-en-la-necesidad-de-una-investigacion-independiente-que-aclare-el-accidente-de-angrois\/#breadcrumblist"},"author":{"@id":"https:\/\/www.eldigitaldeasturias.com\/noticias\/author\/admin\/#author"},"creator":{"@id":"https:\/\/www.eldigitaldeasturias.com\/noticias\/author\/admin\/#author"},"image":{"@type":"ImageObject","url":957401,"@id":"https:\/\/www.eldigitaldeasturias.com\/noticias\/vallina-insiste-en-la-necesidad-de-una-investigacion-independiente-que-aclare-el-accidente-de-angrois\/#mainImage"},"primaryImageOfPage":{"@id":"https:\/\/www.eldigitaldeasturias.com\/noticias\/vallina-insiste-en-la-necesidad-de-una-investigacion-independiente-que-aclare-el-accidente-de-angrois\/#mainImage"},"datePublished":"2017-10-24T20:52:28+02:00","dateModified":"2017-10-24T20:52:28+02:00"},{"@type":"WebSite","@id":"https:\/\/www.eldigitaldeasturias.com\/noticias\/#website","url":"https:\/\/www.eldigitaldeasturias.com\/noticias\/","name":"El Digital de Asturias - Diario de actualidad y noticias","alternateName":"El Digital de Asturias - Diario de actualidad y noticias","description":"Hemeroteca","inLanguage":"es-ES","publisher":{"@id":"https:\/\/www.eldigitaldeasturias.com\/noticias\/#organization"}}]},"og:locale":"es_ES","og:site_name":"El Digital de Asturias","og:type":"article","og:title":"Vallina insiste en la necesidad de una investigaci\u00f3n independiente que aclare el accidente de Angrois - El Digital de Asturias","og:description":"La eurodiputada que se ha reunido con la comisar\u00eda Bulc espera que las v\u00edctimas vean atendidas su denuncias en la Comisi\u00f3n de Peticiones, a la vista de la falta de inter\u00e9s de, Gobierno Espa\u00f1ol en esclarecer el accidente ferroviario La eurodiputada \u00c1ngela Vallina reproch\u00f3 hoy la falta de sensibilidad del Gobierno y el Estado espa\u00f1ol","og:url":"https:\/\/www.eldigitaldeasturias.com\/noticias\/vallina-insiste-en-la-necesidad-de-una-investigacion-independiente-que-aclare-el-accidente-de-angrois\/","article:tag":["actualidad"],"article:published_time":"2017-10-24T20:52:28+00:00","article:modified_time":"2017-10-24T20:52:28+00:00","article:publisher":"https:\/\/facebook.com\/eldigitaldeasturias","twitter:card":"summary_large_image","twitter:title":"Vallina insiste en la necesidad de una investigaci\u00f3n independiente que aclare el accidente de Angrois - El Digital de Asturias","twitter:description":"La eurodiputada que se ha reunido con la comisar\u00eda Bulc espera que las v\u00edctimas vean atendidas su denuncias en la Comisi\u00f3n de Peticiones, a la vista de la falta de inter\u00e9s de, Gobierno Espa\u00f1ol en esclarecer el accidente ferroviario La eurodiputada \u00c1ngela Vallina reproch\u00f3 hoy la falta de sensibilidad del Gobierno y el Estado espa\u00f1ol","twitter:image":"https:\/\/www.eldigitaldeasturias.com\/noticias\/wp-content\/uploads\/2020\/12\/EDA-1.jpg","twitter:label1":"Escrito por","twitter:data1":"El Digital de Asturias","twitter:label2":"Tiempo de lectura estimado","twitter:data2":"3 minutos"},"aioseo_meta_data":{"post_id":"957400","title":null,"description":null,"keywords":null,"keyphrases":null,"primary_term":null,"canonical_url":null,"og_title":null,"og_description":null,"og_object_type":"default","og_image_type":"default","og_image_url":null,"og_image_width":null,"og_image_height":null,"og_image_custom_url":null,"og_image_custom_fields":null,"og_video":null,"og_custom_url":null,"og_article_section":null,"og_article_tags":null,"twitter_use_og":false,"twitter_card":"default","twitter_image_type":"default","twitter_image_url":null,"twitter_image_custom_url":null,"twitter_image_custom_fields":null,"twitter_title":null,"twitter_description":null,"schema":{"blockGraphs":[],"customGraphs":[],"default":{"data":{"Article":[],"Course":[],"Dataset":[],"FAQPage":[],"Movie":[],"Person":[],"Product":[],"ProductReview":[],"Car":[],"Recipe":[],"Service":[],"SoftwareApplication":[],"WebPage":[]},"graphName":"","isEnabled":true},"graphs":[],"defaultGraph":"","defaultPostTypeGraph":""},"schema_type":null,"schema_type_options":null,"pillar_content":false,"robots_default":true,"robots_noindex":false,"robots_noarchive":false,"robots_nosnippet":false,"robots_nofollow":false,"robots_noimageindex":false,"robots_noodp":false,"robots_notranslate":false,"robots_max_snippet":null,"robots_max_videopreview":null,"robots_max_imagepreview":"large","priority":null,"frequency":null,"local_seo":null,"seo_analyzer_scan_date":"2025-12-06 17:18:08","breadcrumb_settings":null,"limit_modified_date":false,"open_ai":null,"ai":null,"created":"2020-12-21 11:12:23","updated":"2025-12-06 17:18:08","focus_keyword":null,"additional_keywords":null,"truseo_locale":null},"aioseo_breadcrumb":"<div class=\"aioseo-breadcrumbs\"><span class=\"aioseo-breadcrumb\">\n\t<a href=\"https:\/\/www.eldigitaldeasturias.com\/noticias\" title=\"Home\">Home<\/a>\n<\/span><span class=\"aioseo-breadcrumb-separator\">\u2013<\/span><span class=\"aioseo-breadcrumb\">\n\t<a href=\"https:\/\/www.eldigitaldeasturias.com\/noticias\/category\/actualidad\/\" title=\"Actualidad\">Actualidad<\/a>\n<\/span><span class=\"aioseo-breadcrumb-separator\">\u2013<\/span><span class=\"aioseo-breadcrumb\">\n\t<a href=\"https:\/\/www.eldigitaldeasturias.com\/noticias\/vallina-insiste-en-la-necesidad-de-una-investigacion-independiente-que-aclare-el-accidente-de-angrois\/\" title=\"Vallina insiste en la necesidad de una investigaci\u00f3n independiente que aclare el accidente de Angrois\">Vallina insiste en la necesidad de una investigaci\u00f3n independiente que aclare el accidente de Angrois<\/a>\n<\/span><\/div>","aioseo_breadcrumb_json":[{"label":"Home","link":"https:\/\/www.eldigitaldeasturias.com\/noticias"},{"label":"Actualidad","link":"https:\/\/www.eldigitaldeasturias.com\/noticias\/category\/actualidad\/"},{"label":"Vallina insiste en la necesidad de una investigaci\u00f3n independiente que aclare el accidente de Angrois","link":"https:\/\/www.eldigitaldeasturias.com\/noticias\/vallina-insiste-en-la-necesidad-de-una-investigacion-independiente-que-aclare-el-accidente-de-angrois\/"}],"_links":{"self":[{"href":"https:\/\/www.eldigitaldeasturias.com\/noticias\/wp-json\/wp\/v2\/posts\/957400","targetHints":{"allow":["GET"]}}],"collection":[{"href":"https:\/\/www.eldigitaldeasturias.com\/noticias\/wp-json\/wp\/v2\/posts"}],"about":[{"href":"https:\/\/www.eldigitaldeasturias.com\/noticias\/wp-json\/wp\/v2\/types\/post"}],"author":[{"embeddable":true,"href":"https:\/\/www.eldigitaldeasturias.com\/noticias\/wp-json\/wp\/v2\/users\/1"}],"replies":[{"embeddable":true,"href":"https:\/\/www.eldigitaldeasturias.com\/noticias\/wp-json\/wp\/v2\/comments?post=957400"}],"version-history":[{"count":0,"href":"https:\/\/www.eldigitaldeasturias.com\/noticias\/wp-json\/wp\/v2\/posts\/957400\/revisions"}],"wp:attachment":[{"href":"https:\/\/www.eldigitaldeasturias.com\/noticias\/wp-json\/wp\/v2\/media?parent=957400"}],"wp:term":[{"taxonomy":"category","embeddable":true,"href":"https:\/\/www.eldigitaldeasturias.com\/noticias\/wp-json\/wp\/v2\/categories?post=957400"},{"taxonomy":"post_tag","embeddable":true,"href":"https:\/\/www.eldigitaldeasturias.com\/noticias\/wp-json\/wp\/v2\/tags?post=957400"}],"curies":[{"name":"wp","href":"https:\/\/api.w.org\/{rel}","templated":true}]}}