{"id":957362,"date":"2017-10-24T17:49:31","date_gmt":"2017-10-24T17:49:31","guid":{"rendered":"http:\/\/www.eldigitaldeasturias.com\/noticias\/?p=957362"},"modified":"2017-10-24T17:49:31","modified_gmt":"2017-10-24T17:49:31","slug":"catala-reafirma-el-compromiso-firme-del-gobierno-contra-el-radicalismo-y-el-discurso-del-odio","status":"publish","type":"post","link":"https:\/\/www.eldigitaldeasturias.com\/noticias\/catala-reafirma-el-compromiso-firme-del-gobierno-contra-el-radicalismo-y-el-discurso-del-odio\/","title":{"rendered":"Catal\u00e1 reafirma el compromiso firme del Gobierno contra el radicalismo y el discurso del odio"},"content":{"rendered":"<p><img loading=\"lazy\" decoding=\"async\" class=\"alignleft size-medium wp-image-957363\" src=\"https:\/\/www.eldigitaldeasturias.com\/noticias\/wp-content\/uploads\/2017\/10\/241017_zoidocatala-360x239.jpg\" alt=\"\" width=\"360\" height=\"239\" \/>El ministro de Justicia, Rafael Catal\u00e1, ha subrayado el firme compromiso del Gobierno en la lucha contra el radicalismo y el discurso del odio durante la presentaci\u00f3n del proyecto Somos m\u00e1s, contra el odio y el radicalismo, en la que ha reivindicado como muestra de esa responsabilidad las \u00faltimas reformas llevadas a cabo en la legislaci\u00f3n espa\u00f1ola que la sit\u00faan en la vanguardia en esta materia.<\/p>\n<p>\u200bDurante la presentaci\u00f3n de esta iniciativa -en la que tambi\u00e9n han participado el ministro del Interior, Juan Ignacio Zoido, y los ministerios de Educaci\u00f3n, Cultura y Deporte, Empleo y Seguridad Social, y Sanidad, Servicios Sociales e Igualdad-, Catal\u00e1 se ha referido al impulso dado por nuestro pa\u00eds a la Resoluci\u00f3n del Consejo de Seguridad de Naciones Unidas sobre Cooperaci\u00f3n Judicial Internacional en materia de Terrorismo que promueve que los Estados contrarresten la propaganda extremista y la incitaci\u00f3n al odio en Internet.<\/p>\n<p>Asimismo, ha mencionado la Resoluci\u00f3n del Consejo de Seguridad de Naciones Unidas sobre Implantaci\u00f3n de un Marco Integral Internacional para luchar contra las narrativas terroristas que subraya el protagonismo de los medios de comunicaci\u00f3n y de la sociedad civil en el fomento de un entorno que favorezca el di\u00e1logo y la tolerancia.<\/p>\n<p>El titular de Justicia ha destacado las reformas legislativas en materia procesal y penal abordadas durante los \u00faltimos a\u00f1os dirigidas a paliar la ausencia de algunos tipos delictivos y situaciones propias de la realidad del siglo XXI. Es el caso de la lucha contra la ciberdelincuencia, que con las mejoras del C\u00f3digo Penal y de la Ley de Enjuiciamiento Criminal aprobadas en el a\u00f1o 2015, consiguieron hacer de nuestra legislaci\u00f3n una de las m\u00e1s avanzadas de todo el mundo en esta materia.<\/p>\n<p>Igualmente, Catal\u00e1 ha destacado la importancia de las pol\u00edticas en materia de ciberseguridad y concienciaci\u00f3n ciudadana que debe empezar en edades tempranas. El ministro se ha mostrado convencido de que el discurso del odio junto con el radicalismo violento pueden desembocar en actos de terrorismo, lo que constituye actualmente la amenaza m\u00e1s grave para la seguridad mundial. Por eso, ha dicho, la lucha contra esos fen\u00f3menos incumbe a todos los sectores de la sociedad y no solo al Estado y las instituciones.<\/p>\n<p>En este \u00e1mbito, iniciativas como la que se ha presentado encajan en las propuestas de Naciones Unidas apoyadas por Espa\u00f1a y cobran especial importancia ya que, aunque el discurso del odio y el radicalismo no son nuevas realidades, las inmensas capacidades de propagaci\u00f3n instant\u00e1nea a trav\u00e9s de las nuevas tecnolog\u00edas han llegado a convertirlos en amenazas visibles para las sociedades democr\u00e1ticas.<\/p>\n<p>Por eso, el proyecto Somos M\u00e1s, contra el odio y el radicalismo, en el que participan Google y Youtube, la Red Aware, el Aula Intercultural de UGT-FeSP y la ONG J\u00f3venes y Desarrollo, se dirige a los j\u00f3venes y adolescentes, involucrando directamente a dos de los actores que influyen de manera m\u00e1s notable en su formaci\u00f3n, como son los educadores de los centros escolares y ciertos youtubers de gran popularidad que se han distinguido por su compromiso en la lucha contra el racismo, la xenofobia y la radicalizaci\u00f3n.<\/p>\n<p>Esta iniciativa consistir\u00e1 en la formaci\u00f3n de m\u00e1s de 28.000 ni\u00f1os y adolescentes de entre 14 y 20 a\u00f1os de edad a trav\u00e9s de talleres en escuelas y centros de todo el pa\u00eds que estar\u00e1n a cargo de Aula Intercultural de UGT-FeSP y de la ONG J\u00f3venes y Desarrollo. La actividad educativa concluir\u00e1 con un concurso, cuyos ganadores viajar\u00e1n a conocer el YouTube Space de Londres.<\/p>\n<p>Asimismo, Somos M\u00e1s contempla durante 2018 la realizaci\u00f3n de una campa\u00f1a de difusi\u00f3n en la que participar\u00e1n de forma activa creadores de YouTube que producir\u00e1n contenido y ayudar\u00e1n a amplificar mensajes positivos para paliar el discurso del odio en Internet, espec\u00edficamente en temas como el radicalismo violento, el racismo, la xenofobia, el sexismo y la homofobia.<\/p>\n","protected":false},"excerpt":{"rendered":"<p>El ministro de Justicia, Rafael Catal\u00e1, ha subrayado el firme compromiso del Gobierno en la lucha contra el radicalismo y el discurso del odio durante la presentaci\u00f3n del proyecto Somos m\u00e1s, contra el odio y el radicalismo, en la que ha reivindicado como muestra de esa responsabilidad las \u00faltimas reformas llevadas a cabo en la [&hellip;]<\/p>\n","protected":false},"author":1,"featured_media":957363,"comment_status":"closed","ping_status":"closed","sticky":false,"template":"","format":"standard","meta":{"footnotes":""},"categories":[1],"tags":[],"class_list":["post-957362","post","type-post","status-publish","format-standard","has-post-thumbnail","hentry","category-actualidad"],"aioseo_notices":[],"aioseo_head":"\n\t\t<!-- All in One SEO Pro 5.0.1 - aioseo.com -->\n\t<meta name=\"description\" content=\"El ministro de Justicia, Rafael Catal\u00e1, ha subrayado el firme compromiso del Gobierno en la lucha contra el radicalismo y el discurso del odio durante la presentaci\u00f3n del proyecto Somos m\u00e1s, contra el odio y el radicalismo, en la que ha reivindicado como muestra de esa responsabilidad las \u00faltimas reformas llevadas a cabo en la\" \/>\n\t<meta name=\"robots\" content=\"max-image-preview:large\" \/>\n\t<meta name=\"author\" content=\"El Digital de Asturias\"\/>\n\t<meta name=\"google-site-verification\" content=\"UA-38556648-1\" \/>\n\t<meta name=\"msvalidate.01\" content=\"7dfe9f3f1b24437ab69f4f2559babe99\" \/>\n\t<meta name=\"keywords\" content=\"actualidad\" \/>\n\t<link rel=\"canonical\" href=\"https:\/\/www.eldigitaldeasturias.com\/noticias\/catala-reafirma-el-compromiso-firme-del-gobierno-contra-el-radicalismo-y-el-discurso-del-odio\/\" \/>\n\t<meta name=\"generator\" content=\"All in One SEO Pro (AIOSEO) 5.0.1\" \/>\n\t\t<meta property=\"og:locale\" content=\"es_ES\" \/>\n\t\t<meta property=\"og:site_name\" content=\"El Digital de Asturias\" \/>\n\t\t<meta property=\"og:type\" content=\"article\" \/>\n\t\t<meta property=\"og:title\" content=\"Catal\u00e1 reafirma el compromiso firme del Gobierno contra el radicalismo y el discurso del odio - El Digital de Asturias\" \/>\n\t\t<meta property=\"og:description\" content=\"El ministro de Justicia, Rafael Catal\u00e1, ha subrayado el firme compromiso del Gobierno en la lucha contra el radicalismo y el discurso del odio durante la presentaci\u00f3n del proyecto Somos m\u00e1s, contra el odio y el radicalismo, en la que ha reivindicado como muestra de esa responsabilidad las \u00faltimas reformas llevadas a cabo en la\" \/>\n\t\t<meta property=\"og:url\" content=\"https:\/\/www.eldigitaldeasturias.com\/noticias\/catala-reafirma-el-compromiso-firme-del-gobierno-contra-el-radicalismo-y-el-discurso-del-odio\/\" \/>\n\t\t<meta property=\"article:tag\" content=\"actualidad\" \/>\n\t\t<meta property=\"article:published_time\" content=\"2017-10-24T17:49:31+00:00\" \/>\n\t\t<meta property=\"article:modified_time\" content=\"2017-10-24T17:49:31+00:00\" \/>\n\t\t<meta property=\"article:publisher\" content=\"https:\/\/facebook.com\/eldigitaldeasturias\" \/>\n\t\t<meta name=\"twitter:card\" content=\"summary_large_image\" \/>\n\t\t<meta name=\"twitter:title\" content=\"Catal\u00e1 reafirma el compromiso firme del Gobierno contra el radicalismo y el discurso del odio - El Digital de Asturias\" \/>\n\t\t<meta name=\"twitter:description\" content=\"El ministro de Justicia, Rafael Catal\u00e1, ha subrayado el firme compromiso del Gobierno en la lucha contra el radicalismo y el discurso del odio durante la presentaci\u00f3n del proyecto Somos m\u00e1s, contra el odio y el radicalismo, en la que ha reivindicado como muestra de esa responsabilidad las \u00faltimas reformas llevadas a cabo en la\" \/>\n\t\t<meta name=\"twitter:image\" content=\"https:\/\/www.eldigitaldeasturias.com\/noticias\/wp-content\/uploads\/2020\/12\/EDA-1.jpg\" \/>\n\t\t<meta name=\"twitter:label1\" content=\"Escrito por\" \/>\n\t\t<meta name=\"twitter:data1\" content=\"El Digital de Asturias\" \/>\n\t\t<meta name=\"twitter:label2\" content=\"Tiempo de lectura estimado\" \/>\n\t\t<meta name=\"twitter:data2\" content=\"3 minutos\" \/>\n\t\t<script type=\"application\/ld+json\" class=\"aioseo-schema\">\n\t\t\t{\"@context\":\"https:\\\/\\\/schema.org\",\"@graph\":[{\"@type\":\"BlogPosting\",\"@id\":\"https:\\\/\\\/www.eldigitaldeasturias.com\\\/noticias\\\/catala-reafirma-el-compromiso-firme-del-gobierno-contra-el-radicalismo-y-el-discurso-del-odio\\\/#blogposting\",\"name\":\"Catal\\u00e1 reafirma el compromiso firme del Gobierno contra el radicalismo y el discurso del odio - El Digital de Asturias\",\"headline\":\"Catal\\u00e1 reafirma el compromiso firme del Gobierno contra el radicalismo y el discurso del odio\",\"author\":{\"@id\":\"https:\\\/\\\/www.eldigitaldeasturias.com\\\/noticias\\\/author\\\/admin\\\/#author\"},\"publisher\":{\"@id\":\"https:\\\/\\\/www.eldigitaldeasturias.com\\\/noticias\\\/#organization\"},\"image\":{\"@type\":\"ImageObject\",\"url\":957363},\"datePublished\":\"2017-10-24T17:49:31+02:00\",\"dateModified\":\"2017-10-24T17:49:31+02:00\",\"inLanguage\":\"es-ES\",\"mainEntityOfPage\":{\"@id\":\"https:\\\/\\\/www.eldigitaldeasturias.com\\\/noticias\\\/catala-reafirma-el-compromiso-firme-del-gobierno-contra-el-radicalismo-y-el-discurso-del-odio\\\/#webpage\"},\"isPartOf\":{\"@id\":\"https:\\\/\\\/www.eldigitaldeasturias.com\\\/noticias\\\/catala-reafirma-el-compromiso-firme-del-gobierno-contra-el-radicalismo-y-el-discurso-del-odio\\\/#webpage\"},\"articleSection\":\"Actualidad\"},{\"@type\":\"BreadcrumbList\",\"@id\":\"https:\\\/\\\/www.eldigitaldeasturias.com\\\/noticias\\\/catala-reafirma-el-compromiso-firme-del-gobierno-contra-el-radicalismo-y-el-discurso-del-odio\\\/#breadcrumblist\",\"itemListElement\":[{\"@type\":\"ListItem\",\"@id\":\"https:\\\/\\\/www.eldigitaldeasturias.com\\\/noticias#listItem\",\"position\":1,\"name\":\"Home\",\"item\":\"https:\\\/\\\/www.eldigitaldeasturias.com\\\/noticias\",\"nextItem\":{\"@type\":\"ListItem\",\"@id\":\"https:\\\/\\\/www.eldigitaldeasturias.com\\\/noticias\\\/category\\\/actualidad\\\/#listItem\",\"name\":\"Actualidad\"}},{\"@type\":\"ListItem\",\"@id\":\"https:\\\/\\\/www.eldigitaldeasturias.com\\\/noticias\\\/category\\\/actualidad\\\/#listItem\",\"position\":2,\"name\":\"Actualidad\",\"item\":\"https:\\\/\\\/www.eldigitaldeasturias.com\\\/noticias\\\/category\\\/actualidad\\\/\",\"nextItem\":{\"@type\":\"ListItem\",\"@id\":\"https:\\\/\\\/www.eldigitaldeasturias.com\\\/noticias\\\/catala-reafirma-el-compromiso-firme-del-gobierno-contra-el-radicalismo-y-el-discurso-del-odio\\\/#listItem\",\"name\":\"Catal\\u00e1 reafirma el compromiso firme del Gobierno contra el radicalismo y el discurso del odio\"},\"previousItem\":{\"@type\":\"ListItem\",\"@id\":\"https:\\\/\\\/www.eldigitaldeasturias.com\\\/noticias#listItem\",\"name\":\"Home\"}},{\"@type\":\"ListItem\",\"@id\":\"https:\\\/\\\/www.eldigitaldeasturias.com\\\/noticias\\\/catala-reafirma-el-compromiso-firme-del-gobierno-contra-el-radicalismo-y-el-discurso-del-odio\\\/#listItem\",\"position\":3,\"name\":\"Catal\\u00e1 reafirma el compromiso firme del Gobierno contra el radicalismo y el discurso del odio\",\"previousItem\":{\"@type\":\"ListItem\",\"@id\":\"https:\\\/\\\/www.eldigitaldeasturias.com\\\/noticias\\\/category\\\/actualidad\\\/#listItem\",\"name\":\"Actualidad\"}}]},{\"@type\":\"Organization\",\"@id\":\"https:\\\/\\\/www.eldigitaldeasturias.com\\\/noticias\\\/#organization\",\"name\":\"El Digital de Asturias\",\"description\":\"Hemeroteca\",\"url\":\"https:\\\/\\\/www.eldigitaldeasturias.com\\\/noticias\\\/\",\"email\":\"info@eldigitaldeasturias.com\",\"telephone\":\"+34652131393\",\"logo\":{\"@type\":\"ImageObject\",\"url\":\"https:\\\/\\\/www.eldigitaldeasturias.com\\\/noticias\\\/wp-content\\\/uploads\\\/2020\\\/12\\\/EDA.jpg\",\"@id\":\"https:\\\/\\\/www.eldigitaldeasturias.com\\\/noticias\\\/catala-reafirma-el-compromiso-firme-del-gobierno-contra-el-radicalismo-y-el-discurso-del-odio\\\/#organizationLogo\"},\"image\":{\"@id\":\"https:\\\/\\\/www.eldigitaldeasturias.com\\\/noticias\\\/catala-reafirma-el-compromiso-firme-del-gobierno-contra-el-radicalismo-y-el-discurso-del-odio\\\/#organizationLogo\"},\"sameAs\":[\"https:\\\/\\\/facebook.com\\\/eldigitaldeasturias\",\"https:\\\/\\\/www.youtube.com\\\/channel\\\/UCZP-2wLEB9Rv6erhFmqVnvg\"],\"address\":{\"@id\":\"https:\\\/\\\/www.eldigitaldeasturias.com\\\/noticias\\\/#postaladdress\",\"@type\":\"PostalAddress\",\"streetAddress\":\"san antonio 4\",\"postalCode\":\"33430\",\"addressLocality\":\"Cand\\u00e1s\",\"addressRegion\":\"Asturias\",\"addressCountry\":\"ES\"}},{\"@type\":\"Person\",\"@id\":\"https:\\\/\\\/www.eldigitaldeasturias.com\\\/noticias\\\/author\\\/admin\\\/#author\",\"url\":\"https:\\\/\\\/www.eldigitaldeasturias.com\\\/noticias\\\/author\\\/admin\\\/\",\"name\":\"El Digital de Asturias\",\"image\":{\"@type\":\"ImageObject\",\"@id\":\"https:\\\/\\\/www.eldigitaldeasturias.com\\\/noticias\\\/catala-reafirma-el-compromiso-firme-del-gobierno-contra-el-radicalismo-y-el-discurso-del-odio\\\/#authorImage\",\"url\":\"https:\\\/\\\/secure.gravatar.com\\\/avatar\\\/df2aeffc32bcd13f8d26072ef8a91b623d677766deac7f97ca815868cd41bf5e?s=96&d=mm&r=g\",\"width\":96,\"height\":96,\"caption\":\"El Digital de Asturias\"}},{\"@type\":\"WebPage\",\"@id\":\"https:\\\/\\\/www.eldigitaldeasturias.com\\\/noticias\\\/catala-reafirma-el-compromiso-firme-del-gobierno-contra-el-radicalismo-y-el-discurso-del-odio\\\/#webpage\",\"url\":\"https:\\\/\\\/www.eldigitaldeasturias.com\\\/noticias\\\/catala-reafirma-el-compromiso-firme-del-gobierno-contra-el-radicalismo-y-el-discurso-del-odio\\\/\",\"name\":\"Catal\\u00e1 reafirma el compromiso firme del Gobierno contra el radicalismo y el discurso del odio - El Digital de Asturias\",\"description\":\"El ministro de Justicia, Rafael Catal\\u00e1, ha subrayado el firme compromiso del Gobierno en la lucha contra el radicalismo y el discurso del odio durante la presentaci\\u00f3n del proyecto Somos m\\u00e1s, contra el odio y el radicalismo, en la que ha reivindicado como muestra de esa responsabilidad las \\u00faltimas reformas llevadas a cabo en la\",\"inLanguage\":\"es-ES\",\"isPartOf\":{\"@id\":\"https:\\\/\\\/www.eldigitaldeasturias.com\\\/noticias\\\/#website\"},\"breadcrumb\":{\"@id\":\"https:\\\/\\\/www.eldigitaldeasturias.com\\\/noticias\\\/catala-reafirma-el-compromiso-firme-del-gobierno-contra-el-radicalismo-y-el-discurso-del-odio\\\/#breadcrumblist\"},\"author\":{\"@id\":\"https:\\\/\\\/www.eldigitaldeasturias.com\\\/noticias\\\/author\\\/admin\\\/#author\"},\"creator\":{\"@id\":\"https:\\\/\\\/www.eldigitaldeasturias.com\\\/noticias\\\/author\\\/admin\\\/#author\"},\"image\":{\"@type\":\"ImageObject\",\"url\":957363,\"@id\":\"https:\\\/\\\/www.eldigitaldeasturias.com\\\/noticias\\\/catala-reafirma-el-compromiso-firme-del-gobierno-contra-el-radicalismo-y-el-discurso-del-odio\\\/#mainImage\"},\"primaryImageOfPage\":{\"@id\":\"https:\\\/\\\/www.eldigitaldeasturias.com\\\/noticias\\\/catala-reafirma-el-compromiso-firme-del-gobierno-contra-el-radicalismo-y-el-discurso-del-odio\\\/#mainImage\"},\"datePublished\":\"2017-10-24T17:49:31+02:00\",\"dateModified\":\"2017-10-24T17:49:31+02:00\"},{\"@type\":\"WebSite\",\"@id\":\"https:\\\/\\\/www.eldigitaldeasturias.com\\\/noticias\\\/#website\",\"url\":\"https:\\\/\\\/www.eldigitaldeasturias.com\\\/noticias\\\/\",\"name\":\"El Digital de Asturias - Diario de actualidad y noticias\",\"alternateName\":\"El Digital de Asturias - Diario de actualidad y noticias\",\"description\":\"Hemeroteca\",\"inLanguage\":\"es-ES\",\"publisher\":{\"@id\":\"https:\\\/\\\/www.eldigitaldeasturias.com\\\/noticias\\\/#organization\"}}]}\n\t\t<\/script>\n\t\t<!-- All in One SEO Pro -->\r\n\t\t<title>Catal\u00e1 reafirma el compromiso firme del Gobierno contra el radicalismo y el discurso del odio - El Digital de Asturias<\/title>\n\n","aioseo_head_json":{"title":"Catal\u00e1 reafirma el compromiso firme del Gobierno contra el radicalismo y el discurso del odio - El Digital de Asturias","description":"El ministro de Justicia, Rafael Catal\u00e1, ha subrayado el firme compromiso del Gobierno en la lucha contra el radicalismo y el discurso del odio durante la presentaci\u00f3n del proyecto Somos m\u00e1s, contra el odio y el radicalismo, en la que ha reivindicado como muestra de esa responsabilidad las \u00faltimas reformas llevadas a cabo en la","canonical_url":"https:\/\/www.eldigitaldeasturias.com\/noticias\/catala-reafirma-el-compromiso-firme-del-gobierno-contra-el-radicalismo-y-el-discurso-del-odio\/","robots":"max-image-preview:large","keywords":"actualidad","webmasterTools":{"google-site-verification":"UA-38556648-1","msvalidate.01":"7dfe9f3f1b24437ab69f4f2559babe99","miscellaneous":""},"schema":{"@context":"https:\/\/schema.org","@graph":[{"@type":"BlogPosting","@id":"https:\/\/www.eldigitaldeasturias.com\/noticias\/catala-reafirma-el-compromiso-firme-del-gobierno-contra-el-radicalismo-y-el-discurso-del-odio\/#blogposting","name":"Catal\u00e1 reafirma el compromiso firme del Gobierno contra el radicalismo y el discurso del odio - El Digital de Asturias","headline":"Catal\u00e1 reafirma el compromiso firme del Gobierno contra el radicalismo y el discurso del odio","author":{"@id":"https:\/\/www.eldigitaldeasturias.com\/noticias\/author\/admin\/#author"},"publisher":{"@id":"https:\/\/www.eldigitaldeasturias.com\/noticias\/#organization"},"image":{"@type":"ImageObject","url":957363},"datePublished":"2017-10-24T17:49:31+02:00","dateModified":"2017-10-24T17:49:31+02:00","inLanguage":"es-ES","mainEntityOfPage":{"@id":"https:\/\/www.eldigitaldeasturias.com\/noticias\/catala-reafirma-el-compromiso-firme-del-gobierno-contra-el-radicalismo-y-el-discurso-del-odio\/#webpage"},"isPartOf":{"@id":"https:\/\/www.eldigitaldeasturias.com\/noticias\/catala-reafirma-el-compromiso-firme-del-gobierno-contra-el-radicalismo-y-el-discurso-del-odio\/#webpage"},"articleSection":"Actualidad"},{"@type":"BreadcrumbList","@id":"https:\/\/www.eldigitaldeasturias.com\/noticias\/catala-reafirma-el-compromiso-firme-del-gobierno-contra-el-radicalismo-y-el-discurso-del-odio\/#breadcrumblist","itemListElement":[{"@type":"ListItem","@id":"https:\/\/www.eldigitaldeasturias.com\/noticias#listItem","position":1,"name":"Home","item":"https:\/\/www.eldigitaldeasturias.com\/noticias","nextItem":{"@type":"ListItem","@id":"https:\/\/www.eldigitaldeasturias.com\/noticias\/category\/actualidad\/#listItem","name":"Actualidad"}},{"@type":"ListItem","@id":"https:\/\/www.eldigitaldeasturias.com\/noticias\/category\/actualidad\/#listItem","position":2,"name":"Actualidad","item":"https:\/\/www.eldigitaldeasturias.com\/noticias\/category\/actualidad\/","nextItem":{"@type":"ListItem","@id":"https:\/\/www.eldigitaldeasturias.com\/noticias\/catala-reafirma-el-compromiso-firme-del-gobierno-contra-el-radicalismo-y-el-discurso-del-odio\/#listItem","name":"Catal\u00e1 reafirma el compromiso firme del Gobierno contra el radicalismo y el discurso del odio"},"previousItem":{"@type":"ListItem","@id":"https:\/\/www.eldigitaldeasturias.com\/noticias#listItem","name":"Home"}},{"@type":"ListItem","@id":"https:\/\/www.eldigitaldeasturias.com\/noticias\/catala-reafirma-el-compromiso-firme-del-gobierno-contra-el-radicalismo-y-el-discurso-del-odio\/#listItem","position":3,"name":"Catal\u00e1 reafirma el compromiso firme del Gobierno contra el radicalismo y el discurso del odio","previousItem":{"@type":"ListItem","@id":"https:\/\/www.eldigitaldeasturias.com\/noticias\/category\/actualidad\/#listItem","name":"Actualidad"}}]},{"@type":"Organization","@id":"https:\/\/www.eldigitaldeasturias.com\/noticias\/#organization","name":"El Digital de Asturias","description":"Hemeroteca","url":"https:\/\/www.eldigitaldeasturias.com\/noticias\/","email":"info@eldigitaldeasturias.com","telephone":"+34652131393","logo":{"@type":"ImageObject","url":"https:\/\/www.eldigitaldeasturias.com\/noticias\/wp-content\/uploads\/2020\/12\/EDA.jpg","@id":"https:\/\/www.eldigitaldeasturias.com\/noticias\/catala-reafirma-el-compromiso-firme-del-gobierno-contra-el-radicalismo-y-el-discurso-del-odio\/#organizationLogo"},"image":{"@id":"https:\/\/www.eldigitaldeasturias.com\/noticias\/catala-reafirma-el-compromiso-firme-del-gobierno-contra-el-radicalismo-y-el-discurso-del-odio\/#organizationLogo"},"sameAs":["https:\/\/facebook.com\/eldigitaldeasturias","https:\/\/www.youtube.com\/channel\/UCZP-2wLEB9Rv6erhFmqVnvg"],"address":{"@id":"https:\/\/www.eldigitaldeasturias.com\/noticias\/#postaladdress","@type":"PostalAddress","streetAddress":"san antonio 4","postalCode":"33430","addressLocality":"Cand\u00e1s","addressRegion":"Asturias","addressCountry":"ES"}},{"@type":"Person","@id":"https:\/\/www.eldigitaldeasturias.com\/noticias\/author\/admin\/#author","url":"https:\/\/www.eldigitaldeasturias.com\/noticias\/author\/admin\/","name":"El Digital de Asturias","image":{"@type":"ImageObject","@id":"https:\/\/www.eldigitaldeasturias.com\/noticias\/catala-reafirma-el-compromiso-firme-del-gobierno-contra-el-radicalismo-y-el-discurso-del-odio\/#authorImage","url":"https:\/\/secure.gravatar.com\/avatar\/df2aeffc32bcd13f8d26072ef8a91b623d677766deac7f97ca815868cd41bf5e?s=96&d=mm&r=g","width":96,"height":96,"caption":"El Digital de Asturias"}},{"@type":"WebPage","@id":"https:\/\/www.eldigitaldeasturias.com\/noticias\/catala-reafirma-el-compromiso-firme-del-gobierno-contra-el-radicalismo-y-el-discurso-del-odio\/#webpage","url":"https:\/\/www.eldigitaldeasturias.com\/noticias\/catala-reafirma-el-compromiso-firme-del-gobierno-contra-el-radicalismo-y-el-discurso-del-odio\/","name":"Catal\u00e1 reafirma el compromiso firme del Gobierno contra el radicalismo y el discurso del odio - El Digital de Asturias","description":"El ministro de Justicia, Rafael Catal\u00e1, ha subrayado el firme compromiso del Gobierno en la lucha contra el radicalismo y el discurso del odio durante la presentaci\u00f3n del proyecto Somos m\u00e1s, contra el odio y el radicalismo, en la que ha reivindicado como muestra de esa responsabilidad las \u00faltimas reformas llevadas a cabo en la","inLanguage":"es-ES","isPartOf":{"@id":"https:\/\/www.eldigitaldeasturias.com\/noticias\/#website"},"breadcrumb":{"@id":"https:\/\/www.eldigitaldeasturias.com\/noticias\/catala-reafirma-el-compromiso-firme-del-gobierno-contra-el-radicalismo-y-el-discurso-del-odio\/#breadcrumblist"},"author":{"@id":"https:\/\/www.eldigitaldeasturias.com\/noticias\/author\/admin\/#author"},"creator":{"@id":"https:\/\/www.eldigitaldeasturias.com\/noticias\/author\/admin\/#author"},"image":{"@type":"ImageObject","url":957363,"@id":"https:\/\/www.eldigitaldeasturias.com\/noticias\/catala-reafirma-el-compromiso-firme-del-gobierno-contra-el-radicalismo-y-el-discurso-del-odio\/#mainImage"},"primaryImageOfPage":{"@id":"https:\/\/www.eldigitaldeasturias.com\/noticias\/catala-reafirma-el-compromiso-firme-del-gobierno-contra-el-radicalismo-y-el-discurso-del-odio\/#mainImage"},"datePublished":"2017-10-24T17:49:31+02:00","dateModified":"2017-10-24T17:49:31+02:00"},{"@type":"WebSite","@id":"https:\/\/www.eldigitaldeasturias.com\/noticias\/#website","url":"https:\/\/www.eldigitaldeasturias.com\/noticias\/","name":"El Digital de Asturias - Diario de actualidad y noticias","alternateName":"El Digital de Asturias - Diario de actualidad y noticias","description":"Hemeroteca","inLanguage":"es-ES","publisher":{"@id":"https:\/\/www.eldigitaldeasturias.com\/noticias\/#organization"}}]},"og:locale":"es_ES","og:site_name":"El Digital de Asturias","og:type":"article","og:title":"Catal\u00e1 reafirma el compromiso firme del Gobierno contra el radicalismo y el discurso del odio - El Digital de Asturias","og:description":"El ministro de Justicia, Rafael Catal\u00e1, ha subrayado el firme compromiso del Gobierno en la lucha contra el radicalismo y el discurso del odio durante la presentaci\u00f3n del proyecto Somos m\u00e1s, contra el odio y el radicalismo, en la que ha reivindicado como muestra de esa responsabilidad las \u00faltimas reformas llevadas a cabo en la","og:url":"https:\/\/www.eldigitaldeasturias.com\/noticias\/catala-reafirma-el-compromiso-firme-del-gobierno-contra-el-radicalismo-y-el-discurso-del-odio\/","article:tag":["actualidad"],"article:published_time":"2017-10-24T17:49:31+00:00","article:modified_time":"2017-10-24T17:49:31+00:00","article:publisher":"https:\/\/facebook.com\/eldigitaldeasturias","twitter:card":"summary_large_image","twitter:title":"Catal\u00e1 reafirma el compromiso firme del Gobierno contra el radicalismo y el discurso del odio - El Digital de Asturias","twitter:description":"El ministro de Justicia, Rafael Catal\u00e1, ha subrayado el firme compromiso del Gobierno en la lucha contra el radicalismo y el discurso del odio durante la presentaci\u00f3n del proyecto Somos m\u00e1s, contra el odio y el radicalismo, en la que ha reivindicado como muestra de esa responsabilidad las \u00faltimas reformas llevadas a cabo en la","twitter:image":"https:\/\/www.eldigitaldeasturias.com\/noticias\/wp-content\/uploads\/2020\/12\/EDA-1.jpg","twitter:label1":"Escrito por","twitter:data1":"El Digital de Asturias","twitter:label2":"Tiempo de lectura estimado","twitter:data2":"3 minutos"},"aioseo_meta_data":{"post_id":"957362","title":null,"description":null,"keywords":null,"keyphrases":null,"primary_term":null,"canonical_url":null,"og_title":null,"og_description":null,"og_object_type":"default","og_image_type":"default","og_image_url":null,"og_image_width":null,"og_image_height":null,"og_image_custom_url":null,"og_image_custom_fields":null,"og_video":null,"og_custom_url":null,"og_article_section":null,"og_article_tags":null,"twitter_use_og":false,"twitter_card":"default","twitter_image_type":"default","twitter_image_url":null,"twitter_image_custom_url":null,"twitter_image_custom_fields":null,"twitter_title":null,"twitter_description":null,"schema":{"blockGraphs":[],"customGraphs":[],"default":{"data":{"Article":[],"Course":[],"Dataset":[],"FAQPage":[],"Movie":[],"Person":[],"Product":[],"ProductReview":[],"Car":[],"Recipe":[],"Service":[],"SoftwareApplication":[],"WebPage":[]},"graphName":"","isEnabled":true},"graphs":[],"defaultGraph":"","defaultPostTypeGraph":""},"schema_type":null,"schema_type_options":null,"pillar_content":false,"robots_default":true,"robots_noindex":false,"robots_noarchive":false,"robots_nosnippet":false,"robots_nofollow":false,"robots_noimageindex":false,"robots_noodp":false,"robots_notranslate":false,"robots_max_snippet":null,"robots_max_videopreview":null,"robots_max_imagepreview":"large","priority":null,"frequency":null,"local_seo":null,"seo_analyzer_scan_date":"2025-12-06 17:08:52","breadcrumb_settings":null,"limit_modified_date":false,"open_ai":null,"ai":null,"created":"2020-12-21 11:12:23","updated":"2025-12-06 17:08:52","focus_keyword":null,"additional_keywords":null,"truseo_locale":null},"aioseo_breadcrumb":"<div class=\"aioseo-breadcrumbs\"><span class=\"aioseo-breadcrumb\">\n\t<a href=\"https:\/\/www.eldigitaldeasturias.com\/noticias\" title=\"Home\">Home<\/a>\n<\/span><span class=\"aioseo-breadcrumb-separator\">\u2013<\/span><span class=\"aioseo-breadcrumb\">\n\t<a href=\"https:\/\/www.eldigitaldeasturias.com\/noticias\/category\/actualidad\/\" title=\"Actualidad\">Actualidad<\/a>\n<\/span><span class=\"aioseo-breadcrumb-separator\">\u2013<\/span><span class=\"aioseo-breadcrumb\">\n\t<a href=\"https:\/\/www.eldigitaldeasturias.com\/noticias\/catala-reafirma-el-compromiso-firme-del-gobierno-contra-el-radicalismo-y-el-discurso-del-odio\/\" title=\"Catal\u00e1 reafirma el compromiso firme del Gobierno contra el radicalismo y el discurso del odio\">Catal\u00e1 reafirma el compromiso firme del Gobierno contra el radicalismo y el discurso del odio<\/a>\n<\/span><\/div>","aioseo_breadcrumb_json":[{"label":"Home","link":"https:\/\/www.eldigitaldeasturias.com\/noticias"},{"label":"Actualidad","link":"https:\/\/www.eldigitaldeasturias.com\/noticias\/category\/actualidad\/"},{"label":"Catal\u00e1 reafirma el compromiso firme del Gobierno contra el radicalismo y el discurso del odio","link":"https:\/\/www.eldigitaldeasturias.com\/noticias\/catala-reafirma-el-compromiso-firme-del-gobierno-contra-el-radicalismo-y-el-discurso-del-odio\/"}],"_links":{"self":[{"href":"https:\/\/www.eldigitaldeasturias.com\/noticias\/wp-json\/wp\/v2\/posts\/957362","targetHints":{"allow":["GET"]}}],"collection":[{"href":"https:\/\/www.eldigitaldeasturias.com\/noticias\/wp-json\/wp\/v2\/posts"}],"about":[{"href":"https:\/\/www.eldigitaldeasturias.com\/noticias\/wp-json\/wp\/v2\/types\/post"}],"author":[{"embeddable":true,"href":"https:\/\/www.eldigitaldeasturias.com\/noticias\/wp-json\/wp\/v2\/users\/1"}],"replies":[{"embeddable":true,"href":"https:\/\/www.eldigitaldeasturias.com\/noticias\/wp-json\/wp\/v2\/comments?post=957362"}],"version-history":[{"count":0,"href":"https:\/\/www.eldigitaldeasturias.com\/noticias\/wp-json\/wp\/v2\/posts\/957362\/revisions"}],"wp:attachment":[{"href":"https:\/\/www.eldigitaldeasturias.com\/noticias\/wp-json\/wp\/v2\/media?parent=957362"}],"wp:term":[{"taxonomy":"category","embeddable":true,"href":"https:\/\/www.eldigitaldeasturias.com\/noticias\/wp-json\/wp\/v2\/categories?post=957362"},{"taxonomy":"post_tag","embeddable":true,"href":"https:\/\/www.eldigitaldeasturias.com\/noticias\/wp-json\/wp\/v2\/tags?post=957362"}],"curies":[{"name":"wp","href":"https:\/\/api.w.org\/{rel}","templated":true}]}}