{"id":957275,"date":"2017-10-24T12:56:56","date_gmt":"2017-10-24T12:56:56","guid":{"rendered":"http:\/\/www.eldigitaldeasturias.com\/noticias\/?p=957275"},"modified":"2017-10-24T12:56:56","modified_gmt":"2017-10-24T12:56:56","slug":"el-video-de-los-jovenes-de-canas-por-espana-en-respuesta-a-help-catalonia-se-hace-viral","status":"publish","type":"post","link":"https:\/\/www.eldigitaldeasturias.com\/noticias\/el-video-de-los-jovenes-de-canas-por-espana-en-respuesta-a-help-catalonia-se-hace-viral\/","title":{"rendered":"El v\u00eddeo de los j\u00f3venes de Ca\u00f1as por Espa\u00f1a en respuesta a \u2018Help Catalonia\u2019 se hace viral"},"content":{"rendered":"<p><img loading=\"lazy\" decoding=\"async\" class=\"alignleft size-medium wp-image-957276\" src=\"https:\/\/www.eldigitaldeasturias.com\/noticias\/wp-content\/uploads\/2017\/10\/d50f0b88-3bb6-4b17-ac83-0d79acf597d9-360x250.png\" alt=\"\" width=\"360\" height=\"250\" \/>El v\u00eddeo que ha lanzado la iniciativa juvenil de VOX &#8216;Ca\u00f1as por Espa\u00f1a&#8217;, en respuesta al v\u00eddeo que \u00d2mnium Cultural public\u00f3 hace unos d\u00edas de \u2018Help Catalonia. Save Europe\u2019, se ha hecho viral. En pocas horas \u2018Love Beats Hate\u2019 se ha convertido en el segundo v\u00eddeo del momento de YouTube y ya tiene m\u00e1s de 300.000 reproducciones. Tambi\u00e9n ha tenido una gran difusi\u00f3n en Twitter y Facebook con el hashtag #LoveBeatsHate, tanto en Espa\u00f1a como en el extranjero,<\/p>\n<p>\u00bfQu\u00e9 est\u00e1 pasando en Espa\u00f1a? \u00bfQu\u00e9 sucede con Catalu\u00f1a? se pregunta la protagonista del corto. La joven espa\u00f1ola explica a la comunidad internacional como ve la gente de su edad la situaci\u00f3n de Catalu\u00f1a y la amenaza separatista. \u00abEspa\u00f1a es fuerte, unida y tiene un futuro que pinta brillante. \u00a1Amamos nuestro pa\u00eds! Pero unos cuantos pol\u00edticos chalados quieren arruinarlo todo porque destilan odio. No permitamos que un grupo de trastornados nacionalistas nos vuelvan a traer los peores recuerdos de la historia de Europa\u00bb, afirma.<\/p>\n<p><iframe loading=\"lazy\" src=\"https:\/\/www.youtube.com\/embed\/F75CibembZk\" width=\"640\" height=\"360\" frameborder=\"0\" allowfullscreen=\"allowfullscreen\"><\/iframe><\/p>\n<p>Este es el primer v\u00eddeo de `Ca\u00f1as por Espa\u00f1a\u00b4 en ingl\u00e9s y en los pr\u00f3ximas semanas tienen previsto continuar con nuevos v\u00eddeos protagonizados por los j\u00f3venes de VOX explicando c\u00f3mo ven ellos la situaci\u00f3n pol\u00edtica de Espa\u00f1a.<\/p>\n","protected":false},"excerpt":{"rendered":"<p>El v\u00eddeo que ha lanzado la iniciativa juvenil de VOX &#8216;Ca\u00f1as por Espa\u00f1a&#8217;, en respuesta al v\u00eddeo que \u00d2mnium Cultural public\u00f3 hace unos d\u00edas de \u2018Help Catalonia. Save Europe\u2019, se ha hecho viral. En pocas horas \u2018Love Beats Hate\u2019 se ha convertido en el segundo v\u00eddeo del momento de YouTube y ya tiene m\u00e1s de [&hellip;]<\/p>\n","protected":false},"author":1,"featured_media":957276,"comment_status":"closed","ping_status":"closed","sticky":false,"template":"","format":"standard","meta":{"footnotes":""},"categories":[1],"tags":[],"class_list":["post-957275","post","type-post","status-publish","format-standard","has-post-thumbnail","hentry","category-actualidad"],"aioseo_notices":[],"aioseo_head":"\n\t\t<!-- All in One SEO Pro 5.0.1 - aioseo.com -->\n\t<meta name=\"description\" content=\"El v\u00eddeo que ha lanzado la iniciativa juvenil de VOX &#039;Ca\u00f1as por Espa\u00f1a&#039;, en respuesta al v\u00eddeo que \u00d2mnium Cultural public\u00f3 hace unos d\u00edas de \u2018Help Catalonia. Save Europe\u2019, se ha hecho viral. En pocas horas \u2018Love Beats Hate\u2019 se ha convertido en el segundo v\u00eddeo del momento de YouTube y ya tiene m\u00e1s de\" \/>\n\t<meta name=\"robots\" content=\"max-image-preview:large\" \/>\n\t<meta name=\"author\" content=\"El Digital de Asturias\"\/>\n\t<meta name=\"google-site-verification\" content=\"UA-38556648-1\" \/>\n\t<meta name=\"msvalidate.01\" content=\"7dfe9f3f1b24437ab69f4f2559babe99\" \/>\n\t<meta name=\"keywords\" content=\"actualidad\" \/>\n\t<link rel=\"canonical\" href=\"https:\/\/www.eldigitaldeasturias.com\/noticias\/el-video-de-los-jovenes-de-canas-por-espana-en-respuesta-a-help-catalonia-se-hace-viral\/\" \/>\n\t<meta name=\"generator\" content=\"All in One SEO Pro (AIOSEO) 5.0.1\" \/>\n\t\t<meta property=\"og:locale\" content=\"es_ES\" \/>\n\t\t<meta property=\"og:site_name\" content=\"El Digital de Asturias\" \/>\n\t\t<meta property=\"og:type\" content=\"article\" \/>\n\t\t<meta property=\"og:title\" content=\"El v\u00eddeo de los j\u00f3venes de Ca\u00f1as por Espa\u00f1a en respuesta a \u2018Help Catalonia\u2019 se hace viral - El Digital de Asturias\" \/>\n\t\t<meta property=\"og:description\" content=\"El v\u00eddeo que ha lanzado la iniciativa juvenil de VOX &#039;Ca\u00f1as por Espa\u00f1a&#039;, en respuesta al v\u00eddeo que \u00d2mnium Cultural public\u00f3 hace unos d\u00edas de \u2018Help Catalonia. Save Europe\u2019, se ha hecho viral. En pocas horas \u2018Love Beats Hate\u2019 se ha convertido en el segundo v\u00eddeo del momento de YouTube y ya tiene m\u00e1s de\" \/>\n\t\t<meta property=\"og:url\" content=\"https:\/\/www.eldigitaldeasturias.com\/noticias\/el-video-de-los-jovenes-de-canas-por-espana-en-respuesta-a-help-catalonia-se-hace-viral\/\" \/>\n\t\t<meta property=\"article:tag\" content=\"actualidad\" \/>\n\t\t<meta property=\"article:published_time\" content=\"2017-10-24T12:56:56+00:00\" \/>\n\t\t<meta property=\"article:modified_time\" content=\"2017-10-24T12:56:56+00:00\" \/>\n\t\t<meta property=\"article:publisher\" content=\"https:\/\/facebook.com\/eldigitaldeasturias\" \/>\n\t\t<meta name=\"twitter:card\" content=\"summary_large_image\" \/>\n\t\t<meta name=\"twitter:title\" content=\"El v\u00eddeo de los j\u00f3venes de Ca\u00f1as por Espa\u00f1a en respuesta a \u2018Help Catalonia\u2019 se hace viral - El Digital de Asturias\" \/>\n\t\t<meta name=\"twitter:description\" content=\"El v\u00eddeo que ha lanzado la iniciativa juvenil de VOX &#039;Ca\u00f1as por Espa\u00f1a&#039;, en respuesta al v\u00eddeo que \u00d2mnium Cultural public\u00f3 hace unos d\u00edas de \u2018Help Catalonia. Save Europe\u2019, se ha hecho viral. En pocas horas \u2018Love Beats Hate\u2019 se ha convertido en el segundo v\u00eddeo del momento de YouTube y ya tiene m\u00e1s de\" \/>\n\t\t<meta name=\"twitter:image\" content=\"https:\/\/www.eldigitaldeasturias.com\/noticias\/wp-content\/uploads\/2020\/12\/EDA-1.jpg\" \/>\n\t\t<meta name=\"twitter:label1\" content=\"Escrito por\" \/>\n\t\t<meta name=\"twitter:data1\" content=\"El Digital de Asturias\" \/>\n\t\t<meta name=\"twitter:label2\" content=\"Tiempo de lectura estimado\" \/>\n\t\t<meta name=\"twitter:data2\" content=\"1 minuto\" \/>\n\t\t<script type=\"application\/ld+json\" class=\"aioseo-schema\">\n\t\t\t{\"@context\":\"https:\\\/\\\/schema.org\",\"@graph\":[{\"@type\":\"BlogPosting\",\"@id\":\"https:\\\/\\\/www.eldigitaldeasturias.com\\\/noticias\\\/el-video-de-los-jovenes-de-canas-por-espana-en-respuesta-a-help-catalonia-se-hace-viral\\\/#blogposting\",\"name\":\"El v\\u00eddeo de los j\\u00f3venes de Ca\\u00f1as por Espa\\u00f1a en respuesta a \\u2018Help Catalonia\\u2019 se hace viral - El Digital de Asturias\",\"headline\":\"El v\\u00eddeo de los j\\u00f3venes de Ca\\u00f1as por Espa\\u00f1a en respuesta a \\u2018Help Catalonia\\u2019 se hace viral\",\"author\":{\"@id\":\"https:\\\/\\\/www.eldigitaldeasturias.com\\\/noticias\\\/author\\\/admin\\\/#author\"},\"publisher\":{\"@id\":\"https:\\\/\\\/www.eldigitaldeasturias.com\\\/noticias\\\/#organization\"},\"image\":{\"@type\":\"ImageObject\",\"url\":957276},\"datePublished\":\"2017-10-24T12:56:56+02:00\",\"dateModified\":\"2017-10-24T12:56:56+02:00\",\"inLanguage\":\"es-ES\",\"mainEntityOfPage\":{\"@id\":\"https:\\\/\\\/www.eldigitaldeasturias.com\\\/noticias\\\/el-video-de-los-jovenes-de-canas-por-espana-en-respuesta-a-help-catalonia-se-hace-viral\\\/#webpage\"},\"isPartOf\":{\"@id\":\"https:\\\/\\\/www.eldigitaldeasturias.com\\\/noticias\\\/el-video-de-los-jovenes-de-canas-por-espana-en-respuesta-a-help-catalonia-se-hace-viral\\\/#webpage\"},\"articleSection\":\"Actualidad\"},{\"@type\":\"BreadcrumbList\",\"@id\":\"https:\\\/\\\/www.eldigitaldeasturias.com\\\/noticias\\\/el-video-de-los-jovenes-de-canas-por-espana-en-respuesta-a-help-catalonia-se-hace-viral\\\/#breadcrumblist\",\"itemListElement\":[{\"@type\":\"ListItem\",\"@id\":\"https:\\\/\\\/www.eldigitaldeasturias.com\\\/noticias#listItem\",\"position\":1,\"name\":\"Home\",\"item\":\"https:\\\/\\\/www.eldigitaldeasturias.com\\\/noticias\",\"nextItem\":{\"@type\":\"ListItem\",\"@id\":\"https:\\\/\\\/www.eldigitaldeasturias.com\\\/noticias\\\/category\\\/actualidad\\\/#listItem\",\"name\":\"Actualidad\"}},{\"@type\":\"ListItem\",\"@id\":\"https:\\\/\\\/www.eldigitaldeasturias.com\\\/noticias\\\/category\\\/actualidad\\\/#listItem\",\"position\":2,\"name\":\"Actualidad\",\"item\":\"https:\\\/\\\/www.eldigitaldeasturias.com\\\/noticias\\\/category\\\/actualidad\\\/\",\"nextItem\":{\"@type\":\"ListItem\",\"@id\":\"https:\\\/\\\/www.eldigitaldeasturias.com\\\/noticias\\\/el-video-de-los-jovenes-de-canas-por-espana-en-respuesta-a-help-catalonia-se-hace-viral\\\/#listItem\",\"name\":\"El v\\u00eddeo de los j\\u00f3venes de Ca\\u00f1as por Espa\\u00f1a en respuesta a \\u2018Help Catalonia\\u2019 se hace viral\"},\"previousItem\":{\"@type\":\"ListItem\",\"@id\":\"https:\\\/\\\/www.eldigitaldeasturias.com\\\/noticias#listItem\",\"name\":\"Home\"}},{\"@type\":\"ListItem\",\"@id\":\"https:\\\/\\\/www.eldigitaldeasturias.com\\\/noticias\\\/el-video-de-los-jovenes-de-canas-por-espana-en-respuesta-a-help-catalonia-se-hace-viral\\\/#listItem\",\"position\":3,\"name\":\"El v\\u00eddeo de los j\\u00f3venes de Ca\\u00f1as por Espa\\u00f1a en respuesta a \\u2018Help Catalonia\\u2019 se hace viral\",\"previousItem\":{\"@type\":\"ListItem\",\"@id\":\"https:\\\/\\\/www.eldigitaldeasturias.com\\\/noticias\\\/category\\\/actualidad\\\/#listItem\",\"name\":\"Actualidad\"}}]},{\"@type\":\"Organization\",\"@id\":\"https:\\\/\\\/www.eldigitaldeasturias.com\\\/noticias\\\/#organization\",\"name\":\"El Digital de Asturias\",\"description\":\"Hemeroteca\",\"url\":\"https:\\\/\\\/www.eldigitaldeasturias.com\\\/noticias\\\/\",\"email\":\"info@eldigitaldeasturias.com\",\"telephone\":\"+34652131393\",\"logo\":{\"@type\":\"ImageObject\",\"url\":\"https:\\\/\\\/www.eldigitaldeasturias.com\\\/noticias\\\/wp-content\\\/uploads\\\/2020\\\/12\\\/EDA.jpg\",\"@id\":\"https:\\\/\\\/www.eldigitaldeasturias.com\\\/noticias\\\/el-video-de-los-jovenes-de-canas-por-espana-en-respuesta-a-help-catalonia-se-hace-viral\\\/#organizationLogo\"},\"image\":{\"@id\":\"https:\\\/\\\/www.eldigitaldeasturias.com\\\/noticias\\\/el-video-de-los-jovenes-de-canas-por-espana-en-respuesta-a-help-catalonia-se-hace-viral\\\/#organizationLogo\"},\"sameAs\":[\"https:\\\/\\\/facebook.com\\\/eldigitaldeasturias\",\"https:\\\/\\\/www.youtube.com\\\/channel\\\/UCZP-2wLEB9Rv6erhFmqVnvg\"],\"address\":{\"@id\":\"https:\\\/\\\/www.eldigitaldeasturias.com\\\/noticias\\\/#postaladdress\",\"@type\":\"PostalAddress\",\"streetAddress\":\"san antonio 4\",\"postalCode\":\"33430\",\"addressLocality\":\"Cand\\u00e1s\",\"addressRegion\":\"Asturias\",\"addressCountry\":\"ES\"}},{\"@type\":\"Person\",\"@id\":\"https:\\\/\\\/www.eldigitaldeasturias.com\\\/noticias\\\/author\\\/admin\\\/#author\",\"url\":\"https:\\\/\\\/www.eldigitaldeasturias.com\\\/noticias\\\/author\\\/admin\\\/\",\"name\":\"El Digital de Asturias\",\"image\":{\"@type\":\"ImageObject\",\"@id\":\"https:\\\/\\\/www.eldigitaldeasturias.com\\\/noticias\\\/el-video-de-los-jovenes-de-canas-por-espana-en-respuesta-a-help-catalonia-se-hace-viral\\\/#authorImage\",\"url\":\"https:\\\/\\\/secure.gravatar.com\\\/avatar\\\/df2aeffc32bcd13f8d26072ef8a91b623d677766deac7f97ca815868cd41bf5e?s=96&d=mm&r=g\",\"width\":96,\"height\":96,\"caption\":\"El Digital de Asturias\"}},{\"@type\":\"WebPage\",\"@id\":\"https:\\\/\\\/www.eldigitaldeasturias.com\\\/noticias\\\/el-video-de-los-jovenes-de-canas-por-espana-en-respuesta-a-help-catalonia-se-hace-viral\\\/#webpage\",\"url\":\"https:\\\/\\\/www.eldigitaldeasturias.com\\\/noticias\\\/el-video-de-los-jovenes-de-canas-por-espana-en-respuesta-a-help-catalonia-se-hace-viral\\\/\",\"name\":\"El v\\u00eddeo de los j\\u00f3venes de Ca\\u00f1as por Espa\\u00f1a en respuesta a \\u2018Help Catalonia\\u2019 se hace viral - El Digital de Asturias\",\"description\":\"El v\\u00eddeo que ha lanzado la iniciativa juvenil de VOX 'Ca\\u00f1as por Espa\\u00f1a', en respuesta al v\\u00eddeo que \\u00d2mnium Cultural public\\u00f3 hace unos d\\u00edas de \\u2018Help Catalonia. Save Europe\\u2019, se ha hecho viral. En pocas horas \\u2018Love Beats Hate\\u2019 se ha convertido en el segundo v\\u00eddeo del momento de YouTube y ya tiene m\\u00e1s de\",\"inLanguage\":\"es-ES\",\"isPartOf\":{\"@id\":\"https:\\\/\\\/www.eldigitaldeasturias.com\\\/noticias\\\/#website\"},\"breadcrumb\":{\"@id\":\"https:\\\/\\\/www.eldigitaldeasturias.com\\\/noticias\\\/el-video-de-los-jovenes-de-canas-por-espana-en-respuesta-a-help-catalonia-se-hace-viral\\\/#breadcrumblist\"},\"author\":{\"@id\":\"https:\\\/\\\/www.eldigitaldeasturias.com\\\/noticias\\\/author\\\/admin\\\/#author\"},\"creator\":{\"@id\":\"https:\\\/\\\/www.eldigitaldeasturias.com\\\/noticias\\\/author\\\/admin\\\/#author\"},\"image\":{\"@type\":\"ImageObject\",\"url\":957276,\"@id\":\"https:\\\/\\\/www.eldigitaldeasturias.com\\\/noticias\\\/el-video-de-los-jovenes-de-canas-por-espana-en-respuesta-a-help-catalonia-se-hace-viral\\\/#mainImage\"},\"primaryImageOfPage\":{\"@id\":\"https:\\\/\\\/www.eldigitaldeasturias.com\\\/noticias\\\/el-video-de-los-jovenes-de-canas-por-espana-en-respuesta-a-help-catalonia-se-hace-viral\\\/#mainImage\"},\"datePublished\":\"2017-10-24T12:56:56+02:00\",\"dateModified\":\"2017-10-24T12:56:56+02:00\"},{\"@type\":\"WebSite\",\"@id\":\"https:\\\/\\\/www.eldigitaldeasturias.com\\\/noticias\\\/#website\",\"url\":\"https:\\\/\\\/www.eldigitaldeasturias.com\\\/noticias\\\/\",\"name\":\"El Digital de Asturias - Diario de actualidad y noticias\",\"alternateName\":\"El Digital de Asturias - Diario de actualidad y noticias\",\"description\":\"Hemeroteca\",\"inLanguage\":\"es-ES\",\"publisher\":{\"@id\":\"https:\\\/\\\/www.eldigitaldeasturias.com\\\/noticias\\\/#organization\"}}]}\n\t\t<\/script>\n\t\t<!-- All in One SEO Pro -->\r\n\t\t<title>El v\u00eddeo de los j\u00f3venes de Ca\u00f1as por Espa\u00f1a en respuesta a \u2018Help Catalonia\u2019 se hace viral - El Digital de Asturias<\/title>\n\n","aioseo_head_json":{"title":"El v\u00eddeo de los j\u00f3venes de Ca\u00f1as por Espa\u00f1a en respuesta a \u2018Help Catalonia\u2019 se hace viral - El Digital de Asturias","description":"El v\u00eddeo que ha lanzado la iniciativa juvenil de VOX 'Ca\u00f1as por Espa\u00f1a', en respuesta al v\u00eddeo que \u00d2mnium Cultural public\u00f3 hace unos d\u00edas de \u2018Help Catalonia. Save Europe\u2019, se ha hecho viral. En pocas horas \u2018Love Beats Hate\u2019 se ha convertido en el segundo v\u00eddeo del momento de YouTube y ya tiene m\u00e1s de","canonical_url":"https:\/\/www.eldigitaldeasturias.com\/noticias\/el-video-de-los-jovenes-de-canas-por-espana-en-respuesta-a-help-catalonia-se-hace-viral\/","robots":"max-image-preview:large","keywords":"actualidad","webmasterTools":{"google-site-verification":"UA-38556648-1","msvalidate.01":"7dfe9f3f1b24437ab69f4f2559babe99","miscellaneous":""},"schema":{"@context":"https:\/\/schema.org","@graph":[{"@type":"BlogPosting","@id":"https:\/\/www.eldigitaldeasturias.com\/noticias\/el-video-de-los-jovenes-de-canas-por-espana-en-respuesta-a-help-catalonia-se-hace-viral\/#blogposting","name":"El v\u00eddeo de los j\u00f3venes de Ca\u00f1as por Espa\u00f1a en respuesta a \u2018Help Catalonia\u2019 se hace viral - El Digital de Asturias","headline":"El v\u00eddeo de los j\u00f3venes de Ca\u00f1as por Espa\u00f1a en respuesta a \u2018Help Catalonia\u2019 se hace viral","author":{"@id":"https:\/\/www.eldigitaldeasturias.com\/noticias\/author\/admin\/#author"},"publisher":{"@id":"https:\/\/www.eldigitaldeasturias.com\/noticias\/#organization"},"image":{"@type":"ImageObject","url":957276},"datePublished":"2017-10-24T12:56:56+02:00","dateModified":"2017-10-24T12:56:56+02:00","inLanguage":"es-ES","mainEntityOfPage":{"@id":"https:\/\/www.eldigitaldeasturias.com\/noticias\/el-video-de-los-jovenes-de-canas-por-espana-en-respuesta-a-help-catalonia-se-hace-viral\/#webpage"},"isPartOf":{"@id":"https:\/\/www.eldigitaldeasturias.com\/noticias\/el-video-de-los-jovenes-de-canas-por-espana-en-respuesta-a-help-catalonia-se-hace-viral\/#webpage"},"articleSection":"Actualidad"},{"@type":"BreadcrumbList","@id":"https:\/\/www.eldigitaldeasturias.com\/noticias\/el-video-de-los-jovenes-de-canas-por-espana-en-respuesta-a-help-catalonia-se-hace-viral\/#breadcrumblist","itemListElement":[{"@type":"ListItem","@id":"https:\/\/www.eldigitaldeasturias.com\/noticias#listItem","position":1,"name":"Home","item":"https:\/\/www.eldigitaldeasturias.com\/noticias","nextItem":{"@type":"ListItem","@id":"https:\/\/www.eldigitaldeasturias.com\/noticias\/category\/actualidad\/#listItem","name":"Actualidad"}},{"@type":"ListItem","@id":"https:\/\/www.eldigitaldeasturias.com\/noticias\/category\/actualidad\/#listItem","position":2,"name":"Actualidad","item":"https:\/\/www.eldigitaldeasturias.com\/noticias\/category\/actualidad\/","nextItem":{"@type":"ListItem","@id":"https:\/\/www.eldigitaldeasturias.com\/noticias\/el-video-de-los-jovenes-de-canas-por-espana-en-respuesta-a-help-catalonia-se-hace-viral\/#listItem","name":"El v\u00eddeo de los j\u00f3venes de Ca\u00f1as por Espa\u00f1a en respuesta a \u2018Help Catalonia\u2019 se hace viral"},"previousItem":{"@type":"ListItem","@id":"https:\/\/www.eldigitaldeasturias.com\/noticias#listItem","name":"Home"}},{"@type":"ListItem","@id":"https:\/\/www.eldigitaldeasturias.com\/noticias\/el-video-de-los-jovenes-de-canas-por-espana-en-respuesta-a-help-catalonia-se-hace-viral\/#listItem","position":3,"name":"El v\u00eddeo de los j\u00f3venes de Ca\u00f1as por Espa\u00f1a en respuesta a \u2018Help Catalonia\u2019 se hace viral","previousItem":{"@type":"ListItem","@id":"https:\/\/www.eldigitaldeasturias.com\/noticias\/category\/actualidad\/#listItem","name":"Actualidad"}}]},{"@type":"Organization","@id":"https:\/\/www.eldigitaldeasturias.com\/noticias\/#organization","name":"El Digital de Asturias","description":"Hemeroteca","url":"https:\/\/www.eldigitaldeasturias.com\/noticias\/","email":"info@eldigitaldeasturias.com","telephone":"+34652131393","logo":{"@type":"ImageObject","url":"https:\/\/www.eldigitaldeasturias.com\/noticias\/wp-content\/uploads\/2020\/12\/EDA.jpg","@id":"https:\/\/www.eldigitaldeasturias.com\/noticias\/el-video-de-los-jovenes-de-canas-por-espana-en-respuesta-a-help-catalonia-se-hace-viral\/#organizationLogo"},"image":{"@id":"https:\/\/www.eldigitaldeasturias.com\/noticias\/el-video-de-los-jovenes-de-canas-por-espana-en-respuesta-a-help-catalonia-se-hace-viral\/#organizationLogo"},"sameAs":["https:\/\/facebook.com\/eldigitaldeasturias","https:\/\/www.youtube.com\/channel\/UCZP-2wLEB9Rv6erhFmqVnvg"],"address":{"@id":"https:\/\/www.eldigitaldeasturias.com\/noticias\/#postaladdress","@type":"PostalAddress","streetAddress":"san antonio 4","postalCode":"33430","addressLocality":"Cand\u00e1s","addressRegion":"Asturias","addressCountry":"ES"}},{"@type":"Person","@id":"https:\/\/www.eldigitaldeasturias.com\/noticias\/author\/admin\/#author","url":"https:\/\/www.eldigitaldeasturias.com\/noticias\/author\/admin\/","name":"El Digital de Asturias","image":{"@type":"ImageObject","@id":"https:\/\/www.eldigitaldeasturias.com\/noticias\/el-video-de-los-jovenes-de-canas-por-espana-en-respuesta-a-help-catalonia-se-hace-viral\/#authorImage","url":"https:\/\/secure.gravatar.com\/avatar\/df2aeffc32bcd13f8d26072ef8a91b623d677766deac7f97ca815868cd41bf5e?s=96&d=mm&r=g","width":96,"height":96,"caption":"El Digital de Asturias"}},{"@type":"WebPage","@id":"https:\/\/www.eldigitaldeasturias.com\/noticias\/el-video-de-los-jovenes-de-canas-por-espana-en-respuesta-a-help-catalonia-se-hace-viral\/#webpage","url":"https:\/\/www.eldigitaldeasturias.com\/noticias\/el-video-de-los-jovenes-de-canas-por-espana-en-respuesta-a-help-catalonia-se-hace-viral\/","name":"El v\u00eddeo de los j\u00f3venes de Ca\u00f1as por Espa\u00f1a en respuesta a \u2018Help Catalonia\u2019 se hace viral - El Digital de Asturias","description":"El v\u00eddeo que ha lanzado la iniciativa juvenil de VOX 'Ca\u00f1as por Espa\u00f1a', en respuesta al v\u00eddeo que \u00d2mnium Cultural public\u00f3 hace unos d\u00edas de \u2018Help Catalonia. Save Europe\u2019, se ha hecho viral. En pocas horas \u2018Love Beats Hate\u2019 se ha convertido en el segundo v\u00eddeo del momento de YouTube y ya tiene m\u00e1s de","inLanguage":"es-ES","isPartOf":{"@id":"https:\/\/www.eldigitaldeasturias.com\/noticias\/#website"},"breadcrumb":{"@id":"https:\/\/www.eldigitaldeasturias.com\/noticias\/el-video-de-los-jovenes-de-canas-por-espana-en-respuesta-a-help-catalonia-se-hace-viral\/#breadcrumblist"},"author":{"@id":"https:\/\/www.eldigitaldeasturias.com\/noticias\/author\/admin\/#author"},"creator":{"@id":"https:\/\/www.eldigitaldeasturias.com\/noticias\/author\/admin\/#author"},"image":{"@type":"ImageObject","url":957276,"@id":"https:\/\/www.eldigitaldeasturias.com\/noticias\/el-video-de-los-jovenes-de-canas-por-espana-en-respuesta-a-help-catalonia-se-hace-viral\/#mainImage"},"primaryImageOfPage":{"@id":"https:\/\/www.eldigitaldeasturias.com\/noticias\/el-video-de-los-jovenes-de-canas-por-espana-en-respuesta-a-help-catalonia-se-hace-viral\/#mainImage"},"datePublished":"2017-10-24T12:56:56+02:00","dateModified":"2017-10-24T12:56:56+02:00"},{"@type":"WebSite","@id":"https:\/\/www.eldigitaldeasturias.com\/noticias\/#website","url":"https:\/\/www.eldigitaldeasturias.com\/noticias\/","name":"El Digital de Asturias - Diario de actualidad y noticias","alternateName":"El Digital de Asturias - Diario de actualidad y noticias","description":"Hemeroteca","inLanguage":"es-ES","publisher":{"@id":"https:\/\/www.eldigitaldeasturias.com\/noticias\/#organization"}}]},"og:locale":"es_ES","og:site_name":"El Digital de Asturias","og:type":"article","og:title":"El v\u00eddeo de los j\u00f3venes de Ca\u00f1as por Espa\u00f1a en respuesta a \u2018Help Catalonia\u2019 se hace viral - El Digital de Asturias","og:description":"El v\u00eddeo que ha lanzado la iniciativa juvenil de VOX 'Ca\u00f1as por Espa\u00f1a', en respuesta al v\u00eddeo que \u00d2mnium Cultural public\u00f3 hace unos d\u00edas de \u2018Help Catalonia. Save Europe\u2019, se ha hecho viral. En pocas horas \u2018Love Beats Hate\u2019 se ha convertido en el segundo v\u00eddeo del momento de YouTube y ya tiene m\u00e1s de","og:url":"https:\/\/www.eldigitaldeasturias.com\/noticias\/el-video-de-los-jovenes-de-canas-por-espana-en-respuesta-a-help-catalonia-se-hace-viral\/","article:tag":["actualidad"],"article:published_time":"2017-10-24T12:56:56+00:00","article:modified_time":"2017-10-24T12:56:56+00:00","article:publisher":"https:\/\/facebook.com\/eldigitaldeasturias","twitter:card":"summary_large_image","twitter:title":"El v\u00eddeo de los j\u00f3venes de Ca\u00f1as por Espa\u00f1a en respuesta a \u2018Help Catalonia\u2019 se hace viral - El Digital de Asturias","twitter:description":"El v\u00eddeo que ha lanzado la iniciativa juvenil de VOX 'Ca\u00f1as por Espa\u00f1a', en respuesta al v\u00eddeo que \u00d2mnium Cultural public\u00f3 hace unos d\u00edas de \u2018Help Catalonia. Save Europe\u2019, se ha hecho viral. En pocas horas \u2018Love Beats Hate\u2019 se ha convertido en el segundo v\u00eddeo del momento de YouTube y ya tiene m\u00e1s de","twitter:image":"https:\/\/www.eldigitaldeasturias.com\/noticias\/wp-content\/uploads\/2020\/12\/EDA-1.jpg","twitter:label1":"Escrito por","twitter:data1":"El Digital de Asturias","twitter:label2":"Tiempo de lectura estimado","twitter:data2":"1 minuto"},"aioseo_meta_data":{"post_id":"957275","title":null,"description":null,"keywords":null,"keyphrases":null,"primary_term":null,"canonical_url":null,"og_title":null,"og_description":null,"og_object_type":"default","og_image_type":"default","og_image_url":null,"og_image_width":null,"og_image_height":null,"og_image_custom_url":null,"og_image_custom_fields":null,"og_video":null,"og_custom_url":null,"og_article_section":null,"og_article_tags":null,"twitter_use_og":false,"twitter_card":"default","twitter_image_type":"default","twitter_image_url":null,"twitter_image_custom_url":null,"twitter_image_custom_fields":null,"twitter_title":null,"twitter_description":null,"schema":{"blockGraphs":[],"customGraphs":[],"default":{"data":{"Article":[],"Course":[],"Dataset":[],"FAQPage":[],"Movie":[],"Person":[],"Product":[],"ProductReview":[],"Car":[],"Recipe":[],"Service":[],"SoftwareApplication":[],"WebPage":[]},"graphName":"","isEnabled":true},"graphs":[],"defaultGraph":"","defaultPostTypeGraph":""},"schema_type":null,"schema_type_options":null,"pillar_content":false,"robots_default":true,"robots_noindex":false,"robots_noarchive":false,"robots_nosnippet":false,"robots_nofollow":false,"robots_noimageindex":false,"robots_noodp":false,"robots_notranslate":false,"robots_max_snippet":null,"robots_max_videopreview":null,"robots_max_imagepreview":"large","priority":null,"frequency":null,"local_seo":null,"seo_analyzer_scan_date":"2025-12-06 16:50:16","breadcrumb_settings":null,"limit_modified_date":false,"open_ai":null,"ai":null,"created":"2020-12-21 11:12:23","updated":"2025-12-06 16:50:16","focus_keyword":null,"additional_keywords":null,"truseo_locale":null},"aioseo_breadcrumb":"<div class=\"aioseo-breadcrumbs\"><span class=\"aioseo-breadcrumb\">\n\t<a href=\"https:\/\/www.eldigitaldeasturias.com\/noticias\" title=\"Home\">Home<\/a>\n<\/span><span class=\"aioseo-breadcrumb-separator\">\u2013<\/span><span class=\"aioseo-breadcrumb\">\n\t<a href=\"https:\/\/www.eldigitaldeasturias.com\/noticias\/category\/actualidad\/\" title=\"Actualidad\">Actualidad<\/a>\n<\/span><span class=\"aioseo-breadcrumb-separator\">\u2013<\/span><span class=\"aioseo-breadcrumb\">\n\t<a href=\"https:\/\/www.eldigitaldeasturias.com\/noticias\/el-video-de-los-jovenes-de-canas-por-espana-en-respuesta-a-help-catalonia-se-hace-viral\/\" title=\"El v\u00eddeo de los j\u00f3venes de Ca\u00f1as por Espa\u00f1a en respuesta a \u2018Help Catalonia\u2019 se hace viral\">El v\u00eddeo de los j\u00f3venes de Ca\u00f1as por Espa\u00f1a en respuesta a \u2018Help Catalonia\u2019 se hace viral<\/a>\n<\/span><\/div>","aioseo_breadcrumb_json":[{"label":"Home","link":"https:\/\/www.eldigitaldeasturias.com\/noticias"},{"label":"Actualidad","link":"https:\/\/www.eldigitaldeasturias.com\/noticias\/category\/actualidad\/"},{"label":"El v\u00eddeo de los j\u00f3venes de Ca\u00f1as por Espa\u00f1a en respuesta a \u2018Help Catalonia\u2019 se hace viral","link":"https:\/\/www.eldigitaldeasturias.com\/noticias\/el-video-de-los-jovenes-de-canas-por-espana-en-respuesta-a-help-catalonia-se-hace-viral\/"}],"_links":{"self":[{"href":"https:\/\/www.eldigitaldeasturias.com\/noticias\/wp-json\/wp\/v2\/posts\/957275","targetHints":{"allow":["GET"]}}],"collection":[{"href":"https:\/\/www.eldigitaldeasturias.com\/noticias\/wp-json\/wp\/v2\/posts"}],"about":[{"href":"https:\/\/www.eldigitaldeasturias.com\/noticias\/wp-json\/wp\/v2\/types\/post"}],"author":[{"embeddable":true,"href":"https:\/\/www.eldigitaldeasturias.com\/noticias\/wp-json\/wp\/v2\/users\/1"}],"replies":[{"embeddable":true,"href":"https:\/\/www.eldigitaldeasturias.com\/noticias\/wp-json\/wp\/v2\/comments?post=957275"}],"version-history":[{"count":0,"href":"https:\/\/www.eldigitaldeasturias.com\/noticias\/wp-json\/wp\/v2\/posts\/957275\/revisions"}],"wp:attachment":[{"href":"https:\/\/www.eldigitaldeasturias.com\/noticias\/wp-json\/wp\/v2\/media?parent=957275"}],"wp:term":[{"taxonomy":"category","embeddable":true,"href":"https:\/\/www.eldigitaldeasturias.com\/noticias\/wp-json\/wp\/v2\/categories?post=957275"},{"taxonomy":"post_tag","embeddable":true,"href":"https:\/\/www.eldigitaldeasturias.com\/noticias\/wp-json\/wp\/v2\/tags?post=957275"}],"curies":[{"name":"wp","href":"https:\/\/api.w.org\/{rel}","templated":true}]}}