{"id":957241,"date":"2017-10-23T21:33:30","date_gmt":"2017-10-23T21:33:30","guid":{"rendered":"http:\/\/www.eldigitaldeasturias.com\/noticias\/?p=957241"},"modified":"2017-10-23T21:33:30","modified_gmt":"2017-10-23T21:33:30","slug":"reunion-inaugural-del-grupo-de-alto-nivel-para-la-agenda-2030","status":"publish","type":"post","link":"https:\/\/www.eldigitaldeasturias.com\/noticias\/reunion-inaugural-del-grupo-de-alto-nivel-para-la-agenda-2030\/","title":{"rendered":"Reuni\u00f3n inaugural del Grupo de Alto Nivel para la Agenda 2030"},"content":{"rendered":"<p><img loading=\"lazy\" decoding=\"async\" class=\"alignleft size-medium wp-image-957242\" src=\"https:\/\/www.eldigitaldeasturias.com\/noticias\/wp-content\/uploads\/2017\/10\/231017_altonivel-360x239.jpg\" alt=\"\" width=\"360\" height=\"239\" \/>Se ha celebrado en el Palacio de Viana la reuni\u00f3n inaugural del Grupo de Alto Nivel para la Agenda 2030. El Grupo de Alto Nivel, fue creado el pasado 28 de septiembre por la Comisi\u00f3n Delegada del Gobierno para Asuntos Econ\u00f3micos.<\/p>\n<p>\u200bEl Grupo de Alto Nivel est\u00e1 presidido por el ministro de Asuntos Exteriores y de Cooperaci\u00f3n, Alfonso Dastis, y cuenta como vicepresidentes con la ministra de Agricultura y Pesca, Alimentaci\u00f3n y Medio Ambiente, Isabel Garc\u00eda Tejerina, y con el ministro de Fomento, I\u00f1igo de la Serna. El Grupo est\u00e1 compuesto por representantes de varios ministerios y abierto a la participaci\u00f3n de otros actores como sector privado, organizaciones de la sociedad civil, parlamentos, universidades y expertos.<\/p>\n<p>El Grupo de Alto Nivel, ser\u00e1 la m\u00e1xima estructura a nivel nacional para la Coordinaci\u00f3n y el seguimiento de la Agenda 2030.<\/p>\n<p>Entre sus cometidos figuran la coordinaci\u00f3n de la posici\u00f3n espa\u00f1ola y las actuaciones necesarias para el cumplimiento de los objetivos de la Agenda 2030, la elaboraci\u00f3n de una Estrategia nacional de Desarrollo sostenible, la preparaci\u00f3n de las evaluaciones nacionales voluntarias que Espa\u00f1a presente ante el Foro Pol\u00edtico de Alto Nivel, la articulaci\u00f3n de la Estrategia de Comunicaci\u00f3n, el establecimiento de mecanismos de interlocuci\u00f3n y coordinaci\u00f3n con las comunidades aut\u00f3nomas y entidades locales.<\/p>\n<p>En la reuni\u00f3n, el Grupo de Trabajo de Alto Nivel ha decidido el esquema de trabajo y la aprobaci\u00f3n de un Plan de Trabajo 2017-2018.<\/p>\n","protected":false},"excerpt":{"rendered":"<p>Se ha celebrado en el Palacio de Viana la reuni\u00f3n inaugural del Grupo de Alto Nivel para la Agenda 2030. El Grupo de Alto Nivel, fue creado el pasado 28 de septiembre por la Comisi\u00f3n Delegada del Gobierno para Asuntos Econ\u00f3micos. \u200bEl Grupo de Alto Nivel est\u00e1 presidido por el ministro de Asuntos Exteriores y [&hellip;]<\/p>\n","protected":false},"author":1,"featured_media":957242,"comment_status":"closed","ping_status":"closed","sticky":false,"template":"","format":"standard","meta":{"footnotes":""},"categories":[1],"tags":[],"class_list":["post-957241","post","type-post","status-publish","format-standard","has-post-thumbnail","hentry","category-actualidad"],"aioseo_notices":[],"aioseo_head":"\n\t\t<!-- All in One SEO Pro 5.0.1 - aioseo.com -->\n\t<meta name=\"description\" content=\"Se ha celebrado en el Palacio de Viana la reuni\u00f3n inaugural del Grupo de Alto Nivel para la Agenda 2030. El Grupo de Alto Nivel, fue creado el pasado 28 de septiembre por la Comisi\u00f3n Delegada del Gobierno para Asuntos Econ\u00f3micos. \u200bEl Grupo de Alto Nivel est\u00e1 presidido por el ministro de Asuntos Exteriores y\" \/>\n\t<meta name=\"robots\" content=\"max-image-preview:large\" \/>\n\t<meta name=\"author\" content=\"El Digital de Asturias\"\/>\n\t<meta name=\"google-site-verification\" content=\"UA-38556648-1\" \/>\n\t<meta name=\"msvalidate.01\" content=\"7dfe9f3f1b24437ab69f4f2559babe99\" \/>\n\t<meta name=\"keywords\" content=\"actualidad\" \/>\n\t<link rel=\"canonical\" href=\"https:\/\/www.eldigitaldeasturias.com\/noticias\/reunion-inaugural-del-grupo-de-alto-nivel-para-la-agenda-2030\/\" \/>\n\t<meta name=\"generator\" content=\"All in One SEO Pro (AIOSEO) 5.0.1\" \/>\n\t\t<meta property=\"og:locale\" content=\"es_ES\" \/>\n\t\t<meta property=\"og:site_name\" content=\"El Digital de Asturias\" \/>\n\t\t<meta property=\"og:type\" content=\"article\" \/>\n\t\t<meta property=\"og:title\" content=\"Reuni\u00f3n inaugural del Grupo de Alto Nivel para la Agenda 2030 - El Digital de Asturias\" \/>\n\t\t<meta property=\"og:description\" content=\"Se ha celebrado en el Palacio de Viana la reuni\u00f3n inaugural del Grupo de Alto Nivel para la Agenda 2030. El Grupo de Alto Nivel, fue creado el pasado 28 de septiembre por la Comisi\u00f3n Delegada del Gobierno para Asuntos Econ\u00f3micos. \u200bEl Grupo de Alto Nivel est\u00e1 presidido por el ministro de Asuntos Exteriores y\" \/>\n\t\t<meta property=\"og:url\" content=\"https:\/\/www.eldigitaldeasturias.com\/noticias\/reunion-inaugural-del-grupo-de-alto-nivel-para-la-agenda-2030\/\" \/>\n\t\t<meta property=\"article:tag\" content=\"actualidad\" \/>\n\t\t<meta property=\"article:published_time\" content=\"2017-10-23T21:33:30+00:00\" \/>\n\t\t<meta property=\"article:modified_time\" content=\"2017-10-23T21:33:30+00:00\" \/>\n\t\t<meta property=\"article:publisher\" content=\"https:\/\/facebook.com\/eldigitaldeasturias\" \/>\n\t\t<meta name=\"twitter:card\" content=\"summary_large_image\" \/>\n\t\t<meta name=\"twitter:title\" content=\"Reuni\u00f3n inaugural del Grupo de Alto Nivel para la Agenda 2030 - El Digital de Asturias\" \/>\n\t\t<meta name=\"twitter:description\" content=\"Se ha celebrado en el Palacio de Viana la reuni\u00f3n inaugural del Grupo de Alto Nivel para la Agenda 2030. El Grupo de Alto Nivel, fue creado el pasado 28 de septiembre por la Comisi\u00f3n Delegada del Gobierno para Asuntos Econ\u00f3micos. \u200bEl Grupo de Alto Nivel est\u00e1 presidido por el ministro de Asuntos Exteriores y\" \/>\n\t\t<meta name=\"twitter:image\" content=\"https:\/\/www.eldigitaldeasturias.com\/noticias\/wp-content\/uploads\/2020\/12\/EDA-1.jpg\" \/>\n\t\t<meta name=\"twitter:label1\" content=\"Escrito por\" \/>\n\t\t<meta name=\"twitter:data1\" content=\"El Digital de Asturias\" \/>\n\t\t<meta name=\"twitter:label2\" content=\"Tiempo de lectura estimado\" \/>\n\t\t<meta name=\"twitter:data2\" content=\"1 minuto\" \/>\n\t\t<script type=\"application\/ld+json\" class=\"aioseo-schema\">\n\t\t\t{\"@context\":\"https:\\\/\\\/schema.org\",\"@graph\":[{\"@type\":\"BlogPosting\",\"@id\":\"https:\\\/\\\/www.eldigitaldeasturias.com\\\/noticias\\\/reunion-inaugural-del-grupo-de-alto-nivel-para-la-agenda-2030\\\/#blogposting\",\"name\":\"Reuni\\u00f3n inaugural del Grupo de Alto Nivel para la Agenda 2030 - El Digital de Asturias\",\"headline\":\"Reuni\\u00f3n inaugural del Grupo de Alto Nivel para la Agenda 2030\",\"author\":{\"@id\":\"https:\\\/\\\/www.eldigitaldeasturias.com\\\/noticias\\\/author\\\/admin\\\/#author\"},\"publisher\":{\"@id\":\"https:\\\/\\\/www.eldigitaldeasturias.com\\\/noticias\\\/#organization\"},\"image\":{\"@type\":\"ImageObject\",\"url\":957242},\"datePublished\":\"2017-10-23T21:33:30+02:00\",\"dateModified\":\"2017-10-23T21:33:30+02:00\",\"inLanguage\":\"es-ES\",\"mainEntityOfPage\":{\"@id\":\"https:\\\/\\\/www.eldigitaldeasturias.com\\\/noticias\\\/reunion-inaugural-del-grupo-de-alto-nivel-para-la-agenda-2030\\\/#webpage\"},\"isPartOf\":{\"@id\":\"https:\\\/\\\/www.eldigitaldeasturias.com\\\/noticias\\\/reunion-inaugural-del-grupo-de-alto-nivel-para-la-agenda-2030\\\/#webpage\"},\"articleSection\":\"Actualidad\"},{\"@type\":\"BreadcrumbList\",\"@id\":\"https:\\\/\\\/www.eldigitaldeasturias.com\\\/noticias\\\/reunion-inaugural-del-grupo-de-alto-nivel-para-la-agenda-2030\\\/#breadcrumblist\",\"itemListElement\":[{\"@type\":\"ListItem\",\"@id\":\"https:\\\/\\\/www.eldigitaldeasturias.com\\\/noticias#listItem\",\"position\":1,\"name\":\"Home\",\"item\":\"https:\\\/\\\/www.eldigitaldeasturias.com\\\/noticias\",\"nextItem\":{\"@type\":\"ListItem\",\"@id\":\"https:\\\/\\\/www.eldigitaldeasturias.com\\\/noticias\\\/category\\\/actualidad\\\/#listItem\",\"name\":\"Actualidad\"}},{\"@type\":\"ListItem\",\"@id\":\"https:\\\/\\\/www.eldigitaldeasturias.com\\\/noticias\\\/category\\\/actualidad\\\/#listItem\",\"position\":2,\"name\":\"Actualidad\",\"item\":\"https:\\\/\\\/www.eldigitaldeasturias.com\\\/noticias\\\/category\\\/actualidad\\\/\",\"nextItem\":{\"@type\":\"ListItem\",\"@id\":\"https:\\\/\\\/www.eldigitaldeasturias.com\\\/noticias\\\/reunion-inaugural-del-grupo-de-alto-nivel-para-la-agenda-2030\\\/#listItem\",\"name\":\"Reuni\\u00f3n inaugural del Grupo de Alto Nivel para la Agenda 2030\"},\"previousItem\":{\"@type\":\"ListItem\",\"@id\":\"https:\\\/\\\/www.eldigitaldeasturias.com\\\/noticias#listItem\",\"name\":\"Home\"}},{\"@type\":\"ListItem\",\"@id\":\"https:\\\/\\\/www.eldigitaldeasturias.com\\\/noticias\\\/reunion-inaugural-del-grupo-de-alto-nivel-para-la-agenda-2030\\\/#listItem\",\"position\":3,\"name\":\"Reuni\\u00f3n inaugural del Grupo de Alto Nivel para la Agenda 2030\",\"previousItem\":{\"@type\":\"ListItem\",\"@id\":\"https:\\\/\\\/www.eldigitaldeasturias.com\\\/noticias\\\/category\\\/actualidad\\\/#listItem\",\"name\":\"Actualidad\"}}]},{\"@type\":\"Organization\",\"@id\":\"https:\\\/\\\/www.eldigitaldeasturias.com\\\/noticias\\\/#organization\",\"name\":\"El Digital de Asturias\",\"description\":\"Hemeroteca\",\"url\":\"https:\\\/\\\/www.eldigitaldeasturias.com\\\/noticias\\\/\",\"email\":\"info@eldigitaldeasturias.com\",\"telephone\":\"+34652131393\",\"logo\":{\"@type\":\"ImageObject\",\"url\":\"https:\\\/\\\/www.eldigitaldeasturias.com\\\/noticias\\\/wp-content\\\/uploads\\\/2020\\\/12\\\/EDA.jpg\",\"@id\":\"https:\\\/\\\/www.eldigitaldeasturias.com\\\/noticias\\\/reunion-inaugural-del-grupo-de-alto-nivel-para-la-agenda-2030\\\/#organizationLogo\"},\"image\":{\"@id\":\"https:\\\/\\\/www.eldigitaldeasturias.com\\\/noticias\\\/reunion-inaugural-del-grupo-de-alto-nivel-para-la-agenda-2030\\\/#organizationLogo\"},\"sameAs\":[\"https:\\\/\\\/facebook.com\\\/eldigitaldeasturias\",\"https:\\\/\\\/www.youtube.com\\\/channel\\\/UCZP-2wLEB9Rv6erhFmqVnvg\"],\"address\":{\"@id\":\"https:\\\/\\\/www.eldigitaldeasturias.com\\\/noticias\\\/#postaladdress\",\"@type\":\"PostalAddress\",\"streetAddress\":\"san antonio 4\",\"postalCode\":\"33430\",\"addressLocality\":\"Cand\\u00e1s\",\"addressRegion\":\"Asturias\",\"addressCountry\":\"ES\"}},{\"@type\":\"Person\",\"@id\":\"https:\\\/\\\/www.eldigitaldeasturias.com\\\/noticias\\\/author\\\/admin\\\/#author\",\"url\":\"https:\\\/\\\/www.eldigitaldeasturias.com\\\/noticias\\\/author\\\/admin\\\/\",\"name\":\"El Digital de Asturias\",\"image\":{\"@type\":\"ImageObject\",\"@id\":\"https:\\\/\\\/www.eldigitaldeasturias.com\\\/noticias\\\/reunion-inaugural-del-grupo-de-alto-nivel-para-la-agenda-2030\\\/#authorImage\",\"url\":\"https:\\\/\\\/secure.gravatar.com\\\/avatar\\\/df2aeffc32bcd13f8d26072ef8a91b623d677766deac7f97ca815868cd41bf5e?s=96&d=mm&r=g\",\"width\":96,\"height\":96,\"caption\":\"El Digital de Asturias\"}},{\"@type\":\"WebPage\",\"@id\":\"https:\\\/\\\/www.eldigitaldeasturias.com\\\/noticias\\\/reunion-inaugural-del-grupo-de-alto-nivel-para-la-agenda-2030\\\/#webpage\",\"url\":\"https:\\\/\\\/www.eldigitaldeasturias.com\\\/noticias\\\/reunion-inaugural-del-grupo-de-alto-nivel-para-la-agenda-2030\\\/\",\"name\":\"Reuni\\u00f3n inaugural del Grupo de Alto Nivel para la Agenda 2030 - El Digital de Asturias\",\"description\":\"Se ha celebrado en el Palacio de Viana la reuni\\u00f3n inaugural del Grupo de Alto Nivel para la Agenda 2030. El Grupo de Alto Nivel, fue creado el pasado 28 de septiembre por la Comisi\\u00f3n Delegada del Gobierno para Asuntos Econ\\u00f3micos. \\u200bEl Grupo de Alto Nivel est\\u00e1 presidido por el ministro de Asuntos Exteriores y\",\"inLanguage\":\"es-ES\",\"isPartOf\":{\"@id\":\"https:\\\/\\\/www.eldigitaldeasturias.com\\\/noticias\\\/#website\"},\"breadcrumb\":{\"@id\":\"https:\\\/\\\/www.eldigitaldeasturias.com\\\/noticias\\\/reunion-inaugural-del-grupo-de-alto-nivel-para-la-agenda-2030\\\/#breadcrumblist\"},\"author\":{\"@id\":\"https:\\\/\\\/www.eldigitaldeasturias.com\\\/noticias\\\/author\\\/admin\\\/#author\"},\"creator\":{\"@id\":\"https:\\\/\\\/www.eldigitaldeasturias.com\\\/noticias\\\/author\\\/admin\\\/#author\"},\"image\":{\"@type\":\"ImageObject\",\"url\":957242,\"@id\":\"https:\\\/\\\/www.eldigitaldeasturias.com\\\/noticias\\\/reunion-inaugural-del-grupo-de-alto-nivel-para-la-agenda-2030\\\/#mainImage\"},\"primaryImageOfPage\":{\"@id\":\"https:\\\/\\\/www.eldigitaldeasturias.com\\\/noticias\\\/reunion-inaugural-del-grupo-de-alto-nivel-para-la-agenda-2030\\\/#mainImage\"},\"datePublished\":\"2017-10-23T21:33:30+02:00\",\"dateModified\":\"2017-10-23T21:33:30+02:00\"},{\"@type\":\"WebSite\",\"@id\":\"https:\\\/\\\/www.eldigitaldeasturias.com\\\/noticias\\\/#website\",\"url\":\"https:\\\/\\\/www.eldigitaldeasturias.com\\\/noticias\\\/\",\"name\":\"El Digital de Asturias - Diario de actualidad y noticias\",\"alternateName\":\"El Digital de Asturias - Diario de actualidad y noticias\",\"description\":\"Hemeroteca\",\"inLanguage\":\"es-ES\",\"publisher\":{\"@id\":\"https:\\\/\\\/www.eldigitaldeasturias.com\\\/noticias\\\/#organization\"}}]}\n\t\t<\/script>\n\t\t<!-- All in One SEO Pro -->\r\n\t\t<title>Reuni\u00f3n inaugural del Grupo de Alto Nivel para la Agenda 2030 - El Digital de Asturias<\/title>\n\n","aioseo_head_json":{"title":"Reuni\u00f3n inaugural del Grupo de Alto Nivel para la Agenda 2030 - El Digital de Asturias","description":"Se ha celebrado en el Palacio de Viana la reuni\u00f3n inaugural del Grupo de Alto Nivel para la Agenda 2030. El Grupo de Alto Nivel, fue creado el pasado 28 de septiembre por la Comisi\u00f3n Delegada del Gobierno para Asuntos Econ\u00f3micos. \u200bEl Grupo de Alto Nivel est\u00e1 presidido por el ministro de Asuntos Exteriores y","canonical_url":"https:\/\/www.eldigitaldeasturias.com\/noticias\/reunion-inaugural-del-grupo-de-alto-nivel-para-la-agenda-2030\/","robots":"max-image-preview:large","keywords":"actualidad","webmasterTools":{"google-site-verification":"UA-38556648-1","msvalidate.01":"7dfe9f3f1b24437ab69f4f2559babe99","miscellaneous":""},"schema":{"@context":"https:\/\/schema.org","@graph":[{"@type":"BlogPosting","@id":"https:\/\/www.eldigitaldeasturias.com\/noticias\/reunion-inaugural-del-grupo-de-alto-nivel-para-la-agenda-2030\/#blogposting","name":"Reuni\u00f3n inaugural del Grupo de Alto Nivel para la Agenda 2030 - El Digital de Asturias","headline":"Reuni\u00f3n inaugural del Grupo de Alto Nivel para la Agenda 2030","author":{"@id":"https:\/\/www.eldigitaldeasturias.com\/noticias\/author\/admin\/#author"},"publisher":{"@id":"https:\/\/www.eldigitaldeasturias.com\/noticias\/#organization"},"image":{"@type":"ImageObject","url":957242},"datePublished":"2017-10-23T21:33:30+02:00","dateModified":"2017-10-23T21:33:30+02:00","inLanguage":"es-ES","mainEntityOfPage":{"@id":"https:\/\/www.eldigitaldeasturias.com\/noticias\/reunion-inaugural-del-grupo-de-alto-nivel-para-la-agenda-2030\/#webpage"},"isPartOf":{"@id":"https:\/\/www.eldigitaldeasturias.com\/noticias\/reunion-inaugural-del-grupo-de-alto-nivel-para-la-agenda-2030\/#webpage"},"articleSection":"Actualidad"},{"@type":"BreadcrumbList","@id":"https:\/\/www.eldigitaldeasturias.com\/noticias\/reunion-inaugural-del-grupo-de-alto-nivel-para-la-agenda-2030\/#breadcrumblist","itemListElement":[{"@type":"ListItem","@id":"https:\/\/www.eldigitaldeasturias.com\/noticias#listItem","position":1,"name":"Home","item":"https:\/\/www.eldigitaldeasturias.com\/noticias","nextItem":{"@type":"ListItem","@id":"https:\/\/www.eldigitaldeasturias.com\/noticias\/category\/actualidad\/#listItem","name":"Actualidad"}},{"@type":"ListItem","@id":"https:\/\/www.eldigitaldeasturias.com\/noticias\/category\/actualidad\/#listItem","position":2,"name":"Actualidad","item":"https:\/\/www.eldigitaldeasturias.com\/noticias\/category\/actualidad\/","nextItem":{"@type":"ListItem","@id":"https:\/\/www.eldigitaldeasturias.com\/noticias\/reunion-inaugural-del-grupo-de-alto-nivel-para-la-agenda-2030\/#listItem","name":"Reuni\u00f3n inaugural del Grupo de Alto Nivel para la Agenda 2030"},"previousItem":{"@type":"ListItem","@id":"https:\/\/www.eldigitaldeasturias.com\/noticias#listItem","name":"Home"}},{"@type":"ListItem","@id":"https:\/\/www.eldigitaldeasturias.com\/noticias\/reunion-inaugural-del-grupo-de-alto-nivel-para-la-agenda-2030\/#listItem","position":3,"name":"Reuni\u00f3n inaugural del Grupo de Alto Nivel para la Agenda 2030","previousItem":{"@type":"ListItem","@id":"https:\/\/www.eldigitaldeasturias.com\/noticias\/category\/actualidad\/#listItem","name":"Actualidad"}}]},{"@type":"Organization","@id":"https:\/\/www.eldigitaldeasturias.com\/noticias\/#organization","name":"El Digital de Asturias","description":"Hemeroteca","url":"https:\/\/www.eldigitaldeasturias.com\/noticias\/","email":"info@eldigitaldeasturias.com","telephone":"+34652131393","logo":{"@type":"ImageObject","url":"https:\/\/www.eldigitaldeasturias.com\/noticias\/wp-content\/uploads\/2020\/12\/EDA.jpg","@id":"https:\/\/www.eldigitaldeasturias.com\/noticias\/reunion-inaugural-del-grupo-de-alto-nivel-para-la-agenda-2030\/#organizationLogo"},"image":{"@id":"https:\/\/www.eldigitaldeasturias.com\/noticias\/reunion-inaugural-del-grupo-de-alto-nivel-para-la-agenda-2030\/#organizationLogo"},"sameAs":["https:\/\/facebook.com\/eldigitaldeasturias","https:\/\/www.youtube.com\/channel\/UCZP-2wLEB9Rv6erhFmqVnvg"],"address":{"@id":"https:\/\/www.eldigitaldeasturias.com\/noticias\/#postaladdress","@type":"PostalAddress","streetAddress":"san antonio 4","postalCode":"33430","addressLocality":"Cand\u00e1s","addressRegion":"Asturias","addressCountry":"ES"}},{"@type":"Person","@id":"https:\/\/www.eldigitaldeasturias.com\/noticias\/author\/admin\/#author","url":"https:\/\/www.eldigitaldeasturias.com\/noticias\/author\/admin\/","name":"El Digital de Asturias","image":{"@type":"ImageObject","@id":"https:\/\/www.eldigitaldeasturias.com\/noticias\/reunion-inaugural-del-grupo-de-alto-nivel-para-la-agenda-2030\/#authorImage","url":"https:\/\/secure.gravatar.com\/avatar\/df2aeffc32bcd13f8d26072ef8a91b623d677766deac7f97ca815868cd41bf5e?s=96&d=mm&r=g","width":96,"height":96,"caption":"El Digital de Asturias"}},{"@type":"WebPage","@id":"https:\/\/www.eldigitaldeasturias.com\/noticias\/reunion-inaugural-del-grupo-de-alto-nivel-para-la-agenda-2030\/#webpage","url":"https:\/\/www.eldigitaldeasturias.com\/noticias\/reunion-inaugural-del-grupo-de-alto-nivel-para-la-agenda-2030\/","name":"Reuni\u00f3n inaugural del Grupo de Alto Nivel para la Agenda 2030 - El Digital de Asturias","description":"Se ha celebrado en el Palacio de Viana la reuni\u00f3n inaugural del Grupo de Alto Nivel para la Agenda 2030. El Grupo de Alto Nivel, fue creado el pasado 28 de septiembre por la Comisi\u00f3n Delegada del Gobierno para Asuntos Econ\u00f3micos. \u200bEl Grupo de Alto Nivel est\u00e1 presidido por el ministro de Asuntos Exteriores y","inLanguage":"es-ES","isPartOf":{"@id":"https:\/\/www.eldigitaldeasturias.com\/noticias\/#website"},"breadcrumb":{"@id":"https:\/\/www.eldigitaldeasturias.com\/noticias\/reunion-inaugural-del-grupo-de-alto-nivel-para-la-agenda-2030\/#breadcrumblist"},"author":{"@id":"https:\/\/www.eldigitaldeasturias.com\/noticias\/author\/admin\/#author"},"creator":{"@id":"https:\/\/www.eldigitaldeasturias.com\/noticias\/author\/admin\/#author"},"image":{"@type":"ImageObject","url":957242,"@id":"https:\/\/www.eldigitaldeasturias.com\/noticias\/reunion-inaugural-del-grupo-de-alto-nivel-para-la-agenda-2030\/#mainImage"},"primaryImageOfPage":{"@id":"https:\/\/www.eldigitaldeasturias.com\/noticias\/reunion-inaugural-del-grupo-de-alto-nivel-para-la-agenda-2030\/#mainImage"},"datePublished":"2017-10-23T21:33:30+02:00","dateModified":"2017-10-23T21:33:30+02:00"},{"@type":"WebSite","@id":"https:\/\/www.eldigitaldeasturias.com\/noticias\/#website","url":"https:\/\/www.eldigitaldeasturias.com\/noticias\/","name":"El Digital de Asturias - Diario de actualidad y noticias","alternateName":"El Digital de Asturias - Diario de actualidad y noticias","description":"Hemeroteca","inLanguage":"es-ES","publisher":{"@id":"https:\/\/www.eldigitaldeasturias.com\/noticias\/#organization"}}]},"og:locale":"es_ES","og:site_name":"El Digital de Asturias","og:type":"article","og:title":"Reuni\u00f3n inaugural del Grupo de Alto Nivel para la Agenda 2030 - El Digital de Asturias","og:description":"Se ha celebrado en el Palacio de Viana la reuni\u00f3n inaugural del Grupo de Alto Nivel para la Agenda 2030. El Grupo de Alto Nivel, fue creado el pasado 28 de septiembre por la Comisi\u00f3n Delegada del Gobierno para Asuntos Econ\u00f3micos. \u200bEl Grupo de Alto Nivel est\u00e1 presidido por el ministro de Asuntos Exteriores y","og:url":"https:\/\/www.eldigitaldeasturias.com\/noticias\/reunion-inaugural-del-grupo-de-alto-nivel-para-la-agenda-2030\/","article:tag":["actualidad"],"article:published_time":"2017-10-23T21:33:30+00:00","article:modified_time":"2017-10-23T21:33:30+00:00","article:publisher":"https:\/\/facebook.com\/eldigitaldeasturias","twitter:card":"summary_large_image","twitter:title":"Reuni\u00f3n inaugural del Grupo de Alto Nivel para la Agenda 2030 - El Digital de Asturias","twitter:description":"Se ha celebrado en el Palacio de Viana la reuni\u00f3n inaugural del Grupo de Alto Nivel para la Agenda 2030. El Grupo de Alto Nivel, fue creado el pasado 28 de septiembre por la Comisi\u00f3n Delegada del Gobierno para Asuntos Econ\u00f3micos. \u200bEl Grupo de Alto Nivel est\u00e1 presidido por el ministro de Asuntos Exteriores y","twitter:image":"https:\/\/www.eldigitaldeasturias.com\/noticias\/wp-content\/uploads\/2020\/12\/EDA-1.jpg","twitter:label1":"Escrito por","twitter:data1":"El Digital de Asturias","twitter:label2":"Tiempo de lectura estimado","twitter:data2":"1 minuto"},"aioseo_meta_data":{"post_id":"957241","title":null,"description":null,"keywords":null,"keyphrases":null,"primary_term":null,"canonical_url":null,"og_title":null,"og_description":null,"og_object_type":"default","og_image_type":"default","og_image_url":null,"og_image_width":null,"og_image_height":null,"og_image_custom_url":null,"og_image_custom_fields":null,"og_video":null,"og_custom_url":null,"og_article_section":null,"og_article_tags":null,"twitter_use_og":false,"twitter_card":"default","twitter_image_type":"default","twitter_image_url":null,"twitter_image_custom_url":null,"twitter_image_custom_fields":null,"twitter_title":null,"twitter_description":null,"schema":{"blockGraphs":[],"customGraphs":[],"default":{"data":{"Article":[],"Course":[],"Dataset":[],"FAQPage":[],"Movie":[],"Person":[],"Product":[],"ProductReview":[],"Car":[],"Recipe":[],"Service":[],"SoftwareApplication":[],"WebPage":[]},"graphName":"","isEnabled":true},"graphs":[],"defaultGraph":"","defaultPostTypeGraph":""},"schema_type":null,"schema_type_options":null,"pillar_content":false,"robots_default":true,"robots_noindex":false,"robots_noarchive":false,"robots_nosnippet":false,"robots_nofollow":false,"robots_noimageindex":false,"robots_noodp":false,"robots_notranslate":false,"robots_max_snippet":null,"robots_max_videopreview":null,"robots_max_imagepreview":"large","priority":null,"frequency":null,"local_seo":null,"seo_analyzer_scan_date":"2025-12-06 16:44:09","breadcrumb_settings":null,"limit_modified_date":false,"open_ai":null,"ai":null,"created":"2020-12-21 11:12:23","updated":"2025-12-06 16:44:09","focus_keyword":null,"additional_keywords":null,"truseo_locale":null},"aioseo_breadcrumb":"<div class=\"aioseo-breadcrumbs\"><span class=\"aioseo-breadcrumb\">\n\t<a href=\"https:\/\/www.eldigitaldeasturias.com\/noticias\" title=\"Home\">Home<\/a>\n<\/span><span class=\"aioseo-breadcrumb-separator\">\u2013<\/span><span class=\"aioseo-breadcrumb\">\n\t<a href=\"https:\/\/www.eldigitaldeasturias.com\/noticias\/category\/actualidad\/\" title=\"Actualidad\">Actualidad<\/a>\n<\/span><span class=\"aioseo-breadcrumb-separator\">\u2013<\/span><span class=\"aioseo-breadcrumb\">\n\t<a href=\"https:\/\/www.eldigitaldeasturias.com\/noticias\/reunion-inaugural-del-grupo-de-alto-nivel-para-la-agenda-2030\/\" title=\"Reuni\u00f3n inaugural del Grupo de Alto Nivel para la Agenda 2030\">Reuni\u00f3n inaugural del Grupo de Alto Nivel para la Agenda 2030<\/a>\n<\/span><\/div>","aioseo_breadcrumb_json":[{"label":"Home","link":"https:\/\/www.eldigitaldeasturias.com\/noticias"},{"label":"Actualidad","link":"https:\/\/www.eldigitaldeasturias.com\/noticias\/category\/actualidad\/"},{"label":"Reuni\u00f3n inaugural del Grupo de Alto Nivel para la Agenda 2030","link":"https:\/\/www.eldigitaldeasturias.com\/noticias\/reunion-inaugural-del-grupo-de-alto-nivel-para-la-agenda-2030\/"}],"_links":{"self":[{"href":"https:\/\/www.eldigitaldeasturias.com\/noticias\/wp-json\/wp\/v2\/posts\/957241","targetHints":{"allow":["GET"]}}],"collection":[{"href":"https:\/\/www.eldigitaldeasturias.com\/noticias\/wp-json\/wp\/v2\/posts"}],"about":[{"href":"https:\/\/www.eldigitaldeasturias.com\/noticias\/wp-json\/wp\/v2\/types\/post"}],"author":[{"embeddable":true,"href":"https:\/\/www.eldigitaldeasturias.com\/noticias\/wp-json\/wp\/v2\/users\/1"}],"replies":[{"embeddable":true,"href":"https:\/\/www.eldigitaldeasturias.com\/noticias\/wp-json\/wp\/v2\/comments?post=957241"}],"version-history":[{"count":0,"href":"https:\/\/www.eldigitaldeasturias.com\/noticias\/wp-json\/wp\/v2\/posts\/957241\/revisions"}],"wp:attachment":[{"href":"https:\/\/www.eldigitaldeasturias.com\/noticias\/wp-json\/wp\/v2\/media?parent=957241"}],"wp:term":[{"taxonomy":"category","embeddable":true,"href":"https:\/\/www.eldigitaldeasturias.com\/noticias\/wp-json\/wp\/v2\/categories?post=957241"},{"taxonomy":"post_tag","embeddable":true,"href":"https:\/\/www.eldigitaldeasturias.com\/noticias\/wp-json\/wp\/v2\/tags?post=957241"}],"curies":[{"name":"wp","href":"https:\/\/api.w.org\/{rel}","templated":true}]}}