{"id":957238,"date":"2017-10-23T21:32:05","date_gmt":"2017-10-23T21:32:05","guid":{"rendered":"http:\/\/www.eldigitaldeasturias.com\/noticias\/?p=957238"},"modified":"2017-10-23T21:32:05","modified_gmt":"2017-10-23T21:32:05","slug":"espana-mejora-sus-resultados-en-igualdad-de-genero","status":"publish","type":"post","link":"https:\/\/www.eldigitaldeasturias.com\/noticias\/espana-mejora-sus-resultados-en-igualdad-de-genero\/","title":{"rendered":"Espa\u00f1a mejora sus resultados en Igualdad de G\u00e9nero"},"content":{"rendered":"<p><img loading=\"lazy\" decoding=\"async\" class=\"alignleft size-medium wp-image-957239\" src=\"https:\/\/www.eldigitaldeasturias.com\/noticias\/wp-content\/uploads\/2017\/10\/231017_luxemburgo-360x239.jpg\" alt=\"\" width=\"360\" height=\"239\" \/>La ministra de Empleo y Seguridad Social, F\u00e1tima B\u00e1\u00f1ez, ha respaldado el Pilar Social de la UE durante su intervenci\u00f3n en el Consejo de Empleo, Pol\u00edtica Social, Sanidad y Consumidores (EPSCO), que ha tenido lugar en Luxemburgo.\u00bbLa mejor pol\u00edtica social es garantizar un crecimiento sostenido y sostenible creador de empleo que garantice la cohesi\u00f3n social. Por ello, Espa\u00f1a apoya el Pilar Europeo de Derechos Sociales, aprobado por el Consejo, que contempla el derecho de los trabajadores a salarios que permitan un nivel de vida decente y una protecci\u00f3n social adecuada\u00bb, ha dicho.<\/p>\n<p>\u200bTras la aprobaci\u00f3n del Pilar Europeo de Derechos Sociales por el Consejo, su proclamaci\u00f3n definitiva tendr\u00e1 lugar en noviembre por parte de los jefes de Gobierno, en Gotemburgo (Suecia).<\/p>\n<p>Los ministros europeos se han reunido hoy en Luxemburgo para abordar el Pilar Europeo de Derechos Sociales, el desplazamiento de trabajadores, el Semestre Europeo y el \u00cdndice del Instituto Europeo de Igualdad de G\u00e9nero, entre otros asuntos.<\/p>\n<p>En cuanto al desplazamiento de trabajadores, B\u00e1nez se\u00f1al\u00f3 que Espa\u00f1a est\u00e1 a favor de que la duraci\u00f3n m\u00e1xima sea de 24 meses -a partir de este plazo se aplicar\u00edan todas las leyes laborales del pa\u00eds de destino- por considerar que supone \u00abun equilibrio razonable entre la naturaleza temporal de dicho desplazamiento y la garant\u00eda de los trabajadores\u00bb. Espa\u00f1a tambi\u00e9n apoya el principio de que los trabajadores desplazados cobren el mismo sueldo que los locales por la misma labor, y no solo el salario m\u00ednimo como fijan las normas actuales.<\/p>\n<p>\u00abTenemos que mantener un equilibrio entre la libre circulaci\u00f3n de personas y prestaci\u00f3n de servicios sin que la producci\u00f3n y la competitividad se vean afectadas\u00bb, afirm\u00f3 la ministra, quien confi\u00f3 en que hoy se llegar\u00e1 a un acuerdo si los pa\u00edses \u00abbuscan puntos de encuentro desde la generosidad\u00bb.<\/p>\n<p>Sin embargo, la ministra espa\u00f1ola defendi\u00f3 ante sus hom\u00f3logos de la UE que deben encontrarse \u00absoluciones espec\u00edficas\u00bb para el sector del transporte internacional en las nuevas normas para trabajadores desplazados, aplazando la aplicaci\u00f3n de la directiva en este sector hasta que se apruebe el llamado \u00abPaquete de Movilidad\u00bb que actualmente negocian los pa\u00edses europeos.<\/p>\n<p>Respecto al Pilar Europeo, B\u00e1\u00f1ez ha comunicado que Espa\u00f1a ya ha adoptado reformas y medidas en l\u00ednea con el contenido del Pilar, en especial en materia de conciliaci\u00f3n, como el incremento a 12 a\u00f1os de la edad que da derecho a la reducci\u00f3n de jornada, o el incremento de 4 semanas del permiso de paternidad.<\/p>\n<p>Para la ministra el refuerzo de la dimensi\u00f3n social no puede desligarse del proceso general de mayor y mejor integraci\u00f3n de la uni\u00f3n econ\u00f3mica y, en concreto, del desarrollo y ampliaci\u00f3n de la Uni\u00f3n Econ\u00f3mica y Monetaria. Para ello, en su opini\u00f3n, el mercado interior debe funcionar eficientemente de forma que sus beneficios lleguen a todos los ciudadanos.<\/p>\n<p><strong>Semestre europeo: avance de las pol\u00edticas econ\u00f3micas<\/strong><\/p>\n<p>En relaci\u00f3n con el semestre europeo, la responsable de Empleo se ha mostrado orgullosa de los avances realizados en los \u00faltimos a\u00f1os en la coordinaci\u00f3n de las pol\u00edticas econ\u00f3micas europeas. Respecto a Espa\u00f1a, ha destacado su aportaci\u00f3n de casi un quinto del incremento del empleo en la Uni\u00f3n entre 2014 y 2016: \u00abSeguimos creando empleo, a una tasa del 3,5% anual, 625.000 empleos m\u00e1s en los \u00faltimos doce meses, y la contrataci\u00f3n indefinida avanza a un ritmo anual del 15,4%\u00bb.<\/p>\n<p>Ello ha permitido que, seg\u00fan Eurostat, desde 2014 el 41,8% de las personas que han abandonado la situaci\u00f3n de riesgo de pobreza en la Zona Euro lo hace en Espa\u00f1a.<\/p>\n<p>No obstante, seg\u00fan ha matizado la ministra, el mercado europeo de trabajo est\u00e1 cambiando a gran velocidad y hay que seguir haciendo esfuerzos. \u00abEspa\u00f1a -ha dicho- est\u00e1 a punto de aprobar su nueva estrategia plurianual de empleo y emprendimiento, con el objetivo de crear m\u00e1s y mejor empleo, sin dejar a nadie de lado en la recuperaci\u00f3n\u00bb. Por ello, para B\u00e1\u00f1ez las prioridades se han fijado en los j\u00f3venes, en los parados de larga duraci\u00f3n y en los desempleados de m\u00e1s edad, as\u00ed como en la modernizaci\u00f3n de los servicios de empleo, con una apuesta por la atenci\u00f3n individualizada.<\/p>\n<p>Una de las claves es, para la ministra, la formaci\u00f3n, y ha informado de que en Espa\u00f1a se ha reducido la tasa de abandono juvenil e impulsado los esquemas de formaci\u00f3n y aprendizaje, as\u00ed como la formaci\u00f3n en el empleo. Asimismo, se ha referido al desarrollo de la garant\u00eda juvenil \u00abque est\u00e1 siendo de gran importancia en este proceso, que estamos desarrollando de forma simult\u00e1nea con la modernizaci\u00f3n de nuestros servicios de empleo\u00bb.<\/p>\n<p>Otro de los puntos abordados en el Consejo ha sido la libre movilidad de trabajadores que, a juicio de la ministra, constituye \u00abuna pieza fundamental de nuestra uni\u00f3n\u00bb. B\u00e1\u00f1ez tambi\u00e9n ha subrayado la importancia de que las empresas dispongan de un entorno de estabilidad y de una regulaci\u00f3n adecuada para que puedan ser competitivas.<\/p>\n<p>B\u00e1\u00f1ez considera que es preciso mantener un equilibrio entre libre circulaci\u00f3n de personas y de prestaci\u00f3n de servicios sin que se vea afectada la productividad y la competitividad. Pero es a\u00fan m\u00e1s importante, ha matizado la ministra, que el ejercicio efectivo de esa libertad tenga normas que garanticen una protecci\u00f3n social adecuada a los ciudadanos que se desplazan entre los pa\u00edses europeos para trabajar o para buscar empleo.<\/p>\n<p>En este sentido, la ministra se ha referido al trabajado realizado por Espa\u00f1a para impulsar el desplazamiento de trabajadores, obteniendo el m\u00e1ximo provecho del mercado interior europeo y garantizando plenamente sus derechos laborales y sociales.<\/p>\n<p><strong>Espa\u00f1a mejora sus resultados en Igualdad de G\u00e9nero<\/strong><\/p>\n<p>Los participantes en el Consejo han analizado tambi\u00e9n los resultados de la nueva edici\u00f3n del \u00cdndice de Igualdad de G\u00e9nero, cuya finalidad es medir y valorar el progreso en esta materia en los estados miembros de la UE. El \u00cdndice est\u00e1 compuesto por seis dominios principales (trabajo, dinero, conocimiento, tiempo, poder y salud).<\/p>\n<p>En este \u00cdndice, Espa\u00f1a es uno de los cuatro pa\u00edses que han conseguido mejorar sus resultados en los seis dominios principales, pasando de un valor de \u00edndice de un 62,2 a un 68,3, lo que significa un aumento de 6,1 puntos y situ\u00e1ndose 2,1 puntos por encima de la media de la UE. En t\u00e9rminos de la media europea el \u00edndice ha pasado desde 2005 hasta 2015 del 62,0 a 66,2.<\/p>\n<p>Este, que se hizo p\u00fablico el pasado 11 de octubre, es una forma de medir la desigualdad de g\u00e9nero cuya finalidad es la de valorar la situaci\u00f3n y supervisar el progreso en esta materia en los estados miembros de la UE-28 a lo largo del tiempo.<\/p>\n<p>Este \u00edndice est\u00e1 compuesto por seis dominios principales (trabajo, dinero, conocimiento, tiempo, poder, y salud) y dos dominios sat\u00e9lites (violencia y desigualdades cruzadas). En esta edici\u00f3n de 2017 se utilizan datos de 2005, 2010, 2012 y 2015.<\/p>\n","protected":false},"excerpt":{"rendered":"<p>La ministra de Empleo y Seguridad Social, F\u00e1tima B\u00e1\u00f1ez, ha respaldado el Pilar Social de la UE durante su intervenci\u00f3n en el Consejo de Empleo, Pol\u00edtica Social, Sanidad y Consumidores (EPSCO), que ha tenido lugar en Luxemburgo.\u00bbLa mejor pol\u00edtica social es garantizar un crecimiento sostenido y sostenible creador de empleo que garantice la cohesi\u00f3n social. [&hellip;]<\/p>\n","protected":false},"author":1,"featured_media":957239,"comment_status":"closed","ping_status":"closed","sticky":false,"template":"","format":"standard","meta":{"footnotes":""},"categories":[1],"tags":[],"class_list":["post-957238","post","type-post","status-publish","format-standard","has-post-thumbnail","hentry","category-actualidad"],"aioseo_notices":[],"aioseo_head":"\n\t\t<!-- All in One SEO Pro 5.0.1 - aioseo.com -->\n\t<meta name=\"description\" content=\"La ministra de Empleo y Seguridad Social, F\u00e1tima B\u00e1\u00f1ez, ha respaldado el Pilar Social de la UE durante su intervenci\u00f3n en el Consejo de Empleo, Pol\u00edtica Social, Sanidad y Consumidores (EPSCO), que ha tenido lugar en Luxemburgo.&quot;La mejor pol\u00edtica social es garantizar un crecimiento sostenido y sostenible creador de empleo que garantice la cohesi\u00f3n social.\" \/>\n\t<meta name=\"robots\" content=\"max-image-preview:large\" \/>\n\t<meta name=\"author\" content=\"El Digital de Asturias\"\/>\n\t<meta name=\"google-site-verification\" content=\"UA-38556648-1\" \/>\n\t<meta name=\"msvalidate.01\" content=\"7dfe9f3f1b24437ab69f4f2559babe99\" \/>\n\t<meta name=\"keywords\" content=\"actualidad\" \/>\n\t<link rel=\"canonical\" href=\"https:\/\/www.eldigitaldeasturias.com\/noticias\/espana-mejora-sus-resultados-en-igualdad-de-genero\/\" \/>\n\t<meta name=\"generator\" content=\"All in One SEO Pro (AIOSEO) 5.0.1\" \/>\n\t\t<meta property=\"og:locale\" content=\"es_ES\" \/>\n\t\t<meta property=\"og:site_name\" content=\"El Digital de Asturias\" \/>\n\t\t<meta property=\"og:type\" content=\"article\" \/>\n\t\t<meta property=\"og:title\" content=\"Espa\u00f1a mejora sus resultados en Igualdad de G\u00e9nero - El Digital de Asturias\" \/>\n\t\t<meta property=\"og:description\" content=\"La ministra de Empleo y Seguridad Social, F\u00e1tima B\u00e1\u00f1ez, ha respaldado el Pilar Social de la UE durante su intervenci\u00f3n en el Consejo de Empleo, Pol\u00edtica Social, Sanidad y Consumidores (EPSCO), que ha tenido lugar en Luxemburgo.&quot;La mejor pol\u00edtica social es garantizar un crecimiento sostenido y sostenible creador de empleo que garantice la cohesi\u00f3n social.\" \/>\n\t\t<meta property=\"og:url\" content=\"https:\/\/www.eldigitaldeasturias.com\/noticias\/espana-mejora-sus-resultados-en-igualdad-de-genero\/\" \/>\n\t\t<meta property=\"article:tag\" content=\"actualidad\" \/>\n\t\t<meta property=\"article:published_time\" content=\"2017-10-23T21:32:05+00:00\" \/>\n\t\t<meta property=\"article:modified_time\" content=\"2017-10-23T21:32:05+00:00\" \/>\n\t\t<meta property=\"article:publisher\" content=\"https:\/\/facebook.com\/eldigitaldeasturias\" \/>\n\t\t<meta name=\"twitter:card\" content=\"summary_large_image\" \/>\n\t\t<meta name=\"twitter:title\" content=\"Espa\u00f1a mejora sus resultados en Igualdad de G\u00e9nero - El Digital de Asturias\" \/>\n\t\t<meta name=\"twitter:description\" content=\"La ministra de Empleo y Seguridad Social, F\u00e1tima B\u00e1\u00f1ez, ha respaldado el Pilar Social de la UE durante su intervenci\u00f3n en el Consejo de Empleo, Pol\u00edtica Social, Sanidad y Consumidores (EPSCO), que ha tenido lugar en Luxemburgo.&quot;La mejor pol\u00edtica social es garantizar un crecimiento sostenido y sostenible creador de empleo que garantice la cohesi\u00f3n social.\" \/>\n\t\t<meta name=\"twitter:image\" content=\"https:\/\/www.eldigitaldeasturias.com\/noticias\/wp-content\/uploads\/2020\/12\/EDA-1.jpg\" \/>\n\t\t<meta name=\"twitter:label1\" content=\"Escrito por\" \/>\n\t\t<meta name=\"twitter:data1\" content=\"El Digital de Asturias\" \/>\n\t\t<meta name=\"twitter:label2\" content=\"Tiempo de lectura estimado\" \/>\n\t\t<meta name=\"twitter:data2\" content=\"6 minutos\" \/>\n\t\t<script type=\"application\/ld+json\" class=\"aioseo-schema\">\n\t\t\t{\"@context\":\"https:\\\/\\\/schema.org\",\"@graph\":[{\"@type\":\"BlogPosting\",\"@id\":\"https:\\\/\\\/www.eldigitaldeasturias.com\\\/noticias\\\/espana-mejora-sus-resultados-en-igualdad-de-genero\\\/#blogposting\",\"name\":\"Espa\\u00f1a mejora sus resultados en Igualdad de G\\u00e9nero - El Digital de Asturias\",\"headline\":\"Espa\\u00f1a mejora sus resultados en Igualdad de G\\u00e9nero\",\"author\":{\"@id\":\"https:\\\/\\\/www.eldigitaldeasturias.com\\\/noticias\\\/author\\\/admin\\\/#author\"},\"publisher\":{\"@id\":\"https:\\\/\\\/www.eldigitaldeasturias.com\\\/noticias\\\/#organization\"},\"image\":{\"@type\":\"ImageObject\",\"url\":957239},\"datePublished\":\"2017-10-23T21:32:05+02:00\",\"dateModified\":\"2017-10-23T21:32:05+02:00\",\"inLanguage\":\"es-ES\",\"mainEntityOfPage\":{\"@id\":\"https:\\\/\\\/www.eldigitaldeasturias.com\\\/noticias\\\/espana-mejora-sus-resultados-en-igualdad-de-genero\\\/#webpage\"},\"isPartOf\":{\"@id\":\"https:\\\/\\\/www.eldigitaldeasturias.com\\\/noticias\\\/espana-mejora-sus-resultados-en-igualdad-de-genero\\\/#webpage\"},\"articleSection\":\"Actualidad\"},{\"@type\":\"BreadcrumbList\",\"@id\":\"https:\\\/\\\/www.eldigitaldeasturias.com\\\/noticias\\\/espana-mejora-sus-resultados-en-igualdad-de-genero\\\/#breadcrumblist\",\"itemListElement\":[{\"@type\":\"ListItem\",\"@id\":\"https:\\\/\\\/www.eldigitaldeasturias.com\\\/noticias#listItem\",\"position\":1,\"name\":\"Home\",\"item\":\"https:\\\/\\\/www.eldigitaldeasturias.com\\\/noticias\",\"nextItem\":{\"@type\":\"ListItem\",\"@id\":\"https:\\\/\\\/www.eldigitaldeasturias.com\\\/noticias\\\/category\\\/actualidad\\\/#listItem\",\"name\":\"Actualidad\"}},{\"@type\":\"ListItem\",\"@id\":\"https:\\\/\\\/www.eldigitaldeasturias.com\\\/noticias\\\/category\\\/actualidad\\\/#listItem\",\"position\":2,\"name\":\"Actualidad\",\"item\":\"https:\\\/\\\/www.eldigitaldeasturias.com\\\/noticias\\\/category\\\/actualidad\\\/\",\"nextItem\":{\"@type\":\"ListItem\",\"@id\":\"https:\\\/\\\/www.eldigitaldeasturias.com\\\/noticias\\\/espana-mejora-sus-resultados-en-igualdad-de-genero\\\/#listItem\",\"name\":\"Espa\\u00f1a mejora sus resultados en Igualdad de G\\u00e9nero\"},\"previousItem\":{\"@type\":\"ListItem\",\"@id\":\"https:\\\/\\\/www.eldigitaldeasturias.com\\\/noticias#listItem\",\"name\":\"Home\"}},{\"@type\":\"ListItem\",\"@id\":\"https:\\\/\\\/www.eldigitaldeasturias.com\\\/noticias\\\/espana-mejora-sus-resultados-en-igualdad-de-genero\\\/#listItem\",\"position\":3,\"name\":\"Espa\\u00f1a mejora sus resultados en Igualdad de G\\u00e9nero\",\"previousItem\":{\"@type\":\"ListItem\",\"@id\":\"https:\\\/\\\/www.eldigitaldeasturias.com\\\/noticias\\\/category\\\/actualidad\\\/#listItem\",\"name\":\"Actualidad\"}}]},{\"@type\":\"Organization\",\"@id\":\"https:\\\/\\\/www.eldigitaldeasturias.com\\\/noticias\\\/#organization\",\"name\":\"El Digital de Asturias\",\"description\":\"Hemeroteca\",\"url\":\"https:\\\/\\\/www.eldigitaldeasturias.com\\\/noticias\\\/\",\"email\":\"info@eldigitaldeasturias.com\",\"telephone\":\"+34652131393\",\"logo\":{\"@type\":\"ImageObject\",\"url\":\"https:\\\/\\\/www.eldigitaldeasturias.com\\\/noticias\\\/wp-content\\\/uploads\\\/2020\\\/12\\\/EDA.jpg\",\"@id\":\"https:\\\/\\\/www.eldigitaldeasturias.com\\\/noticias\\\/espana-mejora-sus-resultados-en-igualdad-de-genero\\\/#organizationLogo\"},\"image\":{\"@id\":\"https:\\\/\\\/www.eldigitaldeasturias.com\\\/noticias\\\/espana-mejora-sus-resultados-en-igualdad-de-genero\\\/#organizationLogo\"},\"sameAs\":[\"https:\\\/\\\/facebook.com\\\/eldigitaldeasturias\",\"https:\\\/\\\/www.youtube.com\\\/channel\\\/UCZP-2wLEB9Rv6erhFmqVnvg\"],\"address\":{\"@id\":\"https:\\\/\\\/www.eldigitaldeasturias.com\\\/noticias\\\/#postaladdress\",\"@type\":\"PostalAddress\",\"streetAddress\":\"san antonio 4\",\"postalCode\":\"33430\",\"addressLocality\":\"Cand\\u00e1s\",\"addressRegion\":\"Asturias\",\"addressCountry\":\"ES\"}},{\"@type\":\"Person\",\"@id\":\"https:\\\/\\\/www.eldigitaldeasturias.com\\\/noticias\\\/author\\\/admin\\\/#author\",\"url\":\"https:\\\/\\\/www.eldigitaldeasturias.com\\\/noticias\\\/author\\\/admin\\\/\",\"name\":\"El Digital de Asturias\",\"image\":{\"@type\":\"ImageObject\",\"@id\":\"https:\\\/\\\/www.eldigitaldeasturias.com\\\/noticias\\\/espana-mejora-sus-resultados-en-igualdad-de-genero\\\/#authorImage\",\"url\":\"https:\\\/\\\/secure.gravatar.com\\\/avatar\\\/df2aeffc32bcd13f8d26072ef8a91b623d677766deac7f97ca815868cd41bf5e?s=96&d=mm&r=g\",\"width\":96,\"height\":96,\"caption\":\"El Digital de Asturias\"}},{\"@type\":\"WebPage\",\"@id\":\"https:\\\/\\\/www.eldigitaldeasturias.com\\\/noticias\\\/espana-mejora-sus-resultados-en-igualdad-de-genero\\\/#webpage\",\"url\":\"https:\\\/\\\/www.eldigitaldeasturias.com\\\/noticias\\\/espana-mejora-sus-resultados-en-igualdad-de-genero\\\/\",\"name\":\"Espa\\u00f1a mejora sus resultados en Igualdad de G\\u00e9nero - El Digital de Asturias\",\"description\":\"La ministra de Empleo y Seguridad Social, F\\u00e1tima B\\u00e1\\u00f1ez, ha respaldado el Pilar Social de la UE durante su intervenci\\u00f3n en el Consejo de Empleo, Pol\\u00edtica Social, Sanidad y Consumidores (EPSCO), que ha tenido lugar en Luxemburgo.\\\"La mejor pol\\u00edtica social es garantizar un crecimiento sostenido y sostenible creador de empleo que garantice la cohesi\\u00f3n social.\",\"inLanguage\":\"es-ES\",\"isPartOf\":{\"@id\":\"https:\\\/\\\/www.eldigitaldeasturias.com\\\/noticias\\\/#website\"},\"breadcrumb\":{\"@id\":\"https:\\\/\\\/www.eldigitaldeasturias.com\\\/noticias\\\/espana-mejora-sus-resultados-en-igualdad-de-genero\\\/#breadcrumblist\"},\"author\":{\"@id\":\"https:\\\/\\\/www.eldigitaldeasturias.com\\\/noticias\\\/author\\\/admin\\\/#author\"},\"creator\":{\"@id\":\"https:\\\/\\\/www.eldigitaldeasturias.com\\\/noticias\\\/author\\\/admin\\\/#author\"},\"image\":{\"@type\":\"ImageObject\",\"url\":957239,\"@id\":\"https:\\\/\\\/www.eldigitaldeasturias.com\\\/noticias\\\/espana-mejora-sus-resultados-en-igualdad-de-genero\\\/#mainImage\"},\"primaryImageOfPage\":{\"@id\":\"https:\\\/\\\/www.eldigitaldeasturias.com\\\/noticias\\\/espana-mejora-sus-resultados-en-igualdad-de-genero\\\/#mainImage\"},\"datePublished\":\"2017-10-23T21:32:05+02:00\",\"dateModified\":\"2017-10-23T21:32:05+02:00\"},{\"@type\":\"WebSite\",\"@id\":\"https:\\\/\\\/www.eldigitaldeasturias.com\\\/noticias\\\/#website\",\"url\":\"https:\\\/\\\/www.eldigitaldeasturias.com\\\/noticias\\\/\",\"name\":\"El Digital de Asturias - Diario de actualidad y noticias\",\"alternateName\":\"El Digital de Asturias - Diario de actualidad y noticias\",\"description\":\"Hemeroteca\",\"inLanguage\":\"es-ES\",\"publisher\":{\"@id\":\"https:\\\/\\\/www.eldigitaldeasturias.com\\\/noticias\\\/#organization\"}}]}\n\t\t<\/script>\n\t\t<!-- All in One SEO Pro -->\r\n\t\t<title>Espa\u00f1a mejora sus resultados en Igualdad de G\u00e9nero - El Digital de Asturias<\/title>\n\n","aioseo_head_json":{"title":"Espa\u00f1a mejora sus resultados en Igualdad de G\u00e9nero - El Digital de Asturias","description":"La ministra de Empleo y Seguridad Social, F\u00e1tima B\u00e1\u00f1ez, ha respaldado el Pilar Social de la UE durante su intervenci\u00f3n en el Consejo de Empleo, Pol\u00edtica Social, Sanidad y Consumidores (EPSCO), que ha tenido lugar en Luxemburgo.\"La mejor pol\u00edtica social es garantizar un crecimiento sostenido y sostenible creador de empleo que garantice la cohesi\u00f3n social.","canonical_url":"https:\/\/www.eldigitaldeasturias.com\/noticias\/espana-mejora-sus-resultados-en-igualdad-de-genero\/","robots":"max-image-preview:large","keywords":"actualidad","webmasterTools":{"google-site-verification":"UA-38556648-1","msvalidate.01":"7dfe9f3f1b24437ab69f4f2559babe99","miscellaneous":""},"schema":{"@context":"https:\/\/schema.org","@graph":[{"@type":"BlogPosting","@id":"https:\/\/www.eldigitaldeasturias.com\/noticias\/espana-mejora-sus-resultados-en-igualdad-de-genero\/#blogposting","name":"Espa\u00f1a mejora sus resultados en Igualdad de G\u00e9nero - El Digital de Asturias","headline":"Espa\u00f1a mejora sus resultados en Igualdad de G\u00e9nero","author":{"@id":"https:\/\/www.eldigitaldeasturias.com\/noticias\/author\/admin\/#author"},"publisher":{"@id":"https:\/\/www.eldigitaldeasturias.com\/noticias\/#organization"},"image":{"@type":"ImageObject","url":957239},"datePublished":"2017-10-23T21:32:05+02:00","dateModified":"2017-10-23T21:32:05+02:00","inLanguage":"es-ES","mainEntityOfPage":{"@id":"https:\/\/www.eldigitaldeasturias.com\/noticias\/espana-mejora-sus-resultados-en-igualdad-de-genero\/#webpage"},"isPartOf":{"@id":"https:\/\/www.eldigitaldeasturias.com\/noticias\/espana-mejora-sus-resultados-en-igualdad-de-genero\/#webpage"},"articleSection":"Actualidad"},{"@type":"BreadcrumbList","@id":"https:\/\/www.eldigitaldeasturias.com\/noticias\/espana-mejora-sus-resultados-en-igualdad-de-genero\/#breadcrumblist","itemListElement":[{"@type":"ListItem","@id":"https:\/\/www.eldigitaldeasturias.com\/noticias#listItem","position":1,"name":"Home","item":"https:\/\/www.eldigitaldeasturias.com\/noticias","nextItem":{"@type":"ListItem","@id":"https:\/\/www.eldigitaldeasturias.com\/noticias\/category\/actualidad\/#listItem","name":"Actualidad"}},{"@type":"ListItem","@id":"https:\/\/www.eldigitaldeasturias.com\/noticias\/category\/actualidad\/#listItem","position":2,"name":"Actualidad","item":"https:\/\/www.eldigitaldeasturias.com\/noticias\/category\/actualidad\/","nextItem":{"@type":"ListItem","@id":"https:\/\/www.eldigitaldeasturias.com\/noticias\/espana-mejora-sus-resultados-en-igualdad-de-genero\/#listItem","name":"Espa\u00f1a mejora sus resultados en Igualdad de G\u00e9nero"},"previousItem":{"@type":"ListItem","@id":"https:\/\/www.eldigitaldeasturias.com\/noticias#listItem","name":"Home"}},{"@type":"ListItem","@id":"https:\/\/www.eldigitaldeasturias.com\/noticias\/espana-mejora-sus-resultados-en-igualdad-de-genero\/#listItem","position":3,"name":"Espa\u00f1a mejora sus resultados en Igualdad de G\u00e9nero","previousItem":{"@type":"ListItem","@id":"https:\/\/www.eldigitaldeasturias.com\/noticias\/category\/actualidad\/#listItem","name":"Actualidad"}}]},{"@type":"Organization","@id":"https:\/\/www.eldigitaldeasturias.com\/noticias\/#organization","name":"El Digital de Asturias","description":"Hemeroteca","url":"https:\/\/www.eldigitaldeasturias.com\/noticias\/","email":"info@eldigitaldeasturias.com","telephone":"+34652131393","logo":{"@type":"ImageObject","url":"https:\/\/www.eldigitaldeasturias.com\/noticias\/wp-content\/uploads\/2020\/12\/EDA.jpg","@id":"https:\/\/www.eldigitaldeasturias.com\/noticias\/espana-mejora-sus-resultados-en-igualdad-de-genero\/#organizationLogo"},"image":{"@id":"https:\/\/www.eldigitaldeasturias.com\/noticias\/espana-mejora-sus-resultados-en-igualdad-de-genero\/#organizationLogo"},"sameAs":["https:\/\/facebook.com\/eldigitaldeasturias","https:\/\/www.youtube.com\/channel\/UCZP-2wLEB9Rv6erhFmqVnvg"],"address":{"@id":"https:\/\/www.eldigitaldeasturias.com\/noticias\/#postaladdress","@type":"PostalAddress","streetAddress":"san antonio 4","postalCode":"33430","addressLocality":"Cand\u00e1s","addressRegion":"Asturias","addressCountry":"ES"}},{"@type":"Person","@id":"https:\/\/www.eldigitaldeasturias.com\/noticias\/author\/admin\/#author","url":"https:\/\/www.eldigitaldeasturias.com\/noticias\/author\/admin\/","name":"El Digital de Asturias","image":{"@type":"ImageObject","@id":"https:\/\/www.eldigitaldeasturias.com\/noticias\/espana-mejora-sus-resultados-en-igualdad-de-genero\/#authorImage","url":"https:\/\/secure.gravatar.com\/avatar\/df2aeffc32bcd13f8d26072ef8a91b623d677766deac7f97ca815868cd41bf5e?s=96&d=mm&r=g","width":96,"height":96,"caption":"El Digital de Asturias"}},{"@type":"WebPage","@id":"https:\/\/www.eldigitaldeasturias.com\/noticias\/espana-mejora-sus-resultados-en-igualdad-de-genero\/#webpage","url":"https:\/\/www.eldigitaldeasturias.com\/noticias\/espana-mejora-sus-resultados-en-igualdad-de-genero\/","name":"Espa\u00f1a mejora sus resultados en Igualdad de G\u00e9nero - El Digital de Asturias","description":"La ministra de Empleo y Seguridad Social, F\u00e1tima B\u00e1\u00f1ez, ha respaldado el Pilar Social de la UE durante su intervenci\u00f3n en el Consejo de Empleo, Pol\u00edtica Social, Sanidad y Consumidores (EPSCO), que ha tenido lugar en Luxemburgo.\"La mejor pol\u00edtica social es garantizar un crecimiento sostenido y sostenible creador de empleo que garantice la cohesi\u00f3n social.","inLanguage":"es-ES","isPartOf":{"@id":"https:\/\/www.eldigitaldeasturias.com\/noticias\/#website"},"breadcrumb":{"@id":"https:\/\/www.eldigitaldeasturias.com\/noticias\/espana-mejora-sus-resultados-en-igualdad-de-genero\/#breadcrumblist"},"author":{"@id":"https:\/\/www.eldigitaldeasturias.com\/noticias\/author\/admin\/#author"},"creator":{"@id":"https:\/\/www.eldigitaldeasturias.com\/noticias\/author\/admin\/#author"},"image":{"@type":"ImageObject","url":957239,"@id":"https:\/\/www.eldigitaldeasturias.com\/noticias\/espana-mejora-sus-resultados-en-igualdad-de-genero\/#mainImage"},"primaryImageOfPage":{"@id":"https:\/\/www.eldigitaldeasturias.com\/noticias\/espana-mejora-sus-resultados-en-igualdad-de-genero\/#mainImage"},"datePublished":"2017-10-23T21:32:05+02:00","dateModified":"2017-10-23T21:32:05+02:00"},{"@type":"WebSite","@id":"https:\/\/www.eldigitaldeasturias.com\/noticias\/#website","url":"https:\/\/www.eldigitaldeasturias.com\/noticias\/","name":"El Digital de Asturias - Diario de actualidad y noticias","alternateName":"El Digital de Asturias - Diario de actualidad y noticias","description":"Hemeroteca","inLanguage":"es-ES","publisher":{"@id":"https:\/\/www.eldigitaldeasturias.com\/noticias\/#organization"}}]},"og:locale":"es_ES","og:site_name":"El Digital de Asturias","og:type":"article","og:title":"Espa\u00f1a mejora sus resultados en Igualdad de G\u00e9nero - El Digital de Asturias","og:description":"La ministra de Empleo y Seguridad Social, F\u00e1tima B\u00e1\u00f1ez, ha respaldado el Pilar Social de la UE durante su intervenci\u00f3n en el Consejo de Empleo, Pol\u00edtica Social, Sanidad y Consumidores (EPSCO), que ha tenido lugar en Luxemburgo.&quot;La mejor pol\u00edtica social es garantizar un crecimiento sostenido y sostenible creador de empleo que garantice la cohesi\u00f3n social.","og:url":"https:\/\/www.eldigitaldeasturias.com\/noticias\/espana-mejora-sus-resultados-en-igualdad-de-genero\/","article:tag":["actualidad"],"article:published_time":"2017-10-23T21:32:05+00:00","article:modified_time":"2017-10-23T21:32:05+00:00","article:publisher":"https:\/\/facebook.com\/eldigitaldeasturias","twitter:card":"summary_large_image","twitter:title":"Espa\u00f1a mejora sus resultados en Igualdad de G\u00e9nero - El Digital de Asturias","twitter:description":"La ministra de Empleo y Seguridad Social, F\u00e1tima B\u00e1\u00f1ez, ha respaldado el Pilar Social de la UE durante su intervenci\u00f3n en el Consejo de Empleo, Pol\u00edtica Social, Sanidad y Consumidores (EPSCO), que ha tenido lugar en Luxemburgo.&quot;La mejor pol\u00edtica social es garantizar un crecimiento sostenido y sostenible creador de empleo que garantice la cohesi\u00f3n social.","twitter:image":"https:\/\/www.eldigitaldeasturias.com\/noticias\/wp-content\/uploads\/2020\/12\/EDA-1.jpg","twitter:label1":"Escrito por","twitter:data1":"El Digital de Asturias","twitter:label2":"Tiempo de lectura estimado","twitter:data2":"6 minutos"},"aioseo_meta_data":{"post_id":"957238","title":null,"description":null,"keywords":null,"keyphrases":null,"primary_term":null,"canonical_url":null,"og_title":null,"og_description":null,"og_object_type":"default","og_image_type":"default","og_image_url":null,"og_image_width":null,"og_image_height":null,"og_image_custom_url":null,"og_image_custom_fields":null,"og_video":null,"og_custom_url":null,"og_article_section":null,"og_article_tags":null,"twitter_use_og":false,"twitter_card":"default","twitter_image_type":"default","twitter_image_url":null,"twitter_image_custom_url":null,"twitter_image_custom_fields":null,"twitter_title":null,"twitter_description":null,"schema":{"blockGraphs":[],"customGraphs":[],"default":{"data":{"Article":[],"Course":[],"Dataset":[],"FAQPage":[],"Movie":[],"Person":[],"Product":[],"ProductReview":[],"Car":[],"Recipe":[],"Service":[],"SoftwareApplication":[],"WebPage":[]},"graphName":"","isEnabled":true},"graphs":[],"defaultGraph":"","defaultPostTypeGraph":""},"schema_type":null,"schema_type_options":null,"pillar_content":false,"robots_default":true,"robots_noindex":false,"robots_noarchive":false,"robots_nosnippet":false,"robots_nofollow":false,"robots_noimageindex":false,"robots_noodp":false,"robots_notranslate":false,"robots_max_snippet":null,"robots_max_videopreview":null,"robots_max_imagepreview":"large","priority":null,"frequency":null,"local_seo":null,"seo_analyzer_scan_date":"2025-12-06 16:44:09","breadcrumb_settings":null,"limit_modified_date":false,"open_ai":null,"ai":null,"created":"2020-12-21 11:12:23","updated":"2025-12-06 16:44:09","focus_keyword":null,"additional_keywords":null,"truseo_locale":null},"aioseo_breadcrumb":"<div class=\"aioseo-breadcrumbs\"><span class=\"aioseo-breadcrumb\">\n\t<a href=\"https:\/\/www.eldigitaldeasturias.com\/noticias\" title=\"Home\">Home<\/a>\n<\/span><span class=\"aioseo-breadcrumb-separator\">\u2013<\/span><span class=\"aioseo-breadcrumb\">\n\t<a href=\"https:\/\/www.eldigitaldeasturias.com\/noticias\/category\/actualidad\/\" title=\"Actualidad\">Actualidad<\/a>\n<\/span><span class=\"aioseo-breadcrumb-separator\">\u2013<\/span><span class=\"aioseo-breadcrumb\">\n\t<a href=\"https:\/\/www.eldigitaldeasturias.com\/noticias\/espana-mejora-sus-resultados-en-igualdad-de-genero\/\" title=\"Espa\u00f1a mejora sus resultados en Igualdad de G\u00e9nero\">Espa\u00f1a mejora sus resultados en Igualdad de G\u00e9nero<\/a>\n<\/span><\/div>","aioseo_breadcrumb_json":[{"label":"Home","link":"https:\/\/www.eldigitaldeasturias.com\/noticias"},{"label":"Actualidad","link":"https:\/\/www.eldigitaldeasturias.com\/noticias\/category\/actualidad\/"},{"label":"Espa\u00f1a mejora sus resultados en Igualdad de G\u00e9nero","link":"https:\/\/www.eldigitaldeasturias.com\/noticias\/espana-mejora-sus-resultados-en-igualdad-de-genero\/"}],"_links":{"self":[{"href":"https:\/\/www.eldigitaldeasturias.com\/noticias\/wp-json\/wp\/v2\/posts\/957238","targetHints":{"allow":["GET"]}}],"collection":[{"href":"https:\/\/www.eldigitaldeasturias.com\/noticias\/wp-json\/wp\/v2\/posts"}],"about":[{"href":"https:\/\/www.eldigitaldeasturias.com\/noticias\/wp-json\/wp\/v2\/types\/post"}],"author":[{"embeddable":true,"href":"https:\/\/www.eldigitaldeasturias.com\/noticias\/wp-json\/wp\/v2\/users\/1"}],"replies":[{"embeddable":true,"href":"https:\/\/www.eldigitaldeasturias.com\/noticias\/wp-json\/wp\/v2\/comments?post=957238"}],"version-history":[{"count":0,"href":"https:\/\/www.eldigitaldeasturias.com\/noticias\/wp-json\/wp\/v2\/posts\/957238\/revisions"}],"wp:attachment":[{"href":"https:\/\/www.eldigitaldeasturias.com\/noticias\/wp-json\/wp\/v2\/media?parent=957238"}],"wp:term":[{"taxonomy":"category","embeddable":true,"href":"https:\/\/www.eldigitaldeasturias.com\/noticias\/wp-json\/wp\/v2\/categories?post=957238"},{"taxonomy":"post_tag","embeddable":true,"href":"https:\/\/www.eldigitaldeasturias.com\/noticias\/wp-json\/wp\/v2\/tags?post=957238"}],"curies":[{"name":"wp","href":"https:\/\/api.w.org\/{rel}","templated":true}]}}