{"id":957177,"date":"2017-10-23T16:23:27","date_gmt":"2017-10-23T16:23:27","guid":{"rendered":"http:\/\/www.eldigitaldeasturias.com\/noticias\/?p=957177"},"modified":"2017-10-23T16:23:27","modified_gmt":"2017-10-23T16:23:27","slug":"casado-el-articulo-155-recupera-la-democracia-y-la-legalidad-en-cataluna","status":"publish","type":"post","link":"https:\/\/www.eldigitaldeasturias.com\/noticias\/casado-el-articulo-155-recupera-la-democracia-y-la-legalidad-en-cataluna\/","title":{"rendered":"Casado: \u201cEl art\u00edculo 155 recupera la democracia y la legalidad en Catalu\u00f1a\u201d"},"content":{"rendered":"<p><img loading=\"lazy\" decoding=\"async\" class=\"alignleft size-medium wp-image-957178\" src=\"https:\/\/www.eldigitaldeasturias.com\/noticias\/wp-content\/uploads\/2017\/10\/Casado-360x248.jpg\" alt=\"\" width=\"360\" height=\"248\" \/>El vicesecretario de Comunicaci\u00f3n del Partido Popular, Pablo Casado, ha mostrado el apoyo a la solicitud del Gobierno al Senado para que apruebe la aplicaci\u00f3n del art\u00edculo 155 de la Constituci\u00f3n. \u201cEl PP respalda de forma cerrada al presidente Mariano Rajoy y al Gobierno de Espa\u00f1a para restablecer las libertades y los derechos de todos los catalanes\u201d. \u201cEl art\u00edculo 155 no retira la autonom\u00eda de Catalu\u00f1a, sino que recupera la democracia y la legalidad en Catalu\u00f1a. Lo que queremos es que se recuperen todos los derechos y todas las libertades\u201d.<\/p>\n<p>En la rueda de prensa posterior al Comit\u00e9 de Direcci\u00f3n, Casado ha enviado \u201cun mensaje de tranquilidad a todos los ciudadanos de Catalu\u00f1a, independentistas o no, porque el Gobierno de Espa\u00f1a lo va que a hacer es garantizar sus derechos y libertades, y recuperar la concordia y la convivencia dentro del marco de las leyes. La Ley y el di\u00e1logo no se contraponen. Al rev\u00e9s, en la ley se cristaliza el di\u00e1logo de sus representantes leg\u00edtimos\u201d.<\/p>\n<p>Pablo Casado ha recordado que Puigdemont y Junqueras siempre se han negado a dialogar en las instituciones o comisiones creadas para ello, ni en el Congreso ni en la Comisi\u00f3n de Comunidades Aut\u00f3nomas, ni en los grupos de trabajo de modificaci\u00f3n de la financiaci\u00f3n auton\u00f3mica, ni en el seno de la Conferencia de Presidentes. \u201cEsperamos que si quieren dialogar lo hagan en las Cortes Generales o en el Senado, dentro de la tramitaci\u00f3n del art\u00edculo 155\u201d, ha a\u00f1adido, aunque \u201cconf\u00eda poco en lo que pueda decir\u201d.<\/p>\n<p><strong>AGRADECIMIENTO POR EL APOYO AL PSOE Y CIUDADANOS<\/strong><\/p>\n<p>El vicesecretario de Comunicaci\u00f3n ha valorado y agradecido la \u201cresponsabilidad\u201d y la posici\u00f3n \u201cde Estado\u201d del PSOE y de Ciudadanos en su apoyo a las medidas puestas en marcha. \u201cEl presidente del Gobierno cifr\u00f3 en cuatro cuestiones fundamentales los objetivos de la aplicaci\u00f3n del art\u00edculo 155: volver a la legalidad del Estatuto de Autonom\u00eda y de la Constituci\u00f3n espa\u00f1ola; restaurar la convivencia y coser la fractura social que ya se aprecia; la recuperaci\u00f3n econ\u00f3mica, cuando m\u00e1s de mil empresas se han ido de Catalu\u00f1a; y, por \u00faltimo, la convocatoria de elecciones antes de seis meses\u201d<\/p>\n<p>\u201cEl art\u00edculo 155 tiene su espejo en otras Constituciones europeas como la alemana, la austriaca, la italiana o la suiza, pero tambi\u00e9n en otros pa\u00edses como Estados Unidos\u201d, ha reflexionado. \u201cNadie podr\u00e1 negar que el presidente y el Gobierno han hecho todo lo posible para desbloquear una situaci\u00f3n que era absolutamente suicida, pero tampoco nadie podr\u00e1 negar que hemos avisado que esto pod\u00eda suceder\u201d, ha a\u00f1adido.<\/p>\n<p>Pablo Casado ha valorado el apoyo un\u00e1nime del Consejo Europeo a las posiciones del Gobierno y ha destacado el discurso del Rey y del presidente del Parlamento Europeo en la entrega de los premios Pr\u00edncipes de Asturias. \u201cComo dijo el Rey, Catalu\u00f1a seguir\u00e1 siendo esencial dentro de Espa\u00f1a\u201d, ha a\u00f1adido.<\/p>\n<p>En respuesta a si los partidos independentistas podr\u00edan volver a presentarse a las elecciones, Casado ha explicado que \u201cla previsi\u00f3n constitucional del art\u00edculo 155 es un aviso a navegantes suficiente para que los partidos nacionalistas, que hasta ahora han sido muy responsables en la gobernabilidad de Espa\u00f1a, sepan que el Estado tiene mecanismos suficientes para defender su integridad territorial y la soberan\u00eda nacional de los espa\u00f1oles, ciudadanos libres e iguales dentro de una Naci\u00f3n de las m\u00e1s descentralizadas del mundo y en las que sus Comunidades Aut\u00f3nomas tienen las mayores cotas de autogobierno de pa\u00edses de nuestro entorno\u201d.<\/p>\n<p>Por \u00faltimo, Casado ha valorado que en los pr\u00f3ximos d\u00edas se cumple el primer aniversario de esta legislatura, \u201cun a\u00f1o en el que se ha profundizado en la creaci\u00f3n de empleo y la recuperaci\u00f3n econ\u00f3mica y en la interlocuci\u00f3n con otros partidos pol\u00edticos, como se pone de manifiesto en el pacto contra la violencia de g\u00e9nero\u201d, ha concluido.<\/p>\n<p>&nbsp;<\/p>\n","protected":false},"excerpt":{"rendered":"<p>El vicesecretario de Comunicaci\u00f3n del Partido Popular, Pablo Casado, ha mostrado el apoyo a la solicitud del Gobierno al Senado para que apruebe la aplicaci\u00f3n del art\u00edculo 155 de la Constituci\u00f3n. \u201cEl PP respalda de forma cerrada al presidente Mariano Rajoy y al Gobierno de Espa\u00f1a para restablecer las libertades y los derechos de todos [&hellip;]<\/p>\n","protected":false},"author":1,"featured_media":957178,"comment_status":"closed","ping_status":"closed","sticky":false,"template":"","format":"standard","meta":{"footnotes":""},"categories":[1],"tags":[],"class_list":["post-957177","post","type-post","status-publish","format-standard","has-post-thumbnail","hentry","category-actualidad"],"aioseo_notices":[],"aioseo_head":"\n\t\t<!-- All in One SEO Pro 5.0.1 - aioseo.com -->\n\t<meta name=\"description\" content=\"El vicesecretario de Comunicaci\u00f3n del Partido Popular, Pablo Casado, ha mostrado el apoyo a la solicitud del Gobierno al Senado para que apruebe la aplicaci\u00f3n del art\u00edculo 155 de la Constituci\u00f3n. \u201cEl PP respalda de forma cerrada al presidente Mariano Rajoy y al Gobierno de Espa\u00f1a para restablecer las libertades y los derechos de todos\" \/>\n\t<meta name=\"robots\" content=\"max-image-preview:large\" \/>\n\t<meta name=\"author\" content=\"El Digital de Asturias\"\/>\n\t<meta name=\"google-site-verification\" content=\"UA-38556648-1\" \/>\n\t<meta name=\"msvalidate.01\" content=\"7dfe9f3f1b24437ab69f4f2559babe99\" \/>\n\t<meta name=\"keywords\" content=\"actualidad\" \/>\n\t<link rel=\"canonical\" href=\"https:\/\/www.eldigitaldeasturias.com\/noticias\/casado-el-articulo-155-recupera-la-democracia-y-la-legalidad-en-cataluna\/\" \/>\n\t<meta name=\"generator\" content=\"All in One SEO Pro (AIOSEO) 5.0.1\" \/>\n\t\t<meta property=\"og:locale\" content=\"es_ES\" \/>\n\t\t<meta property=\"og:site_name\" content=\"El Digital de Asturias\" \/>\n\t\t<meta property=\"og:type\" content=\"article\" \/>\n\t\t<meta property=\"og:title\" content=\"Casado: \u201cEl art\u00edculo 155 recupera la democracia y la legalidad en Catalu\u00f1a\u201d - El Digital de Asturias\" \/>\n\t\t<meta property=\"og:description\" content=\"El vicesecretario de Comunicaci\u00f3n del Partido Popular, Pablo Casado, ha mostrado el apoyo a la solicitud del Gobierno al Senado para que apruebe la aplicaci\u00f3n del art\u00edculo 155 de la Constituci\u00f3n. \u201cEl PP respalda de forma cerrada al presidente Mariano Rajoy y al Gobierno de Espa\u00f1a para restablecer las libertades y los derechos de todos\" \/>\n\t\t<meta property=\"og:url\" content=\"https:\/\/www.eldigitaldeasturias.com\/noticias\/casado-el-articulo-155-recupera-la-democracia-y-la-legalidad-en-cataluna\/\" \/>\n\t\t<meta property=\"article:tag\" content=\"actualidad\" \/>\n\t\t<meta property=\"article:published_time\" content=\"2017-10-23T16:23:27+00:00\" \/>\n\t\t<meta property=\"article:modified_time\" content=\"2017-10-23T16:23:27+00:00\" \/>\n\t\t<meta property=\"article:publisher\" content=\"https:\/\/facebook.com\/eldigitaldeasturias\" \/>\n\t\t<meta name=\"twitter:card\" content=\"summary_large_image\" \/>\n\t\t<meta name=\"twitter:title\" content=\"Casado: \u201cEl art\u00edculo 155 recupera la democracia y la legalidad en Catalu\u00f1a\u201d - El Digital de Asturias\" \/>\n\t\t<meta name=\"twitter:description\" content=\"El vicesecretario de Comunicaci\u00f3n del Partido Popular, Pablo Casado, ha mostrado el apoyo a la solicitud del Gobierno al Senado para que apruebe la aplicaci\u00f3n del art\u00edculo 155 de la Constituci\u00f3n. \u201cEl PP respalda de forma cerrada al presidente Mariano Rajoy y al Gobierno de Espa\u00f1a para restablecer las libertades y los derechos de todos\" \/>\n\t\t<meta name=\"twitter:image\" content=\"https:\/\/www.eldigitaldeasturias.com\/noticias\/wp-content\/uploads\/2020\/12\/EDA-1.jpg\" \/>\n\t\t<meta name=\"twitter:label1\" content=\"Escrito por\" \/>\n\t\t<meta name=\"twitter:data1\" content=\"El Digital de Asturias\" \/>\n\t\t<meta name=\"twitter:label2\" content=\"Tiempo de lectura estimado\" \/>\n\t\t<meta name=\"twitter:data2\" content=\"3 minutos\" \/>\n\t\t<script type=\"application\/ld+json\" class=\"aioseo-schema\">\n\t\t\t{\"@context\":\"https:\\\/\\\/schema.org\",\"@graph\":[{\"@type\":\"BlogPosting\",\"@id\":\"https:\\\/\\\/www.eldigitaldeasturias.com\\\/noticias\\\/casado-el-articulo-155-recupera-la-democracia-y-la-legalidad-en-cataluna\\\/#blogposting\",\"name\":\"Casado: \\u201cEl art\\u00edculo 155 recupera la democracia y la legalidad en Catalu\\u00f1a\\u201d - El Digital de Asturias\",\"headline\":\"Casado: \\u201cEl art\\u00edculo 155 recupera la democracia y la legalidad en Catalu\\u00f1a\\u201d\",\"author\":{\"@id\":\"https:\\\/\\\/www.eldigitaldeasturias.com\\\/noticias\\\/author\\\/admin\\\/#author\"},\"publisher\":{\"@id\":\"https:\\\/\\\/www.eldigitaldeasturias.com\\\/noticias\\\/#organization\"},\"image\":{\"@type\":\"ImageObject\",\"url\":957178},\"datePublished\":\"2017-10-23T16:23:27+02:00\",\"dateModified\":\"2017-10-23T16:23:27+02:00\",\"inLanguage\":\"es-ES\",\"mainEntityOfPage\":{\"@id\":\"https:\\\/\\\/www.eldigitaldeasturias.com\\\/noticias\\\/casado-el-articulo-155-recupera-la-democracia-y-la-legalidad-en-cataluna\\\/#webpage\"},\"isPartOf\":{\"@id\":\"https:\\\/\\\/www.eldigitaldeasturias.com\\\/noticias\\\/casado-el-articulo-155-recupera-la-democracia-y-la-legalidad-en-cataluna\\\/#webpage\"},\"articleSection\":\"Actualidad\"},{\"@type\":\"BreadcrumbList\",\"@id\":\"https:\\\/\\\/www.eldigitaldeasturias.com\\\/noticias\\\/casado-el-articulo-155-recupera-la-democracia-y-la-legalidad-en-cataluna\\\/#breadcrumblist\",\"itemListElement\":[{\"@type\":\"ListItem\",\"@id\":\"https:\\\/\\\/www.eldigitaldeasturias.com\\\/noticias#listItem\",\"position\":1,\"name\":\"Home\",\"item\":\"https:\\\/\\\/www.eldigitaldeasturias.com\\\/noticias\",\"nextItem\":{\"@type\":\"ListItem\",\"@id\":\"https:\\\/\\\/www.eldigitaldeasturias.com\\\/noticias\\\/category\\\/actualidad\\\/#listItem\",\"name\":\"Actualidad\"}},{\"@type\":\"ListItem\",\"@id\":\"https:\\\/\\\/www.eldigitaldeasturias.com\\\/noticias\\\/category\\\/actualidad\\\/#listItem\",\"position\":2,\"name\":\"Actualidad\",\"item\":\"https:\\\/\\\/www.eldigitaldeasturias.com\\\/noticias\\\/category\\\/actualidad\\\/\",\"nextItem\":{\"@type\":\"ListItem\",\"@id\":\"https:\\\/\\\/www.eldigitaldeasturias.com\\\/noticias\\\/casado-el-articulo-155-recupera-la-democracia-y-la-legalidad-en-cataluna\\\/#listItem\",\"name\":\"Casado: \\u201cEl art\\u00edculo 155 recupera la democracia y la legalidad en Catalu\\u00f1a\\u201d\"},\"previousItem\":{\"@type\":\"ListItem\",\"@id\":\"https:\\\/\\\/www.eldigitaldeasturias.com\\\/noticias#listItem\",\"name\":\"Home\"}},{\"@type\":\"ListItem\",\"@id\":\"https:\\\/\\\/www.eldigitaldeasturias.com\\\/noticias\\\/casado-el-articulo-155-recupera-la-democracia-y-la-legalidad-en-cataluna\\\/#listItem\",\"position\":3,\"name\":\"Casado: \\u201cEl art\\u00edculo 155 recupera la democracia y la legalidad en Catalu\\u00f1a\\u201d\",\"previousItem\":{\"@type\":\"ListItem\",\"@id\":\"https:\\\/\\\/www.eldigitaldeasturias.com\\\/noticias\\\/category\\\/actualidad\\\/#listItem\",\"name\":\"Actualidad\"}}]},{\"@type\":\"Organization\",\"@id\":\"https:\\\/\\\/www.eldigitaldeasturias.com\\\/noticias\\\/#organization\",\"name\":\"El Digital de Asturias\",\"description\":\"Hemeroteca\",\"url\":\"https:\\\/\\\/www.eldigitaldeasturias.com\\\/noticias\\\/\",\"email\":\"info@eldigitaldeasturias.com\",\"telephone\":\"+34652131393\",\"logo\":{\"@type\":\"ImageObject\",\"url\":\"https:\\\/\\\/www.eldigitaldeasturias.com\\\/noticias\\\/wp-content\\\/uploads\\\/2020\\\/12\\\/EDA.jpg\",\"@id\":\"https:\\\/\\\/www.eldigitaldeasturias.com\\\/noticias\\\/casado-el-articulo-155-recupera-la-democracia-y-la-legalidad-en-cataluna\\\/#organizationLogo\"},\"image\":{\"@id\":\"https:\\\/\\\/www.eldigitaldeasturias.com\\\/noticias\\\/casado-el-articulo-155-recupera-la-democracia-y-la-legalidad-en-cataluna\\\/#organizationLogo\"},\"sameAs\":[\"https:\\\/\\\/facebook.com\\\/eldigitaldeasturias\",\"https:\\\/\\\/www.youtube.com\\\/channel\\\/UCZP-2wLEB9Rv6erhFmqVnvg\"],\"address\":{\"@id\":\"https:\\\/\\\/www.eldigitaldeasturias.com\\\/noticias\\\/#postaladdress\",\"@type\":\"PostalAddress\",\"streetAddress\":\"san antonio 4\",\"postalCode\":\"33430\",\"addressLocality\":\"Cand\\u00e1s\",\"addressRegion\":\"Asturias\",\"addressCountry\":\"ES\"}},{\"@type\":\"Person\",\"@id\":\"https:\\\/\\\/www.eldigitaldeasturias.com\\\/noticias\\\/author\\\/admin\\\/#author\",\"url\":\"https:\\\/\\\/www.eldigitaldeasturias.com\\\/noticias\\\/author\\\/admin\\\/\",\"name\":\"El Digital de Asturias\",\"image\":{\"@type\":\"ImageObject\",\"@id\":\"https:\\\/\\\/www.eldigitaldeasturias.com\\\/noticias\\\/casado-el-articulo-155-recupera-la-democracia-y-la-legalidad-en-cataluna\\\/#authorImage\",\"url\":\"https:\\\/\\\/secure.gravatar.com\\\/avatar\\\/df2aeffc32bcd13f8d26072ef8a91b623d677766deac7f97ca815868cd41bf5e?s=96&d=mm&r=g\",\"width\":96,\"height\":96,\"caption\":\"El Digital de Asturias\"}},{\"@type\":\"WebPage\",\"@id\":\"https:\\\/\\\/www.eldigitaldeasturias.com\\\/noticias\\\/casado-el-articulo-155-recupera-la-democracia-y-la-legalidad-en-cataluna\\\/#webpage\",\"url\":\"https:\\\/\\\/www.eldigitaldeasturias.com\\\/noticias\\\/casado-el-articulo-155-recupera-la-democracia-y-la-legalidad-en-cataluna\\\/\",\"name\":\"Casado: \\u201cEl art\\u00edculo 155 recupera la democracia y la legalidad en Catalu\\u00f1a\\u201d - El Digital de Asturias\",\"description\":\"El vicesecretario de Comunicaci\\u00f3n del Partido Popular, Pablo Casado, ha mostrado el apoyo a la solicitud del Gobierno al Senado para que apruebe la aplicaci\\u00f3n del art\\u00edculo 155 de la Constituci\\u00f3n. \\u201cEl PP respalda de forma cerrada al presidente Mariano Rajoy y al Gobierno de Espa\\u00f1a para restablecer las libertades y los derechos de todos\",\"inLanguage\":\"es-ES\",\"isPartOf\":{\"@id\":\"https:\\\/\\\/www.eldigitaldeasturias.com\\\/noticias\\\/#website\"},\"breadcrumb\":{\"@id\":\"https:\\\/\\\/www.eldigitaldeasturias.com\\\/noticias\\\/casado-el-articulo-155-recupera-la-democracia-y-la-legalidad-en-cataluna\\\/#breadcrumblist\"},\"author\":{\"@id\":\"https:\\\/\\\/www.eldigitaldeasturias.com\\\/noticias\\\/author\\\/admin\\\/#author\"},\"creator\":{\"@id\":\"https:\\\/\\\/www.eldigitaldeasturias.com\\\/noticias\\\/author\\\/admin\\\/#author\"},\"image\":{\"@type\":\"ImageObject\",\"url\":957178,\"@id\":\"https:\\\/\\\/www.eldigitaldeasturias.com\\\/noticias\\\/casado-el-articulo-155-recupera-la-democracia-y-la-legalidad-en-cataluna\\\/#mainImage\"},\"primaryImageOfPage\":{\"@id\":\"https:\\\/\\\/www.eldigitaldeasturias.com\\\/noticias\\\/casado-el-articulo-155-recupera-la-democracia-y-la-legalidad-en-cataluna\\\/#mainImage\"},\"datePublished\":\"2017-10-23T16:23:27+02:00\",\"dateModified\":\"2017-10-23T16:23:27+02:00\"},{\"@type\":\"WebSite\",\"@id\":\"https:\\\/\\\/www.eldigitaldeasturias.com\\\/noticias\\\/#website\",\"url\":\"https:\\\/\\\/www.eldigitaldeasturias.com\\\/noticias\\\/\",\"name\":\"El Digital de Asturias - Diario de actualidad y noticias\",\"alternateName\":\"El Digital de Asturias - Diario de actualidad y noticias\",\"description\":\"Hemeroteca\",\"inLanguage\":\"es-ES\",\"publisher\":{\"@id\":\"https:\\\/\\\/www.eldigitaldeasturias.com\\\/noticias\\\/#organization\"}}]}\n\t\t<\/script>\n\t\t<!-- All in One SEO Pro -->\r\n\t\t<title>Casado: \u201cEl art\u00edculo 155 recupera la democracia y la legalidad en Catalu\u00f1a\u201d - El Digital de Asturias<\/title>\n\n","aioseo_head_json":{"title":"Casado: \u201cEl art\u00edculo 155 recupera la democracia y la legalidad en Catalu\u00f1a\u201d - El Digital de Asturias","description":"El vicesecretario de Comunicaci\u00f3n del Partido Popular, Pablo Casado, ha mostrado el apoyo a la solicitud del Gobierno al Senado para que apruebe la aplicaci\u00f3n del art\u00edculo 155 de la Constituci\u00f3n. \u201cEl PP respalda de forma cerrada al presidente Mariano Rajoy y al Gobierno de Espa\u00f1a para restablecer las libertades y los derechos de todos","canonical_url":"https:\/\/www.eldigitaldeasturias.com\/noticias\/casado-el-articulo-155-recupera-la-democracia-y-la-legalidad-en-cataluna\/","robots":"max-image-preview:large","keywords":"actualidad","webmasterTools":{"google-site-verification":"UA-38556648-1","msvalidate.01":"7dfe9f3f1b24437ab69f4f2559babe99","miscellaneous":""},"schema":{"@context":"https:\/\/schema.org","@graph":[{"@type":"BlogPosting","@id":"https:\/\/www.eldigitaldeasturias.com\/noticias\/casado-el-articulo-155-recupera-la-democracia-y-la-legalidad-en-cataluna\/#blogposting","name":"Casado: \u201cEl art\u00edculo 155 recupera la democracia y la legalidad en Catalu\u00f1a\u201d - El Digital de Asturias","headline":"Casado: \u201cEl art\u00edculo 155 recupera la democracia y la legalidad en Catalu\u00f1a\u201d","author":{"@id":"https:\/\/www.eldigitaldeasturias.com\/noticias\/author\/admin\/#author"},"publisher":{"@id":"https:\/\/www.eldigitaldeasturias.com\/noticias\/#organization"},"image":{"@type":"ImageObject","url":957178},"datePublished":"2017-10-23T16:23:27+02:00","dateModified":"2017-10-23T16:23:27+02:00","inLanguage":"es-ES","mainEntityOfPage":{"@id":"https:\/\/www.eldigitaldeasturias.com\/noticias\/casado-el-articulo-155-recupera-la-democracia-y-la-legalidad-en-cataluna\/#webpage"},"isPartOf":{"@id":"https:\/\/www.eldigitaldeasturias.com\/noticias\/casado-el-articulo-155-recupera-la-democracia-y-la-legalidad-en-cataluna\/#webpage"},"articleSection":"Actualidad"},{"@type":"BreadcrumbList","@id":"https:\/\/www.eldigitaldeasturias.com\/noticias\/casado-el-articulo-155-recupera-la-democracia-y-la-legalidad-en-cataluna\/#breadcrumblist","itemListElement":[{"@type":"ListItem","@id":"https:\/\/www.eldigitaldeasturias.com\/noticias#listItem","position":1,"name":"Home","item":"https:\/\/www.eldigitaldeasturias.com\/noticias","nextItem":{"@type":"ListItem","@id":"https:\/\/www.eldigitaldeasturias.com\/noticias\/category\/actualidad\/#listItem","name":"Actualidad"}},{"@type":"ListItem","@id":"https:\/\/www.eldigitaldeasturias.com\/noticias\/category\/actualidad\/#listItem","position":2,"name":"Actualidad","item":"https:\/\/www.eldigitaldeasturias.com\/noticias\/category\/actualidad\/","nextItem":{"@type":"ListItem","@id":"https:\/\/www.eldigitaldeasturias.com\/noticias\/casado-el-articulo-155-recupera-la-democracia-y-la-legalidad-en-cataluna\/#listItem","name":"Casado: \u201cEl art\u00edculo 155 recupera la democracia y la legalidad en Catalu\u00f1a\u201d"},"previousItem":{"@type":"ListItem","@id":"https:\/\/www.eldigitaldeasturias.com\/noticias#listItem","name":"Home"}},{"@type":"ListItem","@id":"https:\/\/www.eldigitaldeasturias.com\/noticias\/casado-el-articulo-155-recupera-la-democracia-y-la-legalidad-en-cataluna\/#listItem","position":3,"name":"Casado: \u201cEl art\u00edculo 155 recupera la democracia y la legalidad en Catalu\u00f1a\u201d","previousItem":{"@type":"ListItem","@id":"https:\/\/www.eldigitaldeasturias.com\/noticias\/category\/actualidad\/#listItem","name":"Actualidad"}}]},{"@type":"Organization","@id":"https:\/\/www.eldigitaldeasturias.com\/noticias\/#organization","name":"El Digital de Asturias","description":"Hemeroteca","url":"https:\/\/www.eldigitaldeasturias.com\/noticias\/","email":"info@eldigitaldeasturias.com","telephone":"+34652131393","logo":{"@type":"ImageObject","url":"https:\/\/www.eldigitaldeasturias.com\/noticias\/wp-content\/uploads\/2020\/12\/EDA.jpg","@id":"https:\/\/www.eldigitaldeasturias.com\/noticias\/casado-el-articulo-155-recupera-la-democracia-y-la-legalidad-en-cataluna\/#organizationLogo"},"image":{"@id":"https:\/\/www.eldigitaldeasturias.com\/noticias\/casado-el-articulo-155-recupera-la-democracia-y-la-legalidad-en-cataluna\/#organizationLogo"},"sameAs":["https:\/\/facebook.com\/eldigitaldeasturias","https:\/\/www.youtube.com\/channel\/UCZP-2wLEB9Rv6erhFmqVnvg"],"address":{"@id":"https:\/\/www.eldigitaldeasturias.com\/noticias\/#postaladdress","@type":"PostalAddress","streetAddress":"san antonio 4","postalCode":"33430","addressLocality":"Cand\u00e1s","addressRegion":"Asturias","addressCountry":"ES"}},{"@type":"Person","@id":"https:\/\/www.eldigitaldeasturias.com\/noticias\/author\/admin\/#author","url":"https:\/\/www.eldigitaldeasturias.com\/noticias\/author\/admin\/","name":"El Digital de Asturias","image":{"@type":"ImageObject","@id":"https:\/\/www.eldigitaldeasturias.com\/noticias\/casado-el-articulo-155-recupera-la-democracia-y-la-legalidad-en-cataluna\/#authorImage","url":"https:\/\/secure.gravatar.com\/avatar\/df2aeffc32bcd13f8d26072ef8a91b623d677766deac7f97ca815868cd41bf5e?s=96&d=mm&r=g","width":96,"height":96,"caption":"El Digital de Asturias"}},{"@type":"WebPage","@id":"https:\/\/www.eldigitaldeasturias.com\/noticias\/casado-el-articulo-155-recupera-la-democracia-y-la-legalidad-en-cataluna\/#webpage","url":"https:\/\/www.eldigitaldeasturias.com\/noticias\/casado-el-articulo-155-recupera-la-democracia-y-la-legalidad-en-cataluna\/","name":"Casado: \u201cEl art\u00edculo 155 recupera la democracia y la legalidad en Catalu\u00f1a\u201d - El Digital de Asturias","description":"El vicesecretario de Comunicaci\u00f3n del Partido Popular, Pablo Casado, ha mostrado el apoyo a la solicitud del Gobierno al Senado para que apruebe la aplicaci\u00f3n del art\u00edculo 155 de la Constituci\u00f3n. \u201cEl PP respalda de forma cerrada al presidente Mariano Rajoy y al Gobierno de Espa\u00f1a para restablecer las libertades y los derechos de todos","inLanguage":"es-ES","isPartOf":{"@id":"https:\/\/www.eldigitaldeasturias.com\/noticias\/#website"},"breadcrumb":{"@id":"https:\/\/www.eldigitaldeasturias.com\/noticias\/casado-el-articulo-155-recupera-la-democracia-y-la-legalidad-en-cataluna\/#breadcrumblist"},"author":{"@id":"https:\/\/www.eldigitaldeasturias.com\/noticias\/author\/admin\/#author"},"creator":{"@id":"https:\/\/www.eldigitaldeasturias.com\/noticias\/author\/admin\/#author"},"image":{"@type":"ImageObject","url":957178,"@id":"https:\/\/www.eldigitaldeasturias.com\/noticias\/casado-el-articulo-155-recupera-la-democracia-y-la-legalidad-en-cataluna\/#mainImage"},"primaryImageOfPage":{"@id":"https:\/\/www.eldigitaldeasturias.com\/noticias\/casado-el-articulo-155-recupera-la-democracia-y-la-legalidad-en-cataluna\/#mainImage"},"datePublished":"2017-10-23T16:23:27+02:00","dateModified":"2017-10-23T16:23:27+02:00"},{"@type":"WebSite","@id":"https:\/\/www.eldigitaldeasturias.com\/noticias\/#website","url":"https:\/\/www.eldigitaldeasturias.com\/noticias\/","name":"El Digital de Asturias - Diario de actualidad y noticias","alternateName":"El Digital de Asturias - Diario de actualidad y noticias","description":"Hemeroteca","inLanguage":"es-ES","publisher":{"@id":"https:\/\/www.eldigitaldeasturias.com\/noticias\/#organization"}}]},"og:locale":"es_ES","og:site_name":"El Digital de Asturias","og:type":"article","og:title":"Casado: \u201cEl art\u00edculo 155 recupera la democracia y la legalidad en Catalu\u00f1a\u201d - El Digital de Asturias","og:description":"El vicesecretario de Comunicaci\u00f3n del Partido Popular, Pablo Casado, ha mostrado el apoyo a la solicitud del Gobierno al Senado para que apruebe la aplicaci\u00f3n del art\u00edculo 155 de la Constituci\u00f3n. \u201cEl PP respalda de forma cerrada al presidente Mariano Rajoy y al Gobierno de Espa\u00f1a para restablecer las libertades y los derechos de todos","og:url":"https:\/\/www.eldigitaldeasturias.com\/noticias\/casado-el-articulo-155-recupera-la-democracia-y-la-legalidad-en-cataluna\/","article:tag":["actualidad"],"article:published_time":"2017-10-23T16:23:27+00:00","article:modified_time":"2017-10-23T16:23:27+00:00","article:publisher":"https:\/\/facebook.com\/eldigitaldeasturias","twitter:card":"summary_large_image","twitter:title":"Casado: \u201cEl art\u00edculo 155 recupera la democracia y la legalidad en Catalu\u00f1a\u201d - El Digital de Asturias","twitter:description":"El vicesecretario de Comunicaci\u00f3n del Partido Popular, Pablo Casado, ha mostrado el apoyo a la solicitud del Gobierno al Senado para que apruebe la aplicaci\u00f3n del art\u00edculo 155 de la Constituci\u00f3n. \u201cEl PP respalda de forma cerrada al presidente Mariano Rajoy y al Gobierno de Espa\u00f1a para restablecer las libertades y los derechos de todos","twitter:image":"https:\/\/www.eldigitaldeasturias.com\/noticias\/wp-content\/uploads\/2020\/12\/EDA-1.jpg","twitter:label1":"Escrito por","twitter:data1":"El Digital de Asturias","twitter:label2":"Tiempo de lectura estimado","twitter:data2":"3 minutos"},"aioseo_meta_data":{"post_id":"957177","title":null,"description":null,"keywords":null,"keyphrases":null,"primary_term":null,"canonical_url":null,"og_title":null,"og_description":null,"og_object_type":"default","og_image_type":"default","og_image_url":null,"og_image_width":null,"og_image_height":null,"og_image_custom_url":null,"og_image_custom_fields":null,"og_video":null,"og_custom_url":null,"og_article_section":null,"og_article_tags":null,"twitter_use_og":false,"twitter_card":"default","twitter_image_type":"default","twitter_image_url":null,"twitter_image_custom_url":null,"twitter_image_custom_fields":null,"twitter_title":null,"twitter_description":null,"schema":{"blockGraphs":[],"customGraphs":[],"default":{"data":{"Article":[],"Course":[],"Dataset":[],"FAQPage":[],"Movie":[],"Person":[],"Product":[],"ProductReview":[],"Car":[],"Recipe":[],"Service":[],"SoftwareApplication":[],"WebPage":[]},"graphName":"","isEnabled":true},"graphs":[],"defaultGraph":"","defaultPostTypeGraph":""},"schema_type":null,"schema_type_options":null,"pillar_content":false,"robots_default":true,"robots_noindex":false,"robots_noarchive":false,"robots_nosnippet":false,"robots_nofollow":false,"robots_noimageindex":false,"robots_noodp":false,"robots_notranslate":false,"robots_max_snippet":null,"robots_max_videopreview":null,"robots_max_imagepreview":"large","priority":null,"frequency":null,"local_seo":null,"seo_analyzer_scan_date":"2025-12-06 16:34:30","breadcrumb_settings":null,"limit_modified_date":false,"open_ai":null,"ai":null,"created":"2020-12-21 12:54:41","updated":"2025-12-06 16:34:30","focus_keyword":null,"additional_keywords":null,"truseo_locale":null},"aioseo_breadcrumb":"<div class=\"aioseo-breadcrumbs\"><span class=\"aioseo-breadcrumb\">\n\t<a href=\"https:\/\/www.eldigitaldeasturias.com\/noticias\" title=\"Home\">Home<\/a>\n<\/span><span class=\"aioseo-breadcrumb-separator\">\u2013<\/span><span class=\"aioseo-breadcrumb\">\n\t<a href=\"https:\/\/www.eldigitaldeasturias.com\/noticias\/category\/actualidad\/\" title=\"Actualidad\">Actualidad<\/a>\n<\/span><span class=\"aioseo-breadcrumb-separator\">\u2013<\/span><span class=\"aioseo-breadcrumb\">\n\t<a href=\"https:\/\/www.eldigitaldeasturias.com\/noticias\/casado-el-articulo-155-recupera-la-democracia-y-la-legalidad-en-cataluna\/\" title=\"Casado: \u201cEl art\u00edculo 155 recupera la democracia y la legalidad en Catalu\u00f1a\u201d\">Casado: \u201cEl art\u00edculo 155 recupera la democracia y la legalidad en Catalu\u00f1a\u201d<\/a>\n<\/span><\/div>","aioseo_breadcrumb_json":[{"label":"Home","link":"https:\/\/www.eldigitaldeasturias.com\/noticias"},{"label":"Actualidad","link":"https:\/\/www.eldigitaldeasturias.com\/noticias\/category\/actualidad\/"},{"label":"Casado: \u201cEl art\u00edculo 155 recupera la democracia y la legalidad en Catalu\u00f1a\u201d","link":"https:\/\/www.eldigitaldeasturias.com\/noticias\/casado-el-articulo-155-recupera-la-democracia-y-la-legalidad-en-cataluna\/"}],"_links":{"self":[{"href":"https:\/\/www.eldigitaldeasturias.com\/noticias\/wp-json\/wp\/v2\/posts\/957177","targetHints":{"allow":["GET"]}}],"collection":[{"href":"https:\/\/www.eldigitaldeasturias.com\/noticias\/wp-json\/wp\/v2\/posts"}],"about":[{"href":"https:\/\/www.eldigitaldeasturias.com\/noticias\/wp-json\/wp\/v2\/types\/post"}],"author":[{"embeddable":true,"href":"https:\/\/www.eldigitaldeasturias.com\/noticias\/wp-json\/wp\/v2\/users\/1"}],"replies":[{"embeddable":true,"href":"https:\/\/www.eldigitaldeasturias.com\/noticias\/wp-json\/wp\/v2\/comments?post=957177"}],"version-history":[{"count":0,"href":"https:\/\/www.eldigitaldeasturias.com\/noticias\/wp-json\/wp\/v2\/posts\/957177\/revisions"}],"wp:attachment":[{"href":"https:\/\/www.eldigitaldeasturias.com\/noticias\/wp-json\/wp\/v2\/media?parent=957177"}],"wp:term":[{"taxonomy":"category","embeddable":true,"href":"https:\/\/www.eldigitaldeasturias.com\/noticias\/wp-json\/wp\/v2\/categories?post=957177"},{"taxonomy":"post_tag","embeddable":true,"href":"https:\/\/www.eldigitaldeasturias.com\/noticias\/wp-json\/wp\/v2\/tags?post=957177"}],"curies":[{"name":"wp","href":"https:\/\/api.w.org\/{rel}","templated":true}]}}