{"id":957138,"date":"2017-10-23T13:57:46","date_gmt":"2017-10-23T13:57:46","guid":{"rendered":"http:\/\/www.eldigitaldeasturias.com\/noticias\/?p=957138"},"modified":"2017-10-23T13:57:46","modified_gmt":"2017-10-23T13:57:46","slug":"espana-y-emiratos-arabes-intensificaran-sus-relaciones-comerciales","status":"publish","type":"post","link":"https:\/\/www.eldigitaldeasturias.com\/noticias\/espana-y-emiratos-arabes-intensificaran-sus-relaciones-comerciales\/","title":{"rendered":"Espa\u00f1a y Emiratos \u00c1rabes intensificar\u00e1n sus relaciones comerciales"},"content":{"rendered":"<p><img loading=\"lazy\" decoding=\"async\" class=\"alignleft size-medium wp-image-957139\" src=\"https:\/\/www.eldigitaldeasturias.com\/noticias\/wp-content\/uploads\/2017\/10\/090415_MINECOInterior-360x239.jpg\" alt=\"\" width=\"360\" height=\"239\" \/>Espa\u00f1a y Emiratos \u00c1rabes Unidos (EAU) se han comprometido a intensificar las relaciones econ\u00f3micas, comerciales y de inversi\u00f3n. As\u00ed lo acordaron el ministro de Econom\u00eda, Industria y Competitividad espa\u00f1ol, Luis de Guindos, y su colega de EAU, Sultan Bin Saeed Al Mansoori, en la cuarta sesi\u00f3n del Comit\u00e9 Econ\u00f3mico conjunto celebrado en Dubai.<\/p>\n<p>\u200bLa Declaraci\u00f3n Conjunta firmada por los dos pa\u00edses recoge el compromiso de continuar explorando nuevas oportunidades y de implicar a los agentes p\u00fablicos y privados en la creaci\u00f3n de empresas mixtas (joint venture) y en proyectos de inversi\u00f3n conjuntos.<\/p>\n<p>El ministro Almansoori destac\u00f3 el creciente impacto de la I+D+I en la econom\u00eda de los Emiratos y en las compa\u00f1\u00edas internacionales que operan en el pa\u00eds. Resalt\u00f3 la cooperaci\u00f3n con Espa\u00f1a en sectores identificados en la citada Estrategia, entre los que se\u00f1al\u00f3 las energ\u00edas renovables, la salud, la educaci\u00f3n, la tecnolog\u00eda, el transporte, la ingenier\u00eda aeroespacial y el agua. El ministro espa\u00f1ol apoy\u00f3 aumentar el compromiso de los agentes p\u00fablicos y privados espa\u00f1oles para trabajar en estas \u00e1reas.<\/p>\n<p>El ministro Guindos felicit\u00f3 a su hom\u00f3logo por los trabajos para lanzar el Centro Nacional de Innovaci\u00f3n y ofreci\u00f3 cooperaci\u00f3n tecnol\u00f3gica y apoyo en el desarrollo en sectores en los que Espa\u00f1a goza de reconocimiento internacional.<\/p>\n<p>Luis de Guindos, quien estuvo acompa\u00f1ado de la secretaria de Estado de Comercio, Marisa Poncela, pidi\u00f3 a su hom\u00f3logo emirat\u00ed colaboraci\u00f3n para que productos c\u00e1rnicos espa\u00f1oles puedan exportarse con el certificado halal emitido en Espa\u00f1a.<\/p>\n<p>Ambas partes hablaron tambi\u00e9n de la posibilidad de reactivar el Acuerdo de Libre Comercio entre la Uni\u00f3n Europea y el Consejo de Cooperaci\u00f3n del Golfo, que, pese a las dificultades que enfrenta, impulsar\u00eda de forma sustancial las relaciones bilaterales.<\/p>\n<p>Los dos pa\u00edses coincidieron en la importancia de alcanzar un acuerdo bilateral de inversiones y para ello se emplazaron a una pr\u00f3xima reuni\u00f3n en el primer trimestre de 2018 si para entonces Espa\u00f1a obtiene la pertinente autorizaci\u00f3n de la Comisi\u00f3n Europea. Con ello conf\u00edan en que se incremente la inversi\u00f3n directa en ambas direcciones y apelan al sector privado a jugar un papel activo invirtiendo en sectores prioritarios como la innovaci\u00f3n, la I+D, las manufacturas, la salud, la educaci\u00f3n y el transporte.<\/p>\n<p>Adem\u00e1s, destacaron la importancia de las pymes en sus econom\u00edas y se comprometieron a trabajar conjuntamente y a intercambiar informaci\u00f3n y compartir las mejores pr\u00e1cticas en el \u00e1rea de promoci\u00f3n de pymes e innovaci\u00f3n.<\/p>\n<p>Las dos delegaciones se emplazaron para el pr\u00f3ximo Comit\u00e9 Conjunto, que se celebrar\u00e1 en Espa\u00f1a en 2019.<\/p>\n<p>El comercio bilateral ha experimentado un aumento sustancial en la \u00faltima d\u00e9cada. Los flujos totales sumaron 973 millones de euros en 2007, cifra que en 2016 subi\u00f3 hasta los 2.079 millones de euros. En 2016 Espa\u00f1a export\u00f3 a EAU mercanc\u00edas por 1.746 millones de euros e import\u00f3 bienes por 334 millones. El saldo comercial fue favorable a Espa\u00f1a en 1.412 millones de euros. Emiratos es el segundo mayor mercado para las compa\u00f1\u00edas espa\u00f1olas en la regi\u00f3n.<\/p>\n<p>En 2017 contin\u00faa la tendencia de crecimiento: hasta el pasado mes de agosto Espa\u00f1a export\u00f3 por valor de1.231 millones de euros, con un aumento del 6%; e import\u00f3 bienes por 234 millones, un 2 por ciento menos.<\/p>\n<p>M\u00e1s de 8.000 empresas espa\u00f1olas exportaron a EAU en 2016 y de ellas en torno a 2.500 son exportadores regulares (llevan al menos cuatro a\u00f1os seguidos exportando). Las empresas espa\u00f1olas consideran a Emiratos un centro de distribuci\u00f3n para la regi\u00f3n, de forma que m\u00e1s de 200 han establecido sus sedes para Oriente Medio all\u00ed<\/p>\n","protected":false},"excerpt":{"rendered":"<p>Espa\u00f1a y Emiratos \u00c1rabes Unidos (EAU) se han comprometido a intensificar las relaciones econ\u00f3micas, comerciales y de inversi\u00f3n. As\u00ed lo acordaron el ministro de Econom\u00eda, Industria y Competitividad espa\u00f1ol, Luis de Guindos, y su colega de EAU, Sultan Bin Saeed Al Mansoori, en la cuarta sesi\u00f3n del Comit\u00e9 Econ\u00f3mico conjunto celebrado en Dubai. \u200bLa Declaraci\u00f3n [&hellip;]<\/p>\n","protected":false},"author":1,"featured_media":957139,"comment_status":"closed","ping_status":"closed","sticky":false,"template":"","format":"standard","meta":{"footnotes":""},"categories":[1],"tags":[],"class_list":["post-957138","post","type-post","status-publish","format-standard","has-post-thumbnail","hentry","category-actualidad"],"aioseo_notices":[],"aioseo_head":"\n\t\t<!-- All in One SEO Pro 5.0.1 - aioseo.com -->\n\t<meta name=\"description\" content=\"Espa\u00f1a y Emiratos \u00c1rabes Unidos (EAU) se han comprometido a intensificar las relaciones econ\u00f3micas, comerciales y de inversi\u00f3n. As\u00ed lo acordaron el ministro de Econom\u00eda, Industria y Competitividad espa\u00f1ol, Luis de Guindos, y su colega de EAU, Sultan Bin Saeed Al Mansoori, en la cuarta sesi\u00f3n del Comit\u00e9 Econ\u00f3mico conjunto celebrado en Dubai. \u200bLa Declaraci\u00f3n\" \/>\n\t<meta name=\"robots\" content=\"max-image-preview:large\" \/>\n\t<meta name=\"author\" content=\"El Digital de Asturias\"\/>\n\t<meta name=\"google-site-verification\" content=\"UA-38556648-1\" \/>\n\t<meta name=\"msvalidate.01\" content=\"7dfe9f3f1b24437ab69f4f2559babe99\" \/>\n\t<meta name=\"keywords\" content=\"actualidad\" \/>\n\t<link rel=\"canonical\" href=\"https:\/\/www.eldigitaldeasturias.com\/noticias\/espana-y-emiratos-arabes-intensificaran-sus-relaciones-comerciales\/\" \/>\n\t<meta name=\"generator\" content=\"All in One SEO Pro (AIOSEO) 5.0.1\" \/>\n\t\t<meta property=\"og:locale\" content=\"es_ES\" \/>\n\t\t<meta property=\"og:site_name\" content=\"El Digital de Asturias\" \/>\n\t\t<meta property=\"og:type\" content=\"article\" \/>\n\t\t<meta property=\"og:title\" content=\"Espa\u00f1a y Emiratos \u00c1rabes intensificar\u00e1n sus relaciones comerciales - El Digital de Asturias\" \/>\n\t\t<meta property=\"og:description\" content=\"Espa\u00f1a y Emiratos \u00c1rabes Unidos (EAU) se han comprometido a intensificar las relaciones econ\u00f3micas, comerciales y de inversi\u00f3n. As\u00ed lo acordaron el ministro de Econom\u00eda, Industria y Competitividad espa\u00f1ol, Luis de Guindos, y su colega de EAU, Sultan Bin Saeed Al Mansoori, en la cuarta sesi\u00f3n del Comit\u00e9 Econ\u00f3mico conjunto celebrado en Dubai. \u200bLa Declaraci\u00f3n\" \/>\n\t\t<meta property=\"og:url\" content=\"https:\/\/www.eldigitaldeasturias.com\/noticias\/espana-y-emiratos-arabes-intensificaran-sus-relaciones-comerciales\/\" \/>\n\t\t<meta property=\"article:tag\" content=\"actualidad\" \/>\n\t\t<meta property=\"article:published_time\" content=\"2017-10-23T13:57:46+00:00\" \/>\n\t\t<meta property=\"article:modified_time\" content=\"2017-10-23T13:57:46+00:00\" \/>\n\t\t<meta property=\"article:publisher\" content=\"https:\/\/facebook.com\/eldigitaldeasturias\" \/>\n\t\t<meta name=\"twitter:card\" content=\"summary_large_image\" \/>\n\t\t<meta name=\"twitter:title\" content=\"Espa\u00f1a y Emiratos \u00c1rabes intensificar\u00e1n sus relaciones comerciales - El Digital de Asturias\" \/>\n\t\t<meta name=\"twitter:description\" content=\"Espa\u00f1a y Emiratos \u00c1rabes Unidos (EAU) se han comprometido a intensificar las relaciones econ\u00f3micas, comerciales y de inversi\u00f3n. As\u00ed lo acordaron el ministro de Econom\u00eda, Industria y Competitividad espa\u00f1ol, Luis de Guindos, y su colega de EAU, Sultan Bin Saeed Al Mansoori, en la cuarta sesi\u00f3n del Comit\u00e9 Econ\u00f3mico conjunto celebrado en Dubai. \u200bLa Declaraci\u00f3n\" \/>\n\t\t<meta name=\"twitter:image\" content=\"https:\/\/www.eldigitaldeasturias.com\/noticias\/wp-content\/uploads\/2020\/12\/EDA-1.jpg\" \/>\n\t\t<meta name=\"twitter:label1\" content=\"Escrito por\" \/>\n\t\t<meta name=\"twitter:data1\" content=\"El Digital de Asturias\" \/>\n\t\t<meta name=\"twitter:label2\" content=\"Tiempo de lectura estimado\" \/>\n\t\t<meta name=\"twitter:data2\" content=\"3 minutos\" \/>\n\t\t<script type=\"application\/ld+json\" class=\"aioseo-schema\">\n\t\t\t{\"@context\":\"https:\\\/\\\/schema.org\",\"@graph\":[{\"@type\":\"BlogPosting\",\"@id\":\"https:\\\/\\\/www.eldigitaldeasturias.com\\\/noticias\\\/espana-y-emiratos-arabes-intensificaran-sus-relaciones-comerciales\\\/#blogposting\",\"name\":\"Espa\\u00f1a y Emiratos \\u00c1rabes intensificar\\u00e1n sus relaciones comerciales - El Digital de Asturias\",\"headline\":\"Espa\\u00f1a y Emiratos \\u00c1rabes intensificar\\u00e1n sus relaciones comerciales\",\"author\":{\"@id\":\"https:\\\/\\\/www.eldigitaldeasturias.com\\\/noticias\\\/author\\\/admin\\\/#author\"},\"publisher\":{\"@id\":\"https:\\\/\\\/www.eldigitaldeasturias.com\\\/noticias\\\/#organization\"},\"image\":{\"@type\":\"ImageObject\",\"url\":957139},\"datePublished\":\"2017-10-23T13:57:46+02:00\",\"dateModified\":\"2017-10-23T13:57:46+02:00\",\"inLanguage\":\"es-ES\",\"mainEntityOfPage\":{\"@id\":\"https:\\\/\\\/www.eldigitaldeasturias.com\\\/noticias\\\/espana-y-emiratos-arabes-intensificaran-sus-relaciones-comerciales\\\/#webpage\"},\"isPartOf\":{\"@id\":\"https:\\\/\\\/www.eldigitaldeasturias.com\\\/noticias\\\/espana-y-emiratos-arabes-intensificaran-sus-relaciones-comerciales\\\/#webpage\"},\"articleSection\":\"Actualidad\"},{\"@type\":\"BreadcrumbList\",\"@id\":\"https:\\\/\\\/www.eldigitaldeasturias.com\\\/noticias\\\/espana-y-emiratos-arabes-intensificaran-sus-relaciones-comerciales\\\/#breadcrumblist\",\"itemListElement\":[{\"@type\":\"ListItem\",\"@id\":\"https:\\\/\\\/www.eldigitaldeasturias.com\\\/noticias#listItem\",\"position\":1,\"name\":\"Home\",\"item\":\"https:\\\/\\\/www.eldigitaldeasturias.com\\\/noticias\",\"nextItem\":{\"@type\":\"ListItem\",\"@id\":\"https:\\\/\\\/www.eldigitaldeasturias.com\\\/noticias\\\/category\\\/actualidad\\\/#listItem\",\"name\":\"Actualidad\"}},{\"@type\":\"ListItem\",\"@id\":\"https:\\\/\\\/www.eldigitaldeasturias.com\\\/noticias\\\/category\\\/actualidad\\\/#listItem\",\"position\":2,\"name\":\"Actualidad\",\"item\":\"https:\\\/\\\/www.eldigitaldeasturias.com\\\/noticias\\\/category\\\/actualidad\\\/\",\"nextItem\":{\"@type\":\"ListItem\",\"@id\":\"https:\\\/\\\/www.eldigitaldeasturias.com\\\/noticias\\\/espana-y-emiratos-arabes-intensificaran-sus-relaciones-comerciales\\\/#listItem\",\"name\":\"Espa\\u00f1a y Emiratos \\u00c1rabes intensificar\\u00e1n sus relaciones comerciales\"},\"previousItem\":{\"@type\":\"ListItem\",\"@id\":\"https:\\\/\\\/www.eldigitaldeasturias.com\\\/noticias#listItem\",\"name\":\"Home\"}},{\"@type\":\"ListItem\",\"@id\":\"https:\\\/\\\/www.eldigitaldeasturias.com\\\/noticias\\\/espana-y-emiratos-arabes-intensificaran-sus-relaciones-comerciales\\\/#listItem\",\"position\":3,\"name\":\"Espa\\u00f1a y Emiratos \\u00c1rabes intensificar\\u00e1n sus relaciones comerciales\",\"previousItem\":{\"@type\":\"ListItem\",\"@id\":\"https:\\\/\\\/www.eldigitaldeasturias.com\\\/noticias\\\/category\\\/actualidad\\\/#listItem\",\"name\":\"Actualidad\"}}]},{\"@type\":\"Organization\",\"@id\":\"https:\\\/\\\/www.eldigitaldeasturias.com\\\/noticias\\\/#organization\",\"name\":\"El Digital de Asturias\",\"description\":\"Hemeroteca\",\"url\":\"https:\\\/\\\/www.eldigitaldeasturias.com\\\/noticias\\\/\",\"email\":\"info@eldigitaldeasturias.com\",\"telephone\":\"+34652131393\",\"logo\":{\"@type\":\"ImageObject\",\"url\":\"https:\\\/\\\/www.eldigitaldeasturias.com\\\/noticias\\\/wp-content\\\/uploads\\\/2020\\\/12\\\/EDA.jpg\",\"@id\":\"https:\\\/\\\/www.eldigitaldeasturias.com\\\/noticias\\\/espana-y-emiratos-arabes-intensificaran-sus-relaciones-comerciales\\\/#organizationLogo\"},\"image\":{\"@id\":\"https:\\\/\\\/www.eldigitaldeasturias.com\\\/noticias\\\/espana-y-emiratos-arabes-intensificaran-sus-relaciones-comerciales\\\/#organizationLogo\"},\"sameAs\":[\"https:\\\/\\\/facebook.com\\\/eldigitaldeasturias\",\"https:\\\/\\\/www.youtube.com\\\/channel\\\/UCZP-2wLEB9Rv6erhFmqVnvg\"],\"address\":{\"@id\":\"https:\\\/\\\/www.eldigitaldeasturias.com\\\/noticias\\\/#postaladdress\",\"@type\":\"PostalAddress\",\"streetAddress\":\"san antonio 4\",\"postalCode\":\"33430\",\"addressLocality\":\"Cand\\u00e1s\",\"addressRegion\":\"Asturias\",\"addressCountry\":\"ES\"}},{\"@type\":\"Person\",\"@id\":\"https:\\\/\\\/www.eldigitaldeasturias.com\\\/noticias\\\/author\\\/admin\\\/#author\",\"url\":\"https:\\\/\\\/www.eldigitaldeasturias.com\\\/noticias\\\/author\\\/admin\\\/\",\"name\":\"El Digital de Asturias\",\"image\":{\"@type\":\"ImageObject\",\"@id\":\"https:\\\/\\\/www.eldigitaldeasturias.com\\\/noticias\\\/espana-y-emiratos-arabes-intensificaran-sus-relaciones-comerciales\\\/#authorImage\",\"url\":\"https:\\\/\\\/secure.gravatar.com\\\/avatar\\\/df2aeffc32bcd13f8d26072ef8a91b623d677766deac7f97ca815868cd41bf5e?s=96&d=mm&r=g\",\"width\":96,\"height\":96,\"caption\":\"El Digital de Asturias\"}},{\"@type\":\"WebPage\",\"@id\":\"https:\\\/\\\/www.eldigitaldeasturias.com\\\/noticias\\\/espana-y-emiratos-arabes-intensificaran-sus-relaciones-comerciales\\\/#webpage\",\"url\":\"https:\\\/\\\/www.eldigitaldeasturias.com\\\/noticias\\\/espana-y-emiratos-arabes-intensificaran-sus-relaciones-comerciales\\\/\",\"name\":\"Espa\\u00f1a y Emiratos \\u00c1rabes intensificar\\u00e1n sus relaciones comerciales - El Digital de Asturias\",\"description\":\"Espa\\u00f1a y Emiratos \\u00c1rabes Unidos (EAU) se han comprometido a intensificar las relaciones econ\\u00f3micas, comerciales y de inversi\\u00f3n. As\\u00ed lo acordaron el ministro de Econom\\u00eda, Industria y Competitividad espa\\u00f1ol, Luis de Guindos, y su colega de EAU, Sultan Bin Saeed Al Mansoori, en la cuarta sesi\\u00f3n del Comit\\u00e9 Econ\\u00f3mico conjunto celebrado en Dubai. \\u200bLa Declaraci\\u00f3n\",\"inLanguage\":\"es-ES\",\"isPartOf\":{\"@id\":\"https:\\\/\\\/www.eldigitaldeasturias.com\\\/noticias\\\/#website\"},\"breadcrumb\":{\"@id\":\"https:\\\/\\\/www.eldigitaldeasturias.com\\\/noticias\\\/espana-y-emiratos-arabes-intensificaran-sus-relaciones-comerciales\\\/#breadcrumblist\"},\"author\":{\"@id\":\"https:\\\/\\\/www.eldigitaldeasturias.com\\\/noticias\\\/author\\\/admin\\\/#author\"},\"creator\":{\"@id\":\"https:\\\/\\\/www.eldigitaldeasturias.com\\\/noticias\\\/author\\\/admin\\\/#author\"},\"image\":{\"@type\":\"ImageObject\",\"url\":957139,\"@id\":\"https:\\\/\\\/www.eldigitaldeasturias.com\\\/noticias\\\/espana-y-emiratos-arabes-intensificaran-sus-relaciones-comerciales\\\/#mainImage\"},\"primaryImageOfPage\":{\"@id\":\"https:\\\/\\\/www.eldigitaldeasturias.com\\\/noticias\\\/espana-y-emiratos-arabes-intensificaran-sus-relaciones-comerciales\\\/#mainImage\"},\"datePublished\":\"2017-10-23T13:57:46+02:00\",\"dateModified\":\"2017-10-23T13:57:46+02:00\"},{\"@type\":\"WebSite\",\"@id\":\"https:\\\/\\\/www.eldigitaldeasturias.com\\\/noticias\\\/#website\",\"url\":\"https:\\\/\\\/www.eldigitaldeasturias.com\\\/noticias\\\/\",\"name\":\"El Digital de Asturias - Diario de actualidad y noticias\",\"alternateName\":\"El Digital de Asturias - Diario de actualidad y noticias\",\"description\":\"Hemeroteca\",\"inLanguage\":\"es-ES\",\"publisher\":{\"@id\":\"https:\\\/\\\/www.eldigitaldeasturias.com\\\/noticias\\\/#organization\"}}]}\n\t\t<\/script>\n\t\t<!-- All in One SEO Pro -->\r\n\t\t<title>Espa\u00f1a y Emiratos \u00c1rabes intensificar\u00e1n sus relaciones comerciales - El Digital de Asturias<\/title>\n\n","aioseo_head_json":{"title":"Espa\u00f1a y Emiratos \u00c1rabes intensificar\u00e1n sus relaciones comerciales - El Digital de Asturias","description":"Espa\u00f1a y Emiratos \u00c1rabes Unidos (EAU) se han comprometido a intensificar las relaciones econ\u00f3micas, comerciales y de inversi\u00f3n. As\u00ed lo acordaron el ministro de Econom\u00eda, Industria y Competitividad espa\u00f1ol, Luis de Guindos, y su colega de EAU, Sultan Bin Saeed Al Mansoori, en la cuarta sesi\u00f3n del Comit\u00e9 Econ\u00f3mico conjunto celebrado en Dubai. \u200bLa Declaraci\u00f3n","canonical_url":"https:\/\/www.eldigitaldeasturias.com\/noticias\/espana-y-emiratos-arabes-intensificaran-sus-relaciones-comerciales\/","robots":"max-image-preview:large","keywords":"actualidad","webmasterTools":{"google-site-verification":"UA-38556648-1","msvalidate.01":"7dfe9f3f1b24437ab69f4f2559babe99","miscellaneous":""},"schema":{"@context":"https:\/\/schema.org","@graph":[{"@type":"BlogPosting","@id":"https:\/\/www.eldigitaldeasturias.com\/noticias\/espana-y-emiratos-arabes-intensificaran-sus-relaciones-comerciales\/#blogposting","name":"Espa\u00f1a y Emiratos \u00c1rabes intensificar\u00e1n sus relaciones comerciales - El Digital de Asturias","headline":"Espa\u00f1a y Emiratos \u00c1rabes intensificar\u00e1n sus relaciones comerciales","author":{"@id":"https:\/\/www.eldigitaldeasturias.com\/noticias\/author\/admin\/#author"},"publisher":{"@id":"https:\/\/www.eldigitaldeasturias.com\/noticias\/#organization"},"image":{"@type":"ImageObject","url":957139},"datePublished":"2017-10-23T13:57:46+02:00","dateModified":"2017-10-23T13:57:46+02:00","inLanguage":"es-ES","mainEntityOfPage":{"@id":"https:\/\/www.eldigitaldeasturias.com\/noticias\/espana-y-emiratos-arabes-intensificaran-sus-relaciones-comerciales\/#webpage"},"isPartOf":{"@id":"https:\/\/www.eldigitaldeasturias.com\/noticias\/espana-y-emiratos-arabes-intensificaran-sus-relaciones-comerciales\/#webpage"},"articleSection":"Actualidad"},{"@type":"BreadcrumbList","@id":"https:\/\/www.eldigitaldeasturias.com\/noticias\/espana-y-emiratos-arabes-intensificaran-sus-relaciones-comerciales\/#breadcrumblist","itemListElement":[{"@type":"ListItem","@id":"https:\/\/www.eldigitaldeasturias.com\/noticias#listItem","position":1,"name":"Home","item":"https:\/\/www.eldigitaldeasturias.com\/noticias","nextItem":{"@type":"ListItem","@id":"https:\/\/www.eldigitaldeasturias.com\/noticias\/category\/actualidad\/#listItem","name":"Actualidad"}},{"@type":"ListItem","@id":"https:\/\/www.eldigitaldeasturias.com\/noticias\/category\/actualidad\/#listItem","position":2,"name":"Actualidad","item":"https:\/\/www.eldigitaldeasturias.com\/noticias\/category\/actualidad\/","nextItem":{"@type":"ListItem","@id":"https:\/\/www.eldigitaldeasturias.com\/noticias\/espana-y-emiratos-arabes-intensificaran-sus-relaciones-comerciales\/#listItem","name":"Espa\u00f1a y Emiratos \u00c1rabes intensificar\u00e1n sus relaciones comerciales"},"previousItem":{"@type":"ListItem","@id":"https:\/\/www.eldigitaldeasturias.com\/noticias#listItem","name":"Home"}},{"@type":"ListItem","@id":"https:\/\/www.eldigitaldeasturias.com\/noticias\/espana-y-emiratos-arabes-intensificaran-sus-relaciones-comerciales\/#listItem","position":3,"name":"Espa\u00f1a y Emiratos \u00c1rabes intensificar\u00e1n sus relaciones comerciales","previousItem":{"@type":"ListItem","@id":"https:\/\/www.eldigitaldeasturias.com\/noticias\/category\/actualidad\/#listItem","name":"Actualidad"}}]},{"@type":"Organization","@id":"https:\/\/www.eldigitaldeasturias.com\/noticias\/#organization","name":"El Digital de Asturias","description":"Hemeroteca","url":"https:\/\/www.eldigitaldeasturias.com\/noticias\/","email":"info@eldigitaldeasturias.com","telephone":"+34652131393","logo":{"@type":"ImageObject","url":"https:\/\/www.eldigitaldeasturias.com\/noticias\/wp-content\/uploads\/2020\/12\/EDA.jpg","@id":"https:\/\/www.eldigitaldeasturias.com\/noticias\/espana-y-emiratos-arabes-intensificaran-sus-relaciones-comerciales\/#organizationLogo"},"image":{"@id":"https:\/\/www.eldigitaldeasturias.com\/noticias\/espana-y-emiratos-arabes-intensificaran-sus-relaciones-comerciales\/#organizationLogo"},"sameAs":["https:\/\/facebook.com\/eldigitaldeasturias","https:\/\/www.youtube.com\/channel\/UCZP-2wLEB9Rv6erhFmqVnvg"],"address":{"@id":"https:\/\/www.eldigitaldeasturias.com\/noticias\/#postaladdress","@type":"PostalAddress","streetAddress":"san antonio 4","postalCode":"33430","addressLocality":"Cand\u00e1s","addressRegion":"Asturias","addressCountry":"ES"}},{"@type":"Person","@id":"https:\/\/www.eldigitaldeasturias.com\/noticias\/author\/admin\/#author","url":"https:\/\/www.eldigitaldeasturias.com\/noticias\/author\/admin\/","name":"El Digital de Asturias","image":{"@type":"ImageObject","@id":"https:\/\/www.eldigitaldeasturias.com\/noticias\/espana-y-emiratos-arabes-intensificaran-sus-relaciones-comerciales\/#authorImage","url":"https:\/\/secure.gravatar.com\/avatar\/df2aeffc32bcd13f8d26072ef8a91b623d677766deac7f97ca815868cd41bf5e?s=96&d=mm&r=g","width":96,"height":96,"caption":"El Digital de Asturias"}},{"@type":"WebPage","@id":"https:\/\/www.eldigitaldeasturias.com\/noticias\/espana-y-emiratos-arabes-intensificaran-sus-relaciones-comerciales\/#webpage","url":"https:\/\/www.eldigitaldeasturias.com\/noticias\/espana-y-emiratos-arabes-intensificaran-sus-relaciones-comerciales\/","name":"Espa\u00f1a y Emiratos \u00c1rabes intensificar\u00e1n sus relaciones comerciales - El Digital de Asturias","description":"Espa\u00f1a y Emiratos \u00c1rabes Unidos (EAU) se han comprometido a intensificar las relaciones econ\u00f3micas, comerciales y de inversi\u00f3n. As\u00ed lo acordaron el ministro de Econom\u00eda, Industria y Competitividad espa\u00f1ol, Luis de Guindos, y su colega de EAU, Sultan Bin Saeed Al Mansoori, en la cuarta sesi\u00f3n del Comit\u00e9 Econ\u00f3mico conjunto celebrado en Dubai. \u200bLa Declaraci\u00f3n","inLanguage":"es-ES","isPartOf":{"@id":"https:\/\/www.eldigitaldeasturias.com\/noticias\/#website"},"breadcrumb":{"@id":"https:\/\/www.eldigitaldeasturias.com\/noticias\/espana-y-emiratos-arabes-intensificaran-sus-relaciones-comerciales\/#breadcrumblist"},"author":{"@id":"https:\/\/www.eldigitaldeasturias.com\/noticias\/author\/admin\/#author"},"creator":{"@id":"https:\/\/www.eldigitaldeasturias.com\/noticias\/author\/admin\/#author"},"image":{"@type":"ImageObject","url":957139,"@id":"https:\/\/www.eldigitaldeasturias.com\/noticias\/espana-y-emiratos-arabes-intensificaran-sus-relaciones-comerciales\/#mainImage"},"primaryImageOfPage":{"@id":"https:\/\/www.eldigitaldeasturias.com\/noticias\/espana-y-emiratos-arabes-intensificaran-sus-relaciones-comerciales\/#mainImage"},"datePublished":"2017-10-23T13:57:46+02:00","dateModified":"2017-10-23T13:57:46+02:00"},{"@type":"WebSite","@id":"https:\/\/www.eldigitaldeasturias.com\/noticias\/#website","url":"https:\/\/www.eldigitaldeasturias.com\/noticias\/","name":"El Digital de Asturias - Diario de actualidad y noticias","alternateName":"El Digital de Asturias - Diario de actualidad y noticias","description":"Hemeroteca","inLanguage":"es-ES","publisher":{"@id":"https:\/\/www.eldigitaldeasturias.com\/noticias\/#organization"}}]},"og:locale":"es_ES","og:site_name":"El Digital de Asturias","og:type":"article","og:title":"Espa\u00f1a y Emiratos \u00c1rabes intensificar\u00e1n sus relaciones comerciales - El Digital de Asturias","og:description":"Espa\u00f1a y Emiratos \u00c1rabes Unidos (EAU) se han comprometido a intensificar las relaciones econ\u00f3micas, comerciales y de inversi\u00f3n. As\u00ed lo acordaron el ministro de Econom\u00eda, Industria y Competitividad espa\u00f1ol, Luis de Guindos, y su colega de EAU, Sultan Bin Saeed Al Mansoori, en la cuarta sesi\u00f3n del Comit\u00e9 Econ\u00f3mico conjunto celebrado en Dubai. \u200bLa Declaraci\u00f3n","og:url":"https:\/\/www.eldigitaldeasturias.com\/noticias\/espana-y-emiratos-arabes-intensificaran-sus-relaciones-comerciales\/","article:tag":["actualidad"],"article:published_time":"2017-10-23T13:57:46+00:00","article:modified_time":"2017-10-23T13:57:46+00:00","article:publisher":"https:\/\/facebook.com\/eldigitaldeasturias","twitter:card":"summary_large_image","twitter:title":"Espa\u00f1a y Emiratos \u00c1rabes intensificar\u00e1n sus relaciones comerciales - El Digital de Asturias","twitter:description":"Espa\u00f1a y Emiratos \u00c1rabes Unidos (EAU) se han comprometido a intensificar las relaciones econ\u00f3micas, comerciales y de inversi\u00f3n. As\u00ed lo acordaron el ministro de Econom\u00eda, Industria y Competitividad espa\u00f1ol, Luis de Guindos, y su colega de EAU, Sultan Bin Saeed Al Mansoori, en la cuarta sesi\u00f3n del Comit\u00e9 Econ\u00f3mico conjunto celebrado en Dubai. \u200bLa Declaraci\u00f3n","twitter:image":"https:\/\/www.eldigitaldeasturias.com\/noticias\/wp-content\/uploads\/2020\/12\/EDA-1.jpg","twitter:label1":"Escrito por","twitter:data1":"El Digital de Asturias","twitter:label2":"Tiempo de lectura estimado","twitter:data2":"3 minutos"},"aioseo_meta_data":{"post_id":"957138","title":null,"description":null,"keywords":null,"keyphrases":null,"primary_term":null,"canonical_url":null,"og_title":null,"og_description":null,"og_object_type":"default","og_image_type":"default","og_image_url":null,"og_image_width":null,"og_image_height":null,"og_image_custom_url":null,"og_image_custom_fields":null,"og_video":null,"og_custom_url":null,"og_article_section":null,"og_article_tags":null,"twitter_use_og":false,"twitter_card":"default","twitter_image_type":"default","twitter_image_url":null,"twitter_image_custom_url":null,"twitter_image_custom_fields":null,"twitter_title":null,"twitter_description":null,"schema":{"blockGraphs":[],"customGraphs":[],"default":{"data":{"Article":[],"Course":[],"Dataset":[],"FAQPage":[],"Movie":[],"Person":[],"Product":[],"ProductReview":[],"Car":[],"Recipe":[],"Service":[],"SoftwareApplication":[],"WebPage":[]},"graphName":"","isEnabled":true},"graphs":[],"defaultGraph":"","defaultPostTypeGraph":""},"schema_type":null,"schema_type_options":null,"pillar_content":false,"robots_default":true,"robots_noindex":false,"robots_noarchive":false,"robots_nosnippet":false,"robots_nofollow":false,"robots_noimageindex":false,"robots_noodp":false,"robots_notranslate":false,"robots_max_snippet":null,"robots_max_videopreview":null,"robots_max_imagepreview":"large","priority":null,"frequency":null,"local_seo":null,"seo_analyzer_scan_date":"2025-12-06 16:23:10","breadcrumb_settings":null,"limit_modified_date":false,"open_ai":null,"ai":null,"created":"2020-12-21 12:55:36","updated":"2025-12-06 16:23:10","focus_keyword":null,"additional_keywords":null,"truseo_locale":null},"aioseo_breadcrumb":"<div class=\"aioseo-breadcrumbs\"><span class=\"aioseo-breadcrumb\">\n\t<a href=\"https:\/\/www.eldigitaldeasturias.com\/noticias\" title=\"Home\">Home<\/a>\n<\/span><span class=\"aioseo-breadcrumb-separator\">\u2013<\/span><span class=\"aioseo-breadcrumb\">\n\t<a href=\"https:\/\/www.eldigitaldeasturias.com\/noticias\/category\/actualidad\/\" title=\"Actualidad\">Actualidad<\/a>\n<\/span><span class=\"aioseo-breadcrumb-separator\">\u2013<\/span><span class=\"aioseo-breadcrumb\">\n\t<a href=\"https:\/\/www.eldigitaldeasturias.com\/noticias\/espana-y-emiratos-arabes-intensificaran-sus-relaciones-comerciales\/\" title=\"Espa\u00f1a y Emiratos \u00c1rabes intensificar\u00e1n sus relaciones comerciales\">Espa\u00f1a y Emiratos \u00c1rabes intensificar\u00e1n sus relaciones comerciales<\/a>\n<\/span><\/div>","aioseo_breadcrumb_json":[{"label":"Home","link":"https:\/\/www.eldigitaldeasturias.com\/noticias"},{"label":"Actualidad","link":"https:\/\/www.eldigitaldeasturias.com\/noticias\/category\/actualidad\/"},{"label":"Espa\u00f1a y Emiratos \u00c1rabes intensificar\u00e1n sus relaciones comerciales","link":"https:\/\/www.eldigitaldeasturias.com\/noticias\/espana-y-emiratos-arabes-intensificaran-sus-relaciones-comerciales\/"}],"_links":{"self":[{"href":"https:\/\/www.eldigitaldeasturias.com\/noticias\/wp-json\/wp\/v2\/posts\/957138","targetHints":{"allow":["GET"]}}],"collection":[{"href":"https:\/\/www.eldigitaldeasturias.com\/noticias\/wp-json\/wp\/v2\/posts"}],"about":[{"href":"https:\/\/www.eldigitaldeasturias.com\/noticias\/wp-json\/wp\/v2\/types\/post"}],"author":[{"embeddable":true,"href":"https:\/\/www.eldigitaldeasturias.com\/noticias\/wp-json\/wp\/v2\/users\/1"}],"replies":[{"embeddable":true,"href":"https:\/\/www.eldigitaldeasturias.com\/noticias\/wp-json\/wp\/v2\/comments?post=957138"}],"version-history":[{"count":0,"href":"https:\/\/www.eldigitaldeasturias.com\/noticias\/wp-json\/wp\/v2\/posts\/957138\/revisions"}],"wp:attachment":[{"href":"https:\/\/www.eldigitaldeasturias.com\/noticias\/wp-json\/wp\/v2\/media?parent=957138"}],"wp:term":[{"taxonomy":"category","embeddable":true,"href":"https:\/\/www.eldigitaldeasturias.com\/noticias\/wp-json\/wp\/v2\/categories?post=957138"},{"taxonomy":"post_tag","embeddable":true,"href":"https:\/\/www.eldigitaldeasturias.com\/noticias\/wp-json\/wp\/v2\/tags?post=957138"}],"curies":[{"name":"wp","href":"https:\/\/api.w.org\/{rel}","templated":true}]}}