{"id":957071,"date":"2017-10-22T12:13:43","date_gmt":"2017-10-22T12:13:43","guid":{"rendered":"http:\/\/www.eldigitaldeasturias.com\/noticias\/?p=957071"},"modified":"2017-10-22T12:13:43","modified_gmt":"2017-10-22T12:13:43","slug":"andrea-levy-el-legado-de-puigdemont-es-romper-la-sociedad","status":"publish","type":"post","link":"https:\/\/www.eldigitaldeasturias.com\/noticias\/andrea-levy-el-legado-de-puigdemont-es-romper-la-sociedad\/","title":{"rendered":"Andrea Levy: \u00abEl legado de Puigdemont es romper la sociedad\u00bb"},"content":{"rendered":"<p><img loading=\"lazy\" decoding=\"async\" class=\"alignleft size-medium wp-image-957072\" src=\"https:\/\/www.eldigitaldeasturias.com\/noticias\/wp-content\/uploads\/2017\/10\/dcwrc-dxsaenvxh-360x163.jpg\" alt=\"\" width=\"360\" height=\"163\" \/>La vicesecretaria de Estudios y Programas del Partido Popular, Andrea Levy, ha afirmado hoy que \u201cla normalidad institucional se debe reponer cuanto antes, y desde luego, con el objetivo como ayer bien dijo Mariano Rajoy, de que en un plazo razonable, cuando la situaci\u00f3n se estabilice, haya elecciones\u201d. Sin embargo, cree que Carles Puigdemont quiere hacer \u201cotras cosas\u201d con el apoyo, \u201co amenaza de los radicales de la CUP\u201d.<\/p>\n<p>As\u00ed, Levy ha reclamado que cesen \u201ctodas esas amenazas y chantajes a nuestro Estado de Derecho\u201d, aunque duda \u201cmucho\u201d de que esa sea la intenci\u00f3n del presidente de la Generalitat. \u201c\u00c9l quiere seguir con la hoja de ruta marcada\u201d, ha denunciado antes de reconocer que el hecho de que se convoquen elecciones \u201ccon garant\u00edas, con urnas de verdad, con censos fiables, en las que se presenten programas electorales me parece positivo y me parece bueno\u201d. \u201cEs una buena noticia todo aquello que sea pasar p\u00e1gina de esta triste etapa, es una oportunidad para los catalanes\u201d.<\/p>\n<p>Durante una entrevista en el programa La Ma\u00f1ana Fin de Semana de COPE, la vicesecretaria de Estudios y Programas ha afirmado que en caso de votarse la pr\u00f3xima semana en el Parlament una declaraci\u00f3n de independencia, el PP no votar\u00eda: \u201cYo votar cosas ilegales, no\u201d. \u201cSiendo diputada llevo sin asistir a un pleno con normalidad desde el mes de julio\u201d, ha denunciado antes de recordar que la c\u00e1mara auton\u00f3mica est\u00e1 cerrada \u201cy s\u00f3lo se abre para que el sr. Puigdemont y los suyos hagan esos pase\u00edllos y discursos sobre la independencia, pero para cosas normales, para cosas de la vida real, ni una\u201d, ha proseguido antes de insistir en que hay que devolver la normalidad a las instituciones.<\/p>\n<p><strong>VALIDEZ DEMOCR\u00c1TICA<\/strong><\/p>\n<p>En este sentido, Levy ha destacado que es importante que se vea que los partidos constitucionalistas est\u00e1n unidos, que no votan cosas ilegales que est\u00e1n fuera de los \u201cmarcos y normas democr\u00e1ticos\u201d y que, por tanto, no tienen validez. As\u00ed se ha preguntado c\u00f3mo alguien puede aplaudir \u201cy pensar que est\u00e1 participando en un d\u00eda hist\u00f3rico, cuando se gira y ve que la mitad del hemiciclo, est\u00e1 vac\u00edo\u201d. Por eso ha denunciado la \u201cirresponsabilidad\u201d de unos pol\u00edticos que tiran para adelante con un proyecto que est\u00e1 fracturando a la sociedad catalana.<\/p>\n<p>\u201cEl legado de Puigdemont es romper la sociedad, crear tensi\u00f3n institucional y problemas para Europa y hacer que las empresas tengan que huir de Catalu\u00f1a. Es un legado para un dirigente pol\u00edtico que deber\u00eda plantearse si no tiene que empezar a hacer las maletas e irse de la Generalitat\u201d, ha ironizado.<\/p>\n<p>En este sentido, ha se\u00f1alado que lo m\u00e1s arbitrario que se puede hacer cuando uno es dirigente pol\u00edtico, \u201ces no respetar la ley, salir de los marcos constitucionales y sumir a Catalu\u00f1a en un caos econ\u00f3mico y en una tensi\u00f3n social a lo mejor quien est\u00e1 en el lado equivocado de la democracia es el se\u00f1or Puigdemont\u201d.<\/p>\n<p><strong>APOYO INTERNACIONAL<\/strong><\/p>\n<p>Por \u00faltimo, la dirigente popular se ha mostrado cansada del discurso con el que sigue el presidente de la Generalitat, \u201cel victimismo del supuesto agravio y de las invenciones sobre que Catalu\u00f1a es una regi\u00f3n en Espa\u00f1a y en Europa donde existe una opresi\u00f3n y una vulneraci\u00f3n de derechos y libertades, y con el que pretende trasladar, sobre todo a la Uni\u00f3n Europea, esa situaci\u00f3n de excepcionalidad supuesta en la que vivimos los catalanes\u201d.<\/p>\n<p>\u201cPero es que este discurso, aparte de falso, rotundamente falso, no se lo compra nadie. Nadie en la Uni\u00f3n Europea est\u00e1 comprando este discurso. La prueba es el apoyo total que se le dio a Mariano Rajoy el pasado viernes y pudimos ver con la fotograf\u00eda de los m\u00e1ximos dirigentes de las instituciones europeas apoyando a Mariano Rajoy en el objetivo de devolver el orden constitucional a Catalu\u00f1a\u201d, ha concluido.<\/p>\n","protected":false},"excerpt":{"rendered":"<p>La vicesecretaria de Estudios y Programas del Partido Popular, Andrea Levy, ha afirmado hoy que \u201cla normalidad institucional se debe reponer cuanto antes, y desde luego, con el objetivo como ayer bien dijo Mariano Rajoy, de que en un plazo razonable, cuando la situaci\u00f3n se estabilice, haya elecciones\u201d. Sin embargo, cree que Carles Puigdemont quiere [&hellip;]<\/p>\n","protected":false},"author":1,"featured_media":957072,"comment_status":"closed","ping_status":"closed","sticky":false,"template":"","format":"standard","meta":{"footnotes":""},"categories":[1],"tags":[],"class_list":["post-957071","post","type-post","status-publish","format-standard","has-post-thumbnail","hentry","category-actualidad"],"aioseo_notices":[],"aioseo_head":"\n\t\t<!-- All in One SEO Pro 5.0.1 - aioseo.com -->\n\t<meta name=\"description\" content=\"La vicesecretaria de Estudios y Programas del Partido Popular, Andrea Levy, ha afirmado hoy que \u201cla normalidad institucional se debe reponer cuanto antes, y desde luego, con el objetivo como ayer bien dijo Mariano Rajoy, de que en un plazo razonable, cuando la situaci\u00f3n se estabilice, haya elecciones\u201d. Sin embargo, cree que Carles Puigdemont quiere\" \/>\n\t<meta name=\"robots\" content=\"max-image-preview:large\" \/>\n\t<meta name=\"author\" content=\"El Digital de Asturias\"\/>\n\t<meta name=\"google-site-verification\" content=\"UA-38556648-1\" \/>\n\t<meta name=\"msvalidate.01\" content=\"7dfe9f3f1b24437ab69f4f2559babe99\" \/>\n\t<meta name=\"keywords\" content=\"actualidad\" \/>\n\t<link rel=\"canonical\" href=\"https:\/\/www.eldigitaldeasturias.com\/noticias\/andrea-levy-el-legado-de-puigdemont-es-romper-la-sociedad\/\" \/>\n\t<meta name=\"generator\" content=\"All in One SEO Pro (AIOSEO) 5.0.1\" \/>\n\t\t<meta property=\"og:locale\" content=\"es_ES\" \/>\n\t\t<meta property=\"og:site_name\" content=\"El Digital de Asturias\" \/>\n\t\t<meta property=\"og:type\" content=\"article\" \/>\n\t\t<meta property=\"og:title\" content=\"Andrea Levy: \u00abEl legado de Puigdemont es romper la sociedad\u00bb - El Digital de Asturias\" \/>\n\t\t<meta property=\"og:description\" content=\"La vicesecretaria de Estudios y Programas del Partido Popular, Andrea Levy, ha afirmado hoy que \u201cla normalidad institucional se debe reponer cuanto antes, y desde luego, con el objetivo como ayer bien dijo Mariano Rajoy, de que en un plazo razonable, cuando la situaci\u00f3n se estabilice, haya elecciones\u201d. Sin embargo, cree que Carles Puigdemont quiere\" \/>\n\t\t<meta property=\"og:url\" content=\"https:\/\/www.eldigitaldeasturias.com\/noticias\/andrea-levy-el-legado-de-puigdemont-es-romper-la-sociedad\/\" \/>\n\t\t<meta property=\"article:tag\" content=\"actualidad\" \/>\n\t\t<meta property=\"article:published_time\" content=\"2017-10-22T12:13:43+00:00\" \/>\n\t\t<meta property=\"article:modified_time\" content=\"2017-10-22T12:13:43+00:00\" \/>\n\t\t<meta property=\"article:publisher\" content=\"https:\/\/facebook.com\/eldigitaldeasturias\" \/>\n\t\t<meta name=\"twitter:card\" content=\"summary_large_image\" \/>\n\t\t<meta name=\"twitter:title\" content=\"Andrea Levy: \u00abEl legado de Puigdemont es romper la sociedad\u00bb - El Digital de Asturias\" \/>\n\t\t<meta name=\"twitter:description\" content=\"La vicesecretaria de Estudios y Programas del Partido Popular, Andrea Levy, ha afirmado hoy que \u201cla normalidad institucional se debe reponer cuanto antes, y desde luego, con el objetivo como ayer bien dijo Mariano Rajoy, de que en un plazo razonable, cuando la situaci\u00f3n se estabilice, haya elecciones\u201d. Sin embargo, cree que Carles Puigdemont quiere\" \/>\n\t\t<meta name=\"twitter:image\" content=\"https:\/\/www.eldigitaldeasturias.com\/noticias\/wp-content\/uploads\/2020\/12\/EDA-1.jpg\" \/>\n\t\t<meta name=\"twitter:label1\" content=\"Escrito por\" \/>\n\t\t<meta name=\"twitter:data1\" content=\"El Digital de Asturias\" \/>\n\t\t<meta name=\"twitter:label2\" content=\"Tiempo de lectura estimado\" \/>\n\t\t<meta name=\"twitter:data2\" content=\"3 minutos\" \/>\n\t\t<script type=\"application\/ld+json\" class=\"aioseo-schema\">\n\t\t\t{\"@context\":\"https:\\\/\\\/schema.org\",\"@graph\":[{\"@type\":\"BlogPosting\",\"@id\":\"https:\\\/\\\/www.eldigitaldeasturias.com\\\/noticias\\\/andrea-levy-el-legado-de-puigdemont-es-romper-la-sociedad\\\/#blogposting\",\"name\":\"Andrea Levy: \\u00abEl legado de Puigdemont es romper la sociedad\\u00bb - El Digital de Asturias\",\"headline\":\"Andrea Levy: \\u00abEl legado de Puigdemont es romper la sociedad\\u00bb\",\"author\":{\"@id\":\"https:\\\/\\\/www.eldigitaldeasturias.com\\\/noticias\\\/author\\\/admin\\\/#author\"},\"publisher\":{\"@id\":\"https:\\\/\\\/www.eldigitaldeasturias.com\\\/noticias\\\/#organization\"},\"image\":{\"@type\":\"ImageObject\",\"url\":957072},\"datePublished\":\"2017-10-22T12:13:43+02:00\",\"dateModified\":\"2017-10-22T12:13:43+02:00\",\"inLanguage\":\"es-ES\",\"mainEntityOfPage\":{\"@id\":\"https:\\\/\\\/www.eldigitaldeasturias.com\\\/noticias\\\/andrea-levy-el-legado-de-puigdemont-es-romper-la-sociedad\\\/#webpage\"},\"isPartOf\":{\"@id\":\"https:\\\/\\\/www.eldigitaldeasturias.com\\\/noticias\\\/andrea-levy-el-legado-de-puigdemont-es-romper-la-sociedad\\\/#webpage\"},\"articleSection\":\"Actualidad\"},{\"@type\":\"BreadcrumbList\",\"@id\":\"https:\\\/\\\/www.eldigitaldeasturias.com\\\/noticias\\\/andrea-levy-el-legado-de-puigdemont-es-romper-la-sociedad\\\/#breadcrumblist\",\"itemListElement\":[{\"@type\":\"ListItem\",\"@id\":\"https:\\\/\\\/www.eldigitaldeasturias.com\\\/noticias#listItem\",\"position\":1,\"name\":\"Home\",\"item\":\"https:\\\/\\\/www.eldigitaldeasturias.com\\\/noticias\",\"nextItem\":{\"@type\":\"ListItem\",\"@id\":\"https:\\\/\\\/www.eldigitaldeasturias.com\\\/noticias\\\/category\\\/actualidad\\\/#listItem\",\"name\":\"Actualidad\"}},{\"@type\":\"ListItem\",\"@id\":\"https:\\\/\\\/www.eldigitaldeasturias.com\\\/noticias\\\/category\\\/actualidad\\\/#listItem\",\"position\":2,\"name\":\"Actualidad\",\"item\":\"https:\\\/\\\/www.eldigitaldeasturias.com\\\/noticias\\\/category\\\/actualidad\\\/\",\"nextItem\":{\"@type\":\"ListItem\",\"@id\":\"https:\\\/\\\/www.eldigitaldeasturias.com\\\/noticias\\\/andrea-levy-el-legado-de-puigdemont-es-romper-la-sociedad\\\/#listItem\",\"name\":\"Andrea Levy: \\u00abEl legado de Puigdemont es romper la sociedad\\u00bb\"},\"previousItem\":{\"@type\":\"ListItem\",\"@id\":\"https:\\\/\\\/www.eldigitaldeasturias.com\\\/noticias#listItem\",\"name\":\"Home\"}},{\"@type\":\"ListItem\",\"@id\":\"https:\\\/\\\/www.eldigitaldeasturias.com\\\/noticias\\\/andrea-levy-el-legado-de-puigdemont-es-romper-la-sociedad\\\/#listItem\",\"position\":3,\"name\":\"Andrea Levy: \\u00abEl legado de Puigdemont es romper la sociedad\\u00bb\",\"previousItem\":{\"@type\":\"ListItem\",\"@id\":\"https:\\\/\\\/www.eldigitaldeasturias.com\\\/noticias\\\/category\\\/actualidad\\\/#listItem\",\"name\":\"Actualidad\"}}]},{\"@type\":\"Organization\",\"@id\":\"https:\\\/\\\/www.eldigitaldeasturias.com\\\/noticias\\\/#organization\",\"name\":\"El Digital de Asturias\",\"description\":\"Hemeroteca\",\"url\":\"https:\\\/\\\/www.eldigitaldeasturias.com\\\/noticias\\\/\",\"email\":\"info@eldigitaldeasturias.com\",\"telephone\":\"+34652131393\",\"logo\":{\"@type\":\"ImageObject\",\"url\":\"https:\\\/\\\/www.eldigitaldeasturias.com\\\/noticias\\\/wp-content\\\/uploads\\\/2020\\\/12\\\/EDA.jpg\",\"@id\":\"https:\\\/\\\/www.eldigitaldeasturias.com\\\/noticias\\\/andrea-levy-el-legado-de-puigdemont-es-romper-la-sociedad\\\/#organizationLogo\"},\"image\":{\"@id\":\"https:\\\/\\\/www.eldigitaldeasturias.com\\\/noticias\\\/andrea-levy-el-legado-de-puigdemont-es-romper-la-sociedad\\\/#organizationLogo\"},\"sameAs\":[\"https:\\\/\\\/facebook.com\\\/eldigitaldeasturias\",\"https:\\\/\\\/www.youtube.com\\\/channel\\\/UCZP-2wLEB9Rv6erhFmqVnvg\"],\"address\":{\"@id\":\"https:\\\/\\\/www.eldigitaldeasturias.com\\\/noticias\\\/#postaladdress\",\"@type\":\"PostalAddress\",\"streetAddress\":\"san antonio 4\",\"postalCode\":\"33430\",\"addressLocality\":\"Cand\\u00e1s\",\"addressRegion\":\"Asturias\",\"addressCountry\":\"ES\"}},{\"@type\":\"Person\",\"@id\":\"https:\\\/\\\/www.eldigitaldeasturias.com\\\/noticias\\\/author\\\/admin\\\/#author\",\"url\":\"https:\\\/\\\/www.eldigitaldeasturias.com\\\/noticias\\\/author\\\/admin\\\/\",\"name\":\"El Digital de Asturias\",\"image\":{\"@type\":\"ImageObject\",\"@id\":\"https:\\\/\\\/www.eldigitaldeasturias.com\\\/noticias\\\/andrea-levy-el-legado-de-puigdemont-es-romper-la-sociedad\\\/#authorImage\",\"url\":\"https:\\\/\\\/secure.gravatar.com\\\/avatar\\\/df2aeffc32bcd13f8d26072ef8a91b623d677766deac7f97ca815868cd41bf5e?s=96&d=mm&r=g\",\"width\":96,\"height\":96,\"caption\":\"El Digital de Asturias\"}},{\"@type\":\"WebPage\",\"@id\":\"https:\\\/\\\/www.eldigitaldeasturias.com\\\/noticias\\\/andrea-levy-el-legado-de-puigdemont-es-romper-la-sociedad\\\/#webpage\",\"url\":\"https:\\\/\\\/www.eldigitaldeasturias.com\\\/noticias\\\/andrea-levy-el-legado-de-puigdemont-es-romper-la-sociedad\\\/\",\"name\":\"Andrea Levy: \\u00abEl legado de Puigdemont es romper la sociedad\\u00bb - El Digital de Asturias\",\"description\":\"La vicesecretaria de Estudios y Programas del Partido Popular, Andrea Levy, ha afirmado hoy que \\u201cla normalidad institucional se debe reponer cuanto antes, y desde luego, con el objetivo como ayer bien dijo Mariano Rajoy, de que en un plazo razonable, cuando la situaci\\u00f3n se estabilice, haya elecciones\\u201d. Sin embargo, cree que Carles Puigdemont quiere\",\"inLanguage\":\"es-ES\",\"isPartOf\":{\"@id\":\"https:\\\/\\\/www.eldigitaldeasturias.com\\\/noticias\\\/#website\"},\"breadcrumb\":{\"@id\":\"https:\\\/\\\/www.eldigitaldeasturias.com\\\/noticias\\\/andrea-levy-el-legado-de-puigdemont-es-romper-la-sociedad\\\/#breadcrumblist\"},\"author\":{\"@id\":\"https:\\\/\\\/www.eldigitaldeasturias.com\\\/noticias\\\/author\\\/admin\\\/#author\"},\"creator\":{\"@id\":\"https:\\\/\\\/www.eldigitaldeasturias.com\\\/noticias\\\/author\\\/admin\\\/#author\"},\"image\":{\"@type\":\"ImageObject\",\"url\":957072,\"@id\":\"https:\\\/\\\/www.eldigitaldeasturias.com\\\/noticias\\\/andrea-levy-el-legado-de-puigdemont-es-romper-la-sociedad\\\/#mainImage\"},\"primaryImageOfPage\":{\"@id\":\"https:\\\/\\\/www.eldigitaldeasturias.com\\\/noticias\\\/andrea-levy-el-legado-de-puigdemont-es-romper-la-sociedad\\\/#mainImage\"},\"datePublished\":\"2017-10-22T12:13:43+02:00\",\"dateModified\":\"2017-10-22T12:13:43+02:00\"},{\"@type\":\"WebSite\",\"@id\":\"https:\\\/\\\/www.eldigitaldeasturias.com\\\/noticias\\\/#website\",\"url\":\"https:\\\/\\\/www.eldigitaldeasturias.com\\\/noticias\\\/\",\"name\":\"El Digital de Asturias - Diario de actualidad y noticias\",\"alternateName\":\"El Digital de Asturias - Diario de actualidad y noticias\",\"description\":\"Hemeroteca\",\"inLanguage\":\"es-ES\",\"publisher\":{\"@id\":\"https:\\\/\\\/www.eldigitaldeasturias.com\\\/noticias\\\/#organization\"}}]}\n\t\t<\/script>\n\t\t<!-- All in One SEO Pro -->\r\n\t\t<title>Andrea Levy: \u00abEl legado de Puigdemont es romper la sociedad\u00bb - El Digital de Asturias<\/title>\n\n","aioseo_head_json":{"title":"Andrea Levy: \u00abEl legado de Puigdemont es romper la sociedad\u00bb - El Digital de Asturias","description":"La vicesecretaria de Estudios y Programas del Partido Popular, Andrea Levy, ha afirmado hoy que \u201cla normalidad institucional se debe reponer cuanto antes, y desde luego, con el objetivo como ayer bien dijo Mariano Rajoy, de que en un plazo razonable, cuando la situaci\u00f3n se estabilice, haya elecciones\u201d. Sin embargo, cree que Carles Puigdemont quiere","canonical_url":"https:\/\/www.eldigitaldeasturias.com\/noticias\/andrea-levy-el-legado-de-puigdemont-es-romper-la-sociedad\/","robots":"max-image-preview:large","keywords":"actualidad","webmasterTools":{"google-site-verification":"UA-38556648-1","msvalidate.01":"7dfe9f3f1b24437ab69f4f2559babe99","miscellaneous":""},"schema":{"@context":"https:\/\/schema.org","@graph":[{"@type":"BlogPosting","@id":"https:\/\/www.eldigitaldeasturias.com\/noticias\/andrea-levy-el-legado-de-puigdemont-es-romper-la-sociedad\/#blogposting","name":"Andrea Levy: \u00abEl legado de Puigdemont es romper la sociedad\u00bb - El Digital de Asturias","headline":"Andrea Levy: \u00abEl legado de Puigdemont es romper la sociedad\u00bb","author":{"@id":"https:\/\/www.eldigitaldeasturias.com\/noticias\/author\/admin\/#author"},"publisher":{"@id":"https:\/\/www.eldigitaldeasturias.com\/noticias\/#organization"},"image":{"@type":"ImageObject","url":957072},"datePublished":"2017-10-22T12:13:43+02:00","dateModified":"2017-10-22T12:13:43+02:00","inLanguage":"es-ES","mainEntityOfPage":{"@id":"https:\/\/www.eldigitaldeasturias.com\/noticias\/andrea-levy-el-legado-de-puigdemont-es-romper-la-sociedad\/#webpage"},"isPartOf":{"@id":"https:\/\/www.eldigitaldeasturias.com\/noticias\/andrea-levy-el-legado-de-puigdemont-es-romper-la-sociedad\/#webpage"},"articleSection":"Actualidad"},{"@type":"BreadcrumbList","@id":"https:\/\/www.eldigitaldeasturias.com\/noticias\/andrea-levy-el-legado-de-puigdemont-es-romper-la-sociedad\/#breadcrumblist","itemListElement":[{"@type":"ListItem","@id":"https:\/\/www.eldigitaldeasturias.com\/noticias#listItem","position":1,"name":"Home","item":"https:\/\/www.eldigitaldeasturias.com\/noticias","nextItem":{"@type":"ListItem","@id":"https:\/\/www.eldigitaldeasturias.com\/noticias\/category\/actualidad\/#listItem","name":"Actualidad"}},{"@type":"ListItem","@id":"https:\/\/www.eldigitaldeasturias.com\/noticias\/category\/actualidad\/#listItem","position":2,"name":"Actualidad","item":"https:\/\/www.eldigitaldeasturias.com\/noticias\/category\/actualidad\/","nextItem":{"@type":"ListItem","@id":"https:\/\/www.eldigitaldeasturias.com\/noticias\/andrea-levy-el-legado-de-puigdemont-es-romper-la-sociedad\/#listItem","name":"Andrea Levy: \u00abEl legado de Puigdemont es romper la sociedad\u00bb"},"previousItem":{"@type":"ListItem","@id":"https:\/\/www.eldigitaldeasturias.com\/noticias#listItem","name":"Home"}},{"@type":"ListItem","@id":"https:\/\/www.eldigitaldeasturias.com\/noticias\/andrea-levy-el-legado-de-puigdemont-es-romper-la-sociedad\/#listItem","position":3,"name":"Andrea Levy: \u00abEl legado de Puigdemont es romper la sociedad\u00bb","previousItem":{"@type":"ListItem","@id":"https:\/\/www.eldigitaldeasturias.com\/noticias\/category\/actualidad\/#listItem","name":"Actualidad"}}]},{"@type":"Organization","@id":"https:\/\/www.eldigitaldeasturias.com\/noticias\/#organization","name":"El Digital de Asturias","description":"Hemeroteca","url":"https:\/\/www.eldigitaldeasturias.com\/noticias\/","email":"info@eldigitaldeasturias.com","telephone":"+34652131393","logo":{"@type":"ImageObject","url":"https:\/\/www.eldigitaldeasturias.com\/noticias\/wp-content\/uploads\/2020\/12\/EDA.jpg","@id":"https:\/\/www.eldigitaldeasturias.com\/noticias\/andrea-levy-el-legado-de-puigdemont-es-romper-la-sociedad\/#organizationLogo"},"image":{"@id":"https:\/\/www.eldigitaldeasturias.com\/noticias\/andrea-levy-el-legado-de-puigdemont-es-romper-la-sociedad\/#organizationLogo"},"sameAs":["https:\/\/facebook.com\/eldigitaldeasturias","https:\/\/www.youtube.com\/channel\/UCZP-2wLEB9Rv6erhFmqVnvg"],"address":{"@id":"https:\/\/www.eldigitaldeasturias.com\/noticias\/#postaladdress","@type":"PostalAddress","streetAddress":"san antonio 4","postalCode":"33430","addressLocality":"Cand\u00e1s","addressRegion":"Asturias","addressCountry":"ES"}},{"@type":"Person","@id":"https:\/\/www.eldigitaldeasturias.com\/noticias\/author\/admin\/#author","url":"https:\/\/www.eldigitaldeasturias.com\/noticias\/author\/admin\/","name":"El Digital de Asturias","image":{"@type":"ImageObject","@id":"https:\/\/www.eldigitaldeasturias.com\/noticias\/andrea-levy-el-legado-de-puigdemont-es-romper-la-sociedad\/#authorImage","url":"https:\/\/secure.gravatar.com\/avatar\/df2aeffc32bcd13f8d26072ef8a91b623d677766deac7f97ca815868cd41bf5e?s=96&d=mm&r=g","width":96,"height":96,"caption":"El Digital de Asturias"}},{"@type":"WebPage","@id":"https:\/\/www.eldigitaldeasturias.com\/noticias\/andrea-levy-el-legado-de-puigdemont-es-romper-la-sociedad\/#webpage","url":"https:\/\/www.eldigitaldeasturias.com\/noticias\/andrea-levy-el-legado-de-puigdemont-es-romper-la-sociedad\/","name":"Andrea Levy: \u00abEl legado de Puigdemont es romper la sociedad\u00bb - El Digital de Asturias","description":"La vicesecretaria de Estudios y Programas del Partido Popular, Andrea Levy, ha afirmado hoy que \u201cla normalidad institucional se debe reponer cuanto antes, y desde luego, con el objetivo como ayer bien dijo Mariano Rajoy, de que en un plazo razonable, cuando la situaci\u00f3n se estabilice, haya elecciones\u201d. Sin embargo, cree que Carles Puigdemont quiere","inLanguage":"es-ES","isPartOf":{"@id":"https:\/\/www.eldigitaldeasturias.com\/noticias\/#website"},"breadcrumb":{"@id":"https:\/\/www.eldigitaldeasturias.com\/noticias\/andrea-levy-el-legado-de-puigdemont-es-romper-la-sociedad\/#breadcrumblist"},"author":{"@id":"https:\/\/www.eldigitaldeasturias.com\/noticias\/author\/admin\/#author"},"creator":{"@id":"https:\/\/www.eldigitaldeasturias.com\/noticias\/author\/admin\/#author"},"image":{"@type":"ImageObject","url":957072,"@id":"https:\/\/www.eldigitaldeasturias.com\/noticias\/andrea-levy-el-legado-de-puigdemont-es-romper-la-sociedad\/#mainImage"},"primaryImageOfPage":{"@id":"https:\/\/www.eldigitaldeasturias.com\/noticias\/andrea-levy-el-legado-de-puigdemont-es-romper-la-sociedad\/#mainImage"},"datePublished":"2017-10-22T12:13:43+02:00","dateModified":"2017-10-22T12:13:43+02:00"},{"@type":"WebSite","@id":"https:\/\/www.eldigitaldeasturias.com\/noticias\/#website","url":"https:\/\/www.eldigitaldeasturias.com\/noticias\/","name":"El Digital de Asturias - Diario de actualidad y noticias","alternateName":"El Digital de Asturias - Diario de actualidad y noticias","description":"Hemeroteca","inLanguage":"es-ES","publisher":{"@id":"https:\/\/www.eldigitaldeasturias.com\/noticias\/#organization"}}]},"og:locale":"es_ES","og:site_name":"El Digital de Asturias","og:type":"article","og:title":"Andrea Levy: \u00abEl legado de Puigdemont es romper la sociedad\u00bb - El Digital de Asturias","og:description":"La vicesecretaria de Estudios y Programas del Partido Popular, Andrea Levy, ha afirmado hoy que \u201cla normalidad institucional se debe reponer cuanto antes, y desde luego, con el objetivo como ayer bien dijo Mariano Rajoy, de que en un plazo razonable, cuando la situaci\u00f3n se estabilice, haya elecciones\u201d. Sin embargo, cree que Carles Puigdemont quiere","og:url":"https:\/\/www.eldigitaldeasturias.com\/noticias\/andrea-levy-el-legado-de-puigdemont-es-romper-la-sociedad\/","article:tag":["actualidad"],"article:published_time":"2017-10-22T12:13:43+00:00","article:modified_time":"2017-10-22T12:13:43+00:00","article:publisher":"https:\/\/facebook.com\/eldigitaldeasturias","twitter:card":"summary_large_image","twitter:title":"Andrea Levy: \u00abEl legado de Puigdemont es romper la sociedad\u00bb - El Digital de Asturias","twitter:description":"La vicesecretaria de Estudios y Programas del Partido Popular, Andrea Levy, ha afirmado hoy que \u201cla normalidad institucional se debe reponer cuanto antes, y desde luego, con el objetivo como ayer bien dijo Mariano Rajoy, de que en un plazo razonable, cuando la situaci\u00f3n se estabilice, haya elecciones\u201d. Sin embargo, cree que Carles Puigdemont quiere","twitter:image":"https:\/\/www.eldigitaldeasturias.com\/noticias\/wp-content\/uploads\/2020\/12\/EDA-1.jpg","twitter:label1":"Escrito por","twitter:data1":"El Digital de Asturias","twitter:label2":"Tiempo de lectura estimado","twitter:data2":"3 minutos"},"aioseo_meta_data":{"post_id":"957071","title":null,"description":null,"keywords":null,"keyphrases":null,"primary_term":null,"canonical_url":null,"og_title":null,"og_description":null,"og_object_type":"default","og_image_type":"default","og_image_url":null,"og_image_width":null,"og_image_height":null,"og_image_custom_url":null,"og_image_custom_fields":null,"og_video":null,"og_custom_url":null,"og_article_section":null,"og_article_tags":null,"twitter_use_og":false,"twitter_card":"default","twitter_image_type":"default","twitter_image_url":null,"twitter_image_custom_url":null,"twitter_image_custom_fields":null,"twitter_title":null,"twitter_description":null,"schema":{"blockGraphs":[],"customGraphs":[],"default":{"data":{"Article":[],"Course":[],"Dataset":[],"FAQPage":[],"Movie":[],"Person":[],"Product":[],"ProductReview":[],"Car":[],"Recipe":[],"Service":[],"SoftwareApplication":[],"WebPage":[]},"graphName":"","isEnabled":true},"graphs":[],"defaultGraph":"","defaultPostTypeGraph":""},"schema_type":null,"schema_type_options":null,"pillar_content":false,"robots_default":true,"robots_noindex":false,"robots_noarchive":false,"robots_nosnippet":false,"robots_nofollow":false,"robots_noimageindex":false,"robots_noodp":false,"robots_notranslate":false,"robots_max_snippet":null,"robots_max_videopreview":null,"robots_max_imagepreview":"large","priority":null,"frequency":null,"local_seo":null,"seo_analyzer_scan_date":"2025-12-06 16:09:49","breadcrumb_settings":null,"limit_modified_date":false,"open_ai":null,"ai":null,"created":"2020-12-21 12:55:37","updated":"2025-12-06 16:09:49","focus_keyword":null,"additional_keywords":null,"truseo_locale":null},"aioseo_breadcrumb":"<div class=\"aioseo-breadcrumbs\"><span class=\"aioseo-breadcrumb\">\n\t<a href=\"https:\/\/www.eldigitaldeasturias.com\/noticias\" title=\"Home\">Home<\/a>\n<\/span><span class=\"aioseo-breadcrumb-separator\">\u2013<\/span><span class=\"aioseo-breadcrumb\">\n\t<a href=\"https:\/\/www.eldigitaldeasturias.com\/noticias\/category\/actualidad\/\" title=\"Actualidad\">Actualidad<\/a>\n<\/span><span class=\"aioseo-breadcrumb-separator\">\u2013<\/span><span class=\"aioseo-breadcrumb\">\n\t<a href=\"https:\/\/www.eldigitaldeasturias.com\/noticias\/andrea-levy-el-legado-de-puigdemont-es-romper-la-sociedad\/\" title=\"Andrea Levy: \u00abEl legado de Puigdemont es romper la sociedad\u00bb\">Andrea Levy: \u00abEl legado de Puigdemont es romper la sociedad\u00bb<\/a>\n<\/span><\/div>","aioseo_breadcrumb_json":[{"label":"Home","link":"https:\/\/www.eldigitaldeasturias.com\/noticias"},{"label":"Actualidad","link":"https:\/\/www.eldigitaldeasturias.com\/noticias\/category\/actualidad\/"},{"label":"Andrea Levy: \u00abEl legado de Puigdemont es romper la sociedad\u00bb","link":"https:\/\/www.eldigitaldeasturias.com\/noticias\/andrea-levy-el-legado-de-puigdemont-es-romper-la-sociedad\/"}],"_links":{"self":[{"href":"https:\/\/www.eldigitaldeasturias.com\/noticias\/wp-json\/wp\/v2\/posts\/957071","targetHints":{"allow":["GET"]}}],"collection":[{"href":"https:\/\/www.eldigitaldeasturias.com\/noticias\/wp-json\/wp\/v2\/posts"}],"about":[{"href":"https:\/\/www.eldigitaldeasturias.com\/noticias\/wp-json\/wp\/v2\/types\/post"}],"author":[{"embeddable":true,"href":"https:\/\/www.eldigitaldeasturias.com\/noticias\/wp-json\/wp\/v2\/users\/1"}],"replies":[{"embeddable":true,"href":"https:\/\/www.eldigitaldeasturias.com\/noticias\/wp-json\/wp\/v2\/comments?post=957071"}],"version-history":[{"count":0,"href":"https:\/\/www.eldigitaldeasturias.com\/noticias\/wp-json\/wp\/v2\/posts\/957071\/revisions"}],"wp:attachment":[{"href":"https:\/\/www.eldigitaldeasturias.com\/noticias\/wp-json\/wp\/v2\/media?parent=957071"}],"wp:term":[{"taxonomy":"category","embeddable":true,"href":"https:\/\/www.eldigitaldeasturias.com\/noticias\/wp-json\/wp\/v2\/categories?post=957071"},{"taxonomy":"post_tag","embeddable":true,"href":"https:\/\/www.eldigitaldeasturias.com\/noticias\/wp-json\/wp\/v2\/tags?post=957071"}],"curies":[{"name":"wp","href":"https:\/\/api.w.org\/{rel}","templated":true}]}}