{"id":957027,"date":"2017-10-21T21:46:43","date_gmt":"2017-10-21T21:46:43","guid":{"rendered":"http:\/\/www.eldigitaldeasturias.com\/noticias\/?p=957027"},"modified":"2017-10-21T21:46:43","modified_gmt":"2017-10-21T21:46:43","slug":"rivera-sobre-el-155-la-igualdad-vencera-al-egoismo","status":"publish","type":"post","link":"https:\/\/www.eldigitaldeasturias.com\/noticias\/rivera-sobre-el-155-la-igualdad-vencera-al-egoismo\/","title":{"rendered":"Rivera sobre el 155: \u201cLa igualdad vencer\u00e1 al ego\u00edsmo\u00bb"},"content":{"rendered":"<p><img loading=\"lazy\" decoding=\"async\" class=\"alignleft size-medium wp-image-955451\" src=\"https:\/\/www.eldigitaldeasturias.com\/noticias\/wp-content\/uploads\/2017\/10\/Rivera17-360x240.jpg\" alt=\"\" width=\"360\" height=\"240\" \/>\u201cHay que aplicar la Constituci\u00f3n para cambiar al gobierno en Catalu\u00f1a, restituir la democracia y el Estatut y devolver la voz a los catalanes\u201d. As\u00ed lo ha dicho el presidente de Ciudadanos (Cs), Albert Rivera, tras la reuni\u00f3n extraordinaria del Consejo de Ministros sobre la aplicaci\u00f3n del art\u00edculo 155 de la Constituci\u00f3n, presidida por Mariano Rajoy. En este sentido, ha explicado que la Carta Magna \u201cno es un men\u00fa a la carta\u201d y ha destacado que aplicarla \u201ces una obligaci\u00f3n del Gobierno de Espa\u00f1a para defender a todos los ciudadanos frente a un gobierno en rebeld\u00eda que se quiere saltar las leyes\u201d.<\/p>\n<p>El presidente de Cs ha insistido en la necesidad de garantizar unas elecciones auton\u00f3micas: \u201cSi el 23-F lo superamos con firmeza democr\u00e1tica -igual que la lucha contra el terrorismo- \u00e9ste el golpe a la democracia de Puigdemont y Junqueras no va a liquidar todo lo que hemos conseguido\u201d.<\/p>\n<p>\u201cLa igualdad vencer\u00e1 al ego\u00edsmo, la libertad a la imposici\u00f3n y la uni\u00f3n a la divisi\u00f3n. El objetivo principal de Cs es ganar en las urnas para tener un gobierno en Catalu\u00f1a que piense en todos los catalanes\u201d, ha a\u00f1adido en una rueda de prensa en la sede de Cs en Barcelona tras apostar por \u201crestituir la convivencia, la seguridad jur\u00eddica y la seguridad ciudadana y garantizar la estabilidad econ\u00f3mica en Catalu\u00f1a\u201d, ante la \u201cfractura social y la huida de empresas y miles de PIMES\u201d, entre otras cuestiones.<\/p>\n<p>En respuesta a la pregunta de un periodista, Rivera ha defendido que \u201cla ley es el poder de quien no tiene el poder\u201d y ha criticado que \u201cPuigdemont y Junqueras desprecian a la mayor\u00eda de los catalanes y tampoco respetan a los diputados de la Oposici\u00f3n en el Parlament\u201d por lo que ha instado al Gobierno de Espa\u00f1a a \u201cgarantizar la continuidad de las instituciones catalanas y poner fecha para unas elecciones en Catalu\u00f1a para que los ciudadanos voten en libertad y en igualdad de condiciones\u201d.<\/p>\n","protected":false},"excerpt":{"rendered":"<p>\u201cHay que aplicar la Constituci\u00f3n para cambiar al gobierno en Catalu\u00f1a, restituir la democracia y el Estatut y devolver la voz a los catalanes\u201d. As\u00ed lo ha dicho el presidente de Ciudadanos (Cs), Albert Rivera, tras la reuni\u00f3n extraordinaria del Consejo de Ministros sobre la aplicaci\u00f3n del art\u00edculo 155 de la Constituci\u00f3n, presidida por Mariano [&hellip;]<\/p>\n","protected":false},"author":1,"featured_media":955451,"comment_status":"closed","ping_status":"closed","sticky":false,"template":"","format":"standard","meta":{"footnotes":""},"categories":[1],"tags":[],"class_list":["post-957027","post","type-post","status-publish","format-standard","has-post-thumbnail","hentry","category-actualidad"],"aioseo_notices":[],"aioseo_head":"\n\t\t<!-- All in One SEO Pro 5.0.1 - aioseo.com -->\n\t<meta name=\"description\" content=\"\u201cHay que aplicar la Constituci\u00f3n para cambiar al gobierno en Catalu\u00f1a, restituir la democracia y el Estatut y devolver la voz a los catalanes\u201d. As\u00ed lo ha dicho el presidente de Ciudadanos (Cs), Albert Rivera, tras la reuni\u00f3n extraordinaria del Consejo de Ministros sobre la aplicaci\u00f3n del art\u00edculo 155 de la Constituci\u00f3n, presidida por Mariano\" \/>\n\t<meta name=\"robots\" content=\"max-image-preview:large\" \/>\n\t<meta name=\"author\" content=\"El Digital de Asturias\"\/>\n\t<meta name=\"google-site-verification\" content=\"UA-38556648-1\" \/>\n\t<meta name=\"msvalidate.01\" content=\"7dfe9f3f1b24437ab69f4f2559babe99\" \/>\n\t<meta name=\"keywords\" content=\"actualidad\" \/>\n\t<link rel=\"canonical\" href=\"https:\/\/www.eldigitaldeasturias.com\/noticias\/rivera-sobre-el-155-la-igualdad-vencera-al-egoismo\/\" \/>\n\t<meta name=\"generator\" content=\"All in One SEO Pro (AIOSEO) 5.0.1\" \/>\n\t\t<meta property=\"og:locale\" content=\"es_ES\" \/>\n\t\t<meta property=\"og:site_name\" content=\"El Digital de Asturias\" \/>\n\t\t<meta property=\"og:type\" content=\"article\" \/>\n\t\t<meta property=\"og:title\" content=\"Rivera sobre el 155: \u201cLa igualdad vencer\u00e1 al ego\u00edsmo\u00bb - El Digital de Asturias\" \/>\n\t\t<meta property=\"og:description\" content=\"\u201cHay que aplicar la Constituci\u00f3n para cambiar al gobierno en Catalu\u00f1a, restituir la democracia y el Estatut y devolver la voz a los catalanes\u201d. As\u00ed lo ha dicho el presidente de Ciudadanos (Cs), Albert Rivera, tras la reuni\u00f3n extraordinaria del Consejo de Ministros sobre la aplicaci\u00f3n del art\u00edculo 155 de la Constituci\u00f3n, presidida por Mariano\" \/>\n\t\t<meta property=\"og:url\" content=\"https:\/\/www.eldigitaldeasturias.com\/noticias\/rivera-sobre-el-155-la-igualdad-vencera-al-egoismo\/\" \/>\n\t\t<meta property=\"article:tag\" content=\"actualidad\" \/>\n\t\t<meta property=\"article:published_time\" content=\"2017-10-21T21:46:43+00:00\" \/>\n\t\t<meta property=\"article:modified_time\" content=\"2017-10-21T21:46:43+00:00\" \/>\n\t\t<meta property=\"article:publisher\" content=\"https:\/\/facebook.com\/eldigitaldeasturias\" \/>\n\t\t<meta name=\"twitter:card\" content=\"summary_large_image\" \/>\n\t\t<meta name=\"twitter:title\" content=\"Rivera sobre el 155: \u201cLa igualdad vencer\u00e1 al ego\u00edsmo\u00bb - El Digital de Asturias\" \/>\n\t\t<meta name=\"twitter:description\" content=\"\u201cHay que aplicar la Constituci\u00f3n para cambiar al gobierno en Catalu\u00f1a, restituir la democracia y el Estatut y devolver la voz a los catalanes\u201d. As\u00ed lo ha dicho el presidente de Ciudadanos (Cs), Albert Rivera, tras la reuni\u00f3n extraordinaria del Consejo de Ministros sobre la aplicaci\u00f3n del art\u00edculo 155 de la Constituci\u00f3n, presidida por Mariano\" \/>\n\t\t<meta name=\"twitter:image\" content=\"https:\/\/www.eldigitaldeasturias.com\/noticias\/wp-content\/uploads\/2020\/12\/EDA-1.jpg\" \/>\n\t\t<meta name=\"twitter:label1\" content=\"Escrito por\" \/>\n\t\t<meta name=\"twitter:data1\" content=\"El Digital de Asturias\" \/>\n\t\t<meta name=\"twitter:label2\" content=\"Tiempo de lectura estimado\" \/>\n\t\t<meta name=\"twitter:data2\" content=\"2 minutos\" \/>\n\t\t<script type=\"application\/ld+json\" class=\"aioseo-schema\">\n\t\t\t{\"@context\":\"https:\\\/\\\/schema.org\",\"@graph\":[{\"@type\":\"BlogPosting\",\"@id\":\"https:\\\/\\\/www.eldigitaldeasturias.com\\\/noticias\\\/rivera-sobre-el-155-la-igualdad-vencera-al-egoismo\\\/#blogposting\",\"name\":\"Rivera sobre el 155: \\u201cLa igualdad vencer\\u00e1 al ego\\u00edsmo\\u00bb - El Digital de Asturias\",\"headline\":\"Rivera sobre el 155: \\u201cLa igualdad vencer\\u00e1 al ego\\u00edsmo\\u00bb\",\"author\":{\"@id\":\"https:\\\/\\\/www.eldigitaldeasturias.com\\\/noticias\\\/author\\\/admin\\\/#author\"},\"publisher\":{\"@id\":\"https:\\\/\\\/www.eldigitaldeasturias.com\\\/noticias\\\/#organization\"},\"image\":{\"@type\":\"ImageObject\",\"url\":955451},\"datePublished\":\"2017-10-21T21:46:43+02:00\",\"dateModified\":\"2017-10-21T21:46:43+02:00\",\"inLanguage\":\"es-ES\",\"mainEntityOfPage\":{\"@id\":\"https:\\\/\\\/www.eldigitaldeasturias.com\\\/noticias\\\/rivera-sobre-el-155-la-igualdad-vencera-al-egoismo\\\/#webpage\"},\"isPartOf\":{\"@id\":\"https:\\\/\\\/www.eldigitaldeasturias.com\\\/noticias\\\/rivera-sobre-el-155-la-igualdad-vencera-al-egoismo\\\/#webpage\"},\"articleSection\":\"Actualidad\"},{\"@type\":\"BreadcrumbList\",\"@id\":\"https:\\\/\\\/www.eldigitaldeasturias.com\\\/noticias\\\/rivera-sobre-el-155-la-igualdad-vencera-al-egoismo\\\/#breadcrumblist\",\"itemListElement\":[{\"@type\":\"ListItem\",\"@id\":\"https:\\\/\\\/www.eldigitaldeasturias.com\\\/noticias#listItem\",\"position\":1,\"name\":\"Home\",\"item\":\"https:\\\/\\\/www.eldigitaldeasturias.com\\\/noticias\",\"nextItem\":{\"@type\":\"ListItem\",\"@id\":\"https:\\\/\\\/www.eldigitaldeasturias.com\\\/noticias\\\/category\\\/actualidad\\\/#listItem\",\"name\":\"Actualidad\"}},{\"@type\":\"ListItem\",\"@id\":\"https:\\\/\\\/www.eldigitaldeasturias.com\\\/noticias\\\/category\\\/actualidad\\\/#listItem\",\"position\":2,\"name\":\"Actualidad\",\"item\":\"https:\\\/\\\/www.eldigitaldeasturias.com\\\/noticias\\\/category\\\/actualidad\\\/\",\"nextItem\":{\"@type\":\"ListItem\",\"@id\":\"https:\\\/\\\/www.eldigitaldeasturias.com\\\/noticias\\\/rivera-sobre-el-155-la-igualdad-vencera-al-egoismo\\\/#listItem\",\"name\":\"Rivera sobre el 155: \\u201cLa igualdad vencer\\u00e1 al ego\\u00edsmo\\u00bb\"},\"previousItem\":{\"@type\":\"ListItem\",\"@id\":\"https:\\\/\\\/www.eldigitaldeasturias.com\\\/noticias#listItem\",\"name\":\"Home\"}},{\"@type\":\"ListItem\",\"@id\":\"https:\\\/\\\/www.eldigitaldeasturias.com\\\/noticias\\\/rivera-sobre-el-155-la-igualdad-vencera-al-egoismo\\\/#listItem\",\"position\":3,\"name\":\"Rivera sobre el 155: \\u201cLa igualdad vencer\\u00e1 al ego\\u00edsmo\\u00bb\",\"previousItem\":{\"@type\":\"ListItem\",\"@id\":\"https:\\\/\\\/www.eldigitaldeasturias.com\\\/noticias\\\/category\\\/actualidad\\\/#listItem\",\"name\":\"Actualidad\"}}]},{\"@type\":\"Organization\",\"@id\":\"https:\\\/\\\/www.eldigitaldeasturias.com\\\/noticias\\\/#organization\",\"name\":\"El Digital de Asturias\",\"description\":\"Hemeroteca\",\"url\":\"https:\\\/\\\/www.eldigitaldeasturias.com\\\/noticias\\\/\",\"email\":\"info@eldigitaldeasturias.com\",\"telephone\":\"+34652131393\",\"logo\":{\"@type\":\"ImageObject\",\"url\":\"https:\\\/\\\/www.eldigitaldeasturias.com\\\/noticias\\\/wp-content\\\/uploads\\\/2020\\\/12\\\/EDA.jpg\",\"@id\":\"https:\\\/\\\/www.eldigitaldeasturias.com\\\/noticias\\\/rivera-sobre-el-155-la-igualdad-vencera-al-egoismo\\\/#organizationLogo\"},\"image\":{\"@id\":\"https:\\\/\\\/www.eldigitaldeasturias.com\\\/noticias\\\/rivera-sobre-el-155-la-igualdad-vencera-al-egoismo\\\/#organizationLogo\"},\"sameAs\":[\"https:\\\/\\\/facebook.com\\\/eldigitaldeasturias\",\"https:\\\/\\\/www.youtube.com\\\/channel\\\/UCZP-2wLEB9Rv6erhFmqVnvg\"],\"address\":{\"@id\":\"https:\\\/\\\/www.eldigitaldeasturias.com\\\/noticias\\\/#postaladdress\",\"@type\":\"PostalAddress\",\"streetAddress\":\"san antonio 4\",\"postalCode\":\"33430\",\"addressLocality\":\"Cand\\u00e1s\",\"addressRegion\":\"Asturias\",\"addressCountry\":\"ES\"}},{\"@type\":\"Person\",\"@id\":\"https:\\\/\\\/www.eldigitaldeasturias.com\\\/noticias\\\/author\\\/admin\\\/#author\",\"url\":\"https:\\\/\\\/www.eldigitaldeasturias.com\\\/noticias\\\/author\\\/admin\\\/\",\"name\":\"El Digital de Asturias\",\"image\":{\"@type\":\"ImageObject\",\"@id\":\"https:\\\/\\\/www.eldigitaldeasturias.com\\\/noticias\\\/rivera-sobre-el-155-la-igualdad-vencera-al-egoismo\\\/#authorImage\",\"url\":\"https:\\\/\\\/secure.gravatar.com\\\/avatar\\\/df2aeffc32bcd13f8d26072ef8a91b623d677766deac7f97ca815868cd41bf5e?s=96&d=mm&r=g\",\"width\":96,\"height\":96,\"caption\":\"El Digital de Asturias\"}},{\"@type\":\"WebPage\",\"@id\":\"https:\\\/\\\/www.eldigitaldeasturias.com\\\/noticias\\\/rivera-sobre-el-155-la-igualdad-vencera-al-egoismo\\\/#webpage\",\"url\":\"https:\\\/\\\/www.eldigitaldeasturias.com\\\/noticias\\\/rivera-sobre-el-155-la-igualdad-vencera-al-egoismo\\\/\",\"name\":\"Rivera sobre el 155: \\u201cLa igualdad vencer\\u00e1 al ego\\u00edsmo\\u00bb - El Digital de Asturias\",\"description\":\"\\u201cHay que aplicar la Constituci\\u00f3n para cambiar al gobierno en Catalu\\u00f1a, restituir la democracia y el Estatut y devolver la voz a los catalanes\\u201d. As\\u00ed lo ha dicho el presidente de Ciudadanos (Cs), Albert Rivera, tras la reuni\\u00f3n extraordinaria del Consejo de Ministros sobre la aplicaci\\u00f3n del art\\u00edculo 155 de la Constituci\\u00f3n, presidida por Mariano\",\"inLanguage\":\"es-ES\",\"isPartOf\":{\"@id\":\"https:\\\/\\\/www.eldigitaldeasturias.com\\\/noticias\\\/#website\"},\"breadcrumb\":{\"@id\":\"https:\\\/\\\/www.eldigitaldeasturias.com\\\/noticias\\\/rivera-sobre-el-155-la-igualdad-vencera-al-egoismo\\\/#breadcrumblist\"},\"author\":{\"@id\":\"https:\\\/\\\/www.eldigitaldeasturias.com\\\/noticias\\\/author\\\/admin\\\/#author\"},\"creator\":{\"@id\":\"https:\\\/\\\/www.eldigitaldeasturias.com\\\/noticias\\\/author\\\/admin\\\/#author\"},\"image\":{\"@type\":\"ImageObject\",\"url\":955451,\"@id\":\"https:\\\/\\\/www.eldigitaldeasturias.com\\\/noticias\\\/rivera-sobre-el-155-la-igualdad-vencera-al-egoismo\\\/#mainImage\"},\"primaryImageOfPage\":{\"@id\":\"https:\\\/\\\/www.eldigitaldeasturias.com\\\/noticias\\\/rivera-sobre-el-155-la-igualdad-vencera-al-egoismo\\\/#mainImage\"},\"datePublished\":\"2017-10-21T21:46:43+02:00\",\"dateModified\":\"2017-10-21T21:46:43+02:00\"},{\"@type\":\"WebSite\",\"@id\":\"https:\\\/\\\/www.eldigitaldeasturias.com\\\/noticias\\\/#website\",\"url\":\"https:\\\/\\\/www.eldigitaldeasturias.com\\\/noticias\\\/\",\"name\":\"El Digital de Asturias - Diario de actualidad y noticias\",\"alternateName\":\"El Digital de Asturias - Diario de actualidad y noticias\",\"description\":\"Hemeroteca\",\"inLanguage\":\"es-ES\",\"publisher\":{\"@id\":\"https:\\\/\\\/www.eldigitaldeasturias.com\\\/noticias\\\/#organization\"}}]}\n\t\t<\/script>\n\t\t<!-- All in One SEO Pro -->\r\n\t\t<title>Rivera sobre el 155: \u201cLa igualdad vencer\u00e1 al ego\u00edsmo\u00bb - El Digital de Asturias<\/title>\n\n","aioseo_head_json":{"title":"Rivera sobre el 155: \u201cLa igualdad vencer\u00e1 al ego\u00edsmo\u00bb - El Digital de Asturias","description":"\u201cHay que aplicar la Constituci\u00f3n para cambiar al gobierno en Catalu\u00f1a, restituir la democracia y el Estatut y devolver la voz a los catalanes\u201d. As\u00ed lo ha dicho el presidente de Ciudadanos (Cs), Albert Rivera, tras la reuni\u00f3n extraordinaria del Consejo de Ministros sobre la aplicaci\u00f3n del art\u00edculo 155 de la Constituci\u00f3n, presidida por Mariano","canonical_url":"https:\/\/www.eldigitaldeasturias.com\/noticias\/rivera-sobre-el-155-la-igualdad-vencera-al-egoismo\/","robots":"max-image-preview:large","keywords":"actualidad","webmasterTools":{"google-site-verification":"UA-38556648-1","msvalidate.01":"7dfe9f3f1b24437ab69f4f2559babe99","miscellaneous":""},"schema":{"@context":"https:\/\/schema.org","@graph":[{"@type":"BlogPosting","@id":"https:\/\/www.eldigitaldeasturias.com\/noticias\/rivera-sobre-el-155-la-igualdad-vencera-al-egoismo\/#blogposting","name":"Rivera sobre el 155: \u201cLa igualdad vencer\u00e1 al ego\u00edsmo\u00bb - El Digital de Asturias","headline":"Rivera sobre el 155: \u201cLa igualdad vencer\u00e1 al ego\u00edsmo\u00bb","author":{"@id":"https:\/\/www.eldigitaldeasturias.com\/noticias\/author\/admin\/#author"},"publisher":{"@id":"https:\/\/www.eldigitaldeasturias.com\/noticias\/#organization"},"image":{"@type":"ImageObject","url":955451},"datePublished":"2017-10-21T21:46:43+02:00","dateModified":"2017-10-21T21:46:43+02:00","inLanguage":"es-ES","mainEntityOfPage":{"@id":"https:\/\/www.eldigitaldeasturias.com\/noticias\/rivera-sobre-el-155-la-igualdad-vencera-al-egoismo\/#webpage"},"isPartOf":{"@id":"https:\/\/www.eldigitaldeasturias.com\/noticias\/rivera-sobre-el-155-la-igualdad-vencera-al-egoismo\/#webpage"},"articleSection":"Actualidad"},{"@type":"BreadcrumbList","@id":"https:\/\/www.eldigitaldeasturias.com\/noticias\/rivera-sobre-el-155-la-igualdad-vencera-al-egoismo\/#breadcrumblist","itemListElement":[{"@type":"ListItem","@id":"https:\/\/www.eldigitaldeasturias.com\/noticias#listItem","position":1,"name":"Home","item":"https:\/\/www.eldigitaldeasturias.com\/noticias","nextItem":{"@type":"ListItem","@id":"https:\/\/www.eldigitaldeasturias.com\/noticias\/category\/actualidad\/#listItem","name":"Actualidad"}},{"@type":"ListItem","@id":"https:\/\/www.eldigitaldeasturias.com\/noticias\/category\/actualidad\/#listItem","position":2,"name":"Actualidad","item":"https:\/\/www.eldigitaldeasturias.com\/noticias\/category\/actualidad\/","nextItem":{"@type":"ListItem","@id":"https:\/\/www.eldigitaldeasturias.com\/noticias\/rivera-sobre-el-155-la-igualdad-vencera-al-egoismo\/#listItem","name":"Rivera sobre el 155: \u201cLa igualdad vencer\u00e1 al ego\u00edsmo\u00bb"},"previousItem":{"@type":"ListItem","@id":"https:\/\/www.eldigitaldeasturias.com\/noticias#listItem","name":"Home"}},{"@type":"ListItem","@id":"https:\/\/www.eldigitaldeasturias.com\/noticias\/rivera-sobre-el-155-la-igualdad-vencera-al-egoismo\/#listItem","position":3,"name":"Rivera sobre el 155: \u201cLa igualdad vencer\u00e1 al ego\u00edsmo\u00bb","previousItem":{"@type":"ListItem","@id":"https:\/\/www.eldigitaldeasturias.com\/noticias\/category\/actualidad\/#listItem","name":"Actualidad"}}]},{"@type":"Organization","@id":"https:\/\/www.eldigitaldeasturias.com\/noticias\/#organization","name":"El Digital de Asturias","description":"Hemeroteca","url":"https:\/\/www.eldigitaldeasturias.com\/noticias\/","email":"info@eldigitaldeasturias.com","telephone":"+34652131393","logo":{"@type":"ImageObject","url":"https:\/\/www.eldigitaldeasturias.com\/noticias\/wp-content\/uploads\/2020\/12\/EDA.jpg","@id":"https:\/\/www.eldigitaldeasturias.com\/noticias\/rivera-sobre-el-155-la-igualdad-vencera-al-egoismo\/#organizationLogo"},"image":{"@id":"https:\/\/www.eldigitaldeasturias.com\/noticias\/rivera-sobre-el-155-la-igualdad-vencera-al-egoismo\/#organizationLogo"},"sameAs":["https:\/\/facebook.com\/eldigitaldeasturias","https:\/\/www.youtube.com\/channel\/UCZP-2wLEB9Rv6erhFmqVnvg"],"address":{"@id":"https:\/\/www.eldigitaldeasturias.com\/noticias\/#postaladdress","@type":"PostalAddress","streetAddress":"san antonio 4","postalCode":"33430","addressLocality":"Cand\u00e1s","addressRegion":"Asturias","addressCountry":"ES"}},{"@type":"Person","@id":"https:\/\/www.eldigitaldeasturias.com\/noticias\/author\/admin\/#author","url":"https:\/\/www.eldigitaldeasturias.com\/noticias\/author\/admin\/","name":"El Digital de Asturias","image":{"@type":"ImageObject","@id":"https:\/\/www.eldigitaldeasturias.com\/noticias\/rivera-sobre-el-155-la-igualdad-vencera-al-egoismo\/#authorImage","url":"https:\/\/secure.gravatar.com\/avatar\/df2aeffc32bcd13f8d26072ef8a91b623d677766deac7f97ca815868cd41bf5e?s=96&d=mm&r=g","width":96,"height":96,"caption":"El Digital de Asturias"}},{"@type":"WebPage","@id":"https:\/\/www.eldigitaldeasturias.com\/noticias\/rivera-sobre-el-155-la-igualdad-vencera-al-egoismo\/#webpage","url":"https:\/\/www.eldigitaldeasturias.com\/noticias\/rivera-sobre-el-155-la-igualdad-vencera-al-egoismo\/","name":"Rivera sobre el 155: \u201cLa igualdad vencer\u00e1 al ego\u00edsmo\u00bb - El Digital de Asturias","description":"\u201cHay que aplicar la Constituci\u00f3n para cambiar al gobierno en Catalu\u00f1a, restituir la democracia y el Estatut y devolver la voz a los catalanes\u201d. As\u00ed lo ha dicho el presidente de Ciudadanos (Cs), Albert Rivera, tras la reuni\u00f3n extraordinaria del Consejo de Ministros sobre la aplicaci\u00f3n del art\u00edculo 155 de la Constituci\u00f3n, presidida por Mariano","inLanguage":"es-ES","isPartOf":{"@id":"https:\/\/www.eldigitaldeasturias.com\/noticias\/#website"},"breadcrumb":{"@id":"https:\/\/www.eldigitaldeasturias.com\/noticias\/rivera-sobre-el-155-la-igualdad-vencera-al-egoismo\/#breadcrumblist"},"author":{"@id":"https:\/\/www.eldigitaldeasturias.com\/noticias\/author\/admin\/#author"},"creator":{"@id":"https:\/\/www.eldigitaldeasturias.com\/noticias\/author\/admin\/#author"},"image":{"@type":"ImageObject","url":955451,"@id":"https:\/\/www.eldigitaldeasturias.com\/noticias\/rivera-sobre-el-155-la-igualdad-vencera-al-egoismo\/#mainImage"},"primaryImageOfPage":{"@id":"https:\/\/www.eldigitaldeasturias.com\/noticias\/rivera-sobre-el-155-la-igualdad-vencera-al-egoismo\/#mainImage"},"datePublished":"2017-10-21T21:46:43+02:00","dateModified":"2017-10-21T21:46:43+02:00"},{"@type":"WebSite","@id":"https:\/\/www.eldigitaldeasturias.com\/noticias\/#website","url":"https:\/\/www.eldigitaldeasturias.com\/noticias\/","name":"El Digital de Asturias - Diario de actualidad y noticias","alternateName":"El Digital de Asturias - Diario de actualidad y noticias","description":"Hemeroteca","inLanguage":"es-ES","publisher":{"@id":"https:\/\/www.eldigitaldeasturias.com\/noticias\/#organization"}}]},"og:locale":"es_ES","og:site_name":"El Digital de Asturias","og:type":"article","og:title":"Rivera sobre el 155: \u201cLa igualdad vencer\u00e1 al ego\u00edsmo\u00bb - El Digital de Asturias","og:description":"\u201cHay que aplicar la Constituci\u00f3n para cambiar al gobierno en Catalu\u00f1a, restituir la democracia y el Estatut y devolver la voz a los catalanes\u201d. As\u00ed lo ha dicho el presidente de Ciudadanos (Cs), Albert Rivera, tras la reuni\u00f3n extraordinaria del Consejo de Ministros sobre la aplicaci\u00f3n del art\u00edculo 155 de la Constituci\u00f3n, presidida por Mariano","og:url":"https:\/\/www.eldigitaldeasturias.com\/noticias\/rivera-sobre-el-155-la-igualdad-vencera-al-egoismo\/","article:tag":["actualidad"],"article:published_time":"2017-10-21T21:46:43+00:00","article:modified_time":"2017-10-21T21:46:43+00:00","article:publisher":"https:\/\/facebook.com\/eldigitaldeasturias","twitter:card":"summary_large_image","twitter:title":"Rivera sobre el 155: \u201cLa igualdad vencer\u00e1 al ego\u00edsmo\u00bb - El Digital de Asturias","twitter:description":"\u201cHay que aplicar la Constituci\u00f3n para cambiar al gobierno en Catalu\u00f1a, restituir la democracia y el Estatut y devolver la voz a los catalanes\u201d. As\u00ed lo ha dicho el presidente de Ciudadanos (Cs), Albert Rivera, tras la reuni\u00f3n extraordinaria del Consejo de Ministros sobre la aplicaci\u00f3n del art\u00edculo 155 de la Constituci\u00f3n, presidida por Mariano","twitter:image":"https:\/\/www.eldigitaldeasturias.com\/noticias\/wp-content\/uploads\/2020\/12\/EDA-1.jpg","twitter:label1":"Escrito por","twitter:data1":"El Digital de Asturias","twitter:label2":"Tiempo de lectura estimado","twitter:data2":"2 minutos"},"aioseo_meta_data":{"post_id":"957027","title":null,"description":null,"keywords":null,"keyphrases":null,"primary_term":null,"canonical_url":null,"og_title":null,"og_description":null,"og_object_type":"default","og_image_type":"default","og_image_url":null,"og_image_width":null,"og_image_height":null,"og_image_custom_url":null,"og_image_custom_fields":null,"og_video":null,"og_custom_url":null,"og_article_section":null,"og_article_tags":null,"twitter_use_og":false,"twitter_card":"default","twitter_image_type":"default","twitter_image_url":null,"twitter_image_custom_url":null,"twitter_image_custom_fields":null,"twitter_title":null,"twitter_description":null,"schema":{"blockGraphs":[],"customGraphs":[],"default":{"data":{"Article":[],"Course":[],"Dataset":[],"FAQPage":[],"Movie":[],"Person":[],"Product":[],"ProductReview":[],"Car":[],"Recipe":[],"Service":[],"SoftwareApplication":[],"WebPage":[]},"graphName":"","isEnabled":true},"graphs":[],"defaultGraph":"","defaultPostTypeGraph":""},"schema_type":null,"schema_type_options":null,"pillar_content":false,"robots_default":true,"robots_noindex":false,"robots_noarchive":false,"robots_nosnippet":false,"robots_nofollow":false,"robots_noimageindex":false,"robots_noodp":false,"robots_notranslate":false,"robots_max_snippet":null,"robots_max_videopreview":null,"robots_max_imagepreview":"large","priority":null,"frequency":null,"local_seo":null,"seo_analyzer_scan_date":"2025-12-06 15:59:43","breadcrumb_settings":null,"limit_modified_date":false,"open_ai":null,"ai":null,"created":"2020-12-21 12:55:37","updated":"2025-12-06 15:59:43","focus_keyword":null,"additional_keywords":null,"truseo_locale":null},"aioseo_breadcrumb":"<div class=\"aioseo-breadcrumbs\"><span class=\"aioseo-breadcrumb\">\n\t<a href=\"https:\/\/www.eldigitaldeasturias.com\/noticias\" title=\"Home\">Home<\/a>\n<\/span><span class=\"aioseo-breadcrumb-separator\">\u2013<\/span><span class=\"aioseo-breadcrumb\">\n\t<a href=\"https:\/\/www.eldigitaldeasturias.com\/noticias\/category\/actualidad\/\" title=\"Actualidad\">Actualidad<\/a>\n<\/span><span class=\"aioseo-breadcrumb-separator\">\u2013<\/span><span class=\"aioseo-breadcrumb\">\n\t<a href=\"https:\/\/www.eldigitaldeasturias.com\/noticias\/rivera-sobre-el-155-la-igualdad-vencera-al-egoismo\/\" title=\"Rivera sobre el 155: \u201cLa igualdad vencer\u00e1 al ego\u00edsmo\u00bb\">Rivera sobre el 155: \u201cLa igualdad vencer\u00e1 al ego\u00edsmo\u00bb<\/a>\n<\/span><\/div>","aioseo_breadcrumb_json":[{"label":"Home","link":"https:\/\/www.eldigitaldeasturias.com\/noticias"},{"label":"Actualidad","link":"https:\/\/www.eldigitaldeasturias.com\/noticias\/category\/actualidad\/"},{"label":"Rivera sobre el 155: \u201cLa igualdad vencer\u00e1 al ego\u00edsmo\u00bb","link":"https:\/\/www.eldigitaldeasturias.com\/noticias\/rivera-sobre-el-155-la-igualdad-vencera-al-egoismo\/"}],"_links":{"self":[{"href":"https:\/\/www.eldigitaldeasturias.com\/noticias\/wp-json\/wp\/v2\/posts\/957027","targetHints":{"allow":["GET"]}}],"collection":[{"href":"https:\/\/www.eldigitaldeasturias.com\/noticias\/wp-json\/wp\/v2\/posts"}],"about":[{"href":"https:\/\/www.eldigitaldeasturias.com\/noticias\/wp-json\/wp\/v2\/types\/post"}],"author":[{"embeddable":true,"href":"https:\/\/www.eldigitaldeasturias.com\/noticias\/wp-json\/wp\/v2\/users\/1"}],"replies":[{"embeddable":true,"href":"https:\/\/www.eldigitaldeasturias.com\/noticias\/wp-json\/wp\/v2\/comments?post=957027"}],"version-history":[{"count":0,"href":"https:\/\/www.eldigitaldeasturias.com\/noticias\/wp-json\/wp\/v2\/posts\/957027\/revisions"}],"wp:attachment":[{"href":"https:\/\/www.eldigitaldeasturias.com\/noticias\/wp-json\/wp\/v2\/media?parent=957027"}],"wp:term":[{"taxonomy":"category","embeddable":true,"href":"https:\/\/www.eldigitaldeasturias.com\/noticias\/wp-json\/wp\/v2\/categories?post=957027"},{"taxonomy":"post_tag","embeddable":true,"href":"https:\/\/www.eldigitaldeasturias.com\/noticias\/wp-json\/wp\/v2\/tags?post=957027"}],"curies":[{"name":"wp","href":"https:\/\/api.w.org\/{rel}","templated":true}]}}