{"id":956955,"date":"2017-10-20T16:29:51","date_gmt":"2017-10-20T16:29:51","guid":{"rendered":"http:\/\/www.eldigitaldeasturias.com\/noticias\/?p=956955"},"modified":"2017-10-20T16:29:51","modified_gmt":"2017-10-20T16:29:51","slug":"hernando-iglesias-se-ha-convertido-en-el-apoyo-de-los-independentistas","status":"publish","type":"post","link":"https:\/\/www.eldigitaldeasturias.com\/noticias\/hernando-iglesias-se-ha-convertido-en-el-apoyo-de-los-independentistas\/","title":{"rendered":"Hernando: \u201cIglesias se ha convertido en el apoyo de los independentistas\u201d"},"content":{"rendered":"<p><img loading=\"lazy\" decoding=\"async\" class=\"alignleft size-medium wp-image-956956\" src=\"https:\/\/www.eldigitaldeasturias.com\/noticias\/wp-content\/uploads\/2017\/10\/37535741640_4d9f0e3d52_o-360x163.jpg\" alt=\"\" width=\"360\" height=\"163\" \/>El portavoz del GPP en el Congreso, Rafael Hernando, considera que es muy importante tener una mayor\u00eda amplia en Congreso y Senado para reinstaurar la legalidad en Catalu\u00f1a.<\/p>\n<p>Asimismo, ha explicado que no tiene ninguna esperanza en estos momentos, al ser evidente que Puigdemont se ha instalado en la violaci\u00f3n del Estatut y la Constituci\u00f3n y \u201cahora se trata de reinstaurar la legalidad all\u00ed y eso es lo que plantear\u00e1 el Consejo de Ministros\u201d. As\u00ed, dice que intentar\u00e1n llegar a acuerdos con PSOE y C\u00b4s despu\u00e9s de un proceso que ira al Senado \u201cconforme a lo previsto en la Constituci\u00f3n\u201d.<\/p>\n<p>Durante la entrevista, el portavoz popular ha dicho que es esta una decisi\u00f3n que tiene que ver con la decisi\u00f3n pol\u00edtica de las formaciones y \u201cnosotros lo que intentamos es mantener la unidad de los constitucionalistas en torno a una soluci\u00f3n que tiene que ser viable. Es evidente que hay diversidad de criterios pero precisamente lo que m\u00e1s da\u00f1o ha hecho a los independentistas es la unidad de los dem\u00f3cratas\u201d.<\/p>\n<p>Con el partido de Podemos, Hernando considera que no hay ninguna esperanza ya que afirma que Iglesias se ha convertido en el apoyo de los independentistas en el resto de Espa\u00f1a, \u201csiendo la coletilla de los independentistas. As\u00ed, dice que probablemente otras formaciones apoyen las medidas a la hora de ser votadas, \u201caunque ha habido quienes han decidido desde el primer momento situarse al margen y por eso cree que esto ha provocado y colocado a esa formaci\u00f3n pol\u00edtica, en una situaci\u00f3n al margen de esto\u201d.<\/p>\n<p><strong>RAJOY ASISTE A LOS PREMIOS PRINCESA DE ASTURIAS<\/strong><\/p>\n<p>Preguntado por la asistencia de Rajoy a la celebraci\u00f3n de esta tarde en Oviedo de los Premios Princesa de Asturias, Hernando confirma que el presidente asistir\u00e1 por ser este uno de los premios m\u00e1s importante para las instituciones europeas. Le parece \u201cun detalle y referencia que vaya a estar con aquellas personas que apoyan a Espa\u00f1a en un proceso y momento como este frente a los planteamientos de la Generalitat de vulnerar los acuerdos europeos y la Constituci\u00f3n Europea.<\/p>\n<p>Por \u00faltimo, Rafael Hernando ha pedido a Puigdemont, como ya lo ha hecho en otras ocasiones, \u201cque venga al Parlamento a proponer su proyecto y que abra el Parlament para dar cabida a toda clase d opiniones ya que hoy por hoy est\u00e1n censuradas\u201d.<\/p>\n","protected":false},"excerpt":{"rendered":"<p>El portavoz del GPP en el Congreso, Rafael Hernando, considera que es muy importante tener una mayor\u00eda amplia en Congreso y Senado para reinstaurar la legalidad en Catalu\u00f1a. Asimismo, ha explicado que no tiene ninguna esperanza en estos momentos, al ser evidente que Puigdemont se ha instalado en la violaci\u00f3n del Estatut y la Constituci\u00f3n [&hellip;]<\/p>\n","protected":false},"author":1,"featured_media":956956,"comment_status":"closed","ping_status":"closed","sticky":false,"template":"","format":"standard","meta":{"footnotes":""},"categories":[1],"tags":[],"class_list":["post-956955","post","type-post","status-publish","format-standard","has-post-thumbnail","hentry","category-actualidad"],"aioseo_notices":[],"aioseo_head":"\n\t\t<!-- All in One SEO Pro 5.0.1 - aioseo.com -->\n\t<meta name=\"description\" content=\"El portavoz del GPP en el Congreso, Rafael Hernando, considera que es muy importante tener una mayor\u00eda amplia en Congreso y Senado para reinstaurar la legalidad en Catalu\u00f1a. Asimismo, ha explicado que no tiene ninguna esperanza en estos momentos, al ser evidente que Puigdemont se ha instalado en la violaci\u00f3n del Estatut y la Constituci\u00f3n\" \/>\n\t<meta name=\"robots\" content=\"max-image-preview:large\" \/>\n\t<meta name=\"author\" content=\"El Digital de Asturias\"\/>\n\t<meta name=\"google-site-verification\" content=\"UA-38556648-1\" \/>\n\t<meta name=\"msvalidate.01\" content=\"7dfe9f3f1b24437ab69f4f2559babe99\" \/>\n\t<meta name=\"keywords\" content=\"actualidad\" \/>\n\t<link rel=\"canonical\" href=\"https:\/\/www.eldigitaldeasturias.com\/noticias\/hernando-iglesias-se-ha-convertido-en-el-apoyo-de-los-independentistas\/\" \/>\n\t<meta name=\"generator\" content=\"All in One SEO Pro (AIOSEO) 5.0.1\" \/>\n\t\t<meta property=\"og:locale\" content=\"es_ES\" \/>\n\t\t<meta property=\"og:site_name\" content=\"El Digital de Asturias\" \/>\n\t\t<meta property=\"og:type\" content=\"article\" \/>\n\t\t<meta property=\"og:title\" content=\"Hernando: \u201cIglesias se ha convertido en el apoyo de los independentistas\u201d - El Digital de Asturias\" \/>\n\t\t<meta property=\"og:description\" content=\"El portavoz del GPP en el Congreso, Rafael Hernando, considera que es muy importante tener una mayor\u00eda amplia en Congreso y Senado para reinstaurar la legalidad en Catalu\u00f1a. Asimismo, ha explicado que no tiene ninguna esperanza en estos momentos, al ser evidente que Puigdemont se ha instalado en la violaci\u00f3n del Estatut y la Constituci\u00f3n\" \/>\n\t\t<meta property=\"og:url\" content=\"https:\/\/www.eldigitaldeasturias.com\/noticias\/hernando-iglesias-se-ha-convertido-en-el-apoyo-de-los-independentistas\/\" \/>\n\t\t<meta property=\"article:tag\" content=\"actualidad\" \/>\n\t\t<meta property=\"article:published_time\" content=\"2017-10-20T16:29:51+00:00\" \/>\n\t\t<meta property=\"article:modified_time\" content=\"2017-10-20T16:29:51+00:00\" \/>\n\t\t<meta property=\"article:publisher\" content=\"https:\/\/facebook.com\/eldigitaldeasturias\" \/>\n\t\t<meta name=\"twitter:card\" content=\"summary_large_image\" \/>\n\t\t<meta name=\"twitter:title\" content=\"Hernando: \u201cIglesias se ha convertido en el apoyo de los independentistas\u201d - El Digital de Asturias\" \/>\n\t\t<meta name=\"twitter:description\" content=\"El portavoz del GPP en el Congreso, Rafael Hernando, considera que es muy importante tener una mayor\u00eda amplia en Congreso y Senado para reinstaurar la legalidad en Catalu\u00f1a. Asimismo, ha explicado que no tiene ninguna esperanza en estos momentos, al ser evidente que Puigdemont se ha instalado en la violaci\u00f3n del Estatut y la Constituci\u00f3n\" \/>\n\t\t<meta name=\"twitter:image\" content=\"https:\/\/www.eldigitaldeasturias.com\/noticias\/wp-content\/uploads\/2020\/12\/EDA-1.jpg\" \/>\n\t\t<meta name=\"twitter:label1\" content=\"Escrito por\" \/>\n\t\t<meta name=\"twitter:data1\" content=\"El Digital de Asturias\" \/>\n\t\t<meta name=\"twitter:label2\" content=\"Tiempo de lectura estimado\" \/>\n\t\t<meta name=\"twitter:data2\" content=\"2 minutos\" \/>\n\t\t<script type=\"application\/ld+json\" class=\"aioseo-schema\">\n\t\t\t{\"@context\":\"https:\\\/\\\/schema.org\",\"@graph\":[{\"@type\":\"BlogPosting\",\"@id\":\"https:\\\/\\\/www.eldigitaldeasturias.com\\\/noticias\\\/hernando-iglesias-se-ha-convertido-en-el-apoyo-de-los-independentistas\\\/#blogposting\",\"name\":\"Hernando: \\u201cIglesias se ha convertido en el apoyo de los independentistas\\u201d - El Digital de Asturias\",\"headline\":\"Hernando: \\u201cIglesias se ha convertido en el apoyo de los independentistas\\u201d\",\"author\":{\"@id\":\"https:\\\/\\\/www.eldigitaldeasturias.com\\\/noticias\\\/author\\\/admin\\\/#author\"},\"publisher\":{\"@id\":\"https:\\\/\\\/www.eldigitaldeasturias.com\\\/noticias\\\/#organization\"},\"image\":{\"@type\":\"ImageObject\",\"url\":956956},\"datePublished\":\"2017-10-20T16:29:51+02:00\",\"dateModified\":\"2017-10-20T16:29:51+02:00\",\"inLanguage\":\"es-ES\",\"mainEntityOfPage\":{\"@id\":\"https:\\\/\\\/www.eldigitaldeasturias.com\\\/noticias\\\/hernando-iglesias-se-ha-convertido-en-el-apoyo-de-los-independentistas\\\/#webpage\"},\"isPartOf\":{\"@id\":\"https:\\\/\\\/www.eldigitaldeasturias.com\\\/noticias\\\/hernando-iglesias-se-ha-convertido-en-el-apoyo-de-los-independentistas\\\/#webpage\"},\"articleSection\":\"Actualidad\"},{\"@type\":\"BreadcrumbList\",\"@id\":\"https:\\\/\\\/www.eldigitaldeasturias.com\\\/noticias\\\/hernando-iglesias-se-ha-convertido-en-el-apoyo-de-los-independentistas\\\/#breadcrumblist\",\"itemListElement\":[{\"@type\":\"ListItem\",\"@id\":\"https:\\\/\\\/www.eldigitaldeasturias.com\\\/noticias#listItem\",\"position\":1,\"name\":\"Home\",\"item\":\"https:\\\/\\\/www.eldigitaldeasturias.com\\\/noticias\",\"nextItem\":{\"@type\":\"ListItem\",\"@id\":\"https:\\\/\\\/www.eldigitaldeasturias.com\\\/noticias\\\/category\\\/actualidad\\\/#listItem\",\"name\":\"Actualidad\"}},{\"@type\":\"ListItem\",\"@id\":\"https:\\\/\\\/www.eldigitaldeasturias.com\\\/noticias\\\/category\\\/actualidad\\\/#listItem\",\"position\":2,\"name\":\"Actualidad\",\"item\":\"https:\\\/\\\/www.eldigitaldeasturias.com\\\/noticias\\\/category\\\/actualidad\\\/\",\"nextItem\":{\"@type\":\"ListItem\",\"@id\":\"https:\\\/\\\/www.eldigitaldeasturias.com\\\/noticias\\\/hernando-iglesias-se-ha-convertido-en-el-apoyo-de-los-independentistas\\\/#listItem\",\"name\":\"Hernando: \\u201cIglesias se ha convertido en el apoyo de los independentistas\\u201d\"},\"previousItem\":{\"@type\":\"ListItem\",\"@id\":\"https:\\\/\\\/www.eldigitaldeasturias.com\\\/noticias#listItem\",\"name\":\"Home\"}},{\"@type\":\"ListItem\",\"@id\":\"https:\\\/\\\/www.eldigitaldeasturias.com\\\/noticias\\\/hernando-iglesias-se-ha-convertido-en-el-apoyo-de-los-independentistas\\\/#listItem\",\"position\":3,\"name\":\"Hernando: \\u201cIglesias se ha convertido en el apoyo de los independentistas\\u201d\",\"previousItem\":{\"@type\":\"ListItem\",\"@id\":\"https:\\\/\\\/www.eldigitaldeasturias.com\\\/noticias\\\/category\\\/actualidad\\\/#listItem\",\"name\":\"Actualidad\"}}]},{\"@type\":\"Organization\",\"@id\":\"https:\\\/\\\/www.eldigitaldeasturias.com\\\/noticias\\\/#organization\",\"name\":\"El Digital de Asturias\",\"description\":\"Hemeroteca\",\"url\":\"https:\\\/\\\/www.eldigitaldeasturias.com\\\/noticias\\\/\",\"email\":\"info@eldigitaldeasturias.com\",\"telephone\":\"+34652131393\",\"logo\":{\"@type\":\"ImageObject\",\"url\":\"https:\\\/\\\/www.eldigitaldeasturias.com\\\/noticias\\\/wp-content\\\/uploads\\\/2020\\\/12\\\/EDA.jpg\",\"@id\":\"https:\\\/\\\/www.eldigitaldeasturias.com\\\/noticias\\\/hernando-iglesias-se-ha-convertido-en-el-apoyo-de-los-independentistas\\\/#organizationLogo\"},\"image\":{\"@id\":\"https:\\\/\\\/www.eldigitaldeasturias.com\\\/noticias\\\/hernando-iglesias-se-ha-convertido-en-el-apoyo-de-los-independentistas\\\/#organizationLogo\"},\"sameAs\":[\"https:\\\/\\\/facebook.com\\\/eldigitaldeasturias\",\"https:\\\/\\\/www.youtube.com\\\/channel\\\/UCZP-2wLEB9Rv6erhFmqVnvg\"],\"address\":{\"@id\":\"https:\\\/\\\/www.eldigitaldeasturias.com\\\/noticias\\\/#postaladdress\",\"@type\":\"PostalAddress\",\"streetAddress\":\"san antonio 4\",\"postalCode\":\"33430\",\"addressLocality\":\"Cand\\u00e1s\",\"addressRegion\":\"Asturias\",\"addressCountry\":\"ES\"}},{\"@type\":\"Person\",\"@id\":\"https:\\\/\\\/www.eldigitaldeasturias.com\\\/noticias\\\/author\\\/admin\\\/#author\",\"url\":\"https:\\\/\\\/www.eldigitaldeasturias.com\\\/noticias\\\/author\\\/admin\\\/\",\"name\":\"El Digital de Asturias\",\"image\":{\"@type\":\"ImageObject\",\"@id\":\"https:\\\/\\\/www.eldigitaldeasturias.com\\\/noticias\\\/hernando-iglesias-se-ha-convertido-en-el-apoyo-de-los-independentistas\\\/#authorImage\",\"url\":\"https:\\\/\\\/secure.gravatar.com\\\/avatar\\\/df2aeffc32bcd13f8d26072ef8a91b623d677766deac7f97ca815868cd41bf5e?s=96&d=mm&r=g\",\"width\":96,\"height\":96,\"caption\":\"El Digital de Asturias\"}},{\"@type\":\"WebPage\",\"@id\":\"https:\\\/\\\/www.eldigitaldeasturias.com\\\/noticias\\\/hernando-iglesias-se-ha-convertido-en-el-apoyo-de-los-independentistas\\\/#webpage\",\"url\":\"https:\\\/\\\/www.eldigitaldeasturias.com\\\/noticias\\\/hernando-iglesias-se-ha-convertido-en-el-apoyo-de-los-independentistas\\\/\",\"name\":\"Hernando: \\u201cIglesias se ha convertido en el apoyo de los independentistas\\u201d - El Digital de Asturias\",\"description\":\"El portavoz del GPP en el Congreso, Rafael Hernando, considera que es muy importante tener una mayor\\u00eda amplia en Congreso y Senado para reinstaurar la legalidad en Catalu\\u00f1a. Asimismo, ha explicado que no tiene ninguna esperanza en estos momentos, al ser evidente que Puigdemont se ha instalado en la violaci\\u00f3n del Estatut y la Constituci\\u00f3n\",\"inLanguage\":\"es-ES\",\"isPartOf\":{\"@id\":\"https:\\\/\\\/www.eldigitaldeasturias.com\\\/noticias\\\/#website\"},\"breadcrumb\":{\"@id\":\"https:\\\/\\\/www.eldigitaldeasturias.com\\\/noticias\\\/hernando-iglesias-se-ha-convertido-en-el-apoyo-de-los-independentistas\\\/#breadcrumblist\"},\"author\":{\"@id\":\"https:\\\/\\\/www.eldigitaldeasturias.com\\\/noticias\\\/author\\\/admin\\\/#author\"},\"creator\":{\"@id\":\"https:\\\/\\\/www.eldigitaldeasturias.com\\\/noticias\\\/author\\\/admin\\\/#author\"},\"image\":{\"@type\":\"ImageObject\",\"url\":956956,\"@id\":\"https:\\\/\\\/www.eldigitaldeasturias.com\\\/noticias\\\/hernando-iglesias-se-ha-convertido-en-el-apoyo-de-los-independentistas\\\/#mainImage\"},\"primaryImageOfPage\":{\"@id\":\"https:\\\/\\\/www.eldigitaldeasturias.com\\\/noticias\\\/hernando-iglesias-se-ha-convertido-en-el-apoyo-de-los-independentistas\\\/#mainImage\"},\"datePublished\":\"2017-10-20T16:29:51+02:00\",\"dateModified\":\"2017-10-20T16:29:51+02:00\"},{\"@type\":\"WebSite\",\"@id\":\"https:\\\/\\\/www.eldigitaldeasturias.com\\\/noticias\\\/#website\",\"url\":\"https:\\\/\\\/www.eldigitaldeasturias.com\\\/noticias\\\/\",\"name\":\"El Digital de Asturias - Diario de actualidad y noticias\",\"alternateName\":\"El Digital de Asturias - Diario de actualidad y noticias\",\"description\":\"Hemeroteca\",\"inLanguage\":\"es-ES\",\"publisher\":{\"@id\":\"https:\\\/\\\/www.eldigitaldeasturias.com\\\/noticias\\\/#organization\"}}]}\n\t\t<\/script>\n\t\t<!-- All in One SEO Pro -->\r\n\t\t<title>Hernando: \u201cIglesias se ha convertido en el apoyo de los independentistas\u201d - El Digital de Asturias<\/title>\n\n","aioseo_head_json":{"title":"Hernando: \u201cIglesias se ha convertido en el apoyo de los independentistas\u201d - El Digital de Asturias","description":"El portavoz del GPP en el Congreso, Rafael Hernando, considera que es muy importante tener una mayor\u00eda amplia en Congreso y Senado para reinstaurar la legalidad en Catalu\u00f1a. Asimismo, ha explicado que no tiene ninguna esperanza en estos momentos, al ser evidente que Puigdemont se ha instalado en la violaci\u00f3n del Estatut y la Constituci\u00f3n","canonical_url":"https:\/\/www.eldigitaldeasturias.com\/noticias\/hernando-iglesias-se-ha-convertido-en-el-apoyo-de-los-independentistas\/","robots":"max-image-preview:large","keywords":"actualidad","webmasterTools":{"google-site-verification":"UA-38556648-1","msvalidate.01":"7dfe9f3f1b24437ab69f4f2559babe99","miscellaneous":""},"schema":{"@context":"https:\/\/schema.org","@graph":[{"@type":"BlogPosting","@id":"https:\/\/www.eldigitaldeasturias.com\/noticias\/hernando-iglesias-se-ha-convertido-en-el-apoyo-de-los-independentistas\/#blogposting","name":"Hernando: \u201cIglesias se ha convertido en el apoyo de los independentistas\u201d - El Digital de Asturias","headline":"Hernando: \u201cIglesias se ha convertido en el apoyo de los independentistas\u201d","author":{"@id":"https:\/\/www.eldigitaldeasturias.com\/noticias\/author\/admin\/#author"},"publisher":{"@id":"https:\/\/www.eldigitaldeasturias.com\/noticias\/#organization"},"image":{"@type":"ImageObject","url":956956},"datePublished":"2017-10-20T16:29:51+02:00","dateModified":"2017-10-20T16:29:51+02:00","inLanguage":"es-ES","mainEntityOfPage":{"@id":"https:\/\/www.eldigitaldeasturias.com\/noticias\/hernando-iglesias-se-ha-convertido-en-el-apoyo-de-los-independentistas\/#webpage"},"isPartOf":{"@id":"https:\/\/www.eldigitaldeasturias.com\/noticias\/hernando-iglesias-se-ha-convertido-en-el-apoyo-de-los-independentistas\/#webpage"},"articleSection":"Actualidad"},{"@type":"BreadcrumbList","@id":"https:\/\/www.eldigitaldeasturias.com\/noticias\/hernando-iglesias-se-ha-convertido-en-el-apoyo-de-los-independentistas\/#breadcrumblist","itemListElement":[{"@type":"ListItem","@id":"https:\/\/www.eldigitaldeasturias.com\/noticias#listItem","position":1,"name":"Home","item":"https:\/\/www.eldigitaldeasturias.com\/noticias","nextItem":{"@type":"ListItem","@id":"https:\/\/www.eldigitaldeasturias.com\/noticias\/category\/actualidad\/#listItem","name":"Actualidad"}},{"@type":"ListItem","@id":"https:\/\/www.eldigitaldeasturias.com\/noticias\/category\/actualidad\/#listItem","position":2,"name":"Actualidad","item":"https:\/\/www.eldigitaldeasturias.com\/noticias\/category\/actualidad\/","nextItem":{"@type":"ListItem","@id":"https:\/\/www.eldigitaldeasturias.com\/noticias\/hernando-iglesias-se-ha-convertido-en-el-apoyo-de-los-independentistas\/#listItem","name":"Hernando: \u201cIglesias se ha convertido en el apoyo de los independentistas\u201d"},"previousItem":{"@type":"ListItem","@id":"https:\/\/www.eldigitaldeasturias.com\/noticias#listItem","name":"Home"}},{"@type":"ListItem","@id":"https:\/\/www.eldigitaldeasturias.com\/noticias\/hernando-iglesias-se-ha-convertido-en-el-apoyo-de-los-independentistas\/#listItem","position":3,"name":"Hernando: \u201cIglesias se ha convertido en el apoyo de los independentistas\u201d","previousItem":{"@type":"ListItem","@id":"https:\/\/www.eldigitaldeasturias.com\/noticias\/category\/actualidad\/#listItem","name":"Actualidad"}}]},{"@type":"Organization","@id":"https:\/\/www.eldigitaldeasturias.com\/noticias\/#organization","name":"El Digital de Asturias","description":"Hemeroteca","url":"https:\/\/www.eldigitaldeasturias.com\/noticias\/","email":"info@eldigitaldeasturias.com","telephone":"+34652131393","logo":{"@type":"ImageObject","url":"https:\/\/www.eldigitaldeasturias.com\/noticias\/wp-content\/uploads\/2020\/12\/EDA.jpg","@id":"https:\/\/www.eldigitaldeasturias.com\/noticias\/hernando-iglesias-se-ha-convertido-en-el-apoyo-de-los-independentistas\/#organizationLogo"},"image":{"@id":"https:\/\/www.eldigitaldeasturias.com\/noticias\/hernando-iglesias-se-ha-convertido-en-el-apoyo-de-los-independentistas\/#organizationLogo"},"sameAs":["https:\/\/facebook.com\/eldigitaldeasturias","https:\/\/www.youtube.com\/channel\/UCZP-2wLEB9Rv6erhFmqVnvg"],"address":{"@id":"https:\/\/www.eldigitaldeasturias.com\/noticias\/#postaladdress","@type":"PostalAddress","streetAddress":"san antonio 4","postalCode":"33430","addressLocality":"Cand\u00e1s","addressRegion":"Asturias","addressCountry":"ES"}},{"@type":"Person","@id":"https:\/\/www.eldigitaldeasturias.com\/noticias\/author\/admin\/#author","url":"https:\/\/www.eldigitaldeasturias.com\/noticias\/author\/admin\/","name":"El Digital de Asturias","image":{"@type":"ImageObject","@id":"https:\/\/www.eldigitaldeasturias.com\/noticias\/hernando-iglesias-se-ha-convertido-en-el-apoyo-de-los-independentistas\/#authorImage","url":"https:\/\/secure.gravatar.com\/avatar\/df2aeffc32bcd13f8d26072ef8a91b623d677766deac7f97ca815868cd41bf5e?s=96&d=mm&r=g","width":96,"height":96,"caption":"El Digital de Asturias"}},{"@type":"WebPage","@id":"https:\/\/www.eldigitaldeasturias.com\/noticias\/hernando-iglesias-se-ha-convertido-en-el-apoyo-de-los-independentistas\/#webpage","url":"https:\/\/www.eldigitaldeasturias.com\/noticias\/hernando-iglesias-se-ha-convertido-en-el-apoyo-de-los-independentistas\/","name":"Hernando: \u201cIglesias se ha convertido en el apoyo de los independentistas\u201d - El Digital de Asturias","description":"El portavoz del GPP en el Congreso, Rafael Hernando, considera que es muy importante tener una mayor\u00eda amplia en Congreso y Senado para reinstaurar la legalidad en Catalu\u00f1a. Asimismo, ha explicado que no tiene ninguna esperanza en estos momentos, al ser evidente que Puigdemont se ha instalado en la violaci\u00f3n del Estatut y la Constituci\u00f3n","inLanguage":"es-ES","isPartOf":{"@id":"https:\/\/www.eldigitaldeasturias.com\/noticias\/#website"},"breadcrumb":{"@id":"https:\/\/www.eldigitaldeasturias.com\/noticias\/hernando-iglesias-se-ha-convertido-en-el-apoyo-de-los-independentistas\/#breadcrumblist"},"author":{"@id":"https:\/\/www.eldigitaldeasturias.com\/noticias\/author\/admin\/#author"},"creator":{"@id":"https:\/\/www.eldigitaldeasturias.com\/noticias\/author\/admin\/#author"},"image":{"@type":"ImageObject","url":956956,"@id":"https:\/\/www.eldigitaldeasturias.com\/noticias\/hernando-iglesias-se-ha-convertido-en-el-apoyo-de-los-independentistas\/#mainImage"},"primaryImageOfPage":{"@id":"https:\/\/www.eldigitaldeasturias.com\/noticias\/hernando-iglesias-se-ha-convertido-en-el-apoyo-de-los-independentistas\/#mainImage"},"datePublished":"2017-10-20T16:29:51+02:00","dateModified":"2017-10-20T16:29:51+02:00"},{"@type":"WebSite","@id":"https:\/\/www.eldigitaldeasturias.com\/noticias\/#website","url":"https:\/\/www.eldigitaldeasturias.com\/noticias\/","name":"El Digital de Asturias - Diario de actualidad y noticias","alternateName":"El Digital de Asturias - Diario de actualidad y noticias","description":"Hemeroteca","inLanguage":"es-ES","publisher":{"@id":"https:\/\/www.eldigitaldeasturias.com\/noticias\/#organization"}}]},"og:locale":"es_ES","og:site_name":"El Digital de Asturias","og:type":"article","og:title":"Hernando: \u201cIglesias se ha convertido en el apoyo de los independentistas\u201d - El Digital de Asturias","og:description":"El portavoz del GPP en el Congreso, Rafael Hernando, considera que es muy importante tener una mayor\u00eda amplia en Congreso y Senado para reinstaurar la legalidad en Catalu\u00f1a. Asimismo, ha explicado que no tiene ninguna esperanza en estos momentos, al ser evidente que Puigdemont se ha instalado en la violaci\u00f3n del Estatut y la Constituci\u00f3n","og:url":"https:\/\/www.eldigitaldeasturias.com\/noticias\/hernando-iglesias-se-ha-convertido-en-el-apoyo-de-los-independentistas\/","article:tag":["actualidad"],"article:published_time":"2017-10-20T16:29:51+00:00","article:modified_time":"2017-10-20T16:29:51+00:00","article:publisher":"https:\/\/facebook.com\/eldigitaldeasturias","twitter:card":"summary_large_image","twitter:title":"Hernando: \u201cIglesias se ha convertido en el apoyo de los independentistas\u201d - El Digital de Asturias","twitter:description":"El portavoz del GPP en el Congreso, Rafael Hernando, considera que es muy importante tener una mayor\u00eda amplia en Congreso y Senado para reinstaurar la legalidad en Catalu\u00f1a. Asimismo, ha explicado que no tiene ninguna esperanza en estos momentos, al ser evidente que Puigdemont se ha instalado en la violaci\u00f3n del Estatut y la Constituci\u00f3n","twitter:image":"https:\/\/www.eldigitaldeasturias.com\/noticias\/wp-content\/uploads\/2020\/12\/EDA-1.jpg","twitter:label1":"Escrito por","twitter:data1":"El Digital de Asturias","twitter:label2":"Tiempo de lectura estimado","twitter:data2":"2 minutos"},"aioseo_meta_data":{"post_id":"956955","title":null,"description":null,"keywords":null,"keyphrases":null,"primary_term":null,"canonical_url":null,"og_title":null,"og_description":null,"og_object_type":"default","og_image_type":"default","og_image_url":null,"og_image_width":null,"og_image_height":null,"og_image_custom_url":null,"og_image_custom_fields":null,"og_video":null,"og_custom_url":null,"og_article_section":null,"og_article_tags":null,"twitter_use_og":false,"twitter_card":"default","twitter_image_type":"default","twitter_image_url":null,"twitter_image_custom_url":null,"twitter_image_custom_fields":null,"twitter_title":null,"twitter_description":null,"schema":{"blockGraphs":[],"customGraphs":[],"default":{"data":{"Article":[],"Course":[],"Dataset":[],"FAQPage":[],"Movie":[],"Person":[],"Product":[],"ProductReview":[],"Car":[],"Recipe":[],"Service":[],"SoftwareApplication":[],"WebPage":[]},"graphName":"","isEnabled":true},"graphs":[],"defaultGraph":"","defaultPostTypeGraph":""},"schema_type":null,"schema_type_options":null,"pillar_content":false,"robots_default":true,"robots_noindex":false,"robots_noarchive":false,"robots_nosnippet":false,"robots_nofollow":false,"robots_noimageindex":false,"robots_noodp":false,"robots_notranslate":false,"robots_max_snippet":null,"robots_max_videopreview":null,"robots_max_imagepreview":"large","priority":null,"frequency":null,"local_seo":null,"seo_analyzer_scan_date":"2025-12-06 15:41:11","breadcrumb_settings":null,"limit_modified_date":false,"open_ai":null,"ai":null,"created":"2020-12-21 12:55:40","updated":"2025-12-06 15:41:11","focus_keyword":null,"additional_keywords":null,"truseo_locale":null},"aioseo_breadcrumb":"<div class=\"aioseo-breadcrumbs\"><span class=\"aioseo-breadcrumb\">\n\t<a href=\"https:\/\/www.eldigitaldeasturias.com\/noticias\" title=\"Home\">Home<\/a>\n<\/span><span class=\"aioseo-breadcrumb-separator\">\u2013<\/span><span class=\"aioseo-breadcrumb\">\n\t<a href=\"https:\/\/www.eldigitaldeasturias.com\/noticias\/category\/actualidad\/\" title=\"Actualidad\">Actualidad<\/a>\n<\/span><span class=\"aioseo-breadcrumb-separator\">\u2013<\/span><span class=\"aioseo-breadcrumb\">\n\t<a href=\"https:\/\/www.eldigitaldeasturias.com\/noticias\/hernando-iglesias-se-ha-convertido-en-el-apoyo-de-los-independentistas\/\" title=\"Hernando: \u201cIglesias se ha convertido en el apoyo de los independentistas\u201d\">Hernando: \u201cIglesias se ha convertido en el apoyo de los independentistas\u201d<\/a>\n<\/span><\/div>","aioseo_breadcrumb_json":[{"label":"Home","link":"https:\/\/www.eldigitaldeasturias.com\/noticias"},{"label":"Actualidad","link":"https:\/\/www.eldigitaldeasturias.com\/noticias\/category\/actualidad\/"},{"label":"Hernando: \u201cIglesias se ha convertido en el apoyo de los independentistas\u201d","link":"https:\/\/www.eldigitaldeasturias.com\/noticias\/hernando-iglesias-se-ha-convertido-en-el-apoyo-de-los-independentistas\/"}],"_links":{"self":[{"href":"https:\/\/www.eldigitaldeasturias.com\/noticias\/wp-json\/wp\/v2\/posts\/956955","targetHints":{"allow":["GET"]}}],"collection":[{"href":"https:\/\/www.eldigitaldeasturias.com\/noticias\/wp-json\/wp\/v2\/posts"}],"about":[{"href":"https:\/\/www.eldigitaldeasturias.com\/noticias\/wp-json\/wp\/v2\/types\/post"}],"author":[{"embeddable":true,"href":"https:\/\/www.eldigitaldeasturias.com\/noticias\/wp-json\/wp\/v2\/users\/1"}],"replies":[{"embeddable":true,"href":"https:\/\/www.eldigitaldeasturias.com\/noticias\/wp-json\/wp\/v2\/comments?post=956955"}],"version-history":[{"count":0,"href":"https:\/\/www.eldigitaldeasturias.com\/noticias\/wp-json\/wp\/v2\/posts\/956955\/revisions"}],"wp:attachment":[{"href":"https:\/\/www.eldigitaldeasturias.com\/noticias\/wp-json\/wp\/v2\/media?parent=956955"}],"wp:term":[{"taxonomy":"category","embeddable":true,"href":"https:\/\/www.eldigitaldeasturias.com\/noticias\/wp-json\/wp\/v2\/categories?post=956955"},{"taxonomy":"post_tag","embeddable":true,"href":"https:\/\/www.eldigitaldeasturias.com\/noticias\/wp-json\/wp\/v2\/tags?post=956955"}],"curies":[{"name":"wp","href":"https:\/\/api.w.org\/{rel}","templated":true}]}}