{"id":956949,"date":"2017-10-20T16:26:27","date_gmt":"2017-10-20T16:26:27","guid":{"rendered":"http:\/\/www.eldigitaldeasturias.com\/noticias\/?p=956949"},"modified":"2017-10-20T16:26:27","modified_gmt":"2017-10-20T16:26:27","slug":"maroto-europa-ha-dado-la-espalda-al-independentismo","status":"publish","type":"post","link":"https:\/\/www.eldigitaldeasturias.com\/noticias\/maroto-europa-ha-dado-la-espalda-al-independentismo\/","title":{"rendered":"Maroto: \u201cEuropa ha dado la espalda al independentismo\u201d"},"content":{"rendered":"<p><img loading=\"lazy\" decoding=\"async\" class=\"alignleft size-medium wp-image-956950\" src=\"https:\/\/www.eldigitaldeasturias.com\/noticias\/wp-content\/uploads\/2017\/10\/dmlqj6uxcaa6dic-360x163.jpg\" alt=\"\" width=\"360\" height=\"163\" \/>El vicesecretario de Pol\u00edtica Social y Sectorial del Partido Popular, Javier Maroto, ha destacado el apoyo que ayer recibi\u00f3 Mariano Rajoy en el Consejo Europeo en Bruselas por parte de los principales l\u00edderes europeos en defensa del marco constitucional espa\u00f1ol ante el desaf\u00edo secesionista. \u201cAyer sucedi\u00f3 algo muy relevante: una respuesta un\u00e1nime de todos los dirigentes europeos a la propaganda retorcida que los secesionistas han estado haciendo en Catalu\u00f1a\u201d. En declaraciones a los medios de comunicaci\u00f3n en Murcia, el vicesecretario popular ha reiterado que \u201cEuropa ha dado la espalda al independentismo, a las posiciones radicales y a las que destruyen riqueza y empresas\u201d. \u201cToda la propaganda que Puigdemont ha fabricado para Europa, ha sido en balde\u201d. Para Maroto, el presidente catal\u00e1n \u201cest\u00e1 m\u00e1s solo que nunca\u201d por lo que le ha emplazado a que reflexione y \u201cabandone de una vez por todas la crispaci\u00f3n y la ruptura con el resto de Espa\u00f1a que es tambi\u00e9n la ruptura con el resto de Europa\u201d.<\/p>\n<p>RUTA SOCIAL<\/p>\n<p>En otro orden de cosas y durante su intervenci\u00f3n en el acto de presentaci\u00f3n de la Ruta Social del PP en Murcia, Javier Maroto, ha recordado que el objetivo \u00faltimo de su partido es acertar en lo econ\u00f3mico para poder acertar en las medidas sociales y resolver los problemas reales de las personas. \u201cEsto es lo que est\u00e1 en nuestro ADN, es la raz\u00f3n de ser del PP \u201c, ha asegurado.<\/p>\n<p>En presencia del tejido asociativo y social de la Regi\u00f3n de Murcia, Maroto ha asegurado que pensar que las pol\u00edticas sociales van unidas a gastar mucho es propio de la socialdemocracia \u201cque tantas veces ha gobernado y tantas veces ha errado\u201d. As\u00ed, el dirigente popular ha explicado que el PP no quiere hacer una pol\u00edtica social que se base en \u201cgastar sin m\u00e1s o mal\u201d sino, ha reiterado, \u201cacertar en lo econ\u00f3mico para poder acertar en lo social\u201d. \u201c\u00bfQue mejor pol\u00edtica social que aquella que genera empleo y que garantiza de verdad y no solo en el discurso, los servicios sociales?\u201d, se ha preguntado.<\/p>\n<p>Por otro lado y frente a la nueva pol\u00edtica \u201cdel cartel y la foto\u201d, el vicesecretario nacional ha defendido la pol\u00edtica del \u201cser y del estar\u201d del Partido Popular y el compromiso que \u201cdijimos, escribimos y votamos\u201d en la Ponencia Social del Congreso Nacional por el que \u201cantes, durante y despu\u00e9s de cualquier ley o iniciativa, primero escucharemos, con humildad y haciendo autocr\u00edtica, para poder acertar\u201d. Para Maroto \u201cescuchar al que piensa distinto no es hoy una opci\u00f3n, es una obligaci\u00f3n y un compromiso f\u00e9rreo del PP\u201d. \u201c\u00c9sta es la filosof\u00eda de la Ruta Social, un compromiso para estar con todos y escuchar a todos\u201d, ha dicho.<\/p>\n<p>En esta l\u00ednea, el vicesecretario de Pol\u00edtica Social y Sectorial del PP, ha reiterado que hoy, como es normal desde hace tiempo en Europa, \u201csolo se aprueba lo que se consensua\u201d y que los pol\u00edticos que no lo entiendan \u201ctienen un grave problema\u201d. \u201cUn acuerdo entre distintos -ha a\u00f1adido- vale mucho y dura m\u00e1s si se mantiene la palabra dada\u201d.<\/p>\n<p>Por \u00faltimo, Javier Maroto ha querido mostrar \u201cel respaldo permanente y con may\u00fasculas\u201d de todo el resto del PP de Espa\u00f1a al PP de Murcia, a sus afiliados y simpatizantes as\u00ed como a su presidente, Fernando L\u00f3pez Miras.<\/p>\n","protected":false},"excerpt":{"rendered":"<p>El vicesecretario de Pol\u00edtica Social y Sectorial del Partido Popular, Javier Maroto, ha destacado el apoyo que ayer recibi\u00f3 Mariano Rajoy en el Consejo Europeo en Bruselas por parte de los principales l\u00edderes europeos en defensa del marco constitucional espa\u00f1ol ante el desaf\u00edo secesionista. \u201cAyer sucedi\u00f3 algo muy relevante: una respuesta un\u00e1nime de todos los [&hellip;]<\/p>\n","protected":false},"author":1,"featured_media":956950,"comment_status":"closed","ping_status":"closed","sticky":false,"template":"","format":"standard","meta":{"footnotes":""},"categories":[1],"tags":[],"class_list":["post-956949","post","type-post","status-publish","format-standard","has-post-thumbnail","hentry","category-actualidad"],"aioseo_notices":[],"aioseo_head":"\n\t\t<!-- All in One SEO Pro 5.0.1 - aioseo.com -->\n\t<meta name=\"description\" content=\"El vicesecretario de Pol\u00edtica Social y Sectorial del Partido Popular, Javier Maroto, ha destacado el apoyo que ayer recibi\u00f3 Mariano Rajoy en el Consejo Europeo en Bruselas por parte de los principales l\u00edderes europeos en defensa del marco constitucional espa\u00f1ol ante el desaf\u00edo secesionista. \u201cAyer sucedi\u00f3 algo muy relevante: una respuesta un\u00e1nime de todos los\" \/>\n\t<meta name=\"robots\" content=\"max-image-preview:large\" \/>\n\t<meta name=\"author\" content=\"El Digital de Asturias\"\/>\n\t<meta name=\"google-site-verification\" content=\"UA-38556648-1\" \/>\n\t<meta name=\"msvalidate.01\" content=\"7dfe9f3f1b24437ab69f4f2559babe99\" \/>\n\t<meta name=\"keywords\" content=\"actualidad\" \/>\n\t<link rel=\"canonical\" href=\"https:\/\/www.eldigitaldeasturias.com\/noticias\/maroto-europa-ha-dado-la-espalda-al-independentismo\/\" \/>\n\t<meta name=\"generator\" content=\"All in One SEO Pro (AIOSEO) 5.0.1\" \/>\n\t\t<meta property=\"og:locale\" content=\"es_ES\" \/>\n\t\t<meta property=\"og:site_name\" content=\"El Digital de Asturias\" \/>\n\t\t<meta property=\"og:type\" content=\"article\" \/>\n\t\t<meta property=\"og:title\" content=\"Maroto: \u201cEuropa ha dado la espalda al independentismo\u201d - El Digital de Asturias\" \/>\n\t\t<meta property=\"og:description\" content=\"El vicesecretario de Pol\u00edtica Social y Sectorial del Partido Popular, Javier Maroto, ha destacado el apoyo que ayer recibi\u00f3 Mariano Rajoy en el Consejo Europeo en Bruselas por parte de los principales l\u00edderes europeos en defensa del marco constitucional espa\u00f1ol ante el desaf\u00edo secesionista. \u201cAyer sucedi\u00f3 algo muy relevante: una respuesta un\u00e1nime de todos los\" \/>\n\t\t<meta property=\"og:url\" content=\"https:\/\/www.eldigitaldeasturias.com\/noticias\/maroto-europa-ha-dado-la-espalda-al-independentismo\/\" \/>\n\t\t<meta property=\"article:tag\" content=\"actualidad\" \/>\n\t\t<meta property=\"article:published_time\" content=\"2017-10-20T16:26:27+00:00\" \/>\n\t\t<meta property=\"article:modified_time\" content=\"2017-10-20T16:26:27+00:00\" \/>\n\t\t<meta property=\"article:publisher\" content=\"https:\/\/facebook.com\/eldigitaldeasturias\" \/>\n\t\t<meta name=\"twitter:card\" content=\"summary_large_image\" \/>\n\t\t<meta name=\"twitter:title\" content=\"Maroto: \u201cEuropa ha dado la espalda al independentismo\u201d - El Digital de Asturias\" \/>\n\t\t<meta name=\"twitter:description\" content=\"El vicesecretario de Pol\u00edtica Social y Sectorial del Partido Popular, Javier Maroto, ha destacado el apoyo que ayer recibi\u00f3 Mariano Rajoy en el Consejo Europeo en Bruselas por parte de los principales l\u00edderes europeos en defensa del marco constitucional espa\u00f1ol ante el desaf\u00edo secesionista. \u201cAyer sucedi\u00f3 algo muy relevante: una respuesta un\u00e1nime de todos los\" \/>\n\t\t<meta name=\"twitter:image\" content=\"https:\/\/www.eldigitaldeasturias.com\/noticias\/wp-content\/uploads\/2020\/12\/EDA-1.jpg\" \/>\n\t\t<meta name=\"twitter:label1\" content=\"Escrito por\" \/>\n\t\t<meta name=\"twitter:data1\" content=\"El Digital de Asturias\" \/>\n\t\t<meta name=\"twitter:label2\" content=\"Tiempo de lectura estimado\" \/>\n\t\t<meta name=\"twitter:data2\" content=\"3 minutos\" \/>\n\t\t<script type=\"application\/ld+json\" class=\"aioseo-schema\">\n\t\t\t{\"@context\":\"https:\\\/\\\/schema.org\",\"@graph\":[{\"@type\":\"BlogPosting\",\"@id\":\"https:\\\/\\\/www.eldigitaldeasturias.com\\\/noticias\\\/maroto-europa-ha-dado-la-espalda-al-independentismo\\\/#blogposting\",\"name\":\"Maroto: \\u201cEuropa ha dado la espalda al independentismo\\u201d - El Digital de Asturias\",\"headline\":\"Maroto: \\u201cEuropa ha dado la espalda al independentismo\\u201d\",\"author\":{\"@id\":\"https:\\\/\\\/www.eldigitaldeasturias.com\\\/noticias\\\/author\\\/admin\\\/#author\"},\"publisher\":{\"@id\":\"https:\\\/\\\/www.eldigitaldeasturias.com\\\/noticias\\\/#organization\"},\"image\":{\"@type\":\"ImageObject\",\"url\":956950},\"datePublished\":\"2017-10-20T16:26:27+02:00\",\"dateModified\":\"2017-10-20T16:26:27+02:00\",\"inLanguage\":\"es-ES\",\"mainEntityOfPage\":{\"@id\":\"https:\\\/\\\/www.eldigitaldeasturias.com\\\/noticias\\\/maroto-europa-ha-dado-la-espalda-al-independentismo\\\/#webpage\"},\"isPartOf\":{\"@id\":\"https:\\\/\\\/www.eldigitaldeasturias.com\\\/noticias\\\/maroto-europa-ha-dado-la-espalda-al-independentismo\\\/#webpage\"},\"articleSection\":\"Actualidad\"},{\"@type\":\"BreadcrumbList\",\"@id\":\"https:\\\/\\\/www.eldigitaldeasturias.com\\\/noticias\\\/maroto-europa-ha-dado-la-espalda-al-independentismo\\\/#breadcrumblist\",\"itemListElement\":[{\"@type\":\"ListItem\",\"@id\":\"https:\\\/\\\/www.eldigitaldeasturias.com\\\/noticias#listItem\",\"position\":1,\"name\":\"Home\",\"item\":\"https:\\\/\\\/www.eldigitaldeasturias.com\\\/noticias\",\"nextItem\":{\"@type\":\"ListItem\",\"@id\":\"https:\\\/\\\/www.eldigitaldeasturias.com\\\/noticias\\\/category\\\/actualidad\\\/#listItem\",\"name\":\"Actualidad\"}},{\"@type\":\"ListItem\",\"@id\":\"https:\\\/\\\/www.eldigitaldeasturias.com\\\/noticias\\\/category\\\/actualidad\\\/#listItem\",\"position\":2,\"name\":\"Actualidad\",\"item\":\"https:\\\/\\\/www.eldigitaldeasturias.com\\\/noticias\\\/category\\\/actualidad\\\/\",\"nextItem\":{\"@type\":\"ListItem\",\"@id\":\"https:\\\/\\\/www.eldigitaldeasturias.com\\\/noticias\\\/maroto-europa-ha-dado-la-espalda-al-independentismo\\\/#listItem\",\"name\":\"Maroto: \\u201cEuropa ha dado la espalda al independentismo\\u201d\"},\"previousItem\":{\"@type\":\"ListItem\",\"@id\":\"https:\\\/\\\/www.eldigitaldeasturias.com\\\/noticias#listItem\",\"name\":\"Home\"}},{\"@type\":\"ListItem\",\"@id\":\"https:\\\/\\\/www.eldigitaldeasturias.com\\\/noticias\\\/maroto-europa-ha-dado-la-espalda-al-independentismo\\\/#listItem\",\"position\":3,\"name\":\"Maroto: \\u201cEuropa ha dado la espalda al independentismo\\u201d\",\"previousItem\":{\"@type\":\"ListItem\",\"@id\":\"https:\\\/\\\/www.eldigitaldeasturias.com\\\/noticias\\\/category\\\/actualidad\\\/#listItem\",\"name\":\"Actualidad\"}}]},{\"@type\":\"Organization\",\"@id\":\"https:\\\/\\\/www.eldigitaldeasturias.com\\\/noticias\\\/#organization\",\"name\":\"El Digital de Asturias\",\"description\":\"Hemeroteca\",\"url\":\"https:\\\/\\\/www.eldigitaldeasturias.com\\\/noticias\\\/\",\"email\":\"info@eldigitaldeasturias.com\",\"telephone\":\"+34652131393\",\"logo\":{\"@type\":\"ImageObject\",\"url\":\"https:\\\/\\\/www.eldigitaldeasturias.com\\\/noticias\\\/wp-content\\\/uploads\\\/2020\\\/12\\\/EDA.jpg\",\"@id\":\"https:\\\/\\\/www.eldigitaldeasturias.com\\\/noticias\\\/maroto-europa-ha-dado-la-espalda-al-independentismo\\\/#organizationLogo\"},\"image\":{\"@id\":\"https:\\\/\\\/www.eldigitaldeasturias.com\\\/noticias\\\/maroto-europa-ha-dado-la-espalda-al-independentismo\\\/#organizationLogo\"},\"sameAs\":[\"https:\\\/\\\/facebook.com\\\/eldigitaldeasturias\",\"https:\\\/\\\/www.youtube.com\\\/channel\\\/UCZP-2wLEB9Rv6erhFmqVnvg\"],\"address\":{\"@id\":\"https:\\\/\\\/www.eldigitaldeasturias.com\\\/noticias\\\/#postaladdress\",\"@type\":\"PostalAddress\",\"streetAddress\":\"san antonio 4\",\"postalCode\":\"33430\",\"addressLocality\":\"Cand\\u00e1s\",\"addressRegion\":\"Asturias\",\"addressCountry\":\"ES\"}},{\"@type\":\"Person\",\"@id\":\"https:\\\/\\\/www.eldigitaldeasturias.com\\\/noticias\\\/author\\\/admin\\\/#author\",\"url\":\"https:\\\/\\\/www.eldigitaldeasturias.com\\\/noticias\\\/author\\\/admin\\\/\",\"name\":\"El Digital de Asturias\",\"image\":{\"@type\":\"ImageObject\",\"@id\":\"https:\\\/\\\/www.eldigitaldeasturias.com\\\/noticias\\\/maroto-europa-ha-dado-la-espalda-al-independentismo\\\/#authorImage\",\"url\":\"https:\\\/\\\/secure.gravatar.com\\\/avatar\\\/df2aeffc32bcd13f8d26072ef8a91b623d677766deac7f97ca815868cd41bf5e?s=96&d=mm&r=g\",\"width\":96,\"height\":96,\"caption\":\"El Digital de Asturias\"}},{\"@type\":\"WebPage\",\"@id\":\"https:\\\/\\\/www.eldigitaldeasturias.com\\\/noticias\\\/maroto-europa-ha-dado-la-espalda-al-independentismo\\\/#webpage\",\"url\":\"https:\\\/\\\/www.eldigitaldeasturias.com\\\/noticias\\\/maroto-europa-ha-dado-la-espalda-al-independentismo\\\/\",\"name\":\"Maroto: \\u201cEuropa ha dado la espalda al independentismo\\u201d - El Digital de Asturias\",\"description\":\"El vicesecretario de Pol\\u00edtica Social y Sectorial del Partido Popular, Javier Maroto, ha destacado el apoyo que ayer recibi\\u00f3 Mariano Rajoy en el Consejo Europeo en Bruselas por parte de los principales l\\u00edderes europeos en defensa del marco constitucional espa\\u00f1ol ante el desaf\\u00edo secesionista. \\u201cAyer sucedi\\u00f3 algo muy relevante: una respuesta un\\u00e1nime de todos los\",\"inLanguage\":\"es-ES\",\"isPartOf\":{\"@id\":\"https:\\\/\\\/www.eldigitaldeasturias.com\\\/noticias\\\/#website\"},\"breadcrumb\":{\"@id\":\"https:\\\/\\\/www.eldigitaldeasturias.com\\\/noticias\\\/maroto-europa-ha-dado-la-espalda-al-independentismo\\\/#breadcrumblist\"},\"author\":{\"@id\":\"https:\\\/\\\/www.eldigitaldeasturias.com\\\/noticias\\\/author\\\/admin\\\/#author\"},\"creator\":{\"@id\":\"https:\\\/\\\/www.eldigitaldeasturias.com\\\/noticias\\\/author\\\/admin\\\/#author\"},\"image\":{\"@type\":\"ImageObject\",\"url\":956950,\"@id\":\"https:\\\/\\\/www.eldigitaldeasturias.com\\\/noticias\\\/maroto-europa-ha-dado-la-espalda-al-independentismo\\\/#mainImage\"},\"primaryImageOfPage\":{\"@id\":\"https:\\\/\\\/www.eldigitaldeasturias.com\\\/noticias\\\/maroto-europa-ha-dado-la-espalda-al-independentismo\\\/#mainImage\"},\"datePublished\":\"2017-10-20T16:26:27+02:00\",\"dateModified\":\"2017-10-20T16:26:27+02:00\"},{\"@type\":\"WebSite\",\"@id\":\"https:\\\/\\\/www.eldigitaldeasturias.com\\\/noticias\\\/#website\",\"url\":\"https:\\\/\\\/www.eldigitaldeasturias.com\\\/noticias\\\/\",\"name\":\"El Digital de Asturias - Diario de actualidad y noticias\",\"alternateName\":\"El Digital de Asturias - Diario de actualidad y noticias\",\"description\":\"Hemeroteca\",\"inLanguage\":\"es-ES\",\"publisher\":{\"@id\":\"https:\\\/\\\/www.eldigitaldeasturias.com\\\/noticias\\\/#organization\"}}]}\n\t\t<\/script>\n\t\t<!-- All in One SEO Pro -->\r\n\t\t<title>Maroto: \u201cEuropa ha dado la espalda al independentismo\u201d - El Digital de Asturias<\/title>\n\n","aioseo_head_json":{"title":"Maroto: \u201cEuropa ha dado la espalda al independentismo\u201d - El Digital de Asturias","description":"El vicesecretario de Pol\u00edtica Social y Sectorial del Partido Popular, Javier Maroto, ha destacado el apoyo que ayer recibi\u00f3 Mariano Rajoy en el Consejo Europeo en Bruselas por parte de los principales l\u00edderes europeos en defensa del marco constitucional espa\u00f1ol ante el desaf\u00edo secesionista. \u201cAyer sucedi\u00f3 algo muy relevante: una respuesta un\u00e1nime de todos los","canonical_url":"https:\/\/www.eldigitaldeasturias.com\/noticias\/maroto-europa-ha-dado-la-espalda-al-independentismo\/","robots":"max-image-preview:large","keywords":"actualidad","webmasterTools":{"google-site-verification":"UA-38556648-1","msvalidate.01":"7dfe9f3f1b24437ab69f4f2559babe99","miscellaneous":""},"schema":{"@context":"https:\/\/schema.org","@graph":[{"@type":"BlogPosting","@id":"https:\/\/www.eldigitaldeasturias.com\/noticias\/maroto-europa-ha-dado-la-espalda-al-independentismo\/#blogposting","name":"Maroto: \u201cEuropa ha dado la espalda al independentismo\u201d - El Digital de Asturias","headline":"Maroto: \u201cEuropa ha dado la espalda al independentismo\u201d","author":{"@id":"https:\/\/www.eldigitaldeasturias.com\/noticias\/author\/admin\/#author"},"publisher":{"@id":"https:\/\/www.eldigitaldeasturias.com\/noticias\/#organization"},"image":{"@type":"ImageObject","url":956950},"datePublished":"2017-10-20T16:26:27+02:00","dateModified":"2017-10-20T16:26:27+02:00","inLanguage":"es-ES","mainEntityOfPage":{"@id":"https:\/\/www.eldigitaldeasturias.com\/noticias\/maroto-europa-ha-dado-la-espalda-al-independentismo\/#webpage"},"isPartOf":{"@id":"https:\/\/www.eldigitaldeasturias.com\/noticias\/maroto-europa-ha-dado-la-espalda-al-independentismo\/#webpage"},"articleSection":"Actualidad"},{"@type":"BreadcrumbList","@id":"https:\/\/www.eldigitaldeasturias.com\/noticias\/maroto-europa-ha-dado-la-espalda-al-independentismo\/#breadcrumblist","itemListElement":[{"@type":"ListItem","@id":"https:\/\/www.eldigitaldeasturias.com\/noticias#listItem","position":1,"name":"Home","item":"https:\/\/www.eldigitaldeasturias.com\/noticias","nextItem":{"@type":"ListItem","@id":"https:\/\/www.eldigitaldeasturias.com\/noticias\/category\/actualidad\/#listItem","name":"Actualidad"}},{"@type":"ListItem","@id":"https:\/\/www.eldigitaldeasturias.com\/noticias\/category\/actualidad\/#listItem","position":2,"name":"Actualidad","item":"https:\/\/www.eldigitaldeasturias.com\/noticias\/category\/actualidad\/","nextItem":{"@type":"ListItem","@id":"https:\/\/www.eldigitaldeasturias.com\/noticias\/maroto-europa-ha-dado-la-espalda-al-independentismo\/#listItem","name":"Maroto: \u201cEuropa ha dado la espalda al independentismo\u201d"},"previousItem":{"@type":"ListItem","@id":"https:\/\/www.eldigitaldeasturias.com\/noticias#listItem","name":"Home"}},{"@type":"ListItem","@id":"https:\/\/www.eldigitaldeasturias.com\/noticias\/maroto-europa-ha-dado-la-espalda-al-independentismo\/#listItem","position":3,"name":"Maroto: \u201cEuropa ha dado la espalda al independentismo\u201d","previousItem":{"@type":"ListItem","@id":"https:\/\/www.eldigitaldeasturias.com\/noticias\/category\/actualidad\/#listItem","name":"Actualidad"}}]},{"@type":"Organization","@id":"https:\/\/www.eldigitaldeasturias.com\/noticias\/#organization","name":"El Digital de Asturias","description":"Hemeroteca","url":"https:\/\/www.eldigitaldeasturias.com\/noticias\/","email":"info@eldigitaldeasturias.com","telephone":"+34652131393","logo":{"@type":"ImageObject","url":"https:\/\/www.eldigitaldeasturias.com\/noticias\/wp-content\/uploads\/2020\/12\/EDA.jpg","@id":"https:\/\/www.eldigitaldeasturias.com\/noticias\/maroto-europa-ha-dado-la-espalda-al-independentismo\/#organizationLogo"},"image":{"@id":"https:\/\/www.eldigitaldeasturias.com\/noticias\/maroto-europa-ha-dado-la-espalda-al-independentismo\/#organizationLogo"},"sameAs":["https:\/\/facebook.com\/eldigitaldeasturias","https:\/\/www.youtube.com\/channel\/UCZP-2wLEB9Rv6erhFmqVnvg"],"address":{"@id":"https:\/\/www.eldigitaldeasturias.com\/noticias\/#postaladdress","@type":"PostalAddress","streetAddress":"san antonio 4","postalCode":"33430","addressLocality":"Cand\u00e1s","addressRegion":"Asturias","addressCountry":"ES"}},{"@type":"Person","@id":"https:\/\/www.eldigitaldeasturias.com\/noticias\/author\/admin\/#author","url":"https:\/\/www.eldigitaldeasturias.com\/noticias\/author\/admin\/","name":"El Digital de Asturias","image":{"@type":"ImageObject","@id":"https:\/\/www.eldigitaldeasturias.com\/noticias\/maroto-europa-ha-dado-la-espalda-al-independentismo\/#authorImage","url":"https:\/\/secure.gravatar.com\/avatar\/df2aeffc32bcd13f8d26072ef8a91b623d677766deac7f97ca815868cd41bf5e?s=96&d=mm&r=g","width":96,"height":96,"caption":"El Digital de Asturias"}},{"@type":"WebPage","@id":"https:\/\/www.eldigitaldeasturias.com\/noticias\/maroto-europa-ha-dado-la-espalda-al-independentismo\/#webpage","url":"https:\/\/www.eldigitaldeasturias.com\/noticias\/maroto-europa-ha-dado-la-espalda-al-independentismo\/","name":"Maroto: \u201cEuropa ha dado la espalda al independentismo\u201d - El Digital de Asturias","description":"El vicesecretario de Pol\u00edtica Social y Sectorial del Partido Popular, Javier Maroto, ha destacado el apoyo que ayer recibi\u00f3 Mariano Rajoy en el Consejo Europeo en Bruselas por parte de los principales l\u00edderes europeos en defensa del marco constitucional espa\u00f1ol ante el desaf\u00edo secesionista. \u201cAyer sucedi\u00f3 algo muy relevante: una respuesta un\u00e1nime de todos los","inLanguage":"es-ES","isPartOf":{"@id":"https:\/\/www.eldigitaldeasturias.com\/noticias\/#website"},"breadcrumb":{"@id":"https:\/\/www.eldigitaldeasturias.com\/noticias\/maroto-europa-ha-dado-la-espalda-al-independentismo\/#breadcrumblist"},"author":{"@id":"https:\/\/www.eldigitaldeasturias.com\/noticias\/author\/admin\/#author"},"creator":{"@id":"https:\/\/www.eldigitaldeasturias.com\/noticias\/author\/admin\/#author"},"image":{"@type":"ImageObject","url":956950,"@id":"https:\/\/www.eldigitaldeasturias.com\/noticias\/maroto-europa-ha-dado-la-espalda-al-independentismo\/#mainImage"},"primaryImageOfPage":{"@id":"https:\/\/www.eldigitaldeasturias.com\/noticias\/maroto-europa-ha-dado-la-espalda-al-independentismo\/#mainImage"},"datePublished":"2017-10-20T16:26:27+02:00","dateModified":"2017-10-20T16:26:27+02:00"},{"@type":"WebSite","@id":"https:\/\/www.eldigitaldeasturias.com\/noticias\/#website","url":"https:\/\/www.eldigitaldeasturias.com\/noticias\/","name":"El Digital de Asturias - Diario de actualidad y noticias","alternateName":"El Digital de Asturias - Diario de actualidad y noticias","description":"Hemeroteca","inLanguage":"es-ES","publisher":{"@id":"https:\/\/www.eldigitaldeasturias.com\/noticias\/#organization"}}]},"og:locale":"es_ES","og:site_name":"El Digital de Asturias","og:type":"article","og:title":"Maroto: \u201cEuropa ha dado la espalda al independentismo\u201d - El Digital de Asturias","og:description":"El vicesecretario de Pol\u00edtica Social y Sectorial del Partido Popular, Javier Maroto, ha destacado el apoyo que ayer recibi\u00f3 Mariano Rajoy en el Consejo Europeo en Bruselas por parte de los principales l\u00edderes europeos en defensa del marco constitucional espa\u00f1ol ante el desaf\u00edo secesionista. \u201cAyer sucedi\u00f3 algo muy relevante: una respuesta un\u00e1nime de todos los","og:url":"https:\/\/www.eldigitaldeasturias.com\/noticias\/maroto-europa-ha-dado-la-espalda-al-independentismo\/","article:tag":["actualidad"],"article:published_time":"2017-10-20T16:26:27+00:00","article:modified_time":"2017-10-20T16:26:27+00:00","article:publisher":"https:\/\/facebook.com\/eldigitaldeasturias","twitter:card":"summary_large_image","twitter:title":"Maroto: \u201cEuropa ha dado la espalda al independentismo\u201d - El Digital de Asturias","twitter:description":"El vicesecretario de Pol\u00edtica Social y Sectorial del Partido Popular, Javier Maroto, ha destacado el apoyo que ayer recibi\u00f3 Mariano Rajoy en el Consejo Europeo en Bruselas por parte de los principales l\u00edderes europeos en defensa del marco constitucional espa\u00f1ol ante el desaf\u00edo secesionista. \u201cAyer sucedi\u00f3 algo muy relevante: una respuesta un\u00e1nime de todos los","twitter:image":"https:\/\/www.eldigitaldeasturias.com\/noticias\/wp-content\/uploads\/2020\/12\/EDA-1.jpg","twitter:label1":"Escrito por","twitter:data1":"El Digital de Asturias","twitter:label2":"Tiempo de lectura estimado","twitter:data2":"3 minutos"},"aioseo_meta_data":{"post_id":"956949","title":null,"description":null,"keywords":null,"keyphrases":null,"primary_term":null,"canonical_url":null,"og_title":null,"og_description":null,"og_object_type":"default","og_image_type":"default","og_image_url":null,"og_image_width":null,"og_image_height":null,"og_image_custom_url":null,"og_image_custom_fields":null,"og_video":null,"og_custom_url":null,"og_article_section":null,"og_article_tags":null,"twitter_use_og":false,"twitter_card":"default","twitter_image_type":"default","twitter_image_url":null,"twitter_image_custom_url":null,"twitter_image_custom_fields":null,"twitter_title":null,"twitter_description":null,"schema":{"blockGraphs":[],"customGraphs":[],"default":{"data":{"Article":[],"Course":[],"Dataset":[],"FAQPage":[],"Movie":[],"Person":[],"Product":[],"ProductReview":[],"Car":[],"Recipe":[],"Service":[],"SoftwareApplication":[],"WebPage":[]},"graphName":"","isEnabled":true},"graphs":[],"defaultGraph":"","defaultPostTypeGraph":""},"schema_type":null,"schema_type_options":null,"pillar_content":false,"robots_default":true,"robots_noindex":false,"robots_noarchive":false,"robots_nosnippet":false,"robots_nofollow":false,"robots_noimageindex":false,"robots_noodp":false,"robots_notranslate":false,"robots_max_snippet":null,"robots_max_videopreview":null,"robots_max_imagepreview":"large","priority":null,"frequency":null,"local_seo":null,"seo_analyzer_scan_date":"2025-12-06 15:41:09","breadcrumb_settings":null,"limit_modified_date":false,"open_ai":null,"ai":null,"created":"2020-12-21 12:55:40","updated":"2025-12-06 15:41:09","focus_keyword":null,"additional_keywords":null,"truseo_locale":null},"aioseo_breadcrumb":"<div class=\"aioseo-breadcrumbs\"><span class=\"aioseo-breadcrumb\">\n\t<a href=\"https:\/\/www.eldigitaldeasturias.com\/noticias\" title=\"Home\">Home<\/a>\n<\/span><span class=\"aioseo-breadcrumb-separator\">\u2013<\/span><span class=\"aioseo-breadcrumb\">\n\t<a href=\"https:\/\/www.eldigitaldeasturias.com\/noticias\/category\/actualidad\/\" title=\"Actualidad\">Actualidad<\/a>\n<\/span><span class=\"aioseo-breadcrumb-separator\">\u2013<\/span><span class=\"aioseo-breadcrumb\">\n\t<a href=\"https:\/\/www.eldigitaldeasturias.com\/noticias\/maroto-europa-ha-dado-la-espalda-al-independentismo\/\" title=\"Maroto: \u201cEuropa ha dado la espalda al independentismo\u201d\">Maroto: \u201cEuropa ha dado la espalda al independentismo\u201d<\/a>\n<\/span><\/div>","aioseo_breadcrumb_json":[{"label":"Home","link":"https:\/\/www.eldigitaldeasturias.com\/noticias"},{"label":"Actualidad","link":"https:\/\/www.eldigitaldeasturias.com\/noticias\/category\/actualidad\/"},{"label":"Maroto: \u201cEuropa ha dado la espalda al independentismo\u201d","link":"https:\/\/www.eldigitaldeasturias.com\/noticias\/maroto-europa-ha-dado-la-espalda-al-independentismo\/"}],"_links":{"self":[{"href":"https:\/\/www.eldigitaldeasturias.com\/noticias\/wp-json\/wp\/v2\/posts\/956949","targetHints":{"allow":["GET"]}}],"collection":[{"href":"https:\/\/www.eldigitaldeasturias.com\/noticias\/wp-json\/wp\/v2\/posts"}],"about":[{"href":"https:\/\/www.eldigitaldeasturias.com\/noticias\/wp-json\/wp\/v2\/types\/post"}],"author":[{"embeddable":true,"href":"https:\/\/www.eldigitaldeasturias.com\/noticias\/wp-json\/wp\/v2\/users\/1"}],"replies":[{"embeddable":true,"href":"https:\/\/www.eldigitaldeasturias.com\/noticias\/wp-json\/wp\/v2\/comments?post=956949"}],"version-history":[{"count":0,"href":"https:\/\/www.eldigitaldeasturias.com\/noticias\/wp-json\/wp\/v2\/posts\/956949\/revisions"}],"wp:attachment":[{"href":"https:\/\/www.eldigitaldeasturias.com\/noticias\/wp-json\/wp\/v2\/media?parent=956949"}],"wp:term":[{"taxonomy":"category","embeddable":true,"href":"https:\/\/www.eldigitaldeasturias.com\/noticias\/wp-json\/wp\/v2\/categories?post=956949"},{"taxonomy":"post_tag","embeddable":true,"href":"https:\/\/www.eldigitaldeasturias.com\/noticias\/wp-json\/wp\/v2\/tags?post=956949"}],"curies":[{"name":"wp","href":"https:\/\/api.w.org\/{rel}","templated":true}]}}