{"id":956896,"date":"2017-10-20T14:42:58","date_gmt":"2017-10-20T14:42:58","guid":{"rendered":"http:\/\/www.eldigitaldeasturias.com\/noticias\/?p=956896"},"modified":"2017-10-20T14:42:58","modified_gmt":"2017-10-20T14:42:58","slug":"de-la-serna-preside-la-firma-de-un-prestamo-de-600-me-del-bei-a-adif-av-para-financiar-la-y-vasca","status":"publish","type":"post","link":"https:\/\/www.eldigitaldeasturias.com\/noticias\/de-la-serna-preside-la-firma-de-un-prestamo-de-600-me-del-bei-a-adif-av-para-financiar-la-y-vasca\/","title":{"rendered":"De la Serna preside la firma de un pr\u00e9stamo de 600 M\u20ac del BEI a Adif AV para financiar la &#8216;Y Vasca&#8217;"},"content":{"rendered":"<p><img loading=\"lazy\" decoding=\"async\" class=\"alignleft size-medium wp-image-956897\" src=\"https:\/\/www.eldigitaldeasturias.com\/noticias\/wp-content\/uploads\/2017\/10\/201017Yvasca-360x239.jpg\" alt=\"\" width=\"360\" height=\"239\" \/>El ministro de Fomento, \u00cd\u00f1igo de la Serna, ha presidido la firma de un pr\u00e9stamo de 600 millones de euros que el Banco Europeo de Inversiones (BEI) ha concedido a Adif Alta Velocidad. Este pr\u00e9stamo constituye el primer tramo de una financiaci\u00f3n de 1.030 millones de euros, aprobada por el BEI el pasado 19 de septiembre, y destinada a completar el proyecto de construcci\u00f3n de la l\u00ednea ferroviaria de alta velocidad entre las tres capitales vascas (&#8216;Y Vasca&#8217;).<\/p>\n<p>El acuerdo ha sido firmado en Madrid por el vicepresidente del BEI, Rom\u00e1n Escolano, y el presidente de Adif Alta Velocidad, Juan Bravo.<\/p>\n<p>El proyecto, que se encuentra actualmente en fase de ejecuci\u00f3n, ha contado con la financiaci\u00f3n del BEI desde su fase inicial a trav\u00e9s de los pr\u00e9stamos facilitados en los a\u00f1os 2012 y 2013 por un volumen total de 1.400 millones de euros.<\/p>\n<p>Se trata de unas de las inversiones m\u00e1s importantes tanto por parte de Fomento como del BEI para mejorar la calidad de las conexiones ferroviarias entre las capitales vascas, entre Madrid y el Pa\u00eds Vasco y entre Espa\u00f1a y Francia.<\/p>\n<p>El proyecto forma parte adem\u00e1s de la red b\u00e1sica transeuropea de transporte (TEN-T), en particular del denominado Corredor Atl\u00e1ntico que conecta la Pen\u00ednsula Ib\u00e9rica con Centroeuropa.<\/p>\n<p>En concreto, la financiaci\u00f3n firmada hoy permitir\u00e1 la construcci\u00f3n de unos 160 kil\u00f3metros de nueva l\u00ednea de alta velocidad entre Vitoria, Bilbao y San Sebasti\u00e1n, as\u00ed como la adecuaci\u00f3n del ramal de l\u00ednea convencional existente entre San Sebasti\u00e1n y la frontera francesa (unos 17 km) para uso mixto (convencional y alta velocidad).<\/p>\n<p>El proyecto incluye, adem\u00e1s, la remodelaci\u00f3n, adaptaci\u00f3n y nuevos accesos para la alta velocidad de las estaciones de Vitoria, Bilbao y San Sebasti\u00e1n. Estas nuevas conexiones de alta velocidad transcurren en un trazado complejo, con m\u00e1s de 80 kil\u00f3metros en t\u00fanel y 25 kil\u00f3metros en viaducto.<\/p>\n<p>La nueva l\u00ednea se ha dise\u00f1ado para una velocidad de 250 kil\u00f3metros por hora, lo que reducir\u00e1 la duraci\u00f3n del viaje de Madrid a San Sebasti\u00e1n o Bilbao de las aproximadamente 5 horas actuales a unas 3 horas y media y, una vez completado el tramo Valladolid-Burgos-Vitoria, se llegar\u00e1 en 2 horas y media.<\/p>\n<p>Adem\u00e1s del ahorro en el tiempo de viaje, el proyecto tendr\u00e1 tambi\u00e9n un impacto positivo en el medio ambiente, puesto que redundar\u00e1 en una reducci\u00f3n de los desplazamientos por carretera y, por tanto, de las emisiones contaminantes asociadas. Se prev\u00e9 que m\u00e1s de 7 millones de personas usen est\u00e1s nuevas l\u00edneas de alta velocidad en su primer a\u00f1o de funcionamiento.<\/p>\n<p>El proyecto tambi\u00e9n contribuir\u00e1 a la creaci\u00f3n de empleo, ya que, durante la fase de ejecuci\u00f3n, la generaci\u00f3n temporal de empleo se estima en cerca de 40.000 personas y, una vez operativas, las nuevas l\u00edneas de alta velocidad requerir\u00e1n la contrataci\u00f3n de 400 personas para su explotaci\u00f3n y mantenimiento.<\/p>\n<p>El Banco Europeo de Inversiones (BEI) es la instituci\u00f3n de financiaci\u00f3n a largo plazo de la Uni\u00f3n Europea cuyos accionistas son sus Estados miembros. El BEI facilita financiaci\u00f3n a largo plazo a proyectos de inversi\u00f3n viables con el fin de contribuir al logro de los objetivos de la pol\u00edtica de la UE.<\/p>\n<p>&nbsp;<\/p>\n","protected":false},"excerpt":{"rendered":"<p>El ministro de Fomento, \u00cd\u00f1igo de la Serna, ha presidido la firma de un pr\u00e9stamo de 600 millones de euros que el Banco Europeo de Inversiones (BEI) ha concedido a Adif Alta Velocidad. Este pr\u00e9stamo constituye el primer tramo de una financiaci\u00f3n de 1.030 millones de euros, aprobada por el BEI el pasado 19 de [&hellip;]<\/p>\n","protected":false},"author":1,"featured_media":956897,"comment_status":"closed","ping_status":"closed","sticky":false,"template":"","format":"standard","meta":{"footnotes":""},"categories":[1],"tags":[],"class_list":["post-956896","post","type-post","status-publish","format-standard","has-post-thumbnail","hentry","category-actualidad"],"aioseo_notices":[],"aioseo_head":"\n\t\t<!-- All in One SEO Pro 5.0.1 - aioseo.com -->\n\t<meta name=\"description\" content=\"El ministro de Fomento, \u00cd\u00f1igo de la Serna, ha presidido la firma de un pr\u00e9stamo de 600 millones de euros que el Banco Europeo de Inversiones (BEI) ha concedido a Adif Alta Velocidad. Este pr\u00e9stamo constituye el primer tramo de una financiaci\u00f3n de 1.030 millones de euros, aprobada por el BEI el pasado 19 de\" \/>\n\t<meta name=\"robots\" content=\"max-image-preview:large\" \/>\n\t<meta name=\"author\" content=\"El Digital de Asturias\"\/>\n\t<meta name=\"google-site-verification\" content=\"UA-38556648-1\" \/>\n\t<meta name=\"msvalidate.01\" content=\"7dfe9f3f1b24437ab69f4f2559babe99\" \/>\n\t<meta name=\"keywords\" content=\"actualidad\" \/>\n\t<link rel=\"canonical\" href=\"https:\/\/www.eldigitaldeasturias.com\/noticias\/de-la-serna-preside-la-firma-de-un-prestamo-de-600-me-del-bei-a-adif-av-para-financiar-la-y-vasca\/\" \/>\n\t<meta name=\"generator\" content=\"All in One SEO Pro (AIOSEO) 5.0.1\" \/>\n\t\t<meta property=\"og:locale\" content=\"es_ES\" \/>\n\t\t<meta property=\"og:site_name\" content=\"El Digital de Asturias\" \/>\n\t\t<meta property=\"og:type\" content=\"article\" \/>\n\t\t<meta property=\"og:title\" content=\"De la Serna preside la firma de un pr\u00e9stamo de 600 M\u20ac del BEI a Adif AV para financiar la \u2018Y Vasca\u2019 - El Digital de Asturias\" \/>\n\t\t<meta property=\"og:description\" content=\"El ministro de Fomento, \u00cd\u00f1igo de la Serna, ha presidido la firma de un pr\u00e9stamo de 600 millones de euros que el Banco Europeo de Inversiones (BEI) ha concedido a Adif Alta Velocidad. Este pr\u00e9stamo constituye el primer tramo de una financiaci\u00f3n de 1.030 millones de euros, aprobada por el BEI el pasado 19 de\" \/>\n\t\t<meta property=\"og:url\" content=\"https:\/\/www.eldigitaldeasturias.com\/noticias\/de-la-serna-preside-la-firma-de-un-prestamo-de-600-me-del-bei-a-adif-av-para-financiar-la-y-vasca\/\" \/>\n\t\t<meta property=\"article:tag\" content=\"actualidad\" \/>\n\t\t<meta property=\"article:published_time\" content=\"2017-10-20T14:42:58+00:00\" \/>\n\t\t<meta property=\"article:modified_time\" content=\"2017-10-20T14:42:58+00:00\" \/>\n\t\t<meta property=\"article:publisher\" content=\"https:\/\/facebook.com\/eldigitaldeasturias\" \/>\n\t\t<meta name=\"twitter:card\" content=\"summary_large_image\" \/>\n\t\t<meta name=\"twitter:title\" content=\"De la Serna preside la firma de un pr\u00e9stamo de 600 M\u20ac del BEI a Adif AV para financiar la \u2018Y Vasca\u2019 - El Digital de Asturias\" \/>\n\t\t<meta name=\"twitter:description\" content=\"El ministro de Fomento, \u00cd\u00f1igo de la Serna, ha presidido la firma de un pr\u00e9stamo de 600 millones de euros que el Banco Europeo de Inversiones (BEI) ha concedido a Adif Alta Velocidad. Este pr\u00e9stamo constituye el primer tramo de una financiaci\u00f3n de 1.030 millones de euros, aprobada por el BEI el pasado 19 de\" \/>\n\t\t<meta name=\"twitter:image\" content=\"https:\/\/www.eldigitaldeasturias.com\/noticias\/wp-content\/uploads\/2020\/12\/EDA-1.jpg\" \/>\n\t\t<meta name=\"twitter:label1\" content=\"Escrito por\" \/>\n\t\t<meta name=\"twitter:data1\" content=\"El Digital de Asturias\" \/>\n\t\t<meta name=\"twitter:label2\" content=\"Tiempo de lectura estimado\" \/>\n\t\t<meta name=\"twitter:data2\" content=\"3 minutos\" \/>\n\t\t<script type=\"application\/ld+json\" class=\"aioseo-schema\">\n\t\t\t{\"@context\":\"https:\\\/\\\/schema.org\",\"@graph\":[{\"@type\":\"BlogPosting\",\"@id\":\"https:\\\/\\\/www.eldigitaldeasturias.com\\\/noticias\\\/de-la-serna-preside-la-firma-de-un-prestamo-de-600-me-del-bei-a-adif-av-para-financiar-la-y-vasca\\\/#blogposting\",\"name\":\"De la Serna preside la firma de un pr\\u00e9stamo de 600 M\\u20ac del BEI a Adif AV para financiar la \\u2018Y Vasca\\u2019 - El Digital de Asturias\",\"headline\":\"De la Serna preside la firma de un pr\\u00e9stamo de 600 M\\u20ac del BEI a Adif AV para financiar la &#8216;Y Vasca&#8217;\",\"author\":{\"@id\":\"https:\\\/\\\/www.eldigitaldeasturias.com\\\/noticias\\\/author\\\/admin\\\/#author\"},\"publisher\":{\"@id\":\"https:\\\/\\\/www.eldigitaldeasturias.com\\\/noticias\\\/#organization\"},\"image\":{\"@type\":\"ImageObject\",\"url\":956897},\"datePublished\":\"2017-10-20T14:42:58+02:00\",\"dateModified\":\"2017-10-20T14:42:58+02:00\",\"inLanguage\":\"es-ES\",\"mainEntityOfPage\":{\"@id\":\"https:\\\/\\\/www.eldigitaldeasturias.com\\\/noticias\\\/de-la-serna-preside-la-firma-de-un-prestamo-de-600-me-del-bei-a-adif-av-para-financiar-la-y-vasca\\\/#webpage\"},\"isPartOf\":{\"@id\":\"https:\\\/\\\/www.eldigitaldeasturias.com\\\/noticias\\\/de-la-serna-preside-la-firma-de-un-prestamo-de-600-me-del-bei-a-adif-av-para-financiar-la-y-vasca\\\/#webpage\"},\"articleSection\":\"Actualidad\"},{\"@type\":\"BreadcrumbList\",\"@id\":\"https:\\\/\\\/www.eldigitaldeasturias.com\\\/noticias\\\/de-la-serna-preside-la-firma-de-un-prestamo-de-600-me-del-bei-a-adif-av-para-financiar-la-y-vasca\\\/#breadcrumblist\",\"itemListElement\":[{\"@type\":\"ListItem\",\"@id\":\"https:\\\/\\\/www.eldigitaldeasturias.com\\\/noticias#listItem\",\"position\":1,\"name\":\"Home\",\"item\":\"https:\\\/\\\/www.eldigitaldeasturias.com\\\/noticias\",\"nextItem\":{\"@type\":\"ListItem\",\"@id\":\"https:\\\/\\\/www.eldigitaldeasturias.com\\\/noticias\\\/category\\\/actualidad\\\/#listItem\",\"name\":\"Actualidad\"}},{\"@type\":\"ListItem\",\"@id\":\"https:\\\/\\\/www.eldigitaldeasturias.com\\\/noticias\\\/category\\\/actualidad\\\/#listItem\",\"position\":2,\"name\":\"Actualidad\",\"item\":\"https:\\\/\\\/www.eldigitaldeasturias.com\\\/noticias\\\/category\\\/actualidad\\\/\",\"nextItem\":{\"@type\":\"ListItem\",\"@id\":\"https:\\\/\\\/www.eldigitaldeasturias.com\\\/noticias\\\/de-la-serna-preside-la-firma-de-un-prestamo-de-600-me-del-bei-a-adif-av-para-financiar-la-y-vasca\\\/#listItem\",\"name\":\"De la Serna preside la firma de un pr\\u00e9stamo de 600 M\\u20ac del BEI a Adif AV para financiar la &#8216;Y Vasca&#8217;\"},\"previousItem\":{\"@type\":\"ListItem\",\"@id\":\"https:\\\/\\\/www.eldigitaldeasturias.com\\\/noticias#listItem\",\"name\":\"Home\"}},{\"@type\":\"ListItem\",\"@id\":\"https:\\\/\\\/www.eldigitaldeasturias.com\\\/noticias\\\/de-la-serna-preside-la-firma-de-un-prestamo-de-600-me-del-bei-a-adif-av-para-financiar-la-y-vasca\\\/#listItem\",\"position\":3,\"name\":\"De la Serna preside la firma de un pr\\u00e9stamo de 600 M\\u20ac del BEI a Adif AV para financiar la &#8216;Y Vasca&#8217;\",\"previousItem\":{\"@type\":\"ListItem\",\"@id\":\"https:\\\/\\\/www.eldigitaldeasturias.com\\\/noticias\\\/category\\\/actualidad\\\/#listItem\",\"name\":\"Actualidad\"}}]},{\"@type\":\"Organization\",\"@id\":\"https:\\\/\\\/www.eldigitaldeasturias.com\\\/noticias\\\/#organization\",\"name\":\"El Digital de Asturias\",\"description\":\"Hemeroteca\",\"url\":\"https:\\\/\\\/www.eldigitaldeasturias.com\\\/noticias\\\/\",\"email\":\"info@eldigitaldeasturias.com\",\"telephone\":\"+34652131393\",\"logo\":{\"@type\":\"ImageObject\",\"url\":\"https:\\\/\\\/www.eldigitaldeasturias.com\\\/noticias\\\/wp-content\\\/uploads\\\/2020\\\/12\\\/EDA.jpg\",\"@id\":\"https:\\\/\\\/www.eldigitaldeasturias.com\\\/noticias\\\/de-la-serna-preside-la-firma-de-un-prestamo-de-600-me-del-bei-a-adif-av-para-financiar-la-y-vasca\\\/#organizationLogo\"},\"image\":{\"@id\":\"https:\\\/\\\/www.eldigitaldeasturias.com\\\/noticias\\\/de-la-serna-preside-la-firma-de-un-prestamo-de-600-me-del-bei-a-adif-av-para-financiar-la-y-vasca\\\/#organizationLogo\"},\"sameAs\":[\"https:\\\/\\\/facebook.com\\\/eldigitaldeasturias\",\"https:\\\/\\\/www.youtube.com\\\/channel\\\/UCZP-2wLEB9Rv6erhFmqVnvg\"],\"address\":{\"@id\":\"https:\\\/\\\/www.eldigitaldeasturias.com\\\/noticias\\\/#postaladdress\",\"@type\":\"PostalAddress\",\"streetAddress\":\"san antonio 4\",\"postalCode\":\"33430\",\"addressLocality\":\"Cand\\u00e1s\",\"addressRegion\":\"Asturias\",\"addressCountry\":\"ES\"}},{\"@type\":\"Person\",\"@id\":\"https:\\\/\\\/www.eldigitaldeasturias.com\\\/noticias\\\/author\\\/admin\\\/#author\",\"url\":\"https:\\\/\\\/www.eldigitaldeasturias.com\\\/noticias\\\/author\\\/admin\\\/\",\"name\":\"El Digital de Asturias\",\"image\":{\"@type\":\"ImageObject\",\"@id\":\"https:\\\/\\\/www.eldigitaldeasturias.com\\\/noticias\\\/de-la-serna-preside-la-firma-de-un-prestamo-de-600-me-del-bei-a-adif-av-para-financiar-la-y-vasca\\\/#authorImage\",\"url\":\"https:\\\/\\\/secure.gravatar.com\\\/avatar\\\/df2aeffc32bcd13f8d26072ef8a91b623d677766deac7f97ca815868cd41bf5e?s=96&d=mm&r=g\",\"width\":96,\"height\":96,\"caption\":\"El Digital de Asturias\"}},{\"@type\":\"WebPage\",\"@id\":\"https:\\\/\\\/www.eldigitaldeasturias.com\\\/noticias\\\/de-la-serna-preside-la-firma-de-un-prestamo-de-600-me-del-bei-a-adif-av-para-financiar-la-y-vasca\\\/#webpage\",\"url\":\"https:\\\/\\\/www.eldigitaldeasturias.com\\\/noticias\\\/de-la-serna-preside-la-firma-de-un-prestamo-de-600-me-del-bei-a-adif-av-para-financiar-la-y-vasca\\\/\",\"name\":\"De la Serna preside la firma de un pr\\u00e9stamo de 600 M\\u20ac del BEI a Adif AV para financiar la \\u2018Y Vasca\\u2019 - El Digital de Asturias\",\"description\":\"El ministro de Fomento, \\u00cd\\u00f1igo de la Serna, ha presidido la firma de un pr\\u00e9stamo de 600 millones de euros que el Banco Europeo de Inversiones (BEI) ha concedido a Adif Alta Velocidad. Este pr\\u00e9stamo constituye el primer tramo de una financiaci\\u00f3n de 1.030 millones de euros, aprobada por el BEI el pasado 19 de\",\"inLanguage\":\"es-ES\",\"isPartOf\":{\"@id\":\"https:\\\/\\\/www.eldigitaldeasturias.com\\\/noticias\\\/#website\"},\"breadcrumb\":{\"@id\":\"https:\\\/\\\/www.eldigitaldeasturias.com\\\/noticias\\\/de-la-serna-preside-la-firma-de-un-prestamo-de-600-me-del-bei-a-adif-av-para-financiar-la-y-vasca\\\/#breadcrumblist\"},\"author\":{\"@id\":\"https:\\\/\\\/www.eldigitaldeasturias.com\\\/noticias\\\/author\\\/admin\\\/#author\"},\"creator\":{\"@id\":\"https:\\\/\\\/www.eldigitaldeasturias.com\\\/noticias\\\/author\\\/admin\\\/#author\"},\"image\":{\"@type\":\"ImageObject\",\"url\":956897,\"@id\":\"https:\\\/\\\/www.eldigitaldeasturias.com\\\/noticias\\\/de-la-serna-preside-la-firma-de-un-prestamo-de-600-me-del-bei-a-adif-av-para-financiar-la-y-vasca\\\/#mainImage\"},\"primaryImageOfPage\":{\"@id\":\"https:\\\/\\\/www.eldigitaldeasturias.com\\\/noticias\\\/de-la-serna-preside-la-firma-de-un-prestamo-de-600-me-del-bei-a-adif-av-para-financiar-la-y-vasca\\\/#mainImage\"},\"datePublished\":\"2017-10-20T14:42:58+02:00\",\"dateModified\":\"2017-10-20T14:42:58+02:00\"},{\"@type\":\"WebSite\",\"@id\":\"https:\\\/\\\/www.eldigitaldeasturias.com\\\/noticias\\\/#website\",\"url\":\"https:\\\/\\\/www.eldigitaldeasturias.com\\\/noticias\\\/\",\"name\":\"El Digital de Asturias - Diario de actualidad y noticias\",\"alternateName\":\"El Digital de Asturias - Diario de actualidad y noticias\",\"description\":\"Hemeroteca\",\"inLanguage\":\"es-ES\",\"publisher\":{\"@id\":\"https:\\\/\\\/www.eldigitaldeasturias.com\\\/noticias\\\/#organization\"}}]}\n\t\t<\/script>\n\t\t<!-- All in One SEO Pro -->\r\n\t\t<title>De la Serna preside la firma de un pr\u00e9stamo de 600 M\u20ac del BEI a Adif AV para financiar la \u2018Y Vasca\u2019 - El Digital de Asturias<\/title>\n\n","aioseo_head_json":{"title":"De la Serna preside la firma de un pr\u00e9stamo de 600 M\u20ac del BEI a Adif AV para financiar la \u2018Y Vasca\u2019 - El Digital de Asturias","description":"El ministro de Fomento, \u00cd\u00f1igo de la Serna, ha presidido la firma de un pr\u00e9stamo de 600 millones de euros que el Banco Europeo de Inversiones (BEI) ha concedido a Adif Alta Velocidad. Este pr\u00e9stamo constituye el primer tramo de una financiaci\u00f3n de 1.030 millones de euros, aprobada por el BEI el pasado 19 de","canonical_url":"https:\/\/www.eldigitaldeasturias.com\/noticias\/de-la-serna-preside-la-firma-de-un-prestamo-de-600-me-del-bei-a-adif-av-para-financiar-la-y-vasca\/","robots":"max-image-preview:large","keywords":"actualidad","webmasterTools":{"google-site-verification":"UA-38556648-1","msvalidate.01":"7dfe9f3f1b24437ab69f4f2559babe99","miscellaneous":""},"schema":{"@context":"https:\/\/schema.org","@graph":[{"@type":"BlogPosting","@id":"https:\/\/www.eldigitaldeasturias.com\/noticias\/de-la-serna-preside-la-firma-de-un-prestamo-de-600-me-del-bei-a-adif-av-para-financiar-la-y-vasca\/#blogposting","name":"De la Serna preside la firma de un pr\u00e9stamo de 600 M\u20ac del BEI a Adif AV para financiar la \u2018Y Vasca\u2019 - El Digital de Asturias","headline":"De la Serna preside la firma de un pr\u00e9stamo de 600 M\u20ac del BEI a Adif AV para financiar la &#8216;Y Vasca&#8217;","author":{"@id":"https:\/\/www.eldigitaldeasturias.com\/noticias\/author\/admin\/#author"},"publisher":{"@id":"https:\/\/www.eldigitaldeasturias.com\/noticias\/#organization"},"image":{"@type":"ImageObject","url":956897},"datePublished":"2017-10-20T14:42:58+02:00","dateModified":"2017-10-20T14:42:58+02:00","inLanguage":"es-ES","mainEntityOfPage":{"@id":"https:\/\/www.eldigitaldeasturias.com\/noticias\/de-la-serna-preside-la-firma-de-un-prestamo-de-600-me-del-bei-a-adif-av-para-financiar-la-y-vasca\/#webpage"},"isPartOf":{"@id":"https:\/\/www.eldigitaldeasturias.com\/noticias\/de-la-serna-preside-la-firma-de-un-prestamo-de-600-me-del-bei-a-adif-av-para-financiar-la-y-vasca\/#webpage"},"articleSection":"Actualidad"},{"@type":"BreadcrumbList","@id":"https:\/\/www.eldigitaldeasturias.com\/noticias\/de-la-serna-preside-la-firma-de-un-prestamo-de-600-me-del-bei-a-adif-av-para-financiar-la-y-vasca\/#breadcrumblist","itemListElement":[{"@type":"ListItem","@id":"https:\/\/www.eldigitaldeasturias.com\/noticias#listItem","position":1,"name":"Home","item":"https:\/\/www.eldigitaldeasturias.com\/noticias","nextItem":{"@type":"ListItem","@id":"https:\/\/www.eldigitaldeasturias.com\/noticias\/category\/actualidad\/#listItem","name":"Actualidad"}},{"@type":"ListItem","@id":"https:\/\/www.eldigitaldeasturias.com\/noticias\/category\/actualidad\/#listItem","position":2,"name":"Actualidad","item":"https:\/\/www.eldigitaldeasturias.com\/noticias\/category\/actualidad\/","nextItem":{"@type":"ListItem","@id":"https:\/\/www.eldigitaldeasturias.com\/noticias\/de-la-serna-preside-la-firma-de-un-prestamo-de-600-me-del-bei-a-adif-av-para-financiar-la-y-vasca\/#listItem","name":"De la Serna preside la firma de un pr\u00e9stamo de 600 M\u20ac del BEI a Adif AV para financiar la &#8216;Y Vasca&#8217;"},"previousItem":{"@type":"ListItem","@id":"https:\/\/www.eldigitaldeasturias.com\/noticias#listItem","name":"Home"}},{"@type":"ListItem","@id":"https:\/\/www.eldigitaldeasturias.com\/noticias\/de-la-serna-preside-la-firma-de-un-prestamo-de-600-me-del-bei-a-adif-av-para-financiar-la-y-vasca\/#listItem","position":3,"name":"De la Serna preside la firma de un pr\u00e9stamo de 600 M\u20ac del BEI a Adif AV para financiar la &#8216;Y Vasca&#8217;","previousItem":{"@type":"ListItem","@id":"https:\/\/www.eldigitaldeasturias.com\/noticias\/category\/actualidad\/#listItem","name":"Actualidad"}}]},{"@type":"Organization","@id":"https:\/\/www.eldigitaldeasturias.com\/noticias\/#organization","name":"El Digital de Asturias","description":"Hemeroteca","url":"https:\/\/www.eldigitaldeasturias.com\/noticias\/","email":"info@eldigitaldeasturias.com","telephone":"+34652131393","logo":{"@type":"ImageObject","url":"https:\/\/www.eldigitaldeasturias.com\/noticias\/wp-content\/uploads\/2020\/12\/EDA.jpg","@id":"https:\/\/www.eldigitaldeasturias.com\/noticias\/de-la-serna-preside-la-firma-de-un-prestamo-de-600-me-del-bei-a-adif-av-para-financiar-la-y-vasca\/#organizationLogo"},"image":{"@id":"https:\/\/www.eldigitaldeasturias.com\/noticias\/de-la-serna-preside-la-firma-de-un-prestamo-de-600-me-del-bei-a-adif-av-para-financiar-la-y-vasca\/#organizationLogo"},"sameAs":["https:\/\/facebook.com\/eldigitaldeasturias","https:\/\/www.youtube.com\/channel\/UCZP-2wLEB9Rv6erhFmqVnvg"],"address":{"@id":"https:\/\/www.eldigitaldeasturias.com\/noticias\/#postaladdress","@type":"PostalAddress","streetAddress":"san antonio 4","postalCode":"33430","addressLocality":"Cand\u00e1s","addressRegion":"Asturias","addressCountry":"ES"}},{"@type":"Person","@id":"https:\/\/www.eldigitaldeasturias.com\/noticias\/author\/admin\/#author","url":"https:\/\/www.eldigitaldeasturias.com\/noticias\/author\/admin\/","name":"El Digital de Asturias","image":{"@type":"ImageObject","@id":"https:\/\/www.eldigitaldeasturias.com\/noticias\/de-la-serna-preside-la-firma-de-un-prestamo-de-600-me-del-bei-a-adif-av-para-financiar-la-y-vasca\/#authorImage","url":"https:\/\/secure.gravatar.com\/avatar\/df2aeffc32bcd13f8d26072ef8a91b623d677766deac7f97ca815868cd41bf5e?s=96&d=mm&r=g","width":96,"height":96,"caption":"El Digital de Asturias"}},{"@type":"WebPage","@id":"https:\/\/www.eldigitaldeasturias.com\/noticias\/de-la-serna-preside-la-firma-de-un-prestamo-de-600-me-del-bei-a-adif-av-para-financiar-la-y-vasca\/#webpage","url":"https:\/\/www.eldigitaldeasturias.com\/noticias\/de-la-serna-preside-la-firma-de-un-prestamo-de-600-me-del-bei-a-adif-av-para-financiar-la-y-vasca\/","name":"De la Serna preside la firma de un pr\u00e9stamo de 600 M\u20ac del BEI a Adif AV para financiar la \u2018Y Vasca\u2019 - El Digital de Asturias","description":"El ministro de Fomento, \u00cd\u00f1igo de la Serna, ha presidido la firma de un pr\u00e9stamo de 600 millones de euros que el Banco Europeo de Inversiones (BEI) ha concedido a Adif Alta Velocidad. Este pr\u00e9stamo constituye el primer tramo de una financiaci\u00f3n de 1.030 millones de euros, aprobada por el BEI el pasado 19 de","inLanguage":"es-ES","isPartOf":{"@id":"https:\/\/www.eldigitaldeasturias.com\/noticias\/#website"},"breadcrumb":{"@id":"https:\/\/www.eldigitaldeasturias.com\/noticias\/de-la-serna-preside-la-firma-de-un-prestamo-de-600-me-del-bei-a-adif-av-para-financiar-la-y-vasca\/#breadcrumblist"},"author":{"@id":"https:\/\/www.eldigitaldeasturias.com\/noticias\/author\/admin\/#author"},"creator":{"@id":"https:\/\/www.eldigitaldeasturias.com\/noticias\/author\/admin\/#author"},"image":{"@type":"ImageObject","url":956897,"@id":"https:\/\/www.eldigitaldeasturias.com\/noticias\/de-la-serna-preside-la-firma-de-un-prestamo-de-600-me-del-bei-a-adif-av-para-financiar-la-y-vasca\/#mainImage"},"primaryImageOfPage":{"@id":"https:\/\/www.eldigitaldeasturias.com\/noticias\/de-la-serna-preside-la-firma-de-un-prestamo-de-600-me-del-bei-a-adif-av-para-financiar-la-y-vasca\/#mainImage"},"datePublished":"2017-10-20T14:42:58+02:00","dateModified":"2017-10-20T14:42:58+02:00"},{"@type":"WebSite","@id":"https:\/\/www.eldigitaldeasturias.com\/noticias\/#website","url":"https:\/\/www.eldigitaldeasturias.com\/noticias\/","name":"El Digital de Asturias - Diario de actualidad y noticias","alternateName":"El Digital de Asturias - Diario de actualidad y noticias","description":"Hemeroteca","inLanguage":"es-ES","publisher":{"@id":"https:\/\/www.eldigitaldeasturias.com\/noticias\/#organization"}}]},"og:locale":"es_ES","og:site_name":"El Digital de Asturias","og:type":"article","og:title":"De la Serna preside la firma de un pr\u00e9stamo de 600 M\u20ac del BEI a Adif AV para financiar la \u2018Y Vasca\u2019 - El Digital de Asturias","og:description":"El ministro de Fomento, \u00cd\u00f1igo de la Serna, ha presidido la firma de un pr\u00e9stamo de 600 millones de euros que el Banco Europeo de Inversiones (BEI) ha concedido a Adif Alta Velocidad. Este pr\u00e9stamo constituye el primer tramo de una financiaci\u00f3n de 1.030 millones de euros, aprobada por el BEI el pasado 19 de","og:url":"https:\/\/www.eldigitaldeasturias.com\/noticias\/de-la-serna-preside-la-firma-de-un-prestamo-de-600-me-del-bei-a-adif-av-para-financiar-la-y-vasca\/","article:tag":["actualidad"],"article:published_time":"2017-10-20T14:42:58+00:00","article:modified_time":"2017-10-20T14:42:58+00:00","article:publisher":"https:\/\/facebook.com\/eldigitaldeasturias","twitter:card":"summary_large_image","twitter:title":"De la Serna preside la firma de un pr\u00e9stamo de 600 M\u20ac del BEI a Adif AV para financiar la \u2018Y Vasca\u2019 - El Digital de Asturias","twitter:description":"El ministro de Fomento, \u00cd\u00f1igo de la Serna, ha presidido la firma de un pr\u00e9stamo de 600 millones de euros que el Banco Europeo de Inversiones (BEI) ha concedido a Adif Alta Velocidad. Este pr\u00e9stamo constituye el primer tramo de una financiaci\u00f3n de 1.030 millones de euros, aprobada por el BEI el pasado 19 de","twitter:image":"https:\/\/www.eldigitaldeasturias.com\/noticias\/wp-content\/uploads\/2020\/12\/EDA-1.jpg","twitter:label1":"Escrito por","twitter:data1":"El Digital de Asturias","twitter:label2":"Tiempo de lectura estimado","twitter:data2":"3 minutos"},"aioseo_meta_data":{"post_id":"956896","title":null,"description":null,"keywords":null,"keyphrases":null,"primary_term":null,"canonical_url":null,"og_title":null,"og_description":null,"og_object_type":"default","og_image_type":"default","og_image_url":null,"og_image_width":null,"og_image_height":null,"og_image_custom_url":null,"og_image_custom_fields":null,"og_video":null,"og_custom_url":null,"og_article_section":null,"og_article_tags":null,"twitter_use_og":false,"twitter_card":"default","twitter_image_type":"default","twitter_image_url":null,"twitter_image_custom_url":null,"twitter_image_custom_fields":null,"twitter_title":null,"twitter_description":null,"schema":{"blockGraphs":[],"customGraphs":[],"default":{"data":{"Article":[],"Course":[],"Dataset":[],"FAQPage":[],"Movie":[],"Person":[],"Product":[],"ProductReview":[],"Car":[],"Recipe":[],"Service":[],"SoftwareApplication":[],"WebPage":[]},"graphName":"","isEnabled":true},"graphs":[],"defaultGraph":"","defaultPostTypeGraph":""},"schema_type":null,"schema_type_options":null,"pillar_content":false,"robots_default":true,"robots_noindex":false,"robots_noarchive":false,"robots_nosnippet":false,"robots_nofollow":false,"robots_noimageindex":false,"robots_noodp":false,"robots_notranslate":false,"robots_max_snippet":null,"robots_max_videopreview":null,"robots_max_imagepreview":"large","priority":null,"frequency":null,"local_seo":null,"seo_analyzer_scan_date":"2025-12-06 15:28:11","breadcrumb_settings":null,"limit_modified_date":false,"open_ai":null,"ai":null,"created":"2020-12-21 12:55:40","updated":"2025-12-06 15:28:11","focus_keyword":null,"additional_keywords":null,"truseo_locale":null},"aioseo_breadcrumb":"<div class=\"aioseo-breadcrumbs\"><span class=\"aioseo-breadcrumb\">\n\t<a href=\"https:\/\/www.eldigitaldeasturias.com\/noticias\" title=\"Home\">Home<\/a>\n<\/span><span class=\"aioseo-breadcrumb-separator\">\u2013<\/span><span class=\"aioseo-breadcrumb\">\n\t<a href=\"https:\/\/www.eldigitaldeasturias.com\/noticias\/category\/actualidad\/\" title=\"Actualidad\">Actualidad<\/a>\n<\/span><span class=\"aioseo-breadcrumb-separator\">\u2013<\/span><span class=\"aioseo-breadcrumb\">\n\t<a href=\"https:\/\/www.eldigitaldeasturias.com\/noticias\/de-la-serna-preside-la-firma-de-un-prestamo-de-600-me-del-bei-a-adif-av-para-financiar-la-y-vasca\/\" title=\"De la Serna preside la firma de un pr\u00e9stamo de 600 M\u20ac del BEI a Adif AV para financiar la \u2018Y Vasca\u2019\">De la Serna preside la firma de un pr\u00e9stamo de 600 M\u20ac del BEI a Adif AV para financiar la \u2018Y Vasca\u2019<\/a>\n<\/span><\/div>","aioseo_breadcrumb_json":[{"label":"Home","link":"https:\/\/www.eldigitaldeasturias.com\/noticias"},{"label":"Actualidad","link":"https:\/\/www.eldigitaldeasturias.com\/noticias\/category\/actualidad\/"},{"label":"De la Serna preside la firma de un pr\u00e9stamo de 600 M\u20ac del BEI a Adif AV para financiar la &#8216;Y Vasca&#8217;","link":"https:\/\/www.eldigitaldeasturias.com\/noticias\/de-la-serna-preside-la-firma-de-un-prestamo-de-600-me-del-bei-a-adif-av-para-financiar-la-y-vasca\/"}],"_links":{"self":[{"href":"https:\/\/www.eldigitaldeasturias.com\/noticias\/wp-json\/wp\/v2\/posts\/956896","targetHints":{"allow":["GET"]}}],"collection":[{"href":"https:\/\/www.eldigitaldeasturias.com\/noticias\/wp-json\/wp\/v2\/posts"}],"about":[{"href":"https:\/\/www.eldigitaldeasturias.com\/noticias\/wp-json\/wp\/v2\/types\/post"}],"author":[{"embeddable":true,"href":"https:\/\/www.eldigitaldeasturias.com\/noticias\/wp-json\/wp\/v2\/users\/1"}],"replies":[{"embeddable":true,"href":"https:\/\/www.eldigitaldeasturias.com\/noticias\/wp-json\/wp\/v2\/comments?post=956896"}],"version-history":[{"count":0,"href":"https:\/\/www.eldigitaldeasturias.com\/noticias\/wp-json\/wp\/v2\/posts\/956896\/revisions"}],"wp:attachment":[{"href":"https:\/\/www.eldigitaldeasturias.com\/noticias\/wp-json\/wp\/v2\/media?parent=956896"}],"wp:term":[{"taxonomy":"category","embeddable":true,"href":"https:\/\/www.eldigitaldeasturias.com\/noticias\/wp-json\/wp\/v2\/categories?post=956896"},{"taxonomy":"post_tag","embeddable":true,"href":"https:\/\/www.eldigitaldeasturias.com\/noticias\/wp-json\/wp\/v2\/tags?post=956896"}],"curies":[{"name":"wp","href":"https:\/\/api.w.org\/{rel}","templated":true}]}}