{"id":956878,"date":"2017-10-20T10:59:50","date_gmt":"2017-10-20T10:59:50","guid":{"rendered":"http:\/\/www.eldigitaldeasturias.com\/noticias\/?p=956878"},"modified":"2017-10-20T10:59:50","modified_gmt":"2017-10-20T10:59:50","slug":"las-exportaciones-crecieron-un-91-hasta-agosto","status":"publish","type":"post","link":"https:\/\/www.eldigitaldeasturias.com\/noticias\/las-exportaciones-crecieron-un-91-hasta-agosto\/","title":{"rendered":"Las exportaciones crecieron un 9,1% hasta agosto"},"content":{"rendered":"<p><img loading=\"lazy\" decoding=\"async\" class=\"alignleft size-medium wp-image-943743\" src=\"https:\/\/www.eldigitaldeasturias.com\/noticias\/wp-content\/uploads\/2017\/06\/exportaciones00-360x239.jpg\" alt=\"\" width=\"360\" height=\"239\" \/>Las exportaciones espa\u00f1olas de mercanc\u00edas en el periodo enero-agosto se incrementaron un 9,1% respecto al mismo periodo del a\u00f1o anterior y alcanzaron los 182.302 millones de euros, m\u00e1ximo hist\u00f3rico de la serie para el acumulado en este periodo.<\/p>\n<p>\u200bLas importaciones se incrementaron un 11,6% hasta los 198.716 millones, tambi\u00e9n en m\u00e1ximos. Como resultado, el d\u00e9ficit comercial de los ocho primeros meses del a\u00f1o alcanz\u00f3 los 16.414 millones de euros (d\u00e9ficit de 10.996 millones de euros en el mismo periodo de 2016). Las exportaciones espa\u00f1olas registraron mejor evoluci\u00f3n que las del conjunto de la zona euro y la Uni\u00f3n Europea.<\/p>\n<p>La tasa de cobertura -exportaciones sobre importaciones- se situ\u00f3 en el 91,7% (93,8% en enero-agosto de 2016) y es el tercer mejor registro de toda la serie hist\u00f3rica, s\u00f3lo superado en 2013 y 2016.<\/p>\n<p>En volumen, las exportaciones subieron un 9%, ya que los precios, aproximados por los \u00cdndices de Valor Unitario, crecieron un 0,2%; y las importaciones aumentaron un 6%, por la subida de precios del 5,3%.<br \/>\nEl saldo no energ\u00e9tico arroj\u00f3 un d\u00e9ficit de 1.721 millones de euros (d\u00e9ficit de 156 millones de euros en el acumulado hasta agosto de 2016) y el d\u00e9ficit energ\u00e9tico se increment\u00f3 un 35,5%, hasta los 14.693 millones de euros (10.840 millones en 2016).<\/p>\n<p>El crecimiento de las exportaciones espa\u00f1olas entre enero y agosto supera el del conjunto de la zona euro (7,6%) y de la Uni\u00f3n Europea (7,9%), as\u00ed como la tasa registrada por Francia (3,6%), Alemania (6,5%) e Italia (7,6%), si bien es inferior a la de Reino Unido (18,3%). Tambi\u00e9n crecieron las ventas de EEUU (6,4%), China (5,3%) y Jap\u00f3n (11%).<\/p>\n<p>Entre los principales sectores que contribuyen al crecimiento de la exportaci\u00f3n destacan los productos energ\u00e9ticos (representan un 6,7% del total) que subieron un 53,5%; bienes de equipo (representan un 20,2% del total) que crecieron un 9,2%, y alimentaci\u00f3n, bebidas y tabaco (representan 16,9% del total) que se incrementaron un 7,9%. Las \u00fanicas contribuciones negativas provinieron del sector del autom\u00f3vil (16,3% del total) cuyas exportaciones se redujeron un 0,7% y de la r\u00fabrica de otras mercanc\u00edas (1,3% del total) que mostraron una ca\u00edda de un 14%.<\/p>\n<p>En importaciones, los mayores precios energ\u00e9ticos y la consolidaci\u00f3n de la recuperaci\u00f3n econ\u00f3mica explican el crecimiento de la mayor\u00eda de los sectores. Destacan las de productos energ\u00e9ticos (representan 13,5% del total) que subieron un 43,1%; las de bienes de equipo (21,4% del total) que ascendieron un 10,4%; y las de semimanufacturas no qu\u00edmicas (7,2% del total), que aumentaron un 17,7%.<\/p>\n<p>Las exportaciones a la UE (65,7% del total) se incrementaron un 8,2% en los ocho primeros meses del a\u00f1o. Las ventas a la zona euro (51,5% del total) aumentaron un 8,9% y las destinadas al resto de la UE (14,2% del total), crecieron en menor medida, un 5,4% como consecuencia de la depreciaci\u00f3n de la libra y de las menores ventas al Reino Unido.<\/p>\n<p>Las mayores ventas a terceros destinos (34,3% del total e incremento del 11%) vinieron impulsadas por el incremento de las exportaciones a Ocean\u00eda (27,5%), Am\u00e9rica Latina (12,5%), Asia excluido Oriente Medio (12,2%), \u00c1frica (10,7%) y Am\u00e9rica del Norte (10,5%). Por el contrario, se redujeron las destinadas a Oriente Medio (-0,2%). Destacan los crecimientos en las ventas a Australia (23,3%), China (24,9%), Marruecos (16,3%), Argentina (28,7%), M\u00e9xico (14,4%), y Brasil (8,4%).<\/p>\n<p>Las comunidades aut\u00f3nomas con mayores crecimientos en sus exportaciones fueron Baleares (97,9%), Canarias (32,2%) y Asturias (23,7%). En cambio, los mayores descensos se dieron en Navarra (-3,9%), en Castilla y Le\u00f3n (-3,6%) y en Cantabria (-3%).<\/p>\n<p><strong>Datos del mes de agosto<\/strong><\/p>\n<p>En el mes de agosto, las exportaciones de mercanc\u00edas crecieron un 9% sobre el mismo mes de 2016, hasta los 19.238 millones de euros. Las importaciones aumentaron un 11,2% en t\u00e9rminos interanuales hasta los 22.464 millones de euros. Como resultado, se registr\u00f3 un d\u00e9ficit mensual de 3.227 millones (d\u00e9ficit de 2.560 millones en el mismo mes de 2016).<\/p>\n<p>El saldo no energ\u00e9tico arroj\u00f3 un d\u00e9ficit de 1.809 millones de euros (d\u00e9ficit de 1.170 millones de euros en agosto de 2016) y el d\u00e9ficit energ\u00e9tico se increment\u00f3 un 2%.<\/p>\n<p>El incremento de las exportaciones en agosto de Espa\u00f1a (9%) es mayor que el registrado en la zona euro (7,1%) y en la Uni\u00f3n Europea (7,2%). Tambi\u00e9n es superior al crecimiento de las exportaciones de Francia (3,3%), Alemania (7,2%) e Italia (8,4%). Sin embargo, tuvieron mejor evoluci\u00f3n en Reino Unido (incremento del 10,5%). Fuera de la UE, aumentaron las exportaciones tanto de Estados Unidos (5,5%), como de China (4,5%) y especialmente de Jap\u00f3n (18,1%).<\/p>\n<p>Por sectores, en agosto, las principales contribuciones al crecimiento de las exportaciones provinieron del sector de bienes de equipo (aportaci\u00f3n de 4 puntos), productos energ\u00e9ticos (2,4 puntos), materias primas (1,3 puntos) y manufacturas de consumo (1,1 puntos). Los \u00fanicos sectores que contribuyeron negativamente fueron otras mercanc\u00edas (contribuci\u00f3n de -0,7 puntos), y sector autom\u00f3vil (contribuci\u00f3n de -0,1 puntos).<\/p>\n<p>Desde una perspectiva geogr\u00e1fica, en agosto de 2017, las exportaciones a la UE representaron el 61,8% del total (63,3% en agosto de 2016) y aumentaron un 6,5%. Las dirigidas a la zona euro ascendieron un 6,7% y las destinadas al resto de la UE se incrementaron un 5,6%. De los principales socios, destacan las mayores ventas destinadas a Francia (9,1%) y Alemania (8,9%), en tanto que bajaron las dirigidas al Reino Unido (-3,4%) e Italia (-6,0%). Fuera de la UE sobresalen los aumentos a Australia (172,8%), China (28%), Jap\u00f3n (14%), Marruecos (21,3%), Estados Unidos (18,9%), Argentina (38,4%), M\u00e9xico (18,3%), Brasil (14,0%) y Chile (7,3%).<\/p>\n","protected":false},"excerpt":{"rendered":"<p>Las exportaciones espa\u00f1olas de mercanc\u00edas en el periodo enero-agosto se incrementaron un 9,1% respecto al mismo periodo del a\u00f1o anterior y alcanzaron los 182.302 millones de euros, m\u00e1ximo hist\u00f3rico de la serie para el acumulado en este periodo. \u200bLas importaciones se incrementaron un 11,6% hasta los 198.716 millones, tambi\u00e9n en m\u00e1ximos. Como resultado, el d\u00e9ficit [&hellip;]<\/p>\n","protected":false},"author":1,"featured_media":943743,"comment_status":"closed","ping_status":"closed","sticky":false,"template":"","format":"standard","meta":{"footnotes":""},"categories":[1],"tags":[],"class_list":["post-956878","post","type-post","status-publish","format-standard","has-post-thumbnail","hentry","category-actualidad"],"aioseo_notices":[],"aioseo_head":"\n\t\t<!-- All in One SEO Pro 5.0.1 - aioseo.com -->\n\t<meta name=\"description\" content=\"Las exportaciones espa\u00f1olas de mercanc\u00edas en el periodo enero-agosto se incrementaron un 9,1% respecto al mismo periodo del a\u00f1o anterior y alcanzaron los 182.302 millones de euros, m\u00e1ximo hist\u00f3rico de la serie para el acumulado en este periodo. \u200bLas importaciones se incrementaron un 11,6% hasta los 198.716 millones, tambi\u00e9n en m\u00e1ximos. Como resultado, el d\u00e9ficit\" \/>\n\t<meta name=\"robots\" content=\"max-image-preview:large\" \/>\n\t<meta name=\"author\" content=\"El Digital de Asturias\"\/>\n\t<meta name=\"google-site-verification\" content=\"UA-38556648-1\" \/>\n\t<meta name=\"msvalidate.01\" content=\"7dfe9f3f1b24437ab69f4f2559babe99\" \/>\n\t<meta name=\"keywords\" content=\"actualidad\" \/>\n\t<link rel=\"canonical\" href=\"https:\/\/www.eldigitaldeasturias.com\/noticias\/las-exportaciones-crecieron-un-91-hasta-agosto\/\" \/>\n\t<meta name=\"generator\" content=\"All in One SEO Pro (AIOSEO) 5.0.1\" \/>\n\t\t<meta property=\"og:locale\" content=\"es_ES\" \/>\n\t\t<meta property=\"og:site_name\" content=\"El Digital de Asturias\" \/>\n\t\t<meta property=\"og:type\" content=\"article\" \/>\n\t\t<meta property=\"og:title\" content=\"Las exportaciones crecieron un 9,1% hasta agosto - El Digital de Asturias\" \/>\n\t\t<meta property=\"og:description\" content=\"Las exportaciones espa\u00f1olas de mercanc\u00edas en el periodo enero-agosto se incrementaron un 9,1% respecto al mismo periodo del a\u00f1o anterior y alcanzaron los 182.302 millones de euros, m\u00e1ximo hist\u00f3rico de la serie para el acumulado en este periodo. \u200bLas importaciones se incrementaron un 11,6% hasta los 198.716 millones, tambi\u00e9n en m\u00e1ximos. Como resultado, el d\u00e9ficit\" \/>\n\t\t<meta property=\"og:url\" content=\"https:\/\/www.eldigitaldeasturias.com\/noticias\/las-exportaciones-crecieron-un-91-hasta-agosto\/\" \/>\n\t\t<meta property=\"article:tag\" content=\"actualidad\" \/>\n\t\t<meta property=\"article:published_time\" content=\"2017-10-20T10:59:50+00:00\" \/>\n\t\t<meta property=\"article:modified_time\" content=\"2017-10-20T10:59:50+00:00\" \/>\n\t\t<meta property=\"article:publisher\" content=\"https:\/\/facebook.com\/eldigitaldeasturias\" \/>\n\t\t<meta name=\"twitter:card\" content=\"summary_large_image\" \/>\n\t\t<meta name=\"twitter:title\" content=\"Las exportaciones crecieron un 9,1% hasta agosto - El Digital de Asturias\" \/>\n\t\t<meta name=\"twitter:description\" content=\"Las exportaciones espa\u00f1olas de mercanc\u00edas en el periodo enero-agosto se incrementaron un 9,1% respecto al mismo periodo del a\u00f1o anterior y alcanzaron los 182.302 millones de euros, m\u00e1ximo hist\u00f3rico de la serie para el acumulado en este periodo. \u200bLas importaciones se incrementaron un 11,6% hasta los 198.716 millones, tambi\u00e9n en m\u00e1ximos. Como resultado, el d\u00e9ficit\" \/>\n\t\t<meta name=\"twitter:image\" content=\"https:\/\/www.eldigitaldeasturias.com\/noticias\/wp-content\/uploads\/2020\/12\/EDA-1.jpg\" \/>\n\t\t<meta name=\"twitter:label1\" content=\"Escrito por\" \/>\n\t\t<meta name=\"twitter:data1\" content=\"El Digital de Asturias\" \/>\n\t\t<meta name=\"twitter:label2\" content=\"Tiempo de lectura estimado\" \/>\n\t\t<meta name=\"twitter:data2\" content=\"4 minutos\" \/>\n\t\t<script type=\"application\/ld+json\" class=\"aioseo-schema\">\n\t\t\t{\"@context\":\"https:\\\/\\\/schema.org\",\"@graph\":[{\"@type\":\"BlogPosting\",\"@id\":\"https:\\\/\\\/www.eldigitaldeasturias.com\\\/noticias\\\/las-exportaciones-crecieron-un-91-hasta-agosto\\\/#blogposting\",\"name\":\"Las exportaciones crecieron un 9,1% hasta agosto - El Digital de Asturias\",\"headline\":\"Las exportaciones crecieron un 9,1% hasta agosto\",\"author\":{\"@id\":\"https:\\\/\\\/www.eldigitaldeasturias.com\\\/noticias\\\/author\\\/admin\\\/#author\"},\"publisher\":{\"@id\":\"https:\\\/\\\/www.eldigitaldeasturias.com\\\/noticias\\\/#organization\"},\"image\":{\"@type\":\"ImageObject\",\"url\":943743},\"datePublished\":\"2017-10-20T10:59:50+02:00\",\"dateModified\":\"2017-10-20T10:59:50+02:00\",\"inLanguage\":\"es-ES\",\"mainEntityOfPage\":{\"@id\":\"https:\\\/\\\/www.eldigitaldeasturias.com\\\/noticias\\\/las-exportaciones-crecieron-un-91-hasta-agosto\\\/#webpage\"},\"isPartOf\":{\"@id\":\"https:\\\/\\\/www.eldigitaldeasturias.com\\\/noticias\\\/las-exportaciones-crecieron-un-91-hasta-agosto\\\/#webpage\"},\"articleSection\":\"Actualidad\"},{\"@type\":\"BreadcrumbList\",\"@id\":\"https:\\\/\\\/www.eldigitaldeasturias.com\\\/noticias\\\/las-exportaciones-crecieron-un-91-hasta-agosto\\\/#breadcrumblist\",\"itemListElement\":[{\"@type\":\"ListItem\",\"@id\":\"https:\\\/\\\/www.eldigitaldeasturias.com\\\/noticias#listItem\",\"position\":1,\"name\":\"Home\",\"item\":\"https:\\\/\\\/www.eldigitaldeasturias.com\\\/noticias\",\"nextItem\":{\"@type\":\"ListItem\",\"@id\":\"https:\\\/\\\/www.eldigitaldeasturias.com\\\/noticias\\\/category\\\/actualidad\\\/#listItem\",\"name\":\"Actualidad\"}},{\"@type\":\"ListItem\",\"@id\":\"https:\\\/\\\/www.eldigitaldeasturias.com\\\/noticias\\\/category\\\/actualidad\\\/#listItem\",\"position\":2,\"name\":\"Actualidad\",\"item\":\"https:\\\/\\\/www.eldigitaldeasturias.com\\\/noticias\\\/category\\\/actualidad\\\/\",\"nextItem\":{\"@type\":\"ListItem\",\"@id\":\"https:\\\/\\\/www.eldigitaldeasturias.com\\\/noticias\\\/las-exportaciones-crecieron-un-91-hasta-agosto\\\/#listItem\",\"name\":\"Las exportaciones crecieron un 9,1% hasta agosto\"},\"previousItem\":{\"@type\":\"ListItem\",\"@id\":\"https:\\\/\\\/www.eldigitaldeasturias.com\\\/noticias#listItem\",\"name\":\"Home\"}},{\"@type\":\"ListItem\",\"@id\":\"https:\\\/\\\/www.eldigitaldeasturias.com\\\/noticias\\\/las-exportaciones-crecieron-un-91-hasta-agosto\\\/#listItem\",\"position\":3,\"name\":\"Las exportaciones crecieron un 9,1% hasta agosto\",\"previousItem\":{\"@type\":\"ListItem\",\"@id\":\"https:\\\/\\\/www.eldigitaldeasturias.com\\\/noticias\\\/category\\\/actualidad\\\/#listItem\",\"name\":\"Actualidad\"}}]},{\"@type\":\"Organization\",\"@id\":\"https:\\\/\\\/www.eldigitaldeasturias.com\\\/noticias\\\/#organization\",\"name\":\"El Digital de Asturias\",\"description\":\"Hemeroteca\",\"url\":\"https:\\\/\\\/www.eldigitaldeasturias.com\\\/noticias\\\/\",\"email\":\"info@eldigitaldeasturias.com\",\"telephone\":\"+34652131393\",\"logo\":{\"@type\":\"ImageObject\",\"url\":\"https:\\\/\\\/www.eldigitaldeasturias.com\\\/noticias\\\/wp-content\\\/uploads\\\/2020\\\/12\\\/EDA.jpg\",\"@id\":\"https:\\\/\\\/www.eldigitaldeasturias.com\\\/noticias\\\/las-exportaciones-crecieron-un-91-hasta-agosto\\\/#organizationLogo\"},\"image\":{\"@id\":\"https:\\\/\\\/www.eldigitaldeasturias.com\\\/noticias\\\/las-exportaciones-crecieron-un-91-hasta-agosto\\\/#organizationLogo\"},\"sameAs\":[\"https:\\\/\\\/facebook.com\\\/eldigitaldeasturias\",\"https:\\\/\\\/www.youtube.com\\\/channel\\\/UCZP-2wLEB9Rv6erhFmqVnvg\"],\"address\":{\"@id\":\"https:\\\/\\\/www.eldigitaldeasturias.com\\\/noticias\\\/#postaladdress\",\"@type\":\"PostalAddress\",\"streetAddress\":\"san antonio 4\",\"postalCode\":\"33430\",\"addressLocality\":\"Cand\\u00e1s\",\"addressRegion\":\"Asturias\",\"addressCountry\":\"ES\"}},{\"@type\":\"Person\",\"@id\":\"https:\\\/\\\/www.eldigitaldeasturias.com\\\/noticias\\\/author\\\/admin\\\/#author\",\"url\":\"https:\\\/\\\/www.eldigitaldeasturias.com\\\/noticias\\\/author\\\/admin\\\/\",\"name\":\"El Digital de Asturias\",\"image\":{\"@type\":\"ImageObject\",\"@id\":\"https:\\\/\\\/www.eldigitaldeasturias.com\\\/noticias\\\/las-exportaciones-crecieron-un-91-hasta-agosto\\\/#authorImage\",\"url\":\"https:\\\/\\\/secure.gravatar.com\\\/avatar\\\/df2aeffc32bcd13f8d26072ef8a91b623d677766deac7f97ca815868cd41bf5e?s=96&d=mm&r=g\",\"width\":96,\"height\":96,\"caption\":\"El Digital de Asturias\"}},{\"@type\":\"WebPage\",\"@id\":\"https:\\\/\\\/www.eldigitaldeasturias.com\\\/noticias\\\/las-exportaciones-crecieron-un-91-hasta-agosto\\\/#webpage\",\"url\":\"https:\\\/\\\/www.eldigitaldeasturias.com\\\/noticias\\\/las-exportaciones-crecieron-un-91-hasta-agosto\\\/\",\"name\":\"Las exportaciones crecieron un 9,1% hasta agosto - El Digital de Asturias\",\"description\":\"Las exportaciones espa\\u00f1olas de mercanc\\u00edas en el periodo enero-agosto se incrementaron un 9,1% respecto al mismo periodo del a\\u00f1o anterior y alcanzaron los 182.302 millones de euros, m\\u00e1ximo hist\\u00f3rico de la serie para el acumulado en este periodo. \\u200bLas importaciones se incrementaron un 11,6% hasta los 198.716 millones, tambi\\u00e9n en m\\u00e1ximos. Como resultado, el d\\u00e9ficit\",\"inLanguage\":\"es-ES\",\"isPartOf\":{\"@id\":\"https:\\\/\\\/www.eldigitaldeasturias.com\\\/noticias\\\/#website\"},\"breadcrumb\":{\"@id\":\"https:\\\/\\\/www.eldigitaldeasturias.com\\\/noticias\\\/las-exportaciones-crecieron-un-91-hasta-agosto\\\/#breadcrumblist\"},\"author\":{\"@id\":\"https:\\\/\\\/www.eldigitaldeasturias.com\\\/noticias\\\/author\\\/admin\\\/#author\"},\"creator\":{\"@id\":\"https:\\\/\\\/www.eldigitaldeasturias.com\\\/noticias\\\/author\\\/admin\\\/#author\"},\"image\":{\"@type\":\"ImageObject\",\"url\":943743,\"@id\":\"https:\\\/\\\/www.eldigitaldeasturias.com\\\/noticias\\\/las-exportaciones-crecieron-un-91-hasta-agosto\\\/#mainImage\"},\"primaryImageOfPage\":{\"@id\":\"https:\\\/\\\/www.eldigitaldeasturias.com\\\/noticias\\\/las-exportaciones-crecieron-un-91-hasta-agosto\\\/#mainImage\"},\"datePublished\":\"2017-10-20T10:59:50+02:00\",\"dateModified\":\"2017-10-20T10:59:50+02:00\"},{\"@type\":\"WebSite\",\"@id\":\"https:\\\/\\\/www.eldigitaldeasturias.com\\\/noticias\\\/#website\",\"url\":\"https:\\\/\\\/www.eldigitaldeasturias.com\\\/noticias\\\/\",\"name\":\"El Digital de Asturias - Diario de actualidad y noticias\",\"alternateName\":\"El Digital de Asturias - Diario de actualidad y noticias\",\"description\":\"Hemeroteca\",\"inLanguage\":\"es-ES\",\"publisher\":{\"@id\":\"https:\\\/\\\/www.eldigitaldeasturias.com\\\/noticias\\\/#organization\"}}]}\n\t\t<\/script>\n\t\t<!-- All in One SEO Pro -->\r\n\t\t<title>Las exportaciones crecieron un 9,1% hasta agosto - El Digital de Asturias<\/title>\n\n","aioseo_head_json":{"title":"Las exportaciones crecieron un 9,1% hasta agosto - El Digital de Asturias","description":"Las exportaciones espa\u00f1olas de mercanc\u00edas en el periodo enero-agosto se incrementaron un 9,1% respecto al mismo periodo del a\u00f1o anterior y alcanzaron los 182.302 millones de euros, m\u00e1ximo hist\u00f3rico de la serie para el acumulado en este periodo. \u200bLas importaciones se incrementaron un 11,6% hasta los 198.716 millones, tambi\u00e9n en m\u00e1ximos. Como resultado, el d\u00e9ficit","canonical_url":"https:\/\/www.eldigitaldeasturias.com\/noticias\/las-exportaciones-crecieron-un-91-hasta-agosto\/","robots":"max-image-preview:large","keywords":"actualidad","webmasterTools":{"google-site-verification":"UA-38556648-1","msvalidate.01":"7dfe9f3f1b24437ab69f4f2559babe99","miscellaneous":""},"schema":{"@context":"https:\/\/schema.org","@graph":[{"@type":"BlogPosting","@id":"https:\/\/www.eldigitaldeasturias.com\/noticias\/las-exportaciones-crecieron-un-91-hasta-agosto\/#blogposting","name":"Las exportaciones crecieron un 9,1% hasta agosto - El Digital de Asturias","headline":"Las exportaciones crecieron un 9,1% hasta agosto","author":{"@id":"https:\/\/www.eldigitaldeasturias.com\/noticias\/author\/admin\/#author"},"publisher":{"@id":"https:\/\/www.eldigitaldeasturias.com\/noticias\/#organization"},"image":{"@type":"ImageObject","url":943743},"datePublished":"2017-10-20T10:59:50+02:00","dateModified":"2017-10-20T10:59:50+02:00","inLanguage":"es-ES","mainEntityOfPage":{"@id":"https:\/\/www.eldigitaldeasturias.com\/noticias\/las-exportaciones-crecieron-un-91-hasta-agosto\/#webpage"},"isPartOf":{"@id":"https:\/\/www.eldigitaldeasturias.com\/noticias\/las-exportaciones-crecieron-un-91-hasta-agosto\/#webpage"},"articleSection":"Actualidad"},{"@type":"BreadcrumbList","@id":"https:\/\/www.eldigitaldeasturias.com\/noticias\/las-exportaciones-crecieron-un-91-hasta-agosto\/#breadcrumblist","itemListElement":[{"@type":"ListItem","@id":"https:\/\/www.eldigitaldeasturias.com\/noticias#listItem","position":1,"name":"Home","item":"https:\/\/www.eldigitaldeasturias.com\/noticias","nextItem":{"@type":"ListItem","@id":"https:\/\/www.eldigitaldeasturias.com\/noticias\/category\/actualidad\/#listItem","name":"Actualidad"}},{"@type":"ListItem","@id":"https:\/\/www.eldigitaldeasturias.com\/noticias\/category\/actualidad\/#listItem","position":2,"name":"Actualidad","item":"https:\/\/www.eldigitaldeasturias.com\/noticias\/category\/actualidad\/","nextItem":{"@type":"ListItem","@id":"https:\/\/www.eldigitaldeasturias.com\/noticias\/las-exportaciones-crecieron-un-91-hasta-agosto\/#listItem","name":"Las exportaciones crecieron un 9,1% hasta agosto"},"previousItem":{"@type":"ListItem","@id":"https:\/\/www.eldigitaldeasturias.com\/noticias#listItem","name":"Home"}},{"@type":"ListItem","@id":"https:\/\/www.eldigitaldeasturias.com\/noticias\/las-exportaciones-crecieron-un-91-hasta-agosto\/#listItem","position":3,"name":"Las exportaciones crecieron un 9,1% hasta agosto","previousItem":{"@type":"ListItem","@id":"https:\/\/www.eldigitaldeasturias.com\/noticias\/category\/actualidad\/#listItem","name":"Actualidad"}}]},{"@type":"Organization","@id":"https:\/\/www.eldigitaldeasturias.com\/noticias\/#organization","name":"El Digital de Asturias","description":"Hemeroteca","url":"https:\/\/www.eldigitaldeasturias.com\/noticias\/","email":"info@eldigitaldeasturias.com","telephone":"+34652131393","logo":{"@type":"ImageObject","url":"https:\/\/www.eldigitaldeasturias.com\/noticias\/wp-content\/uploads\/2020\/12\/EDA.jpg","@id":"https:\/\/www.eldigitaldeasturias.com\/noticias\/las-exportaciones-crecieron-un-91-hasta-agosto\/#organizationLogo"},"image":{"@id":"https:\/\/www.eldigitaldeasturias.com\/noticias\/las-exportaciones-crecieron-un-91-hasta-agosto\/#organizationLogo"},"sameAs":["https:\/\/facebook.com\/eldigitaldeasturias","https:\/\/www.youtube.com\/channel\/UCZP-2wLEB9Rv6erhFmqVnvg"],"address":{"@id":"https:\/\/www.eldigitaldeasturias.com\/noticias\/#postaladdress","@type":"PostalAddress","streetAddress":"san antonio 4","postalCode":"33430","addressLocality":"Cand\u00e1s","addressRegion":"Asturias","addressCountry":"ES"}},{"@type":"Person","@id":"https:\/\/www.eldigitaldeasturias.com\/noticias\/author\/admin\/#author","url":"https:\/\/www.eldigitaldeasturias.com\/noticias\/author\/admin\/","name":"El Digital de Asturias","image":{"@type":"ImageObject","@id":"https:\/\/www.eldigitaldeasturias.com\/noticias\/las-exportaciones-crecieron-un-91-hasta-agosto\/#authorImage","url":"https:\/\/secure.gravatar.com\/avatar\/df2aeffc32bcd13f8d26072ef8a91b623d677766deac7f97ca815868cd41bf5e?s=96&d=mm&r=g","width":96,"height":96,"caption":"El Digital de Asturias"}},{"@type":"WebPage","@id":"https:\/\/www.eldigitaldeasturias.com\/noticias\/las-exportaciones-crecieron-un-91-hasta-agosto\/#webpage","url":"https:\/\/www.eldigitaldeasturias.com\/noticias\/las-exportaciones-crecieron-un-91-hasta-agosto\/","name":"Las exportaciones crecieron un 9,1% hasta agosto - El Digital de Asturias","description":"Las exportaciones espa\u00f1olas de mercanc\u00edas en el periodo enero-agosto se incrementaron un 9,1% respecto al mismo periodo del a\u00f1o anterior y alcanzaron los 182.302 millones de euros, m\u00e1ximo hist\u00f3rico de la serie para el acumulado en este periodo. \u200bLas importaciones se incrementaron un 11,6% hasta los 198.716 millones, tambi\u00e9n en m\u00e1ximos. Como resultado, el d\u00e9ficit","inLanguage":"es-ES","isPartOf":{"@id":"https:\/\/www.eldigitaldeasturias.com\/noticias\/#website"},"breadcrumb":{"@id":"https:\/\/www.eldigitaldeasturias.com\/noticias\/las-exportaciones-crecieron-un-91-hasta-agosto\/#breadcrumblist"},"author":{"@id":"https:\/\/www.eldigitaldeasturias.com\/noticias\/author\/admin\/#author"},"creator":{"@id":"https:\/\/www.eldigitaldeasturias.com\/noticias\/author\/admin\/#author"},"image":{"@type":"ImageObject","url":943743,"@id":"https:\/\/www.eldigitaldeasturias.com\/noticias\/las-exportaciones-crecieron-un-91-hasta-agosto\/#mainImage"},"primaryImageOfPage":{"@id":"https:\/\/www.eldigitaldeasturias.com\/noticias\/las-exportaciones-crecieron-un-91-hasta-agosto\/#mainImage"},"datePublished":"2017-10-20T10:59:50+02:00","dateModified":"2017-10-20T10:59:50+02:00"},{"@type":"WebSite","@id":"https:\/\/www.eldigitaldeasturias.com\/noticias\/#website","url":"https:\/\/www.eldigitaldeasturias.com\/noticias\/","name":"El Digital de Asturias - Diario de actualidad y noticias","alternateName":"El Digital de Asturias - Diario de actualidad y noticias","description":"Hemeroteca","inLanguage":"es-ES","publisher":{"@id":"https:\/\/www.eldigitaldeasturias.com\/noticias\/#organization"}}]},"og:locale":"es_ES","og:site_name":"El Digital de Asturias","og:type":"article","og:title":"Las exportaciones crecieron un 9,1% hasta agosto - El Digital de Asturias","og:description":"Las exportaciones espa\u00f1olas de mercanc\u00edas en el periodo enero-agosto se incrementaron un 9,1% respecto al mismo periodo del a\u00f1o anterior y alcanzaron los 182.302 millones de euros, m\u00e1ximo hist\u00f3rico de la serie para el acumulado en este periodo. \u200bLas importaciones se incrementaron un 11,6% hasta los 198.716 millones, tambi\u00e9n en m\u00e1ximos. Como resultado, el d\u00e9ficit","og:url":"https:\/\/www.eldigitaldeasturias.com\/noticias\/las-exportaciones-crecieron-un-91-hasta-agosto\/","article:tag":["actualidad"],"article:published_time":"2017-10-20T10:59:50+00:00","article:modified_time":"2017-10-20T10:59:50+00:00","article:publisher":"https:\/\/facebook.com\/eldigitaldeasturias","twitter:card":"summary_large_image","twitter:title":"Las exportaciones crecieron un 9,1% hasta agosto - El Digital de Asturias","twitter:description":"Las exportaciones espa\u00f1olas de mercanc\u00edas en el periodo enero-agosto se incrementaron un 9,1% respecto al mismo periodo del a\u00f1o anterior y alcanzaron los 182.302 millones de euros, m\u00e1ximo hist\u00f3rico de la serie para el acumulado en este periodo. \u200bLas importaciones se incrementaron un 11,6% hasta los 198.716 millones, tambi\u00e9n en m\u00e1ximos. Como resultado, el d\u00e9ficit","twitter:image":"https:\/\/www.eldigitaldeasturias.com\/noticias\/wp-content\/uploads\/2020\/12\/EDA-1.jpg","twitter:label1":"Escrito por","twitter:data1":"El Digital de Asturias","twitter:label2":"Tiempo de lectura estimado","twitter:data2":"4 minutos"},"aioseo_meta_data":{"post_id":"956878","title":null,"description":null,"keywords":null,"keyphrases":null,"primary_term":null,"canonical_url":null,"og_title":null,"og_description":null,"og_object_type":"default","og_image_type":"default","og_image_url":null,"og_image_width":null,"og_image_height":null,"og_image_custom_url":null,"og_image_custom_fields":null,"og_video":null,"og_custom_url":null,"og_article_section":null,"og_article_tags":null,"twitter_use_og":false,"twitter_card":"default","twitter_image_type":"default","twitter_image_url":null,"twitter_image_custom_url":null,"twitter_image_custom_fields":null,"twitter_title":null,"twitter_description":null,"schema":{"blockGraphs":[],"customGraphs":[],"default":{"data":{"Article":[],"Course":[],"Dataset":[],"FAQPage":[],"Movie":[],"Person":[],"Product":[],"ProductReview":[],"Car":[],"Recipe":[],"Service":[],"SoftwareApplication":[],"WebPage":[]},"graphName":"","isEnabled":true},"graphs":[]},"schema_type":null,"schema_type_options":null,"pillar_content":false,"robots_default":true,"robots_noindex":false,"robots_noarchive":false,"robots_nosnippet":false,"robots_nofollow":false,"robots_noimageindex":false,"robots_noodp":false,"robots_notranslate":false,"robots_max_snippet":null,"robots_max_videopreview":null,"robots_max_imagepreview":"large","priority":null,"frequency":null,"local_seo":null,"seo_analyzer_scan_date":"2025-12-06 15:24:42","breadcrumb_settings":null,"limit_modified_date":false,"open_ai":null,"ai":null,"created":"2020-12-21 12:55:40","updated":"2025-12-06 15:24:42","focus_keyword":null,"additional_keywords":null,"truseo_locale":null},"aioseo_breadcrumb":"<div class=\"aioseo-breadcrumbs\"><span class=\"aioseo-breadcrumb\">\n\t<a href=\"https:\/\/www.eldigitaldeasturias.com\/noticias\" title=\"Home\">Home<\/a>\n<\/span><span class=\"aioseo-breadcrumb-separator\">\u2013<\/span><span class=\"aioseo-breadcrumb\">\n\t<a href=\"https:\/\/www.eldigitaldeasturias.com\/noticias\/category\/actualidad\/\" title=\"Actualidad\">Actualidad<\/a>\n<\/span><span class=\"aioseo-breadcrumb-separator\">\u2013<\/span><span class=\"aioseo-breadcrumb\">\n\t<a href=\"https:\/\/www.eldigitaldeasturias.com\/noticias\/las-exportaciones-crecieron-un-91-hasta-agosto\/\" title=\"Las exportaciones crecieron un 9,1% hasta agosto\">Las exportaciones crecieron un 9,1% hasta agosto<\/a>\n<\/span><\/div>","aioseo_breadcrumb_json":[{"label":"Home","link":"https:\/\/www.eldigitaldeasturias.com\/noticias"},{"label":"Actualidad","link":"https:\/\/www.eldigitaldeasturias.com\/noticias\/category\/actualidad\/"},{"label":"Las exportaciones crecieron un 9,1% hasta agosto","link":"https:\/\/www.eldigitaldeasturias.com\/noticias\/las-exportaciones-crecieron-un-91-hasta-agosto\/"}],"_links":{"self":[{"href":"https:\/\/www.eldigitaldeasturias.com\/noticias\/wp-json\/wp\/v2\/posts\/956878","targetHints":{"allow":["GET"]}}],"collection":[{"href":"https:\/\/www.eldigitaldeasturias.com\/noticias\/wp-json\/wp\/v2\/posts"}],"about":[{"href":"https:\/\/www.eldigitaldeasturias.com\/noticias\/wp-json\/wp\/v2\/types\/post"}],"author":[{"embeddable":true,"href":"https:\/\/www.eldigitaldeasturias.com\/noticias\/wp-json\/wp\/v2\/users\/1"}],"replies":[{"embeddable":true,"href":"https:\/\/www.eldigitaldeasturias.com\/noticias\/wp-json\/wp\/v2\/comments?post=956878"}],"version-history":[{"count":0,"href":"https:\/\/www.eldigitaldeasturias.com\/noticias\/wp-json\/wp\/v2\/posts\/956878\/revisions"}],"wp:attachment":[{"href":"https:\/\/www.eldigitaldeasturias.com\/noticias\/wp-json\/wp\/v2\/media?parent=956878"}],"wp:term":[{"taxonomy":"category","embeddable":true,"href":"https:\/\/www.eldigitaldeasturias.com\/noticias\/wp-json\/wp\/v2\/categories?post=956878"},{"taxonomy":"post_tag","embeddable":true,"href":"https:\/\/www.eldigitaldeasturias.com\/noticias\/wp-json\/wp\/v2\/tags?post=956878"}],"curies":[{"name":"wp","href":"https:\/\/api.w.org\/{rel}","templated":true}]}}