{"id":956866,"date":"2017-10-19T22:28:11","date_gmt":"2017-10-19T22:28:11","guid":{"rendered":"http:\/\/www.eldigitaldeasturias.com\/noticias\/?p=956866"},"modified":"2017-10-19T22:28:11","modified_gmt":"2017-10-19T22:28:11","slug":"maillo-cuando-se-exige-claridad-no-cabe-ambiguedad","status":"publish","type":"post","link":"https:\/\/www.eldigitaldeasturias.com\/noticias\/maillo-cuando-se-exige-claridad-no-cabe-ambiguedad\/","title":{"rendered":"Maillo: \u201cCuando se exige claridad, no cabe ambig\u00fcedad\u00bb"},"content":{"rendered":"<p><img loading=\"lazy\" decoding=\"async\" class=\"alignleft size-medium wp-image-921564\" src=\"https:\/\/www.eldigitaldeasturias.com\/noticias\/wp-content\/uploads\/2017\/01\/maillo-360x163.jpg\" alt=\"\" width=\"360\" height=\"163\" \/>El coordinador general del Partido Popular, Fernando Mart\u00ednez-Maillo, ha asegurado hoy, tras la respuesta del president de la Generalitat al requerimiento del Gobierno, que \u201cel Estado de Derecho y sus instituciones, entre ellas el Gobierno de Espa\u00f1a, no admiten ambig\u00fcedades, ni amenazas ni chantajes\u201d. Para Maillo, Carles Puigdemont ha respondido \u201ccon m\u00e1s ilegalidad y con m\u00e1s desobediencia. Esa es la forma que tiene de entender el di\u00e1logo que tanto predica\u201d.<\/p>\n<p>En rueda de prensa en la sede nacional del PP, el dirigente popular ha explicado que Puigdemont no ha contestado al Ejecutivo \u201cni el martes ni el jueves\u201d puesto que, en la primera fecha, se le ped\u00eda que dijera si hab\u00eda declarado la independencia o no y, en la segunda, se le requer\u00eda que volviera a la legalidad constitucional y al Estatuto de Autonom\u00eda.<\/p>\n<p>\u201cCuando se exige claridad, no cabe ambig\u00fcedad; cuando se exigen certezas, no cabe incertidumbre; cuando se pide legalidad, no cabe desobediencia. Ha utilizado la ambig\u00fcedad, sigue con las incertidumbres y contesta con la desobediencia\u201d, ha declarado.<\/p>\n<p><strong>LOS RESPONSABLES SON PUIGDEMONT, JUNQUERAS Y SUS SOCIOS<\/strong><\/p>\n<p>Por todo ello, Fernando Mart\u00ednez-Maillo ha subrayado que \u201clos \u00fanicos responsables de que se aplique el art\u00edculo 155 de la Constituci\u00f3n espa\u00f1ola son Carles Puigdemont, Oriol Junqueras y sus socios de gobierno\u201d. En este sentido, tambi\u00e9n los ha acusado de ser causantes de la incertidumbre, el desasosiego y la divisi\u00f3n en la sociedad espa\u00f1ola, y en la catalana, as\u00ed como de la inseguridad econ\u00f3mica.<\/p>\n<p>El coordinador general del PP ha insistido en que el Gobierno de Mariano Rajoy est\u00e1 cumpliendo con su obligaci\u00f3n \u201cdesde la prudencia, la serenidad, la tranquilidad, pero tambi\u00e9n desde la firmeza\u201d puesto que tiene de su lado la ley, el Estado de Derecho y un ampl\u00edsimo apoyo en el Congreso de los Diputados, que es donde est\u00e1 representada la soberan\u00eda nacional.<\/p>\n<p>En este sentido, Mart\u00ednez-Maillo ha vuelto a agradecer al Partido Socialista y a Ciudadanos el apoyo al Gobierno porque la respuesta a este desaf\u00edo \u201cmay\u00fasculo\u201d a la democracia tiene que ser \u201cfirme\u201d, pero adem\u00e1s tiene que darse desde \u201cla unidad de los partidos constitucionalistas\u201d. \u201cOtros partidos se han echado al monte, como Podemos y el partido de Ada Colau, que han sacado su perfil independentista\u201d, ha lamentado.<\/p>\n<p><strong>CONFIANZA Y APOYO<\/strong><\/p>\n<p>Consciente de la inquietud de la sociedad espa\u00f1ola por la situaci\u00f3n pol\u00edtica y econ\u00f3mica a la que los independentistas est\u00e1n llevando a nuestro pa\u00eds, y especialmente a Catalu\u00f1a, Fernando Mart\u00ednez-Maillo ha pedido un margen de confianza en el Gobierno de Espa\u00f1a. \u201cEstamos haciendo lo correcto, y lo estamos haciendo en compa\u00f1\u00eda del PSOE y de Ciudadanos\u201d, ha a\u00f1adido.<\/p>\n<p>\u201cCuando cumples la ley y el Estado de Derecho, las cosas se tienen que hacer con todas las garant\u00edas, cosa que no han hecho los independentistas\u201d, ha afirmado Maillo, quien ha recordado situaciones recientes en las que \u00e9stos han tratado de \u201ctapar la boca\u201d a la oposici\u00f3n, \u201csecuestrando\u201d incluso al Parlament en las \u00faltimas fechas.<\/p>\n<p>\u201cTodos queremos di\u00e1logo, claro que s\u00ed, pero un di\u00e1logo de verdad, no tramposo, no al margen de la Constituci\u00f3n ni para conseguir la independencia. Adem\u00e1s, los intermediarios tienen que ser los que han elegido los espa\u00f1oles a trav\u00e9s de las urnas, que no son otros que los que est\u00e1n en el Congreso de los Diputados\u201d, ha finalizado.<\/p>\n","protected":false},"excerpt":{"rendered":"<p>El coordinador general del Partido Popular, Fernando Mart\u00ednez-Maillo, ha asegurado hoy, tras la respuesta del president de la Generalitat al requerimiento del Gobierno, que \u201cel Estado de Derecho y sus instituciones, entre ellas el Gobierno de Espa\u00f1a, no admiten ambig\u00fcedades, ni amenazas ni chantajes\u201d. Para Maillo, Carles Puigdemont ha respondido \u201ccon m\u00e1s ilegalidad y con [&hellip;]<\/p>\n","protected":false},"author":1,"featured_media":921564,"comment_status":"closed","ping_status":"closed","sticky":false,"template":"","format":"standard","meta":{"footnotes":""},"categories":[1],"tags":[],"class_list":["post-956866","post","type-post","status-publish","format-standard","has-post-thumbnail","hentry","category-actualidad"],"aioseo_notices":[],"aioseo_head":"\n\t\t<!-- All in One SEO Pro 5.0.1 - aioseo.com -->\n\t<meta name=\"description\" content=\"El coordinador general del Partido Popular, Fernando Mart\u00ednez-Maillo, ha asegurado hoy, tras la respuesta del president de la Generalitat al requerimiento del Gobierno, que \u201cel Estado de Derecho y sus instituciones, entre ellas el Gobierno de Espa\u00f1a, no admiten ambig\u00fcedades, ni amenazas ni chantajes\u201d. Para Maillo, Carles Puigdemont ha respondido \u201ccon m\u00e1s ilegalidad y con\" \/>\n\t<meta name=\"robots\" content=\"max-image-preview:large\" \/>\n\t<meta name=\"author\" content=\"El Digital de Asturias\"\/>\n\t<meta name=\"google-site-verification\" content=\"UA-38556648-1\" \/>\n\t<meta name=\"msvalidate.01\" content=\"7dfe9f3f1b24437ab69f4f2559babe99\" \/>\n\t<meta name=\"keywords\" content=\"actualidad\" \/>\n\t<link rel=\"canonical\" href=\"https:\/\/www.eldigitaldeasturias.com\/noticias\/maillo-cuando-se-exige-claridad-no-cabe-ambiguedad\/\" \/>\n\t<meta name=\"generator\" content=\"All in One SEO Pro (AIOSEO) 5.0.1\" \/>\n\t\t<meta property=\"og:locale\" content=\"es_ES\" \/>\n\t\t<meta property=\"og:site_name\" content=\"El Digital de Asturias\" \/>\n\t\t<meta property=\"og:type\" content=\"article\" \/>\n\t\t<meta property=\"og:title\" content=\"Maillo: \u201cCuando se exige claridad, no cabe ambig\u00fcedad\u00bb - El Digital de Asturias\" \/>\n\t\t<meta property=\"og:description\" content=\"El coordinador general del Partido Popular, Fernando Mart\u00ednez-Maillo, ha asegurado hoy, tras la respuesta del president de la Generalitat al requerimiento del Gobierno, que \u201cel Estado de Derecho y sus instituciones, entre ellas el Gobierno de Espa\u00f1a, no admiten ambig\u00fcedades, ni amenazas ni chantajes\u201d. Para Maillo, Carles Puigdemont ha respondido \u201ccon m\u00e1s ilegalidad y con\" \/>\n\t\t<meta property=\"og:url\" content=\"https:\/\/www.eldigitaldeasturias.com\/noticias\/maillo-cuando-se-exige-claridad-no-cabe-ambiguedad\/\" \/>\n\t\t<meta property=\"article:tag\" content=\"actualidad\" \/>\n\t\t<meta property=\"article:published_time\" content=\"2017-10-19T22:28:11+00:00\" \/>\n\t\t<meta property=\"article:modified_time\" content=\"2017-10-19T22:28:11+00:00\" \/>\n\t\t<meta property=\"article:publisher\" content=\"https:\/\/facebook.com\/eldigitaldeasturias\" \/>\n\t\t<meta name=\"twitter:card\" content=\"summary_large_image\" \/>\n\t\t<meta name=\"twitter:title\" content=\"Maillo: \u201cCuando se exige claridad, no cabe ambig\u00fcedad\u00bb - El Digital de Asturias\" \/>\n\t\t<meta name=\"twitter:description\" content=\"El coordinador general del Partido Popular, Fernando Mart\u00ednez-Maillo, ha asegurado hoy, tras la respuesta del president de la Generalitat al requerimiento del Gobierno, que \u201cel Estado de Derecho y sus instituciones, entre ellas el Gobierno de Espa\u00f1a, no admiten ambig\u00fcedades, ni amenazas ni chantajes\u201d. Para Maillo, Carles Puigdemont ha respondido \u201ccon m\u00e1s ilegalidad y con\" \/>\n\t\t<meta name=\"twitter:image\" content=\"https:\/\/www.eldigitaldeasturias.com\/noticias\/wp-content\/uploads\/2020\/12\/EDA-1.jpg\" \/>\n\t\t<meta name=\"twitter:label1\" content=\"Escrito por\" \/>\n\t\t<meta name=\"twitter:data1\" content=\"El Digital de Asturias\" \/>\n\t\t<meta name=\"twitter:label2\" content=\"Tiempo de lectura estimado\" \/>\n\t\t<meta name=\"twitter:data2\" content=\"3 minutos\" \/>\n\t\t<script type=\"application\/ld+json\" class=\"aioseo-schema\">\n\t\t\t{\"@context\":\"https:\\\/\\\/schema.org\",\"@graph\":[{\"@type\":\"BlogPosting\",\"@id\":\"https:\\\/\\\/www.eldigitaldeasturias.com\\\/noticias\\\/maillo-cuando-se-exige-claridad-no-cabe-ambiguedad\\\/#blogposting\",\"name\":\"Maillo: \\u201cCuando se exige claridad, no cabe ambig\\u00fcedad\\u00bb - El Digital de Asturias\",\"headline\":\"Maillo: \\u201cCuando se exige claridad, no cabe ambig\\u00fcedad\\u00bb\",\"author\":{\"@id\":\"https:\\\/\\\/www.eldigitaldeasturias.com\\\/noticias\\\/author\\\/admin\\\/#author\"},\"publisher\":{\"@id\":\"https:\\\/\\\/www.eldigitaldeasturias.com\\\/noticias\\\/#organization\"},\"image\":{\"@type\":\"ImageObject\",\"url\":921564},\"datePublished\":\"2017-10-19T22:28:11+02:00\",\"dateModified\":\"2017-10-19T22:28:11+02:00\",\"inLanguage\":\"es-ES\",\"mainEntityOfPage\":{\"@id\":\"https:\\\/\\\/www.eldigitaldeasturias.com\\\/noticias\\\/maillo-cuando-se-exige-claridad-no-cabe-ambiguedad\\\/#webpage\"},\"isPartOf\":{\"@id\":\"https:\\\/\\\/www.eldigitaldeasturias.com\\\/noticias\\\/maillo-cuando-se-exige-claridad-no-cabe-ambiguedad\\\/#webpage\"},\"articleSection\":\"Actualidad\"},{\"@type\":\"BreadcrumbList\",\"@id\":\"https:\\\/\\\/www.eldigitaldeasturias.com\\\/noticias\\\/maillo-cuando-se-exige-claridad-no-cabe-ambiguedad\\\/#breadcrumblist\",\"itemListElement\":[{\"@type\":\"ListItem\",\"@id\":\"https:\\\/\\\/www.eldigitaldeasturias.com\\\/noticias#listItem\",\"position\":1,\"name\":\"Home\",\"item\":\"https:\\\/\\\/www.eldigitaldeasturias.com\\\/noticias\",\"nextItem\":{\"@type\":\"ListItem\",\"@id\":\"https:\\\/\\\/www.eldigitaldeasturias.com\\\/noticias\\\/category\\\/actualidad\\\/#listItem\",\"name\":\"Actualidad\"}},{\"@type\":\"ListItem\",\"@id\":\"https:\\\/\\\/www.eldigitaldeasturias.com\\\/noticias\\\/category\\\/actualidad\\\/#listItem\",\"position\":2,\"name\":\"Actualidad\",\"item\":\"https:\\\/\\\/www.eldigitaldeasturias.com\\\/noticias\\\/category\\\/actualidad\\\/\",\"nextItem\":{\"@type\":\"ListItem\",\"@id\":\"https:\\\/\\\/www.eldigitaldeasturias.com\\\/noticias\\\/maillo-cuando-se-exige-claridad-no-cabe-ambiguedad\\\/#listItem\",\"name\":\"Maillo: \\u201cCuando se exige claridad, no cabe ambig\\u00fcedad\\u00bb\"},\"previousItem\":{\"@type\":\"ListItem\",\"@id\":\"https:\\\/\\\/www.eldigitaldeasturias.com\\\/noticias#listItem\",\"name\":\"Home\"}},{\"@type\":\"ListItem\",\"@id\":\"https:\\\/\\\/www.eldigitaldeasturias.com\\\/noticias\\\/maillo-cuando-se-exige-claridad-no-cabe-ambiguedad\\\/#listItem\",\"position\":3,\"name\":\"Maillo: \\u201cCuando se exige claridad, no cabe ambig\\u00fcedad\\u00bb\",\"previousItem\":{\"@type\":\"ListItem\",\"@id\":\"https:\\\/\\\/www.eldigitaldeasturias.com\\\/noticias\\\/category\\\/actualidad\\\/#listItem\",\"name\":\"Actualidad\"}}]},{\"@type\":\"Organization\",\"@id\":\"https:\\\/\\\/www.eldigitaldeasturias.com\\\/noticias\\\/#organization\",\"name\":\"El Digital de Asturias\",\"description\":\"Hemeroteca\",\"url\":\"https:\\\/\\\/www.eldigitaldeasturias.com\\\/noticias\\\/\",\"email\":\"info@eldigitaldeasturias.com\",\"telephone\":\"+34652131393\",\"logo\":{\"@type\":\"ImageObject\",\"url\":\"https:\\\/\\\/www.eldigitaldeasturias.com\\\/noticias\\\/wp-content\\\/uploads\\\/2020\\\/12\\\/EDA.jpg\",\"@id\":\"https:\\\/\\\/www.eldigitaldeasturias.com\\\/noticias\\\/maillo-cuando-se-exige-claridad-no-cabe-ambiguedad\\\/#organizationLogo\"},\"image\":{\"@id\":\"https:\\\/\\\/www.eldigitaldeasturias.com\\\/noticias\\\/maillo-cuando-se-exige-claridad-no-cabe-ambiguedad\\\/#organizationLogo\"},\"sameAs\":[\"https:\\\/\\\/facebook.com\\\/eldigitaldeasturias\",\"https:\\\/\\\/www.youtube.com\\\/channel\\\/UCZP-2wLEB9Rv6erhFmqVnvg\"],\"address\":{\"@id\":\"https:\\\/\\\/www.eldigitaldeasturias.com\\\/noticias\\\/#postaladdress\",\"@type\":\"PostalAddress\",\"streetAddress\":\"san antonio 4\",\"postalCode\":\"33430\",\"addressLocality\":\"Cand\\u00e1s\",\"addressRegion\":\"Asturias\",\"addressCountry\":\"ES\"}},{\"@type\":\"Person\",\"@id\":\"https:\\\/\\\/www.eldigitaldeasturias.com\\\/noticias\\\/author\\\/admin\\\/#author\",\"url\":\"https:\\\/\\\/www.eldigitaldeasturias.com\\\/noticias\\\/author\\\/admin\\\/\",\"name\":\"El Digital de Asturias\",\"image\":{\"@type\":\"ImageObject\",\"@id\":\"https:\\\/\\\/www.eldigitaldeasturias.com\\\/noticias\\\/maillo-cuando-se-exige-claridad-no-cabe-ambiguedad\\\/#authorImage\",\"url\":\"https:\\\/\\\/secure.gravatar.com\\\/avatar\\\/df2aeffc32bcd13f8d26072ef8a91b623d677766deac7f97ca815868cd41bf5e?s=96&d=mm&r=g\",\"width\":96,\"height\":96,\"caption\":\"El Digital de Asturias\"}},{\"@type\":\"WebPage\",\"@id\":\"https:\\\/\\\/www.eldigitaldeasturias.com\\\/noticias\\\/maillo-cuando-se-exige-claridad-no-cabe-ambiguedad\\\/#webpage\",\"url\":\"https:\\\/\\\/www.eldigitaldeasturias.com\\\/noticias\\\/maillo-cuando-se-exige-claridad-no-cabe-ambiguedad\\\/\",\"name\":\"Maillo: \\u201cCuando se exige claridad, no cabe ambig\\u00fcedad\\u00bb - El Digital de Asturias\",\"description\":\"El coordinador general del Partido Popular, Fernando Mart\\u00ednez-Maillo, ha asegurado hoy, tras la respuesta del president de la Generalitat al requerimiento del Gobierno, que \\u201cel Estado de Derecho y sus instituciones, entre ellas el Gobierno de Espa\\u00f1a, no admiten ambig\\u00fcedades, ni amenazas ni chantajes\\u201d. Para Maillo, Carles Puigdemont ha respondido \\u201ccon m\\u00e1s ilegalidad y con\",\"inLanguage\":\"es-ES\",\"isPartOf\":{\"@id\":\"https:\\\/\\\/www.eldigitaldeasturias.com\\\/noticias\\\/#website\"},\"breadcrumb\":{\"@id\":\"https:\\\/\\\/www.eldigitaldeasturias.com\\\/noticias\\\/maillo-cuando-se-exige-claridad-no-cabe-ambiguedad\\\/#breadcrumblist\"},\"author\":{\"@id\":\"https:\\\/\\\/www.eldigitaldeasturias.com\\\/noticias\\\/author\\\/admin\\\/#author\"},\"creator\":{\"@id\":\"https:\\\/\\\/www.eldigitaldeasturias.com\\\/noticias\\\/author\\\/admin\\\/#author\"},\"image\":{\"@type\":\"ImageObject\",\"url\":921564,\"@id\":\"https:\\\/\\\/www.eldigitaldeasturias.com\\\/noticias\\\/maillo-cuando-se-exige-claridad-no-cabe-ambiguedad\\\/#mainImage\"},\"primaryImageOfPage\":{\"@id\":\"https:\\\/\\\/www.eldigitaldeasturias.com\\\/noticias\\\/maillo-cuando-se-exige-claridad-no-cabe-ambiguedad\\\/#mainImage\"},\"datePublished\":\"2017-10-19T22:28:11+02:00\",\"dateModified\":\"2017-10-19T22:28:11+02:00\"},{\"@type\":\"WebSite\",\"@id\":\"https:\\\/\\\/www.eldigitaldeasturias.com\\\/noticias\\\/#website\",\"url\":\"https:\\\/\\\/www.eldigitaldeasturias.com\\\/noticias\\\/\",\"name\":\"El Digital de Asturias - Diario de actualidad y noticias\",\"alternateName\":\"El Digital de Asturias - Diario de actualidad y noticias\",\"description\":\"Hemeroteca\",\"inLanguage\":\"es-ES\",\"publisher\":{\"@id\":\"https:\\\/\\\/www.eldigitaldeasturias.com\\\/noticias\\\/#organization\"}}]}\n\t\t<\/script>\n\t\t<!-- All in One SEO Pro -->\r\n\t\t<title>Maillo: \u201cCuando se exige claridad, no cabe ambig\u00fcedad\u00bb - El Digital de Asturias<\/title>\n\n","aioseo_head_json":{"title":"Maillo: \u201cCuando se exige claridad, no cabe ambig\u00fcedad\u00bb - El Digital de Asturias","description":"El coordinador general del Partido Popular, Fernando Mart\u00ednez-Maillo, ha asegurado hoy, tras la respuesta del president de la Generalitat al requerimiento del Gobierno, que \u201cel Estado de Derecho y sus instituciones, entre ellas el Gobierno de Espa\u00f1a, no admiten ambig\u00fcedades, ni amenazas ni chantajes\u201d. Para Maillo, Carles Puigdemont ha respondido \u201ccon m\u00e1s ilegalidad y con","canonical_url":"https:\/\/www.eldigitaldeasturias.com\/noticias\/maillo-cuando-se-exige-claridad-no-cabe-ambiguedad\/","robots":"max-image-preview:large","keywords":"actualidad","webmasterTools":{"google-site-verification":"UA-38556648-1","msvalidate.01":"7dfe9f3f1b24437ab69f4f2559babe99","miscellaneous":""},"schema":{"@context":"https:\/\/schema.org","@graph":[{"@type":"BlogPosting","@id":"https:\/\/www.eldigitaldeasturias.com\/noticias\/maillo-cuando-se-exige-claridad-no-cabe-ambiguedad\/#blogposting","name":"Maillo: \u201cCuando se exige claridad, no cabe ambig\u00fcedad\u00bb - El Digital de Asturias","headline":"Maillo: \u201cCuando se exige claridad, no cabe ambig\u00fcedad\u00bb","author":{"@id":"https:\/\/www.eldigitaldeasturias.com\/noticias\/author\/admin\/#author"},"publisher":{"@id":"https:\/\/www.eldigitaldeasturias.com\/noticias\/#organization"},"image":{"@type":"ImageObject","url":921564},"datePublished":"2017-10-19T22:28:11+02:00","dateModified":"2017-10-19T22:28:11+02:00","inLanguage":"es-ES","mainEntityOfPage":{"@id":"https:\/\/www.eldigitaldeasturias.com\/noticias\/maillo-cuando-se-exige-claridad-no-cabe-ambiguedad\/#webpage"},"isPartOf":{"@id":"https:\/\/www.eldigitaldeasturias.com\/noticias\/maillo-cuando-se-exige-claridad-no-cabe-ambiguedad\/#webpage"},"articleSection":"Actualidad"},{"@type":"BreadcrumbList","@id":"https:\/\/www.eldigitaldeasturias.com\/noticias\/maillo-cuando-se-exige-claridad-no-cabe-ambiguedad\/#breadcrumblist","itemListElement":[{"@type":"ListItem","@id":"https:\/\/www.eldigitaldeasturias.com\/noticias#listItem","position":1,"name":"Home","item":"https:\/\/www.eldigitaldeasturias.com\/noticias","nextItem":{"@type":"ListItem","@id":"https:\/\/www.eldigitaldeasturias.com\/noticias\/category\/actualidad\/#listItem","name":"Actualidad"}},{"@type":"ListItem","@id":"https:\/\/www.eldigitaldeasturias.com\/noticias\/category\/actualidad\/#listItem","position":2,"name":"Actualidad","item":"https:\/\/www.eldigitaldeasturias.com\/noticias\/category\/actualidad\/","nextItem":{"@type":"ListItem","@id":"https:\/\/www.eldigitaldeasturias.com\/noticias\/maillo-cuando-se-exige-claridad-no-cabe-ambiguedad\/#listItem","name":"Maillo: \u201cCuando se exige claridad, no cabe ambig\u00fcedad\u00bb"},"previousItem":{"@type":"ListItem","@id":"https:\/\/www.eldigitaldeasturias.com\/noticias#listItem","name":"Home"}},{"@type":"ListItem","@id":"https:\/\/www.eldigitaldeasturias.com\/noticias\/maillo-cuando-se-exige-claridad-no-cabe-ambiguedad\/#listItem","position":3,"name":"Maillo: \u201cCuando se exige claridad, no cabe ambig\u00fcedad\u00bb","previousItem":{"@type":"ListItem","@id":"https:\/\/www.eldigitaldeasturias.com\/noticias\/category\/actualidad\/#listItem","name":"Actualidad"}}]},{"@type":"Organization","@id":"https:\/\/www.eldigitaldeasturias.com\/noticias\/#organization","name":"El Digital de Asturias","description":"Hemeroteca","url":"https:\/\/www.eldigitaldeasturias.com\/noticias\/","email":"info@eldigitaldeasturias.com","telephone":"+34652131393","logo":{"@type":"ImageObject","url":"https:\/\/www.eldigitaldeasturias.com\/noticias\/wp-content\/uploads\/2020\/12\/EDA.jpg","@id":"https:\/\/www.eldigitaldeasturias.com\/noticias\/maillo-cuando-se-exige-claridad-no-cabe-ambiguedad\/#organizationLogo"},"image":{"@id":"https:\/\/www.eldigitaldeasturias.com\/noticias\/maillo-cuando-se-exige-claridad-no-cabe-ambiguedad\/#organizationLogo"},"sameAs":["https:\/\/facebook.com\/eldigitaldeasturias","https:\/\/www.youtube.com\/channel\/UCZP-2wLEB9Rv6erhFmqVnvg"],"address":{"@id":"https:\/\/www.eldigitaldeasturias.com\/noticias\/#postaladdress","@type":"PostalAddress","streetAddress":"san antonio 4","postalCode":"33430","addressLocality":"Cand\u00e1s","addressRegion":"Asturias","addressCountry":"ES"}},{"@type":"Person","@id":"https:\/\/www.eldigitaldeasturias.com\/noticias\/author\/admin\/#author","url":"https:\/\/www.eldigitaldeasturias.com\/noticias\/author\/admin\/","name":"El Digital de Asturias","image":{"@type":"ImageObject","@id":"https:\/\/www.eldigitaldeasturias.com\/noticias\/maillo-cuando-se-exige-claridad-no-cabe-ambiguedad\/#authorImage","url":"https:\/\/secure.gravatar.com\/avatar\/df2aeffc32bcd13f8d26072ef8a91b623d677766deac7f97ca815868cd41bf5e?s=96&d=mm&r=g","width":96,"height":96,"caption":"El Digital de Asturias"}},{"@type":"WebPage","@id":"https:\/\/www.eldigitaldeasturias.com\/noticias\/maillo-cuando-se-exige-claridad-no-cabe-ambiguedad\/#webpage","url":"https:\/\/www.eldigitaldeasturias.com\/noticias\/maillo-cuando-se-exige-claridad-no-cabe-ambiguedad\/","name":"Maillo: \u201cCuando se exige claridad, no cabe ambig\u00fcedad\u00bb - El Digital de Asturias","description":"El coordinador general del Partido Popular, Fernando Mart\u00ednez-Maillo, ha asegurado hoy, tras la respuesta del president de la Generalitat al requerimiento del Gobierno, que \u201cel Estado de Derecho y sus instituciones, entre ellas el Gobierno de Espa\u00f1a, no admiten ambig\u00fcedades, ni amenazas ni chantajes\u201d. Para Maillo, Carles Puigdemont ha respondido \u201ccon m\u00e1s ilegalidad y con","inLanguage":"es-ES","isPartOf":{"@id":"https:\/\/www.eldigitaldeasturias.com\/noticias\/#website"},"breadcrumb":{"@id":"https:\/\/www.eldigitaldeasturias.com\/noticias\/maillo-cuando-se-exige-claridad-no-cabe-ambiguedad\/#breadcrumblist"},"author":{"@id":"https:\/\/www.eldigitaldeasturias.com\/noticias\/author\/admin\/#author"},"creator":{"@id":"https:\/\/www.eldigitaldeasturias.com\/noticias\/author\/admin\/#author"},"image":{"@type":"ImageObject","url":921564,"@id":"https:\/\/www.eldigitaldeasturias.com\/noticias\/maillo-cuando-se-exige-claridad-no-cabe-ambiguedad\/#mainImage"},"primaryImageOfPage":{"@id":"https:\/\/www.eldigitaldeasturias.com\/noticias\/maillo-cuando-se-exige-claridad-no-cabe-ambiguedad\/#mainImage"},"datePublished":"2017-10-19T22:28:11+02:00","dateModified":"2017-10-19T22:28:11+02:00"},{"@type":"WebSite","@id":"https:\/\/www.eldigitaldeasturias.com\/noticias\/#website","url":"https:\/\/www.eldigitaldeasturias.com\/noticias\/","name":"El Digital de Asturias - Diario de actualidad y noticias","alternateName":"El Digital de Asturias - Diario de actualidad y noticias","description":"Hemeroteca","inLanguage":"es-ES","publisher":{"@id":"https:\/\/www.eldigitaldeasturias.com\/noticias\/#organization"}}]},"og:locale":"es_ES","og:site_name":"El Digital de Asturias","og:type":"article","og:title":"Maillo: \u201cCuando se exige claridad, no cabe ambig\u00fcedad\u00bb - El Digital de Asturias","og:description":"El coordinador general del Partido Popular, Fernando Mart\u00ednez-Maillo, ha asegurado hoy, tras la respuesta del president de la Generalitat al requerimiento del Gobierno, que \u201cel Estado de Derecho y sus instituciones, entre ellas el Gobierno de Espa\u00f1a, no admiten ambig\u00fcedades, ni amenazas ni chantajes\u201d. Para Maillo, Carles Puigdemont ha respondido \u201ccon m\u00e1s ilegalidad y con","og:url":"https:\/\/www.eldigitaldeasturias.com\/noticias\/maillo-cuando-se-exige-claridad-no-cabe-ambiguedad\/","article:tag":["actualidad"],"article:published_time":"2017-10-19T22:28:11+00:00","article:modified_time":"2017-10-19T22:28:11+00:00","article:publisher":"https:\/\/facebook.com\/eldigitaldeasturias","twitter:card":"summary_large_image","twitter:title":"Maillo: \u201cCuando se exige claridad, no cabe ambig\u00fcedad\u00bb - El Digital de Asturias","twitter:description":"El coordinador general del Partido Popular, Fernando Mart\u00ednez-Maillo, ha asegurado hoy, tras la respuesta del president de la Generalitat al requerimiento del Gobierno, que \u201cel Estado de Derecho y sus instituciones, entre ellas el Gobierno de Espa\u00f1a, no admiten ambig\u00fcedades, ni amenazas ni chantajes\u201d. Para Maillo, Carles Puigdemont ha respondido \u201ccon m\u00e1s ilegalidad y con","twitter:image":"https:\/\/www.eldigitaldeasturias.com\/noticias\/wp-content\/uploads\/2020\/12\/EDA-1.jpg","twitter:label1":"Escrito por","twitter:data1":"El Digital de Asturias","twitter:label2":"Tiempo de lectura estimado","twitter:data2":"3 minutos"},"aioseo_meta_data":{"post_id":"956866","title":null,"description":null,"keywords":null,"keyphrases":null,"primary_term":null,"canonical_url":null,"og_title":null,"og_description":null,"og_object_type":"default","og_image_type":"default","og_image_url":null,"og_image_width":null,"og_image_height":null,"og_image_custom_url":null,"og_image_custom_fields":null,"og_video":null,"og_custom_url":null,"og_article_section":null,"og_article_tags":null,"twitter_use_og":false,"twitter_card":"default","twitter_image_type":"default","twitter_image_url":null,"twitter_image_custom_url":null,"twitter_image_custom_fields":null,"twitter_title":null,"twitter_description":null,"schema":{"blockGraphs":[],"customGraphs":[],"default":{"data":{"Article":[],"Course":[],"Dataset":[],"FAQPage":[],"Movie":[],"Person":[],"Product":[],"ProductReview":[],"Car":[],"Recipe":[],"Service":[],"SoftwareApplication":[],"WebPage":[]},"graphName":"","isEnabled":true},"graphs":[],"defaultGraph":"","defaultPostTypeGraph":""},"schema_type":null,"schema_type_options":null,"pillar_content":false,"robots_default":true,"robots_noindex":false,"robots_noarchive":false,"robots_nosnippet":false,"robots_nofollow":false,"robots_noimageindex":false,"robots_noodp":false,"robots_notranslate":false,"robots_max_snippet":null,"robots_max_videopreview":null,"robots_max_imagepreview":"large","priority":null,"frequency":null,"local_seo":null,"seo_analyzer_scan_date":"2025-12-06 15:21:09","breadcrumb_settings":null,"limit_modified_date":false,"open_ai":null,"ai":null,"created":"2020-12-21 12:55:40","updated":"2025-12-06 15:21:09","focus_keyword":null,"additional_keywords":null,"truseo_locale":null},"aioseo_breadcrumb":"<div class=\"aioseo-breadcrumbs\"><span class=\"aioseo-breadcrumb\">\n\t<a href=\"https:\/\/www.eldigitaldeasturias.com\/noticias\" title=\"Home\">Home<\/a>\n<\/span><span class=\"aioseo-breadcrumb-separator\">\u2013<\/span><span class=\"aioseo-breadcrumb\">\n\t<a href=\"https:\/\/www.eldigitaldeasturias.com\/noticias\/category\/actualidad\/\" title=\"Actualidad\">Actualidad<\/a>\n<\/span><span class=\"aioseo-breadcrumb-separator\">\u2013<\/span><span class=\"aioseo-breadcrumb\">\n\t<a href=\"https:\/\/www.eldigitaldeasturias.com\/noticias\/maillo-cuando-se-exige-claridad-no-cabe-ambiguedad\/\" title=\"Maillo: \u201cCuando se exige claridad, no cabe ambig\u00fcedad\u00bb\">Maillo: \u201cCuando se exige claridad, no cabe ambig\u00fcedad\u00bb<\/a>\n<\/span><\/div>","aioseo_breadcrumb_json":[{"label":"Home","link":"https:\/\/www.eldigitaldeasturias.com\/noticias"},{"label":"Actualidad","link":"https:\/\/www.eldigitaldeasturias.com\/noticias\/category\/actualidad\/"},{"label":"Maillo: \u201cCuando se exige claridad, no cabe ambig\u00fcedad\u00bb","link":"https:\/\/www.eldigitaldeasturias.com\/noticias\/maillo-cuando-se-exige-claridad-no-cabe-ambiguedad\/"}],"_links":{"self":[{"href":"https:\/\/www.eldigitaldeasturias.com\/noticias\/wp-json\/wp\/v2\/posts\/956866","targetHints":{"allow":["GET"]}}],"collection":[{"href":"https:\/\/www.eldigitaldeasturias.com\/noticias\/wp-json\/wp\/v2\/posts"}],"about":[{"href":"https:\/\/www.eldigitaldeasturias.com\/noticias\/wp-json\/wp\/v2\/types\/post"}],"author":[{"embeddable":true,"href":"https:\/\/www.eldigitaldeasturias.com\/noticias\/wp-json\/wp\/v2\/users\/1"}],"replies":[{"embeddable":true,"href":"https:\/\/www.eldigitaldeasturias.com\/noticias\/wp-json\/wp\/v2\/comments?post=956866"}],"version-history":[{"count":0,"href":"https:\/\/www.eldigitaldeasturias.com\/noticias\/wp-json\/wp\/v2\/posts\/956866\/revisions"}],"wp:attachment":[{"href":"https:\/\/www.eldigitaldeasturias.com\/noticias\/wp-json\/wp\/v2\/media?parent=956866"}],"wp:term":[{"taxonomy":"category","embeddable":true,"href":"https:\/\/www.eldigitaldeasturias.com\/noticias\/wp-json\/wp\/v2\/categories?post=956866"},{"taxonomy":"post_tag","embeddable":true,"href":"https:\/\/www.eldigitaldeasturias.com\/noticias\/wp-json\/wp\/v2\/tags?post=956866"}],"curies":[{"name":"wp","href":"https:\/\/api.w.org\/{rel}","templated":true}]}}