{"id":956826,"date":"2017-10-19T19:41:57","date_gmt":"2017-10-19T19:41:57","guid":{"rendered":"http:\/\/www.eldigitaldeasturias.com\/noticias\/?p=956826"},"modified":"2017-10-19T19:41:57","modified_gmt":"2017-10-19T19:41:57","slug":"de-la-serna-anuncia-un-plan-integral-de-accesibilidad-para-trenes-estaciones-y-servicios-ferroviarios","status":"publish","type":"post","link":"https:\/\/www.eldigitaldeasturias.com\/noticias\/de-la-serna-anuncia-un-plan-integral-de-accesibilidad-para-trenes-estaciones-y-servicios-ferroviarios\/","title":{"rendered":"De la Serna anuncia un Plan Integral de Accesibilidad para trenes, estaciones y servicios ferroviarios"},"content":{"rendered":"<p><img loading=\"lazy\" decoding=\"async\" class=\"alignleft size-medium wp-image-956827\" src=\"https:\/\/www.eldigitaldeasturias.com\/noticias\/wp-content\/uploads\/2017\/10\/D6FE-5C57-01-360x239.jpg\" alt=\"\" width=\"360\" height=\"239\" \/>El ministro de Fomento, \u00cd\u00f1igo de la Serna, ha anunciado que Renfe est\u00e1 ultimando el dise\u00f1o de un nuevo Plan de Accesibilidad, con el que la compa\u00f1\u00eda continuar\u00e1 desarrollando actuaciones para conseguir una plena accesibilidad en estaciones, trenes y servicios.<\/p>\n<p>El Plan de Accesibilidad Integral 2018-2026 contemplar\u00e1 la adaptaci\u00f3n de trenes y estaciones, as\u00ed como la adquisici\u00f3n de nuevos veh\u00edculos totalmente accesibles, entre otras acciones, dentro del compromiso de la empresa por la accesibilidad universal.<\/p>\n<p>El objetivo de este plan es dotar de accesibilidad universal a toda la &#8216;cadena de viaje&#8217;, para que los clientes del tren puedan llegar sin obst\u00e1culos desde el acceso a la estaci\u00f3n de origen y el interior del tren hasta la llegada a destino, facilitando la intermodalidad, hasta que los viajeros abandonen la estaci\u00f3n.<\/p>\n<p>Con este plan se pretende conseguir la excelencia en la prestaci\u00f3n de los servicios ferroviarios, tanto en AVE y Larga Distancia, como en Media Distancia y Cercan\u00edas.<\/p>\n<p>El plan tambi\u00e9n incluir\u00e1 la universalizaci\u00f3n de la accesibilidad a los servicios, en colaboraci\u00f3n con otras entidades, instituciones y agentes sociales expertos, as\u00ed como mejorar las prestaciones de los servicios a las personas con discapacidad, con movilidad reducida y dificultades en la comunicaci\u00f3n.<\/p>\n<p>La finalidad ser\u00e1 conseguir un ferrocarril accesible, que proporcione autonom\u00eda a las personas con discapacidad o movilidad reducida dando cumplimiento a la legislaci\u00f3n vigente.<\/p>\n<p><strong>Garantizar la prestaci\u00f3n de servicios<\/strong><\/p>\n<p>En este momento, Renfe contin\u00faa mejorando el servicio Atendo (de atenci\u00f3n a PMR), que acaba de cumplir su d\u00e9cimo aniversario, superando los 4,2 millones de asistencias a personas con discapacidad en todo este tiempo, y valorado por los clientes con una nota entre el 8 y el 9 sobre 10.<\/p>\n<p>Adem\u00e1s, Renfe ya ha facilitado la accesibilidad en el 100% de los trenes AVE y Avant, el 68% de los trenes de Larga Distancia y m\u00e1s del 50% de los trenes de Cercan\u00edas y Media Distancia.<\/p>\n<p>En el futuro inmediato, Renfe tiene prevista la incorporaci\u00f3n de 30 nuevos trenes de alta velocidad, que encarg\u00f3 a Talgo, que cumplir\u00e1n con la normativa de accesibilidad y adem\u00e1s ser\u00e1n autoaccesibles, es decir, con el piso del tren a la altura del and\u00e9n. Tambi\u00e9n se est\u00e1 trabajando en la adaptaci\u00f3n de trenes de la serie 447 de Cercan\u00edas, con la incorporaci\u00f3n de un coche intermedio con zona de piso bajo y aseo universal, as\u00ed como otras actuaciones para dotar de accesibilidad a trenes de Media Distancia.<\/p>\n<p>Renfe, que gestiona 490 estaciones de Cercan\u00edas, ha mejorado la accesibilidad en las de mayor demanda (las que cuentan con una demanda superior a 750 viajeros al d\u00eda) y contin\u00faa en el resto. En la actualidad, el 60% de esas 490 estaciones de Cercan\u00edas (utilizadas por el 76% de los viajeros de Cercan\u00edas) disponen de itinerario accesible. El objetivo ser\u00e1 conseguir la accesibilidad universal al final de este plan.<\/p>\n","protected":false},"excerpt":{"rendered":"<p>El ministro de Fomento, \u00cd\u00f1igo de la Serna, ha anunciado que Renfe est\u00e1 ultimando el dise\u00f1o de un nuevo Plan de Accesibilidad, con el que la compa\u00f1\u00eda continuar\u00e1 desarrollando actuaciones para conseguir una plena accesibilidad en estaciones, trenes y servicios. El Plan de Accesibilidad Integral 2018-2026 contemplar\u00e1 la adaptaci\u00f3n de trenes y estaciones, as\u00ed como [&hellip;]<\/p>\n","protected":false},"author":1,"featured_media":956827,"comment_status":"closed","ping_status":"closed","sticky":false,"template":"","format":"standard","meta":{"footnotes":""},"categories":[1],"tags":[],"class_list":["post-956826","post","type-post","status-publish","format-standard","has-post-thumbnail","hentry","category-actualidad"],"aioseo_notices":[],"aioseo_head":"\n\t\t<!-- All in One SEO Pro 5.0.1 - aioseo.com -->\n\t<meta name=\"description\" content=\"El ministro de Fomento, \u00cd\u00f1igo de la Serna, ha anunciado que Renfe est\u00e1 ultimando el dise\u00f1o de un nuevo Plan de Accesibilidad, con el que la compa\u00f1\u00eda continuar\u00e1 desarrollando actuaciones para conseguir una plena accesibilidad en estaciones, trenes y servicios. El Plan de Accesibilidad Integral 2018-2026 contemplar\u00e1 la adaptaci\u00f3n de trenes y estaciones, as\u00ed como\" \/>\n\t<meta name=\"robots\" content=\"max-image-preview:large\" \/>\n\t<meta name=\"author\" content=\"El Digital de Asturias\"\/>\n\t<meta name=\"google-site-verification\" content=\"UA-38556648-1\" \/>\n\t<meta name=\"msvalidate.01\" content=\"7dfe9f3f1b24437ab69f4f2559babe99\" \/>\n\t<meta name=\"keywords\" content=\"actualidad\" \/>\n\t<link rel=\"canonical\" href=\"https:\/\/www.eldigitaldeasturias.com\/noticias\/de-la-serna-anuncia-un-plan-integral-de-accesibilidad-para-trenes-estaciones-y-servicios-ferroviarios\/\" \/>\n\t<meta name=\"generator\" content=\"All in One SEO Pro (AIOSEO) 5.0.1\" \/>\n\t\t<meta property=\"og:locale\" content=\"es_ES\" \/>\n\t\t<meta property=\"og:site_name\" content=\"El Digital de Asturias\" \/>\n\t\t<meta property=\"og:type\" content=\"article\" \/>\n\t\t<meta property=\"og:title\" content=\"De la Serna anuncia un Plan Integral de Accesibilidad para trenes, estaciones y servicios ferroviarios - El Digital de Asturias\" \/>\n\t\t<meta property=\"og:description\" content=\"El ministro de Fomento, \u00cd\u00f1igo de la Serna, ha anunciado que Renfe est\u00e1 ultimando el dise\u00f1o de un nuevo Plan de Accesibilidad, con el que la compa\u00f1\u00eda continuar\u00e1 desarrollando actuaciones para conseguir una plena accesibilidad en estaciones, trenes y servicios. El Plan de Accesibilidad Integral 2018-2026 contemplar\u00e1 la adaptaci\u00f3n de trenes y estaciones, as\u00ed como\" \/>\n\t\t<meta property=\"og:url\" content=\"https:\/\/www.eldigitaldeasturias.com\/noticias\/de-la-serna-anuncia-un-plan-integral-de-accesibilidad-para-trenes-estaciones-y-servicios-ferroviarios\/\" \/>\n\t\t<meta property=\"article:tag\" content=\"actualidad\" \/>\n\t\t<meta property=\"article:published_time\" content=\"2017-10-19T19:41:57+00:00\" \/>\n\t\t<meta property=\"article:modified_time\" content=\"2017-10-19T19:41:57+00:00\" \/>\n\t\t<meta property=\"article:publisher\" content=\"https:\/\/facebook.com\/eldigitaldeasturias\" \/>\n\t\t<meta name=\"twitter:card\" content=\"summary_large_image\" \/>\n\t\t<meta name=\"twitter:title\" content=\"De la Serna anuncia un Plan Integral de Accesibilidad para trenes, estaciones y servicios ferroviarios - El Digital de Asturias\" \/>\n\t\t<meta name=\"twitter:description\" content=\"El ministro de Fomento, \u00cd\u00f1igo de la Serna, ha anunciado que Renfe est\u00e1 ultimando el dise\u00f1o de un nuevo Plan de Accesibilidad, con el que la compa\u00f1\u00eda continuar\u00e1 desarrollando actuaciones para conseguir una plena accesibilidad en estaciones, trenes y servicios. El Plan de Accesibilidad Integral 2018-2026 contemplar\u00e1 la adaptaci\u00f3n de trenes y estaciones, as\u00ed como\" \/>\n\t\t<meta name=\"twitter:image\" content=\"https:\/\/www.eldigitaldeasturias.com\/noticias\/wp-content\/uploads\/2020\/12\/EDA-1.jpg\" \/>\n\t\t<meta name=\"twitter:label1\" content=\"Escrito por\" \/>\n\t\t<meta name=\"twitter:data1\" content=\"El Digital de Asturias\" \/>\n\t\t<meta name=\"twitter:label2\" content=\"Tiempo de lectura estimado\" \/>\n\t\t<meta name=\"twitter:data2\" content=\"2 minutos\" \/>\n\t\t<script type=\"application\/ld+json\" class=\"aioseo-schema\">\n\t\t\t{\"@context\":\"https:\\\/\\\/schema.org\",\"@graph\":[{\"@type\":\"BlogPosting\",\"@id\":\"https:\\\/\\\/www.eldigitaldeasturias.com\\\/noticias\\\/de-la-serna-anuncia-un-plan-integral-de-accesibilidad-para-trenes-estaciones-y-servicios-ferroviarios\\\/#blogposting\",\"name\":\"De la Serna anuncia un Plan Integral de Accesibilidad para trenes, estaciones y servicios ferroviarios - El Digital de Asturias\",\"headline\":\"De la Serna anuncia un Plan Integral de Accesibilidad para trenes, estaciones y servicios ferroviarios\",\"author\":{\"@id\":\"https:\\\/\\\/www.eldigitaldeasturias.com\\\/noticias\\\/author\\\/admin\\\/#author\"},\"publisher\":{\"@id\":\"https:\\\/\\\/www.eldigitaldeasturias.com\\\/noticias\\\/#organization\"},\"image\":{\"@type\":\"ImageObject\",\"url\":956827},\"datePublished\":\"2017-10-19T19:41:57+02:00\",\"dateModified\":\"2017-10-19T19:41:57+02:00\",\"inLanguage\":\"es-ES\",\"mainEntityOfPage\":{\"@id\":\"https:\\\/\\\/www.eldigitaldeasturias.com\\\/noticias\\\/de-la-serna-anuncia-un-plan-integral-de-accesibilidad-para-trenes-estaciones-y-servicios-ferroviarios\\\/#webpage\"},\"isPartOf\":{\"@id\":\"https:\\\/\\\/www.eldigitaldeasturias.com\\\/noticias\\\/de-la-serna-anuncia-un-plan-integral-de-accesibilidad-para-trenes-estaciones-y-servicios-ferroviarios\\\/#webpage\"},\"articleSection\":\"Actualidad\"},{\"@type\":\"BreadcrumbList\",\"@id\":\"https:\\\/\\\/www.eldigitaldeasturias.com\\\/noticias\\\/de-la-serna-anuncia-un-plan-integral-de-accesibilidad-para-trenes-estaciones-y-servicios-ferroviarios\\\/#breadcrumblist\",\"itemListElement\":[{\"@type\":\"ListItem\",\"@id\":\"https:\\\/\\\/www.eldigitaldeasturias.com\\\/noticias#listItem\",\"position\":1,\"name\":\"Home\",\"item\":\"https:\\\/\\\/www.eldigitaldeasturias.com\\\/noticias\",\"nextItem\":{\"@type\":\"ListItem\",\"@id\":\"https:\\\/\\\/www.eldigitaldeasturias.com\\\/noticias\\\/category\\\/actualidad\\\/#listItem\",\"name\":\"Actualidad\"}},{\"@type\":\"ListItem\",\"@id\":\"https:\\\/\\\/www.eldigitaldeasturias.com\\\/noticias\\\/category\\\/actualidad\\\/#listItem\",\"position\":2,\"name\":\"Actualidad\",\"item\":\"https:\\\/\\\/www.eldigitaldeasturias.com\\\/noticias\\\/category\\\/actualidad\\\/\",\"nextItem\":{\"@type\":\"ListItem\",\"@id\":\"https:\\\/\\\/www.eldigitaldeasturias.com\\\/noticias\\\/de-la-serna-anuncia-un-plan-integral-de-accesibilidad-para-trenes-estaciones-y-servicios-ferroviarios\\\/#listItem\",\"name\":\"De la Serna anuncia un Plan Integral de Accesibilidad para trenes, estaciones y servicios ferroviarios\"},\"previousItem\":{\"@type\":\"ListItem\",\"@id\":\"https:\\\/\\\/www.eldigitaldeasturias.com\\\/noticias#listItem\",\"name\":\"Home\"}},{\"@type\":\"ListItem\",\"@id\":\"https:\\\/\\\/www.eldigitaldeasturias.com\\\/noticias\\\/de-la-serna-anuncia-un-plan-integral-de-accesibilidad-para-trenes-estaciones-y-servicios-ferroviarios\\\/#listItem\",\"position\":3,\"name\":\"De la Serna anuncia un Plan Integral de Accesibilidad para trenes, estaciones y servicios ferroviarios\",\"previousItem\":{\"@type\":\"ListItem\",\"@id\":\"https:\\\/\\\/www.eldigitaldeasturias.com\\\/noticias\\\/category\\\/actualidad\\\/#listItem\",\"name\":\"Actualidad\"}}]},{\"@type\":\"Organization\",\"@id\":\"https:\\\/\\\/www.eldigitaldeasturias.com\\\/noticias\\\/#organization\",\"name\":\"El Digital de Asturias\",\"description\":\"Hemeroteca\",\"url\":\"https:\\\/\\\/www.eldigitaldeasturias.com\\\/noticias\\\/\",\"email\":\"info@eldigitaldeasturias.com\",\"telephone\":\"+34652131393\",\"logo\":{\"@type\":\"ImageObject\",\"url\":\"https:\\\/\\\/www.eldigitaldeasturias.com\\\/noticias\\\/wp-content\\\/uploads\\\/2020\\\/12\\\/EDA.jpg\",\"@id\":\"https:\\\/\\\/www.eldigitaldeasturias.com\\\/noticias\\\/de-la-serna-anuncia-un-plan-integral-de-accesibilidad-para-trenes-estaciones-y-servicios-ferroviarios\\\/#organizationLogo\"},\"image\":{\"@id\":\"https:\\\/\\\/www.eldigitaldeasturias.com\\\/noticias\\\/de-la-serna-anuncia-un-plan-integral-de-accesibilidad-para-trenes-estaciones-y-servicios-ferroviarios\\\/#organizationLogo\"},\"sameAs\":[\"https:\\\/\\\/facebook.com\\\/eldigitaldeasturias\",\"https:\\\/\\\/www.youtube.com\\\/channel\\\/UCZP-2wLEB9Rv6erhFmqVnvg\"],\"address\":{\"@id\":\"https:\\\/\\\/www.eldigitaldeasturias.com\\\/noticias\\\/#postaladdress\",\"@type\":\"PostalAddress\",\"streetAddress\":\"san antonio 4\",\"postalCode\":\"33430\",\"addressLocality\":\"Cand\\u00e1s\",\"addressRegion\":\"Asturias\",\"addressCountry\":\"ES\"}},{\"@type\":\"Person\",\"@id\":\"https:\\\/\\\/www.eldigitaldeasturias.com\\\/noticias\\\/author\\\/admin\\\/#author\",\"url\":\"https:\\\/\\\/www.eldigitaldeasturias.com\\\/noticias\\\/author\\\/admin\\\/\",\"name\":\"El Digital de Asturias\",\"image\":{\"@type\":\"ImageObject\",\"@id\":\"https:\\\/\\\/www.eldigitaldeasturias.com\\\/noticias\\\/de-la-serna-anuncia-un-plan-integral-de-accesibilidad-para-trenes-estaciones-y-servicios-ferroviarios\\\/#authorImage\",\"url\":\"https:\\\/\\\/secure.gravatar.com\\\/avatar\\\/df2aeffc32bcd13f8d26072ef8a91b623d677766deac7f97ca815868cd41bf5e?s=96&d=mm&r=g\",\"width\":96,\"height\":96,\"caption\":\"El Digital de Asturias\"}},{\"@type\":\"WebPage\",\"@id\":\"https:\\\/\\\/www.eldigitaldeasturias.com\\\/noticias\\\/de-la-serna-anuncia-un-plan-integral-de-accesibilidad-para-trenes-estaciones-y-servicios-ferroviarios\\\/#webpage\",\"url\":\"https:\\\/\\\/www.eldigitaldeasturias.com\\\/noticias\\\/de-la-serna-anuncia-un-plan-integral-de-accesibilidad-para-trenes-estaciones-y-servicios-ferroviarios\\\/\",\"name\":\"De la Serna anuncia un Plan Integral de Accesibilidad para trenes, estaciones y servicios ferroviarios - El Digital de Asturias\",\"description\":\"El ministro de Fomento, \\u00cd\\u00f1igo de la Serna, ha anunciado que Renfe est\\u00e1 ultimando el dise\\u00f1o de un nuevo Plan de Accesibilidad, con el que la compa\\u00f1\\u00eda continuar\\u00e1 desarrollando actuaciones para conseguir una plena accesibilidad en estaciones, trenes y servicios. El Plan de Accesibilidad Integral 2018-2026 contemplar\\u00e1 la adaptaci\\u00f3n de trenes y estaciones, as\\u00ed como\",\"inLanguage\":\"es-ES\",\"isPartOf\":{\"@id\":\"https:\\\/\\\/www.eldigitaldeasturias.com\\\/noticias\\\/#website\"},\"breadcrumb\":{\"@id\":\"https:\\\/\\\/www.eldigitaldeasturias.com\\\/noticias\\\/de-la-serna-anuncia-un-plan-integral-de-accesibilidad-para-trenes-estaciones-y-servicios-ferroviarios\\\/#breadcrumblist\"},\"author\":{\"@id\":\"https:\\\/\\\/www.eldigitaldeasturias.com\\\/noticias\\\/author\\\/admin\\\/#author\"},\"creator\":{\"@id\":\"https:\\\/\\\/www.eldigitaldeasturias.com\\\/noticias\\\/author\\\/admin\\\/#author\"},\"image\":{\"@type\":\"ImageObject\",\"url\":956827,\"@id\":\"https:\\\/\\\/www.eldigitaldeasturias.com\\\/noticias\\\/de-la-serna-anuncia-un-plan-integral-de-accesibilidad-para-trenes-estaciones-y-servicios-ferroviarios\\\/#mainImage\"},\"primaryImageOfPage\":{\"@id\":\"https:\\\/\\\/www.eldigitaldeasturias.com\\\/noticias\\\/de-la-serna-anuncia-un-plan-integral-de-accesibilidad-para-trenes-estaciones-y-servicios-ferroviarios\\\/#mainImage\"},\"datePublished\":\"2017-10-19T19:41:57+02:00\",\"dateModified\":\"2017-10-19T19:41:57+02:00\"},{\"@type\":\"WebSite\",\"@id\":\"https:\\\/\\\/www.eldigitaldeasturias.com\\\/noticias\\\/#website\",\"url\":\"https:\\\/\\\/www.eldigitaldeasturias.com\\\/noticias\\\/\",\"name\":\"El Digital de Asturias - Diario de actualidad y noticias\",\"alternateName\":\"El Digital de Asturias - Diario de actualidad y noticias\",\"description\":\"Hemeroteca\",\"inLanguage\":\"es-ES\",\"publisher\":{\"@id\":\"https:\\\/\\\/www.eldigitaldeasturias.com\\\/noticias\\\/#organization\"}}]}\n\t\t<\/script>\n\t\t<!-- All in One SEO Pro -->\r\n\t\t<title>De la Serna anuncia un Plan Integral de Accesibilidad para trenes, estaciones y servicios ferroviarios - El Digital de Asturias<\/title>\n\n","aioseo_head_json":{"title":"De la Serna anuncia un Plan Integral de Accesibilidad para trenes, estaciones y servicios ferroviarios - El Digital de Asturias","description":"El ministro de Fomento, \u00cd\u00f1igo de la Serna, ha anunciado que Renfe est\u00e1 ultimando el dise\u00f1o de un nuevo Plan de Accesibilidad, con el que la compa\u00f1\u00eda continuar\u00e1 desarrollando actuaciones para conseguir una plena accesibilidad en estaciones, trenes y servicios. El Plan de Accesibilidad Integral 2018-2026 contemplar\u00e1 la adaptaci\u00f3n de trenes y estaciones, as\u00ed como","canonical_url":"https:\/\/www.eldigitaldeasturias.com\/noticias\/de-la-serna-anuncia-un-plan-integral-de-accesibilidad-para-trenes-estaciones-y-servicios-ferroviarios\/","robots":"max-image-preview:large","keywords":"actualidad","webmasterTools":{"google-site-verification":"UA-38556648-1","msvalidate.01":"7dfe9f3f1b24437ab69f4f2559babe99","miscellaneous":""},"schema":{"@context":"https:\/\/schema.org","@graph":[{"@type":"BlogPosting","@id":"https:\/\/www.eldigitaldeasturias.com\/noticias\/de-la-serna-anuncia-un-plan-integral-de-accesibilidad-para-trenes-estaciones-y-servicios-ferroviarios\/#blogposting","name":"De la Serna anuncia un Plan Integral de Accesibilidad para trenes, estaciones y servicios ferroviarios - El Digital de Asturias","headline":"De la Serna anuncia un Plan Integral de Accesibilidad para trenes, estaciones y servicios ferroviarios","author":{"@id":"https:\/\/www.eldigitaldeasturias.com\/noticias\/author\/admin\/#author"},"publisher":{"@id":"https:\/\/www.eldigitaldeasturias.com\/noticias\/#organization"},"image":{"@type":"ImageObject","url":956827},"datePublished":"2017-10-19T19:41:57+02:00","dateModified":"2017-10-19T19:41:57+02:00","inLanguage":"es-ES","mainEntityOfPage":{"@id":"https:\/\/www.eldigitaldeasturias.com\/noticias\/de-la-serna-anuncia-un-plan-integral-de-accesibilidad-para-trenes-estaciones-y-servicios-ferroviarios\/#webpage"},"isPartOf":{"@id":"https:\/\/www.eldigitaldeasturias.com\/noticias\/de-la-serna-anuncia-un-plan-integral-de-accesibilidad-para-trenes-estaciones-y-servicios-ferroviarios\/#webpage"},"articleSection":"Actualidad"},{"@type":"BreadcrumbList","@id":"https:\/\/www.eldigitaldeasturias.com\/noticias\/de-la-serna-anuncia-un-plan-integral-de-accesibilidad-para-trenes-estaciones-y-servicios-ferroviarios\/#breadcrumblist","itemListElement":[{"@type":"ListItem","@id":"https:\/\/www.eldigitaldeasturias.com\/noticias#listItem","position":1,"name":"Home","item":"https:\/\/www.eldigitaldeasturias.com\/noticias","nextItem":{"@type":"ListItem","@id":"https:\/\/www.eldigitaldeasturias.com\/noticias\/category\/actualidad\/#listItem","name":"Actualidad"}},{"@type":"ListItem","@id":"https:\/\/www.eldigitaldeasturias.com\/noticias\/category\/actualidad\/#listItem","position":2,"name":"Actualidad","item":"https:\/\/www.eldigitaldeasturias.com\/noticias\/category\/actualidad\/","nextItem":{"@type":"ListItem","@id":"https:\/\/www.eldigitaldeasturias.com\/noticias\/de-la-serna-anuncia-un-plan-integral-de-accesibilidad-para-trenes-estaciones-y-servicios-ferroviarios\/#listItem","name":"De la Serna anuncia un Plan Integral de Accesibilidad para trenes, estaciones y servicios ferroviarios"},"previousItem":{"@type":"ListItem","@id":"https:\/\/www.eldigitaldeasturias.com\/noticias#listItem","name":"Home"}},{"@type":"ListItem","@id":"https:\/\/www.eldigitaldeasturias.com\/noticias\/de-la-serna-anuncia-un-plan-integral-de-accesibilidad-para-trenes-estaciones-y-servicios-ferroviarios\/#listItem","position":3,"name":"De la Serna anuncia un Plan Integral de Accesibilidad para trenes, estaciones y servicios ferroviarios","previousItem":{"@type":"ListItem","@id":"https:\/\/www.eldigitaldeasturias.com\/noticias\/category\/actualidad\/#listItem","name":"Actualidad"}}]},{"@type":"Organization","@id":"https:\/\/www.eldigitaldeasturias.com\/noticias\/#organization","name":"El Digital de Asturias","description":"Hemeroteca","url":"https:\/\/www.eldigitaldeasturias.com\/noticias\/","email":"info@eldigitaldeasturias.com","telephone":"+34652131393","logo":{"@type":"ImageObject","url":"https:\/\/www.eldigitaldeasturias.com\/noticias\/wp-content\/uploads\/2020\/12\/EDA.jpg","@id":"https:\/\/www.eldigitaldeasturias.com\/noticias\/de-la-serna-anuncia-un-plan-integral-de-accesibilidad-para-trenes-estaciones-y-servicios-ferroviarios\/#organizationLogo"},"image":{"@id":"https:\/\/www.eldigitaldeasturias.com\/noticias\/de-la-serna-anuncia-un-plan-integral-de-accesibilidad-para-trenes-estaciones-y-servicios-ferroviarios\/#organizationLogo"},"sameAs":["https:\/\/facebook.com\/eldigitaldeasturias","https:\/\/www.youtube.com\/channel\/UCZP-2wLEB9Rv6erhFmqVnvg"],"address":{"@id":"https:\/\/www.eldigitaldeasturias.com\/noticias\/#postaladdress","@type":"PostalAddress","streetAddress":"san antonio 4","postalCode":"33430","addressLocality":"Cand\u00e1s","addressRegion":"Asturias","addressCountry":"ES"}},{"@type":"Person","@id":"https:\/\/www.eldigitaldeasturias.com\/noticias\/author\/admin\/#author","url":"https:\/\/www.eldigitaldeasturias.com\/noticias\/author\/admin\/","name":"El Digital de Asturias","image":{"@type":"ImageObject","@id":"https:\/\/www.eldigitaldeasturias.com\/noticias\/de-la-serna-anuncia-un-plan-integral-de-accesibilidad-para-trenes-estaciones-y-servicios-ferroviarios\/#authorImage","url":"https:\/\/secure.gravatar.com\/avatar\/df2aeffc32bcd13f8d26072ef8a91b623d677766deac7f97ca815868cd41bf5e?s=96&d=mm&r=g","width":96,"height":96,"caption":"El Digital de Asturias"}},{"@type":"WebPage","@id":"https:\/\/www.eldigitaldeasturias.com\/noticias\/de-la-serna-anuncia-un-plan-integral-de-accesibilidad-para-trenes-estaciones-y-servicios-ferroviarios\/#webpage","url":"https:\/\/www.eldigitaldeasturias.com\/noticias\/de-la-serna-anuncia-un-plan-integral-de-accesibilidad-para-trenes-estaciones-y-servicios-ferroviarios\/","name":"De la Serna anuncia un Plan Integral de Accesibilidad para trenes, estaciones y servicios ferroviarios - El Digital de Asturias","description":"El ministro de Fomento, \u00cd\u00f1igo de la Serna, ha anunciado que Renfe est\u00e1 ultimando el dise\u00f1o de un nuevo Plan de Accesibilidad, con el que la compa\u00f1\u00eda continuar\u00e1 desarrollando actuaciones para conseguir una plena accesibilidad en estaciones, trenes y servicios. El Plan de Accesibilidad Integral 2018-2026 contemplar\u00e1 la adaptaci\u00f3n de trenes y estaciones, as\u00ed como","inLanguage":"es-ES","isPartOf":{"@id":"https:\/\/www.eldigitaldeasturias.com\/noticias\/#website"},"breadcrumb":{"@id":"https:\/\/www.eldigitaldeasturias.com\/noticias\/de-la-serna-anuncia-un-plan-integral-de-accesibilidad-para-trenes-estaciones-y-servicios-ferroviarios\/#breadcrumblist"},"author":{"@id":"https:\/\/www.eldigitaldeasturias.com\/noticias\/author\/admin\/#author"},"creator":{"@id":"https:\/\/www.eldigitaldeasturias.com\/noticias\/author\/admin\/#author"},"image":{"@type":"ImageObject","url":956827,"@id":"https:\/\/www.eldigitaldeasturias.com\/noticias\/de-la-serna-anuncia-un-plan-integral-de-accesibilidad-para-trenes-estaciones-y-servicios-ferroviarios\/#mainImage"},"primaryImageOfPage":{"@id":"https:\/\/www.eldigitaldeasturias.com\/noticias\/de-la-serna-anuncia-un-plan-integral-de-accesibilidad-para-trenes-estaciones-y-servicios-ferroviarios\/#mainImage"},"datePublished":"2017-10-19T19:41:57+02:00","dateModified":"2017-10-19T19:41:57+02:00"},{"@type":"WebSite","@id":"https:\/\/www.eldigitaldeasturias.com\/noticias\/#website","url":"https:\/\/www.eldigitaldeasturias.com\/noticias\/","name":"El Digital de Asturias - Diario de actualidad y noticias","alternateName":"El Digital de Asturias - Diario de actualidad y noticias","description":"Hemeroteca","inLanguage":"es-ES","publisher":{"@id":"https:\/\/www.eldigitaldeasturias.com\/noticias\/#organization"}}]},"og:locale":"es_ES","og:site_name":"El Digital de Asturias","og:type":"article","og:title":"De la Serna anuncia un Plan Integral de Accesibilidad para trenes, estaciones y servicios ferroviarios - El Digital de Asturias","og:description":"El ministro de Fomento, \u00cd\u00f1igo de la Serna, ha anunciado que Renfe est\u00e1 ultimando el dise\u00f1o de un nuevo Plan de Accesibilidad, con el que la compa\u00f1\u00eda continuar\u00e1 desarrollando actuaciones para conseguir una plena accesibilidad en estaciones, trenes y servicios. El Plan de Accesibilidad Integral 2018-2026 contemplar\u00e1 la adaptaci\u00f3n de trenes y estaciones, as\u00ed como","og:url":"https:\/\/www.eldigitaldeasturias.com\/noticias\/de-la-serna-anuncia-un-plan-integral-de-accesibilidad-para-trenes-estaciones-y-servicios-ferroviarios\/","article:tag":["actualidad"],"article:published_time":"2017-10-19T19:41:57+00:00","article:modified_time":"2017-10-19T19:41:57+00:00","article:publisher":"https:\/\/facebook.com\/eldigitaldeasturias","twitter:card":"summary_large_image","twitter:title":"De la Serna anuncia un Plan Integral de Accesibilidad para trenes, estaciones y servicios ferroviarios - El Digital de Asturias","twitter:description":"El ministro de Fomento, \u00cd\u00f1igo de la Serna, ha anunciado que Renfe est\u00e1 ultimando el dise\u00f1o de un nuevo Plan de Accesibilidad, con el que la compa\u00f1\u00eda continuar\u00e1 desarrollando actuaciones para conseguir una plena accesibilidad en estaciones, trenes y servicios. El Plan de Accesibilidad Integral 2018-2026 contemplar\u00e1 la adaptaci\u00f3n de trenes y estaciones, as\u00ed como","twitter:image":"https:\/\/www.eldigitaldeasturias.com\/noticias\/wp-content\/uploads\/2020\/12\/EDA-1.jpg","twitter:label1":"Escrito por","twitter:data1":"El Digital de Asturias","twitter:label2":"Tiempo de lectura estimado","twitter:data2":"2 minutos"},"aioseo_meta_data":{"post_id":"956826","title":null,"description":null,"keywords":null,"keyphrases":null,"primary_term":null,"canonical_url":null,"og_title":null,"og_description":null,"og_object_type":"default","og_image_type":"default","og_image_url":null,"og_image_width":null,"og_image_height":null,"og_image_custom_url":null,"og_image_custom_fields":null,"og_video":null,"og_custom_url":null,"og_article_section":null,"og_article_tags":null,"twitter_use_og":false,"twitter_card":"default","twitter_image_type":"default","twitter_image_url":null,"twitter_image_custom_url":null,"twitter_image_custom_fields":null,"twitter_title":null,"twitter_description":null,"schema":{"blockGraphs":[],"customGraphs":[],"default":{"data":{"Article":[],"Course":[],"Dataset":[],"FAQPage":[],"Movie":[],"Person":[],"Product":[],"ProductReview":[],"Car":[],"Recipe":[],"Service":[],"SoftwareApplication":[],"WebPage":[]},"graphName":"","isEnabled":true},"graphs":[],"defaultGraph":"","defaultPostTypeGraph":""},"schema_type":null,"schema_type_options":null,"pillar_content":false,"robots_default":true,"robots_noindex":false,"robots_noarchive":false,"robots_nosnippet":false,"robots_nofollow":false,"robots_noimageindex":false,"robots_noodp":false,"robots_notranslate":false,"robots_max_snippet":null,"robots_max_videopreview":null,"robots_max_imagepreview":"large","priority":null,"frequency":null,"local_seo":null,"seo_analyzer_scan_date":"2025-12-06 15:13:08","breadcrumb_settings":null,"limit_modified_date":false,"open_ai":null,"ai":null,"created":"2020-12-21 12:55:40","updated":"2025-12-06 15:13:08","focus_keyword":null,"additional_keywords":null,"truseo_locale":null},"aioseo_breadcrumb":"<div class=\"aioseo-breadcrumbs\"><span class=\"aioseo-breadcrumb\">\n\t<a href=\"https:\/\/www.eldigitaldeasturias.com\/noticias\" title=\"Home\">Home<\/a>\n<\/span><span class=\"aioseo-breadcrumb-separator\">\u2013<\/span><span class=\"aioseo-breadcrumb\">\n\t<a href=\"https:\/\/www.eldigitaldeasturias.com\/noticias\/category\/actualidad\/\" title=\"Actualidad\">Actualidad<\/a>\n<\/span><span class=\"aioseo-breadcrumb-separator\">\u2013<\/span><span class=\"aioseo-breadcrumb\">\n\t<a href=\"https:\/\/www.eldigitaldeasturias.com\/noticias\/de-la-serna-anuncia-un-plan-integral-de-accesibilidad-para-trenes-estaciones-y-servicios-ferroviarios\/\" title=\"De la Serna anuncia un Plan Integral de Accesibilidad para trenes, estaciones y servicios ferroviarios\">De la Serna anuncia un Plan Integral de Accesibilidad para trenes, estaciones y servicios ferroviarios<\/a>\n<\/span><\/div>","aioseo_breadcrumb_json":[{"label":"Home","link":"https:\/\/www.eldigitaldeasturias.com\/noticias"},{"label":"Actualidad","link":"https:\/\/www.eldigitaldeasturias.com\/noticias\/category\/actualidad\/"},{"label":"De la Serna anuncia un Plan Integral de Accesibilidad para trenes, estaciones y servicios ferroviarios","link":"https:\/\/www.eldigitaldeasturias.com\/noticias\/de-la-serna-anuncia-un-plan-integral-de-accesibilidad-para-trenes-estaciones-y-servicios-ferroviarios\/"}],"_links":{"self":[{"href":"https:\/\/www.eldigitaldeasturias.com\/noticias\/wp-json\/wp\/v2\/posts\/956826","targetHints":{"allow":["GET"]}}],"collection":[{"href":"https:\/\/www.eldigitaldeasturias.com\/noticias\/wp-json\/wp\/v2\/posts"}],"about":[{"href":"https:\/\/www.eldigitaldeasturias.com\/noticias\/wp-json\/wp\/v2\/types\/post"}],"author":[{"embeddable":true,"href":"https:\/\/www.eldigitaldeasturias.com\/noticias\/wp-json\/wp\/v2\/users\/1"}],"replies":[{"embeddable":true,"href":"https:\/\/www.eldigitaldeasturias.com\/noticias\/wp-json\/wp\/v2\/comments?post=956826"}],"version-history":[{"count":0,"href":"https:\/\/www.eldigitaldeasturias.com\/noticias\/wp-json\/wp\/v2\/posts\/956826\/revisions"}],"wp:attachment":[{"href":"https:\/\/www.eldigitaldeasturias.com\/noticias\/wp-json\/wp\/v2\/media?parent=956826"}],"wp:term":[{"taxonomy":"category","embeddable":true,"href":"https:\/\/www.eldigitaldeasturias.com\/noticias\/wp-json\/wp\/v2\/categories?post=956826"},{"taxonomy":"post_tag","embeddable":true,"href":"https:\/\/www.eldigitaldeasturias.com\/noticias\/wp-json\/wp\/v2\/tags?post=956826"}],"curies":[{"name":"wp","href":"https:\/\/api.w.org\/{rel}","templated":true}]}}