{"id":956715,"date":"2017-10-19T08:50:42","date_gmt":"2017-10-19T08:50:42","guid":{"rendered":"http:\/\/www.eldigitaldeasturias.com\/noticias\/?p=956715"},"modified":"2017-10-19T08:50:42","modified_gmt":"2017-10-19T08:50:42","slug":"la-ministra-de-defensa-condecora-al-teniente-fernando-perez-serrano","status":"publish","type":"post","link":"https:\/\/www.eldigitaldeasturias.com\/noticias\/la-ministra-de-defensa-condecora-al-teniente-fernando-perez-serrano\/","title":{"rendered":"La ministra de Defensa condecora al teniente Fernando P\u00e9rez Serrano"},"content":{"rendered":"<p><img loading=\"lazy\" decoding=\"async\" class=\"alignleft size-medium wp-image-956716\" src=\"https:\/\/www.eldigitaldeasturias.com\/noticias\/wp-content\/uploads\/2017\/10\/09032017_Defensa-1-360x240.jpg\" alt=\"\" width=\"360\" height=\"240\" \/>La ministra de Defensa, Mar\u00eda Dolores de Cospedal, ha condecorado hoy con la Cruz al M\u00e9rito Aeron\u00e1utico con Distintivo Amarillo a t\u00edtulo p\u00f3stumo al teniente del Ej\u00e9rcito del Aire Fernando P\u00e9rez Serrano, fallecido ayer cuando su avi\u00f3n F-18 sufri\u00f3 un accidente en la Base A\u00e9rea de Torrej\u00f3n de Ardoz (Madrid).<\/p>\n<p>La ministra ha impuesto en el f\u00e9retro del oficial la condecoraci\u00f3n durante las honras f\u00fanebres que se han celebrado esta tarde.<\/p>\n<p>La Cruz al M\u00e9rito Aeron\u00e1utico con Distintivo Amarillo se concede por acciones, hechos o servicios que entra\u00f1en grave riesgo y en los casos de lesiones graves o fallecimiento como consecuencia de actos de servicio siempre que impliquen una conducta meritoria.<\/p>\n<p><strong>Desarrollo de acto<\/strong><\/p>\n<p>El acto militar, al igual que el celebrado el pasado viernes en Albacete, se ha producido en la intimidad, por expreso deseo de la familia, y ha consistido en una misa, oficiada por el vicario general del Aire, Pablo Panadero, seguida de la imposici\u00f3n de la condecoraci\u00f3n, himno del Ej\u00e9rcito del Aire, el homenaje a los que dieron su vida por Espa\u00f1a y la entrega a la familia de la ense\u00f1a nacional que cubr\u00eda el f\u00e9retro. Finalmente, se han rendido los honores de ordenanza.<\/p>\n<p>Junto a la ministra de Defensa, han asistido el ministro del Interior, Juan Ignacio Zoido; el presidente de la Regi\u00f3n de Murcia, Fernando L\u00f3pez Miras; y la delegada del Gobierno en la Comunidad de Madrid, Concepci\u00f3n Dancausa.<\/p>\n<p>Adem\u00e1s, ha estado presente el jefe de Estado Mayor del Ej\u00e9rcito del Aire, general del aire Javier Salto Mart\u00ednez-Avial; as\u00ed como el subsecretario de Defensa, Arturo Roman\u00ed; el jefe del Estado Mayor del Ej\u00e9rcito de Tierra, general de ej\u00e9rcito Francisco Javier Varela Salas; y el Jefe del Cuarto Militar de la Casa de Su Majestad el Rey, almirante Juan Ruiz Casas.<\/p>\n<p>El teniente del Ej\u00e9rcito del Aire Fernando P\u00e9rez Serrano falleci\u00f3 el 17 de octubre, cuando el caza que pilotaba sufri\u00f3 un accidente en la maniobra de despegue en la misma base a\u00e9rea de Torrej\u00f3n.<\/p>\n","protected":false},"excerpt":{"rendered":"<p>La ministra de Defensa, Mar\u00eda Dolores de Cospedal, ha condecorado hoy con la Cruz al M\u00e9rito Aeron\u00e1utico con Distintivo Amarillo a t\u00edtulo p\u00f3stumo al teniente del Ej\u00e9rcito del Aire Fernando P\u00e9rez Serrano, fallecido ayer cuando su avi\u00f3n F-18 sufri\u00f3 un accidente en la Base A\u00e9rea de Torrej\u00f3n de Ardoz (Madrid). La ministra ha impuesto en [&hellip;]<\/p>\n","protected":false},"author":1,"featured_media":956716,"comment_status":"closed","ping_status":"closed","sticky":false,"template":"","format":"standard","meta":{"footnotes":""},"categories":[1],"tags":[],"class_list":["post-956715","post","type-post","status-publish","format-standard","has-post-thumbnail","hentry","category-actualidad"],"aioseo_notices":[],"aioseo_head":"\n\t\t<!-- All in One SEO Pro 5.0.1 - aioseo.com -->\n\t<meta name=\"description\" content=\"La ministra de Defensa, Mar\u00eda Dolores de Cospedal, ha condecorado hoy con la Cruz al M\u00e9rito Aeron\u00e1utico con Distintivo Amarillo a t\u00edtulo p\u00f3stumo al teniente del Ej\u00e9rcito del Aire Fernando P\u00e9rez Serrano, fallecido ayer cuando su avi\u00f3n F-18 sufri\u00f3 un accidente en la Base A\u00e9rea de Torrej\u00f3n de Ardoz (Madrid). La ministra ha impuesto en\" \/>\n\t<meta name=\"robots\" content=\"max-image-preview:large\" \/>\n\t<meta name=\"author\" content=\"El Digital de Asturias\"\/>\n\t<meta name=\"google-site-verification\" content=\"UA-38556648-1\" \/>\n\t<meta name=\"msvalidate.01\" content=\"7dfe9f3f1b24437ab69f4f2559babe99\" \/>\n\t<meta name=\"keywords\" content=\"actualidad\" \/>\n\t<link rel=\"canonical\" href=\"https:\/\/www.eldigitaldeasturias.com\/noticias\/la-ministra-de-defensa-condecora-al-teniente-fernando-perez-serrano\/\" \/>\n\t<meta name=\"generator\" content=\"All in One SEO Pro (AIOSEO) 5.0.1\" \/>\n\t\t<meta property=\"og:locale\" content=\"es_ES\" \/>\n\t\t<meta property=\"og:site_name\" content=\"El Digital de Asturias\" \/>\n\t\t<meta property=\"og:type\" content=\"article\" \/>\n\t\t<meta property=\"og:title\" content=\"La ministra de Defensa condecora al teniente Fernando P\u00e9rez Serrano - El Digital de Asturias\" \/>\n\t\t<meta property=\"og:description\" content=\"La ministra de Defensa, Mar\u00eda Dolores de Cospedal, ha condecorado hoy con la Cruz al M\u00e9rito Aeron\u00e1utico con Distintivo Amarillo a t\u00edtulo p\u00f3stumo al teniente del Ej\u00e9rcito del Aire Fernando P\u00e9rez Serrano, fallecido ayer cuando su avi\u00f3n F-18 sufri\u00f3 un accidente en la Base A\u00e9rea de Torrej\u00f3n de Ardoz (Madrid). La ministra ha impuesto en\" \/>\n\t\t<meta property=\"og:url\" content=\"https:\/\/www.eldigitaldeasturias.com\/noticias\/la-ministra-de-defensa-condecora-al-teniente-fernando-perez-serrano\/\" \/>\n\t\t<meta property=\"article:tag\" content=\"actualidad\" \/>\n\t\t<meta property=\"article:published_time\" content=\"2017-10-19T08:50:42+00:00\" \/>\n\t\t<meta property=\"article:modified_time\" content=\"2017-10-19T08:50:42+00:00\" \/>\n\t\t<meta property=\"article:publisher\" content=\"https:\/\/facebook.com\/eldigitaldeasturias\" \/>\n\t\t<meta name=\"twitter:card\" content=\"summary_large_image\" \/>\n\t\t<meta name=\"twitter:title\" content=\"La ministra de Defensa condecora al teniente Fernando P\u00e9rez Serrano - El Digital de Asturias\" \/>\n\t\t<meta name=\"twitter:description\" content=\"La ministra de Defensa, Mar\u00eda Dolores de Cospedal, ha condecorado hoy con la Cruz al M\u00e9rito Aeron\u00e1utico con Distintivo Amarillo a t\u00edtulo p\u00f3stumo al teniente del Ej\u00e9rcito del Aire Fernando P\u00e9rez Serrano, fallecido ayer cuando su avi\u00f3n F-18 sufri\u00f3 un accidente en la Base A\u00e9rea de Torrej\u00f3n de Ardoz (Madrid). La ministra ha impuesto en\" \/>\n\t\t<meta name=\"twitter:image\" content=\"https:\/\/www.eldigitaldeasturias.com\/noticias\/wp-content\/uploads\/2020\/12\/EDA-1.jpg\" \/>\n\t\t<meta name=\"twitter:label1\" content=\"Escrito por\" \/>\n\t\t<meta name=\"twitter:data1\" content=\"El Digital de Asturias\" \/>\n\t\t<meta name=\"twitter:label2\" content=\"Tiempo de lectura estimado\" \/>\n\t\t<meta name=\"twitter:data2\" content=\"2 minutos\" \/>\n\t\t<script type=\"application\/ld+json\" class=\"aioseo-schema\">\n\t\t\t{\"@context\":\"https:\\\/\\\/schema.org\",\"@graph\":[{\"@type\":\"BlogPosting\",\"@id\":\"https:\\\/\\\/www.eldigitaldeasturias.com\\\/noticias\\\/la-ministra-de-defensa-condecora-al-teniente-fernando-perez-serrano\\\/#blogposting\",\"name\":\"La ministra de Defensa condecora al teniente Fernando P\\u00e9rez Serrano - El Digital de Asturias\",\"headline\":\"La ministra de Defensa condecora al teniente Fernando P\\u00e9rez Serrano\",\"author\":{\"@id\":\"https:\\\/\\\/www.eldigitaldeasturias.com\\\/noticias\\\/author\\\/admin\\\/#author\"},\"publisher\":{\"@id\":\"https:\\\/\\\/www.eldigitaldeasturias.com\\\/noticias\\\/#organization\"},\"image\":{\"@type\":\"ImageObject\",\"url\":956716},\"datePublished\":\"2017-10-19T08:50:42+02:00\",\"dateModified\":\"2017-10-19T08:50:42+02:00\",\"inLanguage\":\"es-ES\",\"mainEntityOfPage\":{\"@id\":\"https:\\\/\\\/www.eldigitaldeasturias.com\\\/noticias\\\/la-ministra-de-defensa-condecora-al-teniente-fernando-perez-serrano\\\/#webpage\"},\"isPartOf\":{\"@id\":\"https:\\\/\\\/www.eldigitaldeasturias.com\\\/noticias\\\/la-ministra-de-defensa-condecora-al-teniente-fernando-perez-serrano\\\/#webpage\"},\"articleSection\":\"Actualidad\"},{\"@type\":\"BreadcrumbList\",\"@id\":\"https:\\\/\\\/www.eldigitaldeasturias.com\\\/noticias\\\/la-ministra-de-defensa-condecora-al-teniente-fernando-perez-serrano\\\/#breadcrumblist\",\"itemListElement\":[{\"@type\":\"ListItem\",\"@id\":\"https:\\\/\\\/www.eldigitaldeasturias.com\\\/noticias#listItem\",\"position\":1,\"name\":\"Home\",\"item\":\"https:\\\/\\\/www.eldigitaldeasturias.com\\\/noticias\",\"nextItem\":{\"@type\":\"ListItem\",\"@id\":\"https:\\\/\\\/www.eldigitaldeasturias.com\\\/noticias\\\/category\\\/actualidad\\\/#listItem\",\"name\":\"Actualidad\"}},{\"@type\":\"ListItem\",\"@id\":\"https:\\\/\\\/www.eldigitaldeasturias.com\\\/noticias\\\/category\\\/actualidad\\\/#listItem\",\"position\":2,\"name\":\"Actualidad\",\"item\":\"https:\\\/\\\/www.eldigitaldeasturias.com\\\/noticias\\\/category\\\/actualidad\\\/\",\"nextItem\":{\"@type\":\"ListItem\",\"@id\":\"https:\\\/\\\/www.eldigitaldeasturias.com\\\/noticias\\\/la-ministra-de-defensa-condecora-al-teniente-fernando-perez-serrano\\\/#listItem\",\"name\":\"La ministra de Defensa condecora al teniente Fernando P\\u00e9rez Serrano\"},\"previousItem\":{\"@type\":\"ListItem\",\"@id\":\"https:\\\/\\\/www.eldigitaldeasturias.com\\\/noticias#listItem\",\"name\":\"Home\"}},{\"@type\":\"ListItem\",\"@id\":\"https:\\\/\\\/www.eldigitaldeasturias.com\\\/noticias\\\/la-ministra-de-defensa-condecora-al-teniente-fernando-perez-serrano\\\/#listItem\",\"position\":3,\"name\":\"La ministra de Defensa condecora al teniente Fernando P\\u00e9rez Serrano\",\"previousItem\":{\"@type\":\"ListItem\",\"@id\":\"https:\\\/\\\/www.eldigitaldeasturias.com\\\/noticias\\\/category\\\/actualidad\\\/#listItem\",\"name\":\"Actualidad\"}}]},{\"@type\":\"Organization\",\"@id\":\"https:\\\/\\\/www.eldigitaldeasturias.com\\\/noticias\\\/#organization\",\"name\":\"El Digital de Asturias\",\"description\":\"Hemeroteca\",\"url\":\"https:\\\/\\\/www.eldigitaldeasturias.com\\\/noticias\\\/\",\"email\":\"info@eldigitaldeasturias.com\",\"telephone\":\"+34652131393\",\"logo\":{\"@type\":\"ImageObject\",\"url\":\"https:\\\/\\\/www.eldigitaldeasturias.com\\\/noticias\\\/wp-content\\\/uploads\\\/2020\\\/12\\\/EDA.jpg\",\"@id\":\"https:\\\/\\\/www.eldigitaldeasturias.com\\\/noticias\\\/la-ministra-de-defensa-condecora-al-teniente-fernando-perez-serrano\\\/#organizationLogo\"},\"image\":{\"@id\":\"https:\\\/\\\/www.eldigitaldeasturias.com\\\/noticias\\\/la-ministra-de-defensa-condecora-al-teniente-fernando-perez-serrano\\\/#organizationLogo\"},\"sameAs\":[\"https:\\\/\\\/facebook.com\\\/eldigitaldeasturias\",\"https:\\\/\\\/www.youtube.com\\\/channel\\\/UCZP-2wLEB9Rv6erhFmqVnvg\"],\"address\":{\"@id\":\"https:\\\/\\\/www.eldigitaldeasturias.com\\\/noticias\\\/#postaladdress\",\"@type\":\"PostalAddress\",\"streetAddress\":\"san antonio 4\",\"postalCode\":\"33430\",\"addressLocality\":\"Cand\\u00e1s\",\"addressRegion\":\"Asturias\",\"addressCountry\":\"ES\"}},{\"@type\":\"Person\",\"@id\":\"https:\\\/\\\/www.eldigitaldeasturias.com\\\/noticias\\\/author\\\/admin\\\/#author\",\"url\":\"https:\\\/\\\/www.eldigitaldeasturias.com\\\/noticias\\\/author\\\/admin\\\/\",\"name\":\"El Digital de Asturias\",\"image\":{\"@type\":\"ImageObject\",\"@id\":\"https:\\\/\\\/www.eldigitaldeasturias.com\\\/noticias\\\/la-ministra-de-defensa-condecora-al-teniente-fernando-perez-serrano\\\/#authorImage\",\"url\":\"https:\\\/\\\/secure.gravatar.com\\\/avatar\\\/df2aeffc32bcd13f8d26072ef8a91b623d677766deac7f97ca815868cd41bf5e?s=96&d=mm&r=g\",\"width\":96,\"height\":96,\"caption\":\"El Digital de Asturias\"}},{\"@type\":\"WebPage\",\"@id\":\"https:\\\/\\\/www.eldigitaldeasturias.com\\\/noticias\\\/la-ministra-de-defensa-condecora-al-teniente-fernando-perez-serrano\\\/#webpage\",\"url\":\"https:\\\/\\\/www.eldigitaldeasturias.com\\\/noticias\\\/la-ministra-de-defensa-condecora-al-teniente-fernando-perez-serrano\\\/\",\"name\":\"La ministra de Defensa condecora al teniente Fernando P\\u00e9rez Serrano - El Digital de Asturias\",\"description\":\"La ministra de Defensa, Mar\\u00eda Dolores de Cospedal, ha condecorado hoy con la Cruz al M\\u00e9rito Aeron\\u00e1utico con Distintivo Amarillo a t\\u00edtulo p\\u00f3stumo al teniente del Ej\\u00e9rcito del Aire Fernando P\\u00e9rez Serrano, fallecido ayer cuando su avi\\u00f3n F-18 sufri\\u00f3 un accidente en la Base A\\u00e9rea de Torrej\\u00f3n de Ardoz (Madrid). La ministra ha impuesto en\",\"inLanguage\":\"es-ES\",\"isPartOf\":{\"@id\":\"https:\\\/\\\/www.eldigitaldeasturias.com\\\/noticias\\\/#website\"},\"breadcrumb\":{\"@id\":\"https:\\\/\\\/www.eldigitaldeasturias.com\\\/noticias\\\/la-ministra-de-defensa-condecora-al-teniente-fernando-perez-serrano\\\/#breadcrumblist\"},\"author\":{\"@id\":\"https:\\\/\\\/www.eldigitaldeasturias.com\\\/noticias\\\/author\\\/admin\\\/#author\"},\"creator\":{\"@id\":\"https:\\\/\\\/www.eldigitaldeasturias.com\\\/noticias\\\/author\\\/admin\\\/#author\"},\"image\":{\"@type\":\"ImageObject\",\"url\":956716,\"@id\":\"https:\\\/\\\/www.eldigitaldeasturias.com\\\/noticias\\\/la-ministra-de-defensa-condecora-al-teniente-fernando-perez-serrano\\\/#mainImage\"},\"primaryImageOfPage\":{\"@id\":\"https:\\\/\\\/www.eldigitaldeasturias.com\\\/noticias\\\/la-ministra-de-defensa-condecora-al-teniente-fernando-perez-serrano\\\/#mainImage\"},\"datePublished\":\"2017-10-19T08:50:42+02:00\",\"dateModified\":\"2017-10-19T08:50:42+02:00\"},{\"@type\":\"WebSite\",\"@id\":\"https:\\\/\\\/www.eldigitaldeasturias.com\\\/noticias\\\/#website\",\"url\":\"https:\\\/\\\/www.eldigitaldeasturias.com\\\/noticias\\\/\",\"name\":\"El Digital de Asturias - Diario de actualidad y noticias\",\"alternateName\":\"El Digital de Asturias - Diario de actualidad y noticias\",\"description\":\"Hemeroteca\",\"inLanguage\":\"es-ES\",\"publisher\":{\"@id\":\"https:\\\/\\\/www.eldigitaldeasturias.com\\\/noticias\\\/#organization\"}}]}\n\t\t<\/script>\n\t\t<!-- All in One SEO Pro -->\r\n\t\t<title>La ministra de Defensa condecora al teniente Fernando P\u00e9rez Serrano - El Digital de Asturias<\/title>\n\n","aioseo_head_json":{"title":"La ministra de Defensa condecora al teniente Fernando P\u00e9rez Serrano - El Digital de Asturias","description":"La ministra de Defensa, Mar\u00eda Dolores de Cospedal, ha condecorado hoy con la Cruz al M\u00e9rito Aeron\u00e1utico con Distintivo Amarillo a t\u00edtulo p\u00f3stumo al teniente del Ej\u00e9rcito del Aire Fernando P\u00e9rez Serrano, fallecido ayer cuando su avi\u00f3n F-18 sufri\u00f3 un accidente en la Base A\u00e9rea de Torrej\u00f3n de Ardoz (Madrid). La ministra ha impuesto en","canonical_url":"https:\/\/www.eldigitaldeasturias.com\/noticias\/la-ministra-de-defensa-condecora-al-teniente-fernando-perez-serrano\/","robots":"max-image-preview:large","keywords":"actualidad","webmasterTools":{"google-site-verification":"UA-38556648-1","msvalidate.01":"7dfe9f3f1b24437ab69f4f2559babe99","miscellaneous":""},"schema":{"@context":"https:\/\/schema.org","@graph":[{"@type":"BlogPosting","@id":"https:\/\/www.eldigitaldeasturias.com\/noticias\/la-ministra-de-defensa-condecora-al-teniente-fernando-perez-serrano\/#blogposting","name":"La ministra de Defensa condecora al teniente Fernando P\u00e9rez Serrano - El Digital de Asturias","headline":"La ministra de Defensa condecora al teniente Fernando P\u00e9rez Serrano","author":{"@id":"https:\/\/www.eldigitaldeasturias.com\/noticias\/author\/admin\/#author"},"publisher":{"@id":"https:\/\/www.eldigitaldeasturias.com\/noticias\/#organization"},"image":{"@type":"ImageObject","url":956716},"datePublished":"2017-10-19T08:50:42+02:00","dateModified":"2017-10-19T08:50:42+02:00","inLanguage":"es-ES","mainEntityOfPage":{"@id":"https:\/\/www.eldigitaldeasturias.com\/noticias\/la-ministra-de-defensa-condecora-al-teniente-fernando-perez-serrano\/#webpage"},"isPartOf":{"@id":"https:\/\/www.eldigitaldeasturias.com\/noticias\/la-ministra-de-defensa-condecora-al-teniente-fernando-perez-serrano\/#webpage"},"articleSection":"Actualidad"},{"@type":"BreadcrumbList","@id":"https:\/\/www.eldigitaldeasturias.com\/noticias\/la-ministra-de-defensa-condecora-al-teniente-fernando-perez-serrano\/#breadcrumblist","itemListElement":[{"@type":"ListItem","@id":"https:\/\/www.eldigitaldeasturias.com\/noticias#listItem","position":1,"name":"Home","item":"https:\/\/www.eldigitaldeasturias.com\/noticias","nextItem":{"@type":"ListItem","@id":"https:\/\/www.eldigitaldeasturias.com\/noticias\/category\/actualidad\/#listItem","name":"Actualidad"}},{"@type":"ListItem","@id":"https:\/\/www.eldigitaldeasturias.com\/noticias\/category\/actualidad\/#listItem","position":2,"name":"Actualidad","item":"https:\/\/www.eldigitaldeasturias.com\/noticias\/category\/actualidad\/","nextItem":{"@type":"ListItem","@id":"https:\/\/www.eldigitaldeasturias.com\/noticias\/la-ministra-de-defensa-condecora-al-teniente-fernando-perez-serrano\/#listItem","name":"La ministra de Defensa condecora al teniente Fernando P\u00e9rez Serrano"},"previousItem":{"@type":"ListItem","@id":"https:\/\/www.eldigitaldeasturias.com\/noticias#listItem","name":"Home"}},{"@type":"ListItem","@id":"https:\/\/www.eldigitaldeasturias.com\/noticias\/la-ministra-de-defensa-condecora-al-teniente-fernando-perez-serrano\/#listItem","position":3,"name":"La ministra de Defensa condecora al teniente Fernando P\u00e9rez Serrano","previousItem":{"@type":"ListItem","@id":"https:\/\/www.eldigitaldeasturias.com\/noticias\/category\/actualidad\/#listItem","name":"Actualidad"}}]},{"@type":"Organization","@id":"https:\/\/www.eldigitaldeasturias.com\/noticias\/#organization","name":"El Digital de Asturias","description":"Hemeroteca","url":"https:\/\/www.eldigitaldeasturias.com\/noticias\/","email":"info@eldigitaldeasturias.com","telephone":"+34652131393","logo":{"@type":"ImageObject","url":"https:\/\/www.eldigitaldeasturias.com\/noticias\/wp-content\/uploads\/2020\/12\/EDA.jpg","@id":"https:\/\/www.eldigitaldeasturias.com\/noticias\/la-ministra-de-defensa-condecora-al-teniente-fernando-perez-serrano\/#organizationLogo"},"image":{"@id":"https:\/\/www.eldigitaldeasturias.com\/noticias\/la-ministra-de-defensa-condecora-al-teniente-fernando-perez-serrano\/#organizationLogo"},"sameAs":["https:\/\/facebook.com\/eldigitaldeasturias","https:\/\/www.youtube.com\/channel\/UCZP-2wLEB9Rv6erhFmqVnvg"],"address":{"@id":"https:\/\/www.eldigitaldeasturias.com\/noticias\/#postaladdress","@type":"PostalAddress","streetAddress":"san antonio 4","postalCode":"33430","addressLocality":"Cand\u00e1s","addressRegion":"Asturias","addressCountry":"ES"}},{"@type":"Person","@id":"https:\/\/www.eldigitaldeasturias.com\/noticias\/author\/admin\/#author","url":"https:\/\/www.eldigitaldeasturias.com\/noticias\/author\/admin\/","name":"El Digital de Asturias","image":{"@type":"ImageObject","@id":"https:\/\/www.eldigitaldeasturias.com\/noticias\/la-ministra-de-defensa-condecora-al-teniente-fernando-perez-serrano\/#authorImage","url":"https:\/\/secure.gravatar.com\/avatar\/df2aeffc32bcd13f8d26072ef8a91b623d677766deac7f97ca815868cd41bf5e?s=96&d=mm&r=g","width":96,"height":96,"caption":"El Digital de Asturias"}},{"@type":"WebPage","@id":"https:\/\/www.eldigitaldeasturias.com\/noticias\/la-ministra-de-defensa-condecora-al-teniente-fernando-perez-serrano\/#webpage","url":"https:\/\/www.eldigitaldeasturias.com\/noticias\/la-ministra-de-defensa-condecora-al-teniente-fernando-perez-serrano\/","name":"La ministra de Defensa condecora al teniente Fernando P\u00e9rez Serrano - El Digital de Asturias","description":"La ministra de Defensa, Mar\u00eda Dolores de Cospedal, ha condecorado hoy con la Cruz al M\u00e9rito Aeron\u00e1utico con Distintivo Amarillo a t\u00edtulo p\u00f3stumo al teniente del Ej\u00e9rcito del Aire Fernando P\u00e9rez Serrano, fallecido ayer cuando su avi\u00f3n F-18 sufri\u00f3 un accidente en la Base A\u00e9rea de Torrej\u00f3n de Ardoz (Madrid). La ministra ha impuesto en","inLanguage":"es-ES","isPartOf":{"@id":"https:\/\/www.eldigitaldeasturias.com\/noticias\/#website"},"breadcrumb":{"@id":"https:\/\/www.eldigitaldeasturias.com\/noticias\/la-ministra-de-defensa-condecora-al-teniente-fernando-perez-serrano\/#breadcrumblist"},"author":{"@id":"https:\/\/www.eldigitaldeasturias.com\/noticias\/author\/admin\/#author"},"creator":{"@id":"https:\/\/www.eldigitaldeasturias.com\/noticias\/author\/admin\/#author"},"image":{"@type":"ImageObject","url":956716,"@id":"https:\/\/www.eldigitaldeasturias.com\/noticias\/la-ministra-de-defensa-condecora-al-teniente-fernando-perez-serrano\/#mainImage"},"primaryImageOfPage":{"@id":"https:\/\/www.eldigitaldeasturias.com\/noticias\/la-ministra-de-defensa-condecora-al-teniente-fernando-perez-serrano\/#mainImage"},"datePublished":"2017-10-19T08:50:42+02:00","dateModified":"2017-10-19T08:50:42+02:00"},{"@type":"WebSite","@id":"https:\/\/www.eldigitaldeasturias.com\/noticias\/#website","url":"https:\/\/www.eldigitaldeasturias.com\/noticias\/","name":"El Digital de Asturias - Diario de actualidad y noticias","alternateName":"El Digital de Asturias - Diario de actualidad y noticias","description":"Hemeroteca","inLanguage":"es-ES","publisher":{"@id":"https:\/\/www.eldigitaldeasturias.com\/noticias\/#organization"}}]},"og:locale":"es_ES","og:site_name":"El Digital de Asturias","og:type":"article","og:title":"La ministra de Defensa condecora al teniente Fernando P\u00e9rez Serrano - El Digital de Asturias","og:description":"La ministra de Defensa, Mar\u00eda Dolores de Cospedal, ha condecorado hoy con la Cruz al M\u00e9rito Aeron\u00e1utico con Distintivo Amarillo a t\u00edtulo p\u00f3stumo al teniente del Ej\u00e9rcito del Aire Fernando P\u00e9rez Serrano, fallecido ayer cuando su avi\u00f3n F-18 sufri\u00f3 un accidente en la Base A\u00e9rea de Torrej\u00f3n de Ardoz (Madrid). La ministra ha impuesto en","og:url":"https:\/\/www.eldigitaldeasturias.com\/noticias\/la-ministra-de-defensa-condecora-al-teniente-fernando-perez-serrano\/","article:tag":["actualidad"],"article:published_time":"2017-10-19T08:50:42+00:00","article:modified_time":"2017-10-19T08:50:42+00:00","article:publisher":"https:\/\/facebook.com\/eldigitaldeasturias","twitter:card":"summary_large_image","twitter:title":"La ministra de Defensa condecora al teniente Fernando P\u00e9rez Serrano - El Digital de Asturias","twitter:description":"La ministra de Defensa, Mar\u00eda Dolores de Cospedal, ha condecorado hoy con la Cruz al M\u00e9rito Aeron\u00e1utico con Distintivo Amarillo a t\u00edtulo p\u00f3stumo al teniente del Ej\u00e9rcito del Aire Fernando P\u00e9rez Serrano, fallecido ayer cuando su avi\u00f3n F-18 sufri\u00f3 un accidente en la Base A\u00e9rea de Torrej\u00f3n de Ardoz (Madrid). La ministra ha impuesto en","twitter:image":"https:\/\/www.eldigitaldeasturias.com\/noticias\/wp-content\/uploads\/2020\/12\/EDA-1.jpg","twitter:label1":"Escrito por","twitter:data1":"El Digital de Asturias","twitter:label2":"Tiempo de lectura estimado","twitter:data2":"2 minutos"},"aioseo_meta_data":{"post_id":"956715","title":null,"description":null,"keywords":null,"keyphrases":null,"primary_term":null,"canonical_url":null,"og_title":null,"og_description":null,"og_object_type":"default","og_image_type":"default","og_image_url":null,"og_image_width":null,"og_image_height":null,"og_image_custom_url":null,"og_image_custom_fields":null,"og_video":null,"og_custom_url":null,"og_article_section":null,"og_article_tags":null,"twitter_use_og":false,"twitter_card":"default","twitter_image_type":"default","twitter_image_url":null,"twitter_image_custom_url":null,"twitter_image_custom_fields":null,"twitter_title":null,"twitter_description":null,"schema":{"blockGraphs":[],"customGraphs":[],"default":{"data":{"Article":[],"Course":[],"Dataset":[],"FAQPage":[],"Movie":[],"Person":[],"Product":[],"ProductReview":[],"Car":[],"Recipe":[],"Service":[],"SoftwareApplication":[],"WebPage":[]},"graphName":"","isEnabled":true},"graphs":[],"defaultGraph":"","defaultPostTypeGraph":""},"schema_type":null,"schema_type_options":null,"pillar_content":false,"robots_default":true,"robots_noindex":false,"robots_noarchive":false,"robots_nosnippet":false,"robots_nofollow":false,"robots_noimageindex":false,"robots_noodp":false,"robots_notranslate":false,"robots_max_snippet":null,"robots_max_videopreview":null,"robots_max_imagepreview":"large","priority":null,"frequency":null,"local_seo":null,"seo_analyzer_scan_date":"2025-12-06 14:48:07","breadcrumb_settings":null,"limit_modified_date":false,"open_ai":null,"ai":null,"created":"2020-12-21 12:55:48","updated":"2025-12-06 14:48:07","focus_keyword":null,"additional_keywords":null,"truseo_locale":null},"aioseo_breadcrumb":"<div class=\"aioseo-breadcrumbs\"><span class=\"aioseo-breadcrumb\">\n\t<a href=\"https:\/\/www.eldigitaldeasturias.com\/noticias\" title=\"Home\">Home<\/a>\n<\/span><span class=\"aioseo-breadcrumb-separator\">\u2013<\/span><span class=\"aioseo-breadcrumb\">\n\t<a href=\"https:\/\/www.eldigitaldeasturias.com\/noticias\/category\/actualidad\/\" title=\"Actualidad\">Actualidad<\/a>\n<\/span><span class=\"aioseo-breadcrumb-separator\">\u2013<\/span><span class=\"aioseo-breadcrumb\">\n\t<a href=\"https:\/\/www.eldigitaldeasturias.com\/noticias\/la-ministra-de-defensa-condecora-al-teniente-fernando-perez-serrano\/\" title=\"La ministra de Defensa condecora al teniente Fernando P\u00e9rez Serrano\">La ministra de Defensa condecora al teniente Fernando P\u00e9rez Serrano<\/a>\n<\/span><\/div>","aioseo_breadcrumb_json":[{"label":"Home","link":"https:\/\/www.eldigitaldeasturias.com\/noticias"},{"label":"Actualidad","link":"https:\/\/www.eldigitaldeasturias.com\/noticias\/category\/actualidad\/"},{"label":"La ministra de Defensa condecora al teniente Fernando P\u00e9rez Serrano","link":"https:\/\/www.eldigitaldeasturias.com\/noticias\/la-ministra-de-defensa-condecora-al-teniente-fernando-perez-serrano\/"}],"_links":{"self":[{"href":"https:\/\/www.eldigitaldeasturias.com\/noticias\/wp-json\/wp\/v2\/posts\/956715","targetHints":{"allow":["GET"]}}],"collection":[{"href":"https:\/\/www.eldigitaldeasturias.com\/noticias\/wp-json\/wp\/v2\/posts"}],"about":[{"href":"https:\/\/www.eldigitaldeasturias.com\/noticias\/wp-json\/wp\/v2\/types\/post"}],"author":[{"embeddable":true,"href":"https:\/\/www.eldigitaldeasturias.com\/noticias\/wp-json\/wp\/v2\/users\/1"}],"replies":[{"embeddable":true,"href":"https:\/\/www.eldigitaldeasturias.com\/noticias\/wp-json\/wp\/v2\/comments?post=956715"}],"version-history":[{"count":0,"href":"https:\/\/www.eldigitaldeasturias.com\/noticias\/wp-json\/wp\/v2\/posts\/956715\/revisions"}],"wp:attachment":[{"href":"https:\/\/www.eldigitaldeasturias.com\/noticias\/wp-json\/wp\/v2\/media?parent=956715"}],"wp:term":[{"taxonomy":"category","embeddable":true,"href":"https:\/\/www.eldigitaldeasturias.com\/noticias\/wp-json\/wp\/v2\/categories?post=956715"},{"taxonomy":"post_tag","embeddable":true,"href":"https:\/\/www.eldigitaldeasturias.com\/noticias\/wp-json\/wp\/v2\/tags?post=956715"}],"curies":[{"name":"wp","href":"https:\/\/api.w.org\/{rel}","templated":true}]}}