{"id":956659,"date":"2017-10-18T21:53:06","date_gmt":"2017-10-18T21:53:06","guid":{"rendered":"http:\/\/www.eldigitaldeasturias.com\/noticias\/?p=956659"},"modified":"2017-10-18T21:53:06","modified_gmt":"2017-10-18T21:53:06","slug":"cospedal-los-que-han-provocado-la-fractura-social-en-cataluna-tienen-que-volver-a-la-legalidad","status":"publish","type":"post","link":"https:\/\/www.eldigitaldeasturias.com\/noticias\/cospedal-los-que-han-provocado-la-fractura-social-en-cataluna-tienen-que-volver-a-la-legalidad\/","title":{"rendered":"Cospedal: \u00abLos que han provocado la fractura social en Catalu\u00f1a tienen que volver a la legalidad\u00bb"},"content":{"rendered":"<p><img loading=\"lazy\" decoding=\"async\" class=\"alignleft size-medium wp-image-956660\" src=\"https:\/\/www.eldigitaldeasturias.com\/noticias\/wp-content\/uploads\/2017\/10\/181017Cospedal-360x239.jpg\" alt=\"\" width=\"360\" height=\"239\" \/>La ministra de Defensa, Mar\u00eda Dolores de Cospedal, ha asegurado que \u00ablos que se han colocado al margen de la legalidad, los que han provocado la fractura social en Catalu\u00f1a, los que han provocado y est\u00e1n provocando el desastre econ\u00f3mico en Catalu\u00f1a tienen que darse cuenta de que un gobernante debe actuar por el inter\u00e9s general y no por su propio inter\u00e9s\u00bb, y que todav\u00eda hay tiempo de \u00abvolver a la legalidad\u00bb.<\/p>\n<p>En su intervenci\u00f3n durante la visita a la Comandancia Naval de Bilbao, donde ha presidido hoy el Consejo Superior de la Armada, Mar\u00eda Dolores de Cospedal ha resaltado la importancia de las Fuerzas Armadas \u00aben la defensa de nuestra soberan\u00eda nacional\u00bb, y ha indicado que \u00abrealizan un trabajo constante, silencioso, permanente, con una gran vocaci\u00f3n de servicio\u00bb.<\/p>\n<p>Por todo ello, ha mostrado su agradecimiento y reconocimiento en un momento como el actual en el que \u00ablamentablemente, algunos han olvidado que cuando uno vive en una democracia el primero que tiene la obligaci\u00f3n de cumplir la ley es el gobernante\u00bb. A los dirigentes de la Generalitat les ha pedido, de este modo, \u00abque se den cuenta de que viven en un pa\u00eds democr\u00e1tico y por lo tanto tienen la obligaci\u00f3n de cumplir la ley, como todos los ciudadanos\u00bb.<\/p>\n<p>\u00abPido que vuelvan a la legalidad y que no se pongan al margen de la democracia y la ley\u00bb, ha a\u00f1adido, al mismo tiempo que ha manifestado que \u00abtodav\u00eda quedan unas horas\u00bb antes de que expire el plazo dado por el Gobierno para el cumplimiento constitucional.<\/p>\n<p>La ministra de Defensa ha recordado que las Fuerzas Armadas espa\u00f1olas est\u00e1n \u00abcomprometidas\u00bb con su papel como \u00abgarantes de nuestro orden constitucional\u00bb. \u00abLo hacen dentro de Espa\u00f1a, lo hacen muy lejos de nuestras fronteras, y ellas, junto con las Fuerzas y Cuerpos de Seguridad del Estado que defienden el ejercicio de nuestros derechos y libertades como ciudadanos, nos hacen sentirse tranquilos a todos los espa\u00f1oles\u00bb.<\/p>\n<p><strong>Reconocimiento por su sacrificio<\/strong><\/p>\n<p>Las primeras palabras de la ministra han sido, precisamente, para \u00abrendir un homenaje y destacar la labor de dos miembros de las Fuerzas Armadas\u00bb, el teniente Fernando P\u00e9rez Serrano y el capit\u00e1n Borja Aybar, fallecidos en accidentes de avi\u00f3n en los \u00faltimos d\u00edas.<\/p>\n<p>\u00abLos miembros de las Fuerzas Armadas son personas que dedican su vida al servicio p\u00fablico, al servicio de su pa\u00eds y que est\u00e1n dispuestos a darlo todo en cumplimiento de su misi\u00f3n\u00bb, ha expresado antes de subrayar \u00abel reconocimiento y tambi\u00e9n el apoyo, cari\u00f1o, afecto y solidaridad de todos\u00bb con las familias.<\/p>\n<p><strong>Consejo Superior de la Armada<\/strong><\/p>\n<p>Mar\u00eda Dolores de Cospedal ha presidido hoy en la Comandancia Naval de Bilbao el Consejo Superior de la Armada, donde fue recibida por el Almirante Jefe de Estado Mayor de la Armada, almirante general Teodoro L\u00f3pez Calder\u00f3n; y por el comandante Naval de Bilbao, el capit\u00e1n de nav\u00edo Jos\u00e9 Luis Gonz\u00e1lez Ant\u00f3n.<\/p>\n<p>Por primera vez en su historia, este Consejo se ha celebrado en Bilbao: \u00abEl pasado, el presente y el futuro; todo lleva nombre de marinos vascos. Es un honor y tributo que queremos rendir hoy en la Comandancia de Bilbao\u00bb, ha se\u00f1alado.<\/p>\n<p>El Consejo Superior de la Armada es un \u00f3rgano colegiado, asesor y consultivo de la ministra de Defensa y del jefe de Estado Mayor de la Armada. Entre sus competencias se incluyen las tareas de asesorar a la ministra en materias relativas a la estructuraci\u00f3n de la Armada y al desarrollo de la pol\u00edtica militar que le corresponda, emitir informe en aquellos asuntos que se someta a su consideraci\u00f3n y evaluar para el ascenso al empleo de general de brigada o contralmirante.<\/p>\n<p>&nbsp;<\/p>\n","protected":false},"excerpt":{"rendered":"<p>La ministra de Defensa, Mar\u00eda Dolores de Cospedal, ha asegurado que \u00ablos que se han colocado al margen de la legalidad, los que han provocado la fractura social en Catalu\u00f1a, los que han provocado y est\u00e1n provocando el desastre econ\u00f3mico en Catalu\u00f1a tienen que darse cuenta de que un gobernante debe actuar por el inter\u00e9s [&hellip;]<\/p>\n","protected":false},"author":1,"featured_media":956660,"comment_status":"closed","ping_status":"closed","sticky":false,"template":"","format":"standard","meta":{"footnotes":""},"categories":[1],"tags":[],"class_list":["post-956659","post","type-post","status-publish","format-standard","has-post-thumbnail","hentry","category-actualidad"],"aioseo_notices":[],"aioseo_head":"\n\t\t<!-- All in One SEO Pro 5.0.1 - aioseo.com -->\n\t<meta name=\"description\" content=\"La ministra de Defensa, Mar\u00eda Dolores de Cospedal, ha asegurado que &quot;los que se han colocado al margen de la legalidad, los que han provocado la fractura social en Catalu\u00f1a, los que han provocado y est\u00e1n provocando el desastre econ\u00f3mico en Catalu\u00f1a tienen que darse cuenta de que un gobernante debe actuar por el inter\u00e9s\" \/>\n\t<meta name=\"robots\" content=\"max-image-preview:large\" \/>\n\t<meta name=\"author\" content=\"El Digital de Asturias\"\/>\n\t<meta name=\"google-site-verification\" content=\"UA-38556648-1\" \/>\n\t<meta name=\"msvalidate.01\" content=\"7dfe9f3f1b24437ab69f4f2559babe99\" \/>\n\t<meta name=\"keywords\" content=\"actualidad\" \/>\n\t<link rel=\"canonical\" href=\"https:\/\/www.eldigitaldeasturias.com\/noticias\/cospedal-los-que-han-provocado-la-fractura-social-en-cataluna-tienen-que-volver-a-la-legalidad\/\" \/>\n\t<meta name=\"generator\" content=\"All in One SEO Pro (AIOSEO) 5.0.1\" \/>\n\t\t<meta property=\"og:locale\" content=\"es_ES\" \/>\n\t\t<meta property=\"og:site_name\" content=\"El Digital de Asturias\" \/>\n\t\t<meta property=\"og:type\" content=\"article\" \/>\n\t\t<meta property=\"og:title\" content=\"Cospedal: \u00abLos que han provocado la fractura social en Catalu\u00f1a tienen que volver a la legalidad\u00bb - El Digital de Asturias\" \/>\n\t\t<meta property=\"og:description\" content=\"La ministra de Defensa, Mar\u00eda Dolores de Cospedal, ha asegurado que &quot;los que se han colocado al margen de la legalidad, los que han provocado la fractura social en Catalu\u00f1a, los que han provocado y est\u00e1n provocando el desastre econ\u00f3mico en Catalu\u00f1a tienen que darse cuenta de que un gobernante debe actuar por el inter\u00e9s\" \/>\n\t\t<meta property=\"og:url\" content=\"https:\/\/www.eldigitaldeasturias.com\/noticias\/cospedal-los-que-han-provocado-la-fractura-social-en-cataluna-tienen-que-volver-a-la-legalidad\/\" \/>\n\t\t<meta property=\"article:tag\" content=\"actualidad\" \/>\n\t\t<meta property=\"article:published_time\" content=\"2017-10-18T21:53:06+00:00\" \/>\n\t\t<meta property=\"article:modified_time\" content=\"2017-10-18T21:53:06+00:00\" \/>\n\t\t<meta property=\"article:publisher\" content=\"https:\/\/facebook.com\/eldigitaldeasturias\" \/>\n\t\t<meta name=\"twitter:card\" content=\"summary_large_image\" \/>\n\t\t<meta name=\"twitter:title\" content=\"Cospedal: \u00abLos que han provocado la fractura social en Catalu\u00f1a tienen que volver a la legalidad\u00bb - El Digital de Asturias\" \/>\n\t\t<meta name=\"twitter:description\" content=\"La ministra de Defensa, Mar\u00eda Dolores de Cospedal, ha asegurado que &quot;los que se han colocado al margen de la legalidad, los que han provocado la fractura social en Catalu\u00f1a, los que han provocado y est\u00e1n provocando el desastre econ\u00f3mico en Catalu\u00f1a tienen que darse cuenta de que un gobernante debe actuar por el inter\u00e9s\" \/>\n\t\t<meta name=\"twitter:image\" content=\"https:\/\/www.eldigitaldeasturias.com\/noticias\/wp-content\/uploads\/2020\/12\/EDA-1.jpg\" \/>\n\t\t<meta name=\"twitter:label1\" content=\"Escrito por\" \/>\n\t\t<meta name=\"twitter:data1\" content=\"El Digital de Asturias\" \/>\n\t\t<meta name=\"twitter:label2\" content=\"Tiempo de lectura estimado\" \/>\n\t\t<meta name=\"twitter:data2\" content=\"3 minutos\" \/>\n\t\t<script type=\"application\/ld+json\" class=\"aioseo-schema\">\n\t\t\t{\"@context\":\"https:\\\/\\\/schema.org\",\"@graph\":[{\"@type\":\"BlogPosting\",\"@id\":\"https:\\\/\\\/www.eldigitaldeasturias.com\\\/noticias\\\/cospedal-los-que-han-provocado-la-fractura-social-en-cataluna-tienen-que-volver-a-la-legalidad\\\/#blogposting\",\"name\":\"Cospedal: \\u00abLos que han provocado la fractura social en Catalu\\u00f1a tienen que volver a la legalidad\\u00bb - El Digital de Asturias\",\"headline\":\"Cospedal: \\u00abLos que han provocado la fractura social en Catalu\\u00f1a tienen que volver a la legalidad\\u00bb\",\"author\":{\"@id\":\"https:\\\/\\\/www.eldigitaldeasturias.com\\\/noticias\\\/author\\\/admin\\\/#author\"},\"publisher\":{\"@id\":\"https:\\\/\\\/www.eldigitaldeasturias.com\\\/noticias\\\/#organization\"},\"image\":{\"@type\":\"ImageObject\",\"url\":956660},\"datePublished\":\"2017-10-18T21:53:06+02:00\",\"dateModified\":\"2017-10-18T21:53:06+02:00\",\"inLanguage\":\"es-ES\",\"mainEntityOfPage\":{\"@id\":\"https:\\\/\\\/www.eldigitaldeasturias.com\\\/noticias\\\/cospedal-los-que-han-provocado-la-fractura-social-en-cataluna-tienen-que-volver-a-la-legalidad\\\/#webpage\"},\"isPartOf\":{\"@id\":\"https:\\\/\\\/www.eldigitaldeasturias.com\\\/noticias\\\/cospedal-los-que-han-provocado-la-fractura-social-en-cataluna-tienen-que-volver-a-la-legalidad\\\/#webpage\"},\"articleSection\":\"Actualidad\"},{\"@type\":\"BreadcrumbList\",\"@id\":\"https:\\\/\\\/www.eldigitaldeasturias.com\\\/noticias\\\/cospedal-los-que-han-provocado-la-fractura-social-en-cataluna-tienen-que-volver-a-la-legalidad\\\/#breadcrumblist\",\"itemListElement\":[{\"@type\":\"ListItem\",\"@id\":\"https:\\\/\\\/www.eldigitaldeasturias.com\\\/noticias#listItem\",\"position\":1,\"name\":\"Home\",\"item\":\"https:\\\/\\\/www.eldigitaldeasturias.com\\\/noticias\",\"nextItem\":{\"@type\":\"ListItem\",\"@id\":\"https:\\\/\\\/www.eldigitaldeasturias.com\\\/noticias\\\/category\\\/actualidad\\\/#listItem\",\"name\":\"Actualidad\"}},{\"@type\":\"ListItem\",\"@id\":\"https:\\\/\\\/www.eldigitaldeasturias.com\\\/noticias\\\/category\\\/actualidad\\\/#listItem\",\"position\":2,\"name\":\"Actualidad\",\"item\":\"https:\\\/\\\/www.eldigitaldeasturias.com\\\/noticias\\\/category\\\/actualidad\\\/\",\"nextItem\":{\"@type\":\"ListItem\",\"@id\":\"https:\\\/\\\/www.eldigitaldeasturias.com\\\/noticias\\\/cospedal-los-que-han-provocado-la-fractura-social-en-cataluna-tienen-que-volver-a-la-legalidad\\\/#listItem\",\"name\":\"Cospedal: \\u00abLos que han provocado la fractura social en Catalu\\u00f1a tienen que volver a la legalidad\\u00bb\"},\"previousItem\":{\"@type\":\"ListItem\",\"@id\":\"https:\\\/\\\/www.eldigitaldeasturias.com\\\/noticias#listItem\",\"name\":\"Home\"}},{\"@type\":\"ListItem\",\"@id\":\"https:\\\/\\\/www.eldigitaldeasturias.com\\\/noticias\\\/cospedal-los-que-han-provocado-la-fractura-social-en-cataluna-tienen-que-volver-a-la-legalidad\\\/#listItem\",\"position\":3,\"name\":\"Cospedal: \\u00abLos que han provocado la fractura social en Catalu\\u00f1a tienen que volver a la legalidad\\u00bb\",\"previousItem\":{\"@type\":\"ListItem\",\"@id\":\"https:\\\/\\\/www.eldigitaldeasturias.com\\\/noticias\\\/category\\\/actualidad\\\/#listItem\",\"name\":\"Actualidad\"}}]},{\"@type\":\"Organization\",\"@id\":\"https:\\\/\\\/www.eldigitaldeasturias.com\\\/noticias\\\/#organization\",\"name\":\"El Digital de Asturias\",\"description\":\"Hemeroteca\",\"url\":\"https:\\\/\\\/www.eldigitaldeasturias.com\\\/noticias\\\/\",\"email\":\"info@eldigitaldeasturias.com\",\"telephone\":\"+34652131393\",\"logo\":{\"@type\":\"ImageObject\",\"url\":\"https:\\\/\\\/www.eldigitaldeasturias.com\\\/noticias\\\/wp-content\\\/uploads\\\/2020\\\/12\\\/EDA.jpg\",\"@id\":\"https:\\\/\\\/www.eldigitaldeasturias.com\\\/noticias\\\/cospedal-los-que-han-provocado-la-fractura-social-en-cataluna-tienen-que-volver-a-la-legalidad\\\/#organizationLogo\"},\"image\":{\"@id\":\"https:\\\/\\\/www.eldigitaldeasturias.com\\\/noticias\\\/cospedal-los-que-han-provocado-la-fractura-social-en-cataluna-tienen-que-volver-a-la-legalidad\\\/#organizationLogo\"},\"sameAs\":[\"https:\\\/\\\/facebook.com\\\/eldigitaldeasturias\",\"https:\\\/\\\/www.youtube.com\\\/channel\\\/UCZP-2wLEB9Rv6erhFmqVnvg\"],\"address\":{\"@id\":\"https:\\\/\\\/www.eldigitaldeasturias.com\\\/noticias\\\/#postaladdress\",\"@type\":\"PostalAddress\",\"streetAddress\":\"san antonio 4\",\"postalCode\":\"33430\",\"addressLocality\":\"Cand\\u00e1s\",\"addressRegion\":\"Asturias\",\"addressCountry\":\"ES\"}},{\"@type\":\"Person\",\"@id\":\"https:\\\/\\\/www.eldigitaldeasturias.com\\\/noticias\\\/author\\\/admin\\\/#author\",\"url\":\"https:\\\/\\\/www.eldigitaldeasturias.com\\\/noticias\\\/author\\\/admin\\\/\",\"name\":\"El Digital de Asturias\",\"image\":{\"@type\":\"ImageObject\",\"@id\":\"https:\\\/\\\/www.eldigitaldeasturias.com\\\/noticias\\\/cospedal-los-que-han-provocado-la-fractura-social-en-cataluna-tienen-que-volver-a-la-legalidad\\\/#authorImage\",\"url\":\"https:\\\/\\\/secure.gravatar.com\\\/avatar\\\/df2aeffc32bcd13f8d26072ef8a91b623d677766deac7f97ca815868cd41bf5e?s=96&d=mm&r=g\",\"width\":96,\"height\":96,\"caption\":\"El Digital de Asturias\"}},{\"@type\":\"WebPage\",\"@id\":\"https:\\\/\\\/www.eldigitaldeasturias.com\\\/noticias\\\/cospedal-los-que-han-provocado-la-fractura-social-en-cataluna-tienen-que-volver-a-la-legalidad\\\/#webpage\",\"url\":\"https:\\\/\\\/www.eldigitaldeasturias.com\\\/noticias\\\/cospedal-los-que-han-provocado-la-fractura-social-en-cataluna-tienen-que-volver-a-la-legalidad\\\/\",\"name\":\"Cospedal: \\u00abLos que han provocado la fractura social en Catalu\\u00f1a tienen que volver a la legalidad\\u00bb - El Digital de Asturias\",\"description\":\"La ministra de Defensa, Mar\\u00eda Dolores de Cospedal, ha asegurado que \\\"los que se han colocado al margen de la legalidad, los que han provocado la fractura social en Catalu\\u00f1a, los que han provocado y est\\u00e1n provocando el desastre econ\\u00f3mico en Catalu\\u00f1a tienen que darse cuenta de que un gobernante debe actuar por el inter\\u00e9s\",\"inLanguage\":\"es-ES\",\"isPartOf\":{\"@id\":\"https:\\\/\\\/www.eldigitaldeasturias.com\\\/noticias\\\/#website\"},\"breadcrumb\":{\"@id\":\"https:\\\/\\\/www.eldigitaldeasturias.com\\\/noticias\\\/cospedal-los-que-han-provocado-la-fractura-social-en-cataluna-tienen-que-volver-a-la-legalidad\\\/#breadcrumblist\"},\"author\":{\"@id\":\"https:\\\/\\\/www.eldigitaldeasturias.com\\\/noticias\\\/author\\\/admin\\\/#author\"},\"creator\":{\"@id\":\"https:\\\/\\\/www.eldigitaldeasturias.com\\\/noticias\\\/author\\\/admin\\\/#author\"},\"image\":{\"@type\":\"ImageObject\",\"url\":956660,\"@id\":\"https:\\\/\\\/www.eldigitaldeasturias.com\\\/noticias\\\/cospedal-los-que-han-provocado-la-fractura-social-en-cataluna-tienen-que-volver-a-la-legalidad\\\/#mainImage\"},\"primaryImageOfPage\":{\"@id\":\"https:\\\/\\\/www.eldigitaldeasturias.com\\\/noticias\\\/cospedal-los-que-han-provocado-la-fractura-social-en-cataluna-tienen-que-volver-a-la-legalidad\\\/#mainImage\"},\"datePublished\":\"2017-10-18T21:53:06+02:00\",\"dateModified\":\"2017-10-18T21:53:06+02:00\"},{\"@type\":\"WebSite\",\"@id\":\"https:\\\/\\\/www.eldigitaldeasturias.com\\\/noticias\\\/#website\",\"url\":\"https:\\\/\\\/www.eldigitaldeasturias.com\\\/noticias\\\/\",\"name\":\"El Digital de Asturias - Diario de actualidad y noticias\",\"alternateName\":\"El Digital de Asturias - Diario de actualidad y noticias\",\"description\":\"Hemeroteca\",\"inLanguage\":\"es-ES\",\"publisher\":{\"@id\":\"https:\\\/\\\/www.eldigitaldeasturias.com\\\/noticias\\\/#organization\"}}]}\n\t\t<\/script>\n\t\t<!-- All in One SEO Pro -->\r\n\t\t<title>Cospedal: \u00abLos que han provocado la fractura social en Catalu\u00f1a tienen que volver a la legalidad\u00bb - El Digital de Asturias<\/title>\n\n","aioseo_head_json":{"title":"Cospedal: \u00abLos que han provocado la fractura social en Catalu\u00f1a tienen que volver a la legalidad\u00bb - El Digital de Asturias","description":"La ministra de Defensa, Mar\u00eda Dolores de Cospedal, ha asegurado que \"los que se han colocado al margen de la legalidad, los que han provocado la fractura social en Catalu\u00f1a, los que han provocado y est\u00e1n provocando el desastre econ\u00f3mico en Catalu\u00f1a tienen que darse cuenta de que un gobernante debe actuar por el inter\u00e9s","canonical_url":"https:\/\/www.eldigitaldeasturias.com\/noticias\/cospedal-los-que-han-provocado-la-fractura-social-en-cataluna-tienen-que-volver-a-la-legalidad\/","robots":"max-image-preview:large","keywords":"actualidad","webmasterTools":{"google-site-verification":"UA-38556648-1","msvalidate.01":"7dfe9f3f1b24437ab69f4f2559babe99","miscellaneous":""},"schema":{"@context":"https:\/\/schema.org","@graph":[{"@type":"BlogPosting","@id":"https:\/\/www.eldigitaldeasturias.com\/noticias\/cospedal-los-que-han-provocado-la-fractura-social-en-cataluna-tienen-que-volver-a-la-legalidad\/#blogposting","name":"Cospedal: \u00abLos que han provocado la fractura social en Catalu\u00f1a tienen que volver a la legalidad\u00bb - El Digital de Asturias","headline":"Cospedal: \u00abLos que han provocado la fractura social en Catalu\u00f1a tienen que volver a la legalidad\u00bb","author":{"@id":"https:\/\/www.eldigitaldeasturias.com\/noticias\/author\/admin\/#author"},"publisher":{"@id":"https:\/\/www.eldigitaldeasturias.com\/noticias\/#organization"},"image":{"@type":"ImageObject","url":956660},"datePublished":"2017-10-18T21:53:06+02:00","dateModified":"2017-10-18T21:53:06+02:00","inLanguage":"es-ES","mainEntityOfPage":{"@id":"https:\/\/www.eldigitaldeasturias.com\/noticias\/cospedal-los-que-han-provocado-la-fractura-social-en-cataluna-tienen-que-volver-a-la-legalidad\/#webpage"},"isPartOf":{"@id":"https:\/\/www.eldigitaldeasturias.com\/noticias\/cospedal-los-que-han-provocado-la-fractura-social-en-cataluna-tienen-que-volver-a-la-legalidad\/#webpage"},"articleSection":"Actualidad"},{"@type":"BreadcrumbList","@id":"https:\/\/www.eldigitaldeasturias.com\/noticias\/cospedal-los-que-han-provocado-la-fractura-social-en-cataluna-tienen-que-volver-a-la-legalidad\/#breadcrumblist","itemListElement":[{"@type":"ListItem","@id":"https:\/\/www.eldigitaldeasturias.com\/noticias#listItem","position":1,"name":"Home","item":"https:\/\/www.eldigitaldeasturias.com\/noticias","nextItem":{"@type":"ListItem","@id":"https:\/\/www.eldigitaldeasturias.com\/noticias\/category\/actualidad\/#listItem","name":"Actualidad"}},{"@type":"ListItem","@id":"https:\/\/www.eldigitaldeasturias.com\/noticias\/category\/actualidad\/#listItem","position":2,"name":"Actualidad","item":"https:\/\/www.eldigitaldeasturias.com\/noticias\/category\/actualidad\/","nextItem":{"@type":"ListItem","@id":"https:\/\/www.eldigitaldeasturias.com\/noticias\/cospedal-los-que-han-provocado-la-fractura-social-en-cataluna-tienen-que-volver-a-la-legalidad\/#listItem","name":"Cospedal: \u00abLos que han provocado la fractura social en Catalu\u00f1a tienen que volver a la legalidad\u00bb"},"previousItem":{"@type":"ListItem","@id":"https:\/\/www.eldigitaldeasturias.com\/noticias#listItem","name":"Home"}},{"@type":"ListItem","@id":"https:\/\/www.eldigitaldeasturias.com\/noticias\/cospedal-los-que-han-provocado-la-fractura-social-en-cataluna-tienen-que-volver-a-la-legalidad\/#listItem","position":3,"name":"Cospedal: \u00abLos que han provocado la fractura social en Catalu\u00f1a tienen que volver a la legalidad\u00bb","previousItem":{"@type":"ListItem","@id":"https:\/\/www.eldigitaldeasturias.com\/noticias\/category\/actualidad\/#listItem","name":"Actualidad"}}]},{"@type":"Organization","@id":"https:\/\/www.eldigitaldeasturias.com\/noticias\/#organization","name":"El Digital de Asturias","description":"Hemeroteca","url":"https:\/\/www.eldigitaldeasturias.com\/noticias\/","email":"info@eldigitaldeasturias.com","telephone":"+34652131393","logo":{"@type":"ImageObject","url":"https:\/\/www.eldigitaldeasturias.com\/noticias\/wp-content\/uploads\/2020\/12\/EDA.jpg","@id":"https:\/\/www.eldigitaldeasturias.com\/noticias\/cospedal-los-que-han-provocado-la-fractura-social-en-cataluna-tienen-que-volver-a-la-legalidad\/#organizationLogo"},"image":{"@id":"https:\/\/www.eldigitaldeasturias.com\/noticias\/cospedal-los-que-han-provocado-la-fractura-social-en-cataluna-tienen-que-volver-a-la-legalidad\/#organizationLogo"},"sameAs":["https:\/\/facebook.com\/eldigitaldeasturias","https:\/\/www.youtube.com\/channel\/UCZP-2wLEB9Rv6erhFmqVnvg"],"address":{"@id":"https:\/\/www.eldigitaldeasturias.com\/noticias\/#postaladdress","@type":"PostalAddress","streetAddress":"san antonio 4","postalCode":"33430","addressLocality":"Cand\u00e1s","addressRegion":"Asturias","addressCountry":"ES"}},{"@type":"Person","@id":"https:\/\/www.eldigitaldeasturias.com\/noticias\/author\/admin\/#author","url":"https:\/\/www.eldigitaldeasturias.com\/noticias\/author\/admin\/","name":"El Digital de Asturias","image":{"@type":"ImageObject","@id":"https:\/\/www.eldigitaldeasturias.com\/noticias\/cospedal-los-que-han-provocado-la-fractura-social-en-cataluna-tienen-que-volver-a-la-legalidad\/#authorImage","url":"https:\/\/secure.gravatar.com\/avatar\/df2aeffc32bcd13f8d26072ef8a91b623d677766deac7f97ca815868cd41bf5e?s=96&d=mm&r=g","width":96,"height":96,"caption":"El Digital de Asturias"}},{"@type":"WebPage","@id":"https:\/\/www.eldigitaldeasturias.com\/noticias\/cospedal-los-que-han-provocado-la-fractura-social-en-cataluna-tienen-que-volver-a-la-legalidad\/#webpage","url":"https:\/\/www.eldigitaldeasturias.com\/noticias\/cospedal-los-que-han-provocado-la-fractura-social-en-cataluna-tienen-que-volver-a-la-legalidad\/","name":"Cospedal: \u00abLos que han provocado la fractura social en Catalu\u00f1a tienen que volver a la legalidad\u00bb - El Digital de Asturias","description":"La ministra de Defensa, Mar\u00eda Dolores de Cospedal, ha asegurado que \"los que se han colocado al margen de la legalidad, los que han provocado la fractura social en Catalu\u00f1a, los que han provocado y est\u00e1n provocando el desastre econ\u00f3mico en Catalu\u00f1a tienen que darse cuenta de que un gobernante debe actuar por el inter\u00e9s","inLanguage":"es-ES","isPartOf":{"@id":"https:\/\/www.eldigitaldeasturias.com\/noticias\/#website"},"breadcrumb":{"@id":"https:\/\/www.eldigitaldeasturias.com\/noticias\/cospedal-los-que-han-provocado-la-fractura-social-en-cataluna-tienen-que-volver-a-la-legalidad\/#breadcrumblist"},"author":{"@id":"https:\/\/www.eldigitaldeasturias.com\/noticias\/author\/admin\/#author"},"creator":{"@id":"https:\/\/www.eldigitaldeasturias.com\/noticias\/author\/admin\/#author"},"image":{"@type":"ImageObject","url":956660,"@id":"https:\/\/www.eldigitaldeasturias.com\/noticias\/cospedal-los-que-han-provocado-la-fractura-social-en-cataluna-tienen-que-volver-a-la-legalidad\/#mainImage"},"primaryImageOfPage":{"@id":"https:\/\/www.eldigitaldeasturias.com\/noticias\/cospedal-los-que-han-provocado-la-fractura-social-en-cataluna-tienen-que-volver-a-la-legalidad\/#mainImage"},"datePublished":"2017-10-18T21:53:06+02:00","dateModified":"2017-10-18T21:53:06+02:00"},{"@type":"WebSite","@id":"https:\/\/www.eldigitaldeasturias.com\/noticias\/#website","url":"https:\/\/www.eldigitaldeasturias.com\/noticias\/","name":"El Digital de Asturias - Diario de actualidad y noticias","alternateName":"El Digital de Asturias - Diario de actualidad y noticias","description":"Hemeroteca","inLanguage":"es-ES","publisher":{"@id":"https:\/\/www.eldigitaldeasturias.com\/noticias\/#organization"}}]},"og:locale":"es_ES","og:site_name":"El Digital de Asturias","og:type":"article","og:title":"Cospedal: \u00abLos que han provocado la fractura social en Catalu\u00f1a tienen que volver a la legalidad\u00bb - El Digital de Asturias","og:description":"La ministra de Defensa, Mar\u00eda Dolores de Cospedal, ha asegurado que &quot;los que se han colocado al margen de la legalidad, los que han provocado la fractura social en Catalu\u00f1a, los que han provocado y est\u00e1n provocando el desastre econ\u00f3mico en Catalu\u00f1a tienen que darse cuenta de que un gobernante debe actuar por el inter\u00e9s","og:url":"https:\/\/www.eldigitaldeasturias.com\/noticias\/cospedal-los-que-han-provocado-la-fractura-social-en-cataluna-tienen-que-volver-a-la-legalidad\/","article:tag":["actualidad"],"article:published_time":"2017-10-18T21:53:06+00:00","article:modified_time":"2017-10-18T21:53:06+00:00","article:publisher":"https:\/\/facebook.com\/eldigitaldeasturias","twitter:card":"summary_large_image","twitter:title":"Cospedal: \u00abLos que han provocado la fractura social en Catalu\u00f1a tienen que volver a la legalidad\u00bb - El Digital de Asturias","twitter:description":"La ministra de Defensa, Mar\u00eda Dolores de Cospedal, ha asegurado que &quot;los que se han colocado al margen de la legalidad, los que han provocado la fractura social en Catalu\u00f1a, los que han provocado y est\u00e1n provocando el desastre econ\u00f3mico en Catalu\u00f1a tienen que darse cuenta de que un gobernante debe actuar por el inter\u00e9s","twitter:image":"https:\/\/www.eldigitaldeasturias.com\/noticias\/wp-content\/uploads\/2020\/12\/EDA-1.jpg","twitter:label1":"Escrito por","twitter:data1":"El Digital de Asturias","twitter:label2":"Tiempo de lectura estimado","twitter:data2":"3 minutos"},"aioseo_meta_data":{"post_id":"956659","title":null,"description":null,"keywords":null,"keyphrases":null,"primary_term":null,"canonical_url":null,"og_title":null,"og_description":null,"og_object_type":"default","og_image_type":"default","og_image_url":null,"og_image_width":null,"og_image_height":null,"og_image_custom_url":null,"og_image_custom_fields":null,"og_video":null,"og_custom_url":null,"og_article_section":null,"og_article_tags":null,"twitter_use_og":false,"twitter_card":"default","twitter_image_type":"default","twitter_image_url":null,"twitter_image_custom_url":null,"twitter_image_custom_fields":null,"twitter_title":null,"twitter_description":null,"schema":{"blockGraphs":[],"customGraphs":[],"default":{"data":{"Article":[],"Course":[],"Dataset":[],"FAQPage":[],"Movie":[],"Person":[],"Product":[],"ProductReview":[],"Car":[],"Recipe":[],"Service":[],"SoftwareApplication":[],"WebPage":[]},"graphName":"","isEnabled":true},"graphs":[]},"schema_type":null,"schema_type_options":null,"pillar_content":false,"robots_default":true,"robots_noindex":false,"robots_noarchive":false,"robots_nosnippet":false,"robots_nofollow":false,"robots_noimageindex":false,"robots_noodp":false,"robots_notranslate":false,"robots_max_snippet":null,"robots_max_videopreview":null,"robots_max_imagepreview":"large","priority":null,"frequency":null,"local_seo":null,"seo_analyzer_scan_date":"2025-12-06 14:36:11","breadcrumb_settings":null,"limit_modified_date":false,"open_ai":null,"ai":null,"created":"2020-12-21 12:55:48","updated":"2025-12-06 14:36:11","focus_keyword":null,"additional_keywords":null,"truseo_locale":null},"aioseo_breadcrumb":"<div class=\"aioseo-breadcrumbs\"><span class=\"aioseo-breadcrumb\">\n\t<a href=\"https:\/\/www.eldigitaldeasturias.com\/noticias\" title=\"Home\">Home<\/a>\n<\/span><span class=\"aioseo-breadcrumb-separator\">\u2013<\/span><span class=\"aioseo-breadcrumb\">\n\t<a href=\"https:\/\/www.eldigitaldeasturias.com\/noticias\/category\/actualidad\/\" title=\"Actualidad\">Actualidad<\/a>\n<\/span><span class=\"aioseo-breadcrumb-separator\">\u2013<\/span><span class=\"aioseo-breadcrumb\">\n\t<a href=\"https:\/\/www.eldigitaldeasturias.com\/noticias\/cospedal-los-que-han-provocado-la-fractura-social-en-cataluna-tienen-que-volver-a-la-legalidad\/\" title=\"Cospedal: \u00abLos que han provocado la fractura social en Catalu\u00f1a tienen que volver a la legalidad\u00bb\">Cospedal: \u00abLos que han provocado la fractura social en Catalu\u00f1a tienen que volver a la legalidad\u00bb<\/a>\n<\/span><\/div>","aioseo_breadcrumb_json":[{"label":"Home","link":"https:\/\/www.eldigitaldeasturias.com\/noticias"},{"label":"Actualidad","link":"https:\/\/www.eldigitaldeasturias.com\/noticias\/category\/actualidad\/"},{"label":"Cospedal: \u00abLos que han provocado la fractura social en Catalu\u00f1a tienen que volver a la legalidad\u00bb","link":"https:\/\/www.eldigitaldeasturias.com\/noticias\/cospedal-los-que-han-provocado-la-fractura-social-en-cataluna-tienen-que-volver-a-la-legalidad\/"}],"_links":{"self":[{"href":"https:\/\/www.eldigitaldeasturias.com\/noticias\/wp-json\/wp\/v2\/posts\/956659","targetHints":{"allow":["GET"]}}],"collection":[{"href":"https:\/\/www.eldigitaldeasturias.com\/noticias\/wp-json\/wp\/v2\/posts"}],"about":[{"href":"https:\/\/www.eldigitaldeasturias.com\/noticias\/wp-json\/wp\/v2\/types\/post"}],"author":[{"embeddable":true,"href":"https:\/\/www.eldigitaldeasturias.com\/noticias\/wp-json\/wp\/v2\/users\/1"}],"replies":[{"embeddable":true,"href":"https:\/\/www.eldigitaldeasturias.com\/noticias\/wp-json\/wp\/v2\/comments?post=956659"}],"version-history":[{"count":0,"href":"https:\/\/www.eldigitaldeasturias.com\/noticias\/wp-json\/wp\/v2\/posts\/956659\/revisions"}],"wp:attachment":[{"href":"https:\/\/www.eldigitaldeasturias.com\/noticias\/wp-json\/wp\/v2\/media?parent=956659"}],"wp:term":[{"taxonomy":"category","embeddable":true,"href":"https:\/\/www.eldigitaldeasturias.com\/noticias\/wp-json\/wp\/v2\/categories?post=956659"},{"taxonomy":"post_tag","embeddable":true,"href":"https:\/\/www.eldigitaldeasturias.com\/noticias\/wp-json\/wp\/v2\/tags?post=956659"}],"curies":[{"name":"wp","href":"https:\/\/api.w.org\/{rel}","templated":true}]}}