{"id":956656,"date":"2017-10-18T21:51:42","date_gmt":"2017-10-18T21:51:42","guid":{"rendered":"http:\/\/www.eldigitaldeasturias.com\/noticias\/?p=956656"},"modified":"2017-10-18T21:51:42","modified_gmt":"2017-10-18T21:51:42","slug":"arrimadas-por-mucho-que-nos-amenacen-y-nos-ataquen-no-nos-callaran","status":"publish","type":"post","link":"https:\/\/www.eldigitaldeasturias.com\/noticias\/arrimadas-por-mucho-que-nos-amenacen-y-nos-ataquen-no-nos-callaran\/","title":{"rendered":"Arrimadas: &#8216;Por mucho que nos amenacen y nos ataquen no nos callar\u00e1n\u00bb"},"content":{"rendered":"<p><img loading=\"lazy\" decoding=\"async\" class=\"alignleft size-medium wp-image-956657\" src=\"https:\/\/www.eldigitaldeasturias.com\/noticias\/wp-content\/uploads\/2017\/10\/ARRIMADAS-360x240.jpg\" alt=\"\" width=\"360\" height=\"240\" \/>\u201cPor mucho que nos amenacen y nos ataquen no nos callar\u00e1n, porque nuestro compromiso es con la libertad, la convivencia y la uni\u00f3n\u201d. As\u00ed lo ha dicho la portavoz nacional de Ciudadanos (Cs) y jefa de la Oposici\u00f3n en Catalu\u00f1a, In\u00e9s Arrimadas, en una visita a la sede del partido en Cornell\u00e0 despu\u00e9s de que ayer fuese atacada por segunda vez por parte de \u201clos intolerantes y de los que quieren imponer su pensamiento \u00fanico\u201d. Con este, ya son cinco los ataques a las sedes de Ciudadanos en Catalu\u00f1a en los \u00faltimos cinco meses.<\/p>\n<p>\u201cPero tengo una mala noticia para ellos: no nos callar\u00e1n\u201d, ha advertido Arrimadas, porque Ciudadanos seguir\u00e1 siendo\u201cla voz de todos aquellos catalanes que quieren seguir siendo catalanes, espa\u00f1oles y europeos\u201d y, por tanto, \u201cno vamos a permitir que Puigdemont y Junqueras nos rompan el coraz\u00f3n a pedazos\u201d, refiri\u00e9ndose al coraz\u00f3n tribandera que representa la formaci\u00f3n naranja.<\/p>\n<p>Ante los medios de comunicaci\u00f3n, Arrimadas ha anunciado la nueva p\u00e1gina web www.somosmas.cat para hacer un llamamiento a todos los catalanes que se sienten tambi\u00e9n espa\u00f1oles y europeos y que \u201capuestan por el sentido com\u00fan y la convivencia\u201d y que piden \u201cun nuevo gobierno que hable de las cosas que afectan al d\u00eda a d\u00eda de los catalanes\u201d.<\/p>\n<p>\u201cPedimos a Puigdemont que abandone el sinsentido y la confrontaci\u00f3n y aproveche las pocas horas que quedan \u2013hasta agotar el plazo establecido por el Gobierno de Espa\u00f1a- para convocar elecciones\u201d. \u201cSi no recapacita\u201d, ha reiterado que el Gobierno de Espa\u00f1a debe utilizar \u201clos mecanismos democr\u00e1ticos para convocar elecciones y que los catalanes tengamos la oportunidad de elegir un nuevo gobierno que piense en todos, que nos respete y que sea un interlocutor v\u00e1lido\u201d. Y ha concluido: \u201cLa alternativa al separatismo hoy se llama Ciudadanos y en un futuro ser\u00e1 el principal partido de Gobierno\u201d.<\/p>\n","protected":false},"excerpt":{"rendered":"<p>\u201cPor mucho que nos amenacen y nos ataquen no nos callar\u00e1n, porque nuestro compromiso es con la libertad, la convivencia y la uni\u00f3n\u201d. As\u00ed lo ha dicho la portavoz nacional de Ciudadanos (Cs) y jefa de la Oposici\u00f3n en Catalu\u00f1a, In\u00e9s Arrimadas, en una visita a la sede del partido en Cornell\u00e0 despu\u00e9s de que [&hellip;]<\/p>\n","protected":false},"author":1,"featured_media":956657,"comment_status":"closed","ping_status":"closed","sticky":false,"template":"","format":"standard","meta":{"footnotes":""},"categories":[1],"tags":[],"class_list":["post-956656","post","type-post","status-publish","format-standard","has-post-thumbnail","hentry","category-actualidad"],"aioseo_notices":[],"aioseo_head":"\n\t\t<!-- All in One SEO Pro 5.0.1 - aioseo.com -->\n\t<meta name=\"description\" content=\"\u201cPor mucho que nos amenacen y nos ataquen no nos callar\u00e1n, porque nuestro compromiso es con la libertad, la convivencia y la uni\u00f3n\u201d. As\u00ed lo ha dicho la portavoz nacional de Ciudadanos (Cs) y jefa de la Oposici\u00f3n en Catalu\u00f1a, In\u00e9s Arrimadas, en una visita a la sede del partido en Cornell\u00e0 despu\u00e9s de que\" \/>\n\t<meta name=\"robots\" content=\"max-image-preview:large\" \/>\n\t<meta name=\"author\" content=\"El Digital de Asturias\"\/>\n\t<meta name=\"google-site-verification\" content=\"UA-38556648-1\" \/>\n\t<meta name=\"msvalidate.01\" content=\"7dfe9f3f1b24437ab69f4f2559babe99\" \/>\n\t<meta name=\"keywords\" content=\"actualidad\" \/>\n\t<link rel=\"canonical\" href=\"https:\/\/www.eldigitaldeasturias.com\/noticias\/arrimadas-por-mucho-que-nos-amenacen-y-nos-ataquen-no-nos-callaran\/\" \/>\n\t<meta name=\"generator\" content=\"All in One SEO Pro (AIOSEO) 5.0.1\" \/>\n\t\t<meta property=\"og:locale\" content=\"es_ES\" \/>\n\t\t<meta property=\"og:site_name\" content=\"El Digital de Asturias\" \/>\n\t\t<meta property=\"og:type\" content=\"article\" \/>\n\t\t<meta property=\"og:title\" content=\"Arrimadas: \u2018Por mucho que nos amenacen y nos ataquen no nos callar\u00e1n\u00bb - El Digital de Asturias\" \/>\n\t\t<meta property=\"og:description\" content=\"\u201cPor mucho que nos amenacen y nos ataquen no nos callar\u00e1n, porque nuestro compromiso es con la libertad, la convivencia y la uni\u00f3n\u201d. As\u00ed lo ha dicho la portavoz nacional de Ciudadanos (Cs) y jefa de la Oposici\u00f3n en Catalu\u00f1a, In\u00e9s Arrimadas, en una visita a la sede del partido en Cornell\u00e0 despu\u00e9s de que\" \/>\n\t\t<meta property=\"og:url\" content=\"https:\/\/www.eldigitaldeasturias.com\/noticias\/arrimadas-por-mucho-que-nos-amenacen-y-nos-ataquen-no-nos-callaran\/\" \/>\n\t\t<meta property=\"article:tag\" content=\"actualidad\" \/>\n\t\t<meta property=\"article:published_time\" content=\"2017-10-18T21:51:42+00:00\" \/>\n\t\t<meta property=\"article:modified_time\" content=\"2017-10-18T21:51:42+00:00\" \/>\n\t\t<meta property=\"article:publisher\" content=\"https:\/\/facebook.com\/eldigitaldeasturias\" \/>\n\t\t<meta name=\"twitter:card\" content=\"summary_large_image\" \/>\n\t\t<meta name=\"twitter:title\" content=\"Arrimadas: \u2018Por mucho que nos amenacen y nos ataquen no nos callar\u00e1n\u00bb - El Digital de Asturias\" \/>\n\t\t<meta name=\"twitter:description\" content=\"\u201cPor mucho que nos amenacen y nos ataquen no nos callar\u00e1n, porque nuestro compromiso es con la libertad, la convivencia y la uni\u00f3n\u201d. As\u00ed lo ha dicho la portavoz nacional de Ciudadanos (Cs) y jefa de la Oposici\u00f3n en Catalu\u00f1a, In\u00e9s Arrimadas, en una visita a la sede del partido en Cornell\u00e0 despu\u00e9s de que\" \/>\n\t\t<meta name=\"twitter:image\" content=\"https:\/\/www.eldigitaldeasturias.com\/noticias\/wp-content\/uploads\/2020\/12\/EDA-1.jpg\" \/>\n\t\t<meta name=\"twitter:label1\" content=\"Escrito por\" \/>\n\t\t<meta name=\"twitter:data1\" content=\"El Digital de Asturias\" \/>\n\t\t<meta name=\"twitter:label2\" content=\"Tiempo de lectura estimado\" \/>\n\t\t<meta name=\"twitter:data2\" content=\"2 minutos\" \/>\n\t\t<script type=\"application\/ld+json\" class=\"aioseo-schema\">\n\t\t\t{\"@context\":\"https:\\\/\\\/schema.org\",\"@graph\":[{\"@type\":\"BlogPosting\",\"@id\":\"https:\\\/\\\/www.eldigitaldeasturias.com\\\/noticias\\\/arrimadas-por-mucho-que-nos-amenacen-y-nos-ataquen-no-nos-callaran\\\/#blogposting\",\"name\":\"Arrimadas: \\u2018Por mucho que nos amenacen y nos ataquen no nos callar\\u00e1n\\u00bb - El Digital de Asturias\",\"headline\":\"Arrimadas: &#8216;Por mucho que nos amenacen y nos ataquen no nos callar\\u00e1n\\u00bb\",\"author\":{\"@id\":\"https:\\\/\\\/www.eldigitaldeasturias.com\\\/noticias\\\/author\\\/admin\\\/#author\"},\"publisher\":{\"@id\":\"https:\\\/\\\/www.eldigitaldeasturias.com\\\/noticias\\\/#organization\"},\"image\":{\"@type\":\"ImageObject\",\"url\":956657},\"datePublished\":\"2017-10-18T21:51:42+02:00\",\"dateModified\":\"2017-10-18T21:51:42+02:00\",\"inLanguage\":\"es-ES\",\"mainEntityOfPage\":{\"@id\":\"https:\\\/\\\/www.eldigitaldeasturias.com\\\/noticias\\\/arrimadas-por-mucho-que-nos-amenacen-y-nos-ataquen-no-nos-callaran\\\/#webpage\"},\"isPartOf\":{\"@id\":\"https:\\\/\\\/www.eldigitaldeasturias.com\\\/noticias\\\/arrimadas-por-mucho-que-nos-amenacen-y-nos-ataquen-no-nos-callaran\\\/#webpage\"},\"articleSection\":\"Actualidad\"},{\"@type\":\"BreadcrumbList\",\"@id\":\"https:\\\/\\\/www.eldigitaldeasturias.com\\\/noticias\\\/arrimadas-por-mucho-que-nos-amenacen-y-nos-ataquen-no-nos-callaran\\\/#breadcrumblist\",\"itemListElement\":[{\"@type\":\"ListItem\",\"@id\":\"https:\\\/\\\/www.eldigitaldeasturias.com\\\/noticias#listItem\",\"position\":1,\"name\":\"Home\",\"item\":\"https:\\\/\\\/www.eldigitaldeasturias.com\\\/noticias\",\"nextItem\":{\"@type\":\"ListItem\",\"@id\":\"https:\\\/\\\/www.eldigitaldeasturias.com\\\/noticias\\\/category\\\/actualidad\\\/#listItem\",\"name\":\"Actualidad\"}},{\"@type\":\"ListItem\",\"@id\":\"https:\\\/\\\/www.eldigitaldeasturias.com\\\/noticias\\\/category\\\/actualidad\\\/#listItem\",\"position\":2,\"name\":\"Actualidad\",\"item\":\"https:\\\/\\\/www.eldigitaldeasturias.com\\\/noticias\\\/category\\\/actualidad\\\/\",\"nextItem\":{\"@type\":\"ListItem\",\"@id\":\"https:\\\/\\\/www.eldigitaldeasturias.com\\\/noticias\\\/arrimadas-por-mucho-que-nos-amenacen-y-nos-ataquen-no-nos-callaran\\\/#listItem\",\"name\":\"Arrimadas: &#8216;Por mucho que nos amenacen y nos ataquen no nos callar\\u00e1n\\u00bb\"},\"previousItem\":{\"@type\":\"ListItem\",\"@id\":\"https:\\\/\\\/www.eldigitaldeasturias.com\\\/noticias#listItem\",\"name\":\"Home\"}},{\"@type\":\"ListItem\",\"@id\":\"https:\\\/\\\/www.eldigitaldeasturias.com\\\/noticias\\\/arrimadas-por-mucho-que-nos-amenacen-y-nos-ataquen-no-nos-callaran\\\/#listItem\",\"position\":3,\"name\":\"Arrimadas: &#8216;Por mucho que nos amenacen y nos ataquen no nos callar\\u00e1n\\u00bb\",\"previousItem\":{\"@type\":\"ListItem\",\"@id\":\"https:\\\/\\\/www.eldigitaldeasturias.com\\\/noticias\\\/category\\\/actualidad\\\/#listItem\",\"name\":\"Actualidad\"}}]},{\"@type\":\"Organization\",\"@id\":\"https:\\\/\\\/www.eldigitaldeasturias.com\\\/noticias\\\/#organization\",\"name\":\"El Digital de Asturias\",\"description\":\"Hemeroteca\",\"url\":\"https:\\\/\\\/www.eldigitaldeasturias.com\\\/noticias\\\/\",\"email\":\"info@eldigitaldeasturias.com\",\"telephone\":\"+34652131393\",\"logo\":{\"@type\":\"ImageObject\",\"url\":\"https:\\\/\\\/www.eldigitaldeasturias.com\\\/noticias\\\/wp-content\\\/uploads\\\/2020\\\/12\\\/EDA.jpg\",\"@id\":\"https:\\\/\\\/www.eldigitaldeasturias.com\\\/noticias\\\/arrimadas-por-mucho-que-nos-amenacen-y-nos-ataquen-no-nos-callaran\\\/#organizationLogo\"},\"image\":{\"@id\":\"https:\\\/\\\/www.eldigitaldeasturias.com\\\/noticias\\\/arrimadas-por-mucho-que-nos-amenacen-y-nos-ataquen-no-nos-callaran\\\/#organizationLogo\"},\"sameAs\":[\"https:\\\/\\\/facebook.com\\\/eldigitaldeasturias\",\"https:\\\/\\\/www.youtube.com\\\/channel\\\/UCZP-2wLEB9Rv6erhFmqVnvg\"],\"address\":{\"@id\":\"https:\\\/\\\/www.eldigitaldeasturias.com\\\/noticias\\\/#postaladdress\",\"@type\":\"PostalAddress\",\"streetAddress\":\"san antonio 4\",\"postalCode\":\"33430\",\"addressLocality\":\"Cand\\u00e1s\",\"addressRegion\":\"Asturias\",\"addressCountry\":\"ES\"}},{\"@type\":\"Person\",\"@id\":\"https:\\\/\\\/www.eldigitaldeasturias.com\\\/noticias\\\/author\\\/admin\\\/#author\",\"url\":\"https:\\\/\\\/www.eldigitaldeasturias.com\\\/noticias\\\/author\\\/admin\\\/\",\"name\":\"El Digital de Asturias\",\"image\":{\"@type\":\"ImageObject\",\"@id\":\"https:\\\/\\\/www.eldigitaldeasturias.com\\\/noticias\\\/arrimadas-por-mucho-que-nos-amenacen-y-nos-ataquen-no-nos-callaran\\\/#authorImage\",\"url\":\"https:\\\/\\\/secure.gravatar.com\\\/avatar\\\/df2aeffc32bcd13f8d26072ef8a91b623d677766deac7f97ca815868cd41bf5e?s=96&d=mm&r=g\",\"width\":96,\"height\":96,\"caption\":\"El Digital de Asturias\"}},{\"@type\":\"WebPage\",\"@id\":\"https:\\\/\\\/www.eldigitaldeasturias.com\\\/noticias\\\/arrimadas-por-mucho-que-nos-amenacen-y-nos-ataquen-no-nos-callaran\\\/#webpage\",\"url\":\"https:\\\/\\\/www.eldigitaldeasturias.com\\\/noticias\\\/arrimadas-por-mucho-que-nos-amenacen-y-nos-ataquen-no-nos-callaran\\\/\",\"name\":\"Arrimadas: \\u2018Por mucho que nos amenacen y nos ataquen no nos callar\\u00e1n\\u00bb - El Digital de Asturias\",\"description\":\"\\u201cPor mucho que nos amenacen y nos ataquen no nos callar\\u00e1n, porque nuestro compromiso es con la libertad, la convivencia y la uni\\u00f3n\\u201d. As\\u00ed lo ha dicho la portavoz nacional de Ciudadanos (Cs) y jefa de la Oposici\\u00f3n en Catalu\\u00f1a, In\\u00e9s Arrimadas, en una visita a la sede del partido en Cornell\\u00e0 despu\\u00e9s de que\",\"inLanguage\":\"es-ES\",\"isPartOf\":{\"@id\":\"https:\\\/\\\/www.eldigitaldeasturias.com\\\/noticias\\\/#website\"},\"breadcrumb\":{\"@id\":\"https:\\\/\\\/www.eldigitaldeasturias.com\\\/noticias\\\/arrimadas-por-mucho-que-nos-amenacen-y-nos-ataquen-no-nos-callaran\\\/#breadcrumblist\"},\"author\":{\"@id\":\"https:\\\/\\\/www.eldigitaldeasturias.com\\\/noticias\\\/author\\\/admin\\\/#author\"},\"creator\":{\"@id\":\"https:\\\/\\\/www.eldigitaldeasturias.com\\\/noticias\\\/author\\\/admin\\\/#author\"},\"image\":{\"@type\":\"ImageObject\",\"url\":956657,\"@id\":\"https:\\\/\\\/www.eldigitaldeasturias.com\\\/noticias\\\/arrimadas-por-mucho-que-nos-amenacen-y-nos-ataquen-no-nos-callaran\\\/#mainImage\"},\"primaryImageOfPage\":{\"@id\":\"https:\\\/\\\/www.eldigitaldeasturias.com\\\/noticias\\\/arrimadas-por-mucho-que-nos-amenacen-y-nos-ataquen-no-nos-callaran\\\/#mainImage\"},\"datePublished\":\"2017-10-18T21:51:42+02:00\",\"dateModified\":\"2017-10-18T21:51:42+02:00\"},{\"@type\":\"WebSite\",\"@id\":\"https:\\\/\\\/www.eldigitaldeasturias.com\\\/noticias\\\/#website\",\"url\":\"https:\\\/\\\/www.eldigitaldeasturias.com\\\/noticias\\\/\",\"name\":\"El Digital de Asturias - Diario de actualidad y noticias\",\"alternateName\":\"El Digital de Asturias - Diario de actualidad y noticias\",\"description\":\"Hemeroteca\",\"inLanguage\":\"es-ES\",\"publisher\":{\"@id\":\"https:\\\/\\\/www.eldigitaldeasturias.com\\\/noticias\\\/#organization\"}}]}\n\t\t<\/script>\n\t\t<!-- All in One SEO Pro -->\r\n\t\t<title>Arrimadas: \u2018Por mucho que nos amenacen y nos ataquen no nos callar\u00e1n\u00bb - El Digital de Asturias<\/title>\n\n","aioseo_head_json":{"title":"Arrimadas: \u2018Por mucho que nos amenacen y nos ataquen no nos callar\u00e1n\u00bb - El Digital de Asturias","description":"\u201cPor mucho que nos amenacen y nos ataquen no nos callar\u00e1n, porque nuestro compromiso es con la libertad, la convivencia y la uni\u00f3n\u201d. As\u00ed lo ha dicho la portavoz nacional de Ciudadanos (Cs) y jefa de la Oposici\u00f3n en Catalu\u00f1a, In\u00e9s Arrimadas, en una visita a la sede del partido en Cornell\u00e0 despu\u00e9s de que","canonical_url":"https:\/\/www.eldigitaldeasturias.com\/noticias\/arrimadas-por-mucho-que-nos-amenacen-y-nos-ataquen-no-nos-callaran\/","robots":"max-image-preview:large","keywords":"actualidad","webmasterTools":{"google-site-verification":"UA-38556648-1","msvalidate.01":"7dfe9f3f1b24437ab69f4f2559babe99","miscellaneous":""},"schema":{"@context":"https:\/\/schema.org","@graph":[{"@type":"BlogPosting","@id":"https:\/\/www.eldigitaldeasturias.com\/noticias\/arrimadas-por-mucho-que-nos-amenacen-y-nos-ataquen-no-nos-callaran\/#blogposting","name":"Arrimadas: \u2018Por mucho que nos amenacen y nos ataquen no nos callar\u00e1n\u00bb - El Digital de Asturias","headline":"Arrimadas: &#8216;Por mucho que nos amenacen y nos ataquen no nos callar\u00e1n\u00bb","author":{"@id":"https:\/\/www.eldigitaldeasturias.com\/noticias\/author\/admin\/#author"},"publisher":{"@id":"https:\/\/www.eldigitaldeasturias.com\/noticias\/#organization"},"image":{"@type":"ImageObject","url":956657},"datePublished":"2017-10-18T21:51:42+02:00","dateModified":"2017-10-18T21:51:42+02:00","inLanguage":"es-ES","mainEntityOfPage":{"@id":"https:\/\/www.eldigitaldeasturias.com\/noticias\/arrimadas-por-mucho-que-nos-amenacen-y-nos-ataquen-no-nos-callaran\/#webpage"},"isPartOf":{"@id":"https:\/\/www.eldigitaldeasturias.com\/noticias\/arrimadas-por-mucho-que-nos-amenacen-y-nos-ataquen-no-nos-callaran\/#webpage"},"articleSection":"Actualidad"},{"@type":"BreadcrumbList","@id":"https:\/\/www.eldigitaldeasturias.com\/noticias\/arrimadas-por-mucho-que-nos-amenacen-y-nos-ataquen-no-nos-callaran\/#breadcrumblist","itemListElement":[{"@type":"ListItem","@id":"https:\/\/www.eldigitaldeasturias.com\/noticias#listItem","position":1,"name":"Home","item":"https:\/\/www.eldigitaldeasturias.com\/noticias","nextItem":{"@type":"ListItem","@id":"https:\/\/www.eldigitaldeasturias.com\/noticias\/category\/actualidad\/#listItem","name":"Actualidad"}},{"@type":"ListItem","@id":"https:\/\/www.eldigitaldeasturias.com\/noticias\/category\/actualidad\/#listItem","position":2,"name":"Actualidad","item":"https:\/\/www.eldigitaldeasturias.com\/noticias\/category\/actualidad\/","nextItem":{"@type":"ListItem","@id":"https:\/\/www.eldigitaldeasturias.com\/noticias\/arrimadas-por-mucho-que-nos-amenacen-y-nos-ataquen-no-nos-callaran\/#listItem","name":"Arrimadas: &#8216;Por mucho que nos amenacen y nos ataquen no nos callar\u00e1n\u00bb"},"previousItem":{"@type":"ListItem","@id":"https:\/\/www.eldigitaldeasturias.com\/noticias#listItem","name":"Home"}},{"@type":"ListItem","@id":"https:\/\/www.eldigitaldeasturias.com\/noticias\/arrimadas-por-mucho-que-nos-amenacen-y-nos-ataquen-no-nos-callaran\/#listItem","position":3,"name":"Arrimadas: &#8216;Por mucho que nos amenacen y nos ataquen no nos callar\u00e1n\u00bb","previousItem":{"@type":"ListItem","@id":"https:\/\/www.eldigitaldeasturias.com\/noticias\/category\/actualidad\/#listItem","name":"Actualidad"}}]},{"@type":"Organization","@id":"https:\/\/www.eldigitaldeasturias.com\/noticias\/#organization","name":"El Digital de Asturias","description":"Hemeroteca","url":"https:\/\/www.eldigitaldeasturias.com\/noticias\/","email":"info@eldigitaldeasturias.com","telephone":"+34652131393","logo":{"@type":"ImageObject","url":"https:\/\/www.eldigitaldeasturias.com\/noticias\/wp-content\/uploads\/2020\/12\/EDA.jpg","@id":"https:\/\/www.eldigitaldeasturias.com\/noticias\/arrimadas-por-mucho-que-nos-amenacen-y-nos-ataquen-no-nos-callaran\/#organizationLogo"},"image":{"@id":"https:\/\/www.eldigitaldeasturias.com\/noticias\/arrimadas-por-mucho-que-nos-amenacen-y-nos-ataquen-no-nos-callaran\/#organizationLogo"},"sameAs":["https:\/\/facebook.com\/eldigitaldeasturias","https:\/\/www.youtube.com\/channel\/UCZP-2wLEB9Rv6erhFmqVnvg"],"address":{"@id":"https:\/\/www.eldigitaldeasturias.com\/noticias\/#postaladdress","@type":"PostalAddress","streetAddress":"san antonio 4","postalCode":"33430","addressLocality":"Cand\u00e1s","addressRegion":"Asturias","addressCountry":"ES"}},{"@type":"Person","@id":"https:\/\/www.eldigitaldeasturias.com\/noticias\/author\/admin\/#author","url":"https:\/\/www.eldigitaldeasturias.com\/noticias\/author\/admin\/","name":"El Digital de Asturias","image":{"@type":"ImageObject","@id":"https:\/\/www.eldigitaldeasturias.com\/noticias\/arrimadas-por-mucho-que-nos-amenacen-y-nos-ataquen-no-nos-callaran\/#authorImage","url":"https:\/\/secure.gravatar.com\/avatar\/df2aeffc32bcd13f8d26072ef8a91b623d677766deac7f97ca815868cd41bf5e?s=96&d=mm&r=g","width":96,"height":96,"caption":"El Digital de Asturias"}},{"@type":"WebPage","@id":"https:\/\/www.eldigitaldeasturias.com\/noticias\/arrimadas-por-mucho-que-nos-amenacen-y-nos-ataquen-no-nos-callaran\/#webpage","url":"https:\/\/www.eldigitaldeasturias.com\/noticias\/arrimadas-por-mucho-que-nos-amenacen-y-nos-ataquen-no-nos-callaran\/","name":"Arrimadas: \u2018Por mucho que nos amenacen y nos ataquen no nos callar\u00e1n\u00bb - El Digital de Asturias","description":"\u201cPor mucho que nos amenacen y nos ataquen no nos callar\u00e1n, porque nuestro compromiso es con la libertad, la convivencia y la uni\u00f3n\u201d. As\u00ed lo ha dicho la portavoz nacional de Ciudadanos (Cs) y jefa de la Oposici\u00f3n en Catalu\u00f1a, In\u00e9s Arrimadas, en una visita a la sede del partido en Cornell\u00e0 despu\u00e9s de que","inLanguage":"es-ES","isPartOf":{"@id":"https:\/\/www.eldigitaldeasturias.com\/noticias\/#website"},"breadcrumb":{"@id":"https:\/\/www.eldigitaldeasturias.com\/noticias\/arrimadas-por-mucho-que-nos-amenacen-y-nos-ataquen-no-nos-callaran\/#breadcrumblist"},"author":{"@id":"https:\/\/www.eldigitaldeasturias.com\/noticias\/author\/admin\/#author"},"creator":{"@id":"https:\/\/www.eldigitaldeasturias.com\/noticias\/author\/admin\/#author"},"image":{"@type":"ImageObject","url":956657,"@id":"https:\/\/www.eldigitaldeasturias.com\/noticias\/arrimadas-por-mucho-que-nos-amenacen-y-nos-ataquen-no-nos-callaran\/#mainImage"},"primaryImageOfPage":{"@id":"https:\/\/www.eldigitaldeasturias.com\/noticias\/arrimadas-por-mucho-que-nos-amenacen-y-nos-ataquen-no-nos-callaran\/#mainImage"},"datePublished":"2017-10-18T21:51:42+02:00","dateModified":"2017-10-18T21:51:42+02:00"},{"@type":"WebSite","@id":"https:\/\/www.eldigitaldeasturias.com\/noticias\/#website","url":"https:\/\/www.eldigitaldeasturias.com\/noticias\/","name":"El Digital de Asturias - Diario de actualidad y noticias","alternateName":"El Digital de Asturias - Diario de actualidad y noticias","description":"Hemeroteca","inLanguage":"es-ES","publisher":{"@id":"https:\/\/www.eldigitaldeasturias.com\/noticias\/#organization"}}]},"og:locale":"es_ES","og:site_name":"El Digital de Asturias","og:type":"article","og:title":"Arrimadas: \u2018Por mucho que nos amenacen y nos ataquen no nos callar\u00e1n\u00bb - El Digital de Asturias","og:description":"\u201cPor mucho que nos amenacen y nos ataquen no nos callar\u00e1n, porque nuestro compromiso es con la libertad, la convivencia y la uni\u00f3n\u201d. As\u00ed lo ha dicho la portavoz nacional de Ciudadanos (Cs) y jefa de la Oposici\u00f3n en Catalu\u00f1a, In\u00e9s Arrimadas, en una visita a la sede del partido en Cornell\u00e0 despu\u00e9s de que","og:url":"https:\/\/www.eldigitaldeasturias.com\/noticias\/arrimadas-por-mucho-que-nos-amenacen-y-nos-ataquen-no-nos-callaran\/","article:tag":["actualidad"],"article:published_time":"2017-10-18T21:51:42+00:00","article:modified_time":"2017-10-18T21:51:42+00:00","article:publisher":"https:\/\/facebook.com\/eldigitaldeasturias","twitter:card":"summary_large_image","twitter:title":"Arrimadas: \u2018Por mucho que nos amenacen y nos ataquen no nos callar\u00e1n\u00bb - El Digital de Asturias","twitter:description":"\u201cPor mucho que nos amenacen y nos ataquen no nos callar\u00e1n, porque nuestro compromiso es con la libertad, la convivencia y la uni\u00f3n\u201d. As\u00ed lo ha dicho la portavoz nacional de Ciudadanos (Cs) y jefa de la Oposici\u00f3n en Catalu\u00f1a, In\u00e9s Arrimadas, en una visita a la sede del partido en Cornell\u00e0 despu\u00e9s de que","twitter:image":"https:\/\/www.eldigitaldeasturias.com\/noticias\/wp-content\/uploads\/2020\/12\/EDA-1.jpg","twitter:label1":"Escrito por","twitter:data1":"El Digital de Asturias","twitter:label2":"Tiempo de lectura estimado","twitter:data2":"2 minutos"},"aioseo_meta_data":{"post_id":"956656","title":null,"description":null,"keywords":null,"keyphrases":null,"primary_term":null,"canonical_url":null,"og_title":null,"og_description":null,"og_object_type":"default","og_image_type":"default","og_image_url":null,"og_image_width":null,"og_image_height":null,"og_image_custom_url":null,"og_image_custom_fields":null,"og_video":null,"og_custom_url":null,"og_article_section":null,"og_article_tags":null,"twitter_use_og":false,"twitter_card":"default","twitter_image_type":"default","twitter_image_url":null,"twitter_image_custom_url":null,"twitter_image_custom_fields":null,"twitter_title":null,"twitter_description":null,"schema":{"blockGraphs":[],"customGraphs":[],"default":{"data":{"Article":[],"Course":[],"Dataset":[],"FAQPage":[],"Movie":[],"Person":[],"Product":[],"ProductReview":[],"Car":[],"Recipe":[],"Service":[],"SoftwareApplication":[],"WebPage":[]},"graphName":"","isEnabled":true},"graphs":[]},"schema_type":null,"schema_type_options":null,"pillar_content":false,"robots_default":true,"robots_noindex":false,"robots_noarchive":false,"robots_nosnippet":false,"robots_nofollow":false,"robots_noimageindex":false,"robots_noodp":false,"robots_notranslate":false,"robots_max_snippet":null,"robots_max_videopreview":null,"robots_max_imagepreview":"large","priority":null,"frequency":null,"local_seo":null,"seo_analyzer_scan_date":"2025-12-06 14:36:11","breadcrumb_settings":null,"limit_modified_date":false,"open_ai":null,"ai":null,"created":"2020-12-21 12:55:48","updated":"2025-12-06 14:36:11","focus_keyword":null,"additional_keywords":null,"truseo_locale":null},"aioseo_breadcrumb":"<div class=\"aioseo-breadcrumbs\"><span class=\"aioseo-breadcrumb\">\n\t<a href=\"https:\/\/www.eldigitaldeasturias.com\/noticias\" title=\"Home\">Home<\/a>\n<\/span><span class=\"aioseo-breadcrumb-separator\">\u2013<\/span><span class=\"aioseo-breadcrumb\">\n\t<a href=\"https:\/\/www.eldigitaldeasturias.com\/noticias\/category\/actualidad\/\" title=\"Actualidad\">Actualidad<\/a>\n<\/span><span class=\"aioseo-breadcrumb-separator\">\u2013<\/span><span class=\"aioseo-breadcrumb\">\n\t<a href=\"https:\/\/www.eldigitaldeasturias.com\/noticias\/arrimadas-por-mucho-que-nos-amenacen-y-nos-ataquen-no-nos-callaran\/\" title=\"Arrimadas: \u2018Por mucho que nos amenacen y nos ataquen no nos callar\u00e1n\u00bb\">Arrimadas: \u2018Por mucho que nos amenacen y nos ataquen no nos callar\u00e1n\u00bb<\/a>\n<\/span><\/div>","aioseo_breadcrumb_json":[{"label":"Home","link":"https:\/\/www.eldigitaldeasturias.com\/noticias"},{"label":"Actualidad","link":"https:\/\/www.eldigitaldeasturias.com\/noticias\/category\/actualidad\/"},{"label":"Arrimadas: &#8216;Por mucho que nos amenacen y nos ataquen no nos callar\u00e1n\u00bb","link":"https:\/\/www.eldigitaldeasturias.com\/noticias\/arrimadas-por-mucho-que-nos-amenacen-y-nos-ataquen-no-nos-callaran\/"}],"_links":{"self":[{"href":"https:\/\/www.eldigitaldeasturias.com\/noticias\/wp-json\/wp\/v2\/posts\/956656","targetHints":{"allow":["GET"]}}],"collection":[{"href":"https:\/\/www.eldigitaldeasturias.com\/noticias\/wp-json\/wp\/v2\/posts"}],"about":[{"href":"https:\/\/www.eldigitaldeasturias.com\/noticias\/wp-json\/wp\/v2\/types\/post"}],"author":[{"embeddable":true,"href":"https:\/\/www.eldigitaldeasturias.com\/noticias\/wp-json\/wp\/v2\/users\/1"}],"replies":[{"embeddable":true,"href":"https:\/\/www.eldigitaldeasturias.com\/noticias\/wp-json\/wp\/v2\/comments?post=956656"}],"version-history":[{"count":0,"href":"https:\/\/www.eldigitaldeasturias.com\/noticias\/wp-json\/wp\/v2\/posts\/956656\/revisions"}],"wp:attachment":[{"href":"https:\/\/www.eldigitaldeasturias.com\/noticias\/wp-json\/wp\/v2\/media?parent=956656"}],"wp:term":[{"taxonomy":"category","embeddable":true,"href":"https:\/\/www.eldigitaldeasturias.com\/noticias\/wp-json\/wp\/v2\/categories?post=956656"},{"taxonomy":"post_tag","embeddable":true,"href":"https:\/\/www.eldigitaldeasturias.com\/noticias\/wp-json\/wp\/v2\/tags?post=956656"}],"curies":[{"name":"wp","href":"https:\/\/api.w.org\/{rel}","templated":true}]}}