{"id":956650,"date":"2017-10-18T21:43:39","date_gmt":"2017-10-18T21:43:39","guid":{"rendered":"http:\/\/www.eldigitaldeasturias.com\/noticias\/?p=956650"},"modified":"2017-10-18T21:43:39","modified_gmt":"2017-10-18T21:43:39","slug":"garcia-tejerina-estamos-preparados-para-los-incendios-no-para-los-incendiarios","status":"publish","type":"post","link":"https:\/\/www.eldigitaldeasturias.com\/noticias\/garcia-tejerina-estamos-preparados-para-los-incendios-no-para-los-incendiarios\/","title":{"rendered":"Garc\u00eda Tejerina: \u201cEstamos preparados para los incendios, no para los incendiarios\u00bb"},"content":{"rendered":"<p><img loading=\"lazy\" decoding=\"async\" class=\"alignleft size-medium wp-image-956651\" src=\"https:\/\/www.eldigitaldeasturias.com\/noticias\/wp-content\/uploads\/2017\/10\/181017Tejerina-360x239.jpg\" alt=\"\" width=\"360\" height=\"239\" \/>La ministra de Agricultura y Pesca, Alimentaci\u00f3n y Medio Ambiente, Isabel Garc\u00eda Tejerina, ha comparecido en el Congreso de los Diputados para responder a dos preguntas orales sobre los incendios forestales ocurridos este fin de semana en Galicia, Asturias y Castilla y Le\u00f3n, donde ha reiterado su pesar por las personas fallecidas y ha mostrado su solidaridad con los vecinos afectados.<\/p>\n<p>En su intervenci\u00f3n, Garc\u00eda Tejerina ha comentado que Espa\u00f1a cuenta con el mejor dispositivo en materia de extinci\u00f3n de incendios de la Uni\u00f3n Europea, como as\u00ed reconoci\u00f3 ayer mismo la Comisi\u00f3n Europea. En estos d\u00edas, el Gobierno ha triplicado su capacidad de descarga de agua respecto a lo que es habitual en estas fechas. No obstante, la ministra ha apuntado que \u00abestamos preparados para los incendios, no para los incendiarios\u00bb. \u00abNo se trata de un problema de falta de medios, sino de criminalidad\u00bb, ha a\u00f1adido.<\/p>\n<p>Asimismo, la ministra ha se\u00f1alado que el Gobierno colabor\u00f3, desde el momento en que se solicit\u00f3 su ayuda, con las comunidades aut\u00f3nomas de Galicia, Asturias, y Castilla y Le\u00f3n, con todos los medios materiales y humanos para extinguir cuanto antes los incendios. \u00abHemos estado en la prevenci\u00f3n y en la extinci\u00f3n, y estaremos ayudando en la restauraci\u00f3n de los da\u00f1os\u00bb, ha subrayado.<\/p>\n<p>En todo caso, Garc\u00eda Tejerina ha aclarado que los medios de extinci\u00f3n no se han enfrentado estos d\u00edas a una descontrolada propagaci\u00f3n de incendios forestales, sino a m\u00faltiples conatos \u00abdolosamente provocados\u00bb, con mucha intenci\u00f3n y conocimiento de lo que se hac\u00eda para causar mucho da\u00f1o.<\/p>\n<p>A este respecto, la ministra ha hecho un llamamiento a la sociedad para que \u00abseamos absolutamente intolerantes con este tipo de criminalidad\u00bb. En este sentido, se trabaja intensamente para identificar y detener a los criminales \u00abque tanto da\u00f1o han provocado\u00bb.<\/p>\n<p><strong>Pol\u00edtica forestal del Gobierno<\/strong><\/p>\n<p>Por otra parte, Garc\u00eda Tejerina ha afirmado que el Gobierno ha mejorado en los \u00faltimos a\u00f1os las condiciones laborales de las Brigadas de Refuerzo en Incendios Forestales (BRIF), incrementando su tiempo de trabajo y destin\u00e1ndolas a labores de prevenci\u00f3n.<\/p>\n<p>Entre otras medidas, la ministra ha mencionado el aumento del presupuesto para extinci\u00f3n en casi un 20% en relaci\u00f3n con 2011, el incremento de los medios materiales y personales, y la incorporaci\u00f3n de nuevas tecnolog\u00edas para la extinci\u00f3n, adem\u00e1s del apoyo a las labores de restauraci\u00f3n forestal.<\/p>\n<p>Al mismo tiempo, Garc\u00eda Tejerina ha puntualizado que el Gobierno realiza una verdadera pol\u00edtica forestal, con la aprobaci\u00f3n del Plan de Activaci\u00f3n Socioecon\u00f3mica del Sector Forestal, en la pasada Legislatura, y del Plan de Actuaci\u00f3n Forestal, que contempla la elaboraci\u00f3n de una Estrategia Nacional de Prevenci\u00f3n de los incendios forestales.<\/p>\n<p>Adem\u00e1s, Garc\u00eda Tejerina ha recordado que el Ejecutivo ha endurecido la legislaci\u00f3n para combatir los delitos relacionados con el fuego, con la ampliaci\u00f3n de las penas, el establecimiento de una repercusi\u00f3n econ\u00f3mica del da\u00f1o, o la consideraci\u00f3n de delito medioambiental si hay un da\u00f1o importante al medio ambiente.<\/p>\n<p>&nbsp;<\/p>\n","protected":false},"excerpt":{"rendered":"<p>La ministra de Agricultura y Pesca, Alimentaci\u00f3n y Medio Ambiente, Isabel Garc\u00eda Tejerina, ha comparecido en el Congreso de los Diputados para responder a dos preguntas orales sobre los incendios forestales ocurridos este fin de semana en Galicia, Asturias y Castilla y Le\u00f3n, donde ha reiterado su pesar por las personas fallecidas y ha mostrado [&hellip;]<\/p>\n","protected":false},"author":1,"featured_media":956651,"comment_status":"closed","ping_status":"closed","sticky":false,"template":"","format":"standard","meta":{"footnotes":""},"categories":[1],"tags":[],"class_list":["post-956650","post","type-post","status-publish","format-standard","has-post-thumbnail","hentry","category-actualidad"],"aioseo_notices":[],"aioseo_head":"\n\t\t<!-- All in One SEO Pro 5.0.1 - aioseo.com -->\n\t<meta name=\"description\" content=\"La ministra de Agricultura y Pesca, Alimentaci\u00f3n y Medio Ambiente, Isabel Garc\u00eda Tejerina, ha comparecido en el Congreso de los Diputados para responder a dos preguntas orales sobre los incendios forestales ocurridos este fin de semana en Galicia, Asturias y Castilla y Le\u00f3n, donde ha reiterado su pesar por las personas fallecidas y ha mostrado\" \/>\n\t<meta name=\"robots\" content=\"max-image-preview:large\" \/>\n\t<meta name=\"author\" content=\"El Digital de Asturias\"\/>\n\t<meta name=\"google-site-verification\" content=\"UA-38556648-1\" \/>\n\t<meta name=\"msvalidate.01\" content=\"7dfe9f3f1b24437ab69f4f2559babe99\" \/>\n\t<meta name=\"keywords\" content=\"actualidad\" \/>\n\t<link rel=\"canonical\" href=\"https:\/\/www.eldigitaldeasturias.com\/noticias\/garcia-tejerina-estamos-preparados-para-los-incendios-no-para-los-incendiarios\/\" \/>\n\t<meta name=\"generator\" content=\"All in One SEO Pro (AIOSEO) 5.0.1\" \/>\n\t\t<meta property=\"og:locale\" content=\"es_ES\" \/>\n\t\t<meta property=\"og:site_name\" content=\"El Digital de Asturias\" \/>\n\t\t<meta property=\"og:type\" content=\"article\" \/>\n\t\t<meta property=\"og:title\" content=\"Garc\u00eda Tejerina: \u201cEstamos preparados para los incendios, no para los incendiarios\u00bb - El Digital de Asturias\" \/>\n\t\t<meta property=\"og:description\" content=\"La ministra de Agricultura y Pesca, Alimentaci\u00f3n y Medio Ambiente, Isabel Garc\u00eda Tejerina, ha comparecido en el Congreso de los Diputados para responder a dos preguntas orales sobre los incendios forestales ocurridos este fin de semana en Galicia, Asturias y Castilla y Le\u00f3n, donde ha reiterado su pesar por las personas fallecidas y ha mostrado\" \/>\n\t\t<meta property=\"og:url\" content=\"https:\/\/www.eldigitaldeasturias.com\/noticias\/garcia-tejerina-estamos-preparados-para-los-incendios-no-para-los-incendiarios\/\" \/>\n\t\t<meta property=\"article:tag\" content=\"actualidad\" \/>\n\t\t<meta property=\"article:published_time\" content=\"2017-10-18T21:43:39+00:00\" \/>\n\t\t<meta property=\"article:modified_time\" content=\"2017-10-18T21:43:39+00:00\" \/>\n\t\t<meta property=\"article:publisher\" content=\"https:\/\/facebook.com\/eldigitaldeasturias\" \/>\n\t\t<meta name=\"twitter:card\" content=\"summary_large_image\" \/>\n\t\t<meta name=\"twitter:title\" content=\"Garc\u00eda Tejerina: \u201cEstamos preparados para los incendios, no para los incendiarios\u00bb - El Digital de Asturias\" \/>\n\t\t<meta name=\"twitter:description\" content=\"La ministra de Agricultura y Pesca, Alimentaci\u00f3n y Medio Ambiente, Isabel Garc\u00eda Tejerina, ha comparecido en el Congreso de los Diputados para responder a dos preguntas orales sobre los incendios forestales ocurridos este fin de semana en Galicia, Asturias y Castilla y Le\u00f3n, donde ha reiterado su pesar por las personas fallecidas y ha mostrado\" \/>\n\t\t<meta name=\"twitter:image\" content=\"https:\/\/www.eldigitaldeasturias.com\/noticias\/wp-content\/uploads\/2020\/12\/EDA-1.jpg\" \/>\n\t\t<meta name=\"twitter:label1\" content=\"Escrito por\" \/>\n\t\t<meta name=\"twitter:data1\" content=\"El Digital de Asturias\" \/>\n\t\t<meta name=\"twitter:label2\" content=\"Tiempo de lectura estimado\" \/>\n\t\t<meta name=\"twitter:data2\" content=\"3 minutos\" \/>\n\t\t<script type=\"application\/ld+json\" class=\"aioseo-schema\">\n\t\t\t{\"@context\":\"https:\\\/\\\/schema.org\",\"@graph\":[{\"@type\":\"BlogPosting\",\"@id\":\"https:\\\/\\\/www.eldigitaldeasturias.com\\\/noticias\\\/garcia-tejerina-estamos-preparados-para-los-incendios-no-para-los-incendiarios\\\/#blogposting\",\"name\":\"Garc\\u00eda Tejerina: \\u201cEstamos preparados para los incendios, no para los incendiarios\\u00bb - El Digital de Asturias\",\"headline\":\"Garc\\u00eda Tejerina: \\u201cEstamos preparados para los incendios, no para los incendiarios\\u00bb\",\"author\":{\"@id\":\"https:\\\/\\\/www.eldigitaldeasturias.com\\\/noticias\\\/author\\\/admin\\\/#author\"},\"publisher\":{\"@id\":\"https:\\\/\\\/www.eldigitaldeasturias.com\\\/noticias\\\/#organization\"},\"image\":{\"@type\":\"ImageObject\",\"url\":956651},\"datePublished\":\"2017-10-18T21:43:39+02:00\",\"dateModified\":\"2017-10-18T21:43:39+02:00\",\"inLanguage\":\"es-ES\",\"mainEntityOfPage\":{\"@id\":\"https:\\\/\\\/www.eldigitaldeasturias.com\\\/noticias\\\/garcia-tejerina-estamos-preparados-para-los-incendios-no-para-los-incendiarios\\\/#webpage\"},\"isPartOf\":{\"@id\":\"https:\\\/\\\/www.eldigitaldeasturias.com\\\/noticias\\\/garcia-tejerina-estamos-preparados-para-los-incendios-no-para-los-incendiarios\\\/#webpage\"},\"articleSection\":\"Actualidad\"},{\"@type\":\"BreadcrumbList\",\"@id\":\"https:\\\/\\\/www.eldigitaldeasturias.com\\\/noticias\\\/garcia-tejerina-estamos-preparados-para-los-incendios-no-para-los-incendiarios\\\/#breadcrumblist\",\"itemListElement\":[{\"@type\":\"ListItem\",\"@id\":\"https:\\\/\\\/www.eldigitaldeasturias.com\\\/noticias#listItem\",\"position\":1,\"name\":\"Home\",\"item\":\"https:\\\/\\\/www.eldigitaldeasturias.com\\\/noticias\",\"nextItem\":{\"@type\":\"ListItem\",\"@id\":\"https:\\\/\\\/www.eldigitaldeasturias.com\\\/noticias\\\/category\\\/actualidad\\\/#listItem\",\"name\":\"Actualidad\"}},{\"@type\":\"ListItem\",\"@id\":\"https:\\\/\\\/www.eldigitaldeasturias.com\\\/noticias\\\/category\\\/actualidad\\\/#listItem\",\"position\":2,\"name\":\"Actualidad\",\"item\":\"https:\\\/\\\/www.eldigitaldeasturias.com\\\/noticias\\\/category\\\/actualidad\\\/\",\"nextItem\":{\"@type\":\"ListItem\",\"@id\":\"https:\\\/\\\/www.eldigitaldeasturias.com\\\/noticias\\\/garcia-tejerina-estamos-preparados-para-los-incendios-no-para-los-incendiarios\\\/#listItem\",\"name\":\"Garc\\u00eda Tejerina: \\u201cEstamos preparados para los incendios, no para los incendiarios\\u00bb\"},\"previousItem\":{\"@type\":\"ListItem\",\"@id\":\"https:\\\/\\\/www.eldigitaldeasturias.com\\\/noticias#listItem\",\"name\":\"Home\"}},{\"@type\":\"ListItem\",\"@id\":\"https:\\\/\\\/www.eldigitaldeasturias.com\\\/noticias\\\/garcia-tejerina-estamos-preparados-para-los-incendios-no-para-los-incendiarios\\\/#listItem\",\"position\":3,\"name\":\"Garc\\u00eda Tejerina: \\u201cEstamos preparados para los incendios, no para los incendiarios\\u00bb\",\"previousItem\":{\"@type\":\"ListItem\",\"@id\":\"https:\\\/\\\/www.eldigitaldeasturias.com\\\/noticias\\\/category\\\/actualidad\\\/#listItem\",\"name\":\"Actualidad\"}}]},{\"@type\":\"Organization\",\"@id\":\"https:\\\/\\\/www.eldigitaldeasturias.com\\\/noticias\\\/#organization\",\"name\":\"El Digital de Asturias\",\"description\":\"Hemeroteca\",\"url\":\"https:\\\/\\\/www.eldigitaldeasturias.com\\\/noticias\\\/\",\"email\":\"info@eldigitaldeasturias.com\",\"telephone\":\"+34652131393\",\"logo\":{\"@type\":\"ImageObject\",\"url\":\"https:\\\/\\\/www.eldigitaldeasturias.com\\\/noticias\\\/wp-content\\\/uploads\\\/2020\\\/12\\\/EDA.jpg\",\"@id\":\"https:\\\/\\\/www.eldigitaldeasturias.com\\\/noticias\\\/garcia-tejerina-estamos-preparados-para-los-incendios-no-para-los-incendiarios\\\/#organizationLogo\"},\"image\":{\"@id\":\"https:\\\/\\\/www.eldigitaldeasturias.com\\\/noticias\\\/garcia-tejerina-estamos-preparados-para-los-incendios-no-para-los-incendiarios\\\/#organizationLogo\"},\"sameAs\":[\"https:\\\/\\\/facebook.com\\\/eldigitaldeasturias\",\"https:\\\/\\\/www.youtube.com\\\/channel\\\/UCZP-2wLEB9Rv6erhFmqVnvg\"],\"address\":{\"@id\":\"https:\\\/\\\/www.eldigitaldeasturias.com\\\/noticias\\\/#postaladdress\",\"@type\":\"PostalAddress\",\"streetAddress\":\"san antonio 4\",\"postalCode\":\"33430\",\"addressLocality\":\"Cand\\u00e1s\",\"addressRegion\":\"Asturias\",\"addressCountry\":\"ES\"}},{\"@type\":\"Person\",\"@id\":\"https:\\\/\\\/www.eldigitaldeasturias.com\\\/noticias\\\/author\\\/admin\\\/#author\",\"url\":\"https:\\\/\\\/www.eldigitaldeasturias.com\\\/noticias\\\/author\\\/admin\\\/\",\"name\":\"El Digital de Asturias\",\"image\":{\"@type\":\"ImageObject\",\"@id\":\"https:\\\/\\\/www.eldigitaldeasturias.com\\\/noticias\\\/garcia-tejerina-estamos-preparados-para-los-incendios-no-para-los-incendiarios\\\/#authorImage\",\"url\":\"https:\\\/\\\/secure.gravatar.com\\\/avatar\\\/df2aeffc32bcd13f8d26072ef8a91b623d677766deac7f97ca815868cd41bf5e?s=96&d=mm&r=g\",\"width\":96,\"height\":96,\"caption\":\"El Digital de Asturias\"}},{\"@type\":\"WebPage\",\"@id\":\"https:\\\/\\\/www.eldigitaldeasturias.com\\\/noticias\\\/garcia-tejerina-estamos-preparados-para-los-incendios-no-para-los-incendiarios\\\/#webpage\",\"url\":\"https:\\\/\\\/www.eldigitaldeasturias.com\\\/noticias\\\/garcia-tejerina-estamos-preparados-para-los-incendios-no-para-los-incendiarios\\\/\",\"name\":\"Garc\\u00eda Tejerina: \\u201cEstamos preparados para los incendios, no para los incendiarios\\u00bb - El Digital de Asturias\",\"description\":\"La ministra de Agricultura y Pesca, Alimentaci\\u00f3n y Medio Ambiente, Isabel Garc\\u00eda Tejerina, ha comparecido en el Congreso de los Diputados para responder a dos preguntas orales sobre los incendios forestales ocurridos este fin de semana en Galicia, Asturias y Castilla y Le\\u00f3n, donde ha reiterado su pesar por las personas fallecidas y ha mostrado\",\"inLanguage\":\"es-ES\",\"isPartOf\":{\"@id\":\"https:\\\/\\\/www.eldigitaldeasturias.com\\\/noticias\\\/#website\"},\"breadcrumb\":{\"@id\":\"https:\\\/\\\/www.eldigitaldeasturias.com\\\/noticias\\\/garcia-tejerina-estamos-preparados-para-los-incendios-no-para-los-incendiarios\\\/#breadcrumblist\"},\"author\":{\"@id\":\"https:\\\/\\\/www.eldigitaldeasturias.com\\\/noticias\\\/author\\\/admin\\\/#author\"},\"creator\":{\"@id\":\"https:\\\/\\\/www.eldigitaldeasturias.com\\\/noticias\\\/author\\\/admin\\\/#author\"},\"image\":{\"@type\":\"ImageObject\",\"url\":956651,\"@id\":\"https:\\\/\\\/www.eldigitaldeasturias.com\\\/noticias\\\/garcia-tejerina-estamos-preparados-para-los-incendios-no-para-los-incendiarios\\\/#mainImage\"},\"primaryImageOfPage\":{\"@id\":\"https:\\\/\\\/www.eldigitaldeasturias.com\\\/noticias\\\/garcia-tejerina-estamos-preparados-para-los-incendios-no-para-los-incendiarios\\\/#mainImage\"},\"datePublished\":\"2017-10-18T21:43:39+02:00\",\"dateModified\":\"2017-10-18T21:43:39+02:00\"},{\"@type\":\"WebSite\",\"@id\":\"https:\\\/\\\/www.eldigitaldeasturias.com\\\/noticias\\\/#website\",\"url\":\"https:\\\/\\\/www.eldigitaldeasturias.com\\\/noticias\\\/\",\"name\":\"El Digital de Asturias - Diario de actualidad y noticias\",\"alternateName\":\"El Digital de Asturias - Diario de actualidad y noticias\",\"description\":\"Hemeroteca\",\"inLanguage\":\"es-ES\",\"publisher\":{\"@id\":\"https:\\\/\\\/www.eldigitaldeasturias.com\\\/noticias\\\/#organization\"}}]}\n\t\t<\/script>\n\t\t<!-- All in One SEO Pro -->\r\n\t\t<title>Garc\u00eda Tejerina: \u201cEstamos preparados para los incendios, no para los incendiarios\u00bb - El Digital de Asturias<\/title>\n\n","aioseo_head_json":{"title":"Garc\u00eda Tejerina: \u201cEstamos preparados para los incendios, no para los incendiarios\u00bb - El Digital de Asturias","description":"La ministra de Agricultura y Pesca, Alimentaci\u00f3n y Medio Ambiente, Isabel Garc\u00eda Tejerina, ha comparecido en el Congreso de los Diputados para responder a dos preguntas orales sobre los incendios forestales ocurridos este fin de semana en Galicia, Asturias y Castilla y Le\u00f3n, donde ha reiterado su pesar por las personas fallecidas y ha mostrado","canonical_url":"https:\/\/www.eldigitaldeasturias.com\/noticias\/garcia-tejerina-estamos-preparados-para-los-incendios-no-para-los-incendiarios\/","robots":"max-image-preview:large","keywords":"actualidad","webmasterTools":{"google-site-verification":"UA-38556648-1","msvalidate.01":"7dfe9f3f1b24437ab69f4f2559babe99","miscellaneous":""},"schema":{"@context":"https:\/\/schema.org","@graph":[{"@type":"BlogPosting","@id":"https:\/\/www.eldigitaldeasturias.com\/noticias\/garcia-tejerina-estamos-preparados-para-los-incendios-no-para-los-incendiarios\/#blogposting","name":"Garc\u00eda Tejerina: \u201cEstamos preparados para los incendios, no para los incendiarios\u00bb - El Digital de Asturias","headline":"Garc\u00eda Tejerina: \u201cEstamos preparados para los incendios, no para los incendiarios\u00bb","author":{"@id":"https:\/\/www.eldigitaldeasturias.com\/noticias\/author\/admin\/#author"},"publisher":{"@id":"https:\/\/www.eldigitaldeasturias.com\/noticias\/#organization"},"image":{"@type":"ImageObject","url":956651},"datePublished":"2017-10-18T21:43:39+02:00","dateModified":"2017-10-18T21:43:39+02:00","inLanguage":"es-ES","mainEntityOfPage":{"@id":"https:\/\/www.eldigitaldeasturias.com\/noticias\/garcia-tejerina-estamos-preparados-para-los-incendios-no-para-los-incendiarios\/#webpage"},"isPartOf":{"@id":"https:\/\/www.eldigitaldeasturias.com\/noticias\/garcia-tejerina-estamos-preparados-para-los-incendios-no-para-los-incendiarios\/#webpage"},"articleSection":"Actualidad"},{"@type":"BreadcrumbList","@id":"https:\/\/www.eldigitaldeasturias.com\/noticias\/garcia-tejerina-estamos-preparados-para-los-incendios-no-para-los-incendiarios\/#breadcrumblist","itemListElement":[{"@type":"ListItem","@id":"https:\/\/www.eldigitaldeasturias.com\/noticias#listItem","position":1,"name":"Home","item":"https:\/\/www.eldigitaldeasturias.com\/noticias","nextItem":{"@type":"ListItem","@id":"https:\/\/www.eldigitaldeasturias.com\/noticias\/category\/actualidad\/#listItem","name":"Actualidad"}},{"@type":"ListItem","@id":"https:\/\/www.eldigitaldeasturias.com\/noticias\/category\/actualidad\/#listItem","position":2,"name":"Actualidad","item":"https:\/\/www.eldigitaldeasturias.com\/noticias\/category\/actualidad\/","nextItem":{"@type":"ListItem","@id":"https:\/\/www.eldigitaldeasturias.com\/noticias\/garcia-tejerina-estamos-preparados-para-los-incendios-no-para-los-incendiarios\/#listItem","name":"Garc\u00eda Tejerina: \u201cEstamos preparados para los incendios, no para los incendiarios\u00bb"},"previousItem":{"@type":"ListItem","@id":"https:\/\/www.eldigitaldeasturias.com\/noticias#listItem","name":"Home"}},{"@type":"ListItem","@id":"https:\/\/www.eldigitaldeasturias.com\/noticias\/garcia-tejerina-estamos-preparados-para-los-incendios-no-para-los-incendiarios\/#listItem","position":3,"name":"Garc\u00eda Tejerina: \u201cEstamos preparados para los incendios, no para los incendiarios\u00bb","previousItem":{"@type":"ListItem","@id":"https:\/\/www.eldigitaldeasturias.com\/noticias\/category\/actualidad\/#listItem","name":"Actualidad"}}]},{"@type":"Organization","@id":"https:\/\/www.eldigitaldeasturias.com\/noticias\/#organization","name":"El Digital de Asturias","description":"Hemeroteca","url":"https:\/\/www.eldigitaldeasturias.com\/noticias\/","email":"info@eldigitaldeasturias.com","telephone":"+34652131393","logo":{"@type":"ImageObject","url":"https:\/\/www.eldigitaldeasturias.com\/noticias\/wp-content\/uploads\/2020\/12\/EDA.jpg","@id":"https:\/\/www.eldigitaldeasturias.com\/noticias\/garcia-tejerina-estamos-preparados-para-los-incendios-no-para-los-incendiarios\/#organizationLogo"},"image":{"@id":"https:\/\/www.eldigitaldeasturias.com\/noticias\/garcia-tejerina-estamos-preparados-para-los-incendios-no-para-los-incendiarios\/#organizationLogo"},"sameAs":["https:\/\/facebook.com\/eldigitaldeasturias","https:\/\/www.youtube.com\/channel\/UCZP-2wLEB9Rv6erhFmqVnvg"],"address":{"@id":"https:\/\/www.eldigitaldeasturias.com\/noticias\/#postaladdress","@type":"PostalAddress","streetAddress":"san antonio 4","postalCode":"33430","addressLocality":"Cand\u00e1s","addressRegion":"Asturias","addressCountry":"ES"}},{"@type":"Person","@id":"https:\/\/www.eldigitaldeasturias.com\/noticias\/author\/admin\/#author","url":"https:\/\/www.eldigitaldeasturias.com\/noticias\/author\/admin\/","name":"El Digital de Asturias","image":{"@type":"ImageObject","@id":"https:\/\/www.eldigitaldeasturias.com\/noticias\/garcia-tejerina-estamos-preparados-para-los-incendios-no-para-los-incendiarios\/#authorImage","url":"https:\/\/secure.gravatar.com\/avatar\/df2aeffc32bcd13f8d26072ef8a91b623d677766deac7f97ca815868cd41bf5e?s=96&d=mm&r=g","width":96,"height":96,"caption":"El Digital de Asturias"}},{"@type":"WebPage","@id":"https:\/\/www.eldigitaldeasturias.com\/noticias\/garcia-tejerina-estamos-preparados-para-los-incendios-no-para-los-incendiarios\/#webpage","url":"https:\/\/www.eldigitaldeasturias.com\/noticias\/garcia-tejerina-estamos-preparados-para-los-incendios-no-para-los-incendiarios\/","name":"Garc\u00eda Tejerina: \u201cEstamos preparados para los incendios, no para los incendiarios\u00bb - El Digital de Asturias","description":"La ministra de Agricultura y Pesca, Alimentaci\u00f3n y Medio Ambiente, Isabel Garc\u00eda Tejerina, ha comparecido en el Congreso de los Diputados para responder a dos preguntas orales sobre los incendios forestales ocurridos este fin de semana en Galicia, Asturias y Castilla y Le\u00f3n, donde ha reiterado su pesar por las personas fallecidas y ha mostrado","inLanguage":"es-ES","isPartOf":{"@id":"https:\/\/www.eldigitaldeasturias.com\/noticias\/#website"},"breadcrumb":{"@id":"https:\/\/www.eldigitaldeasturias.com\/noticias\/garcia-tejerina-estamos-preparados-para-los-incendios-no-para-los-incendiarios\/#breadcrumblist"},"author":{"@id":"https:\/\/www.eldigitaldeasturias.com\/noticias\/author\/admin\/#author"},"creator":{"@id":"https:\/\/www.eldigitaldeasturias.com\/noticias\/author\/admin\/#author"},"image":{"@type":"ImageObject","url":956651,"@id":"https:\/\/www.eldigitaldeasturias.com\/noticias\/garcia-tejerina-estamos-preparados-para-los-incendios-no-para-los-incendiarios\/#mainImage"},"primaryImageOfPage":{"@id":"https:\/\/www.eldigitaldeasturias.com\/noticias\/garcia-tejerina-estamos-preparados-para-los-incendios-no-para-los-incendiarios\/#mainImage"},"datePublished":"2017-10-18T21:43:39+02:00","dateModified":"2017-10-18T21:43:39+02:00"},{"@type":"WebSite","@id":"https:\/\/www.eldigitaldeasturias.com\/noticias\/#website","url":"https:\/\/www.eldigitaldeasturias.com\/noticias\/","name":"El Digital de Asturias - Diario de actualidad y noticias","alternateName":"El Digital de Asturias - Diario de actualidad y noticias","description":"Hemeroteca","inLanguage":"es-ES","publisher":{"@id":"https:\/\/www.eldigitaldeasturias.com\/noticias\/#organization"}}]},"og:locale":"es_ES","og:site_name":"El Digital de Asturias","og:type":"article","og:title":"Garc\u00eda Tejerina: \u201cEstamos preparados para los incendios, no para los incendiarios\u00bb - El Digital de Asturias","og:description":"La ministra de Agricultura y Pesca, Alimentaci\u00f3n y Medio Ambiente, Isabel Garc\u00eda Tejerina, ha comparecido en el Congreso de los Diputados para responder a dos preguntas orales sobre los incendios forestales ocurridos este fin de semana en Galicia, Asturias y Castilla y Le\u00f3n, donde ha reiterado su pesar por las personas fallecidas y ha mostrado","og:url":"https:\/\/www.eldigitaldeasturias.com\/noticias\/garcia-tejerina-estamos-preparados-para-los-incendios-no-para-los-incendiarios\/","article:tag":["actualidad"],"article:published_time":"2017-10-18T21:43:39+00:00","article:modified_time":"2017-10-18T21:43:39+00:00","article:publisher":"https:\/\/facebook.com\/eldigitaldeasturias","twitter:card":"summary_large_image","twitter:title":"Garc\u00eda Tejerina: \u201cEstamos preparados para los incendios, no para los incendiarios\u00bb - El Digital de Asturias","twitter:description":"La ministra de Agricultura y Pesca, Alimentaci\u00f3n y Medio Ambiente, Isabel Garc\u00eda Tejerina, ha comparecido en el Congreso de los Diputados para responder a dos preguntas orales sobre los incendios forestales ocurridos este fin de semana en Galicia, Asturias y Castilla y Le\u00f3n, donde ha reiterado su pesar por las personas fallecidas y ha mostrado","twitter:image":"https:\/\/www.eldigitaldeasturias.com\/noticias\/wp-content\/uploads\/2020\/12\/EDA-1.jpg","twitter:label1":"Escrito por","twitter:data1":"El Digital de Asturias","twitter:label2":"Tiempo de lectura estimado","twitter:data2":"3 minutos"},"aioseo_meta_data":{"post_id":"956650","title":null,"description":null,"keywords":null,"keyphrases":null,"primary_term":null,"canonical_url":null,"og_title":null,"og_description":null,"og_object_type":"default","og_image_type":"default","og_image_url":null,"og_image_width":null,"og_image_height":null,"og_image_custom_url":null,"og_image_custom_fields":null,"og_video":null,"og_custom_url":null,"og_article_section":null,"og_article_tags":null,"twitter_use_og":false,"twitter_card":"default","twitter_image_type":"default","twitter_image_url":null,"twitter_image_custom_url":null,"twitter_image_custom_fields":null,"twitter_title":null,"twitter_description":null,"schema":{"blockGraphs":[],"customGraphs":[],"default":{"data":{"Article":[],"Course":[],"Dataset":[],"FAQPage":[],"Movie":[],"Person":[],"Product":[],"ProductReview":[],"Car":[],"Recipe":[],"Service":[],"SoftwareApplication":[],"WebPage":[]},"graphName":"","isEnabled":true},"graphs":[],"defaultGraph":"","defaultPostTypeGraph":""},"schema_type":null,"schema_type_options":null,"pillar_content":false,"robots_default":true,"robots_noindex":false,"robots_noarchive":false,"robots_nosnippet":false,"robots_nofollow":false,"robots_noimageindex":false,"robots_noodp":false,"robots_notranslate":false,"robots_max_snippet":null,"robots_max_videopreview":null,"robots_max_imagepreview":"large","priority":null,"frequency":null,"local_seo":null,"seo_analyzer_scan_date":"2025-12-06 14:33:10","breadcrumb_settings":null,"limit_modified_date":false,"open_ai":null,"ai":null,"created":"2020-12-21 12:55:48","updated":"2025-12-06 14:33:10","focus_keyword":null,"additional_keywords":null,"truseo_locale":null},"aioseo_breadcrumb":"<div class=\"aioseo-breadcrumbs\"><span class=\"aioseo-breadcrumb\">\n\t<a href=\"https:\/\/www.eldigitaldeasturias.com\/noticias\" title=\"Home\">Home<\/a>\n<\/span><span class=\"aioseo-breadcrumb-separator\">\u2013<\/span><span class=\"aioseo-breadcrumb\">\n\t<a href=\"https:\/\/www.eldigitaldeasturias.com\/noticias\/category\/actualidad\/\" title=\"Actualidad\">Actualidad<\/a>\n<\/span><span class=\"aioseo-breadcrumb-separator\">\u2013<\/span><span class=\"aioseo-breadcrumb\">\n\t<a href=\"https:\/\/www.eldigitaldeasturias.com\/noticias\/garcia-tejerina-estamos-preparados-para-los-incendios-no-para-los-incendiarios\/\" title=\"Garc\u00eda Tejerina: \u201cEstamos preparados para los incendios, no para los incendiarios\u00bb\">Garc\u00eda Tejerina: \u201cEstamos preparados para los incendios, no para los incendiarios\u00bb<\/a>\n<\/span><\/div>","aioseo_breadcrumb_json":[{"label":"Home","link":"https:\/\/www.eldigitaldeasturias.com\/noticias"},{"label":"Actualidad","link":"https:\/\/www.eldigitaldeasturias.com\/noticias\/category\/actualidad\/"},{"label":"Garc\u00eda Tejerina: \u201cEstamos preparados para los incendios, no para los incendiarios\u00bb","link":"https:\/\/www.eldigitaldeasturias.com\/noticias\/garcia-tejerina-estamos-preparados-para-los-incendios-no-para-los-incendiarios\/"}],"_links":{"self":[{"href":"https:\/\/www.eldigitaldeasturias.com\/noticias\/wp-json\/wp\/v2\/posts\/956650","targetHints":{"allow":["GET"]}}],"collection":[{"href":"https:\/\/www.eldigitaldeasturias.com\/noticias\/wp-json\/wp\/v2\/posts"}],"about":[{"href":"https:\/\/www.eldigitaldeasturias.com\/noticias\/wp-json\/wp\/v2\/types\/post"}],"author":[{"embeddable":true,"href":"https:\/\/www.eldigitaldeasturias.com\/noticias\/wp-json\/wp\/v2\/users\/1"}],"replies":[{"embeddable":true,"href":"https:\/\/www.eldigitaldeasturias.com\/noticias\/wp-json\/wp\/v2\/comments?post=956650"}],"version-history":[{"count":0,"href":"https:\/\/www.eldigitaldeasturias.com\/noticias\/wp-json\/wp\/v2\/posts\/956650\/revisions"}],"wp:attachment":[{"href":"https:\/\/www.eldigitaldeasturias.com\/noticias\/wp-json\/wp\/v2\/media?parent=956650"}],"wp:term":[{"taxonomy":"category","embeddable":true,"href":"https:\/\/www.eldigitaldeasturias.com\/noticias\/wp-json\/wp\/v2\/categories?post=956650"},{"taxonomy":"post_tag","embeddable":true,"href":"https:\/\/www.eldigitaldeasturias.com\/noticias\/wp-json\/wp\/v2\/tags?post=956650"}],"curies":[{"name":"wp","href":"https:\/\/api.w.org\/{rel}","templated":true}]}}