{"id":956626,"date":"2017-10-18T18:54:42","date_gmt":"2017-10-18T18:54:42","guid":{"rendered":"http:\/\/www.eldigitaldeasturias.com\/noticias\/?p=956626"},"modified":"2017-10-18T18:54:42","modified_gmt":"2017-10-18T18:54:42","slug":"susana-diaz-la-situacion-de-cataluna-es-un-problema-que-afecta-a-todos","status":"publish","type":"post","link":"https:\/\/www.eldigitaldeasturias.com\/noticias\/susana-diaz-la-situacion-de-cataluna-es-un-problema-que-afecta-a-todos\/","title":{"rendered":"Susana D\u00edaz: \u201cLa situaci\u00f3n de Catalu\u00f1a es un problema que afecta a todos\u00bb"},"content":{"rendered":"<p><img loading=\"lazy\" decoding=\"async\" class=\"alignleft size-medium wp-image-952192\" src=\"https:\/\/www.eldigitaldeasturias.com\/noticias\/wp-content\/uploads\/2017\/09\/Susana-360x221.jpg\" alt=\"\" width=\"360\" height=\"221\" \/>La presidenta de la Junta, Susana D\u00edaz, afirma que la situaci\u00f3n de Catalu\u00f1a es \u00abun problema que afecta a todos\u00bb y una \u00abinquietud\u00bb permanente para la ciudadan\u00eda. Tras reunirse con empresarios y cooperativistas andaluces en el marco de la Feria Internacional del Sector de Frutas y Hortalizas Fruit Attraction 2017, D\u00edaz ha reiterado que Andaluc\u00eda \u00abest\u00e1 al lado siempre\u00bb del Estado de Derecho y de la Constituci\u00f3n, como \u00abgarant\u00eda de la cohesi\u00f3n y de la igualdad\u00bb, y ha insistido en que Espa\u00f1a es un \u00abproyecto com\u00fan\u00bb, que \u00abtiene presente y tiene futuro, unida y en igualdad\u00bb.<\/p>\n<p>\u00abNo creo que haya una mesa en este pa\u00eds, familia, empresa o cafeter\u00eda donde no haya ciudadanos hablando de lo que est\u00e1 pasando en Catalu\u00f1a\u00bb, ha dicho la presidenta andaluza, quien ha lamentado que en las \u00faltimas horas, lejos de \u00abverse una perspectiva\u00bb de reconducci\u00f3n y restituci\u00f3n de la legalidad \u00abparece que est\u00e9n caminando hacia el precipicio\u00bb.<\/p>\n<p>Preguntada sobre una posible negociaci\u00f3n del Gobierno central de la financiaci\u00f3n de Catalu\u00f1a, Susana D\u00edaz ha advertido de que cualquier avance en este aspecto debe contar con el benepl\u00e1cito de todo el pa\u00eds. La participaci\u00f3n de las comunidades aut\u00f3nomas en este asunto ser\u00e1 lo que certifique, ha indicado, que \u00abhaya una financiaci\u00f3n justa y equitativa para todos, que garantice los servicios p\u00fablicos para todos\u00bb.<\/p>\n<p>D\u00edaz ha recordado que la reforma de la financiaci\u00f3n \u00abes un acuerdo de la Conferencia de Presidentes que adoptamos de manera un\u00e1nime\u00bb y que, por tanto, debe cumplir y ejecutar el Ministerio de Hacienda y Funci\u00f3n P\u00fablica. \u00abEstoy convencida de que el ministro Montoro cumplir\u00e1 el plazo de que a finales de a\u00f1o el documento de los expertos se traduzca en una propuesta del Gobierno y autom\u00e1ticamente se inicie el tr\u00e1mite parlamentario y del Consejo de Pol\u00edtica Fiscal y Financiera d\u00e1ndole audiencia a las comunidades aut\u00f3nomas\u00bb, ha avanzado.<\/p>\n<p>En cuanto a una posible reforma constitucional, la presidenta andaluza ha insistido en que las comunidades forman parte del Estado, y \u00aba veces eso hay quien lo olvida, de ah\u00ed la importancia de nuestro apoyo al Estado de Derecho, a la Democracia y la Constituci\u00f3n\u00bb. D\u00edaz ha a\u00f1adido que los representantes p\u00fablicos y pol\u00edticos deben de estar a la altura de lo que el \u00abpa\u00eds merece y necesita\u00bb.<\/p>\n<p>&nbsp;<\/p>\n","protected":false},"excerpt":{"rendered":"<p>La presidenta de la Junta, Susana D\u00edaz, afirma que la situaci\u00f3n de Catalu\u00f1a es \u00abun problema que afecta a todos\u00bb y una \u00abinquietud\u00bb permanente para la ciudadan\u00eda. Tras reunirse con empresarios y cooperativistas andaluces en el marco de la Feria Internacional del Sector de Frutas y Hortalizas Fruit Attraction 2017, D\u00edaz ha reiterado que Andaluc\u00eda [&hellip;]<\/p>\n","protected":false},"author":1,"featured_media":952192,"comment_status":"closed","ping_status":"closed","sticky":false,"template":"","format":"standard","meta":{"footnotes":""},"categories":[1],"tags":[],"class_list":["post-956626","post","type-post","status-publish","format-standard","has-post-thumbnail","hentry","category-actualidad"],"aioseo_notices":[],"aioseo_head":"\n\t\t<!-- All in One SEO Pro 5.0.1 - aioseo.com -->\n\t<meta name=\"description\" content=\"La presidenta de la Junta, Susana D\u00edaz, afirma que la situaci\u00f3n de Catalu\u00f1a es &quot;un problema que afecta a todos&quot; y una &quot;inquietud&quot; permanente para la ciudadan\u00eda. Tras reunirse con empresarios y cooperativistas andaluces en el marco de la Feria Internacional del Sector de Frutas y Hortalizas Fruit Attraction 2017, D\u00edaz ha reiterado que Andaluc\u00eda\" \/>\n\t<meta name=\"robots\" content=\"max-image-preview:large\" \/>\n\t<meta name=\"author\" content=\"El Digital de Asturias\"\/>\n\t<meta name=\"google-site-verification\" content=\"UA-38556648-1\" \/>\n\t<meta name=\"msvalidate.01\" content=\"7dfe9f3f1b24437ab69f4f2559babe99\" \/>\n\t<meta name=\"keywords\" content=\"actualidad\" \/>\n\t<link rel=\"canonical\" href=\"https:\/\/www.eldigitaldeasturias.com\/noticias\/susana-diaz-la-situacion-de-cataluna-es-un-problema-que-afecta-a-todos\/\" \/>\n\t<meta name=\"generator\" content=\"All in One SEO Pro (AIOSEO) 5.0.1\" \/>\n\t\t<meta property=\"og:locale\" content=\"es_ES\" \/>\n\t\t<meta property=\"og:site_name\" content=\"El Digital de Asturias\" \/>\n\t\t<meta property=\"og:type\" content=\"article\" \/>\n\t\t<meta property=\"og:title\" content=\"Susana D\u00edaz: \u201cLa situaci\u00f3n de Catalu\u00f1a es un problema que afecta a todos\u00bb - El Digital de Asturias\" \/>\n\t\t<meta property=\"og:description\" content=\"La presidenta de la Junta, Susana D\u00edaz, afirma que la situaci\u00f3n de Catalu\u00f1a es &quot;un problema que afecta a todos&quot; y una &quot;inquietud&quot; permanente para la ciudadan\u00eda. Tras reunirse con empresarios y cooperativistas andaluces en el marco de la Feria Internacional del Sector de Frutas y Hortalizas Fruit Attraction 2017, D\u00edaz ha reiterado que Andaluc\u00eda\" \/>\n\t\t<meta property=\"og:url\" content=\"https:\/\/www.eldigitaldeasturias.com\/noticias\/susana-diaz-la-situacion-de-cataluna-es-un-problema-que-afecta-a-todos\/\" \/>\n\t\t<meta property=\"article:tag\" content=\"actualidad\" \/>\n\t\t<meta property=\"article:published_time\" content=\"2017-10-18T18:54:42+00:00\" \/>\n\t\t<meta property=\"article:modified_time\" content=\"2017-10-18T18:54:42+00:00\" \/>\n\t\t<meta property=\"article:publisher\" content=\"https:\/\/facebook.com\/eldigitaldeasturias\" \/>\n\t\t<meta name=\"twitter:card\" content=\"summary_large_image\" \/>\n\t\t<meta name=\"twitter:title\" content=\"Susana D\u00edaz: \u201cLa situaci\u00f3n de Catalu\u00f1a es un problema que afecta a todos\u00bb - El Digital de Asturias\" \/>\n\t\t<meta name=\"twitter:description\" content=\"La presidenta de la Junta, Susana D\u00edaz, afirma que la situaci\u00f3n de Catalu\u00f1a es &quot;un problema que afecta a todos&quot; y una &quot;inquietud&quot; permanente para la ciudadan\u00eda. Tras reunirse con empresarios y cooperativistas andaluces en el marco de la Feria Internacional del Sector de Frutas y Hortalizas Fruit Attraction 2017, D\u00edaz ha reiterado que Andaluc\u00eda\" \/>\n\t\t<meta name=\"twitter:image\" content=\"https:\/\/www.eldigitaldeasturias.com\/noticias\/wp-content\/uploads\/2020\/12\/EDA-1.jpg\" \/>\n\t\t<meta name=\"twitter:label1\" content=\"Escrito por\" \/>\n\t\t<meta name=\"twitter:data1\" content=\"El Digital de Asturias\" \/>\n\t\t<meta name=\"twitter:label2\" content=\"Tiempo de lectura estimado\" \/>\n\t\t<meta name=\"twitter:data2\" content=\"2 minutos\" \/>\n\t\t<script type=\"application\/ld+json\" class=\"aioseo-schema\">\n\t\t\t{\"@context\":\"https:\\\/\\\/schema.org\",\"@graph\":[{\"@type\":\"BlogPosting\",\"@id\":\"https:\\\/\\\/www.eldigitaldeasturias.com\\\/noticias\\\/susana-diaz-la-situacion-de-cataluna-es-un-problema-que-afecta-a-todos\\\/#blogposting\",\"name\":\"Susana D\\u00edaz: \\u201cLa situaci\\u00f3n de Catalu\\u00f1a es un problema que afecta a todos\\u00bb - El Digital de Asturias\",\"headline\":\"Susana D\\u00edaz: \\u201cLa situaci\\u00f3n de Catalu\\u00f1a es un problema que afecta a todos\\u00bb\",\"author\":{\"@id\":\"https:\\\/\\\/www.eldigitaldeasturias.com\\\/noticias\\\/author\\\/admin\\\/#author\"},\"publisher\":{\"@id\":\"https:\\\/\\\/www.eldigitaldeasturias.com\\\/noticias\\\/#organization\"},\"image\":{\"@type\":\"ImageObject\",\"url\":952192},\"datePublished\":\"2017-10-18T18:54:42+02:00\",\"dateModified\":\"2017-10-18T18:54:42+02:00\",\"inLanguage\":\"es-ES\",\"mainEntityOfPage\":{\"@id\":\"https:\\\/\\\/www.eldigitaldeasturias.com\\\/noticias\\\/susana-diaz-la-situacion-de-cataluna-es-un-problema-que-afecta-a-todos\\\/#webpage\"},\"isPartOf\":{\"@id\":\"https:\\\/\\\/www.eldigitaldeasturias.com\\\/noticias\\\/susana-diaz-la-situacion-de-cataluna-es-un-problema-que-afecta-a-todos\\\/#webpage\"},\"articleSection\":\"Actualidad\"},{\"@type\":\"BreadcrumbList\",\"@id\":\"https:\\\/\\\/www.eldigitaldeasturias.com\\\/noticias\\\/susana-diaz-la-situacion-de-cataluna-es-un-problema-que-afecta-a-todos\\\/#breadcrumblist\",\"itemListElement\":[{\"@type\":\"ListItem\",\"@id\":\"https:\\\/\\\/www.eldigitaldeasturias.com\\\/noticias#listItem\",\"position\":1,\"name\":\"Home\",\"item\":\"https:\\\/\\\/www.eldigitaldeasturias.com\\\/noticias\",\"nextItem\":{\"@type\":\"ListItem\",\"@id\":\"https:\\\/\\\/www.eldigitaldeasturias.com\\\/noticias\\\/category\\\/actualidad\\\/#listItem\",\"name\":\"Actualidad\"}},{\"@type\":\"ListItem\",\"@id\":\"https:\\\/\\\/www.eldigitaldeasturias.com\\\/noticias\\\/category\\\/actualidad\\\/#listItem\",\"position\":2,\"name\":\"Actualidad\",\"item\":\"https:\\\/\\\/www.eldigitaldeasturias.com\\\/noticias\\\/category\\\/actualidad\\\/\",\"nextItem\":{\"@type\":\"ListItem\",\"@id\":\"https:\\\/\\\/www.eldigitaldeasturias.com\\\/noticias\\\/susana-diaz-la-situacion-de-cataluna-es-un-problema-que-afecta-a-todos\\\/#listItem\",\"name\":\"Susana D\\u00edaz: \\u201cLa situaci\\u00f3n de Catalu\\u00f1a es un problema que afecta a todos\\u00bb\"},\"previousItem\":{\"@type\":\"ListItem\",\"@id\":\"https:\\\/\\\/www.eldigitaldeasturias.com\\\/noticias#listItem\",\"name\":\"Home\"}},{\"@type\":\"ListItem\",\"@id\":\"https:\\\/\\\/www.eldigitaldeasturias.com\\\/noticias\\\/susana-diaz-la-situacion-de-cataluna-es-un-problema-que-afecta-a-todos\\\/#listItem\",\"position\":3,\"name\":\"Susana D\\u00edaz: \\u201cLa situaci\\u00f3n de Catalu\\u00f1a es un problema que afecta a todos\\u00bb\",\"previousItem\":{\"@type\":\"ListItem\",\"@id\":\"https:\\\/\\\/www.eldigitaldeasturias.com\\\/noticias\\\/category\\\/actualidad\\\/#listItem\",\"name\":\"Actualidad\"}}]},{\"@type\":\"Organization\",\"@id\":\"https:\\\/\\\/www.eldigitaldeasturias.com\\\/noticias\\\/#organization\",\"name\":\"El Digital de Asturias\",\"description\":\"Hemeroteca\",\"url\":\"https:\\\/\\\/www.eldigitaldeasturias.com\\\/noticias\\\/\",\"email\":\"info@eldigitaldeasturias.com\",\"telephone\":\"+34652131393\",\"logo\":{\"@type\":\"ImageObject\",\"url\":\"https:\\\/\\\/www.eldigitaldeasturias.com\\\/noticias\\\/wp-content\\\/uploads\\\/2020\\\/12\\\/EDA.jpg\",\"@id\":\"https:\\\/\\\/www.eldigitaldeasturias.com\\\/noticias\\\/susana-diaz-la-situacion-de-cataluna-es-un-problema-que-afecta-a-todos\\\/#organizationLogo\"},\"image\":{\"@id\":\"https:\\\/\\\/www.eldigitaldeasturias.com\\\/noticias\\\/susana-diaz-la-situacion-de-cataluna-es-un-problema-que-afecta-a-todos\\\/#organizationLogo\"},\"sameAs\":[\"https:\\\/\\\/facebook.com\\\/eldigitaldeasturias\",\"https:\\\/\\\/www.youtube.com\\\/channel\\\/UCZP-2wLEB9Rv6erhFmqVnvg\"],\"address\":{\"@id\":\"https:\\\/\\\/www.eldigitaldeasturias.com\\\/noticias\\\/#postaladdress\",\"@type\":\"PostalAddress\",\"streetAddress\":\"san antonio 4\",\"postalCode\":\"33430\",\"addressLocality\":\"Cand\\u00e1s\",\"addressRegion\":\"Asturias\",\"addressCountry\":\"ES\"}},{\"@type\":\"Person\",\"@id\":\"https:\\\/\\\/www.eldigitaldeasturias.com\\\/noticias\\\/author\\\/admin\\\/#author\",\"url\":\"https:\\\/\\\/www.eldigitaldeasturias.com\\\/noticias\\\/author\\\/admin\\\/\",\"name\":\"El Digital de Asturias\",\"image\":{\"@type\":\"ImageObject\",\"@id\":\"https:\\\/\\\/www.eldigitaldeasturias.com\\\/noticias\\\/susana-diaz-la-situacion-de-cataluna-es-un-problema-que-afecta-a-todos\\\/#authorImage\",\"url\":\"https:\\\/\\\/secure.gravatar.com\\\/avatar\\\/df2aeffc32bcd13f8d26072ef8a91b623d677766deac7f97ca815868cd41bf5e?s=96&d=mm&r=g\",\"width\":96,\"height\":96,\"caption\":\"El Digital de Asturias\"}},{\"@type\":\"WebPage\",\"@id\":\"https:\\\/\\\/www.eldigitaldeasturias.com\\\/noticias\\\/susana-diaz-la-situacion-de-cataluna-es-un-problema-que-afecta-a-todos\\\/#webpage\",\"url\":\"https:\\\/\\\/www.eldigitaldeasturias.com\\\/noticias\\\/susana-diaz-la-situacion-de-cataluna-es-un-problema-que-afecta-a-todos\\\/\",\"name\":\"Susana D\\u00edaz: \\u201cLa situaci\\u00f3n de Catalu\\u00f1a es un problema que afecta a todos\\u00bb - El Digital de Asturias\",\"description\":\"La presidenta de la Junta, Susana D\\u00edaz, afirma que la situaci\\u00f3n de Catalu\\u00f1a es \\\"un problema que afecta a todos\\\" y una \\\"inquietud\\\" permanente para la ciudadan\\u00eda. Tras reunirse con empresarios y cooperativistas andaluces en el marco de la Feria Internacional del Sector de Frutas y Hortalizas Fruit Attraction 2017, D\\u00edaz ha reiterado que Andaluc\\u00eda\",\"inLanguage\":\"es-ES\",\"isPartOf\":{\"@id\":\"https:\\\/\\\/www.eldigitaldeasturias.com\\\/noticias\\\/#website\"},\"breadcrumb\":{\"@id\":\"https:\\\/\\\/www.eldigitaldeasturias.com\\\/noticias\\\/susana-diaz-la-situacion-de-cataluna-es-un-problema-que-afecta-a-todos\\\/#breadcrumblist\"},\"author\":{\"@id\":\"https:\\\/\\\/www.eldigitaldeasturias.com\\\/noticias\\\/author\\\/admin\\\/#author\"},\"creator\":{\"@id\":\"https:\\\/\\\/www.eldigitaldeasturias.com\\\/noticias\\\/author\\\/admin\\\/#author\"},\"image\":{\"@type\":\"ImageObject\",\"url\":952192,\"@id\":\"https:\\\/\\\/www.eldigitaldeasturias.com\\\/noticias\\\/susana-diaz-la-situacion-de-cataluna-es-un-problema-que-afecta-a-todos\\\/#mainImage\"},\"primaryImageOfPage\":{\"@id\":\"https:\\\/\\\/www.eldigitaldeasturias.com\\\/noticias\\\/susana-diaz-la-situacion-de-cataluna-es-un-problema-que-afecta-a-todos\\\/#mainImage\"},\"datePublished\":\"2017-10-18T18:54:42+02:00\",\"dateModified\":\"2017-10-18T18:54:42+02:00\"},{\"@type\":\"WebSite\",\"@id\":\"https:\\\/\\\/www.eldigitaldeasturias.com\\\/noticias\\\/#website\",\"url\":\"https:\\\/\\\/www.eldigitaldeasturias.com\\\/noticias\\\/\",\"name\":\"El Digital de Asturias - Diario de actualidad y noticias\",\"alternateName\":\"El Digital de Asturias - Diario de actualidad y noticias\",\"description\":\"Hemeroteca\",\"inLanguage\":\"es-ES\",\"publisher\":{\"@id\":\"https:\\\/\\\/www.eldigitaldeasturias.com\\\/noticias\\\/#organization\"}}]}\n\t\t<\/script>\n\t\t<!-- All in One SEO Pro -->\r\n\t\t<title>Susana D\u00edaz: \u201cLa situaci\u00f3n de Catalu\u00f1a es un problema que afecta a todos\u00bb - El Digital de Asturias<\/title>\n\n","aioseo_head_json":{"title":"Susana D\u00edaz: \u201cLa situaci\u00f3n de Catalu\u00f1a es un problema que afecta a todos\u00bb - El Digital de Asturias","description":"La presidenta de la Junta, Susana D\u00edaz, afirma que la situaci\u00f3n de Catalu\u00f1a es \"un problema que afecta a todos\" y una \"inquietud\" permanente para la ciudadan\u00eda. Tras reunirse con empresarios y cooperativistas andaluces en el marco de la Feria Internacional del Sector de Frutas y Hortalizas Fruit Attraction 2017, D\u00edaz ha reiterado que Andaluc\u00eda","canonical_url":"https:\/\/www.eldigitaldeasturias.com\/noticias\/susana-diaz-la-situacion-de-cataluna-es-un-problema-que-afecta-a-todos\/","robots":"max-image-preview:large","keywords":"actualidad","webmasterTools":{"google-site-verification":"UA-38556648-1","msvalidate.01":"7dfe9f3f1b24437ab69f4f2559babe99","miscellaneous":""},"schema":{"@context":"https:\/\/schema.org","@graph":[{"@type":"BlogPosting","@id":"https:\/\/www.eldigitaldeasturias.com\/noticias\/susana-diaz-la-situacion-de-cataluna-es-un-problema-que-afecta-a-todos\/#blogposting","name":"Susana D\u00edaz: \u201cLa situaci\u00f3n de Catalu\u00f1a es un problema que afecta a todos\u00bb - El Digital de Asturias","headline":"Susana D\u00edaz: \u201cLa situaci\u00f3n de Catalu\u00f1a es un problema que afecta a todos\u00bb","author":{"@id":"https:\/\/www.eldigitaldeasturias.com\/noticias\/author\/admin\/#author"},"publisher":{"@id":"https:\/\/www.eldigitaldeasturias.com\/noticias\/#organization"},"image":{"@type":"ImageObject","url":952192},"datePublished":"2017-10-18T18:54:42+02:00","dateModified":"2017-10-18T18:54:42+02:00","inLanguage":"es-ES","mainEntityOfPage":{"@id":"https:\/\/www.eldigitaldeasturias.com\/noticias\/susana-diaz-la-situacion-de-cataluna-es-un-problema-que-afecta-a-todos\/#webpage"},"isPartOf":{"@id":"https:\/\/www.eldigitaldeasturias.com\/noticias\/susana-diaz-la-situacion-de-cataluna-es-un-problema-que-afecta-a-todos\/#webpage"},"articleSection":"Actualidad"},{"@type":"BreadcrumbList","@id":"https:\/\/www.eldigitaldeasturias.com\/noticias\/susana-diaz-la-situacion-de-cataluna-es-un-problema-que-afecta-a-todos\/#breadcrumblist","itemListElement":[{"@type":"ListItem","@id":"https:\/\/www.eldigitaldeasturias.com\/noticias#listItem","position":1,"name":"Home","item":"https:\/\/www.eldigitaldeasturias.com\/noticias","nextItem":{"@type":"ListItem","@id":"https:\/\/www.eldigitaldeasturias.com\/noticias\/category\/actualidad\/#listItem","name":"Actualidad"}},{"@type":"ListItem","@id":"https:\/\/www.eldigitaldeasturias.com\/noticias\/category\/actualidad\/#listItem","position":2,"name":"Actualidad","item":"https:\/\/www.eldigitaldeasturias.com\/noticias\/category\/actualidad\/","nextItem":{"@type":"ListItem","@id":"https:\/\/www.eldigitaldeasturias.com\/noticias\/susana-diaz-la-situacion-de-cataluna-es-un-problema-que-afecta-a-todos\/#listItem","name":"Susana D\u00edaz: \u201cLa situaci\u00f3n de Catalu\u00f1a es un problema que afecta a todos\u00bb"},"previousItem":{"@type":"ListItem","@id":"https:\/\/www.eldigitaldeasturias.com\/noticias#listItem","name":"Home"}},{"@type":"ListItem","@id":"https:\/\/www.eldigitaldeasturias.com\/noticias\/susana-diaz-la-situacion-de-cataluna-es-un-problema-que-afecta-a-todos\/#listItem","position":3,"name":"Susana D\u00edaz: \u201cLa situaci\u00f3n de Catalu\u00f1a es un problema que afecta a todos\u00bb","previousItem":{"@type":"ListItem","@id":"https:\/\/www.eldigitaldeasturias.com\/noticias\/category\/actualidad\/#listItem","name":"Actualidad"}}]},{"@type":"Organization","@id":"https:\/\/www.eldigitaldeasturias.com\/noticias\/#organization","name":"El Digital de Asturias","description":"Hemeroteca","url":"https:\/\/www.eldigitaldeasturias.com\/noticias\/","email":"info@eldigitaldeasturias.com","telephone":"+34652131393","logo":{"@type":"ImageObject","url":"https:\/\/www.eldigitaldeasturias.com\/noticias\/wp-content\/uploads\/2020\/12\/EDA.jpg","@id":"https:\/\/www.eldigitaldeasturias.com\/noticias\/susana-diaz-la-situacion-de-cataluna-es-un-problema-que-afecta-a-todos\/#organizationLogo"},"image":{"@id":"https:\/\/www.eldigitaldeasturias.com\/noticias\/susana-diaz-la-situacion-de-cataluna-es-un-problema-que-afecta-a-todos\/#organizationLogo"},"sameAs":["https:\/\/facebook.com\/eldigitaldeasturias","https:\/\/www.youtube.com\/channel\/UCZP-2wLEB9Rv6erhFmqVnvg"],"address":{"@id":"https:\/\/www.eldigitaldeasturias.com\/noticias\/#postaladdress","@type":"PostalAddress","streetAddress":"san antonio 4","postalCode":"33430","addressLocality":"Cand\u00e1s","addressRegion":"Asturias","addressCountry":"ES"}},{"@type":"Person","@id":"https:\/\/www.eldigitaldeasturias.com\/noticias\/author\/admin\/#author","url":"https:\/\/www.eldigitaldeasturias.com\/noticias\/author\/admin\/","name":"El Digital de Asturias","image":{"@type":"ImageObject","@id":"https:\/\/www.eldigitaldeasturias.com\/noticias\/susana-diaz-la-situacion-de-cataluna-es-un-problema-que-afecta-a-todos\/#authorImage","url":"https:\/\/secure.gravatar.com\/avatar\/df2aeffc32bcd13f8d26072ef8a91b623d677766deac7f97ca815868cd41bf5e?s=96&d=mm&r=g","width":96,"height":96,"caption":"El Digital de Asturias"}},{"@type":"WebPage","@id":"https:\/\/www.eldigitaldeasturias.com\/noticias\/susana-diaz-la-situacion-de-cataluna-es-un-problema-que-afecta-a-todos\/#webpage","url":"https:\/\/www.eldigitaldeasturias.com\/noticias\/susana-diaz-la-situacion-de-cataluna-es-un-problema-que-afecta-a-todos\/","name":"Susana D\u00edaz: \u201cLa situaci\u00f3n de Catalu\u00f1a es un problema que afecta a todos\u00bb - El Digital de Asturias","description":"La presidenta de la Junta, Susana D\u00edaz, afirma que la situaci\u00f3n de Catalu\u00f1a es \"un problema que afecta a todos\" y una \"inquietud\" permanente para la ciudadan\u00eda. Tras reunirse con empresarios y cooperativistas andaluces en el marco de la Feria Internacional del Sector de Frutas y Hortalizas Fruit Attraction 2017, D\u00edaz ha reiterado que Andaluc\u00eda","inLanguage":"es-ES","isPartOf":{"@id":"https:\/\/www.eldigitaldeasturias.com\/noticias\/#website"},"breadcrumb":{"@id":"https:\/\/www.eldigitaldeasturias.com\/noticias\/susana-diaz-la-situacion-de-cataluna-es-un-problema-que-afecta-a-todos\/#breadcrumblist"},"author":{"@id":"https:\/\/www.eldigitaldeasturias.com\/noticias\/author\/admin\/#author"},"creator":{"@id":"https:\/\/www.eldigitaldeasturias.com\/noticias\/author\/admin\/#author"},"image":{"@type":"ImageObject","url":952192,"@id":"https:\/\/www.eldigitaldeasturias.com\/noticias\/susana-diaz-la-situacion-de-cataluna-es-un-problema-que-afecta-a-todos\/#mainImage"},"primaryImageOfPage":{"@id":"https:\/\/www.eldigitaldeasturias.com\/noticias\/susana-diaz-la-situacion-de-cataluna-es-un-problema-que-afecta-a-todos\/#mainImage"},"datePublished":"2017-10-18T18:54:42+02:00","dateModified":"2017-10-18T18:54:42+02:00"},{"@type":"WebSite","@id":"https:\/\/www.eldigitaldeasturias.com\/noticias\/#website","url":"https:\/\/www.eldigitaldeasturias.com\/noticias\/","name":"El Digital de Asturias - Diario de actualidad y noticias","alternateName":"El Digital de Asturias - Diario de actualidad y noticias","description":"Hemeroteca","inLanguage":"es-ES","publisher":{"@id":"https:\/\/www.eldigitaldeasturias.com\/noticias\/#organization"}}]},"og:locale":"es_ES","og:site_name":"El Digital de Asturias","og:type":"article","og:title":"Susana D\u00edaz: \u201cLa situaci\u00f3n de Catalu\u00f1a es un problema que afecta a todos\u00bb - El Digital de Asturias","og:description":"La presidenta de la Junta, Susana D\u00edaz, afirma que la situaci\u00f3n de Catalu\u00f1a es &quot;un problema que afecta a todos&quot; y una &quot;inquietud&quot; permanente para la ciudadan\u00eda. Tras reunirse con empresarios y cooperativistas andaluces en el marco de la Feria Internacional del Sector de Frutas y Hortalizas Fruit Attraction 2017, D\u00edaz ha reiterado que Andaluc\u00eda","og:url":"https:\/\/www.eldigitaldeasturias.com\/noticias\/susana-diaz-la-situacion-de-cataluna-es-un-problema-que-afecta-a-todos\/","article:tag":["actualidad"],"article:published_time":"2017-10-18T18:54:42+00:00","article:modified_time":"2017-10-18T18:54:42+00:00","article:publisher":"https:\/\/facebook.com\/eldigitaldeasturias","twitter:card":"summary_large_image","twitter:title":"Susana D\u00edaz: \u201cLa situaci\u00f3n de Catalu\u00f1a es un problema que afecta a todos\u00bb - El Digital de Asturias","twitter:description":"La presidenta de la Junta, Susana D\u00edaz, afirma que la situaci\u00f3n de Catalu\u00f1a es &quot;un problema que afecta a todos&quot; y una &quot;inquietud&quot; permanente para la ciudadan\u00eda. Tras reunirse con empresarios y cooperativistas andaluces en el marco de la Feria Internacional del Sector de Frutas y Hortalizas Fruit Attraction 2017, D\u00edaz ha reiterado que Andaluc\u00eda","twitter:image":"https:\/\/www.eldigitaldeasturias.com\/noticias\/wp-content\/uploads\/2020\/12\/EDA-1.jpg","twitter:label1":"Escrito por","twitter:data1":"El Digital de Asturias","twitter:label2":"Tiempo de lectura estimado","twitter:data2":"2 minutos"},"aioseo_meta_data":{"post_id":"956626","title":null,"description":null,"keywords":null,"keyphrases":null,"primary_term":null,"canonical_url":null,"og_title":null,"og_description":null,"og_object_type":"default","og_image_type":"default","og_image_url":null,"og_image_width":null,"og_image_height":null,"og_image_custom_url":null,"og_image_custom_fields":null,"og_video":null,"og_custom_url":null,"og_article_section":null,"og_article_tags":null,"twitter_use_og":false,"twitter_card":"default","twitter_image_type":"default","twitter_image_url":null,"twitter_image_custom_url":null,"twitter_image_custom_fields":null,"twitter_title":null,"twitter_description":null,"schema":{"blockGraphs":[],"customGraphs":[],"default":{"data":{"Article":[],"Course":[],"Dataset":[],"FAQPage":[],"Movie":[],"Person":[],"Product":[],"ProductReview":[],"Car":[],"Recipe":[],"Service":[],"SoftwareApplication":[],"WebPage":[]},"graphName":"","isEnabled":true},"graphs":[],"defaultGraph":"","defaultPostTypeGraph":""},"schema_type":null,"schema_type_options":null,"pillar_content":false,"robots_default":true,"robots_noindex":false,"robots_noarchive":false,"robots_nosnippet":false,"robots_nofollow":false,"robots_noimageindex":false,"robots_noodp":false,"robots_notranslate":false,"robots_max_snippet":null,"robots_max_videopreview":null,"robots_max_imagepreview":"large","priority":null,"frequency":null,"local_seo":null,"seo_analyzer_scan_date":"2025-12-06 14:28:09","breadcrumb_settings":null,"limit_modified_date":false,"open_ai":null,"ai":null,"created":"2020-12-21 12:55:48","updated":"2025-12-06 14:28:09","focus_keyword":null,"additional_keywords":null,"truseo_locale":null},"aioseo_breadcrumb":"<div class=\"aioseo-breadcrumbs\"><span class=\"aioseo-breadcrumb\">\n\t<a href=\"https:\/\/www.eldigitaldeasturias.com\/noticias\" title=\"Home\">Home<\/a>\n<\/span><span class=\"aioseo-breadcrumb-separator\">\u2013<\/span><span class=\"aioseo-breadcrumb\">\n\t<a href=\"https:\/\/www.eldigitaldeasturias.com\/noticias\/category\/actualidad\/\" title=\"Actualidad\">Actualidad<\/a>\n<\/span><span class=\"aioseo-breadcrumb-separator\">\u2013<\/span><span class=\"aioseo-breadcrumb\">\n\t<a href=\"https:\/\/www.eldigitaldeasturias.com\/noticias\/susana-diaz-la-situacion-de-cataluna-es-un-problema-que-afecta-a-todos\/\" title=\"Susana D\u00edaz: \u201cLa situaci\u00f3n de Catalu\u00f1a es un problema que afecta a todos\u00bb\">Susana D\u00edaz: \u201cLa situaci\u00f3n de Catalu\u00f1a es un problema que afecta a todos\u00bb<\/a>\n<\/span><\/div>","aioseo_breadcrumb_json":[{"label":"Home","link":"https:\/\/www.eldigitaldeasturias.com\/noticias"},{"label":"Actualidad","link":"https:\/\/www.eldigitaldeasturias.com\/noticias\/category\/actualidad\/"},{"label":"Susana D\u00edaz: \u201cLa situaci\u00f3n de Catalu\u00f1a es un problema que afecta a todos\u00bb","link":"https:\/\/www.eldigitaldeasturias.com\/noticias\/susana-diaz-la-situacion-de-cataluna-es-un-problema-que-afecta-a-todos\/"}],"_links":{"self":[{"href":"https:\/\/www.eldigitaldeasturias.com\/noticias\/wp-json\/wp\/v2\/posts\/956626","targetHints":{"allow":["GET"]}}],"collection":[{"href":"https:\/\/www.eldigitaldeasturias.com\/noticias\/wp-json\/wp\/v2\/posts"}],"about":[{"href":"https:\/\/www.eldigitaldeasturias.com\/noticias\/wp-json\/wp\/v2\/types\/post"}],"author":[{"embeddable":true,"href":"https:\/\/www.eldigitaldeasturias.com\/noticias\/wp-json\/wp\/v2\/users\/1"}],"replies":[{"embeddable":true,"href":"https:\/\/www.eldigitaldeasturias.com\/noticias\/wp-json\/wp\/v2\/comments?post=956626"}],"version-history":[{"count":0,"href":"https:\/\/www.eldigitaldeasturias.com\/noticias\/wp-json\/wp\/v2\/posts\/956626\/revisions"}],"wp:attachment":[{"href":"https:\/\/www.eldigitaldeasturias.com\/noticias\/wp-json\/wp\/v2\/media?parent=956626"}],"wp:term":[{"taxonomy":"category","embeddable":true,"href":"https:\/\/www.eldigitaldeasturias.com\/noticias\/wp-json\/wp\/v2\/categories?post=956626"},{"taxonomy":"post_tag","embeddable":true,"href":"https:\/\/www.eldigitaldeasturias.com\/noticias\/wp-json\/wp\/v2\/tags?post=956626"}],"curies":[{"name":"wp","href":"https:\/\/api.w.org\/{rel}","templated":true}]}}