{"id":956574,"date":"2017-10-18T13:22:19","date_gmt":"2017-10-18T13:22:19","guid":{"rendered":"http:\/\/www.eldigitaldeasturias.com\/noticias\/?p=956574"},"modified":"2017-10-18T13:22:19","modified_gmt":"2017-10-18T13:22:19","slug":"en-2016-aragon-exporto-un-17-por-ciento-mas-de-frutas-y-hortalizas","status":"publish","type":"post","link":"https:\/\/www.eldigitaldeasturias.com\/noticias\/en-2016-aragon-exporto-un-17-por-ciento-mas-de-frutas-y-hortalizas\/","title":{"rendered":"En 2016 Arag\u00f3n export\u00f3 un 17 por ciento m\u00e1s de frutas y hortalizas"},"content":{"rendered":"<p><img loading=\"lazy\" decoding=\"async\" class=\"alignleft size-medium wp-image-956575\" src=\"https:\/\/www.eldigitaldeasturias.com\/noticias\/wp-content\/uploads\/2017\/10\/20171018_131303_22a1873f-360x159.jpg\" alt=\"\" width=\"360\" height=\"159\" \/>A pesar del \u201ca\u00f1o desastroso en precios\u201d que han tenido los productores de fruta de hueso, el consejero de Desarrollo Rural y Sostenibilidad ha destacado la fortaleza y la salud del sector, que sigue apostando por la apertura de mercados internacionales con la presencia en cert\u00e1menes como Fruit Attraction, la feria de referencia espa\u00f1ola en este \u00e1mbito.<\/p>\n<p>Joaqu\u00edn Olona ha visitado en Madrid a los expositores aragoneses, la mayor parte de ellos agrupados bajo el pabell\u00f3n de Arag\u00f3n Alimentos gestionado por el propio departamento a trav\u00e9s de la empresa p\u00fablica Sarga. Catorce empresas con participaci\u00f3n directa y m\u00e1s de 50 representadas a trav\u00e9s de entidades como los consejos reguladores del Melocot\u00f3n de Calanda, la Cebolla Fuentes de Ebro, la Asociaci\u00f3n de Empresarios Agr\u00edcolas de la Margen Derecha del Ebro o Excofrut (Asociaci\u00f3n Profesional de Frutas y Hortalizas de Huesca).<\/p>\n<p>\u201cNuestro objetivo es ayudar a vender m\u00e1s\u201d, ha explicado el consejero, quien ha recordado que el mercado espa\u00f1ol se ha quedado peque\u00f1o para los productores agroalimentarios de Arag\u00f3n y que es imprescindible \u201csalir a vender fuera\u201d. Por ello el Gobierno de Arag\u00f3n organiza distintas participaciones agrupadas en diferentes ferias internacionales que est\u00e1n abiertas a todos los productores de la comunidad. \u201cHay que elogiar a los que tienen la valent\u00eda y la iniciativa suficiente para buscar nusvos compradores sea donde sea\u201d, ha valorado.<\/p>\n<p>Tambi\u00e9n ha destacado la participaci\u00f3n del CITA (Centro de Investigaci\u00f3n y Tecnolog\u00eda Agroalimentaria de Arag\u00f3n) con un estand dedicado especialmente a la promoci\u00f3n de las variedades de almendra obtenidas por sus investigadores. En este sentido, ha se\u00f1alado que quiz\u00e1 no sea bien conocido el hecho de que la expansi\u00f3n no solo nacional, sino internacional del almendro se hace precisamente con las variedades del centro aragon\u00e9s.<\/p>\n<p>Adem\u00e1s de departir con los productores y las empresas comercializadoras, Olona tiene previsto participar en un encuentro empresarial con importadores chinos organizado por Fepex (Federaci\u00f3n Espa\u00f1ola de Asociaciones de Productores Exportadores de Frutas, Hortalizas, Flores y Plantas vivas). El objetivo, en este caso, es avanzar en la pretensi\u00f3n de que las autoridades chinas flexibilicen su normativa de importaci\u00f3n de frutas y hortalizas.<\/p>\n<p>Arag\u00f3n Alimentos cuenta con un pabell\u00f3n de 432 metros en el Pabell\u00f3n 8 de Ifema, la feria madrile\u00f1a en la que este a\u00f1o se celebra tambi\u00e9n el encuentro Meat Attraction, en el que tambi\u00e9n han participado algunas empresas c\u00e1rnicas aragonesas a las que el consejero tambi\u00e9n ha visitado.<\/p>\n<p>Fruit Attraction es ya uno de los m\u00e1s s\u00f3lidos referentes europeos en el sector de frutas y hortalizas. En su novena edici\u00f3n re\u00fane a m\u00e1s de 1500 expositores, un 20 % m\u00e1s que el a\u00f1o anterior. Este a\u00f1o, cabe destacar el programa de actividades paralelas, entre las que destacan el Global Fresh Market Forum, encuentro empresarial con Brasil y con China, as\u00ed como las jornadas espec\u00edficas de fruta de hueso (Stone Fruit Attraction), y de lechuga (Lettuce Attraction)<\/p>\n<p>Aumento de las exportaciones<\/p>\n<p>Arag\u00f3n siempre se ha caracterizado por su gran poder exportador, especialmente en lo que a fruta se refiere. De esta forma, en 2016 export\u00f3 un total de 184 261 toneladas de frutas y hortalizas (17 % m\u00e1s que en 2015) seg\u00fan recoge Fepex.<\/p>\n<p>Entre las 16 617 toneladas de hortalizas aragonesas exportadas en 2016 destaca la cebolla, que representa el 91 % del total. Con respecto a las frutas, las exportaciones de esta comunidad registraron en 2016 un total de 167 644 toneladas, de las que despunta la nectarina (70 422 toneladas) y el melocot\u00f3n (56 886 toneladas).<\/p>\n<p>Igualmente cabe destacar la cereza, con una exportaci\u00f3n de 6218 toneladas en 2016 que coloca a Arag\u00f3n como segunda comunidad aut\u00f3noma exportadora en esta producci\u00f3n, \u00fanicamente superada por Catalu\u00f1a (7883 toneladas).<\/p>\n","protected":false},"excerpt":{"rendered":"<p>A pesar del \u201ca\u00f1o desastroso en precios\u201d que han tenido los productores de fruta de hueso, el consejero de Desarrollo Rural y Sostenibilidad ha destacado la fortaleza y la salud del sector, que sigue apostando por la apertura de mercados internacionales con la presencia en cert\u00e1menes como Fruit Attraction, la feria de referencia espa\u00f1ola en [&hellip;]<\/p>\n","protected":false},"author":1,"featured_media":956575,"comment_status":"closed","ping_status":"closed","sticky":false,"template":"","format":"standard","meta":{"footnotes":""},"categories":[1],"tags":[],"class_list":["post-956574","post","type-post","status-publish","format-standard","has-post-thumbnail","hentry","category-actualidad"],"aioseo_notices":[],"aioseo_head":"\n\t\t<!-- All in One SEO Pro 5.0.1 - aioseo.com -->\n\t<meta name=\"description\" content=\"A pesar del \u201ca\u00f1o desastroso en precios\u201d que han tenido los productores de fruta de hueso, el consejero de Desarrollo Rural y Sostenibilidad ha destacado la fortaleza y la salud del sector, que sigue apostando por la apertura de mercados internacionales con la presencia en cert\u00e1menes como Fruit Attraction, la feria de referencia espa\u00f1ola en\" \/>\n\t<meta name=\"robots\" content=\"max-image-preview:large\" \/>\n\t<meta name=\"author\" content=\"El Digital de Asturias\"\/>\n\t<meta name=\"google-site-verification\" content=\"UA-38556648-1\" \/>\n\t<meta name=\"msvalidate.01\" content=\"7dfe9f3f1b24437ab69f4f2559babe99\" \/>\n\t<meta name=\"keywords\" content=\"actualidad\" \/>\n\t<link rel=\"canonical\" href=\"https:\/\/www.eldigitaldeasturias.com\/noticias\/en-2016-aragon-exporto-un-17-por-ciento-mas-de-frutas-y-hortalizas\/\" \/>\n\t<meta name=\"generator\" content=\"All in One SEO Pro (AIOSEO) 5.0.1\" \/>\n\t\t<meta property=\"og:locale\" content=\"es_ES\" \/>\n\t\t<meta property=\"og:site_name\" content=\"El Digital de Asturias\" \/>\n\t\t<meta property=\"og:type\" content=\"article\" \/>\n\t\t<meta property=\"og:title\" content=\"En 2016 Arag\u00f3n export\u00f3 un 17 por ciento m\u00e1s de frutas y hortalizas - El Digital de Asturias\" \/>\n\t\t<meta property=\"og:description\" content=\"A pesar del \u201ca\u00f1o desastroso en precios\u201d que han tenido los productores de fruta de hueso, el consejero de Desarrollo Rural y Sostenibilidad ha destacado la fortaleza y la salud del sector, que sigue apostando por la apertura de mercados internacionales con la presencia en cert\u00e1menes como Fruit Attraction, la feria de referencia espa\u00f1ola en\" \/>\n\t\t<meta property=\"og:url\" content=\"https:\/\/www.eldigitaldeasturias.com\/noticias\/en-2016-aragon-exporto-un-17-por-ciento-mas-de-frutas-y-hortalizas\/\" \/>\n\t\t<meta property=\"article:tag\" content=\"actualidad\" \/>\n\t\t<meta property=\"article:published_time\" content=\"2017-10-18T13:22:19+00:00\" \/>\n\t\t<meta property=\"article:modified_time\" content=\"2017-10-18T13:22:19+00:00\" \/>\n\t\t<meta property=\"article:publisher\" content=\"https:\/\/facebook.com\/eldigitaldeasturias\" \/>\n\t\t<meta name=\"twitter:card\" content=\"summary_large_image\" \/>\n\t\t<meta name=\"twitter:title\" content=\"En 2016 Arag\u00f3n export\u00f3 un 17 por ciento m\u00e1s de frutas y hortalizas - El Digital de Asturias\" \/>\n\t\t<meta name=\"twitter:description\" content=\"A pesar del \u201ca\u00f1o desastroso en precios\u201d que han tenido los productores de fruta de hueso, el consejero de Desarrollo Rural y Sostenibilidad ha destacado la fortaleza y la salud del sector, que sigue apostando por la apertura de mercados internacionales con la presencia en cert\u00e1menes como Fruit Attraction, la feria de referencia espa\u00f1ola en\" \/>\n\t\t<meta name=\"twitter:image\" content=\"https:\/\/www.eldigitaldeasturias.com\/noticias\/wp-content\/uploads\/2020\/12\/EDA-1.jpg\" \/>\n\t\t<meta name=\"twitter:label1\" content=\"Escrito por\" \/>\n\t\t<meta name=\"twitter:data1\" content=\"El Digital de Asturias\" \/>\n\t\t<meta name=\"twitter:label2\" content=\"Tiempo de lectura estimado\" \/>\n\t\t<meta name=\"twitter:data2\" content=\"3 minutos\" \/>\n\t\t<script type=\"application\/ld+json\" class=\"aioseo-schema\">\n\t\t\t{\"@context\":\"https:\\\/\\\/schema.org\",\"@graph\":[{\"@type\":\"BlogPosting\",\"@id\":\"https:\\\/\\\/www.eldigitaldeasturias.com\\\/noticias\\\/en-2016-aragon-exporto-un-17-por-ciento-mas-de-frutas-y-hortalizas\\\/#blogposting\",\"name\":\"En 2016 Arag\\u00f3n export\\u00f3 un 17 por ciento m\\u00e1s de frutas y hortalizas - El Digital de Asturias\",\"headline\":\"En 2016 Arag\\u00f3n export\\u00f3 un 17 por ciento m\\u00e1s de frutas y hortalizas\",\"author\":{\"@id\":\"https:\\\/\\\/www.eldigitaldeasturias.com\\\/noticias\\\/author\\\/admin\\\/#author\"},\"publisher\":{\"@id\":\"https:\\\/\\\/www.eldigitaldeasturias.com\\\/noticias\\\/#organization\"},\"image\":{\"@type\":\"ImageObject\",\"url\":956575},\"datePublished\":\"2017-10-18T13:22:19+02:00\",\"dateModified\":\"2017-10-18T13:22:19+02:00\",\"inLanguage\":\"es-ES\",\"mainEntityOfPage\":{\"@id\":\"https:\\\/\\\/www.eldigitaldeasturias.com\\\/noticias\\\/en-2016-aragon-exporto-un-17-por-ciento-mas-de-frutas-y-hortalizas\\\/#webpage\"},\"isPartOf\":{\"@id\":\"https:\\\/\\\/www.eldigitaldeasturias.com\\\/noticias\\\/en-2016-aragon-exporto-un-17-por-ciento-mas-de-frutas-y-hortalizas\\\/#webpage\"},\"articleSection\":\"Actualidad\"},{\"@type\":\"BreadcrumbList\",\"@id\":\"https:\\\/\\\/www.eldigitaldeasturias.com\\\/noticias\\\/en-2016-aragon-exporto-un-17-por-ciento-mas-de-frutas-y-hortalizas\\\/#breadcrumblist\",\"itemListElement\":[{\"@type\":\"ListItem\",\"@id\":\"https:\\\/\\\/www.eldigitaldeasturias.com\\\/noticias#listItem\",\"position\":1,\"name\":\"Home\",\"item\":\"https:\\\/\\\/www.eldigitaldeasturias.com\\\/noticias\",\"nextItem\":{\"@type\":\"ListItem\",\"@id\":\"https:\\\/\\\/www.eldigitaldeasturias.com\\\/noticias\\\/category\\\/actualidad\\\/#listItem\",\"name\":\"Actualidad\"}},{\"@type\":\"ListItem\",\"@id\":\"https:\\\/\\\/www.eldigitaldeasturias.com\\\/noticias\\\/category\\\/actualidad\\\/#listItem\",\"position\":2,\"name\":\"Actualidad\",\"item\":\"https:\\\/\\\/www.eldigitaldeasturias.com\\\/noticias\\\/category\\\/actualidad\\\/\",\"nextItem\":{\"@type\":\"ListItem\",\"@id\":\"https:\\\/\\\/www.eldigitaldeasturias.com\\\/noticias\\\/en-2016-aragon-exporto-un-17-por-ciento-mas-de-frutas-y-hortalizas\\\/#listItem\",\"name\":\"En 2016 Arag\\u00f3n export\\u00f3 un 17 por ciento m\\u00e1s de frutas y hortalizas\"},\"previousItem\":{\"@type\":\"ListItem\",\"@id\":\"https:\\\/\\\/www.eldigitaldeasturias.com\\\/noticias#listItem\",\"name\":\"Home\"}},{\"@type\":\"ListItem\",\"@id\":\"https:\\\/\\\/www.eldigitaldeasturias.com\\\/noticias\\\/en-2016-aragon-exporto-un-17-por-ciento-mas-de-frutas-y-hortalizas\\\/#listItem\",\"position\":3,\"name\":\"En 2016 Arag\\u00f3n export\\u00f3 un 17 por ciento m\\u00e1s de frutas y hortalizas\",\"previousItem\":{\"@type\":\"ListItem\",\"@id\":\"https:\\\/\\\/www.eldigitaldeasturias.com\\\/noticias\\\/category\\\/actualidad\\\/#listItem\",\"name\":\"Actualidad\"}}]},{\"@type\":\"Organization\",\"@id\":\"https:\\\/\\\/www.eldigitaldeasturias.com\\\/noticias\\\/#organization\",\"name\":\"El Digital de Asturias\",\"description\":\"Hemeroteca\",\"url\":\"https:\\\/\\\/www.eldigitaldeasturias.com\\\/noticias\\\/\",\"email\":\"info@eldigitaldeasturias.com\",\"telephone\":\"+34652131393\",\"logo\":{\"@type\":\"ImageObject\",\"url\":\"https:\\\/\\\/www.eldigitaldeasturias.com\\\/noticias\\\/wp-content\\\/uploads\\\/2020\\\/12\\\/EDA.jpg\",\"@id\":\"https:\\\/\\\/www.eldigitaldeasturias.com\\\/noticias\\\/en-2016-aragon-exporto-un-17-por-ciento-mas-de-frutas-y-hortalizas\\\/#organizationLogo\"},\"image\":{\"@id\":\"https:\\\/\\\/www.eldigitaldeasturias.com\\\/noticias\\\/en-2016-aragon-exporto-un-17-por-ciento-mas-de-frutas-y-hortalizas\\\/#organizationLogo\"},\"sameAs\":[\"https:\\\/\\\/facebook.com\\\/eldigitaldeasturias\",\"https:\\\/\\\/www.youtube.com\\\/channel\\\/UCZP-2wLEB9Rv6erhFmqVnvg\"],\"address\":{\"@id\":\"https:\\\/\\\/www.eldigitaldeasturias.com\\\/noticias\\\/#postaladdress\",\"@type\":\"PostalAddress\",\"streetAddress\":\"san antonio 4\",\"postalCode\":\"33430\",\"addressLocality\":\"Cand\\u00e1s\",\"addressRegion\":\"Asturias\",\"addressCountry\":\"ES\"}},{\"@type\":\"Person\",\"@id\":\"https:\\\/\\\/www.eldigitaldeasturias.com\\\/noticias\\\/author\\\/admin\\\/#author\",\"url\":\"https:\\\/\\\/www.eldigitaldeasturias.com\\\/noticias\\\/author\\\/admin\\\/\",\"name\":\"El Digital de Asturias\",\"image\":{\"@type\":\"ImageObject\",\"@id\":\"https:\\\/\\\/www.eldigitaldeasturias.com\\\/noticias\\\/en-2016-aragon-exporto-un-17-por-ciento-mas-de-frutas-y-hortalizas\\\/#authorImage\",\"url\":\"https:\\\/\\\/secure.gravatar.com\\\/avatar\\\/df2aeffc32bcd13f8d26072ef8a91b623d677766deac7f97ca815868cd41bf5e?s=96&d=mm&r=g\",\"width\":96,\"height\":96,\"caption\":\"El Digital de Asturias\"}},{\"@type\":\"WebPage\",\"@id\":\"https:\\\/\\\/www.eldigitaldeasturias.com\\\/noticias\\\/en-2016-aragon-exporto-un-17-por-ciento-mas-de-frutas-y-hortalizas\\\/#webpage\",\"url\":\"https:\\\/\\\/www.eldigitaldeasturias.com\\\/noticias\\\/en-2016-aragon-exporto-un-17-por-ciento-mas-de-frutas-y-hortalizas\\\/\",\"name\":\"En 2016 Arag\\u00f3n export\\u00f3 un 17 por ciento m\\u00e1s de frutas y hortalizas - El Digital de Asturias\",\"description\":\"A pesar del \\u201ca\\u00f1o desastroso en precios\\u201d que han tenido los productores de fruta de hueso, el consejero de Desarrollo Rural y Sostenibilidad ha destacado la fortaleza y la salud del sector, que sigue apostando por la apertura de mercados internacionales con la presencia en cert\\u00e1menes como Fruit Attraction, la feria de referencia espa\\u00f1ola en\",\"inLanguage\":\"es-ES\",\"isPartOf\":{\"@id\":\"https:\\\/\\\/www.eldigitaldeasturias.com\\\/noticias\\\/#website\"},\"breadcrumb\":{\"@id\":\"https:\\\/\\\/www.eldigitaldeasturias.com\\\/noticias\\\/en-2016-aragon-exporto-un-17-por-ciento-mas-de-frutas-y-hortalizas\\\/#breadcrumblist\"},\"author\":{\"@id\":\"https:\\\/\\\/www.eldigitaldeasturias.com\\\/noticias\\\/author\\\/admin\\\/#author\"},\"creator\":{\"@id\":\"https:\\\/\\\/www.eldigitaldeasturias.com\\\/noticias\\\/author\\\/admin\\\/#author\"},\"image\":{\"@type\":\"ImageObject\",\"url\":956575,\"@id\":\"https:\\\/\\\/www.eldigitaldeasturias.com\\\/noticias\\\/en-2016-aragon-exporto-un-17-por-ciento-mas-de-frutas-y-hortalizas\\\/#mainImage\"},\"primaryImageOfPage\":{\"@id\":\"https:\\\/\\\/www.eldigitaldeasturias.com\\\/noticias\\\/en-2016-aragon-exporto-un-17-por-ciento-mas-de-frutas-y-hortalizas\\\/#mainImage\"},\"datePublished\":\"2017-10-18T13:22:19+02:00\",\"dateModified\":\"2017-10-18T13:22:19+02:00\"},{\"@type\":\"WebSite\",\"@id\":\"https:\\\/\\\/www.eldigitaldeasturias.com\\\/noticias\\\/#website\",\"url\":\"https:\\\/\\\/www.eldigitaldeasturias.com\\\/noticias\\\/\",\"name\":\"El Digital de Asturias - Diario de actualidad y noticias\",\"alternateName\":\"El Digital de Asturias - Diario de actualidad y noticias\",\"description\":\"Hemeroteca\",\"inLanguage\":\"es-ES\",\"publisher\":{\"@id\":\"https:\\\/\\\/www.eldigitaldeasturias.com\\\/noticias\\\/#organization\"}}]}\n\t\t<\/script>\n\t\t<!-- All in One SEO Pro -->\r\n\t\t<title>En 2016 Arag\u00f3n export\u00f3 un 17 por ciento m\u00e1s de frutas y hortalizas - El Digital de Asturias<\/title>\n\n","aioseo_head_json":{"title":"En 2016 Arag\u00f3n export\u00f3 un 17 por ciento m\u00e1s de frutas y hortalizas - El Digital de Asturias","description":"A pesar del \u201ca\u00f1o desastroso en precios\u201d que han tenido los productores de fruta de hueso, el consejero de Desarrollo Rural y Sostenibilidad ha destacado la fortaleza y la salud del sector, que sigue apostando por la apertura de mercados internacionales con la presencia en cert\u00e1menes como Fruit Attraction, la feria de referencia espa\u00f1ola en","canonical_url":"https:\/\/www.eldigitaldeasturias.com\/noticias\/en-2016-aragon-exporto-un-17-por-ciento-mas-de-frutas-y-hortalizas\/","robots":"max-image-preview:large","keywords":"actualidad","webmasterTools":{"google-site-verification":"UA-38556648-1","msvalidate.01":"7dfe9f3f1b24437ab69f4f2559babe99","miscellaneous":""},"schema":{"@context":"https:\/\/schema.org","@graph":[{"@type":"BlogPosting","@id":"https:\/\/www.eldigitaldeasturias.com\/noticias\/en-2016-aragon-exporto-un-17-por-ciento-mas-de-frutas-y-hortalizas\/#blogposting","name":"En 2016 Arag\u00f3n export\u00f3 un 17 por ciento m\u00e1s de frutas y hortalizas - El Digital de Asturias","headline":"En 2016 Arag\u00f3n export\u00f3 un 17 por ciento m\u00e1s de frutas y hortalizas","author":{"@id":"https:\/\/www.eldigitaldeasturias.com\/noticias\/author\/admin\/#author"},"publisher":{"@id":"https:\/\/www.eldigitaldeasturias.com\/noticias\/#organization"},"image":{"@type":"ImageObject","url":956575},"datePublished":"2017-10-18T13:22:19+02:00","dateModified":"2017-10-18T13:22:19+02:00","inLanguage":"es-ES","mainEntityOfPage":{"@id":"https:\/\/www.eldigitaldeasturias.com\/noticias\/en-2016-aragon-exporto-un-17-por-ciento-mas-de-frutas-y-hortalizas\/#webpage"},"isPartOf":{"@id":"https:\/\/www.eldigitaldeasturias.com\/noticias\/en-2016-aragon-exporto-un-17-por-ciento-mas-de-frutas-y-hortalizas\/#webpage"},"articleSection":"Actualidad"},{"@type":"BreadcrumbList","@id":"https:\/\/www.eldigitaldeasturias.com\/noticias\/en-2016-aragon-exporto-un-17-por-ciento-mas-de-frutas-y-hortalizas\/#breadcrumblist","itemListElement":[{"@type":"ListItem","@id":"https:\/\/www.eldigitaldeasturias.com\/noticias#listItem","position":1,"name":"Home","item":"https:\/\/www.eldigitaldeasturias.com\/noticias","nextItem":{"@type":"ListItem","@id":"https:\/\/www.eldigitaldeasturias.com\/noticias\/category\/actualidad\/#listItem","name":"Actualidad"}},{"@type":"ListItem","@id":"https:\/\/www.eldigitaldeasturias.com\/noticias\/category\/actualidad\/#listItem","position":2,"name":"Actualidad","item":"https:\/\/www.eldigitaldeasturias.com\/noticias\/category\/actualidad\/","nextItem":{"@type":"ListItem","@id":"https:\/\/www.eldigitaldeasturias.com\/noticias\/en-2016-aragon-exporto-un-17-por-ciento-mas-de-frutas-y-hortalizas\/#listItem","name":"En 2016 Arag\u00f3n export\u00f3 un 17 por ciento m\u00e1s de frutas y hortalizas"},"previousItem":{"@type":"ListItem","@id":"https:\/\/www.eldigitaldeasturias.com\/noticias#listItem","name":"Home"}},{"@type":"ListItem","@id":"https:\/\/www.eldigitaldeasturias.com\/noticias\/en-2016-aragon-exporto-un-17-por-ciento-mas-de-frutas-y-hortalizas\/#listItem","position":3,"name":"En 2016 Arag\u00f3n export\u00f3 un 17 por ciento m\u00e1s de frutas y hortalizas","previousItem":{"@type":"ListItem","@id":"https:\/\/www.eldigitaldeasturias.com\/noticias\/category\/actualidad\/#listItem","name":"Actualidad"}}]},{"@type":"Organization","@id":"https:\/\/www.eldigitaldeasturias.com\/noticias\/#organization","name":"El Digital de Asturias","description":"Hemeroteca","url":"https:\/\/www.eldigitaldeasturias.com\/noticias\/","email":"info@eldigitaldeasturias.com","telephone":"+34652131393","logo":{"@type":"ImageObject","url":"https:\/\/www.eldigitaldeasturias.com\/noticias\/wp-content\/uploads\/2020\/12\/EDA.jpg","@id":"https:\/\/www.eldigitaldeasturias.com\/noticias\/en-2016-aragon-exporto-un-17-por-ciento-mas-de-frutas-y-hortalizas\/#organizationLogo"},"image":{"@id":"https:\/\/www.eldigitaldeasturias.com\/noticias\/en-2016-aragon-exporto-un-17-por-ciento-mas-de-frutas-y-hortalizas\/#organizationLogo"},"sameAs":["https:\/\/facebook.com\/eldigitaldeasturias","https:\/\/www.youtube.com\/channel\/UCZP-2wLEB9Rv6erhFmqVnvg"],"address":{"@id":"https:\/\/www.eldigitaldeasturias.com\/noticias\/#postaladdress","@type":"PostalAddress","streetAddress":"san antonio 4","postalCode":"33430","addressLocality":"Cand\u00e1s","addressRegion":"Asturias","addressCountry":"ES"}},{"@type":"Person","@id":"https:\/\/www.eldigitaldeasturias.com\/noticias\/author\/admin\/#author","url":"https:\/\/www.eldigitaldeasturias.com\/noticias\/author\/admin\/","name":"El Digital de Asturias","image":{"@type":"ImageObject","@id":"https:\/\/www.eldigitaldeasturias.com\/noticias\/en-2016-aragon-exporto-un-17-por-ciento-mas-de-frutas-y-hortalizas\/#authorImage","url":"https:\/\/secure.gravatar.com\/avatar\/df2aeffc32bcd13f8d26072ef8a91b623d677766deac7f97ca815868cd41bf5e?s=96&d=mm&r=g","width":96,"height":96,"caption":"El Digital de Asturias"}},{"@type":"WebPage","@id":"https:\/\/www.eldigitaldeasturias.com\/noticias\/en-2016-aragon-exporto-un-17-por-ciento-mas-de-frutas-y-hortalizas\/#webpage","url":"https:\/\/www.eldigitaldeasturias.com\/noticias\/en-2016-aragon-exporto-un-17-por-ciento-mas-de-frutas-y-hortalizas\/","name":"En 2016 Arag\u00f3n export\u00f3 un 17 por ciento m\u00e1s de frutas y hortalizas - El Digital de Asturias","description":"A pesar del \u201ca\u00f1o desastroso en precios\u201d que han tenido los productores de fruta de hueso, el consejero de Desarrollo Rural y Sostenibilidad ha destacado la fortaleza y la salud del sector, que sigue apostando por la apertura de mercados internacionales con la presencia en cert\u00e1menes como Fruit Attraction, la feria de referencia espa\u00f1ola en","inLanguage":"es-ES","isPartOf":{"@id":"https:\/\/www.eldigitaldeasturias.com\/noticias\/#website"},"breadcrumb":{"@id":"https:\/\/www.eldigitaldeasturias.com\/noticias\/en-2016-aragon-exporto-un-17-por-ciento-mas-de-frutas-y-hortalizas\/#breadcrumblist"},"author":{"@id":"https:\/\/www.eldigitaldeasturias.com\/noticias\/author\/admin\/#author"},"creator":{"@id":"https:\/\/www.eldigitaldeasturias.com\/noticias\/author\/admin\/#author"},"image":{"@type":"ImageObject","url":956575,"@id":"https:\/\/www.eldigitaldeasturias.com\/noticias\/en-2016-aragon-exporto-un-17-por-ciento-mas-de-frutas-y-hortalizas\/#mainImage"},"primaryImageOfPage":{"@id":"https:\/\/www.eldigitaldeasturias.com\/noticias\/en-2016-aragon-exporto-un-17-por-ciento-mas-de-frutas-y-hortalizas\/#mainImage"},"datePublished":"2017-10-18T13:22:19+02:00","dateModified":"2017-10-18T13:22:19+02:00"},{"@type":"WebSite","@id":"https:\/\/www.eldigitaldeasturias.com\/noticias\/#website","url":"https:\/\/www.eldigitaldeasturias.com\/noticias\/","name":"El Digital de Asturias - Diario de actualidad y noticias","alternateName":"El Digital de Asturias - Diario de actualidad y noticias","description":"Hemeroteca","inLanguage":"es-ES","publisher":{"@id":"https:\/\/www.eldigitaldeasturias.com\/noticias\/#organization"}}]},"og:locale":"es_ES","og:site_name":"El Digital de Asturias","og:type":"article","og:title":"En 2016 Arag\u00f3n export\u00f3 un 17 por ciento m\u00e1s de frutas y hortalizas - El Digital de Asturias","og:description":"A pesar del \u201ca\u00f1o desastroso en precios\u201d que han tenido los productores de fruta de hueso, el consejero de Desarrollo Rural y Sostenibilidad ha destacado la fortaleza y la salud del sector, que sigue apostando por la apertura de mercados internacionales con la presencia en cert\u00e1menes como Fruit Attraction, la feria de referencia espa\u00f1ola en","og:url":"https:\/\/www.eldigitaldeasturias.com\/noticias\/en-2016-aragon-exporto-un-17-por-ciento-mas-de-frutas-y-hortalizas\/","article:tag":["actualidad"],"article:published_time":"2017-10-18T13:22:19+00:00","article:modified_time":"2017-10-18T13:22:19+00:00","article:publisher":"https:\/\/facebook.com\/eldigitaldeasturias","twitter:card":"summary_large_image","twitter:title":"En 2016 Arag\u00f3n export\u00f3 un 17 por ciento m\u00e1s de frutas y hortalizas - El Digital de Asturias","twitter:description":"A pesar del \u201ca\u00f1o desastroso en precios\u201d que han tenido los productores de fruta de hueso, el consejero de Desarrollo Rural y Sostenibilidad ha destacado la fortaleza y la salud del sector, que sigue apostando por la apertura de mercados internacionales con la presencia en cert\u00e1menes como Fruit Attraction, la feria de referencia espa\u00f1ola en","twitter:image":"https:\/\/www.eldigitaldeasturias.com\/noticias\/wp-content\/uploads\/2020\/12\/EDA-1.jpg","twitter:label1":"Escrito por","twitter:data1":"El Digital de Asturias","twitter:label2":"Tiempo de lectura estimado","twitter:data2":"3 minutos"},"aioseo_meta_data":{"post_id":"956574","title":null,"description":null,"keywords":null,"keyphrases":null,"primary_term":null,"canonical_url":null,"og_title":null,"og_description":null,"og_object_type":"default","og_image_type":"default","og_image_url":null,"og_image_width":null,"og_image_height":null,"og_image_custom_url":null,"og_image_custom_fields":null,"og_video":null,"og_custom_url":null,"og_article_section":null,"og_article_tags":null,"twitter_use_og":false,"twitter_card":"default","twitter_image_type":"default","twitter_image_url":null,"twitter_image_custom_url":null,"twitter_image_custom_fields":null,"twitter_title":null,"twitter_description":null,"schema":{"blockGraphs":[],"customGraphs":[],"default":{"data":{"Article":[],"Course":[],"Dataset":[],"FAQPage":[],"Movie":[],"Person":[],"Product":[],"ProductReview":[],"Car":[],"Recipe":[],"Service":[],"SoftwareApplication":[],"WebPage":[]},"graphName":"","isEnabled":true},"graphs":[],"defaultGraph":"","defaultPostTypeGraph":""},"schema_type":null,"schema_type_options":null,"pillar_content":false,"robots_default":true,"robots_noindex":false,"robots_noarchive":false,"robots_nosnippet":false,"robots_nofollow":false,"robots_noimageindex":false,"robots_noodp":false,"robots_notranslate":false,"robots_max_snippet":null,"robots_max_videopreview":null,"robots_max_imagepreview":"large","priority":null,"frequency":null,"local_seo":null,"seo_analyzer_scan_date":"2025-12-06 14:13:52","breadcrumb_settings":null,"limit_modified_date":false,"open_ai":null,"ai":null,"created":"2020-12-21 12:55:52","updated":"2025-12-06 14:13:52","focus_keyword":null,"additional_keywords":null,"truseo_locale":null},"aioseo_breadcrumb":"<div class=\"aioseo-breadcrumbs\"><span class=\"aioseo-breadcrumb\">\n\t<a href=\"https:\/\/www.eldigitaldeasturias.com\/noticias\" title=\"Home\">Home<\/a>\n<\/span><span class=\"aioseo-breadcrumb-separator\">\u2013<\/span><span class=\"aioseo-breadcrumb\">\n\t<a href=\"https:\/\/www.eldigitaldeasturias.com\/noticias\/category\/actualidad\/\" title=\"Actualidad\">Actualidad<\/a>\n<\/span><span class=\"aioseo-breadcrumb-separator\">\u2013<\/span><span class=\"aioseo-breadcrumb\">\n\t<a href=\"https:\/\/www.eldigitaldeasturias.com\/noticias\/en-2016-aragon-exporto-un-17-por-ciento-mas-de-frutas-y-hortalizas\/\" title=\"En 2016 Arag\u00f3n export\u00f3 un 17 por ciento m\u00e1s de frutas y hortalizas\">En 2016 Arag\u00f3n export\u00f3 un 17 por ciento m\u00e1s de frutas y hortalizas<\/a>\n<\/span><\/div>","aioseo_breadcrumb_json":[{"label":"Home","link":"https:\/\/www.eldigitaldeasturias.com\/noticias"},{"label":"Actualidad","link":"https:\/\/www.eldigitaldeasturias.com\/noticias\/category\/actualidad\/"},{"label":"En 2016 Arag\u00f3n export\u00f3 un 17 por ciento m\u00e1s de frutas y hortalizas","link":"https:\/\/www.eldigitaldeasturias.com\/noticias\/en-2016-aragon-exporto-un-17-por-ciento-mas-de-frutas-y-hortalizas\/"}],"_links":{"self":[{"href":"https:\/\/www.eldigitaldeasturias.com\/noticias\/wp-json\/wp\/v2\/posts\/956574","targetHints":{"allow":["GET"]}}],"collection":[{"href":"https:\/\/www.eldigitaldeasturias.com\/noticias\/wp-json\/wp\/v2\/posts"}],"about":[{"href":"https:\/\/www.eldigitaldeasturias.com\/noticias\/wp-json\/wp\/v2\/types\/post"}],"author":[{"embeddable":true,"href":"https:\/\/www.eldigitaldeasturias.com\/noticias\/wp-json\/wp\/v2\/users\/1"}],"replies":[{"embeddable":true,"href":"https:\/\/www.eldigitaldeasturias.com\/noticias\/wp-json\/wp\/v2\/comments?post=956574"}],"version-history":[{"count":0,"href":"https:\/\/www.eldigitaldeasturias.com\/noticias\/wp-json\/wp\/v2\/posts\/956574\/revisions"}],"wp:attachment":[{"href":"https:\/\/www.eldigitaldeasturias.com\/noticias\/wp-json\/wp\/v2\/media?parent=956574"}],"wp:term":[{"taxonomy":"category","embeddable":true,"href":"https:\/\/www.eldigitaldeasturias.com\/noticias\/wp-json\/wp\/v2\/categories?post=956574"},{"taxonomy":"post_tag","embeddable":true,"href":"https:\/\/www.eldigitaldeasturias.com\/noticias\/wp-json\/wp\/v2\/tags?post=956574"}],"curies":[{"name":"wp","href":"https:\/\/api.w.org\/{rel}","templated":true}]}}