{"id":956506,"date":"2017-10-18T00:41:30","date_gmt":"2017-10-18T00:41:30","guid":{"rendered":"http:\/\/www.eldigitaldeasturias.com\/noticias\/?p=956506"},"modified":"2017-10-18T00:41:30","modified_gmt":"2017-10-18T00:41:30","slug":"maillo-en-espana-hay-separacion-de-poderes-y-no-existe-impunidad","status":"publish","type":"post","link":"https:\/\/www.eldigitaldeasturias.com\/noticias\/maillo-en-espana-hay-separacion-de-poderes-y-no-existe-impunidad\/","title":{"rendered":"Maillo: \u201cEn Espa\u00f1a hay separaci\u00f3n de poderes y no existe impunidad\u201d"},"content":{"rendered":"<p><img loading=\"lazy\" decoding=\"async\" class=\"alignleft size-medium wp-image-921564\" src=\"https:\/\/www.eldigitaldeasturias.com\/noticias\/wp-content\/uploads\/2017\/01\/maillo-360x163.jpg\" alt=\"\" width=\"360\" height=\"163\" \/>El coordinador general del Partido Popular, Fernando Mart\u00ednez-Maillo, ha asegurado preguntado por la detenci\u00f3n de los l\u00edderes de ANC y \u00d2mnium Cultural, que se trata de una decisi\u00f3n estrictamente judicial, porque en nuestro pa\u00eds existe la divisi\u00f3n de poderes, donde \u201cel que la hace la paga\u201d y \u201cno existe impunidad\u201d.<\/p>\n<p>\u201cComprendo que los independentistas no lo entiendan, porque tienen una tendencia al control de los medios de comunicaci\u00f3n, no respetando las opiniones y los derechos de los diputados de la oposici\u00f3n en el Parlament, o planteando el nombramiento de su futuro ideario pol\u00edtico en torno a un tribunal propio nombrado por ellos mismos\u201d, ha explicado.<\/p>\n<p>En el transcurso de una entrevista en el programa Los desayunos de TVE, el dirigente popular ha detallado c\u00f3mo en Espa\u00f1a, que es un Estado democr\u00e1tico, \u201cexiste un poder ejecutivo que pone en marcha el art\u00edculo 155, un poder legislativo con el que se llega a acuerdos que avalan la actuaci\u00f3n del Gobierno, y un poder judicial que toma decisiones\u201d.<\/p>\n<p><strong>INTERNACIONALIZACI\u00d3N DEL PROCESO<\/strong><\/p>\n<p>En relaci\u00f3n al intento del Gobierno catal\u00e1n de internacionalizar el proceso independentista, Mart\u00ednez-Maillo ha se\u00f1alado que la Uni\u00f3n Europea es un espacio de \u201clibertad y democracia\u201d, y para formar parte de este organismo \u201cse necesita estar homologado en t\u00e9rminos de derechos fundamentales, democracia, libertad, pluralismo pol\u00edtico y respeto a los derechos del adversario\u201d.<\/p>\n<p>En su opini\u00f3n, con este tipo de actuaciones existe un intento de \u201cdibujar a un pa\u00eds represor que solo est\u00e1 en el imaginario de ellos mismos, y que no conduce a ninguna parte. En este pa\u00eds funciona la Justicia, se toman decisiones en el \u00e1mbito judicial, que se pueden compartir o no, pero que se deben respetar\u201d, ha subrayado.<\/p>\n<p><strong>EL JUEVES, \u00daLTIMA OPORTUNIDAD DE PUIGDEMONT<\/strong><\/p>\n<p>El coordinador general del PP ha reiterado que el presidente de la Generalitat de Catalu\u00f1a tiene una \u00faltima oportunidad hasta el jueves para \u201creconducir la situaci\u00f3n\u201d, y decidir con ello si \u201cse recuperan las instituciones catalanas para la Constituci\u00f3n y las leyes\u201d.<\/p>\n<p>\u201cEl articulo 155 no se aplica para suspender la autonom\u00eda, sino para recuperar las instituciones catalanas y el autogobierno hist\u00f3rico de Catalu\u00f1a en el marco de la Constituci\u00f3n y las leyes. Las instituciones catalanas est\u00e1n secuestradas por el independentismo y la ilegalidad y hay que recuperarlas\u201d, ha enfatizado.<\/p>\n<p>Seg\u00fan Maillo, \u201cno es deseable crear un clima de tensi\u00f3n mayor del que ya existe\u201d, causado precisamente por el presidente Puigdemont y sus socios, \u201cque han conseguido una fractura de la sociedad catalana, un sufrimiento de las familias y una situaci\u00f3n de estr\u00e9s insoportable\u201d.<\/p>\n<p><strong>OJAL\u00c1 NO SE TENGA QUE APLICAR EL ART\u00cdCULO 155<\/strong><\/p>\n<p>En relaci\u00f3n a la posible aplicaci\u00f3n del art\u00edculo 155 de la Constituci\u00f3n Espa\u00f1ola, se ha mostrado prudente y ha deseado que no se tenga que poner en marcha. \u201cOjal\u00e1 se vuelva al sentido com\u00fan, la raz\u00f3n y la legalidad\u201d, ha manifestado.<\/p>\n<p>\u201cA ning\u00fan gobierno le apetece tomar una decisi\u00f3n de esta naturaleza, que en Espa\u00f1a nunca se ha adoptado. Hay que saber hacer una reflexi\u00f3n sobre lo que interesa a Espa\u00f1a y a Catalu\u00f1a, que es volver a la normalidad y a la legalidad. Y estamos dando las oportunidades necesarias a Puigdemont para que vuelva a la legalidad\u201d, ha advertido.<\/p>\n<p><strong>CONVOCATORIA ELECCIONES<\/strong><\/p>\n<p>Sobre la posibilidad de una convocatoria electoral en Catalu\u00f1a, Maillo ha indicado que es una decisi\u00f3n en manos del presidente de la Generalitat, de quien ha dicho que \u201ces imposible estar en su cabeza\u201d, porque \u201cno sabemos lo que piensa ni c\u00f3mo va a decidirlo\u201d.<\/p>\n<p>En todo caso, a su juicio, ser\u00eda \u201cuna salida m\u00e1s que se encuentra encima de la mesa\u201d, teniendo en cuenta adem\u00e1s que \u201ctarde o temprano tiene que haber elecciones en Catalu\u00f1a, porque esta situaci\u00f3n de tensi\u00f3n no puede ser eterna\u201d, y los ciudadanos \u201ctienen que adoptar la decisi\u00f3n de verdad en unas urnas de verdad, no a trav\u00e9s de un simulacro de refer\u00e9ndum\u201d.<\/p>\n<p><strong>SALIDA DE EMPRESAS DE CATALU\u00d1A, ECONOM\u00cdA RESENTIDA<\/strong><\/p>\n<p>Por \u00faltimo, se ha referido a las consecuencias que el proceso independentista catal\u00e1n puede tener en la econom\u00eda de nuestro pa\u00eds. A este respecto, ha se\u00f1alado que el Gobierno ha sido siempre muy prudente en sus previsiones econ\u00f3micas, que siempre han sido revisadas al alza por organismos internacionales.<\/p>\n<p>No obstante, ha afirmado que solo un ingenuo puede pensar que lo que est\u00e1 ocurriendo en Catalu\u00f1a no tiene consecuencias para la econom\u00eda en su conjunto. \u201cEl mundo id\u00edlico que dibuj\u00f3 el independentismo no es real. Les mintieron, siguen mintiendo y manipulando y tiene consecuencias para Espa\u00f1a\u201d, ha concluido.<\/p>\n","protected":false},"excerpt":{"rendered":"<p>El coordinador general del Partido Popular, Fernando Mart\u00ednez-Maillo, ha asegurado preguntado por la detenci\u00f3n de los l\u00edderes de ANC y \u00d2mnium Cultural, que se trata de una decisi\u00f3n estrictamente judicial, porque en nuestro pa\u00eds existe la divisi\u00f3n de poderes, donde \u201cel que la hace la paga\u201d y \u201cno existe impunidad\u201d. \u201cComprendo que los independentistas no [&hellip;]<\/p>\n","protected":false},"author":1,"featured_media":921564,"comment_status":"closed","ping_status":"closed","sticky":false,"template":"","format":"standard","meta":{"footnotes":""},"categories":[1],"tags":[],"class_list":["post-956506","post","type-post","status-publish","format-standard","has-post-thumbnail","hentry","category-actualidad"],"aioseo_notices":[],"aioseo_head":"\n\t\t<!-- All in One SEO Pro 5.0.1 - aioseo.com -->\n\t<meta name=\"description\" content=\"El coordinador general del Partido Popular, Fernando Mart\u00ednez-Maillo, ha asegurado preguntado por la detenci\u00f3n de los l\u00edderes de ANC y \u00d2mnium Cultural, que se trata de una decisi\u00f3n estrictamente judicial, porque en nuestro pa\u00eds existe la divisi\u00f3n de poderes, donde \u201cel que la hace la paga\u201d y \u201cno existe impunidad\u201d. \u201cComprendo que los independentistas no\" \/>\n\t<meta name=\"robots\" content=\"max-image-preview:large\" \/>\n\t<meta name=\"author\" content=\"El Digital de Asturias\"\/>\n\t<meta name=\"google-site-verification\" content=\"UA-38556648-1\" \/>\n\t<meta name=\"msvalidate.01\" content=\"7dfe9f3f1b24437ab69f4f2559babe99\" \/>\n\t<meta name=\"keywords\" content=\"actualidad\" \/>\n\t<link rel=\"canonical\" href=\"https:\/\/www.eldigitaldeasturias.com\/noticias\/maillo-en-espana-hay-separacion-de-poderes-y-no-existe-impunidad\/\" \/>\n\t<meta name=\"generator\" content=\"All in One SEO Pro (AIOSEO) 5.0.1\" \/>\n\t\t<meta property=\"og:locale\" content=\"es_ES\" \/>\n\t\t<meta property=\"og:site_name\" content=\"El Digital de Asturias\" \/>\n\t\t<meta property=\"og:type\" content=\"article\" \/>\n\t\t<meta property=\"og:title\" content=\"Maillo: \u201cEn Espa\u00f1a hay separaci\u00f3n de poderes y no existe impunidad\u201d - El Digital de Asturias\" \/>\n\t\t<meta property=\"og:description\" content=\"El coordinador general del Partido Popular, Fernando Mart\u00ednez-Maillo, ha asegurado preguntado por la detenci\u00f3n de los l\u00edderes de ANC y \u00d2mnium Cultural, que se trata de una decisi\u00f3n estrictamente judicial, porque en nuestro pa\u00eds existe la divisi\u00f3n de poderes, donde \u201cel que la hace la paga\u201d y \u201cno existe impunidad\u201d. \u201cComprendo que los independentistas no\" \/>\n\t\t<meta property=\"og:url\" content=\"https:\/\/www.eldigitaldeasturias.com\/noticias\/maillo-en-espana-hay-separacion-de-poderes-y-no-existe-impunidad\/\" \/>\n\t\t<meta property=\"article:tag\" content=\"actualidad\" \/>\n\t\t<meta property=\"article:published_time\" content=\"2017-10-18T00:41:30+00:00\" \/>\n\t\t<meta property=\"article:modified_time\" content=\"2017-10-18T00:41:30+00:00\" \/>\n\t\t<meta property=\"article:publisher\" content=\"https:\/\/facebook.com\/eldigitaldeasturias\" \/>\n\t\t<meta name=\"twitter:card\" content=\"summary_large_image\" \/>\n\t\t<meta name=\"twitter:title\" content=\"Maillo: \u201cEn Espa\u00f1a hay separaci\u00f3n de poderes y no existe impunidad\u201d - El Digital de Asturias\" \/>\n\t\t<meta name=\"twitter:description\" content=\"El coordinador general del Partido Popular, Fernando Mart\u00ednez-Maillo, ha asegurado preguntado por la detenci\u00f3n de los l\u00edderes de ANC y \u00d2mnium Cultural, que se trata de una decisi\u00f3n estrictamente judicial, porque en nuestro pa\u00eds existe la divisi\u00f3n de poderes, donde \u201cel que la hace la paga\u201d y \u201cno existe impunidad\u201d. \u201cComprendo que los independentistas no\" \/>\n\t\t<meta name=\"twitter:image\" content=\"https:\/\/www.eldigitaldeasturias.com\/noticias\/wp-content\/uploads\/2020\/12\/EDA-1.jpg\" \/>\n\t\t<meta name=\"twitter:label1\" content=\"Escrito por\" \/>\n\t\t<meta name=\"twitter:data1\" content=\"El Digital de Asturias\" \/>\n\t\t<meta name=\"twitter:label2\" content=\"Tiempo de lectura estimado\" \/>\n\t\t<meta name=\"twitter:data2\" content=\"4 minutos\" \/>\n\t\t<script type=\"application\/ld+json\" class=\"aioseo-schema\">\n\t\t\t{\"@context\":\"https:\\\/\\\/schema.org\",\"@graph\":[{\"@type\":\"BlogPosting\",\"@id\":\"https:\\\/\\\/www.eldigitaldeasturias.com\\\/noticias\\\/maillo-en-espana-hay-separacion-de-poderes-y-no-existe-impunidad\\\/#blogposting\",\"name\":\"Maillo: \\u201cEn Espa\\u00f1a hay separaci\\u00f3n de poderes y no existe impunidad\\u201d - El Digital de Asturias\",\"headline\":\"Maillo: \\u201cEn Espa\\u00f1a hay separaci\\u00f3n de poderes y no existe impunidad\\u201d\",\"author\":{\"@id\":\"https:\\\/\\\/www.eldigitaldeasturias.com\\\/noticias\\\/author\\\/admin\\\/#author\"},\"publisher\":{\"@id\":\"https:\\\/\\\/www.eldigitaldeasturias.com\\\/noticias\\\/#organization\"},\"image\":{\"@type\":\"ImageObject\",\"url\":921564},\"datePublished\":\"2017-10-18T00:41:30+02:00\",\"dateModified\":\"2017-10-18T00:41:30+02:00\",\"inLanguage\":\"es-ES\",\"mainEntityOfPage\":{\"@id\":\"https:\\\/\\\/www.eldigitaldeasturias.com\\\/noticias\\\/maillo-en-espana-hay-separacion-de-poderes-y-no-existe-impunidad\\\/#webpage\"},\"isPartOf\":{\"@id\":\"https:\\\/\\\/www.eldigitaldeasturias.com\\\/noticias\\\/maillo-en-espana-hay-separacion-de-poderes-y-no-existe-impunidad\\\/#webpage\"},\"articleSection\":\"Actualidad\"},{\"@type\":\"BreadcrumbList\",\"@id\":\"https:\\\/\\\/www.eldigitaldeasturias.com\\\/noticias\\\/maillo-en-espana-hay-separacion-de-poderes-y-no-existe-impunidad\\\/#breadcrumblist\",\"itemListElement\":[{\"@type\":\"ListItem\",\"@id\":\"https:\\\/\\\/www.eldigitaldeasturias.com\\\/noticias#listItem\",\"position\":1,\"name\":\"Home\",\"item\":\"https:\\\/\\\/www.eldigitaldeasturias.com\\\/noticias\",\"nextItem\":{\"@type\":\"ListItem\",\"@id\":\"https:\\\/\\\/www.eldigitaldeasturias.com\\\/noticias\\\/category\\\/actualidad\\\/#listItem\",\"name\":\"Actualidad\"}},{\"@type\":\"ListItem\",\"@id\":\"https:\\\/\\\/www.eldigitaldeasturias.com\\\/noticias\\\/category\\\/actualidad\\\/#listItem\",\"position\":2,\"name\":\"Actualidad\",\"item\":\"https:\\\/\\\/www.eldigitaldeasturias.com\\\/noticias\\\/category\\\/actualidad\\\/\",\"nextItem\":{\"@type\":\"ListItem\",\"@id\":\"https:\\\/\\\/www.eldigitaldeasturias.com\\\/noticias\\\/maillo-en-espana-hay-separacion-de-poderes-y-no-existe-impunidad\\\/#listItem\",\"name\":\"Maillo: \\u201cEn Espa\\u00f1a hay separaci\\u00f3n de poderes y no existe impunidad\\u201d\"},\"previousItem\":{\"@type\":\"ListItem\",\"@id\":\"https:\\\/\\\/www.eldigitaldeasturias.com\\\/noticias#listItem\",\"name\":\"Home\"}},{\"@type\":\"ListItem\",\"@id\":\"https:\\\/\\\/www.eldigitaldeasturias.com\\\/noticias\\\/maillo-en-espana-hay-separacion-de-poderes-y-no-existe-impunidad\\\/#listItem\",\"position\":3,\"name\":\"Maillo: \\u201cEn Espa\\u00f1a hay separaci\\u00f3n de poderes y no existe impunidad\\u201d\",\"previousItem\":{\"@type\":\"ListItem\",\"@id\":\"https:\\\/\\\/www.eldigitaldeasturias.com\\\/noticias\\\/category\\\/actualidad\\\/#listItem\",\"name\":\"Actualidad\"}}]},{\"@type\":\"Organization\",\"@id\":\"https:\\\/\\\/www.eldigitaldeasturias.com\\\/noticias\\\/#organization\",\"name\":\"El Digital de Asturias\",\"description\":\"Hemeroteca\",\"url\":\"https:\\\/\\\/www.eldigitaldeasturias.com\\\/noticias\\\/\",\"email\":\"info@eldigitaldeasturias.com\",\"telephone\":\"+34652131393\",\"logo\":{\"@type\":\"ImageObject\",\"url\":\"https:\\\/\\\/www.eldigitaldeasturias.com\\\/noticias\\\/wp-content\\\/uploads\\\/2020\\\/12\\\/EDA.jpg\",\"@id\":\"https:\\\/\\\/www.eldigitaldeasturias.com\\\/noticias\\\/maillo-en-espana-hay-separacion-de-poderes-y-no-existe-impunidad\\\/#organizationLogo\"},\"image\":{\"@id\":\"https:\\\/\\\/www.eldigitaldeasturias.com\\\/noticias\\\/maillo-en-espana-hay-separacion-de-poderes-y-no-existe-impunidad\\\/#organizationLogo\"},\"sameAs\":[\"https:\\\/\\\/facebook.com\\\/eldigitaldeasturias\",\"https:\\\/\\\/www.youtube.com\\\/channel\\\/UCZP-2wLEB9Rv6erhFmqVnvg\"],\"address\":{\"@id\":\"https:\\\/\\\/www.eldigitaldeasturias.com\\\/noticias\\\/#postaladdress\",\"@type\":\"PostalAddress\",\"streetAddress\":\"san antonio 4\",\"postalCode\":\"33430\",\"addressLocality\":\"Cand\\u00e1s\",\"addressRegion\":\"Asturias\",\"addressCountry\":\"ES\"}},{\"@type\":\"Person\",\"@id\":\"https:\\\/\\\/www.eldigitaldeasturias.com\\\/noticias\\\/author\\\/admin\\\/#author\",\"url\":\"https:\\\/\\\/www.eldigitaldeasturias.com\\\/noticias\\\/author\\\/admin\\\/\",\"name\":\"El Digital de Asturias\",\"image\":{\"@type\":\"ImageObject\",\"@id\":\"https:\\\/\\\/www.eldigitaldeasturias.com\\\/noticias\\\/maillo-en-espana-hay-separacion-de-poderes-y-no-existe-impunidad\\\/#authorImage\",\"url\":\"https:\\\/\\\/secure.gravatar.com\\\/avatar\\\/df2aeffc32bcd13f8d26072ef8a91b623d677766deac7f97ca815868cd41bf5e?s=96&d=mm&r=g\",\"width\":96,\"height\":96,\"caption\":\"El Digital de Asturias\"}},{\"@type\":\"WebPage\",\"@id\":\"https:\\\/\\\/www.eldigitaldeasturias.com\\\/noticias\\\/maillo-en-espana-hay-separacion-de-poderes-y-no-existe-impunidad\\\/#webpage\",\"url\":\"https:\\\/\\\/www.eldigitaldeasturias.com\\\/noticias\\\/maillo-en-espana-hay-separacion-de-poderes-y-no-existe-impunidad\\\/\",\"name\":\"Maillo: \\u201cEn Espa\\u00f1a hay separaci\\u00f3n de poderes y no existe impunidad\\u201d - El Digital de Asturias\",\"description\":\"El coordinador general del Partido Popular, Fernando Mart\\u00ednez-Maillo, ha asegurado preguntado por la detenci\\u00f3n de los l\\u00edderes de ANC y \\u00d2mnium Cultural, que se trata de una decisi\\u00f3n estrictamente judicial, porque en nuestro pa\\u00eds existe la divisi\\u00f3n de poderes, donde \\u201cel que la hace la paga\\u201d y \\u201cno existe impunidad\\u201d. \\u201cComprendo que los independentistas no\",\"inLanguage\":\"es-ES\",\"isPartOf\":{\"@id\":\"https:\\\/\\\/www.eldigitaldeasturias.com\\\/noticias\\\/#website\"},\"breadcrumb\":{\"@id\":\"https:\\\/\\\/www.eldigitaldeasturias.com\\\/noticias\\\/maillo-en-espana-hay-separacion-de-poderes-y-no-existe-impunidad\\\/#breadcrumblist\"},\"author\":{\"@id\":\"https:\\\/\\\/www.eldigitaldeasturias.com\\\/noticias\\\/author\\\/admin\\\/#author\"},\"creator\":{\"@id\":\"https:\\\/\\\/www.eldigitaldeasturias.com\\\/noticias\\\/author\\\/admin\\\/#author\"},\"image\":{\"@type\":\"ImageObject\",\"url\":921564,\"@id\":\"https:\\\/\\\/www.eldigitaldeasturias.com\\\/noticias\\\/maillo-en-espana-hay-separacion-de-poderes-y-no-existe-impunidad\\\/#mainImage\"},\"primaryImageOfPage\":{\"@id\":\"https:\\\/\\\/www.eldigitaldeasturias.com\\\/noticias\\\/maillo-en-espana-hay-separacion-de-poderes-y-no-existe-impunidad\\\/#mainImage\"},\"datePublished\":\"2017-10-18T00:41:30+02:00\",\"dateModified\":\"2017-10-18T00:41:30+02:00\"},{\"@type\":\"WebSite\",\"@id\":\"https:\\\/\\\/www.eldigitaldeasturias.com\\\/noticias\\\/#website\",\"url\":\"https:\\\/\\\/www.eldigitaldeasturias.com\\\/noticias\\\/\",\"name\":\"El Digital de Asturias - Diario de actualidad y noticias\",\"alternateName\":\"El Digital de Asturias - Diario de actualidad y noticias\",\"description\":\"Hemeroteca\",\"inLanguage\":\"es-ES\",\"publisher\":{\"@id\":\"https:\\\/\\\/www.eldigitaldeasturias.com\\\/noticias\\\/#organization\"}}]}\n\t\t<\/script>\n\t\t<!-- All in One SEO Pro -->\r\n\t\t<title>Maillo: \u201cEn Espa\u00f1a hay separaci\u00f3n de poderes y no existe impunidad\u201d - El Digital de Asturias<\/title>\n\n","aioseo_head_json":{"title":"Maillo: \u201cEn Espa\u00f1a hay separaci\u00f3n de poderes y no existe impunidad\u201d - El Digital de Asturias","description":"El coordinador general del Partido Popular, Fernando Mart\u00ednez-Maillo, ha asegurado preguntado por la detenci\u00f3n de los l\u00edderes de ANC y \u00d2mnium Cultural, que se trata de una decisi\u00f3n estrictamente judicial, porque en nuestro pa\u00eds existe la divisi\u00f3n de poderes, donde \u201cel que la hace la paga\u201d y \u201cno existe impunidad\u201d. \u201cComprendo que los independentistas no","canonical_url":"https:\/\/www.eldigitaldeasturias.com\/noticias\/maillo-en-espana-hay-separacion-de-poderes-y-no-existe-impunidad\/","robots":"max-image-preview:large","keywords":"actualidad","webmasterTools":{"google-site-verification":"UA-38556648-1","msvalidate.01":"7dfe9f3f1b24437ab69f4f2559babe99","miscellaneous":""},"schema":{"@context":"https:\/\/schema.org","@graph":[{"@type":"BlogPosting","@id":"https:\/\/www.eldigitaldeasturias.com\/noticias\/maillo-en-espana-hay-separacion-de-poderes-y-no-existe-impunidad\/#blogposting","name":"Maillo: \u201cEn Espa\u00f1a hay separaci\u00f3n de poderes y no existe impunidad\u201d - El Digital de Asturias","headline":"Maillo: \u201cEn Espa\u00f1a hay separaci\u00f3n de poderes y no existe impunidad\u201d","author":{"@id":"https:\/\/www.eldigitaldeasturias.com\/noticias\/author\/admin\/#author"},"publisher":{"@id":"https:\/\/www.eldigitaldeasturias.com\/noticias\/#organization"},"image":{"@type":"ImageObject","url":921564},"datePublished":"2017-10-18T00:41:30+02:00","dateModified":"2017-10-18T00:41:30+02:00","inLanguage":"es-ES","mainEntityOfPage":{"@id":"https:\/\/www.eldigitaldeasturias.com\/noticias\/maillo-en-espana-hay-separacion-de-poderes-y-no-existe-impunidad\/#webpage"},"isPartOf":{"@id":"https:\/\/www.eldigitaldeasturias.com\/noticias\/maillo-en-espana-hay-separacion-de-poderes-y-no-existe-impunidad\/#webpage"},"articleSection":"Actualidad"},{"@type":"BreadcrumbList","@id":"https:\/\/www.eldigitaldeasturias.com\/noticias\/maillo-en-espana-hay-separacion-de-poderes-y-no-existe-impunidad\/#breadcrumblist","itemListElement":[{"@type":"ListItem","@id":"https:\/\/www.eldigitaldeasturias.com\/noticias#listItem","position":1,"name":"Home","item":"https:\/\/www.eldigitaldeasturias.com\/noticias","nextItem":{"@type":"ListItem","@id":"https:\/\/www.eldigitaldeasturias.com\/noticias\/category\/actualidad\/#listItem","name":"Actualidad"}},{"@type":"ListItem","@id":"https:\/\/www.eldigitaldeasturias.com\/noticias\/category\/actualidad\/#listItem","position":2,"name":"Actualidad","item":"https:\/\/www.eldigitaldeasturias.com\/noticias\/category\/actualidad\/","nextItem":{"@type":"ListItem","@id":"https:\/\/www.eldigitaldeasturias.com\/noticias\/maillo-en-espana-hay-separacion-de-poderes-y-no-existe-impunidad\/#listItem","name":"Maillo: \u201cEn Espa\u00f1a hay separaci\u00f3n de poderes y no existe impunidad\u201d"},"previousItem":{"@type":"ListItem","@id":"https:\/\/www.eldigitaldeasturias.com\/noticias#listItem","name":"Home"}},{"@type":"ListItem","@id":"https:\/\/www.eldigitaldeasturias.com\/noticias\/maillo-en-espana-hay-separacion-de-poderes-y-no-existe-impunidad\/#listItem","position":3,"name":"Maillo: \u201cEn Espa\u00f1a hay separaci\u00f3n de poderes y no existe impunidad\u201d","previousItem":{"@type":"ListItem","@id":"https:\/\/www.eldigitaldeasturias.com\/noticias\/category\/actualidad\/#listItem","name":"Actualidad"}}]},{"@type":"Organization","@id":"https:\/\/www.eldigitaldeasturias.com\/noticias\/#organization","name":"El Digital de Asturias","description":"Hemeroteca","url":"https:\/\/www.eldigitaldeasturias.com\/noticias\/","email":"info@eldigitaldeasturias.com","telephone":"+34652131393","logo":{"@type":"ImageObject","url":"https:\/\/www.eldigitaldeasturias.com\/noticias\/wp-content\/uploads\/2020\/12\/EDA.jpg","@id":"https:\/\/www.eldigitaldeasturias.com\/noticias\/maillo-en-espana-hay-separacion-de-poderes-y-no-existe-impunidad\/#organizationLogo"},"image":{"@id":"https:\/\/www.eldigitaldeasturias.com\/noticias\/maillo-en-espana-hay-separacion-de-poderes-y-no-existe-impunidad\/#organizationLogo"},"sameAs":["https:\/\/facebook.com\/eldigitaldeasturias","https:\/\/www.youtube.com\/channel\/UCZP-2wLEB9Rv6erhFmqVnvg"],"address":{"@id":"https:\/\/www.eldigitaldeasturias.com\/noticias\/#postaladdress","@type":"PostalAddress","streetAddress":"san antonio 4","postalCode":"33430","addressLocality":"Cand\u00e1s","addressRegion":"Asturias","addressCountry":"ES"}},{"@type":"Person","@id":"https:\/\/www.eldigitaldeasturias.com\/noticias\/author\/admin\/#author","url":"https:\/\/www.eldigitaldeasturias.com\/noticias\/author\/admin\/","name":"El Digital de Asturias","image":{"@type":"ImageObject","@id":"https:\/\/www.eldigitaldeasturias.com\/noticias\/maillo-en-espana-hay-separacion-de-poderes-y-no-existe-impunidad\/#authorImage","url":"https:\/\/secure.gravatar.com\/avatar\/df2aeffc32bcd13f8d26072ef8a91b623d677766deac7f97ca815868cd41bf5e?s=96&d=mm&r=g","width":96,"height":96,"caption":"El Digital de Asturias"}},{"@type":"WebPage","@id":"https:\/\/www.eldigitaldeasturias.com\/noticias\/maillo-en-espana-hay-separacion-de-poderes-y-no-existe-impunidad\/#webpage","url":"https:\/\/www.eldigitaldeasturias.com\/noticias\/maillo-en-espana-hay-separacion-de-poderes-y-no-existe-impunidad\/","name":"Maillo: \u201cEn Espa\u00f1a hay separaci\u00f3n de poderes y no existe impunidad\u201d - El Digital de Asturias","description":"El coordinador general del Partido Popular, Fernando Mart\u00ednez-Maillo, ha asegurado preguntado por la detenci\u00f3n de los l\u00edderes de ANC y \u00d2mnium Cultural, que se trata de una decisi\u00f3n estrictamente judicial, porque en nuestro pa\u00eds existe la divisi\u00f3n de poderes, donde \u201cel que la hace la paga\u201d y \u201cno existe impunidad\u201d. \u201cComprendo que los independentistas no","inLanguage":"es-ES","isPartOf":{"@id":"https:\/\/www.eldigitaldeasturias.com\/noticias\/#website"},"breadcrumb":{"@id":"https:\/\/www.eldigitaldeasturias.com\/noticias\/maillo-en-espana-hay-separacion-de-poderes-y-no-existe-impunidad\/#breadcrumblist"},"author":{"@id":"https:\/\/www.eldigitaldeasturias.com\/noticias\/author\/admin\/#author"},"creator":{"@id":"https:\/\/www.eldigitaldeasturias.com\/noticias\/author\/admin\/#author"},"image":{"@type":"ImageObject","url":921564,"@id":"https:\/\/www.eldigitaldeasturias.com\/noticias\/maillo-en-espana-hay-separacion-de-poderes-y-no-existe-impunidad\/#mainImage"},"primaryImageOfPage":{"@id":"https:\/\/www.eldigitaldeasturias.com\/noticias\/maillo-en-espana-hay-separacion-de-poderes-y-no-existe-impunidad\/#mainImage"},"datePublished":"2017-10-18T00:41:30+02:00","dateModified":"2017-10-18T00:41:30+02:00"},{"@type":"WebSite","@id":"https:\/\/www.eldigitaldeasturias.com\/noticias\/#website","url":"https:\/\/www.eldigitaldeasturias.com\/noticias\/","name":"El Digital de Asturias - Diario de actualidad y noticias","alternateName":"El Digital de Asturias - Diario de actualidad y noticias","description":"Hemeroteca","inLanguage":"es-ES","publisher":{"@id":"https:\/\/www.eldigitaldeasturias.com\/noticias\/#organization"}}]},"og:locale":"es_ES","og:site_name":"El Digital de Asturias","og:type":"article","og:title":"Maillo: \u201cEn Espa\u00f1a hay separaci\u00f3n de poderes y no existe impunidad\u201d - El Digital de Asturias","og:description":"El coordinador general del Partido Popular, Fernando Mart\u00ednez-Maillo, ha asegurado preguntado por la detenci\u00f3n de los l\u00edderes de ANC y \u00d2mnium Cultural, que se trata de una decisi\u00f3n estrictamente judicial, porque en nuestro pa\u00eds existe la divisi\u00f3n de poderes, donde \u201cel que la hace la paga\u201d y \u201cno existe impunidad\u201d. \u201cComprendo que los independentistas no","og:url":"https:\/\/www.eldigitaldeasturias.com\/noticias\/maillo-en-espana-hay-separacion-de-poderes-y-no-existe-impunidad\/","article:tag":["actualidad"],"article:published_time":"2017-10-18T00:41:30+00:00","article:modified_time":"2017-10-18T00:41:30+00:00","article:publisher":"https:\/\/facebook.com\/eldigitaldeasturias","twitter:card":"summary_large_image","twitter:title":"Maillo: \u201cEn Espa\u00f1a hay separaci\u00f3n de poderes y no existe impunidad\u201d - El Digital de Asturias","twitter:description":"El coordinador general del Partido Popular, Fernando Mart\u00ednez-Maillo, ha asegurado preguntado por la detenci\u00f3n de los l\u00edderes de ANC y \u00d2mnium Cultural, que se trata de una decisi\u00f3n estrictamente judicial, porque en nuestro pa\u00eds existe la divisi\u00f3n de poderes, donde \u201cel que la hace la paga\u201d y \u201cno existe impunidad\u201d. \u201cComprendo que los independentistas no","twitter:image":"https:\/\/www.eldigitaldeasturias.com\/noticias\/wp-content\/uploads\/2020\/12\/EDA-1.jpg","twitter:label1":"Escrito por","twitter:data1":"El Digital de Asturias","twitter:label2":"Tiempo de lectura estimado","twitter:data2":"4 minutos"},"aioseo_meta_data":{"post_id":"956506","title":null,"description":null,"keywords":null,"keyphrases":null,"primary_term":null,"canonical_url":null,"og_title":null,"og_description":null,"og_object_type":"default","og_image_type":"default","og_image_url":null,"og_image_width":null,"og_image_height":null,"og_image_custom_url":null,"og_image_custom_fields":null,"og_video":null,"og_custom_url":null,"og_article_section":null,"og_article_tags":null,"twitter_use_og":false,"twitter_card":"default","twitter_image_type":"default","twitter_image_url":null,"twitter_image_custom_url":null,"twitter_image_custom_fields":null,"twitter_title":null,"twitter_description":null,"schema":{"blockGraphs":[],"customGraphs":[],"default":{"data":{"Article":[],"Course":[],"Dataset":[],"FAQPage":[],"Movie":[],"Person":[],"Product":[],"ProductReview":[],"Car":[],"Recipe":[],"Service":[],"SoftwareApplication":[],"WebPage":[]},"graphName":"","isEnabled":true},"graphs":[]},"schema_type":null,"schema_type_options":null,"pillar_content":false,"robots_default":true,"robots_noindex":false,"robots_noarchive":false,"robots_nosnippet":false,"robots_nofollow":false,"robots_noimageindex":false,"robots_noodp":false,"robots_notranslate":false,"robots_max_snippet":null,"robots_max_videopreview":null,"robots_max_imagepreview":"large","priority":null,"frequency":null,"local_seo":null,"seo_analyzer_scan_date":"2025-12-06 14:00:11","breadcrumb_settings":null,"limit_modified_date":false,"open_ai":null,"ai":null,"created":"2020-12-21 12:55:52","updated":"2025-12-06 14:00:11","focus_keyword":null,"additional_keywords":null,"truseo_locale":null},"aioseo_breadcrumb":"<div class=\"aioseo-breadcrumbs\"><span class=\"aioseo-breadcrumb\">\n\t<a href=\"https:\/\/www.eldigitaldeasturias.com\/noticias\" title=\"Home\">Home<\/a>\n<\/span><span class=\"aioseo-breadcrumb-separator\">\u2013<\/span><span class=\"aioseo-breadcrumb\">\n\t<a href=\"https:\/\/www.eldigitaldeasturias.com\/noticias\/category\/actualidad\/\" title=\"Actualidad\">Actualidad<\/a>\n<\/span><span class=\"aioseo-breadcrumb-separator\">\u2013<\/span><span class=\"aioseo-breadcrumb\">\n\t<a href=\"https:\/\/www.eldigitaldeasturias.com\/noticias\/maillo-en-espana-hay-separacion-de-poderes-y-no-existe-impunidad\/\" title=\"Maillo: \u201cEn Espa\u00f1a hay separaci\u00f3n de poderes y no existe impunidad\u201d\">Maillo: \u201cEn Espa\u00f1a hay separaci\u00f3n de poderes y no existe impunidad\u201d<\/a>\n<\/span><\/div>","aioseo_breadcrumb_json":[{"label":"Home","link":"https:\/\/www.eldigitaldeasturias.com\/noticias"},{"label":"Actualidad","link":"https:\/\/www.eldigitaldeasturias.com\/noticias\/category\/actualidad\/"},{"label":"Maillo: \u201cEn Espa\u00f1a hay separaci\u00f3n de poderes y no existe impunidad\u201d","link":"https:\/\/www.eldigitaldeasturias.com\/noticias\/maillo-en-espana-hay-separacion-de-poderes-y-no-existe-impunidad\/"}],"_links":{"self":[{"href":"https:\/\/www.eldigitaldeasturias.com\/noticias\/wp-json\/wp\/v2\/posts\/956506","targetHints":{"allow":["GET"]}}],"collection":[{"href":"https:\/\/www.eldigitaldeasturias.com\/noticias\/wp-json\/wp\/v2\/posts"}],"about":[{"href":"https:\/\/www.eldigitaldeasturias.com\/noticias\/wp-json\/wp\/v2\/types\/post"}],"author":[{"embeddable":true,"href":"https:\/\/www.eldigitaldeasturias.com\/noticias\/wp-json\/wp\/v2\/users\/1"}],"replies":[{"embeddable":true,"href":"https:\/\/www.eldigitaldeasturias.com\/noticias\/wp-json\/wp\/v2\/comments?post=956506"}],"version-history":[{"count":0,"href":"https:\/\/www.eldigitaldeasturias.com\/noticias\/wp-json\/wp\/v2\/posts\/956506\/revisions"}],"wp:attachment":[{"href":"https:\/\/www.eldigitaldeasturias.com\/noticias\/wp-json\/wp\/v2\/media?parent=956506"}],"wp:term":[{"taxonomy":"category","embeddable":true,"href":"https:\/\/www.eldigitaldeasturias.com\/noticias\/wp-json\/wp\/v2\/categories?post=956506"},{"taxonomy":"post_tag","embeddable":true,"href":"https:\/\/www.eldigitaldeasturias.com\/noticias\/wp-json\/wp\/v2\/tags?post=956506"}],"curies":[{"name":"wp","href":"https:\/\/api.w.org\/{rel}","templated":true}]}}