{"id":956503,"date":"2017-10-18T00:32:52","date_gmt":"2017-10-18T00:32:52","guid":{"rendered":"http:\/\/www.eldigitaldeasturias.com\/noticias\/?p=956503"},"modified":"2017-10-18T00:32:52","modified_gmt":"2017-10-18T00:32:52","slug":"catala-reclama-la-vuelta-a-la-legalidad-en-cataluna","status":"publish","type":"post","link":"https:\/\/www.eldigitaldeasturias.com\/noticias\/catala-reclama-la-vuelta-a-la-legalidad-en-cataluna\/","title":{"rendered":"Catal\u00e1 reclama la vuelta a la legalidad en Catalu\u00f1a"},"content":{"rendered":"<p><img loading=\"lazy\" decoding=\"async\" class=\"alignleft size-medium wp-image-956504\" src=\"https:\/\/www.eldigitaldeasturias.com\/noticias\/wp-content\/uploads\/2017\/10\/171017_catalajusticia-360x239.jpg\" alt=\"\" width=\"360\" height=\"239\" \/>El ministro de Justicia, Rafael Catal\u00e1, ha reclamado al Gobierno catal\u00e1n la vuelta a la ley y al Estado de derecho en el marco de la legalidad de la Constituci\u00f3n como \u00fanico medio para acabar con la \u00abincertidumbre, inestabilidad y miedo\u00bb que est\u00e1n afectando profundamente a la econom\u00eda de esa comunidad.<\/p>\n<p>Rafael Catal\u00e1 ha propuesto \u00abpracticar el di\u00e1logo, no exigirlo, en el marco de la legalidad, de la Constituci\u00f3n y en el Congreso de los Diputados, donde mejor puede hacerse en una democracia\u00bb.<\/p>\n<p>En su intervenci\u00f3n en el desayuno informativo de Nueva Econom\u00eda F\u00f3rum, el titular de Justicia ha subrayado la necesidad de reforzar el ordenamiento jur\u00eddico como pieza clave del desarrollo econ\u00f3mico y progreso social que aporta ventajas competitivas a la propia sociedad y sus ciudadanos. Frente a esa idea, ha advertido que el mensaje de ilegalidad lanzado desde algunas instancias de Catalu\u00f1a se est\u00e1 traduciendo \u00aben grandes perjuicios econ\u00f3micos\u00bb.<\/p>\n<p>Como ejemplo de esa realidad, se ha referido a las alertas de recesi\u00f3n lanzadas por parte de las agencias de rating, as\u00ed como a la fuga masiva de empresas de Catalu\u00f1a o a la dram\u00e1tica disminuci\u00f3n de reservas hoteleras en Barcelona. Son todos ellos indicadores, ha dicho, que inciden a\u00fan m\u00e1s en una situaci\u00f3n econ\u00f3mica marcada por la ca\u00edda de las inversiones en un 10% durante el segundo trimestre del a\u00f1o en Catalu\u00f1a frente al ascenso del 13% registrado en Espa\u00f1a.<\/p>\n<p>En este encuentro informativo, el ministro ha recordado la necesidad de actuar de forma inmediata en la gran reforma estructural de la Justicia espa\u00f1ola, encauzada ya gracias al acuerdo un\u00e1nime de las fuerzas pol\u00edticas presentes en el Congreso de los Diputados plasmado en un compromiso de Estrategia Nacional de Justicia.<\/p>\n<p>Para Rafael Catal\u00e1, existen unas l\u00edneas de actuaci\u00f3n muy precisas en las que trabajar, como son la dotaci\u00f3n de mejores medios para los profesionales de la Justicia, la reforma del proceso penal para ajustarlo a las nuevas necesidades del siglo XXI, la mejora del proceso civil, la completa transformaci\u00f3n digital del servicio, el aumento de la percepci\u00f3n del car\u00e1cter independiente de la Justicia, su adaptaci\u00f3n a las personas y la realidad social actual y el perfeccionamiento de un ordenamiento jur\u00eddico que proporcione estabilidad econ\u00f3mica.<\/p>\n<p>Respecto a los medios a disposici\u00f3n de la Justicia, el ministro ha resaltado el incremento en un 7,7% de los presupuestos de su departamento, as\u00ed como el aumento del 86% en las cantidades destinadas a la mejora de infraestructuras, tecnolog\u00edas y equipamientos. La creaci\u00f3n de 16 nuevas plazas de magistrado en la segunda instancia penal, las 100 nuevas plazas de jueces y fiscales previstas para este mismo ejercicio y los 93 nuevos \u00f3rganos y plazas judiciales recientemente aprobados en Consejo de Ministros son muestras del compromiso adoptado en este sentido por parte del Gobierno.<\/p>\n<p>En relaci\u00f3n con el proceso penal, Catal\u00e1 se ha mostrado convencido de la necesidad de contar con nuevas reglas procesales que permitan m\u00e1s celeridad y eficacia en la persecuci\u00f3n del delito, otorgando todo el protagonismo al juicio oral. Y en ese sentido, entiende que ser\u00eda un importante paso que el peso de la investigaci\u00f3n recayera en el Ministerio Fiscal, como ocurre en los pa\u00edses de nuestro entorno, contando con un juez de garant\u00edas.<\/p>\n<p>El proceso civil puede alcanzar mayores cotas de rapidez, ha dicho el ministro, especialmente en el \u00e1mbito de las comunicaciones y notificaciones. De ah\u00ed, la necesidad de contar con las nuevas tecnolog\u00edas para agilizar los tr\u00e1mites y facilitar el trabajo de todos los profesionales, generalizando la regulaci\u00f3n de notificaciones y certificaciones electr\u00f3nicas, lo que supondr\u00eda el fin de las copias en papel.<\/p>\n<p>Para conseguirlo, apuesta por completar el proceso de transformaci\u00f3n digital de la Justicia, gracias al que se han realizado sustanciales avances y \u00abse han llegado a realizar 300.000 comunicaciones electr\u00f3nicas diarias\u00bb. Desde el Ministerio se han afrontado importantes inversiones que han supuesto, entre 2014 y 2017, la multiplicaci\u00f3n por cuatro de las dotaciones presupuestarias en tecnolog\u00eda, as\u00ed como diversas actuaciones para informatizar juzgados en toda Espa\u00f1a.<\/p>\n<p>Entre las preocupaciones expresadas por el ministro se encuentra la mejora de la percepci\u00f3n ciudadana de la Justicia como un servicio independiente, profesional, abierto y transparente. As\u00ed como el empe\u00f1o de colocar a la Justicia en un lugar cercano a la realidad social y eficaz frente a los problemas que esta plantea.<\/p>\n<p>\u00abNecesitamos una Justicia que cuide y proteja a quienes m\u00e1s lo necesitan\u00bb, ha se\u00f1alado Catal\u00e1, quien se ha mostrado confiado en poder sacar adelante la reforma del C\u00f3digo Penal y su actual regulaci\u00f3n de la omisi\u00f3n del deber de socorro en el \u00e1mbito de la seguridad vial. Asimismo, ha animado a explorar las medidas necesarias para reforzar la lucha contra la violencia de g\u00e9nero y para ello, se ha comprometido a colaborar con el cumplimiento del Pacto de Estado suscrito por la mayor\u00eda de las fuerzas pol\u00edticas en todo lo que ata\u00f1e al Ministerio de Justicia.<\/p>\n","protected":false},"excerpt":{"rendered":"<p>El ministro de Justicia, Rafael Catal\u00e1, ha reclamado al Gobierno catal\u00e1n la vuelta a la ley y al Estado de derecho en el marco de la legalidad de la Constituci\u00f3n como \u00fanico medio para acabar con la \u00abincertidumbre, inestabilidad y miedo\u00bb que est\u00e1n afectando profundamente a la econom\u00eda de esa comunidad. Rafael Catal\u00e1 ha propuesto [&hellip;]<\/p>\n","protected":false},"author":1,"featured_media":956504,"comment_status":"closed","ping_status":"closed","sticky":false,"template":"","format":"standard","meta":{"footnotes":""},"categories":[1],"tags":[],"class_list":["post-956503","post","type-post","status-publish","format-standard","has-post-thumbnail","hentry","category-actualidad"],"aioseo_notices":[],"aioseo_head":"\n\t\t<!-- All in One SEO Pro 5.0.1 - aioseo.com -->\n\t<meta name=\"description\" content=\"El ministro de Justicia, Rafael Catal\u00e1, ha reclamado al Gobierno catal\u00e1n la vuelta a la ley y al Estado de derecho en el marco de la legalidad de la Constituci\u00f3n como \u00fanico medio para acabar con la &quot;incertidumbre, inestabilidad y miedo&quot; que est\u00e1n afectando profundamente a la econom\u00eda de esa comunidad. Rafael Catal\u00e1 ha propuesto\" \/>\n\t<meta name=\"robots\" content=\"max-image-preview:large\" \/>\n\t<meta name=\"author\" content=\"El Digital de Asturias\"\/>\n\t<meta name=\"google-site-verification\" content=\"UA-38556648-1\" \/>\n\t<meta name=\"msvalidate.01\" content=\"7dfe9f3f1b24437ab69f4f2559babe99\" \/>\n\t<meta name=\"keywords\" content=\"actualidad\" \/>\n\t<link rel=\"canonical\" href=\"https:\/\/www.eldigitaldeasturias.com\/noticias\/catala-reclama-la-vuelta-a-la-legalidad-en-cataluna\/\" \/>\n\t<meta name=\"generator\" content=\"All in One SEO Pro (AIOSEO) 5.0.1\" \/>\n\t\t<meta property=\"og:locale\" content=\"es_ES\" \/>\n\t\t<meta property=\"og:site_name\" content=\"El Digital de Asturias\" \/>\n\t\t<meta property=\"og:type\" content=\"article\" \/>\n\t\t<meta property=\"og:title\" content=\"Catal\u00e1 reclama la vuelta a la legalidad en Catalu\u00f1a - El Digital de Asturias\" \/>\n\t\t<meta property=\"og:description\" content=\"El ministro de Justicia, Rafael Catal\u00e1, ha reclamado al Gobierno catal\u00e1n la vuelta a la ley y al Estado de derecho en el marco de la legalidad de la Constituci\u00f3n como \u00fanico medio para acabar con la &quot;incertidumbre, inestabilidad y miedo&quot; que est\u00e1n afectando profundamente a la econom\u00eda de esa comunidad. Rafael Catal\u00e1 ha propuesto\" \/>\n\t\t<meta property=\"og:url\" content=\"https:\/\/www.eldigitaldeasturias.com\/noticias\/catala-reclama-la-vuelta-a-la-legalidad-en-cataluna\/\" \/>\n\t\t<meta property=\"article:tag\" content=\"actualidad\" \/>\n\t\t<meta property=\"article:published_time\" content=\"2017-10-18T00:32:52+00:00\" \/>\n\t\t<meta property=\"article:modified_time\" content=\"2017-10-18T00:32:52+00:00\" \/>\n\t\t<meta property=\"article:publisher\" content=\"https:\/\/facebook.com\/eldigitaldeasturias\" \/>\n\t\t<meta name=\"twitter:card\" content=\"summary_large_image\" \/>\n\t\t<meta name=\"twitter:title\" content=\"Catal\u00e1 reclama la vuelta a la legalidad en Catalu\u00f1a - El Digital de Asturias\" \/>\n\t\t<meta name=\"twitter:description\" content=\"El ministro de Justicia, Rafael Catal\u00e1, ha reclamado al Gobierno catal\u00e1n la vuelta a la ley y al Estado de derecho en el marco de la legalidad de la Constituci\u00f3n como \u00fanico medio para acabar con la &quot;incertidumbre, inestabilidad y miedo&quot; que est\u00e1n afectando profundamente a la econom\u00eda de esa comunidad. Rafael Catal\u00e1 ha propuesto\" \/>\n\t\t<meta name=\"twitter:image\" content=\"https:\/\/www.eldigitaldeasturias.com\/noticias\/wp-content\/uploads\/2020\/12\/EDA-1.jpg\" \/>\n\t\t<meta name=\"twitter:label1\" content=\"Escrito por\" \/>\n\t\t<meta name=\"twitter:data1\" content=\"El Digital de Asturias\" \/>\n\t\t<meta name=\"twitter:label2\" content=\"Tiempo de lectura estimado\" \/>\n\t\t<meta name=\"twitter:data2\" content=\"4 minutos\" \/>\n\t\t<script type=\"application\/ld+json\" class=\"aioseo-schema\">\n\t\t\t{\"@context\":\"https:\\\/\\\/schema.org\",\"@graph\":[{\"@type\":\"BlogPosting\",\"@id\":\"https:\\\/\\\/www.eldigitaldeasturias.com\\\/noticias\\\/catala-reclama-la-vuelta-a-la-legalidad-en-cataluna\\\/#blogposting\",\"name\":\"Catal\\u00e1 reclama la vuelta a la legalidad en Catalu\\u00f1a - El Digital de Asturias\",\"headline\":\"Catal\\u00e1 reclama la vuelta a la legalidad en Catalu\\u00f1a\",\"author\":{\"@id\":\"https:\\\/\\\/www.eldigitaldeasturias.com\\\/noticias\\\/author\\\/admin\\\/#author\"},\"publisher\":{\"@id\":\"https:\\\/\\\/www.eldigitaldeasturias.com\\\/noticias\\\/#organization\"},\"image\":{\"@type\":\"ImageObject\",\"url\":956504},\"datePublished\":\"2017-10-18T00:32:52+02:00\",\"dateModified\":\"2017-10-18T00:32:52+02:00\",\"inLanguage\":\"es-ES\",\"mainEntityOfPage\":{\"@id\":\"https:\\\/\\\/www.eldigitaldeasturias.com\\\/noticias\\\/catala-reclama-la-vuelta-a-la-legalidad-en-cataluna\\\/#webpage\"},\"isPartOf\":{\"@id\":\"https:\\\/\\\/www.eldigitaldeasturias.com\\\/noticias\\\/catala-reclama-la-vuelta-a-la-legalidad-en-cataluna\\\/#webpage\"},\"articleSection\":\"Actualidad\"},{\"@type\":\"BreadcrumbList\",\"@id\":\"https:\\\/\\\/www.eldigitaldeasturias.com\\\/noticias\\\/catala-reclama-la-vuelta-a-la-legalidad-en-cataluna\\\/#breadcrumblist\",\"itemListElement\":[{\"@type\":\"ListItem\",\"@id\":\"https:\\\/\\\/www.eldigitaldeasturias.com\\\/noticias#listItem\",\"position\":1,\"name\":\"Home\",\"item\":\"https:\\\/\\\/www.eldigitaldeasturias.com\\\/noticias\",\"nextItem\":{\"@type\":\"ListItem\",\"@id\":\"https:\\\/\\\/www.eldigitaldeasturias.com\\\/noticias\\\/category\\\/actualidad\\\/#listItem\",\"name\":\"Actualidad\"}},{\"@type\":\"ListItem\",\"@id\":\"https:\\\/\\\/www.eldigitaldeasturias.com\\\/noticias\\\/category\\\/actualidad\\\/#listItem\",\"position\":2,\"name\":\"Actualidad\",\"item\":\"https:\\\/\\\/www.eldigitaldeasturias.com\\\/noticias\\\/category\\\/actualidad\\\/\",\"nextItem\":{\"@type\":\"ListItem\",\"@id\":\"https:\\\/\\\/www.eldigitaldeasturias.com\\\/noticias\\\/catala-reclama-la-vuelta-a-la-legalidad-en-cataluna\\\/#listItem\",\"name\":\"Catal\\u00e1 reclama la vuelta a la legalidad en Catalu\\u00f1a\"},\"previousItem\":{\"@type\":\"ListItem\",\"@id\":\"https:\\\/\\\/www.eldigitaldeasturias.com\\\/noticias#listItem\",\"name\":\"Home\"}},{\"@type\":\"ListItem\",\"@id\":\"https:\\\/\\\/www.eldigitaldeasturias.com\\\/noticias\\\/catala-reclama-la-vuelta-a-la-legalidad-en-cataluna\\\/#listItem\",\"position\":3,\"name\":\"Catal\\u00e1 reclama la vuelta a la legalidad en Catalu\\u00f1a\",\"previousItem\":{\"@type\":\"ListItem\",\"@id\":\"https:\\\/\\\/www.eldigitaldeasturias.com\\\/noticias\\\/category\\\/actualidad\\\/#listItem\",\"name\":\"Actualidad\"}}]},{\"@type\":\"Organization\",\"@id\":\"https:\\\/\\\/www.eldigitaldeasturias.com\\\/noticias\\\/#organization\",\"name\":\"El Digital de Asturias\",\"description\":\"Hemeroteca\",\"url\":\"https:\\\/\\\/www.eldigitaldeasturias.com\\\/noticias\\\/\",\"email\":\"info@eldigitaldeasturias.com\",\"telephone\":\"+34652131393\",\"logo\":{\"@type\":\"ImageObject\",\"url\":\"https:\\\/\\\/www.eldigitaldeasturias.com\\\/noticias\\\/wp-content\\\/uploads\\\/2020\\\/12\\\/EDA.jpg\",\"@id\":\"https:\\\/\\\/www.eldigitaldeasturias.com\\\/noticias\\\/catala-reclama-la-vuelta-a-la-legalidad-en-cataluna\\\/#organizationLogo\"},\"image\":{\"@id\":\"https:\\\/\\\/www.eldigitaldeasturias.com\\\/noticias\\\/catala-reclama-la-vuelta-a-la-legalidad-en-cataluna\\\/#organizationLogo\"},\"sameAs\":[\"https:\\\/\\\/facebook.com\\\/eldigitaldeasturias\",\"https:\\\/\\\/www.youtube.com\\\/channel\\\/UCZP-2wLEB9Rv6erhFmqVnvg\"],\"address\":{\"@id\":\"https:\\\/\\\/www.eldigitaldeasturias.com\\\/noticias\\\/#postaladdress\",\"@type\":\"PostalAddress\",\"streetAddress\":\"san antonio 4\",\"postalCode\":\"33430\",\"addressLocality\":\"Cand\\u00e1s\",\"addressRegion\":\"Asturias\",\"addressCountry\":\"ES\"}},{\"@type\":\"Person\",\"@id\":\"https:\\\/\\\/www.eldigitaldeasturias.com\\\/noticias\\\/author\\\/admin\\\/#author\",\"url\":\"https:\\\/\\\/www.eldigitaldeasturias.com\\\/noticias\\\/author\\\/admin\\\/\",\"name\":\"El Digital de Asturias\",\"image\":{\"@type\":\"ImageObject\",\"@id\":\"https:\\\/\\\/www.eldigitaldeasturias.com\\\/noticias\\\/catala-reclama-la-vuelta-a-la-legalidad-en-cataluna\\\/#authorImage\",\"url\":\"https:\\\/\\\/secure.gravatar.com\\\/avatar\\\/df2aeffc32bcd13f8d26072ef8a91b623d677766deac7f97ca815868cd41bf5e?s=96&d=mm&r=g\",\"width\":96,\"height\":96,\"caption\":\"El Digital de Asturias\"}},{\"@type\":\"WebPage\",\"@id\":\"https:\\\/\\\/www.eldigitaldeasturias.com\\\/noticias\\\/catala-reclama-la-vuelta-a-la-legalidad-en-cataluna\\\/#webpage\",\"url\":\"https:\\\/\\\/www.eldigitaldeasturias.com\\\/noticias\\\/catala-reclama-la-vuelta-a-la-legalidad-en-cataluna\\\/\",\"name\":\"Catal\\u00e1 reclama la vuelta a la legalidad en Catalu\\u00f1a - El Digital de Asturias\",\"description\":\"El ministro de Justicia, Rafael Catal\\u00e1, ha reclamado al Gobierno catal\\u00e1n la vuelta a la ley y al Estado de derecho en el marco de la legalidad de la Constituci\\u00f3n como \\u00fanico medio para acabar con la \\\"incertidumbre, inestabilidad y miedo\\\" que est\\u00e1n afectando profundamente a la econom\\u00eda de esa comunidad. Rafael Catal\\u00e1 ha propuesto\",\"inLanguage\":\"es-ES\",\"isPartOf\":{\"@id\":\"https:\\\/\\\/www.eldigitaldeasturias.com\\\/noticias\\\/#website\"},\"breadcrumb\":{\"@id\":\"https:\\\/\\\/www.eldigitaldeasturias.com\\\/noticias\\\/catala-reclama-la-vuelta-a-la-legalidad-en-cataluna\\\/#breadcrumblist\"},\"author\":{\"@id\":\"https:\\\/\\\/www.eldigitaldeasturias.com\\\/noticias\\\/author\\\/admin\\\/#author\"},\"creator\":{\"@id\":\"https:\\\/\\\/www.eldigitaldeasturias.com\\\/noticias\\\/author\\\/admin\\\/#author\"},\"image\":{\"@type\":\"ImageObject\",\"url\":956504,\"@id\":\"https:\\\/\\\/www.eldigitaldeasturias.com\\\/noticias\\\/catala-reclama-la-vuelta-a-la-legalidad-en-cataluna\\\/#mainImage\"},\"primaryImageOfPage\":{\"@id\":\"https:\\\/\\\/www.eldigitaldeasturias.com\\\/noticias\\\/catala-reclama-la-vuelta-a-la-legalidad-en-cataluna\\\/#mainImage\"},\"datePublished\":\"2017-10-18T00:32:52+02:00\",\"dateModified\":\"2017-10-18T00:32:52+02:00\"},{\"@type\":\"WebSite\",\"@id\":\"https:\\\/\\\/www.eldigitaldeasturias.com\\\/noticias\\\/#website\",\"url\":\"https:\\\/\\\/www.eldigitaldeasturias.com\\\/noticias\\\/\",\"name\":\"El Digital de Asturias - Diario de actualidad y noticias\",\"alternateName\":\"El Digital de Asturias - Diario de actualidad y noticias\",\"description\":\"Hemeroteca\",\"inLanguage\":\"es-ES\",\"publisher\":{\"@id\":\"https:\\\/\\\/www.eldigitaldeasturias.com\\\/noticias\\\/#organization\"}}]}\n\t\t<\/script>\n\t\t<!-- All in One SEO Pro -->\r\n\t\t<title>Catal\u00e1 reclama la vuelta a la legalidad en Catalu\u00f1a - El Digital de Asturias<\/title>\n\n","aioseo_head_json":{"title":"Catal\u00e1 reclama la vuelta a la legalidad en Catalu\u00f1a - El Digital de Asturias","description":"El ministro de Justicia, Rafael Catal\u00e1, ha reclamado al Gobierno catal\u00e1n la vuelta a la ley y al Estado de derecho en el marco de la legalidad de la Constituci\u00f3n como \u00fanico medio para acabar con la \"incertidumbre, inestabilidad y miedo\" que est\u00e1n afectando profundamente a la econom\u00eda de esa comunidad. Rafael Catal\u00e1 ha propuesto","canonical_url":"https:\/\/www.eldigitaldeasturias.com\/noticias\/catala-reclama-la-vuelta-a-la-legalidad-en-cataluna\/","robots":"max-image-preview:large","keywords":"actualidad","webmasterTools":{"google-site-verification":"UA-38556648-1","msvalidate.01":"7dfe9f3f1b24437ab69f4f2559babe99","miscellaneous":""},"schema":{"@context":"https:\/\/schema.org","@graph":[{"@type":"BlogPosting","@id":"https:\/\/www.eldigitaldeasturias.com\/noticias\/catala-reclama-la-vuelta-a-la-legalidad-en-cataluna\/#blogposting","name":"Catal\u00e1 reclama la vuelta a la legalidad en Catalu\u00f1a - El Digital de Asturias","headline":"Catal\u00e1 reclama la vuelta a la legalidad en Catalu\u00f1a","author":{"@id":"https:\/\/www.eldigitaldeasturias.com\/noticias\/author\/admin\/#author"},"publisher":{"@id":"https:\/\/www.eldigitaldeasturias.com\/noticias\/#organization"},"image":{"@type":"ImageObject","url":956504},"datePublished":"2017-10-18T00:32:52+02:00","dateModified":"2017-10-18T00:32:52+02:00","inLanguage":"es-ES","mainEntityOfPage":{"@id":"https:\/\/www.eldigitaldeasturias.com\/noticias\/catala-reclama-la-vuelta-a-la-legalidad-en-cataluna\/#webpage"},"isPartOf":{"@id":"https:\/\/www.eldigitaldeasturias.com\/noticias\/catala-reclama-la-vuelta-a-la-legalidad-en-cataluna\/#webpage"},"articleSection":"Actualidad"},{"@type":"BreadcrumbList","@id":"https:\/\/www.eldigitaldeasturias.com\/noticias\/catala-reclama-la-vuelta-a-la-legalidad-en-cataluna\/#breadcrumblist","itemListElement":[{"@type":"ListItem","@id":"https:\/\/www.eldigitaldeasturias.com\/noticias#listItem","position":1,"name":"Home","item":"https:\/\/www.eldigitaldeasturias.com\/noticias","nextItem":{"@type":"ListItem","@id":"https:\/\/www.eldigitaldeasturias.com\/noticias\/category\/actualidad\/#listItem","name":"Actualidad"}},{"@type":"ListItem","@id":"https:\/\/www.eldigitaldeasturias.com\/noticias\/category\/actualidad\/#listItem","position":2,"name":"Actualidad","item":"https:\/\/www.eldigitaldeasturias.com\/noticias\/category\/actualidad\/","nextItem":{"@type":"ListItem","@id":"https:\/\/www.eldigitaldeasturias.com\/noticias\/catala-reclama-la-vuelta-a-la-legalidad-en-cataluna\/#listItem","name":"Catal\u00e1 reclama la vuelta a la legalidad en Catalu\u00f1a"},"previousItem":{"@type":"ListItem","@id":"https:\/\/www.eldigitaldeasturias.com\/noticias#listItem","name":"Home"}},{"@type":"ListItem","@id":"https:\/\/www.eldigitaldeasturias.com\/noticias\/catala-reclama-la-vuelta-a-la-legalidad-en-cataluna\/#listItem","position":3,"name":"Catal\u00e1 reclama la vuelta a la legalidad en Catalu\u00f1a","previousItem":{"@type":"ListItem","@id":"https:\/\/www.eldigitaldeasturias.com\/noticias\/category\/actualidad\/#listItem","name":"Actualidad"}}]},{"@type":"Organization","@id":"https:\/\/www.eldigitaldeasturias.com\/noticias\/#organization","name":"El Digital de Asturias","description":"Hemeroteca","url":"https:\/\/www.eldigitaldeasturias.com\/noticias\/","email":"info@eldigitaldeasturias.com","telephone":"+34652131393","logo":{"@type":"ImageObject","url":"https:\/\/www.eldigitaldeasturias.com\/noticias\/wp-content\/uploads\/2020\/12\/EDA.jpg","@id":"https:\/\/www.eldigitaldeasturias.com\/noticias\/catala-reclama-la-vuelta-a-la-legalidad-en-cataluna\/#organizationLogo"},"image":{"@id":"https:\/\/www.eldigitaldeasturias.com\/noticias\/catala-reclama-la-vuelta-a-la-legalidad-en-cataluna\/#organizationLogo"},"sameAs":["https:\/\/facebook.com\/eldigitaldeasturias","https:\/\/www.youtube.com\/channel\/UCZP-2wLEB9Rv6erhFmqVnvg"],"address":{"@id":"https:\/\/www.eldigitaldeasturias.com\/noticias\/#postaladdress","@type":"PostalAddress","streetAddress":"san antonio 4","postalCode":"33430","addressLocality":"Cand\u00e1s","addressRegion":"Asturias","addressCountry":"ES"}},{"@type":"Person","@id":"https:\/\/www.eldigitaldeasturias.com\/noticias\/author\/admin\/#author","url":"https:\/\/www.eldigitaldeasturias.com\/noticias\/author\/admin\/","name":"El Digital de Asturias","image":{"@type":"ImageObject","@id":"https:\/\/www.eldigitaldeasturias.com\/noticias\/catala-reclama-la-vuelta-a-la-legalidad-en-cataluna\/#authorImage","url":"https:\/\/secure.gravatar.com\/avatar\/df2aeffc32bcd13f8d26072ef8a91b623d677766deac7f97ca815868cd41bf5e?s=96&d=mm&r=g","width":96,"height":96,"caption":"El Digital de Asturias"}},{"@type":"WebPage","@id":"https:\/\/www.eldigitaldeasturias.com\/noticias\/catala-reclama-la-vuelta-a-la-legalidad-en-cataluna\/#webpage","url":"https:\/\/www.eldigitaldeasturias.com\/noticias\/catala-reclama-la-vuelta-a-la-legalidad-en-cataluna\/","name":"Catal\u00e1 reclama la vuelta a la legalidad en Catalu\u00f1a - El Digital de Asturias","description":"El ministro de Justicia, Rafael Catal\u00e1, ha reclamado al Gobierno catal\u00e1n la vuelta a la ley y al Estado de derecho en el marco de la legalidad de la Constituci\u00f3n como \u00fanico medio para acabar con la \"incertidumbre, inestabilidad y miedo\" que est\u00e1n afectando profundamente a la econom\u00eda de esa comunidad. Rafael Catal\u00e1 ha propuesto","inLanguage":"es-ES","isPartOf":{"@id":"https:\/\/www.eldigitaldeasturias.com\/noticias\/#website"},"breadcrumb":{"@id":"https:\/\/www.eldigitaldeasturias.com\/noticias\/catala-reclama-la-vuelta-a-la-legalidad-en-cataluna\/#breadcrumblist"},"author":{"@id":"https:\/\/www.eldigitaldeasturias.com\/noticias\/author\/admin\/#author"},"creator":{"@id":"https:\/\/www.eldigitaldeasturias.com\/noticias\/author\/admin\/#author"},"image":{"@type":"ImageObject","url":956504,"@id":"https:\/\/www.eldigitaldeasturias.com\/noticias\/catala-reclama-la-vuelta-a-la-legalidad-en-cataluna\/#mainImage"},"primaryImageOfPage":{"@id":"https:\/\/www.eldigitaldeasturias.com\/noticias\/catala-reclama-la-vuelta-a-la-legalidad-en-cataluna\/#mainImage"},"datePublished":"2017-10-18T00:32:52+02:00","dateModified":"2017-10-18T00:32:52+02:00"},{"@type":"WebSite","@id":"https:\/\/www.eldigitaldeasturias.com\/noticias\/#website","url":"https:\/\/www.eldigitaldeasturias.com\/noticias\/","name":"El Digital de Asturias - Diario de actualidad y noticias","alternateName":"El Digital de Asturias - Diario de actualidad y noticias","description":"Hemeroteca","inLanguage":"es-ES","publisher":{"@id":"https:\/\/www.eldigitaldeasturias.com\/noticias\/#organization"}}]},"og:locale":"es_ES","og:site_name":"El Digital de Asturias","og:type":"article","og:title":"Catal\u00e1 reclama la vuelta a la legalidad en Catalu\u00f1a - El Digital de Asturias","og:description":"El ministro de Justicia, Rafael Catal\u00e1, ha reclamado al Gobierno catal\u00e1n la vuelta a la ley y al Estado de derecho en el marco de la legalidad de la Constituci\u00f3n como \u00fanico medio para acabar con la &quot;incertidumbre, inestabilidad y miedo&quot; que est\u00e1n afectando profundamente a la econom\u00eda de esa comunidad. Rafael Catal\u00e1 ha propuesto","og:url":"https:\/\/www.eldigitaldeasturias.com\/noticias\/catala-reclama-la-vuelta-a-la-legalidad-en-cataluna\/","article:tag":["actualidad"],"article:published_time":"2017-10-18T00:32:52+00:00","article:modified_time":"2017-10-18T00:32:52+00:00","article:publisher":"https:\/\/facebook.com\/eldigitaldeasturias","twitter:card":"summary_large_image","twitter:title":"Catal\u00e1 reclama la vuelta a la legalidad en Catalu\u00f1a - El Digital de Asturias","twitter:description":"El ministro de Justicia, Rafael Catal\u00e1, ha reclamado al Gobierno catal\u00e1n la vuelta a la ley y al Estado de derecho en el marco de la legalidad de la Constituci\u00f3n como \u00fanico medio para acabar con la &quot;incertidumbre, inestabilidad y miedo&quot; que est\u00e1n afectando profundamente a la econom\u00eda de esa comunidad. Rafael Catal\u00e1 ha propuesto","twitter:image":"https:\/\/www.eldigitaldeasturias.com\/noticias\/wp-content\/uploads\/2020\/12\/EDA-1.jpg","twitter:label1":"Escrito por","twitter:data1":"El Digital de Asturias","twitter:label2":"Tiempo de lectura estimado","twitter:data2":"4 minutos"},"aioseo_meta_data":{"post_id":"956503","title":null,"description":null,"keywords":null,"keyphrases":null,"primary_term":null,"canonical_url":null,"og_title":null,"og_description":null,"og_object_type":"default","og_image_type":"default","og_image_url":null,"og_image_width":null,"og_image_height":null,"og_image_custom_url":null,"og_image_custom_fields":null,"og_video":null,"og_custom_url":null,"og_article_section":null,"og_article_tags":null,"twitter_use_og":false,"twitter_card":"default","twitter_image_type":"default","twitter_image_url":null,"twitter_image_custom_url":null,"twitter_image_custom_fields":null,"twitter_title":null,"twitter_description":null,"schema":{"blockGraphs":[],"customGraphs":[],"default":{"data":{"Article":[],"Course":[],"Dataset":[],"FAQPage":[],"Movie":[],"Person":[],"Product":[],"ProductReview":[],"Car":[],"Recipe":[],"Service":[],"SoftwareApplication":[],"WebPage":[]},"graphName":"","isEnabled":true},"graphs":[]},"schema_type":null,"schema_type_options":null,"pillar_content":false,"robots_default":true,"robots_noindex":false,"robots_noarchive":false,"robots_nosnippet":false,"robots_nofollow":false,"robots_noimageindex":false,"robots_noodp":false,"robots_notranslate":false,"robots_max_snippet":null,"robots_max_videopreview":null,"robots_max_imagepreview":"large","priority":null,"frequency":null,"local_seo":null,"seo_analyzer_scan_date":"2025-12-06 14:00:11","breadcrumb_settings":null,"limit_modified_date":false,"open_ai":null,"ai":null,"created":"2020-12-21 12:55:52","updated":"2025-12-06 14:00:11","focus_keyword":null,"additional_keywords":null,"truseo_locale":null},"aioseo_breadcrumb":"<div class=\"aioseo-breadcrumbs\"><span class=\"aioseo-breadcrumb\">\n\t<a href=\"https:\/\/www.eldigitaldeasturias.com\/noticias\" title=\"Home\">Home<\/a>\n<\/span><span class=\"aioseo-breadcrumb-separator\">\u2013<\/span><span class=\"aioseo-breadcrumb\">\n\t<a href=\"https:\/\/www.eldigitaldeasturias.com\/noticias\/category\/actualidad\/\" title=\"Actualidad\">Actualidad<\/a>\n<\/span><span class=\"aioseo-breadcrumb-separator\">\u2013<\/span><span class=\"aioseo-breadcrumb\">\n\t<a href=\"https:\/\/www.eldigitaldeasturias.com\/noticias\/catala-reclama-la-vuelta-a-la-legalidad-en-cataluna\/\" title=\"Catal\u00e1 reclama la vuelta a la legalidad en Catalu\u00f1a\">Catal\u00e1 reclama la vuelta a la legalidad en Catalu\u00f1a<\/a>\n<\/span><\/div>","aioseo_breadcrumb_json":[{"label":"Home","link":"https:\/\/www.eldigitaldeasturias.com\/noticias"},{"label":"Actualidad","link":"https:\/\/www.eldigitaldeasturias.com\/noticias\/category\/actualidad\/"},{"label":"Catal\u00e1 reclama la vuelta a la legalidad en Catalu\u00f1a","link":"https:\/\/www.eldigitaldeasturias.com\/noticias\/catala-reclama-la-vuelta-a-la-legalidad-en-cataluna\/"}],"_links":{"self":[{"href":"https:\/\/www.eldigitaldeasturias.com\/noticias\/wp-json\/wp\/v2\/posts\/956503","targetHints":{"allow":["GET"]}}],"collection":[{"href":"https:\/\/www.eldigitaldeasturias.com\/noticias\/wp-json\/wp\/v2\/posts"}],"about":[{"href":"https:\/\/www.eldigitaldeasturias.com\/noticias\/wp-json\/wp\/v2\/types\/post"}],"author":[{"embeddable":true,"href":"https:\/\/www.eldigitaldeasturias.com\/noticias\/wp-json\/wp\/v2\/users\/1"}],"replies":[{"embeddable":true,"href":"https:\/\/www.eldigitaldeasturias.com\/noticias\/wp-json\/wp\/v2\/comments?post=956503"}],"version-history":[{"count":0,"href":"https:\/\/www.eldigitaldeasturias.com\/noticias\/wp-json\/wp\/v2\/posts\/956503\/revisions"}],"wp:attachment":[{"href":"https:\/\/www.eldigitaldeasturias.com\/noticias\/wp-json\/wp\/v2\/media?parent=956503"}],"wp:term":[{"taxonomy":"category","embeddable":true,"href":"https:\/\/www.eldigitaldeasturias.com\/noticias\/wp-json\/wp\/v2\/categories?post=956503"},{"taxonomy":"post_tag","embeddable":true,"href":"https:\/\/www.eldigitaldeasturias.com\/noticias\/wp-json\/wp\/v2\/tags?post=956503"}],"curies":[{"name":"wp","href":"https:\/\/api.w.org\/{rel}","templated":true}]}}