{"id":956500,"date":"2017-10-18T00:31:43","date_gmt":"2017-10-18T00:31:43","guid":{"rendered":"http:\/\/www.eldigitaldeasturias.com\/noticias\/?p=956500"},"modified":"2017-10-18T00:31:43","modified_gmt":"2017-10-18T00:31:43","slug":"la-comision-europea-alaba-a-espana-por-cofinanciar-el-programa-erasmus","status":"publish","type":"post","link":"https:\/\/www.eldigitaldeasturias.com\/noticias\/la-comision-europea-alaba-a-espana-por-cofinanciar-el-programa-erasmus\/","title":{"rendered":"La Comisi\u00f3n Europea alaba a Espa\u00f1a por cofinanciar el Programa Erasmus+"},"content":{"rendered":"<p><img loading=\"lazy\" decoding=\"async\" class=\"alignleft size-medium wp-image-956501\" src=\"https:\/\/www.eldigitaldeasturias.com\/noticias\/wp-content\/uploads\/2017\/10\/171017-erasmus-360x239.jpg\" alt=\"\" width=\"360\" height=\"239\" \/>El director adjunto de la Direcci\u00f3n General de Educaci\u00f3n y Cultura de la Comisi\u00f3n Europea, Jens Nymand Christensen, ha alabado el papel de Espa\u00f1a en el Programa Erasmus+, \u00abcofinanci\u00e1ndolo y contribuyendo de esta manera a un apoyo robusto de esta iniciativa\u00bb.<\/p>\n<p>\u200bAs\u00ed lo ha dicho en Salamanca, durante la inauguraci\u00f3n de la Jornada \u00abErasmus+: 30 a\u00f1os enriqueciendo vidas, abriendo mentes\u00bb, donde ha destacado que nuestro pa\u00eds \u00abtiene pensado seguir comprometi\u00e9ndose con una mayor inversi\u00f3n de este Programa en los pr\u00f3ximos Presupuestos Generales del Estado\u00bb.<\/p>\n<p>Durante su intervenci\u00f3n, Christensen ha pedido al resto de pa\u00edses de la Uni\u00f3n Europea \u00abque sigan los pasos de Espa\u00f1a y contribuyan a mejorar este Programa\u00bb.<\/p>\n<p>\u00abTenemos que trabajar entre todos para reconocer, a\u00fan m\u00e1s, la importancia de una cooperaci\u00f3n internacional en materia educativa\u00bb, ha dicho.<\/p>\n<p><strong>El futuro est\u00e1 en una mayor integraci\u00f3n<\/strong><\/p>\n<p>El secretario de Estado de Educaci\u00f3n, Formaci\u00f3n Profesional y Universidades, Marcial Mar\u00edn, ha afirmado que el Programa Erasmus+ nos ense\u00f1a que \u00abnuestro presente y futuro est\u00e1 en una mayor integraci\u00f3n, no en separarnos\u00bb.<\/p>\n<p>As\u00ed lo ha destacado en este acto celebrado en la Universidad de Salamanca, conmemorando los 30 a\u00f1os del mayor Programa de movilidad educativa, gracias al que m\u00e1s de 9 millones de europeos han crecido conociendo el verdadero significado de la identidad europea. De todos ellos, casi un mill\u00f3n son espa\u00f1oles.<\/p>\n<p>Por ello, no ha dudado a la hora de definir el programa Erasmus+ como \u00abel buque insignia del proyecto europeo, que ha sabido dirigirse directamente a sus ra\u00edces: sus j\u00f3venes\u00bb. El secretario de Estado ha hecho hincapi\u00e9 en que este programa ha traspasado las fronteras europeas, extendi\u00e9ndose a 33 pa\u00edses europeos, y a 157 paises del resto del mundo.<\/p>\n<p>En este contexto, Marcial Mar\u00edn ha valorado la participaci\u00f3n de Espa\u00f1a, que lleva diecis\u00e9is a\u00f1os seguidos siendo el primer destino europeo en Educaci\u00f3n Superior, y que se ha convertido en uno de los pa\u00edses que m\u00e1s participantes aporta, con m\u00e1s de 64.000 en 2017. Asimismo, Espa\u00f1a ha sido el primer pa\u00eds de destino en todos los sectores educativos, con m\u00e1s de 68.000 participantes.<\/p>\n<p><strong>En 2017, m\u00e1s de 178 millones de euros a Erasmus+<\/strong><\/p>\n<p>El secretario de Estado ha incidido, adem\u00e1s en que, en 2017, el Programa ha destinado m\u00e1s de 178 millones de euros para todos los sectores educativos, una aportaci\u00f3n que, en 2018, se incrementa en 1 mill\u00f3n adicional, para la dimensi\u00f3n internacional del programa con los pa\u00edses iberoamericanos.<\/p>\n<p>El Programa Erasmus+ ha sido probablemente el instrumento que m\u00e1s ha sabido transmitir a los ciudadanos europeos el potencial de cooperaci\u00f3n entre pa\u00edses europeos: lo lejos que podemos llegar, y el gran impacto que podemos lograr, cuando los pa\u00edses europeos deciden trabajar juntos.<\/p>\n<p>Seg\u00fan Mar\u00edn, el MECD seguir\u00e1 apostando por Europa y por Erasmus+: \u00abmantendremos la cofinanciaci\u00f3n que viene aportando a este Programa, prestando una especial atenci\u00f3n a las posibilidades de cooperaci\u00f3n que el Programa brinda con Iberoam\u00e9rica\u00bb.<\/p>\n<p>Con el objetivo de reforzar el car\u00e1cter social de Erasmus+, Espa\u00f1a increment\u00f3 en 2017 sustancialmente el importe de las ayudas que reciben los estudiantes m\u00e1s desfavorecidos y en 2018 se mantiene esta prioridad aumentando hasta el m\u00e1ximo permitido las cuant\u00edas que percibir\u00e1n los estudiantes con menos recursos.<\/p>\n<p>Asimismo, el secretario de Estado ha enlazado los objetivos del programa con los del Tratado de Roma, del que se cumplen 60 a\u00f1os: la uni\u00f3n de todos los europeos, porque \u00abErasmus+ es un ejemplo de integraci\u00f3n europea y el enfoque abierto al entorno internacional\u00bb, ha subrayado.<\/p>\n<p>Por ello, ha situado en los centros educativos a los \u00abespacios clave\u00bb para comprender qu\u00e9 significa ser europeos y sembrar semillas de los valores que compartimos: respeto, apertura, esfuerzo y ciudadan\u00eda, para construir un proyecto Europeo com\u00fan.<\/p>\n","protected":false},"excerpt":{"rendered":"<p>El director adjunto de la Direcci\u00f3n General de Educaci\u00f3n y Cultura de la Comisi\u00f3n Europea, Jens Nymand Christensen, ha alabado el papel de Espa\u00f1a en el Programa Erasmus+, \u00abcofinanci\u00e1ndolo y contribuyendo de esta manera a un apoyo robusto de esta iniciativa\u00bb. \u200bAs\u00ed lo ha dicho en Salamanca, durante la inauguraci\u00f3n de la Jornada \u00abErasmus+: 30 [&hellip;]<\/p>\n","protected":false},"author":1,"featured_media":956501,"comment_status":"closed","ping_status":"closed","sticky":false,"template":"","format":"standard","meta":{"footnotes":""},"categories":[1],"tags":[],"class_list":["post-956500","post","type-post","status-publish","format-standard","has-post-thumbnail","hentry","category-actualidad"],"aioseo_notices":[],"aioseo_head":"\n\t\t<!-- All in One SEO Pro 5.0.1 - aioseo.com -->\n\t<meta name=\"description\" content=\"El director adjunto de la Direcci\u00f3n General de Educaci\u00f3n y Cultura de la Comisi\u00f3n Europea, Jens Nymand Christensen, ha alabado el papel de Espa\u00f1a en el Programa Erasmus+, &quot;cofinanci\u00e1ndolo y contribuyendo de esta manera a un apoyo robusto de esta iniciativa&quot;. \u200bAs\u00ed lo ha dicho en Salamanca, durante la inauguraci\u00f3n de la Jornada &quot;Erasmus+: 30\" \/>\n\t<meta name=\"robots\" content=\"max-image-preview:large\" \/>\n\t<meta name=\"author\" content=\"El Digital de Asturias\"\/>\n\t<meta name=\"google-site-verification\" content=\"UA-38556648-1\" \/>\n\t<meta name=\"msvalidate.01\" content=\"7dfe9f3f1b24437ab69f4f2559babe99\" \/>\n\t<meta name=\"keywords\" content=\"actualidad\" \/>\n\t<link rel=\"canonical\" href=\"https:\/\/www.eldigitaldeasturias.com\/noticias\/la-comision-europea-alaba-a-espana-por-cofinanciar-el-programa-erasmus\/\" \/>\n\t<meta name=\"generator\" content=\"All in One SEO Pro (AIOSEO) 5.0.1\" \/>\n\t\t<meta property=\"og:locale\" content=\"es_ES\" \/>\n\t\t<meta property=\"og:site_name\" content=\"El Digital de Asturias\" \/>\n\t\t<meta property=\"og:type\" content=\"article\" \/>\n\t\t<meta property=\"og:title\" content=\"La Comisi\u00f3n Europea alaba a Espa\u00f1a por cofinanciar el Programa Erasmus+ - El Digital de Asturias\" \/>\n\t\t<meta property=\"og:description\" content=\"El director adjunto de la Direcci\u00f3n General de Educaci\u00f3n y Cultura de la Comisi\u00f3n Europea, Jens Nymand Christensen, ha alabado el papel de Espa\u00f1a en el Programa Erasmus+, &quot;cofinanci\u00e1ndolo y contribuyendo de esta manera a un apoyo robusto de esta iniciativa&quot;. \u200bAs\u00ed lo ha dicho en Salamanca, durante la inauguraci\u00f3n de la Jornada &quot;Erasmus+: 30\" \/>\n\t\t<meta property=\"og:url\" content=\"https:\/\/www.eldigitaldeasturias.com\/noticias\/la-comision-europea-alaba-a-espana-por-cofinanciar-el-programa-erasmus\/\" \/>\n\t\t<meta property=\"article:tag\" content=\"actualidad\" \/>\n\t\t<meta property=\"article:published_time\" content=\"2017-10-18T00:31:43+00:00\" \/>\n\t\t<meta property=\"article:modified_time\" content=\"2017-10-18T00:31:43+00:00\" \/>\n\t\t<meta property=\"article:publisher\" content=\"https:\/\/facebook.com\/eldigitaldeasturias\" \/>\n\t\t<meta name=\"twitter:card\" content=\"summary_large_image\" \/>\n\t\t<meta name=\"twitter:title\" content=\"La Comisi\u00f3n Europea alaba a Espa\u00f1a por cofinanciar el Programa Erasmus+ - El Digital de Asturias\" \/>\n\t\t<meta name=\"twitter:description\" content=\"El director adjunto de la Direcci\u00f3n General de Educaci\u00f3n y Cultura de la Comisi\u00f3n Europea, Jens Nymand Christensen, ha alabado el papel de Espa\u00f1a en el Programa Erasmus+, &quot;cofinanci\u00e1ndolo y contribuyendo de esta manera a un apoyo robusto de esta iniciativa&quot;. \u200bAs\u00ed lo ha dicho en Salamanca, durante la inauguraci\u00f3n de la Jornada &quot;Erasmus+: 30\" \/>\n\t\t<meta name=\"twitter:image\" content=\"https:\/\/www.eldigitaldeasturias.com\/noticias\/wp-content\/uploads\/2020\/12\/EDA-1.jpg\" \/>\n\t\t<meta name=\"twitter:label1\" content=\"Escrito por\" \/>\n\t\t<meta name=\"twitter:data1\" content=\"El Digital de Asturias\" \/>\n\t\t<meta name=\"twitter:label2\" content=\"Tiempo de lectura estimado\" \/>\n\t\t<meta name=\"twitter:data2\" content=\"3 minutos\" \/>\n\t\t<script type=\"application\/ld+json\" class=\"aioseo-schema\">\n\t\t\t{\"@context\":\"https:\\\/\\\/schema.org\",\"@graph\":[{\"@type\":\"BlogPosting\",\"@id\":\"https:\\\/\\\/www.eldigitaldeasturias.com\\\/noticias\\\/la-comision-europea-alaba-a-espana-por-cofinanciar-el-programa-erasmus\\\/#blogposting\",\"name\":\"La Comisi\\u00f3n Europea alaba a Espa\\u00f1a por cofinanciar el Programa Erasmus+ - El Digital de Asturias\",\"headline\":\"La Comisi\\u00f3n Europea alaba a Espa\\u00f1a por cofinanciar el Programa Erasmus+\",\"author\":{\"@id\":\"https:\\\/\\\/www.eldigitaldeasturias.com\\\/noticias\\\/author\\\/admin\\\/#author\"},\"publisher\":{\"@id\":\"https:\\\/\\\/www.eldigitaldeasturias.com\\\/noticias\\\/#organization\"},\"image\":{\"@type\":\"ImageObject\",\"url\":956501},\"datePublished\":\"2017-10-18T00:31:43+02:00\",\"dateModified\":\"2017-10-18T00:31:43+02:00\",\"inLanguage\":\"es-ES\",\"mainEntityOfPage\":{\"@id\":\"https:\\\/\\\/www.eldigitaldeasturias.com\\\/noticias\\\/la-comision-europea-alaba-a-espana-por-cofinanciar-el-programa-erasmus\\\/#webpage\"},\"isPartOf\":{\"@id\":\"https:\\\/\\\/www.eldigitaldeasturias.com\\\/noticias\\\/la-comision-europea-alaba-a-espana-por-cofinanciar-el-programa-erasmus\\\/#webpage\"},\"articleSection\":\"Actualidad\"},{\"@type\":\"BreadcrumbList\",\"@id\":\"https:\\\/\\\/www.eldigitaldeasturias.com\\\/noticias\\\/la-comision-europea-alaba-a-espana-por-cofinanciar-el-programa-erasmus\\\/#breadcrumblist\",\"itemListElement\":[{\"@type\":\"ListItem\",\"@id\":\"https:\\\/\\\/www.eldigitaldeasturias.com\\\/noticias#listItem\",\"position\":1,\"name\":\"Home\",\"item\":\"https:\\\/\\\/www.eldigitaldeasturias.com\\\/noticias\",\"nextItem\":{\"@type\":\"ListItem\",\"@id\":\"https:\\\/\\\/www.eldigitaldeasturias.com\\\/noticias\\\/category\\\/actualidad\\\/#listItem\",\"name\":\"Actualidad\"}},{\"@type\":\"ListItem\",\"@id\":\"https:\\\/\\\/www.eldigitaldeasturias.com\\\/noticias\\\/category\\\/actualidad\\\/#listItem\",\"position\":2,\"name\":\"Actualidad\",\"item\":\"https:\\\/\\\/www.eldigitaldeasturias.com\\\/noticias\\\/category\\\/actualidad\\\/\",\"nextItem\":{\"@type\":\"ListItem\",\"@id\":\"https:\\\/\\\/www.eldigitaldeasturias.com\\\/noticias\\\/la-comision-europea-alaba-a-espana-por-cofinanciar-el-programa-erasmus\\\/#listItem\",\"name\":\"La Comisi\\u00f3n Europea alaba a Espa\\u00f1a por cofinanciar el Programa Erasmus+\"},\"previousItem\":{\"@type\":\"ListItem\",\"@id\":\"https:\\\/\\\/www.eldigitaldeasturias.com\\\/noticias#listItem\",\"name\":\"Home\"}},{\"@type\":\"ListItem\",\"@id\":\"https:\\\/\\\/www.eldigitaldeasturias.com\\\/noticias\\\/la-comision-europea-alaba-a-espana-por-cofinanciar-el-programa-erasmus\\\/#listItem\",\"position\":3,\"name\":\"La Comisi\\u00f3n Europea alaba a Espa\\u00f1a por cofinanciar el Programa Erasmus+\",\"previousItem\":{\"@type\":\"ListItem\",\"@id\":\"https:\\\/\\\/www.eldigitaldeasturias.com\\\/noticias\\\/category\\\/actualidad\\\/#listItem\",\"name\":\"Actualidad\"}}]},{\"@type\":\"Organization\",\"@id\":\"https:\\\/\\\/www.eldigitaldeasturias.com\\\/noticias\\\/#organization\",\"name\":\"El Digital de Asturias\",\"description\":\"Hemeroteca\",\"url\":\"https:\\\/\\\/www.eldigitaldeasturias.com\\\/noticias\\\/\",\"email\":\"info@eldigitaldeasturias.com\",\"telephone\":\"+34652131393\",\"logo\":{\"@type\":\"ImageObject\",\"url\":\"https:\\\/\\\/www.eldigitaldeasturias.com\\\/noticias\\\/wp-content\\\/uploads\\\/2020\\\/12\\\/EDA.jpg\",\"@id\":\"https:\\\/\\\/www.eldigitaldeasturias.com\\\/noticias\\\/la-comision-europea-alaba-a-espana-por-cofinanciar-el-programa-erasmus\\\/#organizationLogo\"},\"image\":{\"@id\":\"https:\\\/\\\/www.eldigitaldeasturias.com\\\/noticias\\\/la-comision-europea-alaba-a-espana-por-cofinanciar-el-programa-erasmus\\\/#organizationLogo\"},\"sameAs\":[\"https:\\\/\\\/facebook.com\\\/eldigitaldeasturias\",\"https:\\\/\\\/www.youtube.com\\\/channel\\\/UCZP-2wLEB9Rv6erhFmqVnvg\"],\"address\":{\"@id\":\"https:\\\/\\\/www.eldigitaldeasturias.com\\\/noticias\\\/#postaladdress\",\"@type\":\"PostalAddress\",\"streetAddress\":\"san antonio 4\",\"postalCode\":\"33430\",\"addressLocality\":\"Cand\\u00e1s\",\"addressRegion\":\"Asturias\",\"addressCountry\":\"ES\"}},{\"@type\":\"Person\",\"@id\":\"https:\\\/\\\/www.eldigitaldeasturias.com\\\/noticias\\\/author\\\/admin\\\/#author\",\"url\":\"https:\\\/\\\/www.eldigitaldeasturias.com\\\/noticias\\\/author\\\/admin\\\/\",\"name\":\"El Digital de Asturias\",\"image\":{\"@type\":\"ImageObject\",\"@id\":\"https:\\\/\\\/www.eldigitaldeasturias.com\\\/noticias\\\/la-comision-europea-alaba-a-espana-por-cofinanciar-el-programa-erasmus\\\/#authorImage\",\"url\":\"https:\\\/\\\/secure.gravatar.com\\\/avatar\\\/df2aeffc32bcd13f8d26072ef8a91b623d677766deac7f97ca815868cd41bf5e?s=96&d=mm&r=g\",\"width\":96,\"height\":96,\"caption\":\"El Digital de Asturias\"}},{\"@type\":\"WebPage\",\"@id\":\"https:\\\/\\\/www.eldigitaldeasturias.com\\\/noticias\\\/la-comision-europea-alaba-a-espana-por-cofinanciar-el-programa-erasmus\\\/#webpage\",\"url\":\"https:\\\/\\\/www.eldigitaldeasturias.com\\\/noticias\\\/la-comision-europea-alaba-a-espana-por-cofinanciar-el-programa-erasmus\\\/\",\"name\":\"La Comisi\\u00f3n Europea alaba a Espa\\u00f1a por cofinanciar el Programa Erasmus+ - El Digital de Asturias\",\"description\":\"El director adjunto de la Direcci\\u00f3n General de Educaci\\u00f3n y Cultura de la Comisi\\u00f3n Europea, Jens Nymand Christensen, ha alabado el papel de Espa\\u00f1a en el Programa Erasmus+, \\\"cofinanci\\u00e1ndolo y contribuyendo de esta manera a un apoyo robusto de esta iniciativa\\\". \\u200bAs\\u00ed lo ha dicho en Salamanca, durante la inauguraci\\u00f3n de la Jornada \\\"Erasmus+: 30\",\"inLanguage\":\"es-ES\",\"isPartOf\":{\"@id\":\"https:\\\/\\\/www.eldigitaldeasturias.com\\\/noticias\\\/#website\"},\"breadcrumb\":{\"@id\":\"https:\\\/\\\/www.eldigitaldeasturias.com\\\/noticias\\\/la-comision-europea-alaba-a-espana-por-cofinanciar-el-programa-erasmus\\\/#breadcrumblist\"},\"author\":{\"@id\":\"https:\\\/\\\/www.eldigitaldeasturias.com\\\/noticias\\\/author\\\/admin\\\/#author\"},\"creator\":{\"@id\":\"https:\\\/\\\/www.eldigitaldeasturias.com\\\/noticias\\\/author\\\/admin\\\/#author\"},\"image\":{\"@type\":\"ImageObject\",\"url\":956501,\"@id\":\"https:\\\/\\\/www.eldigitaldeasturias.com\\\/noticias\\\/la-comision-europea-alaba-a-espana-por-cofinanciar-el-programa-erasmus\\\/#mainImage\"},\"primaryImageOfPage\":{\"@id\":\"https:\\\/\\\/www.eldigitaldeasturias.com\\\/noticias\\\/la-comision-europea-alaba-a-espana-por-cofinanciar-el-programa-erasmus\\\/#mainImage\"},\"datePublished\":\"2017-10-18T00:31:43+02:00\",\"dateModified\":\"2017-10-18T00:31:43+02:00\"},{\"@type\":\"WebSite\",\"@id\":\"https:\\\/\\\/www.eldigitaldeasturias.com\\\/noticias\\\/#website\",\"url\":\"https:\\\/\\\/www.eldigitaldeasturias.com\\\/noticias\\\/\",\"name\":\"El Digital de Asturias - Diario de actualidad y noticias\",\"alternateName\":\"El Digital de Asturias - Diario de actualidad y noticias\",\"description\":\"Hemeroteca\",\"inLanguage\":\"es-ES\",\"publisher\":{\"@id\":\"https:\\\/\\\/www.eldigitaldeasturias.com\\\/noticias\\\/#organization\"}}]}\n\t\t<\/script>\n\t\t<!-- All in One SEO Pro -->\r\n\t\t<title>La Comisi\u00f3n Europea alaba a Espa\u00f1a por cofinanciar el Programa Erasmus+ - El Digital de Asturias<\/title>\n\n","aioseo_head_json":{"title":"La Comisi\u00f3n Europea alaba a Espa\u00f1a por cofinanciar el Programa Erasmus+ - El Digital de Asturias","description":"El director adjunto de la Direcci\u00f3n General de Educaci\u00f3n y Cultura de la Comisi\u00f3n Europea, Jens Nymand Christensen, ha alabado el papel de Espa\u00f1a en el Programa Erasmus+, \"cofinanci\u00e1ndolo y contribuyendo de esta manera a un apoyo robusto de esta iniciativa\". \u200bAs\u00ed lo ha dicho en Salamanca, durante la inauguraci\u00f3n de la Jornada \"Erasmus+: 30","canonical_url":"https:\/\/www.eldigitaldeasturias.com\/noticias\/la-comision-europea-alaba-a-espana-por-cofinanciar-el-programa-erasmus\/","robots":"max-image-preview:large","keywords":"actualidad","webmasterTools":{"google-site-verification":"UA-38556648-1","msvalidate.01":"7dfe9f3f1b24437ab69f4f2559babe99","miscellaneous":""},"schema":{"@context":"https:\/\/schema.org","@graph":[{"@type":"BlogPosting","@id":"https:\/\/www.eldigitaldeasturias.com\/noticias\/la-comision-europea-alaba-a-espana-por-cofinanciar-el-programa-erasmus\/#blogposting","name":"La Comisi\u00f3n Europea alaba a Espa\u00f1a por cofinanciar el Programa Erasmus+ - El Digital de Asturias","headline":"La Comisi\u00f3n Europea alaba a Espa\u00f1a por cofinanciar el Programa Erasmus+","author":{"@id":"https:\/\/www.eldigitaldeasturias.com\/noticias\/author\/admin\/#author"},"publisher":{"@id":"https:\/\/www.eldigitaldeasturias.com\/noticias\/#organization"},"image":{"@type":"ImageObject","url":956501},"datePublished":"2017-10-18T00:31:43+02:00","dateModified":"2017-10-18T00:31:43+02:00","inLanguage":"es-ES","mainEntityOfPage":{"@id":"https:\/\/www.eldigitaldeasturias.com\/noticias\/la-comision-europea-alaba-a-espana-por-cofinanciar-el-programa-erasmus\/#webpage"},"isPartOf":{"@id":"https:\/\/www.eldigitaldeasturias.com\/noticias\/la-comision-europea-alaba-a-espana-por-cofinanciar-el-programa-erasmus\/#webpage"},"articleSection":"Actualidad"},{"@type":"BreadcrumbList","@id":"https:\/\/www.eldigitaldeasturias.com\/noticias\/la-comision-europea-alaba-a-espana-por-cofinanciar-el-programa-erasmus\/#breadcrumblist","itemListElement":[{"@type":"ListItem","@id":"https:\/\/www.eldigitaldeasturias.com\/noticias#listItem","position":1,"name":"Home","item":"https:\/\/www.eldigitaldeasturias.com\/noticias","nextItem":{"@type":"ListItem","@id":"https:\/\/www.eldigitaldeasturias.com\/noticias\/category\/actualidad\/#listItem","name":"Actualidad"}},{"@type":"ListItem","@id":"https:\/\/www.eldigitaldeasturias.com\/noticias\/category\/actualidad\/#listItem","position":2,"name":"Actualidad","item":"https:\/\/www.eldigitaldeasturias.com\/noticias\/category\/actualidad\/","nextItem":{"@type":"ListItem","@id":"https:\/\/www.eldigitaldeasturias.com\/noticias\/la-comision-europea-alaba-a-espana-por-cofinanciar-el-programa-erasmus\/#listItem","name":"La Comisi\u00f3n Europea alaba a Espa\u00f1a por cofinanciar el Programa Erasmus+"},"previousItem":{"@type":"ListItem","@id":"https:\/\/www.eldigitaldeasturias.com\/noticias#listItem","name":"Home"}},{"@type":"ListItem","@id":"https:\/\/www.eldigitaldeasturias.com\/noticias\/la-comision-europea-alaba-a-espana-por-cofinanciar-el-programa-erasmus\/#listItem","position":3,"name":"La Comisi\u00f3n Europea alaba a Espa\u00f1a por cofinanciar el Programa Erasmus+","previousItem":{"@type":"ListItem","@id":"https:\/\/www.eldigitaldeasturias.com\/noticias\/category\/actualidad\/#listItem","name":"Actualidad"}}]},{"@type":"Organization","@id":"https:\/\/www.eldigitaldeasturias.com\/noticias\/#organization","name":"El Digital de Asturias","description":"Hemeroteca","url":"https:\/\/www.eldigitaldeasturias.com\/noticias\/","email":"info@eldigitaldeasturias.com","telephone":"+34652131393","logo":{"@type":"ImageObject","url":"https:\/\/www.eldigitaldeasturias.com\/noticias\/wp-content\/uploads\/2020\/12\/EDA.jpg","@id":"https:\/\/www.eldigitaldeasturias.com\/noticias\/la-comision-europea-alaba-a-espana-por-cofinanciar-el-programa-erasmus\/#organizationLogo"},"image":{"@id":"https:\/\/www.eldigitaldeasturias.com\/noticias\/la-comision-europea-alaba-a-espana-por-cofinanciar-el-programa-erasmus\/#organizationLogo"},"sameAs":["https:\/\/facebook.com\/eldigitaldeasturias","https:\/\/www.youtube.com\/channel\/UCZP-2wLEB9Rv6erhFmqVnvg"],"address":{"@id":"https:\/\/www.eldigitaldeasturias.com\/noticias\/#postaladdress","@type":"PostalAddress","streetAddress":"san antonio 4","postalCode":"33430","addressLocality":"Cand\u00e1s","addressRegion":"Asturias","addressCountry":"ES"}},{"@type":"Person","@id":"https:\/\/www.eldigitaldeasturias.com\/noticias\/author\/admin\/#author","url":"https:\/\/www.eldigitaldeasturias.com\/noticias\/author\/admin\/","name":"El Digital de Asturias","image":{"@type":"ImageObject","@id":"https:\/\/www.eldigitaldeasturias.com\/noticias\/la-comision-europea-alaba-a-espana-por-cofinanciar-el-programa-erasmus\/#authorImage","url":"https:\/\/secure.gravatar.com\/avatar\/df2aeffc32bcd13f8d26072ef8a91b623d677766deac7f97ca815868cd41bf5e?s=96&d=mm&r=g","width":96,"height":96,"caption":"El Digital de Asturias"}},{"@type":"WebPage","@id":"https:\/\/www.eldigitaldeasturias.com\/noticias\/la-comision-europea-alaba-a-espana-por-cofinanciar-el-programa-erasmus\/#webpage","url":"https:\/\/www.eldigitaldeasturias.com\/noticias\/la-comision-europea-alaba-a-espana-por-cofinanciar-el-programa-erasmus\/","name":"La Comisi\u00f3n Europea alaba a Espa\u00f1a por cofinanciar el Programa Erasmus+ - El Digital de Asturias","description":"El director adjunto de la Direcci\u00f3n General de Educaci\u00f3n y Cultura de la Comisi\u00f3n Europea, Jens Nymand Christensen, ha alabado el papel de Espa\u00f1a en el Programa Erasmus+, \"cofinanci\u00e1ndolo y contribuyendo de esta manera a un apoyo robusto de esta iniciativa\". \u200bAs\u00ed lo ha dicho en Salamanca, durante la inauguraci\u00f3n de la Jornada \"Erasmus+: 30","inLanguage":"es-ES","isPartOf":{"@id":"https:\/\/www.eldigitaldeasturias.com\/noticias\/#website"},"breadcrumb":{"@id":"https:\/\/www.eldigitaldeasturias.com\/noticias\/la-comision-europea-alaba-a-espana-por-cofinanciar-el-programa-erasmus\/#breadcrumblist"},"author":{"@id":"https:\/\/www.eldigitaldeasturias.com\/noticias\/author\/admin\/#author"},"creator":{"@id":"https:\/\/www.eldigitaldeasturias.com\/noticias\/author\/admin\/#author"},"image":{"@type":"ImageObject","url":956501,"@id":"https:\/\/www.eldigitaldeasturias.com\/noticias\/la-comision-europea-alaba-a-espana-por-cofinanciar-el-programa-erasmus\/#mainImage"},"primaryImageOfPage":{"@id":"https:\/\/www.eldigitaldeasturias.com\/noticias\/la-comision-europea-alaba-a-espana-por-cofinanciar-el-programa-erasmus\/#mainImage"},"datePublished":"2017-10-18T00:31:43+02:00","dateModified":"2017-10-18T00:31:43+02:00"},{"@type":"WebSite","@id":"https:\/\/www.eldigitaldeasturias.com\/noticias\/#website","url":"https:\/\/www.eldigitaldeasturias.com\/noticias\/","name":"El Digital de Asturias - Diario de actualidad y noticias","alternateName":"El Digital de Asturias - Diario de actualidad y noticias","description":"Hemeroteca","inLanguage":"es-ES","publisher":{"@id":"https:\/\/www.eldigitaldeasturias.com\/noticias\/#organization"}}]},"og:locale":"es_ES","og:site_name":"El Digital de Asturias","og:type":"article","og:title":"La Comisi\u00f3n Europea alaba a Espa\u00f1a por cofinanciar el Programa Erasmus+ - El Digital de Asturias","og:description":"El director adjunto de la Direcci\u00f3n General de Educaci\u00f3n y Cultura de la Comisi\u00f3n Europea, Jens Nymand Christensen, ha alabado el papel de Espa\u00f1a en el Programa Erasmus+, &quot;cofinanci\u00e1ndolo y contribuyendo de esta manera a un apoyo robusto de esta iniciativa&quot;. \u200bAs\u00ed lo ha dicho en Salamanca, durante la inauguraci\u00f3n de la Jornada &quot;Erasmus+: 30","og:url":"https:\/\/www.eldigitaldeasturias.com\/noticias\/la-comision-europea-alaba-a-espana-por-cofinanciar-el-programa-erasmus\/","article:tag":["actualidad"],"article:published_time":"2017-10-18T00:31:43+00:00","article:modified_time":"2017-10-18T00:31:43+00:00","article:publisher":"https:\/\/facebook.com\/eldigitaldeasturias","twitter:card":"summary_large_image","twitter:title":"La Comisi\u00f3n Europea alaba a Espa\u00f1a por cofinanciar el Programa Erasmus+ - El Digital de Asturias","twitter:description":"El director adjunto de la Direcci\u00f3n General de Educaci\u00f3n y Cultura de la Comisi\u00f3n Europea, Jens Nymand Christensen, ha alabado el papel de Espa\u00f1a en el Programa Erasmus+, &quot;cofinanci\u00e1ndolo y contribuyendo de esta manera a un apoyo robusto de esta iniciativa&quot;. \u200bAs\u00ed lo ha dicho en Salamanca, durante la inauguraci\u00f3n de la Jornada &quot;Erasmus+: 30","twitter:image":"https:\/\/www.eldigitaldeasturias.com\/noticias\/wp-content\/uploads\/2020\/12\/EDA-1.jpg","twitter:label1":"Escrito por","twitter:data1":"El Digital de Asturias","twitter:label2":"Tiempo de lectura estimado","twitter:data2":"3 minutos"},"aioseo_meta_data":{"post_id":"956500","title":null,"description":null,"keywords":null,"keyphrases":null,"primary_term":null,"canonical_url":null,"og_title":null,"og_description":null,"og_object_type":"default","og_image_type":"default","og_image_url":null,"og_image_width":null,"og_image_height":null,"og_image_custom_url":null,"og_image_custom_fields":null,"og_video":null,"og_custom_url":null,"og_article_section":null,"og_article_tags":null,"twitter_use_og":false,"twitter_card":"default","twitter_image_type":"default","twitter_image_url":null,"twitter_image_custom_url":null,"twitter_image_custom_fields":null,"twitter_title":null,"twitter_description":null,"schema":{"blockGraphs":[],"customGraphs":[],"default":{"data":{"Article":[],"Course":[],"Dataset":[],"FAQPage":[],"Movie":[],"Person":[],"Product":[],"ProductReview":[],"Car":[],"Recipe":[],"Service":[],"SoftwareApplication":[],"WebPage":[]},"graphName":"","isEnabled":true},"graphs":[],"defaultGraph":"","defaultPostTypeGraph":""},"schema_type":null,"schema_type_options":null,"pillar_content":false,"robots_default":true,"robots_noindex":false,"robots_noarchive":false,"robots_nosnippet":false,"robots_nofollow":false,"robots_noimageindex":false,"robots_noodp":false,"robots_notranslate":false,"robots_max_snippet":null,"robots_max_videopreview":null,"robots_max_imagepreview":"large","priority":null,"frequency":null,"local_seo":null,"seo_analyzer_scan_date":"2025-12-06 14:00:10","breadcrumb_settings":null,"limit_modified_date":false,"open_ai":null,"ai":null,"created":"2020-12-21 12:55:52","updated":"2025-12-06 14:00:10","focus_keyword":null,"additional_keywords":null,"truseo_locale":null},"aioseo_breadcrumb":"<div class=\"aioseo-breadcrumbs\"><span class=\"aioseo-breadcrumb\">\n\t<a href=\"https:\/\/www.eldigitaldeasturias.com\/noticias\" title=\"Home\">Home<\/a>\n<\/span><span class=\"aioseo-breadcrumb-separator\">\u2013<\/span><span class=\"aioseo-breadcrumb\">\n\t<a href=\"https:\/\/www.eldigitaldeasturias.com\/noticias\/category\/actualidad\/\" title=\"Actualidad\">Actualidad<\/a>\n<\/span><span class=\"aioseo-breadcrumb-separator\">\u2013<\/span><span class=\"aioseo-breadcrumb\">\n\t<a href=\"https:\/\/www.eldigitaldeasturias.com\/noticias\/la-comision-europea-alaba-a-espana-por-cofinanciar-el-programa-erasmus\/\" title=\"La Comisi\u00f3n Europea alaba a Espa\u00f1a por cofinanciar el Programa Erasmus+\">La Comisi\u00f3n Europea alaba a Espa\u00f1a por cofinanciar el Programa Erasmus+<\/a>\n<\/span><\/div>","aioseo_breadcrumb_json":[{"label":"Home","link":"https:\/\/www.eldigitaldeasturias.com\/noticias"},{"label":"Actualidad","link":"https:\/\/www.eldigitaldeasturias.com\/noticias\/category\/actualidad\/"},{"label":"La Comisi\u00f3n Europea alaba a Espa\u00f1a por cofinanciar el Programa Erasmus+","link":"https:\/\/www.eldigitaldeasturias.com\/noticias\/la-comision-europea-alaba-a-espana-por-cofinanciar-el-programa-erasmus\/"}],"_links":{"self":[{"href":"https:\/\/www.eldigitaldeasturias.com\/noticias\/wp-json\/wp\/v2\/posts\/956500","targetHints":{"allow":["GET"]}}],"collection":[{"href":"https:\/\/www.eldigitaldeasturias.com\/noticias\/wp-json\/wp\/v2\/posts"}],"about":[{"href":"https:\/\/www.eldigitaldeasturias.com\/noticias\/wp-json\/wp\/v2\/types\/post"}],"author":[{"embeddable":true,"href":"https:\/\/www.eldigitaldeasturias.com\/noticias\/wp-json\/wp\/v2\/users\/1"}],"replies":[{"embeddable":true,"href":"https:\/\/www.eldigitaldeasturias.com\/noticias\/wp-json\/wp\/v2\/comments?post=956500"}],"version-history":[{"count":0,"href":"https:\/\/www.eldigitaldeasturias.com\/noticias\/wp-json\/wp\/v2\/posts\/956500\/revisions"}],"wp:attachment":[{"href":"https:\/\/www.eldigitaldeasturias.com\/noticias\/wp-json\/wp\/v2\/media?parent=956500"}],"wp:term":[{"taxonomy":"category","embeddable":true,"href":"https:\/\/www.eldigitaldeasturias.com\/noticias\/wp-json\/wp\/v2\/categories?post=956500"},{"taxonomy":"post_tag","embeddable":true,"href":"https:\/\/www.eldigitaldeasturias.com\/noticias\/wp-json\/wp\/v2\/tags?post=956500"}],"curies":[{"name":"wp","href":"https:\/\/api.w.org\/{rel}","templated":true}]}}