{"id":956497,"date":"2017-10-18T00:28:56","date_gmt":"2017-10-18T00:28:56","guid":{"rendered":"http:\/\/www.eldigitaldeasturias.com\/noticias\/?p=956497"},"modified":"2017-10-18T00:28:56","modified_gmt":"2017-10-18T00:28:56","slug":"zoido-en-espana-nadie-esta-preso-por-pensar-de-una-forma-u-otra-sino-por-incumplir-la-ley","status":"publish","type":"post","link":"https:\/\/www.eldigitaldeasturias.com\/noticias\/zoido-en-espana-nadie-esta-preso-por-pensar-de-una-forma-u-otra-sino-por-incumplir-la-ley\/","title":{"rendered":"Zoido: \u00abEn Espa\u00f1a nadie est\u00e1 preso por pensar de una forma u otra, sino por incumplir la Ley\u00bb"},"content":{"rendered":"<p><img loading=\"lazy\" decoding=\"async\" class=\"alignleft size-medium wp-image-956498\" src=\"https:\/\/www.eldigitaldeasturias.com\/noticias\/wp-content\/uploads\/2017\/10\/171017_leyzoido-360x239.jpg\" alt=\"\" width=\"360\" height=\"239\" \/>El ministro del Interior, Juan Ignacio Zoido, ha participado en el acto de homenaje y entrega de condecoraciones a los polic\u00edas nacionales destinados en el Congreso de los Diputados, con motivo de la celebraci\u00f3n del D\u00eda de la Polic\u00eda. El acto, celebrado en el Sal\u00f3n de Pasos Perdidos, ha estado presidido por Ana Pastor, presidenta del Congreso.<\/p>\n<p>El ministro del Interior ha estado acompa\u00f1ado por el director general de la Polic\u00eda, Germ\u00e1n L\u00f3pez Iglesias, entre otras autoridades y responsables policiales.<\/p>\n<p>\u200bEn su intervenci\u00f3n, Juan Ignacio Zoido ha se\u00f1alado que durante los \u00faltimos d\u00edas \u00abbuena parte de las miradas est\u00e1n centradas en los compa\u00f1eros que est\u00e1n prestando servicio en Catalu\u00f1a, que han sido requeridos por las autoridades judiciales para preservar los derechos de los espa\u00f1oles, mantener el orden y asegurar la convivencia y la legalidad\u00bb.<\/p>\n<p>Seguidamente, ha destacado que la \u00abLey es igual para todos y debe cumplirse, igual que las decisiones judiciales deben acatarse, se compartan o no. Porque la separaci\u00f3n de poderes es uno de los pilares de la democracia. Por eso, el Gobierno se encarga de gobernar; los jueces, de aplicar las leyes y las Fuerzas y Cuerpos de Seguridad del Estado, de que \u00e9stas se cumplan. Pero hay algo evidente: en Espa\u00f1a nadie est\u00e1 preso por pensar de una forma u otra, sino por incumplir la Ley\u00bb.<\/p>\n<p>El ministro del Interior ha destacado que \u00abtodas las miradas est\u00e1n centradas en Catalu\u00f1a pero puedo afirmar sin temor a equivocarme que es como si todos los polic\u00edas estuvierais all\u00ed porque sois todos uno. Y as\u00ed pudimos comprobarlo en el Desfile de la Fiesta Nacional, cuando los compa\u00f1eros recibieron en forma de aplauso todo el cari\u00f1o, apoyo y admiraci\u00f3n que la Polic\u00eda despierta en todos los rincones de Espa\u00f1a. Y que va a seguir despertando pese a algunas lamentables escenas que hemos visto y que no vamos a consentir que se repitan\u00bb.<\/p>\n<p>Zoido ha subrayado que los agentes destacados en Catalu\u00f1a \u00abvan a continuar realizando la misi\u00f3n que le ha sido encomendada hasta que sea necesaria, hasta que la legalidad sea restaurada y todos los espa\u00f1oles, y no s\u00f3lo los que piensen de una determinada forma, tengan garantizados sus derechos y libertades\u00bb.<\/p>\n<p>En este contexto, el ministro del Interior ha resaltado que \u00abnosotros vamos a velar, con todos los medios legales que est\u00e9n a nuestro alcance, para que nadie m\u00e1s les falte al respeto ni les amenace, y tambi\u00e9n para que caiga todo el peso de la Ley sobre quien ya lo ha hecho. Porque si su misi\u00f3n es hacer su trabajo con la cercan\u00eda, profesionalidad y compromiso que todos identificamos con el uniforme que vest\u00eds, el nuestro es garantizar que puedan hacerlo as\u00ed, sin presiones, ni coacciones. Una cercan\u00eda, profesionalidad y compromiso que ejemplific\u00e1is a la perfecci\u00f3n los nueve polic\u00edas que prest\u00e1is servicio en la Comisar\u00eda especial del Congreso de los Diputados, del Defensor del Pueblo y del Tribunal de Cuentas y acab\u00e1is de ser condecorados\u00bb.<\/p>\n","protected":false},"excerpt":{"rendered":"<p>El ministro del Interior, Juan Ignacio Zoido, ha participado en el acto de homenaje y entrega de condecoraciones a los polic\u00edas nacionales destinados en el Congreso de los Diputados, con motivo de la celebraci\u00f3n del D\u00eda de la Polic\u00eda. El acto, celebrado en el Sal\u00f3n de Pasos Perdidos, ha estado presidido por Ana Pastor, presidenta [&hellip;]<\/p>\n","protected":false},"author":1,"featured_media":956498,"comment_status":"closed","ping_status":"closed","sticky":false,"template":"","format":"standard","meta":{"footnotes":""},"categories":[1],"tags":[],"class_list":["post-956497","post","type-post","status-publish","format-standard","has-post-thumbnail","hentry","category-actualidad"],"aioseo_notices":[],"aioseo_head":"\n\t\t<!-- All in One SEO Pro 5.0.1 - aioseo.com -->\n\t<meta name=\"description\" content=\"El ministro del Interior, Juan Ignacio Zoido, ha participado en el acto de homenaje y entrega de condecoraciones a los polic\u00edas nacionales destinados en el Congreso de los Diputados, con motivo de la celebraci\u00f3n del D\u00eda de la Polic\u00eda. El acto, celebrado en el Sal\u00f3n de Pasos Perdidos, ha estado presidido por Ana Pastor, presidenta\" \/>\n\t<meta name=\"robots\" content=\"max-image-preview:large\" \/>\n\t<meta name=\"author\" content=\"El Digital de Asturias\"\/>\n\t<meta name=\"google-site-verification\" content=\"UA-38556648-1\" \/>\n\t<meta name=\"msvalidate.01\" content=\"7dfe9f3f1b24437ab69f4f2559babe99\" \/>\n\t<meta name=\"keywords\" content=\"actualidad\" \/>\n\t<link rel=\"canonical\" href=\"https:\/\/www.eldigitaldeasturias.com\/noticias\/zoido-en-espana-nadie-esta-preso-por-pensar-de-una-forma-u-otra-sino-por-incumplir-la-ley\/\" \/>\n\t<meta name=\"generator\" content=\"All in One SEO Pro (AIOSEO) 5.0.1\" \/>\n\t\t<meta property=\"og:locale\" content=\"es_ES\" \/>\n\t\t<meta property=\"og:site_name\" content=\"El Digital de Asturias\" \/>\n\t\t<meta property=\"og:type\" content=\"article\" \/>\n\t\t<meta property=\"og:title\" content=\"Zoido: \u00abEn Espa\u00f1a nadie est\u00e1 preso por pensar de una forma u otra, sino por incumplir la Ley\u00bb - El Digital de Asturias\" \/>\n\t\t<meta property=\"og:description\" content=\"El ministro del Interior, Juan Ignacio Zoido, ha participado en el acto de homenaje y entrega de condecoraciones a los polic\u00edas nacionales destinados en el Congreso de los Diputados, con motivo de la celebraci\u00f3n del D\u00eda de la Polic\u00eda. El acto, celebrado en el Sal\u00f3n de Pasos Perdidos, ha estado presidido por Ana Pastor, presidenta\" \/>\n\t\t<meta property=\"og:url\" content=\"https:\/\/www.eldigitaldeasturias.com\/noticias\/zoido-en-espana-nadie-esta-preso-por-pensar-de-una-forma-u-otra-sino-por-incumplir-la-ley\/\" \/>\n\t\t<meta property=\"article:tag\" content=\"actualidad\" \/>\n\t\t<meta property=\"article:published_time\" content=\"2017-10-18T00:28:56+00:00\" \/>\n\t\t<meta property=\"article:modified_time\" content=\"2017-10-18T00:28:56+00:00\" \/>\n\t\t<meta property=\"article:publisher\" content=\"https:\/\/facebook.com\/eldigitaldeasturias\" \/>\n\t\t<meta name=\"twitter:card\" content=\"summary_large_image\" \/>\n\t\t<meta name=\"twitter:title\" content=\"Zoido: \u00abEn Espa\u00f1a nadie est\u00e1 preso por pensar de una forma u otra, sino por incumplir la Ley\u00bb - El Digital de Asturias\" \/>\n\t\t<meta name=\"twitter:description\" content=\"El ministro del Interior, Juan Ignacio Zoido, ha participado en el acto de homenaje y entrega de condecoraciones a los polic\u00edas nacionales destinados en el Congreso de los Diputados, con motivo de la celebraci\u00f3n del D\u00eda de la Polic\u00eda. El acto, celebrado en el Sal\u00f3n de Pasos Perdidos, ha estado presidido por Ana Pastor, presidenta\" \/>\n\t\t<meta name=\"twitter:image\" content=\"https:\/\/www.eldigitaldeasturias.com\/noticias\/wp-content\/uploads\/2020\/12\/EDA-1.jpg\" \/>\n\t\t<meta name=\"twitter:label1\" content=\"Escrito por\" \/>\n\t\t<meta name=\"twitter:data1\" content=\"El Digital de Asturias\" \/>\n\t\t<meta name=\"twitter:label2\" content=\"Tiempo de lectura estimado\" \/>\n\t\t<meta name=\"twitter:data2\" content=\"3 minutos\" \/>\n\t\t<script type=\"application\/ld+json\" class=\"aioseo-schema\">\n\t\t\t{\"@context\":\"https:\\\/\\\/schema.org\",\"@graph\":[{\"@type\":\"BlogPosting\",\"@id\":\"https:\\\/\\\/www.eldigitaldeasturias.com\\\/noticias\\\/zoido-en-espana-nadie-esta-preso-por-pensar-de-una-forma-u-otra-sino-por-incumplir-la-ley\\\/#blogposting\",\"name\":\"Zoido: \\u00abEn Espa\\u00f1a nadie est\\u00e1 preso por pensar de una forma u otra, sino por incumplir la Ley\\u00bb - El Digital de Asturias\",\"headline\":\"Zoido: \\u00abEn Espa\\u00f1a nadie est\\u00e1 preso por pensar de una forma u otra, sino por incumplir la Ley\\u00bb\",\"author\":{\"@id\":\"https:\\\/\\\/www.eldigitaldeasturias.com\\\/noticias\\\/author\\\/admin\\\/#author\"},\"publisher\":{\"@id\":\"https:\\\/\\\/www.eldigitaldeasturias.com\\\/noticias\\\/#organization\"},\"image\":{\"@type\":\"ImageObject\",\"url\":956498},\"datePublished\":\"2017-10-18T00:28:56+02:00\",\"dateModified\":\"2017-10-18T00:28:56+02:00\",\"inLanguage\":\"es-ES\",\"mainEntityOfPage\":{\"@id\":\"https:\\\/\\\/www.eldigitaldeasturias.com\\\/noticias\\\/zoido-en-espana-nadie-esta-preso-por-pensar-de-una-forma-u-otra-sino-por-incumplir-la-ley\\\/#webpage\"},\"isPartOf\":{\"@id\":\"https:\\\/\\\/www.eldigitaldeasturias.com\\\/noticias\\\/zoido-en-espana-nadie-esta-preso-por-pensar-de-una-forma-u-otra-sino-por-incumplir-la-ley\\\/#webpage\"},\"articleSection\":\"Actualidad\"},{\"@type\":\"BreadcrumbList\",\"@id\":\"https:\\\/\\\/www.eldigitaldeasturias.com\\\/noticias\\\/zoido-en-espana-nadie-esta-preso-por-pensar-de-una-forma-u-otra-sino-por-incumplir-la-ley\\\/#breadcrumblist\",\"itemListElement\":[{\"@type\":\"ListItem\",\"@id\":\"https:\\\/\\\/www.eldigitaldeasturias.com\\\/noticias#listItem\",\"position\":1,\"name\":\"Home\",\"item\":\"https:\\\/\\\/www.eldigitaldeasturias.com\\\/noticias\",\"nextItem\":{\"@type\":\"ListItem\",\"@id\":\"https:\\\/\\\/www.eldigitaldeasturias.com\\\/noticias\\\/category\\\/actualidad\\\/#listItem\",\"name\":\"Actualidad\"}},{\"@type\":\"ListItem\",\"@id\":\"https:\\\/\\\/www.eldigitaldeasturias.com\\\/noticias\\\/category\\\/actualidad\\\/#listItem\",\"position\":2,\"name\":\"Actualidad\",\"item\":\"https:\\\/\\\/www.eldigitaldeasturias.com\\\/noticias\\\/category\\\/actualidad\\\/\",\"nextItem\":{\"@type\":\"ListItem\",\"@id\":\"https:\\\/\\\/www.eldigitaldeasturias.com\\\/noticias\\\/zoido-en-espana-nadie-esta-preso-por-pensar-de-una-forma-u-otra-sino-por-incumplir-la-ley\\\/#listItem\",\"name\":\"Zoido: \\u00abEn Espa\\u00f1a nadie est\\u00e1 preso por pensar de una forma u otra, sino por incumplir la Ley\\u00bb\"},\"previousItem\":{\"@type\":\"ListItem\",\"@id\":\"https:\\\/\\\/www.eldigitaldeasturias.com\\\/noticias#listItem\",\"name\":\"Home\"}},{\"@type\":\"ListItem\",\"@id\":\"https:\\\/\\\/www.eldigitaldeasturias.com\\\/noticias\\\/zoido-en-espana-nadie-esta-preso-por-pensar-de-una-forma-u-otra-sino-por-incumplir-la-ley\\\/#listItem\",\"position\":3,\"name\":\"Zoido: \\u00abEn Espa\\u00f1a nadie est\\u00e1 preso por pensar de una forma u otra, sino por incumplir la Ley\\u00bb\",\"previousItem\":{\"@type\":\"ListItem\",\"@id\":\"https:\\\/\\\/www.eldigitaldeasturias.com\\\/noticias\\\/category\\\/actualidad\\\/#listItem\",\"name\":\"Actualidad\"}}]},{\"@type\":\"Organization\",\"@id\":\"https:\\\/\\\/www.eldigitaldeasturias.com\\\/noticias\\\/#organization\",\"name\":\"El Digital de Asturias\",\"description\":\"Hemeroteca\",\"url\":\"https:\\\/\\\/www.eldigitaldeasturias.com\\\/noticias\\\/\",\"email\":\"info@eldigitaldeasturias.com\",\"telephone\":\"+34652131393\",\"logo\":{\"@type\":\"ImageObject\",\"url\":\"https:\\\/\\\/www.eldigitaldeasturias.com\\\/noticias\\\/wp-content\\\/uploads\\\/2020\\\/12\\\/EDA.jpg\",\"@id\":\"https:\\\/\\\/www.eldigitaldeasturias.com\\\/noticias\\\/zoido-en-espana-nadie-esta-preso-por-pensar-de-una-forma-u-otra-sino-por-incumplir-la-ley\\\/#organizationLogo\"},\"image\":{\"@id\":\"https:\\\/\\\/www.eldigitaldeasturias.com\\\/noticias\\\/zoido-en-espana-nadie-esta-preso-por-pensar-de-una-forma-u-otra-sino-por-incumplir-la-ley\\\/#organizationLogo\"},\"sameAs\":[\"https:\\\/\\\/facebook.com\\\/eldigitaldeasturias\",\"https:\\\/\\\/www.youtube.com\\\/channel\\\/UCZP-2wLEB9Rv6erhFmqVnvg\"],\"address\":{\"@id\":\"https:\\\/\\\/www.eldigitaldeasturias.com\\\/noticias\\\/#postaladdress\",\"@type\":\"PostalAddress\",\"streetAddress\":\"san antonio 4\",\"postalCode\":\"33430\",\"addressLocality\":\"Cand\\u00e1s\",\"addressRegion\":\"Asturias\",\"addressCountry\":\"ES\"}},{\"@type\":\"Person\",\"@id\":\"https:\\\/\\\/www.eldigitaldeasturias.com\\\/noticias\\\/author\\\/admin\\\/#author\",\"url\":\"https:\\\/\\\/www.eldigitaldeasturias.com\\\/noticias\\\/author\\\/admin\\\/\",\"name\":\"El Digital de Asturias\",\"image\":{\"@type\":\"ImageObject\",\"@id\":\"https:\\\/\\\/www.eldigitaldeasturias.com\\\/noticias\\\/zoido-en-espana-nadie-esta-preso-por-pensar-de-una-forma-u-otra-sino-por-incumplir-la-ley\\\/#authorImage\",\"url\":\"https:\\\/\\\/secure.gravatar.com\\\/avatar\\\/df2aeffc32bcd13f8d26072ef8a91b623d677766deac7f97ca815868cd41bf5e?s=96&d=mm&r=g\",\"width\":96,\"height\":96,\"caption\":\"El Digital de Asturias\"}},{\"@type\":\"WebPage\",\"@id\":\"https:\\\/\\\/www.eldigitaldeasturias.com\\\/noticias\\\/zoido-en-espana-nadie-esta-preso-por-pensar-de-una-forma-u-otra-sino-por-incumplir-la-ley\\\/#webpage\",\"url\":\"https:\\\/\\\/www.eldigitaldeasturias.com\\\/noticias\\\/zoido-en-espana-nadie-esta-preso-por-pensar-de-una-forma-u-otra-sino-por-incumplir-la-ley\\\/\",\"name\":\"Zoido: \\u00abEn Espa\\u00f1a nadie est\\u00e1 preso por pensar de una forma u otra, sino por incumplir la Ley\\u00bb - El Digital de Asturias\",\"description\":\"El ministro del Interior, Juan Ignacio Zoido, ha participado en el acto de homenaje y entrega de condecoraciones a los polic\\u00edas nacionales destinados en el Congreso de los Diputados, con motivo de la celebraci\\u00f3n del D\\u00eda de la Polic\\u00eda. El acto, celebrado en el Sal\\u00f3n de Pasos Perdidos, ha estado presidido por Ana Pastor, presidenta\",\"inLanguage\":\"es-ES\",\"isPartOf\":{\"@id\":\"https:\\\/\\\/www.eldigitaldeasturias.com\\\/noticias\\\/#website\"},\"breadcrumb\":{\"@id\":\"https:\\\/\\\/www.eldigitaldeasturias.com\\\/noticias\\\/zoido-en-espana-nadie-esta-preso-por-pensar-de-una-forma-u-otra-sino-por-incumplir-la-ley\\\/#breadcrumblist\"},\"author\":{\"@id\":\"https:\\\/\\\/www.eldigitaldeasturias.com\\\/noticias\\\/author\\\/admin\\\/#author\"},\"creator\":{\"@id\":\"https:\\\/\\\/www.eldigitaldeasturias.com\\\/noticias\\\/author\\\/admin\\\/#author\"},\"image\":{\"@type\":\"ImageObject\",\"url\":956498,\"@id\":\"https:\\\/\\\/www.eldigitaldeasturias.com\\\/noticias\\\/zoido-en-espana-nadie-esta-preso-por-pensar-de-una-forma-u-otra-sino-por-incumplir-la-ley\\\/#mainImage\"},\"primaryImageOfPage\":{\"@id\":\"https:\\\/\\\/www.eldigitaldeasturias.com\\\/noticias\\\/zoido-en-espana-nadie-esta-preso-por-pensar-de-una-forma-u-otra-sino-por-incumplir-la-ley\\\/#mainImage\"},\"datePublished\":\"2017-10-18T00:28:56+02:00\",\"dateModified\":\"2017-10-18T00:28:56+02:00\"},{\"@type\":\"WebSite\",\"@id\":\"https:\\\/\\\/www.eldigitaldeasturias.com\\\/noticias\\\/#website\",\"url\":\"https:\\\/\\\/www.eldigitaldeasturias.com\\\/noticias\\\/\",\"name\":\"El Digital de Asturias - Diario de actualidad y noticias\",\"alternateName\":\"El Digital de Asturias - Diario de actualidad y noticias\",\"description\":\"Hemeroteca\",\"inLanguage\":\"es-ES\",\"publisher\":{\"@id\":\"https:\\\/\\\/www.eldigitaldeasturias.com\\\/noticias\\\/#organization\"}}]}\n\t\t<\/script>\n\t\t<!-- All in One SEO Pro -->\r\n\t\t<title>Zoido: \u00abEn Espa\u00f1a nadie est\u00e1 preso por pensar de una forma u otra, sino por incumplir la Ley\u00bb - El Digital de Asturias<\/title>\n\n","aioseo_head_json":{"title":"Zoido: \u00abEn Espa\u00f1a nadie est\u00e1 preso por pensar de una forma u otra, sino por incumplir la Ley\u00bb - El Digital de Asturias","description":"El ministro del Interior, Juan Ignacio Zoido, ha participado en el acto de homenaje y entrega de condecoraciones a los polic\u00edas nacionales destinados en el Congreso de los Diputados, con motivo de la celebraci\u00f3n del D\u00eda de la Polic\u00eda. El acto, celebrado en el Sal\u00f3n de Pasos Perdidos, ha estado presidido por Ana Pastor, presidenta","canonical_url":"https:\/\/www.eldigitaldeasturias.com\/noticias\/zoido-en-espana-nadie-esta-preso-por-pensar-de-una-forma-u-otra-sino-por-incumplir-la-ley\/","robots":"max-image-preview:large","keywords":"actualidad","webmasterTools":{"google-site-verification":"UA-38556648-1","msvalidate.01":"7dfe9f3f1b24437ab69f4f2559babe99","miscellaneous":""},"schema":{"@context":"https:\/\/schema.org","@graph":[{"@type":"BlogPosting","@id":"https:\/\/www.eldigitaldeasturias.com\/noticias\/zoido-en-espana-nadie-esta-preso-por-pensar-de-una-forma-u-otra-sino-por-incumplir-la-ley\/#blogposting","name":"Zoido: \u00abEn Espa\u00f1a nadie est\u00e1 preso por pensar de una forma u otra, sino por incumplir la Ley\u00bb - El Digital de Asturias","headline":"Zoido: \u00abEn Espa\u00f1a nadie est\u00e1 preso por pensar de una forma u otra, sino por incumplir la Ley\u00bb","author":{"@id":"https:\/\/www.eldigitaldeasturias.com\/noticias\/author\/admin\/#author"},"publisher":{"@id":"https:\/\/www.eldigitaldeasturias.com\/noticias\/#organization"},"image":{"@type":"ImageObject","url":956498},"datePublished":"2017-10-18T00:28:56+02:00","dateModified":"2017-10-18T00:28:56+02:00","inLanguage":"es-ES","mainEntityOfPage":{"@id":"https:\/\/www.eldigitaldeasturias.com\/noticias\/zoido-en-espana-nadie-esta-preso-por-pensar-de-una-forma-u-otra-sino-por-incumplir-la-ley\/#webpage"},"isPartOf":{"@id":"https:\/\/www.eldigitaldeasturias.com\/noticias\/zoido-en-espana-nadie-esta-preso-por-pensar-de-una-forma-u-otra-sino-por-incumplir-la-ley\/#webpage"},"articleSection":"Actualidad"},{"@type":"BreadcrumbList","@id":"https:\/\/www.eldigitaldeasturias.com\/noticias\/zoido-en-espana-nadie-esta-preso-por-pensar-de-una-forma-u-otra-sino-por-incumplir-la-ley\/#breadcrumblist","itemListElement":[{"@type":"ListItem","@id":"https:\/\/www.eldigitaldeasturias.com\/noticias#listItem","position":1,"name":"Home","item":"https:\/\/www.eldigitaldeasturias.com\/noticias","nextItem":{"@type":"ListItem","@id":"https:\/\/www.eldigitaldeasturias.com\/noticias\/category\/actualidad\/#listItem","name":"Actualidad"}},{"@type":"ListItem","@id":"https:\/\/www.eldigitaldeasturias.com\/noticias\/category\/actualidad\/#listItem","position":2,"name":"Actualidad","item":"https:\/\/www.eldigitaldeasturias.com\/noticias\/category\/actualidad\/","nextItem":{"@type":"ListItem","@id":"https:\/\/www.eldigitaldeasturias.com\/noticias\/zoido-en-espana-nadie-esta-preso-por-pensar-de-una-forma-u-otra-sino-por-incumplir-la-ley\/#listItem","name":"Zoido: \u00abEn Espa\u00f1a nadie est\u00e1 preso por pensar de una forma u otra, sino por incumplir la Ley\u00bb"},"previousItem":{"@type":"ListItem","@id":"https:\/\/www.eldigitaldeasturias.com\/noticias#listItem","name":"Home"}},{"@type":"ListItem","@id":"https:\/\/www.eldigitaldeasturias.com\/noticias\/zoido-en-espana-nadie-esta-preso-por-pensar-de-una-forma-u-otra-sino-por-incumplir-la-ley\/#listItem","position":3,"name":"Zoido: \u00abEn Espa\u00f1a nadie est\u00e1 preso por pensar de una forma u otra, sino por incumplir la Ley\u00bb","previousItem":{"@type":"ListItem","@id":"https:\/\/www.eldigitaldeasturias.com\/noticias\/category\/actualidad\/#listItem","name":"Actualidad"}}]},{"@type":"Organization","@id":"https:\/\/www.eldigitaldeasturias.com\/noticias\/#organization","name":"El Digital de Asturias","description":"Hemeroteca","url":"https:\/\/www.eldigitaldeasturias.com\/noticias\/","email":"info@eldigitaldeasturias.com","telephone":"+34652131393","logo":{"@type":"ImageObject","url":"https:\/\/www.eldigitaldeasturias.com\/noticias\/wp-content\/uploads\/2020\/12\/EDA.jpg","@id":"https:\/\/www.eldigitaldeasturias.com\/noticias\/zoido-en-espana-nadie-esta-preso-por-pensar-de-una-forma-u-otra-sino-por-incumplir-la-ley\/#organizationLogo"},"image":{"@id":"https:\/\/www.eldigitaldeasturias.com\/noticias\/zoido-en-espana-nadie-esta-preso-por-pensar-de-una-forma-u-otra-sino-por-incumplir-la-ley\/#organizationLogo"},"sameAs":["https:\/\/facebook.com\/eldigitaldeasturias","https:\/\/www.youtube.com\/channel\/UCZP-2wLEB9Rv6erhFmqVnvg"],"address":{"@id":"https:\/\/www.eldigitaldeasturias.com\/noticias\/#postaladdress","@type":"PostalAddress","streetAddress":"san antonio 4","postalCode":"33430","addressLocality":"Cand\u00e1s","addressRegion":"Asturias","addressCountry":"ES"}},{"@type":"Person","@id":"https:\/\/www.eldigitaldeasturias.com\/noticias\/author\/admin\/#author","url":"https:\/\/www.eldigitaldeasturias.com\/noticias\/author\/admin\/","name":"El Digital de Asturias","image":{"@type":"ImageObject","@id":"https:\/\/www.eldigitaldeasturias.com\/noticias\/zoido-en-espana-nadie-esta-preso-por-pensar-de-una-forma-u-otra-sino-por-incumplir-la-ley\/#authorImage","url":"https:\/\/secure.gravatar.com\/avatar\/df2aeffc32bcd13f8d26072ef8a91b623d677766deac7f97ca815868cd41bf5e?s=96&d=mm&r=g","width":96,"height":96,"caption":"El Digital de Asturias"}},{"@type":"WebPage","@id":"https:\/\/www.eldigitaldeasturias.com\/noticias\/zoido-en-espana-nadie-esta-preso-por-pensar-de-una-forma-u-otra-sino-por-incumplir-la-ley\/#webpage","url":"https:\/\/www.eldigitaldeasturias.com\/noticias\/zoido-en-espana-nadie-esta-preso-por-pensar-de-una-forma-u-otra-sino-por-incumplir-la-ley\/","name":"Zoido: \u00abEn Espa\u00f1a nadie est\u00e1 preso por pensar de una forma u otra, sino por incumplir la Ley\u00bb - El Digital de Asturias","description":"El ministro del Interior, Juan Ignacio Zoido, ha participado en el acto de homenaje y entrega de condecoraciones a los polic\u00edas nacionales destinados en el Congreso de los Diputados, con motivo de la celebraci\u00f3n del D\u00eda de la Polic\u00eda. El acto, celebrado en el Sal\u00f3n de Pasos Perdidos, ha estado presidido por Ana Pastor, presidenta","inLanguage":"es-ES","isPartOf":{"@id":"https:\/\/www.eldigitaldeasturias.com\/noticias\/#website"},"breadcrumb":{"@id":"https:\/\/www.eldigitaldeasturias.com\/noticias\/zoido-en-espana-nadie-esta-preso-por-pensar-de-una-forma-u-otra-sino-por-incumplir-la-ley\/#breadcrumblist"},"author":{"@id":"https:\/\/www.eldigitaldeasturias.com\/noticias\/author\/admin\/#author"},"creator":{"@id":"https:\/\/www.eldigitaldeasturias.com\/noticias\/author\/admin\/#author"},"image":{"@type":"ImageObject","url":956498,"@id":"https:\/\/www.eldigitaldeasturias.com\/noticias\/zoido-en-espana-nadie-esta-preso-por-pensar-de-una-forma-u-otra-sino-por-incumplir-la-ley\/#mainImage"},"primaryImageOfPage":{"@id":"https:\/\/www.eldigitaldeasturias.com\/noticias\/zoido-en-espana-nadie-esta-preso-por-pensar-de-una-forma-u-otra-sino-por-incumplir-la-ley\/#mainImage"},"datePublished":"2017-10-18T00:28:56+02:00","dateModified":"2017-10-18T00:28:56+02:00"},{"@type":"WebSite","@id":"https:\/\/www.eldigitaldeasturias.com\/noticias\/#website","url":"https:\/\/www.eldigitaldeasturias.com\/noticias\/","name":"El Digital de Asturias - Diario de actualidad y noticias","alternateName":"El Digital de Asturias - Diario de actualidad y noticias","description":"Hemeroteca","inLanguage":"es-ES","publisher":{"@id":"https:\/\/www.eldigitaldeasturias.com\/noticias\/#organization"}}]},"og:locale":"es_ES","og:site_name":"El Digital de Asturias","og:type":"article","og:title":"Zoido: \u00abEn Espa\u00f1a nadie est\u00e1 preso por pensar de una forma u otra, sino por incumplir la Ley\u00bb - El Digital de Asturias","og:description":"El ministro del Interior, Juan Ignacio Zoido, ha participado en el acto de homenaje y entrega de condecoraciones a los polic\u00edas nacionales destinados en el Congreso de los Diputados, con motivo de la celebraci\u00f3n del D\u00eda de la Polic\u00eda. El acto, celebrado en el Sal\u00f3n de Pasos Perdidos, ha estado presidido por Ana Pastor, presidenta","og:url":"https:\/\/www.eldigitaldeasturias.com\/noticias\/zoido-en-espana-nadie-esta-preso-por-pensar-de-una-forma-u-otra-sino-por-incumplir-la-ley\/","article:tag":["actualidad"],"article:published_time":"2017-10-18T00:28:56+00:00","article:modified_time":"2017-10-18T00:28:56+00:00","article:publisher":"https:\/\/facebook.com\/eldigitaldeasturias","twitter:card":"summary_large_image","twitter:title":"Zoido: \u00abEn Espa\u00f1a nadie est\u00e1 preso por pensar de una forma u otra, sino por incumplir la Ley\u00bb - El Digital de Asturias","twitter:description":"El ministro del Interior, Juan Ignacio Zoido, ha participado en el acto de homenaje y entrega de condecoraciones a los polic\u00edas nacionales destinados en el Congreso de los Diputados, con motivo de la celebraci\u00f3n del D\u00eda de la Polic\u00eda. El acto, celebrado en el Sal\u00f3n de Pasos Perdidos, ha estado presidido por Ana Pastor, presidenta","twitter:image":"https:\/\/www.eldigitaldeasturias.com\/noticias\/wp-content\/uploads\/2020\/12\/EDA-1.jpg","twitter:label1":"Escrito por","twitter:data1":"El Digital de Asturias","twitter:label2":"Tiempo de lectura estimado","twitter:data2":"3 minutos"},"aioseo_meta_data":{"post_id":"956497","title":null,"description":null,"keywords":null,"keyphrases":null,"primary_term":null,"canonical_url":null,"og_title":null,"og_description":null,"og_object_type":"default","og_image_type":"default","og_image_url":null,"og_image_width":null,"og_image_height":null,"og_image_custom_url":null,"og_image_custom_fields":null,"og_video":null,"og_custom_url":null,"og_article_section":null,"og_article_tags":null,"twitter_use_og":false,"twitter_card":"default","twitter_image_type":"default","twitter_image_url":null,"twitter_image_custom_url":null,"twitter_image_custom_fields":null,"twitter_title":null,"twitter_description":null,"schema":{"blockGraphs":[],"customGraphs":[],"default":{"data":{"Article":[],"Course":[],"Dataset":[],"FAQPage":[],"Movie":[],"Person":[],"Product":[],"ProductReview":[],"Car":[],"Recipe":[],"Service":[],"SoftwareApplication":[],"WebPage":[]},"graphName":"","isEnabled":true},"graphs":[],"defaultGraph":"","defaultPostTypeGraph":""},"schema_type":null,"schema_type_options":null,"pillar_content":false,"robots_default":true,"robots_noindex":false,"robots_noarchive":false,"robots_nosnippet":false,"robots_nofollow":false,"robots_noimageindex":false,"robots_noodp":false,"robots_notranslate":false,"robots_max_snippet":null,"robots_max_videopreview":null,"robots_max_imagepreview":"large","priority":null,"frequency":null,"local_seo":null,"seo_analyzer_scan_date":"2025-12-06 13:58:11","breadcrumb_settings":null,"limit_modified_date":false,"open_ai":null,"ai":null,"created":"2020-12-21 12:55:52","updated":"2025-12-06 13:58:11","focus_keyword":null,"additional_keywords":null,"truseo_locale":null},"aioseo_breadcrumb":"<div class=\"aioseo-breadcrumbs\"><span class=\"aioseo-breadcrumb\">\n\t<a href=\"https:\/\/www.eldigitaldeasturias.com\/noticias\" title=\"Home\">Home<\/a>\n<\/span><span class=\"aioseo-breadcrumb-separator\">\u2013<\/span><span class=\"aioseo-breadcrumb\">\n\t<a href=\"https:\/\/www.eldigitaldeasturias.com\/noticias\/category\/actualidad\/\" title=\"Actualidad\">Actualidad<\/a>\n<\/span><span class=\"aioseo-breadcrumb-separator\">\u2013<\/span><span class=\"aioseo-breadcrumb\">\n\t<a href=\"https:\/\/www.eldigitaldeasturias.com\/noticias\/zoido-en-espana-nadie-esta-preso-por-pensar-de-una-forma-u-otra-sino-por-incumplir-la-ley\/\" title=\"Zoido: \u00abEn Espa\u00f1a nadie est\u00e1 preso por pensar de una forma u otra, sino por incumplir la Ley\u00bb\">Zoido: \u00abEn Espa\u00f1a nadie est\u00e1 preso por pensar de una forma u otra, sino por incumplir la Ley\u00bb<\/a>\n<\/span><\/div>","aioseo_breadcrumb_json":[{"label":"Home","link":"https:\/\/www.eldigitaldeasturias.com\/noticias"},{"label":"Actualidad","link":"https:\/\/www.eldigitaldeasturias.com\/noticias\/category\/actualidad\/"},{"label":"Zoido: \u00abEn Espa\u00f1a nadie est\u00e1 preso por pensar de una forma u otra, sino por incumplir la Ley\u00bb","link":"https:\/\/www.eldigitaldeasturias.com\/noticias\/zoido-en-espana-nadie-esta-preso-por-pensar-de-una-forma-u-otra-sino-por-incumplir-la-ley\/"}],"_links":{"self":[{"href":"https:\/\/www.eldigitaldeasturias.com\/noticias\/wp-json\/wp\/v2\/posts\/956497","targetHints":{"allow":["GET"]}}],"collection":[{"href":"https:\/\/www.eldigitaldeasturias.com\/noticias\/wp-json\/wp\/v2\/posts"}],"about":[{"href":"https:\/\/www.eldigitaldeasturias.com\/noticias\/wp-json\/wp\/v2\/types\/post"}],"author":[{"embeddable":true,"href":"https:\/\/www.eldigitaldeasturias.com\/noticias\/wp-json\/wp\/v2\/users\/1"}],"replies":[{"embeddable":true,"href":"https:\/\/www.eldigitaldeasturias.com\/noticias\/wp-json\/wp\/v2\/comments?post=956497"}],"version-history":[{"count":0,"href":"https:\/\/www.eldigitaldeasturias.com\/noticias\/wp-json\/wp\/v2\/posts\/956497\/revisions"}],"wp:attachment":[{"href":"https:\/\/www.eldigitaldeasturias.com\/noticias\/wp-json\/wp\/v2\/media?parent=956497"}],"wp:term":[{"taxonomy":"category","embeddable":true,"href":"https:\/\/www.eldigitaldeasturias.com\/noticias\/wp-json\/wp\/v2\/categories?post=956497"},{"taxonomy":"post_tag","embeddable":true,"href":"https:\/\/www.eldigitaldeasturias.com\/noticias\/wp-json\/wp\/v2\/tags?post=956497"}],"curies":[{"name":"wp","href":"https:\/\/api.w.org\/{rel}","templated":true}]}}