{"id":956494,"date":"2017-10-18T00:26:06","date_gmt":"2017-10-18T00:26:06","guid":{"rendered":"http:\/\/www.eldigitaldeasturias.com\/noticias\/?p=956494"},"modified":"2017-10-18T00:26:06","modified_gmt":"2017-10-18T00:26:06","slug":"garcia-tejerina-la-sociedad-tiene-que-ser-absolutamente-intolerante-contra-los-incendiarios","status":"publish","type":"post","link":"https:\/\/www.eldigitaldeasturias.com\/noticias\/garcia-tejerina-la-sociedad-tiene-que-ser-absolutamente-intolerante-contra-los-incendiarios\/","title":{"rendered":"Garc\u00eda Tejerina: \u00abLa sociedad tiene que ser absolutamente intolerante contra los incendiarios\u00bb"},"content":{"rendered":"<p><img loading=\"lazy\" decoding=\"async\" class=\"alignleft size-medium wp-image-956495\" src=\"https:\/\/www.eldigitaldeasturias.com\/noticias\/wp-content\/uploads\/2017\/10\/171017Tejerina-360x239.jpg\" alt=\"\" width=\"360\" height=\"239\" \/>La ministra de Agricultura y Pesca, Alimentaci\u00f3n y Medio Ambiente, Isabel Garc\u00eda Tejerina, ha visitado esta ma\u00f1ana en Galicia las zonas afectadas por los incendios forestales de este fin de semana, donde se ha unido al dolor de las familias y amigos de las personas fallecidas a consecuencia del fuego.<\/p>\n<p>En declaraciones a los medios, Garc\u00eda Tejerina ha subrayado que \u00ablo que hemos vivido en Galicia este fin de semana no puede volverse a repetir\u00bb. La ministra ha puntualizado que vivimos en una sociedad muy concienciada, que se muestra intolerante con muchos delitos, y \u00abcreo que nos tenemos que hacer absolutamente intolerantes con los incendiarios, porque el da\u00f1o que han hecho es irreparable\u00bb.<\/p>\n<p>Asimismo, Garc\u00eda Tejerina ha se\u00f1alado que Espa\u00f1a tiene uno de los mejores dispositivos contra incendios a nivel mundial, \u00abpero los dispositivos est\u00e1n para apagar incendios, no est\u00e1n preparados para los incendiarios\u00bb. Seg\u00fan ha recalcado, \u00abavanzaremos mucho en la lucha contra los incendios en Espa\u00f1a el d\u00eda en que la sociedad rechace frontalmente a los incendiarios\u00bb.<\/p>\n<p>Para que esto no vuelva a suceder, la ministra ha pedido la colaboraci\u00f3n de todos los ciudadanos, para evitar las negligencias y los descuidos, \u00abpero tambi\u00e9n es muy importante su ayuda para que no queden impunes aquellas personas que tanto da\u00f1o han causado\u00bb.<\/p>\n<p>En este contexto, Garc\u00eda Tejerina ha recordado que en la pasada Legislatura se reforzaron las leyes para endurecer las penas contra los incendiarios, que \u00abson conscientes de lo que hacen\u00bb. No es casualidad que m\u00e1s de la tercera parte de los incendios ocurridos en Galicia en los \u00faltimos d\u00edas se producen en unas horas en las que son muy dif\u00edciles las labores de extinci\u00f3n. Por lo tanto, la ministra ha insistido en la necesidad de contar con la colaboraci\u00f3n ciudadana, y lograr \u00abuna intolerancia total en contra de los incendiarios\u00bb.<\/p>\n<p>Seg\u00fan ha reiterado, contamos con un dispositivo prorrogado, tanto desde la Xunta como del Ministerio, que ha triplicado la capacidad de descarga de agua en estas fechas. \u00abPero estamos preparados para extinguir incendios, y otra cosa es tener un dispositivo para combatir a gente que sabe c\u00f3mo, de qu\u00e9 manera y en qu\u00e9 momento actuar para causar da\u00f1os irreparables\u00bb.<\/p>\n<p>Por otra parte, Garc\u00eda Tejerina ha asegurado que no hay ninguna motivaci\u00f3n econ\u00f3mica detr\u00e1s de los incendios, porque \u00abno hay incendios para recalificaciones ni recalificaciones por incendios\u00bb. En la actualidad, el mercado de la madera est\u00e1 muy controlado, con una trazabilidad a nivel europeo para evitar la venta de madera ilegal. Por lo tanto, \u00abcometer\u00edamos un error si pensamos que hay intereses econ\u00f3micos detr\u00e1s de los incendios\u00bb.<\/p>\n","protected":false},"excerpt":{"rendered":"<p>La ministra de Agricultura y Pesca, Alimentaci\u00f3n y Medio Ambiente, Isabel Garc\u00eda Tejerina, ha visitado esta ma\u00f1ana en Galicia las zonas afectadas por los incendios forestales de este fin de semana, donde se ha unido al dolor de las familias y amigos de las personas fallecidas a consecuencia del fuego. En declaraciones a los medios, [&hellip;]<\/p>\n","protected":false},"author":1,"featured_media":956495,"comment_status":"closed","ping_status":"closed","sticky":false,"template":"","format":"standard","meta":{"footnotes":""},"categories":[1],"tags":[],"class_list":["post-956494","post","type-post","status-publish","format-standard","has-post-thumbnail","hentry","category-actualidad"],"aioseo_notices":[],"aioseo_head":"\n\t\t<!-- All in One SEO Pro 5.0.1 - aioseo.com -->\n\t<meta name=\"description\" content=\"La ministra de Agricultura y Pesca, Alimentaci\u00f3n y Medio Ambiente, Isabel Garc\u00eda Tejerina, ha visitado esta ma\u00f1ana en Galicia las zonas afectadas por los incendios forestales de este fin de semana, donde se ha unido al dolor de las familias y amigos de las personas fallecidas a consecuencia del fuego. En declaraciones a los medios,\" \/>\n\t<meta name=\"robots\" content=\"max-image-preview:large\" \/>\n\t<meta name=\"author\" content=\"El Digital de Asturias\"\/>\n\t<meta name=\"google-site-verification\" content=\"UA-38556648-1\" \/>\n\t<meta name=\"msvalidate.01\" content=\"7dfe9f3f1b24437ab69f4f2559babe99\" \/>\n\t<meta name=\"keywords\" content=\"actualidad\" \/>\n\t<link rel=\"canonical\" href=\"https:\/\/www.eldigitaldeasturias.com\/noticias\/garcia-tejerina-la-sociedad-tiene-que-ser-absolutamente-intolerante-contra-los-incendiarios\/\" \/>\n\t<meta name=\"generator\" content=\"All in One SEO Pro (AIOSEO) 5.0.1\" \/>\n\t\t<meta property=\"og:locale\" content=\"es_ES\" \/>\n\t\t<meta property=\"og:site_name\" content=\"El Digital de Asturias\" \/>\n\t\t<meta property=\"og:type\" content=\"article\" \/>\n\t\t<meta property=\"og:title\" content=\"Garc\u00eda Tejerina: \u00abLa sociedad tiene que ser absolutamente intolerante contra los incendiarios\u00bb - El Digital de Asturias\" \/>\n\t\t<meta property=\"og:description\" content=\"La ministra de Agricultura y Pesca, Alimentaci\u00f3n y Medio Ambiente, Isabel Garc\u00eda Tejerina, ha visitado esta ma\u00f1ana en Galicia las zonas afectadas por los incendios forestales de este fin de semana, donde se ha unido al dolor de las familias y amigos de las personas fallecidas a consecuencia del fuego. En declaraciones a los medios,\" \/>\n\t\t<meta property=\"og:url\" content=\"https:\/\/www.eldigitaldeasturias.com\/noticias\/garcia-tejerina-la-sociedad-tiene-que-ser-absolutamente-intolerante-contra-los-incendiarios\/\" \/>\n\t\t<meta property=\"article:tag\" content=\"actualidad\" \/>\n\t\t<meta property=\"article:published_time\" content=\"2017-10-18T00:26:06+00:00\" \/>\n\t\t<meta property=\"article:modified_time\" content=\"2017-10-18T00:26:06+00:00\" \/>\n\t\t<meta property=\"article:publisher\" content=\"https:\/\/facebook.com\/eldigitaldeasturias\" \/>\n\t\t<meta name=\"twitter:card\" content=\"summary_large_image\" \/>\n\t\t<meta name=\"twitter:title\" content=\"Garc\u00eda Tejerina: \u00abLa sociedad tiene que ser absolutamente intolerante contra los incendiarios\u00bb - El Digital de Asturias\" \/>\n\t\t<meta name=\"twitter:description\" content=\"La ministra de Agricultura y Pesca, Alimentaci\u00f3n y Medio Ambiente, Isabel Garc\u00eda Tejerina, ha visitado esta ma\u00f1ana en Galicia las zonas afectadas por los incendios forestales de este fin de semana, donde se ha unido al dolor de las familias y amigos de las personas fallecidas a consecuencia del fuego. En declaraciones a los medios,\" \/>\n\t\t<meta name=\"twitter:image\" content=\"https:\/\/www.eldigitaldeasturias.com\/noticias\/wp-content\/uploads\/2020\/12\/EDA-1.jpg\" \/>\n\t\t<meta name=\"twitter:label1\" content=\"Escrito por\" \/>\n\t\t<meta name=\"twitter:data1\" content=\"El Digital de Asturias\" \/>\n\t\t<meta name=\"twitter:label2\" content=\"Tiempo de lectura estimado\" \/>\n\t\t<meta name=\"twitter:data2\" content=\"2 minutos\" \/>\n\t\t<script type=\"application\/ld+json\" class=\"aioseo-schema\">\n\t\t\t{\"@context\":\"https:\\\/\\\/schema.org\",\"@graph\":[{\"@type\":\"BlogPosting\",\"@id\":\"https:\\\/\\\/www.eldigitaldeasturias.com\\\/noticias\\\/garcia-tejerina-la-sociedad-tiene-que-ser-absolutamente-intolerante-contra-los-incendiarios\\\/#blogposting\",\"name\":\"Garc\\u00eda Tejerina: \\u00abLa sociedad tiene que ser absolutamente intolerante contra los incendiarios\\u00bb - El Digital de Asturias\",\"headline\":\"Garc\\u00eda Tejerina: \\u00abLa sociedad tiene que ser absolutamente intolerante contra los incendiarios\\u00bb\",\"author\":{\"@id\":\"https:\\\/\\\/www.eldigitaldeasturias.com\\\/noticias\\\/author\\\/admin\\\/#author\"},\"publisher\":{\"@id\":\"https:\\\/\\\/www.eldigitaldeasturias.com\\\/noticias\\\/#organization\"},\"image\":{\"@type\":\"ImageObject\",\"url\":956495},\"datePublished\":\"2017-10-18T00:26:06+02:00\",\"dateModified\":\"2017-10-18T00:26:06+02:00\",\"inLanguage\":\"es-ES\",\"mainEntityOfPage\":{\"@id\":\"https:\\\/\\\/www.eldigitaldeasturias.com\\\/noticias\\\/garcia-tejerina-la-sociedad-tiene-que-ser-absolutamente-intolerante-contra-los-incendiarios\\\/#webpage\"},\"isPartOf\":{\"@id\":\"https:\\\/\\\/www.eldigitaldeasturias.com\\\/noticias\\\/garcia-tejerina-la-sociedad-tiene-que-ser-absolutamente-intolerante-contra-los-incendiarios\\\/#webpage\"},\"articleSection\":\"Actualidad\"},{\"@type\":\"BreadcrumbList\",\"@id\":\"https:\\\/\\\/www.eldigitaldeasturias.com\\\/noticias\\\/garcia-tejerina-la-sociedad-tiene-que-ser-absolutamente-intolerante-contra-los-incendiarios\\\/#breadcrumblist\",\"itemListElement\":[{\"@type\":\"ListItem\",\"@id\":\"https:\\\/\\\/www.eldigitaldeasturias.com\\\/noticias#listItem\",\"position\":1,\"name\":\"Home\",\"item\":\"https:\\\/\\\/www.eldigitaldeasturias.com\\\/noticias\",\"nextItem\":{\"@type\":\"ListItem\",\"@id\":\"https:\\\/\\\/www.eldigitaldeasturias.com\\\/noticias\\\/category\\\/actualidad\\\/#listItem\",\"name\":\"Actualidad\"}},{\"@type\":\"ListItem\",\"@id\":\"https:\\\/\\\/www.eldigitaldeasturias.com\\\/noticias\\\/category\\\/actualidad\\\/#listItem\",\"position\":2,\"name\":\"Actualidad\",\"item\":\"https:\\\/\\\/www.eldigitaldeasturias.com\\\/noticias\\\/category\\\/actualidad\\\/\",\"nextItem\":{\"@type\":\"ListItem\",\"@id\":\"https:\\\/\\\/www.eldigitaldeasturias.com\\\/noticias\\\/garcia-tejerina-la-sociedad-tiene-que-ser-absolutamente-intolerante-contra-los-incendiarios\\\/#listItem\",\"name\":\"Garc\\u00eda Tejerina: \\u00abLa sociedad tiene que ser absolutamente intolerante contra los incendiarios\\u00bb\"},\"previousItem\":{\"@type\":\"ListItem\",\"@id\":\"https:\\\/\\\/www.eldigitaldeasturias.com\\\/noticias#listItem\",\"name\":\"Home\"}},{\"@type\":\"ListItem\",\"@id\":\"https:\\\/\\\/www.eldigitaldeasturias.com\\\/noticias\\\/garcia-tejerina-la-sociedad-tiene-que-ser-absolutamente-intolerante-contra-los-incendiarios\\\/#listItem\",\"position\":3,\"name\":\"Garc\\u00eda Tejerina: \\u00abLa sociedad tiene que ser absolutamente intolerante contra los incendiarios\\u00bb\",\"previousItem\":{\"@type\":\"ListItem\",\"@id\":\"https:\\\/\\\/www.eldigitaldeasturias.com\\\/noticias\\\/category\\\/actualidad\\\/#listItem\",\"name\":\"Actualidad\"}}]},{\"@type\":\"Organization\",\"@id\":\"https:\\\/\\\/www.eldigitaldeasturias.com\\\/noticias\\\/#organization\",\"name\":\"El Digital de Asturias\",\"description\":\"Hemeroteca\",\"url\":\"https:\\\/\\\/www.eldigitaldeasturias.com\\\/noticias\\\/\",\"email\":\"info@eldigitaldeasturias.com\",\"telephone\":\"+34652131393\",\"logo\":{\"@type\":\"ImageObject\",\"url\":\"https:\\\/\\\/www.eldigitaldeasturias.com\\\/noticias\\\/wp-content\\\/uploads\\\/2020\\\/12\\\/EDA.jpg\",\"@id\":\"https:\\\/\\\/www.eldigitaldeasturias.com\\\/noticias\\\/garcia-tejerina-la-sociedad-tiene-que-ser-absolutamente-intolerante-contra-los-incendiarios\\\/#organizationLogo\"},\"image\":{\"@id\":\"https:\\\/\\\/www.eldigitaldeasturias.com\\\/noticias\\\/garcia-tejerina-la-sociedad-tiene-que-ser-absolutamente-intolerante-contra-los-incendiarios\\\/#organizationLogo\"},\"sameAs\":[\"https:\\\/\\\/facebook.com\\\/eldigitaldeasturias\",\"https:\\\/\\\/www.youtube.com\\\/channel\\\/UCZP-2wLEB9Rv6erhFmqVnvg\"],\"address\":{\"@id\":\"https:\\\/\\\/www.eldigitaldeasturias.com\\\/noticias\\\/#postaladdress\",\"@type\":\"PostalAddress\",\"streetAddress\":\"san antonio 4\",\"postalCode\":\"33430\",\"addressLocality\":\"Cand\\u00e1s\",\"addressRegion\":\"Asturias\",\"addressCountry\":\"ES\"}},{\"@type\":\"Person\",\"@id\":\"https:\\\/\\\/www.eldigitaldeasturias.com\\\/noticias\\\/author\\\/admin\\\/#author\",\"url\":\"https:\\\/\\\/www.eldigitaldeasturias.com\\\/noticias\\\/author\\\/admin\\\/\",\"name\":\"El Digital de Asturias\",\"image\":{\"@type\":\"ImageObject\",\"@id\":\"https:\\\/\\\/www.eldigitaldeasturias.com\\\/noticias\\\/garcia-tejerina-la-sociedad-tiene-que-ser-absolutamente-intolerante-contra-los-incendiarios\\\/#authorImage\",\"url\":\"https:\\\/\\\/secure.gravatar.com\\\/avatar\\\/df2aeffc32bcd13f8d26072ef8a91b623d677766deac7f97ca815868cd41bf5e?s=96&d=mm&r=g\",\"width\":96,\"height\":96,\"caption\":\"El Digital de Asturias\"}},{\"@type\":\"WebPage\",\"@id\":\"https:\\\/\\\/www.eldigitaldeasturias.com\\\/noticias\\\/garcia-tejerina-la-sociedad-tiene-que-ser-absolutamente-intolerante-contra-los-incendiarios\\\/#webpage\",\"url\":\"https:\\\/\\\/www.eldigitaldeasturias.com\\\/noticias\\\/garcia-tejerina-la-sociedad-tiene-que-ser-absolutamente-intolerante-contra-los-incendiarios\\\/\",\"name\":\"Garc\\u00eda Tejerina: \\u00abLa sociedad tiene que ser absolutamente intolerante contra los incendiarios\\u00bb - El Digital de Asturias\",\"description\":\"La ministra de Agricultura y Pesca, Alimentaci\\u00f3n y Medio Ambiente, Isabel Garc\\u00eda Tejerina, ha visitado esta ma\\u00f1ana en Galicia las zonas afectadas por los incendios forestales de este fin de semana, donde se ha unido al dolor de las familias y amigos de las personas fallecidas a consecuencia del fuego. En declaraciones a los medios,\",\"inLanguage\":\"es-ES\",\"isPartOf\":{\"@id\":\"https:\\\/\\\/www.eldigitaldeasturias.com\\\/noticias\\\/#website\"},\"breadcrumb\":{\"@id\":\"https:\\\/\\\/www.eldigitaldeasturias.com\\\/noticias\\\/garcia-tejerina-la-sociedad-tiene-que-ser-absolutamente-intolerante-contra-los-incendiarios\\\/#breadcrumblist\"},\"author\":{\"@id\":\"https:\\\/\\\/www.eldigitaldeasturias.com\\\/noticias\\\/author\\\/admin\\\/#author\"},\"creator\":{\"@id\":\"https:\\\/\\\/www.eldigitaldeasturias.com\\\/noticias\\\/author\\\/admin\\\/#author\"},\"image\":{\"@type\":\"ImageObject\",\"url\":956495,\"@id\":\"https:\\\/\\\/www.eldigitaldeasturias.com\\\/noticias\\\/garcia-tejerina-la-sociedad-tiene-que-ser-absolutamente-intolerante-contra-los-incendiarios\\\/#mainImage\"},\"primaryImageOfPage\":{\"@id\":\"https:\\\/\\\/www.eldigitaldeasturias.com\\\/noticias\\\/garcia-tejerina-la-sociedad-tiene-que-ser-absolutamente-intolerante-contra-los-incendiarios\\\/#mainImage\"},\"datePublished\":\"2017-10-18T00:26:06+02:00\",\"dateModified\":\"2017-10-18T00:26:06+02:00\"},{\"@type\":\"WebSite\",\"@id\":\"https:\\\/\\\/www.eldigitaldeasturias.com\\\/noticias\\\/#website\",\"url\":\"https:\\\/\\\/www.eldigitaldeasturias.com\\\/noticias\\\/\",\"name\":\"El Digital de Asturias - Diario de actualidad y noticias\",\"alternateName\":\"El Digital de Asturias - Diario de actualidad y noticias\",\"description\":\"Hemeroteca\",\"inLanguage\":\"es-ES\",\"publisher\":{\"@id\":\"https:\\\/\\\/www.eldigitaldeasturias.com\\\/noticias\\\/#organization\"}}]}\n\t\t<\/script>\n\t\t<!-- All in One SEO Pro -->\r\n\t\t<title>Garc\u00eda Tejerina: \u00abLa sociedad tiene que ser absolutamente intolerante contra los incendiarios\u00bb - El Digital de Asturias<\/title>\n\n","aioseo_head_json":{"title":"Garc\u00eda Tejerina: \u00abLa sociedad tiene que ser absolutamente intolerante contra los incendiarios\u00bb - El Digital de Asturias","description":"La ministra de Agricultura y Pesca, Alimentaci\u00f3n y Medio Ambiente, Isabel Garc\u00eda Tejerina, ha visitado esta ma\u00f1ana en Galicia las zonas afectadas por los incendios forestales de este fin de semana, donde se ha unido al dolor de las familias y amigos de las personas fallecidas a consecuencia del fuego. En declaraciones a los medios,","canonical_url":"https:\/\/www.eldigitaldeasturias.com\/noticias\/garcia-tejerina-la-sociedad-tiene-que-ser-absolutamente-intolerante-contra-los-incendiarios\/","robots":"max-image-preview:large","keywords":"actualidad","webmasterTools":{"google-site-verification":"UA-38556648-1","msvalidate.01":"7dfe9f3f1b24437ab69f4f2559babe99","miscellaneous":""},"schema":{"@context":"https:\/\/schema.org","@graph":[{"@type":"BlogPosting","@id":"https:\/\/www.eldigitaldeasturias.com\/noticias\/garcia-tejerina-la-sociedad-tiene-que-ser-absolutamente-intolerante-contra-los-incendiarios\/#blogposting","name":"Garc\u00eda Tejerina: \u00abLa sociedad tiene que ser absolutamente intolerante contra los incendiarios\u00bb - El Digital de Asturias","headline":"Garc\u00eda Tejerina: \u00abLa sociedad tiene que ser absolutamente intolerante contra los incendiarios\u00bb","author":{"@id":"https:\/\/www.eldigitaldeasturias.com\/noticias\/author\/admin\/#author"},"publisher":{"@id":"https:\/\/www.eldigitaldeasturias.com\/noticias\/#organization"},"image":{"@type":"ImageObject","url":956495},"datePublished":"2017-10-18T00:26:06+02:00","dateModified":"2017-10-18T00:26:06+02:00","inLanguage":"es-ES","mainEntityOfPage":{"@id":"https:\/\/www.eldigitaldeasturias.com\/noticias\/garcia-tejerina-la-sociedad-tiene-que-ser-absolutamente-intolerante-contra-los-incendiarios\/#webpage"},"isPartOf":{"@id":"https:\/\/www.eldigitaldeasturias.com\/noticias\/garcia-tejerina-la-sociedad-tiene-que-ser-absolutamente-intolerante-contra-los-incendiarios\/#webpage"},"articleSection":"Actualidad"},{"@type":"BreadcrumbList","@id":"https:\/\/www.eldigitaldeasturias.com\/noticias\/garcia-tejerina-la-sociedad-tiene-que-ser-absolutamente-intolerante-contra-los-incendiarios\/#breadcrumblist","itemListElement":[{"@type":"ListItem","@id":"https:\/\/www.eldigitaldeasturias.com\/noticias#listItem","position":1,"name":"Home","item":"https:\/\/www.eldigitaldeasturias.com\/noticias","nextItem":{"@type":"ListItem","@id":"https:\/\/www.eldigitaldeasturias.com\/noticias\/category\/actualidad\/#listItem","name":"Actualidad"}},{"@type":"ListItem","@id":"https:\/\/www.eldigitaldeasturias.com\/noticias\/category\/actualidad\/#listItem","position":2,"name":"Actualidad","item":"https:\/\/www.eldigitaldeasturias.com\/noticias\/category\/actualidad\/","nextItem":{"@type":"ListItem","@id":"https:\/\/www.eldigitaldeasturias.com\/noticias\/garcia-tejerina-la-sociedad-tiene-que-ser-absolutamente-intolerante-contra-los-incendiarios\/#listItem","name":"Garc\u00eda Tejerina: \u00abLa sociedad tiene que ser absolutamente intolerante contra los incendiarios\u00bb"},"previousItem":{"@type":"ListItem","@id":"https:\/\/www.eldigitaldeasturias.com\/noticias#listItem","name":"Home"}},{"@type":"ListItem","@id":"https:\/\/www.eldigitaldeasturias.com\/noticias\/garcia-tejerina-la-sociedad-tiene-que-ser-absolutamente-intolerante-contra-los-incendiarios\/#listItem","position":3,"name":"Garc\u00eda Tejerina: \u00abLa sociedad tiene que ser absolutamente intolerante contra los incendiarios\u00bb","previousItem":{"@type":"ListItem","@id":"https:\/\/www.eldigitaldeasturias.com\/noticias\/category\/actualidad\/#listItem","name":"Actualidad"}}]},{"@type":"Organization","@id":"https:\/\/www.eldigitaldeasturias.com\/noticias\/#organization","name":"El Digital de Asturias","description":"Hemeroteca","url":"https:\/\/www.eldigitaldeasturias.com\/noticias\/","email":"info@eldigitaldeasturias.com","telephone":"+34652131393","logo":{"@type":"ImageObject","url":"https:\/\/www.eldigitaldeasturias.com\/noticias\/wp-content\/uploads\/2020\/12\/EDA.jpg","@id":"https:\/\/www.eldigitaldeasturias.com\/noticias\/garcia-tejerina-la-sociedad-tiene-que-ser-absolutamente-intolerante-contra-los-incendiarios\/#organizationLogo"},"image":{"@id":"https:\/\/www.eldigitaldeasturias.com\/noticias\/garcia-tejerina-la-sociedad-tiene-que-ser-absolutamente-intolerante-contra-los-incendiarios\/#organizationLogo"},"sameAs":["https:\/\/facebook.com\/eldigitaldeasturias","https:\/\/www.youtube.com\/channel\/UCZP-2wLEB9Rv6erhFmqVnvg"],"address":{"@id":"https:\/\/www.eldigitaldeasturias.com\/noticias\/#postaladdress","@type":"PostalAddress","streetAddress":"san antonio 4","postalCode":"33430","addressLocality":"Cand\u00e1s","addressRegion":"Asturias","addressCountry":"ES"}},{"@type":"Person","@id":"https:\/\/www.eldigitaldeasturias.com\/noticias\/author\/admin\/#author","url":"https:\/\/www.eldigitaldeasturias.com\/noticias\/author\/admin\/","name":"El Digital de Asturias","image":{"@type":"ImageObject","@id":"https:\/\/www.eldigitaldeasturias.com\/noticias\/garcia-tejerina-la-sociedad-tiene-que-ser-absolutamente-intolerante-contra-los-incendiarios\/#authorImage","url":"https:\/\/secure.gravatar.com\/avatar\/df2aeffc32bcd13f8d26072ef8a91b623d677766deac7f97ca815868cd41bf5e?s=96&d=mm&r=g","width":96,"height":96,"caption":"El Digital de Asturias"}},{"@type":"WebPage","@id":"https:\/\/www.eldigitaldeasturias.com\/noticias\/garcia-tejerina-la-sociedad-tiene-que-ser-absolutamente-intolerante-contra-los-incendiarios\/#webpage","url":"https:\/\/www.eldigitaldeasturias.com\/noticias\/garcia-tejerina-la-sociedad-tiene-que-ser-absolutamente-intolerante-contra-los-incendiarios\/","name":"Garc\u00eda Tejerina: \u00abLa sociedad tiene que ser absolutamente intolerante contra los incendiarios\u00bb - El Digital de Asturias","description":"La ministra de Agricultura y Pesca, Alimentaci\u00f3n y Medio Ambiente, Isabel Garc\u00eda Tejerina, ha visitado esta ma\u00f1ana en Galicia las zonas afectadas por los incendios forestales de este fin de semana, donde se ha unido al dolor de las familias y amigos de las personas fallecidas a consecuencia del fuego. En declaraciones a los medios,","inLanguage":"es-ES","isPartOf":{"@id":"https:\/\/www.eldigitaldeasturias.com\/noticias\/#website"},"breadcrumb":{"@id":"https:\/\/www.eldigitaldeasturias.com\/noticias\/garcia-tejerina-la-sociedad-tiene-que-ser-absolutamente-intolerante-contra-los-incendiarios\/#breadcrumblist"},"author":{"@id":"https:\/\/www.eldigitaldeasturias.com\/noticias\/author\/admin\/#author"},"creator":{"@id":"https:\/\/www.eldigitaldeasturias.com\/noticias\/author\/admin\/#author"},"image":{"@type":"ImageObject","url":956495,"@id":"https:\/\/www.eldigitaldeasturias.com\/noticias\/garcia-tejerina-la-sociedad-tiene-que-ser-absolutamente-intolerante-contra-los-incendiarios\/#mainImage"},"primaryImageOfPage":{"@id":"https:\/\/www.eldigitaldeasturias.com\/noticias\/garcia-tejerina-la-sociedad-tiene-que-ser-absolutamente-intolerante-contra-los-incendiarios\/#mainImage"},"datePublished":"2017-10-18T00:26:06+02:00","dateModified":"2017-10-18T00:26:06+02:00"},{"@type":"WebSite","@id":"https:\/\/www.eldigitaldeasturias.com\/noticias\/#website","url":"https:\/\/www.eldigitaldeasturias.com\/noticias\/","name":"El Digital de Asturias - Diario de actualidad y noticias","alternateName":"El Digital de Asturias - Diario de actualidad y noticias","description":"Hemeroteca","inLanguage":"es-ES","publisher":{"@id":"https:\/\/www.eldigitaldeasturias.com\/noticias\/#organization"}}]},"og:locale":"es_ES","og:site_name":"El Digital de Asturias","og:type":"article","og:title":"Garc\u00eda Tejerina: \u00abLa sociedad tiene que ser absolutamente intolerante contra los incendiarios\u00bb - El Digital de Asturias","og:description":"La ministra de Agricultura y Pesca, Alimentaci\u00f3n y Medio Ambiente, Isabel Garc\u00eda Tejerina, ha visitado esta ma\u00f1ana en Galicia las zonas afectadas por los incendios forestales de este fin de semana, donde se ha unido al dolor de las familias y amigos de las personas fallecidas a consecuencia del fuego. En declaraciones a los medios,","og:url":"https:\/\/www.eldigitaldeasturias.com\/noticias\/garcia-tejerina-la-sociedad-tiene-que-ser-absolutamente-intolerante-contra-los-incendiarios\/","article:tag":["actualidad"],"article:published_time":"2017-10-18T00:26:06+00:00","article:modified_time":"2017-10-18T00:26:06+00:00","article:publisher":"https:\/\/facebook.com\/eldigitaldeasturias","twitter:card":"summary_large_image","twitter:title":"Garc\u00eda Tejerina: \u00abLa sociedad tiene que ser absolutamente intolerante contra los incendiarios\u00bb - El Digital de Asturias","twitter:description":"La ministra de Agricultura y Pesca, Alimentaci\u00f3n y Medio Ambiente, Isabel Garc\u00eda Tejerina, ha visitado esta ma\u00f1ana en Galicia las zonas afectadas por los incendios forestales de este fin de semana, donde se ha unido al dolor de las familias y amigos de las personas fallecidas a consecuencia del fuego. En declaraciones a los medios,","twitter:image":"https:\/\/www.eldigitaldeasturias.com\/noticias\/wp-content\/uploads\/2020\/12\/EDA-1.jpg","twitter:label1":"Escrito por","twitter:data1":"El Digital de Asturias","twitter:label2":"Tiempo de lectura estimado","twitter:data2":"2 minutos"},"aioseo_meta_data":{"post_id":"956494","title":null,"description":null,"keywords":null,"keyphrases":null,"primary_term":null,"canonical_url":null,"og_title":null,"og_description":null,"og_object_type":"default","og_image_type":"default","og_image_url":null,"og_image_width":null,"og_image_height":null,"og_image_custom_url":null,"og_image_custom_fields":null,"og_video":null,"og_custom_url":null,"og_article_section":null,"og_article_tags":null,"twitter_use_og":false,"twitter_card":"default","twitter_image_type":"default","twitter_image_url":null,"twitter_image_custom_url":null,"twitter_image_custom_fields":null,"twitter_title":null,"twitter_description":null,"schema":{"blockGraphs":[],"customGraphs":[],"default":{"data":{"Article":[],"Course":[],"Dataset":[],"FAQPage":[],"Movie":[],"Person":[],"Product":[],"ProductReview":[],"Car":[],"Recipe":[],"Service":[],"SoftwareApplication":[],"WebPage":[]},"graphName":"","isEnabled":true},"graphs":[],"defaultGraph":"","defaultPostTypeGraph":""},"schema_type":null,"schema_type_options":null,"pillar_content":false,"robots_default":true,"robots_noindex":false,"robots_noarchive":false,"robots_nosnippet":false,"robots_nofollow":false,"robots_noimageindex":false,"robots_noodp":false,"robots_notranslate":false,"robots_max_snippet":null,"robots_max_videopreview":null,"robots_max_imagepreview":"large","priority":null,"frequency":null,"local_seo":null,"seo_analyzer_scan_date":"2025-12-06 13:58:09","breadcrumb_settings":null,"limit_modified_date":false,"open_ai":null,"ai":null,"created":"2020-12-21 12:55:52","updated":"2025-12-06 13:58:09","focus_keyword":null,"additional_keywords":null,"truseo_locale":null},"aioseo_breadcrumb":"<div class=\"aioseo-breadcrumbs\"><span class=\"aioseo-breadcrumb\">\n\t<a href=\"https:\/\/www.eldigitaldeasturias.com\/noticias\" title=\"Home\">Home<\/a>\n<\/span><span class=\"aioseo-breadcrumb-separator\">\u2013<\/span><span class=\"aioseo-breadcrumb\">\n\t<a href=\"https:\/\/www.eldigitaldeasturias.com\/noticias\/category\/actualidad\/\" title=\"Actualidad\">Actualidad<\/a>\n<\/span><span class=\"aioseo-breadcrumb-separator\">\u2013<\/span><span class=\"aioseo-breadcrumb\">\n\t<a href=\"https:\/\/www.eldigitaldeasturias.com\/noticias\/garcia-tejerina-la-sociedad-tiene-que-ser-absolutamente-intolerante-contra-los-incendiarios\/\" title=\"Garc\u00eda Tejerina: \u00abLa sociedad tiene que ser absolutamente intolerante contra los incendiarios\u00bb\">Garc\u00eda Tejerina: \u00abLa sociedad tiene que ser absolutamente intolerante contra los incendiarios\u00bb<\/a>\n<\/span><\/div>","aioseo_breadcrumb_json":[{"label":"Home","link":"https:\/\/www.eldigitaldeasturias.com\/noticias"},{"label":"Actualidad","link":"https:\/\/www.eldigitaldeasturias.com\/noticias\/category\/actualidad\/"},{"label":"Garc\u00eda Tejerina: \u00abLa sociedad tiene que ser absolutamente intolerante contra los incendiarios\u00bb","link":"https:\/\/www.eldigitaldeasturias.com\/noticias\/garcia-tejerina-la-sociedad-tiene-que-ser-absolutamente-intolerante-contra-los-incendiarios\/"}],"_links":{"self":[{"href":"https:\/\/www.eldigitaldeasturias.com\/noticias\/wp-json\/wp\/v2\/posts\/956494","targetHints":{"allow":["GET"]}}],"collection":[{"href":"https:\/\/www.eldigitaldeasturias.com\/noticias\/wp-json\/wp\/v2\/posts"}],"about":[{"href":"https:\/\/www.eldigitaldeasturias.com\/noticias\/wp-json\/wp\/v2\/types\/post"}],"author":[{"embeddable":true,"href":"https:\/\/www.eldigitaldeasturias.com\/noticias\/wp-json\/wp\/v2\/users\/1"}],"replies":[{"embeddable":true,"href":"https:\/\/www.eldigitaldeasturias.com\/noticias\/wp-json\/wp\/v2\/comments?post=956494"}],"version-history":[{"count":0,"href":"https:\/\/www.eldigitaldeasturias.com\/noticias\/wp-json\/wp\/v2\/posts\/956494\/revisions"}],"wp:attachment":[{"href":"https:\/\/www.eldigitaldeasturias.com\/noticias\/wp-json\/wp\/v2\/media?parent=956494"}],"wp:term":[{"taxonomy":"category","embeddable":true,"href":"https:\/\/www.eldigitaldeasturias.com\/noticias\/wp-json\/wp\/v2\/categories?post=956494"},{"taxonomy":"post_tag","embeddable":true,"href":"https:\/\/www.eldigitaldeasturias.com\/noticias\/wp-json\/wp\/v2\/tags?post=956494"}],"curies":[{"name":"wp","href":"https:\/\/api.w.org\/{rel}","templated":true}]}}