{"id":956486,"date":"2017-10-18T00:16:46","date_gmt":"2017-10-18T00:16:46","guid":{"rendered":"http:\/\/www.eldigitaldeasturias.com\/noticias\/?p=956486"},"modified":"2017-10-18T00:16:46","modified_gmt":"2017-10-18T00:16:46","slug":"un-frente-traera-fuertes-lluvias-y-tormentas-en-parte-de-espana","status":"publish","type":"post","link":"https:\/\/www.eldigitaldeasturias.com\/noticias\/un-frente-traera-fuertes-lluvias-y-tormentas-en-parte-de-espana\/","title":{"rendered":"Un frente traer\u00e1 fuertes lluvias y tormentas en parte de Espa\u00f1a"},"content":{"rendered":"<p><img loading=\"lazy\" decoding=\"async\" class=\"alignleft size-medium wp-image-806001\" src=\"https:\/\/www.eldigitaldeasturias.com\/noticias\/wp-content\/uploads\/2015\/08\/lluvia1-360x238.jpg\" alt=\"\" width=\"360\" height=\"238\" \/>La Direcci\u00f3n General de Protecci\u00f3n Civil y Emergencias del Ministerio del Interior, de acuerdo con las predicciones de la Agencia Estatal de Meteorolog\u00eda (AEMET), avisa por el paso de un frente que traer\u00e1 fuertes lluvias y tormentas a diversas zonas de la Pen\u00ednsula durante hoy mi\u00e9rcoles.<\/p>\n<p>Hoy\u00a0mi\u00e9rcoles, el frente avanzar\u00e1 hacia el este hasta alcanzar las islas Baleares. Se esperan lluvias muy intensas en el \u00e1rea del Pirineo, en especial en la provincia de Huesca, donde podr\u00edan acumularse hasta 80 l\/m2 en 12 horas.<\/p>\n<p>Igualmente, las lluvias ser\u00e1n muy intensas en el litoral mediterr\u00e1neo, pudiendo producirse registros de hasta 40 l\/m2 en una hora en la provincia de Tarragona. Adem\u00e1s, estas precipitaciones podr\u00edan ir acompa\u00f1adas de fuertes tormentas.<\/p>\n<p>&nbsp;<\/p>\n","protected":false},"excerpt":{"rendered":"<p>La Direcci\u00f3n General de Protecci\u00f3n Civil y Emergencias del Ministerio del Interior, de acuerdo con las predicciones de la Agencia Estatal de Meteorolog\u00eda (AEMET), avisa por el paso de un frente que traer\u00e1 fuertes lluvias y tormentas a diversas zonas de la Pen\u00ednsula durante hoy mi\u00e9rcoles. Hoy\u00a0mi\u00e9rcoles, el frente avanzar\u00e1 hacia el este hasta alcanzar [&hellip;]<\/p>\n","protected":false},"author":1,"featured_media":806001,"comment_status":"closed","ping_status":"closed","sticky":false,"template":"","format":"standard","meta":{"footnotes":""},"categories":[1],"tags":[],"class_list":["post-956486","post","type-post","status-publish","format-standard","has-post-thumbnail","hentry","category-actualidad"],"aioseo_notices":[],"aioseo_head":"\n\t\t<!-- All in One SEO Pro 5.0.1 - aioseo.com -->\n\t<meta name=\"description\" content=\"La Direcci\u00f3n General de Protecci\u00f3n Civil y Emergencias del Ministerio del Interior, de acuerdo con las predicciones de la Agencia Estatal de Meteorolog\u00eda (AEMET), avisa por el paso de un frente que traer\u00e1 fuertes lluvias y tormentas a diversas zonas de la Pen\u00ednsula durante hoy mi\u00e9rcoles. Hoy mi\u00e9rcoles, el frente avanzar\u00e1 hacia el este hasta alcanzar\" \/>\n\t<meta name=\"robots\" content=\"max-image-preview:large\" \/>\n\t<meta name=\"author\" content=\"El Digital de Asturias\"\/>\n\t<meta name=\"google-site-verification\" content=\"UA-38556648-1\" \/>\n\t<meta name=\"msvalidate.01\" content=\"7dfe9f3f1b24437ab69f4f2559babe99\" \/>\n\t<meta name=\"keywords\" content=\"actualidad\" \/>\n\t<link rel=\"canonical\" href=\"https:\/\/www.eldigitaldeasturias.com\/noticias\/un-frente-traera-fuertes-lluvias-y-tormentas-en-parte-de-espana\/\" \/>\n\t<meta name=\"generator\" content=\"All in One SEO Pro (AIOSEO) 5.0.1\" \/>\n\t\t<meta property=\"og:locale\" content=\"es_ES\" \/>\n\t\t<meta property=\"og:site_name\" content=\"El Digital de Asturias\" \/>\n\t\t<meta property=\"og:type\" content=\"article\" \/>\n\t\t<meta property=\"og:title\" content=\"Un frente traer\u00e1 fuertes lluvias y tormentas en parte de Espa\u00f1a - El Digital de Asturias\" \/>\n\t\t<meta property=\"og:description\" content=\"La Direcci\u00f3n General de Protecci\u00f3n Civil y Emergencias del Ministerio del Interior, de acuerdo con las predicciones de la Agencia Estatal de Meteorolog\u00eda (AEMET), avisa por el paso de un frente que traer\u00e1 fuertes lluvias y tormentas a diversas zonas de la Pen\u00ednsula durante hoy mi\u00e9rcoles. Hoy mi\u00e9rcoles, el frente avanzar\u00e1 hacia el este hasta alcanzar\" \/>\n\t\t<meta property=\"og:url\" content=\"https:\/\/www.eldigitaldeasturias.com\/noticias\/un-frente-traera-fuertes-lluvias-y-tormentas-en-parte-de-espana\/\" \/>\n\t\t<meta property=\"article:tag\" content=\"actualidad\" \/>\n\t\t<meta property=\"article:published_time\" content=\"2017-10-18T00:16:46+00:00\" \/>\n\t\t<meta property=\"article:modified_time\" content=\"2017-10-18T00:16:46+00:00\" \/>\n\t\t<meta property=\"article:publisher\" content=\"https:\/\/facebook.com\/eldigitaldeasturias\" \/>\n\t\t<meta name=\"twitter:card\" content=\"summary_large_image\" \/>\n\t\t<meta name=\"twitter:title\" content=\"Un frente traer\u00e1 fuertes lluvias y tormentas en parte de Espa\u00f1a - El Digital de Asturias\" \/>\n\t\t<meta name=\"twitter:description\" content=\"La Direcci\u00f3n General de Protecci\u00f3n Civil y Emergencias del Ministerio del Interior, de acuerdo con las predicciones de la Agencia Estatal de Meteorolog\u00eda (AEMET), avisa por el paso de un frente que traer\u00e1 fuertes lluvias y tormentas a diversas zonas de la Pen\u00ednsula durante hoy mi\u00e9rcoles. Hoy mi\u00e9rcoles, el frente avanzar\u00e1 hacia el este hasta alcanzar\" \/>\n\t\t<meta name=\"twitter:image\" content=\"https:\/\/www.eldigitaldeasturias.com\/noticias\/wp-content\/uploads\/2020\/12\/EDA-1.jpg\" \/>\n\t\t<meta name=\"twitter:label1\" content=\"Escrito por\" \/>\n\t\t<meta name=\"twitter:data1\" content=\"El Digital de Asturias\" \/>\n\t\t<meta name=\"twitter:label2\" content=\"Tiempo de lectura estimado\" \/>\n\t\t<meta name=\"twitter:data2\" content=\"1 minuto\" \/>\n\t\t<script type=\"application\/ld+json\" class=\"aioseo-schema\">\n\t\t\t{\"@context\":\"https:\\\/\\\/schema.org\",\"@graph\":[{\"@type\":\"BlogPosting\",\"@id\":\"https:\\\/\\\/www.eldigitaldeasturias.com\\\/noticias\\\/un-frente-traera-fuertes-lluvias-y-tormentas-en-parte-de-espana\\\/#blogposting\",\"name\":\"Un frente traer\\u00e1 fuertes lluvias y tormentas en parte de Espa\\u00f1a - El Digital de Asturias\",\"headline\":\"Un frente traer\\u00e1 fuertes lluvias y tormentas en parte de Espa\\u00f1a\",\"author\":{\"@id\":\"https:\\\/\\\/www.eldigitaldeasturias.com\\\/noticias\\\/author\\\/admin\\\/#author\"},\"publisher\":{\"@id\":\"https:\\\/\\\/www.eldigitaldeasturias.com\\\/noticias\\\/#organization\"},\"image\":{\"@type\":\"ImageObject\",\"url\":806001},\"datePublished\":\"2017-10-18T00:16:46+02:00\",\"dateModified\":\"2017-10-18T00:16:46+02:00\",\"inLanguage\":\"es-ES\",\"mainEntityOfPage\":{\"@id\":\"https:\\\/\\\/www.eldigitaldeasturias.com\\\/noticias\\\/un-frente-traera-fuertes-lluvias-y-tormentas-en-parte-de-espana\\\/#webpage\"},\"isPartOf\":{\"@id\":\"https:\\\/\\\/www.eldigitaldeasturias.com\\\/noticias\\\/un-frente-traera-fuertes-lluvias-y-tormentas-en-parte-de-espana\\\/#webpage\"},\"articleSection\":\"Actualidad\"},{\"@type\":\"BreadcrumbList\",\"@id\":\"https:\\\/\\\/www.eldigitaldeasturias.com\\\/noticias\\\/un-frente-traera-fuertes-lluvias-y-tormentas-en-parte-de-espana\\\/#breadcrumblist\",\"itemListElement\":[{\"@type\":\"ListItem\",\"@id\":\"https:\\\/\\\/www.eldigitaldeasturias.com\\\/noticias#listItem\",\"position\":1,\"name\":\"Home\",\"item\":\"https:\\\/\\\/www.eldigitaldeasturias.com\\\/noticias\",\"nextItem\":{\"@type\":\"ListItem\",\"@id\":\"https:\\\/\\\/www.eldigitaldeasturias.com\\\/noticias\\\/category\\\/actualidad\\\/#listItem\",\"name\":\"Actualidad\"}},{\"@type\":\"ListItem\",\"@id\":\"https:\\\/\\\/www.eldigitaldeasturias.com\\\/noticias\\\/category\\\/actualidad\\\/#listItem\",\"position\":2,\"name\":\"Actualidad\",\"item\":\"https:\\\/\\\/www.eldigitaldeasturias.com\\\/noticias\\\/category\\\/actualidad\\\/\",\"nextItem\":{\"@type\":\"ListItem\",\"@id\":\"https:\\\/\\\/www.eldigitaldeasturias.com\\\/noticias\\\/un-frente-traera-fuertes-lluvias-y-tormentas-en-parte-de-espana\\\/#listItem\",\"name\":\"Un frente traer\\u00e1 fuertes lluvias y tormentas en parte de Espa\\u00f1a\"},\"previousItem\":{\"@type\":\"ListItem\",\"@id\":\"https:\\\/\\\/www.eldigitaldeasturias.com\\\/noticias#listItem\",\"name\":\"Home\"}},{\"@type\":\"ListItem\",\"@id\":\"https:\\\/\\\/www.eldigitaldeasturias.com\\\/noticias\\\/un-frente-traera-fuertes-lluvias-y-tormentas-en-parte-de-espana\\\/#listItem\",\"position\":3,\"name\":\"Un frente traer\\u00e1 fuertes lluvias y tormentas en parte de Espa\\u00f1a\",\"previousItem\":{\"@type\":\"ListItem\",\"@id\":\"https:\\\/\\\/www.eldigitaldeasturias.com\\\/noticias\\\/category\\\/actualidad\\\/#listItem\",\"name\":\"Actualidad\"}}]},{\"@type\":\"Organization\",\"@id\":\"https:\\\/\\\/www.eldigitaldeasturias.com\\\/noticias\\\/#organization\",\"name\":\"El Digital de Asturias\",\"description\":\"Hemeroteca\",\"url\":\"https:\\\/\\\/www.eldigitaldeasturias.com\\\/noticias\\\/\",\"email\":\"info@eldigitaldeasturias.com\",\"telephone\":\"+34652131393\",\"logo\":{\"@type\":\"ImageObject\",\"url\":\"https:\\\/\\\/www.eldigitaldeasturias.com\\\/noticias\\\/wp-content\\\/uploads\\\/2020\\\/12\\\/EDA.jpg\",\"@id\":\"https:\\\/\\\/www.eldigitaldeasturias.com\\\/noticias\\\/un-frente-traera-fuertes-lluvias-y-tormentas-en-parte-de-espana\\\/#organizationLogo\"},\"image\":{\"@id\":\"https:\\\/\\\/www.eldigitaldeasturias.com\\\/noticias\\\/un-frente-traera-fuertes-lluvias-y-tormentas-en-parte-de-espana\\\/#organizationLogo\"},\"sameAs\":[\"https:\\\/\\\/facebook.com\\\/eldigitaldeasturias\",\"https:\\\/\\\/www.youtube.com\\\/channel\\\/UCZP-2wLEB9Rv6erhFmqVnvg\"],\"address\":{\"@id\":\"https:\\\/\\\/www.eldigitaldeasturias.com\\\/noticias\\\/#postaladdress\",\"@type\":\"PostalAddress\",\"streetAddress\":\"san antonio 4\",\"postalCode\":\"33430\",\"addressLocality\":\"Cand\\u00e1s\",\"addressRegion\":\"Asturias\",\"addressCountry\":\"ES\"}},{\"@type\":\"Person\",\"@id\":\"https:\\\/\\\/www.eldigitaldeasturias.com\\\/noticias\\\/author\\\/admin\\\/#author\",\"url\":\"https:\\\/\\\/www.eldigitaldeasturias.com\\\/noticias\\\/author\\\/admin\\\/\",\"name\":\"El Digital de Asturias\",\"image\":{\"@type\":\"ImageObject\",\"@id\":\"https:\\\/\\\/www.eldigitaldeasturias.com\\\/noticias\\\/un-frente-traera-fuertes-lluvias-y-tormentas-en-parte-de-espana\\\/#authorImage\",\"url\":\"https:\\\/\\\/secure.gravatar.com\\\/avatar\\\/df2aeffc32bcd13f8d26072ef8a91b623d677766deac7f97ca815868cd41bf5e?s=96&d=mm&r=g\",\"width\":96,\"height\":96,\"caption\":\"El Digital de Asturias\"}},{\"@type\":\"WebPage\",\"@id\":\"https:\\\/\\\/www.eldigitaldeasturias.com\\\/noticias\\\/un-frente-traera-fuertes-lluvias-y-tormentas-en-parte-de-espana\\\/#webpage\",\"url\":\"https:\\\/\\\/www.eldigitaldeasturias.com\\\/noticias\\\/un-frente-traera-fuertes-lluvias-y-tormentas-en-parte-de-espana\\\/\",\"name\":\"Un frente traer\\u00e1 fuertes lluvias y tormentas en parte de Espa\\u00f1a - El Digital de Asturias\",\"description\":\"La Direcci\\u00f3n General de Protecci\\u00f3n Civil y Emergencias del Ministerio del Interior, de acuerdo con las predicciones de la Agencia Estatal de Meteorolog\\u00eda (AEMET), avisa por el paso de un frente que traer\\u00e1 fuertes lluvias y tormentas a diversas zonas de la Pen\\u00ednsula durante hoy mi\\u00e9rcoles. Hoy mi\\u00e9rcoles, el frente avanzar\\u00e1 hacia el este hasta alcanzar\",\"inLanguage\":\"es-ES\",\"isPartOf\":{\"@id\":\"https:\\\/\\\/www.eldigitaldeasturias.com\\\/noticias\\\/#website\"},\"breadcrumb\":{\"@id\":\"https:\\\/\\\/www.eldigitaldeasturias.com\\\/noticias\\\/un-frente-traera-fuertes-lluvias-y-tormentas-en-parte-de-espana\\\/#breadcrumblist\"},\"author\":{\"@id\":\"https:\\\/\\\/www.eldigitaldeasturias.com\\\/noticias\\\/author\\\/admin\\\/#author\"},\"creator\":{\"@id\":\"https:\\\/\\\/www.eldigitaldeasturias.com\\\/noticias\\\/author\\\/admin\\\/#author\"},\"image\":{\"@type\":\"ImageObject\",\"url\":806001,\"@id\":\"https:\\\/\\\/www.eldigitaldeasturias.com\\\/noticias\\\/un-frente-traera-fuertes-lluvias-y-tormentas-en-parte-de-espana\\\/#mainImage\"},\"primaryImageOfPage\":{\"@id\":\"https:\\\/\\\/www.eldigitaldeasturias.com\\\/noticias\\\/un-frente-traera-fuertes-lluvias-y-tormentas-en-parte-de-espana\\\/#mainImage\"},\"datePublished\":\"2017-10-18T00:16:46+02:00\",\"dateModified\":\"2017-10-18T00:16:46+02:00\"},{\"@type\":\"WebSite\",\"@id\":\"https:\\\/\\\/www.eldigitaldeasturias.com\\\/noticias\\\/#website\",\"url\":\"https:\\\/\\\/www.eldigitaldeasturias.com\\\/noticias\\\/\",\"name\":\"El Digital de Asturias - Diario de actualidad y noticias\",\"alternateName\":\"El Digital de Asturias - Diario de actualidad y noticias\",\"description\":\"Hemeroteca\",\"inLanguage\":\"es-ES\",\"publisher\":{\"@id\":\"https:\\\/\\\/www.eldigitaldeasturias.com\\\/noticias\\\/#organization\"}}]}\n\t\t<\/script>\n\t\t<!-- All in One SEO Pro -->\r\n\t\t<title>Un frente traer\u00e1 fuertes lluvias y tormentas en parte de Espa\u00f1a - El Digital de Asturias<\/title>\n\n","aioseo_head_json":{"title":"Un frente traer\u00e1 fuertes lluvias y tormentas en parte de Espa\u00f1a - El Digital de Asturias","description":"La Direcci\u00f3n General de Protecci\u00f3n Civil y Emergencias del Ministerio del Interior, de acuerdo con las predicciones de la Agencia Estatal de Meteorolog\u00eda (AEMET), avisa por el paso de un frente que traer\u00e1 fuertes lluvias y tormentas a diversas zonas de la Pen\u00ednsula durante hoy mi\u00e9rcoles. Hoy mi\u00e9rcoles, el frente avanzar\u00e1 hacia el este hasta alcanzar","canonical_url":"https:\/\/www.eldigitaldeasturias.com\/noticias\/un-frente-traera-fuertes-lluvias-y-tormentas-en-parte-de-espana\/","robots":"max-image-preview:large","keywords":"actualidad","webmasterTools":{"google-site-verification":"UA-38556648-1","msvalidate.01":"7dfe9f3f1b24437ab69f4f2559babe99","miscellaneous":""},"schema":{"@context":"https:\/\/schema.org","@graph":[{"@type":"BlogPosting","@id":"https:\/\/www.eldigitaldeasturias.com\/noticias\/un-frente-traera-fuertes-lluvias-y-tormentas-en-parte-de-espana\/#blogposting","name":"Un frente traer\u00e1 fuertes lluvias y tormentas en parte de Espa\u00f1a - El Digital de Asturias","headline":"Un frente traer\u00e1 fuertes lluvias y tormentas en parte de Espa\u00f1a","author":{"@id":"https:\/\/www.eldigitaldeasturias.com\/noticias\/author\/admin\/#author"},"publisher":{"@id":"https:\/\/www.eldigitaldeasturias.com\/noticias\/#organization"},"image":{"@type":"ImageObject","url":806001},"datePublished":"2017-10-18T00:16:46+02:00","dateModified":"2017-10-18T00:16:46+02:00","inLanguage":"es-ES","mainEntityOfPage":{"@id":"https:\/\/www.eldigitaldeasturias.com\/noticias\/un-frente-traera-fuertes-lluvias-y-tormentas-en-parte-de-espana\/#webpage"},"isPartOf":{"@id":"https:\/\/www.eldigitaldeasturias.com\/noticias\/un-frente-traera-fuertes-lluvias-y-tormentas-en-parte-de-espana\/#webpage"},"articleSection":"Actualidad"},{"@type":"BreadcrumbList","@id":"https:\/\/www.eldigitaldeasturias.com\/noticias\/un-frente-traera-fuertes-lluvias-y-tormentas-en-parte-de-espana\/#breadcrumblist","itemListElement":[{"@type":"ListItem","@id":"https:\/\/www.eldigitaldeasturias.com\/noticias#listItem","position":1,"name":"Home","item":"https:\/\/www.eldigitaldeasturias.com\/noticias","nextItem":{"@type":"ListItem","@id":"https:\/\/www.eldigitaldeasturias.com\/noticias\/category\/actualidad\/#listItem","name":"Actualidad"}},{"@type":"ListItem","@id":"https:\/\/www.eldigitaldeasturias.com\/noticias\/category\/actualidad\/#listItem","position":2,"name":"Actualidad","item":"https:\/\/www.eldigitaldeasturias.com\/noticias\/category\/actualidad\/","nextItem":{"@type":"ListItem","@id":"https:\/\/www.eldigitaldeasturias.com\/noticias\/un-frente-traera-fuertes-lluvias-y-tormentas-en-parte-de-espana\/#listItem","name":"Un frente traer\u00e1 fuertes lluvias y tormentas en parte de Espa\u00f1a"},"previousItem":{"@type":"ListItem","@id":"https:\/\/www.eldigitaldeasturias.com\/noticias#listItem","name":"Home"}},{"@type":"ListItem","@id":"https:\/\/www.eldigitaldeasturias.com\/noticias\/un-frente-traera-fuertes-lluvias-y-tormentas-en-parte-de-espana\/#listItem","position":3,"name":"Un frente traer\u00e1 fuertes lluvias y tormentas en parte de Espa\u00f1a","previousItem":{"@type":"ListItem","@id":"https:\/\/www.eldigitaldeasturias.com\/noticias\/category\/actualidad\/#listItem","name":"Actualidad"}}]},{"@type":"Organization","@id":"https:\/\/www.eldigitaldeasturias.com\/noticias\/#organization","name":"El Digital de Asturias","description":"Hemeroteca","url":"https:\/\/www.eldigitaldeasturias.com\/noticias\/","email":"info@eldigitaldeasturias.com","telephone":"+34652131393","logo":{"@type":"ImageObject","url":"https:\/\/www.eldigitaldeasturias.com\/noticias\/wp-content\/uploads\/2020\/12\/EDA.jpg","@id":"https:\/\/www.eldigitaldeasturias.com\/noticias\/un-frente-traera-fuertes-lluvias-y-tormentas-en-parte-de-espana\/#organizationLogo"},"image":{"@id":"https:\/\/www.eldigitaldeasturias.com\/noticias\/un-frente-traera-fuertes-lluvias-y-tormentas-en-parte-de-espana\/#organizationLogo"},"sameAs":["https:\/\/facebook.com\/eldigitaldeasturias","https:\/\/www.youtube.com\/channel\/UCZP-2wLEB9Rv6erhFmqVnvg"],"address":{"@id":"https:\/\/www.eldigitaldeasturias.com\/noticias\/#postaladdress","@type":"PostalAddress","streetAddress":"san antonio 4","postalCode":"33430","addressLocality":"Cand\u00e1s","addressRegion":"Asturias","addressCountry":"ES"}},{"@type":"Person","@id":"https:\/\/www.eldigitaldeasturias.com\/noticias\/author\/admin\/#author","url":"https:\/\/www.eldigitaldeasturias.com\/noticias\/author\/admin\/","name":"El Digital de Asturias","image":{"@type":"ImageObject","@id":"https:\/\/www.eldigitaldeasturias.com\/noticias\/un-frente-traera-fuertes-lluvias-y-tormentas-en-parte-de-espana\/#authorImage","url":"https:\/\/secure.gravatar.com\/avatar\/df2aeffc32bcd13f8d26072ef8a91b623d677766deac7f97ca815868cd41bf5e?s=96&d=mm&r=g","width":96,"height":96,"caption":"El Digital de Asturias"}},{"@type":"WebPage","@id":"https:\/\/www.eldigitaldeasturias.com\/noticias\/un-frente-traera-fuertes-lluvias-y-tormentas-en-parte-de-espana\/#webpage","url":"https:\/\/www.eldigitaldeasturias.com\/noticias\/un-frente-traera-fuertes-lluvias-y-tormentas-en-parte-de-espana\/","name":"Un frente traer\u00e1 fuertes lluvias y tormentas en parte de Espa\u00f1a - El Digital de Asturias","description":"La Direcci\u00f3n General de Protecci\u00f3n Civil y Emergencias del Ministerio del Interior, de acuerdo con las predicciones de la Agencia Estatal de Meteorolog\u00eda (AEMET), avisa por el paso de un frente que traer\u00e1 fuertes lluvias y tormentas a diversas zonas de la Pen\u00ednsula durante hoy mi\u00e9rcoles. Hoy mi\u00e9rcoles, el frente avanzar\u00e1 hacia el este hasta alcanzar","inLanguage":"es-ES","isPartOf":{"@id":"https:\/\/www.eldigitaldeasturias.com\/noticias\/#website"},"breadcrumb":{"@id":"https:\/\/www.eldigitaldeasturias.com\/noticias\/un-frente-traera-fuertes-lluvias-y-tormentas-en-parte-de-espana\/#breadcrumblist"},"author":{"@id":"https:\/\/www.eldigitaldeasturias.com\/noticias\/author\/admin\/#author"},"creator":{"@id":"https:\/\/www.eldigitaldeasturias.com\/noticias\/author\/admin\/#author"},"image":{"@type":"ImageObject","url":806001,"@id":"https:\/\/www.eldigitaldeasturias.com\/noticias\/un-frente-traera-fuertes-lluvias-y-tormentas-en-parte-de-espana\/#mainImage"},"primaryImageOfPage":{"@id":"https:\/\/www.eldigitaldeasturias.com\/noticias\/un-frente-traera-fuertes-lluvias-y-tormentas-en-parte-de-espana\/#mainImage"},"datePublished":"2017-10-18T00:16:46+02:00","dateModified":"2017-10-18T00:16:46+02:00"},{"@type":"WebSite","@id":"https:\/\/www.eldigitaldeasturias.com\/noticias\/#website","url":"https:\/\/www.eldigitaldeasturias.com\/noticias\/","name":"El Digital de Asturias - Diario de actualidad y noticias","alternateName":"El Digital de Asturias - Diario de actualidad y noticias","description":"Hemeroteca","inLanguage":"es-ES","publisher":{"@id":"https:\/\/www.eldigitaldeasturias.com\/noticias\/#organization"}}]},"og:locale":"es_ES","og:site_name":"El Digital de Asturias","og:type":"article","og:title":"Un frente traer\u00e1 fuertes lluvias y tormentas en parte de Espa\u00f1a - El Digital de Asturias","og:description":"La Direcci\u00f3n General de Protecci\u00f3n Civil y Emergencias del Ministerio del Interior, de acuerdo con las predicciones de la Agencia Estatal de Meteorolog\u00eda (AEMET), avisa por el paso de un frente que traer\u00e1 fuertes lluvias y tormentas a diversas zonas de la Pen\u00ednsula durante hoy mi\u00e9rcoles. Hoy mi\u00e9rcoles, el frente avanzar\u00e1 hacia el este hasta alcanzar","og:url":"https:\/\/www.eldigitaldeasturias.com\/noticias\/un-frente-traera-fuertes-lluvias-y-tormentas-en-parte-de-espana\/","article:tag":["actualidad"],"article:published_time":"2017-10-18T00:16:46+00:00","article:modified_time":"2017-10-18T00:16:46+00:00","article:publisher":"https:\/\/facebook.com\/eldigitaldeasturias","twitter:card":"summary_large_image","twitter:title":"Un frente traer\u00e1 fuertes lluvias y tormentas en parte de Espa\u00f1a - El Digital de Asturias","twitter:description":"La Direcci\u00f3n General de Protecci\u00f3n Civil y Emergencias del Ministerio del Interior, de acuerdo con las predicciones de la Agencia Estatal de Meteorolog\u00eda (AEMET), avisa por el paso de un frente que traer\u00e1 fuertes lluvias y tormentas a diversas zonas de la Pen\u00ednsula durante hoy mi\u00e9rcoles. Hoy mi\u00e9rcoles, el frente avanzar\u00e1 hacia el este hasta alcanzar","twitter:image":"https:\/\/www.eldigitaldeasturias.com\/noticias\/wp-content\/uploads\/2020\/12\/EDA-1.jpg","twitter:label1":"Escrito por","twitter:data1":"El Digital de Asturias","twitter:label2":"Tiempo de lectura estimado","twitter:data2":"1 minuto"},"aioseo_meta_data":{"post_id":"956486","title":null,"description":null,"keywords":null,"keyphrases":null,"primary_term":null,"canonical_url":null,"og_title":null,"og_description":null,"og_object_type":"default","og_image_type":"default","og_image_url":null,"og_image_width":null,"og_image_height":null,"og_image_custom_url":null,"og_image_custom_fields":null,"og_video":null,"og_custom_url":null,"og_article_section":null,"og_article_tags":null,"twitter_use_og":false,"twitter_card":"default","twitter_image_type":"default","twitter_image_url":null,"twitter_image_custom_url":null,"twitter_image_custom_fields":null,"twitter_title":null,"twitter_description":null,"schema":{"blockGraphs":[],"customGraphs":[],"default":{"data":{"Article":[],"Course":[],"Dataset":[],"FAQPage":[],"Movie":[],"Person":[],"Product":[],"ProductReview":[],"Car":[],"Recipe":[],"Service":[],"SoftwareApplication":[],"WebPage":[]},"graphName":"","isEnabled":true},"graphs":[],"defaultGraph":"","defaultPostTypeGraph":""},"schema_type":null,"schema_type_options":null,"pillar_content":false,"robots_default":true,"robots_noindex":false,"robots_noarchive":false,"robots_nosnippet":false,"robots_nofollow":false,"robots_noimageindex":false,"robots_noodp":false,"robots_notranslate":false,"robots_max_snippet":null,"robots_max_videopreview":null,"robots_max_imagepreview":"large","priority":null,"frequency":null,"local_seo":null,"seo_analyzer_scan_date":"2025-12-06 13:56:31","breadcrumb_settings":null,"limit_modified_date":false,"open_ai":null,"ai":null,"created":"2020-12-21 12:55:52","updated":"2025-12-06 13:56:31","focus_keyword":null,"additional_keywords":null,"truseo_locale":null},"aioseo_breadcrumb":"<div class=\"aioseo-breadcrumbs\"><span class=\"aioseo-breadcrumb\">\n\t<a href=\"https:\/\/www.eldigitaldeasturias.com\/noticias\" title=\"Home\">Home<\/a>\n<\/span><span class=\"aioseo-breadcrumb-separator\">\u2013<\/span><span class=\"aioseo-breadcrumb\">\n\t<a href=\"https:\/\/www.eldigitaldeasturias.com\/noticias\/category\/actualidad\/\" title=\"Actualidad\">Actualidad<\/a>\n<\/span><span class=\"aioseo-breadcrumb-separator\">\u2013<\/span><span class=\"aioseo-breadcrumb\">\n\t<a href=\"https:\/\/www.eldigitaldeasturias.com\/noticias\/un-frente-traera-fuertes-lluvias-y-tormentas-en-parte-de-espana\/\" title=\"Un frente traer\u00e1 fuertes lluvias y tormentas en parte de Espa\u00f1a\">Un frente traer\u00e1 fuertes lluvias y tormentas en parte de Espa\u00f1a<\/a>\n<\/span><\/div>","aioseo_breadcrumb_json":[{"label":"Home","link":"https:\/\/www.eldigitaldeasturias.com\/noticias"},{"label":"Actualidad","link":"https:\/\/www.eldigitaldeasturias.com\/noticias\/category\/actualidad\/"},{"label":"Un frente traer\u00e1 fuertes lluvias y tormentas en parte de Espa\u00f1a","link":"https:\/\/www.eldigitaldeasturias.com\/noticias\/un-frente-traera-fuertes-lluvias-y-tormentas-en-parte-de-espana\/"}],"_links":{"self":[{"href":"https:\/\/www.eldigitaldeasturias.com\/noticias\/wp-json\/wp\/v2\/posts\/956486","targetHints":{"allow":["GET"]}}],"collection":[{"href":"https:\/\/www.eldigitaldeasturias.com\/noticias\/wp-json\/wp\/v2\/posts"}],"about":[{"href":"https:\/\/www.eldigitaldeasturias.com\/noticias\/wp-json\/wp\/v2\/types\/post"}],"author":[{"embeddable":true,"href":"https:\/\/www.eldigitaldeasturias.com\/noticias\/wp-json\/wp\/v2\/users\/1"}],"replies":[{"embeddable":true,"href":"https:\/\/www.eldigitaldeasturias.com\/noticias\/wp-json\/wp\/v2\/comments?post=956486"}],"version-history":[{"count":0,"href":"https:\/\/www.eldigitaldeasturias.com\/noticias\/wp-json\/wp\/v2\/posts\/956486\/revisions"}],"wp:attachment":[{"href":"https:\/\/www.eldigitaldeasturias.com\/noticias\/wp-json\/wp\/v2\/media?parent=956486"}],"wp:term":[{"taxonomy":"category","embeddable":true,"href":"https:\/\/www.eldigitaldeasturias.com\/noticias\/wp-json\/wp\/v2\/categories?post=956486"},{"taxonomy":"post_tag","embeddable":true,"href":"https:\/\/www.eldigitaldeasturias.com\/noticias\/wp-json\/wp\/v2\/tags?post=956486"}],"curies":[{"name":"wp","href":"https:\/\/api.w.org\/{rel}","templated":true}]}}