{"id":956270,"date":"2017-10-16T16:48:22","date_gmt":"2017-10-16T16:48:22","guid":{"rendered":"http:\/\/www.eldigitaldeasturias.com\/noticias\/?p=956270"},"modified":"2017-10-16T16:48:22","modified_gmt":"2017-10-16T16:48:22","slug":"rajoy-ofrece-a-la-xunta-cualquier-ayuda-que-necesite-en-la-lucha-contra-los-incendios","status":"publish","type":"post","link":"https:\/\/www.eldigitaldeasturias.com\/noticias\/rajoy-ofrece-a-la-xunta-cualquier-ayuda-que-necesite-en-la-lucha-contra-los-incendios\/","title":{"rendered":"Rajoy ofrece a la Xunta \u00abcualquier ayuda que necesite\u00bb en la lucha contra los incendios"},"content":{"rendered":"<p><img loading=\"lazy\" decoding=\"async\" class=\"alignleft size-medium wp-image-956116\" src=\"https:\/\/www.eldigitaldeasturias.com\/noticias\/wp-content\/uploads\/2017\/10\/300816incendios_magrama-360x239.jpg\" alt=\"\" width=\"360\" height=\"239\" \/>El presidente del Gobierno, Mariano Rajoy, ha lamentado en Galicia que los incendios forestales que afectan a la comunidad hayan sido provocados, as\u00ed como las v\u00edctimas causadas. Adem\u00e1s, ha agradecido el esfuerzo de los miles de profesionales y voluntarios que participan en las labores de extinci\u00f3n.<\/p>\n<p>Acompa\u00f1ado por el presidente de la Xunta de Galicia, Alberto N\u00fa\u00f1ez Feij\u00f3o, Mariano Rajoy ha participado en Vigo en el minuto de silencio convocado por las v\u00edctimas mortales y en una reuni\u00f3n de coordinaci\u00f3n a la que tambi\u00e9n han asistido el alcalde de la ciudad, Abel Caballero, y responsables de la Polic\u00eda, la Guardia Civil y Protecci\u00f3n Civil. Posteriormente, el jefe del Ejecutivo ha acudido al centro de mando del operativo de extinci\u00f3n en Pazos de Borb\u00e9n (Pontevedra).<\/p>\n<p>En declaraciones a los medios de comunicaci\u00f3n durante la visita al centro, el presidente ha expresado, en nombre de todos los espa\u00f1oles, el pesar por los fallecidos a consecuencia de los incendios, y ha recordado tambi\u00e9n a las treinta v\u00edctimas que el fuego ha ocasionado en Portugal.<\/p>\n<p>Mariano Rajoy ha subrayado que el Ejecutivo est\u00e1 \u00aba disposici\u00f3n\u00bb de la Xunta de Galicia y de todos los gallegos \u00abpara cualquier ayuda que se necesite\u00bb. Unos 700 miembros de la Unidad Militar de Emergencias y m\u00e1s de diez medios a\u00e9reos se han trasladado ya a Galicia, y otro importante grupo de medios materiales se ha enviado a Asturias y a Castilla y Le\u00f3n, tambi\u00e9n afectadas por incendios, seg\u00fan ha detallado.<\/p>\n<p><strong>Incendios provocados<\/strong><\/p>\n<p>Lo que estamos viviendo aqu\u00ed es algo que no se produce por casualidad, esto ha sido provocado\u00bb, ha dicho Rajoy, quien ha remarcado que Galicia ha sufrido m\u00e1s de 125 incendios de forma simult\u00e1nea.<\/p>\n<p>El jefe del Ejecutivo ha apuntado que en Pazos de Borb\u00e9n se inici\u00f3 un \u00abincendio may\u00fasculo\u00bb a la una y media de la madrugada, entre el s\u00e1bado y el domingo, en cinco puntos a la vez, y que en Vigo incluso se ha prendido fuego a parcelas entre las casas, \u00abgenerando una situaci\u00f3n de gran confusi\u00f3n\u00bb.<\/p>\n<p>El presidente ha explicado que ha dado instrucciones a la Guardia Civil y a la Polic\u00eda para que \u00abhagan el mayor esfuerzo del que sean capaces para detener a las personas que han provocado una situaci\u00f3n como esta\u00bb. Este ser\u00e1, ha a\u00f1adido, \u00abuno de los grandes objetivos de las pr\u00f3ximas fechas\u00bb.<\/p>\n<p>Mariano Rajoy ha se\u00f1alado que la situaci\u00f3n \u00abest\u00e1 un poco mejor que ayer\u00bb, especialmente en las provincias de Pontevedra y La Coru\u00f1a, mientras que las dificultades son mayores en Lugo y Orense. Adem\u00e1s, ha expresado su confianza en que los esfuerzos que est\u00e1n llevando a cabo miles de personas -desde militares y polic\u00edas a voluntarios- \u00abden pronto sus frutos, y que tambi\u00e9n nos pueda ayudar la meteorolog\u00eda\u00bb.<\/p>\n","protected":false},"excerpt":{"rendered":"<p>El presidente del Gobierno, Mariano Rajoy, ha lamentado en Galicia que los incendios forestales que afectan a la comunidad hayan sido provocados, as\u00ed como las v\u00edctimas causadas. Adem\u00e1s, ha agradecido el esfuerzo de los miles de profesionales y voluntarios que participan en las labores de extinci\u00f3n. Acompa\u00f1ado por el presidente de la Xunta de Galicia, [&hellip;]<\/p>\n","protected":false},"author":1,"featured_media":956116,"comment_status":"closed","ping_status":"closed","sticky":false,"template":"","format":"standard","meta":{"footnotes":""},"categories":[1],"tags":[],"class_list":["post-956270","post","type-post","status-publish","format-standard","has-post-thumbnail","hentry","category-actualidad"],"aioseo_notices":[],"aioseo_head":"\n\t\t<!-- All in One SEO Pro 5.0.1 - aioseo.com -->\n\t<meta name=\"description\" content=\"El presidente del Gobierno, Mariano Rajoy, ha lamentado en Galicia que los incendios forestales que afectan a la comunidad hayan sido provocados, as\u00ed como las v\u00edctimas causadas. Adem\u00e1s, ha agradecido el esfuerzo de los miles de profesionales y voluntarios que participan en las labores de extinci\u00f3n. Acompa\u00f1ado por el presidente de la Xunta de Galicia,\" \/>\n\t<meta name=\"robots\" content=\"max-image-preview:large\" \/>\n\t<meta name=\"author\" content=\"El Digital de Asturias\"\/>\n\t<meta name=\"google-site-verification\" content=\"UA-38556648-1\" \/>\n\t<meta name=\"msvalidate.01\" content=\"7dfe9f3f1b24437ab69f4f2559babe99\" \/>\n\t<meta name=\"keywords\" content=\"actualidad\" \/>\n\t<link rel=\"canonical\" href=\"https:\/\/www.eldigitaldeasturias.com\/noticias\/rajoy-ofrece-a-la-xunta-cualquier-ayuda-que-necesite-en-la-lucha-contra-los-incendios\/\" \/>\n\t<meta name=\"generator\" content=\"All in One SEO Pro (AIOSEO) 5.0.1\" \/>\n\t\t<meta property=\"og:locale\" content=\"es_ES\" \/>\n\t\t<meta property=\"og:site_name\" content=\"El Digital de Asturias\" \/>\n\t\t<meta property=\"og:type\" content=\"article\" \/>\n\t\t<meta property=\"og:title\" content=\"Rajoy ofrece a la Xunta \u00abcualquier ayuda que necesite\u00bb en la lucha contra los incendios - El Digital de Asturias\" \/>\n\t\t<meta property=\"og:description\" content=\"El presidente del Gobierno, Mariano Rajoy, ha lamentado en Galicia que los incendios forestales que afectan a la comunidad hayan sido provocados, as\u00ed como las v\u00edctimas causadas. Adem\u00e1s, ha agradecido el esfuerzo de los miles de profesionales y voluntarios que participan en las labores de extinci\u00f3n. Acompa\u00f1ado por el presidente de la Xunta de Galicia,\" \/>\n\t\t<meta property=\"og:url\" content=\"https:\/\/www.eldigitaldeasturias.com\/noticias\/rajoy-ofrece-a-la-xunta-cualquier-ayuda-que-necesite-en-la-lucha-contra-los-incendios\/\" \/>\n\t\t<meta property=\"article:tag\" content=\"actualidad\" \/>\n\t\t<meta property=\"article:published_time\" content=\"2017-10-16T16:48:22+00:00\" \/>\n\t\t<meta property=\"article:modified_time\" content=\"2017-10-16T16:48:22+00:00\" \/>\n\t\t<meta property=\"article:publisher\" content=\"https:\/\/facebook.com\/eldigitaldeasturias\" \/>\n\t\t<meta name=\"twitter:card\" content=\"summary_large_image\" \/>\n\t\t<meta name=\"twitter:title\" content=\"Rajoy ofrece a la Xunta \u00abcualquier ayuda que necesite\u00bb en la lucha contra los incendios - El Digital de Asturias\" \/>\n\t\t<meta name=\"twitter:description\" content=\"El presidente del Gobierno, Mariano Rajoy, ha lamentado en Galicia que los incendios forestales que afectan a la comunidad hayan sido provocados, as\u00ed como las v\u00edctimas causadas. Adem\u00e1s, ha agradecido el esfuerzo de los miles de profesionales y voluntarios que participan en las labores de extinci\u00f3n. Acompa\u00f1ado por el presidente de la Xunta de Galicia,\" \/>\n\t\t<meta name=\"twitter:image\" content=\"https:\/\/www.eldigitaldeasturias.com\/noticias\/wp-content\/uploads\/2020\/12\/EDA-1.jpg\" \/>\n\t\t<meta name=\"twitter:label1\" content=\"Escrito por\" \/>\n\t\t<meta name=\"twitter:data1\" content=\"El Digital de Asturias\" \/>\n\t\t<meta name=\"twitter:label2\" content=\"Tiempo de lectura estimado\" \/>\n\t\t<meta name=\"twitter:data2\" content=\"2 minutos\" \/>\n\t\t<script type=\"application\/ld+json\" class=\"aioseo-schema\">\n\t\t\t{\"@context\":\"https:\\\/\\\/schema.org\",\"@graph\":[{\"@type\":\"BlogPosting\",\"@id\":\"https:\\\/\\\/www.eldigitaldeasturias.com\\\/noticias\\\/rajoy-ofrece-a-la-xunta-cualquier-ayuda-que-necesite-en-la-lucha-contra-los-incendios\\\/#blogposting\",\"name\":\"Rajoy ofrece a la Xunta \\u00abcualquier ayuda que necesite\\u00bb en la lucha contra los incendios - El Digital de Asturias\",\"headline\":\"Rajoy ofrece a la Xunta \\u00abcualquier ayuda que necesite\\u00bb en la lucha contra los incendios\",\"author\":{\"@id\":\"https:\\\/\\\/www.eldigitaldeasturias.com\\\/noticias\\\/author\\\/admin\\\/#author\"},\"publisher\":{\"@id\":\"https:\\\/\\\/www.eldigitaldeasturias.com\\\/noticias\\\/#organization\"},\"image\":{\"@type\":\"ImageObject\",\"url\":956116},\"datePublished\":\"2017-10-16T16:48:22+02:00\",\"dateModified\":\"2017-10-16T16:48:22+02:00\",\"inLanguage\":\"es-ES\",\"mainEntityOfPage\":{\"@id\":\"https:\\\/\\\/www.eldigitaldeasturias.com\\\/noticias\\\/rajoy-ofrece-a-la-xunta-cualquier-ayuda-que-necesite-en-la-lucha-contra-los-incendios\\\/#webpage\"},\"isPartOf\":{\"@id\":\"https:\\\/\\\/www.eldigitaldeasturias.com\\\/noticias\\\/rajoy-ofrece-a-la-xunta-cualquier-ayuda-que-necesite-en-la-lucha-contra-los-incendios\\\/#webpage\"},\"articleSection\":\"Actualidad\"},{\"@type\":\"BreadcrumbList\",\"@id\":\"https:\\\/\\\/www.eldigitaldeasturias.com\\\/noticias\\\/rajoy-ofrece-a-la-xunta-cualquier-ayuda-que-necesite-en-la-lucha-contra-los-incendios\\\/#breadcrumblist\",\"itemListElement\":[{\"@type\":\"ListItem\",\"@id\":\"https:\\\/\\\/www.eldigitaldeasturias.com\\\/noticias#listItem\",\"position\":1,\"name\":\"Home\",\"item\":\"https:\\\/\\\/www.eldigitaldeasturias.com\\\/noticias\",\"nextItem\":{\"@type\":\"ListItem\",\"@id\":\"https:\\\/\\\/www.eldigitaldeasturias.com\\\/noticias\\\/category\\\/actualidad\\\/#listItem\",\"name\":\"Actualidad\"}},{\"@type\":\"ListItem\",\"@id\":\"https:\\\/\\\/www.eldigitaldeasturias.com\\\/noticias\\\/category\\\/actualidad\\\/#listItem\",\"position\":2,\"name\":\"Actualidad\",\"item\":\"https:\\\/\\\/www.eldigitaldeasturias.com\\\/noticias\\\/category\\\/actualidad\\\/\",\"nextItem\":{\"@type\":\"ListItem\",\"@id\":\"https:\\\/\\\/www.eldigitaldeasturias.com\\\/noticias\\\/rajoy-ofrece-a-la-xunta-cualquier-ayuda-que-necesite-en-la-lucha-contra-los-incendios\\\/#listItem\",\"name\":\"Rajoy ofrece a la Xunta \\u00abcualquier ayuda que necesite\\u00bb en la lucha contra los incendios\"},\"previousItem\":{\"@type\":\"ListItem\",\"@id\":\"https:\\\/\\\/www.eldigitaldeasturias.com\\\/noticias#listItem\",\"name\":\"Home\"}},{\"@type\":\"ListItem\",\"@id\":\"https:\\\/\\\/www.eldigitaldeasturias.com\\\/noticias\\\/rajoy-ofrece-a-la-xunta-cualquier-ayuda-que-necesite-en-la-lucha-contra-los-incendios\\\/#listItem\",\"position\":3,\"name\":\"Rajoy ofrece a la Xunta \\u00abcualquier ayuda que necesite\\u00bb en la lucha contra los incendios\",\"previousItem\":{\"@type\":\"ListItem\",\"@id\":\"https:\\\/\\\/www.eldigitaldeasturias.com\\\/noticias\\\/category\\\/actualidad\\\/#listItem\",\"name\":\"Actualidad\"}}]},{\"@type\":\"Organization\",\"@id\":\"https:\\\/\\\/www.eldigitaldeasturias.com\\\/noticias\\\/#organization\",\"name\":\"El Digital de Asturias\",\"description\":\"Hemeroteca\",\"url\":\"https:\\\/\\\/www.eldigitaldeasturias.com\\\/noticias\\\/\",\"email\":\"info@eldigitaldeasturias.com\",\"telephone\":\"+34652131393\",\"logo\":{\"@type\":\"ImageObject\",\"url\":\"https:\\\/\\\/www.eldigitaldeasturias.com\\\/noticias\\\/wp-content\\\/uploads\\\/2020\\\/12\\\/EDA.jpg\",\"@id\":\"https:\\\/\\\/www.eldigitaldeasturias.com\\\/noticias\\\/rajoy-ofrece-a-la-xunta-cualquier-ayuda-que-necesite-en-la-lucha-contra-los-incendios\\\/#organizationLogo\"},\"image\":{\"@id\":\"https:\\\/\\\/www.eldigitaldeasturias.com\\\/noticias\\\/rajoy-ofrece-a-la-xunta-cualquier-ayuda-que-necesite-en-la-lucha-contra-los-incendios\\\/#organizationLogo\"},\"sameAs\":[\"https:\\\/\\\/facebook.com\\\/eldigitaldeasturias\",\"https:\\\/\\\/www.youtube.com\\\/channel\\\/UCZP-2wLEB9Rv6erhFmqVnvg\"],\"address\":{\"@id\":\"https:\\\/\\\/www.eldigitaldeasturias.com\\\/noticias\\\/#postaladdress\",\"@type\":\"PostalAddress\",\"streetAddress\":\"san antonio 4\",\"postalCode\":\"33430\",\"addressLocality\":\"Cand\\u00e1s\",\"addressRegion\":\"Asturias\",\"addressCountry\":\"ES\"}},{\"@type\":\"Person\",\"@id\":\"https:\\\/\\\/www.eldigitaldeasturias.com\\\/noticias\\\/author\\\/admin\\\/#author\",\"url\":\"https:\\\/\\\/www.eldigitaldeasturias.com\\\/noticias\\\/author\\\/admin\\\/\",\"name\":\"El Digital de Asturias\",\"image\":{\"@type\":\"ImageObject\",\"@id\":\"https:\\\/\\\/www.eldigitaldeasturias.com\\\/noticias\\\/rajoy-ofrece-a-la-xunta-cualquier-ayuda-que-necesite-en-la-lucha-contra-los-incendios\\\/#authorImage\",\"url\":\"https:\\\/\\\/secure.gravatar.com\\\/avatar\\\/df2aeffc32bcd13f8d26072ef8a91b623d677766deac7f97ca815868cd41bf5e?s=96&d=mm&r=g\",\"width\":96,\"height\":96,\"caption\":\"El Digital de Asturias\"}},{\"@type\":\"WebPage\",\"@id\":\"https:\\\/\\\/www.eldigitaldeasturias.com\\\/noticias\\\/rajoy-ofrece-a-la-xunta-cualquier-ayuda-que-necesite-en-la-lucha-contra-los-incendios\\\/#webpage\",\"url\":\"https:\\\/\\\/www.eldigitaldeasturias.com\\\/noticias\\\/rajoy-ofrece-a-la-xunta-cualquier-ayuda-que-necesite-en-la-lucha-contra-los-incendios\\\/\",\"name\":\"Rajoy ofrece a la Xunta \\u00abcualquier ayuda que necesite\\u00bb en la lucha contra los incendios - El Digital de Asturias\",\"description\":\"El presidente del Gobierno, Mariano Rajoy, ha lamentado en Galicia que los incendios forestales que afectan a la comunidad hayan sido provocados, as\\u00ed como las v\\u00edctimas causadas. Adem\\u00e1s, ha agradecido el esfuerzo de los miles de profesionales y voluntarios que participan en las labores de extinci\\u00f3n. Acompa\\u00f1ado por el presidente de la Xunta de Galicia,\",\"inLanguage\":\"es-ES\",\"isPartOf\":{\"@id\":\"https:\\\/\\\/www.eldigitaldeasturias.com\\\/noticias\\\/#website\"},\"breadcrumb\":{\"@id\":\"https:\\\/\\\/www.eldigitaldeasturias.com\\\/noticias\\\/rajoy-ofrece-a-la-xunta-cualquier-ayuda-que-necesite-en-la-lucha-contra-los-incendios\\\/#breadcrumblist\"},\"author\":{\"@id\":\"https:\\\/\\\/www.eldigitaldeasturias.com\\\/noticias\\\/author\\\/admin\\\/#author\"},\"creator\":{\"@id\":\"https:\\\/\\\/www.eldigitaldeasturias.com\\\/noticias\\\/author\\\/admin\\\/#author\"},\"image\":{\"@type\":\"ImageObject\",\"url\":956116,\"@id\":\"https:\\\/\\\/www.eldigitaldeasturias.com\\\/noticias\\\/rajoy-ofrece-a-la-xunta-cualquier-ayuda-que-necesite-en-la-lucha-contra-los-incendios\\\/#mainImage\"},\"primaryImageOfPage\":{\"@id\":\"https:\\\/\\\/www.eldigitaldeasturias.com\\\/noticias\\\/rajoy-ofrece-a-la-xunta-cualquier-ayuda-que-necesite-en-la-lucha-contra-los-incendios\\\/#mainImage\"},\"datePublished\":\"2017-10-16T16:48:22+02:00\",\"dateModified\":\"2017-10-16T16:48:22+02:00\"},{\"@type\":\"WebSite\",\"@id\":\"https:\\\/\\\/www.eldigitaldeasturias.com\\\/noticias\\\/#website\",\"url\":\"https:\\\/\\\/www.eldigitaldeasturias.com\\\/noticias\\\/\",\"name\":\"El Digital de Asturias - Diario de actualidad y noticias\",\"alternateName\":\"El Digital de Asturias - Diario de actualidad y noticias\",\"description\":\"Hemeroteca\",\"inLanguage\":\"es-ES\",\"publisher\":{\"@id\":\"https:\\\/\\\/www.eldigitaldeasturias.com\\\/noticias\\\/#organization\"}}]}\n\t\t<\/script>\n\t\t<!-- All in One SEO Pro -->\r\n\t\t<title>Rajoy ofrece a la Xunta \u00abcualquier ayuda que necesite\u00bb en la lucha contra los incendios - El Digital de Asturias<\/title>\n\n","aioseo_head_json":{"title":"Rajoy ofrece a la Xunta \u00abcualquier ayuda que necesite\u00bb en la lucha contra los incendios - El Digital de Asturias","description":"El presidente del Gobierno, Mariano Rajoy, ha lamentado en Galicia que los incendios forestales que afectan a la comunidad hayan sido provocados, as\u00ed como las v\u00edctimas causadas. Adem\u00e1s, ha agradecido el esfuerzo de los miles de profesionales y voluntarios que participan en las labores de extinci\u00f3n. Acompa\u00f1ado por el presidente de la Xunta de Galicia,","canonical_url":"https:\/\/www.eldigitaldeasturias.com\/noticias\/rajoy-ofrece-a-la-xunta-cualquier-ayuda-que-necesite-en-la-lucha-contra-los-incendios\/","robots":"max-image-preview:large","keywords":"actualidad","webmasterTools":{"google-site-verification":"UA-38556648-1","msvalidate.01":"7dfe9f3f1b24437ab69f4f2559babe99","miscellaneous":""},"schema":{"@context":"https:\/\/schema.org","@graph":[{"@type":"BlogPosting","@id":"https:\/\/www.eldigitaldeasturias.com\/noticias\/rajoy-ofrece-a-la-xunta-cualquier-ayuda-que-necesite-en-la-lucha-contra-los-incendios\/#blogposting","name":"Rajoy ofrece a la Xunta \u00abcualquier ayuda que necesite\u00bb en la lucha contra los incendios - El Digital de Asturias","headline":"Rajoy ofrece a la Xunta \u00abcualquier ayuda que necesite\u00bb en la lucha contra los incendios","author":{"@id":"https:\/\/www.eldigitaldeasturias.com\/noticias\/author\/admin\/#author"},"publisher":{"@id":"https:\/\/www.eldigitaldeasturias.com\/noticias\/#organization"},"image":{"@type":"ImageObject","url":956116},"datePublished":"2017-10-16T16:48:22+02:00","dateModified":"2017-10-16T16:48:22+02:00","inLanguage":"es-ES","mainEntityOfPage":{"@id":"https:\/\/www.eldigitaldeasturias.com\/noticias\/rajoy-ofrece-a-la-xunta-cualquier-ayuda-que-necesite-en-la-lucha-contra-los-incendios\/#webpage"},"isPartOf":{"@id":"https:\/\/www.eldigitaldeasturias.com\/noticias\/rajoy-ofrece-a-la-xunta-cualquier-ayuda-que-necesite-en-la-lucha-contra-los-incendios\/#webpage"},"articleSection":"Actualidad"},{"@type":"BreadcrumbList","@id":"https:\/\/www.eldigitaldeasturias.com\/noticias\/rajoy-ofrece-a-la-xunta-cualquier-ayuda-que-necesite-en-la-lucha-contra-los-incendios\/#breadcrumblist","itemListElement":[{"@type":"ListItem","@id":"https:\/\/www.eldigitaldeasturias.com\/noticias#listItem","position":1,"name":"Home","item":"https:\/\/www.eldigitaldeasturias.com\/noticias","nextItem":{"@type":"ListItem","@id":"https:\/\/www.eldigitaldeasturias.com\/noticias\/category\/actualidad\/#listItem","name":"Actualidad"}},{"@type":"ListItem","@id":"https:\/\/www.eldigitaldeasturias.com\/noticias\/category\/actualidad\/#listItem","position":2,"name":"Actualidad","item":"https:\/\/www.eldigitaldeasturias.com\/noticias\/category\/actualidad\/","nextItem":{"@type":"ListItem","@id":"https:\/\/www.eldigitaldeasturias.com\/noticias\/rajoy-ofrece-a-la-xunta-cualquier-ayuda-que-necesite-en-la-lucha-contra-los-incendios\/#listItem","name":"Rajoy ofrece a la Xunta \u00abcualquier ayuda que necesite\u00bb en la lucha contra los incendios"},"previousItem":{"@type":"ListItem","@id":"https:\/\/www.eldigitaldeasturias.com\/noticias#listItem","name":"Home"}},{"@type":"ListItem","@id":"https:\/\/www.eldigitaldeasturias.com\/noticias\/rajoy-ofrece-a-la-xunta-cualquier-ayuda-que-necesite-en-la-lucha-contra-los-incendios\/#listItem","position":3,"name":"Rajoy ofrece a la Xunta \u00abcualquier ayuda que necesite\u00bb en la lucha contra los incendios","previousItem":{"@type":"ListItem","@id":"https:\/\/www.eldigitaldeasturias.com\/noticias\/category\/actualidad\/#listItem","name":"Actualidad"}}]},{"@type":"Organization","@id":"https:\/\/www.eldigitaldeasturias.com\/noticias\/#organization","name":"El Digital de Asturias","description":"Hemeroteca","url":"https:\/\/www.eldigitaldeasturias.com\/noticias\/","email":"info@eldigitaldeasturias.com","telephone":"+34652131393","logo":{"@type":"ImageObject","url":"https:\/\/www.eldigitaldeasturias.com\/noticias\/wp-content\/uploads\/2020\/12\/EDA.jpg","@id":"https:\/\/www.eldigitaldeasturias.com\/noticias\/rajoy-ofrece-a-la-xunta-cualquier-ayuda-que-necesite-en-la-lucha-contra-los-incendios\/#organizationLogo"},"image":{"@id":"https:\/\/www.eldigitaldeasturias.com\/noticias\/rajoy-ofrece-a-la-xunta-cualquier-ayuda-que-necesite-en-la-lucha-contra-los-incendios\/#organizationLogo"},"sameAs":["https:\/\/facebook.com\/eldigitaldeasturias","https:\/\/www.youtube.com\/channel\/UCZP-2wLEB9Rv6erhFmqVnvg"],"address":{"@id":"https:\/\/www.eldigitaldeasturias.com\/noticias\/#postaladdress","@type":"PostalAddress","streetAddress":"san antonio 4","postalCode":"33430","addressLocality":"Cand\u00e1s","addressRegion":"Asturias","addressCountry":"ES"}},{"@type":"Person","@id":"https:\/\/www.eldigitaldeasturias.com\/noticias\/author\/admin\/#author","url":"https:\/\/www.eldigitaldeasturias.com\/noticias\/author\/admin\/","name":"El Digital de Asturias","image":{"@type":"ImageObject","@id":"https:\/\/www.eldigitaldeasturias.com\/noticias\/rajoy-ofrece-a-la-xunta-cualquier-ayuda-que-necesite-en-la-lucha-contra-los-incendios\/#authorImage","url":"https:\/\/secure.gravatar.com\/avatar\/df2aeffc32bcd13f8d26072ef8a91b623d677766deac7f97ca815868cd41bf5e?s=96&d=mm&r=g","width":96,"height":96,"caption":"El Digital de Asturias"}},{"@type":"WebPage","@id":"https:\/\/www.eldigitaldeasturias.com\/noticias\/rajoy-ofrece-a-la-xunta-cualquier-ayuda-que-necesite-en-la-lucha-contra-los-incendios\/#webpage","url":"https:\/\/www.eldigitaldeasturias.com\/noticias\/rajoy-ofrece-a-la-xunta-cualquier-ayuda-que-necesite-en-la-lucha-contra-los-incendios\/","name":"Rajoy ofrece a la Xunta \u00abcualquier ayuda que necesite\u00bb en la lucha contra los incendios - El Digital de Asturias","description":"El presidente del Gobierno, Mariano Rajoy, ha lamentado en Galicia que los incendios forestales que afectan a la comunidad hayan sido provocados, as\u00ed como las v\u00edctimas causadas. Adem\u00e1s, ha agradecido el esfuerzo de los miles de profesionales y voluntarios que participan en las labores de extinci\u00f3n. Acompa\u00f1ado por el presidente de la Xunta de Galicia,","inLanguage":"es-ES","isPartOf":{"@id":"https:\/\/www.eldigitaldeasturias.com\/noticias\/#website"},"breadcrumb":{"@id":"https:\/\/www.eldigitaldeasturias.com\/noticias\/rajoy-ofrece-a-la-xunta-cualquier-ayuda-que-necesite-en-la-lucha-contra-los-incendios\/#breadcrumblist"},"author":{"@id":"https:\/\/www.eldigitaldeasturias.com\/noticias\/author\/admin\/#author"},"creator":{"@id":"https:\/\/www.eldigitaldeasturias.com\/noticias\/author\/admin\/#author"},"image":{"@type":"ImageObject","url":956116,"@id":"https:\/\/www.eldigitaldeasturias.com\/noticias\/rajoy-ofrece-a-la-xunta-cualquier-ayuda-que-necesite-en-la-lucha-contra-los-incendios\/#mainImage"},"primaryImageOfPage":{"@id":"https:\/\/www.eldigitaldeasturias.com\/noticias\/rajoy-ofrece-a-la-xunta-cualquier-ayuda-que-necesite-en-la-lucha-contra-los-incendios\/#mainImage"},"datePublished":"2017-10-16T16:48:22+02:00","dateModified":"2017-10-16T16:48:22+02:00"},{"@type":"WebSite","@id":"https:\/\/www.eldigitaldeasturias.com\/noticias\/#website","url":"https:\/\/www.eldigitaldeasturias.com\/noticias\/","name":"El Digital de Asturias - Diario de actualidad y noticias","alternateName":"El Digital de Asturias - Diario de actualidad y noticias","description":"Hemeroteca","inLanguage":"es-ES","publisher":{"@id":"https:\/\/www.eldigitaldeasturias.com\/noticias\/#organization"}}]},"og:locale":"es_ES","og:site_name":"El Digital de Asturias","og:type":"article","og:title":"Rajoy ofrece a la Xunta \u00abcualquier ayuda que necesite\u00bb en la lucha contra los incendios - El Digital de Asturias","og:description":"El presidente del Gobierno, Mariano Rajoy, ha lamentado en Galicia que los incendios forestales que afectan a la comunidad hayan sido provocados, as\u00ed como las v\u00edctimas causadas. Adem\u00e1s, ha agradecido el esfuerzo de los miles de profesionales y voluntarios que participan en las labores de extinci\u00f3n. Acompa\u00f1ado por el presidente de la Xunta de Galicia,","og:url":"https:\/\/www.eldigitaldeasturias.com\/noticias\/rajoy-ofrece-a-la-xunta-cualquier-ayuda-que-necesite-en-la-lucha-contra-los-incendios\/","article:tag":["actualidad"],"article:published_time":"2017-10-16T16:48:22+00:00","article:modified_time":"2017-10-16T16:48:22+00:00","article:publisher":"https:\/\/facebook.com\/eldigitaldeasturias","twitter:card":"summary_large_image","twitter:title":"Rajoy ofrece a la Xunta \u00abcualquier ayuda que necesite\u00bb en la lucha contra los incendios - El Digital de Asturias","twitter:description":"El presidente del Gobierno, Mariano Rajoy, ha lamentado en Galicia que los incendios forestales que afectan a la comunidad hayan sido provocados, as\u00ed como las v\u00edctimas causadas. Adem\u00e1s, ha agradecido el esfuerzo de los miles de profesionales y voluntarios que participan en las labores de extinci\u00f3n. Acompa\u00f1ado por el presidente de la Xunta de Galicia,","twitter:image":"https:\/\/www.eldigitaldeasturias.com\/noticias\/wp-content\/uploads\/2020\/12\/EDA-1.jpg","twitter:label1":"Escrito por","twitter:data1":"El Digital de Asturias","twitter:label2":"Tiempo de lectura estimado","twitter:data2":"2 minutos"},"aioseo_meta_data":{"post_id":"956270","title":null,"description":null,"keywords":null,"keyphrases":null,"primary_term":null,"canonical_url":null,"og_title":null,"og_description":null,"og_object_type":"default","og_image_type":"default","og_image_url":null,"og_image_width":null,"og_image_height":null,"og_image_custom_url":null,"og_image_custom_fields":null,"og_video":null,"og_custom_url":null,"og_article_section":null,"og_article_tags":null,"twitter_use_og":false,"twitter_card":"default","twitter_image_type":"default","twitter_image_url":null,"twitter_image_custom_url":null,"twitter_image_custom_fields":null,"twitter_title":null,"twitter_description":null,"schema":{"blockGraphs":[],"customGraphs":[],"default":{"data":{"Article":[],"Course":[],"Dataset":[],"FAQPage":[],"Movie":[],"Person":[],"Product":[],"ProductReview":[],"Car":[],"Recipe":[],"Service":[],"SoftwareApplication":[],"WebPage":[]},"graphName":"","isEnabled":true},"graphs":[],"defaultGraph":"","defaultPostTypeGraph":""},"schema_type":null,"schema_type_options":null,"pillar_content":false,"robots_default":true,"robots_noindex":false,"robots_noarchive":false,"robots_nosnippet":false,"robots_nofollow":false,"robots_noimageindex":false,"robots_noodp":false,"robots_notranslate":false,"robots_max_snippet":null,"robots_max_videopreview":null,"robots_max_imagepreview":"large","priority":null,"frequency":null,"local_seo":null,"seo_analyzer_scan_date":"2025-12-06 13:02:12","breadcrumb_settings":null,"limit_modified_date":false,"open_ai":null,"ai":null,"created":"2020-12-21 12:55:56","updated":"2025-12-06 13:02:12","focus_keyword":null,"additional_keywords":null,"truseo_locale":null},"aioseo_breadcrumb":"<div class=\"aioseo-breadcrumbs\"><span class=\"aioseo-breadcrumb\">\n\t<a href=\"https:\/\/www.eldigitaldeasturias.com\/noticias\" title=\"Home\">Home<\/a>\n<\/span><span class=\"aioseo-breadcrumb-separator\">\u2013<\/span><span class=\"aioseo-breadcrumb\">\n\t<a href=\"https:\/\/www.eldigitaldeasturias.com\/noticias\/category\/actualidad\/\" title=\"Actualidad\">Actualidad<\/a>\n<\/span><span class=\"aioseo-breadcrumb-separator\">\u2013<\/span><span class=\"aioseo-breadcrumb\">\n\t<a href=\"https:\/\/www.eldigitaldeasturias.com\/noticias\/rajoy-ofrece-a-la-xunta-cualquier-ayuda-que-necesite-en-la-lucha-contra-los-incendios\/\" title=\"Rajoy ofrece a la Xunta \u00abcualquier ayuda que necesite\u00bb en la lucha contra los incendios\">Rajoy ofrece a la Xunta \u00abcualquier ayuda que necesite\u00bb en la lucha contra los incendios<\/a>\n<\/span><\/div>","aioseo_breadcrumb_json":[{"label":"Home","link":"https:\/\/www.eldigitaldeasturias.com\/noticias"},{"label":"Actualidad","link":"https:\/\/www.eldigitaldeasturias.com\/noticias\/category\/actualidad\/"},{"label":"Rajoy ofrece a la Xunta \u00abcualquier ayuda que necesite\u00bb en la lucha contra los incendios","link":"https:\/\/www.eldigitaldeasturias.com\/noticias\/rajoy-ofrece-a-la-xunta-cualquier-ayuda-que-necesite-en-la-lucha-contra-los-incendios\/"}],"_links":{"self":[{"href":"https:\/\/www.eldigitaldeasturias.com\/noticias\/wp-json\/wp\/v2\/posts\/956270","targetHints":{"allow":["GET"]}}],"collection":[{"href":"https:\/\/www.eldigitaldeasturias.com\/noticias\/wp-json\/wp\/v2\/posts"}],"about":[{"href":"https:\/\/www.eldigitaldeasturias.com\/noticias\/wp-json\/wp\/v2\/types\/post"}],"author":[{"embeddable":true,"href":"https:\/\/www.eldigitaldeasturias.com\/noticias\/wp-json\/wp\/v2\/users\/1"}],"replies":[{"embeddable":true,"href":"https:\/\/www.eldigitaldeasturias.com\/noticias\/wp-json\/wp\/v2\/comments?post=956270"}],"version-history":[{"count":0,"href":"https:\/\/www.eldigitaldeasturias.com\/noticias\/wp-json\/wp\/v2\/posts\/956270\/revisions"}],"wp:attachment":[{"href":"https:\/\/www.eldigitaldeasturias.com\/noticias\/wp-json\/wp\/v2\/media?parent=956270"}],"wp:term":[{"taxonomy":"category","embeddable":true,"href":"https:\/\/www.eldigitaldeasturias.com\/noticias\/wp-json\/wp\/v2\/categories?post=956270"},{"taxonomy":"post_tag","embeddable":true,"href":"https:\/\/www.eldigitaldeasturias.com\/noticias\/wp-json\/wp\/v2\/tags?post=956270"}],"curies":[{"name":"wp","href":"https:\/\/api.w.org\/{rel}","templated":true}]}}