{"id":956265,"date":"2017-10-16T16:39:22","date_gmt":"2017-10-16T16:39:22","guid":{"rendered":"http:\/\/www.eldigitaldeasturias.com\/noticias\/?p=956265"},"modified":"2017-10-16T16:39:22","modified_gmt":"2017-10-16T16:39:22","slug":"saenz-de-santamaria-hay-una-fecha-clave-que-son-las-1000-h-de-la-manana-del-proximo-jueves","status":"publish","type":"post","link":"https:\/\/www.eldigitaldeasturias.com\/noticias\/saenz-de-santamaria-hay-una-fecha-clave-que-son-las-1000-h-de-la-manana-del-proximo-jueves\/","title":{"rendered":"S\u00e1enz de Santamar\u00eda: \u00abHay una fecha clave que son las 10:00 h de la ma\u00f1ana del pr\u00f3ximo jueves\u00bb"},"content":{"rendered":"<p><img loading=\"lazy\" decoding=\"async\" class=\"alignleft size-medium wp-image-956212\" src=\"https:\/\/www.eldigitaldeasturias.com\/noticias\/wp-content\/uploads\/2017\/10\/Soraya-360x236.jpg\" alt=\"\" width=\"360\" height=\"236\" \/>Desde el Palacio de la Moncloa, S\u00e1enz de Santamar\u00eda ha asegurado durante su comparecencia de esta ma\u00f1ana, que el presidente del Gobierno ha respondido a la carta emitida por Puigdemont, aunque lamenta que no haya contestado al requerimiento formulado. \u201cCreo que no era muy dif\u00edcil contestar s\u00ed o no, hab\u00eda declarado la independencia\u201d, ha insinuado.<\/p>\n<p>En un tema tan importante como este, la tambi\u00e9n ministra de la presidencia y para las Administraciones Territoriales de Espa\u00f1a, subraya que lo \u00fanico que se le ped\u00eda a Puigdemont era claridad para evitar prolongar una situaci\u00f3n de incertidumbre que solo favorece a los que pretenden liquidar la concordia c\u00edvica e imponer un proyecto radical en Catalu\u00f1a.<\/p>\n<p>En este sentido, explica que el Gobierno de Espa\u00f1a espera que en las horas que quedan para que se cumpla el segundo plazo del requerimiento, \u201cresponda con toda la claridad que los ciudadanos le exigen y que el Estado de derecho requiere\u201d. Dice no entender la estrategia de confusi\u00f3n del president de la Generalitat, resultando poco cre\u00edble \u201cque haga un llamamiento al di\u00e1logo cuando se niega a un debate con la oposici\u00f3n en el Parlament\u201d. No obstante, asegura que el Gobierno tiene una respuesta que est\u00e1 avalada por una mayor\u00eda parlamentaria, invitando a Puigdemont que asista al Congreso de los Diputados, ya que \u201ces donde se debaten los grandes temas del pa\u00eds\u201d.<\/p>\n<p>\u201cEl di\u00e1logo no se exige, se practica. Puigdemont tiene la oportunidad de resolver la situaci\u00f3n, que conteste s\u00ed o no a la declaraci\u00f3n, ya que nadie ha tenido tan f\u00e1cil una respuesta y nadie ha tenido tan f\u00e1cil evitar que se aplique la Constituci\u00f3n\u201d.<\/p>\n<p>Preguntada por las fases del requerimiento acordado por el consejo de ministros, Soraya S\u00e1enz de Santamar\u00eda ha explicado ante los medios que el requiriendo tiene dos plazos, pero como se ha eludido la respuesta al primero, se pone en marcha la segunda fase del requerimiento en la que tiene la oportunidad de decir que \u201cno lo ha revocado porque no lo ha declarado\u201d. En este punto ha querido recordad a Puigdemont que este art\u00edculo no es para suspender el autogobierno sino para que este se ejercite con arreglo a la legalidad.<\/p>\n<blockquote><p><strong><em>\u201cHay una fecha clave que son las 10:00 h de la ma\u00f1ana del pr\u00f3ximo jueves\u201d, ha declarado.<\/em><\/strong><\/p><\/blockquote>\n<p>Finalmente, la vicepresidenta del Gobierno ha comentado que tras leer la carta de Puigdemont, \u201cda la impresi\u00f3n que se dirige a los de fuera que a los ciudadanos de Catalu\u00f1a y para un gobernante que tiene en sus manos tantas cosas, llama poderos\u00edsimamente la atenci\u00f3n que sea escrita para ver si convence a alguien fuera que por dar una respuesta los ciudadanos\u201d.<\/p>\n","protected":false},"excerpt":{"rendered":"<p>Desde el Palacio de la Moncloa, S\u00e1enz de Santamar\u00eda ha asegurado durante su comparecencia de esta ma\u00f1ana, que el presidente del Gobierno ha respondido a la carta emitida por Puigdemont, aunque lamenta que no haya contestado al requerimiento formulado. \u201cCreo que no era muy dif\u00edcil contestar s\u00ed o no, hab\u00eda declarado la independencia\u201d, ha insinuado. [&hellip;]<\/p>\n","protected":false},"author":1,"featured_media":956212,"comment_status":"closed","ping_status":"closed","sticky":false,"template":"","format":"standard","meta":{"footnotes":""},"categories":[1],"tags":[],"class_list":["post-956265","post","type-post","status-publish","format-standard","has-post-thumbnail","hentry","category-actualidad"],"aioseo_notices":[],"aioseo_head":"\n\t\t<!-- All in One SEO Pro 5.0.1 - aioseo.com -->\n\t<meta name=\"description\" content=\"Desde el Palacio de la Moncloa, S\u00e1enz de Santamar\u00eda ha asegurado durante su comparecencia de esta ma\u00f1ana, que el presidente del Gobierno ha respondido a la carta emitida por Puigdemont, aunque lamenta que no haya contestado al requerimiento formulado. \u201cCreo que no era muy dif\u00edcil contestar s\u00ed o no, hab\u00eda declarado la independencia\u201d, ha insinuado.\" \/>\n\t<meta name=\"robots\" content=\"max-image-preview:large\" \/>\n\t<meta name=\"author\" content=\"El Digital de Asturias\"\/>\n\t<meta name=\"google-site-verification\" content=\"UA-38556648-1\" \/>\n\t<meta name=\"msvalidate.01\" content=\"7dfe9f3f1b24437ab69f4f2559babe99\" \/>\n\t<meta name=\"keywords\" content=\"actualidad\" \/>\n\t<link rel=\"canonical\" href=\"https:\/\/www.eldigitaldeasturias.com\/noticias\/saenz-de-santamaria-hay-una-fecha-clave-que-son-las-1000-h-de-la-manana-del-proximo-jueves\/\" \/>\n\t<meta name=\"generator\" content=\"All in One SEO Pro (AIOSEO) 5.0.1\" \/>\n\t\t<meta property=\"og:locale\" content=\"es_ES\" \/>\n\t\t<meta property=\"og:site_name\" content=\"El Digital de Asturias\" \/>\n\t\t<meta property=\"og:type\" content=\"article\" \/>\n\t\t<meta property=\"og:title\" content=\"S\u00e1enz de Santamar\u00eda: \u00abHay una fecha clave que son las 10:00 h de la ma\u00f1ana del pr\u00f3ximo jueves\u00bb - El Digital de Asturias\" \/>\n\t\t<meta property=\"og:description\" content=\"Desde el Palacio de la Moncloa, S\u00e1enz de Santamar\u00eda ha asegurado durante su comparecencia de esta ma\u00f1ana, que el presidente del Gobierno ha respondido a la carta emitida por Puigdemont, aunque lamenta que no haya contestado al requerimiento formulado. \u201cCreo que no era muy dif\u00edcil contestar s\u00ed o no, hab\u00eda declarado la independencia\u201d, ha insinuado.\" \/>\n\t\t<meta property=\"og:url\" content=\"https:\/\/www.eldigitaldeasturias.com\/noticias\/saenz-de-santamaria-hay-una-fecha-clave-que-son-las-1000-h-de-la-manana-del-proximo-jueves\/\" \/>\n\t\t<meta property=\"article:tag\" content=\"actualidad\" \/>\n\t\t<meta property=\"article:published_time\" content=\"2017-10-16T16:39:22+00:00\" \/>\n\t\t<meta property=\"article:modified_time\" content=\"2017-10-16T16:39:22+00:00\" \/>\n\t\t<meta property=\"article:publisher\" content=\"https:\/\/facebook.com\/eldigitaldeasturias\" \/>\n\t\t<meta name=\"twitter:card\" content=\"summary_large_image\" \/>\n\t\t<meta name=\"twitter:title\" content=\"S\u00e1enz de Santamar\u00eda: \u00abHay una fecha clave que son las 10:00 h de la ma\u00f1ana del pr\u00f3ximo jueves\u00bb - El Digital de Asturias\" \/>\n\t\t<meta name=\"twitter:description\" content=\"Desde el Palacio de la Moncloa, S\u00e1enz de Santamar\u00eda ha asegurado durante su comparecencia de esta ma\u00f1ana, que el presidente del Gobierno ha respondido a la carta emitida por Puigdemont, aunque lamenta que no haya contestado al requerimiento formulado. \u201cCreo que no era muy dif\u00edcil contestar s\u00ed o no, hab\u00eda declarado la independencia\u201d, ha insinuado.\" \/>\n\t\t<meta name=\"twitter:image\" content=\"https:\/\/www.eldigitaldeasturias.com\/noticias\/wp-content\/uploads\/2020\/12\/EDA-1.jpg\" \/>\n\t\t<meta name=\"twitter:label1\" content=\"Escrito por\" \/>\n\t\t<meta name=\"twitter:data1\" content=\"El Digital de Asturias\" \/>\n\t\t<meta name=\"twitter:label2\" content=\"Tiempo de lectura estimado\" \/>\n\t\t<meta name=\"twitter:data2\" content=\"2 minutos\" \/>\n\t\t<script type=\"application\/ld+json\" class=\"aioseo-schema\">\n\t\t\t{\"@context\":\"https:\\\/\\\/schema.org\",\"@graph\":[{\"@type\":\"BlogPosting\",\"@id\":\"https:\\\/\\\/www.eldigitaldeasturias.com\\\/noticias\\\/saenz-de-santamaria-hay-una-fecha-clave-que-son-las-1000-h-de-la-manana-del-proximo-jueves\\\/#blogposting\",\"name\":\"S\\u00e1enz de Santamar\\u00eda: \\u00abHay una fecha clave que son las 10:00 h de la ma\\u00f1ana del pr\\u00f3ximo jueves\\u00bb - El Digital de Asturias\",\"headline\":\"S\\u00e1enz de Santamar\\u00eda: \\u00abHay una fecha clave que son las 10:00 h de la ma\\u00f1ana del pr\\u00f3ximo jueves\\u00bb\",\"author\":{\"@id\":\"https:\\\/\\\/www.eldigitaldeasturias.com\\\/noticias\\\/author\\\/admin\\\/#author\"},\"publisher\":{\"@id\":\"https:\\\/\\\/www.eldigitaldeasturias.com\\\/noticias\\\/#organization\"},\"image\":{\"@type\":\"ImageObject\",\"url\":956212},\"datePublished\":\"2017-10-16T16:39:22+02:00\",\"dateModified\":\"2017-10-16T16:39:22+02:00\",\"inLanguage\":\"es-ES\",\"mainEntityOfPage\":{\"@id\":\"https:\\\/\\\/www.eldigitaldeasturias.com\\\/noticias\\\/saenz-de-santamaria-hay-una-fecha-clave-que-son-las-1000-h-de-la-manana-del-proximo-jueves\\\/#webpage\"},\"isPartOf\":{\"@id\":\"https:\\\/\\\/www.eldigitaldeasturias.com\\\/noticias\\\/saenz-de-santamaria-hay-una-fecha-clave-que-son-las-1000-h-de-la-manana-del-proximo-jueves\\\/#webpage\"},\"articleSection\":\"Actualidad\"},{\"@type\":\"BreadcrumbList\",\"@id\":\"https:\\\/\\\/www.eldigitaldeasturias.com\\\/noticias\\\/saenz-de-santamaria-hay-una-fecha-clave-que-son-las-1000-h-de-la-manana-del-proximo-jueves\\\/#breadcrumblist\",\"itemListElement\":[{\"@type\":\"ListItem\",\"@id\":\"https:\\\/\\\/www.eldigitaldeasturias.com\\\/noticias#listItem\",\"position\":1,\"name\":\"Home\",\"item\":\"https:\\\/\\\/www.eldigitaldeasturias.com\\\/noticias\",\"nextItem\":{\"@type\":\"ListItem\",\"@id\":\"https:\\\/\\\/www.eldigitaldeasturias.com\\\/noticias\\\/category\\\/actualidad\\\/#listItem\",\"name\":\"Actualidad\"}},{\"@type\":\"ListItem\",\"@id\":\"https:\\\/\\\/www.eldigitaldeasturias.com\\\/noticias\\\/category\\\/actualidad\\\/#listItem\",\"position\":2,\"name\":\"Actualidad\",\"item\":\"https:\\\/\\\/www.eldigitaldeasturias.com\\\/noticias\\\/category\\\/actualidad\\\/\",\"nextItem\":{\"@type\":\"ListItem\",\"@id\":\"https:\\\/\\\/www.eldigitaldeasturias.com\\\/noticias\\\/saenz-de-santamaria-hay-una-fecha-clave-que-son-las-1000-h-de-la-manana-del-proximo-jueves\\\/#listItem\",\"name\":\"S\\u00e1enz de Santamar\\u00eda: \\u00abHay una fecha clave que son las 10:00 h de la ma\\u00f1ana del pr\\u00f3ximo jueves\\u00bb\"},\"previousItem\":{\"@type\":\"ListItem\",\"@id\":\"https:\\\/\\\/www.eldigitaldeasturias.com\\\/noticias#listItem\",\"name\":\"Home\"}},{\"@type\":\"ListItem\",\"@id\":\"https:\\\/\\\/www.eldigitaldeasturias.com\\\/noticias\\\/saenz-de-santamaria-hay-una-fecha-clave-que-son-las-1000-h-de-la-manana-del-proximo-jueves\\\/#listItem\",\"position\":3,\"name\":\"S\\u00e1enz de Santamar\\u00eda: \\u00abHay una fecha clave que son las 10:00 h de la ma\\u00f1ana del pr\\u00f3ximo jueves\\u00bb\",\"previousItem\":{\"@type\":\"ListItem\",\"@id\":\"https:\\\/\\\/www.eldigitaldeasturias.com\\\/noticias\\\/category\\\/actualidad\\\/#listItem\",\"name\":\"Actualidad\"}}]},{\"@type\":\"Organization\",\"@id\":\"https:\\\/\\\/www.eldigitaldeasturias.com\\\/noticias\\\/#organization\",\"name\":\"El Digital de Asturias\",\"description\":\"Hemeroteca\",\"url\":\"https:\\\/\\\/www.eldigitaldeasturias.com\\\/noticias\\\/\",\"email\":\"info@eldigitaldeasturias.com\",\"telephone\":\"+34652131393\",\"logo\":{\"@type\":\"ImageObject\",\"url\":\"https:\\\/\\\/www.eldigitaldeasturias.com\\\/noticias\\\/wp-content\\\/uploads\\\/2020\\\/12\\\/EDA.jpg\",\"@id\":\"https:\\\/\\\/www.eldigitaldeasturias.com\\\/noticias\\\/saenz-de-santamaria-hay-una-fecha-clave-que-son-las-1000-h-de-la-manana-del-proximo-jueves\\\/#organizationLogo\"},\"image\":{\"@id\":\"https:\\\/\\\/www.eldigitaldeasturias.com\\\/noticias\\\/saenz-de-santamaria-hay-una-fecha-clave-que-son-las-1000-h-de-la-manana-del-proximo-jueves\\\/#organizationLogo\"},\"sameAs\":[\"https:\\\/\\\/facebook.com\\\/eldigitaldeasturias\",\"https:\\\/\\\/www.youtube.com\\\/channel\\\/UCZP-2wLEB9Rv6erhFmqVnvg\"],\"address\":{\"@id\":\"https:\\\/\\\/www.eldigitaldeasturias.com\\\/noticias\\\/#postaladdress\",\"@type\":\"PostalAddress\",\"streetAddress\":\"san antonio 4\",\"postalCode\":\"33430\",\"addressLocality\":\"Cand\\u00e1s\",\"addressRegion\":\"Asturias\",\"addressCountry\":\"ES\"}},{\"@type\":\"Person\",\"@id\":\"https:\\\/\\\/www.eldigitaldeasturias.com\\\/noticias\\\/author\\\/admin\\\/#author\",\"url\":\"https:\\\/\\\/www.eldigitaldeasturias.com\\\/noticias\\\/author\\\/admin\\\/\",\"name\":\"El Digital de Asturias\",\"image\":{\"@type\":\"ImageObject\",\"@id\":\"https:\\\/\\\/www.eldigitaldeasturias.com\\\/noticias\\\/saenz-de-santamaria-hay-una-fecha-clave-que-son-las-1000-h-de-la-manana-del-proximo-jueves\\\/#authorImage\",\"url\":\"https:\\\/\\\/secure.gravatar.com\\\/avatar\\\/df2aeffc32bcd13f8d26072ef8a91b623d677766deac7f97ca815868cd41bf5e?s=96&d=mm&r=g\",\"width\":96,\"height\":96,\"caption\":\"El Digital de Asturias\"}},{\"@type\":\"WebPage\",\"@id\":\"https:\\\/\\\/www.eldigitaldeasturias.com\\\/noticias\\\/saenz-de-santamaria-hay-una-fecha-clave-que-son-las-1000-h-de-la-manana-del-proximo-jueves\\\/#webpage\",\"url\":\"https:\\\/\\\/www.eldigitaldeasturias.com\\\/noticias\\\/saenz-de-santamaria-hay-una-fecha-clave-que-son-las-1000-h-de-la-manana-del-proximo-jueves\\\/\",\"name\":\"S\\u00e1enz de Santamar\\u00eda: \\u00abHay una fecha clave que son las 10:00 h de la ma\\u00f1ana del pr\\u00f3ximo jueves\\u00bb - El Digital de Asturias\",\"description\":\"Desde el Palacio de la Moncloa, S\\u00e1enz de Santamar\\u00eda ha asegurado durante su comparecencia de esta ma\\u00f1ana, que el presidente del Gobierno ha respondido a la carta emitida por Puigdemont, aunque lamenta que no haya contestado al requerimiento formulado. \\u201cCreo que no era muy dif\\u00edcil contestar s\\u00ed o no, hab\\u00eda declarado la independencia\\u201d, ha insinuado.\",\"inLanguage\":\"es-ES\",\"isPartOf\":{\"@id\":\"https:\\\/\\\/www.eldigitaldeasturias.com\\\/noticias\\\/#website\"},\"breadcrumb\":{\"@id\":\"https:\\\/\\\/www.eldigitaldeasturias.com\\\/noticias\\\/saenz-de-santamaria-hay-una-fecha-clave-que-son-las-1000-h-de-la-manana-del-proximo-jueves\\\/#breadcrumblist\"},\"author\":{\"@id\":\"https:\\\/\\\/www.eldigitaldeasturias.com\\\/noticias\\\/author\\\/admin\\\/#author\"},\"creator\":{\"@id\":\"https:\\\/\\\/www.eldigitaldeasturias.com\\\/noticias\\\/author\\\/admin\\\/#author\"},\"image\":{\"@type\":\"ImageObject\",\"url\":956212,\"@id\":\"https:\\\/\\\/www.eldigitaldeasturias.com\\\/noticias\\\/saenz-de-santamaria-hay-una-fecha-clave-que-son-las-1000-h-de-la-manana-del-proximo-jueves\\\/#mainImage\"},\"primaryImageOfPage\":{\"@id\":\"https:\\\/\\\/www.eldigitaldeasturias.com\\\/noticias\\\/saenz-de-santamaria-hay-una-fecha-clave-que-son-las-1000-h-de-la-manana-del-proximo-jueves\\\/#mainImage\"},\"datePublished\":\"2017-10-16T16:39:22+02:00\",\"dateModified\":\"2017-10-16T16:39:22+02:00\"},{\"@type\":\"WebSite\",\"@id\":\"https:\\\/\\\/www.eldigitaldeasturias.com\\\/noticias\\\/#website\",\"url\":\"https:\\\/\\\/www.eldigitaldeasturias.com\\\/noticias\\\/\",\"name\":\"El Digital de Asturias - Diario de actualidad y noticias\",\"alternateName\":\"El Digital de Asturias - Diario de actualidad y noticias\",\"description\":\"Hemeroteca\",\"inLanguage\":\"es-ES\",\"publisher\":{\"@id\":\"https:\\\/\\\/www.eldigitaldeasturias.com\\\/noticias\\\/#organization\"}}]}\n\t\t<\/script>\n\t\t<!-- All in One SEO Pro -->\r\n\t\t<title>S\u00e1enz de Santamar\u00eda: \u00abHay una fecha clave que son las 10:00 h de la ma\u00f1ana del pr\u00f3ximo jueves\u00bb - El Digital de Asturias<\/title>\n\n","aioseo_head_json":{"title":"S\u00e1enz de Santamar\u00eda: \u00abHay una fecha clave que son las 10:00 h de la ma\u00f1ana del pr\u00f3ximo jueves\u00bb - El Digital de Asturias","description":"Desde el Palacio de la Moncloa, S\u00e1enz de Santamar\u00eda ha asegurado durante su comparecencia de esta ma\u00f1ana, que el presidente del Gobierno ha respondido a la carta emitida por Puigdemont, aunque lamenta que no haya contestado al requerimiento formulado. \u201cCreo que no era muy dif\u00edcil contestar s\u00ed o no, hab\u00eda declarado la independencia\u201d, ha insinuado.","canonical_url":"https:\/\/www.eldigitaldeasturias.com\/noticias\/saenz-de-santamaria-hay-una-fecha-clave-que-son-las-1000-h-de-la-manana-del-proximo-jueves\/","robots":"max-image-preview:large","keywords":"actualidad","webmasterTools":{"google-site-verification":"UA-38556648-1","msvalidate.01":"7dfe9f3f1b24437ab69f4f2559babe99","miscellaneous":""},"schema":{"@context":"https:\/\/schema.org","@graph":[{"@type":"BlogPosting","@id":"https:\/\/www.eldigitaldeasturias.com\/noticias\/saenz-de-santamaria-hay-una-fecha-clave-que-son-las-1000-h-de-la-manana-del-proximo-jueves\/#blogposting","name":"S\u00e1enz de Santamar\u00eda: \u00abHay una fecha clave que son las 10:00 h de la ma\u00f1ana del pr\u00f3ximo jueves\u00bb - El Digital de Asturias","headline":"S\u00e1enz de Santamar\u00eda: \u00abHay una fecha clave que son las 10:00 h de la ma\u00f1ana del pr\u00f3ximo jueves\u00bb","author":{"@id":"https:\/\/www.eldigitaldeasturias.com\/noticias\/author\/admin\/#author"},"publisher":{"@id":"https:\/\/www.eldigitaldeasturias.com\/noticias\/#organization"},"image":{"@type":"ImageObject","url":956212},"datePublished":"2017-10-16T16:39:22+02:00","dateModified":"2017-10-16T16:39:22+02:00","inLanguage":"es-ES","mainEntityOfPage":{"@id":"https:\/\/www.eldigitaldeasturias.com\/noticias\/saenz-de-santamaria-hay-una-fecha-clave-que-son-las-1000-h-de-la-manana-del-proximo-jueves\/#webpage"},"isPartOf":{"@id":"https:\/\/www.eldigitaldeasturias.com\/noticias\/saenz-de-santamaria-hay-una-fecha-clave-que-son-las-1000-h-de-la-manana-del-proximo-jueves\/#webpage"},"articleSection":"Actualidad"},{"@type":"BreadcrumbList","@id":"https:\/\/www.eldigitaldeasturias.com\/noticias\/saenz-de-santamaria-hay-una-fecha-clave-que-son-las-1000-h-de-la-manana-del-proximo-jueves\/#breadcrumblist","itemListElement":[{"@type":"ListItem","@id":"https:\/\/www.eldigitaldeasturias.com\/noticias#listItem","position":1,"name":"Home","item":"https:\/\/www.eldigitaldeasturias.com\/noticias","nextItem":{"@type":"ListItem","@id":"https:\/\/www.eldigitaldeasturias.com\/noticias\/category\/actualidad\/#listItem","name":"Actualidad"}},{"@type":"ListItem","@id":"https:\/\/www.eldigitaldeasturias.com\/noticias\/category\/actualidad\/#listItem","position":2,"name":"Actualidad","item":"https:\/\/www.eldigitaldeasturias.com\/noticias\/category\/actualidad\/","nextItem":{"@type":"ListItem","@id":"https:\/\/www.eldigitaldeasturias.com\/noticias\/saenz-de-santamaria-hay-una-fecha-clave-que-son-las-1000-h-de-la-manana-del-proximo-jueves\/#listItem","name":"S\u00e1enz de Santamar\u00eda: \u00abHay una fecha clave que son las 10:00 h de la ma\u00f1ana del pr\u00f3ximo jueves\u00bb"},"previousItem":{"@type":"ListItem","@id":"https:\/\/www.eldigitaldeasturias.com\/noticias#listItem","name":"Home"}},{"@type":"ListItem","@id":"https:\/\/www.eldigitaldeasturias.com\/noticias\/saenz-de-santamaria-hay-una-fecha-clave-que-son-las-1000-h-de-la-manana-del-proximo-jueves\/#listItem","position":3,"name":"S\u00e1enz de Santamar\u00eda: \u00abHay una fecha clave que son las 10:00 h de la ma\u00f1ana del pr\u00f3ximo jueves\u00bb","previousItem":{"@type":"ListItem","@id":"https:\/\/www.eldigitaldeasturias.com\/noticias\/category\/actualidad\/#listItem","name":"Actualidad"}}]},{"@type":"Organization","@id":"https:\/\/www.eldigitaldeasturias.com\/noticias\/#organization","name":"El Digital de Asturias","description":"Hemeroteca","url":"https:\/\/www.eldigitaldeasturias.com\/noticias\/","email":"info@eldigitaldeasturias.com","telephone":"+34652131393","logo":{"@type":"ImageObject","url":"https:\/\/www.eldigitaldeasturias.com\/noticias\/wp-content\/uploads\/2020\/12\/EDA.jpg","@id":"https:\/\/www.eldigitaldeasturias.com\/noticias\/saenz-de-santamaria-hay-una-fecha-clave-que-son-las-1000-h-de-la-manana-del-proximo-jueves\/#organizationLogo"},"image":{"@id":"https:\/\/www.eldigitaldeasturias.com\/noticias\/saenz-de-santamaria-hay-una-fecha-clave-que-son-las-1000-h-de-la-manana-del-proximo-jueves\/#organizationLogo"},"sameAs":["https:\/\/facebook.com\/eldigitaldeasturias","https:\/\/www.youtube.com\/channel\/UCZP-2wLEB9Rv6erhFmqVnvg"],"address":{"@id":"https:\/\/www.eldigitaldeasturias.com\/noticias\/#postaladdress","@type":"PostalAddress","streetAddress":"san antonio 4","postalCode":"33430","addressLocality":"Cand\u00e1s","addressRegion":"Asturias","addressCountry":"ES"}},{"@type":"Person","@id":"https:\/\/www.eldigitaldeasturias.com\/noticias\/author\/admin\/#author","url":"https:\/\/www.eldigitaldeasturias.com\/noticias\/author\/admin\/","name":"El Digital de Asturias","image":{"@type":"ImageObject","@id":"https:\/\/www.eldigitaldeasturias.com\/noticias\/saenz-de-santamaria-hay-una-fecha-clave-que-son-las-1000-h-de-la-manana-del-proximo-jueves\/#authorImage","url":"https:\/\/secure.gravatar.com\/avatar\/df2aeffc32bcd13f8d26072ef8a91b623d677766deac7f97ca815868cd41bf5e?s=96&d=mm&r=g","width":96,"height":96,"caption":"El Digital de Asturias"}},{"@type":"WebPage","@id":"https:\/\/www.eldigitaldeasturias.com\/noticias\/saenz-de-santamaria-hay-una-fecha-clave-que-son-las-1000-h-de-la-manana-del-proximo-jueves\/#webpage","url":"https:\/\/www.eldigitaldeasturias.com\/noticias\/saenz-de-santamaria-hay-una-fecha-clave-que-son-las-1000-h-de-la-manana-del-proximo-jueves\/","name":"S\u00e1enz de Santamar\u00eda: \u00abHay una fecha clave que son las 10:00 h de la ma\u00f1ana del pr\u00f3ximo jueves\u00bb - El Digital de Asturias","description":"Desde el Palacio de la Moncloa, S\u00e1enz de Santamar\u00eda ha asegurado durante su comparecencia de esta ma\u00f1ana, que el presidente del Gobierno ha respondido a la carta emitida por Puigdemont, aunque lamenta que no haya contestado al requerimiento formulado. \u201cCreo que no era muy dif\u00edcil contestar s\u00ed o no, hab\u00eda declarado la independencia\u201d, ha insinuado.","inLanguage":"es-ES","isPartOf":{"@id":"https:\/\/www.eldigitaldeasturias.com\/noticias\/#website"},"breadcrumb":{"@id":"https:\/\/www.eldigitaldeasturias.com\/noticias\/saenz-de-santamaria-hay-una-fecha-clave-que-son-las-1000-h-de-la-manana-del-proximo-jueves\/#breadcrumblist"},"author":{"@id":"https:\/\/www.eldigitaldeasturias.com\/noticias\/author\/admin\/#author"},"creator":{"@id":"https:\/\/www.eldigitaldeasturias.com\/noticias\/author\/admin\/#author"},"image":{"@type":"ImageObject","url":956212,"@id":"https:\/\/www.eldigitaldeasturias.com\/noticias\/saenz-de-santamaria-hay-una-fecha-clave-que-son-las-1000-h-de-la-manana-del-proximo-jueves\/#mainImage"},"primaryImageOfPage":{"@id":"https:\/\/www.eldigitaldeasturias.com\/noticias\/saenz-de-santamaria-hay-una-fecha-clave-que-son-las-1000-h-de-la-manana-del-proximo-jueves\/#mainImage"},"datePublished":"2017-10-16T16:39:22+02:00","dateModified":"2017-10-16T16:39:22+02:00"},{"@type":"WebSite","@id":"https:\/\/www.eldigitaldeasturias.com\/noticias\/#website","url":"https:\/\/www.eldigitaldeasturias.com\/noticias\/","name":"El Digital de Asturias - Diario de actualidad y noticias","alternateName":"El Digital de Asturias - Diario de actualidad y noticias","description":"Hemeroteca","inLanguage":"es-ES","publisher":{"@id":"https:\/\/www.eldigitaldeasturias.com\/noticias\/#organization"}}]},"og:locale":"es_ES","og:site_name":"El Digital de Asturias","og:type":"article","og:title":"S\u00e1enz de Santamar\u00eda: \u00abHay una fecha clave que son las 10:00 h de la ma\u00f1ana del pr\u00f3ximo jueves\u00bb - El Digital de Asturias","og:description":"Desde el Palacio de la Moncloa, S\u00e1enz de Santamar\u00eda ha asegurado durante su comparecencia de esta ma\u00f1ana, que el presidente del Gobierno ha respondido a la carta emitida por Puigdemont, aunque lamenta que no haya contestado al requerimiento formulado. \u201cCreo que no era muy dif\u00edcil contestar s\u00ed o no, hab\u00eda declarado la independencia\u201d, ha insinuado.","og:url":"https:\/\/www.eldigitaldeasturias.com\/noticias\/saenz-de-santamaria-hay-una-fecha-clave-que-son-las-1000-h-de-la-manana-del-proximo-jueves\/","article:tag":["actualidad"],"article:published_time":"2017-10-16T16:39:22+00:00","article:modified_time":"2017-10-16T16:39:22+00:00","article:publisher":"https:\/\/facebook.com\/eldigitaldeasturias","twitter:card":"summary_large_image","twitter:title":"S\u00e1enz de Santamar\u00eda: \u00abHay una fecha clave que son las 10:00 h de la ma\u00f1ana del pr\u00f3ximo jueves\u00bb - El Digital de Asturias","twitter:description":"Desde el Palacio de la Moncloa, S\u00e1enz de Santamar\u00eda ha asegurado durante su comparecencia de esta ma\u00f1ana, que el presidente del Gobierno ha respondido a la carta emitida por Puigdemont, aunque lamenta que no haya contestado al requerimiento formulado. \u201cCreo que no era muy dif\u00edcil contestar s\u00ed o no, hab\u00eda declarado la independencia\u201d, ha insinuado.","twitter:image":"https:\/\/www.eldigitaldeasturias.com\/noticias\/wp-content\/uploads\/2020\/12\/EDA-1.jpg","twitter:label1":"Escrito por","twitter:data1":"El Digital de Asturias","twitter:label2":"Tiempo de lectura estimado","twitter:data2":"2 minutos"},"aioseo_meta_data":{"post_id":"956265","title":null,"description":null,"keywords":null,"keyphrases":null,"primary_term":null,"canonical_url":null,"og_title":null,"og_description":null,"og_object_type":"default","og_image_type":"default","og_image_url":null,"og_image_width":null,"og_image_height":null,"og_image_custom_url":null,"og_image_custom_fields":null,"og_video":null,"og_custom_url":null,"og_article_section":null,"og_article_tags":null,"twitter_use_og":false,"twitter_card":"default","twitter_image_type":"default","twitter_image_url":null,"twitter_image_custom_url":null,"twitter_image_custom_fields":null,"twitter_title":null,"twitter_description":null,"schema":{"blockGraphs":[],"customGraphs":[],"default":{"data":{"Article":[],"Course":[],"Dataset":[],"FAQPage":[],"Movie":[],"Person":[],"Product":[],"ProductReview":[],"Car":[],"Recipe":[],"Service":[],"SoftwareApplication":[],"WebPage":[]},"graphName":"","isEnabled":true},"graphs":[],"defaultGraph":"","defaultPostTypeGraph":""},"schema_type":null,"schema_type_options":null,"pillar_content":false,"robots_default":true,"robots_noindex":false,"robots_noarchive":false,"robots_nosnippet":false,"robots_nofollow":false,"robots_noimageindex":false,"robots_noodp":false,"robots_notranslate":false,"robots_max_snippet":null,"robots_max_videopreview":null,"robots_max_imagepreview":"large","priority":null,"frequency":null,"local_seo":null,"seo_analyzer_scan_date":"2025-12-06 13:02:10","breadcrumb_settings":null,"limit_modified_date":false,"open_ai":null,"ai":null,"created":"2020-12-21 12:55:56","updated":"2025-12-06 13:02:10","focus_keyword":null,"additional_keywords":null,"truseo_locale":null},"aioseo_breadcrumb":"<div class=\"aioseo-breadcrumbs\"><span class=\"aioseo-breadcrumb\">\n\t<a href=\"https:\/\/www.eldigitaldeasturias.com\/noticias\" title=\"Home\">Home<\/a>\n<\/span><span class=\"aioseo-breadcrumb-separator\">\u2013<\/span><span class=\"aioseo-breadcrumb\">\n\t<a href=\"https:\/\/www.eldigitaldeasturias.com\/noticias\/category\/actualidad\/\" title=\"Actualidad\">Actualidad<\/a>\n<\/span><span class=\"aioseo-breadcrumb-separator\">\u2013<\/span><span class=\"aioseo-breadcrumb\">\n\t<a href=\"https:\/\/www.eldigitaldeasturias.com\/noticias\/saenz-de-santamaria-hay-una-fecha-clave-que-son-las-1000-h-de-la-manana-del-proximo-jueves\/\" title=\"S\u00e1enz de Santamar\u00eda: \u00abHay una fecha clave que son las 10:00 h de la ma\u00f1ana del pr\u00f3ximo jueves\u00bb\">S\u00e1enz de Santamar\u00eda: \u00abHay una fecha clave que son las 10:00 h de la ma\u00f1ana del pr\u00f3ximo jueves\u00bb<\/a>\n<\/span><\/div>","aioseo_breadcrumb_json":[{"label":"Home","link":"https:\/\/www.eldigitaldeasturias.com\/noticias"},{"label":"Actualidad","link":"https:\/\/www.eldigitaldeasturias.com\/noticias\/category\/actualidad\/"},{"label":"S\u00e1enz de Santamar\u00eda: \u00abHay una fecha clave que son las 10:00 h de la ma\u00f1ana del pr\u00f3ximo jueves\u00bb","link":"https:\/\/www.eldigitaldeasturias.com\/noticias\/saenz-de-santamaria-hay-una-fecha-clave-que-son-las-1000-h-de-la-manana-del-proximo-jueves\/"}],"_links":{"self":[{"href":"https:\/\/www.eldigitaldeasturias.com\/noticias\/wp-json\/wp\/v2\/posts\/956265","targetHints":{"allow":["GET"]}}],"collection":[{"href":"https:\/\/www.eldigitaldeasturias.com\/noticias\/wp-json\/wp\/v2\/posts"}],"about":[{"href":"https:\/\/www.eldigitaldeasturias.com\/noticias\/wp-json\/wp\/v2\/types\/post"}],"author":[{"embeddable":true,"href":"https:\/\/www.eldigitaldeasturias.com\/noticias\/wp-json\/wp\/v2\/users\/1"}],"replies":[{"embeddable":true,"href":"https:\/\/www.eldigitaldeasturias.com\/noticias\/wp-json\/wp\/v2\/comments?post=956265"}],"version-history":[{"count":0,"href":"https:\/\/www.eldigitaldeasturias.com\/noticias\/wp-json\/wp\/v2\/posts\/956265\/revisions"}],"wp:attachment":[{"href":"https:\/\/www.eldigitaldeasturias.com\/noticias\/wp-json\/wp\/v2\/media?parent=956265"}],"wp:term":[{"taxonomy":"category","embeddable":true,"href":"https:\/\/www.eldigitaldeasturias.com\/noticias\/wp-json\/wp\/v2\/categories?post=956265"},{"taxonomy":"post_tag","embeddable":true,"href":"https:\/\/www.eldigitaldeasturias.com\/noticias\/wp-json\/wp\/v2\/tags?post=956265"}],"curies":[{"name":"wp","href":"https:\/\/api.w.org\/{rel}","templated":true}]}}