{"id":956262,"date":"2017-10-16T16:36:46","date_gmt":"2017-10-16T16:36:46","guid":{"rendered":"http:\/\/www.eldigitaldeasturias.com\/noticias\/?p=956262"},"modified":"2017-10-16T16:36:46","modified_gmt":"2017-10-16T16:36:46","slug":"albert-rivera-es-el-momento-de-actuar-con-serenidad-y-con-firmeza","status":"publish","type":"post","link":"https:\/\/www.eldigitaldeasturias.com\/noticias\/albert-rivera-es-el-momento-de-actuar-con-serenidad-y-con-firmeza\/","title":{"rendered":"Albert Rivera: \u00abEs el momento de actuar con serenidad y con firmeza\u00bb"},"content":{"rendered":"<p><img loading=\"lazy\" decoding=\"async\" class=\"alignleft size-medium wp-image-956263\" src=\"https:\/\/www.eldigitaldeasturias.com\/noticias\/wp-content\/uploads\/2017\/10\/RIVERA-1-360x240.jpg\" alt=\"\" width=\"360\" height=\"240\" \/>El presidente de Ciudadanos recuerda que ya advirti\u00f3 que el plazo dado a Puigdemont &#8216;no servir\u00eda para nada&#8217; y que no conf\u00eda en que &#8216;se vuelva dem\u00f3crata antes del jueves&#8217;<\/p>\n<p>\u201cEs el momento de aplicar la Constituci\u00f3n para defender los derechos, las libertades y la palabra de los siete millones de catalanes secuestrados por Puigdemont\u201d, ha afirmado el presidente de Ciudadanos (Cs), Albert Rivera, quien ha vuelto a emplazar al Gobierno a que aplique el art\u00edculo 155 de la Carta Magna \u201cpara garantizar en Catalu\u00f1a unas elecciones abiertas, con garant\u00eda y con seguridad\u201d.<\/p>\n<p>El l\u00edder de la formaci\u00f3n liberal ha afirmado que \u201cen Catalu\u00f1a es posible una mayor\u00eda alternativa\u201d, pero que para lograrlo \u201chay que poner urnas y que los partidos no separatistas se comprometan a apoyar a la lista m\u00e1s votada\u201d. \u201cPuigdemont y Junqueras tienen miedo a que se vote de verdad, y por eso quieren negociar indultos y que no se cumpla el Estatuto de Catalu\u00f1a\u201d, ha se\u00f1alado Rivera.<\/p>\n<p>Rivera ha emplazado al Gobierno, en rueda de prensa tras la reuni\u00f3n de la Ejecutiva de Cs, a que defienda el cumplimiento de la Constituci\u00f3n \u201cporque no es algo opcional sino una obligaci\u00f3n\u201d, y que no siga \u201cmareando la perdiz ni perdiendo el tiempo con correspondencia epistolar\u201d. Aunque Rivera ha recordado que el plazo dado por el Ejecutivo concluye el jueves, ha reconocido tambi\u00e9n que no tiene ninguna expectativa \u201cde que Puigdemont se vuelva dem\u00f3crata y cumpla las leyes\u201d.<\/p>\n<p>\u201cEs el momento de actuar con serenidad y con firmeza\u201d, ha enfatizado Rivera, quien adem\u00e1s ha recordado tambi\u00e9n que Ciudadanos predijo hace d\u00edas que el plazo dado por el Gobierno al presidente de la Generalitat, Carles Puigdemont, para que respondiera si declar\u00f3 o no la independencia \u201cno iba a hacer que volviera a la legalidad ni solventar\u00eda el nacionalismo\u201d.<\/p>\n","protected":false},"excerpt":{"rendered":"<p>El presidente de Ciudadanos recuerda que ya advirti\u00f3 que el plazo dado a Puigdemont &#8216;no servir\u00eda para nada&#8217; y que no conf\u00eda en que &#8216;se vuelva dem\u00f3crata antes del jueves&#8217; \u201cEs el momento de aplicar la Constituci\u00f3n para defender los derechos, las libertades y la palabra de los siete millones de catalanes secuestrados por Puigdemont\u201d, [&hellip;]<\/p>\n","protected":false},"author":1,"featured_media":956263,"comment_status":"closed","ping_status":"closed","sticky":false,"template":"","format":"standard","meta":{"footnotes":""},"categories":[1],"tags":[],"class_list":["post-956262","post","type-post","status-publish","format-standard","has-post-thumbnail","hentry","category-actualidad"],"aioseo_notices":[],"aioseo_head":"\n\t\t<!-- All in One SEO Pro 5.0.1 - aioseo.com -->\n\t<meta name=\"description\" content=\"El presidente de Ciudadanos recuerda que ya advirti\u00f3 que el plazo dado a Puigdemont &#039;no servir\u00eda para nada&#039; y que no conf\u00eda en que &#039;se vuelva dem\u00f3crata antes del jueves&#039; \u201cEs el momento de aplicar la Constituci\u00f3n para defender los derechos, las libertades y la palabra de los siete millones de catalanes secuestrados por Puigdemont\u201d,\" \/>\n\t<meta name=\"robots\" content=\"max-image-preview:large\" \/>\n\t<meta name=\"author\" content=\"El Digital de Asturias\"\/>\n\t<meta name=\"google-site-verification\" content=\"UA-38556648-1\" \/>\n\t<meta name=\"msvalidate.01\" content=\"7dfe9f3f1b24437ab69f4f2559babe99\" \/>\n\t<meta name=\"keywords\" content=\"actualidad\" \/>\n\t<link rel=\"canonical\" href=\"https:\/\/www.eldigitaldeasturias.com\/noticias\/albert-rivera-es-el-momento-de-actuar-con-serenidad-y-con-firmeza\/\" \/>\n\t<meta name=\"generator\" content=\"All in One SEO Pro (AIOSEO) 5.0.1\" \/>\n\t\t<meta property=\"og:locale\" content=\"es_ES\" \/>\n\t\t<meta property=\"og:site_name\" content=\"El Digital de Asturias\" \/>\n\t\t<meta property=\"og:type\" content=\"article\" \/>\n\t\t<meta property=\"og:title\" content=\"Albert Rivera: \u00abEs el momento de actuar con serenidad y con firmeza\u00bb - El Digital de Asturias\" \/>\n\t\t<meta property=\"og:description\" content=\"El presidente de Ciudadanos recuerda que ya advirti\u00f3 que el plazo dado a Puigdemont &#039;no servir\u00eda para nada&#039; y que no conf\u00eda en que &#039;se vuelva dem\u00f3crata antes del jueves&#039; \u201cEs el momento de aplicar la Constituci\u00f3n para defender los derechos, las libertades y la palabra de los siete millones de catalanes secuestrados por Puigdemont\u201d,\" \/>\n\t\t<meta property=\"og:url\" content=\"https:\/\/www.eldigitaldeasturias.com\/noticias\/albert-rivera-es-el-momento-de-actuar-con-serenidad-y-con-firmeza\/\" \/>\n\t\t<meta property=\"article:tag\" content=\"actualidad\" \/>\n\t\t<meta property=\"article:published_time\" content=\"2017-10-16T16:36:46+00:00\" \/>\n\t\t<meta property=\"article:modified_time\" content=\"2017-10-16T16:36:46+00:00\" \/>\n\t\t<meta property=\"article:publisher\" content=\"https:\/\/facebook.com\/eldigitaldeasturias\" \/>\n\t\t<meta name=\"twitter:card\" content=\"summary_large_image\" \/>\n\t\t<meta name=\"twitter:title\" content=\"Albert Rivera: \u00abEs el momento de actuar con serenidad y con firmeza\u00bb - El Digital de Asturias\" \/>\n\t\t<meta name=\"twitter:description\" content=\"El presidente de Ciudadanos recuerda que ya advirti\u00f3 que el plazo dado a Puigdemont &#039;no servir\u00eda para nada&#039; y que no conf\u00eda en que &#039;se vuelva dem\u00f3crata antes del jueves&#039; \u201cEs el momento de aplicar la Constituci\u00f3n para defender los derechos, las libertades y la palabra de los siete millones de catalanes secuestrados por Puigdemont\u201d,\" \/>\n\t\t<meta name=\"twitter:image\" content=\"https:\/\/www.eldigitaldeasturias.com\/noticias\/wp-content\/uploads\/2020\/12\/EDA-1.jpg\" \/>\n\t\t<meta name=\"twitter:label1\" content=\"Escrito por\" \/>\n\t\t<meta name=\"twitter:data1\" content=\"El Digital de Asturias\" \/>\n\t\t<meta name=\"twitter:label2\" content=\"Tiempo de lectura estimado\" \/>\n\t\t<meta name=\"twitter:data2\" content=\"2 minutos\" \/>\n\t\t<script type=\"application\/ld+json\" class=\"aioseo-schema\">\n\t\t\t{\"@context\":\"https:\\\/\\\/schema.org\",\"@graph\":[{\"@type\":\"BlogPosting\",\"@id\":\"https:\\\/\\\/www.eldigitaldeasturias.com\\\/noticias\\\/albert-rivera-es-el-momento-de-actuar-con-serenidad-y-con-firmeza\\\/#blogposting\",\"name\":\"Albert Rivera: \\u00abEs el momento de actuar con serenidad y con firmeza\\u00bb - El Digital de Asturias\",\"headline\":\"Albert Rivera: \\u00abEs el momento de actuar con serenidad y con firmeza\\u00bb\",\"author\":{\"@id\":\"https:\\\/\\\/www.eldigitaldeasturias.com\\\/noticias\\\/author\\\/admin\\\/#author\"},\"publisher\":{\"@id\":\"https:\\\/\\\/www.eldigitaldeasturias.com\\\/noticias\\\/#organization\"},\"image\":{\"@type\":\"ImageObject\",\"url\":956263},\"datePublished\":\"2017-10-16T16:36:46+02:00\",\"dateModified\":\"2017-10-16T16:36:46+02:00\",\"inLanguage\":\"es-ES\",\"mainEntityOfPage\":{\"@id\":\"https:\\\/\\\/www.eldigitaldeasturias.com\\\/noticias\\\/albert-rivera-es-el-momento-de-actuar-con-serenidad-y-con-firmeza\\\/#webpage\"},\"isPartOf\":{\"@id\":\"https:\\\/\\\/www.eldigitaldeasturias.com\\\/noticias\\\/albert-rivera-es-el-momento-de-actuar-con-serenidad-y-con-firmeza\\\/#webpage\"},\"articleSection\":\"Actualidad\"},{\"@type\":\"BreadcrumbList\",\"@id\":\"https:\\\/\\\/www.eldigitaldeasturias.com\\\/noticias\\\/albert-rivera-es-el-momento-de-actuar-con-serenidad-y-con-firmeza\\\/#breadcrumblist\",\"itemListElement\":[{\"@type\":\"ListItem\",\"@id\":\"https:\\\/\\\/www.eldigitaldeasturias.com\\\/noticias#listItem\",\"position\":1,\"name\":\"Home\",\"item\":\"https:\\\/\\\/www.eldigitaldeasturias.com\\\/noticias\",\"nextItem\":{\"@type\":\"ListItem\",\"@id\":\"https:\\\/\\\/www.eldigitaldeasturias.com\\\/noticias\\\/category\\\/actualidad\\\/#listItem\",\"name\":\"Actualidad\"}},{\"@type\":\"ListItem\",\"@id\":\"https:\\\/\\\/www.eldigitaldeasturias.com\\\/noticias\\\/category\\\/actualidad\\\/#listItem\",\"position\":2,\"name\":\"Actualidad\",\"item\":\"https:\\\/\\\/www.eldigitaldeasturias.com\\\/noticias\\\/category\\\/actualidad\\\/\",\"nextItem\":{\"@type\":\"ListItem\",\"@id\":\"https:\\\/\\\/www.eldigitaldeasturias.com\\\/noticias\\\/albert-rivera-es-el-momento-de-actuar-con-serenidad-y-con-firmeza\\\/#listItem\",\"name\":\"Albert Rivera: \\u00abEs el momento de actuar con serenidad y con firmeza\\u00bb\"},\"previousItem\":{\"@type\":\"ListItem\",\"@id\":\"https:\\\/\\\/www.eldigitaldeasturias.com\\\/noticias#listItem\",\"name\":\"Home\"}},{\"@type\":\"ListItem\",\"@id\":\"https:\\\/\\\/www.eldigitaldeasturias.com\\\/noticias\\\/albert-rivera-es-el-momento-de-actuar-con-serenidad-y-con-firmeza\\\/#listItem\",\"position\":3,\"name\":\"Albert Rivera: \\u00abEs el momento de actuar con serenidad y con firmeza\\u00bb\",\"previousItem\":{\"@type\":\"ListItem\",\"@id\":\"https:\\\/\\\/www.eldigitaldeasturias.com\\\/noticias\\\/category\\\/actualidad\\\/#listItem\",\"name\":\"Actualidad\"}}]},{\"@type\":\"Organization\",\"@id\":\"https:\\\/\\\/www.eldigitaldeasturias.com\\\/noticias\\\/#organization\",\"name\":\"El Digital de Asturias\",\"description\":\"Hemeroteca\",\"url\":\"https:\\\/\\\/www.eldigitaldeasturias.com\\\/noticias\\\/\",\"email\":\"info@eldigitaldeasturias.com\",\"telephone\":\"+34652131393\",\"logo\":{\"@type\":\"ImageObject\",\"url\":\"https:\\\/\\\/www.eldigitaldeasturias.com\\\/noticias\\\/wp-content\\\/uploads\\\/2020\\\/12\\\/EDA.jpg\",\"@id\":\"https:\\\/\\\/www.eldigitaldeasturias.com\\\/noticias\\\/albert-rivera-es-el-momento-de-actuar-con-serenidad-y-con-firmeza\\\/#organizationLogo\"},\"image\":{\"@id\":\"https:\\\/\\\/www.eldigitaldeasturias.com\\\/noticias\\\/albert-rivera-es-el-momento-de-actuar-con-serenidad-y-con-firmeza\\\/#organizationLogo\"},\"sameAs\":[\"https:\\\/\\\/facebook.com\\\/eldigitaldeasturias\",\"https:\\\/\\\/www.youtube.com\\\/channel\\\/UCZP-2wLEB9Rv6erhFmqVnvg\"],\"address\":{\"@id\":\"https:\\\/\\\/www.eldigitaldeasturias.com\\\/noticias\\\/#postaladdress\",\"@type\":\"PostalAddress\",\"streetAddress\":\"san antonio 4\",\"postalCode\":\"33430\",\"addressLocality\":\"Cand\\u00e1s\",\"addressRegion\":\"Asturias\",\"addressCountry\":\"ES\"}},{\"@type\":\"Person\",\"@id\":\"https:\\\/\\\/www.eldigitaldeasturias.com\\\/noticias\\\/author\\\/admin\\\/#author\",\"url\":\"https:\\\/\\\/www.eldigitaldeasturias.com\\\/noticias\\\/author\\\/admin\\\/\",\"name\":\"El Digital de Asturias\",\"image\":{\"@type\":\"ImageObject\",\"@id\":\"https:\\\/\\\/www.eldigitaldeasturias.com\\\/noticias\\\/albert-rivera-es-el-momento-de-actuar-con-serenidad-y-con-firmeza\\\/#authorImage\",\"url\":\"https:\\\/\\\/secure.gravatar.com\\\/avatar\\\/df2aeffc32bcd13f8d26072ef8a91b623d677766deac7f97ca815868cd41bf5e?s=96&d=mm&r=g\",\"width\":96,\"height\":96,\"caption\":\"El Digital de Asturias\"}},{\"@type\":\"WebPage\",\"@id\":\"https:\\\/\\\/www.eldigitaldeasturias.com\\\/noticias\\\/albert-rivera-es-el-momento-de-actuar-con-serenidad-y-con-firmeza\\\/#webpage\",\"url\":\"https:\\\/\\\/www.eldigitaldeasturias.com\\\/noticias\\\/albert-rivera-es-el-momento-de-actuar-con-serenidad-y-con-firmeza\\\/\",\"name\":\"Albert Rivera: \\u00abEs el momento de actuar con serenidad y con firmeza\\u00bb - El Digital de Asturias\",\"description\":\"El presidente de Ciudadanos recuerda que ya advirti\\u00f3 que el plazo dado a Puigdemont 'no servir\\u00eda para nada' y que no conf\\u00eda en que 'se vuelva dem\\u00f3crata antes del jueves' \\u201cEs el momento de aplicar la Constituci\\u00f3n para defender los derechos, las libertades y la palabra de los siete millones de catalanes secuestrados por Puigdemont\\u201d,\",\"inLanguage\":\"es-ES\",\"isPartOf\":{\"@id\":\"https:\\\/\\\/www.eldigitaldeasturias.com\\\/noticias\\\/#website\"},\"breadcrumb\":{\"@id\":\"https:\\\/\\\/www.eldigitaldeasturias.com\\\/noticias\\\/albert-rivera-es-el-momento-de-actuar-con-serenidad-y-con-firmeza\\\/#breadcrumblist\"},\"author\":{\"@id\":\"https:\\\/\\\/www.eldigitaldeasturias.com\\\/noticias\\\/author\\\/admin\\\/#author\"},\"creator\":{\"@id\":\"https:\\\/\\\/www.eldigitaldeasturias.com\\\/noticias\\\/author\\\/admin\\\/#author\"},\"image\":{\"@type\":\"ImageObject\",\"url\":956263,\"@id\":\"https:\\\/\\\/www.eldigitaldeasturias.com\\\/noticias\\\/albert-rivera-es-el-momento-de-actuar-con-serenidad-y-con-firmeza\\\/#mainImage\"},\"primaryImageOfPage\":{\"@id\":\"https:\\\/\\\/www.eldigitaldeasturias.com\\\/noticias\\\/albert-rivera-es-el-momento-de-actuar-con-serenidad-y-con-firmeza\\\/#mainImage\"},\"datePublished\":\"2017-10-16T16:36:46+02:00\",\"dateModified\":\"2017-10-16T16:36:46+02:00\"},{\"@type\":\"WebSite\",\"@id\":\"https:\\\/\\\/www.eldigitaldeasturias.com\\\/noticias\\\/#website\",\"url\":\"https:\\\/\\\/www.eldigitaldeasturias.com\\\/noticias\\\/\",\"name\":\"El Digital de Asturias - Diario de actualidad y noticias\",\"alternateName\":\"El Digital de Asturias - Diario de actualidad y noticias\",\"description\":\"Hemeroteca\",\"inLanguage\":\"es-ES\",\"publisher\":{\"@id\":\"https:\\\/\\\/www.eldigitaldeasturias.com\\\/noticias\\\/#organization\"}}]}\n\t\t<\/script>\n\t\t<!-- All in One SEO Pro -->\r\n\t\t<title>Albert Rivera: \u00abEs el momento de actuar con serenidad y con firmeza\u00bb - El Digital de Asturias<\/title>\n\n","aioseo_head_json":{"title":"Albert Rivera: \u00abEs el momento de actuar con serenidad y con firmeza\u00bb - El Digital de Asturias","description":"El presidente de Ciudadanos recuerda que ya advirti\u00f3 que el plazo dado a Puigdemont 'no servir\u00eda para nada' y que no conf\u00eda en que 'se vuelva dem\u00f3crata antes del jueves' \u201cEs el momento de aplicar la Constituci\u00f3n para defender los derechos, las libertades y la palabra de los siete millones de catalanes secuestrados por Puigdemont\u201d,","canonical_url":"https:\/\/www.eldigitaldeasturias.com\/noticias\/albert-rivera-es-el-momento-de-actuar-con-serenidad-y-con-firmeza\/","robots":"max-image-preview:large","keywords":"actualidad","webmasterTools":{"google-site-verification":"UA-38556648-1","msvalidate.01":"7dfe9f3f1b24437ab69f4f2559babe99","miscellaneous":""},"schema":{"@context":"https:\/\/schema.org","@graph":[{"@type":"BlogPosting","@id":"https:\/\/www.eldigitaldeasturias.com\/noticias\/albert-rivera-es-el-momento-de-actuar-con-serenidad-y-con-firmeza\/#blogposting","name":"Albert Rivera: \u00abEs el momento de actuar con serenidad y con firmeza\u00bb - El Digital de Asturias","headline":"Albert Rivera: \u00abEs el momento de actuar con serenidad y con firmeza\u00bb","author":{"@id":"https:\/\/www.eldigitaldeasturias.com\/noticias\/author\/admin\/#author"},"publisher":{"@id":"https:\/\/www.eldigitaldeasturias.com\/noticias\/#organization"},"image":{"@type":"ImageObject","url":956263},"datePublished":"2017-10-16T16:36:46+02:00","dateModified":"2017-10-16T16:36:46+02:00","inLanguage":"es-ES","mainEntityOfPage":{"@id":"https:\/\/www.eldigitaldeasturias.com\/noticias\/albert-rivera-es-el-momento-de-actuar-con-serenidad-y-con-firmeza\/#webpage"},"isPartOf":{"@id":"https:\/\/www.eldigitaldeasturias.com\/noticias\/albert-rivera-es-el-momento-de-actuar-con-serenidad-y-con-firmeza\/#webpage"},"articleSection":"Actualidad"},{"@type":"BreadcrumbList","@id":"https:\/\/www.eldigitaldeasturias.com\/noticias\/albert-rivera-es-el-momento-de-actuar-con-serenidad-y-con-firmeza\/#breadcrumblist","itemListElement":[{"@type":"ListItem","@id":"https:\/\/www.eldigitaldeasturias.com\/noticias#listItem","position":1,"name":"Home","item":"https:\/\/www.eldigitaldeasturias.com\/noticias","nextItem":{"@type":"ListItem","@id":"https:\/\/www.eldigitaldeasturias.com\/noticias\/category\/actualidad\/#listItem","name":"Actualidad"}},{"@type":"ListItem","@id":"https:\/\/www.eldigitaldeasturias.com\/noticias\/category\/actualidad\/#listItem","position":2,"name":"Actualidad","item":"https:\/\/www.eldigitaldeasturias.com\/noticias\/category\/actualidad\/","nextItem":{"@type":"ListItem","@id":"https:\/\/www.eldigitaldeasturias.com\/noticias\/albert-rivera-es-el-momento-de-actuar-con-serenidad-y-con-firmeza\/#listItem","name":"Albert Rivera: \u00abEs el momento de actuar con serenidad y con firmeza\u00bb"},"previousItem":{"@type":"ListItem","@id":"https:\/\/www.eldigitaldeasturias.com\/noticias#listItem","name":"Home"}},{"@type":"ListItem","@id":"https:\/\/www.eldigitaldeasturias.com\/noticias\/albert-rivera-es-el-momento-de-actuar-con-serenidad-y-con-firmeza\/#listItem","position":3,"name":"Albert Rivera: \u00abEs el momento de actuar con serenidad y con firmeza\u00bb","previousItem":{"@type":"ListItem","@id":"https:\/\/www.eldigitaldeasturias.com\/noticias\/category\/actualidad\/#listItem","name":"Actualidad"}}]},{"@type":"Organization","@id":"https:\/\/www.eldigitaldeasturias.com\/noticias\/#organization","name":"El Digital de Asturias","description":"Hemeroteca","url":"https:\/\/www.eldigitaldeasturias.com\/noticias\/","email":"info@eldigitaldeasturias.com","telephone":"+34652131393","logo":{"@type":"ImageObject","url":"https:\/\/www.eldigitaldeasturias.com\/noticias\/wp-content\/uploads\/2020\/12\/EDA.jpg","@id":"https:\/\/www.eldigitaldeasturias.com\/noticias\/albert-rivera-es-el-momento-de-actuar-con-serenidad-y-con-firmeza\/#organizationLogo"},"image":{"@id":"https:\/\/www.eldigitaldeasturias.com\/noticias\/albert-rivera-es-el-momento-de-actuar-con-serenidad-y-con-firmeza\/#organizationLogo"},"sameAs":["https:\/\/facebook.com\/eldigitaldeasturias","https:\/\/www.youtube.com\/channel\/UCZP-2wLEB9Rv6erhFmqVnvg"],"address":{"@id":"https:\/\/www.eldigitaldeasturias.com\/noticias\/#postaladdress","@type":"PostalAddress","streetAddress":"san antonio 4","postalCode":"33430","addressLocality":"Cand\u00e1s","addressRegion":"Asturias","addressCountry":"ES"}},{"@type":"Person","@id":"https:\/\/www.eldigitaldeasturias.com\/noticias\/author\/admin\/#author","url":"https:\/\/www.eldigitaldeasturias.com\/noticias\/author\/admin\/","name":"El Digital de Asturias","image":{"@type":"ImageObject","@id":"https:\/\/www.eldigitaldeasturias.com\/noticias\/albert-rivera-es-el-momento-de-actuar-con-serenidad-y-con-firmeza\/#authorImage","url":"https:\/\/secure.gravatar.com\/avatar\/df2aeffc32bcd13f8d26072ef8a91b623d677766deac7f97ca815868cd41bf5e?s=96&d=mm&r=g","width":96,"height":96,"caption":"El Digital de Asturias"}},{"@type":"WebPage","@id":"https:\/\/www.eldigitaldeasturias.com\/noticias\/albert-rivera-es-el-momento-de-actuar-con-serenidad-y-con-firmeza\/#webpage","url":"https:\/\/www.eldigitaldeasturias.com\/noticias\/albert-rivera-es-el-momento-de-actuar-con-serenidad-y-con-firmeza\/","name":"Albert Rivera: \u00abEs el momento de actuar con serenidad y con firmeza\u00bb - El Digital de Asturias","description":"El presidente de Ciudadanos recuerda que ya advirti\u00f3 que el plazo dado a Puigdemont 'no servir\u00eda para nada' y que no conf\u00eda en que 'se vuelva dem\u00f3crata antes del jueves' \u201cEs el momento de aplicar la Constituci\u00f3n para defender los derechos, las libertades y la palabra de los siete millones de catalanes secuestrados por Puigdemont\u201d,","inLanguage":"es-ES","isPartOf":{"@id":"https:\/\/www.eldigitaldeasturias.com\/noticias\/#website"},"breadcrumb":{"@id":"https:\/\/www.eldigitaldeasturias.com\/noticias\/albert-rivera-es-el-momento-de-actuar-con-serenidad-y-con-firmeza\/#breadcrumblist"},"author":{"@id":"https:\/\/www.eldigitaldeasturias.com\/noticias\/author\/admin\/#author"},"creator":{"@id":"https:\/\/www.eldigitaldeasturias.com\/noticias\/author\/admin\/#author"},"image":{"@type":"ImageObject","url":956263,"@id":"https:\/\/www.eldigitaldeasturias.com\/noticias\/albert-rivera-es-el-momento-de-actuar-con-serenidad-y-con-firmeza\/#mainImage"},"primaryImageOfPage":{"@id":"https:\/\/www.eldigitaldeasturias.com\/noticias\/albert-rivera-es-el-momento-de-actuar-con-serenidad-y-con-firmeza\/#mainImage"},"datePublished":"2017-10-16T16:36:46+02:00","dateModified":"2017-10-16T16:36:46+02:00"},{"@type":"WebSite","@id":"https:\/\/www.eldigitaldeasturias.com\/noticias\/#website","url":"https:\/\/www.eldigitaldeasturias.com\/noticias\/","name":"El Digital de Asturias - Diario de actualidad y noticias","alternateName":"El Digital de Asturias - Diario de actualidad y noticias","description":"Hemeroteca","inLanguage":"es-ES","publisher":{"@id":"https:\/\/www.eldigitaldeasturias.com\/noticias\/#organization"}}]},"og:locale":"es_ES","og:site_name":"El Digital de Asturias","og:type":"article","og:title":"Albert Rivera: \u00abEs el momento de actuar con serenidad y con firmeza\u00bb - El Digital de Asturias","og:description":"El presidente de Ciudadanos recuerda que ya advirti\u00f3 que el plazo dado a Puigdemont 'no servir\u00eda para nada' y que no conf\u00eda en que 'se vuelva dem\u00f3crata antes del jueves' \u201cEs el momento de aplicar la Constituci\u00f3n para defender los derechos, las libertades y la palabra de los siete millones de catalanes secuestrados por Puigdemont\u201d,","og:url":"https:\/\/www.eldigitaldeasturias.com\/noticias\/albert-rivera-es-el-momento-de-actuar-con-serenidad-y-con-firmeza\/","article:tag":["actualidad"],"article:published_time":"2017-10-16T16:36:46+00:00","article:modified_time":"2017-10-16T16:36:46+00:00","article:publisher":"https:\/\/facebook.com\/eldigitaldeasturias","twitter:card":"summary_large_image","twitter:title":"Albert Rivera: \u00abEs el momento de actuar con serenidad y con firmeza\u00bb - El Digital de Asturias","twitter:description":"El presidente de Ciudadanos recuerda que ya advirti\u00f3 que el plazo dado a Puigdemont 'no servir\u00eda para nada' y que no conf\u00eda en que 'se vuelva dem\u00f3crata antes del jueves' \u201cEs el momento de aplicar la Constituci\u00f3n para defender los derechos, las libertades y la palabra de los siete millones de catalanes secuestrados por Puigdemont\u201d,","twitter:image":"https:\/\/www.eldigitaldeasturias.com\/noticias\/wp-content\/uploads\/2020\/12\/EDA-1.jpg","twitter:label1":"Escrito por","twitter:data1":"El Digital de Asturias","twitter:label2":"Tiempo de lectura estimado","twitter:data2":"2 minutos"},"aioseo_meta_data":{"post_id":"956262","title":null,"description":null,"keywords":null,"keyphrases":null,"primary_term":null,"canonical_url":null,"og_title":null,"og_description":null,"og_object_type":"default","og_image_type":"default","og_image_url":null,"og_image_width":null,"og_image_height":null,"og_image_custom_url":null,"og_image_custom_fields":null,"og_video":null,"og_custom_url":null,"og_article_section":null,"og_article_tags":null,"twitter_use_og":false,"twitter_card":"default","twitter_image_type":"default","twitter_image_url":null,"twitter_image_custom_url":null,"twitter_image_custom_fields":null,"twitter_title":null,"twitter_description":null,"schema":{"blockGraphs":[],"customGraphs":[],"default":{"data":{"Article":[],"Course":[],"Dataset":[],"FAQPage":[],"Movie":[],"Person":[],"Product":[],"ProductReview":[],"Car":[],"Recipe":[],"Service":[],"SoftwareApplication":[],"WebPage":[]},"graphName":"","isEnabled":true},"graphs":[],"defaultGraph":"","defaultPostTypeGraph":""},"schema_type":null,"schema_type_options":null,"pillar_content":false,"robots_default":true,"robots_noindex":false,"robots_noarchive":false,"robots_nosnippet":false,"robots_nofollow":false,"robots_noimageindex":false,"robots_noodp":false,"robots_notranslate":false,"robots_max_snippet":null,"robots_max_videopreview":null,"robots_max_imagepreview":"large","priority":null,"frequency":null,"local_seo":null,"seo_analyzer_scan_date":"2025-12-06 13:02:10","breadcrumb_settings":null,"limit_modified_date":false,"open_ai":null,"ai":null,"created":"2020-12-21 12:55:56","updated":"2025-12-06 13:02:10","focus_keyword":null,"additional_keywords":null,"truseo_locale":null},"aioseo_breadcrumb":"<div class=\"aioseo-breadcrumbs\"><span class=\"aioseo-breadcrumb\">\n\t<a href=\"https:\/\/www.eldigitaldeasturias.com\/noticias\" title=\"Home\">Home<\/a>\n<\/span><span class=\"aioseo-breadcrumb-separator\">\u2013<\/span><span class=\"aioseo-breadcrumb\">\n\t<a href=\"https:\/\/www.eldigitaldeasturias.com\/noticias\/category\/actualidad\/\" title=\"Actualidad\">Actualidad<\/a>\n<\/span><span class=\"aioseo-breadcrumb-separator\">\u2013<\/span><span class=\"aioseo-breadcrumb\">\n\t<a href=\"https:\/\/www.eldigitaldeasturias.com\/noticias\/albert-rivera-es-el-momento-de-actuar-con-serenidad-y-con-firmeza\/\" title=\"Albert Rivera: \u00abEs el momento de actuar con serenidad y con firmeza\u00bb\">Albert Rivera: \u00abEs el momento de actuar con serenidad y con firmeza\u00bb<\/a>\n<\/span><\/div>","aioseo_breadcrumb_json":[{"label":"Home","link":"https:\/\/www.eldigitaldeasturias.com\/noticias"},{"label":"Actualidad","link":"https:\/\/www.eldigitaldeasturias.com\/noticias\/category\/actualidad\/"},{"label":"Albert Rivera: \u00abEs el momento de actuar con serenidad y con firmeza\u00bb","link":"https:\/\/www.eldigitaldeasturias.com\/noticias\/albert-rivera-es-el-momento-de-actuar-con-serenidad-y-con-firmeza\/"}],"_links":{"self":[{"href":"https:\/\/www.eldigitaldeasturias.com\/noticias\/wp-json\/wp\/v2\/posts\/956262","targetHints":{"allow":["GET"]}}],"collection":[{"href":"https:\/\/www.eldigitaldeasturias.com\/noticias\/wp-json\/wp\/v2\/posts"}],"about":[{"href":"https:\/\/www.eldigitaldeasturias.com\/noticias\/wp-json\/wp\/v2\/types\/post"}],"author":[{"embeddable":true,"href":"https:\/\/www.eldigitaldeasturias.com\/noticias\/wp-json\/wp\/v2\/users\/1"}],"replies":[{"embeddable":true,"href":"https:\/\/www.eldigitaldeasturias.com\/noticias\/wp-json\/wp\/v2\/comments?post=956262"}],"version-history":[{"count":0,"href":"https:\/\/www.eldigitaldeasturias.com\/noticias\/wp-json\/wp\/v2\/posts\/956262\/revisions"}],"wp:attachment":[{"href":"https:\/\/www.eldigitaldeasturias.com\/noticias\/wp-json\/wp\/v2\/media?parent=956262"}],"wp:term":[{"taxonomy":"category","embeddable":true,"href":"https:\/\/www.eldigitaldeasturias.com\/noticias\/wp-json\/wp\/v2\/categories?post=956262"},{"taxonomy":"post_tag","embeddable":true,"href":"https:\/\/www.eldigitaldeasturias.com\/noticias\/wp-json\/wp\/v2\/tags?post=956262"}],"curies":[{"name":"wp","href":"https:\/\/api.w.org\/{rel}","templated":true}]}}