{"id":956259,"date":"2017-10-16T16:32:54","date_gmt":"2017-10-16T16:32:54","guid":{"rendered":"http:\/\/www.eldigitaldeasturias.com\/noticias\/?p=956259"},"modified":"2017-10-16T16:32:54","modified_gmt":"2017-10-16T16:32:54","slug":"garcia-albiol-puigdemont-quiere-alargar-el-periodo-de-incertidumbre","status":"publish","type":"post","link":"https:\/\/www.eldigitaldeasturias.com\/noticias\/garcia-albiol-puigdemont-quiere-alargar-el-periodo-de-incertidumbre\/","title":{"rendered":"Garc\u00eda Albiol: \u00abPuigdemont quiere alargar el periodo de incertidumbre\u00bb"},"content":{"rendered":"<p><img loading=\"lazy\" decoding=\"async\" class=\"alignleft size-medium wp-image-956260\" src=\"https:\/\/www.eldigitaldeasturias.com\/noticias\/wp-content\/uploads\/2017\/10\/33862494573-360x163.jpg\" alt=\"\" width=\"360\" height=\"163\" \/>El dirigente popular, ha empezado su intervenci\u00f3n despu\u00e9s de la reuni\u00f3n del Comit\u00e9 de Direcci\u00f3n, aclarando que \u201cel Gobierno de Espa\u00f1a defender\u00e1 a todos los catalanes y al conjunto de espa\u00f1oles para garantizar que Catalu\u00f1a vuelva en el menos tiempo posible a la normalidad y el sentido com\u00fan\u201d.<\/p>\n<p>Subraya que la respuesta dada por Puigdemont al Gobierno en la carta emitida esta ma\u00f1ana, \u201cparece redactada por la CUP y ERC y no apuesta por volver a la normalidad\u201d. En este sentido, subraya que el presidente de la Generalitat ten\u00eda dos opciones, satisfacer con su respuesta a los radicales de ERC y la CUP o a la inmensa mayor\u00eda de los catalanes que apuestan por la responsabilidad y equilibrio, \u201cpero lamentablemente ha decidido d\u00e1rsela a los que est\u00e1n instalados en la radicalidad\u201d, ha sentenciado. Frente a la situaci\u00f3n l\u00edmite, Albiol ha asegurado que desde el PPC \u201ctenemos pocas esperanzas que de aqu\u00ed a tres d\u00edas se vuelva a la legalidad y haya alg\u00fan cambio positivo\u201d.<\/p>\n<p>As\u00ed, el diputado en el parlamento de Catalu\u00f1a, explica que lo que Puigdemont quiere en realidad es alargar el periodo de incertidumbre pol\u00edtica y social que vive Catalu\u00f1a y que sigue fracturando la sociedad. Pese a la situaci\u00f3n de crisis e incertidumbre, Albiol afirma que el Gobierno de Mariano Rajoy est\u00e1 garantizando el respeto al Estado de derecho con \u201cuna paciencia casi infinita\u201d, defendiendo a todos los catalanes para que se acabe con \u201cesta irresponsabilidad lo antes posible\u201d.<\/p>\n<p>De esta manera, y puesto que \u201clos catalanes no pueden vivir un segundo m\u00e1s con la incerteza pol\u00edtica, econ\u00f3mica y social\u201d, Xavi Garc\u00eda Albiol insiste en que si Puigdemont no es capaz de hacer un gesto en las pr\u00f3ximas 48 horas, el Gobierno de Espa\u00f1a aplicar\u00e1 medidas oportunas, aunque confirma que si se acaba aplicando el Art\u00edculo 155, \u201cse har\u00e1 con prudencia y responsabilidad, con el objetivo de restablecer la normalidad\u201d.<\/p>\n<p>&nbsp;<\/p>\n","protected":false},"excerpt":{"rendered":"<p>El dirigente popular, ha empezado su intervenci\u00f3n despu\u00e9s de la reuni\u00f3n del Comit\u00e9 de Direcci\u00f3n, aclarando que \u201cel Gobierno de Espa\u00f1a defender\u00e1 a todos los catalanes y al conjunto de espa\u00f1oles para garantizar que Catalu\u00f1a vuelva en el menos tiempo posible a la normalidad y el sentido com\u00fan\u201d. Subraya que la respuesta dada por Puigdemont [&hellip;]<\/p>\n","protected":false},"author":1,"featured_media":956260,"comment_status":"closed","ping_status":"closed","sticky":false,"template":"","format":"standard","meta":{"footnotes":""},"categories":[1],"tags":[],"class_list":["post-956259","post","type-post","status-publish","format-standard","has-post-thumbnail","hentry","category-actualidad"],"aioseo_notices":[],"aioseo_head":"\n\t\t<!-- All in One SEO Pro 5.0.1 - aioseo.com -->\n\t<meta name=\"description\" content=\"El dirigente popular, ha empezado su intervenci\u00f3n despu\u00e9s de la reuni\u00f3n del Comit\u00e9 de Direcci\u00f3n, aclarando que \u201cel Gobierno de Espa\u00f1a defender\u00e1 a todos los catalanes y al conjunto de espa\u00f1oles para garantizar que Catalu\u00f1a vuelva en el menos tiempo posible a la normalidad y el sentido com\u00fan\u201d. Subraya que la respuesta dada por Puigdemont\" \/>\n\t<meta name=\"robots\" content=\"max-image-preview:large\" \/>\n\t<meta name=\"author\" content=\"El Digital de Asturias\"\/>\n\t<meta name=\"google-site-verification\" content=\"UA-38556648-1\" \/>\n\t<meta name=\"msvalidate.01\" content=\"7dfe9f3f1b24437ab69f4f2559babe99\" \/>\n\t<meta name=\"keywords\" content=\"actualidad\" \/>\n\t<link rel=\"canonical\" href=\"https:\/\/www.eldigitaldeasturias.com\/noticias\/garcia-albiol-puigdemont-quiere-alargar-el-periodo-de-incertidumbre\/\" \/>\n\t<meta name=\"generator\" content=\"All in One SEO Pro (AIOSEO) 5.0.1\" \/>\n\t\t<meta property=\"og:locale\" content=\"es_ES\" \/>\n\t\t<meta property=\"og:site_name\" content=\"El Digital de Asturias\" \/>\n\t\t<meta property=\"og:type\" content=\"article\" \/>\n\t\t<meta property=\"og:title\" content=\"Garc\u00eda Albiol: \u00abPuigdemont quiere alargar el periodo de incertidumbre\u00bb - El Digital de Asturias\" \/>\n\t\t<meta property=\"og:description\" content=\"El dirigente popular, ha empezado su intervenci\u00f3n despu\u00e9s de la reuni\u00f3n del Comit\u00e9 de Direcci\u00f3n, aclarando que \u201cel Gobierno de Espa\u00f1a defender\u00e1 a todos los catalanes y al conjunto de espa\u00f1oles para garantizar que Catalu\u00f1a vuelva en el menos tiempo posible a la normalidad y el sentido com\u00fan\u201d. Subraya que la respuesta dada por Puigdemont\" \/>\n\t\t<meta property=\"og:url\" content=\"https:\/\/www.eldigitaldeasturias.com\/noticias\/garcia-albiol-puigdemont-quiere-alargar-el-periodo-de-incertidumbre\/\" \/>\n\t\t<meta property=\"article:tag\" content=\"actualidad\" \/>\n\t\t<meta property=\"article:published_time\" content=\"2017-10-16T16:32:54+00:00\" \/>\n\t\t<meta property=\"article:modified_time\" content=\"2017-10-16T16:32:54+00:00\" \/>\n\t\t<meta property=\"article:publisher\" content=\"https:\/\/facebook.com\/eldigitaldeasturias\" \/>\n\t\t<meta name=\"twitter:card\" content=\"summary_large_image\" \/>\n\t\t<meta name=\"twitter:title\" content=\"Garc\u00eda Albiol: \u00abPuigdemont quiere alargar el periodo de incertidumbre\u00bb - El Digital de Asturias\" \/>\n\t\t<meta name=\"twitter:description\" content=\"El dirigente popular, ha empezado su intervenci\u00f3n despu\u00e9s de la reuni\u00f3n del Comit\u00e9 de Direcci\u00f3n, aclarando que \u201cel Gobierno de Espa\u00f1a defender\u00e1 a todos los catalanes y al conjunto de espa\u00f1oles para garantizar que Catalu\u00f1a vuelva en el menos tiempo posible a la normalidad y el sentido com\u00fan\u201d. Subraya que la respuesta dada por Puigdemont\" \/>\n\t\t<meta name=\"twitter:image\" content=\"https:\/\/www.eldigitaldeasturias.com\/noticias\/wp-content\/uploads\/2020\/12\/EDA-1.jpg\" \/>\n\t\t<meta name=\"twitter:label1\" content=\"Escrito por\" \/>\n\t\t<meta name=\"twitter:data1\" content=\"El Digital de Asturias\" \/>\n\t\t<meta name=\"twitter:label2\" content=\"Tiempo de lectura estimado\" \/>\n\t\t<meta name=\"twitter:data2\" content=\"2 minutos\" \/>\n\t\t<script type=\"application\/ld+json\" class=\"aioseo-schema\">\n\t\t\t{\"@context\":\"https:\\\/\\\/schema.org\",\"@graph\":[{\"@type\":\"BlogPosting\",\"@id\":\"https:\\\/\\\/www.eldigitaldeasturias.com\\\/noticias\\\/garcia-albiol-puigdemont-quiere-alargar-el-periodo-de-incertidumbre\\\/#blogposting\",\"name\":\"Garc\\u00eda Albiol: \\u00abPuigdemont quiere alargar el periodo de incertidumbre\\u00bb - El Digital de Asturias\",\"headline\":\"Garc\\u00eda Albiol: \\u00abPuigdemont quiere alargar el periodo de incertidumbre\\u00bb\",\"author\":{\"@id\":\"https:\\\/\\\/www.eldigitaldeasturias.com\\\/noticias\\\/author\\\/admin\\\/#author\"},\"publisher\":{\"@id\":\"https:\\\/\\\/www.eldigitaldeasturias.com\\\/noticias\\\/#organization\"},\"image\":{\"@type\":\"ImageObject\",\"url\":956260},\"datePublished\":\"2017-10-16T16:32:54+02:00\",\"dateModified\":\"2017-10-16T16:32:54+02:00\",\"inLanguage\":\"es-ES\",\"mainEntityOfPage\":{\"@id\":\"https:\\\/\\\/www.eldigitaldeasturias.com\\\/noticias\\\/garcia-albiol-puigdemont-quiere-alargar-el-periodo-de-incertidumbre\\\/#webpage\"},\"isPartOf\":{\"@id\":\"https:\\\/\\\/www.eldigitaldeasturias.com\\\/noticias\\\/garcia-albiol-puigdemont-quiere-alargar-el-periodo-de-incertidumbre\\\/#webpage\"},\"articleSection\":\"Actualidad\"},{\"@type\":\"BreadcrumbList\",\"@id\":\"https:\\\/\\\/www.eldigitaldeasturias.com\\\/noticias\\\/garcia-albiol-puigdemont-quiere-alargar-el-periodo-de-incertidumbre\\\/#breadcrumblist\",\"itemListElement\":[{\"@type\":\"ListItem\",\"@id\":\"https:\\\/\\\/www.eldigitaldeasturias.com\\\/noticias#listItem\",\"position\":1,\"name\":\"Home\",\"item\":\"https:\\\/\\\/www.eldigitaldeasturias.com\\\/noticias\",\"nextItem\":{\"@type\":\"ListItem\",\"@id\":\"https:\\\/\\\/www.eldigitaldeasturias.com\\\/noticias\\\/category\\\/actualidad\\\/#listItem\",\"name\":\"Actualidad\"}},{\"@type\":\"ListItem\",\"@id\":\"https:\\\/\\\/www.eldigitaldeasturias.com\\\/noticias\\\/category\\\/actualidad\\\/#listItem\",\"position\":2,\"name\":\"Actualidad\",\"item\":\"https:\\\/\\\/www.eldigitaldeasturias.com\\\/noticias\\\/category\\\/actualidad\\\/\",\"nextItem\":{\"@type\":\"ListItem\",\"@id\":\"https:\\\/\\\/www.eldigitaldeasturias.com\\\/noticias\\\/garcia-albiol-puigdemont-quiere-alargar-el-periodo-de-incertidumbre\\\/#listItem\",\"name\":\"Garc\\u00eda Albiol: \\u00abPuigdemont quiere alargar el periodo de incertidumbre\\u00bb\"},\"previousItem\":{\"@type\":\"ListItem\",\"@id\":\"https:\\\/\\\/www.eldigitaldeasturias.com\\\/noticias#listItem\",\"name\":\"Home\"}},{\"@type\":\"ListItem\",\"@id\":\"https:\\\/\\\/www.eldigitaldeasturias.com\\\/noticias\\\/garcia-albiol-puigdemont-quiere-alargar-el-periodo-de-incertidumbre\\\/#listItem\",\"position\":3,\"name\":\"Garc\\u00eda Albiol: \\u00abPuigdemont quiere alargar el periodo de incertidumbre\\u00bb\",\"previousItem\":{\"@type\":\"ListItem\",\"@id\":\"https:\\\/\\\/www.eldigitaldeasturias.com\\\/noticias\\\/category\\\/actualidad\\\/#listItem\",\"name\":\"Actualidad\"}}]},{\"@type\":\"Organization\",\"@id\":\"https:\\\/\\\/www.eldigitaldeasturias.com\\\/noticias\\\/#organization\",\"name\":\"El Digital de Asturias\",\"description\":\"Hemeroteca\",\"url\":\"https:\\\/\\\/www.eldigitaldeasturias.com\\\/noticias\\\/\",\"email\":\"info@eldigitaldeasturias.com\",\"telephone\":\"+34652131393\",\"logo\":{\"@type\":\"ImageObject\",\"url\":\"https:\\\/\\\/www.eldigitaldeasturias.com\\\/noticias\\\/wp-content\\\/uploads\\\/2020\\\/12\\\/EDA.jpg\",\"@id\":\"https:\\\/\\\/www.eldigitaldeasturias.com\\\/noticias\\\/garcia-albiol-puigdemont-quiere-alargar-el-periodo-de-incertidumbre\\\/#organizationLogo\"},\"image\":{\"@id\":\"https:\\\/\\\/www.eldigitaldeasturias.com\\\/noticias\\\/garcia-albiol-puigdemont-quiere-alargar-el-periodo-de-incertidumbre\\\/#organizationLogo\"},\"sameAs\":[\"https:\\\/\\\/facebook.com\\\/eldigitaldeasturias\",\"https:\\\/\\\/www.youtube.com\\\/channel\\\/UCZP-2wLEB9Rv6erhFmqVnvg\"],\"address\":{\"@id\":\"https:\\\/\\\/www.eldigitaldeasturias.com\\\/noticias\\\/#postaladdress\",\"@type\":\"PostalAddress\",\"streetAddress\":\"san antonio 4\",\"postalCode\":\"33430\",\"addressLocality\":\"Cand\\u00e1s\",\"addressRegion\":\"Asturias\",\"addressCountry\":\"ES\"}},{\"@type\":\"Person\",\"@id\":\"https:\\\/\\\/www.eldigitaldeasturias.com\\\/noticias\\\/author\\\/admin\\\/#author\",\"url\":\"https:\\\/\\\/www.eldigitaldeasturias.com\\\/noticias\\\/author\\\/admin\\\/\",\"name\":\"El Digital de Asturias\",\"image\":{\"@type\":\"ImageObject\",\"@id\":\"https:\\\/\\\/www.eldigitaldeasturias.com\\\/noticias\\\/garcia-albiol-puigdemont-quiere-alargar-el-periodo-de-incertidumbre\\\/#authorImage\",\"url\":\"https:\\\/\\\/secure.gravatar.com\\\/avatar\\\/df2aeffc32bcd13f8d26072ef8a91b623d677766deac7f97ca815868cd41bf5e?s=96&d=mm&r=g\",\"width\":96,\"height\":96,\"caption\":\"El Digital de Asturias\"}},{\"@type\":\"WebPage\",\"@id\":\"https:\\\/\\\/www.eldigitaldeasturias.com\\\/noticias\\\/garcia-albiol-puigdemont-quiere-alargar-el-periodo-de-incertidumbre\\\/#webpage\",\"url\":\"https:\\\/\\\/www.eldigitaldeasturias.com\\\/noticias\\\/garcia-albiol-puigdemont-quiere-alargar-el-periodo-de-incertidumbre\\\/\",\"name\":\"Garc\\u00eda Albiol: \\u00abPuigdemont quiere alargar el periodo de incertidumbre\\u00bb - El Digital de Asturias\",\"description\":\"El dirigente popular, ha empezado su intervenci\\u00f3n despu\\u00e9s de la reuni\\u00f3n del Comit\\u00e9 de Direcci\\u00f3n, aclarando que \\u201cel Gobierno de Espa\\u00f1a defender\\u00e1 a todos los catalanes y al conjunto de espa\\u00f1oles para garantizar que Catalu\\u00f1a vuelva en el menos tiempo posible a la normalidad y el sentido com\\u00fan\\u201d. Subraya que la respuesta dada por Puigdemont\",\"inLanguage\":\"es-ES\",\"isPartOf\":{\"@id\":\"https:\\\/\\\/www.eldigitaldeasturias.com\\\/noticias\\\/#website\"},\"breadcrumb\":{\"@id\":\"https:\\\/\\\/www.eldigitaldeasturias.com\\\/noticias\\\/garcia-albiol-puigdemont-quiere-alargar-el-periodo-de-incertidumbre\\\/#breadcrumblist\"},\"author\":{\"@id\":\"https:\\\/\\\/www.eldigitaldeasturias.com\\\/noticias\\\/author\\\/admin\\\/#author\"},\"creator\":{\"@id\":\"https:\\\/\\\/www.eldigitaldeasturias.com\\\/noticias\\\/author\\\/admin\\\/#author\"},\"image\":{\"@type\":\"ImageObject\",\"url\":956260,\"@id\":\"https:\\\/\\\/www.eldigitaldeasturias.com\\\/noticias\\\/garcia-albiol-puigdemont-quiere-alargar-el-periodo-de-incertidumbre\\\/#mainImage\"},\"primaryImageOfPage\":{\"@id\":\"https:\\\/\\\/www.eldigitaldeasturias.com\\\/noticias\\\/garcia-albiol-puigdemont-quiere-alargar-el-periodo-de-incertidumbre\\\/#mainImage\"},\"datePublished\":\"2017-10-16T16:32:54+02:00\",\"dateModified\":\"2017-10-16T16:32:54+02:00\"},{\"@type\":\"WebSite\",\"@id\":\"https:\\\/\\\/www.eldigitaldeasturias.com\\\/noticias\\\/#website\",\"url\":\"https:\\\/\\\/www.eldigitaldeasturias.com\\\/noticias\\\/\",\"name\":\"El Digital de Asturias - Diario de actualidad y noticias\",\"alternateName\":\"El Digital de Asturias - Diario de actualidad y noticias\",\"description\":\"Hemeroteca\",\"inLanguage\":\"es-ES\",\"publisher\":{\"@id\":\"https:\\\/\\\/www.eldigitaldeasturias.com\\\/noticias\\\/#organization\"}}]}\n\t\t<\/script>\n\t\t<!-- All in One SEO Pro -->\r\n\t\t<title>Garc\u00eda Albiol: \u00abPuigdemont quiere alargar el periodo de incertidumbre\u00bb - El Digital de Asturias<\/title>\n\n","aioseo_head_json":{"title":"Garc\u00eda Albiol: \u00abPuigdemont quiere alargar el periodo de incertidumbre\u00bb - El Digital de Asturias","description":"El dirigente popular, ha empezado su intervenci\u00f3n despu\u00e9s de la reuni\u00f3n del Comit\u00e9 de Direcci\u00f3n, aclarando que \u201cel Gobierno de Espa\u00f1a defender\u00e1 a todos los catalanes y al conjunto de espa\u00f1oles para garantizar que Catalu\u00f1a vuelva en el menos tiempo posible a la normalidad y el sentido com\u00fan\u201d. Subraya que la respuesta dada por Puigdemont","canonical_url":"https:\/\/www.eldigitaldeasturias.com\/noticias\/garcia-albiol-puigdemont-quiere-alargar-el-periodo-de-incertidumbre\/","robots":"max-image-preview:large","keywords":"actualidad","webmasterTools":{"google-site-verification":"UA-38556648-1","msvalidate.01":"7dfe9f3f1b24437ab69f4f2559babe99","miscellaneous":""},"schema":{"@context":"https:\/\/schema.org","@graph":[{"@type":"BlogPosting","@id":"https:\/\/www.eldigitaldeasturias.com\/noticias\/garcia-albiol-puigdemont-quiere-alargar-el-periodo-de-incertidumbre\/#blogposting","name":"Garc\u00eda Albiol: \u00abPuigdemont quiere alargar el periodo de incertidumbre\u00bb - El Digital de Asturias","headline":"Garc\u00eda Albiol: \u00abPuigdemont quiere alargar el periodo de incertidumbre\u00bb","author":{"@id":"https:\/\/www.eldigitaldeasturias.com\/noticias\/author\/admin\/#author"},"publisher":{"@id":"https:\/\/www.eldigitaldeasturias.com\/noticias\/#organization"},"image":{"@type":"ImageObject","url":956260},"datePublished":"2017-10-16T16:32:54+02:00","dateModified":"2017-10-16T16:32:54+02:00","inLanguage":"es-ES","mainEntityOfPage":{"@id":"https:\/\/www.eldigitaldeasturias.com\/noticias\/garcia-albiol-puigdemont-quiere-alargar-el-periodo-de-incertidumbre\/#webpage"},"isPartOf":{"@id":"https:\/\/www.eldigitaldeasturias.com\/noticias\/garcia-albiol-puigdemont-quiere-alargar-el-periodo-de-incertidumbre\/#webpage"},"articleSection":"Actualidad"},{"@type":"BreadcrumbList","@id":"https:\/\/www.eldigitaldeasturias.com\/noticias\/garcia-albiol-puigdemont-quiere-alargar-el-periodo-de-incertidumbre\/#breadcrumblist","itemListElement":[{"@type":"ListItem","@id":"https:\/\/www.eldigitaldeasturias.com\/noticias#listItem","position":1,"name":"Home","item":"https:\/\/www.eldigitaldeasturias.com\/noticias","nextItem":{"@type":"ListItem","@id":"https:\/\/www.eldigitaldeasturias.com\/noticias\/category\/actualidad\/#listItem","name":"Actualidad"}},{"@type":"ListItem","@id":"https:\/\/www.eldigitaldeasturias.com\/noticias\/category\/actualidad\/#listItem","position":2,"name":"Actualidad","item":"https:\/\/www.eldigitaldeasturias.com\/noticias\/category\/actualidad\/","nextItem":{"@type":"ListItem","@id":"https:\/\/www.eldigitaldeasturias.com\/noticias\/garcia-albiol-puigdemont-quiere-alargar-el-periodo-de-incertidumbre\/#listItem","name":"Garc\u00eda Albiol: \u00abPuigdemont quiere alargar el periodo de incertidumbre\u00bb"},"previousItem":{"@type":"ListItem","@id":"https:\/\/www.eldigitaldeasturias.com\/noticias#listItem","name":"Home"}},{"@type":"ListItem","@id":"https:\/\/www.eldigitaldeasturias.com\/noticias\/garcia-albiol-puigdemont-quiere-alargar-el-periodo-de-incertidumbre\/#listItem","position":3,"name":"Garc\u00eda Albiol: \u00abPuigdemont quiere alargar el periodo de incertidumbre\u00bb","previousItem":{"@type":"ListItem","@id":"https:\/\/www.eldigitaldeasturias.com\/noticias\/category\/actualidad\/#listItem","name":"Actualidad"}}]},{"@type":"Organization","@id":"https:\/\/www.eldigitaldeasturias.com\/noticias\/#organization","name":"El Digital de Asturias","description":"Hemeroteca","url":"https:\/\/www.eldigitaldeasturias.com\/noticias\/","email":"info@eldigitaldeasturias.com","telephone":"+34652131393","logo":{"@type":"ImageObject","url":"https:\/\/www.eldigitaldeasturias.com\/noticias\/wp-content\/uploads\/2020\/12\/EDA.jpg","@id":"https:\/\/www.eldigitaldeasturias.com\/noticias\/garcia-albiol-puigdemont-quiere-alargar-el-periodo-de-incertidumbre\/#organizationLogo"},"image":{"@id":"https:\/\/www.eldigitaldeasturias.com\/noticias\/garcia-albiol-puigdemont-quiere-alargar-el-periodo-de-incertidumbre\/#organizationLogo"},"sameAs":["https:\/\/facebook.com\/eldigitaldeasturias","https:\/\/www.youtube.com\/channel\/UCZP-2wLEB9Rv6erhFmqVnvg"],"address":{"@id":"https:\/\/www.eldigitaldeasturias.com\/noticias\/#postaladdress","@type":"PostalAddress","streetAddress":"san antonio 4","postalCode":"33430","addressLocality":"Cand\u00e1s","addressRegion":"Asturias","addressCountry":"ES"}},{"@type":"Person","@id":"https:\/\/www.eldigitaldeasturias.com\/noticias\/author\/admin\/#author","url":"https:\/\/www.eldigitaldeasturias.com\/noticias\/author\/admin\/","name":"El Digital de Asturias","image":{"@type":"ImageObject","@id":"https:\/\/www.eldigitaldeasturias.com\/noticias\/garcia-albiol-puigdemont-quiere-alargar-el-periodo-de-incertidumbre\/#authorImage","url":"https:\/\/secure.gravatar.com\/avatar\/df2aeffc32bcd13f8d26072ef8a91b623d677766deac7f97ca815868cd41bf5e?s=96&d=mm&r=g","width":96,"height":96,"caption":"El Digital de Asturias"}},{"@type":"WebPage","@id":"https:\/\/www.eldigitaldeasturias.com\/noticias\/garcia-albiol-puigdemont-quiere-alargar-el-periodo-de-incertidumbre\/#webpage","url":"https:\/\/www.eldigitaldeasturias.com\/noticias\/garcia-albiol-puigdemont-quiere-alargar-el-periodo-de-incertidumbre\/","name":"Garc\u00eda Albiol: \u00abPuigdemont quiere alargar el periodo de incertidumbre\u00bb - El Digital de Asturias","description":"El dirigente popular, ha empezado su intervenci\u00f3n despu\u00e9s de la reuni\u00f3n del Comit\u00e9 de Direcci\u00f3n, aclarando que \u201cel Gobierno de Espa\u00f1a defender\u00e1 a todos los catalanes y al conjunto de espa\u00f1oles para garantizar que Catalu\u00f1a vuelva en el menos tiempo posible a la normalidad y el sentido com\u00fan\u201d. Subraya que la respuesta dada por Puigdemont","inLanguage":"es-ES","isPartOf":{"@id":"https:\/\/www.eldigitaldeasturias.com\/noticias\/#website"},"breadcrumb":{"@id":"https:\/\/www.eldigitaldeasturias.com\/noticias\/garcia-albiol-puigdemont-quiere-alargar-el-periodo-de-incertidumbre\/#breadcrumblist"},"author":{"@id":"https:\/\/www.eldigitaldeasturias.com\/noticias\/author\/admin\/#author"},"creator":{"@id":"https:\/\/www.eldigitaldeasturias.com\/noticias\/author\/admin\/#author"},"image":{"@type":"ImageObject","url":956260,"@id":"https:\/\/www.eldigitaldeasturias.com\/noticias\/garcia-albiol-puigdemont-quiere-alargar-el-periodo-de-incertidumbre\/#mainImage"},"primaryImageOfPage":{"@id":"https:\/\/www.eldigitaldeasturias.com\/noticias\/garcia-albiol-puigdemont-quiere-alargar-el-periodo-de-incertidumbre\/#mainImage"},"datePublished":"2017-10-16T16:32:54+02:00","dateModified":"2017-10-16T16:32:54+02:00"},{"@type":"WebSite","@id":"https:\/\/www.eldigitaldeasturias.com\/noticias\/#website","url":"https:\/\/www.eldigitaldeasturias.com\/noticias\/","name":"El Digital de Asturias - Diario de actualidad y noticias","alternateName":"El Digital de Asturias - Diario de actualidad y noticias","description":"Hemeroteca","inLanguage":"es-ES","publisher":{"@id":"https:\/\/www.eldigitaldeasturias.com\/noticias\/#organization"}}]},"og:locale":"es_ES","og:site_name":"El Digital de Asturias","og:type":"article","og:title":"Garc\u00eda Albiol: \u00abPuigdemont quiere alargar el periodo de incertidumbre\u00bb - El Digital de Asturias","og:description":"El dirigente popular, ha empezado su intervenci\u00f3n despu\u00e9s de la reuni\u00f3n del Comit\u00e9 de Direcci\u00f3n, aclarando que \u201cel Gobierno de Espa\u00f1a defender\u00e1 a todos los catalanes y al conjunto de espa\u00f1oles para garantizar que Catalu\u00f1a vuelva en el menos tiempo posible a la normalidad y el sentido com\u00fan\u201d. Subraya que la respuesta dada por Puigdemont","og:url":"https:\/\/www.eldigitaldeasturias.com\/noticias\/garcia-albiol-puigdemont-quiere-alargar-el-periodo-de-incertidumbre\/","article:tag":["actualidad"],"article:published_time":"2017-10-16T16:32:54+00:00","article:modified_time":"2017-10-16T16:32:54+00:00","article:publisher":"https:\/\/facebook.com\/eldigitaldeasturias","twitter:card":"summary_large_image","twitter:title":"Garc\u00eda Albiol: \u00abPuigdemont quiere alargar el periodo de incertidumbre\u00bb - El Digital de Asturias","twitter:description":"El dirigente popular, ha empezado su intervenci\u00f3n despu\u00e9s de la reuni\u00f3n del Comit\u00e9 de Direcci\u00f3n, aclarando que \u201cel Gobierno de Espa\u00f1a defender\u00e1 a todos los catalanes y al conjunto de espa\u00f1oles para garantizar que Catalu\u00f1a vuelva en el menos tiempo posible a la normalidad y el sentido com\u00fan\u201d. Subraya que la respuesta dada por Puigdemont","twitter:image":"https:\/\/www.eldigitaldeasturias.com\/noticias\/wp-content\/uploads\/2020\/12\/EDA-1.jpg","twitter:label1":"Escrito por","twitter:data1":"El Digital de Asturias","twitter:label2":"Tiempo de lectura estimado","twitter:data2":"2 minutos"},"aioseo_meta_data":{"post_id":"956259","title":null,"description":null,"keywords":null,"keyphrases":null,"primary_term":null,"canonical_url":null,"og_title":null,"og_description":null,"og_object_type":"default","og_image_type":"default","og_image_url":null,"og_image_width":null,"og_image_height":null,"og_image_custom_url":null,"og_image_custom_fields":null,"og_video":null,"og_custom_url":null,"og_article_section":null,"og_article_tags":null,"twitter_use_og":false,"twitter_card":"default","twitter_image_type":"default","twitter_image_url":null,"twitter_image_custom_url":null,"twitter_image_custom_fields":null,"twitter_title":null,"twitter_description":null,"schema":{"blockGraphs":[],"customGraphs":[],"default":{"data":{"Article":[],"Course":[],"Dataset":[],"FAQPage":[],"Movie":[],"Person":[],"Product":[],"ProductReview":[],"Car":[],"Recipe":[],"Service":[],"SoftwareApplication":[],"WebPage":[]},"graphName":"","isEnabled":true},"graphs":[],"defaultGraph":"","defaultPostTypeGraph":""},"schema_type":null,"schema_type_options":null,"pillar_content":false,"robots_default":true,"robots_noindex":false,"robots_noarchive":false,"robots_nosnippet":false,"robots_nofollow":false,"robots_noimageindex":false,"robots_noodp":false,"robots_notranslate":false,"robots_max_snippet":null,"robots_max_videopreview":null,"robots_max_imagepreview":"large","priority":null,"frequency":null,"local_seo":null,"seo_analyzer_scan_date":"2025-12-06 13:00:22","breadcrumb_settings":null,"limit_modified_date":false,"open_ai":null,"ai":null,"created":"2020-12-21 12:56:04","updated":"2025-12-06 13:00:22","focus_keyword":null,"additional_keywords":null,"truseo_locale":null},"aioseo_breadcrumb":"<div class=\"aioseo-breadcrumbs\"><span class=\"aioseo-breadcrumb\">\n\t<a href=\"https:\/\/www.eldigitaldeasturias.com\/noticias\" title=\"Home\">Home<\/a>\n<\/span><span class=\"aioseo-breadcrumb-separator\">\u2013<\/span><span class=\"aioseo-breadcrumb\">\n\t<a href=\"https:\/\/www.eldigitaldeasturias.com\/noticias\/category\/actualidad\/\" title=\"Actualidad\">Actualidad<\/a>\n<\/span><span class=\"aioseo-breadcrumb-separator\">\u2013<\/span><span class=\"aioseo-breadcrumb\">\n\t<a href=\"https:\/\/www.eldigitaldeasturias.com\/noticias\/garcia-albiol-puigdemont-quiere-alargar-el-periodo-de-incertidumbre\/\" title=\"Garc\u00eda Albiol: \u00abPuigdemont quiere alargar el periodo de incertidumbre\u00bb\">Garc\u00eda Albiol: \u00abPuigdemont quiere alargar el periodo de incertidumbre\u00bb<\/a>\n<\/span><\/div>","aioseo_breadcrumb_json":[{"label":"Home","link":"https:\/\/www.eldigitaldeasturias.com\/noticias"},{"label":"Actualidad","link":"https:\/\/www.eldigitaldeasturias.com\/noticias\/category\/actualidad\/"},{"label":"Garc\u00eda Albiol: \u00abPuigdemont quiere alargar el periodo de incertidumbre\u00bb","link":"https:\/\/www.eldigitaldeasturias.com\/noticias\/garcia-albiol-puigdemont-quiere-alargar-el-periodo-de-incertidumbre\/"}],"_links":{"self":[{"href":"https:\/\/www.eldigitaldeasturias.com\/noticias\/wp-json\/wp\/v2\/posts\/956259","targetHints":{"allow":["GET"]}}],"collection":[{"href":"https:\/\/www.eldigitaldeasturias.com\/noticias\/wp-json\/wp\/v2\/posts"}],"about":[{"href":"https:\/\/www.eldigitaldeasturias.com\/noticias\/wp-json\/wp\/v2\/types\/post"}],"author":[{"embeddable":true,"href":"https:\/\/www.eldigitaldeasturias.com\/noticias\/wp-json\/wp\/v2\/users\/1"}],"replies":[{"embeddable":true,"href":"https:\/\/www.eldigitaldeasturias.com\/noticias\/wp-json\/wp\/v2\/comments?post=956259"}],"version-history":[{"count":0,"href":"https:\/\/www.eldigitaldeasturias.com\/noticias\/wp-json\/wp\/v2\/posts\/956259\/revisions"}],"wp:attachment":[{"href":"https:\/\/www.eldigitaldeasturias.com\/noticias\/wp-json\/wp\/v2\/media?parent=956259"}],"wp:term":[{"taxonomy":"category","embeddable":true,"href":"https:\/\/www.eldigitaldeasturias.com\/noticias\/wp-json\/wp\/v2\/categories?post=956259"},{"taxonomy":"post_tag","embeddable":true,"href":"https:\/\/www.eldigitaldeasturias.com\/noticias\/wp-json\/wp\/v2\/tags?post=956259"}],"curies":[{"name":"wp","href":"https:\/\/api.w.org\/{rel}","templated":true}]}}