{"id":956211,"date":"2017-10-16T12:55:52","date_gmt":"2017-10-16T12:55:52","guid":{"rendered":"http:\/\/www.eldigitaldeasturias.com\/noticias\/?p=956211"},"modified":"2017-10-16T12:55:52","modified_gmt":"2017-10-16T12:55:52","slug":"el-gobierno-de-espana-pide-mas-claridad-a-puigdemont","status":"publish","type":"post","link":"https:\/\/www.eldigitaldeasturias.com\/noticias\/el-gobierno-de-espana-pide-mas-claridad-a-puigdemont\/","title":{"rendered":"El Gobierno de Espa\u00f1a pide \u201cm\u00e1s claridad\u201d a Puigdemont"},"content":{"rendered":"<p>\u200b<img loading=\"lazy\" decoding=\"async\" class=\"alignleft size-medium wp-image-956212\" src=\"https:\/\/www.eldigitaldeasturias.com\/noticias\/wp-content\/uploads\/2017\/10\/Soraya-360x236.jpg\" alt=\"\" width=\"360\" height=\"236\" \/>La vicepresidenta y ministra de la Presidencia y para las Administraciones Territoriales, Soraya S\u00e1enz de Santamar\u00eda, ha informado de la contestaci\u00f3n que ya ha remitido el presidente Mariano Rajoy a Carles Puigdemont, presidente de la Generalitat de Catalu\u00f1a, tras la respuesta de este al requerimiento del Gobierno.<\/p>\n<p>En dicha carta, ha explicado la vicepresidenta, el presidente del Ejecutivo lamenta que el presidente catal\u00e1n \u00abhaya decidido no contestar al requerimiento que el Gobierno le formul\u00f3 el pasado mi\u00e9rcoles\u00bb, sobre si hab\u00eda habido o no declaraci\u00f3n de independencia.<\/p>\n<p><strong>Acabar con la incertidumbre<\/strong><\/p>\n<p>Al respecto, S\u00e1enz de Santamar\u00eda ha vuelto a pedir \u00abclaridad\u00bb al presidente catal\u00e1n porque, en su opini\u00f3n, \u00abprolongar la situaci\u00f3n de incertidumbre y de confusi\u00f3n deliberada solo favorece a aquellos que pretenden liquidar la concordia c\u00edvica e imponer un proyecto radical y empobrecedor en Catalu\u00f1a\u00bb.<\/p>\n<p>La vicepresidenta ha recordado que el segundo plazo del requerimiento finaliza a las diez de la ma\u00f1ana del pr\u00f3ximo jueves. Seg\u00fan ha a\u00f1adido, el Gobierno \u00abespera\u00bb, en estas horas que quedan, que \u00abel se\u00f1or Puigdemont responda con la claridad que todos los ciudadanos le exigen y que el Estado de derecho requiere\u00bb.<\/p>\n<p><strong>Condiciones del di\u00e1logo<\/strong><\/p>\n<p>S\u00e1enz de Santamar\u00eda ha emplazado al presidente de la Generalitat a rectificar antes de que acabe el nuevo plazo: \u00abEl se\u00f1or Puigdemont tiene una oportunidad de rectificar, de ser claro, de volver a la legalidad y de formular sus planteamientos donde radica la mediaci\u00f3n en nuestro pa\u00eds, que es el Congreso de los Diputados\u00bb.<\/p>\n<p>Con respecto al di\u00e1logo que se pide desde Catalu\u00f1a, la vicepresidenta ha apuntado que nadie se niega a ello, pero \u00abel di\u00e1logo tiene que hacerse dentro de la ley, con la m\u00e1xima claridad y en el Congreso, donde est\u00e1 representado el conjunto de la ciudadan\u00eda\u00bb.<\/p>\n<p><strong>Recuperar la legalidad constitucional y estatutaria<\/strong><\/p>\n<p>La vicepresidenta S\u00e1enz de Santamar\u00eda tambi\u00e9n ha insistido en que \u00abel se\u00f1or Puigdemont sigue teniendo en su mano empezar a resolver la situaci\u00f3n\u00bb y \u00abevitar que se den los siguientes pasos\u00bb.<\/p>\n<p>Aunque la vicepresidenta no ha querido avanzar nada sobre las medidas del art\u00edculo 155 de la Constituci\u00f3n, s\u00ed ha puntualizado que su activaci\u00f3n \u00abno es para suspender el autogobierno\u00bb en Catalu\u00f1a, sino para que este \u00abse ejercite con arreglo a la legalidad, que es la legalidad constitucional, pero tambi\u00e9n la legalidad estatutaria\u00bb.<\/p>\n<p>&nbsp;<\/p>\n","protected":false},"excerpt":{"rendered":"<p>\u200bLa vicepresidenta y ministra de la Presidencia y para las Administraciones Territoriales, Soraya S\u00e1enz de Santamar\u00eda, ha informado de la contestaci\u00f3n que ya ha remitido el presidente Mariano Rajoy a Carles Puigdemont, presidente de la Generalitat de Catalu\u00f1a, tras la respuesta de este al requerimiento del Gobierno. En dicha carta, ha explicado la vicepresidenta, el [&hellip;]<\/p>\n","protected":false},"author":1,"featured_media":956212,"comment_status":"closed","ping_status":"closed","sticky":false,"template":"","format":"standard","meta":{"footnotes":""},"categories":[1],"tags":[],"class_list":["post-956211","post","type-post","status-publish","format-standard","has-post-thumbnail","hentry","category-actualidad"],"aioseo_notices":[],"aioseo_head":"\n\t\t<!-- All in One SEO Pro 5.0.1 - aioseo.com -->\n\t<meta name=\"description\" content=\"\u200bLa vicepresidenta y ministra de la Presidencia y para las Administraciones Territoriales, Soraya S\u00e1enz de Santamar\u00eda, ha informado de la contestaci\u00f3n que ya ha remitido el presidente Mariano Rajoy a Carles Puigdemont, presidente de la Generalitat de Catalu\u00f1a, tras la respuesta de este al requerimiento del Gobierno. En dicha carta, ha explicado la vicepresidenta, el\" \/>\n\t<meta name=\"robots\" content=\"max-image-preview:large\" \/>\n\t<meta name=\"author\" content=\"El Digital de Asturias\"\/>\n\t<meta name=\"google-site-verification\" content=\"UA-38556648-1\" \/>\n\t<meta name=\"msvalidate.01\" content=\"7dfe9f3f1b24437ab69f4f2559babe99\" \/>\n\t<meta name=\"keywords\" content=\"actualidad\" \/>\n\t<link rel=\"canonical\" href=\"https:\/\/www.eldigitaldeasturias.com\/noticias\/el-gobierno-de-espana-pide-mas-claridad-a-puigdemont\/\" \/>\n\t<meta name=\"generator\" content=\"All in One SEO Pro (AIOSEO) 5.0.1\" \/>\n\t\t<meta property=\"og:locale\" content=\"es_ES\" \/>\n\t\t<meta property=\"og:site_name\" content=\"El Digital de Asturias\" \/>\n\t\t<meta property=\"og:type\" content=\"article\" \/>\n\t\t<meta property=\"og:title\" content=\"El Gobierno de Espa\u00f1a pide \u201cm\u00e1s claridad\u201d a Puigdemont - El Digital de Asturias\" \/>\n\t\t<meta property=\"og:description\" content=\"\u200bLa vicepresidenta y ministra de la Presidencia y para las Administraciones Territoriales, Soraya S\u00e1enz de Santamar\u00eda, ha informado de la contestaci\u00f3n que ya ha remitido el presidente Mariano Rajoy a Carles Puigdemont, presidente de la Generalitat de Catalu\u00f1a, tras la respuesta de este al requerimiento del Gobierno. En dicha carta, ha explicado la vicepresidenta, el\" \/>\n\t\t<meta property=\"og:url\" content=\"https:\/\/www.eldigitaldeasturias.com\/noticias\/el-gobierno-de-espana-pide-mas-claridad-a-puigdemont\/\" \/>\n\t\t<meta property=\"article:tag\" content=\"actualidad\" \/>\n\t\t<meta property=\"article:published_time\" content=\"2017-10-16T12:55:52+00:00\" \/>\n\t\t<meta property=\"article:modified_time\" content=\"2017-10-16T12:55:52+00:00\" \/>\n\t\t<meta property=\"article:publisher\" content=\"https:\/\/facebook.com\/eldigitaldeasturias\" \/>\n\t\t<meta name=\"twitter:card\" content=\"summary_large_image\" \/>\n\t\t<meta name=\"twitter:title\" content=\"El Gobierno de Espa\u00f1a pide \u201cm\u00e1s claridad\u201d a Puigdemont - El Digital de Asturias\" \/>\n\t\t<meta name=\"twitter:description\" content=\"\u200bLa vicepresidenta y ministra de la Presidencia y para las Administraciones Territoriales, Soraya S\u00e1enz de Santamar\u00eda, ha informado de la contestaci\u00f3n que ya ha remitido el presidente Mariano Rajoy a Carles Puigdemont, presidente de la Generalitat de Catalu\u00f1a, tras la respuesta de este al requerimiento del Gobierno. En dicha carta, ha explicado la vicepresidenta, el\" \/>\n\t\t<meta name=\"twitter:image\" content=\"https:\/\/www.eldigitaldeasturias.com\/noticias\/wp-content\/uploads\/2020\/12\/EDA-1.jpg\" \/>\n\t\t<meta name=\"twitter:label1\" content=\"Escrito por\" \/>\n\t\t<meta name=\"twitter:data1\" content=\"El Digital de Asturias\" \/>\n\t\t<meta name=\"twitter:label2\" content=\"Tiempo de lectura estimado\" \/>\n\t\t<meta name=\"twitter:data2\" content=\"2 minutos\" \/>\n\t\t<script type=\"application\/ld+json\" class=\"aioseo-schema\">\n\t\t\t{\"@context\":\"https:\\\/\\\/schema.org\",\"@graph\":[{\"@type\":\"BlogPosting\",\"@id\":\"https:\\\/\\\/www.eldigitaldeasturias.com\\\/noticias\\\/el-gobierno-de-espana-pide-mas-claridad-a-puigdemont\\\/#blogposting\",\"name\":\"El Gobierno de Espa\\u00f1a pide \\u201cm\\u00e1s claridad\\u201d a Puigdemont - El Digital de Asturias\",\"headline\":\"El Gobierno de Espa\\u00f1a pide \\u201cm\\u00e1s claridad\\u201d a Puigdemont\",\"author\":{\"@id\":\"https:\\\/\\\/www.eldigitaldeasturias.com\\\/noticias\\\/author\\\/admin\\\/#author\"},\"publisher\":{\"@id\":\"https:\\\/\\\/www.eldigitaldeasturias.com\\\/noticias\\\/#organization\"},\"image\":{\"@type\":\"ImageObject\",\"url\":956212},\"datePublished\":\"2017-10-16T12:55:52+02:00\",\"dateModified\":\"2017-10-16T12:55:52+02:00\",\"inLanguage\":\"es-ES\",\"mainEntityOfPage\":{\"@id\":\"https:\\\/\\\/www.eldigitaldeasturias.com\\\/noticias\\\/el-gobierno-de-espana-pide-mas-claridad-a-puigdemont\\\/#webpage\"},\"isPartOf\":{\"@id\":\"https:\\\/\\\/www.eldigitaldeasturias.com\\\/noticias\\\/el-gobierno-de-espana-pide-mas-claridad-a-puigdemont\\\/#webpage\"},\"articleSection\":\"Actualidad\"},{\"@type\":\"BreadcrumbList\",\"@id\":\"https:\\\/\\\/www.eldigitaldeasturias.com\\\/noticias\\\/el-gobierno-de-espana-pide-mas-claridad-a-puigdemont\\\/#breadcrumblist\",\"itemListElement\":[{\"@type\":\"ListItem\",\"@id\":\"https:\\\/\\\/www.eldigitaldeasturias.com\\\/noticias#listItem\",\"position\":1,\"name\":\"Home\",\"item\":\"https:\\\/\\\/www.eldigitaldeasturias.com\\\/noticias\",\"nextItem\":{\"@type\":\"ListItem\",\"@id\":\"https:\\\/\\\/www.eldigitaldeasturias.com\\\/noticias\\\/category\\\/actualidad\\\/#listItem\",\"name\":\"Actualidad\"}},{\"@type\":\"ListItem\",\"@id\":\"https:\\\/\\\/www.eldigitaldeasturias.com\\\/noticias\\\/category\\\/actualidad\\\/#listItem\",\"position\":2,\"name\":\"Actualidad\",\"item\":\"https:\\\/\\\/www.eldigitaldeasturias.com\\\/noticias\\\/category\\\/actualidad\\\/\",\"nextItem\":{\"@type\":\"ListItem\",\"@id\":\"https:\\\/\\\/www.eldigitaldeasturias.com\\\/noticias\\\/el-gobierno-de-espana-pide-mas-claridad-a-puigdemont\\\/#listItem\",\"name\":\"El Gobierno de Espa\\u00f1a pide \\u201cm\\u00e1s claridad\\u201d a Puigdemont\"},\"previousItem\":{\"@type\":\"ListItem\",\"@id\":\"https:\\\/\\\/www.eldigitaldeasturias.com\\\/noticias#listItem\",\"name\":\"Home\"}},{\"@type\":\"ListItem\",\"@id\":\"https:\\\/\\\/www.eldigitaldeasturias.com\\\/noticias\\\/el-gobierno-de-espana-pide-mas-claridad-a-puigdemont\\\/#listItem\",\"position\":3,\"name\":\"El Gobierno de Espa\\u00f1a pide \\u201cm\\u00e1s claridad\\u201d a Puigdemont\",\"previousItem\":{\"@type\":\"ListItem\",\"@id\":\"https:\\\/\\\/www.eldigitaldeasturias.com\\\/noticias\\\/category\\\/actualidad\\\/#listItem\",\"name\":\"Actualidad\"}}]},{\"@type\":\"Organization\",\"@id\":\"https:\\\/\\\/www.eldigitaldeasturias.com\\\/noticias\\\/#organization\",\"name\":\"El Digital de Asturias\",\"description\":\"Hemeroteca\",\"url\":\"https:\\\/\\\/www.eldigitaldeasturias.com\\\/noticias\\\/\",\"email\":\"info@eldigitaldeasturias.com\",\"telephone\":\"+34652131393\",\"logo\":{\"@type\":\"ImageObject\",\"url\":\"https:\\\/\\\/www.eldigitaldeasturias.com\\\/noticias\\\/wp-content\\\/uploads\\\/2020\\\/12\\\/EDA.jpg\",\"@id\":\"https:\\\/\\\/www.eldigitaldeasturias.com\\\/noticias\\\/el-gobierno-de-espana-pide-mas-claridad-a-puigdemont\\\/#organizationLogo\"},\"image\":{\"@id\":\"https:\\\/\\\/www.eldigitaldeasturias.com\\\/noticias\\\/el-gobierno-de-espana-pide-mas-claridad-a-puigdemont\\\/#organizationLogo\"},\"sameAs\":[\"https:\\\/\\\/facebook.com\\\/eldigitaldeasturias\",\"https:\\\/\\\/www.youtube.com\\\/channel\\\/UCZP-2wLEB9Rv6erhFmqVnvg\"],\"address\":{\"@id\":\"https:\\\/\\\/www.eldigitaldeasturias.com\\\/noticias\\\/#postaladdress\",\"@type\":\"PostalAddress\",\"streetAddress\":\"san antonio 4\",\"postalCode\":\"33430\",\"addressLocality\":\"Cand\\u00e1s\",\"addressRegion\":\"Asturias\",\"addressCountry\":\"ES\"}},{\"@type\":\"Person\",\"@id\":\"https:\\\/\\\/www.eldigitaldeasturias.com\\\/noticias\\\/author\\\/admin\\\/#author\",\"url\":\"https:\\\/\\\/www.eldigitaldeasturias.com\\\/noticias\\\/author\\\/admin\\\/\",\"name\":\"El Digital de Asturias\",\"image\":{\"@type\":\"ImageObject\",\"@id\":\"https:\\\/\\\/www.eldigitaldeasturias.com\\\/noticias\\\/el-gobierno-de-espana-pide-mas-claridad-a-puigdemont\\\/#authorImage\",\"url\":\"https:\\\/\\\/secure.gravatar.com\\\/avatar\\\/df2aeffc32bcd13f8d26072ef8a91b623d677766deac7f97ca815868cd41bf5e?s=96&d=mm&r=g\",\"width\":96,\"height\":96,\"caption\":\"El Digital de Asturias\"}},{\"@type\":\"WebPage\",\"@id\":\"https:\\\/\\\/www.eldigitaldeasturias.com\\\/noticias\\\/el-gobierno-de-espana-pide-mas-claridad-a-puigdemont\\\/#webpage\",\"url\":\"https:\\\/\\\/www.eldigitaldeasturias.com\\\/noticias\\\/el-gobierno-de-espana-pide-mas-claridad-a-puigdemont\\\/\",\"name\":\"El Gobierno de Espa\\u00f1a pide \\u201cm\\u00e1s claridad\\u201d a Puigdemont - El Digital de Asturias\",\"description\":\"\\u200bLa vicepresidenta y ministra de la Presidencia y para las Administraciones Territoriales, Soraya S\\u00e1enz de Santamar\\u00eda, ha informado de la contestaci\\u00f3n que ya ha remitido el presidente Mariano Rajoy a Carles Puigdemont, presidente de la Generalitat de Catalu\\u00f1a, tras la respuesta de este al requerimiento del Gobierno. En dicha carta, ha explicado la vicepresidenta, el\",\"inLanguage\":\"es-ES\",\"isPartOf\":{\"@id\":\"https:\\\/\\\/www.eldigitaldeasturias.com\\\/noticias\\\/#website\"},\"breadcrumb\":{\"@id\":\"https:\\\/\\\/www.eldigitaldeasturias.com\\\/noticias\\\/el-gobierno-de-espana-pide-mas-claridad-a-puigdemont\\\/#breadcrumblist\"},\"author\":{\"@id\":\"https:\\\/\\\/www.eldigitaldeasturias.com\\\/noticias\\\/author\\\/admin\\\/#author\"},\"creator\":{\"@id\":\"https:\\\/\\\/www.eldigitaldeasturias.com\\\/noticias\\\/author\\\/admin\\\/#author\"},\"image\":{\"@type\":\"ImageObject\",\"url\":956212,\"@id\":\"https:\\\/\\\/www.eldigitaldeasturias.com\\\/noticias\\\/el-gobierno-de-espana-pide-mas-claridad-a-puigdemont\\\/#mainImage\"},\"primaryImageOfPage\":{\"@id\":\"https:\\\/\\\/www.eldigitaldeasturias.com\\\/noticias\\\/el-gobierno-de-espana-pide-mas-claridad-a-puigdemont\\\/#mainImage\"},\"datePublished\":\"2017-10-16T12:55:52+02:00\",\"dateModified\":\"2017-10-16T12:55:52+02:00\"},{\"@type\":\"WebSite\",\"@id\":\"https:\\\/\\\/www.eldigitaldeasturias.com\\\/noticias\\\/#website\",\"url\":\"https:\\\/\\\/www.eldigitaldeasturias.com\\\/noticias\\\/\",\"name\":\"El Digital de Asturias - Diario de actualidad y noticias\",\"alternateName\":\"El Digital de Asturias - Diario de actualidad y noticias\",\"description\":\"Hemeroteca\",\"inLanguage\":\"es-ES\",\"publisher\":{\"@id\":\"https:\\\/\\\/www.eldigitaldeasturias.com\\\/noticias\\\/#organization\"}}]}\n\t\t<\/script>\n\t\t<!-- All in One SEO Pro -->\r\n\t\t<title>El Gobierno de Espa\u00f1a pide \u201cm\u00e1s claridad\u201d a Puigdemont - El Digital de Asturias<\/title>\n\n","aioseo_head_json":{"title":"El Gobierno de Espa\u00f1a pide \u201cm\u00e1s claridad\u201d a Puigdemont - El Digital de Asturias","description":"\u200bLa vicepresidenta y ministra de la Presidencia y para las Administraciones Territoriales, Soraya S\u00e1enz de Santamar\u00eda, ha informado de la contestaci\u00f3n que ya ha remitido el presidente Mariano Rajoy a Carles Puigdemont, presidente de la Generalitat de Catalu\u00f1a, tras la respuesta de este al requerimiento del Gobierno. En dicha carta, ha explicado la vicepresidenta, el","canonical_url":"https:\/\/www.eldigitaldeasturias.com\/noticias\/el-gobierno-de-espana-pide-mas-claridad-a-puigdemont\/","robots":"max-image-preview:large","keywords":"actualidad","webmasterTools":{"google-site-verification":"UA-38556648-1","msvalidate.01":"7dfe9f3f1b24437ab69f4f2559babe99","miscellaneous":""},"schema":{"@context":"https:\/\/schema.org","@graph":[{"@type":"BlogPosting","@id":"https:\/\/www.eldigitaldeasturias.com\/noticias\/el-gobierno-de-espana-pide-mas-claridad-a-puigdemont\/#blogposting","name":"El Gobierno de Espa\u00f1a pide \u201cm\u00e1s claridad\u201d a Puigdemont - El Digital de Asturias","headline":"El Gobierno de Espa\u00f1a pide \u201cm\u00e1s claridad\u201d a Puigdemont","author":{"@id":"https:\/\/www.eldigitaldeasturias.com\/noticias\/author\/admin\/#author"},"publisher":{"@id":"https:\/\/www.eldigitaldeasturias.com\/noticias\/#organization"},"image":{"@type":"ImageObject","url":956212},"datePublished":"2017-10-16T12:55:52+02:00","dateModified":"2017-10-16T12:55:52+02:00","inLanguage":"es-ES","mainEntityOfPage":{"@id":"https:\/\/www.eldigitaldeasturias.com\/noticias\/el-gobierno-de-espana-pide-mas-claridad-a-puigdemont\/#webpage"},"isPartOf":{"@id":"https:\/\/www.eldigitaldeasturias.com\/noticias\/el-gobierno-de-espana-pide-mas-claridad-a-puigdemont\/#webpage"},"articleSection":"Actualidad"},{"@type":"BreadcrumbList","@id":"https:\/\/www.eldigitaldeasturias.com\/noticias\/el-gobierno-de-espana-pide-mas-claridad-a-puigdemont\/#breadcrumblist","itemListElement":[{"@type":"ListItem","@id":"https:\/\/www.eldigitaldeasturias.com\/noticias#listItem","position":1,"name":"Home","item":"https:\/\/www.eldigitaldeasturias.com\/noticias","nextItem":{"@type":"ListItem","@id":"https:\/\/www.eldigitaldeasturias.com\/noticias\/category\/actualidad\/#listItem","name":"Actualidad"}},{"@type":"ListItem","@id":"https:\/\/www.eldigitaldeasturias.com\/noticias\/category\/actualidad\/#listItem","position":2,"name":"Actualidad","item":"https:\/\/www.eldigitaldeasturias.com\/noticias\/category\/actualidad\/","nextItem":{"@type":"ListItem","@id":"https:\/\/www.eldigitaldeasturias.com\/noticias\/el-gobierno-de-espana-pide-mas-claridad-a-puigdemont\/#listItem","name":"El Gobierno de Espa\u00f1a pide \u201cm\u00e1s claridad\u201d a Puigdemont"},"previousItem":{"@type":"ListItem","@id":"https:\/\/www.eldigitaldeasturias.com\/noticias#listItem","name":"Home"}},{"@type":"ListItem","@id":"https:\/\/www.eldigitaldeasturias.com\/noticias\/el-gobierno-de-espana-pide-mas-claridad-a-puigdemont\/#listItem","position":3,"name":"El Gobierno de Espa\u00f1a pide \u201cm\u00e1s claridad\u201d a Puigdemont","previousItem":{"@type":"ListItem","@id":"https:\/\/www.eldigitaldeasturias.com\/noticias\/category\/actualidad\/#listItem","name":"Actualidad"}}]},{"@type":"Organization","@id":"https:\/\/www.eldigitaldeasturias.com\/noticias\/#organization","name":"El Digital de Asturias","description":"Hemeroteca","url":"https:\/\/www.eldigitaldeasturias.com\/noticias\/","email":"info@eldigitaldeasturias.com","telephone":"+34652131393","logo":{"@type":"ImageObject","url":"https:\/\/www.eldigitaldeasturias.com\/noticias\/wp-content\/uploads\/2020\/12\/EDA.jpg","@id":"https:\/\/www.eldigitaldeasturias.com\/noticias\/el-gobierno-de-espana-pide-mas-claridad-a-puigdemont\/#organizationLogo"},"image":{"@id":"https:\/\/www.eldigitaldeasturias.com\/noticias\/el-gobierno-de-espana-pide-mas-claridad-a-puigdemont\/#organizationLogo"},"sameAs":["https:\/\/facebook.com\/eldigitaldeasturias","https:\/\/www.youtube.com\/channel\/UCZP-2wLEB9Rv6erhFmqVnvg"],"address":{"@id":"https:\/\/www.eldigitaldeasturias.com\/noticias\/#postaladdress","@type":"PostalAddress","streetAddress":"san antonio 4","postalCode":"33430","addressLocality":"Cand\u00e1s","addressRegion":"Asturias","addressCountry":"ES"}},{"@type":"Person","@id":"https:\/\/www.eldigitaldeasturias.com\/noticias\/author\/admin\/#author","url":"https:\/\/www.eldigitaldeasturias.com\/noticias\/author\/admin\/","name":"El Digital de Asturias","image":{"@type":"ImageObject","@id":"https:\/\/www.eldigitaldeasturias.com\/noticias\/el-gobierno-de-espana-pide-mas-claridad-a-puigdemont\/#authorImage","url":"https:\/\/secure.gravatar.com\/avatar\/df2aeffc32bcd13f8d26072ef8a91b623d677766deac7f97ca815868cd41bf5e?s=96&d=mm&r=g","width":96,"height":96,"caption":"El Digital de Asturias"}},{"@type":"WebPage","@id":"https:\/\/www.eldigitaldeasturias.com\/noticias\/el-gobierno-de-espana-pide-mas-claridad-a-puigdemont\/#webpage","url":"https:\/\/www.eldigitaldeasturias.com\/noticias\/el-gobierno-de-espana-pide-mas-claridad-a-puigdemont\/","name":"El Gobierno de Espa\u00f1a pide \u201cm\u00e1s claridad\u201d a Puigdemont - El Digital de Asturias","description":"\u200bLa vicepresidenta y ministra de la Presidencia y para las Administraciones Territoriales, Soraya S\u00e1enz de Santamar\u00eda, ha informado de la contestaci\u00f3n que ya ha remitido el presidente Mariano Rajoy a Carles Puigdemont, presidente de la Generalitat de Catalu\u00f1a, tras la respuesta de este al requerimiento del Gobierno. En dicha carta, ha explicado la vicepresidenta, el","inLanguage":"es-ES","isPartOf":{"@id":"https:\/\/www.eldigitaldeasturias.com\/noticias\/#website"},"breadcrumb":{"@id":"https:\/\/www.eldigitaldeasturias.com\/noticias\/el-gobierno-de-espana-pide-mas-claridad-a-puigdemont\/#breadcrumblist"},"author":{"@id":"https:\/\/www.eldigitaldeasturias.com\/noticias\/author\/admin\/#author"},"creator":{"@id":"https:\/\/www.eldigitaldeasturias.com\/noticias\/author\/admin\/#author"},"image":{"@type":"ImageObject","url":956212,"@id":"https:\/\/www.eldigitaldeasturias.com\/noticias\/el-gobierno-de-espana-pide-mas-claridad-a-puigdemont\/#mainImage"},"primaryImageOfPage":{"@id":"https:\/\/www.eldigitaldeasturias.com\/noticias\/el-gobierno-de-espana-pide-mas-claridad-a-puigdemont\/#mainImage"},"datePublished":"2017-10-16T12:55:52+02:00","dateModified":"2017-10-16T12:55:52+02:00"},{"@type":"WebSite","@id":"https:\/\/www.eldigitaldeasturias.com\/noticias\/#website","url":"https:\/\/www.eldigitaldeasturias.com\/noticias\/","name":"El Digital de Asturias - Diario de actualidad y noticias","alternateName":"El Digital de Asturias - Diario de actualidad y noticias","description":"Hemeroteca","inLanguage":"es-ES","publisher":{"@id":"https:\/\/www.eldigitaldeasturias.com\/noticias\/#organization"}}]},"og:locale":"es_ES","og:site_name":"El Digital de Asturias","og:type":"article","og:title":"El Gobierno de Espa\u00f1a pide \u201cm\u00e1s claridad\u201d a Puigdemont - El Digital de Asturias","og:description":"\u200bLa vicepresidenta y ministra de la Presidencia y para las Administraciones Territoriales, Soraya S\u00e1enz de Santamar\u00eda, ha informado de la contestaci\u00f3n que ya ha remitido el presidente Mariano Rajoy a Carles Puigdemont, presidente de la Generalitat de Catalu\u00f1a, tras la respuesta de este al requerimiento del Gobierno. En dicha carta, ha explicado la vicepresidenta, el","og:url":"https:\/\/www.eldigitaldeasturias.com\/noticias\/el-gobierno-de-espana-pide-mas-claridad-a-puigdemont\/","article:tag":["actualidad"],"article:published_time":"2017-10-16T12:55:52+00:00","article:modified_time":"2017-10-16T12:55:52+00:00","article:publisher":"https:\/\/facebook.com\/eldigitaldeasturias","twitter:card":"summary_large_image","twitter:title":"El Gobierno de Espa\u00f1a pide \u201cm\u00e1s claridad\u201d a Puigdemont - El Digital de Asturias","twitter:description":"\u200bLa vicepresidenta y ministra de la Presidencia y para las Administraciones Territoriales, Soraya S\u00e1enz de Santamar\u00eda, ha informado de la contestaci\u00f3n que ya ha remitido el presidente Mariano Rajoy a Carles Puigdemont, presidente de la Generalitat de Catalu\u00f1a, tras la respuesta de este al requerimiento del Gobierno. En dicha carta, ha explicado la vicepresidenta, el","twitter:image":"https:\/\/www.eldigitaldeasturias.com\/noticias\/wp-content\/uploads\/2020\/12\/EDA-1.jpg","twitter:label1":"Escrito por","twitter:data1":"El Digital de Asturias","twitter:label2":"Tiempo de lectura estimado","twitter:data2":"2 minutos"},"aioseo_meta_data":{"post_id":"956211","title":null,"description":null,"keywords":null,"keyphrases":null,"primary_term":null,"canonical_url":null,"og_title":null,"og_description":null,"og_object_type":"default","og_image_type":"default","og_image_url":null,"og_image_width":null,"og_image_height":null,"og_image_custom_url":null,"og_image_custom_fields":null,"og_video":null,"og_custom_url":null,"og_article_section":null,"og_article_tags":null,"twitter_use_og":false,"twitter_card":"default","twitter_image_type":"default","twitter_image_url":null,"twitter_image_custom_url":null,"twitter_image_custom_fields":null,"twitter_title":null,"twitter_description":null,"schema":{"blockGraphs":[],"customGraphs":[],"default":{"data":{"Article":[],"Course":[],"Dataset":[],"FAQPage":[],"Movie":[],"Person":[],"Product":[],"ProductReview":[],"Car":[],"Recipe":[],"Service":[],"SoftwareApplication":[],"WebPage":[]},"graphName":"","isEnabled":true},"graphs":[],"defaultGraph":"","defaultPostTypeGraph":""},"schema_type":null,"schema_type_options":null,"pillar_content":false,"robots_default":true,"robots_noindex":false,"robots_noarchive":false,"robots_nosnippet":false,"robots_nofollow":false,"robots_noimageindex":false,"robots_noodp":false,"robots_notranslate":false,"robots_max_snippet":null,"robots_max_videopreview":null,"robots_max_imagepreview":"large","priority":null,"frequency":null,"local_seo":null,"seo_analyzer_scan_date":"2025-12-06 12:50:07","breadcrumb_settings":null,"limit_modified_date":false,"open_ai":null,"ai":null,"created":"2020-12-21 12:56:04","updated":"2025-12-06 12:50:07","focus_keyword":null,"additional_keywords":null,"truseo_locale":null},"aioseo_breadcrumb":"<div class=\"aioseo-breadcrumbs\"><span class=\"aioseo-breadcrumb\">\n\t<a href=\"https:\/\/www.eldigitaldeasturias.com\/noticias\" title=\"Home\">Home<\/a>\n<\/span><span class=\"aioseo-breadcrumb-separator\">\u2013<\/span><span class=\"aioseo-breadcrumb\">\n\t<a href=\"https:\/\/www.eldigitaldeasturias.com\/noticias\/category\/actualidad\/\" title=\"Actualidad\">Actualidad<\/a>\n<\/span><span class=\"aioseo-breadcrumb-separator\">\u2013<\/span><span class=\"aioseo-breadcrumb\">\n\t<a href=\"https:\/\/www.eldigitaldeasturias.com\/noticias\/el-gobierno-de-espana-pide-mas-claridad-a-puigdemont\/\" title=\"El Gobierno de Espa\u00f1a pide \u201cm\u00e1s claridad\u201d a Puigdemont\">El Gobierno de Espa\u00f1a pide \u201cm\u00e1s claridad\u201d a Puigdemont<\/a>\n<\/span><\/div>","aioseo_breadcrumb_json":[{"label":"Home","link":"https:\/\/www.eldigitaldeasturias.com\/noticias"},{"label":"Actualidad","link":"https:\/\/www.eldigitaldeasturias.com\/noticias\/category\/actualidad\/"},{"label":"El Gobierno de Espa\u00f1a pide \u201cm\u00e1s claridad\u201d a Puigdemont","link":"https:\/\/www.eldigitaldeasturias.com\/noticias\/el-gobierno-de-espana-pide-mas-claridad-a-puigdemont\/"}],"_links":{"self":[{"href":"https:\/\/www.eldigitaldeasturias.com\/noticias\/wp-json\/wp\/v2\/posts\/956211","targetHints":{"allow":["GET"]}}],"collection":[{"href":"https:\/\/www.eldigitaldeasturias.com\/noticias\/wp-json\/wp\/v2\/posts"}],"about":[{"href":"https:\/\/www.eldigitaldeasturias.com\/noticias\/wp-json\/wp\/v2\/types\/post"}],"author":[{"embeddable":true,"href":"https:\/\/www.eldigitaldeasturias.com\/noticias\/wp-json\/wp\/v2\/users\/1"}],"replies":[{"embeddable":true,"href":"https:\/\/www.eldigitaldeasturias.com\/noticias\/wp-json\/wp\/v2\/comments?post=956211"}],"version-history":[{"count":0,"href":"https:\/\/www.eldigitaldeasturias.com\/noticias\/wp-json\/wp\/v2\/posts\/956211\/revisions"}],"wp:attachment":[{"href":"https:\/\/www.eldigitaldeasturias.com\/noticias\/wp-json\/wp\/v2\/media?parent=956211"}],"wp:term":[{"taxonomy":"category","embeddable":true,"href":"https:\/\/www.eldigitaldeasturias.com\/noticias\/wp-json\/wp\/v2\/categories?post=956211"},{"taxonomy":"post_tag","embeddable":true,"href":"https:\/\/www.eldigitaldeasturias.com\/noticias\/wp-json\/wp\/v2\/tags?post=956211"}],"curies":[{"name":"wp","href":"https:\/\/api.w.org\/{rel}","templated":true}]}}