{"id":956130,"date":"2017-10-15T20:08:35","date_gmt":"2017-10-15T20:08:35","guid":{"rendered":"http:\/\/www.eldigitaldeasturias.com\/noticias\/?p=956130"},"modified":"2017-10-15T20:08:35","modified_gmt":"2017-10-15T20:08:35","slug":"begona-villacis-partidaria-de-aplicar-el-155-en-cataluna","status":"publish","type":"post","link":"https:\/\/www.eldigitaldeasturias.com\/noticias\/begona-villacis-partidaria-de-aplicar-el-155-en-cataluna\/","title":{"rendered":"Bego\u00f1a Villac\u00eds partidaria de aplicar el 155 en Catalu\u00f1a"},"content":{"rendered":"<p><img loading=\"lazy\" decoding=\"async\" class=\"alignleft size-medium wp-image-956131\" src=\"https:\/\/www.eldigitaldeasturias.com\/noticias\/wp-content\/uploads\/2017\/10\/VILLAC\u00cdS-360x270.jpg\" alt=\"\" width=\"360\" height=\"270\" \/>\u201cHay que aplicar el art\u00edculo 155 de la Constituci\u00f3n de una vez por todas en Catalu\u00f1a para convocar elecciones\u201d, ha afirmado la portavoz de Ciudadanos (Cs) en el Ayuntamiento de Madrid, Bego\u00f1a Villac\u00eds, que ha asegurado que \u201cno se puede estar esperando cada d\u00eda a ver qu\u00e9 se le ocurrir\u00e1 a Puigdemont o cu\u00e1l ser\u00e1 su siguiente movimiento\u201d.<\/p>\n<p>Villac\u00eds ha se\u00f1alado que \u201cha llegado el momento de que se tome una decisi\u00f3n pero no porque la lleve pidiendo Ciudadanos desde hace bastante tiempo\u201d, sino porque ya \u201clo pide la gente, como se vio en la manifestaci\u00f3n en Barcelona, en la que se expres\u00f3 despu\u00e9s de estar tanto tiempo silenciada\u201d.<\/p>\n<p>La portavoz de Cs en el Ayuntamiento de Madrid ha subrayado que es necesaria \u201cla apertura de un escenario en el que entre ox\u00edgeno en Catalu\u00f1a, y una opci\u00f3n m\u00e1s preocupada en solucionar los problemas de los catalanes que en cre\u00e1rselos y confrontarles\u201d. \u201cEsa es la opci\u00f3n de In\u00e9s Arrimadas\u201d, ha se\u00f1alado Villac\u00eds, que ha recalcado que \u201clos catalanes no merecen lo que les est\u00e1 ocurriendo, que se vayan los bancos y las empresas, y la facturaci\u00f3n est\u00e9 cayendo en picado\u201d.<\/p>\n","protected":false},"excerpt":{"rendered":"<p>\u201cHay que aplicar el art\u00edculo 155 de la Constituci\u00f3n de una vez por todas en Catalu\u00f1a para convocar elecciones\u201d, ha afirmado la portavoz de Ciudadanos (Cs) en el Ayuntamiento de Madrid, Bego\u00f1a Villac\u00eds, que ha asegurado que \u201cno se puede estar esperando cada d\u00eda a ver qu\u00e9 se le ocurrir\u00e1 a Puigdemont o cu\u00e1l ser\u00e1 [&hellip;]<\/p>\n","protected":false},"author":1,"featured_media":956131,"comment_status":"closed","ping_status":"closed","sticky":false,"template":"","format":"standard","meta":{"footnotes":""},"categories":[1],"tags":[],"class_list":["post-956130","post","type-post","status-publish","format-standard","has-post-thumbnail","hentry","category-actualidad"],"aioseo_notices":[],"aioseo_head":"\n\t\t<!-- All in One SEO Pro 5.0.1 - aioseo.com -->\n\t<meta name=\"description\" content=\"\u201cHay que aplicar el art\u00edculo 155 de la Constituci\u00f3n de una vez por todas en Catalu\u00f1a para convocar elecciones\u201d, ha afirmado la portavoz de Ciudadanos (Cs) en el Ayuntamiento de Madrid, Bego\u00f1a Villac\u00eds, que ha asegurado que \u201cno se puede estar esperando cada d\u00eda a ver qu\u00e9 se le ocurrir\u00e1 a Puigdemont o cu\u00e1l ser\u00e1\" \/>\n\t<meta name=\"robots\" content=\"max-image-preview:large\" \/>\n\t<meta name=\"author\" content=\"El Digital de Asturias\"\/>\n\t<meta name=\"google-site-verification\" content=\"UA-38556648-1\" \/>\n\t<meta name=\"msvalidate.01\" content=\"7dfe9f3f1b24437ab69f4f2559babe99\" \/>\n\t<meta name=\"keywords\" content=\"actualidad\" \/>\n\t<link rel=\"canonical\" href=\"https:\/\/www.eldigitaldeasturias.com\/noticias\/begona-villacis-partidaria-de-aplicar-el-155-en-cataluna\/\" \/>\n\t<meta name=\"generator\" content=\"All in One SEO Pro (AIOSEO) 5.0.1\" \/>\n\t\t<meta property=\"og:locale\" content=\"es_ES\" \/>\n\t\t<meta property=\"og:site_name\" content=\"El Digital de Asturias\" \/>\n\t\t<meta property=\"og:type\" content=\"article\" \/>\n\t\t<meta property=\"og:title\" content=\"Bego\u00f1a Villac\u00eds partidaria de aplicar el 155 en Catalu\u00f1a - El Digital de Asturias\" \/>\n\t\t<meta property=\"og:description\" content=\"\u201cHay que aplicar el art\u00edculo 155 de la Constituci\u00f3n de una vez por todas en Catalu\u00f1a para convocar elecciones\u201d, ha afirmado la portavoz de Ciudadanos (Cs) en el Ayuntamiento de Madrid, Bego\u00f1a Villac\u00eds, que ha asegurado que \u201cno se puede estar esperando cada d\u00eda a ver qu\u00e9 se le ocurrir\u00e1 a Puigdemont o cu\u00e1l ser\u00e1\" \/>\n\t\t<meta property=\"og:url\" content=\"https:\/\/www.eldigitaldeasturias.com\/noticias\/begona-villacis-partidaria-de-aplicar-el-155-en-cataluna\/\" \/>\n\t\t<meta property=\"article:tag\" content=\"actualidad\" \/>\n\t\t<meta property=\"article:published_time\" content=\"2017-10-15T20:08:35+00:00\" \/>\n\t\t<meta property=\"article:modified_time\" content=\"2017-10-15T20:08:35+00:00\" \/>\n\t\t<meta property=\"article:publisher\" content=\"https:\/\/facebook.com\/eldigitaldeasturias\" \/>\n\t\t<meta name=\"twitter:card\" content=\"summary_large_image\" \/>\n\t\t<meta name=\"twitter:title\" content=\"Bego\u00f1a Villac\u00eds partidaria de aplicar el 155 en Catalu\u00f1a - El Digital de Asturias\" \/>\n\t\t<meta name=\"twitter:description\" content=\"\u201cHay que aplicar el art\u00edculo 155 de la Constituci\u00f3n de una vez por todas en Catalu\u00f1a para convocar elecciones\u201d, ha afirmado la portavoz de Ciudadanos (Cs) en el Ayuntamiento de Madrid, Bego\u00f1a Villac\u00eds, que ha asegurado que \u201cno se puede estar esperando cada d\u00eda a ver qu\u00e9 se le ocurrir\u00e1 a Puigdemont o cu\u00e1l ser\u00e1\" \/>\n\t\t<meta name=\"twitter:image\" content=\"https:\/\/www.eldigitaldeasturias.com\/noticias\/wp-content\/uploads\/2020\/12\/EDA-1.jpg\" \/>\n\t\t<meta name=\"twitter:label1\" content=\"Escrito por\" \/>\n\t\t<meta name=\"twitter:data1\" content=\"El Digital de Asturias\" \/>\n\t\t<meta name=\"twitter:label2\" content=\"Tiempo de lectura estimado\" \/>\n\t\t<meta name=\"twitter:data2\" content=\"1 minuto\" \/>\n\t\t<script type=\"application\/ld+json\" class=\"aioseo-schema\">\n\t\t\t{\"@context\":\"https:\\\/\\\/schema.org\",\"@graph\":[{\"@type\":\"BlogPosting\",\"@id\":\"https:\\\/\\\/www.eldigitaldeasturias.com\\\/noticias\\\/begona-villacis-partidaria-de-aplicar-el-155-en-cataluna\\\/#blogposting\",\"name\":\"Bego\\u00f1a Villac\\u00eds partidaria de aplicar el 155 en Catalu\\u00f1a - El Digital de Asturias\",\"headline\":\"Bego\\u00f1a Villac\\u00eds partidaria de aplicar el 155 en Catalu\\u00f1a\",\"author\":{\"@id\":\"https:\\\/\\\/www.eldigitaldeasturias.com\\\/noticias\\\/author\\\/admin\\\/#author\"},\"publisher\":{\"@id\":\"https:\\\/\\\/www.eldigitaldeasturias.com\\\/noticias\\\/#organization\"},\"image\":{\"@type\":\"ImageObject\",\"url\":956131},\"datePublished\":\"2017-10-15T20:08:35+02:00\",\"dateModified\":\"2017-10-15T20:08:35+02:00\",\"inLanguage\":\"es-ES\",\"mainEntityOfPage\":{\"@id\":\"https:\\\/\\\/www.eldigitaldeasturias.com\\\/noticias\\\/begona-villacis-partidaria-de-aplicar-el-155-en-cataluna\\\/#webpage\"},\"isPartOf\":{\"@id\":\"https:\\\/\\\/www.eldigitaldeasturias.com\\\/noticias\\\/begona-villacis-partidaria-de-aplicar-el-155-en-cataluna\\\/#webpage\"},\"articleSection\":\"Actualidad\"},{\"@type\":\"BreadcrumbList\",\"@id\":\"https:\\\/\\\/www.eldigitaldeasturias.com\\\/noticias\\\/begona-villacis-partidaria-de-aplicar-el-155-en-cataluna\\\/#breadcrumblist\",\"itemListElement\":[{\"@type\":\"ListItem\",\"@id\":\"https:\\\/\\\/www.eldigitaldeasturias.com\\\/noticias#listItem\",\"position\":1,\"name\":\"Home\",\"item\":\"https:\\\/\\\/www.eldigitaldeasturias.com\\\/noticias\",\"nextItem\":{\"@type\":\"ListItem\",\"@id\":\"https:\\\/\\\/www.eldigitaldeasturias.com\\\/noticias\\\/category\\\/actualidad\\\/#listItem\",\"name\":\"Actualidad\"}},{\"@type\":\"ListItem\",\"@id\":\"https:\\\/\\\/www.eldigitaldeasturias.com\\\/noticias\\\/category\\\/actualidad\\\/#listItem\",\"position\":2,\"name\":\"Actualidad\",\"item\":\"https:\\\/\\\/www.eldigitaldeasturias.com\\\/noticias\\\/category\\\/actualidad\\\/\",\"nextItem\":{\"@type\":\"ListItem\",\"@id\":\"https:\\\/\\\/www.eldigitaldeasturias.com\\\/noticias\\\/begona-villacis-partidaria-de-aplicar-el-155-en-cataluna\\\/#listItem\",\"name\":\"Bego\\u00f1a Villac\\u00eds partidaria de aplicar el 155 en Catalu\\u00f1a\"},\"previousItem\":{\"@type\":\"ListItem\",\"@id\":\"https:\\\/\\\/www.eldigitaldeasturias.com\\\/noticias#listItem\",\"name\":\"Home\"}},{\"@type\":\"ListItem\",\"@id\":\"https:\\\/\\\/www.eldigitaldeasturias.com\\\/noticias\\\/begona-villacis-partidaria-de-aplicar-el-155-en-cataluna\\\/#listItem\",\"position\":3,\"name\":\"Bego\\u00f1a Villac\\u00eds partidaria de aplicar el 155 en Catalu\\u00f1a\",\"previousItem\":{\"@type\":\"ListItem\",\"@id\":\"https:\\\/\\\/www.eldigitaldeasturias.com\\\/noticias\\\/category\\\/actualidad\\\/#listItem\",\"name\":\"Actualidad\"}}]},{\"@type\":\"Organization\",\"@id\":\"https:\\\/\\\/www.eldigitaldeasturias.com\\\/noticias\\\/#organization\",\"name\":\"El Digital de Asturias\",\"description\":\"Hemeroteca\",\"url\":\"https:\\\/\\\/www.eldigitaldeasturias.com\\\/noticias\\\/\",\"email\":\"info@eldigitaldeasturias.com\",\"telephone\":\"+34652131393\",\"logo\":{\"@type\":\"ImageObject\",\"url\":\"https:\\\/\\\/www.eldigitaldeasturias.com\\\/noticias\\\/wp-content\\\/uploads\\\/2020\\\/12\\\/EDA.jpg\",\"@id\":\"https:\\\/\\\/www.eldigitaldeasturias.com\\\/noticias\\\/begona-villacis-partidaria-de-aplicar-el-155-en-cataluna\\\/#organizationLogo\"},\"image\":{\"@id\":\"https:\\\/\\\/www.eldigitaldeasturias.com\\\/noticias\\\/begona-villacis-partidaria-de-aplicar-el-155-en-cataluna\\\/#organizationLogo\"},\"sameAs\":[\"https:\\\/\\\/facebook.com\\\/eldigitaldeasturias\",\"https:\\\/\\\/www.youtube.com\\\/channel\\\/UCZP-2wLEB9Rv6erhFmqVnvg\"],\"address\":{\"@id\":\"https:\\\/\\\/www.eldigitaldeasturias.com\\\/noticias\\\/#postaladdress\",\"@type\":\"PostalAddress\",\"streetAddress\":\"san antonio 4\",\"postalCode\":\"33430\",\"addressLocality\":\"Cand\\u00e1s\",\"addressRegion\":\"Asturias\",\"addressCountry\":\"ES\"}},{\"@type\":\"Person\",\"@id\":\"https:\\\/\\\/www.eldigitaldeasturias.com\\\/noticias\\\/author\\\/admin\\\/#author\",\"url\":\"https:\\\/\\\/www.eldigitaldeasturias.com\\\/noticias\\\/author\\\/admin\\\/\",\"name\":\"El Digital de Asturias\",\"image\":{\"@type\":\"ImageObject\",\"@id\":\"https:\\\/\\\/www.eldigitaldeasturias.com\\\/noticias\\\/begona-villacis-partidaria-de-aplicar-el-155-en-cataluna\\\/#authorImage\",\"url\":\"https:\\\/\\\/secure.gravatar.com\\\/avatar\\\/df2aeffc32bcd13f8d26072ef8a91b623d677766deac7f97ca815868cd41bf5e?s=96&d=mm&r=g\",\"width\":96,\"height\":96,\"caption\":\"El Digital de Asturias\"}},{\"@type\":\"WebPage\",\"@id\":\"https:\\\/\\\/www.eldigitaldeasturias.com\\\/noticias\\\/begona-villacis-partidaria-de-aplicar-el-155-en-cataluna\\\/#webpage\",\"url\":\"https:\\\/\\\/www.eldigitaldeasturias.com\\\/noticias\\\/begona-villacis-partidaria-de-aplicar-el-155-en-cataluna\\\/\",\"name\":\"Bego\\u00f1a Villac\\u00eds partidaria de aplicar el 155 en Catalu\\u00f1a - El Digital de Asturias\",\"description\":\"\\u201cHay que aplicar el art\\u00edculo 155 de la Constituci\\u00f3n de una vez por todas en Catalu\\u00f1a para convocar elecciones\\u201d, ha afirmado la portavoz de Ciudadanos (Cs) en el Ayuntamiento de Madrid, Bego\\u00f1a Villac\\u00eds, que ha asegurado que \\u201cno se puede estar esperando cada d\\u00eda a ver qu\\u00e9 se le ocurrir\\u00e1 a Puigdemont o cu\\u00e1l ser\\u00e1\",\"inLanguage\":\"es-ES\",\"isPartOf\":{\"@id\":\"https:\\\/\\\/www.eldigitaldeasturias.com\\\/noticias\\\/#website\"},\"breadcrumb\":{\"@id\":\"https:\\\/\\\/www.eldigitaldeasturias.com\\\/noticias\\\/begona-villacis-partidaria-de-aplicar-el-155-en-cataluna\\\/#breadcrumblist\"},\"author\":{\"@id\":\"https:\\\/\\\/www.eldigitaldeasturias.com\\\/noticias\\\/author\\\/admin\\\/#author\"},\"creator\":{\"@id\":\"https:\\\/\\\/www.eldigitaldeasturias.com\\\/noticias\\\/author\\\/admin\\\/#author\"},\"image\":{\"@type\":\"ImageObject\",\"url\":956131,\"@id\":\"https:\\\/\\\/www.eldigitaldeasturias.com\\\/noticias\\\/begona-villacis-partidaria-de-aplicar-el-155-en-cataluna\\\/#mainImage\"},\"primaryImageOfPage\":{\"@id\":\"https:\\\/\\\/www.eldigitaldeasturias.com\\\/noticias\\\/begona-villacis-partidaria-de-aplicar-el-155-en-cataluna\\\/#mainImage\"},\"datePublished\":\"2017-10-15T20:08:35+02:00\",\"dateModified\":\"2017-10-15T20:08:35+02:00\"},{\"@type\":\"WebSite\",\"@id\":\"https:\\\/\\\/www.eldigitaldeasturias.com\\\/noticias\\\/#website\",\"url\":\"https:\\\/\\\/www.eldigitaldeasturias.com\\\/noticias\\\/\",\"name\":\"El Digital de Asturias - Diario de actualidad y noticias\",\"alternateName\":\"El Digital de Asturias - Diario de actualidad y noticias\",\"description\":\"Hemeroteca\",\"inLanguage\":\"es-ES\",\"publisher\":{\"@id\":\"https:\\\/\\\/www.eldigitaldeasturias.com\\\/noticias\\\/#organization\"}}]}\n\t\t<\/script>\n\t\t<!-- All in One SEO Pro -->\r\n\t\t<title>Bego\u00f1a Villac\u00eds partidaria de aplicar el 155 en Catalu\u00f1a - El Digital de Asturias<\/title>\n\n","aioseo_head_json":{"title":"Bego\u00f1a Villac\u00eds partidaria de aplicar el 155 en Catalu\u00f1a - El Digital de Asturias","description":"\u201cHay que aplicar el art\u00edculo 155 de la Constituci\u00f3n de una vez por todas en Catalu\u00f1a para convocar elecciones\u201d, ha afirmado la portavoz de Ciudadanos (Cs) en el Ayuntamiento de Madrid, Bego\u00f1a Villac\u00eds, que ha asegurado que \u201cno se puede estar esperando cada d\u00eda a ver qu\u00e9 se le ocurrir\u00e1 a Puigdemont o cu\u00e1l ser\u00e1","canonical_url":"https:\/\/www.eldigitaldeasturias.com\/noticias\/begona-villacis-partidaria-de-aplicar-el-155-en-cataluna\/","robots":"max-image-preview:large","keywords":"actualidad","webmasterTools":{"google-site-verification":"UA-38556648-1","msvalidate.01":"7dfe9f3f1b24437ab69f4f2559babe99","miscellaneous":""},"schema":{"@context":"https:\/\/schema.org","@graph":[{"@type":"BlogPosting","@id":"https:\/\/www.eldigitaldeasturias.com\/noticias\/begona-villacis-partidaria-de-aplicar-el-155-en-cataluna\/#blogposting","name":"Bego\u00f1a Villac\u00eds partidaria de aplicar el 155 en Catalu\u00f1a - El Digital de Asturias","headline":"Bego\u00f1a Villac\u00eds partidaria de aplicar el 155 en Catalu\u00f1a","author":{"@id":"https:\/\/www.eldigitaldeasturias.com\/noticias\/author\/admin\/#author"},"publisher":{"@id":"https:\/\/www.eldigitaldeasturias.com\/noticias\/#organization"},"image":{"@type":"ImageObject","url":956131},"datePublished":"2017-10-15T20:08:35+02:00","dateModified":"2017-10-15T20:08:35+02:00","inLanguage":"es-ES","mainEntityOfPage":{"@id":"https:\/\/www.eldigitaldeasturias.com\/noticias\/begona-villacis-partidaria-de-aplicar-el-155-en-cataluna\/#webpage"},"isPartOf":{"@id":"https:\/\/www.eldigitaldeasturias.com\/noticias\/begona-villacis-partidaria-de-aplicar-el-155-en-cataluna\/#webpage"},"articleSection":"Actualidad"},{"@type":"BreadcrumbList","@id":"https:\/\/www.eldigitaldeasturias.com\/noticias\/begona-villacis-partidaria-de-aplicar-el-155-en-cataluna\/#breadcrumblist","itemListElement":[{"@type":"ListItem","@id":"https:\/\/www.eldigitaldeasturias.com\/noticias#listItem","position":1,"name":"Home","item":"https:\/\/www.eldigitaldeasturias.com\/noticias","nextItem":{"@type":"ListItem","@id":"https:\/\/www.eldigitaldeasturias.com\/noticias\/category\/actualidad\/#listItem","name":"Actualidad"}},{"@type":"ListItem","@id":"https:\/\/www.eldigitaldeasturias.com\/noticias\/category\/actualidad\/#listItem","position":2,"name":"Actualidad","item":"https:\/\/www.eldigitaldeasturias.com\/noticias\/category\/actualidad\/","nextItem":{"@type":"ListItem","@id":"https:\/\/www.eldigitaldeasturias.com\/noticias\/begona-villacis-partidaria-de-aplicar-el-155-en-cataluna\/#listItem","name":"Bego\u00f1a Villac\u00eds partidaria de aplicar el 155 en Catalu\u00f1a"},"previousItem":{"@type":"ListItem","@id":"https:\/\/www.eldigitaldeasturias.com\/noticias#listItem","name":"Home"}},{"@type":"ListItem","@id":"https:\/\/www.eldigitaldeasturias.com\/noticias\/begona-villacis-partidaria-de-aplicar-el-155-en-cataluna\/#listItem","position":3,"name":"Bego\u00f1a Villac\u00eds partidaria de aplicar el 155 en Catalu\u00f1a","previousItem":{"@type":"ListItem","@id":"https:\/\/www.eldigitaldeasturias.com\/noticias\/category\/actualidad\/#listItem","name":"Actualidad"}}]},{"@type":"Organization","@id":"https:\/\/www.eldigitaldeasturias.com\/noticias\/#organization","name":"El Digital de Asturias","description":"Hemeroteca","url":"https:\/\/www.eldigitaldeasturias.com\/noticias\/","email":"info@eldigitaldeasturias.com","telephone":"+34652131393","logo":{"@type":"ImageObject","url":"https:\/\/www.eldigitaldeasturias.com\/noticias\/wp-content\/uploads\/2020\/12\/EDA.jpg","@id":"https:\/\/www.eldigitaldeasturias.com\/noticias\/begona-villacis-partidaria-de-aplicar-el-155-en-cataluna\/#organizationLogo"},"image":{"@id":"https:\/\/www.eldigitaldeasturias.com\/noticias\/begona-villacis-partidaria-de-aplicar-el-155-en-cataluna\/#organizationLogo"},"sameAs":["https:\/\/facebook.com\/eldigitaldeasturias","https:\/\/www.youtube.com\/channel\/UCZP-2wLEB9Rv6erhFmqVnvg"],"address":{"@id":"https:\/\/www.eldigitaldeasturias.com\/noticias\/#postaladdress","@type":"PostalAddress","streetAddress":"san antonio 4","postalCode":"33430","addressLocality":"Cand\u00e1s","addressRegion":"Asturias","addressCountry":"ES"}},{"@type":"Person","@id":"https:\/\/www.eldigitaldeasturias.com\/noticias\/author\/admin\/#author","url":"https:\/\/www.eldigitaldeasturias.com\/noticias\/author\/admin\/","name":"El Digital de Asturias","image":{"@type":"ImageObject","@id":"https:\/\/www.eldigitaldeasturias.com\/noticias\/begona-villacis-partidaria-de-aplicar-el-155-en-cataluna\/#authorImage","url":"https:\/\/secure.gravatar.com\/avatar\/df2aeffc32bcd13f8d26072ef8a91b623d677766deac7f97ca815868cd41bf5e?s=96&d=mm&r=g","width":96,"height":96,"caption":"El Digital de Asturias"}},{"@type":"WebPage","@id":"https:\/\/www.eldigitaldeasturias.com\/noticias\/begona-villacis-partidaria-de-aplicar-el-155-en-cataluna\/#webpage","url":"https:\/\/www.eldigitaldeasturias.com\/noticias\/begona-villacis-partidaria-de-aplicar-el-155-en-cataluna\/","name":"Bego\u00f1a Villac\u00eds partidaria de aplicar el 155 en Catalu\u00f1a - El Digital de Asturias","description":"\u201cHay que aplicar el art\u00edculo 155 de la Constituci\u00f3n de una vez por todas en Catalu\u00f1a para convocar elecciones\u201d, ha afirmado la portavoz de Ciudadanos (Cs) en el Ayuntamiento de Madrid, Bego\u00f1a Villac\u00eds, que ha asegurado que \u201cno se puede estar esperando cada d\u00eda a ver qu\u00e9 se le ocurrir\u00e1 a Puigdemont o cu\u00e1l ser\u00e1","inLanguage":"es-ES","isPartOf":{"@id":"https:\/\/www.eldigitaldeasturias.com\/noticias\/#website"},"breadcrumb":{"@id":"https:\/\/www.eldigitaldeasturias.com\/noticias\/begona-villacis-partidaria-de-aplicar-el-155-en-cataluna\/#breadcrumblist"},"author":{"@id":"https:\/\/www.eldigitaldeasturias.com\/noticias\/author\/admin\/#author"},"creator":{"@id":"https:\/\/www.eldigitaldeasturias.com\/noticias\/author\/admin\/#author"},"image":{"@type":"ImageObject","url":956131,"@id":"https:\/\/www.eldigitaldeasturias.com\/noticias\/begona-villacis-partidaria-de-aplicar-el-155-en-cataluna\/#mainImage"},"primaryImageOfPage":{"@id":"https:\/\/www.eldigitaldeasturias.com\/noticias\/begona-villacis-partidaria-de-aplicar-el-155-en-cataluna\/#mainImage"},"datePublished":"2017-10-15T20:08:35+02:00","dateModified":"2017-10-15T20:08:35+02:00"},{"@type":"WebSite","@id":"https:\/\/www.eldigitaldeasturias.com\/noticias\/#website","url":"https:\/\/www.eldigitaldeasturias.com\/noticias\/","name":"El Digital de Asturias - Diario de actualidad y noticias","alternateName":"El Digital de Asturias - Diario de actualidad y noticias","description":"Hemeroteca","inLanguage":"es-ES","publisher":{"@id":"https:\/\/www.eldigitaldeasturias.com\/noticias\/#organization"}}]},"og:locale":"es_ES","og:site_name":"El Digital de Asturias","og:type":"article","og:title":"Bego\u00f1a Villac\u00eds partidaria de aplicar el 155 en Catalu\u00f1a - El Digital de Asturias","og:description":"\u201cHay que aplicar el art\u00edculo 155 de la Constituci\u00f3n de una vez por todas en Catalu\u00f1a para convocar elecciones\u201d, ha afirmado la portavoz de Ciudadanos (Cs) en el Ayuntamiento de Madrid, Bego\u00f1a Villac\u00eds, que ha asegurado que \u201cno se puede estar esperando cada d\u00eda a ver qu\u00e9 se le ocurrir\u00e1 a Puigdemont o cu\u00e1l ser\u00e1","og:url":"https:\/\/www.eldigitaldeasturias.com\/noticias\/begona-villacis-partidaria-de-aplicar-el-155-en-cataluna\/","article:tag":["actualidad"],"article:published_time":"2017-10-15T20:08:35+00:00","article:modified_time":"2017-10-15T20:08:35+00:00","article:publisher":"https:\/\/facebook.com\/eldigitaldeasturias","twitter:card":"summary_large_image","twitter:title":"Bego\u00f1a Villac\u00eds partidaria de aplicar el 155 en Catalu\u00f1a - El Digital de Asturias","twitter:description":"\u201cHay que aplicar el art\u00edculo 155 de la Constituci\u00f3n de una vez por todas en Catalu\u00f1a para convocar elecciones\u201d, ha afirmado la portavoz de Ciudadanos (Cs) en el Ayuntamiento de Madrid, Bego\u00f1a Villac\u00eds, que ha asegurado que \u201cno se puede estar esperando cada d\u00eda a ver qu\u00e9 se le ocurrir\u00e1 a Puigdemont o cu\u00e1l ser\u00e1","twitter:image":"https:\/\/www.eldigitaldeasturias.com\/noticias\/wp-content\/uploads\/2020\/12\/EDA-1.jpg","twitter:label1":"Escrito por","twitter:data1":"El Digital de Asturias","twitter:label2":"Tiempo de lectura estimado","twitter:data2":"1 minuto"},"aioseo_meta_data":{"post_id":"956130","title":null,"description":null,"keywords":null,"keyphrases":null,"primary_term":null,"canonical_url":null,"og_title":null,"og_description":null,"og_object_type":"default","og_image_type":"default","og_image_url":null,"og_image_width":null,"og_image_height":null,"og_image_custom_url":null,"og_image_custom_fields":null,"og_video":null,"og_custom_url":null,"og_article_section":null,"og_article_tags":null,"twitter_use_og":false,"twitter_card":"default","twitter_image_type":"default","twitter_image_url":null,"twitter_image_custom_url":null,"twitter_image_custom_fields":null,"twitter_title":null,"twitter_description":null,"schema":{"blockGraphs":[],"customGraphs":[],"default":{"data":{"Article":[],"Course":[],"Dataset":[],"FAQPage":[],"Movie":[],"Person":[],"Product":[],"ProductReview":[],"Car":[],"Recipe":[],"Service":[],"SoftwareApplication":[],"WebPage":[]},"graphName":"","isEnabled":true},"graphs":[],"defaultGraph":"","defaultPostTypeGraph":""},"schema_type":null,"schema_type_options":null,"pillar_content":false,"robots_default":true,"robots_noindex":false,"robots_noarchive":false,"robots_nosnippet":false,"robots_nofollow":false,"robots_noimageindex":false,"robots_noodp":false,"robots_notranslate":false,"robots_max_snippet":null,"robots_max_videopreview":null,"robots_max_imagepreview":"large","priority":null,"frequency":null,"local_seo":null,"seo_analyzer_scan_date":"2025-12-06 12:36:10","breadcrumb_settings":null,"limit_modified_date":false,"open_ai":null,"ai":null,"created":"2020-12-21 12:56:04","updated":"2025-12-06 12:36:10","focus_keyword":null,"additional_keywords":null,"truseo_locale":null},"aioseo_breadcrumb":"<div class=\"aioseo-breadcrumbs\"><span class=\"aioseo-breadcrumb\">\n\t<a href=\"https:\/\/www.eldigitaldeasturias.com\/noticias\" title=\"Home\">Home<\/a>\n<\/span><span class=\"aioseo-breadcrumb-separator\">\u2013<\/span><span class=\"aioseo-breadcrumb\">\n\t<a href=\"https:\/\/www.eldigitaldeasturias.com\/noticias\/category\/actualidad\/\" title=\"Actualidad\">Actualidad<\/a>\n<\/span><span class=\"aioseo-breadcrumb-separator\">\u2013<\/span><span class=\"aioseo-breadcrumb\">\n\t<a href=\"https:\/\/www.eldigitaldeasturias.com\/noticias\/begona-villacis-partidaria-de-aplicar-el-155-en-cataluna\/\" title=\"Bego\u00f1a Villac\u00eds partidaria de aplicar el 155 en Catalu\u00f1a\">Bego\u00f1a Villac\u00eds partidaria de aplicar el 155 en Catalu\u00f1a<\/a>\n<\/span><\/div>","aioseo_breadcrumb_json":[{"label":"Home","link":"https:\/\/www.eldigitaldeasturias.com\/noticias"},{"label":"Actualidad","link":"https:\/\/www.eldigitaldeasturias.com\/noticias\/category\/actualidad\/"},{"label":"Bego\u00f1a Villac\u00eds partidaria de aplicar el 155 en Catalu\u00f1a","link":"https:\/\/www.eldigitaldeasturias.com\/noticias\/begona-villacis-partidaria-de-aplicar-el-155-en-cataluna\/"}],"_links":{"self":[{"href":"https:\/\/www.eldigitaldeasturias.com\/noticias\/wp-json\/wp\/v2\/posts\/956130","targetHints":{"allow":["GET"]}}],"collection":[{"href":"https:\/\/www.eldigitaldeasturias.com\/noticias\/wp-json\/wp\/v2\/posts"}],"about":[{"href":"https:\/\/www.eldigitaldeasturias.com\/noticias\/wp-json\/wp\/v2\/types\/post"}],"author":[{"embeddable":true,"href":"https:\/\/www.eldigitaldeasturias.com\/noticias\/wp-json\/wp\/v2\/users\/1"}],"replies":[{"embeddable":true,"href":"https:\/\/www.eldigitaldeasturias.com\/noticias\/wp-json\/wp\/v2\/comments?post=956130"}],"version-history":[{"count":0,"href":"https:\/\/www.eldigitaldeasturias.com\/noticias\/wp-json\/wp\/v2\/posts\/956130\/revisions"}],"wp:attachment":[{"href":"https:\/\/www.eldigitaldeasturias.com\/noticias\/wp-json\/wp\/v2\/media?parent=956130"}],"wp:term":[{"taxonomy":"category","embeddable":true,"href":"https:\/\/www.eldigitaldeasturias.com\/noticias\/wp-json\/wp\/v2\/categories?post=956130"},{"taxonomy":"post_tag","embeddable":true,"href":"https:\/\/www.eldigitaldeasturias.com\/noticias\/wp-json\/wp\/v2\/tags?post=956130"}],"curies":[{"name":"wp","href":"https:\/\/api.w.org\/{rel}","templated":true}]}}