{"id":956127,"date":"2017-10-15T20:04:16","date_gmt":"2017-10-15T20:04:16","guid":{"rendered":"http:\/\/www.eldigitaldeasturias.com\/noticias\/?p=956127"},"modified":"2017-10-15T20:04:16","modified_gmt":"2017-10-15T20:04:16","slug":"arenas-puigdemont-debe-rectificar-y-volver-a-la-claridad-constitucional","status":"publish","type":"post","link":"https:\/\/www.eldigitaldeasturias.com\/noticias\/arenas-puigdemont-debe-rectificar-y-volver-a-la-claridad-constitucional\/","title":{"rendered":"Arenas: \u00abPuigdemont debe rectificar y volver a la claridad constitucional\u00bb"},"content":{"rendered":"<p><img loading=\"lazy\" decoding=\"async\" class=\"alignleft size-medium wp-image-956128\" src=\"https:\/\/www.eldigitaldeasturias.com\/noticias\/wp-content\/uploads\/2017\/10\/20170128-360x163.jpg\" alt=\"\" width=\"360\" height=\"163\" \/>El vicesecretario de Pol\u00edtica Auton\u00f3mica y Local del Partido Popular, Javier Arenas, ha deseado hoy \u00abque el se\u00f1or Puigdemont, viendo la quiebra social que ha conseguido en Catalu\u00f1a, y el empobrecimiento y la ruina econ\u00f3mica que trae, rectifique, porque me parece que m\u00e1s que nunca, rectificar es de sabios, y que conteste volviendo a la claridad constitucional despu\u00e9s de la gran ceremonia de la confusi\u00f3n que fue el \u00faltimo pleno del Parlamento de Catalu\u00f1a\u00bb.<\/p>\n<p>El dirigente popular ha explicado que \u00abel requerimiento que ha hecho el Gobierno tiene dos partes: la primera es que se nos clarifique de una vez por todas si ha habido declaraci\u00f3n de independencia despu\u00e9s de la confusi\u00f3n que dej\u00f3 la sesi\u00f3n parlamentaria. La segunda parte es que, si se hubiera producido por alguna autoridad, que se proceda a revocar esa decisi\u00f3n\u00bb.<\/p>\n<p>\u00abSi fueran insatisfactorias las respuestas a los dos requerimientos, el Gobierno tiene que aplicar todas las medidas para que all\u00ed est\u00e9 garantizado el cumplimiento de la ley, como en cualquier lugar de Espa\u00f1a, y lo tiene que hacer, adem\u00e1s, en defensa de los derechos individuales y de la libertad de todos los catalanes \u00bfCu\u00e1les tienen que ser? Insisto, hay que esperar acontecimientos pero, en cualquier caso, el restablecimiento de la legalidad constitucional y estatutaria\u00bb, ha recalcado.<\/p>\n<p><strong>POSIBLES MEDIDAS<\/strong><\/p>\n<p>En cuanto a la posible aplicaci\u00f3n del art\u00edculo 155 de la Constituci\u00f3n, Arenas ha dicho que el Ejecutivo de Rajoy ha hecho un an\u00e1lisis con todo detalle que ya \u00abha sido compartido con las fuerzas pol\u00edticas que est\u00e1n defendiendo la Constituci\u00f3n y la concordia\u00bb y que se ha traducido en \u00abel apoyo del PSOE y de Ciudadanos a la estrategia que ha planteado el Gobierno\u00bb.<\/p>\n<p><strong>REFORMA CONSTITUCIONAL<\/strong><\/p>\n<p>Javier Arenas ha recordado que ya estaba aprobada una Comisi\u00f3n en el Congreso \u00abpara analizar con todo detalle c\u00f3mo funciona y ha funcionado el Estado de las Autonom\u00edas. Hay que hacerlo desde una visi\u00f3n autocr\u00edtica: qu\u00e9 ha funcionado bien, qu\u00e9 no ha funcionado bien, el autogobierno en las Comunidades Aut\u00f3nomas y, en su caso, transcurridos seis meses, que los partidos que quieran hacerlo formulen propuestas de modificaci\u00f3n a la Constituci\u00f3n.<\/p>\n<p>\u00abLa Constituci\u00f3n espa\u00f1ola nos hace a todos los espa\u00f1oles ciudadanos libres e iguales y nosotros no vamos a aceptar propuestas que vayan en una direcci\u00f3n contraria\u00bb, ha se\u00f1alado.<\/p>\n<p><strong>APOYO A LAS FUERZAS DE SEGURIDAD DEL ESTADO<\/strong><\/p>\n<p>Preguntado por las posibles medidas que se podr\u00edan aplicar para mantener el Estado de Derecho en Catalu\u00f1a, Javier Arenas ha mostrado en primer lugar el total apoyo del Partido Popular a la Polic\u00eda Nacional y a la Guardia Civil \u00abporque a ellos debemos, no solamente nuestra seguridad, sino tambi\u00e9n nuestra libertad\u00bb.<\/p>\n","protected":false},"excerpt":{"rendered":"<p>El vicesecretario de Pol\u00edtica Auton\u00f3mica y Local del Partido Popular, Javier Arenas, ha deseado hoy \u00abque el se\u00f1or Puigdemont, viendo la quiebra social que ha conseguido en Catalu\u00f1a, y el empobrecimiento y la ruina econ\u00f3mica que trae, rectifique, porque me parece que m\u00e1s que nunca, rectificar es de sabios, y que conteste volviendo a la [&hellip;]<\/p>\n","protected":false},"author":1,"featured_media":956128,"comment_status":"closed","ping_status":"closed","sticky":false,"template":"","format":"standard","meta":{"footnotes":""},"categories":[1],"tags":[],"class_list":["post-956127","post","type-post","status-publish","format-standard","has-post-thumbnail","hentry","category-actualidad"],"aioseo_notices":[],"aioseo_head":"\n\t\t<!-- All in One SEO Pro 5.0.1 - aioseo.com -->\n\t<meta name=\"description\" content=\"El vicesecretario de Pol\u00edtica Auton\u00f3mica y Local del Partido Popular, Javier Arenas, ha deseado hoy &quot;que el se\u00f1or Puigdemont, viendo la quiebra social que ha conseguido en Catalu\u00f1a, y el empobrecimiento y la ruina econ\u00f3mica que trae, rectifique, porque me parece que m\u00e1s que nunca, rectificar es de sabios, y que conteste volviendo a la\" \/>\n\t<meta name=\"robots\" content=\"max-image-preview:large\" \/>\n\t<meta name=\"author\" content=\"El Digital de Asturias\"\/>\n\t<meta name=\"google-site-verification\" content=\"UA-38556648-1\" \/>\n\t<meta name=\"msvalidate.01\" content=\"7dfe9f3f1b24437ab69f4f2559babe99\" \/>\n\t<meta name=\"keywords\" content=\"actualidad\" \/>\n\t<link rel=\"canonical\" href=\"https:\/\/www.eldigitaldeasturias.com\/noticias\/arenas-puigdemont-debe-rectificar-y-volver-a-la-claridad-constitucional\/\" \/>\n\t<meta name=\"generator\" content=\"All in One SEO Pro (AIOSEO) 5.0.1\" \/>\n\t\t<meta property=\"og:locale\" content=\"es_ES\" \/>\n\t\t<meta property=\"og:site_name\" content=\"El Digital de Asturias\" \/>\n\t\t<meta property=\"og:type\" content=\"article\" \/>\n\t\t<meta property=\"og:title\" content=\"Arenas: \u00abPuigdemont debe rectificar y volver a la claridad constitucional\u00bb - El Digital de Asturias\" \/>\n\t\t<meta property=\"og:description\" content=\"El vicesecretario de Pol\u00edtica Auton\u00f3mica y Local del Partido Popular, Javier Arenas, ha deseado hoy &quot;que el se\u00f1or Puigdemont, viendo la quiebra social que ha conseguido en Catalu\u00f1a, y el empobrecimiento y la ruina econ\u00f3mica que trae, rectifique, porque me parece que m\u00e1s que nunca, rectificar es de sabios, y que conteste volviendo a la\" \/>\n\t\t<meta property=\"og:url\" content=\"https:\/\/www.eldigitaldeasturias.com\/noticias\/arenas-puigdemont-debe-rectificar-y-volver-a-la-claridad-constitucional\/\" \/>\n\t\t<meta property=\"article:tag\" content=\"actualidad\" \/>\n\t\t<meta property=\"article:published_time\" content=\"2017-10-15T20:04:16+00:00\" \/>\n\t\t<meta property=\"article:modified_time\" content=\"2017-10-15T20:04:16+00:00\" \/>\n\t\t<meta property=\"article:publisher\" content=\"https:\/\/facebook.com\/eldigitaldeasturias\" \/>\n\t\t<meta name=\"twitter:card\" content=\"summary_large_image\" \/>\n\t\t<meta name=\"twitter:title\" content=\"Arenas: \u00abPuigdemont debe rectificar y volver a la claridad constitucional\u00bb - El Digital de Asturias\" \/>\n\t\t<meta name=\"twitter:description\" content=\"El vicesecretario de Pol\u00edtica Auton\u00f3mica y Local del Partido Popular, Javier Arenas, ha deseado hoy &quot;que el se\u00f1or Puigdemont, viendo la quiebra social que ha conseguido en Catalu\u00f1a, y el empobrecimiento y la ruina econ\u00f3mica que trae, rectifique, porque me parece que m\u00e1s que nunca, rectificar es de sabios, y que conteste volviendo a la\" \/>\n\t\t<meta name=\"twitter:image\" content=\"https:\/\/www.eldigitaldeasturias.com\/noticias\/wp-content\/uploads\/2020\/12\/EDA-1.jpg\" \/>\n\t\t<meta name=\"twitter:label1\" content=\"Escrito por\" \/>\n\t\t<meta name=\"twitter:data1\" content=\"El Digital de Asturias\" \/>\n\t\t<meta name=\"twitter:label2\" content=\"Tiempo de lectura estimado\" \/>\n\t\t<meta name=\"twitter:data2\" content=\"2 minutos\" \/>\n\t\t<script type=\"application\/ld+json\" class=\"aioseo-schema\">\n\t\t\t{\"@context\":\"https:\\\/\\\/schema.org\",\"@graph\":[{\"@type\":\"BlogPosting\",\"@id\":\"https:\\\/\\\/www.eldigitaldeasturias.com\\\/noticias\\\/arenas-puigdemont-debe-rectificar-y-volver-a-la-claridad-constitucional\\\/#blogposting\",\"name\":\"Arenas: \\u00abPuigdemont debe rectificar y volver a la claridad constitucional\\u00bb - El Digital de Asturias\",\"headline\":\"Arenas: \\u00abPuigdemont debe rectificar y volver a la claridad constitucional\\u00bb\",\"author\":{\"@id\":\"https:\\\/\\\/www.eldigitaldeasturias.com\\\/noticias\\\/author\\\/admin\\\/#author\"},\"publisher\":{\"@id\":\"https:\\\/\\\/www.eldigitaldeasturias.com\\\/noticias\\\/#organization\"},\"image\":{\"@type\":\"ImageObject\",\"url\":956128},\"datePublished\":\"2017-10-15T20:04:16+02:00\",\"dateModified\":\"2017-10-15T20:04:16+02:00\",\"inLanguage\":\"es-ES\",\"mainEntityOfPage\":{\"@id\":\"https:\\\/\\\/www.eldigitaldeasturias.com\\\/noticias\\\/arenas-puigdemont-debe-rectificar-y-volver-a-la-claridad-constitucional\\\/#webpage\"},\"isPartOf\":{\"@id\":\"https:\\\/\\\/www.eldigitaldeasturias.com\\\/noticias\\\/arenas-puigdemont-debe-rectificar-y-volver-a-la-claridad-constitucional\\\/#webpage\"},\"articleSection\":\"Actualidad\"},{\"@type\":\"BreadcrumbList\",\"@id\":\"https:\\\/\\\/www.eldigitaldeasturias.com\\\/noticias\\\/arenas-puigdemont-debe-rectificar-y-volver-a-la-claridad-constitucional\\\/#breadcrumblist\",\"itemListElement\":[{\"@type\":\"ListItem\",\"@id\":\"https:\\\/\\\/www.eldigitaldeasturias.com\\\/noticias#listItem\",\"position\":1,\"name\":\"Home\",\"item\":\"https:\\\/\\\/www.eldigitaldeasturias.com\\\/noticias\",\"nextItem\":{\"@type\":\"ListItem\",\"@id\":\"https:\\\/\\\/www.eldigitaldeasturias.com\\\/noticias\\\/category\\\/actualidad\\\/#listItem\",\"name\":\"Actualidad\"}},{\"@type\":\"ListItem\",\"@id\":\"https:\\\/\\\/www.eldigitaldeasturias.com\\\/noticias\\\/category\\\/actualidad\\\/#listItem\",\"position\":2,\"name\":\"Actualidad\",\"item\":\"https:\\\/\\\/www.eldigitaldeasturias.com\\\/noticias\\\/category\\\/actualidad\\\/\",\"nextItem\":{\"@type\":\"ListItem\",\"@id\":\"https:\\\/\\\/www.eldigitaldeasturias.com\\\/noticias\\\/arenas-puigdemont-debe-rectificar-y-volver-a-la-claridad-constitucional\\\/#listItem\",\"name\":\"Arenas: \\u00abPuigdemont debe rectificar y volver a la claridad constitucional\\u00bb\"},\"previousItem\":{\"@type\":\"ListItem\",\"@id\":\"https:\\\/\\\/www.eldigitaldeasturias.com\\\/noticias#listItem\",\"name\":\"Home\"}},{\"@type\":\"ListItem\",\"@id\":\"https:\\\/\\\/www.eldigitaldeasturias.com\\\/noticias\\\/arenas-puigdemont-debe-rectificar-y-volver-a-la-claridad-constitucional\\\/#listItem\",\"position\":3,\"name\":\"Arenas: \\u00abPuigdemont debe rectificar y volver a la claridad constitucional\\u00bb\",\"previousItem\":{\"@type\":\"ListItem\",\"@id\":\"https:\\\/\\\/www.eldigitaldeasturias.com\\\/noticias\\\/category\\\/actualidad\\\/#listItem\",\"name\":\"Actualidad\"}}]},{\"@type\":\"Organization\",\"@id\":\"https:\\\/\\\/www.eldigitaldeasturias.com\\\/noticias\\\/#organization\",\"name\":\"El Digital de Asturias\",\"description\":\"Hemeroteca\",\"url\":\"https:\\\/\\\/www.eldigitaldeasturias.com\\\/noticias\\\/\",\"email\":\"info@eldigitaldeasturias.com\",\"telephone\":\"+34652131393\",\"logo\":{\"@type\":\"ImageObject\",\"url\":\"https:\\\/\\\/www.eldigitaldeasturias.com\\\/noticias\\\/wp-content\\\/uploads\\\/2020\\\/12\\\/EDA.jpg\",\"@id\":\"https:\\\/\\\/www.eldigitaldeasturias.com\\\/noticias\\\/arenas-puigdemont-debe-rectificar-y-volver-a-la-claridad-constitucional\\\/#organizationLogo\"},\"image\":{\"@id\":\"https:\\\/\\\/www.eldigitaldeasturias.com\\\/noticias\\\/arenas-puigdemont-debe-rectificar-y-volver-a-la-claridad-constitucional\\\/#organizationLogo\"},\"sameAs\":[\"https:\\\/\\\/facebook.com\\\/eldigitaldeasturias\",\"https:\\\/\\\/www.youtube.com\\\/channel\\\/UCZP-2wLEB9Rv6erhFmqVnvg\"],\"address\":{\"@id\":\"https:\\\/\\\/www.eldigitaldeasturias.com\\\/noticias\\\/#postaladdress\",\"@type\":\"PostalAddress\",\"streetAddress\":\"san antonio 4\",\"postalCode\":\"33430\",\"addressLocality\":\"Cand\\u00e1s\",\"addressRegion\":\"Asturias\",\"addressCountry\":\"ES\"}},{\"@type\":\"Person\",\"@id\":\"https:\\\/\\\/www.eldigitaldeasturias.com\\\/noticias\\\/author\\\/admin\\\/#author\",\"url\":\"https:\\\/\\\/www.eldigitaldeasturias.com\\\/noticias\\\/author\\\/admin\\\/\",\"name\":\"El Digital de Asturias\",\"image\":{\"@type\":\"ImageObject\",\"@id\":\"https:\\\/\\\/www.eldigitaldeasturias.com\\\/noticias\\\/arenas-puigdemont-debe-rectificar-y-volver-a-la-claridad-constitucional\\\/#authorImage\",\"url\":\"https:\\\/\\\/secure.gravatar.com\\\/avatar\\\/df2aeffc32bcd13f8d26072ef8a91b623d677766deac7f97ca815868cd41bf5e?s=96&d=mm&r=g\",\"width\":96,\"height\":96,\"caption\":\"El Digital de Asturias\"}},{\"@type\":\"WebPage\",\"@id\":\"https:\\\/\\\/www.eldigitaldeasturias.com\\\/noticias\\\/arenas-puigdemont-debe-rectificar-y-volver-a-la-claridad-constitucional\\\/#webpage\",\"url\":\"https:\\\/\\\/www.eldigitaldeasturias.com\\\/noticias\\\/arenas-puigdemont-debe-rectificar-y-volver-a-la-claridad-constitucional\\\/\",\"name\":\"Arenas: \\u00abPuigdemont debe rectificar y volver a la claridad constitucional\\u00bb - El Digital de Asturias\",\"description\":\"El vicesecretario de Pol\\u00edtica Auton\\u00f3mica y Local del Partido Popular, Javier Arenas, ha deseado hoy \\\"que el se\\u00f1or Puigdemont, viendo la quiebra social que ha conseguido en Catalu\\u00f1a, y el empobrecimiento y la ruina econ\\u00f3mica que trae, rectifique, porque me parece que m\\u00e1s que nunca, rectificar es de sabios, y que conteste volviendo a la\",\"inLanguage\":\"es-ES\",\"isPartOf\":{\"@id\":\"https:\\\/\\\/www.eldigitaldeasturias.com\\\/noticias\\\/#website\"},\"breadcrumb\":{\"@id\":\"https:\\\/\\\/www.eldigitaldeasturias.com\\\/noticias\\\/arenas-puigdemont-debe-rectificar-y-volver-a-la-claridad-constitucional\\\/#breadcrumblist\"},\"author\":{\"@id\":\"https:\\\/\\\/www.eldigitaldeasturias.com\\\/noticias\\\/author\\\/admin\\\/#author\"},\"creator\":{\"@id\":\"https:\\\/\\\/www.eldigitaldeasturias.com\\\/noticias\\\/author\\\/admin\\\/#author\"},\"image\":{\"@type\":\"ImageObject\",\"url\":956128,\"@id\":\"https:\\\/\\\/www.eldigitaldeasturias.com\\\/noticias\\\/arenas-puigdemont-debe-rectificar-y-volver-a-la-claridad-constitucional\\\/#mainImage\"},\"primaryImageOfPage\":{\"@id\":\"https:\\\/\\\/www.eldigitaldeasturias.com\\\/noticias\\\/arenas-puigdemont-debe-rectificar-y-volver-a-la-claridad-constitucional\\\/#mainImage\"},\"datePublished\":\"2017-10-15T20:04:16+02:00\",\"dateModified\":\"2017-10-15T20:04:16+02:00\"},{\"@type\":\"WebSite\",\"@id\":\"https:\\\/\\\/www.eldigitaldeasturias.com\\\/noticias\\\/#website\",\"url\":\"https:\\\/\\\/www.eldigitaldeasturias.com\\\/noticias\\\/\",\"name\":\"El Digital de Asturias - Diario de actualidad y noticias\",\"alternateName\":\"El Digital de Asturias - Diario de actualidad y noticias\",\"description\":\"Hemeroteca\",\"inLanguage\":\"es-ES\",\"publisher\":{\"@id\":\"https:\\\/\\\/www.eldigitaldeasturias.com\\\/noticias\\\/#organization\"}}]}\n\t\t<\/script>\n\t\t<!-- All in One SEO Pro -->\r\n\t\t<title>Arenas: \u00abPuigdemont debe rectificar y volver a la claridad constitucional\u00bb - El Digital de Asturias<\/title>\n\n","aioseo_head_json":{"title":"Arenas: \u00abPuigdemont debe rectificar y volver a la claridad constitucional\u00bb - El Digital de Asturias","description":"El vicesecretario de Pol\u00edtica Auton\u00f3mica y Local del Partido Popular, Javier Arenas, ha deseado hoy \"que el se\u00f1or Puigdemont, viendo la quiebra social que ha conseguido en Catalu\u00f1a, y el empobrecimiento y la ruina econ\u00f3mica que trae, rectifique, porque me parece que m\u00e1s que nunca, rectificar es de sabios, y que conteste volviendo a la","canonical_url":"https:\/\/www.eldigitaldeasturias.com\/noticias\/arenas-puigdemont-debe-rectificar-y-volver-a-la-claridad-constitucional\/","robots":"max-image-preview:large","keywords":"actualidad","webmasterTools":{"google-site-verification":"UA-38556648-1","msvalidate.01":"7dfe9f3f1b24437ab69f4f2559babe99","miscellaneous":""},"schema":{"@context":"https:\/\/schema.org","@graph":[{"@type":"BlogPosting","@id":"https:\/\/www.eldigitaldeasturias.com\/noticias\/arenas-puigdemont-debe-rectificar-y-volver-a-la-claridad-constitucional\/#blogposting","name":"Arenas: \u00abPuigdemont debe rectificar y volver a la claridad constitucional\u00bb - El Digital de Asturias","headline":"Arenas: \u00abPuigdemont debe rectificar y volver a la claridad constitucional\u00bb","author":{"@id":"https:\/\/www.eldigitaldeasturias.com\/noticias\/author\/admin\/#author"},"publisher":{"@id":"https:\/\/www.eldigitaldeasturias.com\/noticias\/#organization"},"image":{"@type":"ImageObject","url":956128},"datePublished":"2017-10-15T20:04:16+02:00","dateModified":"2017-10-15T20:04:16+02:00","inLanguage":"es-ES","mainEntityOfPage":{"@id":"https:\/\/www.eldigitaldeasturias.com\/noticias\/arenas-puigdemont-debe-rectificar-y-volver-a-la-claridad-constitucional\/#webpage"},"isPartOf":{"@id":"https:\/\/www.eldigitaldeasturias.com\/noticias\/arenas-puigdemont-debe-rectificar-y-volver-a-la-claridad-constitucional\/#webpage"},"articleSection":"Actualidad"},{"@type":"BreadcrumbList","@id":"https:\/\/www.eldigitaldeasturias.com\/noticias\/arenas-puigdemont-debe-rectificar-y-volver-a-la-claridad-constitucional\/#breadcrumblist","itemListElement":[{"@type":"ListItem","@id":"https:\/\/www.eldigitaldeasturias.com\/noticias#listItem","position":1,"name":"Home","item":"https:\/\/www.eldigitaldeasturias.com\/noticias","nextItem":{"@type":"ListItem","@id":"https:\/\/www.eldigitaldeasturias.com\/noticias\/category\/actualidad\/#listItem","name":"Actualidad"}},{"@type":"ListItem","@id":"https:\/\/www.eldigitaldeasturias.com\/noticias\/category\/actualidad\/#listItem","position":2,"name":"Actualidad","item":"https:\/\/www.eldigitaldeasturias.com\/noticias\/category\/actualidad\/","nextItem":{"@type":"ListItem","@id":"https:\/\/www.eldigitaldeasturias.com\/noticias\/arenas-puigdemont-debe-rectificar-y-volver-a-la-claridad-constitucional\/#listItem","name":"Arenas: \u00abPuigdemont debe rectificar y volver a la claridad constitucional\u00bb"},"previousItem":{"@type":"ListItem","@id":"https:\/\/www.eldigitaldeasturias.com\/noticias#listItem","name":"Home"}},{"@type":"ListItem","@id":"https:\/\/www.eldigitaldeasturias.com\/noticias\/arenas-puigdemont-debe-rectificar-y-volver-a-la-claridad-constitucional\/#listItem","position":3,"name":"Arenas: \u00abPuigdemont debe rectificar y volver a la claridad constitucional\u00bb","previousItem":{"@type":"ListItem","@id":"https:\/\/www.eldigitaldeasturias.com\/noticias\/category\/actualidad\/#listItem","name":"Actualidad"}}]},{"@type":"Organization","@id":"https:\/\/www.eldigitaldeasturias.com\/noticias\/#organization","name":"El Digital de Asturias","description":"Hemeroteca","url":"https:\/\/www.eldigitaldeasturias.com\/noticias\/","email":"info@eldigitaldeasturias.com","telephone":"+34652131393","logo":{"@type":"ImageObject","url":"https:\/\/www.eldigitaldeasturias.com\/noticias\/wp-content\/uploads\/2020\/12\/EDA.jpg","@id":"https:\/\/www.eldigitaldeasturias.com\/noticias\/arenas-puigdemont-debe-rectificar-y-volver-a-la-claridad-constitucional\/#organizationLogo"},"image":{"@id":"https:\/\/www.eldigitaldeasturias.com\/noticias\/arenas-puigdemont-debe-rectificar-y-volver-a-la-claridad-constitucional\/#organizationLogo"},"sameAs":["https:\/\/facebook.com\/eldigitaldeasturias","https:\/\/www.youtube.com\/channel\/UCZP-2wLEB9Rv6erhFmqVnvg"],"address":{"@id":"https:\/\/www.eldigitaldeasturias.com\/noticias\/#postaladdress","@type":"PostalAddress","streetAddress":"san antonio 4","postalCode":"33430","addressLocality":"Cand\u00e1s","addressRegion":"Asturias","addressCountry":"ES"}},{"@type":"Person","@id":"https:\/\/www.eldigitaldeasturias.com\/noticias\/author\/admin\/#author","url":"https:\/\/www.eldigitaldeasturias.com\/noticias\/author\/admin\/","name":"El Digital de Asturias","image":{"@type":"ImageObject","@id":"https:\/\/www.eldigitaldeasturias.com\/noticias\/arenas-puigdemont-debe-rectificar-y-volver-a-la-claridad-constitucional\/#authorImage","url":"https:\/\/secure.gravatar.com\/avatar\/df2aeffc32bcd13f8d26072ef8a91b623d677766deac7f97ca815868cd41bf5e?s=96&d=mm&r=g","width":96,"height":96,"caption":"El Digital de Asturias"}},{"@type":"WebPage","@id":"https:\/\/www.eldigitaldeasturias.com\/noticias\/arenas-puigdemont-debe-rectificar-y-volver-a-la-claridad-constitucional\/#webpage","url":"https:\/\/www.eldigitaldeasturias.com\/noticias\/arenas-puigdemont-debe-rectificar-y-volver-a-la-claridad-constitucional\/","name":"Arenas: \u00abPuigdemont debe rectificar y volver a la claridad constitucional\u00bb - El Digital de Asturias","description":"El vicesecretario de Pol\u00edtica Auton\u00f3mica y Local del Partido Popular, Javier Arenas, ha deseado hoy \"que el se\u00f1or Puigdemont, viendo la quiebra social que ha conseguido en Catalu\u00f1a, y el empobrecimiento y la ruina econ\u00f3mica que trae, rectifique, porque me parece que m\u00e1s que nunca, rectificar es de sabios, y que conteste volviendo a la","inLanguage":"es-ES","isPartOf":{"@id":"https:\/\/www.eldigitaldeasturias.com\/noticias\/#website"},"breadcrumb":{"@id":"https:\/\/www.eldigitaldeasturias.com\/noticias\/arenas-puigdemont-debe-rectificar-y-volver-a-la-claridad-constitucional\/#breadcrumblist"},"author":{"@id":"https:\/\/www.eldigitaldeasturias.com\/noticias\/author\/admin\/#author"},"creator":{"@id":"https:\/\/www.eldigitaldeasturias.com\/noticias\/author\/admin\/#author"},"image":{"@type":"ImageObject","url":956128,"@id":"https:\/\/www.eldigitaldeasturias.com\/noticias\/arenas-puigdemont-debe-rectificar-y-volver-a-la-claridad-constitucional\/#mainImage"},"primaryImageOfPage":{"@id":"https:\/\/www.eldigitaldeasturias.com\/noticias\/arenas-puigdemont-debe-rectificar-y-volver-a-la-claridad-constitucional\/#mainImage"},"datePublished":"2017-10-15T20:04:16+02:00","dateModified":"2017-10-15T20:04:16+02:00"},{"@type":"WebSite","@id":"https:\/\/www.eldigitaldeasturias.com\/noticias\/#website","url":"https:\/\/www.eldigitaldeasturias.com\/noticias\/","name":"El Digital de Asturias - Diario de actualidad y noticias","alternateName":"El Digital de Asturias - Diario de actualidad y noticias","description":"Hemeroteca","inLanguage":"es-ES","publisher":{"@id":"https:\/\/www.eldigitaldeasturias.com\/noticias\/#organization"}}]},"og:locale":"es_ES","og:site_name":"El Digital de Asturias","og:type":"article","og:title":"Arenas: \u00abPuigdemont debe rectificar y volver a la claridad constitucional\u00bb - El Digital de Asturias","og:description":"El vicesecretario de Pol\u00edtica Auton\u00f3mica y Local del Partido Popular, Javier Arenas, ha deseado hoy &quot;que el se\u00f1or Puigdemont, viendo la quiebra social que ha conseguido en Catalu\u00f1a, y el empobrecimiento y la ruina econ\u00f3mica que trae, rectifique, porque me parece que m\u00e1s que nunca, rectificar es de sabios, y que conteste volviendo a la","og:url":"https:\/\/www.eldigitaldeasturias.com\/noticias\/arenas-puigdemont-debe-rectificar-y-volver-a-la-claridad-constitucional\/","article:tag":["actualidad"],"article:published_time":"2017-10-15T20:04:16+00:00","article:modified_time":"2017-10-15T20:04:16+00:00","article:publisher":"https:\/\/facebook.com\/eldigitaldeasturias","twitter:card":"summary_large_image","twitter:title":"Arenas: \u00abPuigdemont debe rectificar y volver a la claridad constitucional\u00bb - El Digital de Asturias","twitter:description":"El vicesecretario de Pol\u00edtica Auton\u00f3mica y Local del Partido Popular, Javier Arenas, ha deseado hoy &quot;que el se\u00f1or Puigdemont, viendo la quiebra social que ha conseguido en Catalu\u00f1a, y el empobrecimiento y la ruina econ\u00f3mica que trae, rectifique, porque me parece que m\u00e1s que nunca, rectificar es de sabios, y que conteste volviendo a la","twitter:image":"https:\/\/www.eldigitaldeasturias.com\/noticias\/wp-content\/uploads\/2020\/12\/EDA-1.jpg","twitter:label1":"Escrito por","twitter:data1":"El Digital de Asturias","twitter:label2":"Tiempo de lectura estimado","twitter:data2":"2 minutos"},"aioseo_meta_data":{"post_id":"956127","title":null,"description":null,"keywords":null,"keyphrases":null,"primary_term":null,"canonical_url":null,"og_title":null,"og_description":null,"og_object_type":"default","og_image_type":"default","og_image_url":null,"og_image_width":null,"og_image_height":null,"og_image_custom_url":null,"og_image_custom_fields":null,"og_video":null,"og_custom_url":null,"og_article_section":null,"og_article_tags":null,"twitter_use_og":false,"twitter_card":"default","twitter_image_type":"default","twitter_image_url":null,"twitter_image_custom_url":null,"twitter_image_custom_fields":null,"twitter_title":null,"twitter_description":null,"schema":{"blockGraphs":[],"customGraphs":[],"default":{"data":{"Article":[],"Course":[],"Dataset":[],"FAQPage":[],"Movie":[],"Person":[],"Product":[],"ProductReview":[],"Car":[],"Recipe":[],"Service":[],"SoftwareApplication":[],"WebPage":[]},"graphName":"","isEnabled":true},"graphs":[],"defaultGraph":"","defaultPostTypeGraph":""},"schema_type":null,"schema_type_options":null,"pillar_content":false,"robots_default":true,"robots_noindex":false,"robots_noarchive":false,"robots_nosnippet":false,"robots_nofollow":false,"robots_noimageindex":false,"robots_noodp":false,"robots_notranslate":false,"robots_max_snippet":null,"robots_max_videopreview":null,"robots_max_imagepreview":"large","priority":null,"frequency":null,"local_seo":null,"seo_analyzer_scan_date":"2025-12-06 12:34:13","breadcrumb_settings":null,"limit_modified_date":false,"open_ai":null,"ai":null,"created":"2020-12-21 12:56:04","updated":"2025-12-06 12:34:13","focus_keyword":null,"additional_keywords":null,"truseo_locale":null},"aioseo_breadcrumb":"<div class=\"aioseo-breadcrumbs\"><span class=\"aioseo-breadcrumb\">\n\t<a href=\"https:\/\/www.eldigitaldeasturias.com\/noticias\" title=\"Home\">Home<\/a>\n<\/span><span class=\"aioseo-breadcrumb-separator\">\u2013<\/span><span class=\"aioseo-breadcrumb\">\n\t<a href=\"https:\/\/www.eldigitaldeasturias.com\/noticias\/category\/actualidad\/\" title=\"Actualidad\">Actualidad<\/a>\n<\/span><span class=\"aioseo-breadcrumb-separator\">\u2013<\/span><span class=\"aioseo-breadcrumb\">\n\t<a href=\"https:\/\/www.eldigitaldeasturias.com\/noticias\/arenas-puigdemont-debe-rectificar-y-volver-a-la-claridad-constitucional\/\" title=\"Arenas: \u00abPuigdemont debe rectificar y volver a la claridad constitucional\u00bb\">Arenas: \u00abPuigdemont debe rectificar y volver a la claridad constitucional\u00bb<\/a>\n<\/span><\/div>","aioseo_breadcrumb_json":[{"label":"Home","link":"https:\/\/www.eldigitaldeasturias.com\/noticias"},{"label":"Actualidad","link":"https:\/\/www.eldigitaldeasturias.com\/noticias\/category\/actualidad\/"},{"label":"Arenas: \u00abPuigdemont debe rectificar y volver a la claridad constitucional\u00bb","link":"https:\/\/www.eldigitaldeasturias.com\/noticias\/arenas-puigdemont-debe-rectificar-y-volver-a-la-claridad-constitucional\/"}],"_links":{"self":[{"href":"https:\/\/www.eldigitaldeasturias.com\/noticias\/wp-json\/wp\/v2\/posts\/956127","targetHints":{"allow":["GET"]}}],"collection":[{"href":"https:\/\/www.eldigitaldeasturias.com\/noticias\/wp-json\/wp\/v2\/posts"}],"about":[{"href":"https:\/\/www.eldigitaldeasturias.com\/noticias\/wp-json\/wp\/v2\/types\/post"}],"author":[{"embeddable":true,"href":"https:\/\/www.eldigitaldeasturias.com\/noticias\/wp-json\/wp\/v2\/users\/1"}],"replies":[{"embeddable":true,"href":"https:\/\/www.eldigitaldeasturias.com\/noticias\/wp-json\/wp\/v2\/comments?post=956127"}],"version-history":[{"count":0,"href":"https:\/\/www.eldigitaldeasturias.com\/noticias\/wp-json\/wp\/v2\/posts\/956127\/revisions"}],"wp:attachment":[{"href":"https:\/\/www.eldigitaldeasturias.com\/noticias\/wp-json\/wp\/v2\/media?parent=956127"}],"wp:term":[{"taxonomy":"category","embeddable":true,"href":"https:\/\/www.eldigitaldeasturias.com\/noticias\/wp-json\/wp\/v2\/categories?post=956127"},{"taxonomy":"post_tag","embeddable":true,"href":"https:\/\/www.eldigitaldeasturias.com\/noticias\/wp-json\/wp\/v2\/tags?post=956127"}],"curies":[{"name":"wp","href":"https:\/\/api.w.org\/{rel}","templated":true}]}}