{"id":956046,"date":"2017-10-14T19:51:47","date_gmt":"2017-10-14T19:51:47","guid":{"rendered":"http:\/\/www.eldigitaldeasturias.com\/noticias\/?p=956046"},"modified":"2017-10-14T19:51:47","modified_gmt":"2017-10-14T19:51:47","slug":"andrea-levy-participa-en-gijon-en-un-acto-en-defensa-de-la-unidad-de-espana","status":"publish","type":"post","link":"https:\/\/www.eldigitaldeasturias.com\/noticias\/andrea-levy-participa-en-gijon-en-un-acto-en-defensa-de-la-unidad-de-espana\/","title":{"rendered":"Andrea Levy participa en Gij\u00f3n en un acto en defensa de la unidad de Espa\u00f1a"},"content":{"rendered":"<p><img loading=\"lazy\" decoding=\"async\" class=\"alignleft size-medium wp-image-956047\" src=\"https:\/\/www.eldigitaldeasturias.com\/noticias\/wp-content\/uploads\/2017\/10\/5674-360x270.jpg\" alt=\"\" width=\"360\" height=\"270\" \/>La vicesecretaria de Estudios y Programas del Partido Popular, Andrea Levy, asegur\u00f3 hoy en Gij\u00f3n que \u201cel tiempo de la reflexi\u00f3n se agota para Carles Puigdemont y, todo lo que no haga para instaurar de nuevo la normalidad que le piden los catalanes, lo va a hacer el Gobierno de Espa\u00f1a con todos los mecanismos que ofrece nuestra democracia\u201d. \u201cMariano Rajoy no va a permitir que Catalu\u00f1a sea un problema para Europa, para los empresarios o para la convivencia de millones de familias catalanas\u201d, asever\u00f3..<\/p>\n<p>Andrea Levy particip\u00f3 en un acto organizado por Nuevas Generaciones que, bajo el t\u00edtulo \u00abGij\u00f3n es de bandera\u00bb, sirvi\u00f3 para defender la unidad de Espa\u00f1a. Centenares de ciudadanos estamparon su firma en una gran bandera de Espa\u00f1a, entre ellos, el secretario general del PP de Asturias, Luis Venta.<\/p>\n<p>La dirigente popular explic\u00f3 que actos como este demuestran \u201cque no es cierto el relato nacionalista catal\u00e1n, que quiere hacernos creer que hay odio y hostilidad en el resto de Espa\u00f1a hacia Catalu\u00f1a\u201d. \u201cNo es verdad. Lo que hay es voluntad de convivencia, son lazos de uni\u00f3n y lazos sentimentales\u201d, recalc\u00f3.<\/p>\n<p>La vicesecretaria popular pidi\u00f3 al presidente de la Generalitat \u201cque no siga en este discurso del odio hacia el resto de Espa\u00f1a, ni siga fracturando a la sociedad catalana o imponiendo dificultades a la convivencia\u201d y ha insistido en que debe decir claramente \u201cque para su plan independentista para volver a la normalidad\u201d. \u201cTodo lo que no sea decir que para, tendr\u00e1 una respuesta por parte del Gobierno de Espa\u00f1a\u201d, advirti\u00f3.<\/p>\n<p>Levy ha deseado que a partir del lunes Puigdemont \u201cdevuelva a los catalanes a la tranquilidad\u201d. \u201cYa est\u00e1 bien de agitar las instituciones para crear desconcierto econ\u00f3mico, ya est\u00e1 bien de agitar las instituciones de todos los catalanes en contra de unos catalanes contra otros catalanes\u201d, ha denunciado.<\/p>\n<p><strong>Advertencia de la UE<\/strong><\/p>\n<p>Andrea Levy record\u00f3 que las m\u00e1ximas autoridades europeas \u2013ayer Juncker y esta semana Tusk\u2013, le han dicho al presidente de la Generalitat \u201cque este no es el camino\u201d. \u201cLos mensajes de las instituciones europeas son preocupantes y son una alerta a Puigdemont de que sus planes no tienen ning\u00fan tipo de futuro\u201d, ha subrayado.<\/p>\n<p>La dirigente popular se ha preguntado \u201cpor qu\u00e9 sigue ignorando a la mayor\u00eda de catalanes, que ya le hemos dicho que no siga por ese camino y por qu\u00e9 no escucha claramente a las instituciones europeas que le est\u00e1n diciendo que no siga por este camino\u201d.<\/p>\n<p>\u201cHa tra\u00eddo el caos con su incumplimiento de la ley, ha tra\u00eddo la fractura social, la expulsi\u00f3n de empresas y Europa ya le ha advertido. El camino de la ilegalidad es un camino antieuropeo, contrario a la democracia y, desde luego, el Gobierno de Espa\u00f1a no va a permitir que en Catalu\u00f1a haya un proyecto antieuropeo que expulse a empresas y cree intranquilidad en las familias catalanas\u201d, ha insistido.<\/p>\n<p>Por \u00faltimo, Levy ha subrayado que el Gobierno de Espa\u00f1a \u201cva a actuar frente a este caos con todas las normas que le da el Estado de Derecho, para volver a lo que merecen los catalanes, que es la tranquilidad institucional y la normalidad pol\u00edtica<\/p>\n","protected":false},"excerpt":{"rendered":"<p>La vicesecretaria de Estudios y Programas del Partido Popular, Andrea Levy, asegur\u00f3 hoy en Gij\u00f3n que \u201cel tiempo de la reflexi\u00f3n se agota para Carles Puigdemont y, todo lo que no haga para instaurar de nuevo la normalidad que le piden los catalanes, lo va a hacer el Gobierno de Espa\u00f1a con todos los mecanismos [&hellip;]<\/p>\n","protected":false},"author":1,"featured_media":956047,"comment_status":"closed","ping_status":"closed","sticky":false,"template":"","format":"standard","meta":{"footnotes":""},"categories":[1,12],"tags":[],"class_list":["post-956046","post","type-post","status-publish","format-standard","has-post-thumbnail","hentry","category-actualidad","category-actualidad-asturias"],"aioseo_notices":[],"aioseo_head":"\n\t\t<!-- All in One SEO Pro 5.0.1 - aioseo.com -->\n\t<meta name=\"description\" content=\"La vicesecretaria de Estudios y Programas del Partido Popular, Andrea Levy, asegur\u00f3 hoy en Gij\u00f3n que \u201cel tiempo de la reflexi\u00f3n se agota para Carles Puigdemont y, todo lo que no haga para instaurar de nuevo la normalidad que le piden los catalanes, lo va a hacer el Gobierno de Espa\u00f1a con todos los mecanismos\" \/>\n\t<meta name=\"robots\" content=\"max-image-preview:large\" \/>\n\t<meta name=\"author\" content=\"El Digital de Asturias\"\/>\n\t<meta name=\"google-site-verification\" content=\"UA-38556648-1\" \/>\n\t<meta name=\"msvalidate.01\" content=\"7dfe9f3f1b24437ab69f4f2559babe99\" \/>\n\t<meta name=\"keywords\" content=\"actualidad,actualidad asturias\" \/>\n\t<link rel=\"canonical\" href=\"https:\/\/www.eldigitaldeasturias.com\/noticias\/andrea-levy-participa-en-gijon-en-un-acto-en-defensa-de-la-unidad-de-espana\/\" \/>\n\t<meta name=\"generator\" content=\"All in One SEO Pro (AIOSEO) 5.0.1\" \/>\n\t\t<meta property=\"og:locale\" content=\"es_ES\" \/>\n\t\t<meta property=\"og:site_name\" content=\"El Digital de Asturias\" \/>\n\t\t<meta property=\"og:type\" content=\"article\" \/>\n\t\t<meta property=\"og:title\" content=\"Andrea Levy participa en Gij\u00f3n en un acto en defensa de la unidad de Espa\u00f1a - El Digital de Asturias\" \/>\n\t\t<meta property=\"og:description\" content=\"La vicesecretaria de Estudios y Programas del Partido Popular, Andrea Levy, asegur\u00f3 hoy en Gij\u00f3n que \u201cel tiempo de la reflexi\u00f3n se agota para Carles Puigdemont y, todo lo que no haga para instaurar de nuevo la normalidad que le piden los catalanes, lo va a hacer el Gobierno de Espa\u00f1a con todos los mecanismos\" \/>\n\t\t<meta property=\"og:url\" content=\"https:\/\/www.eldigitaldeasturias.com\/noticias\/andrea-levy-participa-en-gijon-en-un-acto-en-defensa-de-la-unidad-de-espana\/\" \/>\n\t\t<meta property=\"article:tag\" content=\"actualidad\" \/>\n\t\t<meta property=\"article:tag\" content=\"actualidad asturias\" \/>\n\t\t<meta property=\"article:published_time\" content=\"2017-10-14T19:51:47+00:00\" \/>\n\t\t<meta property=\"article:modified_time\" content=\"2017-10-14T19:51:47+00:00\" \/>\n\t\t<meta property=\"article:publisher\" content=\"https:\/\/facebook.com\/eldigitaldeasturias\" \/>\n\t\t<meta name=\"twitter:card\" content=\"summary_large_image\" \/>\n\t\t<meta name=\"twitter:title\" content=\"Andrea Levy participa en Gij\u00f3n en un acto en defensa de la unidad de Espa\u00f1a - El Digital de Asturias\" \/>\n\t\t<meta name=\"twitter:description\" content=\"La vicesecretaria de Estudios y Programas del Partido Popular, Andrea Levy, asegur\u00f3 hoy en Gij\u00f3n que \u201cel tiempo de la reflexi\u00f3n se agota para Carles Puigdemont y, todo lo que no haga para instaurar de nuevo la normalidad que le piden los catalanes, lo va a hacer el Gobierno de Espa\u00f1a con todos los mecanismos\" \/>\n\t\t<meta name=\"twitter:image\" content=\"https:\/\/www.eldigitaldeasturias.com\/noticias\/wp-content\/uploads\/2020\/12\/EDA-1.jpg\" \/>\n\t\t<meta name=\"twitter:label1\" content=\"Escrito por\" \/>\n\t\t<meta name=\"twitter:data1\" content=\"El Digital de Asturias\" \/>\n\t\t<meta name=\"twitter:label2\" content=\"Tiempo de lectura estimado\" \/>\n\t\t<meta name=\"twitter:data2\" content=\"3 minutos\" \/>\n\t\t<script type=\"application\/ld+json\" class=\"aioseo-schema\">\n\t\t\t{\"@context\":\"https:\\\/\\\/schema.org\",\"@graph\":[{\"@type\":\"BlogPosting\",\"@id\":\"https:\\\/\\\/www.eldigitaldeasturias.com\\\/noticias\\\/andrea-levy-participa-en-gijon-en-un-acto-en-defensa-de-la-unidad-de-espana\\\/#blogposting\",\"name\":\"Andrea Levy participa en Gij\\u00f3n en un acto en defensa de la unidad de Espa\\u00f1a - El Digital de Asturias\",\"headline\":\"Andrea Levy participa en Gij\\u00f3n en un acto en defensa de la unidad de Espa\\u00f1a\",\"author\":{\"@id\":\"https:\\\/\\\/www.eldigitaldeasturias.com\\\/noticias\\\/author\\\/admin\\\/#author\"},\"publisher\":{\"@id\":\"https:\\\/\\\/www.eldigitaldeasturias.com\\\/noticias\\\/#organization\"},\"image\":{\"@type\":\"ImageObject\",\"url\":956047},\"datePublished\":\"2017-10-14T19:51:47+02:00\",\"dateModified\":\"2017-10-14T19:51:47+02:00\",\"inLanguage\":\"es-ES\",\"mainEntityOfPage\":{\"@id\":\"https:\\\/\\\/www.eldigitaldeasturias.com\\\/noticias\\\/andrea-levy-participa-en-gijon-en-un-acto-en-defensa-de-la-unidad-de-espana\\\/#webpage\"},\"isPartOf\":{\"@id\":\"https:\\\/\\\/www.eldigitaldeasturias.com\\\/noticias\\\/andrea-levy-participa-en-gijon-en-un-acto-en-defensa-de-la-unidad-de-espana\\\/#webpage\"},\"articleSection\":\"Actualidad, Actualidad Asturias\"},{\"@type\":\"BreadcrumbList\",\"@id\":\"https:\\\/\\\/www.eldigitaldeasturias.com\\\/noticias\\\/andrea-levy-participa-en-gijon-en-un-acto-en-defensa-de-la-unidad-de-espana\\\/#breadcrumblist\",\"itemListElement\":[{\"@type\":\"ListItem\",\"@id\":\"https:\\\/\\\/www.eldigitaldeasturias.com\\\/noticias#listItem\",\"position\":1,\"name\":\"Home\",\"item\":\"https:\\\/\\\/www.eldigitaldeasturias.com\\\/noticias\",\"nextItem\":{\"@type\":\"ListItem\",\"@id\":\"https:\\\/\\\/www.eldigitaldeasturias.com\\\/noticias\\\/category\\\/actualidad\\\/#listItem\",\"name\":\"Actualidad\"}},{\"@type\":\"ListItem\",\"@id\":\"https:\\\/\\\/www.eldigitaldeasturias.com\\\/noticias\\\/category\\\/actualidad\\\/#listItem\",\"position\":2,\"name\":\"Actualidad\",\"item\":\"https:\\\/\\\/www.eldigitaldeasturias.com\\\/noticias\\\/category\\\/actualidad\\\/\",\"nextItem\":{\"@type\":\"ListItem\",\"@id\":\"https:\\\/\\\/www.eldigitaldeasturias.com\\\/noticias\\\/andrea-levy-participa-en-gijon-en-un-acto-en-defensa-de-la-unidad-de-espana\\\/#listItem\",\"name\":\"Andrea Levy participa en Gij\\u00f3n en un acto en defensa de la unidad de Espa\\u00f1a\"},\"previousItem\":{\"@type\":\"ListItem\",\"@id\":\"https:\\\/\\\/www.eldigitaldeasturias.com\\\/noticias#listItem\",\"name\":\"Home\"}},{\"@type\":\"ListItem\",\"@id\":\"https:\\\/\\\/www.eldigitaldeasturias.com\\\/noticias\\\/andrea-levy-participa-en-gijon-en-un-acto-en-defensa-de-la-unidad-de-espana\\\/#listItem\",\"position\":3,\"name\":\"Andrea Levy participa en Gij\\u00f3n en un acto en defensa de la unidad de Espa\\u00f1a\",\"previousItem\":{\"@type\":\"ListItem\",\"@id\":\"https:\\\/\\\/www.eldigitaldeasturias.com\\\/noticias\\\/category\\\/actualidad\\\/#listItem\",\"name\":\"Actualidad\"}}]},{\"@type\":\"Organization\",\"@id\":\"https:\\\/\\\/www.eldigitaldeasturias.com\\\/noticias\\\/#organization\",\"name\":\"El Digital de Asturias\",\"description\":\"Hemeroteca\",\"url\":\"https:\\\/\\\/www.eldigitaldeasturias.com\\\/noticias\\\/\",\"email\":\"info@eldigitaldeasturias.com\",\"telephone\":\"+34652131393\",\"logo\":{\"@type\":\"ImageObject\",\"url\":\"https:\\\/\\\/www.eldigitaldeasturias.com\\\/noticias\\\/wp-content\\\/uploads\\\/2020\\\/12\\\/EDA.jpg\",\"@id\":\"https:\\\/\\\/www.eldigitaldeasturias.com\\\/noticias\\\/andrea-levy-participa-en-gijon-en-un-acto-en-defensa-de-la-unidad-de-espana\\\/#organizationLogo\"},\"image\":{\"@id\":\"https:\\\/\\\/www.eldigitaldeasturias.com\\\/noticias\\\/andrea-levy-participa-en-gijon-en-un-acto-en-defensa-de-la-unidad-de-espana\\\/#organizationLogo\"},\"sameAs\":[\"https:\\\/\\\/facebook.com\\\/eldigitaldeasturias\",\"https:\\\/\\\/www.youtube.com\\\/channel\\\/UCZP-2wLEB9Rv6erhFmqVnvg\"],\"address\":{\"@id\":\"https:\\\/\\\/www.eldigitaldeasturias.com\\\/noticias\\\/#postaladdress\",\"@type\":\"PostalAddress\",\"streetAddress\":\"san antonio 4\",\"postalCode\":\"33430\",\"addressLocality\":\"Cand\\u00e1s\",\"addressRegion\":\"Asturias\",\"addressCountry\":\"ES\"}},{\"@type\":\"Person\",\"@id\":\"https:\\\/\\\/www.eldigitaldeasturias.com\\\/noticias\\\/author\\\/admin\\\/#author\",\"url\":\"https:\\\/\\\/www.eldigitaldeasturias.com\\\/noticias\\\/author\\\/admin\\\/\",\"name\":\"El Digital de Asturias\",\"image\":{\"@type\":\"ImageObject\",\"@id\":\"https:\\\/\\\/www.eldigitaldeasturias.com\\\/noticias\\\/andrea-levy-participa-en-gijon-en-un-acto-en-defensa-de-la-unidad-de-espana\\\/#authorImage\",\"url\":\"https:\\\/\\\/secure.gravatar.com\\\/avatar\\\/df2aeffc32bcd13f8d26072ef8a91b623d677766deac7f97ca815868cd41bf5e?s=96&d=mm&r=g\",\"width\":96,\"height\":96,\"caption\":\"El Digital de Asturias\"}},{\"@type\":\"WebPage\",\"@id\":\"https:\\\/\\\/www.eldigitaldeasturias.com\\\/noticias\\\/andrea-levy-participa-en-gijon-en-un-acto-en-defensa-de-la-unidad-de-espana\\\/#webpage\",\"url\":\"https:\\\/\\\/www.eldigitaldeasturias.com\\\/noticias\\\/andrea-levy-participa-en-gijon-en-un-acto-en-defensa-de-la-unidad-de-espana\\\/\",\"name\":\"Andrea Levy participa en Gij\\u00f3n en un acto en defensa de la unidad de Espa\\u00f1a - El Digital de Asturias\",\"description\":\"La vicesecretaria de Estudios y Programas del Partido Popular, Andrea Levy, asegur\\u00f3 hoy en Gij\\u00f3n que \\u201cel tiempo de la reflexi\\u00f3n se agota para Carles Puigdemont y, todo lo que no haga para instaurar de nuevo la normalidad que le piden los catalanes, lo va a hacer el Gobierno de Espa\\u00f1a con todos los mecanismos\",\"inLanguage\":\"es-ES\",\"isPartOf\":{\"@id\":\"https:\\\/\\\/www.eldigitaldeasturias.com\\\/noticias\\\/#website\"},\"breadcrumb\":{\"@id\":\"https:\\\/\\\/www.eldigitaldeasturias.com\\\/noticias\\\/andrea-levy-participa-en-gijon-en-un-acto-en-defensa-de-la-unidad-de-espana\\\/#breadcrumblist\"},\"author\":{\"@id\":\"https:\\\/\\\/www.eldigitaldeasturias.com\\\/noticias\\\/author\\\/admin\\\/#author\"},\"creator\":{\"@id\":\"https:\\\/\\\/www.eldigitaldeasturias.com\\\/noticias\\\/author\\\/admin\\\/#author\"},\"image\":{\"@type\":\"ImageObject\",\"url\":956047,\"@id\":\"https:\\\/\\\/www.eldigitaldeasturias.com\\\/noticias\\\/andrea-levy-participa-en-gijon-en-un-acto-en-defensa-de-la-unidad-de-espana\\\/#mainImage\"},\"primaryImageOfPage\":{\"@id\":\"https:\\\/\\\/www.eldigitaldeasturias.com\\\/noticias\\\/andrea-levy-participa-en-gijon-en-un-acto-en-defensa-de-la-unidad-de-espana\\\/#mainImage\"},\"datePublished\":\"2017-10-14T19:51:47+02:00\",\"dateModified\":\"2017-10-14T19:51:47+02:00\"},{\"@type\":\"WebSite\",\"@id\":\"https:\\\/\\\/www.eldigitaldeasturias.com\\\/noticias\\\/#website\",\"url\":\"https:\\\/\\\/www.eldigitaldeasturias.com\\\/noticias\\\/\",\"name\":\"El Digital de Asturias - Diario de actualidad y noticias\",\"alternateName\":\"El Digital de Asturias - Diario de actualidad y noticias\",\"description\":\"Hemeroteca\",\"inLanguage\":\"es-ES\",\"publisher\":{\"@id\":\"https:\\\/\\\/www.eldigitaldeasturias.com\\\/noticias\\\/#organization\"}}]}\n\t\t<\/script>\n\t\t<!-- All in One SEO Pro -->\r\n\t\t<title>Andrea Levy participa en Gij\u00f3n en un acto en defensa de la unidad de Espa\u00f1a - El Digital de Asturias<\/title>\n\n","aioseo_head_json":{"title":"Andrea Levy participa en Gij\u00f3n en un acto en defensa de la unidad de Espa\u00f1a - El Digital de Asturias","description":"La vicesecretaria de Estudios y Programas del Partido Popular, Andrea Levy, asegur\u00f3 hoy en Gij\u00f3n que \u201cel tiempo de la reflexi\u00f3n se agota para Carles Puigdemont y, todo lo que no haga para instaurar de nuevo la normalidad que le piden los catalanes, lo va a hacer el Gobierno de Espa\u00f1a con todos los mecanismos","canonical_url":"https:\/\/www.eldigitaldeasturias.com\/noticias\/andrea-levy-participa-en-gijon-en-un-acto-en-defensa-de-la-unidad-de-espana\/","robots":"max-image-preview:large","keywords":"actualidad,actualidad asturias","webmasterTools":{"google-site-verification":"UA-38556648-1","msvalidate.01":"7dfe9f3f1b24437ab69f4f2559babe99","miscellaneous":""},"schema":{"@context":"https:\/\/schema.org","@graph":[{"@type":"BlogPosting","@id":"https:\/\/www.eldigitaldeasturias.com\/noticias\/andrea-levy-participa-en-gijon-en-un-acto-en-defensa-de-la-unidad-de-espana\/#blogposting","name":"Andrea Levy participa en Gij\u00f3n en un acto en defensa de la unidad de Espa\u00f1a - El Digital de Asturias","headline":"Andrea Levy participa en Gij\u00f3n en un acto en defensa de la unidad de Espa\u00f1a","author":{"@id":"https:\/\/www.eldigitaldeasturias.com\/noticias\/author\/admin\/#author"},"publisher":{"@id":"https:\/\/www.eldigitaldeasturias.com\/noticias\/#organization"},"image":{"@type":"ImageObject","url":956047},"datePublished":"2017-10-14T19:51:47+02:00","dateModified":"2017-10-14T19:51:47+02:00","inLanguage":"es-ES","mainEntityOfPage":{"@id":"https:\/\/www.eldigitaldeasturias.com\/noticias\/andrea-levy-participa-en-gijon-en-un-acto-en-defensa-de-la-unidad-de-espana\/#webpage"},"isPartOf":{"@id":"https:\/\/www.eldigitaldeasturias.com\/noticias\/andrea-levy-participa-en-gijon-en-un-acto-en-defensa-de-la-unidad-de-espana\/#webpage"},"articleSection":"Actualidad, Actualidad Asturias"},{"@type":"BreadcrumbList","@id":"https:\/\/www.eldigitaldeasturias.com\/noticias\/andrea-levy-participa-en-gijon-en-un-acto-en-defensa-de-la-unidad-de-espana\/#breadcrumblist","itemListElement":[{"@type":"ListItem","@id":"https:\/\/www.eldigitaldeasturias.com\/noticias#listItem","position":1,"name":"Home","item":"https:\/\/www.eldigitaldeasturias.com\/noticias","nextItem":{"@type":"ListItem","@id":"https:\/\/www.eldigitaldeasturias.com\/noticias\/category\/actualidad\/#listItem","name":"Actualidad"}},{"@type":"ListItem","@id":"https:\/\/www.eldigitaldeasturias.com\/noticias\/category\/actualidad\/#listItem","position":2,"name":"Actualidad","item":"https:\/\/www.eldigitaldeasturias.com\/noticias\/category\/actualidad\/","nextItem":{"@type":"ListItem","@id":"https:\/\/www.eldigitaldeasturias.com\/noticias\/andrea-levy-participa-en-gijon-en-un-acto-en-defensa-de-la-unidad-de-espana\/#listItem","name":"Andrea Levy participa en Gij\u00f3n en un acto en defensa de la unidad de Espa\u00f1a"},"previousItem":{"@type":"ListItem","@id":"https:\/\/www.eldigitaldeasturias.com\/noticias#listItem","name":"Home"}},{"@type":"ListItem","@id":"https:\/\/www.eldigitaldeasturias.com\/noticias\/andrea-levy-participa-en-gijon-en-un-acto-en-defensa-de-la-unidad-de-espana\/#listItem","position":3,"name":"Andrea Levy participa en Gij\u00f3n en un acto en defensa de la unidad de Espa\u00f1a","previousItem":{"@type":"ListItem","@id":"https:\/\/www.eldigitaldeasturias.com\/noticias\/category\/actualidad\/#listItem","name":"Actualidad"}}]},{"@type":"Organization","@id":"https:\/\/www.eldigitaldeasturias.com\/noticias\/#organization","name":"El Digital de Asturias","description":"Hemeroteca","url":"https:\/\/www.eldigitaldeasturias.com\/noticias\/","email":"info@eldigitaldeasturias.com","telephone":"+34652131393","logo":{"@type":"ImageObject","url":"https:\/\/www.eldigitaldeasturias.com\/noticias\/wp-content\/uploads\/2020\/12\/EDA.jpg","@id":"https:\/\/www.eldigitaldeasturias.com\/noticias\/andrea-levy-participa-en-gijon-en-un-acto-en-defensa-de-la-unidad-de-espana\/#organizationLogo"},"image":{"@id":"https:\/\/www.eldigitaldeasturias.com\/noticias\/andrea-levy-participa-en-gijon-en-un-acto-en-defensa-de-la-unidad-de-espana\/#organizationLogo"},"sameAs":["https:\/\/facebook.com\/eldigitaldeasturias","https:\/\/www.youtube.com\/channel\/UCZP-2wLEB9Rv6erhFmqVnvg"],"address":{"@id":"https:\/\/www.eldigitaldeasturias.com\/noticias\/#postaladdress","@type":"PostalAddress","streetAddress":"san antonio 4","postalCode":"33430","addressLocality":"Cand\u00e1s","addressRegion":"Asturias","addressCountry":"ES"}},{"@type":"Person","@id":"https:\/\/www.eldigitaldeasturias.com\/noticias\/author\/admin\/#author","url":"https:\/\/www.eldigitaldeasturias.com\/noticias\/author\/admin\/","name":"El Digital de Asturias","image":{"@type":"ImageObject","@id":"https:\/\/www.eldigitaldeasturias.com\/noticias\/andrea-levy-participa-en-gijon-en-un-acto-en-defensa-de-la-unidad-de-espana\/#authorImage","url":"https:\/\/secure.gravatar.com\/avatar\/df2aeffc32bcd13f8d26072ef8a91b623d677766deac7f97ca815868cd41bf5e?s=96&d=mm&r=g","width":96,"height":96,"caption":"El Digital de Asturias"}},{"@type":"WebPage","@id":"https:\/\/www.eldigitaldeasturias.com\/noticias\/andrea-levy-participa-en-gijon-en-un-acto-en-defensa-de-la-unidad-de-espana\/#webpage","url":"https:\/\/www.eldigitaldeasturias.com\/noticias\/andrea-levy-participa-en-gijon-en-un-acto-en-defensa-de-la-unidad-de-espana\/","name":"Andrea Levy participa en Gij\u00f3n en un acto en defensa de la unidad de Espa\u00f1a - El Digital de Asturias","description":"La vicesecretaria de Estudios y Programas del Partido Popular, Andrea Levy, asegur\u00f3 hoy en Gij\u00f3n que \u201cel tiempo de la reflexi\u00f3n se agota para Carles Puigdemont y, todo lo que no haga para instaurar de nuevo la normalidad que le piden los catalanes, lo va a hacer el Gobierno de Espa\u00f1a con todos los mecanismos","inLanguage":"es-ES","isPartOf":{"@id":"https:\/\/www.eldigitaldeasturias.com\/noticias\/#website"},"breadcrumb":{"@id":"https:\/\/www.eldigitaldeasturias.com\/noticias\/andrea-levy-participa-en-gijon-en-un-acto-en-defensa-de-la-unidad-de-espana\/#breadcrumblist"},"author":{"@id":"https:\/\/www.eldigitaldeasturias.com\/noticias\/author\/admin\/#author"},"creator":{"@id":"https:\/\/www.eldigitaldeasturias.com\/noticias\/author\/admin\/#author"},"image":{"@type":"ImageObject","url":956047,"@id":"https:\/\/www.eldigitaldeasturias.com\/noticias\/andrea-levy-participa-en-gijon-en-un-acto-en-defensa-de-la-unidad-de-espana\/#mainImage"},"primaryImageOfPage":{"@id":"https:\/\/www.eldigitaldeasturias.com\/noticias\/andrea-levy-participa-en-gijon-en-un-acto-en-defensa-de-la-unidad-de-espana\/#mainImage"},"datePublished":"2017-10-14T19:51:47+02:00","dateModified":"2017-10-14T19:51:47+02:00"},{"@type":"WebSite","@id":"https:\/\/www.eldigitaldeasturias.com\/noticias\/#website","url":"https:\/\/www.eldigitaldeasturias.com\/noticias\/","name":"El Digital de Asturias - Diario de actualidad y noticias","alternateName":"El Digital de Asturias - Diario de actualidad y noticias","description":"Hemeroteca","inLanguage":"es-ES","publisher":{"@id":"https:\/\/www.eldigitaldeasturias.com\/noticias\/#organization"}}]},"og:locale":"es_ES","og:site_name":"El Digital de Asturias","og:type":"article","og:title":"Andrea Levy participa en Gij\u00f3n en un acto en defensa de la unidad de Espa\u00f1a - El Digital de Asturias","og:description":"La vicesecretaria de Estudios y Programas del Partido Popular, Andrea Levy, asegur\u00f3 hoy en Gij\u00f3n que \u201cel tiempo de la reflexi\u00f3n se agota para Carles Puigdemont y, todo lo que no haga para instaurar de nuevo la normalidad que le piden los catalanes, lo va a hacer el Gobierno de Espa\u00f1a con todos los mecanismos","og:url":"https:\/\/www.eldigitaldeasturias.com\/noticias\/andrea-levy-participa-en-gijon-en-un-acto-en-defensa-de-la-unidad-de-espana\/","article:tag":["actualidad","actualidad asturias"],"article:published_time":"2017-10-14T19:51:47+00:00","article:modified_time":"2017-10-14T19:51:47+00:00","article:publisher":"https:\/\/facebook.com\/eldigitaldeasturias","twitter:card":"summary_large_image","twitter:title":"Andrea Levy participa en Gij\u00f3n en un acto en defensa de la unidad de Espa\u00f1a - El Digital de Asturias","twitter:description":"La vicesecretaria de Estudios y Programas del Partido Popular, Andrea Levy, asegur\u00f3 hoy en Gij\u00f3n que \u201cel tiempo de la reflexi\u00f3n se agota para Carles Puigdemont y, todo lo que no haga para instaurar de nuevo la normalidad que le piden los catalanes, lo va a hacer el Gobierno de Espa\u00f1a con todos los mecanismos","twitter:image":"https:\/\/www.eldigitaldeasturias.com\/noticias\/wp-content\/uploads\/2020\/12\/EDA-1.jpg","twitter:label1":"Escrito por","twitter:data1":"El Digital de Asturias","twitter:label2":"Tiempo de lectura estimado","twitter:data2":"3 minutos"},"aioseo_meta_data":{"post_id":"956046","title":null,"description":null,"keywords":null,"keyphrases":null,"primary_term":null,"canonical_url":null,"og_title":null,"og_description":null,"og_object_type":"default","og_image_type":"default","og_image_url":null,"og_image_width":null,"og_image_height":null,"og_image_custom_url":null,"og_image_custom_fields":null,"og_video":null,"og_custom_url":null,"og_article_section":null,"og_article_tags":null,"twitter_use_og":false,"twitter_card":"default","twitter_image_type":"default","twitter_image_url":null,"twitter_image_custom_url":null,"twitter_image_custom_fields":null,"twitter_title":null,"twitter_description":null,"schema":{"blockGraphs":[],"customGraphs":[],"default":{"data":{"Article":[],"Course":[],"Dataset":[],"FAQPage":[],"Movie":[],"Person":[],"Product":[],"ProductReview":[],"Car":[],"Recipe":[],"Service":[],"SoftwareApplication":[],"WebPage":[]},"graphName":"","isEnabled":true},"graphs":[],"defaultGraph":"","defaultPostTypeGraph":""},"schema_type":null,"schema_type_options":null,"pillar_content":false,"robots_default":true,"robots_noindex":false,"robots_noarchive":false,"robots_nosnippet":false,"robots_nofollow":false,"robots_noimageindex":false,"robots_noodp":false,"robots_notranslate":false,"robots_max_snippet":null,"robots_max_videopreview":null,"robots_max_imagepreview":"large","priority":null,"frequency":null,"local_seo":null,"seo_analyzer_scan_date":"2025-12-06 12:18:12","breadcrumb_settings":null,"limit_modified_date":false,"open_ai":null,"ai":null,"created":"2020-12-21 12:56:05","updated":"2025-12-06 12:18:12","focus_keyword":null,"additional_keywords":null,"truseo_locale":null},"aioseo_breadcrumb":"<div class=\"aioseo-breadcrumbs\"><span class=\"aioseo-breadcrumb\">\n\t<a href=\"https:\/\/www.eldigitaldeasturias.com\/noticias\" title=\"Home\">Home<\/a>\n<\/span><span class=\"aioseo-breadcrumb-separator\">\u2013<\/span><span class=\"aioseo-breadcrumb\">\n\t<a href=\"https:\/\/www.eldigitaldeasturias.com\/noticias\/category\/actualidad\/\" title=\"Actualidad\">Actualidad<\/a>\n<\/span><span class=\"aioseo-breadcrumb-separator\">\u2013<\/span><span class=\"aioseo-breadcrumb\">\n\t<a href=\"https:\/\/www.eldigitaldeasturias.com\/noticias\/andrea-levy-participa-en-gijon-en-un-acto-en-defensa-de-la-unidad-de-espana\/\" title=\"Andrea Levy participa en Gij\u00f3n en un acto en defensa de la unidad de Espa\u00f1a\">Andrea Levy participa en Gij\u00f3n en un acto en defensa de la unidad de Espa\u00f1a<\/a>\n<\/span><\/div>","aioseo_breadcrumb_json":[{"label":"Home","link":"https:\/\/www.eldigitaldeasturias.com\/noticias"},{"label":"Actualidad","link":"https:\/\/www.eldigitaldeasturias.com\/noticias\/category\/actualidad\/"},{"label":"Andrea Levy participa en Gij\u00f3n en un acto en defensa de la unidad de Espa\u00f1a","link":"https:\/\/www.eldigitaldeasturias.com\/noticias\/andrea-levy-participa-en-gijon-en-un-acto-en-defensa-de-la-unidad-de-espana\/"}],"_links":{"self":[{"href":"https:\/\/www.eldigitaldeasturias.com\/noticias\/wp-json\/wp\/v2\/posts\/956046","targetHints":{"allow":["GET"]}}],"collection":[{"href":"https:\/\/www.eldigitaldeasturias.com\/noticias\/wp-json\/wp\/v2\/posts"}],"about":[{"href":"https:\/\/www.eldigitaldeasturias.com\/noticias\/wp-json\/wp\/v2\/types\/post"}],"author":[{"embeddable":true,"href":"https:\/\/www.eldigitaldeasturias.com\/noticias\/wp-json\/wp\/v2\/users\/1"}],"replies":[{"embeddable":true,"href":"https:\/\/www.eldigitaldeasturias.com\/noticias\/wp-json\/wp\/v2\/comments?post=956046"}],"version-history":[{"count":0,"href":"https:\/\/www.eldigitaldeasturias.com\/noticias\/wp-json\/wp\/v2\/posts\/956046\/revisions"}],"wp:attachment":[{"href":"https:\/\/www.eldigitaldeasturias.com\/noticias\/wp-json\/wp\/v2\/media?parent=956046"}],"wp:term":[{"taxonomy":"category","embeddable":true,"href":"https:\/\/www.eldigitaldeasturias.com\/noticias\/wp-json\/wp\/v2\/categories?post=956046"},{"taxonomy":"post_tag","embeddable":true,"href":"https:\/\/www.eldigitaldeasturias.com\/noticias\/wp-json\/wp\/v2\/tags?post=956046"}],"curies":[{"name":"wp","href":"https:\/\/api.w.org\/{rel}","templated":true}]}}