{"id":955999,"date":"2017-10-14T12:36:52","date_gmt":"2017-10-14T12:36:52","guid":{"rendered":"http:\/\/www.eldigitaldeasturias.com\/noticias\/?p=955999"},"modified":"2017-10-14T12:36:52","modified_gmt":"2017-10-14T12:36:52","slug":"aumenta-la-contratacion-de-personas-con-discapacidad","status":"publish","type":"post","link":"https:\/\/www.eldigitaldeasturias.com\/noticias\/aumenta-la-contratacion-de-personas-con-discapacidad\/","title":{"rendered":"Aumenta la contrataci\u00f3n de personas con discapacidad"},"content":{"rendered":"<p><img loading=\"lazy\" decoding=\"async\" class=\"alignleft size-medium wp-image-956000\" src=\"https:\/\/www.eldigitaldeasturias.com\/noticias\/wp-content\/uploads\/2017\/10\/131017-banez-360x239.jpg\" alt=\"\" width=\"360\" height=\"239\" \/>La ministra de Empleo y Seguridad Social, F\u00e1tima B\u00e1\u00f1ez, afirm\u00f3 que <strong>2017 est\u00e1 marcando el mejor registro de empleo entre personas con discapacidad<\/strong>. B\u00e1\u00f1ez destac\u00f3 que durante los 9 primeros meses de este a\u00f1o la contrataci\u00f3n de personas con discapacidad ha crecido \u00abm\u00e1s que nunca\u00bb, un 16% con respecto al mismo per\u00edodo de 2016, el mejor a\u00f1o de la serie hist\u00f3rica.<\/p>\n<p>F\u00e1tima B\u00e1\u00f1ez presidi\u00f3 la entrega de diplomas a los 35 alumnos de los cursos de hosteler\u00eda, de los que 25 conformar\u00e1n la futura plantilla de Universo Santi, el primer restaurante que estar\u00e1 atendido \u00edntegramente por personas con discapacidad y que pr\u00f3ximamente abrir\u00e1 sus puertas en Jerez de la Frontera (C\u00e1diz). Los cursos de formaci\u00f3n han sido impartidos por Inserta Empleo, entidad de la Fundaci\u00f3n ONCE para la Formaci\u00f3n y el Empleo en colaboraci\u00f3n con la Fundaci\u00f3n CruzCampo y la Fundaci\u00f3n Universo Accesible.<\/p>\n<p>En su intervenci\u00f3n, la titular de Empleo y Seguridad Social felicit\u00f3 a los alumnos y les dio las gracias por ser para todos \u00abun ejemplo de superaci\u00f3n, de calidad\u00bb y, sobre todo, \u00abde que los obst\u00e1culos que encontramos en el camino, si trabajamos juntos, se pueden superar\u00bb.<\/p>\n<p>\u00abVosotros sois los que hab\u00e9is puesto rostro humano a la recuperaci\u00f3n que vive Espa\u00f1a\u00bb, afirm\u00f3 la ministra qui\u00e9n subray\u00f3 que \u00abhemos iniciado la recuperaci\u00f3n con m\u00e1s personas con discapacidad trabajando que nunca\u00bb. Sin embargo, queda mucho por hacer, como destac\u00f3 la ministra, y \u00abno descansaremos hasta que la accesibilidad universal al mundo del trabajo no sea una meta a alcanzar, sino una realidad\u00bb.<\/p>\n<p>La ministra remarc\u00f3 la importancia del proyecto Universo Santi, un restaurante de alta cocina instalado en el antiguo Recreo del Altillo, en Jerez de la Frontera (C\u00e1diz), que contin\u00faa el legado del cocinero Santi Santamar\u00eda, con 5 estrellas Michelin: \u00abTalento puro, ni m\u00e1s ni menos\u00bb, subray\u00f3.<\/p>\n<p>Universo Santi no se limitar\u00e1 a ser un restaurante que d\u00e9 empleo a personas con discapacidad, tambi\u00e9n funcionar\u00e1 como centro de formaci\u00f3n en el sector de la hosteler\u00eda para las personas de este colectivo. Para capacitar al personal del restaurante se han organizado tres cursos de formaci\u00f3n<\/p>\n<p>Para la titular de Empleo y Seguridad Social, es posible \u00abdarle la vuelta al empleo de calidad\u00bb, si \u00abfomentando la formaci\u00f3n\u00bb, logramos la integraci\u00f3n laboral y social de las personas con capacidades diferentes y su continuaci\u00f3n en la vida laboral.<\/p>\n<p>Por \u00faltimo, B\u00e1\u00f1ez subray\u00f3 que la Espa\u00f1a del siglo XXI triunfar\u00e1 si es capaz de contar con todo el talento. \u00abUna sociedad sabe que si no contamos con todo el talento del que disponemos no conseguiremos alcanzar la recuperaci\u00f3n que hoy est\u00e1 marcha de forma s\u00f3lida, sana y social y que nos permite mirar al futuro con optimismo\u00bb, remarc\u00f3.<\/p>\n<p>&nbsp;<\/p>\n","protected":false},"excerpt":{"rendered":"<p>La ministra de Empleo y Seguridad Social, F\u00e1tima B\u00e1\u00f1ez, afirm\u00f3 que 2017 est\u00e1 marcando el mejor registro de empleo entre personas con discapacidad. B\u00e1\u00f1ez destac\u00f3 que durante los 9 primeros meses de este a\u00f1o la contrataci\u00f3n de personas con discapacidad ha crecido \u00abm\u00e1s que nunca\u00bb, un 16% con respecto al mismo per\u00edodo de 2016, el [&hellip;]<\/p>\n","protected":false},"author":1,"featured_media":956000,"comment_status":"closed","ping_status":"closed","sticky":false,"template":"","format":"standard","meta":{"footnotes":""},"categories":[1],"tags":[],"class_list":["post-955999","post","type-post","status-publish","format-standard","has-post-thumbnail","hentry","category-actualidad"],"aioseo_notices":[],"aioseo_head":"\n\t\t<!-- All in One SEO Pro 5.0.1 - aioseo.com -->\n\t<meta name=\"description\" content=\"La ministra de Empleo y Seguridad Social, F\u00e1tima B\u00e1\u00f1ez, afirm\u00f3 que 2017 est\u00e1 marcando el mejor registro de empleo entre personas con discapacidad. B\u00e1\u00f1ez destac\u00f3 que durante los 9 primeros meses de este a\u00f1o la contrataci\u00f3n de personas con discapacidad ha crecido &quot;m\u00e1s que nunca&quot;, un 16% con respecto al mismo per\u00edodo de 2016, el\" \/>\n\t<meta name=\"robots\" content=\"max-image-preview:large\" \/>\n\t<meta name=\"author\" content=\"El Digital de Asturias\"\/>\n\t<meta name=\"google-site-verification\" content=\"UA-38556648-1\" \/>\n\t<meta name=\"msvalidate.01\" content=\"7dfe9f3f1b24437ab69f4f2559babe99\" \/>\n\t<meta name=\"keywords\" content=\"actualidad\" \/>\n\t<link rel=\"canonical\" href=\"https:\/\/www.eldigitaldeasturias.com\/noticias\/aumenta-la-contratacion-de-personas-con-discapacidad\/\" \/>\n\t<meta name=\"generator\" content=\"All in One SEO Pro (AIOSEO) 5.0.1\" \/>\n\t\t<meta property=\"og:locale\" content=\"es_ES\" \/>\n\t\t<meta property=\"og:site_name\" content=\"El Digital de Asturias\" \/>\n\t\t<meta property=\"og:type\" content=\"article\" \/>\n\t\t<meta property=\"og:title\" content=\"Aumenta la contrataci\u00f3n de personas con discapacidad - El Digital de Asturias\" \/>\n\t\t<meta property=\"og:description\" content=\"La ministra de Empleo y Seguridad Social, F\u00e1tima B\u00e1\u00f1ez, afirm\u00f3 que 2017 est\u00e1 marcando el mejor registro de empleo entre personas con discapacidad. B\u00e1\u00f1ez destac\u00f3 que durante los 9 primeros meses de este a\u00f1o la contrataci\u00f3n de personas con discapacidad ha crecido &quot;m\u00e1s que nunca&quot;, un 16% con respecto al mismo per\u00edodo de 2016, el\" \/>\n\t\t<meta property=\"og:url\" content=\"https:\/\/www.eldigitaldeasturias.com\/noticias\/aumenta-la-contratacion-de-personas-con-discapacidad\/\" \/>\n\t\t<meta property=\"article:tag\" content=\"actualidad\" \/>\n\t\t<meta property=\"article:published_time\" content=\"2017-10-14T12:36:52+00:00\" \/>\n\t\t<meta property=\"article:modified_time\" content=\"2017-10-14T12:36:52+00:00\" \/>\n\t\t<meta property=\"article:publisher\" content=\"https:\/\/facebook.com\/eldigitaldeasturias\" \/>\n\t\t<meta name=\"twitter:card\" content=\"summary_large_image\" \/>\n\t\t<meta name=\"twitter:title\" content=\"Aumenta la contrataci\u00f3n de personas con discapacidad - El Digital de Asturias\" \/>\n\t\t<meta name=\"twitter:description\" content=\"La ministra de Empleo y Seguridad Social, F\u00e1tima B\u00e1\u00f1ez, afirm\u00f3 que 2017 est\u00e1 marcando el mejor registro de empleo entre personas con discapacidad. B\u00e1\u00f1ez destac\u00f3 que durante los 9 primeros meses de este a\u00f1o la contrataci\u00f3n de personas con discapacidad ha crecido &quot;m\u00e1s que nunca&quot;, un 16% con respecto al mismo per\u00edodo de 2016, el\" \/>\n\t\t<meta name=\"twitter:image\" content=\"https:\/\/www.eldigitaldeasturias.com\/noticias\/wp-content\/uploads\/2020\/12\/EDA-1.jpg\" \/>\n\t\t<meta name=\"twitter:label1\" content=\"Escrito por\" \/>\n\t\t<meta name=\"twitter:data1\" content=\"El Digital de Asturias\" \/>\n\t\t<meta name=\"twitter:label2\" content=\"Tiempo de lectura estimado\" \/>\n\t\t<meta name=\"twitter:data2\" content=\"2 minutos\" \/>\n\t\t<script type=\"application\/ld+json\" class=\"aioseo-schema\">\n\t\t\t{\"@context\":\"https:\\\/\\\/schema.org\",\"@graph\":[{\"@type\":\"BlogPosting\",\"@id\":\"https:\\\/\\\/www.eldigitaldeasturias.com\\\/noticias\\\/aumenta-la-contratacion-de-personas-con-discapacidad\\\/#blogposting\",\"name\":\"Aumenta la contrataci\\u00f3n de personas con discapacidad - El Digital de Asturias\",\"headline\":\"Aumenta la contrataci\\u00f3n de personas con discapacidad\",\"author\":{\"@id\":\"https:\\\/\\\/www.eldigitaldeasturias.com\\\/noticias\\\/author\\\/admin\\\/#author\"},\"publisher\":{\"@id\":\"https:\\\/\\\/www.eldigitaldeasturias.com\\\/noticias\\\/#organization\"},\"image\":{\"@type\":\"ImageObject\",\"url\":956000},\"datePublished\":\"2017-10-14T12:36:52+02:00\",\"dateModified\":\"2017-10-14T12:36:52+02:00\",\"inLanguage\":\"es-ES\",\"mainEntityOfPage\":{\"@id\":\"https:\\\/\\\/www.eldigitaldeasturias.com\\\/noticias\\\/aumenta-la-contratacion-de-personas-con-discapacidad\\\/#webpage\"},\"isPartOf\":{\"@id\":\"https:\\\/\\\/www.eldigitaldeasturias.com\\\/noticias\\\/aumenta-la-contratacion-de-personas-con-discapacidad\\\/#webpage\"},\"articleSection\":\"Actualidad\"},{\"@type\":\"BreadcrumbList\",\"@id\":\"https:\\\/\\\/www.eldigitaldeasturias.com\\\/noticias\\\/aumenta-la-contratacion-de-personas-con-discapacidad\\\/#breadcrumblist\",\"itemListElement\":[{\"@type\":\"ListItem\",\"@id\":\"https:\\\/\\\/www.eldigitaldeasturias.com\\\/noticias#listItem\",\"position\":1,\"name\":\"Home\",\"item\":\"https:\\\/\\\/www.eldigitaldeasturias.com\\\/noticias\",\"nextItem\":{\"@type\":\"ListItem\",\"@id\":\"https:\\\/\\\/www.eldigitaldeasturias.com\\\/noticias\\\/category\\\/actualidad\\\/#listItem\",\"name\":\"Actualidad\"}},{\"@type\":\"ListItem\",\"@id\":\"https:\\\/\\\/www.eldigitaldeasturias.com\\\/noticias\\\/category\\\/actualidad\\\/#listItem\",\"position\":2,\"name\":\"Actualidad\",\"item\":\"https:\\\/\\\/www.eldigitaldeasturias.com\\\/noticias\\\/category\\\/actualidad\\\/\",\"nextItem\":{\"@type\":\"ListItem\",\"@id\":\"https:\\\/\\\/www.eldigitaldeasturias.com\\\/noticias\\\/aumenta-la-contratacion-de-personas-con-discapacidad\\\/#listItem\",\"name\":\"Aumenta la contrataci\\u00f3n de personas con discapacidad\"},\"previousItem\":{\"@type\":\"ListItem\",\"@id\":\"https:\\\/\\\/www.eldigitaldeasturias.com\\\/noticias#listItem\",\"name\":\"Home\"}},{\"@type\":\"ListItem\",\"@id\":\"https:\\\/\\\/www.eldigitaldeasturias.com\\\/noticias\\\/aumenta-la-contratacion-de-personas-con-discapacidad\\\/#listItem\",\"position\":3,\"name\":\"Aumenta la contrataci\\u00f3n de personas con discapacidad\",\"previousItem\":{\"@type\":\"ListItem\",\"@id\":\"https:\\\/\\\/www.eldigitaldeasturias.com\\\/noticias\\\/category\\\/actualidad\\\/#listItem\",\"name\":\"Actualidad\"}}]},{\"@type\":\"Organization\",\"@id\":\"https:\\\/\\\/www.eldigitaldeasturias.com\\\/noticias\\\/#organization\",\"name\":\"El Digital de Asturias\",\"description\":\"Hemeroteca\",\"url\":\"https:\\\/\\\/www.eldigitaldeasturias.com\\\/noticias\\\/\",\"email\":\"info@eldigitaldeasturias.com\",\"telephone\":\"+34652131393\",\"logo\":{\"@type\":\"ImageObject\",\"url\":\"https:\\\/\\\/www.eldigitaldeasturias.com\\\/noticias\\\/wp-content\\\/uploads\\\/2020\\\/12\\\/EDA.jpg\",\"@id\":\"https:\\\/\\\/www.eldigitaldeasturias.com\\\/noticias\\\/aumenta-la-contratacion-de-personas-con-discapacidad\\\/#organizationLogo\"},\"image\":{\"@id\":\"https:\\\/\\\/www.eldigitaldeasturias.com\\\/noticias\\\/aumenta-la-contratacion-de-personas-con-discapacidad\\\/#organizationLogo\"},\"sameAs\":[\"https:\\\/\\\/facebook.com\\\/eldigitaldeasturias\",\"https:\\\/\\\/www.youtube.com\\\/channel\\\/UCZP-2wLEB9Rv6erhFmqVnvg\"],\"address\":{\"@id\":\"https:\\\/\\\/www.eldigitaldeasturias.com\\\/noticias\\\/#postaladdress\",\"@type\":\"PostalAddress\",\"streetAddress\":\"san antonio 4\",\"postalCode\":\"33430\",\"addressLocality\":\"Cand\\u00e1s\",\"addressRegion\":\"Asturias\",\"addressCountry\":\"ES\"}},{\"@type\":\"Person\",\"@id\":\"https:\\\/\\\/www.eldigitaldeasturias.com\\\/noticias\\\/author\\\/admin\\\/#author\",\"url\":\"https:\\\/\\\/www.eldigitaldeasturias.com\\\/noticias\\\/author\\\/admin\\\/\",\"name\":\"El Digital de Asturias\",\"image\":{\"@type\":\"ImageObject\",\"@id\":\"https:\\\/\\\/www.eldigitaldeasturias.com\\\/noticias\\\/aumenta-la-contratacion-de-personas-con-discapacidad\\\/#authorImage\",\"url\":\"https:\\\/\\\/secure.gravatar.com\\\/avatar\\\/df2aeffc32bcd13f8d26072ef8a91b623d677766deac7f97ca815868cd41bf5e?s=96&d=mm&r=g\",\"width\":96,\"height\":96,\"caption\":\"El Digital de Asturias\"}},{\"@type\":\"WebPage\",\"@id\":\"https:\\\/\\\/www.eldigitaldeasturias.com\\\/noticias\\\/aumenta-la-contratacion-de-personas-con-discapacidad\\\/#webpage\",\"url\":\"https:\\\/\\\/www.eldigitaldeasturias.com\\\/noticias\\\/aumenta-la-contratacion-de-personas-con-discapacidad\\\/\",\"name\":\"Aumenta la contrataci\\u00f3n de personas con discapacidad - El Digital de Asturias\",\"description\":\"La ministra de Empleo y Seguridad Social, F\\u00e1tima B\\u00e1\\u00f1ez, afirm\\u00f3 que 2017 est\\u00e1 marcando el mejor registro de empleo entre personas con discapacidad. B\\u00e1\\u00f1ez destac\\u00f3 que durante los 9 primeros meses de este a\\u00f1o la contrataci\\u00f3n de personas con discapacidad ha crecido \\\"m\\u00e1s que nunca\\\", un 16% con respecto al mismo per\\u00edodo de 2016, el\",\"inLanguage\":\"es-ES\",\"isPartOf\":{\"@id\":\"https:\\\/\\\/www.eldigitaldeasturias.com\\\/noticias\\\/#website\"},\"breadcrumb\":{\"@id\":\"https:\\\/\\\/www.eldigitaldeasturias.com\\\/noticias\\\/aumenta-la-contratacion-de-personas-con-discapacidad\\\/#breadcrumblist\"},\"author\":{\"@id\":\"https:\\\/\\\/www.eldigitaldeasturias.com\\\/noticias\\\/author\\\/admin\\\/#author\"},\"creator\":{\"@id\":\"https:\\\/\\\/www.eldigitaldeasturias.com\\\/noticias\\\/author\\\/admin\\\/#author\"},\"image\":{\"@type\":\"ImageObject\",\"url\":956000,\"@id\":\"https:\\\/\\\/www.eldigitaldeasturias.com\\\/noticias\\\/aumenta-la-contratacion-de-personas-con-discapacidad\\\/#mainImage\"},\"primaryImageOfPage\":{\"@id\":\"https:\\\/\\\/www.eldigitaldeasturias.com\\\/noticias\\\/aumenta-la-contratacion-de-personas-con-discapacidad\\\/#mainImage\"},\"datePublished\":\"2017-10-14T12:36:52+02:00\",\"dateModified\":\"2017-10-14T12:36:52+02:00\"},{\"@type\":\"WebSite\",\"@id\":\"https:\\\/\\\/www.eldigitaldeasturias.com\\\/noticias\\\/#website\",\"url\":\"https:\\\/\\\/www.eldigitaldeasturias.com\\\/noticias\\\/\",\"name\":\"El Digital de Asturias - Diario de actualidad y noticias\",\"alternateName\":\"El Digital de Asturias - Diario de actualidad y noticias\",\"description\":\"Hemeroteca\",\"inLanguage\":\"es-ES\",\"publisher\":{\"@id\":\"https:\\\/\\\/www.eldigitaldeasturias.com\\\/noticias\\\/#organization\"}}]}\n\t\t<\/script>\n\t\t<!-- All in One SEO Pro -->\r\n\t\t<title>Aumenta la contrataci\u00f3n de personas con discapacidad - El Digital de Asturias<\/title>\n\n","aioseo_head_json":{"title":"Aumenta la contrataci\u00f3n de personas con discapacidad - El Digital de Asturias","description":"La ministra de Empleo y Seguridad Social, F\u00e1tima B\u00e1\u00f1ez, afirm\u00f3 que 2017 est\u00e1 marcando el mejor registro de empleo entre personas con discapacidad. B\u00e1\u00f1ez destac\u00f3 que durante los 9 primeros meses de este a\u00f1o la contrataci\u00f3n de personas con discapacidad ha crecido \"m\u00e1s que nunca\", un 16% con respecto al mismo per\u00edodo de 2016, el","canonical_url":"https:\/\/www.eldigitaldeasturias.com\/noticias\/aumenta-la-contratacion-de-personas-con-discapacidad\/","robots":"max-image-preview:large","keywords":"actualidad","webmasterTools":{"google-site-verification":"UA-38556648-1","msvalidate.01":"7dfe9f3f1b24437ab69f4f2559babe99","miscellaneous":""},"schema":{"@context":"https:\/\/schema.org","@graph":[{"@type":"BlogPosting","@id":"https:\/\/www.eldigitaldeasturias.com\/noticias\/aumenta-la-contratacion-de-personas-con-discapacidad\/#blogposting","name":"Aumenta la contrataci\u00f3n de personas con discapacidad - El Digital de Asturias","headline":"Aumenta la contrataci\u00f3n de personas con discapacidad","author":{"@id":"https:\/\/www.eldigitaldeasturias.com\/noticias\/author\/admin\/#author"},"publisher":{"@id":"https:\/\/www.eldigitaldeasturias.com\/noticias\/#organization"},"image":{"@type":"ImageObject","url":956000},"datePublished":"2017-10-14T12:36:52+02:00","dateModified":"2017-10-14T12:36:52+02:00","inLanguage":"es-ES","mainEntityOfPage":{"@id":"https:\/\/www.eldigitaldeasturias.com\/noticias\/aumenta-la-contratacion-de-personas-con-discapacidad\/#webpage"},"isPartOf":{"@id":"https:\/\/www.eldigitaldeasturias.com\/noticias\/aumenta-la-contratacion-de-personas-con-discapacidad\/#webpage"},"articleSection":"Actualidad"},{"@type":"BreadcrumbList","@id":"https:\/\/www.eldigitaldeasturias.com\/noticias\/aumenta-la-contratacion-de-personas-con-discapacidad\/#breadcrumblist","itemListElement":[{"@type":"ListItem","@id":"https:\/\/www.eldigitaldeasturias.com\/noticias#listItem","position":1,"name":"Home","item":"https:\/\/www.eldigitaldeasturias.com\/noticias","nextItem":{"@type":"ListItem","@id":"https:\/\/www.eldigitaldeasturias.com\/noticias\/category\/actualidad\/#listItem","name":"Actualidad"}},{"@type":"ListItem","@id":"https:\/\/www.eldigitaldeasturias.com\/noticias\/category\/actualidad\/#listItem","position":2,"name":"Actualidad","item":"https:\/\/www.eldigitaldeasturias.com\/noticias\/category\/actualidad\/","nextItem":{"@type":"ListItem","@id":"https:\/\/www.eldigitaldeasturias.com\/noticias\/aumenta-la-contratacion-de-personas-con-discapacidad\/#listItem","name":"Aumenta la contrataci\u00f3n de personas con discapacidad"},"previousItem":{"@type":"ListItem","@id":"https:\/\/www.eldigitaldeasturias.com\/noticias#listItem","name":"Home"}},{"@type":"ListItem","@id":"https:\/\/www.eldigitaldeasturias.com\/noticias\/aumenta-la-contratacion-de-personas-con-discapacidad\/#listItem","position":3,"name":"Aumenta la contrataci\u00f3n de personas con discapacidad","previousItem":{"@type":"ListItem","@id":"https:\/\/www.eldigitaldeasturias.com\/noticias\/category\/actualidad\/#listItem","name":"Actualidad"}}]},{"@type":"Organization","@id":"https:\/\/www.eldigitaldeasturias.com\/noticias\/#organization","name":"El Digital de Asturias","description":"Hemeroteca","url":"https:\/\/www.eldigitaldeasturias.com\/noticias\/","email":"info@eldigitaldeasturias.com","telephone":"+34652131393","logo":{"@type":"ImageObject","url":"https:\/\/www.eldigitaldeasturias.com\/noticias\/wp-content\/uploads\/2020\/12\/EDA.jpg","@id":"https:\/\/www.eldigitaldeasturias.com\/noticias\/aumenta-la-contratacion-de-personas-con-discapacidad\/#organizationLogo"},"image":{"@id":"https:\/\/www.eldigitaldeasturias.com\/noticias\/aumenta-la-contratacion-de-personas-con-discapacidad\/#organizationLogo"},"sameAs":["https:\/\/facebook.com\/eldigitaldeasturias","https:\/\/www.youtube.com\/channel\/UCZP-2wLEB9Rv6erhFmqVnvg"],"address":{"@id":"https:\/\/www.eldigitaldeasturias.com\/noticias\/#postaladdress","@type":"PostalAddress","streetAddress":"san antonio 4","postalCode":"33430","addressLocality":"Cand\u00e1s","addressRegion":"Asturias","addressCountry":"ES"}},{"@type":"Person","@id":"https:\/\/www.eldigitaldeasturias.com\/noticias\/author\/admin\/#author","url":"https:\/\/www.eldigitaldeasturias.com\/noticias\/author\/admin\/","name":"El Digital de Asturias","image":{"@type":"ImageObject","@id":"https:\/\/www.eldigitaldeasturias.com\/noticias\/aumenta-la-contratacion-de-personas-con-discapacidad\/#authorImage","url":"https:\/\/secure.gravatar.com\/avatar\/df2aeffc32bcd13f8d26072ef8a91b623d677766deac7f97ca815868cd41bf5e?s=96&d=mm&r=g","width":96,"height":96,"caption":"El Digital de Asturias"}},{"@type":"WebPage","@id":"https:\/\/www.eldigitaldeasturias.com\/noticias\/aumenta-la-contratacion-de-personas-con-discapacidad\/#webpage","url":"https:\/\/www.eldigitaldeasturias.com\/noticias\/aumenta-la-contratacion-de-personas-con-discapacidad\/","name":"Aumenta la contrataci\u00f3n de personas con discapacidad - El Digital de Asturias","description":"La ministra de Empleo y Seguridad Social, F\u00e1tima B\u00e1\u00f1ez, afirm\u00f3 que 2017 est\u00e1 marcando el mejor registro de empleo entre personas con discapacidad. B\u00e1\u00f1ez destac\u00f3 que durante los 9 primeros meses de este a\u00f1o la contrataci\u00f3n de personas con discapacidad ha crecido \"m\u00e1s que nunca\", un 16% con respecto al mismo per\u00edodo de 2016, el","inLanguage":"es-ES","isPartOf":{"@id":"https:\/\/www.eldigitaldeasturias.com\/noticias\/#website"},"breadcrumb":{"@id":"https:\/\/www.eldigitaldeasturias.com\/noticias\/aumenta-la-contratacion-de-personas-con-discapacidad\/#breadcrumblist"},"author":{"@id":"https:\/\/www.eldigitaldeasturias.com\/noticias\/author\/admin\/#author"},"creator":{"@id":"https:\/\/www.eldigitaldeasturias.com\/noticias\/author\/admin\/#author"},"image":{"@type":"ImageObject","url":956000,"@id":"https:\/\/www.eldigitaldeasturias.com\/noticias\/aumenta-la-contratacion-de-personas-con-discapacidad\/#mainImage"},"primaryImageOfPage":{"@id":"https:\/\/www.eldigitaldeasturias.com\/noticias\/aumenta-la-contratacion-de-personas-con-discapacidad\/#mainImage"},"datePublished":"2017-10-14T12:36:52+02:00","dateModified":"2017-10-14T12:36:52+02:00"},{"@type":"WebSite","@id":"https:\/\/www.eldigitaldeasturias.com\/noticias\/#website","url":"https:\/\/www.eldigitaldeasturias.com\/noticias\/","name":"El Digital de Asturias - Diario de actualidad y noticias","alternateName":"El Digital de Asturias - Diario de actualidad y noticias","description":"Hemeroteca","inLanguage":"es-ES","publisher":{"@id":"https:\/\/www.eldigitaldeasturias.com\/noticias\/#organization"}}]},"og:locale":"es_ES","og:site_name":"El Digital de Asturias","og:type":"article","og:title":"Aumenta la contrataci\u00f3n de personas con discapacidad - El Digital de Asturias","og:description":"La ministra de Empleo y Seguridad Social, F\u00e1tima B\u00e1\u00f1ez, afirm\u00f3 que 2017 est\u00e1 marcando el mejor registro de empleo entre personas con discapacidad. B\u00e1\u00f1ez destac\u00f3 que durante los 9 primeros meses de este a\u00f1o la contrataci\u00f3n de personas con discapacidad ha crecido &quot;m\u00e1s que nunca&quot;, un 16% con respecto al mismo per\u00edodo de 2016, el","og:url":"https:\/\/www.eldigitaldeasturias.com\/noticias\/aumenta-la-contratacion-de-personas-con-discapacidad\/","article:tag":["actualidad"],"article:published_time":"2017-10-14T12:36:52+00:00","article:modified_time":"2017-10-14T12:36:52+00:00","article:publisher":"https:\/\/facebook.com\/eldigitaldeasturias","twitter:card":"summary_large_image","twitter:title":"Aumenta la contrataci\u00f3n de personas con discapacidad - El Digital de Asturias","twitter:description":"La ministra de Empleo y Seguridad Social, F\u00e1tima B\u00e1\u00f1ez, afirm\u00f3 que 2017 est\u00e1 marcando el mejor registro de empleo entre personas con discapacidad. B\u00e1\u00f1ez destac\u00f3 que durante los 9 primeros meses de este a\u00f1o la contrataci\u00f3n de personas con discapacidad ha crecido &quot;m\u00e1s que nunca&quot;, un 16% con respecto al mismo per\u00edodo de 2016, el","twitter:image":"https:\/\/www.eldigitaldeasturias.com\/noticias\/wp-content\/uploads\/2020\/12\/EDA-1.jpg","twitter:label1":"Escrito por","twitter:data1":"El Digital de Asturias","twitter:label2":"Tiempo de lectura estimado","twitter:data2":"2 minutos"},"aioseo_meta_data":{"post_id":"955999","title":null,"description":null,"keywords":null,"keyphrases":null,"primary_term":null,"canonical_url":null,"og_title":null,"og_description":null,"og_object_type":"default","og_image_type":"default","og_image_url":null,"og_image_width":null,"og_image_height":null,"og_image_custom_url":null,"og_image_custom_fields":null,"og_video":null,"og_custom_url":null,"og_article_section":null,"og_article_tags":null,"twitter_use_og":false,"twitter_card":"default","twitter_image_type":"default","twitter_image_url":null,"twitter_image_custom_url":null,"twitter_image_custom_fields":null,"twitter_title":null,"twitter_description":null,"schema":{"blockGraphs":[],"customGraphs":[],"default":{"data":{"Article":[],"Course":[],"Dataset":[],"FAQPage":[],"Movie":[],"Person":[],"Product":[],"ProductReview":[],"Car":[],"Recipe":[],"Service":[],"SoftwareApplication":[],"WebPage":[]},"graphName":"","isEnabled":true},"graphs":[],"defaultGraph":"","defaultPostTypeGraph":""},"schema_type":null,"schema_type_options":null,"pillar_content":false,"robots_default":true,"robots_noindex":false,"robots_noarchive":false,"robots_nosnippet":false,"robots_nofollow":false,"robots_noimageindex":false,"robots_noodp":false,"robots_notranslate":false,"robots_max_snippet":null,"robots_max_videopreview":null,"robots_max_imagepreview":"large","priority":null,"frequency":null,"local_seo":null,"seo_analyzer_scan_date":"2025-12-06 12:10:10","breadcrumb_settings":null,"limit_modified_date":false,"open_ai":null,"ai":null,"created":"2020-12-21 12:56:05","updated":"2025-12-06 12:10:10","focus_keyword":null,"additional_keywords":null,"truseo_locale":null},"aioseo_breadcrumb":"<div class=\"aioseo-breadcrumbs\"><span class=\"aioseo-breadcrumb\">\n\t<a href=\"https:\/\/www.eldigitaldeasturias.com\/noticias\" title=\"Home\">Home<\/a>\n<\/span><span class=\"aioseo-breadcrumb-separator\">\u2013<\/span><span class=\"aioseo-breadcrumb\">\n\t<a href=\"https:\/\/www.eldigitaldeasturias.com\/noticias\/category\/actualidad\/\" title=\"Actualidad\">Actualidad<\/a>\n<\/span><span class=\"aioseo-breadcrumb-separator\">\u2013<\/span><span class=\"aioseo-breadcrumb\">\n\t<a href=\"https:\/\/www.eldigitaldeasturias.com\/noticias\/aumenta-la-contratacion-de-personas-con-discapacidad\/\" title=\"Aumenta la contrataci\u00f3n de personas con discapacidad\">Aumenta la contrataci\u00f3n de personas con discapacidad<\/a>\n<\/span><\/div>","aioseo_breadcrumb_json":[{"label":"Home","link":"https:\/\/www.eldigitaldeasturias.com\/noticias"},{"label":"Actualidad","link":"https:\/\/www.eldigitaldeasturias.com\/noticias\/category\/actualidad\/"},{"label":"Aumenta la contrataci\u00f3n de personas con discapacidad","link":"https:\/\/www.eldigitaldeasturias.com\/noticias\/aumenta-la-contratacion-de-personas-con-discapacidad\/"}],"_links":{"self":[{"href":"https:\/\/www.eldigitaldeasturias.com\/noticias\/wp-json\/wp\/v2\/posts\/955999","targetHints":{"allow":["GET"]}}],"collection":[{"href":"https:\/\/www.eldigitaldeasturias.com\/noticias\/wp-json\/wp\/v2\/posts"}],"about":[{"href":"https:\/\/www.eldigitaldeasturias.com\/noticias\/wp-json\/wp\/v2\/types\/post"}],"author":[{"embeddable":true,"href":"https:\/\/www.eldigitaldeasturias.com\/noticias\/wp-json\/wp\/v2\/users\/1"}],"replies":[{"embeddable":true,"href":"https:\/\/www.eldigitaldeasturias.com\/noticias\/wp-json\/wp\/v2\/comments?post=955999"}],"version-history":[{"count":0,"href":"https:\/\/www.eldigitaldeasturias.com\/noticias\/wp-json\/wp\/v2\/posts\/955999\/revisions"}],"wp:attachment":[{"href":"https:\/\/www.eldigitaldeasturias.com\/noticias\/wp-json\/wp\/v2\/media?parent=955999"}],"wp:term":[{"taxonomy":"category","embeddable":true,"href":"https:\/\/www.eldigitaldeasturias.com\/noticias\/wp-json\/wp\/v2\/categories?post=955999"},{"taxonomy":"post_tag","embeddable":true,"href":"https:\/\/www.eldigitaldeasturias.com\/noticias\/wp-json\/wp\/v2\/tags?post=955999"}],"curies":[{"name":"wp","href":"https:\/\/api.w.org\/{rel}","templated":true}]}}