{"id":955939,"date":"2017-10-13T18:42:47","date_gmt":"2017-10-13T18:42:47","guid":{"rendered":"http:\/\/www.eldigitaldeasturias.com\/noticias\/?p=955939"},"modified":"2017-10-13T18:42:47","modified_gmt":"2017-10-13T18:42:47","slug":"prolongada-la-campana-de-verano-de-incendios-forestales","status":"publish","type":"post","link":"https:\/\/www.eldigitaldeasturias.com\/noticias\/prolongada-la-campana-de-verano-de-incendios-forestales\/","title":{"rendered":"Prolongada la campa\u00f1a de verano de incendios forestales"},"content":{"rendered":"<p><img loading=\"lazy\" decoding=\"async\" class=\"alignleft size-medium wp-image-955940\" src=\"https:\/\/www.eldigitaldeasturias.com\/noticias\/wp-content\/uploads\/2017\/10\/131017_incendios-360x239.jpg\" alt=\"\" width=\"360\" height=\"239\" \/>Ante la persistencia de las condiciones de sequ\u00eda y temperaturas elevadas durante el mes de octubre, el Ministerio de Agricultura y Pesca, Alimentaci\u00f3n y Medio Ambiente ha dispuesto la ampliaci\u00f3n del dispositivo de medios de extinci\u00f3n para apoyar a las comunidades aut\u00f3nomas en la lucha contra los incendios forestales.<\/p>\n<p>Se ha ampliado para ello el periodo operativo de los siguientes medios:<\/p>\n<p>Dos aviones anfibios Canadair de 5.500 litros de capacidad, cuatro Helic\u00f3pteros bombarderos Kamov de 4.500 litros de capacidad, tres Brigadas de Refuerzo en Incendios Forestales (BRIF) con seis helic\u00f3pteros de transporte que cuentan con una capacidad de 1.200 litros por helic\u00f3ptero, y dos aeronaves de coordinaci\u00f3n y observaci\u00f3n.<\/p>\n<p>Con esta ampliaci\u00f3n del dispositivo, se incrementa la capacidad de descarga en 44.800 litros, lo que supone duplicar el dispositivo habitual del mes de octubre en un a\u00f1o regular.<\/p>\n","protected":false},"excerpt":{"rendered":"<p>Ante la persistencia de las condiciones de sequ\u00eda y temperaturas elevadas durante el mes de octubre, el Ministerio de Agricultura y Pesca, Alimentaci\u00f3n y Medio Ambiente ha dispuesto la ampliaci\u00f3n del dispositivo de medios de extinci\u00f3n para apoyar a las comunidades aut\u00f3nomas en la lucha contra los incendios forestales. Se ha ampliado para ello el [&hellip;]<\/p>\n","protected":false},"author":1,"featured_media":955940,"comment_status":"closed","ping_status":"closed","sticky":false,"template":"","format":"standard","meta":{"footnotes":""},"categories":[1],"tags":[],"class_list":["post-955939","post","type-post","status-publish","format-standard","has-post-thumbnail","hentry","category-actualidad"],"aioseo_notices":[],"aioseo_head":"\n\t\t<!-- All in One SEO Pro 5.0.1 - aioseo.com -->\n\t<meta name=\"description\" content=\"Ante la persistencia de las condiciones de sequ\u00eda y temperaturas elevadas durante el mes de octubre, el Ministerio de Agricultura y Pesca, Alimentaci\u00f3n y Medio Ambiente ha dispuesto la ampliaci\u00f3n del dispositivo de medios de extinci\u00f3n para apoyar a las comunidades aut\u00f3nomas en la lucha contra los incendios forestales. Se ha ampliado para ello el\" \/>\n\t<meta name=\"robots\" content=\"max-image-preview:large\" \/>\n\t<meta name=\"author\" content=\"El Digital de Asturias\"\/>\n\t<meta name=\"google-site-verification\" content=\"UA-38556648-1\" \/>\n\t<meta name=\"msvalidate.01\" content=\"7dfe9f3f1b24437ab69f4f2559babe99\" \/>\n\t<meta name=\"keywords\" content=\"actualidad\" \/>\n\t<link rel=\"canonical\" href=\"https:\/\/www.eldigitaldeasturias.com\/noticias\/prolongada-la-campana-de-verano-de-incendios-forestales\/\" \/>\n\t<meta name=\"generator\" content=\"All in One SEO Pro (AIOSEO) 5.0.1\" \/>\n\t\t<meta property=\"og:locale\" content=\"es_ES\" \/>\n\t\t<meta property=\"og:site_name\" content=\"El Digital de Asturias\" \/>\n\t\t<meta property=\"og:type\" content=\"article\" \/>\n\t\t<meta property=\"og:title\" content=\"Prolongada la campa\u00f1a de verano de incendios forestales - El Digital de Asturias\" \/>\n\t\t<meta property=\"og:description\" content=\"Ante la persistencia de las condiciones de sequ\u00eda y temperaturas elevadas durante el mes de octubre, el Ministerio de Agricultura y Pesca, Alimentaci\u00f3n y Medio Ambiente ha dispuesto la ampliaci\u00f3n del dispositivo de medios de extinci\u00f3n para apoyar a las comunidades aut\u00f3nomas en la lucha contra los incendios forestales. Se ha ampliado para ello el\" \/>\n\t\t<meta property=\"og:url\" content=\"https:\/\/www.eldigitaldeasturias.com\/noticias\/prolongada-la-campana-de-verano-de-incendios-forestales\/\" \/>\n\t\t<meta property=\"article:tag\" content=\"actualidad\" \/>\n\t\t<meta property=\"article:published_time\" content=\"2017-10-13T18:42:47+00:00\" \/>\n\t\t<meta property=\"article:modified_time\" content=\"2017-10-13T18:42:47+00:00\" \/>\n\t\t<meta property=\"article:publisher\" content=\"https:\/\/facebook.com\/eldigitaldeasturias\" \/>\n\t\t<meta name=\"twitter:card\" content=\"summary_large_image\" \/>\n\t\t<meta name=\"twitter:title\" content=\"Prolongada la campa\u00f1a de verano de incendios forestales - El Digital de Asturias\" \/>\n\t\t<meta name=\"twitter:description\" content=\"Ante la persistencia de las condiciones de sequ\u00eda y temperaturas elevadas durante el mes de octubre, el Ministerio de Agricultura y Pesca, Alimentaci\u00f3n y Medio Ambiente ha dispuesto la ampliaci\u00f3n del dispositivo de medios de extinci\u00f3n para apoyar a las comunidades aut\u00f3nomas en la lucha contra los incendios forestales. Se ha ampliado para ello el\" \/>\n\t\t<meta name=\"twitter:image\" content=\"https:\/\/www.eldigitaldeasturias.com\/noticias\/wp-content\/uploads\/2020\/12\/EDA-1.jpg\" \/>\n\t\t<meta name=\"twitter:label1\" content=\"Escrito por\" \/>\n\t\t<meta name=\"twitter:data1\" content=\"El Digital de Asturias\" \/>\n\t\t<meta name=\"twitter:label2\" content=\"Tiempo de lectura estimado\" \/>\n\t\t<meta name=\"twitter:data2\" content=\"1 minuto\" \/>\n\t\t<script type=\"application\/ld+json\" class=\"aioseo-schema\">\n\t\t\t{\"@context\":\"https:\\\/\\\/schema.org\",\"@graph\":[{\"@type\":\"BlogPosting\",\"@id\":\"https:\\\/\\\/www.eldigitaldeasturias.com\\\/noticias\\\/prolongada-la-campana-de-verano-de-incendios-forestales\\\/#blogposting\",\"name\":\"Prolongada la campa\\u00f1a de verano de incendios forestales - El Digital de Asturias\",\"headline\":\"Prolongada la campa\\u00f1a de verano de incendios forestales\",\"author\":{\"@id\":\"https:\\\/\\\/www.eldigitaldeasturias.com\\\/noticias\\\/author\\\/admin\\\/#author\"},\"publisher\":{\"@id\":\"https:\\\/\\\/www.eldigitaldeasturias.com\\\/noticias\\\/#organization\"},\"image\":{\"@type\":\"ImageObject\",\"url\":955940},\"datePublished\":\"2017-10-13T18:42:47+02:00\",\"dateModified\":\"2017-10-13T18:42:47+02:00\",\"inLanguage\":\"es-ES\",\"mainEntityOfPage\":{\"@id\":\"https:\\\/\\\/www.eldigitaldeasturias.com\\\/noticias\\\/prolongada-la-campana-de-verano-de-incendios-forestales\\\/#webpage\"},\"isPartOf\":{\"@id\":\"https:\\\/\\\/www.eldigitaldeasturias.com\\\/noticias\\\/prolongada-la-campana-de-verano-de-incendios-forestales\\\/#webpage\"},\"articleSection\":\"Actualidad\"},{\"@type\":\"BreadcrumbList\",\"@id\":\"https:\\\/\\\/www.eldigitaldeasturias.com\\\/noticias\\\/prolongada-la-campana-de-verano-de-incendios-forestales\\\/#breadcrumblist\",\"itemListElement\":[{\"@type\":\"ListItem\",\"@id\":\"https:\\\/\\\/www.eldigitaldeasturias.com\\\/noticias#listItem\",\"position\":1,\"name\":\"Home\",\"item\":\"https:\\\/\\\/www.eldigitaldeasturias.com\\\/noticias\",\"nextItem\":{\"@type\":\"ListItem\",\"@id\":\"https:\\\/\\\/www.eldigitaldeasturias.com\\\/noticias\\\/category\\\/actualidad\\\/#listItem\",\"name\":\"Actualidad\"}},{\"@type\":\"ListItem\",\"@id\":\"https:\\\/\\\/www.eldigitaldeasturias.com\\\/noticias\\\/category\\\/actualidad\\\/#listItem\",\"position\":2,\"name\":\"Actualidad\",\"item\":\"https:\\\/\\\/www.eldigitaldeasturias.com\\\/noticias\\\/category\\\/actualidad\\\/\",\"nextItem\":{\"@type\":\"ListItem\",\"@id\":\"https:\\\/\\\/www.eldigitaldeasturias.com\\\/noticias\\\/prolongada-la-campana-de-verano-de-incendios-forestales\\\/#listItem\",\"name\":\"Prolongada la campa\\u00f1a de verano de incendios forestales\"},\"previousItem\":{\"@type\":\"ListItem\",\"@id\":\"https:\\\/\\\/www.eldigitaldeasturias.com\\\/noticias#listItem\",\"name\":\"Home\"}},{\"@type\":\"ListItem\",\"@id\":\"https:\\\/\\\/www.eldigitaldeasturias.com\\\/noticias\\\/prolongada-la-campana-de-verano-de-incendios-forestales\\\/#listItem\",\"position\":3,\"name\":\"Prolongada la campa\\u00f1a de verano de incendios forestales\",\"previousItem\":{\"@type\":\"ListItem\",\"@id\":\"https:\\\/\\\/www.eldigitaldeasturias.com\\\/noticias\\\/category\\\/actualidad\\\/#listItem\",\"name\":\"Actualidad\"}}]},{\"@type\":\"Organization\",\"@id\":\"https:\\\/\\\/www.eldigitaldeasturias.com\\\/noticias\\\/#organization\",\"name\":\"El Digital de Asturias\",\"description\":\"Hemeroteca\",\"url\":\"https:\\\/\\\/www.eldigitaldeasturias.com\\\/noticias\\\/\",\"email\":\"info@eldigitaldeasturias.com\",\"telephone\":\"+34652131393\",\"logo\":{\"@type\":\"ImageObject\",\"url\":\"https:\\\/\\\/www.eldigitaldeasturias.com\\\/noticias\\\/wp-content\\\/uploads\\\/2020\\\/12\\\/EDA.jpg\",\"@id\":\"https:\\\/\\\/www.eldigitaldeasturias.com\\\/noticias\\\/prolongada-la-campana-de-verano-de-incendios-forestales\\\/#organizationLogo\"},\"image\":{\"@id\":\"https:\\\/\\\/www.eldigitaldeasturias.com\\\/noticias\\\/prolongada-la-campana-de-verano-de-incendios-forestales\\\/#organizationLogo\"},\"sameAs\":[\"https:\\\/\\\/facebook.com\\\/eldigitaldeasturias\",\"https:\\\/\\\/www.youtube.com\\\/channel\\\/UCZP-2wLEB9Rv6erhFmqVnvg\"],\"address\":{\"@id\":\"https:\\\/\\\/www.eldigitaldeasturias.com\\\/noticias\\\/#postaladdress\",\"@type\":\"PostalAddress\",\"streetAddress\":\"san antonio 4\",\"postalCode\":\"33430\",\"addressLocality\":\"Cand\\u00e1s\",\"addressRegion\":\"Asturias\",\"addressCountry\":\"ES\"}},{\"@type\":\"Person\",\"@id\":\"https:\\\/\\\/www.eldigitaldeasturias.com\\\/noticias\\\/author\\\/admin\\\/#author\",\"url\":\"https:\\\/\\\/www.eldigitaldeasturias.com\\\/noticias\\\/author\\\/admin\\\/\",\"name\":\"El Digital de Asturias\",\"image\":{\"@type\":\"ImageObject\",\"@id\":\"https:\\\/\\\/www.eldigitaldeasturias.com\\\/noticias\\\/prolongada-la-campana-de-verano-de-incendios-forestales\\\/#authorImage\",\"url\":\"https:\\\/\\\/secure.gravatar.com\\\/avatar\\\/df2aeffc32bcd13f8d26072ef8a91b623d677766deac7f97ca815868cd41bf5e?s=96&d=mm&r=g\",\"width\":96,\"height\":96,\"caption\":\"El Digital de Asturias\"}},{\"@type\":\"WebPage\",\"@id\":\"https:\\\/\\\/www.eldigitaldeasturias.com\\\/noticias\\\/prolongada-la-campana-de-verano-de-incendios-forestales\\\/#webpage\",\"url\":\"https:\\\/\\\/www.eldigitaldeasturias.com\\\/noticias\\\/prolongada-la-campana-de-verano-de-incendios-forestales\\\/\",\"name\":\"Prolongada la campa\\u00f1a de verano de incendios forestales - El Digital de Asturias\",\"description\":\"Ante la persistencia de las condiciones de sequ\\u00eda y temperaturas elevadas durante el mes de octubre, el Ministerio de Agricultura y Pesca, Alimentaci\\u00f3n y Medio Ambiente ha dispuesto la ampliaci\\u00f3n del dispositivo de medios de extinci\\u00f3n para apoyar a las comunidades aut\\u00f3nomas en la lucha contra los incendios forestales. Se ha ampliado para ello el\",\"inLanguage\":\"es-ES\",\"isPartOf\":{\"@id\":\"https:\\\/\\\/www.eldigitaldeasturias.com\\\/noticias\\\/#website\"},\"breadcrumb\":{\"@id\":\"https:\\\/\\\/www.eldigitaldeasturias.com\\\/noticias\\\/prolongada-la-campana-de-verano-de-incendios-forestales\\\/#breadcrumblist\"},\"author\":{\"@id\":\"https:\\\/\\\/www.eldigitaldeasturias.com\\\/noticias\\\/author\\\/admin\\\/#author\"},\"creator\":{\"@id\":\"https:\\\/\\\/www.eldigitaldeasturias.com\\\/noticias\\\/author\\\/admin\\\/#author\"},\"image\":{\"@type\":\"ImageObject\",\"url\":955940,\"@id\":\"https:\\\/\\\/www.eldigitaldeasturias.com\\\/noticias\\\/prolongada-la-campana-de-verano-de-incendios-forestales\\\/#mainImage\"},\"primaryImageOfPage\":{\"@id\":\"https:\\\/\\\/www.eldigitaldeasturias.com\\\/noticias\\\/prolongada-la-campana-de-verano-de-incendios-forestales\\\/#mainImage\"},\"datePublished\":\"2017-10-13T18:42:47+02:00\",\"dateModified\":\"2017-10-13T18:42:47+02:00\"},{\"@type\":\"WebSite\",\"@id\":\"https:\\\/\\\/www.eldigitaldeasturias.com\\\/noticias\\\/#website\",\"url\":\"https:\\\/\\\/www.eldigitaldeasturias.com\\\/noticias\\\/\",\"name\":\"El Digital de Asturias - Diario de actualidad y noticias\",\"alternateName\":\"El Digital de Asturias - Diario de actualidad y noticias\",\"description\":\"Hemeroteca\",\"inLanguage\":\"es-ES\",\"publisher\":{\"@id\":\"https:\\\/\\\/www.eldigitaldeasturias.com\\\/noticias\\\/#organization\"}}]}\n\t\t<\/script>\n\t\t<!-- All in One SEO Pro -->\r\n\t\t<title>Prolongada la campa\u00f1a de verano de incendios forestales - El Digital de Asturias<\/title>\n\n","aioseo_head_json":{"title":"Prolongada la campa\u00f1a de verano de incendios forestales - El Digital de Asturias","description":"Ante la persistencia de las condiciones de sequ\u00eda y temperaturas elevadas durante el mes de octubre, el Ministerio de Agricultura y Pesca, Alimentaci\u00f3n y Medio Ambiente ha dispuesto la ampliaci\u00f3n del dispositivo de medios de extinci\u00f3n para apoyar a las comunidades aut\u00f3nomas en la lucha contra los incendios forestales. Se ha ampliado para ello el","canonical_url":"https:\/\/www.eldigitaldeasturias.com\/noticias\/prolongada-la-campana-de-verano-de-incendios-forestales\/","robots":"max-image-preview:large","keywords":"actualidad","webmasterTools":{"google-site-verification":"UA-38556648-1","msvalidate.01":"7dfe9f3f1b24437ab69f4f2559babe99","miscellaneous":""},"schema":{"@context":"https:\/\/schema.org","@graph":[{"@type":"BlogPosting","@id":"https:\/\/www.eldigitaldeasturias.com\/noticias\/prolongada-la-campana-de-verano-de-incendios-forestales\/#blogposting","name":"Prolongada la campa\u00f1a de verano de incendios forestales - El Digital de Asturias","headline":"Prolongada la campa\u00f1a de verano de incendios forestales","author":{"@id":"https:\/\/www.eldigitaldeasturias.com\/noticias\/author\/admin\/#author"},"publisher":{"@id":"https:\/\/www.eldigitaldeasturias.com\/noticias\/#organization"},"image":{"@type":"ImageObject","url":955940},"datePublished":"2017-10-13T18:42:47+02:00","dateModified":"2017-10-13T18:42:47+02:00","inLanguage":"es-ES","mainEntityOfPage":{"@id":"https:\/\/www.eldigitaldeasturias.com\/noticias\/prolongada-la-campana-de-verano-de-incendios-forestales\/#webpage"},"isPartOf":{"@id":"https:\/\/www.eldigitaldeasturias.com\/noticias\/prolongada-la-campana-de-verano-de-incendios-forestales\/#webpage"},"articleSection":"Actualidad"},{"@type":"BreadcrumbList","@id":"https:\/\/www.eldigitaldeasturias.com\/noticias\/prolongada-la-campana-de-verano-de-incendios-forestales\/#breadcrumblist","itemListElement":[{"@type":"ListItem","@id":"https:\/\/www.eldigitaldeasturias.com\/noticias#listItem","position":1,"name":"Home","item":"https:\/\/www.eldigitaldeasturias.com\/noticias","nextItem":{"@type":"ListItem","@id":"https:\/\/www.eldigitaldeasturias.com\/noticias\/category\/actualidad\/#listItem","name":"Actualidad"}},{"@type":"ListItem","@id":"https:\/\/www.eldigitaldeasturias.com\/noticias\/category\/actualidad\/#listItem","position":2,"name":"Actualidad","item":"https:\/\/www.eldigitaldeasturias.com\/noticias\/category\/actualidad\/","nextItem":{"@type":"ListItem","@id":"https:\/\/www.eldigitaldeasturias.com\/noticias\/prolongada-la-campana-de-verano-de-incendios-forestales\/#listItem","name":"Prolongada la campa\u00f1a de verano de incendios forestales"},"previousItem":{"@type":"ListItem","@id":"https:\/\/www.eldigitaldeasturias.com\/noticias#listItem","name":"Home"}},{"@type":"ListItem","@id":"https:\/\/www.eldigitaldeasturias.com\/noticias\/prolongada-la-campana-de-verano-de-incendios-forestales\/#listItem","position":3,"name":"Prolongada la campa\u00f1a de verano de incendios forestales","previousItem":{"@type":"ListItem","@id":"https:\/\/www.eldigitaldeasturias.com\/noticias\/category\/actualidad\/#listItem","name":"Actualidad"}}]},{"@type":"Organization","@id":"https:\/\/www.eldigitaldeasturias.com\/noticias\/#organization","name":"El Digital de Asturias","description":"Hemeroteca","url":"https:\/\/www.eldigitaldeasturias.com\/noticias\/","email":"info@eldigitaldeasturias.com","telephone":"+34652131393","logo":{"@type":"ImageObject","url":"https:\/\/www.eldigitaldeasturias.com\/noticias\/wp-content\/uploads\/2020\/12\/EDA.jpg","@id":"https:\/\/www.eldigitaldeasturias.com\/noticias\/prolongada-la-campana-de-verano-de-incendios-forestales\/#organizationLogo"},"image":{"@id":"https:\/\/www.eldigitaldeasturias.com\/noticias\/prolongada-la-campana-de-verano-de-incendios-forestales\/#organizationLogo"},"sameAs":["https:\/\/facebook.com\/eldigitaldeasturias","https:\/\/www.youtube.com\/channel\/UCZP-2wLEB9Rv6erhFmqVnvg"],"address":{"@id":"https:\/\/www.eldigitaldeasturias.com\/noticias\/#postaladdress","@type":"PostalAddress","streetAddress":"san antonio 4","postalCode":"33430","addressLocality":"Cand\u00e1s","addressRegion":"Asturias","addressCountry":"ES"}},{"@type":"Person","@id":"https:\/\/www.eldigitaldeasturias.com\/noticias\/author\/admin\/#author","url":"https:\/\/www.eldigitaldeasturias.com\/noticias\/author\/admin\/","name":"El Digital de Asturias","image":{"@type":"ImageObject","@id":"https:\/\/www.eldigitaldeasturias.com\/noticias\/prolongada-la-campana-de-verano-de-incendios-forestales\/#authorImage","url":"https:\/\/secure.gravatar.com\/avatar\/df2aeffc32bcd13f8d26072ef8a91b623d677766deac7f97ca815868cd41bf5e?s=96&d=mm&r=g","width":96,"height":96,"caption":"El Digital de Asturias"}},{"@type":"WebPage","@id":"https:\/\/www.eldigitaldeasturias.com\/noticias\/prolongada-la-campana-de-verano-de-incendios-forestales\/#webpage","url":"https:\/\/www.eldigitaldeasturias.com\/noticias\/prolongada-la-campana-de-verano-de-incendios-forestales\/","name":"Prolongada la campa\u00f1a de verano de incendios forestales - El Digital de Asturias","description":"Ante la persistencia de las condiciones de sequ\u00eda y temperaturas elevadas durante el mes de octubre, el Ministerio de Agricultura y Pesca, Alimentaci\u00f3n y Medio Ambiente ha dispuesto la ampliaci\u00f3n del dispositivo de medios de extinci\u00f3n para apoyar a las comunidades aut\u00f3nomas en la lucha contra los incendios forestales. Se ha ampliado para ello el","inLanguage":"es-ES","isPartOf":{"@id":"https:\/\/www.eldigitaldeasturias.com\/noticias\/#website"},"breadcrumb":{"@id":"https:\/\/www.eldigitaldeasturias.com\/noticias\/prolongada-la-campana-de-verano-de-incendios-forestales\/#breadcrumblist"},"author":{"@id":"https:\/\/www.eldigitaldeasturias.com\/noticias\/author\/admin\/#author"},"creator":{"@id":"https:\/\/www.eldigitaldeasturias.com\/noticias\/author\/admin\/#author"},"image":{"@type":"ImageObject","url":955940,"@id":"https:\/\/www.eldigitaldeasturias.com\/noticias\/prolongada-la-campana-de-verano-de-incendios-forestales\/#mainImage"},"primaryImageOfPage":{"@id":"https:\/\/www.eldigitaldeasturias.com\/noticias\/prolongada-la-campana-de-verano-de-incendios-forestales\/#mainImage"},"datePublished":"2017-10-13T18:42:47+02:00","dateModified":"2017-10-13T18:42:47+02:00"},{"@type":"WebSite","@id":"https:\/\/www.eldigitaldeasturias.com\/noticias\/#website","url":"https:\/\/www.eldigitaldeasturias.com\/noticias\/","name":"El Digital de Asturias - Diario de actualidad y noticias","alternateName":"El Digital de Asturias - Diario de actualidad y noticias","description":"Hemeroteca","inLanguage":"es-ES","publisher":{"@id":"https:\/\/www.eldigitaldeasturias.com\/noticias\/#organization"}}]},"og:locale":"es_ES","og:site_name":"El Digital de Asturias","og:type":"article","og:title":"Prolongada la campa\u00f1a de verano de incendios forestales - El Digital de Asturias","og:description":"Ante la persistencia de las condiciones de sequ\u00eda y temperaturas elevadas durante el mes de octubre, el Ministerio de Agricultura y Pesca, Alimentaci\u00f3n y Medio Ambiente ha dispuesto la ampliaci\u00f3n del dispositivo de medios de extinci\u00f3n para apoyar a las comunidades aut\u00f3nomas en la lucha contra los incendios forestales. Se ha ampliado para ello el","og:url":"https:\/\/www.eldigitaldeasturias.com\/noticias\/prolongada-la-campana-de-verano-de-incendios-forestales\/","article:tag":["actualidad"],"article:published_time":"2017-10-13T18:42:47+00:00","article:modified_time":"2017-10-13T18:42:47+00:00","article:publisher":"https:\/\/facebook.com\/eldigitaldeasturias","twitter:card":"summary_large_image","twitter:title":"Prolongada la campa\u00f1a de verano de incendios forestales - El Digital de Asturias","twitter:description":"Ante la persistencia de las condiciones de sequ\u00eda y temperaturas elevadas durante el mes de octubre, el Ministerio de Agricultura y Pesca, Alimentaci\u00f3n y Medio Ambiente ha dispuesto la ampliaci\u00f3n del dispositivo de medios de extinci\u00f3n para apoyar a las comunidades aut\u00f3nomas en la lucha contra los incendios forestales. Se ha ampliado para ello el","twitter:image":"https:\/\/www.eldigitaldeasturias.com\/noticias\/wp-content\/uploads\/2020\/12\/EDA-1.jpg","twitter:label1":"Escrito por","twitter:data1":"El Digital de Asturias","twitter:label2":"Tiempo de lectura estimado","twitter:data2":"1 minuto"},"aioseo_meta_data":{"post_id":"955939","title":null,"description":null,"keywords":null,"keyphrases":null,"primary_term":null,"canonical_url":null,"og_title":null,"og_description":null,"og_object_type":"default","og_image_type":"default","og_image_url":null,"og_image_width":null,"og_image_height":null,"og_image_custom_url":null,"og_image_custom_fields":null,"og_video":null,"og_custom_url":null,"og_article_section":null,"og_article_tags":null,"twitter_use_og":false,"twitter_card":"default","twitter_image_type":"default","twitter_image_url":null,"twitter_image_custom_url":null,"twitter_image_custom_fields":null,"twitter_title":null,"twitter_description":null,"schema":{"blockGraphs":[],"customGraphs":[],"default":{"data":{"Article":[],"Course":[],"Dataset":[],"FAQPage":[],"Movie":[],"Person":[],"Product":[],"ProductReview":[],"Car":[],"Recipe":[],"Service":[],"SoftwareApplication":[],"WebPage":[]},"graphName":"","isEnabled":true},"graphs":[],"defaultGraph":"","defaultPostTypeGraph":""},"schema_type":null,"schema_type_options":null,"pillar_content":false,"robots_default":true,"robots_noindex":false,"robots_noarchive":false,"robots_nosnippet":false,"robots_nofollow":false,"robots_noimageindex":false,"robots_noodp":false,"robots_notranslate":false,"robots_max_snippet":null,"robots_max_videopreview":null,"robots_max_imagepreview":"large","priority":null,"frequency":null,"local_seo":null,"seo_analyzer_scan_date":"2025-12-06 11:54:12","breadcrumb_settings":null,"limit_modified_date":false,"open_ai":null,"ai":null,"created":"2020-12-21 12:56:05","updated":"2025-12-06 11:54:12","focus_keyword":null,"additional_keywords":null,"truseo_locale":null},"aioseo_breadcrumb":"<div class=\"aioseo-breadcrumbs\"><span class=\"aioseo-breadcrumb\">\n\t<a href=\"https:\/\/www.eldigitaldeasturias.com\/noticias\" title=\"Home\">Home<\/a>\n<\/span><span class=\"aioseo-breadcrumb-separator\">\u2013<\/span><span class=\"aioseo-breadcrumb\">\n\t<a href=\"https:\/\/www.eldigitaldeasturias.com\/noticias\/category\/actualidad\/\" title=\"Actualidad\">Actualidad<\/a>\n<\/span><span class=\"aioseo-breadcrumb-separator\">\u2013<\/span><span class=\"aioseo-breadcrumb\">\n\t<a href=\"https:\/\/www.eldigitaldeasturias.com\/noticias\/prolongada-la-campana-de-verano-de-incendios-forestales\/\" title=\"Prolongada la campa\u00f1a de verano de incendios forestales\">Prolongada la campa\u00f1a de verano de incendios forestales<\/a>\n<\/span><\/div>","aioseo_breadcrumb_json":[{"label":"Home","link":"https:\/\/www.eldigitaldeasturias.com\/noticias"},{"label":"Actualidad","link":"https:\/\/www.eldigitaldeasturias.com\/noticias\/category\/actualidad\/"},{"label":"Prolongada la campa\u00f1a de verano de incendios forestales","link":"https:\/\/www.eldigitaldeasturias.com\/noticias\/prolongada-la-campana-de-verano-de-incendios-forestales\/"}],"_links":{"self":[{"href":"https:\/\/www.eldigitaldeasturias.com\/noticias\/wp-json\/wp\/v2\/posts\/955939","targetHints":{"allow":["GET"]}}],"collection":[{"href":"https:\/\/www.eldigitaldeasturias.com\/noticias\/wp-json\/wp\/v2\/posts"}],"about":[{"href":"https:\/\/www.eldigitaldeasturias.com\/noticias\/wp-json\/wp\/v2\/types\/post"}],"author":[{"embeddable":true,"href":"https:\/\/www.eldigitaldeasturias.com\/noticias\/wp-json\/wp\/v2\/users\/1"}],"replies":[{"embeddable":true,"href":"https:\/\/www.eldigitaldeasturias.com\/noticias\/wp-json\/wp\/v2\/comments?post=955939"}],"version-history":[{"count":0,"href":"https:\/\/www.eldigitaldeasturias.com\/noticias\/wp-json\/wp\/v2\/posts\/955939\/revisions"}],"wp:attachment":[{"href":"https:\/\/www.eldigitaldeasturias.com\/noticias\/wp-json\/wp\/v2\/media?parent=955939"}],"wp:term":[{"taxonomy":"category","embeddable":true,"href":"https:\/\/www.eldigitaldeasturias.com\/noticias\/wp-json\/wp\/v2\/categories?post=955939"},{"taxonomy":"post_tag","embeddable":true,"href":"https:\/\/www.eldigitaldeasturias.com\/noticias\/wp-json\/wp\/v2\/tags?post=955939"}],"curies":[{"name":"wp","href":"https:\/\/api.w.org\/{rel}","templated":true}]}}